{"id":9960,"date":"2025-03-05T17:41:15","date_gmt":"2025-03-05T16:41:15","guid":{"rendered":"http:\/\/www.emiliosilveravazquez.com\/blog\/?p=9960"},"modified":"2025-03-05T17:40:37","modified_gmt":"2025-03-05T16:40:37","slug":"la-libertad-es-una-ficcion-cerebral","status":"publish","type":"post","link":"https:\/\/www.emiliosilveravazquez.com\/blog\/2025\/03\/05\/la-libertad-es-una-ficcion-cerebral\/","title":{"rendered":"La libertad es una ficci\u00f3n cerebral"},"content":{"rendered":"<h2><\/h2>\n<h2><img decoding=\"async\" src=\"https:\/\/img.freepik.com\/fotos-premium\/organos-internos-humanos-realistas-incluyen-cerebro-corazon-rinones-pulmones_1292509-6371.jpg?w=360\" alt=\"Los \u00f3rganos internos humanos realistas incluyen el cerebro, el coraz\u00f3n, los ri\u00f1ones y los pulmones. | Imagen Premium generada con IA\" \/><img decoding=\"async\" loading=\"lazy\" class=\"\" src=\"https:\/\/www.kenhub.com\/thumbor\/o-IV-I_lRvyOVhQM7eV0G4N9l0o=\/fit-in\/413x413\/filters:fill(FFFFFF,true):watermark(\/images\/watermark_only_413.png,0,0,0):watermark(\/images\/logo_url_sm.png,-10,-10,0):format(jpeg)\/images\/anatomy_term\/glandula-suprarenalis-dextra-2\/Gp5W28qst9jGPqJAWb4Ehw_Glandula_suprarenalis_dextra_01.png\" alt=\"Ri\u00f1ones: Anatom\u00eda, funci\u00f3n y estructura interna | Kenhub\" width=\"353\" height=\"353\" \/><img decoding=\"async\" loading=\"lazy\" class=\"\" src=\"https:\/\/media.losandes.com.ar\/p\/7b107a4f52ccd520388e0e46926b5561\/adjuntos\/368\/imagenes\/100\/598\/0100598014\/471x264\/smart\/este-estudio-pionero-desencadena-nuevas-investigaciones-la-complejidad-del-cerebro-humano-y-subraya-la-importancia-considerar-el-factor-genero-la-comprension-la-salud-mental-y-neurologica.jpg\" alt=\"cerebro - Los Andes | Periodismo de verdad\" width=\"405\" height=\"227\" \/><img decoding=\"async\" loading=\"lazy\" class=\"\" src=\"https:\/\/i.pinimg.com\/originals\/29\/81\/b6\/2981b665f673660c2cf31f7f030a8bb9.gif\" alt=\"giphy.gif (470\u00d7470)\" width=\"227\" height=\"227\" \/><\/h2>\n<blockquote>\n<h2 style=\"text-align: justify;\">Si hablamos de libertas en el m\u00e1s amplio sentido, lo primero que debemos comprender es que, no podremos tener libertad mientras estemos supeditados a un cuerpo material y un amplio conjunto de estructuras complejas que rigen nuestro Ser.<\/h2>\n<p>&nbsp;<\/p><\/blockquote>\n<p><img decoding=\"async\" src=\"https:\/\/www.clarin.com\/img\/2024\/07\/10\/V_ycKev_O_600x600__1.jpg\" alt=\"Rituales para conectar con tu gu\u00eda espiritual\" \/><\/p>\n<blockquote>\n<h2 style=\"text-align: justify;\">Siendo solo esp\u00edritu podr\u00edamos desplazarnos a cualquier lugar (no importa lo lejos que est\u00e9), contemplar acontecimientos y sucesos del Universo que siendo mortal nos resultan inimaginables. Y, adem\u00e1s, gozar\u00edamos de la Inmortalidad y de la verdadera libertad.<\/h2>\n<p>&nbsp;<\/p><\/blockquote>\n<p><img decoding=\"async\" loading=\"lazy\" class=\"\" src=\"https:\/\/i0.wp.com\/fernandovasquezrodriguez.com\/wp-content\/uploads\/2018\/09\/tomasz-alen-kopera.jpg?ssl=1\" alt=\"Abrazos | Fernando V\u00e1squez Rodr\u00edguez\" width=\"486\" height=\"486\" \/><img decoding=\"async\" loading=\"lazy\" class=\"\" src=\"https:\/\/www.supermasymas.com\/blog\/wp-content\/uploads\/2021\/01\/Plantilla_wp_destacado_1000x700.png\" alt=\"Hemos echado mucho de menos los abrazos, pero \u00bfconoces sus beneficios? | masymas supermercados\" width=\"490\" height=\"343\" \/><\/p>\n<p>&nbsp;<\/p>\n<h2 style=\"text-align: justify;\">Me paro un momento a pensar en tal posibilidad, y, de inmediato, me traslado a ese escenario inmaterial, en el que no podr\u00eda abrazar a mi Ser amado, ni acariciar a mis hijos, ni teni\u00e9ndolo &#8220;todo&#8221;, no podr\u00eda gozar de esos privilegios. Me recorre un escalofr\u00edo, y, si ese es el precio de la Libertad&#8230; \u00a1Me niego a ser libre!<\/h2>\n<p>&nbsp;<\/p>\n<p><img decoding=\"async\" loading=\"lazy\" class=\"\" src=\"https:\/\/i.blogs.es\/da634d\/bjmhadeiyaaqmme\/450_1000.webp\" alt=\"El calendario c\u00f3smico, como ser\u00eda la historia del universo si la comprimimos en un a\u00f1o\" width=\"554\" height=\"294\" \/><\/p>\n<p>&nbsp;<\/p>\n<h2 style=\"text-align: justify;\">El Tiempo &#8220;naci\u00f3&#8221; en el mismo instante que lo hizo el Universo<\/h2>\n<p>&nbsp;<\/p>\n<p style=\"text-align: justify;\">Es curioso que esta misma ma\u00f1ana, me encuentro con un viejo amigo, y, me comenta, que ha estado repasando algunos de los trabajos publicados en este Blog, y, se ha parado a discernir sobre los variados informes, opiniones, art\u00edculos, libros, conferencias que, sobre lo que entienden por TIEMPO los Grandes Fil\u00f3sofos, Pensadores, F\u00edsicos&#8230; Y nunca ninguno de ellos dio una respuesta satisfactoria y completa de lo que el Tiempo es.<\/p>\n<blockquote>\n<ul>\n<li><strong>\u00bfQu\u00e9 crees tu que puede ser el Tiempo?<\/strong><\/li>\n<li><strong>Me qued\u00e9 pensando un momento antes de contestar, y, rechazando las hip\u00f3tesis m\u00e1s conocidas, le contest\u00e9:<\/strong><\/li>\n<\/ul>\n<\/blockquote>\n<p>&nbsp;<\/p>\n<p><img decoding=\"async\" loading=\"lazy\" class=\"\" src=\"https:\/\/s3.abcstatics.com\/media\/ciencia\/2022\/01\/19\/bigbang-k2wC--1248x698@abc.jpg\" alt=\"C\u00f3mo pudo surgir de la nada el Big Bang?\" width=\"688\" height=\"385\" \/><\/p>\n<ul>\n<li style=\"text-align: justify;\"><strong>Si algo tengo claro es que, el Tiempo &#8220;naci\u00f3, en el mismo instante que lo hizo el Universo, y siendo as\u00ed (que lo es), mi \u00fanica contestaci\u00f3n (mi intelecto no dar\u00eda para mucho mas\u00b4), es que el Tiempo es&#8230;<\/strong><\/li>\n<li><strong>\u00a1El \u00danico Testigo!<\/strong><\/li>\n<li><strong>\u00bfEl \u00fanico testigo de qu\u00e9?<\/strong><\/li>\n<li style=\"text-align: justify;\"><strong>Pues de todo lo acaecido desde aquel primer segundo, el Tiempo podr\u00eda ser el \u00fanico cronista que nos podr\u00eda contar todo lo sucedido desde aquel primer instante y los sucesos posteriores incluidos los de la aparici\u00f3n de la Vida con todo lo que ello implica<\/strong>.<\/li>\n<li><strong>Mi amigo, se toca la barbilla pensativo, y, responde.<\/strong><\/li>\n<li><strong>Buena manera de eludir la pregunta y salirse por la tangente.<\/strong><\/li>\n<\/ul>\n<p><strong>Claro que Yo, aunque la intenci\u00f3n era la apuntada por mi amigo, en cierta manera s\u00ed pensaban que eso era el Tiempo, adem\u00e1s ser lo que posibilit\u00f3&#8230;<\/strong><\/p>\n<p>&nbsp;<\/p>\n<p><img decoding=\"async\" src=\"https:\/\/i0.wp.com\/astrogredos.com\/wp-content\/uploads\/2016\/10\/ciclo-de-vida-de-una-estrella.jpg?resize=570%2C320&amp;ssl=1\" alt=\"Estrellas, que son y como evolucionan. \u2013 Astro Gredos\" \/><\/p>\n<blockquote>\n<p style=\"text-align: justify;\"><strong>El nacimiento, vida y muerte de las estrellas, fusionando durante miles de millones de a\u00f1os los elementos sencillos en otros m\u00e1s complejos hasta conseguir los que conforman la Vida.<\/strong><\/p>\n<p>&nbsp;<\/p><\/blockquote>\n<p><img decoding=\"async\" loading=\"lazy\" class=\"\" src=\"https:\/\/i.makeagif.com\/media\/2-14-2017\/GhM1io.gif\" alt=\"Video crecimiento de una planta on Make a GIF\" width=\"663\" height=\"497\" \/><\/p>\n<blockquote><p><strong>Su transcurrir permite que crezcan las plantas<\/strong><\/p>\n<p>&nbsp;<\/p><\/blockquote>\n<p><img decoding=\"async\" src=\"https:\/\/i1.sndcdn.com\/artworks-000388867758-i7x7dy-t500x500.jpg\" alt=\"Stream QUIENES SOMOS DE DONDE VENIMOS A DONDE VAMOS by Jordi Bastos | Listen online for free on SoundCloud\" \/><\/p>\n<blockquote><p><strong>Que las especies evolucionaran y la especie humana alcanzara la facultad de la palara y del sentido de Ser. Otros seres podr\u00edan tener &#8220;pensamientos&#8221; primarios que nunca llegaron a cristalizar en lo que se conoce como sentido com\u00fan de la conciencia.<\/strong><\/p><\/blockquote>\n<p>&nbsp;<\/p>\n<h2 style=\"text-align: justify;\">Me pas\u00f3 de nuevo, \u00bfno estaba\u00a0 hablando de lo que, con respecto a nosotros, entendemos por libertad y si realmente existe?<\/h2>\n<p>&nbsp;<\/p>\n<h2 style=\"text-align: justify;\"><img decoding=\"async\" loading=\"lazy\" class=\"\" src=\"https:\/\/banderag.files.wordpress.com\/2012\/03\/ley.png\" alt=\"La libertad es una ficci\u00f3n cerebral : Blog de Emilio Silvera V.\" width=\"634\" height=\"274\" \/><\/h2>\n<h3 style=\"text-align: justify;\">Estamos determinados, como el resto del Universo, por las leyes naturales<\/h3>\n<p>&nbsp;<\/p>\n<p>&nbsp;<\/p>\n<p><img decoding=\"async\" loading=\"lazy\" class=\"\" src=\"https:\/\/carbonilla.wordpress.com\/wp-content\/uploads\/2012\/04\/prisionero-2.png\" alt=\"Ser\u00e1 la libertad s\u00f3lo una ficci\u00f3n? (2) |\" width=\"248\" height=\"184\" \/><img decoding=\"async\" src=\"https:\/\/encrypted-tbn0.gstatic.com\/images?q=tbn:ANd9GcSvWcD0RzMnsmzZxn8IsOe5uS_iv27vFhNUOg&amp;s\" alt=\"Historia del matrimonio - La Croix en espa\u00f1ol\" \/><img decoding=\"async\" loading=\"lazy\" class=\"\" src=\"https:\/\/upload.wikimedia.org\/wikipedia\/commons\/thumb\/3\/3d\/Wedding_rings.jpg\/640px-Wedding_rings.jpg\" alt=\"Matrimonio - Wikipedia, la enciclopedia libre\" width=\"524\" height=\"393\" \/><\/p>\n<blockquote>\n<p style=\"text-align: justify;\"><strong>Perdemos la Libertad de muchas maneras, nos sujetan cadenas virtuales dif\u00edciles de romper , y, la mayor parte de las veces, la perdemos de manera voluntaria, hay cadenas que nos sujetan con el placer que nos puede dar el Amor, el Trabajo, la Familia&#8230;.<\/strong><\/p>\n<\/blockquote>\n<p>&nbsp;<\/p>\n<p style=\"text-align: justify;\">&#8220;La libertad es una ficci\u00f3n cerebral, seg\u00fan confirman las \u00faltimas investigaciones sobre neurociencias. Estas investigaciones han determinado que la actividad cerebral previa a un movimiento, realizado por el sujeto en un tiempo por \u00e9l elegido, es muy anterior (hasta 10 segundos) a la impresi\u00f3n subjetiva del propio sujeto de que va a realizar ese movimiento. Y aunque la falta de libertad es algo contraintuitivo, los experimentos indican que estamos determinados por las leyes de la Naturaleza. Por eso en Alemania algunos especialistas est\u00e1n reclamando la revisi\u00f3n del c\u00f3digo penal para adecuarlo a los resultados de la neurociencia. Y aunque sigamos encarcelando a los que violen las leyes, \u00bfcambiar\u00e1 la imagen que tenemos tanto de esos criminales como de nosotros mismos?&#8221;<\/p>\n<p>&nbsp;<\/p>\n<p><img decoding=\"async\" loading=\"lazy\" class=\"\" src=\"https:\/\/ifeelonline.com\/wp-content\/uploads\/2021\/02\/aziz-acharki-U3C79SeHa7k-unsplash-1.jpg\" alt=\"C\u00f3mo podemos controlar los impulsos? \u00bb ifeel\" width=\"533\" height=\"286\" \/><img decoding=\"async\" loading=\"lazy\" class=\"\" src=\"https:\/\/st4.depositphotos.com\/1000423\/27473\/i\/450\/depositphotos_274730872-stock-photo-jumping-over-precipice-challenge-concept.jpg\" alt=\"Im\u00e1genes de Salto al abismo libres de derechos | Depositphotos\" width=\"525\" height=\"350\" \/><\/p>\n<p style=\"text-align: justify;\"><strong>\u00a0\u00a0\u00a0\u00a0\u00a0\u00a0 No siempre podemos dominar los impulsos de la mente. Algunos impulsos&#8230;<\/strong><\/p>\n<p style=\"text-align: justify;\">No pocas veces, nuestras mentes se ven abocadas a tener que retener, ese primer impulso, esa iniciativa de libertad, o, de libre albedr\u00edo. La complejidad en la que estamos inmersos nos proh\u00edbe, en la mayor parte de las ocasiones, poder desarrollar y poner en pr\u00e1ctica ese \u201cestado de libertad\u201d que \u00bfnos fue dado? pero que, en realidad, podr\u00eda ser una ficci\u00f3n de la mente. Decidir lo que se dice decidir&#8230;, como todo en el universo, es algo limitado.<\/p>\n<p>&nbsp;<\/p>\n<p><img decoding=\"async\" src=\"https:\/\/bindi-online.com\/wp-content\/uploads\/2019\/04\/velas-en-movimiento-significado.gif\" alt=\"Simplemente una vela...| P\u00e1gina 40 | Farmerama ES\" \/><\/p>\n<blockquote><p><strong>Su resplandor no destierra nuestra ignorancia<\/strong><\/p><\/blockquote>\n<p style=\"text-align: justify;\">Claro que pretender que la llama de una vela ilumine nuestra ignorancia\u2026, no ser\u00e1 posible y necesitaremos algo m\u00e1s. La evoluci\u00f3n de nuestra especie (llevamos cientos de miles de a\u00f1os evolucionando), es lenta y hasta alcanzar el estadio de \u201cvisi\u00f3n\u201d perfecta del mundo, nos queda un largo camino por recorrer.<\/p>\n<p>&nbsp;<\/p>\n<p><img decoding=\"async\" loading=\"lazy\" class=\"\" src=\"https:\/\/www.i-cpan.es\/media\/sm.jpg\" alt=\"Por qu\u00e9 existen 12 part\u00edculas elementales y no otro n\u00famero? | CPAN - Centro Nacional de F\u00edsica de Part\u00edculas, Astropart\u00edculas y Nuclear\" width=\"487\" height=\"737\" \/><\/p>\n<p><img decoding=\"async\" loading=\"lazy\" class=\"\" src=\"https:\/\/www.blinklearning.com\/useruploads\/ctx\/a\/83995850\/r\/s\/21099340\/Imagen3.png?idcurso=1249799\" alt=\"Blink Activity | BlinkLearning\" width=\"482\" height=\"302\" \/><img decoding=\"async\" loading=\"lazy\" class=\"\" src=\"https:\/\/cdn.goconqr.com\/uploads\/media\/image\/33408291\/desktop_3f096c4d-9ad2-4fea-8381-96493a479ad8.jpg\" alt=\"Las mol\u00e9culas | Flashcards\" width=\"484\" height=\"254\" \/><\/p>\n<p>&nbsp;<\/p>\n<p style=\"text-align: justify;\">Sabemos (casi) de que est\u00e1 hecha la materia que podemos ver y detectar, suponemos y sospechamos que otra materia (m\u00e1s abundante) pulula por todo el Universo sin que podamos encontrarla, sospechamos de otras dimensiones, de otros universos y, desde luego, de otra F\u00edsica. S\u00ed, es verdad, todas son sospechas y, las sospechas en F\u00edsica\u2026tienen que ser demostradas, ya que, en caso contrario, se quedan en nada, en pensamientos vac\u00edos.<\/p>\n<p>&nbsp;<\/p>\n<blockquote><p><img decoding=\"async\" loading=\"lazy\" class=\"\" src=\"https:\/\/encrypted-tbn0.gstatic.com\/images?q=tbn:ANd9GcTa4MoDx78qKGIoXP0mfz3B8bXGYd25kItgtg&amp;s\" alt=\"La ignorancia ilustrada\" width=\"536\" height=\"308\" \/><\/p>\n<p style=\"text-align: justify;\">Tambi\u00e9n nuestra ignorancia es una especie de prisi\u00f3n que no nos permite pensar en posesi\u00f3n del conocimiento, nos pasamos la vida plantando preguntas que nadie sabe contestar. Y, al no poder pensar en posesi\u00f3n del conocimiento, nos vemos obligados a conjeturar sobre lo que podr\u00eda ser, encerrado en ese Mar de Ignorancia que no nos hace libre.<\/p>\n<\/blockquote>\n<p style=\"text-align: justify;\">Sospecho que, nuestros conocimientos de la mente\u2026son muy limitados y que, todo esto, nos viene grande. Mientras sigamos preguntando: <strong>\u00bfQui\u00e9nes somos? \u00bfDe d\u00f3nde venimos? \u00bfHacia d\u00f3nde vamos?<\/strong> \u00bf<strong>Estamos solos en el Universo?<\/strong> Estamos dejando al descubierto nuestra gran ignorancia pero, el simple hecho de preguntar y de querer saber\u2026nos pone en el camino correcto.<\/p>\n<p style=\"text-align: justify;\"><strong>Emilio Silvera V\u00e1zquez<\/strong><\/p>\n<div class='bookmark'>\r\n\t\t<table align='left' border='0' cellpadding='0' width='100%'>\r\n\t\t<tr><td><span class='pushbutton'><a href='http:\/\/delicious.com\/post?url=https%3A%2F%2Fwww.emiliosilveravazquez.com%2Fblog%2F2025%2F03%2F05%2Fla-libertad-es-una-ficcion-cerebral%2F&amp;title=La+libertad+es+una+ficci%C3%B3n+cerebral' title='Delicious' target='_blank' rel='nofollow'><img src='https:\/\/www.emiliosilveravazquez.com\/blog\/wp-content\/plugins\/knxdt-bookmarks-wordpress-plugin\/images\/delicious.png'  alt='' class='book_img' border='none' style='margin:1px; padding: 0;'  \/><\/a><\/span><span class='pushbutton'><a href='http:\/\/digg.com\/submit?url=https%3A%2F%2Fwww.emiliosilveravazquez.com%2Fblog%2F2025%2F03%2F05%2Fla-libertad-es-una-ficcion-cerebral%2F&amp;title=La+libertad+es+una+ficci%C3%B3n+cerebral' title='Digg' target='_blank' rel='nofollow'><img src='https:\/\/www.emiliosilveravazquez.com\/blog\/wp-content\/plugins\/knxdt-bookmarks-wordpress-plugin\/images\/digg.png'  alt='' class='book_img' border='none' style='margin:1px; padding: 0;'  \/><\/a><\/span><span class='pushbutton'><a href='http:\/\/www.google.com\/bookmarks\/mark?op=edit&amp;bkmk=https%3A%2F%2Fwww.emiliosilveravazquez.com%2Fblog%2F2025%2F03%2F05%2Fla-libertad-es-una-ficcion-cerebral%2F&amp;title=La+libertad+es+una+ficci%C3%B3n+cerebral' title='Google' target='_blank' rel='nofollow'><img src='https:\/\/www.emiliosilveravazquez.com\/blog\/wp-content\/plugins\/knxdt-bookmarks-wordpress-plugin\/images\/google.png'   alt='' class='book_img' border='none' style='margin:1px; padding: 0;'  \/><\/a><\/span><span class='pushbutton'><a href='http:\/\/myweb2.search.yahoo.com\/myresults\/bookmarklet?u=https%3A%2F%2Fwww.emiliosilveravazquez.com%2Fblog%2F2025%2F03%2F05%2Fla-libertad-es-una-ficcion-cerebral%2F&amp;t=La+libertad+es+una+ficci%C3%B3n+cerebral' title='Yahoo' target='_blank' rel='nofollow'><img src='https:\/\/www.emiliosilveravazquez.com\/blog\/wp-content\/plugins\/knxdt-bookmarks-wordpress-plugin\/images\/yahoo.png'  alt='' class='book_img' border='none' style='margin:1px; padding: 0;'  \/><\/a><\/span><span class='pushbutton'><a href='http:\/\/www.technorati.com\/faves?add=https%3A%2F%2Fwww.emiliosilveravazquez.com%2Fblog%2F2025%2F03%2F05%2Fla-libertad-es-una-ficcion-cerebral%2F' title='Technorati' target='_blank' rel='nofollow'><img src='https:\/\/www.emiliosilveravazquez.com\/blog\/wp-content\/plugins\/knxdt-bookmarks-wordpress-plugin\/images\/technorati.png'  alt='' class='book_img' border='none' style='margin:1px; padding: 0;'  \/><\/a><\/span><span class='pushbutton'><a href='http:\/\/meneame.net\/submit.php?url=https%3A%2F%2Fwww.emiliosilveravazquez.com%2Fblog%2F2025%2F03%2F05%2Fla-libertad-es-una-ficcion-cerebral%2F' title='Meneame' target='_blank' rel='nofollow'><img src='https:\/\/www.emiliosilveravazquez.com\/blog\/wp-content\/plugins\/knxdt-bookmarks-wordpress-plugin\/images\/meneame.png'  alt='' class='book_img' border='none' style='margin:1px; padding: 0;'  \/><\/a><\/span><span class='pushbutton'><a href='http:\/\/enchilame.com\/submit.php?url=https:\/\/www.emiliosilveravazquez.com\/blog\/2025\/03\/05\/la-libertad-es-una-ficcion-cerebral\/' target='_blank' rel='nofollow'><img title='Enchilame' src='https:\/\/www.emiliosilveravazquez.com\/blog\/wp-content\/plugins\/knxdt-bookmarks-wordpress-plugin\/images\/enchilame.png'  alt='' class='book_img' border='none' style='margin:1px; padding: 0;'  \/><\/a><\/span><span class='pushbutton'><a href='http:\/\/www.blinklist.com\/index.php?Action=Blink\/addblink.php&amp;Description=&amp;Url=https%3A%2F%2Fwww.emiliosilveravazquez.com%2Fblog%2F2025%2F03%2F05%2Fla-libertad-es-una-ficcion-cerebral%2F&amp;title=La+libertad+es+una+ficci%C3%B3n+cerebral' title='BlinkList' target='_blank' rel='nofollow'><img src='https:\/\/www.emiliosilveravazquez.com\/blog\/wp-content\/plugins\/knxdt-bookmarks-wordpress-plugin\/images\/blinklist.png'  alt='' class='book_img' border='none' style='margin:1px; padding: 0;'  \/><\/a><\/span><span class='pushbutton'><a href='http:\/\/reddit.com\/submit?url=https%3A%2F%2Fwww.emiliosilveravazquez.com%2Fblog%2F2025%2F03%2F05%2Fla-libertad-es-una-ficcion-cerebral%2F&amp;title=La+libertad+es+una+ficci%C3%B3n+cerebral' title='Reddit' target='_blank' rel='nofollow'><img src='https:\/\/www.emiliosilveravazquez.com\/blog\/wp-content\/plugins\/knxdt-bookmarks-wordpress-plugin\/images\/reddit.png'  alt='' class='book_img' border='none' style='margin:1px; padding: 0;'  \/><\/a><\/span><span class='pushbutton'><a href='http:\/\/www.tecnologiadiaria.com\/2009\/07\/abrir-com-hotmail-correo.html' target='_blank' title='hotmail'><img src='https:\/\/www.emiliosilveravazquez.com\/blog\/wp-content\/plugins\/knxdt-bookmarks-wordpress-plugin\/images\/linklove.png' alt='hotmail correo' class='book_img' border='none' style='margin:1px; padding: 0;' \/><\/a><\/span><span class='pushbutton'><a href='http:\/\/bitacoras.com\/votar\/anotacion\/externo\/mini\/www.emiliosilveravazquez.com\/blog\/2025\/03\/05\/la-libertad-es-una-ficcion-cerebral\/' title='Bitacoras.com' target='_blank' rel='nofollow'><img src='https:\/\/www.emiliosilveravazquez.com\/blog\/wp-content\/plugins\/knxdt-bookmarks-wordpress-plugin\/images\/bitacoras.png'  alt='' class='book_img' border='none' style='margin:1px; padding: 0;'  \/><\/a><\/span><span class='pushbutton'><a href='http:\/\/www.wikio.es\/vote?url=https%3A%2F%2Fwww.emiliosilveravazquez.com%2Fblog%2F2025%2F03%2F05%2Fla-libertad-es-una-ficcion-cerebral%2F' title='Wikio' target='_blank' rel='nofollow'><img src='https:\/\/www.emiliosilveravazquez.com\/blog\/wp-content\/plugins\/knxdt-bookmarks-wordpress-plugin\/images\/wikio.png'   alt='' class='book_img' border='none' style='margin:1px; padding: 0;'   \/><\/a><\/span><span class='pushbutton'><a href='http:\/\/friendfeed.com\/?url=https%3A%2F%2Fwww.emiliosilveravazquez.com%2Fblog%2F2025%2F03%2F05%2Fla-libertad-es-una-ficcion-cerebral%2F&amp;title=La+libertad+es+una+ficci%C3%B3n+cerebral' title='Friend Feed' target='_blank' rel='nofollow'><img src='https:\/\/www.emiliosilveravazquez.com\/blog\/wp-content\/plugins\/knxdt-bookmarks-wordpress-plugin\/images\/friendfeed.png'  alt='' class='book_img' border='none' style='margin:1px; padding: 0;'  \/><\/a><\/span><span class='pushbutton'><a href='http:\/\/www.facebook.com\/share.php?u=https%3A%2F%2Fwww.emiliosilveravazquez.com%2Fblog%2F2025%2F03%2F05%2Fla-libertad-es-una-ficcion-cerebral%2F&amp;t=La+libertad+es+una+ficci%C3%B3n+cerebral' title='Facebook' target='_blank' rel='nofollow'><img src='https:\/\/www.emiliosilveravazquez.com\/blog\/wp-content\/plugins\/knxdt-bookmarks-wordpress-plugin\/images\/facebook.png'  alt='' class='book_img' border='none' style='margin:1px; padding: 0;'  \/><\/a><\/span><span class='pushbutton'><a href='http:\/\/twitter.com\/home?status=La+libertad+es+una+ficci%C3%B3n+cerebral: https%3A%2F%2Fwww.emiliosilveravazquez.com%2Fblog%2F2025%2F03%2F05%2Fla-libertad-es-una-ficcion-cerebral%2F' title='Twitter' target='_blank' rel='nofollow'><img src='https:\/\/www.emiliosilveravazquez.com\/blog\/wp-content\/plugins\/knxdt-bookmarks-wordpress-plugin\/images\/twitter.png'  alt='' class='book_img' border='none' style='margin:1px; padding: 0;'  \/><\/a><\/span><span class='pushbutton'><a href='http:\/\/www.feedburner.com\/fb\/a\/emailFlare?itemTitle=La+libertad+es+una+ficci%C3%B3n+cerebral&amp;uri=https%3A%2F%2Fwww.emiliosilveravazquez.com%2Fblog%2F2025%2F03%2F05%2Fla-libertad-es-una-ficcion-cerebral%2F' title='Enviar por Email' target='_blank' rel='nofollow'><img src='https:\/\/www.emiliosilveravazquez.com\/blog\/wp-content\/plugins\/knxdt-bookmarks-wordpress-plugin\/images\/email.png'  alt='' class='book_img' border='none' style='margin:1px; padding: 0;'  \/><\/a><\/span><span style='font-weight:bold; padding-left: 5px;'><a href='http:\/\/wordpress.org\/extend\/plugins\/knxdt-bookmarks-wordpress-plugin\/' title='Plugin' rel='nofollow' target='_blank'>[?]<\/a><\/span><\/td><\/tr><\/table><br\/><br\/><\/div>","protected":false},"excerpt":{"rendered":"<p>Si hablamos de libertas en el m\u00e1s amplio sentido, lo primero que debemos comprender es que, no podremos tener libertad mientras estemos supeditados a un cuerpo material y un amplio conjunto de estructuras complejas que rigen nuestro Ser. &nbsp; Siendo solo esp\u00edritu podr\u00edamos desplazarnos a cualquier lugar (no importa lo lejos que est\u00e9), contemplar acontecimientos [&hellip;]<\/p>\n","protected":false},"author":2,"featured_media":0,"comment_status":"open","ping_status":"open","sticky":false,"template":"","format":"standard","meta":{"_s2mail":"yes","footnotes":""},"categories":[266],"tags":[],"_links":{"self":[{"href":"https:\/\/www.emiliosilveravazquez.com\/blog\/wp-json\/wp\/v2\/posts\/9960"}],"collection":[{"href":"https:\/\/www.emiliosilveravazquez.com\/blog\/wp-json\/wp\/v2\/posts"}],"about":[{"href":"https:\/\/www.emiliosilveravazquez.com\/blog\/wp-json\/wp\/v2\/types\/post"}],"author":[{"embeddable":true,"href":"https:\/\/www.emiliosilveravazquez.com\/blog\/wp-json\/wp\/v2\/users\/2"}],"replies":[{"embeddable":true,"href":"https:\/\/www.emiliosilveravazquez.com\/blog\/wp-json\/wp\/v2\/comments?post=9960"}],"version-history":[{"count":0,"href":"https:\/\/www.emiliosilveravazquez.com\/blog\/wp-json\/wp\/v2\/posts\/9960\/revisions"}],"wp:attachment":[{"href":"https:\/\/www.emiliosilveravazquez.com\/blog\/wp-json\/wp\/v2\/media?parent=9960"}],"wp:term":[{"taxonomy":"category","embeddable":true,"href":"https:\/\/www.emiliosilveravazquez.com\/blog\/wp-json\/wp\/v2\/categories?post=9960"},{"taxonomy":"post_tag","embeddable":true,"href":"https:\/\/www.emiliosilveravazquez.com\/blog\/wp-json\/wp\/v2\/tags?post=9960"}],"curies":[{"name":"wp","href":"https:\/\/api.w.org\/{rel}","templated":true}]}}