{"id":7305,"date":"2025-03-09T07:07:26","date_gmt":"2025-03-09T06:07:26","guid":{"rendered":"http:\/\/www.emiliosilveravazquez.com\/blog\/?p=7305"},"modified":"2025-03-09T07:07:38","modified_gmt":"2025-03-09T06:07:38","slug":"%c2%a1el-origen-del-universo-%c2%bfcomo-puedo-saberlo-yo","status":"publish","type":"post","link":"https:\/\/www.emiliosilveravazquez.com\/blog\/2025\/03\/09\/%c2%a1el-origen-del-universo-%c2%bfcomo-puedo-saberlo-yo\/","title":{"rendered":"\u00bfEl Origen del Universo? \u00bfC\u00f3mo puedo saberlo yo?"},"content":{"rendered":"<p style=\"text-align: justify;\">\n<p>&nbsp;<\/p>\n<p><img decoding=\"async\" loading=\"lazy\" class=\"\" src=\"https:\/\/scontent.fsvq2-2.fna.fbcdn.net\/v\/t39.30808-6\/469606138_1150074840013925_8564602878942086964_n.jpg?_nc_cat=102&amp;ccb=1-7&amp;_nc_sid=127cfc&amp;_nc_ohc=FaA80F6iTVAQ7kNvgFzNYWm&amp;_nc_oc=AdjbdJ0EFVnV2ebMWTJ4_97rNJIFDrmujl-XeR65yo73_Hgan0PB8DRHZfXQwwFvdGg&amp;_nc_zt=23&amp;_nc_ht=scontent.fsvq2-2.fna&amp;_nc_gid=AflfKPQsotIQsxeLOh53I2W&amp;oh=00_AYH6HR-oU-DhnSqZXUm3J3MIG4wm5NWJhg1gzOadtibU0A&amp;oe=67D2EEEB\" alt=\"No hay ninguna descripci\u00f3n de la foto disponible.\" width=\"638\" height=\"803\" \/><\/p>\n<p>&nbsp;<\/p>\n<p style=\"text-align: justify;\"><strong>\u00bfD\u00f3nde estabas t\u00fa cuando yo puse los cimientos de la Tierra? Dilo si tienes entendimiento. Claro que a esta pregunta, lo \u00fanico que podr\u00edamos contestar ser\u00eda: \u00bfQui\u00e9n sabe realmente? La especulaci\u00f3n sobre el origen del universo es una vieja actividad humana que est\u00e1 sin resolver, ya que, pretendemos saber algo que no sabemos si lleg\u00f3 a ocurrir, toda vez que incluso, podr\u00eda ser, que el universo est\u00e9 aqu\u00ed desde siempre. Y, si lleg\u00f3 como algo nuevo, tampoco sabemos, a ciencia cierta, c\u00f3mo y de d\u00f3nde lo hizo. Pero, nosotros, los humanos, no dejamos de especular con esta cuesti\u00f3n de compleja resoluci\u00f3n y dejamos volar nuestra imaginaci\u00f3n en forma de conjeturas y teor\u00edas que, no siempre son el fiel reflejo de lo que pudo pasar que, de momento, permanece en el m\u00e1s profundo anonimato.<\/strong><\/p>\n<p>&nbsp;<\/p>\n<p><img decoding=\"async\" loading=\"lazy\" class=\"\" src=\"https:\/\/images.ctfassets.net\/ryyxnl71lrgc\/21GsBcCF4xiCRWIBqqMKEx\/23334d4eb9be17c4514fa85d7798eaca\/polvodeestrellas.jpg?w=850&amp;fm=jpg&amp;fl=progressive&amp;q=75\" alt=\"Imagen cabecera Estamos interconectados: somos part\u00edculas estelares \" width=\"640\" height=\"486\" \/><\/p>\n<p>&nbsp;<\/p>\n<p style=\"text-align: justify;\">Somos parte del Universo (\u00bfestaremos ente unas de las que piensan?, todo lo que somos surgi\u00f3 despu\u00e9s de que las estrellas, estuvieran fusionando, durante diez mil millones de a\u00f1os,\u00a0 los materiales de los que estamos hechos. Desde entonces, estamos conectados al Universo inmenso mediante los hilos invisibles de la Gravedad y el electromagnetismo, y, como estamos conformados por \u00e1tomos, tambi\u00e9n en nosotros est\u00e1n presentes las fuerza nucleares d\u00e9biles y fuerte.<\/p>\n<p>&nbsp;<\/p>\n<p><img decoding=\"async\" loading=\"lazy\" class=\"\" src=\"https:\/\/pijamasurf.com\/wp-content\/uploads\/10.208.149.45\/uploads\/2016\/04\/Screen-shot-2016-04-13-at-11.46.59-AM.png\" alt=\"Tendr\u00e1 Memoria el Universo? : Blog de Emilio Silvera V.\" width=\"573\" height=\"321\" \/><\/p>\n<p>A veces mirando la inmensidad estrellada de la noche, me he preguntado: \u00bfSab\u00eda el Universo que \u00edbamos a venir?<\/p>\n<p style=\"text-align: justify;\">\n<p style=\"text-align: justify;\">Claro que, la Humanidad y el Universo est\u00e1n tan juntos, tan conectados que, ser\u00eda imposible que no hablaran de \u00e9l, y, sobre todo, que no trataran de saber su comienzo (si es que lo hubo) y, hurgar en su din\u00e1mica para poder entender nuestra presencia aqu\u00ed junto con las estrellas de las que procedemos y de las galaxias que son las villas del Universo que alojan a cientos de millones de mundos habitados que, como la Tierra, tienen otras criaturas que tambi\u00e9n, ellas se preguntan por el principio y el final para poder conocer sus destinos.<\/p>\n<p>&nbsp;<\/p>\n<p><img decoding=\"async\" loading=\"lazy\" class=\"\" src=\"https:\/\/www.muyinteresante.com\/wp-content\/uploads\/sites\/5\/2022\/12\/27\/63aad2751986a.jpeg\" alt=\"Surgi\u00f3 el universo de una fluctuaci\u00f3n del vac\u00edo?\" width=\"636\" height=\"424\" \/><img decoding=\"async\" src=\"https:\/\/images.theconversation.com\/files\/441375\/original\/file-20220118-19-yizlz0.jpeg?ixlib=rb-4.1.0&amp;rect=17%2C0%2C5734%2C3992&amp;q=20&amp;auto=format&amp;w=320&amp;fit=clip&amp;dpr=2&amp;usm=12&amp;cs=strip\" alt=\"C\u00f3mo pudo surgir de la nada el Big Bang?\" \/><\/p>\n<p>&nbsp;<\/p>\n<p style=\"text-align: justify;\">Algunos nos dicen que el Universo surgi\u00f3 de la &#8220;Nada&#8221; y, est\u00e1 claro que la Nada no puede existir y, si surgi\u00f3 es porque hab\u00eda, con lo cual, la Nada queda invalidada. Pero, si hubo un suceso de creaci\u00f3n, \u00bfQu\u00e9 duda nos puede caber de que tuvo que haber una causa? Lo cierto es que, en las distintas teor\u00edas de la &#8220;creaci\u00f3n&#8221; del universo, existen muchas reservas.<\/p>\n<p>&nbsp;<\/p>\n<p><img decoding=\"async\" src=\"https:\/\/www.unav.edu\/documents\/6709261\/30629855\/Science-and-Religion.jpg\" alt=\"El Big Bang y la Creaci\u00f3n. Grupo Ciencia, Raz\u00f3n y Fe (CRYF). Universidad de  Navarra\" \/><\/p>\n<p>Cada persona imagina las cosas de una manera, \u00bfQu\u00e9 mundo ser\u00eda este si todos pens\u00e1ramos iguales?<\/p>\n<p style=\"text-align: justify;\">No obstante tales reservas, unos pocos cient\u00edficos trataron de investigar la cuesti\u00f3n de c\u00f3mo pudo haberse originado el universo, aunque admitiendo que sus esfuerzos quiz\u00e1s eran &#8220;prematuros&#8221;, como dijo Weinberg con suavidad. En el mejor de los casos, contemplado con una mirada alentadora, el trabajo realizado hasta el momento, parece haber encendido una l\u00e1mpara en la antesala de la g\u00e9nesis. Lo que all\u00ed qued\u00f3 iluminado era muy extra\u00f1o, pero era, en todo caso, estimulante. No cab\u00eda descubrir algo familiar en las mismas fuentes de la creaci\u00f3n.<\/p>\n<p>&nbsp;<\/p>\n<p style=\"text-align: justify;\"><img decoding=\"async\" loading=\"lazy\" id=\"irc_mi\" class=\"\" style=\"margin-top: 0px;\" src=\"http:\/\/www.awesomestories.com\/images\/user\/a806f11bc4.jpg\" alt=\"\" width=\"512\" height=\"512\" \/><\/p>\n<p>&nbsp;<\/p>\n<p style=\"text-align: justify;\">Hemos podido contemplar como en la Nebulosa del \u00c1guila nacen nuevas estrellas masivas. Sin embargo, no hemos llegado a poder saber, con certeza como surgi\u00f3 el Universo entero y de d\u00f3nde y porqu\u00e9 lo hizo para conformar un vasto espacio-tiempo lleno de materia que evolucionar\u00eda hasta poder conformar las estrellas y los mundos en enormes galaxias, y, en esos mundos, pudieron surgir criaturas que, conscientes de SER, llegaron desde un nivel animal rudimentario, hasta los m\u00e1s sofisticados pensamientos que les hicieron preguntarse: \u00bfQui\u00e9nes somos, de d\u00f3nde venimos, hacia d\u00f3nde vamos? Y, esas preguntas, realizadas 14.000 millones de a\u00f1os despu\u00e9s del comienzo del tiempo, y\u00a0 junto a la pregunta del origen del Universo, todav\u00eda, no han podido ser contestadas. Nuestro intelecto evoluciona pero, sus l\u00edmites son patentes.<\/p>\n<p>&nbsp;<\/p>\n<p><iframe loading=\"lazy\" title=\"El Universo en Palabras I \/ III - M16: La nebulosa del Aguila\" width=\"500\" height=\"281\" src=\"https:\/\/www.youtube.com\/embed\/iGncLeZvxxg?feature=oembed\" frameborder=\"0\" allow=\"accelerometer; autoplay; clipboard-write; encrypted-media; gyroscope; picture-in-picture; web-share\" referrerpolicy=\"strict-origin-when-cross-origin\" allowfullscreen><\/iframe><\/p>\n<p>&nbsp;<\/p>\n<p style=\"text-align: justify;\">Una estrella que se forma en la Nebulosa comienza siendo <a href=\"#\" onclick=\"referencia('protoestrella',event); return false;\">protoestrella<\/a>s y, cuando entra en la secuencia principal, brilla durante miles de millones de a\u00f1os durante los cuales crea nuevos elementos a partir del m\u00e1s sencillo, el Hidr\u00f3geno. Los cambios de fase que se producen por fusi\u00f3n en el horno nuclear de las estrellas, son los que han permitido que existieran los materiales necesarios para la qu\u00edmica de la vida que, al menos hasta donde sabemos, no apareci\u00f3 en nuestro planeta Tierra, hasta hace unos 4.o0o millones de a\u00f1os, y, desde entonces, ha estado evolucionando para que ahora, nosotros, podamos preguntas, por el origen del universo.<\/p>\n<p>&nbsp;<\/p>\n<p><img decoding=\"async\" loading=\"lazy\" class=\"\" src=\"https:\/\/images.ecestaticos.com\/CDgw3LzcoOqttcFY8U9mrvH0Cd0=\/0x0:638x479\/1440x1080\/filters:fill(white):format(jpg)\/f.elconfidencial.com%2Foriginal%2F40e%2F491%2F989%2F40e49198941ff81cd6e6b76c8c7356de.jpg\" alt=\"Cient\u00edficos crean una 'm\u00e1quina cu\u00e1ntica' capaz de recrear el fin del  universo\" width=\"694\" height=\"520\" \/><\/p>\n<p style=\"text-align: justify;\">\n<blockquote>\n<h2 class=\"landscapePhotoFull__subTitle\" style=\"text-align: justify;\">Un equipo de investigadores ha usado una \u201cm\u00e1quina cu\u00e1ntica\u201d para estudiar un catastr\u00f3fico suceso espacial que podr\u00eda cambiar la estructura del universo por completo.<\/h2>\n<p style=\"text-align: justify;\">&#8220;Una teor\u00eda de la f\u00edsica cu\u00e1ntica de hace 50 a\u00f1os sugiere que el universo podr\u00eda estar atrapado en el llamado <em>falso vac\u00edo,<\/em>\u00a0un entorno aparentemente estable, y que estar a punto de pasar a un\u00a0<em>vac\u00edo verdadero<\/em>\u00a0que lo har\u00eda a\u00fan m\u00e1s estable. Ahora,\u00a0<a href=\"https:\/\/www.leeds.ac.uk\/research-32\/news\/article\/5724\/quantum-machine-offers-peek-into-dance-of-cosmic-bubbles\" target=\"_self\" rel=\"nofollow noopener\" data-mrf-link=\"https:\/\/www.leeds.ac.uk\/research-32\/news\/article\/5724\/quantum-machine-offers-peek-into-dance-of-cosmic-bubbles\">un equipo internacional de cient\u00edficos\u00a0<\/a>acaba de publicar un estudio en la prestigiosa revista Nature en el que simulan lo que suceder\u00eda en caso de producirse este cambio. La mala noticia es que provocar\u00eda\u00a0<strong>una modificaci\u00f3n radical de la estructura del universo que tendr\u00eda efectos catastr\u00f3ficos<\/strong><strong>.<\/strong> La buena es que es probable que se produzca a lo largo de un periodo que podr\u00eda abarcar millones de a\u00f1os.&#8221;<\/p>\n<p>Fuente: Noticias en El Confidencial.<\/p><\/blockquote>\n<p>&nbsp;<\/p>\n<p><img decoding=\"async\" loading=\"lazy\" class=\"\" src=\"https:\/\/1.bp.blogspot.com\/_DvHSK-p7zDo\/SMoSdK2YGmI\/AAAAAAAAAmk\/N5zXJWf0VhM\/s320\/LHC.jpg\" alt=\"Estamos tratando de recrear la creaci\u00f3n : Blog de Emilio Silvera V.\" width=\"508\" height=\"340\" \/><\/p>\n<p>&nbsp;<\/p>\n<blockquote>\n<p style=\"text-align: justify;\"><strong>\u00bfTratamos de re-crear la Creaci\u00f3n? No resultar\u00e1 al final de todos estos intentos, que seremos los responsables de nuestra propia destrucci\u00f3n? La ansiedad por saber y la enorme ignorancia que arrastramos con nosotros&#8230; \u00a1Alg\u00fan d\u00eda nos dar\u00e1 un gran susto!<\/strong><\/p>\n<p style=\"text-align: justify;\">Me ha venido a la memoria una noticia que le\u00ed, no hace tanto tiempo, en un Bolet\u00edn de la RSEF, se refer\u00eda a nuevas y ambiciosas iniciativas en el campo de la F\u00edsica para tratar de recrear los primeros instantes del Universo, y, sobre todo, de desvelar los secretos que esconde la materia que, seg\u00fan parece y a pesar de los muchos avances conseguidos&#8230; \u00a1A\u00fan no conocemos!<\/p>\n<p style=\"text-align: justify;\"><strong>La Noticia, del a\u00f1o pasado,\u00a0 dec\u00eda:<\/strong><\/p>\n<\/blockquote>\n<p>&nbsp;<\/p>\n<p><img decoding=\"async\" loading=\"lazy\" class=\"\" src=\"https:\/\/cdn.forbes.pe\/2022\/07\/CERN-PEXELS.jpg\" alt=\"Origen del universo: se cumplen diez a\u00f1os de la \u201cPart\u00edcula de Dios\u201d\" width=\"682\" height=\"383\" \/><\/p>\n<blockquote>\n<blockquote>\n<p style=\"text-align: justify;\">\u201cEuropa construir\u00e1 un acelerador tres veces mayor que el LHC.\u00a0 Aunque el LHC seguir\u00e1 funcionando por lo menos durante dos d\u00e9cadas m\u00e1s, Europa ya empieza a pensar en su sucesor: un enorme colisionador con una circunferencia de 100 km (frente a los 27 del LHC) y capaz de alcanzar una energ\u00eda de 100 TeV, siete veces superior a los 14 TeV a los que puede llegar, como m\u00e1ximo, el LHC. Tras alcanzar el hito de detectar el <a href=\"http:\/\/www.emiliosilveravazquez.com\/blog\/2014\/03\/29\/estamos-tratando-de-recrear-la-creacion\/#\">bos\u00f3n<\/a> de <a href=\"http:\/\/www.emiliosilveravazquez.com\/blog\/2014\/03\/29\/estamos-tratando-de-recrear-la-creacion\/#\"><a href=\"#\" onclick=\"referencia('higgs',event); return false;\">Higgs<\/a><\/a>, el LHC est\u00e1 apagado para llevar a cabo tareas de mantenimiento y no volver\u00e1 a funcionar hasta 2015. El Modelo Est\u00e1ndar incluye a todos los componentes fundamentales de la materia ordinaria pero no dice nada de la <a href=\"http:\/\/www.emiliosilveravazquez.com\/blog\/2014\/03\/29\/estamos-tratando-de-recrear-la-creacion\/#\"><a href=\"#\" onclick=\"referencia('materia oscura',event); return false;\">materia oscura<\/a><\/a> ni de la energ\u00eda oscura. \u201cTenemos muchas esperanzas de que cuando el LHC funcione el a\u00f1o que viene a su m\u00e1ximo nivel de energ\u00eda podamos tener un primer atisbo de lo que es la <a href=\"http:\/\/www.emiliosilveravazquez.com\/blog\/2014\/03\/29\/estamos-tratando-de-recrear-la-creacion\/#\"><a href=\"#\" onclick=\"referencia('materia oscura',event); return false;\">materia oscura<\/a><\/a>. Y a partir de ah\u00ed determinar los objetivos del pr\u00f3ximo gran colisionador\u201d, dice <strong>Heuer<\/strong>, Director del CERN.\u201d<\/p>\n<\/blockquote>\n<p>Ya estamos en 2.025, y el LHC ha comenzado sus preparativos a mayor energ\u00eda para tratar de buscar esa dichosa <strong>&#8220;<a href=\"#\" onclick=\"referencia('materia oscura',event); return false;\">materia oscura<\/a>&#8221;<\/strong> de la que todo el mundo habla y de la que nadie sabe decir, a ciencia cierta, de qu\u00e9 est\u00e1 hecha, c\u00f3mo surgi\u00f3, por qu\u00e9 no emite radiaci\u00f3n y s\u00ed gravedad&#8230;<\/p>\n<p style=\"text-align: justify;\">Est\u00e1 bien que no dejemos de avanzar y sigamos buscando aquello que desconocemos. La Naturaleza esconde muchos secretos que tratamos de desvelar\u00a0 y, la hipot\u00e9tica \u201c<a href=\"http:\/\/www.emiliosilveravazquez.com\/blog\/2014\/03\/29\/estamos-tratando-de-recrear-la-creacion\/#\"><a href=\"#\" onclick=\"referencia('materia oscura',event); return false;\">materia oscura<\/a><\/a>\u201d podr\u00eda ser uno de ellos. Hablamos y hablamos sobre algo que no sabemos si en realidad ser\u00e1. Tampoco sabemos de que pueda estar conformada, de d\u00f3nde surgi\u00f3 y por qu\u00e9, y,\u00a0 si emite o genera fuerza gravitatoria por qu\u00e9 no emite radiaci\u00f3n. En fin, un misterio que ser\u00eda bueno resolver. Est\u00e1 claro que algo debe haber, una especie de sustancia c\u00f3smica que impregna todo el Espacio, es la \u00fanica manera de explicarse como pudieron formarse las galaxias.<\/p>\n<p style=\"text-align: justify;\"><strong>\u00a1100 TeV! \u00a1100 Km de di\u00e1metro!<\/strong><\/p>\n<\/blockquote>\n<p>&nbsp;<\/p>\n<p><img decoding=\"async\" loading=\"lazy\" class=\"\" src=\"https:\/\/s1.abcstatics.com\/media\/ciencia\/2019\/01\/17\/fcc_collider_1024-kqSG--1248x698@abc.jpg\" alt=\"Europa planea la construcci\u00f3n de un \u00abmonstruoso\u00bb acelerador de part\u00edculas  m\u00e1s largo que el canal de Panam\u00e1\" width=\"703\" height=\"393\" \/><\/p>\n<p>&nbsp;<\/p>\n<blockquote>\n<p style=\"text-align: justify;\">Si cuando se acercaba la hora de puesta en marcha del LHC salieron m\u00faltiples organizaciones planteando protestas de todo tipo, incluso alguna se atrevi\u00f3 a decir que el Acelerador ten\u00eda tanta energ\u00eda que crear\u00eda un <a href=\"http:\/\/www.emiliosilveravazquez.com\/blog\/2014\/03\/29\/estamos-tratando-de-recrear-la-creacion\/#\"><a href=\"#\" onclick=\"referencia('agujero negro',event); return false;\">agujero negro<\/a><\/a> que se tragar\u00eda a la Tierra. \u00bfQu\u00e9 dir\u00e1n ahora del fututo Acelerador? Seguramente, habr\u00e1 mucha m\u00e1s algarab\u00eda, protestas y un sin fin de manifestaciones de todo tipo. Sin embargo, el futuro\u2026 \u00a1Es imparable!<\/p>\n<\/blockquote>\n<div>\n<h2 style=\"text-align: justify;\"><a href=\"http:\/\/www.emiliosilveravazquez.com\/blog\/2014\/03\/29\/somos-parte-del-universo-%c2%a1la-que-piensa-2\/\" rel=\"prev\">Somos parte del Universo \u00a1La que piensa!<\/a><\/h2>\n<\/div>\n<div style=\"text-align: justify;\">\n<div><a href=\"http:\/\/www.emiliosilveravazquez.com\/blog\/2014\/03\/30\/el-universo-y-la-vida-%c2%a1nuestra-imaginacion\/\" rel=\"next\">El Universo y la Vida\u2026 \u00a1Nuestra imaginaci\u00f3n!<\/a><\/div>\n<div><\/div>\n<\/div>\n<p style=\"text-align: justify;\">Los cient\u00edficos han imaginado y han puesto sobre la mesa para su estudio, dos hip\u00f3tesis, la llamada g\u00e9nesis del vac\u00edo, y la otra, g\u00e9nesis cu\u00e1ntica y ambas, parec\u00edan indicar mejor lo que el futuro cercano pod\u00eda deparar al conocimiento humano sobre el origen del Universo.<\/p>\n<p style=\"text-align: justify;\">La G\u00e9nesis de vac\u00edo: El problema central de la cosmolog\u00eda es explicar como algo surge de la nada. Por &#8220;algo&#8221; entendemos la totalidad de la materia y la energ\u00eda, el Espacio y el Tiempo: el universo que habitamos. Pero la cuesti\u00f3n de lo que significa NADA es m\u00e1s sutil. En la ciencia cl\u00e1sica, &#8220;nada&#8221; era un vac\u00edo, el espacio vac\u00edo que hay entre dos part\u00edculas de materia. Pero esta concepci\u00f3n siempre planteaba problemas, como lo atestigua la prolongada indagaci\u00f3n sobre si el espacio estana lleno de \u00e9ter, y en todo caso no sobrevivi\u00f3 al advenimiento de la f\u00edsica cu\u00e1ntica.<\/p>\n<p>&nbsp;<\/p>\n<p><iframe loading=\"lazy\" title=\"\u00bfQu\u00e9 son las part\u00edculas virtuales? | El vac\u00edo cu\u00e1ntico\" width=\"500\" height=\"281\" src=\"https:\/\/www.youtube.com\/embed\/lA462nyESUA?feature=oembed\" frameborder=\"0\" allow=\"accelerometer; autoplay; clipboard-write; encrypted-media; gyroscope; picture-in-picture; web-share\" referrerpolicy=\"strict-origin-when-cross-origin\" allowfullscreen><\/iframe><\/p>\n<p>&nbsp;<\/p>\n<p style=\"text-align: justify;\">El <strong>vac\u00edo cu\u00e1ntico<\/strong> nunca es realmente vac\u00edo, sino que resoba de part\u00edculas <strong>&#8220;virtuales&#8221;<\/strong>. Las part\u00edculas virtuales pueden ser concebidas como la posibilidad esbozada por el <a href=\"#\" onclick=\"referencia('indeterminacion principio de',event); return false;\">principio de indeterminaci\u00f3n<\/a> de Heisenberg de que una part\u00edcula &#8220;real&#8221; llegue en un tiempo determinado a un lugar determinado. Como las siluetas que salen de pronto en un campo de tiro policial, representan no s\u00f3lo lo que es sino tambi\u00e9n lo que podr\u00eda ser. Desde el punto de vista de la f\u00edsica cu\u00e1ntica, toda part\u00edcula &#8220;real&#8221; est\u00e1 rodeada por una corona de part\u00edculas y antipart\u00edculas virtuales que borbotean del vac\u00edo, interaccionan unas con otras y luego desaparecen.<\/p>\n<p>&nbsp;<\/p>\n<p style=\"text-align: justify;\"><img decoding=\"async\" loading=\"lazy\" class=\"\" src=\"http:\/\/francisthemulenews.files.wordpress.com\/2008\/02\/dibujo26ene2008a.jpg\" alt=\"http:\/\/francisthemulenews.files.wordpress.com\/2008\/02\/dibujo26ene2008a.jpg\" width=\"445\" height=\"611\" \/><\/p>\n<p style=\"text-align: justify;\">Las ondas fluct\u00faan de forma aleatoria e impredecible, con energ\u00eda positiva moment\u00e1neamente aqu\u00ed, energ\u00eda negativa moment\u00e1neamente all\u00ed, y energ\u00eda cero en promedio. El aspecto de part\u00edcula est\u00e1 incorporado en el concepto de part\u00edculas virtuales, es decir, part\u00edculas que pueden nacer en pares (dos part\u00edculas a un tiempo), viviendo temporalmente de la energ\u00eda fluctuacional tomada prestada de regiones \u201cvecinas\u201d del espacio, y que luego se aniquilan y desaparecen, devolviendo la energ\u00eda a esas regiones \u201cvecinas\u201d. Si hablamos de fluctuaciones electromagn\u00e9ticas del vac\u00edo, las part\u00edculas virtuales son <a href=\"http:\/\/www.emiliosilveravazquez.com\/blog\/2012\/08\/06\/gravedad-cuantica-fluctuaciones-de-vacio\/\"><a href=\"#\" onclick=\"referencia('foton',event); return false;\">fotones<\/a><\/a> virtuales; en el caso de fluctuaciones de la gravedad en el vac\u00edo, son <a href=\"http:\/\/www.emiliosilveravazquez.com\/blog\/2012\/08\/06\/gravedad-cuantica-fluctuaciones-de-vacio\/\"><a href=\"#\" onclick=\"referencia('graviton',event); return false;\">gravitones<\/a><\/a> virtuales.<\/p>\n<p>&nbsp;<\/p>\n<p><img decoding=\"async\" loading=\"lazy\" class=\"\" src=\"https:\/\/fotografias.larazon.es\/clipping\/cmsimages02\/2024\/10\/22\/0AE4FFE8-E42C-4501-A92C-837F857C56B8\/representacion-ilustrativa-tunel-cuantico-contexto-fisica-teorica-esta-representacion-visual-ilustra-concepto-exposicion-particulas-tunelizacion-cuant_98.jpg?crop=3763,2117,x15,y0&amp;width=1900&amp;height=1069&amp;optimize=low&amp;format=webply\" alt=\"Energ\u00eda del vac\u00edo: crear electricidad de la nada, \u00bfes posible?\" width=\"575\" height=\"323\" \/><\/p>\n<p>&nbsp;<\/p>\n<p style=\"text-align: justify;\">Claro que, en realidad, sabemos poco de esas regiones vecinas de las que tales fluctuaciones toman la energ\u00eda. \u00bfQu\u00e9 es lo que hay all\u00ed? \u00bfEst\u00e1 en esa regi\u00f3n la tan buscada part\u00edcula de <a href=\"http:\/\/www.emiliosilveravazquez.com\/blog\/2012\/08\/06\/gravedad-cuantica-fluctuaciones-de-vacio\/\"><a href=\"#\" onclick=\"referencia('higgs',event); return false;\">Higgs<\/a><\/a>? Sabemos que las fluctuaciones de vac\u00edo son, para las ondas electromagn\u00e9ticas y gravitatorias, lo que los movimientos de degeneraci\u00f3n claustrof\u00f3bicos son para los <a href=\"http:\/\/www.emiliosilveravazquez.com\/blog\/2012\/08\/06\/gravedad-cuantica-fluctuaciones-de-vacio\/\">electrones<\/a>. Si confinamos un <a href=\"http:\/\/www.emiliosilveravazquez.com\/blog\/2012\/08\/06\/gravedad-cuantica-fluctuaciones-de-vacio\/\">electr\u00f3n<\/a> a una peque\u00f1a regi\u00f3n del espacio, entonces, por mucho que uno trate de frenarlo y detenerlo, el <a href=\"http:\/\/www.emiliosilveravazquez.com\/blog\/2012\/08\/06\/gravedad-cuantica-fluctuaciones-de-vacio\/\">electr\u00f3n<\/a> est\u00e1 obligado por las leyes de la mec\u00e1nica cu\u00e1ntica a continuar movi\u00e9ndose aleatoriamente, de forma impredecible. Este movimiento de degeneraci\u00f3n claustrof\u00f3bico que produce la presi\u00f3n mediante la que una estrella <a href=\"http:\/\/www.emiliosilveravazquez.com\/blog\/2012\/08\/06\/gravedad-cuantica-fluctuaciones-de-vacio\/\"><a href=\"#\" onclick=\"referencia('enana blanca',event); return false;\">enana blanca<\/a><\/a> se mantiene contra su propia compresi\u00f3n gravitatoria o, en el mismo caso, la degeneraci\u00f3n de <a href=\"http:\/\/www.emiliosilveravazquez.com\/blog\/2012\/08\/06\/gravedad-cuantica-fluctuaciones-de-vacio\/\">neutrones<\/a> mantiene estable a la estrella de <a href=\"http:\/\/www.emiliosilveravazquez.com\/blog\/2012\/08\/06\/gravedad-cuantica-fluctuaciones-de-vacio\/\">neutrones<\/a>, que obligada por la fuerza que se genera de la degeneraci\u00f3n de los <a href=\"http:\/\/www.emiliosilveravazquez.com\/blog\/2012\/08\/06\/gravedad-cuantica-fluctuaciones-de-vacio\/\">neutrones<\/a>, es posible frenar la enorme fuerza de gravedad que est\u00e1 comprimiendo la estrella.<\/p>\n<p style=\"text-align: justify;\">Una cosa s\u00ed sabemos, las reglas que gobiernan la existencia de las part\u00edculas virtuales se hallan establecidas por el <a href=\"#\" onclick=\"referencia('indeterminacion principio de',event); return false;\">principio de incertidumbre<\/a> y la ley de conservaci\u00f3n de la materia y de la energ\u00eda.<\/p>\n<p>&nbsp;<\/p>\n<p style=\"text-align: justify;\"><img decoding=\"async\" src=\"http:\/\/farm5.static.flickr.com\/4025\/4516869871_1cd24e4f97.jpg\" alt=\"http:\/\/farm5.static.flickr.com\/4025\/4516869871_1cd24e4f97.jpg\" \/><\/p>\n<p>&nbsp;<\/p>\n<p style=\"text-align: justify;\">En un nuevo estudio, un grupo de f\u00edsicos ha propuesto que la gravedad podr\u00eda disparar un efecto desbocado en las fluctuaciones cu\u00e1nticas, provocando que crezcan tanto que la densidad de energ\u00eda del vac\u00edo del campo cu\u00e1ntico podr\u00eda predominar sobre la densidad de energ\u00eda cl\u00e1sica. Este efecto de predominancia del vac\u00edo, el cual surge bajo ciertas condiciones espec\u00edficas pero razonables, contrasta con la ampliamente sostenida creencia de que la influencia de la gravedad sobre los fen\u00f3menos cu\u00e1nticos deber\u00eda ser peque\u00f1a y subdominante.<\/p>\n<p style=\"text-align: justify;\">Claro que, hablar aqu\u00ed del vac\u00edo en relaci\u00f3n al surgir del universo, est\u00e1 directamente asentado en la creencia de algunos postulados que dicen ser posible que, el universo, surgiera de una Fluctuaci\u00f3n de vac\u00edo producida en otro universo paralelo y, desde entonces, funciona de manera aut\u00f3noma como un nuevo universo de los muchos que son en el m\u00e1s complejo Metaverso.<\/p>\n<p>&nbsp;<\/p>\n<p style=\"text-align: justify;\"><img decoding=\"async\" title=\"Historia del Universo\" src=\"http:\/\/librodenotas.com\/images\/1858.jpg\" alt=\"\" \/><img decoding=\"async\" loading=\"lazy\" class=\"\" src=\"https:\/\/pijamasurf.com\/wp-content\/uploads\/10.208.149.45\/uploads\/2011\/08\/creaci%C3%B3n-bigb-bang-.jpeg\" alt=\"El origen del Universo\u2026 \u00bfC\u00f3mo puedo saberlo Yo? : Blog de Emilio Silvera V.\" width=\"627\" height=\"627\" \/><\/p>\n<p>&nbsp;<\/p>\n<p style=\"text-align: justify;\">Inmediatamente despu\u00e9s de que la llamada espuma cu\u00e1ntica del espacio-tiempo permitiera <a href=\"http:\/\/librodenotas.com\/cienciasyletras\/14767\/el-big-bang-o-como-nace-todo-un-universo-de-la-nada\">la creaci\u00f3n de nuestro Universo<\/a>, apareci\u00f3 una inmensa fuerza de repulsi\u00f3n gravitatoria que fue la responsable de la explosiva expansi\u00f3n del Universo primigenio (inflaci\u00f3n(*)).Las fluctuaciones cu\u00e1nticas del vac\u00edo, que normalmente se manifiestan s\u00f3lo a escalas microsc\u00f3picas, en el Universo inflacionario en expansi\u00f3n exponencial aumentaron r\u00e1pidamente su longitud y amplitud para convertirse en fluctuaciones significativas a nivel cosmol\u00f3gico.<\/p>\n<p style=\"text-align: justify;\">En el Modelo corriente del big bang que actualmente prevalece y que, de momento, todos hemos aceptado al ser el que m\u00e1s se acerca a las observaciones realizadas, el universo surgi\u00f3 a partir de una <a href=\"#\" onclick=\"referencia('singularidad',event); return false;\">singularidad<\/a>, es decir, un punto de infinita densidad y de inmensa energ\u00eda que, explosion\u00f3 y se expansion\u00f3 para crear la materia, el espacio y el tiempo que, estar\u00edan gobernados por las cuatro leyes fundamentales de la naturaleza:<\/p>\n<p>&nbsp;<\/p>\n<p><img decoding=\"async\" src=\"https:\/\/steemitimages.com\/DQmeUnqARRar3naXjcmVctmBkxiFDSdSxRRqu3oPgUDZtTM\/figaf.png\" alt=\"figaf.png\" \/><\/p>\n<p>Y muchas m\u00e1s que hacen que el universo sea tal como lo podemos contemplar<\/p>\n<p style=\"text-align: justify;\">Fuerzas nucleares d\u00e9bil y fuerte, el electromagnetismo y la Gravedad. Todas ellas, estar\u00edan apoyadas por una serie de n\u00fameros que llamamos las constantes universales y que hacen posible que nuestro universo, sea tal como lo podemos contemplar. Sin embargo, existen algunas dudas de que, realmente, fuera esa la causa del nacimiento del Universo y, algunos postulan otras causas como transiciones de fase en un universo anterior y otras, que siendo m\u00e1s peregrinas, no podemos descartar.<\/p>\n<p style=\"text-align: justify;\">\n<p><img decoding=\"async\" src=\"https:\/\/media.gettyimages.com\/id\/172216628\/es\/foto\/nuestro-hermoso-planeta-en-peligro-de-extinci%C3%B3n.jpg?s=612x612&amp;w=gi&amp;k=20&amp;c=BP-eSd_I4RgZ7S4-9XQYuUbaSiwBdM2earn6F4hTuWk=\" alt=\"6.006 De La Tierra A La Luna Stock Photos, High-Res Pictures, and Images -  Getty Images | Julio verne\" \/><\/p>\n<p>&nbsp;<\/p>\n<p style=\"text-align: justify;\">Nosotros, estamos confinados en el planeta Tierra que es un mundo suficientemente preparado para acoger nuestras necesidades f\u00edsicas, pero, de ninguna manera podr\u00e1 nunca satisfacer nuestras otras necesidades de la Mente y del intelecto que produce imaginaci\u00f3n y pensamientos y que, sin que nada la pueda frenar, cual rayo de luz eyectado desde una estrella masiva refulgente, nuestros pensamientos vuelan tambi\u00e9n, hacia el espacio infinito y con ellos, damos rienda suelta a nuestra m\u00e1s firme creencia de que, nuestros or\u00edgenes est\u00e1n en las estrellas y hacia las estrellas queremos ir, all\u00ed, amigos m\u00edos, est\u00e1 nuestro destino.<\/p>\n<p>&nbsp;<\/p>\n<p><iframe loading=\"lazy\" title=\"Los l\u00edmites del Universo \u00bfEs el Universo finito o infinito?\" width=\"500\" height=\"281\" src=\"https:\/\/www.youtube.com\/embed\/TWlkzFNY-Nw?feature=oembed\" frameborder=\"0\" allow=\"accelerometer; autoplay; clipboard-write; encrypted-media; gyroscope; picture-in-picture; web-share\" referrerpolicy=\"strict-origin-when-cross-origin\" allowfullscreen><\/iframe><\/p>\n<p>&nbsp;<\/p>\n<p style=\"text-align: justify;\">El Universo es grande, inmenso, casi infinito pero, \u00bfy nosotros? Bueno, al ser una parte de \u00e9l, al ser una creaci\u00f3n de la Naturaleza, estamos formando parte de esta inmensidad y, precisamente, nos ha tocado desempe\u00f1ar el papel de la parte que piensa, \u00bftendr\u00e1 eso alg\u00fan significado?<\/p>\n<p style=\"text-align: justify;\"><strong>Yo, no lo s\u00e9&#8230; Pero&#8230; \u00bf\u00a1Qui\u00e9n sabe realmente!?<\/strong><\/p>\n<p style=\"text-align: justify;\"><strong>Emilio Silvera V\u00e1zquez<\/strong><\/p>\n<div class='bookmark'>\r\n\t\t<table align='left' border='0' cellpadding='0' width='100%'>\r\n\t\t<tr><td><span class='pushbutton'><a href='http:\/\/delicious.com\/post?url=https%3A%2F%2Fwww.emiliosilveravazquez.com%2Fblog%2F2025%2F03%2F09%2F%25c2%25a1el-origen-del-universo-%25c2%25bfcomo-puedo-saberlo-yo%2F&amp;title=%C2%BFEl+Origen+del+Universo%3F+%C2%BFC%C3%B3mo+puedo+saberlo+yo%3F' title='Delicious' target='_blank' rel='nofollow'><img src='https:\/\/www.emiliosilveravazquez.com\/blog\/wp-content\/plugins\/knxdt-bookmarks-wordpress-plugin\/images\/delicious.png'  alt='' class='book_img' border='none' style='margin:1px; padding: 0;'  \/><\/a><\/span><span class='pushbutton'><a href='http:\/\/digg.com\/submit?url=https%3A%2F%2Fwww.emiliosilveravazquez.com%2Fblog%2F2025%2F03%2F09%2F%25c2%25a1el-origen-del-universo-%25c2%25bfcomo-puedo-saberlo-yo%2F&amp;title=%C2%BFEl+Origen+del+Universo%3F+%C2%BFC%C3%B3mo+puedo+saberlo+yo%3F' title='Digg' target='_blank' rel='nofollow'><img src='https:\/\/www.emiliosilveravazquez.com\/blog\/wp-content\/plugins\/knxdt-bookmarks-wordpress-plugin\/images\/digg.png'  alt='' class='book_img' border='none' style='margin:1px; padding: 0;'  \/><\/a><\/span><span class='pushbutton'><a href='http:\/\/www.google.com\/bookmarks\/mark?op=edit&amp;bkmk=https%3A%2F%2Fwww.emiliosilveravazquez.com%2Fblog%2F2025%2F03%2F09%2F%25c2%25a1el-origen-del-universo-%25c2%25bfcomo-puedo-saberlo-yo%2F&amp;title=%C2%BFEl+Origen+del+Universo%3F+%C2%BFC%C3%B3mo+puedo+saberlo+yo%3F' title='Google' target='_blank' rel='nofollow'><img src='https:\/\/www.emiliosilveravazquez.com\/blog\/wp-content\/plugins\/knxdt-bookmarks-wordpress-plugin\/images\/google.png'   alt='' class='book_img' border='none' style='margin:1px; padding: 0;'  \/><\/a><\/span><span class='pushbutton'><a href='http:\/\/myweb2.search.yahoo.com\/myresults\/bookmarklet?u=https%3A%2F%2Fwww.emiliosilveravazquez.com%2Fblog%2F2025%2F03%2F09%2F%25c2%25a1el-origen-del-universo-%25c2%25bfcomo-puedo-saberlo-yo%2F&amp;t=%C2%BFEl+Origen+del+Universo%3F+%C2%BFC%C3%B3mo+puedo+saberlo+yo%3F' title='Yahoo' target='_blank' rel='nofollow'><img src='https:\/\/www.emiliosilveravazquez.com\/blog\/wp-content\/plugins\/knxdt-bookmarks-wordpress-plugin\/images\/yahoo.png'  alt='' class='book_img' border='none' style='margin:1px; padding: 0;'  \/><\/a><\/span><span class='pushbutton'><a href='http:\/\/www.technorati.com\/faves?add=https%3A%2F%2Fwww.emiliosilveravazquez.com%2Fblog%2F2025%2F03%2F09%2F%25c2%25a1el-origen-del-universo-%25c2%25bfcomo-puedo-saberlo-yo%2F' title='Technorati' target='_blank' rel='nofollow'><img src='https:\/\/www.emiliosilveravazquez.com\/blog\/wp-content\/plugins\/knxdt-bookmarks-wordpress-plugin\/images\/technorati.png'  alt='' class='book_img' border='none' style='margin:1px; padding: 0;'  \/><\/a><\/span><span class='pushbutton'><a href='http:\/\/meneame.net\/submit.php?url=https%3A%2F%2Fwww.emiliosilveravazquez.com%2Fblog%2F2025%2F03%2F09%2F%25c2%25a1el-origen-del-universo-%25c2%25bfcomo-puedo-saberlo-yo%2F' title='Meneame' target='_blank' rel='nofollow'><img src='https:\/\/www.emiliosilveravazquez.com\/blog\/wp-content\/plugins\/knxdt-bookmarks-wordpress-plugin\/images\/meneame.png'  alt='' class='book_img' border='none' style='margin:1px; padding: 0;'  \/><\/a><\/span><span class='pushbutton'><a href='http:\/\/enchilame.com\/submit.php?url=https:\/\/www.emiliosilveravazquez.com\/blog\/2025\/03\/09\/%c2%a1el-origen-del-universo-%c2%bfcomo-puedo-saberlo-yo\/' target='_blank' rel='nofollow'><img title='Enchilame' src='https:\/\/www.emiliosilveravazquez.com\/blog\/wp-content\/plugins\/knxdt-bookmarks-wordpress-plugin\/images\/enchilame.png'  alt='' class='book_img' border='none' style='margin:1px; padding: 0;'  \/><\/a><\/span><span class='pushbutton'><a href='http:\/\/www.blinklist.com\/index.php?Action=Blink\/addblink.php&amp;Description=&amp;Url=https%3A%2F%2Fwww.emiliosilveravazquez.com%2Fblog%2F2025%2F03%2F09%2F%25c2%25a1el-origen-del-universo-%25c2%25bfcomo-puedo-saberlo-yo%2F&amp;title=%C2%BFEl+Origen+del+Universo%3F+%C2%BFC%C3%B3mo+puedo+saberlo+yo%3F' title='BlinkList' target='_blank' rel='nofollow'><img src='https:\/\/www.emiliosilveravazquez.com\/blog\/wp-content\/plugins\/knxdt-bookmarks-wordpress-plugin\/images\/blinklist.png'  alt='' class='book_img' border='none' style='margin:1px; padding: 0;'  \/><\/a><\/span><span class='pushbutton'><a href='http:\/\/reddit.com\/submit?url=https%3A%2F%2Fwww.emiliosilveravazquez.com%2Fblog%2F2025%2F03%2F09%2F%25c2%25a1el-origen-del-universo-%25c2%25bfcomo-puedo-saberlo-yo%2F&amp;title=%C2%BFEl+Origen+del+Universo%3F+%C2%BFC%C3%B3mo+puedo+saberlo+yo%3F' title='Reddit' target='_blank' rel='nofollow'><img src='https:\/\/www.emiliosilveravazquez.com\/blog\/wp-content\/plugins\/knxdt-bookmarks-wordpress-plugin\/images\/reddit.png'  alt='' class='book_img' border='none' style='margin:1px; padding: 0;'  \/><\/a><\/span><span class='pushbutton'><a href='http:\/\/www.tecnologiadiaria.com\/2009\/07\/abrir-com-hotmail-correo.html' target='_blank' title='hotmail'><img src='https:\/\/www.emiliosilveravazquez.com\/blog\/wp-content\/plugins\/knxdt-bookmarks-wordpress-plugin\/images\/linklove.png' alt='hotmail correo' class='book_img' border='none' style='margin:1px; padding: 0;' \/><\/a><\/span><span class='pushbutton'><a href='http:\/\/bitacoras.com\/votar\/anotacion\/externo\/mini\/www.emiliosilveravazquez.com\/blog\/2025\/03\/09\/%c2%a1el-origen-del-universo-%c2%bfcomo-puedo-saberlo-yo\/' title='Bitacoras.com' target='_blank' rel='nofollow'><img src='https:\/\/www.emiliosilveravazquez.com\/blog\/wp-content\/plugins\/knxdt-bookmarks-wordpress-plugin\/images\/bitacoras.png'  alt='' class='book_img' border='none' style='margin:1px; padding: 0;'  \/><\/a><\/span><span class='pushbutton'><a href='http:\/\/www.wikio.es\/vote?url=https%3A%2F%2Fwww.emiliosilveravazquez.com%2Fblog%2F2025%2F03%2F09%2F%25c2%25a1el-origen-del-universo-%25c2%25bfcomo-puedo-saberlo-yo%2F' title='Wikio' target='_blank' rel='nofollow'><img src='https:\/\/www.emiliosilveravazquez.com\/blog\/wp-content\/plugins\/knxdt-bookmarks-wordpress-plugin\/images\/wikio.png'   alt='' class='book_img' border='none' style='margin:1px; padding: 0;'   \/><\/a><\/span><span class='pushbutton'><a href='http:\/\/friendfeed.com\/?url=https%3A%2F%2Fwww.emiliosilveravazquez.com%2Fblog%2F2025%2F03%2F09%2F%25c2%25a1el-origen-del-universo-%25c2%25bfcomo-puedo-saberlo-yo%2F&amp;title=%C2%BFEl+Origen+del+Universo%3F+%C2%BFC%C3%B3mo+puedo+saberlo+yo%3F' title='Friend Feed' target='_blank' rel='nofollow'><img src='https:\/\/www.emiliosilveravazquez.com\/blog\/wp-content\/plugins\/knxdt-bookmarks-wordpress-plugin\/images\/friendfeed.png'  alt='' class='book_img' border='none' style='margin:1px; padding: 0;'  \/><\/a><\/span><span class='pushbutton'><a href='http:\/\/www.facebook.com\/share.php?u=https%3A%2F%2Fwww.emiliosilveravazquez.com%2Fblog%2F2025%2F03%2F09%2F%25c2%25a1el-origen-del-universo-%25c2%25bfcomo-puedo-saberlo-yo%2F&amp;t=%C2%BFEl+Origen+del+Universo%3F+%C2%BFC%C3%B3mo+puedo+saberlo+yo%3F' title='Facebook' target='_blank' rel='nofollow'><img src='https:\/\/www.emiliosilveravazquez.com\/blog\/wp-content\/plugins\/knxdt-bookmarks-wordpress-plugin\/images\/facebook.png'  alt='' class='book_img' border='none' style='margin:1px; padding: 0;'  \/><\/a><\/span><span class='pushbutton'><a href='http:\/\/twitter.com\/home?status=%C2%BFEl+Origen+del+Universo%3F+%C2%BFC%C3%B3mo+puedo+saberlo+yo%3F: https%3A%2F%2Fwww.emiliosilveravazquez.com%2Fblog%2F2025%2F03%2F09%2F%25c2%25a1el-origen-del-universo-%25c2%25bfcomo-puedo-saberlo-yo%2F' title='Twitter' target='_blank' rel='nofollow'><img src='https:\/\/www.emiliosilveravazquez.com\/blog\/wp-content\/plugins\/knxdt-bookmarks-wordpress-plugin\/images\/twitter.png'  alt='' class='book_img' border='none' style='margin:1px; padding: 0;'  \/><\/a><\/span><span class='pushbutton'><a href='http:\/\/www.feedburner.com\/fb\/a\/emailFlare?itemTitle=%C2%BFEl+Origen+del+Universo%3F+%C2%BFC%C3%B3mo+puedo+saberlo+yo%3F&amp;uri=https%3A%2F%2Fwww.emiliosilveravazquez.com%2Fblog%2F2025%2F03%2F09%2F%25c2%25a1el-origen-del-universo-%25c2%25bfcomo-puedo-saberlo-yo%2F' title='Enviar por Email' target='_blank' rel='nofollow'><img src='https:\/\/www.emiliosilveravazquez.com\/blog\/wp-content\/plugins\/knxdt-bookmarks-wordpress-plugin\/images\/email.png'  alt='' class='book_img' border='none' style='margin:1px; padding: 0;'  \/><\/a><\/span><span style='font-weight:bold; padding-left: 5px;'><a href='http:\/\/wordpress.org\/extend\/plugins\/knxdt-bookmarks-wordpress-plugin\/' title='Plugin' rel='nofollow' target='_blank'>[?]<\/a><\/span><\/td><\/tr><\/table><br\/><br\/><\/div>","protected":false},"excerpt":{"rendered":"<p>&nbsp; &nbsp; \u00bfD\u00f3nde estabas t\u00fa cuando yo puse los cimientos de la Tierra? Dilo si tienes entendimiento. Claro que a esta pregunta, lo \u00fanico que podr\u00edamos contestar ser\u00eda: \u00bfQui\u00e9n sabe realmente? La especulaci\u00f3n sobre el origen del universo es una vieja actividad humana que est\u00e1 sin resolver, ya que, pretendemos saber algo que no sabemos [&hellip;]<\/p>\n","protected":false},"author":2,"featured_media":0,"comment_status":"open","ping_status":"open","sticky":false,"template":"","format":"standard","meta":{"_s2mail":"yes","footnotes":""},"categories":[51],"tags":[],"_links":{"self":[{"href":"https:\/\/www.emiliosilveravazquez.com\/blog\/wp-json\/wp\/v2\/posts\/7305"}],"collection":[{"href":"https:\/\/www.emiliosilveravazquez.com\/blog\/wp-json\/wp\/v2\/posts"}],"about":[{"href":"https:\/\/www.emiliosilveravazquez.com\/blog\/wp-json\/wp\/v2\/types\/post"}],"author":[{"embeddable":true,"href":"https:\/\/www.emiliosilveravazquez.com\/blog\/wp-json\/wp\/v2\/users\/2"}],"replies":[{"embeddable":true,"href":"https:\/\/www.emiliosilveravazquez.com\/blog\/wp-json\/wp\/v2\/comments?post=7305"}],"version-history":[{"count":0,"href":"https:\/\/www.emiliosilveravazquez.com\/blog\/wp-json\/wp\/v2\/posts\/7305\/revisions"}],"wp:attachment":[{"href":"https:\/\/www.emiliosilveravazquez.com\/blog\/wp-json\/wp\/v2\/media?parent=7305"}],"wp:term":[{"taxonomy":"category","embeddable":true,"href":"https:\/\/www.emiliosilveravazquez.com\/blog\/wp-json\/wp\/v2\/categories?post=7305"},{"taxonomy":"post_tag","embeddable":true,"href":"https:\/\/www.emiliosilveravazquez.com\/blog\/wp-json\/wp\/v2\/tags?post=7305"}],"curies":[{"name":"wp","href":"https:\/\/api.w.org\/{rel}","templated":true}]}}