{"id":7237,"date":"2026-01-28T13:19:44","date_gmt":"2026-01-28T12:19:44","guid":{"rendered":"http:\/\/www.emiliosilveravazquez.com\/blog\/?p=7237"},"modified":"2026-01-28T13:19:20","modified_gmt":"2026-01-28T12:19:20","slug":"si-existe-la-perfeccion-estara-en-la-naturaleza","status":"publish","type":"post","link":"https:\/\/www.emiliosilveravazquez.com\/blog\/2026\/01\/28\/si-existe-la-perfeccion-estara-en-la-naturaleza\/","title":{"rendered":"Si existe la perfecci\u00f3n, estar\u00e1 en la Naturaleza"},"content":{"rendered":"<p>&nbsp;<\/p>\n<p><img decoding=\"async\" loading=\"lazy\" class=\"\" src=\"https:\/\/i.ytimg.com\/vi\/Us4ULte7wtA\/maxresdefault.jpg\" alt=\"Belleza gal\u00e1ctica: Impresionante imagen del universo captada por el telescopio Webb - YouTube\" width=\"612\" height=\"345\" \/><\/p>\n<blockquote>\n<h1 class=\"GW0XC indIKd cS4Vcb-pGL6qe-fwJd0c\" style=\"text-align: justify;\">Belleza gal\u00e1ctica: Impresionante imagen del universo captada por el telescopio J. Webb.<\/h1>\n<\/blockquote>\n<p><img decoding=\"async\" loading=\"lazy\" class=\"\" src=\"https:\/\/encrypted-tbn0.gstatic.com\/images?q=tbn:ANd9GcTjVCTCLRA4VyEnVk9RJb5OnqSnRrYPtZ5Ang&amp;s\" alt=\"El Halo de Ojo de Gato |\" width=\"441\" height=\"441\" \/><img decoding=\"async\" loading=\"lazy\" class=\"\" src=\"https:\/\/i0.wp.com\/codigoespagueti.com\/wp-content\/uploads\/2021\/03\/NGC-2336.jpg\" alt=\"La Naturaleza? \u00a1Simetr\u00eda dentro de la Diversidad! : Blog de Emilio Silvera  V.\" width=\"441\" height=\"248\" \/><\/p>\n<p>&nbsp;<\/p>\n<p style=\"text-align: justify;\"><strong>El Universo est\u00e1 construido seg\u00fan un plan cuya profunda simetr\u00eda est\u00e1 presente de alg\u00fan modo en la estructura interna de nuestro intelecto. Y, desde luego, si lo pensamos profundamente, tendremos que dar la raz\u00f3n a Paul Valery por tales pensamientos, ya que, la Mente Humana, alcanz\u00f3 cotas inimaginables.<\/strong><\/p>\n<p>&nbsp;<\/p>\n<p><img decoding=\"async\" src=\"http:\/\/2.bp.blogspot.com\/_JePpiU6YLYc\/SfRpnm99CXI\/AAAAAAAAAzM\/DtRr2FUFAZs\/s1600\/untitled.bmp\" alt=\"\" \/><\/p>\n<p><strong>\u00a1Agua! El Universo est\u00e1 lleno de agua por todas partes y, si eso es as\u00ed \u00bfQu\u00e9 pasa con la vida?<\/strong><\/p>\n<p>&nbsp;<\/p>\n<p><img decoding=\"async\" loading=\"lazy\" class=\"\" src=\"https:\/\/s1.abcstatics.com\/media\/ciencia\/2020\/11\/12\/248397_web-k6JH--1248x698@abc.jpg\" alt=\"El Universo se est\u00e1 volviendo cada vez m\u00e1s caliente\" width=\"549\" height=\"308\" \/><\/p>\n<blockquote>\n<p style=\"text-align: justify;\">Mientras que el Universo actual est\u00e1 ba\u00f1ado por radiaci\u00f3n c\u00f3smica a una temperatura de 2,7 Kelvin (-270,45\u00b0C), esta temperatura rondaba los\u00a0<b>20 K (-253,1\u00b0C)<\/b>\u00a0menos de mil millones de a\u00f1os despu\u00e9s del <a href=\"#\" onclick=\"referencia('big bang',event); return false;\">Big Bang<\/a><\/p>\n<\/blockquote>\n<p style=\"text-align: justify;\">Hubo un tiempo, en el Universo muy temprano, en el que la temperatura estaba encima de algunos cientos de veces la masa del <a href=\"#\" onclick=\"referencia('proton',event); return false;\">prot\u00f3n<\/a>, cuando la simetr\u00eda a\u00fan no se hab\u00eda roto, y la fuerza d\u00e9bil y electromagn\u00e9tica no s\u00f3lo eran la misma matem\u00e1ticamente, sino realmente la misma. Un f\u00edsico que hubiera podido estar all\u00ed presente, en aquellos primeros momento, no habr\u00eda podido observar ninguna diferencia real entre las fuerzas producidas por el intercambio de estas cuatro part\u00edculas: la W<sup>+<\/sup>, la W<sup>&#8211; ,\u00a0<\/sup> la Z y el Fot\u00f3n.<\/p>\n<p>&nbsp;<\/p>\n<p>&nbsp;<\/p>\n<p><img decoding=\"async\" loading=\"lazy\" class=\"\" src=\"https:\/\/static-1.ivoox.com\/audios\/4\/1\/5\/8\/8341485938514_XXL.jpg\" alt=\"El Color de la Fuerza Quarks y Gluones (Margarita Garc\u00eda P\u00e9rez) -  Astronomia en podcast - Podcast en iVoox\" width=\"452\" height=\"452\" \/><\/p>\n<p style=\"text-align: justify;\">\u2013 El\u00a0<strong>glu\u00f3n<\/strong>\u00a0es la part\u00edcula portadora de\u00a0<em>la interacci\u00f3n nuclear fuerte<\/em> que mantiene unidos a los <a href=\"#\" onclick=\"referencia('quarks',event); return false;\">quarks<\/a> en el n\u00facleo. Los Gluones son <a href=\"#\" onclick=\"referencia('bosones',event); return false;\">bosones<\/a>. Al igual que el <a href=\"#\" onclick=\"referencia('foton',event); return false;\">fot\u00f3n<\/a>, el <a href=\"#\" onclick=\"referencia('gluones',event); return false;\">glu\u00f3n<\/a> es un <a href=\"#\" onclick=\"referencia('bosones',event); return false;\">bos\u00f3n<\/a> sin masa ni carga de Spin 1. Existen asimismo 8 tipos de Gluones, siendo cada uno de ellos una combinaci\u00f3n color-anti-color. Los <a href=\"#\" onclick=\"referencia('quarks',event); return false;\">quarks<\/a> y los Gluones forman part\u00edculas compuestas con carga de color total neutra (se suele decir que las part\u00edculas compuestas son blancas).<\/p>\n<p style=\"text-align: justify;\">\u2013 Los\u00a0<strong><a href=\"#\" onclick=\"referencia('bosones',event); return false;\">bosones<\/a> W+, W- y Z<\/strong>\u00a0son las part\u00edculas portadoras de\u00a0<em>la interacci\u00f3n nuclear d\u00e9bil<\/em>, una de las cuatro interacciones fundamentales de la naturaleza. Son tres tipos de part\u00edculas fundamentales\u00a0<em>muy masivas<\/em>\u00a0que se encargan en general de cambiar el sabor de otras part\u00edculas, los <a href=\"#\" onclick=\"referencia('leptones',event); return false;\">leptones<\/a> y los <a href=\"#\" onclick=\"referencia('quarks',event); return false;\">quarks<\/a>.<\/p>\n<p>\u2013 El\u00a0<strong><a href=\"#\" onclick=\"referencia('graviton',event); return false;\">gravit\u00f3n<\/a><\/strong>\u00a0???. A nivel de part\u00edculas fundamentales la fuerza gravitatoria es despreciable.<\/p>\n<p><strong>En resumen:<\/strong><\/p>\n<p>&nbsp;<\/p>\n<p style=\"text-align: justify;\">\u00a0 \u00a0 \u00a0 \u00a0 \u00a0 \u00a0 \u00a0 \u00a0 \u00a0 \u00a0 \u00a0 \u00a0 \u00a0 \u00a0 \u00a0 \u00a0 \u00a0 \u00a0 \u00a0 \u00a0<img decoding=\"async\" src=\"https:\/\/mgmdenia.files.wordpress.com\/2016\/04\/image54.gif?w=584\" alt=\"MODELO EST\u00c1NDAR | Mgmdenia's Blog\" \/><\/p>\n<p>&nbsp;<\/p>\n<p style=\"text-align: justify;\">Al llegar a escalas cada vez menores, tambi\u00e9n hemos entrado en \u00e1mbitos de energ\u00edas de uni\u00f3n cada vez mayores. Un \u00e1tomo puede ser despojado de su <a href=\"#\" onclick=\"referencia('electron',event); return false;\">electr\u00f3n<\/a> aplicando s\u00f3lo unos miles de electr\u00f3n-voltios de energ\u00eda, m\u00e1s para dispersar los <a href=\"#\" onclick=\"referencia('nucleones',event); return false;\">nucleones<\/a> que conforman un n\u00facleo at\u00f3mico se requieren varios millones de electr\u00f3n-voltios, y para librar los <a href=\"#\" onclick=\"referencia('quarks',event); return false;\">quarks<\/a> que constituyen cada <a href=\"#\" onclick=\"referencia('nucleones',event); return false;\">nucle\u00f3n<\/a> se necesitar\u00eda cientos de veces m\u00e1s energ\u00eda. As\u00ed, hemos llegado a comprender que, las estructuras m\u00e1s peque\u00f1as y m\u00e1s fundamentales est\u00e1n ligadas por niveles de energ\u00eda mayores porque sus estructuras mismas fueron forjadas en el calor del Big bang.<\/p>\n<p><img decoding=\"async\" src=\"https:\/\/www.javierdelucas.es\/cosmo0000.jpg\" alt=\"COSMOLOGIA DE BRANAS\" \/><\/p>\n<blockquote><p><strong>\u00a0Cosmolog\u00eda de Branas<\/strong><\/p><\/blockquote>\n<p style=\"text-align: justify;\">Tambi\u00e9n hemos llegado a comprender que, las fuerzas de la naturaleza que gobiernan la electricidad, el magnetismo, la <a href=\"#\" onclick=\"referencia('radiactividad',event); return false;\">radiactividad<\/a> y las reacciones nucleares est\u00e1n confinadas a un <strong>\u201cmundo-brana<\/strong>\u201d tridimensional, mientras que la gravedad act\u00faa en todas las dimensiones y es consecuentemente m\u00e1s d\u00e9bil. Seguramente ese ser\u00e1 el motivo por el cual, encontrar\u00a0 al Bos\u00f3n mediador de la fuerza, el Gravit\u00f3n, resulta tan dif\u00edcil.<\/p>\n<p style=\"text-align: justify;\"><img decoding=\"async\" loading=\"lazy\" title=\"mundobrana\" src=\"http:\/\/www.emiliosilveravazquez.com\/blog\/wp-content\/uploads\/2008\/07\/mundobrana.jpg\" alt=\"mundo brana\" width=\"455\" height=\"298\" \/><\/p>\n<p style=\"text-align: justify;\">De manera similar, aunque menos clara, las teor\u00edas de <a href=\"#\" onclick=\"referencia('supersimetria',event); return false;\">supersimetr\u00eda<\/a>s conjeturaban que las cuatro fuerzas tal vez estaban ligadas por una simetr\u00eda que se manifestaba en los niveles de energ\u00eda a\u00fan mayores que caracterizaban al universo ya antes del <a href=\"#\" onclick=\"referencia('big bang',event); return false;\">Big Bang<\/a>. La introducci\u00f3n de un eje hist\u00f3rico en la cosmolog\u00eda y la f\u00edsica de part\u00edculas (como dec\u00eda ayer en uno de los trabajos), beneficio a ambos campos. Los f\u00edsicos proporcionaron a los cosm\u00f3logos una amplia gama de herramientas \u00fatiles para saber c\u00f3mo se desarroll\u00f3 el universo primitivo. Evidentemente, el <a href=\"#\" onclick=\"referencia('big bang',event); return false;\">Big Bang<\/a> no fue una muralla de fuego de la que se burl\u00f3 Hoyle, sino un \u00e1mbito de suscesos de altas energ\u00edas que muy posiblemente pueden ser comprensibles en t\u00e9rminos de teor\u00eda de campo relativista y cu\u00e1ntica.<\/p>\n<p>&nbsp;<\/p>\n<p><img decoding=\"async\" loading=\"lazy\" id=\"il_fi\" src=\"http:\/\/3.bp.blogspot.com\/-9VkzE5fvjuI\/T0ZhvDq-PZI\/AAAAAAAAAgs\/xNIWMOai6wI\/s1600\/LHC.jpg\" alt=\"\" width=\"572\" height=\"509\" \/><\/p>\n<p>&nbsp;<\/p>\n<p style=\"text-align: justify;\">La cosmolog\u00eda, por su parte, dio un tinte de realidad hist\u00f3rica a las teor\u00edas unificadas. Aunque ning\u00fan acelerador concebible podr\u00edan alcanzar las tit\u00e1nicas energ\u00edas supuestas por las grandes teor\u00edas unificadas y de la <a href=\"#\" onclick=\"referencia('supersimetria',event); return false;\">supersimetr\u00eda<\/a>, esas ex\u00f3ticas ideas a\u00fan\u00a0 pueden ser puestas a prueba, investigando si las part\u00edculas constituyentes del universo actual son compatibles con el tipo de historia primitiva que implican las teor\u00edas. Las part\u00edculas elementales aparentemente proporcionan las claves de algunos de los misterios fundamentales de la Cosmolog\u00eda temprana\u2026 y resulta que la Cosmolog\u00eda brinda una especia de terreno de prueba para alguna de las ideas de la f\u00edsica de part\u00edculas elementales. Esto implica que los aceleradores de part\u00edculas, como los telescopios, funcionen como m\u00e1quinas del tiempo.\u00a0 Un telescopio penetra en el pasado en virtud del tiempo que tarda la luz en desplazarse entre las estrellas; un acelerador recrea, aunque sea fugazmente, las condiciones que prevalec\u00edan en el Universo primitivo.<\/p>\n<p>&nbsp;<\/p>\n<p><img decoding=\"async\" loading=\"lazy\" class=\"\" src=\"https:\/\/i.imgur.com\/4EptWAd.png\" width=\"491\" height=\"487\" \/><\/p>\n<p style=\"text-align: justify;\">Mol\u00e9culas, \u00e1tomos y conexiones para formar pensamientos que nos llevaron hacia los conocimientos que hoy, tras muchos miles de millones de a\u00f1os de evoluci\u00f3n del Universo, hizo posible la aparici\u00f3n de especies que, tras miles de a\u00f1os de experiencia, de observaci\u00f3n, y, de imaginar&#8230;, lleg\u00f3 a conseguir la intuici\u00f3n necesaria para presentir que, formamos parte de un todo inmenso del que s\u00f3lo somos una parte, la que piensa. Tambi\u00e9n la que tiene que descubrir, los secretos de la Naturaleza, en ello, le va la existencia en el futuro.<\/p>\n<p>&nbsp;<\/p>\n<p><img decoding=\"async\" loading=\"lazy\" class=\"\" src=\"https:\/\/live.staticflickr.com\/383\/32203653410_1ebfaa5c6b_b.jpg\" alt=\"Micro Art | Piel humana bajo el microscopio a 40X con una ti\u2026 | Flickr\" width=\"599\" height=\"399\" \/><img decoding=\"async\" loading=\"lazy\" class=\"\" src=\"https:\/\/thumbs.dreamstime.com\/z\/piel-de-mano-humana-en-el-microscopio-un-adulto-fondo-textura-microsc%C3%B3pico-macro-detalle-la-con-l%C3%ADneas-y-grietas-por-todas-269969472.jpg\" alt=\"Piel De Mano Humana En El Microscopio Foto de archivo - Imagen de edad,  manchas: 269969472\" width=\"595\" height=\"354\" \/><\/p>\n<p>&nbsp;<\/p>\n<p style=\"text-align: justify;\">Hemos aprendido que cuanto m\u00e1s \u00edntimamente examinemos la Naturaleza, tanto m\u00e1s lejos hacia atr\u00e1s vamos en el tiempo.\u00a0\u00a0 Alguna vez he puesto el ejemplo de mirar algo que no es familiar, el dorso de la mano, por ejemplo, e imaginemos que podemos observarlo con cualquier aumento deseado.<\/p>\n<p style=\"text-align: justify;\">Con un aumento relativamente peque\u00f1o, podemos ver las c\u00e9lulas de la piel, cada una con un aspecto tan grande y\u00a0 complejo como una ciudad, y con sus l\u00edmites delineados por la pared celular.\u00a0 Si elevamos el aumento, veremos dentro de la c\u00e9lula una mara\u00f1a de ribosomas serpenteando y mitocondrias ondulantes, lisosomas esf\u00e9ricos y centr\u00edolos, cuyos alrededores est\u00e1n llenos de complejos \u00f3rganos dedicados a las funciones respiratorias, sanitarias y de producci\u00f3n de energ\u00eda que mantienen a la c\u00e9lula.<\/p>\n<p style=\"text-align: justify;\">Ya ah\u00ed tenemos pruebas de historia. Aunque esta c\u00e9lula particular solo tiene unos pocos a\u00f1os de antig\u00fcedad, su arquitectura se remonta a m\u00e1s de mil millones de a\u00f1os, a la \u00e9poca en que aparecieron en la Tierra las c\u00e9lulas eucariota o eucari\u00f3ticas como la que hemos examinado.<\/p>\n<p>&nbsp;<\/p>\n<p style=\"text-align: justify;\"><img decoding=\"async\" loading=\"lazy\" src=\"http:\/\/laenciclopediagalactica.info\/wp-content\/uploads\/2011\/07\/%C2%BFPueden-todas-las-fuerzas-entre-part%C3%ADculas-ser-entendidas-bajo-un-marco-unificado.png\" alt=\"\" width=\"400\" height=\"383\" \/><\/p>\n<p>&nbsp;<\/p>\n<p style=\"text-align: justify;\">Hemos llegado a poder discernir la relaci\u00f3n directa que vincula el tama\u00f1o, la energ\u00eda de uni\u00f3n y la edad de las estructuras fundamentales de la Naturaleza. Ahora, hemos llegado a comprender muchas de las cosas que, hasta hace bien poco tiempo, eran aut\u00e9nticos secretos que, el Universo, celosamente se guardaba, y, esa comprensi\u00f3n, nos llevar\u00e1 m\u00e1s lejos y nos permitir\u00e1 realizar un largo camino hacia el coraz\u00f3n mismo de la materia, donde seg\u00fan parece, pueden residir infinitesimales objetos m\u00e1s peque\u00f1os que los Quarks, en esa distancia inalcanzable ahora que hemos llamado, el L\u00edmite de Planck.<\/p>\n<blockquote>\n<p style=\"text-align: justify;\">Es una unidad te\u00f3rica pero con bases s\u00f3lidas: las constantes del Universo.\u00a0<b>Mide unos 10\u00af\u00b3\u2075 metros<\/b>, eso es 0.000000000000000000000000000000000016 metros o alrededor de una billon\u00e9sima de una billon\u00e9sima de una billon\u00e9sima de un metro.<\/p>\n<p>&nbsp;<\/p><\/blockquote>\n<p><img decoding=\"async\" src=\"https:\/\/wikimedia.org\/api\/rest_v1\/media\/math\/render\/svg\/628b580dcd254a7fde49a8edd9bde8f79b34f1e0\" alt=\"{\\displaystyle t_{P}={\\sqrt {\\frac {\\hbar G}{c^{5}}}}}\" \/><\/p>\n<p><img decoding=\"async\" loading=\"lazy\" class=\"\" src=\"https:\/\/i.imgur.com\/Wbb3xDQ.png\" width=\"586\" height=\"72\" \/><\/p>\n<p>&nbsp;<\/p>\n<p style=\"text-align: justify;\">A\u00fan estamos en el camino, no hemos podido llegar m\u00e1s lejos y, con la ayuda de los aceleradores hemos podido llegar hasta una diez billon\u00e9sima de segundo despu\u00e9s del <a href=\"#\" onclick=\"referencia('big bang',event); return false;\">Big Bang<\/a> que es menos que un pesta\u00f1eo con los p\u00e1rpados en toda la historia humana registrada. A pesar de ello, extra\u00f1amente, la investigaci\u00f3n de la evoluci\u00f3n del Universo reci\u00e9n nacido indica que ocurrieron muchas cosas a\u00fan antes, durante la primera \u00ednfima fracci\u00f3n de un segundo. Todos los te\u00f3ricos han tratado de elaborar una explicaci\u00f3n coherente de los primeros momentos de la historia c\u00f3smica. Por supuesto, sus ideas fueron esquem\u00e1ticas e incompletas, muchas de sus conjeturas, sin duda, se juzgaran deformadas o sencillamente err\u00f3neas, pero constituyeron una cr\u00f3nica mucho m\u00e1s aclaradora del Universo primitivo que la que ten\u00edamos antes.<\/p>\n<p>&nbsp;<\/p>\n<p style=\"text-align: justify;\">\u00a0 \u00a0\u00a0 \u00a0\u00a0 \u00a0\u00a0 \u00a0\u00a0 \u00a0\u00a0 \u00a0\u00a0 \u00a0\u00a0 \u00a0\u00a0 \u00a0\u00a0<a href=\"http:\/\/www.dgcs.unam.mx\/boletin\/bdboletin\/multimedia\/WAV100728\/447_01.jpg\" target=\"_blank\" rel=\"noopener\"><img decoding=\"async\" loading=\"lazy\" src=\"http:\/\/www.dgcs.unam.mx\/boletin\/bdboletin\/multimedia\/WAV100728\/447_01.jpg\" alt=\"\" width=\"500\" height=\"272\" \/><\/a><\/p>\n<p>&nbsp;<\/p>\n<p style=\"text-align: justify;\">Recreaci\u00f3n del Universo primitivo al que no hemos podido llegar en el momento mismo de su creaci\u00f3n, nos ha sido imposible recrear ese momento que llamamos <a href=\"#\" onclick=\"referencia('big bang',event); return false;\">Big Bang<\/a>, las matem\u00e1ticas no funcionan al tratar de formular la ecuaci\u00f3n precisa que nos muestre aquel momento.<\/p>\n<p style=\"text-align: justify;\">De todas las maneras, son muchas las im\u00e1genes de la Naturaleza, del Universo, que nos deja admirar su perfecci\u00f3n. Ve\u00e1mos por un momento varias tomas de la Nebulosa del \u00c1guila mostrada en Observatorio.<\/p>\n<p>&nbsp;<\/p>\n<p style=\"text-align: justify;\"><img decoding=\"async\" src=\"http:\/\/antwrp.gsfc.nasa.gov\/apod\/image\/0302\/m16_cfht.jpg\" alt=\"La Nebulosa del \u00c1guila por el CFHT\" \/><\/p>\n<div>\n<div>\n<div>\n<div>\n<div id=\"aq-block-44-3\">\n<div>\n<blockquote>\n<p style=\"text-align: justify;\">&#8220;A\u00fan se est\u00e1n formando estrellas azules en los\u00a0<a href=\"http:\/\/observatorio.info\/2003\/02\/la-nebulosa-del-aguila-por-el-cfht\/ap010812.html\">pilares oscuros<\/a>\u00a0de la\u00a0<a href=\"http:\/\/observatorio.info\/2003\/02\/la-nebulosa-del-aguila-por-el-cfht\/ap020611.html\">Nebulosa del \u00c1guila<\/a>.<\/p>\n<p style=\"text-align: justify;\">Es famosa gracias a una\u00a0<a href=\"http:\/\/observatorio.info\/2003\/02\/la-nebulosa-del-aguila-por-el-cfht\/ap011125.html\">fotograf\u00eda<\/a>\u00a0que le tom\u00f3 el\u00a0<a href=\"http:\/\/www.stsci.edu\/hst\/HST_overview\/\">Telescopio Espacial <a href=\"#\" onclick=\"referencia('hubble',event); return false;\">Hubble<\/a><\/a>\u00a0en 1995, la\u00a0<a href=\"http:\/\/www.seds.org\/messier\/m\/m016.html\">Nebulosa del \u00c1guila<\/a>\u00a0muestra el fant\u00e1stico proceso de formaci\u00f3n estelar.<\/p>\n<p style=\"text-align: justify;\">En la parte superior derecha de\u00a0<a href=\"http:\/\/www.cfht.hawaii.edu\/HawaiianStarlight\/AIOM\/English\/CFHT-Coelum-AIOM-Feb2003.html\">esta fotograf\u00eda<\/a>\u00a0se encuentra el coraz\u00f3n del\u00a0<a href=\"http:\/\/csep10.phys.utk.edu\/astr162\/lect\/clusters\/open.html\">c\u00famulo abierto<\/a>\u00a0M16. Las brillantes estrellas azules de\u00a0<a href=\"http:\/\/adsabs.harvard.edu\/cgi-bin\/nph-bib_query?bibcode=2002ApJ...565L..25S\">M16<\/a>\u00a0se han estado formando continuamente por m\u00e1s de 5 millones de a\u00f1os y m\u00e1s recientemente en los pilares centrales de\u00a0<a href=\"http:\/\/pearl1.lanl.gov\/periodic\/elements\/1.html\">gas<\/a>\u00a0y\u00a0<a href=\"http:\/\/observatorio.info\/2003\/02\/la-nebulosa-del-aguila-por-el-cfht\/ap010914.html\">polvo<\/a>, conocidos como\u00a0<a href=\"http:\/\/www.pbs.org\/wnet\/nature\/elephants\/trunk.html\">trompas de elefante<\/a>.<\/p>\n<p style=\"text-align: justify;\">La luz demora m\u00e1s de 7000 a\u00f1os en alcanzarnos desde\u00a0<a href=\"http:\/\/observatorio.info\/2003\/02\/la-nebulosa-del-aguila-por-el-cfht\/ap020103.html\">M16<\/a>y \u00e9sta mide cerca de 20\u00a0<a href=\"http:\/\/chandra.harvard.edu\/photo\/cosmic_distance.html\">a\u00f1os luz<\/a>,\u00a0<a href=\"http:\/\/observatorio.info\/2003\/02\/la-nebulosa-del-aguila-por-el-cfht\/ap990911.html\">puede ser vista<\/a>\u00a0con binoculares hacia la\u00a0<a href=\"http:\/\/www.astro.wisc.edu\/~dolan\/constellations\/extra\/constellations.html\">constelaci\u00f3n<\/a>\u00a0<a href=\"http:\/\/www.astronomical.org\/constellations\/ser.html\">Serpens<\/a>.&#8221;<\/p>\n<\/blockquote>\n<div>\u00a0Esta era la traducci\u00f3n que acompa\u00f1aba a la imagen.<\/div>\n<div><\/div>\n<div><\/div>\n<\/div>\n<\/div>\n<\/div>\n<\/div>\n<\/div>\n<div>\n<div id=\"aq-block-44-20\">\n<div data-isotope-options=\"{ &quot;layoutMode&quot;: &quot;fitRows&quot;, &quot;itemSelector&quot;: &quot;.post&quot; }\">\n<div>\n<div><img decoding=\"async\" loading=\"lazy\" class=\"\" src=\"https:\/\/www.esa.int\/var\/esa\/storage\/images\/esa_multimedia\/images\/2012\/01\/individual_images_that_make_up_the_final_stunning_new_view\/8555958-6-eng-GB\/Individual_images_that_make_up_the_final_stunning_new_view_article.jpg\" alt=\"ESA - La famosa Nebulosa del \u00c1guila cambia de imagen\" width=\"592\" height=\"446\" \/><\/div>\n<\/div>\n<div>\n<div><\/div>\n<div>\n<h2>\u00a0 \u00a0 \u00a0 \u00a0 \u00a0 \u00a0 \u00a0 \u00a0 \u00a0 Nebulosa del \u00c1guila distintas regiones<\/h2>\n<p>De lejos, todo parece una\u00a0 \u00e1guila\u00a0.\u00a0Pero una mirada m\u00e1s cercana a la\u00a0 nebulosa del \u00c1guila\u00a0muestra que la\u00a0 resplandeciente regi\u00f3n\u00a0es en&#8230;<\/p>\n<p><img decoding=\"async\" loading=\"lazy\" class=\"\" src=\"https:\/\/antwrp.gsfc.nasa.gov\/apod\/image\/0702\/m16composite_chandra720c.jpg\" alt=\"Rayos X y la Nebulosa Aguila |\" width=\"627\" height=\"522\" \/><img decoding=\"async\" loading=\"lazy\" class=\"\" src=\"https:\/\/antwrp.gsfc.nasa.gov\/apod\/image\/1202\/M16_HERSCHEL_XMM_02_900c.jpg\" alt=\"Rayos X y la Nebulosa Aguila |\" width=\"623\" height=\"578\" \/><\/p>\n<p>&nbsp;<\/p>\n<\/div>\n<\/div>\n<div>\n<div>\n<p style=\"text-align: justify;\">Las fascinantes im\u00e1genes de M16 (la Nebulosa del \u00c1guila) realizadas por el Observatorio de Rayos X Chandra, nos muestran muchas&#8230; En los pilares oscuros de la Nebulosa del \u00c1guila siguen form\u00e1ndose a\u00fan brillantes estrellas azules.<\/p>\n<p>&nbsp;<\/p>\n<\/div>\n<\/div>\n<\/div>\n<\/div>\n<\/div>\n<blockquote>\n<h3><img decoding=\"async\" loading=\"lazy\" src=\"https:\/\/www.abc.es\/Media\/201105\/03\/sloan-big-map--644x362.jpg\" alt=\"Resultado de imagen de El Universo sim\u00e9trico primitivo\" width=\"450\" height=\"253\" \/><\/h3>\n<\/blockquote>\n<\/div>\n<p style=\"text-align: justify;\">Al principio, cuando el universo era sim\u00e9trico, s\u00f3lo exist\u00eda una sola fuerza que unificaba a todas las que ahora conocemos, la gravedad, las fuerzas electromagn\u00e9ticas y las nucleares d\u00e9bil y fuerte, todas emerg\u00edan de aquel <a href=\"#\" onclick=\"referencia('plasma',event); return false;\">plasma<\/a> opaco de alta energ\u00eda que lo inundaba todo. M\u00e1s tarde, cuando el universo comenz\u00f3 a enfriarse, se hizo transparente y apareci\u00f3 la luz, las fuerzas se separaron en las cuatro conocidas, emergieron los primeros <a href=\"#\" onclick=\"referencia('quarks',event); return false;\">quarks<\/a> para unirse y formar <a href=\"#\" onclick=\"referencia('proton',event); return false;\">protones<\/a> y <a href=\"#\" onclick=\"referencia('neutron',event); return false;\">neutrones<\/a>, los primeros n\u00facleos aparecieron para atraer a los <a href=\"#\" onclick=\"referencia('electron',event); return false;\">electrones<\/a> que formaron aquellos primeros \u00e1tomos.<\/p>\n<p>&nbsp;<\/p>\n<p style=\"text-align: justify;\"><img decoding=\"async\" loading=\"lazy\" class=\"\" src=\"http:\/\/1.bp.blogspot.com\/-nsQdvEePcdA\/TmJh7h4QK6I\/AAAAAAAAC1o\/3IpFa8FqnQE\/s1600\/Estrella+Variable+V838%252C+sobre+20.000+a%25C3%25B1os-luz.jpg\" alt=\"Resultado de imagen de Doscientos millones de a\u00f1os despu\u00e9s del Big Bang, se formaron las primeras estrellas\" width=\"668\" height=\"502\" \/><\/p>\n<p>&nbsp;<\/p>\n<p style=\"text-align: justify;\">Doscientos millones de a\u00f1os m\u00e1s tarde, se formaron las primeras estrellas y galaxias. Con el paso del tiempo, las estrellas sintetizaron los elementos pesados de nuestros cuerpos, fabricados en supernovas que estallaron, incluso antes de que se formase el Sol. Podemos decir, sin temor a equivocarnos, que una supernova an\u00f3nima explot\u00f3 hace miles de millones de a\u00f1os y sembr\u00f3 la nube de gas que dio lugar a nuestro sistema solar, poniendo all\u00ed los materiales complejos y necesarios para que algunos miles de millones de a\u00f1os m\u00e1s tarde, tras la evoluci\u00f3n, apareci\u00e9ramos nosotros.<\/p>\n<p style=\"text-align: justify;\">\u00a1Qu\u00e9 cosas! El asombro se junta con la maravilla y nos lleva a comprender que, la ignorancia, quiz\u00e1 sea nuestro mayor patrimonio, ya que, el saber es escaso y comprender, comprendemos con cierta lentitud, la que impone el ritmo del Universo. Todo tiene su tiempo marcado y nuestra comprensi\u00f3n&#8230;tambi\u00e9n.<\/p>\n<blockquote>\n<p style=\"text-align: justify;\"><strong>Emilio Silvera V.<\/strong><\/p>\n<\/blockquote>\n<div class='bookmark'>\r\n\t\t<table align='left' border='0' cellpadding='0' width='100%'>\r\n\t\t<tr><td><span class='pushbutton'><a href='http:\/\/delicious.com\/post?url=https%3A%2F%2Fwww.emiliosilveravazquez.com%2Fblog%2F2026%2F01%2F28%2Fsi-existe-la-perfeccion-estara-en-la-naturaleza%2F&amp;title=Si+existe+la+perfecci%C3%B3n%2C+estar%C3%A1+en+la+Naturaleza' title='Delicious' target='_blank' rel='nofollow'><img src='https:\/\/www.emiliosilveravazquez.com\/blog\/wp-content\/plugins\/knxdt-bookmarks-wordpress-plugin\/images\/delicious.png'  alt='' class='book_img' border='none' style='margin:1px; padding: 0;'  \/><\/a><\/span><span class='pushbutton'><a href='http:\/\/digg.com\/submit?url=https%3A%2F%2Fwww.emiliosilveravazquez.com%2Fblog%2F2026%2F01%2F28%2Fsi-existe-la-perfeccion-estara-en-la-naturaleza%2F&amp;title=Si+existe+la+perfecci%C3%B3n%2C+estar%C3%A1+en+la+Naturaleza' title='Digg' target='_blank' rel='nofollow'><img src='https:\/\/www.emiliosilveravazquez.com\/blog\/wp-content\/plugins\/knxdt-bookmarks-wordpress-plugin\/images\/digg.png'  alt='' class='book_img' border='none' style='margin:1px; padding: 0;'  \/><\/a><\/span><span class='pushbutton'><a href='http:\/\/www.google.com\/bookmarks\/mark?op=edit&amp;bkmk=https%3A%2F%2Fwww.emiliosilveravazquez.com%2Fblog%2F2026%2F01%2F28%2Fsi-existe-la-perfeccion-estara-en-la-naturaleza%2F&amp;title=Si+existe+la+perfecci%C3%B3n%2C+estar%C3%A1+en+la+Naturaleza' title='Google' target='_blank' rel='nofollow'><img src='https:\/\/www.emiliosilveravazquez.com\/blog\/wp-content\/plugins\/knxdt-bookmarks-wordpress-plugin\/images\/google.png'   alt='' class='book_img' border='none' style='margin:1px; padding: 0;'  \/><\/a><\/span><span class='pushbutton'><a href='http:\/\/myweb2.search.yahoo.com\/myresults\/bookmarklet?u=https%3A%2F%2Fwww.emiliosilveravazquez.com%2Fblog%2F2026%2F01%2F28%2Fsi-existe-la-perfeccion-estara-en-la-naturaleza%2F&amp;t=Si+existe+la+perfecci%C3%B3n%2C+estar%C3%A1+en+la+Naturaleza' title='Yahoo' target='_blank' rel='nofollow'><img src='https:\/\/www.emiliosilveravazquez.com\/blog\/wp-content\/plugins\/knxdt-bookmarks-wordpress-plugin\/images\/yahoo.png'  alt='' class='book_img' border='none' style='margin:1px; padding: 0;'  \/><\/a><\/span><span class='pushbutton'><a href='http:\/\/www.technorati.com\/faves?add=https%3A%2F%2Fwww.emiliosilveravazquez.com%2Fblog%2F2026%2F01%2F28%2Fsi-existe-la-perfeccion-estara-en-la-naturaleza%2F' title='Technorati' target='_blank' rel='nofollow'><img src='https:\/\/www.emiliosilveravazquez.com\/blog\/wp-content\/plugins\/knxdt-bookmarks-wordpress-plugin\/images\/technorati.png'  alt='' class='book_img' border='none' style='margin:1px; padding: 0;'  \/><\/a><\/span><span class='pushbutton'><a href='http:\/\/meneame.net\/submit.php?url=https%3A%2F%2Fwww.emiliosilveravazquez.com%2Fblog%2F2026%2F01%2F28%2Fsi-existe-la-perfeccion-estara-en-la-naturaleza%2F' title='Meneame' target='_blank' rel='nofollow'><img src='https:\/\/www.emiliosilveravazquez.com\/blog\/wp-content\/plugins\/knxdt-bookmarks-wordpress-plugin\/images\/meneame.png'  alt='' class='book_img' border='none' style='margin:1px; padding: 0;'  \/><\/a><\/span><span class='pushbutton'><a href='http:\/\/enchilame.com\/submit.php?url=https:\/\/www.emiliosilveravazquez.com\/blog\/2026\/01\/28\/si-existe-la-perfeccion-estara-en-la-naturaleza\/' target='_blank' rel='nofollow'><img title='Enchilame' src='https:\/\/www.emiliosilveravazquez.com\/blog\/wp-content\/plugins\/knxdt-bookmarks-wordpress-plugin\/images\/enchilame.png'  alt='' class='book_img' border='none' style='margin:1px; padding: 0;'  \/><\/a><\/span><span class='pushbutton'><a href='http:\/\/www.blinklist.com\/index.php?Action=Blink\/addblink.php&amp;Description=&amp;Url=https%3A%2F%2Fwww.emiliosilveravazquez.com%2Fblog%2F2026%2F01%2F28%2Fsi-existe-la-perfeccion-estara-en-la-naturaleza%2F&amp;title=Si+existe+la+perfecci%C3%B3n%2C+estar%C3%A1+en+la+Naturaleza' title='BlinkList' target='_blank' rel='nofollow'><img src='https:\/\/www.emiliosilveravazquez.com\/blog\/wp-content\/plugins\/knxdt-bookmarks-wordpress-plugin\/images\/blinklist.png'  alt='' class='book_img' border='none' style='margin:1px; padding: 0;'  \/><\/a><\/span><span class='pushbutton'><a href='http:\/\/reddit.com\/submit?url=https%3A%2F%2Fwww.emiliosilveravazquez.com%2Fblog%2F2026%2F01%2F28%2Fsi-existe-la-perfeccion-estara-en-la-naturaleza%2F&amp;title=Si+existe+la+perfecci%C3%B3n%2C+estar%C3%A1+en+la+Naturaleza' title='Reddit' target='_blank' rel='nofollow'><img src='https:\/\/www.emiliosilveravazquez.com\/blog\/wp-content\/plugins\/knxdt-bookmarks-wordpress-plugin\/images\/reddit.png'  alt='' class='book_img' border='none' style='margin:1px; padding: 0;'  \/><\/a><\/span><span class='pushbutton'><a href='http:\/\/www.tecnologiadiaria.com\/2009\/07\/abrir-com-hotmail-correo.html' target='_blank' title='hotmail'><img src='https:\/\/www.emiliosilveravazquez.com\/blog\/wp-content\/plugins\/knxdt-bookmarks-wordpress-plugin\/images\/linklove.png' alt='hotmail correo' class='book_img' border='none' style='margin:1px; padding: 0;' \/><\/a><\/span><span class='pushbutton'><a href='http:\/\/bitacoras.com\/votar\/anotacion\/externo\/mini\/www.emiliosilveravazquez.com\/blog\/2026\/01\/28\/si-existe-la-perfeccion-estara-en-la-naturaleza\/' title='Bitacoras.com' target='_blank' rel='nofollow'><img src='https:\/\/www.emiliosilveravazquez.com\/blog\/wp-content\/plugins\/knxdt-bookmarks-wordpress-plugin\/images\/bitacoras.png'  alt='' class='book_img' border='none' style='margin:1px; padding: 0;'  \/><\/a><\/span><span class='pushbutton'><a href='http:\/\/www.wikio.es\/vote?url=https%3A%2F%2Fwww.emiliosilveravazquez.com%2Fblog%2F2026%2F01%2F28%2Fsi-existe-la-perfeccion-estara-en-la-naturaleza%2F' title='Wikio' target='_blank' rel='nofollow'><img src='https:\/\/www.emiliosilveravazquez.com\/blog\/wp-content\/plugins\/knxdt-bookmarks-wordpress-plugin\/images\/wikio.png'   alt='' class='book_img' border='none' style='margin:1px; padding: 0;'   \/><\/a><\/span><span class='pushbutton'><a href='http:\/\/friendfeed.com\/?url=https%3A%2F%2Fwww.emiliosilveravazquez.com%2Fblog%2F2026%2F01%2F28%2Fsi-existe-la-perfeccion-estara-en-la-naturaleza%2F&amp;title=Si+existe+la+perfecci%C3%B3n%2C+estar%C3%A1+en+la+Naturaleza' title='Friend Feed' target='_blank' rel='nofollow'><img src='https:\/\/www.emiliosilveravazquez.com\/blog\/wp-content\/plugins\/knxdt-bookmarks-wordpress-plugin\/images\/friendfeed.png'  alt='' class='book_img' border='none' style='margin:1px; padding: 0;'  \/><\/a><\/span><span class='pushbutton'><a href='http:\/\/www.facebook.com\/share.php?u=https%3A%2F%2Fwww.emiliosilveravazquez.com%2Fblog%2F2026%2F01%2F28%2Fsi-existe-la-perfeccion-estara-en-la-naturaleza%2F&amp;t=Si+existe+la+perfecci%C3%B3n%2C+estar%C3%A1+en+la+Naturaleza' title='Facebook' target='_blank' rel='nofollow'><img src='https:\/\/www.emiliosilveravazquez.com\/blog\/wp-content\/plugins\/knxdt-bookmarks-wordpress-plugin\/images\/facebook.png'  alt='' class='book_img' border='none' style='margin:1px; padding: 0;'  \/><\/a><\/span><span class='pushbutton'><a href='http:\/\/twitter.com\/home?status=Si+existe+la+perfecci%C3%B3n%2C+estar%C3%A1+en+la+Naturaleza: https%3A%2F%2Fwww.emiliosilveravazquez.com%2Fblog%2F2026%2F01%2F28%2Fsi-existe-la-perfeccion-estara-en-la-naturaleza%2F' title='Twitter' target='_blank' rel='nofollow'><img src='https:\/\/www.emiliosilveravazquez.com\/blog\/wp-content\/plugins\/knxdt-bookmarks-wordpress-plugin\/images\/twitter.png'  alt='' class='book_img' border='none' style='margin:1px; padding: 0;'  \/><\/a><\/span><span class='pushbutton'><a href='http:\/\/www.feedburner.com\/fb\/a\/emailFlare?itemTitle=Si+existe+la+perfecci%C3%B3n%2C+estar%C3%A1+en+la+Naturaleza&amp;uri=https%3A%2F%2Fwww.emiliosilveravazquez.com%2Fblog%2F2026%2F01%2F28%2Fsi-existe-la-perfeccion-estara-en-la-naturaleza%2F' title='Enviar por Email' target='_blank' rel='nofollow'><img src='https:\/\/www.emiliosilveravazquez.com\/blog\/wp-content\/plugins\/knxdt-bookmarks-wordpress-plugin\/images\/email.png'  alt='' class='book_img' border='none' style='margin:1px; padding: 0;'  \/><\/a><\/span><span style='font-weight:bold; padding-left: 5px;'><a href='http:\/\/wordpress.org\/extend\/plugins\/knxdt-bookmarks-wordpress-plugin\/' title='Plugin' rel='nofollow' target='_blank'>[?]<\/a><\/span><\/td><\/tr><\/table><br\/><br\/><\/div>","protected":false},"excerpt":{"rendered":"<p>&nbsp; Belleza gal\u00e1ctica: Impresionante imagen del universo captada por el telescopio J. Webb. &nbsp; El Universo est\u00e1 construido seg\u00fan un plan cuya profunda simetr\u00eda est\u00e1 presente de alg\u00fan modo en la estructura interna de nuestro intelecto. Y, desde luego, si lo pensamos profundamente, tendremos que dar la raz\u00f3n a Paul Valery por tales pensamientos, ya [&hellip;]<\/p>\n","protected":false},"author":2,"featured_media":0,"comment_status":"open","ping_status":"open","sticky":false,"template":"","format":"standard","meta":{"_s2mail":"yes","footnotes":""},"categories":[6],"tags":[],"_links":{"self":[{"href":"https:\/\/www.emiliosilveravazquez.com\/blog\/wp-json\/wp\/v2\/posts\/7237"}],"collection":[{"href":"https:\/\/www.emiliosilveravazquez.com\/blog\/wp-json\/wp\/v2\/posts"}],"about":[{"href":"https:\/\/www.emiliosilveravazquez.com\/blog\/wp-json\/wp\/v2\/types\/post"}],"author":[{"embeddable":true,"href":"https:\/\/www.emiliosilveravazquez.com\/blog\/wp-json\/wp\/v2\/users\/2"}],"replies":[{"embeddable":true,"href":"https:\/\/www.emiliosilveravazquez.com\/blog\/wp-json\/wp\/v2\/comments?post=7237"}],"version-history":[{"count":0,"href":"https:\/\/www.emiliosilveravazquez.com\/blog\/wp-json\/wp\/v2\/posts\/7237\/revisions"}],"wp:attachment":[{"href":"https:\/\/www.emiliosilveravazquez.com\/blog\/wp-json\/wp\/v2\/media?parent=7237"}],"wp:term":[{"taxonomy":"category","embeddable":true,"href":"https:\/\/www.emiliosilveravazquez.com\/blog\/wp-json\/wp\/v2\/categories?post=7237"},{"taxonomy":"post_tag","embeddable":true,"href":"https:\/\/www.emiliosilveravazquez.com\/blog\/wp-json\/wp\/v2\/tags?post=7237"}],"curies":[{"name":"wp","href":"https:\/\/api.w.org\/{rel}","templated":true}]}}