{"id":6764,"date":"2025-03-06T19:30:26","date_gmt":"2025-03-06T18:30:26","guid":{"rendered":"http:\/\/www.emiliosilveravazquez.com\/blog\/?p=6764"},"modified":"2025-03-06T19:35:44","modified_gmt":"2025-03-06T18:35:44","slug":"las-cosas-son-como-son-y-no-de-otra-manera","status":"publish","type":"post","link":"https:\/\/www.emiliosilveravazquez.com\/blog\/2025\/03\/06\/las-cosas-son-como-son-y-no-de-otra-manera\/","title":{"rendered":"Las cosas son como son y no de otra manera"},"content":{"rendered":"<p><img decoding=\"async\" loading=\"lazy\" class=\"\" src=\"https:\/\/lamenteesmaravillosa.com\/wp-content\/uploads\/2014\/03\/article_13935805663.jpg\" alt=\"Amores que siguen en nuestra memoria - La Mente es Maravillosa\" width=\"583\" height=\"386\" \/><\/p>\n<p><strong>No es poder recordar,<\/strong><\/p>\n<p><strong>sino todo lo contrario,<\/strong><\/p>\n<p><strong>la condici\u00f3n necesaria<\/strong><\/p>\n<p><strong>para nuestra existencia en paz.<\/strong><\/p>\n<p><strong>Si el recuerdo es de la amada que se fue,<\/strong><\/p>\n<p><strong>tendremos el dolor,<\/strong><\/p>\n<p><strong>Si el recuerdo nos trae momentos amargos,<\/strong><\/p>\n<p><strong>tendremos dolor.<\/strong><\/p>\n<p><strong>Pero, si podemos olvidar, retomaremos una vida en paz.<\/strong><\/p>\n<p><strong>Sin embargo, y, a pesar de todo, yo prefiero el dolor que me trae<\/strong><\/p>\n<p><strong>ese recuerdo feliz, de otra manera, \u00bfQu\u00e9 vida ser\u00eda la m\u00eda? No ser\u00eda mi vida.<br \/>\n<\/strong><\/p>\n<p><strong>\u00a1La Vida! amigos m\u00edos, no se nos ha regalado,<\/strong><\/p>\n<p><strong>la vida la tenemos que pagar&#8230;\u00a1De tantas maneras!<\/strong><\/p>\n<p>&nbsp;<\/p>\n<p><img decoding=\"async\" loading=\"lazy\" class=\"\" src=\"https:\/\/educacionlibreencasa.wordpress.com\/wp-content\/uploads\/2017\/08\/igualesydiferentes.jpeg?w=820&amp;h=312&amp;crop=1\" alt=\"SOMOS IGUALES, SOMOS DIFERENTES \u2013 Educaci\u00f3n Infantil\" width=\"563\" height=\"214\" \/><\/p>\n<p style=\"text-align: justify;\">Siempre ser\u00e1 de la misma manera. A pesar de nuestras similitudes, ninguno de nosotros seremos nunca exactamente igual a otro. Con los mundos pasa otro tanto de lo mismo, ser\u00e1n casi iguales, coincidir\u00e1n en muchos de sus par\u00e1metros pero, siempre tendr\u00e1n detalles grandes o peque\u00f1os que los diferenciaran a los unos de los otros. Creo que, lo \u00fanico que podemos decir que son iguales, est\u00e1 situado en el mundo microsc\u00f3pico de las part\u00edculas: dos <a href=\"#\" onclick=\"referencia('proton',event); return false;\">protones<\/a> son exactos al igual que dos <a href=\"#\" onclick=\"referencia('electron',event); return false;\">electrones<\/a> o dos <strong>Quarks dowm<\/strong>. Ni las Nebulosas ni las Galaxias son nunca de la misma manera aunque ambas, puedan contener los mismos elementos.<\/p>\n<p>&nbsp;<\/p>\n<p><img decoding=\"async\" loading=\"lazy\" class=\"\" src=\"https:\/\/cdn.eso.org\/images\/screen\/eso1042a.jpg\" alt=\"Galaxias espirales al descubierto | ESO Espa\u00f1a\" width=\"506\" height=\"372\" \/><\/p>\n<p><strong>Cada una tiene su propia identidad<\/strong><\/p>\n<p>&nbsp;<\/p>\n<p><img decoding=\"async\" loading=\"lazy\" class=\"\" src=\"https:\/\/ichef.bbci.co.uk\/news\/1024\/branded_mundo\/D16E\/production\/_92241635_pilares8.jpg\" alt=\"Calamidad c\u00f3smica&quot;: qu\u00e9 dicen del Universo las espectaculares im\u00e1genes de los pilares de la destrucci\u00f3n - BBC News Mundo\" width=\"505\" height=\"284\" \/><\/p>\n<p><strong>Los materiales que la conforman son id\u00e9nticos, las formas diferentes<\/strong><\/p>\n<p>&nbsp;<\/p>\n<p><iframe loading=\"lazy\" title=\"3 Planetas m\u00e1s Habitables que la Tierra\" width=\"500\" height=\"281\" src=\"https:\/\/www.youtube.com\/embed\/npU3cu50yDE?feature=oembed\" frameborder=\"0\" allow=\"accelerometer; autoplay; clipboard-write; encrypted-media; gyroscope; picture-in-picture; web-share\" referrerpolicy=\"strict-origin-when-cross-origin\" allowfullscreen><\/iframe><\/p>\n<p style=\"text-align: justify;\">La Tierra no es el \u00fanico planeta habitable, no hemos podido a\u00fan llegar a ning\u00fan otro mundo que ofrezca ecosistemas aptos para la vida, nuestra tecnolog\u00eda tiene mucho que avanzar. Sin embargo, se espera que en el Futuro (a\u00fan lejano), podamos visitar planetas parecidos al nuestro, y, se sabe (ya se han descubierto m\u00e1s de 5.000 mundos), que son muchos los mundos que orbitan a unos 30.000 millones de estrellas de la misma clase que nuestro Sol (d<\/p>\n<p>solo en la V\u00eda L\u00e1ctea). \u00bfCu\u00e1ntos m\u00e1s no habr\u00e1 en el resto de las galaxias?<\/p>\n<p>Estamos en un Universo din\u00e1mico, en el tido se repite pero&#8230; \u00a1De manera diferente!<\/p>\n<p><!--more--><\/p>\n<p>&nbsp;<\/p>\n<p><img decoding=\"async\" loading=\"lazy\" class=\"\" src=\"https:\/\/i.ytimg.com\/vi\/fPASaKjykSw\/maxresdefault.jpg\" alt=\"\u00bfQu\u00e9 es la EDAD DE PIEDRA?\" width=\"544\" height=\"306\" \/><img decoding=\"async\" loading=\"lazy\" class=\"\" src=\"https:\/\/www.socialhizo.com\/images\/edad_antigua\/sumerios\/primera-gran-civilizacion\/sumerios.jpg\" alt=\"Sumerios: Primera Gran Civilizaci\u00f3n | Social Hizo\" width=\"543\" height=\"264\" \/><img decoding=\"async\" loading=\"lazy\" class=\"\" src=\"https:\/\/i0.wp.com\/diazvillanueva.com\/wp-content\/uploads\/2020\/10\/Escuela-Atenas-rafael.jpg?resize=678%2C381&amp;ssl=1\" alt=\"Los or\u00edgenes del Renacimiento - Fernando D\u00edaz Villanueva\" width=\"545\" height=\"306\" \/><img decoding=\"async\" loading=\"lazy\" class=\"\" src=\"https:\/\/catalunyaplural.cat\/wp-content\/uploads\/2021\/09\/1366_2000.jpg\" alt=\"Hacia una nueva edad media? - Catalunya Plural\" width=\"547\" height=\"389\" \/><img decoding=\"async\" loading=\"lazy\" class=\"\" src=\"https:\/\/enciclopediarte.com\/wp-content\/uploads\/2020\/03\/Botticelli_La_Primavera.jpg\" alt=\"Renacimiento | Contexto y caracter\u00edsticas de este movimiento\" width=\"547\" height=\"343\" \/><img decoding=\"async\" loading=\"lazy\" class=\"\" src=\"https:\/\/mirincondehistoria.wordpress.com\/wp-content\/uploads\/2013\/01\/sociedadsigloxix2.jpg?w=490&amp;h=330\" alt=\"sociedadsigloxix2\" width=\"545\" height=\"367\" \/><img decoding=\"async\" loading=\"lazy\" class=\"\" src=\"https:\/\/competenciasdelsiglo21.com\/wp-content\/uploads\/2016\/10\/Principalbien-e1477928470832.jpg\" alt=\"Retrado de la Sociedad de Consumo - Competencias personales y profesionales para el Siglo XXI\" width=\"548\" height=\"365\" \/><img decoding=\"async\" loading=\"lazy\" class=\"\" src=\"https:\/\/www.entrelineas.info\/media\/cache\/pub_news_details_large\/media\/i\/e5a11fc830f859fc57c2c7dc27596ab297227404.jpg\" alt=\"Por qu\u00e9 se celebra hoy en todo el mundo el D\u00eda de Internet | Entrel\u00edneas.info\" width=\"537\" height=\"302\" \/><\/p>\n<p style=\"text-align: justify;\">Todo cambia con el paso inexorable del Tiempo. Miramos hacia el pasado y podemos contemplar aquellas Sociedades de nuestros ancestros, siempre tratando de mejorar mirando hacia un Futuro que nunca podr\u00edan alcanzar, y, sus descendientes que ser\u00edan los habitantes de ese Futuro que vislumbraban&#8230; \u00a1Tambi\u00e9n estar\u00edan en un Presente! El Futuro nunca nadie lo podr\u00e1 visitar, es un Tiempo por venir, no tenemos ning\u00fan camino que nos pueda dar acceso a ese hipot\u00e9tico lugar.<\/p>\n<p>&nbsp;<\/p>\n<p><iframe loading=\"lazy\" title=\"Continuidad y cambio en la historia | InvestigAmigos\" width=\"500\" height=\"281\" src=\"https:\/\/www.youtube.com\/embed\/f86FQJWL-Rk?feature=oembed\" frameborder=\"0\" allow=\"accelerometer; autoplay; clipboard-write; encrypted-media; gyroscope; picture-in-picture; web-share\" referrerpolicy=\"strict-origin-when-cross-origin\" allowfullscreen><\/iframe><\/p>\n<p>Si nuestros abuelos levantaran la cabeza&#8230;<\/p>\n<p style=\"text-align: justify;\">El cambio es un desaf\u00edo. Vivimos en el per\u00edodo de mayor velocidad del movimiento de la historia humana. El mundo que nos rodea est\u00e1 impulsado por fuerzas que hace nuestras vidas cada vez m\u00e1s sensibles a cambios peque\u00f1os y respuestas repentinas. El desarrollo de Internet y los tent\u00e1culos de la Red Mundial nos ponen inmediatamente en contacto con ordenadores y con sus propietarios en cualquier parte del mundo. Los riesgos del progreso industrial desenfrenado han provocado da\u00f1os ecol\u00f3gicos y cambios medioambientales de los que no tenemos idea de qu\u00e9 repercuci\u00f3n futura tendr\u00e1 en el devenir del planeta y, de nosotros mismos. Todo est\u00e1 sucediendo a una velocidad que, a veces, parece que se nos puede escapar de entre los dedos de la mano, sin que nada podamos hacer por frenar tal desvar\u00edo.<\/p>\n<p>&nbsp;<\/p>\n<p><img decoding=\"async\" loading=\"lazy\" class=\"\" src=\"https:\/\/www.codigoqro.mx\/wp-content\/uploads\/2023\/04\/CQ-SAHARA.jpg\" alt=\"El desierto del Sahara era un mar - C\u00f3digoQro\" width=\"619\" height=\"302\" \/><\/p>\n<div class=\"bbc-18ywsw9\"><img decoding=\"async\" loading=\"lazy\" class=\"bbc-139onq\" src=\"https:\/\/ichef.bbci.co.uk\/ace\/ws\/640\/cpsprodpb\/11481\/production\/_95258707_serengeti2bbc.jpg.webp\" sizes=\"(min-width: 1008px) 760px, 100vw\" srcset=\"https:\/\/ichef.bbci.co.uk\/ace\/ws\/240\/cpsprodpb\/11481\/production\/_95258707_serengeti2bbc.jpg.webp 240w, https:\/\/ichef.bbci.co.uk\/ace\/ws\/320\/cpsprodpb\/11481\/production\/_95258707_serengeti2bbc.jpg.webp 320w, https:\/\/ichef.bbci.co.uk\/ace\/ws\/480\/cpsprodpb\/11481\/production\/_95258707_serengeti2bbc.jpg.webp 480w, https:\/\/ichef.bbci.co.uk\/ace\/ws\/624\/cpsprodpb\/11481\/production\/_95258707_serengeti2bbc.jpg.webp 624w, https:\/\/ichef.bbci.co.uk\/ace\/ws\/800\/cpsprodpb\/11481\/production\/_95258707_serengeti2bbc.jpg.webp 800w\" alt=\"El Serengueti, en Tanzania\" width=\"616\" height=\"347\" \/><\/div>\n<p><strong><span role=\"text\">\u00a0 \u00a0 \u00a0 Este es el Serengueti \u00bfHabr\u00e1 sido as\u00ed el Sahara hace 5.000 a\u00f1os?<\/span><\/strong><\/p>\n<p><strong>\u00a0 \u00a0 \u00a0 \u00a0 \u00a0 \u00a0 \u00a0 \u00a0 \u00a0 \u00a0 \u00a0 \u00a0 \u00a0 \u00a0 \u00a0 \u00a0 \u00a0 \u00a0 \u00a0 Los ecosistemas no permanecen\u00a0<\/strong><\/p>\n<p>&nbsp;<\/p>\n<blockquote>\n<p style=\"text-align: justify;\">El desierto del S\u00e1hara ha sido un vergel y ha tenido r\u00edos y lagos en varios per\u00edodos durante los \u00faltimos 800.000 a\u00f1os.\u00a0<b>Cuando el Sahara fue un mar en el que habitaban criaturas gigantescas.<\/b><\/p>\n<\/blockquote>\n<p>&nbsp;<\/p>\n<blockquote><p><img decoding=\"async\" src=\"https:\/\/blogger.googleusercontent.com\/img\/b\/R29vZ2xl\/AVvXsEhmiP3NMZw8ZyWonDvVcDdEL9wMZC3GHzQUfP7v1VdMl_a-eu4Z6PmGJc6BXaqa5oyVlAPFVsLRaU8_k8fwuxQAfHZWs0tH7kDFmf_D7j2tBWJvVeDoDVa969USWPi5pmePpqjJOlx3p98\/s1600\/Burro.jpg\" alt=\"JUGUETES Y JUEGOS DE CALLE DE LOS A\u00d1OS 60 Y 70 - CAVILACIONES DE LAGARTIJA ERROR 404 - CAVILACIONES DE LAGARTIJA\" \/><\/p>\n<p style=\"text-align: justify;\"><b>Churro, mango, mediomango, mangotero<\/b>. Era un juego de ni\u00f1os, un poco bestia. Los de abajo lo pasaban mal, pero no se quejaban, claro. Hab\u00eda que aguantar el m\u00e1ximo de tiempo posible sin caerse.<\/p>\n<p>&nbsp;<\/p>\n<p><img decoding=\"async\" src=\"https:\/\/blogger.googleusercontent.com\/img\/b\/R29vZ2xl\/AVvXsEiMc9Za5zl7cnOYYEH0LdUgf79kkODpJ_Ft6oHIXB1xkPmUrNvIwfRmqc5xRzZnM_3BbnzzgQ6sdai7rM-c72rwH43zW62u2t7Nq85Oi5Pz8LF3_GhSPAohL7ZEvraGkpmhy6EJkkrlIBs\/s320\/Rayuela_2.jpg\" \/><\/p>\n<p style=\"text-align: justify;\"><b>La Rayuela.<\/b>\u00a0Hab\u00eda que ir deslizando un trozo de piedra por el dibujo del suelo, empuj\u00e1ndolo con el pie, saltando a la pata coja. Nunca le encontr\u00e9 la gracia, la verdad.<\/p>\n<p>&nbsp;<\/p>\n<p><img decoding=\"async\" src=\"https:\/\/blogger.googleusercontent.com\/img\/b\/R29vZ2xl\/AVvXsEhcT_VfgEIOnOeBXeXdMUKpADrkr3v7kJh502qjY_9R4f3dqFHThZSApx_0srva3mMft_-x4Lq-0wly9Tc4MIXr8393uUEtIzMjkUN3ZNiTVOY7X8z1S3IM4RN0PHM5oHI9I2kNlac5fKQ\/s320\/corro.jpg\" \/><img decoding=\"async\" loading=\"lazy\" class=\"\" src=\"https:\/\/blogger.googleusercontent.com\/img\/b\/R29vZ2xl\/AVvXsEiU7j2CqE7HlaLt2hbXSffz3ONJW3umuSk9h4jG_95eJPhxBS-L4Fe-303Ruczly3l2UWgpMtLrHZSTJpIIeVMPPZGyNNoEYmQpZAyWgymInopvth7MS0PB451-oxT_94CEANfX5EbYDSU\/s1600\/juego+de+canicas.jpg\" width=\"274\" height=\"173\" \/><\/p>\n<p><strong>La Rueda, las canicas<\/strong><\/p>\n<p>&nbsp;<\/p>\n<p><img decoding=\"async\" loading=\"lazy\" class=\"\" src=\"https:\/\/blogger.googleusercontent.com\/img\/b\/R29vZ2xl\/AVvXsEi5sNODruKQdjCEtmtm6afCMz9tAjHUTpUUdPMlXlvUllHkoXZACenMB_HskmJUDGtMHkx74yVG9Rf7UFsVaQNdijZTSkUcRGq6VZvmnjFG7SvtBnwVeANRRrLCqZNiLvTfMtCT0ywW3ZA\/s1600\/peonza.jpg\" width=\"342\" height=\"256\" \/><img decoding=\"async\" src=\"https:\/\/blogger.googleusercontent.com\/img\/b\/R29vZ2xl\/AVvXsEjBqJzIAILWeps6MdIJAvqXm6_SAM3DkdK1X7-N60YPiDE7t6rf317UmT-rccj3K37RGscYH0jA_W1VghgFq7gN0SHJucuVgUDqxmpqlVcTsAFk2R_-0AKP5sGMVx1X4GFM1D99DXJQk7U\/s1600\/saltarcomba.jpg\" \/><\/p>\n<p><strong>Bailar el trompo y saltar la comba<\/strong><\/p>\n<p>No ten\u00edamos medios para juguetes y nos lo invent\u00e1bamos, lo pas\u00e1bamos muy bien.<\/p><\/blockquote>\n<p style=\"text-align: justify;\">Todo parece diferente. Hasta los ni\u00f1os parecen crecer antes y, son m\u00e1s listos a edades m\u00e1s tempranas, \u00bfD\u00f3nde qued\u00f3 aquella candidez de los ni\u00f1os? Ellos, ahora no te hacen preguntas, te corrigen. Los pol\u00edticos, para ir a la velocidad de los tiempos, cambian de signo y de alineaciones pol\u00edticos que hoy es una y ma\u00f1ana otra dependiente de sus intereses part\u00edculas (nunca de los generales que, en realidad, les importa un pito). Incluso los seres humanos y la informaci\u00f3n que lelvan incorporada se enfrentan a la intervenci\u00f3n editorial que supone la ambiciosa cirug\u00eda de sustituci\u00f3n o la reprogramaci\u00f3n de parte de nuestro c\u00f3digo gen\u00e9tico. Muchas formas de progreso se est\u00e1n acelerando y cada vez m\u00e1s fragmentos de nuestra experiencia se han entrelazado con el af\u00e1n de explorar todo lo que sea posible.<\/p>\n<p>&nbsp;<\/p>\n<p><img decoding=\"async\" loading=\"lazy\" class=\"\" src=\"https:\/\/www.kepabilbao.com\/wp-content\/uploads\/2017\/07\/10-01.jpg\" alt=\"La ciencia en el siglo XIX \u2013 Kepa Bilbao Ariztimu\u00f1o\" width=\"413\" height=\"295\" \/><img decoding=\"async\" loading=\"lazy\" class=\"\" src=\"https:\/\/metode.es\/wp-content\/uploads\/2013\/04\/41_50_BGG.jpg\" alt=\"El impacto de lo nuevo: la ciencia popular en una \u00e9poca de descubrimientos - Revista M\u00e8tode\" width=\"417\" height=\"278\" \/><\/p>\n<blockquote>\n<p style=\"text-align: justify;\">Las Ciencia se despierta, aparece la imprenta, En la segunda mitad del siglo XIX, Darwin publica La descendencia del hombre y la selecci\u00f3n en relaci\u00f3n al sexo (1871), doce a\u00f1os despu\u00e9s de la publicaci\u00f3n de El Origen de las especies. La obra est\u00e1 dedicada al estudio detallado de la explicaci\u00f3n de las diferencias sexuales de los animales seg\u00fan una l\u00ednea evolutiva progresiva.<\/p>\n<\/blockquote>\n<p>&nbsp;<\/p>\n<p><img decoding=\"async\" src=\"https:\/\/espanol.ucg.org\/files\/styles\/full_grid9\/public\/image\/article\/2019\/09\/02\/the-search-for-life-are-we-alone.jpg\" alt=\"B\u00fasqueda de vida en el universo:: \u00bfEstamos solos? | Iglesia de Dios Unida\" \/><\/p>\n<p style=\"text-align: justify;\">En el mundo de la exploraci\u00f3n cient\u00edfica, reconocer el impacto de cambio no es tan nuevo. Hacia finales del s. XIX se hab\u00eda llegado a saber que hubo un tiempo en que la Tierra y nuestro Sistema Solar no exist\u00edan; que la especie humana deb\u00eda haber cambiado en apariencia y en el promedio de su capacidad mental a lo largo de enormes per\u00edodos de tiempo; y que, en cierto sentido, amplio y general, el Universo deber\u00eda estar degrad\u00e1ndose, haci\u00e9ndose un lugar menos hospitalario y ordenado. Durante el s. XX hemos revestido de carne esta imagen esquel\u00e9tica de un Universo cambiante.<\/p>\n<p>&nbsp;<\/p>\n<p><img decoding=\"async\" loading=\"lazy\" class=\"\" src=\"https:\/\/starwalk.space\/gallery\/images\/earths-tilt\/es\/1920x1080.jpg\" alt=\"Qu\u00e9 Causa el Cambio de las Estaciones? | \u00bfQu\u00e9 Causa el Verano? | Cambio de Estaci\u00f3n | Star Walk\" width=\"634\" height=\"356\" \/><\/p>\n<p style=\"text-align: justify;\">El clima y la topograf\u00eda de nuestro planeta var\u00edan continuamente, como las especies que viven en \u00e9l. Y lo m\u00e1s espectacular, hemos descubierto que todo el Universo de estrellas y galaxias est\u00e1 en un estado de cambio din\u00e1mico, en el que grandes c\u00famulos de galaxias se alejan unos de otros hacia un futuro que ser\u00e1 diferente del presente.<\/p>\n<p>&nbsp;<\/p>\n<p style=\"text-align: center;\"><img decoding=\"async\" loading=\"lazy\" class=\"aligncenter\" src=\"http:\/\/3.bp.blogspot.com\/_IP-xhn2P2rQ\/TGq4OCxC38I\/AAAAAAAAFTA\/vp53R65qURA\/s1600\/3.jpg\" alt=\"\" width=\"420\" height=\"276\" \/><\/p>\n<p>&nbsp;<\/p>\n<p style=\"text-align: justify;\">Las galaxias se alejan unas de otras con una tasa constante, tambi\u00e9n tienen peque\u00f1as velocidades adicionales llamadas \u201cvelocidades peculiares\u201d que les permite a las galaxias direccionarse lateralmente a la expansi\u00f3n principal. En los llamados grupos locales, en los que las galaxias est\u00e1n m\u00e1s juntas, la Gravedad les impide expandirse y, al contrario de lo que ocurre para lo general, aqu\u00ed se produce en contrario, roda vez que cada vez est\u00e1n m\u00e1s cerca por la fuerza de atracci\u00f3n que tiende a juntarlas.<\/p>\n<p>&nbsp;<\/p>\n<p><iframe loading=\"lazy\" title=\"Todo sobre el asteroide que ha obligado a la ONU a activar el protocolo de defensa planetaria\" width=\"500\" height=\"281\" src=\"https:\/\/www.youtube.com\/embed\/ASkixkmSfOI?feature=oembed\" frameborder=\"0\" allow=\"accelerometer; autoplay; clipboard-write; encrypted-media; gyroscope; picture-in-picture; web-share\" referrerpolicy=\"strict-origin-when-cross-origin\" allowfullscreen><\/iframe><\/p>\n<p>En cualquier momento podr\u00eda suceder (los cr\u00e1teres del pasado repartidos por toda la Tierra es la prueba).<\/p>\n<p>&nbsp;<\/p>\n<p><img decoding=\"async\" loading=\"lazy\" class=\"\" src=\"https:\/\/dynamic-media-cdn.tripadvisor.com\/media\/photo-o\/1c\/74\/ac\/6a\/20201223-084959-01-largejpg.jpg?w=1200&amp;h=1200&amp;s=1\" alt=\"METEOR CRATER &amp; BARRINGER SPACE MUSEUM (Winslow) - Qu\u00e9 SABER antes de ir\" width=\"692\" height=\"376\" \/><\/p>\n<p>&nbsp;<\/p>\n<p style=\"text-align: justify;\">Hemos empezado a darnos cuenta de que vivimos en un tiempo prestado. Los sucesos astron\u00f3micos catastr\u00f3ficos son comunes; los mundos colisionan, legiones de asteroides cercan las inmediaciones de nuestro planeta, as\u00ed han sido descubiertos por la NASA. Tenemos las huellas del pasado en el que, la Tierra, recibi\u00f3 muchas visitas exteriores en las que, no siempre salieron bien paradas las especies que en aquel momento estaban presente. Un d\u00eda de estos, nuestra suerte cambiar\u00e1, se acabar\u00e1;el escudo que tan fortuitamente nos proporciona el enorme planeta J\u00fapiter, que guarda los confines exteriores del Sistema Solar, no ser\u00e1 suficiente para salvarnos.<\/p>\n<p>&nbsp;<\/p>\n<p style=\"text-align: center;\"><img decoding=\"async\" loading=\"lazy\" id=\"il_fi\" class=\"aligncenter\" src=\"http:\/\/1.bp.blogspot.com\/_EV6HxeajTt0\/TVLbovdkvlI\/AAAAAAAAAkY\/QfikHECvehY\/s1600\/Jupiter01.jpg\" alt=\"\" width=\"487\" height=\"470\" \/><\/p>\n<p>&nbsp;<\/p>\n<p style=\"text-align: justify;\">Al final, incluso nuestro Sol morir\u00e1. Nuestra V\u00eda L\u00e1ctea ser\u00e1 engullida por un enorme <a href=\"#\" onclick=\"referencia('agujero negro',event); return false;\">agujero negro<\/a> central que, en SagitarioA, cada d\u00eda se hace mayor. La vida, tal como la conocemos terminar\u00e1. Los supervivientes tendr\u00e1n que haber cambiado su forma, sus hogares y su Naturaleza en tal medida que nos costar\u00eda llamar &#8220;vida&#8221; seg\u00fan nuestros criterios actuales, a su existencia prolongada. Todo cambia, nada permanece y, nosotros, si queremos seguir viviendo, debemos adaptarnos a lo que vendr\u00e1 y, como todo, debemos cambias. \u00bfY, nuestros recuerdos?<\/p>\n<p style=\"text-align: justify;\">Hemos reconocido los secretos simples del Caos y de la Impredecibilidad que asedian tantas partes del mundo que nos rodea. Entendemos que nuestro clima es cambiante pero no podemos predecir los cambios. Hemos apreciado las similitudes entre complejidades como \u00e9sta y las que emergen de los sistemas de interacci\u00f3n humana -Sociedades, econom\u00edas, ecosistemas- y, tambi\u00e9n algo hemos podido aprender del interior de la propia mente humana.<\/p>\n<p>&nbsp;<\/p>\n<p><img decoding=\"async\" loading=\"lazy\" class=\"\" src=\"https:\/\/ecoexploratorio.org\/wp-content\/uploads\/2022\/08\/huracan-katrina-QSLH-Foto-3.jpg\" alt=\"Qu\u00e9 son los huracanes? - EcoExploratorio: Museo de Ciencias de Puerto Rico\" width=\"582\" height=\"364\" \/><img decoding=\"async\" loading=\"lazy\" class=\"\" src=\"https:\/\/content.nationalgeographic.com.es\/medio\/2022\/12\/05\/tornado_8802d3d7_221205113610_1280x914.jpg\" alt=\"As\u00ed se forman los tornados\" width=\"577\" height=\"412\" \/><img decoding=\"async\" loading=\"lazy\" class=\"\" src=\"https:\/\/i.ytimg.com\/vi\/8gF2Ac_wls8\/hq720.jpg?sqp=-oaymwEhCK4FEIIDSFryq4qpAxMIARUAAAAAGAElAADIQj0AgKJD&amp;rs=AOn4CLAY0DW6bqDNmIp29NQswHerLqTbXg\" alt=\"\u00bfY si vemos HASTA D\u00d3NDE pueden LLEGAR los TSUNAMIS?\" width=\"581\" height=\"327\" \/><img decoding=\"async\" loading=\"lazy\" class=\"\" src=\"https:\/\/ichef.bbci.co.uk\/ace\/ws\/640\/cpsprodpb\/48AF\/production\/_107770681_gettyimages-564089533.jpg.webp\" alt=\"Vista de la falla de San Andr\u00e9s.\" width=\"580\" height=\"326\" \/><\/p>\n<p>La falla de San Andr\u00e9s atraviesa California y se extiende a lo largo de 1.300 kil\u00f3metros.<\/p>\n<p>&nbsp;<\/p>\n<p><img decoding=\"async\" loading=\"lazy\" class=\"\" src=\"https:\/\/i.gifer.com\/2mAL.gif\" alt=\"Lava volcan naturaleza GIF en GIFER - de Mukora\" width=\"586\" height=\"315\" \/><\/p>\n<p><strong>Y muchos m\u00e1s sucesos de los que no podemos escapar si nos pilla cerca<\/strong><\/p>\n<p style=\"text-align: justify;\">Todas estas sorprendes complejidades tratan de convencernos de que el mundo, es como una monta\u00f1a rusa desbocada, rodando y dando bandazos; que todo lo que una vez se ha tenido por cierto podr\u00eda ser derrotado alg\u00fan d\u00eda. Algunos incluso ven semejante perspectiva como una raz\u00f3n para sospechar de la Ciencia, como si produjera unos efectos corrosivos sobre los fundamentos de la Naturaleza humana y de la certeza, como si la construcci\u00f3n del Universo f\u00edsico y el vasto esquema de las Leyes\u00a0 debiera haberse establecido pensando en nuestra fragilidad <a href=\"#\" onclick=\"referencia('psi',event); return false;\">psi<\/a>col\u00f3gica.<\/p>\n<h3 class=\"LC20lb MBeuO DKV0Md\"><a href=\"https:\/\/www.emiliosilveravazquez.com\/blog\/2022\/02\/14\/%C2%A1un-universo-dinamico\/\">https:\/\/www.emiliosilveravazquez.com\/blog\/2022\/02\/14\/%C2%A1un-universo-dinamico\/<\/a><\/h3>\n<div><\/div>\n<blockquote>\n<div><img decoding=\"async\" src=\"https:\/\/encrypted-tbn0.gstatic.com\/images?q=tbn:ANd9GcTa1VnalVbWgGS93WsDAh6FwLnv21ejmxb0Qw&amp;s\" alt=\"IES El Bercial - 137, es la constante de estructura fina... | Facebook\" \/><\/div>\n<div style=\"text-align: justify;\">Las constantes de la Naturaleza, como la de Estructura fina. <b>Constante universal que est\u00e1 relacionada con el desplazamiento de los niveles de energ\u00eda de un \u00e1tomo que presenta estructura fina<\/b>. Su valor es \u03b1 = 2\u03c0 e<sup>2<\/sup> \/hc, donde e es la carga del <a href=\"#\" onclick=\"referencia('electron',event); return false;\">electr\u00f3n<\/a>, h la <a href=\"#\" onclick=\"referencia('planck constante de',event); return false;\">constante de Planck<\/a>, y c la velocidad de la luz en el vac\u00edo.<\/div>\n<\/blockquote>\n<p style=\"text-align: justify;\">Pero hay un sentido en el que todo este cambio e impredecibilidad es una ilusi\u00f3n. No constituye toda la historia sobre la Naturaleza del Universo. Hay tanto un lado conservador como un lado progresista en la estructura profunda de la realidad. A pesar del cambio incesante y la din\u00e1mica del mundo visible, existen aspectos de la f\u00e1brica del Universo misteriosos en su inquebrantable constancia, Son esas misteriosas cosas invariables que hacen de nuestro universo el que es y se distingue de los otros que pudi\u00e9ramos imaginar.<\/p>\n<p>&nbsp;<\/p>\n<p style=\"text-align: center;\"><img decoding=\"async\" loading=\"lazy\" id=\"il_fi\" class=\"aligncenter\" src=\"http:\/\/3.bp.blogspot.com\/-tZxaYy9jkuE\/TuZi34eXzgI\/AAAAAAAABe4\/QUBm6VlJn0Y\/s1600\/Estrellas%2B0000-iatc-0000-0001-00.jpg\" alt=\"\" width=\"645\" height=\"475\" \/><\/p>\n<p>\u00a0 \u00a0 \u00a0 \u00a0 \u00a0 \u00a0 \u00a0 \u00a0 \u00a0 \u00a0 \u00a0 \u00a0 \u00a0 \u00a0 \u00a0 \u00a0 \u00a0 \u00a0 \u00a0 \u00a0 \u00a0 \u00a0 \u00a0 \u00a0 \u00a0 \u00a0 \u00a0 \u00a0 \u00a0 El Cintur\u00f3n de Ori\u00f3n <a title=\"Alnitak\" href=\"https:\/\/es.wikipedia.org\/wiki\/Alnitak\">Alnitak<\/a>,\u00a0<a title=\"Alnilam\" href=\"https:\/\/es.wikipedia.org\/wiki\/Alnilam\">Alnilam<\/a>\u00a0y\u00a0<a title=\"Mintaka\" href=\"https:\/\/es.wikipedia.org\/wiki\/Mintaka\">Mintaka<\/a><\/p>\n<p style=\"text-align: justify;\">Hay un hilo dorado que teje una continuidad a trav\u00e9s del tiempo que siempre acompa\u00f1a a la Naturaleza en su devenir. Todo eso, nos lleva a esperar que ciertas cosas sean iguales en otros lugares del espacio adem\u00e1s de la Tierra, necesitamos tener, al menos, alguna esperanza y, esa igualdad, nos trae la tranquilidad de que, tambi\u00e9n all\u00ed, en aquellos remotos lugares de los confines del Cosmos, tenemos hermanos con los que, alg\u00fan d\u00eda podremos estar. As\u00ed, las cosas ser\u00e1n las mismas en todas partes y, en todas partes y en otros tiempos, tambi\u00e9n pudieron pasar las cosas que aqu\u00ed pasaron; que para algunos casos, ni la historia ni la geograf\u00eda importan. De hecho, quiz\u00e1 sin un substrato semejante de realidades invariables no podr\u00edan haber corrientes superficiales de cambio ni ninguna complejidad de mente y materia.<\/p>\n<p>&nbsp;<\/p>\n<p style=\"text-align: center;\"><img decoding=\"async\" loading=\"lazy\" class=\"\" src=\"https:\/\/www.lavanguardia.com\/files\/og_thumbnail\/files\/fp\/uploads\/2023\/10\/10\/6524fb7122390.r_d.2845-2239-2000.jpeg\" alt=\"Meditar frente al mar o en la monta\u00f1a: por qu\u00e9 la naturaleza es el mejor ant\u00eddoto al estr\u00e9s\" width=\"477\" height=\"268\" \/><\/p>\n<p><strong>\u00a0 \u00a0 \u00a0 \u00a0 \u00a0 \u00a0 \u00a0 \u00a0 \u00a0 \u00a0 \u00a0 \u00a0 \u00a0 \u00a0 \u00a0 \u00a0 \u00a0 \u00a0 \u00a0 \u00a0 \u00a0 \u00a0 \u00a0 \u00a0 \u00a0 \u00a0 \u00a0 \u00a0 \u00a0 \u00a0 \u00a0 \u00a0 \u00a0 \u00a0Formamos parte de la naturaleza<\/strong><\/p>\n<p style=\"text-align: justify;\">Nuestras Mentes, lo mismo que toda la Materia del Universo, est\u00e1n estrechamente conectadas con la memoria del &#8220;<strong>mundo<\/strong>&#8221; en el que est\u00e1n inmersos y del que, irremediablemente forman parte. El que cada una de ellas, Mente y Materia, est\u00e9n en determinados momentos ocupando un estado diferente, no desvirt\u00faa que, de cualquier manera, siguen siendo la misma cosa: Quarks y Leptones que, derivan en pensamientos cuando alcanzan su m\u00e1s alto estadio evolutivo.<\/p>\n<p>&nbsp;<\/p>\n<blockquote><p><img decoding=\"async\" loading=\"lazy\" class=\"\" src=\"https:\/\/www.euskalkultura.eus\/fitxategiak\/irudiak\/galeriak\/\/buenos-aires-2024-iparraldeko-ipuin-lehiaketa-01.jpg\" alt=\"Euskal kultura - Noticias\" width=\"610\" height=\"394\" \/><\/p><\/blockquote>\n<div>\n<blockquote>\n<p style=\"text-align: justify;\">\u00bfY, nuestros recuerdos? Bueno, a pesar de que me puedan causar dolor&#8230;\u00a1Yo los quiero! Son parte de mi historia, sean los que sean no los quiero olvidar, si son felices para rememorar esos momentos, sino lo fueron, para aprender de ellos y evitar repetirlos en un tiempo venidero.<\/p>\n<p><strong>Emilio Silvera V\u00e1zquez<\/strong><\/p><\/blockquote>\n<p style=\"text-align: right;\">\n<\/div>\n<div class='bookmark'>\r\n\t\t<table align='left' border='0' cellpadding='0' width='100%'>\r\n\t\t<tr><td><span class='pushbutton'><a href='http:\/\/delicious.com\/post?url=https%3A%2F%2Fwww.emiliosilveravazquez.com%2Fblog%2F2025%2F03%2F06%2Flas-cosas-son-como-son-y-no-de-otra-manera%2F&amp;title=Las+cosas+son+como+son+y+no+de+otra+manera' title='Delicious' target='_blank' rel='nofollow'><img src='https:\/\/www.emiliosilveravazquez.com\/blog\/wp-content\/plugins\/knxdt-bookmarks-wordpress-plugin\/images\/delicious.png'  alt='' class='book_img' border='none' style='margin:1px; padding: 0;'  \/><\/a><\/span><span class='pushbutton'><a href='http:\/\/digg.com\/submit?url=https%3A%2F%2Fwww.emiliosilveravazquez.com%2Fblog%2F2025%2F03%2F06%2Flas-cosas-son-como-son-y-no-de-otra-manera%2F&amp;title=Las+cosas+son+como+son+y+no+de+otra+manera' title='Digg' target='_blank' rel='nofollow'><img src='https:\/\/www.emiliosilveravazquez.com\/blog\/wp-content\/plugins\/knxdt-bookmarks-wordpress-plugin\/images\/digg.png'  alt='' class='book_img' border='none' style='margin:1px; padding: 0;'  \/><\/a><\/span><span class='pushbutton'><a href='http:\/\/www.google.com\/bookmarks\/mark?op=edit&amp;bkmk=https%3A%2F%2Fwww.emiliosilveravazquez.com%2Fblog%2F2025%2F03%2F06%2Flas-cosas-son-como-son-y-no-de-otra-manera%2F&amp;title=Las+cosas+son+como+son+y+no+de+otra+manera' title='Google' target='_blank' rel='nofollow'><img src='https:\/\/www.emiliosilveravazquez.com\/blog\/wp-content\/plugins\/knxdt-bookmarks-wordpress-plugin\/images\/google.png'   alt='' class='book_img' border='none' style='margin:1px; padding: 0;'  \/><\/a><\/span><span class='pushbutton'><a href='http:\/\/myweb2.search.yahoo.com\/myresults\/bookmarklet?u=https%3A%2F%2Fwww.emiliosilveravazquez.com%2Fblog%2F2025%2F03%2F06%2Flas-cosas-son-como-son-y-no-de-otra-manera%2F&amp;t=Las+cosas+son+como+son+y+no+de+otra+manera' title='Yahoo' target='_blank' rel='nofollow'><img src='https:\/\/www.emiliosilveravazquez.com\/blog\/wp-content\/plugins\/knxdt-bookmarks-wordpress-plugin\/images\/yahoo.png'  alt='' class='book_img' border='none' style='margin:1px; padding: 0;'  \/><\/a><\/span><span class='pushbutton'><a href='http:\/\/www.technorati.com\/faves?add=https%3A%2F%2Fwww.emiliosilveravazquez.com%2Fblog%2F2025%2F03%2F06%2Flas-cosas-son-como-son-y-no-de-otra-manera%2F' title='Technorati' target='_blank' rel='nofollow'><img src='https:\/\/www.emiliosilveravazquez.com\/blog\/wp-content\/plugins\/knxdt-bookmarks-wordpress-plugin\/images\/technorati.png'  alt='' class='book_img' border='none' style='margin:1px; padding: 0;'  \/><\/a><\/span><span class='pushbutton'><a href='http:\/\/meneame.net\/submit.php?url=https%3A%2F%2Fwww.emiliosilveravazquez.com%2Fblog%2F2025%2F03%2F06%2Flas-cosas-son-como-son-y-no-de-otra-manera%2F' title='Meneame' target='_blank' rel='nofollow'><img src='https:\/\/www.emiliosilveravazquez.com\/blog\/wp-content\/plugins\/knxdt-bookmarks-wordpress-plugin\/images\/meneame.png'  alt='' class='book_img' border='none' style='margin:1px; padding: 0;'  \/><\/a><\/span><span class='pushbutton'><a href='http:\/\/enchilame.com\/submit.php?url=https:\/\/www.emiliosilveravazquez.com\/blog\/2025\/03\/06\/las-cosas-son-como-son-y-no-de-otra-manera\/' target='_blank' rel='nofollow'><img title='Enchilame' src='https:\/\/www.emiliosilveravazquez.com\/blog\/wp-content\/plugins\/knxdt-bookmarks-wordpress-plugin\/images\/enchilame.png'  alt='' class='book_img' border='none' style='margin:1px; padding: 0;'  \/><\/a><\/span><span class='pushbutton'><a href='http:\/\/www.blinklist.com\/index.php?Action=Blink\/addblink.php&amp;Description=&amp;Url=https%3A%2F%2Fwww.emiliosilveravazquez.com%2Fblog%2F2025%2F03%2F06%2Flas-cosas-son-como-son-y-no-de-otra-manera%2F&amp;title=Las+cosas+son+como+son+y+no+de+otra+manera' title='BlinkList' target='_blank' rel='nofollow'><img src='https:\/\/www.emiliosilveravazquez.com\/blog\/wp-content\/plugins\/knxdt-bookmarks-wordpress-plugin\/images\/blinklist.png'  alt='' class='book_img' border='none' style='margin:1px; padding: 0;'  \/><\/a><\/span><span class='pushbutton'><a href='http:\/\/reddit.com\/submit?url=https%3A%2F%2Fwww.emiliosilveravazquez.com%2Fblog%2F2025%2F03%2F06%2Flas-cosas-son-como-son-y-no-de-otra-manera%2F&amp;title=Las+cosas+son+como+son+y+no+de+otra+manera' title='Reddit' target='_blank' rel='nofollow'><img src='https:\/\/www.emiliosilveravazquez.com\/blog\/wp-content\/plugins\/knxdt-bookmarks-wordpress-plugin\/images\/reddit.png'  alt='' class='book_img' border='none' style='margin:1px; padding: 0;'  \/><\/a><\/span><span class='pushbutton'><a href='http:\/\/www.tecnologiadiaria.com\/2009\/07\/abrir-com-hotmail-correo.html' target='_blank' title='hotmail'><img src='https:\/\/www.emiliosilveravazquez.com\/blog\/wp-content\/plugins\/knxdt-bookmarks-wordpress-plugin\/images\/linklove.png' alt='hotmail correo' class='book_img' border='none' style='margin:1px; padding: 0;' \/><\/a><\/span><span class='pushbutton'><a href='http:\/\/bitacoras.com\/votar\/anotacion\/externo\/mini\/www.emiliosilveravazquez.com\/blog\/2025\/03\/06\/las-cosas-son-como-son-y-no-de-otra-manera\/' title='Bitacoras.com' target='_blank' rel='nofollow'><img src='https:\/\/www.emiliosilveravazquez.com\/blog\/wp-content\/plugins\/knxdt-bookmarks-wordpress-plugin\/images\/bitacoras.png'  alt='' class='book_img' border='none' style='margin:1px; padding: 0;'  \/><\/a><\/span><span class='pushbutton'><a href='http:\/\/www.wikio.es\/vote?url=https%3A%2F%2Fwww.emiliosilveravazquez.com%2Fblog%2F2025%2F03%2F06%2Flas-cosas-son-como-son-y-no-de-otra-manera%2F' title='Wikio' target='_blank' rel='nofollow'><img src='https:\/\/www.emiliosilveravazquez.com\/blog\/wp-content\/plugins\/knxdt-bookmarks-wordpress-plugin\/images\/wikio.png'   alt='' class='book_img' border='none' style='margin:1px; padding: 0;'   \/><\/a><\/span><span class='pushbutton'><a href='http:\/\/friendfeed.com\/?url=https%3A%2F%2Fwww.emiliosilveravazquez.com%2Fblog%2F2025%2F03%2F06%2Flas-cosas-son-como-son-y-no-de-otra-manera%2F&amp;title=Las+cosas+son+como+son+y+no+de+otra+manera' title='Friend Feed' target='_blank' rel='nofollow'><img src='https:\/\/www.emiliosilveravazquez.com\/blog\/wp-content\/plugins\/knxdt-bookmarks-wordpress-plugin\/images\/friendfeed.png'  alt='' class='book_img' border='none' style='margin:1px; padding: 0;'  \/><\/a><\/span><span class='pushbutton'><a href='http:\/\/www.facebook.com\/share.php?u=https%3A%2F%2Fwww.emiliosilveravazquez.com%2Fblog%2F2025%2F03%2F06%2Flas-cosas-son-como-son-y-no-de-otra-manera%2F&amp;t=Las+cosas+son+como+son+y+no+de+otra+manera' title='Facebook' target='_blank' rel='nofollow'><img src='https:\/\/www.emiliosilveravazquez.com\/blog\/wp-content\/plugins\/knxdt-bookmarks-wordpress-plugin\/images\/facebook.png'  alt='' class='book_img' border='none' style='margin:1px; padding: 0;'  \/><\/a><\/span><span class='pushbutton'><a href='http:\/\/twitter.com\/home?status=Las+cosas+son+como+son+y+no+de+otra+manera: https%3A%2F%2Fwww.emiliosilveravazquez.com%2Fblog%2F2025%2F03%2F06%2Flas-cosas-son-como-son-y-no-de-otra-manera%2F' title='Twitter' target='_blank' rel='nofollow'><img src='https:\/\/www.emiliosilveravazquez.com\/blog\/wp-content\/plugins\/knxdt-bookmarks-wordpress-plugin\/images\/twitter.png'  alt='' class='book_img' border='none' style='margin:1px; padding: 0;'  \/><\/a><\/span><span class='pushbutton'><a href='http:\/\/www.feedburner.com\/fb\/a\/emailFlare?itemTitle=Las+cosas+son+como+son+y+no+de+otra+manera&amp;uri=https%3A%2F%2Fwww.emiliosilveravazquez.com%2Fblog%2F2025%2F03%2F06%2Flas-cosas-son-como-son-y-no-de-otra-manera%2F' title='Enviar por Email' target='_blank' rel='nofollow'><img src='https:\/\/www.emiliosilveravazquez.com\/blog\/wp-content\/plugins\/knxdt-bookmarks-wordpress-plugin\/images\/email.png'  alt='' class='book_img' border='none' style='margin:1px; padding: 0;'  \/><\/a><\/span><span style='font-weight:bold; padding-left: 5px;'><a href='http:\/\/wordpress.org\/extend\/plugins\/knxdt-bookmarks-wordpress-plugin\/' title='Plugin' rel='nofollow' target='_blank'>[?]<\/a><\/span><\/td><\/tr><\/table><br\/><br\/><\/div>","protected":false},"excerpt":{"rendered":"<p>No es poder recordar, sino todo lo contrario, la condici\u00f3n necesaria para nuestra existencia en paz. Si el recuerdo es de la amada que se fue, tendremos el dolor, Si el recuerdo nos trae momentos amargos, tendremos dolor. Pero, si podemos olvidar, retomaremos una vida en paz. Sin embargo, y, a pesar de todo, yo [&hellip;]<\/p>\n","protected":false},"author":2,"featured_media":0,"comment_status":"open","ping_status":"open","sticky":false,"template":"","format":"standard","meta":{"_s2mail":"yes","footnotes":""},"categories":[57],"tags":[],"_links":{"self":[{"href":"https:\/\/www.emiliosilveravazquez.com\/blog\/wp-json\/wp\/v2\/posts\/6764"}],"collection":[{"href":"https:\/\/www.emiliosilveravazquez.com\/blog\/wp-json\/wp\/v2\/posts"}],"about":[{"href":"https:\/\/www.emiliosilveravazquez.com\/blog\/wp-json\/wp\/v2\/types\/post"}],"author":[{"embeddable":true,"href":"https:\/\/www.emiliosilveravazquez.com\/blog\/wp-json\/wp\/v2\/users\/2"}],"replies":[{"embeddable":true,"href":"https:\/\/www.emiliosilveravazquez.com\/blog\/wp-json\/wp\/v2\/comments?post=6764"}],"version-history":[{"count":0,"href":"https:\/\/www.emiliosilveravazquez.com\/blog\/wp-json\/wp\/v2\/posts\/6764\/revisions"}],"wp:attachment":[{"href":"https:\/\/www.emiliosilveravazquez.com\/blog\/wp-json\/wp\/v2\/media?parent=6764"}],"wp:term":[{"taxonomy":"category","embeddable":true,"href":"https:\/\/www.emiliosilveravazquez.com\/blog\/wp-json\/wp\/v2\/categories?post=6764"},{"taxonomy":"post_tag","embeddable":true,"href":"https:\/\/www.emiliosilveravazquez.com\/blog\/wp-json\/wp\/v2\/tags?post=6764"}],"curies":[{"name":"wp","href":"https:\/\/api.w.org\/{rel}","templated":true}]}}