{"id":35545,"date":"2026-04-30T10:53:44","date_gmt":"2026-04-30T09:53:44","guid":{"rendered":"https:\/\/www.emiliosilveravazquez.com\/blog\/?p=35545"},"modified":"2026-04-30T10:53:37","modified_gmt":"2026-04-30T09:53:37","slug":"lo-que-llaan-gravedad-es-el-esapacio-curvado-en-preencia-de-masa","status":"publish","type":"post","link":"https:\/\/www.emiliosilveravazquez.com\/blog\/2026\/04\/30\/lo-que-llaan-gravedad-es-el-esapacio-curvado-en-preencia-de-masa\/","title":{"rendered":"Lo que llaan Gravedad, es el Esapacio Curvado en preencia de Masa"},"content":{"rendered":"<p><iframe loading=\"lazy\" title=\"\u00bfPor Qu\u00e9 la Masa Crea Gravedad  La Verdadera Respuesta de Leonard Susskind\" width=\"500\" height=\"281\" src=\"https:\/\/www.youtube.com\/embed\/D5AFMZaU6EI?feature=oembed\" frameborder=\"0\" allow=\"accelerometer; autoplay; clipboard-write; encrypted-media; gyroscope; picture-in-picture; web-share\" referrerpolicy=\"strict-origin-when-cross-origin\" allowfullscreen><\/iframe><\/p>\n<p>&nbsp;<\/p>\n<p><img decoding=\"async\" class=\"aligncenter\" src=\"https:\/\/encrypted-tbn0.gstatic.com\/images?q=tbn:ANd9GcQ5DZUY9D48O8kEejgwq0uj0m4SesOvJuaykw&amp;s\" alt=\"GAE - Las ecuaciones de campo de Einstein de la relatividad general son 10  en un espaciotiempo 4-dimensional como el nuestro. Cada s\u00edmbolo del lado  izquierdo de la igualdad corresponde a una\" \/><\/p>\n<p style=\"text-align: justify;\">Esta asombrosa ecuaci\u00f3n, es la prueba m\u00e1cima del ingenio humano que, un reducido conjunto de s\u00edmbolos, letras y n\u00fameros, nos explica uno de los secretos m\u00e1s profundos del Universo, lo que llasmamos Gravedad, la Geometr\u00eda del Espacio-Tiempo en preencia de Masa. El conjunto de ecuaciones de campo de la Relatividad General, es el m\u00e9rito de Mentes provilegiadas que <a href=\"#\" onclick=\"referencia('einstein',event); return false;\">Einstein<\/a> supo unificar para decirnos como la materia ordena al Espacio que se curve.<\/p>\n<p style=\"text-align: justify;\">&#8220;Hace m\u00e1s de 100 a\u00f1os que en su Relatividad General, <a href=\"#\" onclick=\"referencia('einstein',event); return false;\">Einstein<\/a> incluy\u00f3 el vers\u00e1til concepto de espaciotiempo con cuatro dimensiones. Para introducir en \u00e9l la geometr\u00eda diferencial se parte del concepto de distancia. Tomemos un evento arbitrario x\u03bc que denotaremos mediante sus cuatro coordenadas x\u03bc=(x1,x2,x3,x4 ). Empleamos aqu\u00ed la notaci\u00f3n x1,x2, etc., en lugar de las coordenadas cartesianas, para enfatizar el hecho de que se trata de coordenadas de sistemas no inerciales, en general. Consideremos un segundo evento con coordenadas x\u03bc+dx\u03bc, donde x\u03bc&lt;&lt;dx\u03bc, es decir, el segundo evento se encuentra muy cerca del primero. En la Figura 1 se ilustra esta situaci\u00f3n, donde el espaciotiempo est\u00e1 representado esquem\u00e1ticamente como una superficie curva bidimensional.&#8221;<\/p>\n<p>&nbsp;<\/p>\n<p><img decoding=\"async\" src=\"https:\/\/francis.naukas.com\/files\/2015\/11\/Dibujo20151125-gravity-probe-earth-spacetime-matric.jpg\" alt=\"Francis en LFDLC: 100 a\u00f1os de Relatividad General - La Ciencia de la Mula  Francis\" \/><\/p>\n<p style=\"text-align: justify;\">La constante de proporcionalidad\u00a0<img decoding=\"async\" loading=\"lazy\" class=\"alignnone  wp-image-7032\" src=\"http:\/\/cienciauanl.uanl.mx\/wp-content\/uploads\/2017\/11\/formula_pi_g.jpg\" sizes=\"auto, (max-width: 39px) 100vw, 39px\" srcset=\"https:\/\/cienciauanl.uanl.mx\/wp-content\/uploads\/2017\/11\/formula_pi_g.jpg 111w, https:\/\/cienciauanl.uanl.mx\/wp-content\/uploads\/2017\/11\/formula_pi_g-55x45.jpg 55w\" alt=\"\" width=\"39\" height=\"32\" \/>\u00a0contiene la velocidad de la luz en el vac\u00edo c y la constante gravitacional\u00a0de <a href=\"#\" onclick=\"referencia('newton',event); return false;\">Newton<\/a> G, de forma tal que nos permite relacionar la magnitud geom\u00e9trica curvatura con magnitudes\u00a0f\u00edsicas como la energ\u00eda, presi\u00f3n, etc. Esta equivalencia\u00a0entre magnitudes geom\u00e9tricas fue propuesta por primera vez por <a href=\"#\" onclick=\"referencia('einstein',event); return false;\">Einstein<\/a> para el campo gravitacional,\u00a0pero hoy en d\u00eda sabemos que es v\u00e1lida para todos los dem\u00e1s campos conocidos en la naturaleza.<\/p>\n<p>&nbsp;<\/p>\n<p><img decoding=\"async\" src=\"https:\/\/blogger.googleusercontent.com\/img\/b\/R29vZ2xl\/AVvXsEgdR89k3SAJShLb3Xl8BFf6uoXMiEEwthRAUMmIJOMFYno7KTki_3A_ofgNcdQPGX0D3JR_-tzGrY7hg1gFSLOBuQ5kREhyphenhyphenlU5uPkFcu95fjvMhF0aDD_GDdsifESXzirq-a0FIBqTfYwkE\/s1600\/espaco.PNG\" alt=\"Geometr\u00eda diferencial: La geometr\u00eda del espacio-tiempo ~ Mathplus\" \/><\/p>\n<p>&nbsp;<\/p>\n<p style=\"text-align: justify;\">La Teor\u00eda de la<strong> Relatividad Genneral<\/strong> de Albert <a href=\"#\" onclick=\"referencia('einstein',event); return false;\">Einstein<\/a> de 1915, fue una extensi\u00f3n a la Teor\u00eda de la Gravedad de <a href=\"#\" onclick=\"referencia('newton',event); return false;\">Newton<\/a>, una revoluci\u00f3n y un avance enorme en la manera que ten\u00edamos de observar el universo, de entender la manera en la que se comporta el Cosmos en relaci\u00f3n a un Espacio que se ve obligado a cambiar su geometr\u00eda plana por la curva en presencia de grandes masas. <span class=\"N9Q8Lc\" data-copy-service-computed-style=\"font-family: &quot;Google Sans&quot;, Arial, sans-serif; font-size: 16px; font-weight: 400; margin: 0px; text-decoration: none; border-bottom: 0px rgb(10, 10, 10);\">Cambi\u00f3 el paradigma de un universo est\u00e1tico y mec\u00e1nico a uno din\u00e1mico y maleable.\u00a0<\/span><\/p>\n<p>&nbsp;<\/p>\n<p><img decoding=\"async\" src=\"https:\/\/keepcoding.io\/wp-content\/uploads\/2023\/01\/image-129.png\" alt=\"Ejemplo de la ley de gravitaci\u00f3n universal de Newton\" \/><\/p>\n<p>&nbsp;<\/p>\n<div class=\"\" data-bfc=\"\" data-ved=\"2ahUKEwiV1tr2iJWUAxXFywIHHZAYBR8Qi4wTegQIBBAA\" data-processed=\"true\" data-copy-service-computed-style=\"font-family: &quot;Google Sans&quot;, Arial, sans-serif; font-size: 16px; font-weight: 400; margin: 0px; text-decoration: none; border-bottom: 0px rgb(10, 10, 10);\">\n<ul class=\"KsbFXc U6u95\" data-sfc-root=\"c\" data-sfc-cb=\"\" data-processed=\"true\" data-copy-service-computed-style=\"font-family: &quot;Google Sans&quot;, Arial, sans-serif; font-size: 16px; font-weight: 400; margin: 16px 0px; text-decoration: none; border-bottom: 0px rgb(10, 10, 10);\">\n<li class=\"Z1qcYe\" style=\"text-align: justify;\" data-sfc-cp=\"\" data-sfc-root=\"c\" data-sfc-cb=\"\" data-hveid=\"CAQQAQ\" data-processed=\"true\" data-copy-service-computed-style=\"font-family: &quot;Google Sans&quot;, Arial, sans-serif; font-size: 16px; font-weight: 400; margin: 0px 0px 12px; text-decoration: none; border-bottom: 0px rgb(10, 10, 10);\"><span class=\"T286Pc\" data-sfc-cp=\"\" data-sfc-root=\"c\" data-sfc-cb=\"\" data-processed=\"true\" data-copy-service-computed-style=\"font-family: &quot;Google Sans&quot;, Arial, sans-serif; font-size: 16px; font-weight: 400; margin: 0px; text-decoration: none; border-bottom: 0px rgb(10, 10, 10);\"><strong class=\"Yjhzub\" data-sfc-root=\"c\" data-sfc-cb=\"\" data-processed=\"true\" data-copy-service-computed-style=\"font-family: &quot;Google Sans&quot;, Arial, sans-serif; font-size: 16px; font-weight: 600; margin: 0px; text-decoration: none; border-bottom: 0px rgb(10, 10, 10);\">La Gravedad como Curvatura (Adi\u00f3s a la fuerza a distancia):<!--TgQPHd|[]--><\/strong> Antes de <a href=\"#\" onclick=\"referencia('einstein',event); return false;\">Einstein<\/a>, la gravedad se entend\u00eda seg\u00fan <a href=\"#\" onclick=\"referencia('newton',event); return false;\">Newton<\/a> como una fuerza invisible que actuaba a distancia. <a href=\"#\" onclick=\"referencia('einstein',event); return false;\">Einstein<\/a> demostr\u00f3 que la masa y la energ\u00eda deforman el tejido del espacio-tiempo, creando una &#8220;curvatura&#8221;. Los planetas y objetos no son &#8220;tirados&#8221;, sino que siguen la curvatura del espacio.<!--TgQPHd|[]--><\/span><!--TgQPHd|[]--><\/li>\n<li class=\"Z1qcYe\" style=\"text-align: justify;\" data-sfc-cp=\"\" data-sfc-root=\"c\" data-sfc-cb=\"\" data-hveid=\"CAQQAg\" data-processed=\"true\" data-copy-service-computed-style=\"font-family: &quot;Google Sans&quot;, Arial, sans-serif; font-size: 16px; font-weight: 400; margin: 0px 0px 12px; text-decoration: none; border-bottom: 0px rgb(10, 10, 10);\"><span class=\"T286Pc\" data-sfc-cp=\"\" data-sfc-root=\"c\" data-sfc-cb=\"\" data-processed=\"true\" data-copy-service-computed-style=\"font-family: &quot;Google Sans&quot;, Arial, sans-serif; font-size: 16px; font-weight: 400; margin: 0px; text-decoration: none; border-bottom: 0px rgb(10, 10, 10);\"><strong class=\"Yjhzub\" data-sfc-root=\"c\" data-sfc-cb=\"\" data-processed=\"true\" data-copy-service-computed-style=\"font-family: &quot;Google Sans&quot;, Arial, sans-serif; font-size: 16px; font-weight: 600; margin: 0px; text-decoration: none; border-bottom: 0px rgb(10, 10, 10);\">Espacio-tiempo unido:<!--TgQPHd|[]--><\/strong> <a href=\"#\" onclick=\"referencia('einstein',event); return false;\">Einstein<\/a> demostr\u00f3 que el espacio y el tiempo no son entidades separadas y fijas, sino un continuo cuatridimensional interconectado llamado espacio-tiempo.<!--TgQPHd|[]--><\/span><!--TgQPHd|[]--><\/li>\n<li class=\"Z1qcYe\" style=\"text-align: justify;\" data-sfc-cp=\"\" data-sfc-root=\"c\" data-sfc-cb=\"\" data-hveid=\"CAQQAw\" data-processed=\"true\" data-copy-service-computed-style=\"font-family: &quot;Google Sans&quot;, Arial, sans-serif; font-size: 16px; font-weight: 400; margin: 0px 0px 12px; text-decoration: none; border-bottom: 0px rgb(10, 10, 10);\"><span class=\"T286Pc\" data-sfc-cp=\"\" data-sfc-root=\"c\" data-sfc-cb=\"\" data-processed=\"true\" data-copy-service-computed-style=\"font-family: &quot;Google Sans&quot;, Arial, sans-serif; font-size: 16px; font-weight: 400; margin: 0px; text-decoration: none; border-bottom: 0px rgb(10, 10, 10);\"><strong class=\"Yjhzub\" data-sfc-root=\"c\" data-sfc-cb=\"\" data-processed=\"true\" data-copy-service-computed-style=\"font-family: &quot;Google Sans&quot;, Arial, sans-serif; font-size: 16px; font-weight: 600; margin: 0px; text-decoration: none; border-bottom: 0px rgb(10, 10, 10);\">Un universo en evoluci\u00f3n (El <a href=\"#\" onclick=\"referencia('big bang',event); return false;\">Big Bang<\/a>):<!--TgQPHd|[]--><\/strong> La <a href=\"#\" onclick=\"referencia('relatividad',event); return false;\">relatividad<\/a> general permiti\u00f3 a los cient\u00edficos entender que el universo no es est\u00e1tico, sino que puede expandirse o contraerse, sentando las bases te\u00f3ricas para la teor\u00eda del <a href=\"#\" onclick=\"referencia('big bang',event); return false;\">Big Bang<\/a>.<!--TgQPHd|[]--><\/span><!--TgQPHd|[]--><\/li>\n<li class=\"Z1qcYe\" style=\"text-align: justify;\" data-sfc-cp=\"\" data-sfc-root=\"c\" data-sfc-cb=\"\" data-hveid=\"CAQQBA\" data-processed=\"true\" data-copy-service-computed-style=\"font-family: &quot;Google Sans&quot;, Arial, sans-serif; font-size: 16px; font-weight: 400; margin: 0px 0px 12px; text-decoration: none; border-bottom: 0px rgb(10, 10, 10);\"><span class=\"T286Pc\" data-sfc-cp=\"\" data-sfc-root=\"c\" data-sfc-cb=\"\" data-processed=\"true\" data-copy-service-computed-style=\"font-family: &quot;Google Sans&quot;, Arial, sans-serif; font-size: 16px; font-weight: 400; margin: 0px; text-decoration: none; border-bottom: 0px rgb(10, 10, 10);\"><strong class=\"Yjhzub\" data-sfc-root=\"c\" data-sfc-cb=\"\" data-processed=\"true\" data-copy-service-computed-style=\"font-family: &quot;Google Sans&quot;, Arial, sans-serif; font-size: 16px; font-weight: 600; margin: 0px; text-decoration: none; border-bottom: 0px rgb(10, 10, 10);\">Confirmaci\u00f3n de fen\u00f3menos extremos:<!--TgQPHd|[]--><\/strong> La teor\u00eda predijo con \u00e9xito fen\u00f3menos que antes parec\u00edan ciencia ficci\u00f3n, como:<!--TgQPHd|[]--><\/span>\n<ul class=\"KsbFXc U6u95\" data-sfc-root=\"c\" data-sfc-cb=\"\" data-processed=\"true\" data-copy-service-computed-style=\"font-family: &quot;Google Sans&quot;, Arial, sans-serif; font-size: 16px; font-weight: 400; margin: 16px 0px; text-decoration: none; border-bottom: 0px rgb(10, 10, 10);\">\n<li class=\"Z1qcYe\" style=\"text-align: justify;\" data-sfc-cp=\"\" data-sfc-root=\"c\" data-sfc-cb=\"\" data-hveid=\"CAQQBQ\" data-processed=\"true\" data-copy-service-computed-style=\"font-family: &quot;Google Sans&quot;, Arial, sans-serif; font-size: 16px; font-weight: 400; margin: 0px 0px 12px; text-decoration: none; border-bottom: 0px rgb(10, 10, 10);\"><span class=\"T286Pc\" data-sfc-cp=\"\" data-sfc-root=\"c\" data-sfc-cb=\"\" data-processed=\"true\" data-copy-service-computed-style=\"font-family: &quot;Google Sans&quot;, Arial, sans-serif; font-size: 16px; font-weight: 400; margin: 0px; text-decoration: none; border-bottom: 0px rgb(10, 10, 10);\"><strong class=\"Yjhzub\" data-sfc-root=\"c\" data-sfc-cb=\"\" data-processed=\"true\" data-copy-service-computed-style=\"font-family: &quot;Google Sans&quot;, Arial, sans-serif; font-size: 16px; font-weight: 600; margin: 0px; text-decoration: none; border-bottom: 0px rgb(10, 10, 10);\"><span data-sfc-root=\"c\" data-wiz-uids=\"n9kRab_2j\" data-sfc-cb=\"\" data-processed=\"true\" data-copy-service-computed-style=\"font-family: &quot;Google Sans&quot;, Arial, sans-serif; font-size: 16px; font-weight: 600; margin: 0px; text-decoration: none; border-bottom: 0px rgb(10, 10, 10);\">Agujeros negros<!--TgQPHd|[]--><\/span>:<!--TgQPHd|[]--><\/strong> Regiones donde la curvatura del espacio es tan intensa que ni la luz escapa.<!--TgQPHd|[]--><\/span><!--TgQPHd|[]--><\/li>\n<li class=\"Z1qcYe\" style=\"text-align: justify;\" data-sfc-cp=\"\" data-sfc-root=\"c\" data-sfc-cb=\"\" data-hveid=\"CAQQBg\" data-processed=\"true\" data-copy-service-computed-style=\"font-family: &quot;Google Sans&quot;, Arial, sans-serif; font-size: 16px; font-weight: 400; margin: 0px 0px 12px; text-decoration: none; border-bottom: 0px rgb(10, 10, 10);\"><span class=\"T286Pc\" data-sfc-cp=\"\" data-sfc-root=\"c\" data-sfc-cb=\"\" data-processed=\"true\" data-copy-service-computed-style=\"font-family: &quot;Google Sans&quot;, Arial, sans-serif; font-size: 16px; font-weight: 400; margin: 0px; text-decoration: none; border-bottom: 0px rgb(10, 10, 10);\"><strong class=\"Yjhzub\" data-sfc-root=\"c\" data-sfc-cb=\"\" data-processed=\"true\" data-copy-service-computed-style=\"font-family: &quot;Google Sans&quot;, Arial, sans-serif; font-size: 16px; font-weight: 600; margin: 0px; text-decoration: none; border-bottom: 0px rgb(10, 10, 10);\">Lentes gravitacionales:<!--TgQPHd|[]--><\/strong> La luz de estrellas lejanas se desv\u00eda al pasar cerca de cuerpos masivos.<!--TgQPHd|[]--><\/span><!--TgQPHd|[]--><\/li>\n<li class=\"Z1qcYe\" style=\"text-align: justify;\" data-sfc-cp=\"\" data-sfc-root=\"c\" data-sfc-cb=\"\" data-hveid=\"CAQQBw\" data-processed=\"true\" data-copy-service-computed-style=\"font-family: &quot;Google Sans&quot;, Arial, sans-serif; font-size: 16px; font-weight: 400; margin: 0px 0px 12px; text-decoration: none; border-bottom: 0px rgb(10, 10, 10);\"><span class=\"T286Pc\" data-sfc-cp=\"\" data-sfc-root=\"c\" data-sfc-cb=\"\" data-processed=\"true\" data-copy-service-computed-style=\"font-family: &quot;Google Sans&quot;, Arial, sans-serif; font-size: 16px; font-weight: 400; margin: 0px; text-decoration: none; border-bottom: 0px rgb(10, 10, 10);\"><strong class=\"Yjhzub\" data-sfc-root=\"c\" data-sfc-cb=\"\" data-processed=\"true\" data-copy-service-computed-style=\"font-family: &quot;Google Sans&quot;, Arial, sans-serif; font-size: 16px; font-weight: 600; margin: 0px; text-decoration: none; border-bottom: 0px rgb(10, 10, 10);\">Ondas gravitacionales:<!--TgQPHd|[]--><\/strong> Ondas en el tejido del espacio-tiempo provocadas por eventos c\u00f3smicos violentos.<!--TgQPHd|[]--><\/span><!--TgQPHd|[]--><\/li>\n<p><!--TgQPHd|[]--><\/ul>\n<p><!--TgQPHd|[]--><\/li>\n<li class=\"Z1qcYe\" style=\"text-align: justify;\" data-sfc-cp=\"\" data-sfc-root=\"c\" data-sfc-cb=\"\" data-hveid=\"CAQQCA\" data-processed=\"true\" data-copy-service-computed-style=\"font-family: &quot;Google Sans&quot;, Arial, sans-serif; font-size: 16px; font-weight: 400; margin: 0px 0px 12px; text-decoration: none; border-bottom: 0px rgb(10, 10, 10);\"><span class=\"T286Pc\" data-sfc-cp=\"\" data-sfc-root=\"c\" data-sfc-cb=\"\" data-processed=\"true\" data-copy-service-computed-style=\"font-family: &quot;Google Sans&quot;, Arial, sans-serif; font-size: 16px; font-weight: 400; margin: 0px; text-decoration: none; border-bottom: 0px rgb(10, 10, 10);\"><strong class=\"Yjhzub\" data-sfc-root=\"c\" data-sfc-cb=\"\" data-processed=\"true\" data-copy-service-computed-style=\"font-family: &quot;Google Sans&quot;, Arial, sans-serif; font-size: 16px; font-weight: 600; margin: 0px; text-decoration: none; border-bottom: 0px rgb(10, 10, 10);\">Impacto Tecnol\u00f3gico (GPS):<!--TgQPHd|[]--><\/strong> La teor\u00eda no solo es te\u00f3rica; es esencial para tecnolog\u00edas modernas. La precisi\u00f3n de los sistemas GPS depende de ajustar el tiempo seg\u00fan la <a href=\"#\" onclick=\"referencia('relatividad',event); return false;\">relatividad<\/a> general, ya que el tiempo corre m\u00e1s lento cerca de objetos masivos (como la Tierra).<!--TgQPHd|[]--><\/span>\u00a0<!--TgQPHd|[]--><\/li>\n<p><!--TgQPHd|[]--><\/ul>\n<\/div>\n<div class=\"\" data-bfc=\"\" data-ved=\"2ahUKEwiV1tr2iJWUAxXFywIHHZAYBR8Qi4wTegQIBRAA\" data-processed=\"true\" data-copy-service-computed-style=\"font-family: &quot;Google Sans&quot;, Arial, sans-serif; font-size: 16px; font-weight: 400; margin: 0px; text-decoration: none; border-bottom: 0px rgb(10, 10, 10);\">\n<div class=\"n6owBd awi2gc\" style=\"text-align: justify;\" data-sfc-cp=\"\" data-sfc-root=\"c\" data-sfc-cb=\"\" data-hveid=\"CAUQAQ\" data-processed=\"true\" data-copy-service-computed-style=\"font-family: &quot;Google Sans&quot;, Arial, sans-serif; font-size: 16px; font-weight: 400; margin: 12px 0px 16px; text-decoration: none; border-bottom: 0px rgb(10, 10, 10);\">La <a href=\"#\" onclick=\"referencia('relatividad',event); return false;\">relatividad<\/a> general convirti\u00f3 el universo en un lugar &#8220;m\u00e1s familiar, elegante y fascinante&#8221;, unificado por la geometr\u00eda del espacio-tiempo creada por la presencia de grandes masas. Lo cierto es que, a <a href=\"#\" onclick=\"referencia('einstein',event); return false;\">Einstein<\/a>, no se le reconoci\u00f3 debidamente, sus aportaciones a la F\u00edsica. Le dieron el N\u00f3bel por el Efecto Fotoel\u00e9ctrico, y, tambi\u00e9n, se lo merecia por la Relatividad Espeial y la Relatividad General.<\/div>\n<\/div>\n<blockquote>\n<div data-sfc-cp=\"\" data-sfc-root=\"c\" data-sfc-cb=\"\" data-hveid=\"CAUQAQ\" data-processed=\"true\" data-copy-service-computed-style=\"font-family: &quot;Google Sans&quot;, Arial, sans-serif; font-size: 16px; font-weight: 400; margin: 12px 0px 16px; text-decoration: none; border-bottom: 0px rgb(10, 10, 10);\"><\/div>\n<div data-sfc-cp=\"\" data-sfc-root=\"c\" data-sfc-cb=\"\" data-hveid=\"CAUQAQ\" data-processed=\"true\" data-copy-service-computed-style=\"font-family: &quot;Google Sans&quot;, Arial, sans-serif; font-size: 16px; font-weight: 400; margin: 12px 0px 16px; text-decoration: none; border-bottom: 0px rgb(10, 10, 10);\"><strong>Emilio Silbvera V.<\/strong><\/div>\n<\/blockquote>\n<div data-sfc-cp=\"\" data-sfc-root=\"c\" data-sfc-cb=\"\" data-hveid=\"CAUQAQ\" data-processed=\"true\" data-copy-service-computed-style=\"font-family: &quot;Google Sans&quot;, Arial, sans-serif; font-size: 16px; font-weight: 400; margin: 12px 0px 16px; text-decoration: none; border-bottom: 0px rgb(10, 10, 10);\"><\/div>\n<div class='bookmark'>\r\n\t\t<table align='left' border='0' cellpadding='0' width='100%'>\r\n\t\t<tr><td><span class='pushbutton'><a href='http:\/\/delicious.com\/post?url=https%3A%2F%2Fwww.emiliosilveravazquez.com%2Fblog%2F2026%2F04%2F30%2Flo-que-llaan-gravedad-es-el-esapacio-curvado-en-preencia-de-masa%2F&amp;title=Lo+que+llaan+Gravedad%2C+es+el+Esapacio+Curvado+en+preencia+de+Masa' title='Delicious' target='_blank' rel='nofollow'><img src='https:\/\/www.emiliosilveravazquez.com\/blog\/wp-content\/plugins\/knxdt-bookmarks-wordpress-plugin\/images\/delicious.png'  alt='' class='book_img' border='none' style='margin:1px; padding: 0;'  \/><\/a><\/span><span class='pushbutton'><a href='http:\/\/digg.com\/submit?url=https%3A%2F%2Fwww.emiliosilveravazquez.com%2Fblog%2F2026%2F04%2F30%2Flo-que-llaan-gravedad-es-el-esapacio-curvado-en-preencia-de-masa%2F&amp;title=Lo+que+llaan+Gravedad%2C+es+el+Esapacio+Curvado+en+preencia+de+Masa' title='Digg' target='_blank' rel='nofollow'><img src='https:\/\/www.emiliosilveravazquez.com\/blog\/wp-content\/plugins\/knxdt-bookmarks-wordpress-plugin\/images\/digg.png'  alt='' class='book_img' border='none' style='margin:1px; padding: 0;'  \/><\/a><\/span><span class='pushbutton'><a href='http:\/\/www.google.com\/bookmarks\/mark?op=edit&amp;bkmk=https%3A%2F%2Fwww.emiliosilveravazquez.com%2Fblog%2F2026%2F04%2F30%2Flo-que-llaan-gravedad-es-el-esapacio-curvado-en-preencia-de-masa%2F&amp;title=Lo+que+llaan+Gravedad%2C+es+el+Esapacio+Curvado+en+preencia+de+Masa' title='Google' target='_blank' rel='nofollow'><img src='https:\/\/www.emiliosilveravazquez.com\/blog\/wp-content\/plugins\/knxdt-bookmarks-wordpress-plugin\/images\/google.png'   alt='' class='book_img' border='none' style='margin:1px; padding: 0;'  \/><\/a><\/span><span class='pushbutton'><a href='http:\/\/myweb2.search.yahoo.com\/myresults\/bookmarklet?u=https%3A%2F%2Fwww.emiliosilveravazquez.com%2Fblog%2F2026%2F04%2F30%2Flo-que-llaan-gravedad-es-el-esapacio-curvado-en-preencia-de-masa%2F&amp;t=Lo+que+llaan+Gravedad%2C+es+el+Esapacio+Curvado+en+preencia+de+Masa' title='Yahoo' target='_blank' rel='nofollow'><img src='https:\/\/www.emiliosilveravazquez.com\/blog\/wp-content\/plugins\/knxdt-bookmarks-wordpress-plugin\/images\/yahoo.png'  alt='' class='book_img' border='none' style='margin:1px; padding: 0;'  \/><\/a><\/span><span class='pushbutton'><a href='http:\/\/www.technorati.com\/faves?add=https%3A%2F%2Fwww.emiliosilveravazquez.com%2Fblog%2F2026%2F04%2F30%2Flo-que-llaan-gravedad-es-el-esapacio-curvado-en-preencia-de-masa%2F' title='Technorati' target='_blank' rel='nofollow'><img src='https:\/\/www.emiliosilveravazquez.com\/blog\/wp-content\/plugins\/knxdt-bookmarks-wordpress-plugin\/images\/technorati.png'  alt='' class='book_img' border='none' style='margin:1px; padding: 0;'  \/><\/a><\/span><span class='pushbutton'><a href='http:\/\/meneame.net\/submit.php?url=https%3A%2F%2Fwww.emiliosilveravazquez.com%2Fblog%2F2026%2F04%2F30%2Flo-que-llaan-gravedad-es-el-esapacio-curvado-en-preencia-de-masa%2F' title='Meneame' target='_blank' rel='nofollow'><img src='https:\/\/www.emiliosilveravazquez.com\/blog\/wp-content\/plugins\/knxdt-bookmarks-wordpress-plugin\/images\/meneame.png'  alt='' class='book_img' border='none' style='margin:1px; padding: 0;'  \/><\/a><\/span><span class='pushbutton'><a href='http:\/\/enchilame.com\/submit.php?url=https:\/\/www.emiliosilveravazquez.com\/blog\/2026\/04\/30\/lo-que-llaan-gravedad-es-el-esapacio-curvado-en-preencia-de-masa\/' target='_blank' rel='nofollow'><img title='Enchilame' src='https:\/\/www.emiliosilveravazquez.com\/blog\/wp-content\/plugins\/knxdt-bookmarks-wordpress-plugin\/images\/enchilame.png'  alt='' class='book_img' border='none' style='margin:1px; padding: 0;'  \/><\/a><\/span><span class='pushbutton'><a href='http:\/\/www.blinklist.com\/index.php?Action=Blink\/addblink.php&amp;Description=&amp;Url=https%3A%2F%2Fwww.emiliosilveravazquez.com%2Fblog%2F2026%2F04%2F30%2Flo-que-llaan-gravedad-es-el-esapacio-curvado-en-preencia-de-masa%2F&amp;title=Lo+que+llaan+Gravedad%2C+es+el+Esapacio+Curvado+en+preencia+de+Masa' title='BlinkList' target='_blank' rel='nofollow'><img src='https:\/\/www.emiliosilveravazquez.com\/blog\/wp-content\/plugins\/knxdt-bookmarks-wordpress-plugin\/images\/blinklist.png'  alt='' class='book_img' border='none' style='margin:1px; padding: 0;'  \/><\/a><\/span><span class='pushbutton'><a href='http:\/\/reddit.com\/submit?url=https%3A%2F%2Fwww.emiliosilveravazquez.com%2Fblog%2F2026%2F04%2F30%2Flo-que-llaan-gravedad-es-el-esapacio-curvado-en-preencia-de-masa%2F&amp;title=Lo+que+llaan+Gravedad%2C+es+el+Esapacio+Curvado+en+preencia+de+Masa' title='Reddit' target='_blank' rel='nofollow'><img src='https:\/\/www.emiliosilveravazquez.com\/blog\/wp-content\/plugins\/knxdt-bookmarks-wordpress-plugin\/images\/reddit.png'  alt='' class='book_img' border='none' style='margin:1px; padding: 0;'  \/><\/a><\/span><span class='pushbutton'><a href='http:\/\/www.tecnologiadiaria.com\/2009\/07\/abrir-com-hotmail-correo.html' target='_blank' title='hotmail'><img src='https:\/\/www.emiliosilveravazquez.com\/blog\/wp-content\/plugins\/knxdt-bookmarks-wordpress-plugin\/images\/linklove.png' alt='hotmail correo' class='book_img' border='none' style='margin:1px; padding: 0;' \/><\/a><\/span><span class='pushbutton'><a href='http:\/\/bitacoras.com\/votar\/anotacion\/externo\/mini\/www.emiliosilveravazquez.com\/blog\/2026\/04\/30\/lo-que-llaan-gravedad-es-el-esapacio-curvado-en-preencia-de-masa\/' title='Bitacoras.com' target='_blank' rel='nofollow'><img src='https:\/\/www.emiliosilveravazquez.com\/blog\/wp-content\/plugins\/knxdt-bookmarks-wordpress-plugin\/images\/bitacoras.png'  alt='' class='book_img' border='none' style='margin:1px; padding: 0;'  \/><\/a><\/span><span class='pushbutton'><a href='http:\/\/www.wikio.es\/vote?url=https%3A%2F%2Fwww.emiliosilveravazquez.com%2Fblog%2F2026%2F04%2F30%2Flo-que-llaan-gravedad-es-el-esapacio-curvado-en-preencia-de-masa%2F' title='Wikio' target='_blank' rel='nofollow'><img src='https:\/\/www.emiliosilveravazquez.com\/blog\/wp-content\/plugins\/knxdt-bookmarks-wordpress-plugin\/images\/wikio.png'   alt='' class='book_img' border='none' style='margin:1px; padding: 0;'   \/><\/a><\/span><span class='pushbutton'><a href='http:\/\/friendfeed.com\/?url=https%3A%2F%2Fwww.emiliosilveravazquez.com%2Fblog%2F2026%2F04%2F30%2Flo-que-llaan-gravedad-es-el-esapacio-curvado-en-preencia-de-masa%2F&amp;title=Lo+que+llaan+Gravedad%2C+es+el+Esapacio+Curvado+en+preencia+de+Masa' title='Friend Feed' target='_blank' rel='nofollow'><img src='https:\/\/www.emiliosilveravazquez.com\/blog\/wp-content\/plugins\/knxdt-bookmarks-wordpress-plugin\/images\/friendfeed.png'  alt='' class='book_img' border='none' style='margin:1px; padding: 0;'  \/><\/a><\/span><span class='pushbutton'><a href='http:\/\/www.facebook.com\/share.php?u=https%3A%2F%2Fwww.emiliosilveravazquez.com%2Fblog%2F2026%2F04%2F30%2Flo-que-llaan-gravedad-es-el-esapacio-curvado-en-preencia-de-masa%2F&amp;t=Lo+que+llaan+Gravedad%2C+es+el+Esapacio+Curvado+en+preencia+de+Masa' title='Facebook' target='_blank' rel='nofollow'><img src='https:\/\/www.emiliosilveravazquez.com\/blog\/wp-content\/plugins\/knxdt-bookmarks-wordpress-plugin\/images\/facebook.png'  alt='' class='book_img' border='none' style='margin:1px; padding: 0;'  \/><\/a><\/span><span class='pushbutton'><a href='http:\/\/twitter.com\/home?status=Lo+que+llaan+Gravedad%2C+es+el+Esapacio+Curvado+en+preencia+de+Masa: https%3A%2F%2Fwww.emiliosilveravazquez.com%2Fblog%2F2026%2F04%2F30%2Flo-que-llaan-gravedad-es-el-esapacio-curvado-en-preencia-de-masa%2F' title='Twitter' target='_blank' rel='nofollow'><img src='https:\/\/www.emiliosilveravazquez.com\/blog\/wp-content\/plugins\/knxdt-bookmarks-wordpress-plugin\/images\/twitter.png'  alt='' class='book_img' border='none' style='margin:1px; padding: 0;'  \/><\/a><\/span><span class='pushbutton'><a href='http:\/\/www.feedburner.com\/fb\/a\/emailFlare?itemTitle=Lo+que+llaan+Gravedad%2C+es+el+Esapacio+Curvado+en+preencia+de+Masa&amp;uri=https%3A%2F%2Fwww.emiliosilveravazquez.com%2Fblog%2F2026%2F04%2F30%2Flo-que-llaan-gravedad-es-el-esapacio-curvado-en-preencia-de-masa%2F' title='Enviar por Email' target='_blank' rel='nofollow'><img src='https:\/\/www.emiliosilveravazquez.com\/blog\/wp-content\/plugins\/knxdt-bookmarks-wordpress-plugin\/images\/email.png'  alt='' class='book_img' border='none' style='margin:1px; padding: 0;'  \/><\/a><\/span><span style='font-weight:bold; padding-left: 5px;'><a href='http:\/\/wordpress.org\/extend\/plugins\/knxdt-bookmarks-wordpress-plugin\/' title='Plugin' rel='nofollow' target='_blank'>[?]<\/a><\/span><\/td><\/tr><\/table><br\/><br\/><\/div>","protected":false},"excerpt":{"rendered":"<p>&nbsp; Esta asombrosa ecuaci\u00f3n, es la prueba m\u00e1cima del ingenio humano que, un reducido conjunto de s\u00edmbolos, letras y n\u00fameros, nos explica uno de los secretos m\u00e1s profundos del Universo, lo que llasmamos Gravedad, la Geometr\u00eda del Espacio-Tiempo en preencia de Masa. El conjunto de ecuaciones de campo de la Relatividad General, es el m\u00e9rito [&hellip;]<\/p>\n","protected":false},"author":2,"featured_media":0,"comment_status":"open","ping_status":"open","sticky":false,"template":"","format":"standard","meta":{"_s2mail":"","footnotes":""},"categories":[1],"tags":[],"_links":{"self":[{"href":"https:\/\/www.emiliosilveravazquez.com\/blog\/wp-json\/wp\/v2\/posts\/35545"}],"collection":[{"href":"https:\/\/www.emiliosilveravazquez.com\/blog\/wp-json\/wp\/v2\/posts"}],"about":[{"href":"https:\/\/www.emiliosilveravazquez.com\/blog\/wp-json\/wp\/v2\/types\/post"}],"author":[{"embeddable":true,"href":"https:\/\/www.emiliosilveravazquez.com\/blog\/wp-json\/wp\/v2\/users\/2"}],"replies":[{"embeddable":true,"href":"https:\/\/www.emiliosilveravazquez.com\/blog\/wp-json\/wp\/v2\/comments?post=35545"}],"version-history":[{"count":0,"href":"https:\/\/www.emiliosilveravazquez.com\/blog\/wp-json\/wp\/v2\/posts\/35545\/revisions"}],"wp:attachment":[{"href":"https:\/\/www.emiliosilveravazquez.com\/blog\/wp-json\/wp\/v2\/media?parent=35545"}],"wp:term":[{"taxonomy":"category","embeddable":true,"href":"https:\/\/www.emiliosilveravazquez.com\/blog\/wp-json\/wp\/v2\/categories?post=35545"},{"taxonomy":"post_tag","embeddable":true,"href":"https:\/\/www.emiliosilveravazquez.com\/blog\/wp-json\/wp\/v2\/tags?post=35545"}],"curies":[{"name":"wp","href":"https:\/\/api.w.org\/{rel}","templated":true}]}}