{"id":33337,"date":"2024-12-14T19:45:33","date_gmt":"2024-12-14T18:45:33","guid":{"rendered":"https:\/\/www.emiliosilveravazquez.com\/blog\/?p=33337"},"modified":"2024-12-14T19:45:33","modified_gmt":"2024-12-14T18:45:33","slug":"lo-que-creemos-que-sabemos-6","status":"publish","type":"post","link":"https:\/\/www.emiliosilveravazquez.com\/blog\/2024\/12\/14\/lo-que-creemos-que-sabemos-6\/","title":{"rendered":"Lo que creemos que sabemos"},"content":{"rendered":"<p><iframe loading=\"lazy\" title=\"\u00bfPor Qu\u00e9 La Luz Desaf\u00eda Todas Las Leyes Que Conocemos?\" width=\"500\" height=\"281\" src=\"https:\/\/www.youtube.com\/embed\/IWFWCfgD4_4?feature=oembed\" frameborder=\"0\" allow=\"accelerometer; autoplay; clipboard-write; encrypted-media; gyroscope; picture-in-picture; web-share\" referrerpolicy=\"strict-origin-when-cross-origin\" allowfullscreen><\/iframe><\/p>\n<p>&nbsp;<\/p>\n<p><strong>\u00a1La Luz! \u00bfCu\u00e1ndo la conoceremos de verdad?<\/strong><\/p>\n<p><strong>La Luz est\u00e1 hecha de <a href=\"#\" onclick=\"referencia('foton',event); return false;\">fotones<\/a> energ\u00e9ticos.<\/strong><\/p>\n<p><strong>Dicen que los <a href=\"#\" onclick=\"referencia('foton',event); return false;\">fotones<\/a> no tienen masa en reposo,<\/strong><\/p>\n<p><strong>Claro que, nadie vio nunca un <a href=\"#\" onclick=\"referencia('foton',event); return false;\">fot\u00f3n<\/a> en reposo,<\/strong><\/p>\n<p style=\"text-align: justify;\"><strong>Como el <a href=\"#\" onclick=\"referencia('foton',event); return false;\">fot\u00f3n<\/a> es energ\u00eda que interviene en la propagaci\u00f3n de todo tipo de radiaciones (es un Bos\u00f3n), y, nos hace pensar en el hecho de que la masa y la energ\u00eda son dos aspectos de la misma cosa (E=mc<sup>2<\/sup>), podemos decir que los <a href=\"#\" onclick=\"referencia('foton',event); return false;\">fotones<\/a> son materia en forma de energ\u00eda.<\/strong><\/p>\n<p><strong>Incalculables haces de <a href=\"#\" onclick=\"referencia('foton',event); return false;\">fotones<\/a> que conforman un conjunto luminoso que viaja a 299.792,458 m\/s.<\/strong><\/p>\n<p>&nbsp;<\/p>\n<p><iframe loading=\"lazy\" title=\"9 Experimentos Cient\u00edficos que cambiar\u00e1n como ves la Luz (y te volar\u00e1n la cabeza)\" width=\"500\" height=\"281\" src=\"https:\/\/www.youtube.com\/embed\/GePFOyE_EFw?feature=oembed\" frameborder=\"0\" allow=\"accelerometer; autoplay; clipboard-write; encrypted-media; gyroscope; picture-in-picture; web-share\" referrerpolicy=\"strict-origin-when-cross-origin\" allowfullscreen><\/iframe><\/p>\n<p>&nbsp;<\/p>\n<p><img decoding=\"async\" loading=\"lazy\" class=\"\" src=\"https:\/\/i.imgur.com\/VJC6fli.png\" width=\"681\" height=\"151\" \/><\/p>\n<p>&nbsp;<\/p>\n<p><iframe loading=\"lazy\" title=\"Descubrimiento Aterrador al alcanzar la Velocidad de la Luz\" width=\"500\" height=\"281\" src=\"https:\/\/www.youtube.com\/embed\/297ku0oHZcQ?feature=oembed\" frameborder=\"0\" allow=\"accelerometer; autoplay; clipboard-write; encrypted-media; gyroscope; picture-in-picture; web-share\" referrerpolicy=\"strict-origin-when-cross-origin\" allowfullscreen><\/iframe><\/p>\n<p>&nbsp;<\/p>\n<p><strong>Los <a href=\"#\" onclick=\"referencia('foton',event); return false;\">fotones<\/a> se liberaron, y, el Universo opaco&#8230; \u00a1Se hizo transparente!<\/strong><\/p>\n<p>&nbsp;<\/p>\n<p><img decoding=\"async\" loading=\"lazy\" class=\"\" src=\"https:\/\/i.imgur.com\/Jla48gf.png\" width=\"692\" height=\"242\" \/><\/p>\n<p><img decoding=\"async\" src=\"https:\/\/eeut-site-backend.s3.eu-west-3.amazonaws.com\/styles\/653_432\/s3\/2024-08\/unida-el-primer-dia-feu-el-de-la-luz-1.jpg?itok=CC0CpqBr\" alt=\"El primer d\u00eda fue el de la luz\" \/><\/p>\n<p>&nbsp;<\/p>\n<p style=\"text-align: justify;\">Ahora no se trata de la energ\u00eda lum\u00ednica generada ya mucho antes, a prop\u00f3sito de la formaci\u00f3n del universo, ya que, la materia y energ\u00eda del cosmos incorporaban necesariamente la luz, sino de aquella otra luz particular del sistema solar, consecuencia de la primera, que tenuemente empezaba a vislumbrarse desde la superficie de la Tierra.<\/p>\n<p style=\"text-align: justify;\">De ah\u00ed que se la llame <strong>\u201cd\u00eda\u201d<\/strong> y a su ausencia <strong>\u201cnoche\u201d<\/strong>. Esto permite entender que el primer d\u00eda de la semana creacional la luz solar logr\u00f3 atravesar por primera vez las oscuras nubes que rodeaban al planeta azul.<\/p>\n<p><img decoding=\"async\" src=\"https:\/\/img.europapress.es\/fotoweb\/fotonoticia_20141006103939_690.jpg\" alt=\"La Tierra primitiva no necesit\u00f3 plantas para crear ox\u00edgeno\" \/><\/p>\n<p>&nbsp;<\/p>\n<p style=\"text-align: justify;\">Aunque la Tierra hab\u00eda estado rotando desde sus inicios, no era posible distinguir el d\u00eda de la noche porque la luz del Sol no pod\u00eda verse desde la superficie terrestre. La eterna oscuridad ocasionada por una atm\u00f3sfera densa imped\u00eda contar el tiempo o saber si era de d\u00eda o de noche.<\/p>\n<p style=\"text-align: justify;\">Sin embargo, lentamente, durante esa primera jornada las cosas empezaron a cambiar. Las negras cortinas atmosf\u00e9ricas que contaminaban la atm\u00f3sfera se volvieron transl\u00facidas y la luz pudo atravesarlas parcialmente durante las horas en que la Tierra miraba al Sol.<\/p>\n<p style=\"text-align: justify;\">Esto tuvo consecuencias muy favorables para la vida. Las diferencias en la temperatura entre el d\u00eda y la noche, as\u00ed como en las diversas latitudes y altitudes se volvieron cada vez m\u00e1s suaves.<\/p>\n<p>&nbsp;<\/p>\n<p><img decoding=\"async\" loading=\"lazy\" class=\"\" src=\"https:\/\/d55f58481f.cbaul-cdnwnd.com\/2759a0d8fb7c34430189a5bd982dea75\/200000014-b9adbbaa74\/297_EarlyEarth.jpg\" alt=\"Atm\u00f3sfera Primitiva Y Actual :: Principios Del Mundo\" width=\"548\" height=\"393\" \/><\/p>\n<p>&nbsp;<\/p>\n<p style=\"text-align: justify;\">Desaparecieron los infiernos t\u00f3rridos -como los que existen hoy, por ejemplo, en Mercurio y Venus- as\u00ed como los mundos congelados -similares a Neptuno- y la fotos\u00edntesis tuvo su oportunidad. Esa maravillosa reacci\u00f3n bioqu\u00edmica capaz de convertir la luz en alimento azucarado, que solamente las plantas verdes son capaces de realizar.<\/p>\n<p>No digamos de la Incidencia de la Luz en la Vida Vegetal y otros aspectos de importancia vital para la Vida.<\/p>\n<p>&nbsp;<\/p>\n<p><img decoding=\"async\" loading=\"lazy\" class=\"\" src=\"https:\/\/fotografias.larazon.es\/clipping\/cmsimages02\/2019\/08\/06\/9638AE09-64F2-4B85-A667-703DA7EB1830\/98.jpg?crop=432,243,x9,y0&amp;width=1900&amp;height=1069&amp;optimize=low&amp;format=webply\" alt=\"6 razones por las que necesitamos tomar el sol\" width=\"696\" height=\"392\" \/><\/p>\n<p><strong>La luz del Sol (la vitamina D natural), nos hace m\u00e1s sanos y m\u00e1s felices<\/strong><\/p>\n<blockquote>\n<p style=\"text-align: justify;\"><b>&#8220;La luz solar estimula la liberaci\u00f3n de endorfinas y serotonina, conocidas como las hormonas de la felicidad<\/b>. Estos qu\u00edmicos naturales en nuestro cuerpo nos hacen sentir bien y pueden ayudar a reducir los s\u00edntomas de la depresi\u00f3n, el estr\u00e9s y la ansiedad.&#8221;<\/p>\n<\/blockquote>\n<p style=\"text-align: justify;\">Eso en cuanto a la luz como fuente de vida, pero qu\u00e9 decir del estado de \u00e1nimo. Todos percibimos que\u00a0<strong>con m\u00e1s luz nos solemos sentir mejor y al contrario<\/strong>. Y para confirmarlo no hay m\u00e1s que fijarse un poco en el estilo de vida en los pa\u00edses del norte (menos luz) y en los del sur (m\u00e1s luz). Pero no nos basamos para decir esto en un mero t\u00f3pico: un estudio realizado por investigadores del Baker Research Institute, en Melbourne (Australia), confirma que el efecto de la luz solar sobre la producci\u00f3n de serotonina tiene un papel muy importante en los cambios del estado de \u00e1nimo provocados por factores climatol\u00f3gicos.<\/p>\n<p>&nbsp;<\/p>\n<p><img decoding=\"async\" src=\"https:\/\/i.pinimg.com\/originals\/62\/b7\/69\/62b7692674d77b573dbbbf02387dae3e.gif\" alt=\"Pin page\" \/><\/p>\n<p style=\"text-align: justify;\">La luz es una\u00a0<b>emisi\u00f3n ondulatoria y corpuscular de <a href=\"#\" onclick=\"referencia('foton',event); return false;\">fotones<\/a><\/b>, es decir, al mismo tiempo se comporta como si estuviera hecha de ondas y de materia. Se desplaza siempre en l\u00ednea recta, a una velocidad definida y constante.<\/p>\n<p style=\"text-align: justify;\">Podr\u00edamos seguir d\u00edas, semanas y meses hablando m\u00e1s y m\u00e1s de la luz, todo lo que dicen los Videos, lo que arriba est\u00e1 escrito y much\u00edsimo m\u00e1s. Sin embargo, seguimos sin saber, lo que realmente es la Luz.<\/p>\n<p><strong>E.S.V.<\/strong><\/p>\n<div class='bookmark'>\r\n\t\t<table align='left' border='0' cellpadding='0' width='100%'>\r\n\t\t<tr><td><span class='pushbutton'><a href='http:\/\/delicious.com\/post?url=https%3A%2F%2Fwww.emiliosilveravazquez.com%2Fblog%2F2024%2F12%2F14%2Flo-que-creemos-que-sabemos-6%2F&amp;title=Lo+que+creemos+que+sabemos' title='Delicious' target='_blank' rel='nofollow'><img src='https:\/\/www.emiliosilveravazquez.com\/blog\/wp-content\/plugins\/knxdt-bookmarks-wordpress-plugin\/images\/delicious.png'  alt='' class='book_img' border='none' style='margin:1px; padding: 0;'  \/><\/a><\/span><span class='pushbutton'><a href='http:\/\/digg.com\/submit?url=https%3A%2F%2Fwww.emiliosilveravazquez.com%2Fblog%2F2024%2F12%2F14%2Flo-que-creemos-que-sabemos-6%2F&amp;title=Lo+que+creemos+que+sabemos' title='Digg' target='_blank' rel='nofollow'><img src='https:\/\/www.emiliosilveravazquez.com\/blog\/wp-content\/plugins\/knxdt-bookmarks-wordpress-plugin\/images\/digg.png'  alt='' class='book_img' border='none' style='margin:1px; padding: 0;'  \/><\/a><\/span><span class='pushbutton'><a href='http:\/\/www.google.com\/bookmarks\/mark?op=edit&amp;bkmk=https%3A%2F%2Fwww.emiliosilveravazquez.com%2Fblog%2F2024%2F12%2F14%2Flo-que-creemos-que-sabemos-6%2F&amp;title=Lo+que+creemos+que+sabemos' title='Google' target='_blank' rel='nofollow'><img src='https:\/\/www.emiliosilveravazquez.com\/blog\/wp-content\/plugins\/knxdt-bookmarks-wordpress-plugin\/images\/google.png'   alt='' class='book_img' border='none' style='margin:1px; padding: 0;'  \/><\/a><\/span><span class='pushbutton'><a href='http:\/\/myweb2.search.yahoo.com\/myresults\/bookmarklet?u=https%3A%2F%2Fwww.emiliosilveravazquez.com%2Fblog%2F2024%2F12%2F14%2Flo-que-creemos-que-sabemos-6%2F&amp;t=Lo+que+creemos+que+sabemos' title='Yahoo' target='_blank' rel='nofollow'><img src='https:\/\/www.emiliosilveravazquez.com\/blog\/wp-content\/plugins\/knxdt-bookmarks-wordpress-plugin\/images\/yahoo.png'  alt='' class='book_img' border='none' style='margin:1px; padding: 0;'  \/><\/a><\/span><span class='pushbutton'><a href='http:\/\/www.technorati.com\/faves?add=https%3A%2F%2Fwww.emiliosilveravazquez.com%2Fblog%2F2024%2F12%2F14%2Flo-que-creemos-que-sabemos-6%2F' title='Technorati' target='_blank' rel='nofollow'><img src='https:\/\/www.emiliosilveravazquez.com\/blog\/wp-content\/plugins\/knxdt-bookmarks-wordpress-plugin\/images\/technorati.png'  alt='' class='book_img' border='none' style='margin:1px; padding: 0;'  \/><\/a><\/span><span class='pushbutton'><a href='http:\/\/meneame.net\/submit.php?url=https%3A%2F%2Fwww.emiliosilveravazquez.com%2Fblog%2F2024%2F12%2F14%2Flo-que-creemos-que-sabemos-6%2F' title='Meneame' target='_blank' rel='nofollow'><img src='https:\/\/www.emiliosilveravazquez.com\/blog\/wp-content\/plugins\/knxdt-bookmarks-wordpress-plugin\/images\/meneame.png'  alt='' class='book_img' border='none' style='margin:1px; padding: 0;'  \/><\/a><\/span><span class='pushbutton'><a href='http:\/\/enchilame.com\/submit.php?url=https:\/\/www.emiliosilveravazquez.com\/blog\/2024\/12\/14\/lo-que-creemos-que-sabemos-6\/' target='_blank' rel='nofollow'><img title='Enchilame' src='https:\/\/www.emiliosilveravazquez.com\/blog\/wp-content\/plugins\/knxdt-bookmarks-wordpress-plugin\/images\/enchilame.png'  alt='' class='book_img' border='none' style='margin:1px; padding: 0;'  \/><\/a><\/span><span class='pushbutton'><a href='http:\/\/www.blinklist.com\/index.php?Action=Blink\/addblink.php&amp;Description=&amp;Url=https%3A%2F%2Fwww.emiliosilveravazquez.com%2Fblog%2F2024%2F12%2F14%2Flo-que-creemos-que-sabemos-6%2F&amp;title=Lo+que+creemos+que+sabemos' title='BlinkList' target='_blank' rel='nofollow'><img src='https:\/\/www.emiliosilveravazquez.com\/blog\/wp-content\/plugins\/knxdt-bookmarks-wordpress-plugin\/images\/blinklist.png'  alt='' class='book_img' border='none' style='margin:1px; padding: 0;'  \/><\/a><\/span><span class='pushbutton'><a href='http:\/\/reddit.com\/submit?url=https%3A%2F%2Fwww.emiliosilveravazquez.com%2Fblog%2F2024%2F12%2F14%2Flo-que-creemos-que-sabemos-6%2F&amp;title=Lo+que+creemos+que+sabemos' title='Reddit' target='_blank' rel='nofollow'><img src='https:\/\/www.emiliosilveravazquez.com\/blog\/wp-content\/plugins\/knxdt-bookmarks-wordpress-plugin\/images\/reddit.png'  alt='' class='book_img' border='none' style='margin:1px; padding: 0;'  \/><\/a><\/span><span class='pushbutton'><a href='http:\/\/www.tecnologiadiaria.com\/2009\/07\/abrir-com-hotmail-correo.html' target='_blank' title='hotmail'><img src='https:\/\/www.emiliosilveravazquez.com\/blog\/wp-content\/plugins\/knxdt-bookmarks-wordpress-plugin\/images\/linklove.png' alt='hotmail correo' class='book_img' border='none' style='margin:1px; padding: 0;' \/><\/a><\/span><span class='pushbutton'><a href='http:\/\/bitacoras.com\/votar\/anotacion\/externo\/mini\/www.emiliosilveravazquez.com\/blog\/2024\/12\/14\/lo-que-creemos-que-sabemos-6\/' title='Bitacoras.com' target='_blank' rel='nofollow'><img src='https:\/\/www.emiliosilveravazquez.com\/blog\/wp-content\/plugins\/knxdt-bookmarks-wordpress-plugin\/images\/bitacoras.png'  alt='' class='book_img' border='none' style='margin:1px; padding: 0;'  \/><\/a><\/span><span class='pushbutton'><a href='http:\/\/www.wikio.es\/vote?url=https%3A%2F%2Fwww.emiliosilveravazquez.com%2Fblog%2F2024%2F12%2F14%2Flo-que-creemos-que-sabemos-6%2F' title='Wikio' target='_blank' rel='nofollow'><img src='https:\/\/www.emiliosilveravazquez.com\/blog\/wp-content\/plugins\/knxdt-bookmarks-wordpress-plugin\/images\/wikio.png'   alt='' class='book_img' border='none' style='margin:1px; padding: 0;'   \/><\/a><\/span><span class='pushbutton'><a href='http:\/\/friendfeed.com\/?url=https%3A%2F%2Fwww.emiliosilveravazquez.com%2Fblog%2F2024%2F12%2F14%2Flo-que-creemos-que-sabemos-6%2F&amp;title=Lo+que+creemos+que+sabemos' title='Friend Feed' target='_blank' rel='nofollow'><img src='https:\/\/www.emiliosilveravazquez.com\/blog\/wp-content\/plugins\/knxdt-bookmarks-wordpress-plugin\/images\/friendfeed.png'  alt='' class='book_img' border='none' style='margin:1px; padding: 0;'  \/><\/a><\/span><span class='pushbutton'><a href='http:\/\/www.facebook.com\/share.php?u=https%3A%2F%2Fwww.emiliosilveravazquez.com%2Fblog%2F2024%2F12%2F14%2Flo-que-creemos-que-sabemos-6%2F&amp;t=Lo+que+creemos+que+sabemos' title='Facebook' target='_blank' rel='nofollow'><img src='https:\/\/www.emiliosilveravazquez.com\/blog\/wp-content\/plugins\/knxdt-bookmarks-wordpress-plugin\/images\/facebook.png'  alt='' class='book_img' border='none' style='margin:1px; padding: 0;'  \/><\/a><\/span><span class='pushbutton'><a href='http:\/\/twitter.com\/home?status=Lo+que+creemos+que+sabemos: https%3A%2F%2Fwww.emiliosilveravazquez.com%2Fblog%2F2024%2F12%2F14%2Flo-que-creemos-que-sabemos-6%2F' title='Twitter' target='_blank' rel='nofollow'><img src='https:\/\/www.emiliosilveravazquez.com\/blog\/wp-content\/plugins\/knxdt-bookmarks-wordpress-plugin\/images\/twitter.png'  alt='' class='book_img' border='none' style='margin:1px; padding: 0;'  \/><\/a><\/span><span class='pushbutton'><a href='http:\/\/www.feedburner.com\/fb\/a\/emailFlare?itemTitle=Lo+que+creemos+que+sabemos&amp;uri=https%3A%2F%2Fwww.emiliosilveravazquez.com%2Fblog%2F2024%2F12%2F14%2Flo-que-creemos-que-sabemos-6%2F' title='Enviar por Email' target='_blank' rel='nofollow'><img src='https:\/\/www.emiliosilveravazquez.com\/blog\/wp-content\/plugins\/knxdt-bookmarks-wordpress-plugin\/images\/email.png'  alt='' class='book_img' border='none' style='margin:1px; padding: 0;'  \/><\/a><\/span><span style='font-weight:bold; padding-left: 5px;'><a href='http:\/\/wordpress.org\/extend\/plugins\/knxdt-bookmarks-wordpress-plugin\/' title='Plugin' rel='nofollow' target='_blank'>[?]<\/a><\/span><\/td><\/tr><\/table><br\/><br\/><\/div>","protected":false},"excerpt":{"rendered":"<p>&nbsp; \u00a1La Luz! \u00bfCu\u00e1ndo la conoceremos de verdad? La Luz est\u00e1 hecha de fotones energ\u00e9ticos. Dicen que los fotones no tienen masa en reposo, Claro que, nadie vio nunca un fot\u00f3n en reposo, Como el fot\u00f3n es energ\u00eda que interviene en la propagaci\u00f3n de todo tipo de radiaciones (es un Bos\u00f3n), y, nos hace pensar [&hellip;]<\/p>\n","protected":false},"author":2,"featured_media":0,"comment_status":"open","ping_status":"open","sticky":false,"template":"","format":"standard","meta":{"_s2mail":"","footnotes":""},"categories":[1],"tags":[],"_links":{"self":[{"href":"https:\/\/www.emiliosilveravazquez.com\/blog\/wp-json\/wp\/v2\/posts\/33337"}],"collection":[{"href":"https:\/\/www.emiliosilveravazquez.com\/blog\/wp-json\/wp\/v2\/posts"}],"about":[{"href":"https:\/\/www.emiliosilveravazquez.com\/blog\/wp-json\/wp\/v2\/types\/post"}],"author":[{"embeddable":true,"href":"https:\/\/www.emiliosilveravazquez.com\/blog\/wp-json\/wp\/v2\/users\/2"}],"replies":[{"embeddable":true,"href":"https:\/\/www.emiliosilveravazquez.com\/blog\/wp-json\/wp\/v2\/comments?post=33337"}],"version-history":[{"count":0,"href":"https:\/\/www.emiliosilveravazquez.com\/blog\/wp-json\/wp\/v2\/posts\/33337\/revisions"}],"wp:attachment":[{"href":"https:\/\/www.emiliosilveravazquez.com\/blog\/wp-json\/wp\/v2\/media?parent=33337"}],"wp:term":[{"taxonomy":"category","embeddable":true,"href":"https:\/\/www.emiliosilveravazquez.com\/blog\/wp-json\/wp\/v2\/categories?post=33337"},{"taxonomy":"post_tag","embeddable":true,"href":"https:\/\/www.emiliosilveravazquez.com\/blog\/wp-json\/wp\/v2\/tags?post=33337"}],"curies":[{"name":"wp","href":"https:\/\/api.w.org\/{rel}","templated":true}]}}