{"id":33150,"date":"2026-03-20T13:30:28","date_gmt":"2026-03-20T12:30:28","guid":{"rendered":"https:\/\/www.emiliosilveravazquez.com\/blog\/?p=33150"},"modified":"2026-03-20T13:31:04","modified_gmt":"2026-03-20T12:31:04","slug":"el-universo-misterioso-6","status":"publish","type":"post","link":"https:\/\/www.emiliosilveravazquez.com\/blog\/2026\/03\/20\/el-universo-misterioso-6\/","title":{"rendered":"EL universo misterioso"},"content":{"rendered":"<p><iframe loading=\"lazy\" title=\"Una Civilizaci\u00f3n De 100 Millones De A\u00f1os\" width=\"500\" height=\"281\" src=\"https:\/\/www.youtube.com\/embed\/pkpAcLYjWL4?feature=oembed\" frameborder=\"0\" allow=\"accelerometer; autoplay; clipboard-write; encrypted-media; gyroscope; picture-in-picture; web-share\" referrerpolicy=\"strict-origin-when-cross-origin\" allowfullscreen><\/iframe><\/p>\n<p><strong>Nos creemos los amos del Universo, y, sin embargo&#8230; \u00a1Solo somos una especie m\u00e1s!<\/strong><\/p>\n<h1 class=\"title\">S\u00f3lo somos una raza avanzada de monos en un planeta menor de una estrella promedio<\/h1>\n<p><img decoding=\"async\" loading=\"lazy\" class=\"\" src=\"https:\/\/pbs.twimg.com\/media\/CtmYTl3WIAUyz1j.jpg:large\" alt=\"El Jard\u00edn de Charles on X: &quot;Solo somos una raza avanzada de primates en un planeta menor de una estrella ordinaria. Pero podemos entender el universo (S.Hawking) https:\/\/t.co\/jUDiz16acF&quot; \/ X\" width=\"562\" height=\"308\" \/><\/p>\n<p><strong>Bueno&#8230; \u00a1Casi lo podemos entender!<\/strong><\/p>\n<blockquote>\n<p style=\"text-align: justify;\">Stephen Hawking es considerado una de las\u00a0<strong>diez personas m\u00e1s inteligentes\u00a0<\/strong>del planeta, con un cociente intelectual de 160, el autor de &#8216;Breve historia del tiempo&#8217; ocup\u00f3 en la Universidad de Cambridge, entre 1979 y 2009, la misma c\u00e1tedra de Matem\u00e1ticas en la que imparti\u00f3 clases Isaac <a href=\"#\" onclick=\"referencia('newton',event); return false;\">Newton<\/a>.<\/p>\n<p style=\"text-align: justify;\">Entre sus muchas reflexiones, aqu\u00ed hemos elegido diez que pueden resumir su pensamiento y la<strong>\u00a0visi\u00f3n que tiene del mundo y el universo.<\/strong><\/p>\n<p>&nbsp;<\/p>\n<p><img decoding=\"async\" loading=\"lazy\" class=\"\" src=\"https:\/\/www.pablocapanna.com.ar\/wp-content\/uploads\/2017\/12\/originalxweb.jpg\" alt=\"El Enigma del hombre-mono \u2013 Pablo Capanna\" width=\"404\" height=\"226\" \/><\/p><\/blockquote>\n<p>&nbsp;<\/p>\n<blockquote>\n<ul>\n<li style=\"text-align: justify;\">&#8220;S\u00f3lo somos una raza avanzada de monos en un planeta menor de una estrella promedio.<\/li>\n<\/ul>\n<p>&nbsp;<\/p>\n<p><img decoding=\"async\" loading=\"lazy\" class=\"\" src=\"https:\/\/s2.abcstatics.com\/abc\/www\/multimedia\/sociedad\/2023\/11\/03\/astro2-RJsrW726EoWoPwXFEoHc0tJ-1200x840@abc.jpg\" alt=\"La teor\u00eda de que el universo podr\u00eda ser como un ser pensante, \u00abel cambio de\" width=\"470\" height=\"329\" \/><\/p>\n<ul>\n<li style=\"text-align: justify;\">Pero podemos entender el Universo. Eso nos hace muy especiales&#8221;.<\/li>\n<\/ul>\n<\/blockquote>\n<p>&nbsp;<\/p>\n<blockquote>\n<ul>\n<li style=\"text-align: justify;\">&#8220;La inteligencia es la habilidad para adaptarse a los cambios&#8221;.<\/li>\n<\/ul>\n<p>&nbsp;<\/p>\n<p><img decoding=\"async\" loading=\"lazy\" class=\"\" src=\"https:\/\/okdiario.com\/img\/2023\/11\/13\/la-teoria-de-las-multiples-realidades.jpg\" alt=\"La teor\u00eda de las m\u00faltiples realidades\" width=\"463\" height=\"267\" \/><\/p>\n<ul>\n<li style=\"text-align: justify;\">&#8220;No hay una \u00fanica imagen de la realidad&#8221;.<\/li>\n<\/ul>\n<\/blockquote>\n<p>&nbsp;<\/p>\n<p><img decoding=\"async\" loading=\"lazy\" class=\"\" src=\"https:\/\/iccsi.com.ar\/wp-content\/uploads\/que-planetas-podrian-albergar-vida.webp\" alt=\"La Probabilidad De Vida Inteligente En El Universo | ICCSI\" width=\"598\" height=\"336\" \/><img decoding=\"async\" loading=\"lazy\" class=\"\" src=\"https:\/\/nexciencia.exactas.uba.ar\/wp-content\/uploads\/2012\/06\/prometheus1.jpg\" alt=\"El largo camino de la vida inteligente : nexciencia.exactas.uba.ar\" width=\"599\" height=\"307\" \/><\/p>\n<blockquote>\n<ul>\n<li style=\"text-align: justify;\">&#8220;Creo que la vida extraterrestre es bastante com\u00fan en el universo, aunque la vida inteligente no lo es tanto. Algunos dicen que a\u00fan debe aparecer en el planeta Tierra&#8221;.<\/li>\n<\/ul>\n<p>&nbsp;<\/p><\/blockquote>\n<p><iframe loading=\"lazy\" title=\"\u00bfQu\u00e9 pasar\u00eda si el universo tuviera conciencia?\" width=\"500\" height=\"281\" src=\"https:\/\/www.youtube.com\/embed\/gPgfwUZgJ9c?feature=oembed\" frameborder=\"0\" allow=\"accelerometer; autoplay; clipboard-write; encrypted-media; gyroscope; picture-in-picture; web-share\" referrerpolicy=\"strict-origin-when-cross-origin\" allowfullscreen><\/iframe><\/p>\n<p>&nbsp;<\/p>\n<blockquote>\n<ul>\n<li style=\"text-align: justify;\">&#8220;Si entiendes el Universo, de alguna forma lo controlas&#8221;.<\/li>\n<\/ul>\n<\/blockquote>\n<p>&nbsp;<\/p>\n<p><img decoding=\"async\" loading=\"lazy\" class=\"\" src=\"https:\/\/estaticos-cdn.prensaiberica.es\/clip\/44b6322b-533b-44bc-8f0e-0ac67f6f5592_source-aspect-ratio_default_0.jpg\" alt=\"Suspendida la enfermera de Stephen Hawking por desatenderle\" width=\"536\" height=\"302\" \/><\/p>\n<blockquote>\n<ul>\n<li style=\"text-align: justify;\">&#8220;Nadie puede resistir la idea de un genio lisiado&#8221;.<\/li>\n<\/ul>\n<\/blockquote>\n<p>&nbsp;<\/p>\n<p><img decoding=\"async\" loading=\"lazy\" class=\"\" src=\"https:\/\/ichef.bbci.co.uk\/news\/1024\/branded_mundo\/0537\/production\/_108753310_gettyimages-1339505-1.jpg\" alt=\"Atentados del 11 de septiembre: por qu\u00e9 la CIA no detect\u00f3 los ataques contra las Torres Gemelas de Nueva York (pese a las se\u00f1ales que tuvo) - BBC News Mundo\" width=\"540\" height=\"304\" \/><\/p>\n<blockquote>\n<ul>\n<li style=\"text-align: justify;\">&#8220;Aunque el 11 de septiembre fue horrible, no amenaz\u00f3 la supervivencia de la raza humana, como lo hacen las armas nucleares&#8221;.<\/li>\n<\/ul>\n<\/blockquote>\n<p>&nbsp;<\/p>\n<blockquote><p><img decoding=\"async\" loading=\"lazy\" class=\"\" src=\"https:\/\/i.imgur.com\/MhFMUNM.png\" width=\"390\" height=\"466\" \/><\/p>\n<ul>\n<li style=\"text-align: justify;\">&#8220;El pasado, como el futuro, es indefinido y existe solo como un espectro de posibilidades&#8221;.<\/li>\n<\/ul>\n<p>&nbsp;<\/p>\n<p><img decoding=\"async\" src=\"https:\/\/encrypted-tbn0.gstatic.com\/images?q=tbn:ANd9GcRRCunRnr4vWnaDaI0GLJ86ioO1Ktk6zV_PNA&amp;s\" alt=\"Falleci\u00f3 el f\u00edsico ingl\u00e9s Stephen Hawking\" \/><\/p>\n<p><strong>Pero, aunque tengamos en cuenta todo eso&#8230; \u00bfSomos acaso nosotros los elegidos?<\/strong><\/p><\/blockquote>\n<p style=\"text-align: justify;\">No, no creo que se\u00e1mos los elegidos, simplemente hemos tenido la suerte de sobresalir de entre millones de especies m\u00e1s, y que la Naturaleza nos otorgara los dones preecisos para dominar en este peque\u00f1o mundo, teniendo el cerebro dispuesto con una estructura compleja para hacer funcionar a 68.000 millones de neuronas que crean pensamientos, ideas y&#8230; \u00a1Sentimientos! Que no es poco.<\/p>\n<blockquote><p>&nbsp;<\/p>\n<p><img decoding=\"async\" loading=\"lazy\" src=\"https:\/\/apod.nasa.gov\/apod\/image\/1707\/HybridSolarEclipse_Kamenew_1584.jpg\" alt=\"https:\/\/apod.nasa.gov\/apod\/image\/1707\/HybridSolarEclipse_Kamenew_1584.jpg\" width=\"1024\" height=\"471\" \/><\/p>\n<blockquote>\n<p style=\"text-align: justify;\">Sin tener que abandonar el planeta Tierra, podemos comprobar que el Universo es una maravilla. Aqu\u00ed un eclipse parcial tomado desde Kenya, nos presenta el bello escenario que arriba podemos contemplar.<\/p>\n<\/blockquote>\n<p>Fuente: Astronom\u00eda Pictures Of The Day<\/p>\n<p>&nbsp;<\/p>\n<p><img decoding=\"async\" loading=\"lazy\" class=\"\" src=\"https:\/\/astroaventura.net\/wp-content\/uploads\/2020\/11\/1272017140692.jpg\" alt=\"\" width=\"623\" height=\"550\" \/><\/p>\n<blockquote>\n<h4>V838 Monocerotis<\/h4>\n<\/blockquote>\n<p style=\"text-align: justify;\">Esta imagen del Telescopio Espacial <a href=\"#\" onclick=\"referencia('hubble',event); return false;\">Hubble<\/a> de la NASA tiene notables similitudes con una obra art\u00edstica con espirales de polvo nunca antes vistas que se arremolinan a trav\u00e9s de trillones de kil\u00f3metros de espacio interestelar.<\/p>\n<blockquote>\n<p style=\"text-align: justify;\"><strong>&#8220;V838 Monocerotis<\/strong>, tambi\u00e9n llamada\u00a0<strong>V838 Mon<\/strong>, es una estrella variable\u00a0situada en la constelaci\u00f3n de Monoceros,\u00a0aproximadamente a 20.000 a\u00f1os luz (6 kpc) del Sol.\u00a0La estrella exhibi\u00f3 una explosi\u00f3n muy importante a comienzos de 2002, lo cual inicialmente se crey\u00f3 que era la t\u00edpica creaci\u00f3n de una nova;\u00a0sin embargo, luego se supo que se trataba de algo completamente distinto. El motivo del estallido a\u00fan es incierto pero se han elaborado varias teor\u00edas al respecto, incluidas la erupci\u00f3n relacionada con los procesos de muerte estelar y la fusi\u00f3n de una estrella binaria\u00a0o planetas.&#8221;<\/p>\n<p>&nbsp;<\/p>\n<p style=\"text-align: justify;\"><img decoding=\"async\" src=\"https:\/\/astroaventura.net\/wp-content\/uploads\/2020\/11\/1272017060310.jpg\" alt=\"\" \/><\/p>\n<p style=\"text-align: justify;\">&#8220;<a href=\"https:\/\/astroaventura.net\/cosmos\/la-nebulosa-espacial-que-se-ha-convertido-en-mariposa\/\">Esta nube reflectora de polvo y gas<\/a>\u00a0tiene dos l\u00f3bulos (o conos) casi sim\u00e9tricos de materia que est\u00e1n siendo expulsados de una estrella central. Durante los \u00faltimos 1.500 a\u00f1os, casi una vez y media la masa de nuestro Sol ha sido perdida por la estrella central de la Nebulosa Boomerang en un proceso de eyecci\u00f3n conocido como flujo de salida bipolar. El nombre de la nebulosa se deriva de su estructura sim\u00e9trica vista desde los telescopios terrestres. La aguda visi\u00f3n del <a href=\"#\" onclick=\"referencia('hubble',event); return false;\">Hubble<\/a> es capaz de resolver patrones y ondulaciones en la nebulosa muy cerca de la estrella central que no son visibles desde el suelo.&#8221;<\/p>\n<p>&nbsp;<\/p>\n<section data-id=\"a355ab5\" data-element_type=\"section\">\n<div>\n<div>\n<div data-id=\"296d7b0\" data-element_type=\"column\">\n<div>\n<div>\n<div data-id=\"71b3b7f\" data-element_type=\"widget\" data-widget_type=\"image.default\">\n<div>\n<div><img decoding=\"async\" loading=\"lazy\" src=\"https:\/\/astroaventura.net\/wp-content\/uploads\/2020\/11\/1272016930023.jpg\" alt=\"\" width=\"640\" height=\"473\" \/><\/div>\n<\/div>\n<\/div>\n<\/div>\n<\/div>\n<\/div>\n<\/div>\n<\/div>\n<\/section>\n<section data-id=\"1373539\" data-element_type=\"section\">\n<div>\n<div>\n<div data-id=\"6098f70\" data-element_type=\"column\">\n<div>\n<div>\n<div data-id=\"ad55e1b\" data-element_type=\"widget\" data-widget_type=\"text-editor.default\">\n<div>\n<div>\n<h3>Abell 1689<\/h3>\n<h3 style=\"text-align: justify;\">Esta imagen muestra la regi\u00f3n interior de Abell 1689, un inmenso grupo de galaxias situado a 2.200 millones de a\u00f1os luz de distancia. Los astr\u00f3nomos usaron el <a href=\"#\" onclick=\"referencia('hubble',event); return false;\">Hubble<\/a> <span style=\"text-decoration: underline;\">para mapear la distribuci\u00f3n de la <a href=\"#\" onclick=\"referencia('materia oscura',event); return false;\">materia oscura<\/a><\/span> en el c\u00famulo de galaxias.<\/h3>\n<\/div>\n<\/div>\n<\/div>\n<\/div>\n<\/div>\n<\/div>\n<\/div>\n<\/div>\n<\/section>\n<p>&nbsp;<\/p><\/blockquote>\n<blockquote>\n<section data-id=\"859b64b\" data-element_type=\"section\">\n<div>\n<div>\n<div data-id=\"20ee034\" data-element_type=\"column\">\n<div>\n<div>\n<div data-id=\"72dc29a\" data-element_type=\"widget\" data-widget_type=\"image.default\">\n<div>\n<div><img decoding=\"async\" loading=\"lazy\" class=\"\" src=\"https:\/\/astroaventura.net\/wp-content\/uploads\/2020\/11\/1272016723576.jpg\" alt=\"\" width=\"560\" height=\"413\" \/><\/div>\n<\/div>\n<\/div>\n<\/div>\n<\/div>\n<\/div>\n<\/div>\n<\/div>\n<\/section>\n<section data-id=\"850b1af\" data-element_type=\"section\">\n<div>\n<div>\n<div data-id=\"b405a1f\" data-element_type=\"column\">\n<div>\n<div>\n<div data-id=\"b2b5110\" data-element_type=\"widget\" data-widget_type=\"text-editor.default\">\n<div>\n<div>\n<h4>NGC 2207<\/h4>\n<\/div>\n<\/div>\n<\/div>\n<\/div>\n<\/div>\n<\/div>\n<\/div>\n<\/div>\n<\/section>\n<\/blockquote>\n<section data-id=\"850b1af\" data-element_type=\"section\">\n<div>\n<div>\n<div data-id=\"b405a1f\" data-element_type=\"column\">\n<div>\n<div>\n<div data-id=\"b2b5110\" data-element_type=\"widget\" data-widget_type=\"text-editor.default\">\n<div>\n<div>\n<p style=\"text-align: justify;\">NGC 2207 son un par de galaxias espirales en colisi\u00f3n. Sus brillantes n\u00facleos centrales se asemejan a un llamativo conjunto de ojos. En la luz visible captada por <a href=\"#\" onclick=\"referencia('hubble',event); return false;\">Hubble<\/a>, los rastros de estrellas y gas trazan brazos espirales, estirados por la atracci\u00f3n de las mareas entre las galaxias.<\/p>\n<p>&nbsp;<\/p>\n<\/div>\n<\/div>\n<\/div>\n<\/div>\n<\/div>\n<\/div>\n<\/div>\n<\/div>\n<\/section>\n<section data-id=\"a53cfad\" data-element_type=\"section\">\n<div>\n<div>\n<div data-id=\"d41f58e\" data-element_type=\"column\">\n<div>\n<div>\n<div data-id=\"56a87c4\" data-element_type=\"widget\" data-widget_type=\"image.default\">\n<div>\n<div><img decoding=\"async\" loading=\"lazy\" class=\"\" src=\"https:\/\/astroaventura.net\/wp-content\/uploads\/2020\/11\/1272016541898.jpg\" alt=\"\" width=\"524\" height=\"517\" \/><\/div>\n<\/div>\n<\/div>\n<\/div>\n<\/div>\n<\/div>\n<\/div>\n<\/div>\n<\/section>\n<section data-id=\"04646c7\" data-element_type=\"section\">\n<div>\n<div>\n<div data-id=\"71ec162\" data-element_type=\"column\">\n<div>\n<div>\n<div data-id=\"25a562a\" data-element_type=\"widget\" data-widget_type=\"text-editor.default\">\n<div>\n<div>\n<h4><a href=\"https:\/\/astroaventura.net\/cosmos\/asi-suenan-los-pilares-de-la-creacion\/\">Los Pilares de la Creaci\u00f3n<\/a><\/h4>\n<p style=\"text-align: justify;\">Estos enormes tent\u00e1culos de polvo y gas c\u00f3smico se encuentran en el coraz\u00f3n de M16, o la Nebulosa del \u00c1guila. Los acertadamente llamados Pilares de la Creaci\u00f3n, presentados en esta asombrosa imagen del <a href=\"#\" onclick=\"referencia('hubble',event); return false;\">Hubble<\/a>, son parte de una regi\u00f3n activa de formaci\u00f3n estelar dentro de la nebulosa y esconden estrellas reci\u00e9n nacidas en sus tenues columnas.<\/p>\n<p style=\"text-align: justify;\">Aunque esta no es la primera imagen del <a href=\"#\" onclick=\"referencia('hubble',event); return false;\">Hubble<\/a> de esta emblem\u00e1tica\u00a0<a href=\"https:\/\/astroaventura.net\/capturas\/el-poder-de-la-nebulosa-del-aguila\/\">Nebulosa del \u00c1guila<\/a>, es la m\u00e1s detallada. Los colores azules de la imagen representan el ox\u00edgeno, el rojo es el azufre, y el verde representa tanto el nitr\u00f3geno como el hidr\u00f3geno. Los pilares est\u00e1n ba\u00f1ados por la abrasadora luz ultravioleta de un c\u00famulo de j\u00f3venes estrellas situado justo fuera del marco. Los vientos de estas estrellas est\u00e1n erosionando lentamente las torres de gas y polvo.<\/p>\n<p>&nbsp;<\/p>\n<p style=\"text-align: justify;\"><img decoding=\"async\" src=\"https:\/\/www.nationalgeographic.com.es\/medio\/2015\/05\/15\/08-galactic-waltz-667_663x667.jpg\" alt=\"463 Fotos de Astronom\u00eda - Pagina 8\" \/><\/p>\n<\/div>\n<\/div>\n<\/div>\n<\/div>\n<\/div>\n<\/div>\n<\/div>\n<\/div>\n<\/section>\n<p><img decoding=\"async\" loading=\"lazy\" class=\"\" src=\"https:\/\/www.lanasa.net\/application\/files\/thumbnails\/small\/2316\/6248\/4907\/news_Webb060922.jpg\" alt=\"Espectacular Imagen de la Nebulosa de la Tar\u00e1ntula Captada por Webb ::  NASANET\" width=\"622\" height=\"360\" \/><\/p>\n<p><strong>La Nebilosa de la Tar\u00e1ntula<\/strong><\/p><\/blockquote>\n<p>&nbsp;<\/p>\n<p>&nbsp;<\/p>\n<blockquote><p><img decoding=\"async\" src=\"https:\/\/upload.wikimedia.org\/wikipedia\/commons\/thumb\/f\/f6\/Antennae_galaxies_xl.jpg\/330px-Antennae_galaxies_xl.jpg\" alt=\"Colisi\u00f3n V\u00eda L\u00e1ctea-Andr\u00f3meda - Wikipedia, la enciclopedia libre\" \/><\/p>\n<p><strong>\u00bfQu\u00e9 le pasa a esta galaxia que se distorsiona en presencia de otra?<\/strong><\/p>\n<h3><\/h3>\n<p><img decoding=\"async\" loading=\"lazy\" class=\"\" src=\"https:\/\/upload.wikimedia.org\/wikipedia\/commons\/thumb\/2\/25\/Grand_star-forming_region_R136_in_NGC_2070_%28captured_by_the_Hubble_Space_Telescope%29.jpg\/330px-Grand_star-forming_region_R136_in_NGC_2070_%28captured_by_the_Hubble_Space_Telescope%29.jpg\" alt=\"R136 - Wikipedia, la enciclopedia libre\" width=\"450\" height=\"460\" \/><img decoding=\"async\" src=\"https:\/\/us.123rf.com\/450wm\/nasaimages\/nasaimages1610\/nasaimages161000022\/112976262-central-region-of-the-tarantula-nebula-in-the-large-magellanic-cloud-the-young-and-dense-star.jpg\" alt=\"Regi\u00f3n Central De La Nebulosa De La Tar\u00e1ntula En La Gran Nube De Magallanes.  El Joven Y Denso C\u00famulo Estelar R136. Imagen Retocada En Color. Fotos,  retratos, im\u00e1genes y fotograf\u00eda de archivo\" \/><\/p>\n<blockquote><p><img decoding=\"async\" src=\"https:\/\/es.toluna.com\/dpolls_images\/2014\/09\/04\/13521b4c-2ab4-4043-9354-2dd424fd9d15_x365.jpg\" alt=\"R136, cerca de la Nebulosa de la Tar\u00e1ntula en la Gran Nube de Magallanes, es un c\u00famulo de estrellas j\u00f3venes gigantes de edades en torno a uno o dos millones de a\u00f1os |\" \/><\/p><\/blockquote>\n<div>\n<p style=\"text-align: justify;\">Un c\u00famulo de estrellas j\u00f3venes ilumina un hueco entre los remolinos\u00a0de polvo de la nebulosa de la Tar\u00e1ntula. El dinamismo de la escena es irresistible. \u00abHay estrellas que nacen\u00a0y estrellas que mueren. Una enorme cantidad de material en estado de gran agitaci\u00f3n.<\/p>\n<p style=\"text-align: justify;\">Podr\u00edamos continuar repasando maravillas que est\u00e1n presentes en el Espacio Interestelar y que nosotros, una especie tan fr\u00e1gil (y tan fuerte), hemos logrado conquistar para el conocimiento de un Universo inmenso del que tratamos de desvelar sus secretos que, profundamente escondidos, se resisten a dejarse ver.<\/p>\n<p>El Universo es misterioso porque esconde muchos secretos, y, para nosotros, es infinito.<\/p>\n<p style=\"text-align: justify;\"><strong>Emilio Silvera V.<\/strong><\/p>\n<\/div>\n<\/blockquote>\n<div class='bookmark'>\r\n\t\t<table align='left' border='0' cellpadding='0' width='100%'>\r\n\t\t<tr><td><span class='pushbutton'><a href='http:\/\/delicious.com\/post?url=https%3A%2F%2Fwww.emiliosilveravazquez.com%2Fblog%2F2026%2F03%2F20%2Fel-universo-misterioso-6%2F&amp;title=EL+universo+misterioso' title='Delicious' target='_blank' rel='nofollow'><img src='https:\/\/www.emiliosilveravazquez.com\/blog\/wp-content\/plugins\/knxdt-bookmarks-wordpress-plugin\/images\/delicious.png'  alt='' class='book_img' border='none' style='margin:1px; padding: 0;'  \/><\/a><\/span><span class='pushbutton'><a href='http:\/\/digg.com\/submit?url=https%3A%2F%2Fwww.emiliosilveravazquez.com%2Fblog%2F2026%2F03%2F20%2Fel-universo-misterioso-6%2F&amp;title=EL+universo+misterioso' title='Digg' target='_blank' rel='nofollow'><img src='https:\/\/www.emiliosilveravazquez.com\/blog\/wp-content\/plugins\/knxdt-bookmarks-wordpress-plugin\/images\/digg.png'  alt='' class='book_img' border='none' style='margin:1px; padding: 0;'  \/><\/a><\/span><span class='pushbutton'><a href='http:\/\/www.google.com\/bookmarks\/mark?op=edit&amp;bkmk=https%3A%2F%2Fwww.emiliosilveravazquez.com%2Fblog%2F2026%2F03%2F20%2Fel-universo-misterioso-6%2F&amp;title=EL+universo+misterioso' title='Google' target='_blank' rel='nofollow'><img src='https:\/\/www.emiliosilveravazquez.com\/blog\/wp-content\/plugins\/knxdt-bookmarks-wordpress-plugin\/images\/google.png'   alt='' class='book_img' border='none' style='margin:1px; padding: 0;'  \/><\/a><\/span><span class='pushbutton'><a href='http:\/\/myweb2.search.yahoo.com\/myresults\/bookmarklet?u=https%3A%2F%2Fwww.emiliosilveravazquez.com%2Fblog%2F2026%2F03%2F20%2Fel-universo-misterioso-6%2F&amp;t=EL+universo+misterioso' title='Yahoo' target='_blank' rel='nofollow'><img src='https:\/\/www.emiliosilveravazquez.com\/blog\/wp-content\/plugins\/knxdt-bookmarks-wordpress-plugin\/images\/yahoo.png'  alt='' class='book_img' border='none' style='margin:1px; padding: 0;'  \/><\/a><\/span><span class='pushbutton'><a href='http:\/\/www.technorati.com\/faves?add=https%3A%2F%2Fwww.emiliosilveravazquez.com%2Fblog%2F2026%2F03%2F20%2Fel-universo-misterioso-6%2F' title='Technorati' target='_blank' rel='nofollow'><img src='https:\/\/www.emiliosilveravazquez.com\/blog\/wp-content\/plugins\/knxdt-bookmarks-wordpress-plugin\/images\/technorati.png'  alt='' class='book_img' border='none' style='margin:1px; padding: 0;'  \/><\/a><\/span><span class='pushbutton'><a href='http:\/\/meneame.net\/submit.php?url=https%3A%2F%2Fwww.emiliosilveravazquez.com%2Fblog%2F2026%2F03%2F20%2Fel-universo-misterioso-6%2F' title='Meneame' target='_blank' rel='nofollow'><img src='https:\/\/www.emiliosilveravazquez.com\/blog\/wp-content\/plugins\/knxdt-bookmarks-wordpress-plugin\/images\/meneame.png'  alt='' class='book_img' border='none' style='margin:1px; padding: 0;'  \/><\/a><\/span><span class='pushbutton'><a href='http:\/\/enchilame.com\/submit.php?url=https:\/\/www.emiliosilveravazquez.com\/blog\/2026\/03\/20\/el-universo-misterioso-6\/' target='_blank' rel='nofollow'><img title='Enchilame' src='https:\/\/www.emiliosilveravazquez.com\/blog\/wp-content\/plugins\/knxdt-bookmarks-wordpress-plugin\/images\/enchilame.png'  alt='' class='book_img' border='none' style='margin:1px; padding: 0;'  \/><\/a><\/span><span class='pushbutton'><a href='http:\/\/www.blinklist.com\/index.php?Action=Blink\/addblink.php&amp;Description=&amp;Url=https%3A%2F%2Fwww.emiliosilveravazquez.com%2Fblog%2F2026%2F03%2F20%2Fel-universo-misterioso-6%2F&amp;title=EL+universo+misterioso' title='BlinkList' target='_blank' rel='nofollow'><img src='https:\/\/www.emiliosilveravazquez.com\/blog\/wp-content\/plugins\/knxdt-bookmarks-wordpress-plugin\/images\/blinklist.png'  alt='' class='book_img' border='none' style='margin:1px; padding: 0;'  \/><\/a><\/span><span class='pushbutton'><a href='http:\/\/reddit.com\/submit?url=https%3A%2F%2Fwww.emiliosilveravazquez.com%2Fblog%2F2026%2F03%2F20%2Fel-universo-misterioso-6%2F&amp;title=EL+universo+misterioso' title='Reddit' target='_blank' rel='nofollow'><img src='https:\/\/www.emiliosilveravazquez.com\/blog\/wp-content\/plugins\/knxdt-bookmarks-wordpress-plugin\/images\/reddit.png'  alt='' class='book_img' border='none' style='margin:1px; padding: 0;'  \/><\/a><\/span><span class='pushbutton'><a href='http:\/\/www.tecnologiadiaria.com\/2009\/07\/abrir-com-hotmail-correo.html' target='_blank' title='hotmail'><img src='https:\/\/www.emiliosilveravazquez.com\/blog\/wp-content\/plugins\/knxdt-bookmarks-wordpress-plugin\/images\/linklove.png' alt='hotmail correo' class='book_img' border='none' style='margin:1px; padding: 0;' \/><\/a><\/span><span class='pushbutton'><a href='http:\/\/bitacoras.com\/votar\/anotacion\/externo\/mini\/www.emiliosilveravazquez.com\/blog\/2026\/03\/20\/el-universo-misterioso-6\/' title='Bitacoras.com' target='_blank' rel='nofollow'><img src='https:\/\/www.emiliosilveravazquez.com\/blog\/wp-content\/plugins\/knxdt-bookmarks-wordpress-plugin\/images\/bitacoras.png'  alt='' class='book_img' border='none' style='margin:1px; padding: 0;'  \/><\/a><\/span><span class='pushbutton'><a href='http:\/\/www.wikio.es\/vote?url=https%3A%2F%2Fwww.emiliosilveravazquez.com%2Fblog%2F2026%2F03%2F20%2Fel-universo-misterioso-6%2F' title='Wikio' target='_blank' rel='nofollow'><img src='https:\/\/www.emiliosilveravazquez.com\/blog\/wp-content\/plugins\/knxdt-bookmarks-wordpress-plugin\/images\/wikio.png'   alt='' class='book_img' border='none' style='margin:1px; padding: 0;'   \/><\/a><\/span><span class='pushbutton'><a href='http:\/\/friendfeed.com\/?url=https%3A%2F%2Fwww.emiliosilveravazquez.com%2Fblog%2F2026%2F03%2F20%2Fel-universo-misterioso-6%2F&amp;title=EL+universo+misterioso' title='Friend Feed' target='_blank' rel='nofollow'><img src='https:\/\/www.emiliosilveravazquez.com\/blog\/wp-content\/plugins\/knxdt-bookmarks-wordpress-plugin\/images\/friendfeed.png'  alt='' class='book_img' border='none' style='margin:1px; padding: 0;'  \/><\/a><\/span><span class='pushbutton'><a href='http:\/\/www.facebook.com\/share.php?u=https%3A%2F%2Fwww.emiliosilveravazquez.com%2Fblog%2F2026%2F03%2F20%2Fel-universo-misterioso-6%2F&amp;t=EL+universo+misterioso' title='Facebook' target='_blank' rel='nofollow'><img src='https:\/\/www.emiliosilveravazquez.com\/blog\/wp-content\/plugins\/knxdt-bookmarks-wordpress-plugin\/images\/facebook.png'  alt='' class='book_img' border='none' style='margin:1px; padding: 0;'  \/><\/a><\/span><span class='pushbutton'><a href='http:\/\/twitter.com\/home?status=EL+universo+misterioso: https%3A%2F%2Fwww.emiliosilveravazquez.com%2Fblog%2F2026%2F03%2F20%2Fel-universo-misterioso-6%2F' title='Twitter' target='_blank' rel='nofollow'><img src='https:\/\/www.emiliosilveravazquez.com\/blog\/wp-content\/plugins\/knxdt-bookmarks-wordpress-plugin\/images\/twitter.png'  alt='' class='book_img' border='none' style='margin:1px; padding: 0;'  \/><\/a><\/span><span class='pushbutton'><a href='http:\/\/www.feedburner.com\/fb\/a\/emailFlare?itemTitle=EL+universo+misterioso&amp;uri=https%3A%2F%2Fwww.emiliosilveravazquez.com%2Fblog%2F2026%2F03%2F20%2Fel-universo-misterioso-6%2F' title='Enviar por Email' target='_blank' rel='nofollow'><img src='https:\/\/www.emiliosilveravazquez.com\/blog\/wp-content\/plugins\/knxdt-bookmarks-wordpress-plugin\/images\/email.png'  alt='' class='book_img' border='none' style='margin:1px; padding: 0;'  \/><\/a><\/span><span style='font-weight:bold; padding-left: 5px;'><a href='http:\/\/wordpress.org\/extend\/plugins\/knxdt-bookmarks-wordpress-plugin\/' title='Plugin' rel='nofollow' target='_blank'>[?]<\/a><\/span><\/td><\/tr><\/table><br\/><br\/><\/div>","protected":false},"excerpt":{"rendered":"<p>Nos creemos los amos del Universo, y, sin embargo&#8230; \u00a1Solo somos una especie m\u00e1s! S\u00f3lo somos una raza avanzada de monos en un planeta menor de una estrella promedio Bueno&#8230; \u00a1Casi lo podemos entender! Stephen Hawking es considerado una de las\u00a0diez personas m\u00e1s inteligentes\u00a0del planeta, con un cociente intelectual de 160, el autor de &#8216;Breve [&hellip;]<\/p>\n","protected":false},"author":2,"featured_media":0,"comment_status":"open","ping_status":"open","sticky":false,"template":"","format":"standard","meta":{"_s2mail":"","footnotes":""},"categories":[1],"tags":[],"_links":{"self":[{"href":"https:\/\/www.emiliosilveravazquez.com\/blog\/wp-json\/wp\/v2\/posts\/33150"}],"collection":[{"href":"https:\/\/www.emiliosilveravazquez.com\/blog\/wp-json\/wp\/v2\/posts"}],"about":[{"href":"https:\/\/www.emiliosilveravazquez.com\/blog\/wp-json\/wp\/v2\/types\/post"}],"author":[{"embeddable":true,"href":"https:\/\/www.emiliosilveravazquez.com\/blog\/wp-json\/wp\/v2\/users\/2"}],"replies":[{"embeddable":true,"href":"https:\/\/www.emiliosilveravazquez.com\/blog\/wp-json\/wp\/v2\/comments?post=33150"}],"version-history":[{"count":0,"href":"https:\/\/www.emiliosilveravazquez.com\/blog\/wp-json\/wp\/v2\/posts\/33150\/revisions"}],"wp:attachment":[{"href":"https:\/\/www.emiliosilveravazquez.com\/blog\/wp-json\/wp\/v2\/media?parent=33150"}],"wp:term":[{"taxonomy":"category","embeddable":true,"href":"https:\/\/www.emiliosilveravazquez.com\/blog\/wp-json\/wp\/v2\/categories?post=33150"},{"taxonomy":"post_tag","embeddable":true,"href":"https:\/\/www.emiliosilveravazquez.com\/blog\/wp-json\/wp\/v2\/tags?post=33150"}],"curies":[{"name":"wp","href":"https:\/\/api.w.org\/{rel}","templated":true}]}}