{"id":32706,"date":"2025-04-06T09:19:28","date_gmt":"2025-04-06T08:19:28","guid":{"rendered":"https:\/\/www.emiliosilveravazquez.com\/blog\/?p=32706"},"modified":"2025-04-06T09:19:54","modified_gmt":"2025-04-06T08:19:54","slug":"pasara-esto-con-la-inteligencia-artificial","status":"publish","type":"post","link":"https:\/\/www.emiliosilveravazquez.com\/blog\/2025\/04\/06\/pasara-esto-con-la-inteligencia-artificial\/","title":{"rendered":"\u00bfPasar\u00e1 esto con la Inteligencia Artificial?"},"content":{"rendered":"<p><iframe loading=\"lazy\" title=\"TODO ESTO PASAR\u00c1 con la Inteligencia Artificial en los siguientes 10 a\u00f1os\" width=\"500\" height=\"281\" src=\"https:\/\/www.youtube.com\/embed\/tz8FE5fCrXw?feature=oembed\" frameborder=\"0\" allow=\"accelerometer; autoplay; clipboard-write; encrypted-media; gyroscope; picture-in-picture; web-share\" referrerpolicy=\"strict-origin-when-cross-origin\" allowfullscreen><\/iframe><\/p>\n<p>&nbsp;<\/p>\n<p style=\"text-align: justify;\">En todo esto existen opiniones contradictorias entre los miembros de la comunidad cient\u00edfica, unos dicen que el peligro no se ve por ninguna parte, y, en cambio otros, opinan todo lo contrario.<\/p>\n<p style=\"text-align: justify;\">Una cosa que debemos tener en cuenta es, precisamente, que el mismo nombre de &#8220;Inteligencia Artificial&#8221; ,\u00a0 descalifica el t\u00e9rmino &#8220;Inteligencia&#8221;, ya que, inteligencia propiamente dicha, solo puede existir una, la Inteligencia Natural, lo otro ser\u00e1 otra cosa pero nunca Inteligencia.<\/p>\n<p>&nbsp;<\/p>\n<p><iframe loading=\"lazy\" title=\"Inteligencia HUMANA Vs. Artificial \u00bfQu\u00e9 nos hace humanos?  #Shorts\" width=\"500\" height=\"281\" src=\"https:\/\/www.youtube.com\/embed\/OwrJKRXktT4?feature=oembed\" frameborder=\"0\" allow=\"accelerometer; autoplay; clipboard-write; encrypted-media; gyroscope; picture-in-picture; web-share\" referrerpolicy=\"strict-origin-when-cross-origin\" allowfullscreen><\/iframe><\/p>\n<p><strong>El razonamiento que nos est\u00e1 dando el se\u00f1or que aqu\u00ed nos habla&#8230; \u00a1Es irrefutable!<\/strong><\/p>\n<p style=\"text-align: justify;\">Con la inteligencia Artificial estamos dando por supuesto cosas que en realidad no est\u00e1n sucediendo, y, el mejor ejemplo est\u00e1 en el hecho que decimos: &#8220;El Robot est\u00e1 aprendiendo y a medida que avanza comprende cuestiones complejas que antes no pod\u00eda asimilar.&#8221; Y, van m\u00e1s all\u00e1, cuando nos dicen: &#8220;El Robot est\u00e1 aprendiendo por s\u00ed solos&#8221;.<\/p>\n<p>&nbsp;<\/p>\n<p><img decoding=\"async\" loading=\"lazy\" class=\"\" src=\"https:\/\/es.gizmodo.com\/app\/uploads\/2025\/02\/Diseno-sin-titulo-71-20.jpg\" alt=\"El inicio de la autonom\u00eda total? El robot que aprende, se adapta y mejora sin ayuda\" width=\"478\" height=\"318\" \/><\/p>\n<p>&nbsp;<\/p>\n<p style=\"text-align: justify;\">Una falacia, un Robot no aprende nada, simplemente se trata de que le han suministrado informaci\u00f3n, le han a\u00f1adido software\u00a0 que le suministran nuevos datos a su cerebro positr\u00f3nico que los estructura y encaja entre los datos que ya ten\u00eda, y, le facilita m\u00e1s informaci\u00f3n para que pueda utilizarla llegado el momento pero, nunca se trata de que &#8220;aprendi\u00f3&#8221;, el robot no aprende nada, simplemente utiliza los datos que el humano le ha facilitado, no piensa por s\u00ed mismo<\/p>\n<p>&nbsp;<\/p>\n<p>&nbsp;<\/p>\n<p>Creo que se avecina un cambio importante, y, nuestros cerebros que forman parte del mundo material del Universo, tiene un ingrediente que a\u00fan no hemos llegado a comprender. Incluso con nuestra limitada comprensi\u00f3n actual de la naturaleza de este ingrediente ausente en nuestro saber, s\u00ed podemos empezar a se\u00f1alar donde debe estar dejando su huella, y como deber\u00eda estar aportando una contribuci\u00f3n vital a lo que quiera que sea en que subyacen nuestros sentimientos y acciones conscientes.<\/p>\n<p>&nbsp;<\/p>\n<p><iframe loading=\"lazy\" title=\"V. Completa. Una clase magistral del pionero de la inteligencia artificial. J\u00fcrgen Schmidhuber\" width=\"500\" height=\"281\" src=\"https:\/\/www.youtube.com\/embed\/Q6BclIP5QBQ?feature=oembed\" frameborder=\"0\" allow=\"accelerometer; autoplay; clipboard-write; encrypted-media; gyroscope; picture-in-picture; web-share\" referrerpolicy=\"strict-origin-when-cross-origin\" allowfullscreen><\/iframe><\/p>\n<p><strong>Cada cual cuenta la &#8220;pel\u00edcula&#8221; a su manera<\/strong><\/p>\n<p>&nbsp;<\/p>\n<p><img decoding=\"async\" loading=\"lazy\" class=\"\" src=\"https:\/\/pymstatic.com\/112847\/conversions\/evitar-discutir-relacion-pareja-default_webp.webp\" alt=\"Sueles evitar las discusiones en pareja?\" width=\"548\" height=\"359\" \/><\/p>\n<p style=\"text-align: justify;\">Un\u00a0 robot no podr\u00e1 nunca solucionar (como hacemos los humanos), un problema que surja de manera inesperada y que no sea habitual, no sabr\u00eda qu\u00e9 hacer al no tener en sus datos de computaci\u00f3n algo similar. Sin embargo, el humano, ante dicha nueva escena no prevista, discurre y piensa, y, por lo general, s\u00ed que lo soluciona mejor o peor hasta encontrar un arreglo definitivo al estropicio.<\/p>\n<p>&nbsp;<\/p>\n<p><img decoding=\"async\" loading=\"lazy\" class=\"\" src=\"https:\/\/c.files.bbci.co.uk\/AD49\/production\/_116916344_gettyimages-1194763353.jpg\" alt=\"Puede la inteligencia artificial realmente llevar a la humanidad a la extinci\u00f3n? (y otras 7 preguntas clave sobre esta tecnolog\u00eda) - BBC News Mundo\" width=\"611\" height=\"343\" \/><\/p>\n<blockquote>\n<p style=\"text-align: justify;\"><strong>No creo que un cerebro &#8220;positr\u00f3nico&#8221; pueda igualarse nunca al cerebro de un Ser inteligente&#8230; <\/strong><strong>Sin embargo, s\u00ed existe el peligro de que cerebros artificiales lleguen a dominar a sus creadores&#8230;. los del cerebro &#8220;inteligente&#8221;.<\/strong><\/p>\n<\/blockquote>\n<p style=\"text-indent: 24pt; text-align: justify;\">He dado muchas vueltas a la IA y a la consciencia de los seres vivos. Las conclusiones a las que he podido llegar son que el pensamiento consciente debe involucrar componentes que no pueden ser siquiera simulados adecuadamente por una mera computaci\u00f3n; menos a\u00fan podr\u00eda la computaci\u00f3n por s\u00ed sola, provocar cualquier sentimiento o intenci\u00f3n consciente. En consecuencia, la mente debe ser realmente algo que no puede describirse mediante ning\u00fan tipo de t\u00e9rminos computacionales. Sin embargo, noticias que llegan de nuevos descubrimientos te hacen dudar de hasta d\u00f3nde podr\u00e1n llegar esos &#8220;seres&#8221; artificiales creados por el hombre.<\/p>\n<p>Claro que&#8230; \u00a1&#8221;Ellos&#8221; nunca podr\u00edan tener sentimientos (ah\u00ed radica otro de los peligros). Claro que, las grandes firmas del sector nos venden noticias como esta:<\/p>\n<p style=\"text-align: justify;\">&#8220;Un proyecto nuevo financiado por la UE se propone dise\u00f1ar Robots dotados de consciencia emocional \u00a0capaces de interactuar con humanos en contextos cotidianos y de desarrollarse emocionalmente en respuesta a las necesidades del due\u00f1o.<\/p>\n<p style=\"text-align: justify;\">La iniciativa FEELIX GROWING (acr\u00f3nimo ingl\u00e9s de \u00abSentir, interactuar y expresar: una aproximaci\u00f3n global al desarrollo con una base interdisciplinaria\u00bb) cuenta con socios de campos tan diversos como la <a href=\"#\" onclick=\"referencia('psi',event); return false;\">psi<\/a>colog\u00eda comparativa y del desarrollo, la neuro-imaginer\u00eda, la etolog\u00eda y la rob\u00f3tica.<\/p>\n<p>&nbsp;<\/p>\n<p><center><\/center><center><center><img decoding=\"async\" loading=\"lazy\" class=\"\" src=\"https:\/\/www.integratecnologia.es\/sites\/default\/files\/styles\/1400\/public\/noticia-wake-up.jpg?itok=YEQvVB8A\" alt=\"F\u00e9lix Gil destaca el futuro de la IA en 'Wake Up, Spain! | Integra Tecnolog\u00eda\" width=\"662\" height=\"283\" \/><\/center><\/center><center><\/center><center><center><img decoding=\"async\" src=\"http:\/\/www.relatividad.es\/files\/robot_piensa.jpg\" alt=\"\" \/><\/center><\/center><\/p>\n<p style=\"text-align: justify;\">Investigadores europeos est\u00e1n desarrollando un software que dar\u00e1 a los robots la capacidad de aprender cu\u00e1ndo una persona est\u00e1 triste, feliz o enfadada. El proyecto <strong>Feelix Growing<\/strong> est\u00e1 uniendo sencillos robots que pueden detectar diferentes par\u00e1metros (expresiones faciales, voz y cercan\u00eda) para determinar estados emocionales. El objetivo del proyecto es desarrollar un robot que pueda servir a los humanos con necesidades especiales, como los enfermos y los ancianos mediante redes neuronales adaptables, el robot puede aprender la manera correcta de responder a las emociones de la gente a partir de la experiencia. Por ejemplo, si alguien tiene miedo, el robot puede aprender a cambiar su comportamiento para parecer menos amenazante. Si alguien parece feliz, el robot puede tomar nota mental (\u00bfpositr\u00f3nica, espintr\u00f3nica&#8230;?) de lo que logr\u00f3 esa respuesta. Y si alguien parece enfadado o solitario, puede darle una palmadita en la espalda, ofrecerle una bebida fuerte y decir: \u201cNo te preocupes, te mereces a alguien mejor\u201d. S\u00f3lo podemos esperar que no se hayan olvidado de l<strong>as tres leyes de Asimov<\/strong>:<\/p>\n<dl>\n<dt>\n<blockquote><p><strong>Primera Ley<\/strong><\/p><\/blockquote>\n<\/dt>\n<dd><\/dd>\n<dd>\n<blockquote><p><strong>Un robot no har\u00e1\u00a0<a class=\"mw-redirect\" title=\"Da\u00f1o\" href=\"https:\/\/es.wikipedia.org\/wiki\/Da%C3%B1o\">da\u00f1o<\/a>\u00a0a un ser humano, ni por inacci\u00f3n permitir\u00e1 que un ser humano sufra da\u00f1o.<\/strong><\/p><\/blockquote>\n<\/dd>\n<dt>\n<blockquote><p><strong>Segunda Ley<\/strong><\/p><\/blockquote>\n<\/dt>\n<dd><\/dd>\n<dd>\n<blockquote><p><strong>Un robot debe cumplir las \u00f3rdenes dadas por los seres humanos, a excepci\u00f3n de aquellas que entren en conflicto con la primera ley.<\/strong><\/p><\/blockquote>\n<\/dd>\n<dt>\n<blockquote><p><strong>Tercera Ley<\/strong><\/p><\/blockquote>\n<\/dt>\n<dd><\/dd>\n<dd>\n<blockquote><p><strong>Un robot debe proteger su propia existencia en la medida en que esta protecci\u00f3n no entre en conflicto con la primera o con la segunda ley.<\/strong><\/p><\/blockquote>\n<p>&nbsp;<\/dd>\n<\/dl>\n<blockquote><p><img decoding=\"async\" src=\"https:\/\/policyexamination.com\/wp-content\/uploads\/2023\/08\/figura-medica-3d-cerebro-resaltado.jpg?w=640\" alt=\"Aproximaci\u00f3n a la naturaleza de la mente humana\" \/><\/p><\/blockquote>\n<p>&nbsp;<\/p>\n<p style=\"text-indent: 24pt; text-align: justify;\">Bien es verdad que no tenemos una comprensi\u00f3n cient\u00edfica de la mente humana. Sin embargo, esto no quiere decir que el fen\u00f3meno de la consciencia deba permanecer fuera de la explicaci\u00f3n cient\u00edfica. Ya se est\u00e1n buscando caminos cient\u00edficos para dar esa explicaci\u00f3n del misterio m\u00e1s profundo (seguramente) del Universo. Y, a pesar de no conocer a fondo nuestra mente, ya estamos tratando de incorporar, a mentes artificiales lo poco que de ella sabemos. \u00bfNo ser\u00e1 una temeridad?<\/p>\n<p>&nbsp;<\/p>\n<blockquote><p><img decoding=\"async\" src=\"https:\/\/media.gettyimages.com\/id\/1434534146\/es\/foto\/enfermedad-del-sistema-de-neuronas.jpg?s=170667a&amp;w=gi&amp;k=20&amp;c=G3dArN848DiExyyzJXHLtt2_V7Zs47eb5DFiacTfxXY=\" alt=\"3.856 Sinapsis Stock Photos, High-Res Pictures, and Images ...\" \/><\/p><\/blockquote>\n<p><strong>Ah\u00ed hay mucho m\u00e1s de lo que se pueda producir en un entramado electr\u00f3nico artificial<\/strong><\/p>\n<p style=\"text-indent: 24pt; text-align: justify;\">La comprensi\u00f3n es, despu\u00e9s de todo, de lo que trata la ciencia; y la ciencia es mucho m\u00e1s que la mera computaci\u00f3n mec\u00e1nico-electr\u00f3nica. Sin embargo, parece que la realidad desmiente estos pensamientos y, podr\u00eda llegar el momento en el que, la Inteligencia Artificial alcance niveles preocupantes al dotar, a esos &#8220;seres&#8221; artificiales de pensar por s\u00ed mismos y, si me apuran, hasta de tener sentimientos.<\/p>\n<p style=\"text-indent: 24pt; text-align: justify;\">\u00bfCu\u00e1l es el campo de acci\u00f3n de la ciencia? \u00bfSon solamente los atributos materiales de nuestro Universo los que son abordables con sus m\u00e9todos, mientras nuestra existencia mental debe quedar para siempre fuera de su alcance? \u00bfO podr\u00edamos llegar alg\u00fan d\u00eda a una comprensi\u00f3n cient\u00edfica adecuada del profundo misterio de la mente? \u00bfEs el fen\u00f3meno de la consciencia humana algo que est\u00e1 m\u00e1s all\u00e1 del dominio de la investigaci\u00f3n cient\u00edfica, o podr\u00e1 la potencia del m\u00e9todo cient\u00edfico resolver alg\u00fan d\u00eda el problema de la propia existencia de nuestro yo consciente?<\/p>\n<p>&nbsp;<\/p>\n<p><img decoding=\"async\" loading=\"lazy\" class=\"\" src=\"https:\/\/cdn.hobbyconsolas.com\/sites\/navi.axelspringer.es\/public\/media\/image\/2014\/09\/382340-cine-ciencia-ficcion-critica-yo-robot.jpg?tf=3840x\" alt=\"Cine de ciencia ficci\u00f3n: Cr\u00edtica de Yo, Robot\" width=\"685\" height=\"378\" \/><\/p>\n<p>No se ocultan, est\u00e1n intentando construir Robots que tengan conciencia&#8230; \u00bfQu\u00e9 les pasa? \u00bfNo ven el peligro?<\/p>\n<p style=\"text-align: justify;\">S\u00ed, tenemos la facultad de meditar profundamente y, a trav\u00e9s de esas meditaciones alcanzar un estadio de mayor &#8220;consciencia&#8221; y comprensi\u00f3n, un estado tal que, nos puede llevar a una conexi\u00f3n tan real con el Universo que es como si viaj\u00e1ramos fuera de este mundo para visitar, ese otro mundo hecho de pura luz donde podr\u00edamos encontrar la sabidur\u00eda que necesitamos.<\/p>\n<p><!--more--><\/p>\n<p style=\"text-indent: 24pt; text-align: justify;\"><img decoding=\"async\" src=\"http:\/\/1.bp.blogspot.com\/_xyYFMwz4t6g\/S7-euKLPDFI\/AAAAAAAACkY\/ur2Aaiw1zHg\/s1600\/conciencia+03.jpg\" alt=\"http:\/\/1.bp.blogspot.com\/_xyYFMwz4t6g\/S7-euKLPDFI\/AAAAAAAACkY\/ur2Aaiw1zHg\/s1600\/conciencia+03.jpg\" \/><\/p>\n<p style=\"text-indent: 24pt; text-align: justify;\">Una visi\u00f3n cient\u00edfica del mundo que no trate de entender en profundidad el problema de la mente consciente no puede tener pretensiones serias de compleci\u00f3n. La consciencia es parte de nuestro Universo, de modo que cualquier teor\u00eda f\u00edsica que no le conceda un lugar apropiado se queda muy lejos de proporcionar una descripci\u00f3n aut\u00e9ntica del mundo.<\/p>\n<p>&nbsp;<\/p>\n<p><img decoding=\"async\" src=\"https:\/\/img.freepik.com\/fotos-premium\/maravilloso-chip-computadora-inteligencia-artificial-generativa_776674-938295.jpg\" alt=\"Maravilloso chip de computadora con inteligencia artificial generativa | Imagen Premium generada con IA\" \/><\/p>\n<p style=\"text-align: justify;\"><strong>Fabricamos dispositivos &#8220;maravillosos&#8221; que nos permiten hacer cosas asombrosas. Sin embargo, hemos entrado en una din\u00e1mica sin retorno, cada d\u00eda estamos m\u00e1s a merced de esta tecnolog\u00eda, y, si alg\u00fan d\u00eda revienta&#8230; \u00bfQu\u00e9 haremos? Paralizar\u00eda el mundo.<\/strong><\/p>\n<p style=\"text-indent: 24pt; text-align: justify;\">Claro que, todo conocimiento cient\u00edfico es un arma de dos filos. Lo que realmente hacemos con nuestro conocimiento cient\u00edfico es otra cuesti\u00f3n. Tratemos de ver d\u00f3nde pueden llevarnos nuestras visiones de la ciencia y la mente.<\/p>\n<p style=\"text-indent: 24pt; text-align: justify;\">Pensemos que incluso en aquellos pa\u00edses afortunados donde hay una paz pr\u00f3spera y una libertad democr\u00e1tica, los recursos naturales y humanos son malgastados de formas aparentemente absurdas. \u00bfNo es \u00e9sta una clara muestra de la estupidez general del hombre? Aunque creemos representar el pin\u00e1culo de la inteligencia en el reino animal, esta inteligencia parece tristemente inadecuada para manejar muchos de los problemas a los que nuestra propia sociedad nos obliga a hacer frente.<\/p>\n<p>&nbsp;<\/p>\n<p style=\"text-indent: 24pt; text-align: justify;\"><img decoding=\"async\" src=\"https:\/\/lh3.googleusercontent.com\/-3BqNOOb20GY\/TYUWvqw79TI\/AAAAAAAAC68\/oCk83hNK6W8\/s1600\/recursos+naturales.jpg\" alt=\"https:\/\/lh3.googleusercontent.com\/-3BqNOOb20GY\/TYUWvqw79TI\/AAAAAAAAC68\/oCk83hNK6W8\/s1600\/recursos+naturales.jpg\" \/><\/p>\n<p style=\"text-indent: 24pt; text-align: justify;\"><strong>\u00a0 Esta simple escena, en algunos lugares, resulta una maravilla<\/strong><\/p>\n<p style=\"text-indent: 24pt; text-align: justify;\">Pese a todo, no pueden negarse los logros positivos de nuestra inteligencia. Entre dichos logros se encuentran nuestras impresionantes y diversas ramas de la Ciencia y de la Tecnolog\u00eda. En realidad, algunos de estos logros son alto cuestionables a largo (o corto) plazo, as\u00ed lo atestiguan m\u00faltiples problemas medioambientales y un genuino temor a una cat\u00e1strofe mundial inducida por las nuevas tecnolog\u00edas tra\u00eddas de la mano por nuestra moderna sociedad <strong>(aqu\u00ed mismo, en \u00e9ste foro, nos hicimos eco del temor de muchos sobre las consecuencias que\u00a0 podr\u00eda traer el LHC).<\/strong><\/p>\n<p>&nbsp;<\/p>\n<p><img decoding=\"async\" src=\"https:\/\/www.lhc-closer.es\/webapp\/files\/1737921750_60e3be12323799bfe857563202c4fed8.jpg\" alt=\"Acerc\u00e1ndonos al LHC - Inicio\" \/><img decoding=\"async\" loading=\"lazy\" class=\"\" src=\"https:\/\/cdn.agenciasinc.es\/var\/ezwebin_site\/storage\/images\/actualidad-internacional\/el-lhc-se-inaugura-oficialmente\/189095-2-esl-MX\/El-LHC-se-inaugura-oficialmente.jpg\" alt=\"El LHC se inaugura oficialmente\" width=\"504\" height=\"335\" \/><img decoding=\"async\" loading=\"lazy\" class=\"\" src=\"https:\/\/invdes.com.mx\/wp-content\/uploads\/2024\/04\/03-04-24-colisionador.jpg\" alt=\"Gran Colisionador de Hadrones: alcanza la mayor velocidad en el lugar m\u00e1s vac\u00edo del sistema solar - INVDES\" width=\"507\" height=\"285\" \/><\/p>\n<blockquote>\n<p style=\"text-align: justify;\"><strong>Nuestra ambici\u00f3n nos lleva a tratar de re-crear la Creaci\u00f3n, utilizamos fuerzas que&#8230; \u00bfEn verdad dominamos? Se han utilizados energ\u00edas de 14 TeV, y, no dejan de hablar de llegar a los 100 TeV&#8230; \u00a1Habremos perdido el Norte?<\/strong><\/p>\n<p style=\"text-align: justify;\">Pues pienso que las grandes compa\u00f1\u00edas no dejan de apuntar en la misma direcci\u00f3n en el caso de la mal llamada Inteligencia Artificial (eso no es inteligencia), pues la \u00fanica inteligencia que podemos entender es la Natural, la qu4e se va adquiriendo a base de observaci\u00f3n estudios, experiencias, experimentaci\u00f3n&#8230; Lo otro no es inteligencia es acumular datos que ser\u00e1n repetidos o utilizados en raz\u00f3n de lo que esos fatos digan, sin poder ir m\u00e1s all\u00e1 ni crear nuevas situaciones a partoi5r de los mismos.<\/p>\n<p style=\"text-align: justify;\">En fin, que todo esto nos preocupa a la gente sencilla, y, los que somos curiosos y tenemos la necesidad de saber, no dejamos de buscar informaci\u00f3n de unos y otros que debemos contrastar y, cada uno, en funci\u00f3n de lo que su intelecto le dicte&#8230; Podr\u00e1 tener su propia opini\u00f3n sobre el tema.<\/p>\n<p style=\"text-align: justify;\">Creo que se avecina un cambio importante, y, nuestros cerebros que forman parte del mundo material del Universo, tiene un ingrediente que a\u00fan no hemos llegado a comprender. Incluso con nuestra limitada comprensi\u00f3n actual de la naturaleza de este ingrediente ausente en nuestro saber, s\u00ed podemos empezar a se\u00f1alar donde debe estar dejando su huella, y como deber\u00eda estar aportando una contribuci\u00f3n vital a lo que quiera que sea en que subyacen nuestros sentimientos y acciones conscientes.<\/p>\n<p style=\"text-align: justify;\">Una cosa la tenga clara, los Robots no ser\u00e1n ning\u00fan motivo de preocupaci\u00f3n para nuestras especie en muchos a\u00f1os pero&#8230; \u00bfNo me fiar\u00eda!<\/p>\n<p><strong>Emilio Silvera V\u00e1zquez<\/strong><\/p><\/blockquote>\n<p>&nbsp;<\/p>\n<p>&nbsp;<\/p>\n<div class='bookmark'>\r\n\t\t<table align='left' border='0' cellpadding='0' width='100%'>\r\n\t\t<tr><td><span class='pushbutton'><a href='http:\/\/delicious.com\/post?url=https%3A%2F%2Fwww.emiliosilveravazquez.com%2Fblog%2F2025%2F04%2F06%2Fpasara-esto-con-la-inteligencia-artificial%2F&amp;title=%C2%BFPasar%C3%A1+esto+con+la+Inteligencia+Artificial%3F' title='Delicious' target='_blank' rel='nofollow'><img src='https:\/\/www.emiliosilveravazquez.com\/blog\/wp-content\/plugins\/knxdt-bookmarks-wordpress-plugin\/images\/delicious.png'  alt='' class='book_img' border='none' style='margin:1px; padding: 0;'  \/><\/a><\/span><span class='pushbutton'><a href='http:\/\/digg.com\/submit?url=https%3A%2F%2Fwww.emiliosilveravazquez.com%2Fblog%2F2025%2F04%2F06%2Fpasara-esto-con-la-inteligencia-artificial%2F&amp;title=%C2%BFPasar%C3%A1+esto+con+la+Inteligencia+Artificial%3F' title='Digg' target='_blank' rel='nofollow'><img src='https:\/\/www.emiliosilveravazquez.com\/blog\/wp-content\/plugins\/knxdt-bookmarks-wordpress-plugin\/images\/digg.png'  alt='' class='book_img' border='none' style='margin:1px; padding: 0;'  \/><\/a><\/span><span class='pushbutton'><a href='http:\/\/www.google.com\/bookmarks\/mark?op=edit&amp;bkmk=https%3A%2F%2Fwww.emiliosilveravazquez.com%2Fblog%2F2025%2F04%2F06%2Fpasara-esto-con-la-inteligencia-artificial%2F&amp;title=%C2%BFPasar%C3%A1+esto+con+la+Inteligencia+Artificial%3F' title='Google' target='_blank' rel='nofollow'><img src='https:\/\/www.emiliosilveravazquez.com\/blog\/wp-content\/plugins\/knxdt-bookmarks-wordpress-plugin\/images\/google.png'   alt='' class='book_img' border='none' style='margin:1px; padding: 0;'  \/><\/a><\/span><span class='pushbutton'><a href='http:\/\/myweb2.search.yahoo.com\/myresults\/bookmarklet?u=https%3A%2F%2Fwww.emiliosilveravazquez.com%2Fblog%2F2025%2F04%2F06%2Fpasara-esto-con-la-inteligencia-artificial%2F&amp;t=%C2%BFPasar%C3%A1+esto+con+la+Inteligencia+Artificial%3F' title='Yahoo' target='_blank' rel='nofollow'><img src='https:\/\/www.emiliosilveravazquez.com\/blog\/wp-content\/plugins\/knxdt-bookmarks-wordpress-plugin\/images\/yahoo.png'  alt='' class='book_img' border='none' style='margin:1px; padding: 0;'  \/><\/a><\/span><span class='pushbutton'><a href='http:\/\/www.technorati.com\/faves?add=https%3A%2F%2Fwww.emiliosilveravazquez.com%2Fblog%2F2025%2F04%2F06%2Fpasara-esto-con-la-inteligencia-artificial%2F' title='Technorati' target='_blank' rel='nofollow'><img src='https:\/\/www.emiliosilveravazquez.com\/blog\/wp-content\/plugins\/knxdt-bookmarks-wordpress-plugin\/images\/technorati.png'  alt='' class='book_img' border='none' style='margin:1px; padding: 0;'  \/><\/a><\/span><span class='pushbutton'><a href='http:\/\/meneame.net\/submit.php?url=https%3A%2F%2Fwww.emiliosilveravazquez.com%2Fblog%2F2025%2F04%2F06%2Fpasara-esto-con-la-inteligencia-artificial%2F' title='Meneame' target='_blank' rel='nofollow'><img src='https:\/\/www.emiliosilveravazquez.com\/blog\/wp-content\/plugins\/knxdt-bookmarks-wordpress-plugin\/images\/meneame.png'  alt='' class='book_img' border='none' style='margin:1px; padding: 0;'  \/><\/a><\/span><span class='pushbutton'><a href='http:\/\/enchilame.com\/submit.php?url=https:\/\/www.emiliosilveravazquez.com\/blog\/2025\/04\/06\/pasara-esto-con-la-inteligencia-artificial\/' target='_blank' rel='nofollow'><img title='Enchilame' src='https:\/\/www.emiliosilveravazquez.com\/blog\/wp-content\/plugins\/knxdt-bookmarks-wordpress-plugin\/images\/enchilame.png'  alt='' class='book_img' border='none' style='margin:1px; padding: 0;'  \/><\/a><\/span><span class='pushbutton'><a href='http:\/\/www.blinklist.com\/index.php?Action=Blink\/addblink.php&amp;Description=&amp;Url=https%3A%2F%2Fwww.emiliosilveravazquez.com%2Fblog%2F2025%2F04%2F06%2Fpasara-esto-con-la-inteligencia-artificial%2F&amp;title=%C2%BFPasar%C3%A1+esto+con+la+Inteligencia+Artificial%3F' title='BlinkList' target='_blank' rel='nofollow'><img src='https:\/\/www.emiliosilveravazquez.com\/blog\/wp-content\/plugins\/knxdt-bookmarks-wordpress-plugin\/images\/blinklist.png'  alt='' class='book_img' border='none' style='margin:1px; padding: 0;'  \/><\/a><\/span><span class='pushbutton'><a href='http:\/\/reddit.com\/submit?url=https%3A%2F%2Fwww.emiliosilveravazquez.com%2Fblog%2F2025%2F04%2F06%2Fpasara-esto-con-la-inteligencia-artificial%2F&amp;title=%C2%BFPasar%C3%A1+esto+con+la+Inteligencia+Artificial%3F' title='Reddit' target='_blank' rel='nofollow'><img src='https:\/\/www.emiliosilveravazquez.com\/blog\/wp-content\/plugins\/knxdt-bookmarks-wordpress-plugin\/images\/reddit.png'  alt='' class='book_img' border='none' style='margin:1px; padding: 0;'  \/><\/a><\/span><span class='pushbutton'><a href='http:\/\/www.tecnologiadiaria.com\/2009\/07\/abrir-com-hotmail-correo.html' target='_blank' title='hotmail'><img src='https:\/\/www.emiliosilveravazquez.com\/blog\/wp-content\/plugins\/knxdt-bookmarks-wordpress-plugin\/images\/linklove.png' alt='hotmail correo' class='book_img' border='none' style='margin:1px; padding: 0;' \/><\/a><\/span><span class='pushbutton'><a href='http:\/\/bitacoras.com\/votar\/anotacion\/externo\/mini\/www.emiliosilveravazquez.com\/blog\/2025\/04\/06\/pasara-esto-con-la-inteligencia-artificial\/' title='Bitacoras.com' target='_blank' rel='nofollow'><img src='https:\/\/www.emiliosilveravazquez.com\/blog\/wp-content\/plugins\/knxdt-bookmarks-wordpress-plugin\/images\/bitacoras.png'  alt='' class='book_img' border='none' style='margin:1px; padding: 0;'  \/><\/a><\/span><span class='pushbutton'><a href='http:\/\/www.wikio.es\/vote?url=https%3A%2F%2Fwww.emiliosilveravazquez.com%2Fblog%2F2025%2F04%2F06%2Fpasara-esto-con-la-inteligencia-artificial%2F' title='Wikio' target='_blank' rel='nofollow'><img src='https:\/\/www.emiliosilveravazquez.com\/blog\/wp-content\/plugins\/knxdt-bookmarks-wordpress-plugin\/images\/wikio.png'   alt='' class='book_img' border='none' style='margin:1px; padding: 0;'   \/><\/a><\/span><span class='pushbutton'><a href='http:\/\/friendfeed.com\/?url=https%3A%2F%2Fwww.emiliosilveravazquez.com%2Fblog%2F2025%2F04%2F06%2Fpasara-esto-con-la-inteligencia-artificial%2F&amp;title=%C2%BFPasar%C3%A1+esto+con+la+Inteligencia+Artificial%3F' title='Friend Feed' target='_blank' rel='nofollow'><img src='https:\/\/www.emiliosilveravazquez.com\/blog\/wp-content\/plugins\/knxdt-bookmarks-wordpress-plugin\/images\/friendfeed.png'  alt='' class='book_img' border='none' style='margin:1px; padding: 0;'  \/><\/a><\/span><span class='pushbutton'><a href='http:\/\/www.facebook.com\/share.php?u=https%3A%2F%2Fwww.emiliosilveravazquez.com%2Fblog%2F2025%2F04%2F06%2Fpasara-esto-con-la-inteligencia-artificial%2F&amp;t=%C2%BFPasar%C3%A1+esto+con+la+Inteligencia+Artificial%3F' title='Facebook' target='_blank' rel='nofollow'><img src='https:\/\/www.emiliosilveravazquez.com\/blog\/wp-content\/plugins\/knxdt-bookmarks-wordpress-plugin\/images\/facebook.png'  alt='' class='book_img' border='none' style='margin:1px; padding: 0;'  \/><\/a><\/span><span class='pushbutton'><a href='http:\/\/twitter.com\/home?status=%C2%BFPasar%C3%A1+esto+con+la+Inteligencia+Artificial%3F: https%3A%2F%2Fwww.emiliosilveravazquez.com%2Fblog%2F2025%2F04%2F06%2Fpasara-esto-con-la-inteligencia-artificial%2F' title='Twitter' target='_blank' rel='nofollow'><img src='https:\/\/www.emiliosilveravazquez.com\/blog\/wp-content\/plugins\/knxdt-bookmarks-wordpress-plugin\/images\/twitter.png'  alt='' class='book_img' border='none' style='margin:1px; padding: 0;'  \/><\/a><\/span><span class='pushbutton'><a href='http:\/\/www.feedburner.com\/fb\/a\/emailFlare?itemTitle=%C2%BFPasar%C3%A1+esto+con+la+Inteligencia+Artificial%3F&amp;uri=https%3A%2F%2Fwww.emiliosilveravazquez.com%2Fblog%2F2025%2F04%2F06%2Fpasara-esto-con-la-inteligencia-artificial%2F' title='Enviar por Email' target='_blank' rel='nofollow'><img src='https:\/\/www.emiliosilveravazquez.com\/blog\/wp-content\/plugins\/knxdt-bookmarks-wordpress-plugin\/images\/email.png'  alt='' class='book_img' border='none' style='margin:1px; padding: 0;'  \/><\/a><\/span><span style='font-weight:bold; padding-left: 5px;'><a href='http:\/\/wordpress.org\/extend\/plugins\/knxdt-bookmarks-wordpress-plugin\/' title='Plugin' rel='nofollow' target='_blank'>[?]<\/a><\/span><\/td><\/tr><\/table><br\/><br\/><\/div>","protected":false},"excerpt":{"rendered":"<p>&nbsp; En todo esto existen opiniones contradictorias entre los miembros de la comunidad cient\u00edfica, unos dicen que el peligro no se ve por ninguna parte, y, en cambio otros, opinan todo lo contrario. Una cosa que debemos tener en cuenta es, precisamente, que el mismo nombre de &#8220;Inteligencia Artificial&#8221; ,\u00a0 descalifica el t\u00e9rmino &#8220;Inteligencia&#8221;, ya [&hellip;]<\/p>\n","protected":false},"author":2,"featured_media":0,"comment_status":"open","ping_status":"open","sticky":false,"template":"","format":"standard","meta":{"_s2mail":"","footnotes":""},"categories":[1],"tags":[],"_links":{"self":[{"href":"https:\/\/www.emiliosilveravazquez.com\/blog\/wp-json\/wp\/v2\/posts\/32706"}],"collection":[{"href":"https:\/\/www.emiliosilveravazquez.com\/blog\/wp-json\/wp\/v2\/posts"}],"about":[{"href":"https:\/\/www.emiliosilveravazquez.com\/blog\/wp-json\/wp\/v2\/types\/post"}],"author":[{"embeddable":true,"href":"https:\/\/www.emiliosilveravazquez.com\/blog\/wp-json\/wp\/v2\/users\/2"}],"replies":[{"embeddable":true,"href":"https:\/\/www.emiliosilveravazquez.com\/blog\/wp-json\/wp\/v2\/comments?post=32706"}],"version-history":[{"count":0,"href":"https:\/\/www.emiliosilveravazquez.com\/blog\/wp-json\/wp\/v2\/posts\/32706\/revisions"}],"wp:attachment":[{"href":"https:\/\/www.emiliosilveravazquez.com\/blog\/wp-json\/wp\/v2\/media?parent=32706"}],"wp:term":[{"taxonomy":"category","embeddable":true,"href":"https:\/\/www.emiliosilveravazquez.com\/blog\/wp-json\/wp\/v2\/categories?post=32706"},{"taxonomy":"post_tag","embeddable":true,"href":"https:\/\/www.emiliosilveravazquez.com\/blog\/wp-json\/wp\/v2\/tags?post=32706"}],"curies":[{"name":"wp","href":"https:\/\/api.w.org\/{rel}","templated":true}]}}