{"id":32487,"date":"2024-04-18T10:33:02","date_gmt":"2024-04-18T09:33:02","guid":{"rendered":"http:\/\/www.emiliosilveravazquez.com\/blog\/?p=32487"},"modified":"2024-04-18T10:33:02","modified_gmt":"2024-04-18T09:33:02","slug":"el-tiempo-sabremos-alguna-vez-lo-que-realmente-es","status":"publish","type":"post","link":"https:\/\/www.emiliosilveravazquez.com\/blog\/2024\/04\/18\/el-tiempo-sabremos-alguna-vez-lo-que-realmente-es\/","title":{"rendered":"\u00a1EL TIEMPO! \u00bfSabremos alguna vez lo que realmente es?"},"content":{"rendered":"<p><iframe loading=\"lazy\" title=\"Conferencia &quot;La flecha del tiempo&quot; a cargo de David Blanco Laserna en Fundoro el 14 de marzo de 2023\" width=\"500\" height=\"281\" src=\"https:\/\/www.youtube.com\/embed\/lhJOayDetkE?feature=oembed\" frameborder=\"0\" allow=\"accelerometer; autoplay; clipboard-write; encrypted-media; gyroscope; picture-in-picture; web-share\" referrerpolicy=\"strict-origin-when-cross-origin\" allowfullscreen><\/iframe><\/p>\n<p><iframe loading=\"lazy\" title=\"El tiempo: qu\u00e9 es y c\u00f3mo lo entendemos | ALBERTO RUIZ JIMENO | TEDxSardinero\" width=\"500\" height=\"281\" src=\"https:\/\/www.youtube.com\/embed\/p42KYWeDJBs?feature=oembed\" frameborder=\"0\" allow=\"accelerometer; autoplay; clipboard-write; encrypted-media; gyroscope; picture-in-picture; web-share\" referrerpolicy=\"strict-origin-when-cross-origin\" allowfullscreen><\/iframe><\/p>\n<p>&nbsp;<\/p>\n<p style=\"text-align: justify;\">A lo largo de la Historia, grandes fil\u00f3sofos y pensadores han tratado de comprender lo que el Tiempo es. Todos hicieron el intento de explicar el Tiempo, y, con m\u00e1s o menos \u00e9xito, ah\u00ed quedaron sus trabajos que, en ninguno de los casos, alcanz\u00f3 la plenitud de poder convencer de manera auto-suficiente y cient\u00edfica al lector. Cada cual expon\u00eda la perspectiva que ellos consideraban correcta, y, desde luego, explicar lo que no es material, lo que no podemos ver, lo que tiene un sin fin de diversificaciones como que puede ser relativo, que el Presente se convierte en Pasado y, camina inexorable hacia un Futuro que nunca podremos conocer&#8230;<\/p>\n<p>Lo que si sabemos del Tiempo es que, su inexorable transcurrir (ayudado por su prima la Entrop\u00eda), lo cambia todo.<\/p>\n<div class='bookmark'>\r\n\t\t<table align='left' border='0' cellpadding='0' width='100%'>\r\n\t\t<tr><td><span class='pushbutton'><a href='http:\/\/delicious.com\/post?url=https%3A%2F%2Fwww.emiliosilveravazquez.com%2Fblog%2F2024%2F04%2F18%2Fel-tiempo-sabremos-alguna-vez-lo-que-realmente-es%2F&amp;title=%C2%A1EL+TIEMPO%21+%C2%BFSabremos+alguna+vez+lo+que+realmente+es%3F' title='Delicious' target='_blank' rel='nofollow'><img src='https:\/\/www.emiliosilveravazquez.com\/blog\/wp-content\/plugins\/knxdt-bookmarks-wordpress-plugin\/images\/delicious.png'  alt='' class='book_img' border='none' style='margin:1px; padding: 0;'  \/><\/a><\/span><span class='pushbutton'><a href='http:\/\/digg.com\/submit?url=https%3A%2F%2Fwww.emiliosilveravazquez.com%2Fblog%2F2024%2F04%2F18%2Fel-tiempo-sabremos-alguna-vez-lo-que-realmente-es%2F&amp;title=%C2%A1EL+TIEMPO%21+%C2%BFSabremos+alguna+vez+lo+que+realmente+es%3F' title='Digg' target='_blank' rel='nofollow'><img src='https:\/\/www.emiliosilveravazquez.com\/blog\/wp-content\/plugins\/knxdt-bookmarks-wordpress-plugin\/images\/digg.png'  alt='' class='book_img' border='none' style='margin:1px; padding: 0;'  \/><\/a><\/span><span class='pushbutton'><a href='http:\/\/www.google.com\/bookmarks\/mark?op=edit&amp;bkmk=https%3A%2F%2Fwww.emiliosilveravazquez.com%2Fblog%2F2024%2F04%2F18%2Fel-tiempo-sabremos-alguna-vez-lo-que-realmente-es%2F&amp;title=%C2%A1EL+TIEMPO%21+%C2%BFSabremos+alguna+vez+lo+que+realmente+es%3F' title='Google' target='_blank' rel='nofollow'><img src='https:\/\/www.emiliosilveravazquez.com\/blog\/wp-content\/plugins\/knxdt-bookmarks-wordpress-plugin\/images\/google.png'   alt='' class='book_img' border='none' style='margin:1px; padding: 0;'  \/><\/a><\/span><span class='pushbutton'><a href='http:\/\/myweb2.search.yahoo.com\/myresults\/bookmarklet?u=https%3A%2F%2Fwww.emiliosilveravazquez.com%2Fblog%2F2024%2F04%2F18%2Fel-tiempo-sabremos-alguna-vez-lo-que-realmente-es%2F&amp;t=%C2%A1EL+TIEMPO%21+%C2%BFSabremos+alguna+vez+lo+que+realmente+es%3F' title='Yahoo' target='_blank' rel='nofollow'><img src='https:\/\/www.emiliosilveravazquez.com\/blog\/wp-content\/plugins\/knxdt-bookmarks-wordpress-plugin\/images\/yahoo.png'  alt='' class='book_img' border='none' style='margin:1px; padding: 0;'  \/><\/a><\/span><span class='pushbutton'><a href='http:\/\/www.technorati.com\/faves?add=https%3A%2F%2Fwww.emiliosilveravazquez.com%2Fblog%2F2024%2F04%2F18%2Fel-tiempo-sabremos-alguna-vez-lo-que-realmente-es%2F' title='Technorati' target='_blank' rel='nofollow'><img src='https:\/\/www.emiliosilveravazquez.com\/blog\/wp-content\/plugins\/knxdt-bookmarks-wordpress-plugin\/images\/technorati.png'  alt='' class='book_img' border='none' style='margin:1px; padding: 0;'  \/><\/a><\/span><span class='pushbutton'><a href='http:\/\/meneame.net\/submit.php?url=https%3A%2F%2Fwww.emiliosilveravazquez.com%2Fblog%2F2024%2F04%2F18%2Fel-tiempo-sabremos-alguna-vez-lo-que-realmente-es%2F' title='Meneame' target='_blank' rel='nofollow'><img src='https:\/\/www.emiliosilveravazquez.com\/blog\/wp-content\/plugins\/knxdt-bookmarks-wordpress-plugin\/images\/meneame.png'  alt='' class='book_img' border='none' style='margin:1px; padding: 0;'  \/><\/a><\/span><span class='pushbutton'><a href='http:\/\/enchilame.com\/submit.php?url=https:\/\/www.emiliosilveravazquez.com\/blog\/2024\/04\/18\/el-tiempo-sabremos-alguna-vez-lo-que-realmente-es\/' target='_blank' rel='nofollow'><img title='Enchilame' src='https:\/\/www.emiliosilveravazquez.com\/blog\/wp-content\/plugins\/knxdt-bookmarks-wordpress-plugin\/images\/enchilame.png'  alt='' class='book_img' border='none' style='margin:1px; padding: 0;'  \/><\/a><\/span><span class='pushbutton'><a href='http:\/\/www.blinklist.com\/index.php?Action=Blink\/addblink.php&amp;Description=&amp;Url=https%3A%2F%2Fwww.emiliosilveravazquez.com%2Fblog%2F2024%2F04%2F18%2Fel-tiempo-sabremos-alguna-vez-lo-que-realmente-es%2F&amp;title=%C2%A1EL+TIEMPO%21+%C2%BFSabremos+alguna+vez+lo+que+realmente+es%3F' title='BlinkList' target='_blank' rel='nofollow'><img src='https:\/\/www.emiliosilveravazquez.com\/blog\/wp-content\/plugins\/knxdt-bookmarks-wordpress-plugin\/images\/blinklist.png'  alt='' class='book_img' border='none' style='margin:1px; padding: 0;'  \/><\/a><\/span><span class='pushbutton'><a href='http:\/\/reddit.com\/submit?url=https%3A%2F%2Fwww.emiliosilveravazquez.com%2Fblog%2F2024%2F04%2F18%2Fel-tiempo-sabremos-alguna-vez-lo-que-realmente-es%2F&amp;title=%C2%A1EL+TIEMPO%21+%C2%BFSabremos+alguna+vez+lo+que+realmente+es%3F' title='Reddit' target='_blank' rel='nofollow'><img src='https:\/\/www.emiliosilveravazquez.com\/blog\/wp-content\/plugins\/knxdt-bookmarks-wordpress-plugin\/images\/reddit.png'  alt='' class='book_img' border='none' style='margin:1px; padding: 0;'  \/><\/a><\/span><span class='pushbutton'><a href='http:\/\/www.tecnologiadiaria.com\/2009\/07\/abrir-com-hotmail-correo.html' target='_blank' title='hotmail'><img src='https:\/\/www.emiliosilveravazquez.com\/blog\/wp-content\/plugins\/knxdt-bookmarks-wordpress-plugin\/images\/linklove.png' alt='hotmail correo' class='book_img' border='none' style='margin:1px; padding: 0;' \/><\/a><\/span><span class='pushbutton'><a href='http:\/\/bitacoras.com\/votar\/anotacion\/externo\/mini\/www.emiliosilveravazquez.com\/blog\/2024\/04\/18\/el-tiempo-sabremos-alguna-vez-lo-que-realmente-es\/' title='Bitacoras.com' target='_blank' rel='nofollow'><img src='https:\/\/www.emiliosilveravazquez.com\/blog\/wp-content\/plugins\/knxdt-bookmarks-wordpress-plugin\/images\/bitacoras.png'  alt='' class='book_img' border='none' style='margin:1px; padding: 0;'  \/><\/a><\/span><span class='pushbutton'><a href='http:\/\/www.wikio.es\/vote?url=https%3A%2F%2Fwww.emiliosilveravazquez.com%2Fblog%2F2024%2F04%2F18%2Fel-tiempo-sabremos-alguna-vez-lo-que-realmente-es%2F' title='Wikio' target='_blank' rel='nofollow'><img src='https:\/\/www.emiliosilveravazquez.com\/blog\/wp-content\/plugins\/knxdt-bookmarks-wordpress-plugin\/images\/wikio.png'   alt='' class='book_img' border='none' style='margin:1px; padding: 0;'   \/><\/a><\/span><span class='pushbutton'><a href='http:\/\/friendfeed.com\/?url=https%3A%2F%2Fwww.emiliosilveravazquez.com%2Fblog%2F2024%2F04%2F18%2Fel-tiempo-sabremos-alguna-vez-lo-que-realmente-es%2F&amp;title=%C2%A1EL+TIEMPO%21+%C2%BFSabremos+alguna+vez+lo+que+realmente+es%3F' title='Friend Feed' target='_blank' rel='nofollow'><img src='https:\/\/www.emiliosilveravazquez.com\/blog\/wp-content\/plugins\/knxdt-bookmarks-wordpress-plugin\/images\/friendfeed.png'  alt='' class='book_img' border='none' style='margin:1px; padding: 0;'  \/><\/a><\/span><span class='pushbutton'><a href='http:\/\/www.facebook.com\/share.php?u=https%3A%2F%2Fwww.emiliosilveravazquez.com%2Fblog%2F2024%2F04%2F18%2Fel-tiempo-sabremos-alguna-vez-lo-que-realmente-es%2F&amp;t=%C2%A1EL+TIEMPO%21+%C2%BFSabremos+alguna+vez+lo+que+realmente+es%3F' title='Facebook' target='_blank' rel='nofollow'><img src='https:\/\/www.emiliosilveravazquez.com\/blog\/wp-content\/plugins\/knxdt-bookmarks-wordpress-plugin\/images\/facebook.png'  alt='' class='book_img' border='none' style='margin:1px; padding: 0;'  \/><\/a><\/span><span class='pushbutton'><a href='http:\/\/twitter.com\/home?status=%C2%A1EL+TIEMPO%21+%C2%BFSabremos+alguna+vez+lo+que+realmente+es%3F: https%3A%2F%2Fwww.emiliosilveravazquez.com%2Fblog%2F2024%2F04%2F18%2Fel-tiempo-sabremos-alguna-vez-lo-que-realmente-es%2F' title='Twitter' target='_blank' rel='nofollow'><img src='https:\/\/www.emiliosilveravazquez.com\/blog\/wp-content\/plugins\/knxdt-bookmarks-wordpress-plugin\/images\/twitter.png'  alt='' class='book_img' border='none' style='margin:1px; padding: 0;'  \/><\/a><\/span><span class='pushbutton'><a href='http:\/\/www.feedburner.com\/fb\/a\/emailFlare?itemTitle=%C2%A1EL+TIEMPO%21+%C2%BFSabremos+alguna+vez+lo+que+realmente+es%3F&amp;uri=https%3A%2F%2Fwww.emiliosilveravazquez.com%2Fblog%2F2024%2F04%2F18%2Fel-tiempo-sabremos-alguna-vez-lo-que-realmente-es%2F' title='Enviar por Email' target='_blank' rel='nofollow'><img src='https:\/\/www.emiliosilveravazquez.com\/blog\/wp-content\/plugins\/knxdt-bookmarks-wordpress-plugin\/images\/email.png'  alt='' class='book_img' border='none' style='margin:1px; padding: 0;'  \/><\/a><\/span><span style='font-weight:bold; padding-left: 5px;'><a href='http:\/\/wordpress.org\/extend\/plugins\/knxdt-bookmarks-wordpress-plugin\/' title='Plugin' rel='nofollow' target='_blank'>[?]<\/a><\/span><\/td><\/tr><\/table><br\/><br\/><\/div>","protected":false},"excerpt":{"rendered":"<p>&nbsp; A lo largo de la Historia, grandes fil\u00f3sofos y pensadores han tratado de comprender lo que el Tiempo es. Todos hicieron el intento de explicar el Tiempo, y, con m\u00e1s o menos \u00e9xito, ah\u00ed quedaron sus trabajos que, en ninguno de los casos, alcanz\u00f3 la plenitud de poder convencer de manera auto-suficiente y cient\u00edfica [&hellip;]<\/p>\n","protected":false},"author":2,"featured_media":0,"comment_status":"open","ping_status":"open","sticky":false,"template":"","format":"standard","meta":{"_s2mail":"","footnotes":""},"categories":[1],"tags":[],"_links":{"self":[{"href":"https:\/\/www.emiliosilveravazquez.com\/blog\/wp-json\/wp\/v2\/posts\/32487"}],"collection":[{"href":"https:\/\/www.emiliosilveravazquez.com\/blog\/wp-json\/wp\/v2\/posts"}],"about":[{"href":"https:\/\/www.emiliosilveravazquez.com\/blog\/wp-json\/wp\/v2\/types\/post"}],"author":[{"embeddable":true,"href":"https:\/\/www.emiliosilveravazquez.com\/blog\/wp-json\/wp\/v2\/users\/2"}],"replies":[{"embeddable":true,"href":"https:\/\/www.emiliosilveravazquez.com\/blog\/wp-json\/wp\/v2\/comments?post=32487"}],"version-history":[{"count":0,"href":"https:\/\/www.emiliosilveravazquez.com\/blog\/wp-json\/wp\/v2\/posts\/32487\/revisions"}],"wp:attachment":[{"href":"https:\/\/www.emiliosilveravazquez.com\/blog\/wp-json\/wp\/v2\/media?parent=32487"}],"wp:term":[{"taxonomy":"category","embeddable":true,"href":"https:\/\/www.emiliosilveravazquez.com\/blog\/wp-json\/wp\/v2\/categories?post=32487"},{"taxonomy":"post_tag","embeddable":true,"href":"https:\/\/www.emiliosilveravazquez.com\/blog\/wp-json\/wp\/v2\/tags?post=32487"}],"curies":[{"name":"wp","href":"https:\/\/api.w.org\/{rel}","templated":true}]}}