{"id":32449,"date":"2024-04-09T10:31:34","date_gmt":"2024-04-09T09:31:34","guid":{"rendered":"https:\/\/www.emiliosilveravazquez.com\/blog\/?p=32449"},"modified":"2024-04-09T10:31:34","modified_gmt":"2024-04-09T09:31:34","slug":"los-eclipses-a-lo-largo-de-nuestra-historia","status":"publish","type":"post","link":"https:\/\/www.emiliosilveravazquez.com\/blog\/2024\/04\/09\/los-eclipses-a-lo-largo-de-nuestra-historia\/","title":{"rendered":"Los eclipses a lo largo de nuestra Historia"},"content":{"rendered":"<p><iframe loading=\"lazy\" title=\"Im\u00e1genes de la NASA muestran el momento exacto del eclipse solar total en Texas\" width=\"500\" height=\"281\" src=\"https:\/\/www.youtube.com\/embed\/ggTlAT94DBE?feature=oembed\" frameborder=\"0\" allow=\"accelerometer; autoplay; clipboard-write; encrypted-media; gyroscope; picture-in-picture; web-share\" referrerpolicy=\"strict-origin-when-cross-origin\" allowfullscreen><\/iframe><\/p>\n<h1 class=\"article-headline\" style=\"text-align: justify;\">Presagios funestos: as\u00ed han explicado las diferentes culturas los eclipses a lo largo de la historia.<\/h1>\n<p style=\"text-align: justify;\">Gracias a la ciencia, sabemos que el 8 de abril de 2024 gran parte de Norteam\u00e9rica experimentar\u00e1 un eclipse solar. El Sol, la Luna y la Tierra se alinear\u00e1n en ese orden, haciendo que la trayectoria de la sombra de la Luna aterrice en la costa de M\u00e9xico antes de cruzar Estados Unidos desde\u00a0<a href=\"https:\/\/www.telemundodallas.com\/tag\/texas\">Texas<\/a>\u00a0hasta Maine.<\/p>\n<p style=\"text-align: justify;\">Organizaciones cient\u00edficas como la NASA han sido capaces no s\u00f3lo de determinar d\u00f3nde y cu\u00e1ndo se producen los eclipses, sino tambi\u00e9n de utilizarlos para aprender m\u00e1s sobre el Sol y su influencia en el mundo que nos rodea.<\/p>\n<p style=\"text-align: justify;\">Incluso con la ciencia de la predicci\u00f3n, la experiencia de un eclipse solar total suele ser sobrecogedora. La gente describe una sensaci\u00f3n espeluznante cuando el sol se ensombrece y la oscuridad se apodera de un cielo por lo dem\u00e1s brillante. Incluso los cazadores de eclipses m\u00e1s experimentados dicen sentirse abrumados.<\/p>\n<p style=\"text-align: justify;\">Para las civilizaciones antiguas, la experiencia de ver desaparecer el sol en los cielos era a\u00fan m\u00e1s desconcertante. El astr\u00f3nomo Tyler Nordgren explica: &#8220;En el momento de este eclipse total, esta cosa brillante y dadora de luz que damos por sentada en el cielo de repente se vuelve negra. Es totalmente desconcertante&#8221;. Nordgren public\u00f3 un libro antes del eclipse de 2017 en Estados Unidos que exploraba c\u00f3mo se han visto culturalmente los eclipses a lo largo del tiempo. Describe la experiencia de la totalidad, cuando el sol es eclipsado completamente por la luna, como una experiencia desconcertante: &#8220;Le digo a la gente que es el fen\u00f3meno m\u00e1s antinatural y natural que jam\u00e1s experimentar\u00e1n en su mundo&#8221;.<\/p>\n<p>Fuentes variadas.<\/p>\n<div class='bookmark'>\r\n\t\t<table align='left' border='0' cellpadding='0' width='100%'>\r\n\t\t<tr><td><span class='pushbutton'><a href='http:\/\/delicious.com\/post?url=https%3A%2F%2Fwww.emiliosilveravazquez.com%2Fblog%2F2024%2F04%2F09%2Flos-eclipses-a-lo-largo-de-nuestra-historia%2F&amp;title=Los+eclipses+a+lo+largo+de+nuestra+Historia' title='Delicious' target='_blank' rel='nofollow'><img src='https:\/\/www.emiliosilveravazquez.com\/blog\/wp-content\/plugins\/knxdt-bookmarks-wordpress-plugin\/images\/delicious.png'  alt='' class='book_img' border='none' style='margin:1px; padding: 0;'  \/><\/a><\/span><span class='pushbutton'><a href='http:\/\/digg.com\/submit?url=https%3A%2F%2Fwww.emiliosilveravazquez.com%2Fblog%2F2024%2F04%2F09%2Flos-eclipses-a-lo-largo-de-nuestra-historia%2F&amp;title=Los+eclipses+a+lo+largo+de+nuestra+Historia' title='Digg' target='_blank' rel='nofollow'><img src='https:\/\/www.emiliosilveravazquez.com\/blog\/wp-content\/plugins\/knxdt-bookmarks-wordpress-plugin\/images\/digg.png'  alt='' class='book_img' border='none' style='margin:1px; padding: 0;'  \/><\/a><\/span><span class='pushbutton'><a href='http:\/\/www.google.com\/bookmarks\/mark?op=edit&amp;bkmk=https%3A%2F%2Fwww.emiliosilveravazquez.com%2Fblog%2F2024%2F04%2F09%2Flos-eclipses-a-lo-largo-de-nuestra-historia%2F&amp;title=Los+eclipses+a+lo+largo+de+nuestra+Historia' title='Google' target='_blank' rel='nofollow'><img src='https:\/\/www.emiliosilveravazquez.com\/blog\/wp-content\/plugins\/knxdt-bookmarks-wordpress-plugin\/images\/google.png'   alt='' class='book_img' border='none' style='margin:1px; padding: 0;'  \/><\/a><\/span><span class='pushbutton'><a href='http:\/\/myweb2.search.yahoo.com\/myresults\/bookmarklet?u=https%3A%2F%2Fwww.emiliosilveravazquez.com%2Fblog%2F2024%2F04%2F09%2Flos-eclipses-a-lo-largo-de-nuestra-historia%2F&amp;t=Los+eclipses+a+lo+largo+de+nuestra+Historia' title='Yahoo' target='_blank' rel='nofollow'><img src='https:\/\/www.emiliosilveravazquez.com\/blog\/wp-content\/plugins\/knxdt-bookmarks-wordpress-plugin\/images\/yahoo.png'  alt='' class='book_img' border='none' style='margin:1px; padding: 0;'  \/><\/a><\/span><span class='pushbutton'><a href='http:\/\/www.technorati.com\/faves?add=https%3A%2F%2Fwww.emiliosilveravazquez.com%2Fblog%2F2024%2F04%2F09%2Flos-eclipses-a-lo-largo-de-nuestra-historia%2F' title='Technorati' target='_blank' rel='nofollow'><img src='https:\/\/www.emiliosilveravazquez.com\/blog\/wp-content\/plugins\/knxdt-bookmarks-wordpress-plugin\/images\/technorati.png'  alt='' class='book_img' border='none' style='margin:1px; padding: 0;'  \/><\/a><\/span><span class='pushbutton'><a href='http:\/\/meneame.net\/submit.php?url=https%3A%2F%2Fwww.emiliosilveravazquez.com%2Fblog%2F2024%2F04%2F09%2Flos-eclipses-a-lo-largo-de-nuestra-historia%2F' title='Meneame' target='_blank' rel='nofollow'><img src='https:\/\/www.emiliosilveravazquez.com\/blog\/wp-content\/plugins\/knxdt-bookmarks-wordpress-plugin\/images\/meneame.png'  alt='' class='book_img' border='none' style='margin:1px; padding: 0;'  \/><\/a><\/span><span class='pushbutton'><a href='http:\/\/enchilame.com\/submit.php?url=https:\/\/www.emiliosilveravazquez.com\/blog\/2024\/04\/09\/los-eclipses-a-lo-largo-de-nuestra-historia\/' target='_blank' rel='nofollow'><img title='Enchilame' src='https:\/\/www.emiliosilveravazquez.com\/blog\/wp-content\/plugins\/knxdt-bookmarks-wordpress-plugin\/images\/enchilame.png'  alt='' class='book_img' border='none' style='margin:1px; padding: 0;'  \/><\/a><\/span><span class='pushbutton'><a href='http:\/\/www.blinklist.com\/index.php?Action=Blink\/addblink.php&amp;Description=&amp;Url=https%3A%2F%2Fwww.emiliosilveravazquez.com%2Fblog%2F2024%2F04%2F09%2Flos-eclipses-a-lo-largo-de-nuestra-historia%2F&amp;title=Los+eclipses+a+lo+largo+de+nuestra+Historia' title='BlinkList' target='_blank' rel='nofollow'><img src='https:\/\/www.emiliosilveravazquez.com\/blog\/wp-content\/plugins\/knxdt-bookmarks-wordpress-plugin\/images\/blinklist.png'  alt='' class='book_img' border='none' style='margin:1px; padding: 0;'  \/><\/a><\/span><span class='pushbutton'><a href='http:\/\/reddit.com\/submit?url=https%3A%2F%2Fwww.emiliosilveravazquez.com%2Fblog%2F2024%2F04%2F09%2Flos-eclipses-a-lo-largo-de-nuestra-historia%2F&amp;title=Los+eclipses+a+lo+largo+de+nuestra+Historia' title='Reddit' target='_blank' rel='nofollow'><img src='https:\/\/www.emiliosilveravazquez.com\/blog\/wp-content\/plugins\/knxdt-bookmarks-wordpress-plugin\/images\/reddit.png'  alt='' class='book_img' border='none' style='margin:1px; padding: 0;'  \/><\/a><\/span><span class='pushbutton'><a href='http:\/\/www.tecnologiadiaria.com\/2009\/07\/abrir-com-hotmail-correo.html' target='_blank' title='hotmail'><img src='https:\/\/www.emiliosilveravazquez.com\/blog\/wp-content\/plugins\/knxdt-bookmarks-wordpress-plugin\/images\/linklove.png' alt='hotmail correo' class='book_img' border='none' style='margin:1px; padding: 0;' \/><\/a><\/span><span class='pushbutton'><a href='http:\/\/bitacoras.com\/votar\/anotacion\/externo\/mini\/www.emiliosilveravazquez.com\/blog\/2024\/04\/09\/los-eclipses-a-lo-largo-de-nuestra-historia\/' title='Bitacoras.com' target='_blank' rel='nofollow'><img src='https:\/\/www.emiliosilveravazquez.com\/blog\/wp-content\/plugins\/knxdt-bookmarks-wordpress-plugin\/images\/bitacoras.png'  alt='' class='book_img' border='none' style='margin:1px; padding: 0;'  \/><\/a><\/span><span class='pushbutton'><a href='http:\/\/www.wikio.es\/vote?url=https%3A%2F%2Fwww.emiliosilveravazquez.com%2Fblog%2F2024%2F04%2F09%2Flos-eclipses-a-lo-largo-de-nuestra-historia%2F' title='Wikio' target='_blank' rel='nofollow'><img src='https:\/\/www.emiliosilveravazquez.com\/blog\/wp-content\/plugins\/knxdt-bookmarks-wordpress-plugin\/images\/wikio.png'   alt='' class='book_img' border='none' style='margin:1px; padding: 0;'   \/><\/a><\/span><span class='pushbutton'><a href='http:\/\/friendfeed.com\/?url=https%3A%2F%2Fwww.emiliosilveravazquez.com%2Fblog%2F2024%2F04%2F09%2Flos-eclipses-a-lo-largo-de-nuestra-historia%2F&amp;title=Los+eclipses+a+lo+largo+de+nuestra+Historia' title='Friend Feed' target='_blank' rel='nofollow'><img src='https:\/\/www.emiliosilveravazquez.com\/blog\/wp-content\/plugins\/knxdt-bookmarks-wordpress-plugin\/images\/friendfeed.png'  alt='' class='book_img' border='none' style='margin:1px; padding: 0;'  \/><\/a><\/span><span class='pushbutton'><a href='http:\/\/www.facebook.com\/share.php?u=https%3A%2F%2Fwww.emiliosilveravazquez.com%2Fblog%2F2024%2F04%2F09%2Flos-eclipses-a-lo-largo-de-nuestra-historia%2F&amp;t=Los+eclipses+a+lo+largo+de+nuestra+Historia' title='Facebook' target='_blank' rel='nofollow'><img src='https:\/\/www.emiliosilveravazquez.com\/blog\/wp-content\/plugins\/knxdt-bookmarks-wordpress-plugin\/images\/facebook.png'  alt='' class='book_img' border='none' style='margin:1px; padding: 0;'  \/><\/a><\/span><span class='pushbutton'><a href='http:\/\/twitter.com\/home?status=Los+eclipses+a+lo+largo+de+nuestra+Historia: https%3A%2F%2Fwww.emiliosilveravazquez.com%2Fblog%2F2024%2F04%2F09%2Flos-eclipses-a-lo-largo-de-nuestra-historia%2F' title='Twitter' target='_blank' rel='nofollow'><img src='https:\/\/www.emiliosilveravazquez.com\/blog\/wp-content\/plugins\/knxdt-bookmarks-wordpress-plugin\/images\/twitter.png'  alt='' class='book_img' border='none' style='margin:1px; padding: 0;'  \/><\/a><\/span><span class='pushbutton'><a href='http:\/\/www.feedburner.com\/fb\/a\/emailFlare?itemTitle=Los+eclipses+a+lo+largo+de+nuestra+Historia&amp;uri=https%3A%2F%2Fwww.emiliosilveravazquez.com%2Fblog%2F2024%2F04%2F09%2Flos-eclipses-a-lo-largo-de-nuestra-historia%2F' title='Enviar por Email' target='_blank' rel='nofollow'><img src='https:\/\/www.emiliosilveravazquez.com\/blog\/wp-content\/plugins\/knxdt-bookmarks-wordpress-plugin\/images\/email.png'  alt='' class='book_img' border='none' style='margin:1px; padding: 0;'  \/><\/a><\/span><span style='font-weight:bold; padding-left: 5px;'><a href='http:\/\/wordpress.org\/extend\/plugins\/knxdt-bookmarks-wordpress-plugin\/' title='Plugin' rel='nofollow' target='_blank'>[?]<\/a><\/span><\/td><\/tr><\/table><br\/><br\/><\/div>","protected":false},"excerpt":{"rendered":"<p>Presagios funestos: as\u00ed han explicado las diferentes culturas los eclipses a lo largo de la historia. Gracias a la ciencia, sabemos que el 8 de abril de 2024 gran parte de Norteam\u00e9rica experimentar\u00e1 un eclipse solar. El Sol, la Luna y la Tierra se alinear\u00e1n en ese orden, haciendo que la trayectoria de la sombra [&hellip;]<\/p>\n","protected":false},"author":2,"featured_media":0,"comment_status":"open","ping_status":"open","sticky":false,"template":"","format":"standard","meta":{"_s2mail":"","footnotes":""},"categories":[1],"tags":[],"_links":{"self":[{"href":"https:\/\/www.emiliosilveravazquez.com\/blog\/wp-json\/wp\/v2\/posts\/32449"}],"collection":[{"href":"https:\/\/www.emiliosilveravazquez.com\/blog\/wp-json\/wp\/v2\/posts"}],"about":[{"href":"https:\/\/www.emiliosilveravazquez.com\/blog\/wp-json\/wp\/v2\/types\/post"}],"author":[{"embeddable":true,"href":"https:\/\/www.emiliosilveravazquez.com\/blog\/wp-json\/wp\/v2\/users\/2"}],"replies":[{"embeddable":true,"href":"https:\/\/www.emiliosilveravazquez.com\/blog\/wp-json\/wp\/v2\/comments?post=32449"}],"version-history":[{"count":0,"href":"https:\/\/www.emiliosilveravazquez.com\/blog\/wp-json\/wp\/v2\/posts\/32449\/revisions"}],"wp:attachment":[{"href":"https:\/\/www.emiliosilveravazquez.com\/blog\/wp-json\/wp\/v2\/media?parent=32449"}],"wp:term":[{"taxonomy":"category","embeddable":true,"href":"https:\/\/www.emiliosilveravazquez.com\/blog\/wp-json\/wp\/v2\/categories?post=32449"},{"taxonomy":"post_tag","embeddable":true,"href":"https:\/\/www.emiliosilveravazquez.com\/blog\/wp-json\/wp\/v2\/tags?post=32449"}],"curies":[{"name":"wp","href":"https:\/\/api.w.org\/{rel}","templated":true}]}}