{"id":31486,"date":"2023-11-02T09:30:19","date_gmt":"2023-11-02T08:30:19","guid":{"rendered":"https:\/\/www.emiliosilveravazquez.com\/blog\/?p=31486"},"modified":"2023-11-02T09:30:19","modified_gmt":"2023-11-02T08:30:19","slug":"la-libertad-es-una-ficcion-cerebral-8","status":"publish","type":"post","link":"https:\/\/www.emiliosilveravazquez.com\/blog\/2023\/11\/02\/la-libertad-es-una-ficcion-cerebral-8\/","title":{"rendered":"La libertad es una ficci\u00f3n cerebral"},"content":{"rendered":"<div>\n<h2 style=\"text-align: justify;\">\u00a0\u00a0<a href=\"http:\/\/www.emiliosilveravazquez.com\/blog\/2013\/10\/14\/%c2%a1los-materiales-para-la-vida-2\/\" rel=\"prev\">\u00a1Los materiales para la vida!<\/a><\/h2>\n<\/div>\n<div style=\"text-align: justify;\"><a href=\"http:\/\/www.emiliosilveravazquez.com\/blog\/2013\/10\/15\/%c2%a1definir-la-ciencia-y-sus-curiosidades\/\" rel=\"next\">\u00a1Definir la Ciencia! \u00bfY sus curiosidades?<\/a><\/div>\n<h3 style=\"text-align: justify;\"><\/h3>\n<p style=\"text-align: justify;\"><img decoding=\"async\" src=\"https:\/\/mgmdenia.files.wordpress.com\/2014\/04\/fuerzas.jpg?w=584\" alt=\"Interacciones fundamentales de la naturaleza | Mgmdenia's Blog\" \/><img decoding=\"async\" src=\"https:\/\/encrypted-tbn2.gstatic.com\/images?q=tbn:ANd9GcQdmIDyjk5ksQuZFA0hexg_0Gd4ZfgIpIaz-_ulaMerfIDu-GqEEw\" alt=\"\" name=\"R3fS1tNsBvtBNM:\" data-src=\"https:\/\/encrypted-tbn2.gstatic.com\/images?q=tbn:ANd9GcQdmIDyjk5ksQuZFA0hexg_0Gd4ZfgIpIaz-_ulaMerfIDu-GqEEw\" data-sz=\"f\" \/><img decoding=\"async\" loading=\"lazy\" class=\"\" src=\"https:\/\/i.imgur.com\/LaScJzh.png\" width=\"319\" height=\"217\" \/><\/p>\n<p><img decoding=\"async\" loading=\"lazy\" class=\"\" src=\"https:\/\/i.imgur.com\/LA9iWLk.png\" width=\"623\" height=\"328\" \/><img decoding=\"async\" loading=\"lazy\" class=\"\" src=\"https:\/\/i.imgur.com\/CUe8OAN.png\" width=\"623\" height=\"321\" \/><img decoding=\"async\" src=\"https:\/\/kajabi-storefronts-production.kajabi-cdn.com\/kajabi-storefronts-production\/blogs\/21727\/images\/u3aKuftIQgadjamyk1Lc_fine-str._BarryEvans.jpeg\" alt=\"Qu\u00e9 es la Constante de Estructura Fina y C\u00f3mo la Calculan?\" \/><\/p>\n<p>&nbsp;<\/p>\n<p style=\"text-align: justify;\">Todo, en nuestro Universo, est\u00e1 determinado por unas fuerzas y unas constantes de cuyos n\u00fameros depende todo lo que aqu\u00ed sucede, sin excluir el comportamiento y evoluci\u00f3n de nuestras mentes que, al igual que el propio universo, no deja de expandirse y crecer para que, alg\u00fan d\u00eda, muy lejos en el futuro, se pueda fundir con la materia expresada en su m\u00e1s alto grado: \u00a1La Luz! Todo en el Universo es energ\u00eda y, nosotros, tambi\u00e9n.<\/p>\n<p>&nbsp;<\/p>\n<p><img decoding=\"async\" src=\"https:\/\/i.imgur.com\/HOPtWyO.png\" \/><\/p>\n<p>&nbsp;<\/p>\n<p style=\"text-align: justify;\">Todo en nuestro Universo se comporta como determinan dos fuerzas contrapuestas, en el \u00e1tomo est\u00e1n presentes la carga el\u00e9ctrica positiva del n\u00facleo que est\u00e1 equilibrada por la negativa de los <a href=\"#\" onclick=\"referencia('electron',event); return false;\">electrones<\/a> que lo orbitan. Las estrellas de la secuencia principal, llevan a cabo la fusi\u00f3n nuclear que hace que la estrella se expanda, y, s\u00f3lo puede ser retenida por esa otra fuerza, la de Gravedad que, hace que la masa de la estrella tienda a contraerse sobre s\u00ed misma, bajo el peso de su propia masa, as\u00ed queda equilibrada. Miles de ejemplos m\u00e1s se podr\u00edan poner.<\/p>\n<p>&nbsp;<\/p>\n<p><img decoding=\"async\" loading=\"lazy\" class=\"\" src=\"https:\/\/i.imgur.com\/tgnPpEI.png\" width=\"349\" height=\"352\" \/><img decoding=\"async\" src=\"https:\/\/i.imgur.com\/VLg1Wki.png\" \/><\/p>\n<p><strong>\u00a0 \u00a0 \u00a0 \u00a0 \u00a0 \u00a0 \u00a0 \u00a0 \u00a0 \u00a0 \u00a0 \u00a0 \u00a0 \u00a0 \u00a0 \u00a0 \u00a0 \u00a0 \u00a0Dos fuerzas contrapuestas alcanzan el equilibrio<\/strong><\/p>\n<p style=\"text-align: justify;\">Nada en nuestro Universo est\u00e1 disfrutando de una verdadera libertad y todo est\u00e1 supeditado a algo. Tampoco nosotros, aunque tengamos esa sensaci\u00f3n, somos libre de hacer lo que nos venga en ganas y, estamos limitados como todas las dem\u00e1s cosas. El &#8220;libre albedrio&#8221; es una ficci\u00f3n, \u00a1estamos atados por tantas cosas!<\/p>\n<p>&nbsp;<\/p>\n<p style=\"text-align: justify;\">\u00a0 \u00a0 \u00a0 \u00a0 \u00a0 \u00a0 \u00a0 \u00a0 \u00a0 \u00a0 \u00a0 \u00a0 \u00a0 \u00a0 \u00a0 \u00a0 \u00a0 <img decoding=\"async\" loading=\"lazy\" class=\"\" src=\"https:\/\/banderag.files.wordpress.com\/2012\/03\/ley.png\" alt=\"\" width=\"494\" height=\"213\" \/><\/p>\n<div>\n<h3 style=\"text-align: justify;\">Estamos determinados, como el resto del Universo, por las leyes naturales<\/h3>\n<p style=\"text-align: justify;\">La libertad es una ficci\u00f3n cerebral, seg\u00fan confirman las \u00faltimas investigaciones sobre neurociencias. Estas investigaciones han determinado que la actividad cerebral previa a un movimiento, realizado por el sujeto en un tiempo por \u00e9l elegido, es muy anterior (<a id=\"_GPLITA_0\" title=\"Click to Continue &gt; by Savings Wave\" href=\"http:\/\/www.emiliosilveravazquez.com\/blog\/2013\/10\/14\/la-libertad-es-una-ficcion-cerebral\/#\">hasta<img decoding=\"async\" src=\"http:\/\/savingswave-a.akamaihd.net\/items\/it\/img\/arrow-10x10.png\" alt=\"\" \/><\/a>\u00a010 segundos) a la impresi\u00f3n subjetiva del propio sujeto de que va a realizar ese movimiento. Y aunque la falta de libertad es algo contraintuitivo, los experimentos indican que estamos determinados por las leyes de la Naturaleza. Por eso en Alemania algunos especialistas est\u00e1n reclamando la revisi\u00f3n del c\u00f3digo penal para adecuarlo a los resultados de la neurociencia. Y aunque sigamos encarcelando a los que violen las leyes, \u00bfcambiar\u00e1 la imagen que tenemos tanto de esos criminales como de nosotros mismos?<\/p>\n<p style=\"text-align: justify;\">\n<\/div>\n<p><img decoding=\"async\" loading=\"lazy\" class=\"\" src=\"https:\/\/lamenteesmaravillosa.com\/wp-content\/uploads\/2021\/01\/mente-iluminada-1024x683.jpg\" alt=\"T\u00e9cnicas psicol\u00f3gicas para controlar los impulsos\" width=\"336\" height=\"224\" \/><img decoding=\"async\" loading=\"lazy\" class=\"\" src=\"https:\/\/i0.wp.com\/www.psicologiaysaludsevilla.com\/wp-content\/uploads\/2018\/07\/Control-de-impulsos-Agresividad-Psicoterapia-en-Sevilla2-e1532596198526.jpg?resize=400%2C267&amp;ssl=1\" alt=\"Control de impulsos \u2013 Psicoterapia en Sevilla\" width=\"333\" height=\"222\" \/><\/p>\n<div>\n<p style=\"text-align: justify;\">\u00a0\u00a0\u00a0<strong>\u00a0 \u00a0 \u00a0 \u00a0 \u00a0 \u00a0 \u00a0 \u00a0 \u00a0 \u00a0 \u00a0 \u00a0 \u00a0 \u00a0 No siempre podemos dominar los impulsos de la mente<\/strong><\/p>\n<p style=\"text-align: justify;\">No pocas veces, nuestras mentes se ven abocadas a tener que retener, ese primer impulso, esa iniciativa de libertad, o, de libre albedr\u00edo. La complejidad en la que estamos inmersos nos prohibe, en la mayor parte de las ocasiones, poder desarrollar y poner en pr\u00e1ctica ese \u201c<a id=\"_GPLITA_1\" title=\"Click to Continue &gt; by Savings Wave\" href=\"http:\/\/www.emiliosilveravazquez.com\/blog\/2013\/10\/14\/la-libertad-es-una-ficcion-cerebral\/#\">estado<img decoding=\"async\" src=\"http:\/\/savingswave-a.akamaihd.net\/items\/it\/img\/arrow-10x10.png\" alt=\"\" \/><\/a> de libertad\u201d que \u00bfnos fue dado? pero que, en realidad, podr\u00eda ser una ficci\u00f3n de la mente. Decidir lo que se dice decidir\u2026, como todo en el universo, es algo limitado.<\/p>\n<p>&nbsp;<\/p>\n<\/div>\n<p>&nbsp;<\/p>\n<p><img decoding=\"async\" src=\"https:\/\/4.bp.blogspot.com\/-E6y6yeNKR14\/Tiw-imkUzKI\/AAAAAAAAASA\/110Q9LzqC8A\/s1600\/lagrimas.png\" alt=\"Cosas que pasan : Blog de Emilio Silvera V.\" \/><\/p>\n<p><strong>\u00a0 \u00a0 \u00a0 \u00a0 \u00a0 \u00a0 \u00a0 \u00a0 \u00a0 \u00a0 \u00a0 \u00a0 \u00a0 El Amor, si no se cuida, es tan ef\u00edmero como la llama de la vela<\/strong><\/p>\n<p><img decoding=\"async\" src=\"https:\/\/i.pinimg.com\/originals\/56\/03\/d5\/5603d571f1b289b23f030f68704d5934.gif\" alt=\"GIFS VELAS | Imagenes de velas encendidas, Luz de velas, Marcos para fotos\" \/><\/p>\n<p>&nbsp;<\/p>\n<div>\n<p style=\"text-align: justify;\">Claro que pretender que la llama de una vela ilumine nuestra ignorancia\u2026, no ser\u00e1 posible y necesitaremos algo m\u00e1s. La evoluci\u00f3n de nuestra especie (llevamos cientos de miles de a\u00f1os evolucionando), es lenta y\u00a0<a id=\"_GPLITA_2\" title=\"Click to Continue &gt; by Savings Wave\" href=\"http:\/\/www.emiliosilveravazquez.com\/blog\/2013\/10\/14\/la-libertad-es-una-ficcion-cerebral\/#\">hasta<img decoding=\"async\" src=\"http:\/\/savingswave-a.akamaihd.net\/items\/it\/img\/arrow-10x10.png\" alt=\"\" \/><\/a>\u00a0alcanzar el estadio de \u201cvisi\u00f3n\u201d perfecta del mundo, nos queda un largo camino por recorrer.<\/p>\n<p>&nbsp;<\/p>\n<p style=\"text-align: justify;\">\u00a0 \u00a0 \u00a0 \u00a0 \u00a0 \u00a0 \u00a0 \u00a0 \u00a0 \u00a0 \u00a0 <img decoding=\"async\" loading=\"lazy\" class=\"\" src=\"https:\/\/hips.hearstapps.com\/es.h-cdn.co\/quoes\/images\/ciencia\/la-isla-donde-se-mira-al-universo\/870271-1-esl-ES\/la-isla-donde-se-mira-al-universo.jpg?crop=1xw:0.6666666666666666xh;center,top&amp;resize=480:*\" alt=\"Resultado de imagen de Cerrar los ojos ante los muchos secretos del universo\" width=\"550\" height=\"275\" \/><\/p>\n<p style=\"text-align: justify;\">Lo que no podemos ver con el ojo desnudo, tratamos de localizarlo con grandes ingenios, ojos artificiales que nos traen im\u00e1genes misteriosas del lejano Universo. Si el astr\u00f3nomo nos hablara nos podr\u00eda decir:<\/p>\n<blockquote>\n<p style=\"text-align: justify;\">&#8220;El viento me golpea como si tuviera algo contra m\u00ed, y su estruendo puede llegar a ser enloquecedor. A 2.400 metros de altura sobre el nivel del mar hace fr\u00edo, a pesar del sol radiante. Aun as\u00ed, prefiero remontar a pie la pendiente para llegar a los observatorios astron\u00f3micos donde se abren ventanas al cosmos. Si hay suerte, ver\u00e9 el mar de nubes que llena la vista hasta el horizonte. Hacia donde gire, de d\u00eda o de noche, el espect\u00e1culo confirma lo que pienso de una buena lectura y de la investigaci\u00f3n cient\u00edfica: solo lo dif\u00edcil es bello.&#8221;<\/p>\n<\/blockquote>\n<\/div>\n<p>&nbsp;<\/p>\n<p>&nbsp;<\/p>\n<div>\n<blockquote><p>\u00a0 \u00a0 \u00a0 \u00a0 \u00a0 \u00a0 \u00a0 <img decoding=\"async\" loading=\"lazy\" class=\"\" src=\"https:\/\/i.imgur.com\/zXDDggS.png\" width=\"530\" height=\"341\" \/><\/p>\n<h1 class=\"cs-entry__title cs-entry__title-line\">\u201cLo peor de la ignorancia no es la ausencia de conocimiento, sino negarse a adquirirlo\u201d.<\/h1>\n<p style=\"text-align: justify;\">&#8230;\u00a0 cerrar los ojos ante la inmensa ignorancia que tenemos que soportar en relaci\u00f3n a muchos secretos del Universo a los que no podemos dar explicaci\u00f3n&#8230; \u00a1No podemos!\u00a0Entre las muchas teor\u00edas que tratan de explicar la naturaleza de la energ\u00eda oscura se encuentran la quintaesencia y los campos fantasmas, dos hip\u00f3tesis formuladas a partir de los datos de sat\u00e9lites como Planck y WMAP. Ambas posibilidades son solo un espejismo en las observaciones y es el vac\u00edo cu\u00e1ntico el que podr\u00eda estar detr\u00e1s de esa energ\u00eda que mueve nuestro universo.<\/p>\n<p>&nbsp;<\/p>\n<p><img decoding=\"async\" src=\"https:\/\/neofronteras.com\/wp-content\/photos\/particulas_SM.jpg\" alt=\"NeoFronteras \u00bb Resaca Higgs - Portada -\" \/><\/p>\n<p style=\"text-align: justify;\">&#8220;El <b>modelo de part\u00edculas<\/b>\u00a0es una\u00a0<a title=\"Teor\u00eda cu\u00e1ntica de campos\" href=\"https:\/\/es.wikipedia.org\/wiki\/Teor%C3%ADa_cu%C3%A1ntica_de_campos\">teor\u00eda cu\u00e1ntica de campos<\/a>\u200b desarrollada entre\u00a0<a title=\"1970\" href=\"https:\/\/es.wikipedia.org\/wiki\/1970\">1970<\/a>\u00a0y\u00a0<a title=\"1973\" href=\"https:\/\/es.wikipedia.org\/wiki\/1973\">1973<\/a> \u00a0basada en las ideas de la unificaci\u00f3n y simetr\u00edas\u00a0que describe la estructura fundamental de la\u00a0<a title=\"Materia\" href=\"https:\/\/es.wikipedia.org\/wiki\/Materia\">materia<\/a>\u00a0y el\u00a0<a title=\"Vac\u00edo cu\u00e1ntico\" href=\"https:\/\/es.wikipedia.org\/wiki\/Vac%C3%ADo_cu%C3%A1ntico\">vac\u00edo<\/a>\u00a0considerando las\u00a0<a title=\"Part\u00edcula elemental\" href=\"https:\/\/es.wikipedia.org\/wiki\/Part%C3%ADcula_elemental\">part\u00edculas elementales<\/a>\u00a0como entes irreducibles y como &#8216;cuantos&#8217; de los campos (paquetes de la energ\u00eda y el impulso de los campos) cuya\u00a0<a title=\"Cinem\u00e1tica\" href=\"https:\/\/es.wikipedia.org\/wiki\/Cinem%C3%A1tica\">cinem\u00e1tica<\/a>\u00a0est\u00e1 regida por las cuatro\u00a0<a title=\"Interacciones fundamentales\" href=\"https:\/\/es.wikipedia.org\/wiki\/Interacciones_fundamentales\">interacciones fundamentales<\/a>\u00a0conocidas (exceptuando la gravedad, cuya principal teor\u00eda, la\u00a0<a title=\"Relatividad general\" href=\"https:\/\/es.wikipedia.org\/wiki\/Relatividad_general\"><a href=\"#\" onclick=\"referencia('relatividad',event); return false;\">relatividad<\/a> general<\/a>, no encaja con los modelos matem\u00e1ticos del mundo cu\u00e1ntico).\u00a0La palabra &#8220;modelo&#8221; en el nombre viene de la d\u00e9cada de 1970 cuando no hab\u00eda suficiente evidencia experimental que confirmara el modelo.\u00a0Hasta la fecha, casi todas las pruebas experimentales de las tres fuerzas descritas por el modelo est\u00e1ndar est\u00e1n de acuerdo con sus predicciones. Sin embargo el modelo est\u00e1ndar no alcanza a ser una teor\u00eda completa de las interacciones fundamentales debido a\u00a0<a href=\"https:\/\/es.wikipedia.org\/wiki\/Modelo_est%C3%A1ndar_de_la_f%C3%ADsica_de_part%C3%ADculas#Insuficiencias_del_modelo_est%C3%A1ndar\">varias cuestiones sin resolver<\/a>.&#8221;<\/p>\n<\/blockquote>\n<\/div>\n<p>&nbsp;<\/p>\n<p><img decoding=\"async\" src=\"https:\/\/lepton1x.files.wordpress.com\/2013\/07\/leptonesquarks.jpg\" alt=\"Leptones y Quarks: \u00bfLas part\u00edculas fundamentales? | Leptonix\" \/><\/p>\n<p><strong>Todo lo que est\u00e1 hecho de materia est\u00e1 conformado por estas dos familias de part\u00edculas<\/strong><\/p>\n<div>\n<p style=\"text-align: justify;\">Sabemos (casi) de que est\u00e1 hecha la materia que podemos ver y detectar, suponemos y sospechamos que otra materia (m\u00e1s abundante) pulula por todo el Universo sin que podamos encontrarla, sospechamos de otras dimensiones, de otros universos y,\u00a0<a id=\"_GPLITA_3\" title=\"Click to Continue &gt; by Savings Wave\" href=\"http:\/\/www.emiliosilveravazquez.com\/blog\/2013\/10\/14\/la-libertad-es-una-ficcion-cerebral\/#\">desde<img decoding=\"async\" src=\"http:\/\/savingswave-a.akamaihd.net\/items\/it\/img\/arrow-10x10.png\" alt=\"\" \/><\/a>\u00a0luego, de otra F\u00edsica. S\u00ed, es verdad, todas son sospechas y, las sospechas en F\u00edsica\u2026tienen que ser demostradas, ya que, en caso contrario, se quedan en nada, en pensamientos vac\u00edos.<\/p>\n<p>&nbsp;<\/p>\n<\/div>\n<p><img decoding=\"async\" loading=\"lazy\" class=\"\" src=\"https:\/\/i.imgur.com\/AVrOWee.png\" width=\"568\" height=\"230\" \/><\/p>\n<blockquote>\n<p style=\"text-align: justify;\"><span id=\"speechify-first-word-listening-nudge-2\">&#8220;Si bien es<\/span>\u00a0cierto que en el \u00faltimo siglo se han hecho enormes avances cient\u00edficos, nuestro conocimiento de la naturaleza dista mucho de ser completo. La comunidad cient\u00edfica no solo no ha encontrado el\u00a0<a title=\" Santo Grial de la f\u00edsica \" href=\"https:\/\/www.abc.es\/ciencia\/abci-particulas-cuanticas-vuelven-derribar-mundo-feliz-einstein-201607192118_noticia.html\" data-voc-vtm-id=\"in-text-traffic\" data-mrf-link=\"https:\/\/www.abc.es\/ciencia\/abci-particulas-cuanticas-vuelven-derribar-mundo-feliz-einstein-201607192118_noticia.html\">Santo Grial de la f\u00edsica\u00a0<\/a>\u2013el que unifica lo muy grande (<a href=\"#\" onclick=\"referencia('relatividad',event); return false;\">relatividad<\/a> general) con lo muy peque\u00f1o (mec\u00e1nica cu\u00e1ntica)\u2013, sino que sigue sin saber\u00a0<a title=\" de qu\u00e9 est\u00e1 compuesta la inmensa mayor\u00eda del universo \" href=\"https:\/\/www.abc.es\/ciencia\/abci-materia-oscura-podria-anterior-bang-201908142045_noticia.html\" data-voc-vtm-id=\"in-text-traffic\" data-mrf-link=\"https:\/\/www.abc.es\/ciencia\/abci-materia-oscura-podria-anterior-bang-201908142045_noticia.html\">de qu\u00e9 est\u00e1 compuesta la inmensa mayor\u00eda del universo\u00a0<\/a>. La\u00a0<a title=\" teor\u00eda del todo \" href=\"https:\/\/www.abc.es\/ciencia\/cientificos-aseguran-poder-probar-201009070000_noticia.html\" data-voc-vtm-id=\"in-text-traffic\" data-mrf-link=\"https:\/\/www.abc.es\/ciencia\/cientificos-aseguran-poder-probar-201009070000_noticia.html\">teor\u00eda del todo\u00a0<\/a>que se est\u00e1 intentando elaborar sigue siendo escurridiza. Y tambi\u00e9n hay otros rompecabezas que a\u00fan est\u00e1n sin resolver, como, por ejemplo, el proceso por el que<strong> la conciencia surge de la simple materia.&#8221;<\/strong><\/p>\n<\/blockquote>\n<p>&nbsp;<\/p>\n<p><img decoding=\"async\" loading=\"lazy\" class=\"\" src=\"https:\/\/imagenes.muyinteresante.es\/files\/article_social_75\/uploads\/2022\/10\/11\/63457dafcf9e0.jpeg\" alt=\"20 curiosidades sobre el cerebro humano que te sorprender\u00e1n\" width=\"618\" height=\"325\" \/><\/p>\n<p><strong>\u00a0 \u00a0 \u00a0 \u00a0 \u00a0 \u00a0 \u00a0 \u00a0 \u00a0 \u00a0 \u00a0 \u00a0 \u00a0 \u00a0 \u00a0 \u00a0 \u00a0 \u00a0 Podr\u00eda ser la estructura m\u00e1s compleja del Universo<\/strong><\/p>\n<div>\n<p style=\"text-align: justify;\">Sospecho que, nuestros conocimientos de la Mente\u2026son muy limitados y que todo esto, nos viene grande. Mientras sigamos preguntando: \u00bfQui\u00e9nes somos? \u00bfDe d\u00f3nde venimos? \u00bf<a id=\"_GPLITA_4\" title=\"Click to Continue &gt; by Savings Wave\" href=\"http:\/\/www.emiliosilveravazquez.com\/blog\/2013\/10\/14\/la-libertad-es-una-ficcion-cerebral\/#\">Hacia<img decoding=\"async\" src=\"http:\/\/savingswave-a.akamaihd.net\/items\/it\/img\/arrow-10x10.png\" alt=\"\" \/><\/a>\u00a0d\u00f3nde vamos? \u00bfEstamos s\u00f3los en el Universo? Estamos dejando al descubierto nuestra gran ignorancia pero, el simple hecho de preguntar y de querer saber\u2026nos pone en el camino correcto.<\/p>\n<p style=\"text-align: justify;\">Y, a todo esto, cada cual tiene su propio escenario del &#8220;mundo&#8221;<\/p>\n<p style=\"text-align: justify;\">emilio silvera<\/p>\n<\/div>\n<div class='bookmark'>\r\n\t\t<table align='left' border='0' cellpadding='0' width='100%'>\r\n\t\t<tr><td><span class='pushbutton'><a href='http:\/\/delicious.com\/post?url=https%3A%2F%2Fwww.emiliosilveravazquez.com%2Fblog%2F2023%2F11%2F02%2Fla-libertad-es-una-ficcion-cerebral-8%2F&amp;title=La+libertad+es+una+ficci%C3%B3n+cerebral' title='Delicious' target='_blank' rel='nofollow'><img src='https:\/\/www.emiliosilveravazquez.com\/blog\/wp-content\/plugins\/knxdt-bookmarks-wordpress-plugin\/images\/delicious.png'  alt='' class='book_img' border='none' style='margin:1px; padding: 0;'  \/><\/a><\/span><span class='pushbutton'><a href='http:\/\/digg.com\/submit?url=https%3A%2F%2Fwww.emiliosilveravazquez.com%2Fblog%2F2023%2F11%2F02%2Fla-libertad-es-una-ficcion-cerebral-8%2F&amp;title=La+libertad+es+una+ficci%C3%B3n+cerebral' title='Digg' target='_blank' rel='nofollow'><img src='https:\/\/www.emiliosilveravazquez.com\/blog\/wp-content\/plugins\/knxdt-bookmarks-wordpress-plugin\/images\/digg.png'  alt='' class='book_img' border='none' style='margin:1px; padding: 0;'  \/><\/a><\/span><span class='pushbutton'><a href='http:\/\/www.google.com\/bookmarks\/mark?op=edit&amp;bkmk=https%3A%2F%2Fwww.emiliosilveravazquez.com%2Fblog%2F2023%2F11%2F02%2Fla-libertad-es-una-ficcion-cerebral-8%2F&amp;title=La+libertad+es+una+ficci%C3%B3n+cerebral' title='Google' target='_blank' rel='nofollow'><img src='https:\/\/www.emiliosilveravazquez.com\/blog\/wp-content\/plugins\/knxdt-bookmarks-wordpress-plugin\/images\/google.png'   alt='' class='book_img' border='none' style='margin:1px; padding: 0;'  \/><\/a><\/span><span class='pushbutton'><a href='http:\/\/myweb2.search.yahoo.com\/myresults\/bookmarklet?u=https%3A%2F%2Fwww.emiliosilveravazquez.com%2Fblog%2F2023%2F11%2F02%2Fla-libertad-es-una-ficcion-cerebral-8%2F&amp;t=La+libertad+es+una+ficci%C3%B3n+cerebral' title='Yahoo' target='_blank' rel='nofollow'><img src='https:\/\/www.emiliosilveravazquez.com\/blog\/wp-content\/plugins\/knxdt-bookmarks-wordpress-plugin\/images\/yahoo.png'  alt='' class='book_img' border='none' style='margin:1px; padding: 0;'  \/><\/a><\/span><span class='pushbutton'><a href='http:\/\/www.technorati.com\/faves?add=https%3A%2F%2Fwww.emiliosilveravazquez.com%2Fblog%2F2023%2F11%2F02%2Fla-libertad-es-una-ficcion-cerebral-8%2F' title='Technorati' target='_blank' rel='nofollow'><img src='https:\/\/www.emiliosilveravazquez.com\/blog\/wp-content\/plugins\/knxdt-bookmarks-wordpress-plugin\/images\/technorati.png'  alt='' class='book_img' border='none' style='margin:1px; padding: 0;'  \/><\/a><\/span><span class='pushbutton'><a href='http:\/\/meneame.net\/submit.php?url=https%3A%2F%2Fwww.emiliosilveravazquez.com%2Fblog%2F2023%2F11%2F02%2Fla-libertad-es-una-ficcion-cerebral-8%2F' title='Meneame' target='_blank' rel='nofollow'><img src='https:\/\/www.emiliosilveravazquez.com\/blog\/wp-content\/plugins\/knxdt-bookmarks-wordpress-plugin\/images\/meneame.png'  alt='' class='book_img' border='none' style='margin:1px; padding: 0;'  \/><\/a><\/span><span class='pushbutton'><a href='http:\/\/enchilame.com\/submit.php?url=https:\/\/www.emiliosilveravazquez.com\/blog\/2023\/11\/02\/la-libertad-es-una-ficcion-cerebral-8\/' target='_blank' rel='nofollow'><img title='Enchilame' src='https:\/\/www.emiliosilveravazquez.com\/blog\/wp-content\/plugins\/knxdt-bookmarks-wordpress-plugin\/images\/enchilame.png'  alt='' class='book_img' border='none' style='margin:1px; padding: 0;'  \/><\/a><\/span><span class='pushbutton'><a href='http:\/\/www.blinklist.com\/index.php?Action=Blink\/addblink.php&amp;Description=&amp;Url=https%3A%2F%2Fwww.emiliosilveravazquez.com%2Fblog%2F2023%2F11%2F02%2Fla-libertad-es-una-ficcion-cerebral-8%2F&amp;title=La+libertad+es+una+ficci%C3%B3n+cerebral' title='BlinkList' target='_blank' rel='nofollow'><img src='https:\/\/www.emiliosilveravazquez.com\/blog\/wp-content\/plugins\/knxdt-bookmarks-wordpress-plugin\/images\/blinklist.png'  alt='' class='book_img' border='none' style='margin:1px; padding: 0;'  \/><\/a><\/span><span class='pushbutton'><a href='http:\/\/reddit.com\/submit?url=https%3A%2F%2Fwww.emiliosilveravazquez.com%2Fblog%2F2023%2F11%2F02%2Fla-libertad-es-una-ficcion-cerebral-8%2F&amp;title=La+libertad+es+una+ficci%C3%B3n+cerebral' title='Reddit' target='_blank' rel='nofollow'><img src='https:\/\/www.emiliosilveravazquez.com\/blog\/wp-content\/plugins\/knxdt-bookmarks-wordpress-plugin\/images\/reddit.png'  alt='' class='book_img' border='none' style='margin:1px; padding: 0;'  \/><\/a><\/span><span class='pushbutton'><a href='http:\/\/www.tecnologiadiaria.com\/2009\/07\/abrir-com-hotmail-correo.html' target='_blank' title='hotmail'><img src='https:\/\/www.emiliosilveravazquez.com\/blog\/wp-content\/plugins\/knxdt-bookmarks-wordpress-plugin\/images\/linklove.png' alt='hotmail correo' class='book_img' border='none' style='margin:1px; padding: 0;' \/><\/a><\/span><span class='pushbutton'><a href='http:\/\/bitacoras.com\/votar\/anotacion\/externo\/mini\/www.emiliosilveravazquez.com\/blog\/2023\/11\/02\/la-libertad-es-una-ficcion-cerebral-8\/' title='Bitacoras.com' target='_blank' rel='nofollow'><img src='https:\/\/www.emiliosilveravazquez.com\/blog\/wp-content\/plugins\/knxdt-bookmarks-wordpress-plugin\/images\/bitacoras.png'  alt='' class='book_img' border='none' style='margin:1px; padding: 0;'  \/><\/a><\/span><span class='pushbutton'><a href='http:\/\/www.wikio.es\/vote?url=https%3A%2F%2Fwww.emiliosilveravazquez.com%2Fblog%2F2023%2F11%2F02%2Fla-libertad-es-una-ficcion-cerebral-8%2F' title='Wikio' target='_blank' rel='nofollow'><img src='https:\/\/www.emiliosilveravazquez.com\/blog\/wp-content\/plugins\/knxdt-bookmarks-wordpress-plugin\/images\/wikio.png'   alt='' class='book_img' border='none' style='margin:1px; padding: 0;'   \/><\/a><\/span><span class='pushbutton'><a href='http:\/\/friendfeed.com\/?url=https%3A%2F%2Fwww.emiliosilveravazquez.com%2Fblog%2F2023%2F11%2F02%2Fla-libertad-es-una-ficcion-cerebral-8%2F&amp;title=La+libertad+es+una+ficci%C3%B3n+cerebral' title='Friend Feed' target='_blank' rel='nofollow'><img src='https:\/\/www.emiliosilveravazquez.com\/blog\/wp-content\/plugins\/knxdt-bookmarks-wordpress-plugin\/images\/friendfeed.png'  alt='' class='book_img' border='none' style='margin:1px; padding: 0;'  \/><\/a><\/span><span class='pushbutton'><a href='http:\/\/www.facebook.com\/share.php?u=https%3A%2F%2Fwww.emiliosilveravazquez.com%2Fblog%2F2023%2F11%2F02%2Fla-libertad-es-una-ficcion-cerebral-8%2F&amp;t=La+libertad+es+una+ficci%C3%B3n+cerebral' title='Facebook' target='_blank' rel='nofollow'><img src='https:\/\/www.emiliosilveravazquez.com\/blog\/wp-content\/plugins\/knxdt-bookmarks-wordpress-plugin\/images\/facebook.png'  alt='' class='book_img' border='none' style='margin:1px; padding: 0;'  \/><\/a><\/span><span class='pushbutton'><a href='http:\/\/twitter.com\/home?status=La+libertad+es+una+ficci%C3%B3n+cerebral: https%3A%2F%2Fwww.emiliosilveravazquez.com%2Fblog%2F2023%2F11%2F02%2Fla-libertad-es-una-ficcion-cerebral-8%2F' title='Twitter' target='_blank' rel='nofollow'><img src='https:\/\/www.emiliosilveravazquez.com\/blog\/wp-content\/plugins\/knxdt-bookmarks-wordpress-plugin\/images\/twitter.png'  alt='' class='book_img' border='none' style='margin:1px; padding: 0;'  \/><\/a><\/span><span class='pushbutton'><a href='http:\/\/www.feedburner.com\/fb\/a\/emailFlare?itemTitle=La+libertad+es+una+ficci%C3%B3n+cerebral&amp;uri=https%3A%2F%2Fwww.emiliosilveravazquez.com%2Fblog%2F2023%2F11%2F02%2Fla-libertad-es-una-ficcion-cerebral-8%2F' title='Enviar por Email' target='_blank' rel='nofollow'><img src='https:\/\/www.emiliosilveravazquez.com\/blog\/wp-content\/plugins\/knxdt-bookmarks-wordpress-plugin\/images\/email.png'  alt='' class='book_img' border='none' style='margin:1px; padding: 0;'  \/><\/a><\/span><span style='font-weight:bold; padding-left: 5px;'><a href='http:\/\/wordpress.org\/extend\/plugins\/knxdt-bookmarks-wordpress-plugin\/' title='Plugin' rel='nofollow' target='_blank'>[?]<\/a><\/span><\/td><\/tr><\/table><br\/><br\/><\/div>","protected":false},"excerpt":{"rendered":"<p>\u00a0\u00a0\u00a1Los materiales para la vida! \u00a1Definir la Ciencia! \u00bfY sus curiosidades? &nbsp; Todo, en nuestro Universo, est\u00e1 determinado por unas fuerzas y unas constantes de cuyos n\u00fameros depende todo lo que aqu\u00ed sucede, sin excluir el comportamiento y evoluci\u00f3n de nuestras mentes que, al igual que el propio universo, no deja de expandirse y crecer [&hellip;]<\/p>\n","protected":false},"author":2,"featured_media":0,"comment_status":"open","ping_status":"open","sticky":false,"template":"","format":"standard","meta":{"_s2mail":"","footnotes":""},"categories":[1],"tags":[],"_links":{"self":[{"href":"https:\/\/www.emiliosilveravazquez.com\/blog\/wp-json\/wp\/v2\/posts\/31486"}],"collection":[{"href":"https:\/\/www.emiliosilveravazquez.com\/blog\/wp-json\/wp\/v2\/posts"}],"about":[{"href":"https:\/\/www.emiliosilveravazquez.com\/blog\/wp-json\/wp\/v2\/types\/post"}],"author":[{"embeddable":true,"href":"https:\/\/www.emiliosilveravazquez.com\/blog\/wp-json\/wp\/v2\/users\/2"}],"replies":[{"embeddable":true,"href":"https:\/\/www.emiliosilveravazquez.com\/blog\/wp-json\/wp\/v2\/comments?post=31486"}],"version-history":[{"count":0,"href":"https:\/\/www.emiliosilveravazquez.com\/blog\/wp-json\/wp\/v2\/posts\/31486\/revisions"}],"wp:attachment":[{"href":"https:\/\/www.emiliosilveravazquez.com\/blog\/wp-json\/wp\/v2\/media?parent=31486"}],"wp:term":[{"taxonomy":"category","embeddable":true,"href":"https:\/\/www.emiliosilveravazquez.com\/blog\/wp-json\/wp\/v2\/categories?post=31486"},{"taxonomy":"post_tag","embeddable":true,"href":"https:\/\/www.emiliosilveravazquez.com\/blog\/wp-json\/wp\/v2\/tags?post=31486"}],"curies":[{"name":"wp","href":"https:\/\/api.w.org\/{rel}","templated":true}]}}