{"id":29654,"date":"2023-02-07T14:55:25","date_gmt":"2023-02-07T13:55:25","guid":{"rendered":"http:\/\/www.emiliosilveravazquez.com\/blog\/?p=29654"},"modified":"2023-02-07T14:55:25","modified_gmt":"2023-02-07T13:55:25","slug":"sabremos-algun-dia-lo-que-el-tiempo-es","status":"publish","type":"post","link":"https:\/\/www.emiliosilveravazquez.com\/blog\/2023\/02\/07\/sabremos-algun-dia-lo-que-el-tiempo-es\/","title":{"rendered":"\u00bfSabremos alg\u00fan d\u00eda lo que el Tiempo es?"},"content":{"rendered":"<p><iframe loading=\"lazy\" title=\"\u00bfQu\u00e9 es el tiempo seg\u00fan la filosof\u00eda? | III. Arist\u00f3teles 10 | T03 E10\" width=\"500\" height=\"281\" src=\"https:\/\/www.youtube.com\/embed\/qaITY3lmW8Y?feature=oembed\" frameborder=\"0\" allow=\"accelerometer; autoplay; clipboard-write; encrypted-media; gyroscope; picture-in-picture; web-share\" allowfullscreen><\/iframe><\/p>\n<p style=\"text-align: justify;\"><strong>He le\u00eddo, llevado por la curiosidad, las definiciones que del Tiempo han hecho muchos fil\u00f3sofos tanto antiguos como modernos, f\u00edsicos y matem\u00e1ticos y tambi\u00e9n grandes pensadores. Cada una de ellas, han se\u00f1alado alg\u00fan punto importante de dicho concepto \u00bff\u00edsico?,\u00a0y, ninguna me ha dejado totalmente satisfecho, siempre parec\u00eda faltar alguna cosa importante que dejaba incompleto el definido &#8220;ente&#8221; temporal.<\/strong><\/p>\n<p><strong>\u00a0 \u00a0 \u00a0 \u00a0 \u00a0 \u00a0 \u00a0 \u00a0 \u00a0 \u00a0 \u00a0 \u00a0 \u00a0 \u00a0 \u00a0 \u00a0 \u00a0 \u00a0 \u00a0 \u00a0 \u00a0 \u00a0 \u00a0 \u00a0 <img decoding=\"async\" loading=\"lazy\" class=\"\" src=\"https:\/\/1.bp.blogspot.com\/-ltgqM4TmSYw\/WvtWFN4zADI\/AAAAAAAAAog\/eU3knYAE-Vwww2RE9_ESmgGZBrDzOuvNwCLcBGAs\/s1600\/imagenes-con-movimiento-reloj-2.gif\" alt=\"Medida Del Tiempo: El Reloj: Bienvenidos\" width=\"384\" height=\"366\" \/><\/strong><\/p>\n<p style=\"text-align: justify;\"><strong>Es curioso el hecho de que para medir el Tiempo tenemos que utilizar el movimiento, no sabemos medirlo de otra manera. Es fina aguja llamada minutero, nos marca los &#8220;cuantos&#8221; temporales que en n\u00famero de 60 hacen los minutos, y, estos, a su vez, en el mismo n\u00famero marcan las horas que en n\u00famero de 24 se hacen d\u00edas y estos meses, a\u00f1os, siglos, milenios, eones.<\/strong><\/p>\n<p>&nbsp;<\/p>\n<p><img decoding=\"async\" loading=\"lazy\" class=\"\" src=\"https:\/\/upload.wikimedia.org\/wikipedia\/commons\/a\/a1\/Foucault_pendulum_animated.gif\" alt=\"P\u00e9ndulo de Foucault - Wikipedia, la enciclopedia libre\" width=\"378\" height=\"504\" \/><\/p>\n<p><strong>\u00a0 As\u00ed demostramos la rotaci\u00f3n de la Tierra<\/strong><\/p>\n<p>&nbsp;<\/p>\n<p><img decoding=\"async\" src=\"https:\/\/i.pinimg.com\/originals\/25\/a6\/3d\/25a63d01fc736ffceaf7fb13e2985406.gif\" alt=\"wild-soulchild | Beautiful gif, Avengers, Sunset\" \/><\/p>\n<p style=\"text-align: justify;\"><strong>\u00a0 \u00a0 \u00a0 \u00a0 \u00a0 \u00a0 \u00a0 \u00a0 \u00a0 \u00a0 \u00a0 \u00a0 \u00a0 El d\u00eda y la noche nos indica el paso del Tiempo<\/strong><\/p>\n<p style=\"text-align: justify;\"><strong>El Tiempo transcurre inexorable mientras todo (sin excepci\u00f3n), en nuestro Universo, va cambiando, nada permanece y todo se transforma en algo que antes no era, puede permanecer con el cambio o desaparecer para siempre.<\/strong><\/p>\n<p>&nbsp;<\/p>\n<p><img decoding=\"async\" loading=\"lazy\" class=\"\" src=\"https:\/\/media.tenor.com\/_Z6Ixjnqr40AAAAM\/many-years-hace-mucho-tiempo.gif\" alt=\"Pasa El Tiempo Y Todo Sigue Igual GIF - Pasa El Tiempo Y Todo Sigue Igual Dani - Discover &amp; Share GIFs\" width=\"433\" height=\"244\" \/><\/p>\n<p><strong>\u00a0 \u00a0 \u00a0 \u00a0 \u00a0 \u00a0 \u00a0 \u00a0 \u00a0 \u00a0 \u00a0 \u00a0 Ella nos cuenta como fueron aquellos &#8220;tiempos&#8221; de su juventud<\/strong><\/p>\n<p style=\"text-align: justify;\"><strong>El Tiempo nos ha condicionado desde siempre, es un escaso bien, siempre queremos tener m\u00e1s, y, aunque algunos creen que lo pueden comprar&#8230; \u00a1Su compra ser\u00e1 muy limitada! Al final, cumplido su Tiempo, todo se acaba. Todo en el Universo tiene marcado un Tiempo, las part\u00edculas subat\u00f3micas pueden vivir fracciones de segundo o, en el caso del <a href=\"#\" onclick=\"referencia('electron',event); return false;\">electr\u00f3n<\/a> (seg\u00fan un an\u00e1lisis publicado hace unos d\u00edas en Physical Review Letters), la vida media de esta part\u00edcula elemental ser\u00eda, como poco, de 66.000 cuatrillones de a\u00f1os (6,6\u00b71028 a\u00f1os); es decir, unos 5 trillones de veces la edad actual del universo.<\/strong><\/p>\n<p>&nbsp;<\/p>\n<p><img decoding=\"async\" loading=\"lazy\" class=\"\" src=\"https:\/\/www.mundotortugas.com\/wp-content\/uploads\/2018\/04\/Tortuga-gal%C3%A1pago.jpg\" alt=\"Biolog\u00eda y estilo de vida de la tortuga de las Gal\u00e1pagos | Mundo Tortugas\" width=\"504\" height=\"321\" \/><\/p>\n<p><strong>Una tortuga gal\u00e1pago vive 150 a\u00f1os, un elefante 70 a\u00f1os, nosotros los humanos 80 a\u00f1os,\u00a0<\/strong><\/p>\n<p>&nbsp;<\/p>\n<p><img decoding=\"async\" src=\"https:\/\/t2.uc.ltmcdn.com\/es\/posts\/5\/3\/7\/como_es_el_ciclo_de_vida_de_las_moscas_29735_0_600.jpg\" alt=\"Cu\u00e1nto tiempo viven las moscas - C\u00f3mo es el ciclo de vida de las moscas\" \/><\/p>\n<p><strong>\u00a0 \u00a0 \u00a0 \u00a0 \u00a0 \u00a0 \u00a0 \u00a0 \u00a0 \u00a0 \u00a0 \u00a0 \u00a0 \u00a0 \u00a0 \u00a0 \u00a0 \u00a0 \u00a0 \u00a0 \u00a0 \u00a0 \u00a0Una mosca puede vivir entre 15 y 30 d\u00edas<\/strong><\/p>\n<p>&nbsp;<\/p>\n<p><img decoding=\"async\" src=\"https:\/\/tendencias21.levante-emv.com\/wp-content\/uploads\/2020\/03\/21311959-24389506.jpg\" alt=\"Descubren una estrella a 9.000 millones de a\u00f1os luz de la Tierra \u2022 Tendencias21\" \/><\/p>\n<p><strong>\u00a0 \u00a0 \u00a0 \u00a0 \u00a0 \u00a0 \u00a0 \u00a0 \u00a0 \u00a0 \u00a0 \u00a0 \u00a0 \u00a0 \u00a0 \u00a0 \u00a0 \u00a0 \u00a0 \u00a0 Las estrellas viven miles de millones de a\u00f1os<\/strong><\/p>\n<p style=\"text-align: justify;\"><strong>Lo cierto es que, el Tiempo est\u00e1 en todo y en todos, y, debemos concluir que nada es eterno, y, tampoco el propio ,Tiempo lo ser\u00e1, ya que, si finalmente estamos en un Universo c\u00edclico, todo terminar\u00e1 para comenzar de nuevo.<\/strong><\/p>\n<p>&nbsp;<\/p>\n<p><img decoding=\"async\" loading=\"lazy\" class=\"\" src=\"https:\/\/www.triptomax.com\/wp-content\/uploads\/2018\/05\/shutterstock_193994486.jpg\" alt=\"La importancia de la felicidad en familia - Blog Triptomax\" width=\"564\" height=\"377\" \/><\/p>\n<p style=\"text-align: justify;\"><strong>Nosotros hemos cuantizado el Tiempo y, para nuestro gobierno en la cotidianidad de la vida, hemos fijado unos par\u00e1metros que va midiendo &#8220;los tiempos&#8221; que nos se\u00f1alan el levantarnos para comenzar las actividades, y, al final de la jornada, los momentos de ocio, o, el descanso.<\/strong><\/p>\n<p>&nbsp;<\/p>\n<p><strong> \u00a0 \u00a0 \u00a0 \u00a0 \u00a0 \u00a0 \u00a0 \u00a0 \u00a0 \u00a0 \u00a0 \u00a0 \u00a0 \u00a0 \u00a0 \u00a0 \u00a0 \u00a0 \u00a0 \u00a0 \u00a0<img decoding=\"async\" loading=\"lazy\" class=\"\" src=\"https:\/\/concepto.de\/wp-content\/uploads\/2021\/05\/tiempos-verbales-e1621030056798-800x400.jpg\" alt=\"Los tiempos verbales en espa\u00f1ol - Tipos, modos y ejemplos\" width=\"333\" height=\"167\" \/><\/strong><\/p>\n<blockquote>\n<p style=\"text-align: justify;\"><strong>Tambi\u00e9n hemos dividido el Tiempo en Pasado (el Tiempo que se fue), el Presente (el Tiempo que vivimos ahora), y, el Futuro (el Tiempo por venir). Del Pasado solo recordarlo podremos, el Presente (que es un regalo como su propio nombre indica), es el Tiempo que tenemos para hacer4 realidad nuestros sue\u00f1os, y, si lo dejamos pasar&#8230; \u00a1No lo tendremos de nuevo, el tren paso y no volver\u00e1!<\/strong><\/p>\n<p style=\"text-align: justify;\"><strong>El Pasado nunca lo tendremos de nuevo y s\u00f3lo podremos recordarlo (si de nuestro propio Tiempo se trata), del Tiempo de otros lo podremos curiosear en la Historia.<\/strong><\/p>\n<p>&nbsp;<\/p><\/blockquote>\n<p><img decoding=\"async\" loading=\"lazy\" class=\"\" src=\"https:\/\/i.ytimg.com\/vi\/EZ9nBoYdhds\/maxresdefault.jpg\" alt=\"ASI SERA EL FUTURO EN 2050! VIVIR EN MARTE? - YouTube\" width=\"421\" height=\"237\" \/><\/p>\n<p style=\"text-align: justify;\"><strong>Si del Futuro se trata lo podremos imaginar de mil maneras, y, cualquiera de ellas podr\u00eda ser la que ser\u00e1. Lo cierto es que, en eso que llamamos Futuro nunca podremos estar. Ma\u00f1ana es Futuro para nosotros pero, cuando llegue&#8230; \u00a1Ser\u00e1 Presente! Es el futuro como el Horizonte que quiere alcanzar el velero que navega y que nunca lo podr\u00e1 lograr.<\/strong><\/p>\n<p>&nbsp;<\/p>\n<p><img decoding=\"async\" src=\"https:\/\/e.rpp-noticias.io\/medium\/2016\/05\/19\/262426_145443.jpg\" alt=\"Qu\u00e9 pasar\u00eda si viajar\u00e1s a la velocidad de la luz? | RPP Noticias\" \/><\/p>\n<p><strong>Seg\u00fan la Relatividad Especial, quien viaja a velocidad re<\/strong><strong>lat<\/strong><strong>ivista, ver\u00e1 ralentizarse al Tiempo<\/strong><\/p>\n<p>&nbsp;<\/p>\n<p><strong><img decoding=\"async\" loading=\"lazy\" class=\"\" src=\"https:\/\/cdn0.bodas.net\/article\/9204\/original\/1280\/jpg\/64029-1.jpeg\" alt=\"Los 11 secretos de las parejas felices\" width=\"488\" height=\"325\" \/><\/strong><\/p>\n<p><strong>Los enamorados que est\u00e1n juntos, una hora les parecer\u00e1 un segundo<\/strong><\/p>\n<p>&nbsp;<\/p>\n<p><img decoding=\"async\" loading=\"lazy\" class=\"\" src=\"https:\/\/peru21.pe\/resizer\/rICpfcK66HcSaA_4s43V7eSx7Ek=\/980x528\/smart\/filters:format(jpeg):quality(75)\/arc-anglerfish-arc2-prod-elcomercio.s3.amazonaws.com\/public\/IEDYES3GKZDCXOFXI5FVVOENRM.jpg\" alt=\"Coronavirus | Dolor, soledad y miedo a morir: el crudo testimonio de enfermos del COVID-19 alrededor del mundo | Pandemia | NNDC | MUNDO | PERU21\" width=\"472\" height=\"254\" \/><\/p>\n<p style=\"text-align: justify;\"><strong>El enfermo aquejado de dolor, una hora le parecer\u00e1 eterna<\/strong><\/p>\n<p style=\"text-align: justify;\"><strong>Entonces tenemos tambi\u00e9n un Tiempo Psicol\u00f3gico, un Tiempo que no es real y que depende de la situaci\u00f3n que se viva en ese momento. Y, si repasamos todos esos escenarios que nos presenta el Tiempo, no ser\u00e1 que&#8230; PASADO &#8211; PRESENTE y FUTURO, es s\u00f3lo una abstracci\u00f3n llamada Tiempo.<\/strong><\/p>\n<p style=\"text-align: justify;\"><strong>Est\u00e1 claro que, como todos esos fil\u00f3sofos y grandes pensadores, tampoco yo he dado con la clave para definir debidamente lo que el Tiempo es. Una cosa s\u00ed que se:<\/strong><\/p>\n<p style=\"text-align: justify;\"><strong>\u00a1El Tiempo es un gran dolor de cabeza!<\/strong><\/p>\n<p>&nbsp;<\/p>\n<div class='bookmark'>\r\n\t\t<table align='left' border='0' cellpadding='0' width='100%'>\r\n\t\t<tr><td><span class='pushbutton'><a href='http:\/\/delicious.com\/post?url=https%3A%2F%2Fwww.emiliosilveravazquez.com%2Fblog%2F2023%2F02%2F07%2Fsabremos-algun-dia-lo-que-el-tiempo-es%2F&amp;title=%C2%BFSabremos+alg%C3%BAn+d%C3%ADa+lo+que+el+Tiempo+es%3F' title='Delicious' target='_blank' rel='nofollow'><img src='https:\/\/www.emiliosilveravazquez.com\/blog\/wp-content\/plugins\/knxdt-bookmarks-wordpress-plugin\/images\/delicious.png'  alt='' class='book_img' border='none' style='margin:1px; padding: 0;'  \/><\/a><\/span><span class='pushbutton'><a href='http:\/\/digg.com\/submit?url=https%3A%2F%2Fwww.emiliosilveravazquez.com%2Fblog%2F2023%2F02%2F07%2Fsabremos-algun-dia-lo-que-el-tiempo-es%2F&amp;title=%C2%BFSabremos+alg%C3%BAn+d%C3%ADa+lo+que+el+Tiempo+es%3F' title='Digg' target='_blank' rel='nofollow'><img src='https:\/\/www.emiliosilveravazquez.com\/blog\/wp-content\/plugins\/knxdt-bookmarks-wordpress-plugin\/images\/digg.png'  alt='' class='book_img' border='none' style='margin:1px; padding: 0;'  \/><\/a><\/span><span class='pushbutton'><a href='http:\/\/www.google.com\/bookmarks\/mark?op=edit&amp;bkmk=https%3A%2F%2Fwww.emiliosilveravazquez.com%2Fblog%2F2023%2F02%2F07%2Fsabremos-algun-dia-lo-que-el-tiempo-es%2F&amp;title=%C2%BFSabremos+alg%C3%BAn+d%C3%ADa+lo+que+el+Tiempo+es%3F' title='Google' target='_blank' rel='nofollow'><img src='https:\/\/www.emiliosilveravazquez.com\/blog\/wp-content\/plugins\/knxdt-bookmarks-wordpress-plugin\/images\/google.png'   alt='' class='book_img' border='none' style='margin:1px; padding: 0;'  \/><\/a><\/span><span class='pushbutton'><a href='http:\/\/myweb2.search.yahoo.com\/myresults\/bookmarklet?u=https%3A%2F%2Fwww.emiliosilveravazquez.com%2Fblog%2F2023%2F02%2F07%2Fsabremos-algun-dia-lo-que-el-tiempo-es%2F&amp;t=%C2%BFSabremos+alg%C3%BAn+d%C3%ADa+lo+que+el+Tiempo+es%3F' title='Yahoo' target='_blank' rel='nofollow'><img src='https:\/\/www.emiliosilveravazquez.com\/blog\/wp-content\/plugins\/knxdt-bookmarks-wordpress-plugin\/images\/yahoo.png'  alt='' class='book_img' border='none' style='margin:1px; padding: 0;'  \/><\/a><\/span><span class='pushbutton'><a href='http:\/\/www.technorati.com\/faves?add=https%3A%2F%2Fwww.emiliosilveravazquez.com%2Fblog%2F2023%2F02%2F07%2Fsabremos-algun-dia-lo-que-el-tiempo-es%2F' title='Technorati' target='_blank' rel='nofollow'><img src='https:\/\/www.emiliosilveravazquez.com\/blog\/wp-content\/plugins\/knxdt-bookmarks-wordpress-plugin\/images\/technorati.png'  alt='' class='book_img' border='none' style='margin:1px; padding: 0;'  \/><\/a><\/span><span class='pushbutton'><a href='http:\/\/meneame.net\/submit.php?url=https%3A%2F%2Fwww.emiliosilveravazquez.com%2Fblog%2F2023%2F02%2F07%2Fsabremos-algun-dia-lo-que-el-tiempo-es%2F' title='Meneame' target='_blank' rel='nofollow'><img src='https:\/\/www.emiliosilveravazquez.com\/blog\/wp-content\/plugins\/knxdt-bookmarks-wordpress-plugin\/images\/meneame.png'  alt='' class='book_img' border='none' style='margin:1px; padding: 0;'  \/><\/a><\/span><span class='pushbutton'><a href='http:\/\/enchilame.com\/submit.php?url=https:\/\/www.emiliosilveravazquez.com\/blog\/2023\/02\/07\/sabremos-algun-dia-lo-que-el-tiempo-es\/' target='_blank' rel='nofollow'><img title='Enchilame' src='https:\/\/www.emiliosilveravazquez.com\/blog\/wp-content\/plugins\/knxdt-bookmarks-wordpress-plugin\/images\/enchilame.png'  alt='' class='book_img' border='none' style='margin:1px; padding: 0;'  \/><\/a><\/span><span class='pushbutton'><a href='http:\/\/www.blinklist.com\/index.php?Action=Blink\/addblink.php&amp;Description=&amp;Url=https%3A%2F%2Fwww.emiliosilveravazquez.com%2Fblog%2F2023%2F02%2F07%2Fsabremos-algun-dia-lo-que-el-tiempo-es%2F&amp;title=%C2%BFSabremos+alg%C3%BAn+d%C3%ADa+lo+que+el+Tiempo+es%3F' title='BlinkList' target='_blank' rel='nofollow'><img src='https:\/\/www.emiliosilveravazquez.com\/blog\/wp-content\/plugins\/knxdt-bookmarks-wordpress-plugin\/images\/blinklist.png'  alt='' class='book_img' border='none' style='margin:1px; padding: 0;'  \/><\/a><\/span><span class='pushbutton'><a href='http:\/\/reddit.com\/submit?url=https%3A%2F%2Fwww.emiliosilveravazquez.com%2Fblog%2F2023%2F02%2F07%2Fsabremos-algun-dia-lo-que-el-tiempo-es%2F&amp;title=%C2%BFSabremos+alg%C3%BAn+d%C3%ADa+lo+que+el+Tiempo+es%3F' title='Reddit' target='_blank' rel='nofollow'><img src='https:\/\/www.emiliosilveravazquez.com\/blog\/wp-content\/plugins\/knxdt-bookmarks-wordpress-plugin\/images\/reddit.png'  alt='' class='book_img' border='none' style='margin:1px; padding: 0;'  \/><\/a><\/span><span class='pushbutton'><a href='http:\/\/www.tecnologiadiaria.com\/2009\/07\/abrir-com-hotmail-correo.html' target='_blank' title='hotmail'><img src='https:\/\/www.emiliosilveravazquez.com\/blog\/wp-content\/plugins\/knxdt-bookmarks-wordpress-plugin\/images\/linklove.png' alt='hotmail correo' class='book_img' border='none' style='margin:1px; padding: 0;' \/><\/a><\/span><span class='pushbutton'><a href='http:\/\/bitacoras.com\/votar\/anotacion\/externo\/mini\/www.emiliosilveravazquez.com\/blog\/2023\/02\/07\/sabremos-algun-dia-lo-que-el-tiempo-es\/' title='Bitacoras.com' target='_blank' rel='nofollow'><img src='https:\/\/www.emiliosilveravazquez.com\/blog\/wp-content\/plugins\/knxdt-bookmarks-wordpress-plugin\/images\/bitacoras.png'  alt='' class='book_img' border='none' style='margin:1px; padding: 0;'  \/><\/a><\/span><span class='pushbutton'><a href='http:\/\/www.wikio.es\/vote?url=https%3A%2F%2Fwww.emiliosilveravazquez.com%2Fblog%2F2023%2F02%2F07%2Fsabremos-algun-dia-lo-que-el-tiempo-es%2F' title='Wikio' target='_blank' rel='nofollow'><img src='https:\/\/www.emiliosilveravazquez.com\/blog\/wp-content\/plugins\/knxdt-bookmarks-wordpress-plugin\/images\/wikio.png'   alt='' class='book_img' border='none' style='margin:1px; padding: 0;'   \/><\/a><\/span><span class='pushbutton'><a href='http:\/\/friendfeed.com\/?url=https%3A%2F%2Fwww.emiliosilveravazquez.com%2Fblog%2F2023%2F02%2F07%2Fsabremos-algun-dia-lo-que-el-tiempo-es%2F&amp;title=%C2%BFSabremos+alg%C3%BAn+d%C3%ADa+lo+que+el+Tiempo+es%3F' title='Friend Feed' target='_blank' rel='nofollow'><img src='https:\/\/www.emiliosilveravazquez.com\/blog\/wp-content\/plugins\/knxdt-bookmarks-wordpress-plugin\/images\/friendfeed.png'  alt='' class='book_img' border='none' style='margin:1px; padding: 0;'  \/><\/a><\/span><span class='pushbutton'><a href='http:\/\/www.facebook.com\/share.php?u=https%3A%2F%2Fwww.emiliosilveravazquez.com%2Fblog%2F2023%2F02%2F07%2Fsabremos-algun-dia-lo-que-el-tiempo-es%2F&amp;t=%C2%BFSabremos+alg%C3%BAn+d%C3%ADa+lo+que+el+Tiempo+es%3F' title='Facebook' target='_blank' rel='nofollow'><img src='https:\/\/www.emiliosilveravazquez.com\/blog\/wp-content\/plugins\/knxdt-bookmarks-wordpress-plugin\/images\/facebook.png'  alt='' class='book_img' border='none' style='margin:1px; padding: 0;'  \/><\/a><\/span><span class='pushbutton'><a href='http:\/\/twitter.com\/home?status=%C2%BFSabremos+alg%C3%BAn+d%C3%ADa+lo+que+el+Tiempo+es%3F: https%3A%2F%2Fwww.emiliosilveravazquez.com%2Fblog%2F2023%2F02%2F07%2Fsabremos-algun-dia-lo-que-el-tiempo-es%2F' title='Twitter' target='_blank' rel='nofollow'><img src='https:\/\/www.emiliosilveravazquez.com\/blog\/wp-content\/plugins\/knxdt-bookmarks-wordpress-plugin\/images\/twitter.png'  alt='' class='book_img' border='none' style='margin:1px; padding: 0;'  \/><\/a><\/span><span class='pushbutton'><a href='http:\/\/www.feedburner.com\/fb\/a\/emailFlare?itemTitle=%C2%BFSabremos+alg%C3%BAn+d%C3%ADa+lo+que+el+Tiempo+es%3F&amp;uri=https%3A%2F%2Fwww.emiliosilveravazquez.com%2Fblog%2F2023%2F02%2F07%2Fsabremos-algun-dia-lo-que-el-tiempo-es%2F' title='Enviar por Email' target='_blank' rel='nofollow'><img src='https:\/\/www.emiliosilveravazquez.com\/blog\/wp-content\/plugins\/knxdt-bookmarks-wordpress-plugin\/images\/email.png'  alt='' class='book_img' border='none' style='margin:1px; padding: 0;'  \/><\/a><\/span><span style='font-weight:bold; padding-left: 5px;'><a href='http:\/\/wordpress.org\/extend\/plugins\/knxdt-bookmarks-wordpress-plugin\/' title='Plugin' rel='nofollow' target='_blank'>[?]<\/a><\/span><\/td><\/tr><\/table><br\/><br\/><\/div>","protected":false},"excerpt":{"rendered":"<p>He le\u00eddo, llevado por la curiosidad, las definiciones que del Tiempo han hecho muchos fil\u00f3sofos tanto antiguos como modernos, f\u00edsicos y matem\u00e1ticos y tambi\u00e9n grandes pensadores. Cada una de ellas, han se\u00f1alado alg\u00fan punto importante de dicho concepto \u00bff\u00edsico?,\u00a0y, ninguna me ha dejado totalmente satisfecho, siempre parec\u00eda faltar alguna cosa importante que dejaba incompleto el [&hellip;]<\/p>\n","protected":false},"author":2,"featured_media":0,"comment_status":"open","ping_status":"open","sticky":false,"template":"","format":"standard","meta":{"_s2mail":"","footnotes":""},"categories":[1],"tags":[],"_links":{"self":[{"href":"https:\/\/www.emiliosilveravazquez.com\/blog\/wp-json\/wp\/v2\/posts\/29654"}],"collection":[{"href":"https:\/\/www.emiliosilveravazquez.com\/blog\/wp-json\/wp\/v2\/posts"}],"about":[{"href":"https:\/\/www.emiliosilveravazquez.com\/blog\/wp-json\/wp\/v2\/types\/post"}],"author":[{"embeddable":true,"href":"https:\/\/www.emiliosilveravazquez.com\/blog\/wp-json\/wp\/v2\/users\/2"}],"replies":[{"embeddable":true,"href":"https:\/\/www.emiliosilveravazquez.com\/blog\/wp-json\/wp\/v2\/comments?post=29654"}],"version-history":[{"count":0,"href":"https:\/\/www.emiliosilveravazquez.com\/blog\/wp-json\/wp\/v2\/posts\/29654\/revisions"}],"wp:attachment":[{"href":"https:\/\/www.emiliosilveravazquez.com\/blog\/wp-json\/wp\/v2\/media?parent=29654"}],"wp:term":[{"taxonomy":"category","embeddable":true,"href":"https:\/\/www.emiliosilveravazquez.com\/blog\/wp-json\/wp\/v2\/categories?post=29654"},{"taxonomy":"post_tag","embeddable":true,"href":"https:\/\/www.emiliosilveravazquez.com\/blog\/wp-json\/wp\/v2\/tags?post=29654"}],"curies":[{"name":"wp","href":"https:\/\/api.w.org\/{rel}","templated":true}]}}