{"id":28993,"date":"2025-10-27T06:46:44","date_gmt":"2025-10-27T05:46:44","guid":{"rendered":"http:\/\/www.emiliosilveravazquez.com\/blog\/?p=28993"},"modified":"2025-10-27T06:47:01","modified_gmt":"2025-10-27T05:47:01","slug":"la-fisica-que-en-su-apartado-cuantico-es-extrana","status":"publish","type":"post","link":"https:\/\/www.emiliosilveravazquez.com\/blog\/2025\/10\/27\/la-fisica-que-en-su-apartado-cuantico-es-extrana\/","title":{"rendered":"\u00a1La F\u00edsica! Que en su apartado cu\u00e1ntico&#8230;\u00a1Es extra\u00f1a!"},"content":{"rendered":"<p><img decoding=\"async\" loading=\"lazy\" class=\"\" src=\"http:\/\/4.bp.blogspot.com\/_gcuwiEok6ts\/S528j_TVVEI\/AAAAAAAAAG0\/98bWMzIZSio\/s1600\/3475495401_e1d3123f88.jpg\" alt=\"\" width=\"682\" height=\"535\" \/><\/p>\n<p>&nbsp;<\/p>\n<p>S\u00ed, muy extra\u00f1a pero&#8230;funciona. Cuando nos sumergimos en el mundo cu\u00e1ntico somos conscientes de que todo ese mundo fant\u00e1stico de lo muy peque\u00f1o va contra la intuici\u00f3n, en nada se parece a nuestro mundo macrosc\u00f3pico y, all\u00ed, suceden cosas que nos parecen imposibles. All\u00ed, en el &#8220;universo cu\u00e1ntico&#8221; se sustituye la continuidad por lo discreto. Se podr\u00eda decir que no es el agua compacta que forma un todo, sino que, es como la fina arena que est\u00e1 formada por muchos granos que logran pasar desapercibidos en ese conjunto total.<\/p>\n<p>&nbsp;<\/p>\n<blockquote><p><img decoding=\"async\" loading=\"lazy\" src=\"http:\/\/upload.wikimedia.org\/wikipedia\/commons\/1\/15\/Young.gif\" alt=\"Young.gif\" width=\"200\" height=\"140\" \/><img decoding=\"async\" loading=\"lazy\" class=\"\" src=\"https:\/\/www.fisicacuantica.es\/wp-content\/uploads\/2016\/11\/dibujo20120328-selected-frames-from-a-false-colour-movie-recorded-with-an-emccd-camera-showing-build-up-quantum-interference-pattern_francis-naukas.jpg\" alt=\"La doble rendija \u2013 F\u00edsica cu\u00e1ntica en la red\" width=\"254\" height=\"144\" \/><\/p><\/blockquote>\n<p><strong>\u00bfC\u00f3mo podr\u00edamos suponer el car\u00e1cter fantasmag\u00f3rico del experimento de la doble rendija?<\/strong><\/p>\n<p style=\"text-align: justify;\">&#8220;El <strong>experimento de Young<\/strong>, tambi\u00e9n denominado <strong>experimento de la doble rendija<\/strong>, fue realizado en <a title=\"1801\" href=\"http:\/\/es.wikipedia.org\/wiki\/1801\">1801<\/a> por <a title=\"Thomas Young\" href=\"http:\/\/es.wikipedia.org\/wiki\/Thomas_Young\">Thomas Young<\/a>, en un intento de discernir sobre la naturaleza corpuscular u ondulatoria de la <a title=\"Luz\" href=\"http:\/\/es.wikipedia.org\/wiki\/Luz\">luz<\/a>. Young comprob\u00f3 un patr\u00f3n de <a title=\"Interferencia\" href=\"http:\/\/es.wikipedia.org\/wiki\/Interferencia\">interferencias<\/a> en la luz procedente de una fuente lejana al <a title=\"Difracci\u00f3n\" href=\"http:\/\/es.wikipedia.org\/wiki\/Difracci%C3%B3n\">difractarse<\/a> en el paso por dos rejillas, resultado que contribuy\u00f3 a la teor\u00eda de la naturaleza ondulatoria de la luz.<\/p>\n<p style=\"text-align: justify;\">Posteriormente, la experiencia ha sido considerada fundamental a la hora de demostrar la <a title=\"Dualidad onda corp\u00fasculo\" href=\"http:\/\/es.wikipedia.org\/wiki\/Dualidad_onda_corp%C3%BAsculo\">dualidad onda corp\u00fasculo<\/a>, una caracter\u00edstica de la <a title=\"Mec\u00e1nica cu\u00e1ntica\" href=\"http:\/\/es.wikipedia.org\/wiki\/Mec%C3%A1nica_cu%C3%A1ntica\">mec\u00e1nica cu\u00e1ntica<\/a>. El experimento tambi\u00e9n puede realizarse con <a title=\"Electr\u00f3n\" href=\"http:\/\/es.wikipedia.org\/wiki\/Electr%C3%B3n\">electrones<\/a>, <a title=\"Proton\" href=\"http:\/\/es.wikipedia.org\/wiki\/Proton\">protones<\/a> o <a title=\"Neutrones\" href=\"http:\/\/es.wikipedia.org\/wiki\/Neutrones\">neutrones<\/a>, produciendo patrones de interferencia similares a los obtenidos cuando se realiza con luz.&#8221;<\/p>\n<p>&nbsp;<\/p>\n<p><img decoding=\"async\" loading=\"lazy\" class=\"\" src=\"https:\/\/upload.wikimedia.org\/wikipedia\/commons\/3\/3d\/Quantum_tunneling_in_phase_space.gif\" alt=\"Atravesando lo imposible: el efecto t\u00fanel cu\u00e1ntico y su ...\" width=\"488\" height=\"244\" \/><\/p>\n<p><img decoding=\"async\" loading=\"lazy\" class=\"\" src=\"https:\/\/i.makeagif.com\/media\/11-26-2017\/Wjh3CF.gif\" alt=\"Teletransporte y el Efecto T\u00fanel on Make a GIF\" width=\"482\" height=\"270\" \/><\/p>\n<p>&nbsp;<\/p>\n<p style=\"text-align: justify;\">\n<p style=\"text-align: justify;\">Otro fen\u00f3meno que va contra la intuici\u00f3n es el &#8220;efecto t\u00fanel&#8221;.\u00a0 Los <a href=\"#\" onclick=\"referencia('electron',event); return false;\">electrones<\/a> son capaces de atravesar un t\u00fanel a trav\u00e9s de una barrera de potencial estrecha hacia una regi\u00f3n que estar\u00eda prohibida si los <a href=\"#\" onclick=\"referencia('electron',event); return false;\">electrones<\/a> fuesen tratados como part\u00edculas cl\u00e1sicas. El que haya una probabilidad finita de que un <a href=\"#\" onclick=\"referencia('electron',event); return false;\">electr\u00f3n<\/a> haga un t\u00fanel entre una regi\u00f3n cl\u00e1sicamente permitida a otra surge como consecuencia de la mec\u00e1nica cu\u00e1ntica. El efecto t\u00fanel es usado en el diodo t\u00fanel. La desintegraci\u00f3n alfa es un ejemplo de proceso de efecto t\u00fanel.<\/p>\n<p>&nbsp;<\/p>\n<p><img decoding=\"async\" loading=\"lazy\" class=\"\" src=\"https:\/\/www.muyinteresante.com\/wp-content\/uploads\/sites\/5\/2025\/07\/Tunel5.jpg\" alt=\"F\u00edsicos observan por primera vez lo que hace un electr\u00f3n dentro de una  barrera cu\u00e1ntica: anatom\u00eda de la teleportaci\u00f3n\" width=\"682\" height=\"383\" \/><\/p>\n<p>&nbsp;<\/p>\n<p style=\"text-align: justify;\">Nuestra descripci\u00f3n de lo que les pasa a los <a href=\"#\" onclick=\"referencia('electron',event); return false;\">electrones<\/a> que se dirigen hacia una barrera de energ\u00eda o a un <a href=\"#\" onclick=\"referencia('electron',event); return false;\">electr\u00f3n<\/a> atrapado entre dos barreras debe tener en cuenta las ondas probabilistas. Hay una probabilidad finita de que la part\u00edcula atrapada aparezca fuera de la trampa. Esto no s\u00f3lo va contra la intuici\u00f3n, sino que se puede considerar una paradoja de orden mayor, pues el <a href=\"#\" onclick=\"referencia('electron',event); return false;\">electr\u00f3n<\/a> a su paso por la barrera deb\u00eda tener una energ\u00eda cin\u00e9tica negativa, lo que, desde el punto de vista cl\u00e1sico, es absurdo.<\/p>\n<p>&nbsp;<\/p>\n<p style=\"text-align: justify;\"><img decoding=\"async\" loading=\"lazy\" title=\"Dibujo20120516 Quantum tunnelling and high-harmonic generation\" src=\"http:\/\/francisthemulenews.files.wordpress.com\/2012\/05\/dibujo20120516-quantum-tunnelling-and-high-harmonic-generation.jpg?w=580&amp;h=223\" alt=\"\" width=\"580\" height=\"223\" \/><\/p>\n<p>&nbsp;<\/p>\n<p style=\"text-align: justify;\">Claro que, cuando se desarrolla la intuici\u00f3n cu\u00e1ntica, uno puede responder que la condici\u00f3n de que el <a href=\"#\" onclick=\"referencia('electron',event); return false;\">electr\u00f3n<\/a> &#8220;est\u00e9 en el t\u00fanel&#8221; no mes aobservable y por lo tanto no es un problema de la f\u00edsica. Lo que uno observa es que se sale fuera. Este fen\u00f3meno, el paso por efecto t\u00fanel, se utiliz\u00f3 (como ya he dicho) para explicar la <a href=\"#\" onclick=\"referencia('radiactividad',event); return false;\">radiactividad<\/a> Alfa. Por fantasmag\u00f3rico que sea,\u00a0 este &#8220;efecto t\u00fanel&#8221; les es esencial a los ordenadores modernos y a otros muchos dispositivos electr\u00f3nicos.<\/p>\n<p style=\"text-align: justify;\">Part\u00edculas puntuales, paso por efecto t\u00fanel, <a href=\"#\" onclick=\"referencia('radiactividad',event); return false;\">radiactividad<\/a>, la tortura de la rendija doble: todo esto contribuy\u00f3 a las nuevas intuiciones que los f\u00edsicos cu\u00e1nticos necesitaron a medida que fue posible desplegar todo su armamento intelectual a la b\u00fasqueda de fen\u00f3menos inexplicables.<\/p>\n<p>&nbsp;<\/p>\n<blockquote>\n<p style=\"text-align: justify;\"><img decoding=\"async\" loading=\"lazy\" class=\"\" src=\"https:\/\/i0.wp.com\/lucesdemontana.org\/wp-content\/uploads\/2020\/09\/thumbnail_Subida-Piedrafita.jpg?fit=1200%2C1136&amp;ssl=1\" alt=\"Los r\u00edos de monta\u00f1a. Ecolog\u00eda, r\u00e9gimenes hidrol\u00f3gicos y caudales ecol\u00f3gicos. \u2013 Luces de Monta\u00f1a\" width=\"465\" height=\"441\" \/><\/p>\n<p>&nbsp;<\/p><\/blockquote>\n<p style=\"text-align: justify;\">Todo son \u00e1tomos: Los mundos con sus r\u00edos y monta\u00f1as, los seres vivos, las estrellas y las galaxias, todo sin excepci\u00f3n&#8230; \u00a1\u00e1tomos! Y, lo sorprendente es que, nosotros, hayamos podido llegar tan lejos y conocer lo que la materia es (al menos en parte), poder dilucidar entre esos dos &#8220;universo&#8221; de lo grande y lo peque\u00f1o.<\/p>\n<p style=\"text-align: justify;\">Gracias a los acontecimientos que est\u00e1n recogidos en el per\u00edodo que va desde 1923 a 1927, se pudo comprender el \u00e1tomo. A\u00fan as\u00ed, en esos d\u00edas previos a los ordenadores, s\u00f3lo se pod\u00edan utilizar adecuadamente los \u00e1tomos simples -el hidr\u00f3geno, el helio, el litio y los \u00e1tomos a los que se les han quitado algunos <a href=\"#\" onclick=\"referencia('electron',event); return false;\">electrones<\/a> (ionizado)-. Aqu\u00ed, no cabe m\u00e1s remedio que reconocer el gran avance debido a Wolfgan Pauli, \u00e9l entendi\u00f3 la mec\u00e1nica cu\u00e1ntica desde muy joven, con 19 a\u00f1os ya era todo un experto y supo, intuir, d\u00f3nde estaba la &#8220;materia perdida&#8221;.<\/p>\n<p style=\"text-align: justify;\">Los f\u00edsicos se vieron durante mucho tiempo turbados por el hecho de que a menudo, la <a href=\"http:\/\/www.emiliosilveravazquez.com\/blog\/2011\/04\/30\/%C2%BFdonde-estaba-la-materia-perdida\/#\"><a href=\"#\" onclick=\"referencia('particula beta',event); return false;\">part\u00edcula beta<\/a><\/a> emitida en una desintegraci\u00f3n del n\u00facleo no alberga energ\u00eda suficiente para compensar la masa perdida por el n\u00facleo.\u00a0 En realidad, los <a href=\"http:\/\/www.emiliosilveravazquez.com\/blog\/2011\/04\/30\/%C2%BFdonde-estaba-la-materia-perdida\/#\">electrones<\/a> no eran igualmente deficitarios.\u00a0 Emerg\u00edan con un amplio espectro de energ\u00edas, y el m\u00e1ximo (conseguido por muy pocos <a href=\"http:\/\/www.emiliosilveravazquez.com\/blog\/2011\/04\/30\/%C2%BFdonde-estaba-la-materia-perdida\/#\">electrones<\/a>), era casi correcto, pero todos los dem\u00e1s no llegaban a alcanzarlo en mayor o menor grado.\u00a0 Las <a href=\"http:\/\/www.emiliosilveravazquez.com\/blog\/2011\/04\/30\/%C2%BFdonde-estaba-la-materia-perdida\/#\"><a href=\"#\" onclick=\"referencia('particula alfa',event); return false;\">part\u00edculas alfa<\/a><\/a> emitidas por un nucleido particular pose\u00edan iguales energ\u00edas en cantidades inesperadas.\u00a0 En ese caso, \u00bfQu\u00e9 era err\u00f3nea en la emisi\u00f3n de <a href=\"http:\/\/www.emiliosilveravazquez.com\/blog\/2011\/04\/30\/%C2%BFdonde-estaba-la-materia-perdida\/#\"><a href=\"#\" onclick=\"referencia('particula beta',event); return false;\">part\u00edculas beta<\/a><\/a>? \u00bfQu\u00e9 hab\u00eda sucedido con la energ\u00eda perdida?<\/p>\n<p>&nbsp;<\/p>\n<p><img decoding=\"async\" src=\"https:\/\/rinconeducativo.org\/sites\/default\/files\/radiaciones_alfa_beta_gamma_1.gif\" alt=\"Tipos de Radiaciones Ionizantes - Rinc\u00f3n educativo\" \/><\/p>\n<p style=\"text-align: justify;\">\u00a0 \u00a0 \u00a0 \u00a0 \u00a0 \u00a0 \u00a0 \u00a0 \u00a0 \u00a0 \u00a0 \u00a0 \u00a0 \u00a0 \u00a0 \u00a0 \u00a0<strong>\u00a0 \u00a0Todo parece indicar que los <a href=\"#\" onclick=\"referencia('neutrinos',event); return false;\">neutrinos<\/a>&#8230;\u00a1s\u00ed tienen masa!<\/strong><\/p>\n<p style=\"text-align: justify;\">En 1.922, Lise Maitner se hizo por primera vez esta pregunta, y, hacia 1.930, Niels Bohr estaba dispuesto a abandonar el gran principio de conservaci\u00f3n de la energ\u00eda, al menos en lo concerniente a part\u00edculas subat\u00f3micas.\u00a0 En 1.931, Wolfgang Pauli sugiri\u00f3 una soluci\u00f3n para el enigma de la energ\u00eda desaparecida.<\/p>\n<p style=\"text-align: justify;\">Tal soluci\u00f3n era muy simple: junto con la <a href=\"http:\/\/www.emiliosilveravazquez.com\/blog\/2011\/04\/30\/%C2%BFdonde-estaba-la-materia-perdida\/#\"><a href=\"#\" onclick=\"referencia('particula beta',event); return false;\">part\u00edcula beta<\/a><\/a> del n\u00facleo se desprend\u00eda otra, que se llevaba la energ\u00eda desaparecida.\u00a0 Esa misteriosa segunda part\u00edcula ten\u00eda propiedades bastante extra\u00f1as.\u00a0 No pose\u00eda carga ni masa.\u00a0 Lo \u00fanico que llevaba mientras se mov\u00eda a la velocidad de la luz era cierta cantidad de energ\u00eda.\u00a0 A decir verdad, aquello parec\u00eda un cuerpo ficticio creado exclusivamente para equilibrar el contraste de energ\u00edas.<\/p>\n<p style=\"text-align: justify;\">Sin embargo, tan pronto como se propuso la posibilidad de su existencia, los f\u00edsicos creyeron en ella ciegamente. Y esta certeza se increment\u00f3 al descubrirse el <a href=\"http:\/\/www.emiliosilveravazquez.com\/blog\/2011\/04\/30\/%C2%BFdonde-estaba-la-materia-perdida\/#\"><a href=\"#\" onclick=\"referencia('neutron',event); return false;\">neutr\u00f3n<\/a><\/a> y al saberse que se desintegraba en un <a href=\"http:\/\/www.emiliosilveravazquez.com\/blog\/2011\/04\/30\/%C2%BFdonde-estaba-la-materia-perdida\/#\"><a href=\"#\" onclick=\"referencia('proton',event); return false;\">prot\u00f3n<\/a><\/a> y se liberaba un <a href=\"http:\/\/www.emiliosilveravazquez.com\/blog\/2011\/04\/30\/%C2%BFdonde-estaba-la-materia-perdida\/#\">electr\u00f3n<\/a>, que, como en la decadencia beta, portaba insuficientes cantidades de energ\u00eda.\u00a0 Enrico <a href=\"http:\/\/www.emiliosilveravazquez.com\/blog\/2011\/04\/30\/%C2%BFdonde-estaba-la-materia-perdida\/#\">Fermi<\/a> dio a esta part\u00edcula putativa el nombre de \u201cneutrino\u201d, palabra italiana que significa \u201cpeque\u00f1o neutro\u201d.<\/p>\n<p>&nbsp;<\/p>\n<blockquote><p><img decoding=\"async\" loading=\"lazy\" class=\"\" src=\"https:\/\/encrypted-tbn0.gstatic.com\/images?q=tbn:ANd9GcRWacEwp_SnlgrdWVX6e4UqyZ4hvWduE_0LLw4gUuDXOxHR0LgheyBv0EwWTN0Sya9kD7Q&amp;usqp=CAU\" alt=\"GNEI Terapias - DIFERENCIAS ENTRE LOS RAYOS ALFA, BETA Y GAMMA LOS ALFA: son n\u00facleos de \u00e1tomos de helio, con carga el\u00e9ctrica positiva, que no penetran mas all\u00e1 de la superficie de\" width=\"423\" height=\"223\" \/><\/p><\/blockquote>\n<p><strong>\u00a0 \u00a0 \u00a0 \u00a0 \u00a0 \u00a0 \u00a0 \u00a0La part\u00edcula gamma es la m\u00e1s potente y da\u00f1ina para la vida<\/strong><\/p>\n<p style=\"text-align: justify;\"><span style=\"color: #000000; font-family: Arial;\"><strong>&#8220;Las part\u00edculas gamma<\/strong> son radiaciones electromagn\u00e9ticas de la misma naturaleza que los <a href=\"#\" onclick=\"referencia('rayos x',event); return false;\">rayos X<\/a> pero de menor longitud de onda. Su poder de penetraci\u00f3n es muy elevado frente al de las <a href=\"#\" onclick=\"referencia('particula alfa',event); return false;\">part\u00edculas alfa<\/a> o beta, pudiendo atravesar el cuerpo humano. Quedan frenadas con espesores de 1 m de hormig\u00f3n o unos pocos cm de plomo, por lo que cuando se utilizan fuentes radiactivas que emiten este tipo de radiaci\u00f3n, hay que utilizar blindajes adecuados.&#8221;<\/span><\/p>\n<p style=\"text-align: justify;\">Pero sigamos con nuestro trabajo de hoy. El <a href=\"http:\/\/www.emiliosilveravazquez.com\/blog\/2011\/04\/30\/%C2%BFdonde-estaba-la-materia-perdida\/#\"><a href=\"#\" onclick=\"referencia('neutron',event); return false;\">neutr\u00f3n<\/a><\/a> dio a los f\u00edsicos otra prueba palpable de la existencia del <a href=\"http:\/\/www.emiliosilveravazquez.com\/blog\/2011\/04\/30\/%C2%BFdonde-estaba-la-materia-perdida\/#\">neutrino<\/a>.\u00a0 Como ya he comentado en otras ocasiones, casi todas las part\u00edculas describen un movimiento rotatorio. Esta rotaci\u00f3n se expresa, m\u00e1s o menos, en m\u00faltiples de una mitad seg\u00fan la direcci\u00f3n del giro.\u00a0 Ahora bien, el <a href=\"http:\/\/www.emiliosilveravazquez.com\/blog\/2011\/04\/30\/%C2%BFdonde-estaba-la-materia-perdida\/#\"><a href=\"#\" onclick=\"referencia('proton',event); return false;\">prot\u00f3n<\/a><\/a>, el <a href=\"http:\/\/www.emiliosilveravazquez.com\/blog\/2011\/04\/30\/%C2%BFdonde-estaba-la-materia-perdida\/#\"><a href=\"#\" onclick=\"referencia('neutron',event); return false;\">neutr\u00f3n<\/a><\/a> y el <a href=\"http:\/\/www.emiliosilveravazquez.com\/blog\/2011\/04\/30\/%C2%BFdonde-estaba-la-materia-perdida\/#\">electr\u00f3n<\/a> tienen rotaci\u00f3n de una mitad. Por tanto, si el <a href=\"http:\/\/www.emiliosilveravazquez.com\/blog\/2011\/04\/30\/%C2%BFdonde-estaba-la-materia-perdida\/#\"><a href=\"#\" onclick=\"referencia('neutron',event); return false;\">neutr\u00f3n<\/a><\/a> con rotaci\u00f3n de una mitad origina un <a href=\"http:\/\/www.emiliosilveravazquez.com\/blog\/2011\/04\/30\/%C2%BFdonde-estaba-la-materia-perdida\/#\"><a href=\"#\" onclick=\"referencia('proton',event); return false;\">prot\u00f3n<\/a><\/a> y un <a href=\"http:\/\/www.emiliosilveravazquez.com\/blog\/2011\/04\/30\/%C2%BFdonde-estaba-la-materia-perdida\/#\">electr\u00f3n<\/a>, cada uno con rotaci\u00f3n de una mitad, \u00bfqu\u00e9 sucede con la ley sobre conservaci\u00f3n del momento angular? Aqu\u00ed hay alg\u00fan error. El <a href=\"http:\/\/www.emiliosilveravazquez.com\/blog\/2011\/04\/30\/%C2%BFdonde-estaba-la-materia-perdida\/#\"><a href=\"#\" onclick=\"referencia('proton',event); return false;\">prot\u00f3n<\/a><\/a> y el <a href=\"http:\/\/www.emiliosilveravazquez.com\/blog\/2011\/04\/30\/%C2%BFdonde-estaba-la-materia-perdida\/#\">electr\u00f3n<\/a> totalizan una mitad con sus rotaciones (si ambas rotaciones siguen la misma direcci\u00f3n) o cero (si sus rotaciones son opuestas); pero sus rotaciones no pueden sumar jam\u00e1s una mitad. Sin embargo, por otra parte, el <a href=\"http:\/\/www.emiliosilveravazquez.com\/blog\/2011\/04\/30\/%C2%BFdonde-estaba-la-materia-perdida\/#\">neutrino<\/a> viene a solventar la cuesti\u00f3n.<\/p>\n<p style=\"text-align: justify;\">Supongamos que la rotaci\u00f3n del <a href=\"http:\/\/www.emiliosilveravazquez.com\/blog\/2011\/04\/30\/%C2%BFdonde-estaba-la-materia-perdida\/#\"><a href=\"#\" onclick=\"referencia('neutron',event); return false;\">neutr\u00f3n<\/a><\/a> sea +\u00bd. Y admitamos tambi\u00e9n que la rotaci\u00f3n del <a href=\"http:\/\/www.emiliosilveravazquez.com\/blog\/2011\/04\/30\/%C2%BFdonde-estaba-la-materia-perdida\/#\"><a href=\"#\" onclick=\"referencia('proton',event); return false;\">prot\u00f3n<\/a><\/a> sea +\u00bd y la del <a href=\"http:\/\/www.emiliosilveravazquez.com\/blog\/2011\/04\/30\/%C2%BFdonde-estaba-la-materia-perdida\/#\">electr\u00f3n<\/a> -\u00bd, para dar un resultado neto de o. Demos ahora al <a href=\"http:\/\/www.emiliosilveravazquez.com\/blog\/2011\/04\/30\/%C2%BFdonde-estaba-la-materia-perdida\/#\">neutrino<\/a> una rotaci\u00f3n de +\u00bd, y la balanza quedar\u00e1 equilibrada.<\/p>\n<p style=\"text-align: justify;\"><strong>+\u00bd(n)=+\u00bd(p)-\u00bd(e)+\u00bd(neutrino)<\/strong><\/p>\n<p style=\"text-align: justify;\">Pero aun queda algo por equilibrar.\u00a0 Una sola part\u00edcula (el <a href=\"http:\/\/www.emiliosilveravazquez.com\/blog\/2011\/04\/30\/%C2%BFdonde-estaba-la-materia-perdida\/#\"><a href=\"#\" onclick=\"referencia('neutron',event); return false;\">neutr\u00f3n<\/a><\/a>) ha formado dos part\u00edculas (el <a href=\"http:\/\/www.emiliosilveravazquez.com\/blog\/2011\/04\/30\/%C2%BFdonde-estaba-la-materia-perdida\/#\"><a href=\"#\" onclick=\"referencia('proton',event); return false;\">prot\u00f3n<\/a><\/a> y el <a href=\"http:\/\/www.emiliosilveravazquez.com\/blog\/2011\/04\/30\/%C2%BFdonde-estaba-la-materia-perdida\/#\">electr\u00f3n<\/a>), y, si incluimos el <a href=\"http:\/\/www.emiliosilveravazquez.com\/blog\/2011\/04\/30\/%C2%BFdonde-estaba-la-materia-perdida\/#\">neutrino<\/a>, tres part\u00edculas.\u00a0 Parece m\u00e1s razonable suponer que el <a href=\"http:\/\/www.emiliosilveravazquez.com\/blog\/2011\/04\/30\/%C2%BFdonde-estaba-la-materia-perdida\/#\"><a href=\"#\" onclick=\"referencia('neutron',event); return false;\">neutr\u00f3n<\/a><\/a> se convierte en dos part\u00edculas y una antipart\u00edcula.\u00a0 En otras palabras: lo que realmente necesitamos equilibrar no es un <a href=\"http:\/\/www.emiliosilveravazquez.com\/blog\/2011\/04\/30\/%C2%BFdonde-estaba-la-materia-perdida\/#\">neutrino<\/a>, sino un antineutrino.<\/p>\n<h2><\/h2>\n<p style=\"text-align: justify;\"><a href=\"http:\/\/universitam.com\/academicos\/wp-content\/uploads\/2011\/11\/ANTINEUTRINOS.png\"><img decoding=\"async\" loading=\"lazy\" class=\"\" title=\"ANTINEUTRINOS\" src=\"http:\/\/universitam.com\/academicos\/wp-content\/uploads\/2011\/11\/ANTINEUTRINOS.png\" alt=\"\" width=\"575\" height=\"412\" \/><\/a><\/p>\n<p style=\"text-align: justify;\">&#8220;25 noviembre 2011. F\u00edsicos investigadores trabajando en el experimento Double Chooz han detectado la desaparici\u00f3n de antineutrinos electr\u00f3nicos durante su recorrido desde el n\u00facleo de los reactores hasta el detector situado a algo mas de 1 Km de distancia.<\/p>\n<p style=\"text-align: justify;\">Este resultado, que ha sido presentado en la Conferencia LowNu de Seul, en Corea, servir\u00e1 para determinar el valor del hasta ahora desconocido \u00e1ngulo de mezcla q13, que es un par\u00e1metro fundamental con importantes implicaciones para la f\u00edsica de part\u00edculas y de astro-part\u00edculas.&#8221;<\/p>\n<p style=\"text-align: justify;\">Pero sigamos con lo nuestro. El propio <a href=\"http:\/\/www.emiliosilveravazquez.com\/blog\/2011\/04\/30\/%C2%BFdonde-estaba-la-materia-perdida\/#\">neutrino<\/a> surgir\u00eda de la conversaci\u00f3n de un <a href=\"http:\/\/www.emiliosilveravazquez.com\/blog\/2011\/04\/30\/%C2%BFdonde-estaba-la-materia-perdida\/#\"><a href=\"#\" onclick=\"referencia('proton',event); return false;\">prot\u00f3n<\/a><\/a> en un <a href=\"http:\/\/www.emiliosilveravazquez.com\/blog\/2011\/04\/30\/%C2%BFdonde-estaba-la-materia-perdida\/#\"><a href=\"#\" onclick=\"referencia('neutron',event); return false;\">neutr\u00f3n<\/a><\/a>.\u00a0 As\u00ed, pues, los productos ser\u00edan un <a href=\"http:\/\/www.emiliosilveravazquez.com\/blog\/2011\/04\/30\/%C2%BFdonde-estaba-la-materia-perdida\/#\"><a href=\"#\" onclick=\"referencia('neutron',event); return false;\">neutr\u00f3n<\/a><\/a> (part\u00edcula), un positr\u00f3n (antipart\u00edcula) y un <a href=\"http:\/\/www.emiliosilveravazquez.com\/blog\/2011\/04\/30\/%C2%BFdonde-estaba-la-materia-perdida\/#\">neutrino<\/a> (part\u00edcula). Esto tambi\u00e9n equilibra la balanza.<\/p>\n<p style=\"text-align: justify;\">En otras palabras, la existencia de <a href=\"http:\/\/www.emiliosilveravazquez.com\/blog\/2011\/04\/30\/%C2%BFdonde-estaba-la-materia-perdida\/#\">neutrinos<\/a> y antineutrinos deber\u00eda salvar no una, sino tres, importantes leyes de conservaci\u00f3n: la conservaci\u00f3n de la energ\u00eda, la de conservaci\u00f3n del <a href=\"http:\/\/www.emiliosilveravazquez.com\/blog\/2011\/04\/30\/%C2%BFdonde-estaba-la-materia-perdida\/#\"><a href=\"#\" onclick=\"referencia('espin',event); return false;\">esp\u00edn<\/a><\/a> y la de conservaci\u00f3n de part\u00edcula\/antipart\u00edcula.<\/p>\n<p style=\"text-align: justify;\">Es importante conservar esas leyes puesto que parece estar presentes en toda clase de reacciones nucleares que no impliquen <a href=\"http:\/\/www.emiliosilveravazquez.com\/blog\/2011\/04\/30\/%C2%BFdonde-estaba-la-materia-perdida\/#\">electrones<\/a> o positrones, y ser\u00eda muy \u00fatil si tambi\u00e9n se hallasen presentes en reacciones que incluyesen esas part\u00edculas.<\/p>\n<p>&nbsp;<\/p>\n<blockquote><p><img decoding=\"async\" loading=\"lazy\" class=\"\" src=\"https:\/\/media1.giphy.com\/media\/IynNkabYyRyEg\/200w.gif?cid=82a1493btmk4cqe3cymqpdfb8ehmt1j31f0evbk5pwwayndl&amp;rid=200w.gif&amp;ct=g\" alt=\"Nuclear Energy Fusion GIF by MIT - Find &amp; Share on GIPHY\" width=\"363\" height=\"432\" \/><\/p>\n<p>&nbsp;<\/p><\/blockquote>\n<p style=\"text-align: justify;\">Las m\u00e1s importantes conversiones <a href=\"http:\/\/www.emiliosilveravazquez.com\/blog\/2011\/04\/30\/%C2%BFdonde-estaba-la-materia-perdida\/#\"><a href=\"#\" onclick=\"referencia('proton',event); return false;\">prot\u00f3n<\/a><\/a>&#8211;<a href=\"http:\/\/www.emiliosilveravazquez.com\/blog\/2011\/04\/30\/%C2%BFdonde-estaba-la-materia-perdida\/#\"><a href=\"#\" onclick=\"referencia('neutron',event); return false;\">neutr\u00f3n<\/a><\/a> son las relaciones con las reacciones nucleares que se desarrollan en el Sol y en los astros.\u00a0 Por consiguiente, las estrellas emiten radiaciones r\u00e1pidas de <a href=\"http:\/\/www.emiliosilveravazquez.com\/blog\/2011\/04\/30\/%C2%BFdonde-estaba-la-materia-perdida\/#\">neutrinos<\/a>, y se calcula que tal vez pierdan a causa de esto el 6 u 8 % de su energ\u00eda.\u00a0 Pero eso, ser\u00eda meternos en otra historia y, por mi parte, con la anterior explicaci\u00f3n solo trataba de dar una muestra del ingenio del hombre que, como habr\u00e9is visto, no es poco.<\/p>\n<p style=\"text-align: justify;\">Desde que puedo recordar, he sido un amante de la F\u00edsica. Me asombran cuestiones como la luz, su naturaleza de un conglomerado de colores, ondas y part\u00edculas, su velocidad que nos marca el l\u00edmite del m\u00e1ximo que podemos correr en nuestro Universo, y en fin, muchos otros misterios que encierra esa cosa tan cotidiana que nos rodea y lo inunda todo haciendo posible que podamos ver por donde vamos, que las plantas vivan y emitan ox\u00edgeno o que nos calentemos.\u00a0 Realmente, sin luz, nuestra vida no ser\u00eda posible.<\/p>\n<p style=\"text-align: justify;\"><strong>Entonces, \u00bfQu\u00e9 es realmente la luz?<\/strong><\/p>\n<p>&nbsp;<\/p>\n<blockquote>\n<p style=\"text-align: justify;\"><img decoding=\"async\" loading=\"lazy\" class=\"\" src=\"http:\/\/4.bp.blogspot.com\/_IP-xhn2P2rQ\/TFCjomVvx2I\/AAAAAAAAFKY\/kRnnTV5fVxs\/s1600\/4.jpg\" alt=\"\" width=\"541\" height=\"733\" \/><\/p>\n<\/blockquote>\n<p style=\"text-align: justify;\"><strong>\u00a0\u00a0\u00a0\u00a0\u00a0 S\u00ed, hemos llegado a saber muchas cosas pero&#8230; lo que realmente es la luz&#8230;queda lejos a\u00fan<\/strong><\/p>\n<p style=\"text-align: justify;\">Generalmente es sabido que &#8220;todos&#8221; opinan que la luz,\u00a0 es algo inmaterial. Los objetos materiales, grandes o muy peque\u00f1os como las galaxias o los <a href=\"http:\/\/www.emiliosilveravazquez.com\/blog\/2011\/04\/30\/%C2%BFdonde-estaba-la-materia-perdida\/#\">electrones<\/a>, son materia.\u00a0 La luz, sin embargo, se cree que es inmaterial, dos rayos de luz se cruzan sin afectarse el uno al otro. Sin embargo, yo opino que la luz es simplemente una forma de energ\u00eda lum\u00ednica, otra forma en la que se puede presentar la materia. Ya nos lo dijo <a href=\"#\" onclick=\"referencia('einstein',event); return false;\">Einstein<\/a>: E = mc<sup>2<\/sup>, y, si materia es energ\u00eda y energ\u00eda materia&#8230; \u00bfQu\u00e9 es el fot\u00f3n?<\/p>\n<p style=\"text-align: justify;\">Est\u00e1 claro que, los estudiosos de la \u00e9poca antigua y medieval estaban por completo a oscuras acerca de la naturaleza de la luz. Especulaban sobre que consist\u00eda en part\u00edculas emitidas por objetos relucientes o tal vez por el mismo ojo. Establecieron el hecho de que la luz viajaba en l\u00ednea recta, que se reflejaba en un espejo con un \u00e1ngulo igual a aquel con el que el rayo choca con el espejo, y que un rayo de luz se inclina (se refracta) cuando pasa del aire al cristal, al agua o a cualquier otra sustancia transparente.<\/p>\n<p style=\"text-align: justify;\">Cuando la luz entra en un cristal, o en alguna sustancia transparente, de una forma oblicua (es decir, en un \u00e1ngulo respecto de la vertical), siempre se refracta en una direcci\u00f3n que forma un \u00e1ngulo menor respecto de la vertical.\u00a0 La exacta relaci\u00f3n entre el \u00e1ngulo original y el \u00e1ngulo reflejado fue elaborada por primera vez en 1.621 por el f\u00edsico neerland\u00e9s Willerbrord Snell.\u00a0 No public\u00f3 sus hallazgos y el fil\u00f3sofo franc\u00e9s Ren\u00e9 Descartes descubri\u00f3 la ley, independientemente, en 1.637.<\/p>\n<p>&nbsp;<\/p>\n<p style=\"text-align: justify;\">\u00a0 \u00a0 \u00a0 \u00a0 \u00a0 \u00a0 \u00a0 \u00a0 \u00a0 \u00a0 \u00a0 \u00a0 \u00a0 \u00a0 \u00a0 \u00a0 \u00a0 \u00a0 \u00a0 \u00a0 \u00a0 \u00a0 \u00a0 \u00a0 \u00a0 \u00a0<img decoding=\"async\" loading=\"lazy\" class=\"\" src=\"http:\/\/2.bp.blogspot.com\/_ZUNFycUufDo\/TMr8cWXYAwI\/AAAAAAAAAIU\/TpygCwq_03U\/s1600\/20070717klphisuni_185_Ies_SCO.jpg\" alt=\"\" width=\"353\" height=\"240\" \/><\/p>\n<p>&nbsp;<\/p>\n<p style=\"text-align: justify;\">Los primeros experimentos importantes acerca de la naturaleza de la luz fueron llevados a cabo por Isaac <a href=\"http:\/\/www.emiliosilveravazquez.com\/blog\/2011\/04\/30\/%C2%BFdonde-estaba-la-materia-perdida\/#\"><a href=\"#\" onclick=\"referencia('newton',event); return false;\">Newton<\/a><\/a> en 1.666, al permitir que un rayo de luz entrase en una habitaci\u00f3n oscura a trav\u00e9s de una grieta e las persianas, cayendo oblicuamente sobre una cara de un prisma de cristal triangular. El rayo se refracta cuando entra en el cristal y se refracta a\u00fan m\u00e1s en la misma direcci\u00f3n cuando sale por una segunda cara del prisma. (Las dos refracciones en la misma direcci\u00f3n se originan por que los dos lados del prisma de se encuentran en \u00e1ngulo en vez de en forma paralela, como ser\u00eda el caso en una l\u00e1mina ordinaria de cristal.)<\/p>\n<p style=\"text-align: justify;\"><a href=\"http:\/\/www.emiliosilveravazquez.com\/blog\/2011\/04\/30\/%C2%BFdonde-estaba-la-materia-perdida\/#\"><a href=\"#\" onclick=\"referencia('newton',event); return false;\">Newton<\/a><\/a> atrap\u00f3 el rayo emergente sobre una pantalla blanca para ver el efecto de la refracci\u00f3n reforzada.\u00a0 Descubri\u00f3 que, en vez de formar una mancha de luz blanca, el rayo se extend\u00eda en una gama de colores: rojo, anaranjado, amarillo, verde, azul, y violeta, en este orden.<\/p>\n<p style=\"text-align: justify;\"><a href=\"http:\/\/www.emiliosilveravazquez.com\/blog\/2011\/04\/30\/%C2%BFdonde-estaba-la-materia-perdida\/#\"><a href=\"#\" onclick=\"referencia('newton',event); return false;\">Newton<\/a><\/a> dedujo de ello que la luz blanca corriente era una mezcla de varias luces que excitaban por separado nuestros ojos para producir las diversas sensaciones de colores.\u00a0 La amplia banda de sus componentes se denomin\u00f3 espectrun (palabra latina que significa \u201cespectro\u201d fantasma).<a href=\"http:\/\/www.emiliosilveravazquez.com\/blog\/2011\/04\/30\/%C2%BFdonde-estaba-la-materia-perdida\/#\"> <a href=\"#\" onclick=\"referencia('newton',event); return false;\">Newton<\/a><\/a> lleg\u00f3 a la conclusi\u00f3n de que la luz se compon\u00eda de diminutas part\u00edculas (\u201ccorp\u00fasculos\u201d), que viajaban a enormes velocidades.<\/p>\n<p style=\"text-align: justify;\">Le surgieron y se plante\u00f3 algunas inquietudes cuestiones. \u00bfPor qu\u00e9 se refractaban las part\u00edculas de luz verde m\u00e1s que los de luz amarilla? \u00bfC\u00f3mo se explicaba que dos rayos de luz se cruzaran sin perturbase mutuamente, es decir, sin que se produjeran colisiones entre part\u00edculas?<\/p>\n<p>&nbsp;<\/p>\n<div><a href=\"http:\/\/2.bp.blogspot.com\/_AyO6OKFWAQI\/S9XALfVp0kI\/AAAAAAAAABs\/vEq1q3FEQfw\/s1600\/huygens.jpg\"><img decoding=\"async\" loading=\"lazy\" id=\"BLOGGER_PHOTO_ID_5464485026507379266\" class=\"\" src=\"http:\/\/2.bp.blogspot.com\/_AyO6OKFWAQI\/S9XALfVp0kI\/AAAAAAAAABs\/vEq1q3FEQfw\/s320\/huygens.jpg\" alt=\"\" width=\"450\" height=\"623\" border=\"0\" \/><\/a><\/div>\n<div><\/div>\n<p style=\"text-align: justify;\">En 1.678, el f\u00edsico neerland\u00e9s<strong> Christian Huyghens<\/strong> (un cient\u00edfico polifac\u00e9tico que hab\u00eda construido el primer reloj de p\u00e9ndulo y realizado importantes trabajos astron\u00f3micos. Hoy, la sonda en Tit\u00e1n, lleva su nombre) propuso una teor\u00eda opuesta: la de que la luz se compon\u00eda de min\u00fasculas ondas. Y si sus componentes fueran ondas, no ser\u00eda dif\u00edcil explicar los diversos difracciones de los diferentes tipos de luz a trav\u00e9s de un medio refractante, siempre y cuando se aceptara que la luz se mov\u00eda m\u00e1s despacio en ese medio refractante que en el aire.\u00a0 La cantidad de refracci\u00f3n variar\u00eda con la longitud de las ondas: cuanto m\u00e1s corta fuese tal longitud, tanto mayor ser\u00eda la refracci\u00f3n.\u00a0\u00a0 Ello significaba que la luz violeta (la m\u00e1s sensible a este fen\u00f3meno) deb\u00eda de tener una longitud de onda mas corta que la luz azul, \u00e9sta, m\u00e1s corta que la verde, y as\u00ed sucesivamente.<\/p>\n<p style=\"text-align: justify;\">Lo que permit\u00eda al ojo distinguir los colores eran esas diferencias entre longitudes de onda.\u00a0 Y, como es natural, si la luz estaba integrada por ondas, dos rayos podr\u00edan cruzarse sin dificultad alguna.\u00a0 (Las ondas sonoras y las del agua se cruzan continuamente sin perder sus respectivas identidades.)<\/p>\n<p>&nbsp;<\/p>\n<p><img decoding=\"async\" src=\"http:\/\/4.bp.blogspot.com\/_AGSpYDvydis\/Swmu0IX8-fI\/AAAAAAAASHI\/2cH86nFUE70\/s1600\/luz+3.jpeg\" alt=\"http:\/\/4.bp.blogspot.com\/_AGSpYDvydis\/Swmu0IX8-fI\/AAAAAAAASHI\/2cH86nFUE70\/s1600\/luz+3.jpeg\" \/><\/p>\n<p>&nbsp;<\/p>\n<p style=\"text-align: justify;\">Pero la teor\u00eda de Huyqhens sobre las ondas tampoco fue muy satisfactoria. No explicaba por qu\u00e9 se mov\u00edan en l\u00ednea recta los rayos luminosos; ni por qu\u00e9 proyectaban sobras recortadas; ni aclaraba por qu\u00e9 las ondas luminosas no pod\u00edan rodear los obst\u00e1culos, del mismo modo que pueden hacerlo las ondas sonoras y de agua.\u00a0 Por a\u00f1adidura, se objetaba que si la luz consist\u00eda en ondas, \u00bfC\u00f3mo pod\u00eda viajar por el vac\u00edo, ya que cruzaba el espacio desde el Sol y las Estrellas? \u00bfCu\u00e1l era esa mec\u00e1nica ondulatoria?<\/p>\n<p style=\"text-align: justify;\">Muchos otros han tratado de profundizar en la naturaleza de la Luz, y, aunque sabemos bastante de ella, no por eso podemos decir a ciencia cierta: \u00a1Sabemos lo que la luz es!, ya que, la Naturaleza, esconde algunos secretos que tenemos que desvelar y, al igual que nos pasa con nuestras mentes, no hemos podido resolver el problema, principalmente, porque nosotros somos parte integrante de \u00e9l:<\/p>\n<p>&nbsp;<\/p>\n<p><img decoding=\"async\" loading=\"lazy\" class=\"\" src=\"https:\/\/encrypted-tbn0.gstatic.com\/images?q=tbn:ANd9GcTTnGEE1ZerZRPxcEzYTn__mh71YftoLBOEpHFOhD9h-tS4R5zygzzlkKH2_dPO7nqd8U4&amp;usqp=CAU\" alt=\"Somos Universo - Somos energ\u00eda, luz y esencia, somos part\u00edculas de creatividad, somos instante y eternidad, Somos Universo... | Facebook\" width=\"235\" height=\"224\" \/><img decoding=\"async\" loading=\"lazy\" class=\"\" src=\"https:\/\/encrypted-tbn0.gstatic.com\/images?q=tbn:ANd9GcS-hcTkRhXmEk3_229M1IqgK2i5dPkeWS1T8B-Kkdp2SGZbwA8NE-s9RRZ2tO_BuBR7iNQ&amp;usqp=CAU\" alt=\"En Orbita Lunar: SOMOS UNIVERSO\" width=\"298\" height=\"223\" \/><\/p>\n<p style=\"text-align: justify;\"><strong>\u00a0 \u00a0 \u00a0 \u00a0 \u00a0 \u00a1Somos Universo, Somos luz, Somos Pensamientos!<\/strong><\/p>\n<p style=\"text-align: justify;\">Pero, \u00bfno estaba hablando de los extra\u00f1os fen\u00f3menos de la mec\u00e1nica cu\u00e1ntica? No puedo remediarlo, veo pasar una idea por delante de mi mente y&#8230;la sigo. Como nos dec\u00eda el inolvidable Richard Feyman;<\/p>\n<blockquote>\n<p style=\"text-align: justify;\">\u201c<em>Creo que es justo decir que nadie comprende la mec\u00e1nica cu\u00e1ntica. No siga dici\u00e9ndose a s\u00ed mismo, si puede evitarlo, \u201c\u00bfpero c\u00f3mo puede ser as\u00ed?\u201d porque usted se meter\u00e1 \u201chasta el fondo\u201d en un callej\u00f3n sin salida del que nadie ha escapado.\u00a0 Nadie sabe como puede ser eso<\/em>\u201d. De hecho, a menudo se ha dicho que de todas las teor\u00edas propuestas en el siglo XX, la m\u00e1s absurda es la teor\u00eda cu\u00e1ntica. Algunos dicen que la \u00fanica cosa que la teor\u00eda tiene a su favor es que \u201ces indudablemente correcta\u201d.<\/p>\n<p>&nbsp;<\/p><\/blockquote>\n<p style=\"text-align: justify;\"><img decoding=\"async\" loading=\"lazy\" id=\"il_fi\" class=\"\" src=\"http:\/\/3.bp.blogspot.com\/_Fdz_h1SGlpU\/TOxDKF-zImI\/AAAAAAAAADs\/1dcajUmYYd4\/s1600\/cylbas.gif\" alt=\"\" width=\"518\" height=\"399\" \/><\/p>\n<p style=\"text-align: justify;\">La f\u00edsica cu\u00e1ntica empez\u00f3 a ense\u00f1arnos que no debemos estar tan seguros de las reglas del espacio y del tiempo, que hasta ese entonces parec\u00edan muy confiables e invariables.<\/p>\n<p style=\"text-align: justify;\">Hace alg\u00fan tiempo que sali\u00f3 la noticia un descubrimiento en la universidad de Oxford que confirma una pol\u00e9mica teor\u00eda sobre el espacio y el tiempo. La teor\u00eda de los Muchos Mundos, presentada a la comunidad cient\u00edfica hace exactamente 50 a\u00f1os, propon\u00eda que existen un n\u00famero infinito de realidades: una para cada posible escenario producto de cada decisi\u00f3n que cada ser viviente toma en cada momento de su vida.<\/p>\n<p style=\"text-align: justify;\">Esto nos lleva a un escenario con tantos universos como decisiones e interacciones posibles, multiplicado por tantos seres vivientes como existan. La teor\u00eda de los Muchos Mundos se plante\u00f3 como una respuesta al extra\u00f1o comportamiento que tiene la materia a nivel subat\u00f3mico. En la primera mitad del siglo XX la ciencia permiti\u00f3 por primera vez observar lo muy peque\u00f1o, y la realidad a ese nivel dej\u00f3 perplejos a los cient\u00edficos.<\/p>\n<p style=\"text-align: justify;\">En esas dimensiones hay paradojas que chocan contra el sentido com\u00fan, como por ejemplo el hecho de que una part\u00edcula subat\u00f3mica puede estar en dos sitios al mismo tiempo. Esta revista puede estar en sus manos o en el librero, pero no puede estar en sus manos y en el librero al mismo tiempo. La f\u00edsica cu\u00e1ntica empez\u00f3 a ense\u00f1arnos que no debemos estar tan seguros de las reglas del espacio y del tiempo, que hasta ese entonces parec\u00edan muy confiables e invariables.<\/p>\n<p>&nbsp;<\/p>\n<p style=\"text-align: justify;\">\u00a0 \u00a0 \u00a0 \u00a0 \u00a0 \u00a0 \u00a0 \u00a0 \u00a0 \u00a0 \u00a0 \u00a0 \u00a0 \u00a0 \u00a0 \u00a0 \u00a0 \u00a0 \u00a0 \u00a0 \u00a0 \u00a0 \u00a0<img decoding=\"async\" src=\"http:\/\/www.oconowocc.com\/wp-content\/uploads\/2011\/05\/1231.jpg\" alt=\"http:\/\/www.oconowocc.com\/wp-content\/uploads\/2011\/05\/1231.jpg\" \/><\/p>\n<p style=\"text-align: justify;\">Es dif\u00edcil comprender que podamos estar, al mismo tiempo, en este mundo y en otro mucho m\u00e1s lejano que, situado en otra galaxia, nos pueda estar dando acogida al mismo tiempo que lo hace la V\u00eda L\u00e1ctea. Sin embargo, en el caso de las part\u00edculas subat\u00f3micas y, seg\u00fan la extra\u00f1a mec\u00e1nica cu\u00e1ntica, eso ser\u00eda posible.<\/p>\n<blockquote>\n<p style=\"text-align: justify;\"><strong>Emilio Silvera V.<\/strong><\/p>\n<\/blockquote>\n<div class='bookmark'>\r\n\t\t<table align='left' border='0' cellpadding='0' width='100%'>\r\n\t\t<tr><td><span class='pushbutton'><a href='http:\/\/delicious.com\/post?url=https%3A%2F%2Fwww.emiliosilveravazquez.com%2Fblog%2F2025%2F10%2F27%2Fla-fisica-que-en-su-apartado-cuantico-es-extrana%2F&amp;title=%C2%A1La+F%C3%ADsica%21+Que+en+su+apartado+cu%C3%A1ntico%26%238230%3B%C2%A1Es+extra%C3%B1a%21' title='Delicious' target='_blank' rel='nofollow'><img src='https:\/\/www.emiliosilveravazquez.com\/blog\/wp-content\/plugins\/knxdt-bookmarks-wordpress-plugin\/images\/delicious.png'  alt='' class='book_img' border='none' style='margin:1px; padding: 0;'  \/><\/a><\/span><span class='pushbutton'><a href='http:\/\/digg.com\/submit?url=https%3A%2F%2Fwww.emiliosilveravazquez.com%2Fblog%2F2025%2F10%2F27%2Fla-fisica-que-en-su-apartado-cuantico-es-extrana%2F&amp;title=%C2%A1La+F%C3%ADsica%21+Que+en+su+apartado+cu%C3%A1ntico%26%238230%3B%C2%A1Es+extra%C3%B1a%21' title='Digg' target='_blank' rel='nofollow'><img src='https:\/\/www.emiliosilveravazquez.com\/blog\/wp-content\/plugins\/knxdt-bookmarks-wordpress-plugin\/images\/digg.png'  alt='' class='book_img' border='none' style='margin:1px; padding: 0;'  \/><\/a><\/span><span class='pushbutton'><a href='http:\/\/www.google.com\/bookmarks\/mark?op=edit&amp;bkmk=https%3A%2F%2Fwww.emiliosilveravazquez.com%2Fblog%2F2025%2F10%2F27%2Fla-fisica-que-en-su-apartado-cuantico-es-extrana%2F&amp;title=%C2%A1La+F%C3%ADsica%21+Que+en+su+apartado+cu%C3%A1ntico%26%238230%3B%C2%A1Es+extra%C3%B1a%21' title='Google' target='_blank' rel='nofollow'><img src='https:\/\/www.emiliosilveravazquez.com\/blog\/wp-content\/plugins\/knxdt-bookmarks-wordpress-plugin\/images\/google.png'   alt='' class='book_img' border='none' style='margin:1px; padding: 0;'  \/><\/a><\/span><span class='pushbutton'><a href='http:\/\/myweb2.search.yahoo.com\/myresults\/bookmarklet?u=https%3A%2F%2Fwww.emiliosilveravazquez.com%2Fblog%2F2025%2F10%2F27%2Fla-fisica-que-en-su-apartado-cuantico-es-extrana%2F&amp;t=%C2%A1La+F%C3%ADsica%21+Que+en+su+apartado+cu%C3%A1ntico%26%238230%3B%C2%A1Es+extra%C3%B1a%21' title='Yahoo' target='_blank' rel='nofollow'><img src='https:\/\/www.emiliosilveravazquez.com\/blog\/wp-content\/plugins\/knxdt-bookmarks-wordpress-plugin\/images\/yahoo.png'  alt='' class='book_img' border='none' style='margin:1px; padding: 0;'  \/><\/a><\/span><span class='pushbutton'><a href='http:\/\/www.technorati.com\/faves?add=https%3A%2F%2Fwww.emiliosilveravazquez.com%2Fblog%2F2025%2F10%2F27%2Fla-fisica-que-en-su-apartado-cuantico-es-extrana%2F' title='Technorati' target='_blank' rel='nofollow'><img src='https:\/\/www.emiliosilveravazquez.com\/blog\/wp-content\/plugins\/knxdt-bookmarks-wordpress-plugin\/images\/technorati.png'  alt='' class='book_img' border='none' style='margin:1px; padding: 0;'  \/><\/a><\/span><span class='pushbutton'><a href='http:\/\/meneame.net\/submit.php?url=https%3A%2F%2Fwww.emiliosilveravazquez.com%2Fblog%2F2025%2F10%2F27%2Fla-fisica-que-en-su-apartado-cuantico-es-extrana%2F' title='Meneame' target='_blank' rel='nofollow'><img src='https:\/\/www.emiliosilveravazquez.com\/blog\/wp-content\/plugins\/knxdt-bookmarks-wordpress-plugin\/images\/meneame.png'  alt='' class='book_img' border='none' style='margin:1px; padding: 0;'  \/><\/a><\/span><span class='pushbutton'><a href='http:\/\/enchilame.com\/submit.php?url=https:\/\/www.emiliosilveravazquez.com\/blog\/2025\/10\/27\/la-fisica-que-en-su-apartado-cuantico-es-extrana\/' target='_blank' rel='nofollow'><img title='Enchilame' src='https:\/\/www.emiliosilveravazquez.com\/blog\/wp-content\/plugins\/knxdt-bookmarks-wordpress-plugin\/images\/enchilame.png'  alt='' class='book_img' border='none' style='margin:1px; padding: 0;'  \/><\/a><\/span><span class='pushbutton'><a href='http:\/\/www.blinklist.com\/index.php?Action=Blink\/addblink.php&amp;Description=&amp;Url=https%3A%2F%2Fwww.emiliosilveravazquez.com%2Fblog%2F2025%2F10%2F27%2Fla-fisica-que-en-su-apartado-cuantico-es-extrana%2F&amp;title=%C2%A1La+F%C3%ADsica%21+Que+en+su+apartado+cu%C3%A1ntico%26%238230%3B%C2%A1Es+extra%C3%B1a%21' title='BlinkList' target='_blank' rel='nofollow'><img src='https:\/\/www.emiliosilveravazquez.com\/blog\/wp-content\/plugins\/knxdt-bookmarks-wordpress-plugin\/images\/blinklist.png'  alt='' class='book_img' border='none' style='margin:1px; padding: 0;'  \/><\/a><\/span><span class='pushbutton'><a href='http:\/\/reddit.com\/submit?url=https%3A%2F%2Fwww.emiliosilveravazquez.com%2Fblog%2F2025%2F10%2F27%2Fla-fisica-que-en-su-apartado-cuantico-es-extrana%2F&amp;title=%C2%A1La+F%C3%ADsica%21+Que+en+su+apartado+cu%C3%A1ntico%26%238230%3B%C2%A1Es+extra%C3%B1a%21' title='Reddit' target='_blank' rel='nofollow'><img src='https:\/\/www.emiliosilveravazquez.com\/blog\/wp-content\/plugins\/knxdt-bookmarks-wordpress-plugin\/images\/reddit.png'  alt='' class='book_img' border='none' style='margin:1px; padding: 0;'  \/><\/a><\/span><span class='pushbutton'><a href='http:\/\/www.tecnologiadiaria.com\/2009\/07\/abrir-com-hotmail-correo.html' target='_blank' title='hotmail'><img src='https:\/\/www.emiliosilveravazquez.com\/blog\/wp-content\/plugins\/knxdt-bookmarks-wordpress-plugin\/images\/linklove.png' alt='hotmail correo' class='book_img' border='none' style='margin:1px; padding: 0;' \/><\/a><\/span><span class='pushbutton'><a href='http:\/\/bitacoras.com\/votar\/anotacion\/externo\/mini\/www.emiliosilveravazquez.com\/blog\/2025\/10\/27\/la-fisica-que-en-su-apartado-cuantico-es-extrana\/' title='Bitacoras.com' target='_blank' rel='nofollow'><img src='https:\/\/www.emiliosilveravazquez.com\/blog\/wp-content\/plugins\/knxdt-bookmarks-wordpress-plugin\/images\/bitacoras.png'  alt='' class='book_img' border='none' style='margin:1px; padding: 0;'  \/><\/a><\/span><span class='pushbutton'><a href='http:\/\/www.wikio.es\/vote?url=https%3A%2F%2Fwww.emiliosilveravazquez.com%2Fblog%2F2025%2F10%2F27%2Fla-fisica-que-en-su-apartado-cuantico-es-extrana%2F' title='Wikio' target='_blank' rel='nofollow'><img src='https:\/\/www.emiliosilveravazquez.com\/blog\/wp-content\/plugins\/knxdt-bookmarks-wordpress-plugin\/images\/wikio.png'   alt='' class='book_img' border='none' style='margin:1px; padding: 0;'   \/><\/a><\/span><span class='pushbutton'><a href='http:\/\/friendfeed.com\/?url=https%3A%2F%2Fwww.emiliosilveravazquez.com%2Fblog%2F2025%2F10%2F27%2Fla-fisica-que-en-su-apartado-cuantico-es-extrana%2F&amp;title=%C2%A1La+F%C3%ADsica%21+Que+en+su+apartado+cu%C3%A1ntico%26%238230%3B%C2%A1Es+extra%C3%B1a%21' title='Friend Feed' target='_blank' rel='nofollow'><img src='https:\/\/www.emiliosilveravazquez.com\/blog\/wp-content\/plugins\/knxdt-bookmarks-wordpress-plugin\/images\/friendfeed.png'  alt='' class='book_img' border='none' style='margin:1px; padding: 0;'  \/><\/a><\/span><span class='pushbutton'><a href='http:\/\/www.facebook.com\/share.php?u=https%3A%2F%2Fwww.emiliosilveravazquez.com%2Fblog%2F2025%2F10%2F27%2Fla-fisica-que-en-su-apartado-cuantico-es-extrana%2F&amp;t=%C2%A1La+F%C3%ADsica%21+Que+en+su+apartado+cu%C3%A1ntico%26%238230%3B%C2%A1Es+extra%C3%B1a%21' title='Facebook' target='_blank' rel='nofollow'><img src='https:\/\/www.emiliosilveravazquez.com\/blog\/wp-content\/plugins\/knxdt-bookmarks-wordpress-plugin\/images\/facebook.png'  alt='' class='book_img' border='none' style='margin:1px; padding: 0;'  \/><\/a><\/span><span class='pushbutton'><a href='http:\/\/twitter.com\/home?status=%C2%A1La+F%C3%ADsica%21+Que+en+su+apartado+cu%C3%A1ntico%26%238230%3B%C2%A1Es+extra%C3%B1a%21: https%3A%2F%2Fwww.emiliosilveravazquez.com%2Fblog%2F2025%2F10%2F27%2Fla-fisica-que-en-su-apartado-cuantico-es-extrana%2F' title='Twitter' target='_blank' rel='nofollow'><img src='https:\/\/www.emiliosilveravazquez.com\/blog\/wp-content\/plugins\/knxdt-bookmarks-wordpress-plugin\/images\/twitter.png'  alt='' class='book_img' border='none' style='margin:1px; padding: 0;'  \/><\/a><\/span><span class='pushbutton'><a href='http:\/\/www.feedburner.com\/fb\/a\/emailFlare?itemTitle=%C2%A1La+F%C3%ADsica%21+Que+en+su+apartado+cu%C3%A1ntico%26%238230%3B%C2%A1Es+extra%C3%B1a%21&amp;uri=https%3A%2F%2Fwww.emiliosilveravazquez.com%2Fblog%2F2025%2F10%2F27%2Fla-fisica-que-en-su-apartado-cuantico-es-extrana%2F' title='Enviar por Email' target='_blank' rel='nofollow'><img src='https:\/\/www.emiliosilveravazquez.com\/blog\/wp-content\/plugins\/knxdt-bookmarks-wordpress-plugin\/images\/email.png'  alt='' class='book_img' border='none' style='margin:1px; padding: 0;'  \/><\/a><\/span><span style='font-weight:bold; padding-left: 5px;'><a href='http:\/\/wordpress.org\/extend\/plugins\/knxdt-bookmarks-wordpress-plugin\/' title='Plugin' rel='nofollow' target='_blank'>[?]<\/a><\/span><\/td><\/tr><\/table><br\/><br\/><\/div>","protected":false},"excerpt":{"rendered":"<p>&nbsp; S\u00ed, muy extra\u00f1a pero&#8230;funciona. Cuando nos sumergimos en el mundo cu\u00e1ntico somos conscientes de que todo ese mundo fant\u00e1stico de lo muy peque\u00f1o va contra la intuici\u00f3n, en nada se parece a nuestro mundo macrosc\u00f3pico y, all\u00ed, suceden cosas que nos parecen imposibles. All\u00ed, en el &#8220;universo cu\u00e1ntico&#8221; se sustituye la continuidad por lo [&hellip;]<\/p>\n","protected":false},"author":2,"featured_media":0,"comment_status":"open","ping_status":"open","sticky":false,"template":"","format":"standard","meta":{"_s2mail":"","footnotes":""},"categories":[1],"tags":[],"_links":{"self":[{"href":"https:\/\/www.emiliosilveravazquez.com\/blog\/wp-json\/wp\/v2\/posts\/28993"}],"collection":[{"href":"https:\/\/www.emiliosilveravazquez.com\/blog\/wp-json\/wp\/v2\/posts"}],"about":[{"href":"https:\/\/www.emiliosilveravazquez.com\/blog\/wp-json\/wp\/v2\/types\/post"}],"author":[{"embeddable":true,"href":"https:\/\/www.emiliosilveravazquez.com\/blog\/wp-json\/wp\/v2\/users\/2"}],"replies":[{"embeddable":true,"href":"https:\/\/www.emiliosilveravazquez.com\/blog\/wp-json\/wp\/v2\/comments?post=28993"}],"version-history":[{"count":0,"href":"https:\/\/www.emiliosilveravazquez.com\/blog\/wp-json\/wp\/v2\/posts\/28993\/revisions"}],"wp:attachment":[{"href":"https:\/\/www.emiliosilveravazquez.com\/blog\/wp-json\/wp\/v2\/media?parent=28993"}],"wp:term":[{"taxonomy":"category","embeddable":true,"href":"https:\/\/www.emiliosilveravazquez.com\/blog\/wp-json\/wp\/v2\/categories?post=28993"},{"taxonomy":"post_tag","embeddable":true,"href":"https:\/\/www.emiliosilveravazquez.com\/blog\/wp-json\/wp\/v2\/tags?post=28993"}],"curies":[{"name":"wp","href":"https:\/\/api.w.org\/{rel}","templated":true}]}}