{"id":28657,"date":"2022-09-08T07:47:41","date_gmt":"2022-09-08T06:47:41","guid":{"rendered":"http:\/\/www.emiliosilveravazquez.com\/blog\/?p=28657"},"modified":"2022-09-08T07:47:41","modified_gmt":"2022-09-08T06:47:41","slug":"que-sera-la-materia","status":"publish","type":"post","link":"https:\/\/www.emiliosilveravazquez.com\/blog\/2022\/09\/08\/que-sera-la-materia\/","title":{"rendered":"\u00bfQu\u00e9 ser\u00e1 la materia?"},"content":{"rendered":"<p><img decoding=\"async\" src=\"https:\/\/s1.significados.com\/foto\/cambios-de-estado-de-la-materia-f1_bg.jpg\" alt=\"Estados de la materia: qu\u00e9 son, cu\u00e1les son y sus caracter\u00edsticas - Significados\" \/><\/p>\n<blockquote><p><strong>Seguramente habr\u00e1 alguna otra como el condensado de Bose-<a href=\"#\" onclick=\"referencia('einstein',event); return false;\">Einstein<\/a> y la materia extra\u00f1a de Quarks-Gluones que est\u00e1 por descubrir. Si pudiera existir alguna otra lo desconocemos y s\u00f3lo son hip\u00f3tesis. El estado de la materia m\u00e1s abundante del Universo es el <a href=\"#\" onclick=\"referencia('plasma',event); return false;\">plasma<\/a> que est\u00e9 en las estrellas y en muchos fen\u00f3menos espaciales.<\/strong><\/p><\/blockquote>\n<p style=\"margin: 0cm 0cm 0pt; text-indent: 35.45pt; text-align: justify;\">Tiene y encierra tantos misterios la materia que estamos a\u00fan y a\u00f1os-luz de saber y conocer sobre su verdadera naturaleza. Nos podr\u00edamos preguntar miles de cosas que no sabr\u00edamos contestar.\u00a0 Nos maravillan y asombran fen\u00f3menos naturales que ocurren ante nuestros ojos pero que tampoco sabemos, en realidad, a que son debidos.\u00a0 Si, sabemos ponerles etiquetas como, por ejemplo, la <a href=\"#\" onclick=\"referencia('fuerza nuclear debil',event); return false;\">fuerza nuclear d\u00e9bil<\/a>, la fisi\u00f3n espont\u00e1nea que tiene lugar en algunos elementos como el protactinio o el torio y, con mayor frecuencia, en los elementos que conocemos como transur\u00e1nicos.<\/p>\n<p>&nbsp;<\/p>\n<p style=\"margin: 0cm 0cm 0pt; text-indent: 35.45pt; text-align: justify;\"><img decoding=\"async\" src=\"https:\/\/cdn.filestackcontent.com\/uFkQiJbNSBei054E8huw\" alt=\"Historia Resumida De La Tabla Peri\u00f3dica Timeline | Preceden\" \/><img decoding=\"async\" src=\"https:\/\/image.slidesharecdn.com\/elementostransuranicos-121016212746-phpapp02\/85\/elementos-transuranicos-4-320.jpg?cb=1659490830\" alt=\"Elementos transuranicos\" \/><\/p>\n<p>&nbsp;<\/p>\n<p style=\"margin: 0cm 0cm 0pt; text-indent: 35.45pt; text-align: justify;\">A medida que los n\u00facleos se hacen m\u00e1s grandes, la probabilidad de una fisi\u00f3n espont\u00e1nea aumenta.\u00a0 En los elementos m\u00e1s pesados de todos (einstenio, fermio y mendelevio), esto se convierte en el m\u00e9todo m\u00e1s importante de ruptura, sobrepasando a la emisi\u00f3n de <a href=\"#\" onclick=\"referencia('particula alfa',event); return false;\">part\u00edculas alfa<\/a>.<\/p>\n<p style=\"margin: 0cm 0cm 0pt; text-indent: 35.45pt; text-align: justify;\">\u00a1Parece que la materia est\u00e1 viva!<\/p>\n<p style=\"margin: 0cm 0cm 0pt; text-indent: 35.45pt; text-align: justify;\">Son muchas las cosas que desconocemos y, nuestra curiosidad nos empuja continuamente a buscar esas respuestas.<\/p>\n<p style=\"margin: 0cm 0cm 0pt; text-indent: 35.45pt; text-align: justify;\">El <a href=\"#\" onclick=\"referencia('electron',event); return false;\">electr\u00f3n<\/a> y el positr\u00f3n son notables por sus peque\u00f1as masas (s\u00f3lo 1\/1.836 de la del <a href=\"#\" onclick=\"referencia('proton',event); return false;\">prot\u00f3n<\/a>, el <a href=\"#\" onclick=\"referencia('neutron',event); return false;\">neutr\u00f3n<\/a>, el anti<a href=\"#\" onclick=\"referencia('proton',event); return false;\">prot\u00f3n<\/a> o anti<a href=\"#\" onclick=\"referencia('neutron',event); return false;\">neutr\u00f3n<\/a>), y, por lo tanto, han sido denominados <a href=\"#\" onclick=\"referencia('leptones',event); return false;\">leptones<\/a> (de la voz griega lepto que significa &#8220;delgado&#8221;).<\/p>\n<p>&nbsp;<\/p>\n<p style=\"margin: 0cm 0cm 0pt; text-indent: 35.45pt; text-align: justify;\">\u00a0 \u00a0 \u00a0 \u00a0 \u00a0 \u00a0 \u00a0 \u00a0 \u00a0 \u00a0 \u00a0 \u00a0 \u00a0 \u00a0 <img decoding=\"async\" loading=\"lazy\" id=\"il_fi\" src=\"http:\/\/francisthemulenews.files.wordpress.com\/2008\/02\/dibujo26ene2008b.jpg\" alt=\"\" width=\"406\" height=\"161\" \/><\/p>\n<p style=\"margin: 0cm 0cm 0pt; text-indent: 35.45pt; text-align: justify;\">\u00a0 \u00a0 \u00a0 \u00a0 \u00a0 \u00a0 \u00a0 \u00a0 \u00a0 \u00a0 \u00a0 \u00a0 \u00a0 \u00a0 \u00a0 \u00a0 \u00a0 \u00a0 \u00a0 \u00a0 \u00a0 \u00a0<strong>\u00a0 El <a href=\"#\" onclick=\"referencia('electron',event); return false;\">electr\u00f3n<\/a> es onda y part\u00edcula<\/strong><\/p>\n<p>&nbsp;<\/p>\n<p style=\"margin: 0cm 0cm 0pt; text-indent: 35.45pt; text-align: justify;\">Aunque el <a href=\"#\" onclick=\"referencia('electron',event); return false;\">electr\u00f3n<\/a> fue descubierto en 1.897 por el f\u00edsico brit\u00e1nico Josepth John Thomson (1856-1940), el problema de su estructura, si la hay, no est\u00e1 resuelto.\u00a0 Conocemos su masa y su carga negativa que responden a 9,1093897 (54)x10<sup>-31<\/sup>kg la primera y, 1,602 177 33 (49)x10<sup>-19<\/sup> culombios, la segunda, y tambi\u00e9n su radio cl\u00e1sico. No se ha descubierto a\u00fan ninguna part\u00edcula que sea menos masiva que el <a href=\"#\" onclick=\"referencia('electron',event); return false;\">electr\u00f3n<\/a> (o positr\u00f3n) y que lleve\u00a0 una carga el\u00e9ctrica, sea lo que fuese (sabemos como act\u00faa y c\u00f3mo medir sus propiedades, pero aun no sabemos qu\u00e9 es), tenga asociada un m\u00ednimo de masa, y que esta es la que se muestra en el <a href=\"#\" onclick=\"referencia('electron',event); return false;\">electr\u00f3n<\/a>.<\/p>\n<p><!--more--><\/p>\n<p><img decoding=\"async\" src=\"https:\/\/imagenes.elpais.com\/resizer\/u5x_Bq0q6drdgpePkP_W9jRMDkI=\/414x0\/arc-anglerfish-eu-central-1-prod-prisa.s3.amazonaws.com\/public\/Z7Y2VVNGPR4ZL7GJPGLKUEQVRI.jpg\" alt=\"Coreograf\u00eda de un par de electrones | Ciencia | EL PA\u00cdS\" \/><\/p>\n<p style=\"margin: 0cm 0cm 0pt; text-indent: 35.45pt; text-align: justify;\"><strong>\u00a0 \u00a0 \u00a0 \u00a0 \u00a0 \u00a0 \u00a0 \u00a0 \u00a0 \u00a0 \u00a0 \u00a0 \u00a0 \u00a0 \u00a0 \u00a0 \u00a0 \u00a0Coreograf\u00eda de un par de <a href=\"#\" onclick=\"referencia('electron',event); return false;\">electrones<\/a><\/strong><\/p>\n<p style=\"text-align: justify;\">Lo cierto es que, el <a href=\"#\" onclick=\"referencia('electron',event); return false;\">electr\u00f3n<\/a>, es una maravilla en s\u00ed mismo.\u00a0 El Universo no ser\u00eda como lo conocemos si el <a href=\"#\" onclick=\"referencia('electron',event); return false;\">electr\u00f3n<\/a> (esa cosita &#8220;insignificante&#8221;), fuese distinto a como es, bastar\u00eda un cambio infinitesimal para que, por ejemplo, nosotros no pudi\u00e9ramos estar aqu\u00ed ahora.<\/p>\n<p>&nbsp;<\/p>\n<p><img decoding=\"async\" src=\"https:\/\/pbs.twimg.com\/media\/DOgcgc4X4AEmUDh.jpg\" alt=\"\u062a\u0648\u064a\u062a\u0631 \\ hector &#x1f952; \u0639\u0644\u0649 \u062a\u0648\u064a\u062a\u0631: &quot;El \u00e1tomo real de hidr\u00f3geno es puro arte! Abandonad el aburrido (y err\u00f3neo) nodelo de Bohr! #beautyOfPhysics https:\/\/t.co\/kmacLzkIBs&quot;\" \/><\/p>\n<p><strong> \u00a0 \u00a0 \u00a0 \u00a0 \u00a0\u00c1tomos de Hidr\u00f3geno<\/strong><\/p>\n<p style=\"text-align: justify;\">(&#8220;Aunque no se trata propiamente de la imagen real de un <a href=\"#\" onclick=\"referencia('electron',event); return false;\">electr\u00f3n<\/a>, un equipo de siete cient\u00edficos suecos de la Facultad de Ingenier\u00eda de la Universidad de Lund consiguieron captar en v\u00eddeo por primera vez\u00a0el movimiento o la distribuci\u00f3n energ\u00e9tica de un <a href=\"#\" onclick=\"referencia('electron',event); return false;\">electr\u00f3n<\/a> sobre una onda de luz, tras ser desprendido previamente del \u00e1tomo correspondiente.<\/p>\n<p>&nbsp;<\/p>\n<p><img decoding=\"async\" src=\"https:\/\/www.ciencia-explicada.com\/wp-content\/uploads\/2009\/09\/orbitals1.png\" alt=\"La NO primera fotograf\u00eda del \u00e1tomo y sus electrones \u2013 Ciencia explicada\" \/><\/p>\n<p><strong>Fotograf\u00edas de \u00e1tomos y sus <a href=\"#\" onclick=\"referencia('electron',event); return false;\">electrones<\/a><\/strong><\/p>\n<p style=\"text-align: justify;\">Previamente dos f\u00edsicos de la Universidad Brown hab\u00edan mostrado pel\u00edculas de <a href=\"#\" onclick=\"referencia('electron',event); return false;\">electrones<\/a> que se mov\u00edan a trav\u00e9s de helio l\u00edquido en el International Symposium on Quantum Fluids and Solids del 2006. Dichas im\u00e1genes, que mostraban puntos de luz que bajaban por la pantalla fueron publicadas en l\u00ednea el 31 de mayo de 2007, en el Journal of Low Temperature Physics.<\/p>\n<p style=\"text-align: justify;\">En el experimento que ahora nos ocupa y dada la alt\u00edsima velocidad de los <a href=\"#\" onclick=\"referencia('electron',event); return false;\">electrones<\/a> el equipo de investigadores ha tenido que usar una nueva tecnolog\u00eda que genera pulsos cortos de <a href=\"#\" onclick=\"referencia('laser',event); return false;\">l\u00e1ser<\/a> de luz intensa (\u201cAttoseconds Pulses\u201d), habida cuenta que un atto-segundo equivalente a la trillon\u00e9sima parte de un segundo&#8221;.)<\/p>\n<p>&nbsp;<\/p>\n<p><img decoding=\"async\" src=\"https:\/\/thumbs.gfycat.com\/AromaticKlutzyAcaciarat-size_restricted.gif\" alt=\"Top 30 Atomo GIFs | Find the best GIF on Gfycat\" \/><\/p>\n<p style=\"margin: 0cm 0cm 0pt; text-indent: 35.45pt; text-align: justify;\"><strong>\u00a1No por peque\u00f1o, se es insignificante!<\/strong><\/p>\n<p style=\"margin: 0cm 0cm 0pt; text-indent: 35.45pt; text-align: justify;\"><strong>Record\u00e9moslo, todo lo grande est\u00e1 hecho de cosas peque\u00f1as. El mismo \u00e1tomo en su \u00e1mbito es un peque\u00f1o sistema planetario. Con su n\u00facleo (el sol) y los <a href=\"#\" onclick=\"referencia('electron',event); return false;\">electrones<\/a> que lo orbitan (los planetas).<\/strong><\/p>\n<p>&nbsp;<\/p>\n<p><img decoding=\"async\" src=\"https:\/\/slideplayer.es\/slide\/135328\/2\/images\/3\/Postulado+de+De+Broglie.jpg\" alt=\"Luis de Broglie ( ) Franc\u00e9s - ppt descargar\" \/><\/p>\n<p>&nbsp;<\/p>\n<p style=\"margin: 0cm 0cm 0pt; text-indent: 35.45pt; text-align: justify;\">En realidad, existen part\u00edculas que no tienen en absoluto asociada en ellas ninguna masa (es decir, ninguna masa en reposo).\u00a0 Por ejemplo, las ondas de luz y otras formas de radiaci\u00f3n electromagn\u00e9ticas se comportan como part\u00edculas (<a href=\"#\" onclick=\"referencia('einstein',event); return false;\">Einstein<\/a> en su efecto fotoel\u00e9ctrico y De Broglie en la difracci\u00f3n de <a href=\"#\" onclick=\"referencia('electron',event); return false;\">electrones<\/a>.)<\/p>\n<p>&nbsp;<\/p>\n<p>&nbsp;<\/p>\n<p>&nbsp;<\/p>\n<p><img decoding=\"async\" src=\"https:\/\/francis.naukas.com\/files\/2008\/02\/dibujo26ene2008a.jpg\" alt=\"Dualidad onda-part\u00edcula (o el electr\u00f3n como onda en el espacio de momentos) - La Ciencia de la Mula Francis\" \/><\/p>\n<p style=\"margin: 0cm 0cm 0pt; text-indent: 35.45pt; text-align: justify;\">Imagen ilustrativa de la\u00a0<strong>dualidad onda-part\u00edcula<\/strong>, en el cual se puede ver c\u00f3mo un mismo fen\u00f3meno puede tener dos percepciones distintas. En la imagen el <a href=\"#\" onclick=\"referencia('electron',event); return false;\">electr\u00f3n<\/a> como onda en el espacio de momentos<\/p>\n<p>&nbsp;<\/p>\n<p><img decoding=\"async\" src=\"https:\/\/j.gifs.com\/yXkxzo.gif\" alt=\"Foton animated gif\" \/><\/p>\n<p style=\"margin: 0cm 0cm 0pt; text-indent: 35.45pt; text-align: justify;\">Esta manifestaci\u00f3n en forma de part\u00edculas de lo que, de ordinario, concebimos como una onda se denomina <a href=\"#\" onclick=\"referencia('foton',event); return false;\">fot\u00f3n<\/a>, de la palabra griega que significa &#8220;luz&#8221;.<\/p>\n<p>&nbsp;<\/p>\n<p><img decoding=\"async\" src=\"https:\/\/c.tenor.com\/GjZ9NSc3nAUAAAAM\/stars-twinkle.gif\" alt=\"Twinkling Stars Sparkle Sticker - Twinkling Stars Sparkle Glimmer - Descubre &amp; Comparte GIFs\" \/><\/p>\n<p><strong>\u00a0 \u00a0No todos los <a href=\"#\" onclick=\"referencia('foton',event); return false;\">fotones<\/a> son emitidos por las estrellas<\/strong><\/p>\n<p style=\"margin: 0cm 0cm 0pt; text-indent: 35.45pt; text-align: justify;\">El <a href=\"#\" onclick=\"referencia('foton',event); return false;\">fot\u00f3n<\/a> tiene una masa de 1, una carga el\u00e9ctrica de 0, pero posee un <a href=\"#\" onclick=\"referencia('espin',event); return false;\">esp\u00edn<\/a> de 1, por lo que es un <a href=\"#\" onclick=\"referencia('bosones',event); return false;\">bos\u00f3n<\/a>. \u00bfC\u00f3mo se puede definir lo que es el <a href=\"#\" onclick=\"referencia('espin',event); return false;\">esp\u00edn<\/a>? Los <a href=\"#\" onclick=\"referencia('foton',event); return false;\">fotones<\/a> toman parte en las reacciones nucleares, pero el <a href=\"#\" onclick=\"referencia('espin',event); return false;\">esp\u00edn<\/a> total de las part\u00edculas implicadas antes y despu\u00e9s de la reacci\u00f3n deben permanecer inmutadas (conservaci\u00f3n del <a href=\"#\" onclick=\"referencia('espin',event); return false;\">esp\u00edn<\/a>).\u00a0 La \u00fanica forma que esto suceda en las reacciones nucleares que implican a los <a href=\"#\" onclick=\"referencia('foton',event); return false;\">fotones<\/a> radica en suponer que el <a href=\"#\" onclick=\"referencia('foton',event); return false;\">fot\u00f3n<\/a> tiene un <a href=\"#\" onclick=\"referencia('espin',event); return false;\">esp\u00edn<\/a> de 1. El <a href=\"#\" onclick=\"referencia('foton',event); return false;\">fot\u00f3n<\/a> no se considera un <a href=\"#\" onclick=\"referencia('leptones',event); return false;\">lept\u00f3n<\/a>, puesto que este termino se reserva para la familia formada por el <a href=\"#\" onclick=\"referencia('electron',event); return false;\">electr\u00f3n<\/a>, el <a href=\"#\" onclick=\"referencia('muon',event); return false;\">mu\u00f3n<\/a> y la part\u00edcula Tau con sus correspondientes <a href=\"#\" onclick=\"referencia('neutrinos',event); return false;\">neutrinos<\/a>: V<sub>e<\/sub>, V<sub>u<\/sub> y V<sub>T.<\/sub><\/p>\n<p>&nbsp;<\/p>\n<p><img decoding=\"async\" src=\"http:\/\/www.nodo50.org\/ciencia_popular\/fotos\/vacio.jpg\" alt=\"\" \/><\/p>\n<p>&nbsp;<\/p>\n<p style=\"margin: 0cm 0cm 0pt; text-indent: 35.45pt; text-align: justify;\">Existen razones te\u00f3ricas para suponer que, cuando las masas se aceleran (como cuando se mueven en \u00f3rbitas el\u00edpticas en torno a otra masa o llevan a cabo un colapso gravitacional), emiten energ\u00eda en forma de ondas gravitacionales.\u00a0 Esas ondas pueden as\u00ed mismo poseer aspecto de part\u00edcula, por lo que toda part\u00edcula gravitacional recibe el nombre de <a href=\"#\" onclick=\"referencia('graviton',event); return false;\">gravit\u00f3n<\/a>.<\/p>\n<p>&nbsp;<\/p>\n<p><img decoding=\"async\" src=\"https:\/\/2oqz471sa19h3vbwa53m33yj-wpengine.netdna-ssl.com\/wp-content\/uploads\/2020\/02\/orbiting-around-the-sun.gif\" alt=\"Gif Planetas\" \/><\/p>\n<blockquote><p><strong>La fuerza de Gravedad mantiene los planetas unidos al Sol y nuestros pies a la superficie de la Tierra<\/strong><\/p><\/blockquote>\n<p style=\"margin: 0cm 0cm 0pt; text-indent: 35.45pt; text-align: justify;\">La fuerza gravitatoria es mucho, mucho m\u00e1s d\u00e9bil que la <a href=\"#\" onclick=\"referencia('fuerza electromagnetica',event); return false;\">fuerza electromagn\u00e9tica<\/a>.\u00a0 Un <a href=\"#\" onclick=\"referencia('proton',event); return false;\">prot\u00f3n<\/a> y un <a href=\"#\" onclick=\"referencia('electron',event); return false;\">electr\u00f3n<\/a> se atraen gravitacionalmente con s\u00f3lo 1\/10<sup>39<\/sup> de la fuerza en que se atraen electromagn\u00e9ticamente. El <a href=\"#\" onclick=\"referencia('graviton',event); return false;\">gravit\u00f3n<\/a> (a\u00fan sin descubrir) debe poseer, correspondientemente, menos energ\u00eda que el <a href=\"#\" onclick=\"referencia('foton',event); return false;\">fot\u00f3n<\/a> y, por tanto, ha de ser inimaginablemente dif\u00edcil de detectar.<\/p>\n<p>&nbsp;<\/p>\n<p><img decoding=\"async\" src=\"https:\/\/encrypted-tbn0.gstatic.com\/images?q=tbn:ANd9GcSBvvDQdOemQxY1987pARSKFsTiW1DOotYm3A&amp;usqp=CAU\" alt=\"F\u00edsica, la era cu\u00e1ntica y otros fascinantes conceptos : Blog de Emilio Silvera V.\" \/><\/p>\n<blockquote><p><strong>Se presume que el <a href=\"#\" onclick=\"referencia('graviton',event); return false;\">gravit\u00f3n<\/a> es el Bos\u00f3n transmisor de la Fuerza de Gravedad. No se ha encontrado. Al Ser la Gravedad la m\u00e1s d\u00e9bil de las cuatro fuerzas fundamentales, su part\u00edcula transmisora debe ser \u00ednfima. \u00bfSer\u00e1 por eso la dificultad de encontrarla?<\/strong><\/p><\/blockquote>\n<p style=\"margin: 0cm 0cm 0pt; text-indent: 35.45pt; text-align: justify;\">De todos modos, el f\u00edsico norteamericano Joseph Weber emprendi\u00f3 en 1.957 la formidable tarea de detectar el <a href=\"#\" onclick=\"referencia('graviton',event); return false;\">gravit\u00f3n<\/a>.\u00a0 Lleg\u00f3 a emplear un par de cilindros de aluminio de 153 cm., de longitud y 66 de anchura, suspendidos de un cable en una c\u00e1mara de vac\u00edo.\u00a0 Los <a href=\"#\" onclick=\"referencia('graviton',event); return false;\">gravitones<\/a> (que ser\u00edan detectados en forma de ondas), desplazar\u00edan levemente esos cilindros, y se emple\u00f3 un sistema para detectar el desplazamiento que llegare a captar la cienmillon\u00e9sima parte de un cent\u00edmetro.<\/p>\n<p>&nbsp;<\/p>\n<p><img decoding=\"async\" src=\"https:\/\/upload.wikimedia.org\/wikipedia\/commons\/thumb\/a\/ad\/LISA_motion.gif\/300px-LISA_motion.gif\" alt=\"Laser Interferometer Space Antenna - Wikipedia, la enciclopedia libre\" \/><img decoding=\"async\" src=\"https:\/\/encrypted-tbn0.gstatic.com\/images?q=tbn:ANd9GcTsrmkD18rlhn1aSNxAitVuxOXhdrkBdIOxnf4iUkZLlsWE7sFQTlEKkqnrlg02hlh23bg&amp;usqp=CAU\" alt=\"Laser Interferometer Space Antenna - Viquip\u00e8dia, l'enciclop\u00e8dia lliure\" \/><\/p>\n<p>&nbsp;<\/p>\n<p style=\"margin: 0cm 0cm 0pt; text-indent: 35.45pt; text-align: justify;\">El interfer\u00f3metro funciona enviando un haz de luz que se separa en dos haces; \u00e9stos se env\u00edan en direcciones diferentes a unos espejos donde se reflejan de regreso, entonces los haces al combinarse presentar\u00e1n interferencia.<\/p>\n<p>&nbsp;<\/p>\n<p><img decoding=\"async\" src=\"https:\/\/i0.wp.com\/hipertextual.com\/wp-content\/uploads\/2016\/06\/animacion-ondas-gravitacionales.gif?resize=800%2C404&amp;quality=50&amp;strip=all&amp;ssl=1\" alt=\"Viaje en el tiempo a las primeras ondas gravitacionales\" \/><\/p>\n<p>&nbsp;<\/p>\n<p style=\"margin: 0cm 0cm 0pt; text-indent: 35.45pt; text-align: justify;\">Las d\u00e9biles ondas de los <a href=\"#\" onclick=\"referencia('graviton',event); return false;\">gravitones<\/a>, que producen del espacio profundo, deber\u00edan chocar contra todo el planeta, y los cilindros separados por grandes distancias se ver\u00e1n afectados de forma simult\u00e1nea.\u00a0 En 1.969, Weber anunci\u00f3 haber detectado los efectos de las ondas gravitatorias.\u00a0 Aquello produjo una enorme excitaci\u00f3n, puesto que apoyaba una teor\u00eda particularmente importante (la teor\u00eda de <a href=\"#\" onclick=\"referencia('einstein',event); return false;\">Einstein<\/a> de la <a href=\"#\" onclick=\"referencia('relatividad',event); return false;\">relatividad<\/a> general).\u00a0 Desgraciadamente, nunca se pudo comprobar mediante las pruebas realizadas por otros equipos de cient\u00edficos que duplicaran el hallazgo de Weber.<\/p>\n<p>&nbsp;<\/p>\n<p><img decoding=\"async\" src=\"https:\/\/francis.naukas.com\/files\/2015\/03\/Dibujo20150310-stuart-marongwe-mathematical-model-nexus-graviton.jpg\" alt=\"El gravit\u00f3n nexus de Stuart Marongwe - La Ciencia de la Mula Francis\" \/><\/p>\n<blockquote><p><strong>La imagen del <a href=\"#\" onclick=\"referencia('graviton',event); return false;\">gravit\u00f3n<\/a> la podemos imaginar como queramos (nunca se vio ninguno). Sin embargo, dudar a estas alturas de su existencia parece de poco sentido com\u00fan. Todas las fuerzas tienen su Bos\u00f3n o part\u00edcula emisora y, la Gr4abedad no pod\u00eda ser menos.<\/strong><\/p><\/blockquote>\n<p style=\"margin: 0cm 0cm 0pt; text-indent: 35.45pt; text-align: justify;\">De todas formas, no creo que, a estas alturas, nadie pueda dudar de la existencia de los <a href=\"#\" onclick=\"referencia('graviton',event); return false;\">gravitones<\/a>, el <a href=\"#\" onclick=\"referencia('bosones',event); return false;\">bos\u00f3n<\/a> mediador de la fuerza gravitatoria.\u00a0 La masa del <a href=\"#\" onclick=\"referencia('graviton',event); return false;\">gravit\u00f3n<\/a> es 0, su carga es 0, y su <a href=\"#\" onclick=\"referencia('espin',event); return false;\">esp\u00edn<\/a> de 2.\u00a0 Como el <a href=\"#\" onclick=\"referencia('foton',event); return false;\">fot\u00f3n<\/a>, no tiene antipart\u00edcula, ellos mismos hacen las dos versiones.<\/p>\n<p style=\"margin: 0cm 0cm 0pt; text-indent: 35.45pt; text-align: justify;\">Tenemos que volver a los que posiblemente son los objetos m\u00e1s misteriosos de nuestro Universo: Los <a href=\"#\" onclick=\"referencia('agujero negro',event); return false;\">agujeros negros<\/a>.\u00a0 Si estos objetos son lo que se dice (no parece que se pueda objetar nada en contrario), seguramente ser\u00e1n ellos los que, finalmente, nos faciliten las respuestas sobre las ondas gravitacionales y el esquivo <a href=\"#\" onclick=\"referencia('graviton',event); return false;\">gravit\u00f3n<\/a>.<\/p>\n<p>&nbsp;<\/p>\n<p><img decoding=\"async\" src=\"https:\/\/encrypted-tbn0.gstatic.com\/images?q=tbn:ANd9GcTAi71PeEudwsM3ta0ywjHeZBzU6emXfb3U0_6NnaDRjCRCu0i1qSb-deKcngXEM7_rSA0&amp;usqp=CAU\" alt=\"Esta es la primera imagen de Sagitario A*, el mega agujero negro que se encuentra en el centro de nuestra galaxia\" \/><img decoding=\"async\" src=\"https:\/\/encrypted-tbn0.gstatic.com\/images?q=tbn:ANd9GcTKoosGKPdV89uMnkime91AnkQ1neZ4cCjORgIvSnuAatrPI2YoY8T3Hw7ENISI2KOZyzU&amp;usqp=CAU\" alt=\"Archivo:Chandra image of Sgr A.jpg - Wikipedia, la enciclopedia libre\" \/><\/p>\n<p style=\"margin: 0cm 0cm 0pt; text-indent: 35.45pt; text-align: justify;\">\u00a0 \u00a0 \u00a0 \u00a0 \u00a0 \u00a0 \u00a0 \u00a0 \u00a0 \u00a0 \u00a0 \u00a0 \u00a0 \u00a0 \u00a0 \u00a0 \u00a0 <strong>\u00a0Un fen\u00f3meno de extrema violencia gal\u00e1ctica<\/strong><\/p>\n<p>&nbsp;<\/p>\n<p><img decoding=\"async\" src=\"https:\/\/www.meteorologiaenred.com\/wp-content\/uploads\/2022\/05\/sagitario-A.jpg\" alt=\"La NASA obtiene la primera imagen del agujero negro de nuestra galaxia | Meteorolog\u00eda en Red\" \/><\/p>\n<p style=\"margin: 0cm 0cm 0pt; text-indent: 35.45pt; text-align: justify;\">\u00a0 \u00a0Imagen de un <a href=\"#\" onclick=\"referencia('agujero negro',event); return false;\">agujero negro<\/a> en el n\u00facleo de una galaxia arrasando otra pr\u00f3xima- NASA<\/p>\n<p>&nbsp;<\/p>\n<p><img decoding=\"async\" src=\"http:\/\/cdn.20m.es\/img2\/recortes\/2015\/03\/26\/217010-944-554.jpg\" alt=\"Espacio-tiempo curvo y los secretos del Universo : Blog de Emilio Silvera V.\" \/><\/p>\n<p style=\"margin: 0cm 0cm 0pt; text-indent: 35.45pt; text-align: justify;\"><strong>La onda gravitacional emitida por el <a href=\"#\" onclick=\"referencia('agujero negro',event); return false;\">agujero negro<\/a> produce una ondulaci\u00f3n en la curvatura del espacio-temporal que viaja a la velocidad de la luz transportada por los <a href=\"#\" onclick=\"referencia('graviton',event); return false;\">gravitones<\/a>.<\/strong><\/p>\n<p>&nbsp;<\/p>\n<p style=\"margin: 0cm 0cm 0pt; text-indent: 35.45pt; text-align: justify;\">Hay aspectos de la f\u00edsica que me dejan totalmente sin habla, me obligan a pensar y me transporta de este mundo material nuestro a otro fascinante donde residen las maravillas del Universo.\u00a0 Hay magnitudes asociadas con las leyes de la gravedad cu\u00e1ntica. La <a href=\"#\" onclick=\"referencia('planck longitud de',event); return false;\">longitud de Planck<\/a>-Wheeler, <img decoding=\"async\" loading=\"lazy\" class=\"alignnone size-full wp-image-637\" title=\"limite_planck\" src=\"http:\/\/www.emiliosilveravazquez.com\/blog\/wp-content\/uploads\/2008\/08\/limite_planck.gif\" alt=\"limite_planck\" width=\"150\" height=\"22\" \/> es la escala de longitud por debajo de la cual el espacio tal como lo conocemos deja de existir y se convierte en espuma cu\u00e1ntica.\u00a0 El <a href=\"#\" onclick=\"referencia('planck tiempo de',event); return false;\">tiempo de Planck<\/a>-Wheeler (1\/c veces la <a href=\"#\" onclick=\"referencia('planck longitud de',event); return false;\">longitud de Planck<\/a>-Wheeler o aproximadamente 10<sup>-43<\/sup> segundos), es el intervalo de tiempo m\u00e1s corto que puede existir; si dos sucesos est\u00e1n separados por menos que esto, no se puede decir cu\u00e1l sucede antes y cu\u00e1l despu\u00e9s. El \u00e1rea de Planck-Wheeler (el cuadrado de la <a href=\"#\" onclick=\"referencia('planck longitud de',event); return false;\">longitud de Planck<\/a>-Wheeler, es decir, 2,61&#215;10<sup>-66<\/sup>cm<sup>2<\/sup>) juega un papel clave en la <a href=\"#\" onclick=\"referencia('entropia',event); return false;\">entrop\u00eda<\/a> de un <a href=\"#\" onclick=\"referencia('agujero negro',event); return false;\">agujero negro<\/a>.<\/p>\n<p>&nbsp;<\/p>\n<p style=\"margin: 0cm 0cm 0pt; text-indent: 35.45pt; text-align: justify;\">\u00a0 \u00a0 \u00a0 \u00a0 \u00a0 \u00a0 \u00a0 \u00a0 \u00a0 \u00a0 \u00a0 \u00a0 \u00a0 \u00a0 \u00a0<img decoding=\"async\" loading=\"lazy\" id=\"il_fi\" src=\"http:\/\/bp2.blogger.com\/_JcSXImrxoMI\/SFewwUAIRLI\/AAAAAAAABfs\/ds2GDMTJZ6g\/s400\/mayores9.jpg\" alt=\"\" width=\"400\" height=\"294\" \/><\/p>\n<p>&nbsp;<\/p>\n<p style=\"margin: 0cm 0cm 0pt; text-indent: 35.45pt; text-align: justify;\">Me llama poderosamente la atenci\u00f3n lo que conocemos como las fluctuaciones de vac\u00edo, esas oscilaciones aleatorias, impredecibles e in-eliminables de un campo (electromagn\u00e9tico o gravitatorio), que son debidas a un tira y afloja en el que peque\u00f1as regiones del espacio toman prestada moment\u00e1neamente energ\u00eda de regiones adyacentes y luego la devuelven. Hace un par de d\u00edas que hablamos de ello.<\/p>\n<p>&nbsp;<\/p>\n<p><img decoding=\"async\" src=\"https:\/\/i.ytimg.com\/vi\/lCsS8pW7l0Y\/maxresdefault.jpg\" alt=\"CONFIRMAN que vivimos en el borde de un ENORME VACI\u00d3 DESCOMUNAL - YouTube\" \/><\/p>\n<div class=\"QnfS4e cZEg1e\">\n<div class=\"kEwVtd\">\n<h1 class=\"eYbsle mKq8g Da4KQe\">El Vac\u00edo de Bootes<\/h1>\n<\/div>\n<\/div>\n<p style=\"margin: 0cm 0cm 0pt; text-indent: 35.45pt; text-align: justify;\">Ordinariamente, definimos el vac\u00edo como el espacio en el que hay una baja presi\u00f3n de un gas, es decir, relativamente pocos \u00e1tomos o mol\u00e9culas.\u00a0 En ese sentido, un vac\u00edo perfecto no contendr\u00eda ning\u00fan \u00e1tomo o mol\u00e9cula, pero no se puede obtener, ya que todos los materiales que rodean ese espacio tienen una presi\u00f3n de vapor finita.\u00a0 En un bajo vac\u00edo, la presi\u00f3n se reduce hasta 10<sup>-2 <\/sup>pascales, mientras que un alto vac\u00edo tiene una presi\u00f3n de 10<sup>-2<\/sup>-10<sup>-7<\/sup> pascales.\u00a0 Por debajo de 10<sup>-7<\/sup> pascales se conoce como un vac\u00edo ultra-alto. Parece que vivimos en el borde de un vac\u00edo descomunal.<\/p>\n<p>&nbsp;<\/p>\n<p><img decoding=\"async\" loading=\"lazy\" src=\"http:\/\/1.bp.blogspot.com\/_gmKay0RwMKQ\/SpwTWniof9I\/AAAAAAAAAZA\/PJeEsKA4bFI\/s1600\/Boovoid.gif\" alt=\"\" width=\"480\" height=\"420\" \/><\/p>\n<p>&nbsp;<\/p>\n<p style=\"text-align: justify;\">El primer gran vac\u00edo en ser detectado fue el de Bo\u00f6tes en 1.981; tiene un radio de unos 180 millones de a\u00f1os luz y su centro se encuentra a aproximadamente 500 millones de a\u00f1os luz de la V\u00eda L\u00e1ctea. La existencia de grandes vac\u00edos no sorprende a la comunidad de astr\u00f3nomos y cosm\u00f3logos, dada la existencia de c\u00famulos de galaxias y superc\u00famulos a escalas muy grandes. Claro que, seg\u00fan creo yo personalmente, ese vac\u00edo, finalmente, resultar\u00e1 que est\u00e1 demasiado lleno, hasta el punto de que su contenido nos manda mensajes que, aunque lo hemos captado, no lo sabemos descifrar.<\/p>\n<p>&nbsp;<\/p>\n<p><img decoding=\"async\" src=\"https:\/\/encrypted-tbn0.gstatic.com\/images?q=tbn:ANd9GcSgSS_7Fe2i3SWuLAaPtgOL-UdNBeCAaJI8Sg&amp;usqp=CAU\" alt=\"Fluctuaciones de vac\u00edo! \u00a1Materia! \u00bfUniversos perdidos? : Blog de Emilio Silvera V.\" \/><img decoding=\"async\" src=\"https:\/\/www.researchgate.net\/profile\/Jairo-Rondon\/publication\/265884340\/figure\/fig3\/AS:533059355529216@1504102662024\/Difractogramas-de-la-serie-B-con-vacio-catalizadores-NiO-MgO-La-2-O-3-a-10-Mg-b.png\" alt=\"Difractogramas de la serie B (con vac\u00edo), catalizadores NiO\/MgO-La 2 O... | Download Scientific Diagram\" \/><\/p>\n<p>&nbsp;<\/p>\n<p style=\"margin: 0cm 0cm 0pt; text-indent: 35.45pt; text-align: justify;\">No puedo dejar de referirme al <span style=\"text-decoration: underline;\">vacio-theta<\/span> (vaci\u00f3 \u03b8) que, es el estado de vac\u00edo de un campo <a href=\"#\" onclick=\"referencia('gauge',event); return false;\">gauge<\/a> no abeliano (en ausencia de campos <a href=\"#\" onclick=\"referencia('fermion',event); return false;\">fermi\u00f3n<\/a>icos y campos de <a href=\"#\" onclick=\"referencia('higgs',event); return false;\">Higgs<\/a>). En el <a href=\"#\" onclick=\"referencia('vacio theta',event); return false;\">vac\u00edo theta<\/a> hay un n\u00famero infinito de estados degenerados con efecto t\u00fanel entre estos estados.\u00a0 Esto significa que el <a href=\"#\" onclick=\"referencia('vacio theta',event); return false;\">vac\u00edo theta<\/a> es an\u00e1logo a una fund\u00f3n de Bloch en un cristal.<\/p>\n<p style=\"margin: 0cm 0cm 0pt; text-indent: 35.45pt; text-align: justify;\">Se puede derivar tanto como un resultado general o bien usando t\u00e9cnicas de instant\u00f3n.\u00a0 Cuando hay un <a href=\"#\" onclick=\"referencia('fermion',event); return false;\">fermi\u00f3n<\/a> sin masa, el efecto t\u00fanel entre estados queda completamente suprimido.<\/p>\n<p style=\"margin: 0cm 0cm 0pt; text-indent: 35.45pt; text-align: justify;\">Cuando hay campos <a href=\"#\" onclick=\"referencia('fermion',event); return false;\">fermi\u00f3n<\/a>icos con masa peque\u00f1a, el efecto t\u00fanel es mucho menor que para campos <a href=\"#\" onclick=\"referencia('gauge',event); return false;\">gauge<\/a> puros, pero no est\u00e1 completamente suprimido.<\/p>\n<p style=\"margin: 0cm 0cm 0pt; text-indent: 35.45pt; text-align: right;\"><em>emilio silvera<\/em><\/p>\n<hr size=\"1\" \/>\n<p style=\"margin: 0cm 0cm 0pt;\"><a name=\"pie1\"><\/a>* Dualidad onda part\u00edcula en el comportamiento del <a href=\"#\" onclick=\"referencia('electron',event); return false;\">electr\u00f3n<\/a>, por ejemplo.<\/p>\n<p style=\"margin: 0cm 0cm 0pt;\"><a name=\"pie2\"><\/a>* Teorema de Bloch: relativo a la M.C. de los Cristales, que estable que la funci\u00f3n de ondas \u03a8 (\u03c0)=exp (ik&#8217;\u03c0) U (\u03c0).<\/p>\n<div class='bookmark'>\r\n\t\t<table align='left' border='0' cellpadding='0' width='100%'>\r\n\t\t<tr><td><span class='pushbutton'><a href='http:\/\/delicious.com\/post?url=https%3A%2F%2Fwww.emiliosilveravazquez.com%2Fblog%2F2022%2F09%2F08%2Fque-sera-la-materia%2F&amp;title=%C2%BFQu%C3%A9+ser%C3%A1+la+materia%3F' title='Delicious' target='_blank' rel='nofollow'><img src='https:\/\/www.emiliosilveravazquez.com\/blog\/wp-content\/plugins\/knxdt-bookmarks-wordpress-plugin\/images\/delicious.png'  alt='' class='book_img' border='none' style='margin:1px; padding: 0;'  \/><\/a><\/span><span class='pushbutton'><a href='http:\/\/digg.com\/submit?url=https%3A%2F%2Fwww.emiliosilveravazquez.com%2Fblog%2F2022%2F09%2F08%2Fque-sera-la-materia%2F&amp;title=%C2%BFQu%C3%A9+ser%C3%A1+la+materia%3F' title='Digg' target='_blank' rel='nofollow'><img src='https:\/\/www.emiliosilveravazquez.com\/blog\/wp-content\/plugins\/knxdt-bookmarks-wordpress-plugin\/images\/digg.png'  alt='' class='book_img' border='none' style='margin:1px; padding: 0;'  \/><\/a><\/span><span class='pushbutton'><a href='http:\/\/www.google.com\/bookmarks\/mark?op=edit&amp;bkmk=https%3A%2F%2Fwww.emiliosilveravazquez.com%2Fblog%2F2022%2F09%2F08%2Fque-sera-la-materia%2F&amp;title=%C2%BFQu%C3%A9+ser%C3%A1+la+materia%3F' title='Google' target='_blank' rel='nofollow'><img src='https:\/\/www.emiliosilveravazquez.com\/blog\/wp-content\/plugins\/knxdt-bookmarks-wordpress-plugin\/images\/google.png'   alt='' class='book_img' border='none' style='margin:1px; padding: 0;'  \/><\/a><\/span><span class='pushbutton'><a href='http:\/\/myweb2.search.yahoo.com\/myresults\/bookmarklet?u=https%3A%2F%2Fwww.emiliosilveravazquez.com%2Fblog%2F2022%2F09%2F08%2Fque-sera-la-materia%2F&amp;t=%C2%BFQu%C3%A9+ser%C3%A1+la+materia%3F' title='Yahoo' target='_blank' rel='nofollow'><img src='https:\/\/www.emiliosilveravazquez.com\/blog\/wp-content\/plugins\/knxdt-bookmarks-wordpress-plugin\/images\/yahoo.png'  alt='' class='book_img' border='none' style='margin:1px; padding: 0;'  \/><\/a><\/span><span class='pushbutton'><a href='http:\/\/www.technorati.com\/faves?add=https%3A%2F%2Fwww.emiliosilveravazquez.com%2Fblog%2F2022%2F09%2F08%2Fque-sera-la-materia%2F' title='Technorati' target='_blank' rel='nofollow'><img src='https:\/\/www.emiliosilveravazquez.com\/blog\/wp-content\/plugins\/knxdt-bookmarks-wordpress-plugin\/images\/technorati.png'  alt='' class='book_img' border='none' style='margin:1px; padding: 0;'  \/><\/a><\/span><span class='pushbutton'><a href='http:\/\/meneame.net\/submit.php?url=https%3A%2F%2Fwww.emiliosilveravazquez.com%2Fblog%2F2022%2F09%2F08%2Fque-sera-la-materia%2F' title='Meneame' target='_blank' rel='nofollow'><img src='https:\/\/www.emiliosilveravazquez.com\/blog\/wp-content\/plugins\/knxdt-bookmarks-wordpress-plugin\/images\/meneame.png'  alt='' class='book_img' border='none' style='margin:1px; padding: 0;'  \/><\/a><\/span><span class='pushbutton'><a href='http:\/\/enchilame.com\/submit.php?url=https:\/\/www.emiliosilveravazquez.com\/blog\/2022\/09\/08\/que-sera-la-materia\/' target='_blank' rel='nofollow'><img title='Enchilame' src='https:\/\/www.emiliosilveravazquez.com\/blog\/wp-content\/plugins\/knxdt-bookmarks-wordpress-plugin\/images\/enchilame.png'  alt='' class='book_img' border='none' style='margin:1px; padding: 0;'  \/><\/a><\/span><span class='pushbutton'><a href='http:\/\/www.blinklist.com\/index.php?Action=Blink\/addblink.php&amp;Description=&amp;Url=https%3A%2F%2Fwww.emiliosilveravazquez.com%2Fblog%2F2022%2F09%2F08%2Fque-sera-la-materia%2F&amp;title=%C2%BFQu%C3%A9+ser%C3%A1+la+materia%3F' title='BlinkList' target='_blank' rel='nofollow'><img src='https:\/\/www.emiliosilveravazquez.com\/blog\/wp-content\/plugins\/knxdt-bookmarks-wordpress-plugin\/images\/blinklist.png'  alt='' class='book_img' border='none' style='margin:1px; padding: 0;'  \/><\/a><\/span><span class='pushbutton'><a href='http:\/\/reddit.com\/submit?url=https%3A%2F%2Fwww.emiliosilveravazquez.com%2Fblog%2F2022%2F09%2F08%2Fque-sera-la-materia%2F&amp;title=%C2%BFQu%C3%A9+ser%C3%A1+la+materia%3F' title='Reddit' target='_blank' rel='nofollow'><img src='https:\/\/www.emiliosilveravazquez.com\/blog\/wp-content\/plugins\/knxdt-bookmarks-wordpress-plugin\/images\/reddit.png'  alt='' class='book_img' border='none' style='margin:1px; padding: 0;'  \/><\/a><\/span><span class='pushbutton'><a href='http:\/\/www.tecnologiadiaria.com\/2009\/07\/abrir-com-hotmail-correo.html' target='_blank' title='hotmail'><img src='https:\/\/www.emiliosilveravazquez.com\/blog\/wp-content\/plugins\/knxdt-bookmarks-wordpress-plugin\/images\/linklove.png' alt='hotmail correo' class='book_img' border='none' style='margin:1px; padding: 0;' \/><\/a><\/span><span class='pushbutton'><a href='http:\/\/bitacoras.com\/votar\/anotacion\/externo\/mini\/www.emiliosilveravazquez.com\/blog\/2022\/09\/08\/que-sera-la-materia\/' title='Bitacoras.com' target='_blank' rel='nofollow'><img src='https:\/\/www.emiliosilveravazquez.com\/blog\/wp-content\/plugins\/knxdt-bookmarks-wordpress-plugin\/images\/bitacoras.png'  alt='' class='book_img' border='none' style='margin:1px; padding: 0;'  \/><\/a><\/span><span class='pushbutton'><a href='http:\/\/www.wikio.es\/vote?url=https%3A%2F%2Fwww.emiliosilveravazquez.com%2Fblog%2F2022%2F09%2F08%2Fque-sera-la-materia%2F' title='Wikio' target='_blank' rel='nofollow'><img src='https:\/\/www.emiliosilveravazquez.com\/blog\/wp-content\/plugins\/knxdt-bookmarks-wordpress-plugin\/images\/wikio.png'   alt='' class='book_img' border='none' style='margin:1px; padding: 0;'   \/><\/a><\/span><span class='pushbutton'><a href='http:\/\/friendfeed.com\/?url=https%3A%2F%2Fwww.emiliosilveravazquez.com%2Fblog%2F2022%2F09%2F08%2Fque-sera-la-materia%2F&amp;title=%C2%BFQu%C3%A9+ser%C3%A1+la+materia%3F' title='Friend Feed' target='_blank' rel='nofollow'><img src='https:\/\/www.emiliosilveravazquez.com\/blog\/wp-content\/plugins\/knxdt-bookmarks-wordpress-plugin\/images\/friendfeed.png'  alt='' class='book_img' border='none' style='margin:1px; padding: 0;'  \/><\/a><\/span><span class='pushbutton'><a href='http:\/\/www.facebook.com\/share.php?u=https%3A%2F%2Fwww.emiliosilveravazquez.com%2Fblog%2F2022%2F09%2F08%2Fque-sera-la-materia%2F&amp;t=%C2%BFQu%C3%A9+ser%C3%A1+la+materia%3F' title='Facebook' target='_blank' rel='nofollow'><img src='https:\/\/www.emiliosilveravazquez.com\/blog\/wp-content\/plugins\/knxdt-bookmarks-wordpress-plugin\/images\/facebook.png'  alt='' class='book_img' border='none' style='margin:1px; padding: 0;'  \/><\/a><\/span><span class='pushbutton'><a href='http:\/\/twitter.com\/home?status=%C2%BFQu%C3%A9+ser%C3%A1+la+materia%3F: https%3A%2F%2Fwww.emiliosilveravazquez.com%2Fblog%2F2022%2F09%2F08%2Fque-sera-la-materia%2F' title='Twitter' target='_blank' rel='nofollow'><img src='https:\/\/www.emiliosilveravazquez.com\/blog\/wp-content\/plugins\/knxdt-bookmarks-wordpress-plugin\/images\/twitter.png'  alt='' class='book_img' border='none' style='margin:1px; padding: 0;'  \/><\/a><\/span><span class='pushbutton'><a href='http:\/\/www.feedburner.com\/fb\/a\/emailFlare?itemTitle=%C2%BFQu%C3%A9+ser%C3%A1+la+materia%3F&amp;uri=https%3A%2F%2Fwww.emiliosilveravazquez.com%2Fblog%2F2022%2F09%2F08%2Fque-sera-la-materia%2F' title='Enviar por Email' target='_blank' rel='nofollow'><img src='https:\/\/www.emiliosilveravazquez.com\/blog\/wp-content\/plugins\/knxdt-bookmarks-wordpress-plugin\/images\/email.png'  alt='' class='book_img' border='none' style='margin:1px; padding: 0;'  \/><\/a><\/span><span style='font-weight:bold; padding-left: 5px;'><a href='http:\/\/wordpress.org\/extend\/plugins\/knxdt-bookmarks-wordpress-plugin\/' title='Plugin' rel='nofollow' target='_blank'>[?]<\/a><\/span><\/td><\/tr><\/table><br\/><br\/><\/div>","protected":false},"excerpt":{"rendered":"<p>Seguramente habr\u00e1 alguna otra como el condensado de Bose-Einstein y la materia extra\u00f1a de Quarks-Gluones que est\u00e1 por descubrir. Si pudiera existir alguna otra lo desconocemos y s\u00f3lo son hip\u00f3tesis. El estado de la materia m\u00e1s abundante del Universo es el plasma que est\u00e9 en las estrellas y en muchos fen\u00f3menos espaciales. Tiene y encierra [&hellip;]<\/p>\n","protected":false},"author":2,"featured_media":0,"comment_status":"open","ping_status":"open","sticky":false,"template":"","format":"standard","meta":{"_s2mail":"","footnotes":""},"categories":[1],"tags":[],"_links":{"self":[{"href":"https:\/\/www.emiliosilveravazquez.com\/blog\/wp-json\/wp\/v2\/posts\/28657"}],"collection":[{"href":"https:\/\/www.emiliosilveravazquez.com\/blog\/wp-json\/wp\/v2\/posts"}],"about":[{"href":"https:\/\/www.emiliosilveravazquez.com\/blog\/wp-json\/wp\/v2\/types\/post"}],"author":[{"embeddable":true,"href":"https:\/\/www.emiliosilveravazquez.com\/blog\/wp-json\/wp\/v2\/users\/2"}],"replies":[{"embeddable":true,"href":"https:\/\/www.emiliosilveravazquez.com\/blog\/wp-json\/wp\/v2\/comments?post=28657"}],"version-history":[{"count":0,"href":"https:\/\/www.emiliosilveravazquez.com\/blog\/wp-json\/wp\/v2\/posts\/28657\/revisions"}],"wp:attachment":[{"href":"https:\/\/www.emiliosilveravazquez.com\/blog\/wp-json\/wp\/v2\/media?parent=28657"}],"wp:term":[{"taxonomy":"category","embeddable":true,"href":"https:\/\/www.emiliosilveravazquez.com\/blog\/wp-json\/wp\/v2\/categories?post=28657"},{"taxonomy":"post_tag","embeddable":true,"href":"https:\/\/www.emiliosilveravazquez.com\/blog\/wp-json\/wp\/v2\/tags?post=28657"}],"curies":[{"name":"wp","href":"https:\/\/api.w.org\/{rel}","templated":true}]}}