{"id":28618,"date":"2022-09-03T05:17:32","date_gmt":"2022-09-03T04:17:32","guid":{"rendered":"http:\/\/www.emiliosilveravazquez.com\/blog\/?p=28618"},"modified":"2022-09-03T05:17:32","modified_gmt":"2022-09-03T04:17:32","slug":"si-todo-cambia-pero-algunos-recuerdos-perduran","status":"publish","type":"post","link":"https:\/\/www.emiliosilveravazquez.com\/blog\/2022\/09\/03\/si-todo-cambia-pero-algunos-recuerdos-perduran\/","title":{"rendered":"S\u00ed, todo cambia pero\u2026, algunos recuerdos perduran"},"content":{"rendered":"<div>\n<h2 style=\"text-align: justify;\">\u00a0\u00ab <a href=\"http:\/\/www.emiliosilveravazquez.com\/blog\/2013\/10\/03\/el-universo-asombroso-2\/\" rel=\"prev\">El Universo Asombroso<\/a><\/h2>\n<\/div>\n<div style=\"text-align: justify;\">\n<div><a href=\"http:\/\/www.emiliosilveravazquez.com\/blog\/2013\/10\/03\/si-nuevas-teorias-nos-hablaran-de-como-es-la-naturaleza\/\" rel=\"next\">S\u00ed, nuevas Teor\u00edas nos hablar\u00e1n de c\u00f3mo es la Naturaleza<\/a> \u00bb<\/div>\n<\/div>\n<div style=\"text-align: justify;\">\n<p>&nbsp;<\/p>\n<\/div>\n<div>\n<div style=\"text-align: justify;\">\u00a0 \u00a0 \u00a0 \u00a0 \u00a0 \u00a0 \u00a0 \u00a0 \u00a0 \u00a0 \u00a0 \u00a0 \u00a0 \u00a0 \u00a0 \u00a0 \u00a0 <img decoding=\"async\" loading=\"lazy\" id=\"irc_mi\" src=\"http:\/\/agilidadmental1.files.wordpress.com\/2010\/11\/recordar-nombres-y-rostros.jpg\" alt=\"\" width=\"306\" height=\"320\" \/><\/div>\n<\/div>\n<div>\n<div style=\"text-align: justify;\"><img decoding=\"async\" loading=\"lazy\" id=\"irc_mi\" src=\"http:\/\/agilidadmental1.files.wordpress.com\/2010\/11\/recordar-nombres-y-rostros.jpg\" alt=\"\" width=\"306\" height=\"320\" \/><img decoding=\"async\" src=\"https:\/\/encrypted-tbn0.gstatic.com\/images?q=tbn:ANd9GcTgP0qcrUZGpkzfiBa0wUbJ2zyrj8FlD5MCOjMkO_5wSJYCziVjbZFHxzJnLwMYzIGiDBI&amp;usqp=CAU\" alt=\"\u25b7 \u00bfC\u00f3mo olvidar a un ex novio que te hizo da\u00f1o? | agosto \u2013 2022\" \/><\/div>\n<div>\n<p style=\"text-align: justify;\"><strong>No es poder recordar,<\/strong><\/p>\n<p style=\"text-align: justify;\"><strong>sino todo lo contrario,<\/strong><\/p>\n<p style=\"text-align: justify;\"><strong>la condici\u00f3n necesaria<\/strong><\/p>\n<p style=\"text-align: justify;\"><strong><a id=\"_GPLITA_0\" title=\"Click to Continue &gt; by Savings Wave\" href=\"http:\/\/www.emiliosilveravazquez.com\/blog\/2013\/10\/03\/si-todo-cambia-pero-algunos-pensamientos-perduran\/#\">para<img decoding=\"async\" src=\"http:\/\/savingswave-a.akamaihd.net\/items\/it\/img\/arrow-10x10.png\" alt=\"\" \/><\/a> nuestra existencia en paz.<\/strong><\/p>\n<p style=\"text-align: justify;\"><strong>Si el recuerdo es de la amada que se fue,<\/strong><\/p>\n<p style=\"text-align: justify;\"><strong>tendremos el dolor,<\/strong><\/p>\n<p style=\"text-align: justify;\"><strong>Si el recuerdo nos trae momentos amargos,<\/strong><\/p>\n<p style=\"text-align: justify;\"><strong>tendremos dolor.<\/strong><\/p>\n<p style=\"text-align: justify;\"><strong><a id=\"_GPLITA_1\" title=\"Click to Continue &gt; by Savings Wave\" href=\"http:\/\/www.emiliosilveravazquez.com\/blog\/2013\/10\/03\/si-todo-cambia-pero-algunos-pensamientos-perduran\/#\">Pero<img decoding=\"async\" src=\"http:\/\/savingswave-a.akamaihd.net\/items\/it\/img\/arrow-10x10.png\" alt=\"\" \/><\/a>, si podemos olvidar, retomaremos una vida en paz.<\/strong><\/p>\n<p style=\"text-align: justify;\"><strong>Sin embargo, y, a pesar de todo, yo prefiero el dolor que me trae<\/strong><\/p>\n<p style=\"text-align: justify;\"><strong>ese recuerdo feliz, de otra manera, \u00bfQu\u00e9 vida ser\u00eda la m\u00eda? No ser\u00eda mi vida.<br \/>\n<\/strong><\/p>\n<p style=\"text-align: justify;\"><strong>\u00a1La Vida! amigos m\u00edos, no se nos ha regalado,<\/strong><\/p>\n<p style=\"text-align: justify;\"><strong>la vida la tenemos que <a id=\"_GPLITA_2\" title=\"Click to Continue &gt; by Savings Wave\" href=\"http:\/\/www.emiliosilveravazquez.com\/blog\/2013\/10\/03\/si-todo-cambia-pero-algunos-pensamientos-perduran\/#\">pagar<img decoding=\"async\" src=\"http:\/\/savingswave-a.akamaihd.net\/items\/it\/img\/arrow-10x10.png\" alt=\"\" \/><\/a>\u2026\u00a1De tantas maneras!<\/strong><\/p>\n<p>&nbsp;<\/p>\n<p style=\"text-align: justify;\">\u00a0 \u00a0 \u00a0 \u00a0 \u00a0 \u00a0 \u00a0 \u00a0 \u00a0 \u00a0 \u00a0 \u00a0 \u00a0 \u00a0 \u00a0<img decoding=\"async\" loading=\"lazy\" id=\"irc_mi\" src=\"http:\/\/3.bp.blogspot.com\/-kGOGjLogEzw\/TzUP4mjtI7I\/AAAAAAAAABo\/cw-THEk0A3U\/s760\/interculturalidad.jpg\" alt=\"\" width=\"357\" height=\"207\" \/><\/p>\n<p style=\"text-align: justify;\">Siempre ser\u00e1 de la misma manera. A pesar de nuestras similitudes, ninguno de nosotros seremos nunca exactamente igual a otro. Con los mundos pasa otro tanto de lo mismo, ser\u00e1n casi iguales, coincidir\u00e1n en muchos de sus par\u00e1metros <a id=\"_GPLITA_3\" title=\"Click to Continue &gt; by Savings Wave\" href=\"http:\/\/www.emiliosilveravazquez.com\/blog\/2013\/10\/03\/si-todo-cambia-pero-algunos-pensamientos-perduran\/#\">pero<img decoding=\"async\" src=\"http:\/\/savingswave-a.akamaihd.net\/items\/it\/img\/arrow-10x10.png\" alt=\"\" \/><\/a>, siempre tendr\u00e1n detalles grandes o peque\u00f1os que los diferenciaran a los unos de los otros. Creo que, lo \u00fanico que podemos decir que son iguales, est\u00e1 situado en el mundo microsc\u00f3pico de las part\u00edculas: dos <a href=\"http:\/\/www.emiliosilveravazquez.com\/blog\/2013\/09\/27\/las-cosas-son-como-son-y-no-de-otra-manera\/#\">protones<\/a> son exactos al igual que dos <a href=\"http:\/\/www.emiliosilveravazquez.com\/blog\/2013\/09\/27\/las-cosas-son-como-son-y-no-de-otra-manera\/#\">electrones<\/a> o dos Quarks dowm. Ni las Nebulosas ni las Galaxias son nunca de la misma manera aunque ambas, puedan contener los mismos elementos.<\/p>\n<\/div>\n<\/div>\n<p><img decoding=\"async\" src=\"https:\/\/librakko.files.wordpress.com\/2015\/08\/animacion-de-la-evolucion-397134.gif?w=535\" alt=\"De Gifs Animados: Gifs Animados Lindos Y Graciosos A Full\u2026 | librakko\" \/><\/p>\n<div>\n<div>\n<blockquote><p><strong>El chimpanc\u00e9 y el hombre tienen un ancestro com\u00fan que no era ni Homo ni Pan. Dado un momento de la Historia, ambas ramas divergieron, y, mientras el chimpanc\u00e9 sigue en la rama de los \u00e1rboles, nosotros estudiamos el Universo.<\/strong><\/p><\/blockquote>\n<p style=\"text-align: justify;\">El cambio es un desaf\u00edo. Vivimos en el per\u00edodo de mayor velocidad del movimiento de la historia humana. El mundo que nos rodea est\u00e1 impulsado por fuerzas que hace nuestras vidas cada vez m\u00e1s sensibles a cambios peque\u00f1os y respuestas repentinas. El desarrollo de Internet y los tent\u00e1culos de la Red Mundial nops ponen inmediatamente en <a id=\"_GPLITA_4\" title=\"Click to Continue &gt; by Savings Wave\" href=\"http:\/\/www.emiliosilveravazquez.com\/blog\/2013\/10\/03\/si-todo-cambia-pero-algunos-pensamientos-perduran\/#\">contacto<img decoding=\"async\" src=\"http:\/\/savingswave-a.akamaihd.net\/items\/it\/img\/arrow-10x10.png\" alt=\"\" \/><\/a> con ordenadores y con sus propietarios en cualquier parte del mundo. Los riesgos del progreso industrial desenfrenado han provocado da\u00f1os ecol\u00f3gicos y cambios medioambientales de los que no tenemos idea de qu\u00e9 repercusi\u00f3n futura tendr\u00e1 en el devenir del planeta y, de nosotros mismos. Todo est\u00e1 sucediendo a una velocidad que, a veces, parece que se nos puede escapar de entre los dedos de la mano, sin que nada podamos hacer por frenar tal desvar\u00edo.<\/p>\n<\/div>\n<\/div>\n<p>&nbsp;<\/p>\n<p><img decoding=\"async\" src=\"https:\/\/i.gifer.com\/9QYV.gif\" alt=\"Naturaleza GIF - Encontrar en GIFER\" \/><img decoding=\"async\" src=\"http:\/\/1.bp.blogspot.com\/-2PDmrLGYefM\/VIBqIBl9X8I\/AAAAAAAAFPw\/y4J6nAG7wDo\/s1600\/01aec34e4f3d177a983bfd124f5b301e.jpg\" alt=\"GIFS ANIMADOS: GIF ANIMADO DE LAGOS Y RIOS\" \/><\/p>\n<div>\n<div>\n<p style=\"text-align: justify;\">\u00a0\u00a0\u00a0\u00a0\u00a0\u00a0\u00a0\u00a0\u00a0\u00a0\u00a0\u00a0\u00a0\u00a0\u00a0\u00a0\u00a0\u00a0\u00a0\u00a0\u00a0\u00a0\u00a0\u00a0<strong>\u00a0 Los ecosistemas no permanecen si no se cuidan<\/strong><\/p>\n<p style=\"text-align: justify;\">Todo parece diferente. Hasta los ni\u00f1os parecen crecer antes y, son m\u00e1s listos a edades m\u00e1s tempranas, \u00bfD\u00f3nde qued\u00f3 aquella candidez de los ni\u00f1os? Ellos, <a id=\"_GPLITA_5\" title=\"Click to Continue &gt; by Savings Wave\" href=\"http:\/\/www.emiliosilveravazquez.com\/blog\/2013\/10\/03\/si-todo-cambia-pero-algunos-pensamientos-perduran\/#\">ahora<img decoding=\"async\" src=\"http:\/\/savingswave-a.akamaihd.net\/items\/it\/img\/arrow-10x10.png\" alt=\"\" \/><\/a> no te hacen preguntas, te corrigen. Los pol\u00edticos, para ir a la velocidad de los tiempos, cambian de signo y de alineaciones pol\u00edticos que hoy es una y ma\u00f1ana otra dependiente de sus intereses part\u00edculas (nunca de los generales que, en realidad, les importa un pito). Incluso los seres humanos y la informaci\u00f3n que llevan incorporada se enfrentan a la intervenci\u00f3n editorial que supone la ambiciosa cirug\u00eda de sustituci\u00f3n o la reprogramaci\u00f3n de parte de nuestro c\u00f3digo gen\u00e9tico. Muchas formas de progreso se est\u00e1n acelerando y cada vez m\u00e1s fragmentos de nuestra experiencia se han entrelazado con el af\u00e1n de explorar todo lo que sea posible.<\/p>\n<\/div>\n<\/div>\n<p><img decoding=\"async\" src=\"https:\/\/c.tenor.com\/fSjDWdNkk8cAAAAd\/outer-space-star-galaxy.gif\" alt=\"Espacio exterior Star Galaxy GIF - Espacio exterior Star Galaxy Cosmos GIFs\" \/><\/p>\n<div>\n<div>\n<p>&nbsp;<\/p>\n<p style=\"text-align: justify;\">En el mundo de la exploraci\u00f3n cient\u00edfica, reconocer el impacto de cambio no es tan nuevo. Hacia finales del s. XIX se hab\u00eda llegado a saber que hubo un tiempo en que la Tierra y nuestro Sistema Solar no exist\u00edan; que la especie humana deb\u00eda haber cambiado en apariencia y en el promedio de su capacidad mental a lo largo de enormes per\u00edodos de tiempo; y que, en cierto sentido, amplio y general, el Universo deber\u00eda estar degrad\u00e1ndose, haci\u00e9ndose un lugar menos hospitalario y ordenado. Durante el s. XX hemos revestido de carne <a id=\"_GPLITA_6\" title=\"Click to Continue &gt; by Savings Wave\" href=\"http:\/\/www.emiliosilveravazquez.com\/blog\/2013\/10\/03\/si-todo-cambia-pero-algunos-pensamientos-perduran\/#\">esta<img decoding=\"async\" src=\"http:\/\/savingswave-a.akamaihd.net\/items\/it\/img\/arrow-10x10.png\" alt=\"\" \/><\/a> imagen esquel\u00e9tica de un Universo cambiante.<\/p>\n<p style=\"text-align: justify;\">El clima y la topograf\u00eda de nuestro planeta var\u00edan continuamente, como las especies que viven en \u00e9l. Y lo m\u00e1s espectacular, hemos descubierto que todo el Universo de estrellas y galaxias est\u00e1 en un <a id=\"_GPLITA_7\" title=\"Click to Continue &gt; by Savings Wave\" href=\"http:\/\/www.emiliosilveravazquez.com\/blog\/2013\/10\/03\/si-todo-cambia-pero-algunos-pensamientos-perduran\/#\">estado<img decoding=\"async\" src=\"http:\/\/savingswave-a.akamaihd.net\/items\/it\/img\/arrow-10x10.png\" alt=\"\" \/><\/a> de cambio, en el que grandes c\u00famulos de galaxias se alejan unos de otros hacia un futuro que ser\u00e1 diferente del presente.<\/p>\n<\/div>\n<p style=\"text-align: justify;\"><img decoding=\"async\" src=\"https:\/\/www.larazon.es\/resizer\/V2l66cdId4QIY0HVlesDWMnZW2Y=\/600x400\/smart\/filters:format(jpg)\/cloudfront-eu-central-1.images.arcpublishing.com\/larazon\/EHNBSWB3OBAMLOMRXAL2466UWI.JPG\" alt=\"Qu\u00e9 es una lente gravitacional?: ventanas al espacio profundo\" \/><\/p>\n<div>\n<p style=\"text-align: justify;\">Las galaxias se alejan unas de otras con una tasa constante, tambi\u00e9n tienen peque\u00f1as velocidades adicionales llamadas \u201cvelocidades peculiares\u201d que les permite a las galaxias direccionarse lateralmente a la expansi\u00f3n principal. En los llamados grupos locales, en los que las galaxias est\u00e1n m\u00e1s juntas, la Gravedad les impide expandirse y, al contrario de lo que ocurre <a id=\"_GPLITA_8\" title=\"Click to Continue &gt; by Savings Wave\" href=\"http:\/\/www.emiliosilveravazquez.com\/blog\/2013\/10\/03\/si-todo-cambia-pero-algunos-pensamientos-perduran\/#\">para<img decoding=\"async\" src=\"http:\/\/savingswave-a.akamaihd.net\/items\/it\/img\/arrow-10x10.png\" alt=\"\" \/><\/a> lo general, aqu\u00ed se produce en contrario, toda vez que, cada vez est\u00e1n m\u00e1s cerca por la fuerza de atracci\u00f3n que tiende a juntarlas.<\/p>\n<p style=\"text-align: justify;\">Hemos empezado a darnos <a id=\"_GPLITA_9\" title=\"Click to Continue &gt; by Savings Wave\" href=\"http:\/\/www.emiliosilveravazquez.com\/blog\/2013\/10\/03\/si-todo-cambia-pero-algunos-pensamientos-perduran\/#\">cuenta<img decoding=\"async\" src=\"http:\/\/savingswave-a.akamaihd.net\/items\/it\/img\/arrow-10x10.png\" alt=\"\" \/><\/a> de que vivimos en un tiempo prestado. Los sucesos astron\u00f3micos catastr\u00f3ficos son comunes; los mundos colisionan, legiones de asteroides cercan las inmediaciones de nuestro planeta, as\u00ed han sido descubiertos por la NASA. Tenemos las huellas del pasado en el que, la Tierra, recibi\u00f3 muchas visitas exteriores en las que, no siempre salieron bien paradas las especies que en aquel momento estaban presente. Un d\u00eda de estos, nuestra suerte cambiar\u00e1, se acabar\u00e1; el escudo que tan fortuitamente nos proporciona el enorme planeta J\u00fapiter, que guarda los confines exteriores del Sistema Solar, no ser\u00e1 suficiente para salvarnos.<\/p>\n<p>&nbsp;<\/p>\n<p style=\"text-align: justify;\">\u00a0<img decoding=\"async\" loading=\"lazy\" id=\"irc_mi\" src=\"http:\/\/xochipilli.files.wordpress.com\/2011\/04\/centro-galaxia-sagitario-a-sgra-1024x1024.jpg?w=632\" alt=\"\" width=\"393\" height=\"393\" \/><img decoding=\"async\" loading=\"lazy\" id=\"irc_mi\" src=\"http:\/\/www.esa.int\/images\/222689main_sagittariusA_20080415_H.jpg\" alt=\"\" width=\"394\" height=\"393\" \/><\/p>\n<p>&nbsp;<\/p>\n<p style=\"text-align: justify;\">Al final, incluso nuestro Sol morir\u00e1. Nuestra V\u00eda L\u00e1ctea ser\u00e1 engullida por un enorme <a href=\"http:\/\/www.emiliosilveravazquez.com\/blog\/2013\/10\/03\/si-todo-cambia-pero-algunos-pensamientos-perduran\/#\"><a href=\"#\" onclick=\"referencia('agujero negro',event); return false;\">agujero negro<\/a><\/a> central que, en Sagitario A, cada d\u00eda se hace mayor. La vida, tal como la conocemos terminar\u00e1. Los supervivientes tendr\u00e1n que haber cambiado su <a id=\"_GPLITA_10\" title=\"Click to Continue &gt; by Savings Wave\" href=\"http:\/\/www.emiliosilveravazquez.com\/blog\/2013\/10\/03\/si-todo-cambia-pero-algunos-pensamientos-perduran\/#\">forma<img decoding=\"async\" src=\"http:\/\/savingswave-a.akamaihd.net\/items\/it\/img\/arrow-10x10.png\" alt=\"\" \/><\/a>, sus hogares y su Naturaleza en tal medida que nos costar\u00eda llamar \u201cvida\u201d seg\u00fan nuestros criterios actuales, a su existencia prolongada. Todo cambia, nada permanece y, nosotros, si queremos seguir viviendo, debemos adaptarnos a lo que vendr\u00e1 y, como todo, debemos cambias. \u00bfY, nuestros recuerdos?<\/p>\n<p style=\"text-align: justify;\">Hemos reconocido los secretos simples del Caos y de la Impredecibilidad que asedian tantas partes del mundo que nos rodea. Entendemos que nuestro clima es cambiante pero no podemos predecir los cambios. Hemos apreciado las similitudes <a id=\"_GPLITA_11\" title=\"Click to Continue &gt; by Savings Wave\" href=\"http:\/\/www.emiliosilveravazquez.com\/blog\/2013\/10\/03\/si-todo-cambia-pero-algunos-pensamientos-perduran\/#\">entre<img decoding=\"async\" src=\"http:\/\/savingswave-a.akamaihd.net\/items\/it\/img\/arrow-10x10.png\" alt=\"\" \/><\/a> complejidades como \u00e9sta y las que emergen de los sistemas de interacci\u00f3n humana -Sociedades, econom\u00edas, ecosistemas- y, tambi\u00e9n algo hemos podido aprender del interior de la propia mente humana.<\/p>\n<p>&nbsp;<\/p>\n<p style=\"text-align: justify;\"><img decoding=\"async\" loading=\"lazy\" src=\"http:\/\/www.abc.es\/Media\/201211\/13\/pilares-creacion--644x362.jpg\" alt=\"\" width=\"644\" height=\"362\" longdesc=\"\/Media\/201211\/13\/pilares-creacion--644x362.jpg\" \/><\/p>\n<p style=\"text-align: justify;\">\u00a0 <strong>\u00a0 \u00a0 Lo cierto es que todo cambia y nada permanece y <a id=\"_GPLITA_12\" title=\"Click to Continue &gt; by Savings Wave\" href=\"http:\/\/www.emiliosilveravazquez.com\/blog\/2013\/10\/03\/si-todo-cambia-pero-algunos-pensamientos-perduran\/#\">hasta<img decoding=\"async\" src=\"http:\/\/savingswave-a.akamaihd.net\/items\/it\/img\/arrow-10x10.png\" alt=\"\" \/><\/a> algunos recuerdos se esfuman en nuestras mentes pero, hay algunos\u2026 \u00a1Imperecederos!<\/strong><\/p>\n<p style=\"text-align: justify;\">Todas estas sorprendes complejidades tratan de convencernos de que el mundo, es como una monta\u00f1a rusa desbocada, rodando y dando bandazos; que todo lo que una vez se ha tenido por cierto podr\u00eda ser derrotado alg\u00fan d\u00eda. Algunos incluso ven semejante perspectiva como una raz\u00f3n <a id=\"_GPLITA_13\" title=\"Click to Continue &gt; by Savings Wave\" href=\"http:\/\/www.emiliosilveravazquez.com\/blog\/2013\/10\/03\/si-todo-cambia-pero-algunos-pensamientos-perduran\/#\">para<img decoding=\"async\" src=\"http:\/\/savingswave-a.akamaihd.net\/items\/it\/img\/arrow-10x10.png\" alt=\"\" \/><\/a> sospechar de la Ciencia, como si produjera unos efectos corrosivos sobre los fundamentos de la Naturaleza humana y de la certeza, como si la construcci\u00f3n del Universo f\u00edsico y el vasto esquema de las Leyes\u00a0 debiera haberse establecido pensando en nuestra fragilidad <a href=\"http:\/\/www.emiliosilveravazquez.com\/blog\/2013\/10\/03\/si-todo-cambia-pero-algunos-pensamientos-perduran\/#\"><a href=\"#\" onclick=\"referencia('psi',event); return false;\">psi<\/a><\/a>col\u00f3gica.<\/p>\n<p style=\"text-align: justify;\">Pero hay un sentido en el que todo <a id=\"_GPLITA_14\" title=\"Click to Continue &gt; by Savings Wave\" href=\"http:\/\/www.emiliosilveravazquez.com\/blog\/2013\/10\/03\/si-todo-cambia-pero-algunos-pensamientos-perduran\/#\">este<img decoding=\"async\" src=\"http:\/\/savingswave-a.akamaihd.net\/items\/it\/img\/arrow-10x10.png\" alt=\"\" \/><\/a> cambio e impredecibilidad es una ilusi\u00f3n. No constituye toda la historia sobre la Naturaleza del Universo. Hay tanto un lado conservador como un lado progresista en la estructura profunda de la realidad. A pesar del cambio incesante y la din\u00e1mica del mundo visible, existen aspectos de la f\u00e1brica del Universo misteriosos en su inquebrantable constancia, Son esas misteriosas cosas invariables que hacen de nuestro universo el que es y se distingue de los otros que pudi\u00e9ramos imaginar.<\/p>\n<p>&nbsp;<\/p>\n<p style=\"text-align: justify;\"><img decoding=\"async\" loading=\"lazy\" id=\"il_fi\" src=\"http:\/\/3.bp.blogspot.com\/-tZxaYy9jkuE\/TuZi34eXzgI\/AAAAAAAABe4\/QUBm6VlJn0Y\/s1600\/Estrellas%2B0000-iatc-0000-0001-00.jpg\" alt=\"\" width=\"645\" height=\"475\" \/><\/p>\n<blockquote><p><strong>La constelaci\u00f3n de\u00a0<em>Ori\u00f3n<\/em>\u00a0es un grupo de estrellas que forma la figura del guerrero\u00a0<em>Ori\u00f3n<\/em>, en el que puede verse una l\u00ednea en forma de\u00a0<em>cintur\u00f3n formado por las estrellas : <a title=\"Alnitak\" href=\"https:\/\/es.wikipedia.org\/wiki\/Alnitak\">Alnitak<\/a>,\u00a0<a title=\"Alnilam\" href=\"https:\/\/es.wikipedia.org\/wiki\/Alnilam\">Alnilam<\/a>\u00a0y\u00a0<a title=\"Mintaka\" href=\"https:\/\/es.wikipedia.org\/wiki\/Mintaka\">Mintaka<\/a>.<\/em><\/strong><\/p><\/blockquote>\n<p style=\"text-align: justify;\">Hay un hilo dorado que teje una continuidad a trav\u00e9s del tiempo que siempre acompa\u00f1a a la Naturaleza en su devenir. Todo eso, nos lleva a esperar que ciertas cosas sean iguales en otros lugares del espacio adem\u00e1s de la Tierra, necesitamos tener, al menos, alguna esperanza y, esa igualdad, nos trae la tranquilidad de que, tambi\u00e9n all\u00ed, en aquellos remotos lugares de los confines del Cosmos, tenemos hermanos con los que, alg\u00fan d\u00eda podremos estar. As\u00ed, las cosas ser\u00e1n las mismas en todas partes y, en todas partes y en otros tiempos, tambi\u00e9n pudieron pasar las cosas que aqu\u00ed pasaron; que <a id=\"_GPLITA_15\" title=\"Click to Continue &gt; by Savings Wave\" href=\"http:\/\/www.emiliosilveravazquez.com\/blog\/2013\/10\/03\/si-todo-cambia-pero-algunos-pensamientos-perduran\/#\">para<img decoding=\"async\" src=\"http:\/\/savingswave-a.akamaihd.net\/items\/it\/img\/arrow-10x10.png\" alt=\"\" \/><\/a> algunos casos, ni la historia ni la geograf\u00eda importan. De hecho, quiz\u00e1 sin un substrato semejante de realidades invariables no podr\u00edan haber corrientes superficiales de cambio ni ninguna complejidad de mente y materia.<\/p>\n<p>&nbsp;<\/p>\n<p style=\"text-align: justify;\">\u00a0 \u00a0 \u00a0 \u00a0<img decoding=\"async\" loading=\"lazy\" id=\"il_fi\" src=\"http:\/\/newton.cnice.mec.es\/materiales_didacticos\/materia_y_energia\/images\/600px-Andromeda_galaxy.jpg\" alt=\"\" width=\"509\" height=\"509\" \/><\/p>\n<p style=\"text-align: justify;\">Nuestras Mentes, lo mismo que toda la Materia del Universo, est\u00e1n estrechamente conectadas con la memoria del \u201cmundo\u201d en el que est\u00e1n inmersos y del que, irremediablemente forman parte. El que cada una de ellas, Mente y Materia, est\u00e9n en determinados momentos ocupando un <a id=\"_GPLITA_16\" title=\"Click to Continue &gt; by Savings Wave\" href=\"http:\/\/www.emiliosilveravazquez.com\/blog\/2013\/10\/03\/si-todo-cambia-pero-algunos-pensamientos-perduran\/#\">estado<img decoding=\"async\" src=\"http:\/\/savingswave-a.akamaihd.net\/items\/it\/img\/arrow-10x10.png\" alt=\"\" \/><\/a> diferente, no desvirt\u00faa que, de cualquier manera, siguen siendo la misma cosa: Quarks y Leptones que, derivan en pensamientos cuando alcanzan su m\u00e1s alto estadio evolutivo.<\/p>\n<div>\n<p style=\"text-align: justify;\">\u00bfY, nuestros recuerdos? Bueno, a pesar de que me puedan causar dolor\u2026\u00a1Yo los quiero! Son parte de mi historia, parte de m\u00ed.<\/p>\n<p style=\"text-align: justify;\"><em>emilio silvera<\/em><\/p>\n<\/div>\n<\/div>\n<\/div>\n<div class='bookmark'>\r\n\t\t<table align='left' border='0' cellpadding='0' width='100%'>\r\n\t\t<tr><td><span class='pushbutton'><a href='http:\/\/delicious.com\/post?url=https%3A%2F%2Fwww.emiliosilveravazquez.com%2Fblog%2F2022%2F09%2F03%2Fsi-todo-cambia-pero-algunos-recuerdos-perduran%2F&amp;title=S%C3%AD%2C+todo+cambia+pero%E2%80%A6%2C+algunos+recuerdos+perduran' title='Delicious' target='_blank' rel='nofollow'><img src='https:\/\/www.emiliosilveravazquez.com\/blog\/wp-content\/plugins\/knxdt-bookmarks-wordpress-plugin\/images\/delicious.png'  alt='' class='book_img' border='none' style='margin:1px; padding: 0;'  \/><\/a><\/span><span class='pushbutton'><a href='http:\/\/digg.com\/submit?url=https%3A%2F%2Fwww.emiliosilveravazquez.com%2Fblog%2F2022%2F09%2F03%2Fsi-todo-cambia-pero-algunos-recuerdos-perduran%2F&amp;title=S%C3%AD%2C+todo+cambia+pero%E2%80%A6%2C+algunos+recuerdos+perduran' title='Digg' target='_blank' rel='nofollow'><img src='https:\/\/www.emiliosilveravazquez.com\/blog\/wp-content\/plugins\/knxdt-bookmarks-wordpress-plugin\/images\/digg.png'  alt='' class='book_img' border='none' style='margin:1px; padding: 0;'  \/><\/a><\/span><span class='pushbutton'><a href='http:\/\/www.google.com\/bookmarks\/mark?op=edit&amp;bkmk=https%3A%2F%2Fwww.emiliosilveravazquez.com%2Fblog%2F2022%2F09%2F03%2Fsi-todo-cambia-pero-algunos-recuerdos-perduran%2F&amp;title=S%C3%AD%2C+todo+cambia+pero%E2%80%A6%2C+algunos+recuerdos+perduran' title='Google' target='_blank' rel='nofollow'><img src='https:\/\/www.emiliosilveravazquez.com\/blog\/wp-content\/plugins\/knxdt-bookmarks-wordpress-plugin\/images\/google.png'   alt='' class='book_img' border='none' style='margin:1px; padding: 0;'  \/><\/a><\/span><span class='pushbutton'><a href='http:\/\/myweb2.search.yahoo.com\/myresults\/bookmarklet?u=https%3A%2F%2Fwww.emiliosilveravazquez.com%2Fblog%2F2022%2F09%2F03%2Fsi-todo-cambia-pero-algunos-recuerdos-perduran%2F&amp;t=S%C3%AD%2C+todo+cambia+pero%E2%80%A6%2C+algunos+recuerdos+perduran' title='Yahoo' target='_blank' rel='nofollow'><img src='https:\/\/www.emiliosilveravazquez.com\/blog\/wp-content\/plugins\/knxdt-bookmarks-wordpress-plugin\/images\/yahoo.png'  alt='' class='book_img' border='none' style='margin:1px; padding: 0;'  \/><\/a><\/span><span class='pushbutton'><a href='http:\/\/www.technorati.com\/faves?add=https%3A%2F%2Fwww.emiliosilveravazquez.com%2Fblog%2F2022%2F09%2F03%2Fsi-todo-cambia-pero-algunos-recuerdos-perduran%2F' title='Technorati' target='_blank' rel='nofollow'><img src='https:\/\/www.emiliosilveravazquez.com\/blog\/wp-content\/plugins\/knxdt-bookmarks-wordpress-plugin\/images\/technorati.png'  alt='' class='book_img' border='none' style='margin:1px; padding: 0;'  \/><\/a><\/span><span class='pushbutton'><a href='http:\/\/meneame.net\/submit.php?url=https%3A%2F%2Fwww.emiliosilveravazquez.com%2Fblog%2F2022%2F09%2F03%2Fsi-todo-cambia-pero-algunos-recuerdos-perduran%2F' title='Meneame' target='_blank' rel='nofollow'><img src='https:\/\/www.emiliosilveravazquez.com\/blog\/wp-content\/plugins\/knxdt-bookmarks-wordpress-plugin\/images\/meneame.png'  alt='' class='book_img' border='none' style='margin:1px; padding: 0;'  \/><\/a><\/span><span class='pushbutton'><a href='http:\/\/enchilame.com\/submit.php?url=https:\/\/www.emiliosilveravazquez.com\/blog\/2022\/09\/03\/si-todo-cambia-pero-algunos-recuerdos-perduran\/' target='_blank' rel='nofollow'><img title='Enchilame' src='https:\/\/www.emiliosilveravazquez.com\/blog\/wp-content\/plugins\/knxdt-bookmarks-wordpress-plugin\/images\/enchilame.png'  alt='' class='book_img' border='none' style='margin:1px; padding: 0;'  \/><\/a><\/span><span class='pushbutton'><a href='http:\/\/www.blinklist.com\/index.php?Action=Blink\/addblink.php&amp;Description=&amp;Url=https%3A%2F%2Fwww.emiliosilveravazquez.com%2Fblog%2F2022%2F09%2F03%2Fsi-todo-cambia-pero-algunos-recuerdos-perduran%2F&amp;title=S%C3%AD%2C+todo+cambia+pero%E2%80%A6%2C+algunos+recuerdos+perduran' title='BlinkList' target='_blank' rel='nofollow'><img src='https:\/\/www.emiliosilveravazquez.com\/blog\/wp-content\/plugins\/knxdt-bookmarks-wordpress-plugin\/images\/blinklist.png'  alt='' class='book_img' border='none' style='margin:1px; padding: 0;'  \/><\/a><\/span><span class='pushbutton'><a href='http:\/\/reddit.com\/submit?url=https%3A%2F%2Fwww.emiliosilveravazquez.com%2Fblog%2F2022%2F09%2F03%2Fsi-todo-cambia-pero-algunos-recuerdos-perduran%2F&amp;title=S%C3%AD%2C+todo+cambia+pero%E2%80%A6%2C+algunos+recuerdos+perduran' title='Reddit' target='_blank' rel='nofollow'><img src='https:\/\/www.emiliosilveravazquez.com\/blog\/wp-content\/plugins\/knxdt-bookmarks-wordpress-plugin\/images\/reddit.png'  alt='' class='book_img' border='none' style='margin:1px; padding: 0;'  \/><\/a><\/span><span class='pushbutton'><a href='http:\/\/www.tecnologiadiaria.com\/2009\/07\/abrir-com-hotmail-correo.html' target='_blank' title='hotmail'><img src='https:\/\/www.emiliosilveravazquez.com\/blog\/wp-content\/plugins\/knxdt-bookmarks-wordpress-plugin\/images\/linklove.png' alt='hotmail correo' class='book_img' border='none' style='margin:1px; padding: 0;' \/><\/a><\/span><span class='pushbutton'><a href='http:\/\/bitacoras.com\/votar\/anotacion\/externo\/mini\/www.emiliosilveravazquez.com\/blog\/2022\/09\/03\/si-todo-cambia-pero-algunos-recuerdos-perduran\/' title='Bitacoras.com' target='_blank' rel='nofollow'><img src='https:\/\/www.emiliosilveravazquez.com\/blog\/wp-content\/plugins\/knxdt-bookmarks-wordpress-plugin\/images\/bitacoras.png'  alt='' class='book_img' border='none' style='margin:1px; padding: 0;'  \/><\/a><\/span><span class='pushbutton'><a href='http:\/\/www.wikio.es\/vote?url=https%3A%2F%2Fwww.emiliosilveravazquez.com%2Fblog%2F2022%2F09%2F03%2Fsi-todo-cambia-pero-algunos-recuerdos-perduran%2F' title='Wikio' target='_blank' rel='nofollow'><img src='https:\/\/www.emiliosilveravazquez.com\/blog\/wp-content\/plugins\/knxdt-bookmarks-wordpress-plugin\/images\/wikio.png'   alt='' class='book_img' border='none' style='margin:1px; padding: 0;'   \/><\/a><\/span><span class='pushbutton'><a href='http:\/\/friendfeed.com\/?url=https%3A%2F%2Fwww.emiliosilveravazquez.com%2Fblog%2F2022%2F09%2F03%2Fsi-todo-cambia-pero-algunos-recuerdos-perduran%2F&amp;title=S%C3%AD%2C+todo+cambia+pero%E2%80%A6%2C+algunos+recuerdos+perduran' title='Friend Feed' target='_blank' rel='nofollow'><img src='https:\/\/www.emiliosilveravazquez.com\/blog\/wp-content\/plugins\/knxdt-bookmarks-wordpress-plugin\/images\/friendfeed.png'  alt='' class='book_img' border='none' style='margin:1px; padding: 0;'  \/><\/a><\/span><span class='pushbutton'><a href='http:\/\/www.facebook.com\/share.php?u=https%3A%2F%2Fwww.emiliosilveravazquez.com%2Fblog%2F2022%2F09%2F03%2Fsi-todo-cambia-pero-algunos-recuerdos-perduran%2F&amp;t=S%C3%AD%2C+todo+cambia+pero%E2%80%A6%2C+algunos+recuerdos+perduran' title='Facebook' target='_blank' rel='nofollow'><img src='https:\/\/www.emiliosilveravazquez.com\/blog\/wp-content\/plugins\/knxdt-bookmarks-wordpress-plugin\/images\/facebook.png'  alt='' class='book_img' border='none' style='margin:1px; padding: 0;'  \/><\/a><\/span><span class='pushbutton'><a href='http:\/\/twitter.com\/home?status=S%C3%AD%2C+todo+cambia+pero%E2%80%A6%2C+algunos+recuerdos+perduran: https%3A%2F%2Fwww.emiliosilveravazquez.com%2Fblog%2F2022%2F09%2F03%2Fsi-todo-cambia-pero-algunos-recuerdos-perduran%2F' title='Twitter' target='_blank' rel='nofollow'><img src='https:\/\/www.emiliosilveravazquez.com\/blog\/wp-content\/plugins\/knxdt-bookmarks-wordpress-plugin\/images\/twitter.png'  alt='' class='book_img' border='none' style='margin:1px; padding: 0;'  \/><\/a><\/span><span class='pushbutton'><a href='http:\/\/www.feedburner.com\/fb\/a\/emailFlare?itemTitle=S%C3%AD%2C+todo+cambia+pero%E2%80%A6%2C+algunos+recuerdos+perduran&amp;uri=https%3A%2F%2Fwww.emiliosilveravazquez.com%2Fblog%2F2022%2F09%2F03%2Fsi-todo-cambia-pero-algunos-recuerdos-perduran%2F' title='Enviar por Email' target='_blank' rel='nofollow'><img src='https:\/\/www.emiliosilveravazquez.com\/blog\/wp-content\/plugins\/knxdt-bookmarks-wordpress-plugin\/images\/email.png'  alt='' class='book_img' border='none' style='margin:1px; padding: 0;'  \/><\/a><\/span><span style='font-weight:bold; padding-left: 5px;'><a href='http:\/\/wordpress.org\/extend\/plugins\/knxdt-bookmarks-wordpress-plugin\/' title='Plugin' rel='nofollow' target='_blank'>[?]<\/a><\/span><\/td><\/tr><\/table><br\/><br\/><\/div>","protected":false},"excerpt":{"rendered":"<p>\u00a0\u00ab El Universo Asombroso S\u00ed, nuevas Teor\u00edas nos hablar\u00e1n de c\u00f3mo es la Naturaleza \u00bb &nbsp; \u00a0 \u00a0 \u00a0 \u00a0 \u00a0 \u00a0 \u00a0 \u00a0 \u00a0 \u00a0 \u00a0 \u00a0 \u00a0 \u00a0 \u00a0 \u00a0 \u00a0 No es poder recordar, sino todo lo contrario, la condici\u00f3n necesaria para nuestra existencia en paz. Si el recuerdo es de la [&hellip;]<\/p>\n","protected":false},"author":2,"featured_media":0,"comment_status":"open","ping_status":"open","sticky":false,"template":"","format":"standard","meta":{"_s2mail":"","footnotes":""},"categories":[1],"tags":[],"_links":{"self":[{"href":"https:\/\/www.emiliosilveravazquez.com\/blog\/wp-json\/wp\/v2\/posts\/28618"}],"collection":[{"href":"https:\/\/www.emiliosilveravazquez.com\/blog\/wp-json\/wp\/v2\/posts"}],"about":[{"href":"https:\/\/www.emiliosilveravazquez.com\/blog\/wp-json\/wp\/v2\/types\/post"}],"author":[{"embeddable":true,"href":"https:\/\/www.emiliosilveravazquez.com\/blog\/wp-json\/wp\/v2\/users\/2"}],"replies":[{"embeddable":true,"href":"https:\/\/www.emiliosilveravazquez.com\/blog\/wp-json\/wp\/v2\/comments?post=28618"}],"version-history":[{"count":0,"href":"https:\/\/www.emiliosilveravazquez.com\/blog\/wp-json\/wp\/v2\/posts\/28618\/revisions"}],"wp:attachment":[{"href":"https:\/\/www.emiliosilveravazquez.com\/blog\/wp-json\/wp\/v2\/media?parent=28618"}],"wp:term":[{"taxonomy":"category","embeddable":true,"href":"https:\/\/www.emiliosilveravazquez.com\/blog\/wp-json\/wp\/v2\/categories?post=28618"},{"taxonomy":"post_tag","embeddable":true,"href":"https:\/\/www.emiliosilveravazquez.com\/blog\/wp-json\/wp\/v2\/tags?post=28618"}],"curies":[{"name":"wp","href":"https:\/\/api.w.org\/{rel}","templated":true}]}}