{"id":26905,"date":"2021-07-28T06:22:26","date_gmt":"2021-07-28T05:22:26","guid":{"rendered":"http:\/\/www.emiliosilveravazquez.com\/blog\/?p=26905"},"modified":"2021-07-28T06:22:26","modified_gmt":"2021-07-28T05:22:26","slug":"el-universo-es-una-maravilla-2","status":"publish","type":"post","link":"https:\/\/www.emiliosilveravazquez.com\/blog\/2021\/07\/28\/el-universo-es-una-maravilla-2\/","title":{"rendered":"El Universo es una maravilla"},"content":{"rendered":"<div>\n<h2><a href=\"https:\/\/www.bing.com\/videos\/search?q=nebulosa+tar%c3%a1ntula&amp;qpvt=nebulosa+tar%c3%a1ntula&amp;FORM=VDRE\" target=\"_blank\">V\u00eddeos de nebulosa tar\u00e1ntula<\/a><\/h2>\n<\/div>\n<div>\n<div><cite>bing.com\/videos<\/cite><\/div>\n<\/div>\n<div style=\"text-align: justify;\">\n<ol id=\"b_results\">\n<li data-bm=\"9\">\n<div>\n<div id=\"slideexp1_8EBF8Cc\" data-control-id=\"slideexp1_8EBF8C\" data-appns=\"SERP\" data-k=\"5695.1\" data-stk=\"\">\n<div id=\"slideexp1_8EBF8C\">\n<div data-dataurl=\"\" data-rinterval=\"\" data-appns=\"SERP\" data-k=\"5691.1\" data-mini=\"\">\n<div>\n<div><a href=\"https:\/\/www.bing.com\/images\/search?q=nebulosa+tar%c3%a1ntula&amp;id=23889CA130BEF00B81B8B3D922FE8B2A49AEBE28&amp;FORM=IQFRBA&amp;tsc=ImageHoverTitle\" target=\"_blank\"><img decoding=\"async\" loading=\"lazy\" id=\"emb12573FB90\" src=\"https:\/\/www.bing.com\/th?id=OIP.cSwf1ffdbRVWsV7Cw2J73QHaGN&amp;w=190&amp;h=160&amp;c=8&amp;rs=1&amp;qlt=90&amp;o=6&amp;dpr=1.75&amp;pid=3.1&amp;rm=2\" alt=\"Tama\u00f1o de Resultado de im\u00e1genes de Nebulosa Tar\u00e1ntula.: 190 x 160. Fuente: observatorio.info\" width=\"190\" height=\"160\" data-src-hq=\"https:\/\/www.bing.com\/th?id=OIP.cSwf1ffdbRVWsV7Cw2J73QHaGN&amp;w=190&amp;h=160&amp;c=8&amp;rs=1&amp;qlt=90&amp;o=6&amp;dpr=1.75&amp;pid=3.1&amp;rm=2\" data-priority=\"2\" data-bm=\"74\" \/><\/a><\/div>\n<div>\n<div><a title=\"La Nebulosa de la Tar\u00e1ntula\" href=\"https:\/\/www.bing.com\/images\/search?q=nebulosa+tar%c3%a1ntula&amp;id=23889CA130BEF00B81B8B3D922FE8B2A49AEBE28&amp;FORM=IQFRBA&amp;tsc=ImageHoverTitle\" target=\"_blank\">La Nebulosa de la Tar\u00e1ntula<\/a><\/div>\n<\/div>\n<\/div>\n<\/div>\n<div data-dataurl=\"\" data-rinterval=\"\" data-appns=\"SERP\" data-k=\"5692.1\" data-mini=\"\">\n<div>\n<div><a href=\"https:\/\/www.bing.com\/images\/search?q=nebulosa+tar%c3%a1ntula&amp;id=BCC60120ADF50AE1EA6EF7AE1A7C83C9E12AD975&amp;FORM=IQFRBA&amp;tsc=ImageHoverTitle\" target=\"_blank\"><img decoding=\"async\" loading=\"lazy\" id=\"emb27CF0339B\" src=\"https:\/\/www.bing.com\/th?id=OIP.BeSKCgZTBOvBHLlNtkDitgHaEK&amp;w=286&amp;h=160&amp;c=8&amp;rs=1&amp;qlt=90&amp;o=6&amp;dpr=1.75&amp;pid=3.1&amp;rm=2\" alt=\"Tama\u00f1o de Resultado de im\u00e1genes de Nebulosa Tar\u00e1ntula.: 286 x 160. Fuente: www.republicadecaballito.com\" width=\"286\" height=\"160\" data-src-hq=\"https:\/\/www.bing.com\/th?id=OIP.BeSKCgZTBOvBHLlNtkDitgHaEK&amp;w=286&amp;h=160&amp;c=8&amp;rs=1&amp;qlt=90&amp;o=6&amp;dpr=1.75&amp;pid=3.1&amp;rm=2\" data-priority=\"2\" data-bm=\"75\" \/><\/a><\/div>\n<div>\n<div><a title=\"Un grupo de astr\u00f3nomos europeos capt\u00f3 la imagen m\u00e1s ...\" href=\"https:\/\/www.bing.com\/images\/search?q=nebulosa+tar%c3%a1ntula&amp;id=BCC60120ADF50AE1EA6EF7AE1A7C83C9E12AD975&amp;FORM=IQFRBA&amp;tsc=ImageHoverTitle\" target=\"_blank\">Un grupo de astr\u00f3nomos europeos capt\u00f3 la imagen m\u00e1s &#8230;<\/a><\/div>\n<\/div>\n<\/div>\n<\/div>\n<div data-dataurl=\"\" data-rinterval=\"\" data-appns=\"SERP\" data-k=\"5693.1\" data-mini=\"\">\n<div>\n<div><a href=\"https:\/\/www.bing.com\/images\/search?q=nebulosa+tar%c3%a1ntula&amp;id=C362A9321A6DC280A70143FB7C19FBB6A543122D&amp;FORM=IQFRBA&amp;tsc=ImageHoverTitle\" target=\"_blank\"><img decoding=\"async\" loading=\"lazy\" id=\"emb36C34DBE9\" src=\"https:\/\/www.bing.com\/th?id=OIP.ZPfIFO1TMboYAOEllaYLPQHaFU&amp;w=225&amp;h=160&amp;c=8&amp;rs=1&amp;qlt=90&amp;o=6&amp;dpr=1.75&amp;pid=3.1&amp;rm=2\" alt=\"Tama\u00f1o de Resultado de im\u00e1genes de Nebulosa Tar\u00e1ntula.: 225 x 160. Fuente: genestel-alasdengel.blogspot.com\" width=\"225\" height=\"160\" data-src-hq=\"https:\/\/www.bing.com\/th?id=OIP.ZPfIFO1TMboYAOEllaYLPQHaFU&amp;w=225&amp;h=160&amp;c=8&amp;rs=1&amp;qlt=90&amp;o=6&amp;dpr=1.75&amp;pid=3.1&amp;rm=2\" data-priority=\"2\" data-bm=\"76\" \/><\/a><\/div>\n<div>\n<div><a title=\"Alas de \u00c1ngel: Nebulosa Tar\u00e1ntula\" href=\"https:\/\/www.bing.com\/images\/search?q=nebulosa+tar%c3%a1ntula&amp;id=C362A9321A6DC280A70143FB7C19FBB6A543122D&amp;FORM=IQFRBA&amp;tsc=ImageHoverTitle\" target=\"_blank\">Alas de \u00c1ngel: Nebulosa Tar\u00e1ntula<\/a><\/div>\n<\/div>\n<\/div>\n<\/div>\n<div data-dataurl=\"\" data-rinterval=\"\" data-appns=\"SERP\" data-k=\"5694.1\" data-mini=\"\">\n<div>\n<div><a href=\"https:\/\/www.bing.com\/images\/search?q=nebulosa+tar%c3%a1ntula&amp;id=ABECC82DFAE09303DFA27259940D320087988667&amp;FORM=IQFRBA&amp;tsc=ImageHoverTitle\" target=\"_blank\"><img decoding=\"async\" loading=\"lazy\" src=\"https:\/\/www.bing.com\/th?id=OIP.Db5BGH5Nj1vbmVeyZVmmjAHaGa&amp;w=187&amp;h=160&amp;c=8&amp;rs=1&amp;qlt=90&amp;o=6&amp;dpr=1.75&amp;pid=3.1&amp;rm=2\" alt=\"Tama\u00f1o de Resultado de im\u00e1genes de Nebulosa Tar\u00e1ntula.: 187 x 160. Fuente: observatorio.info\" width=\"187\" height=\"160\" data-priority=\"2\" data-bm=\"77\" \/><\/a><\/div>\n<div>\n<div><a title=\"La nebulosa de la tar\u00e1ntula\" href=\"https:\/\/www.bing.com\/images\/search?q=nebulosa+tar%c3%a1ntula&amp;id=ABECC82DFAE09303DFA27259940D320087988667&amp;FORM=IQFRBA&amp;tsc=ImageHoverTitle\" target=\"_blank\">La nebulosa de la tar\u00e1ntula<\/a><\/div>\n<\/div>\n<\/div>\n<\/div>\n<\/div>\n<\/div>\n<\/div>\n<\/li>\n<li data-bm=\"10\">\n<h2><a href=\"https:\/\/misistemasolar.com\/nebulosa-tarantula\/\" target=\"_blank\">Nebulosa Tar\u00e1ntula: Todo Lo Que Debes Saber Sobre Ella<\/a><\/h2>\n<div>\n<div><cite>https:\/\/misistemasolar.com\/nebulosa-tarantula<\/cite><\/div>\n<div>\n<div id=\"tabcontrol_13_89EB6B\" data-appns=\"SERP\" data-k=\"5519.2\">\n<div>\n<div id=\"tab_12\" data-appns=\"SERP\" data-k=\"5518.2\" data-priority=\"\">\n<ul>\n<li data-priority=\"\">la nebulosa tar\u00e1ntula (NGC\u00a02070 o 30 Doradus)\u00a0se hace ver su importancia ya que se encuentra por la parte superior\u00a0de la Gran Nube de Magallanes (LMC), se considera como una de la mas pr\u00f3xima a nuestro planeta; seg\u00fan observaciones de astr\u00f3nomos del observatorio Espacial Europeo (ESO) de Chile, comentan que sus coloridos y sus brazos alargados huecos transmiten incertidumbre, inseguridad, algo relacionado al terror. Tambi\u00e9n es importante por que la nebulosa tar\u00e1ntula se encuentre entre la gran n\u2026<\/li>\n<\/ul>\n<\/div>\n<\/div>\n<\/div>\n<\/div>\n<\/div>\n<\/li>\n<li data-bm=\"11\">\n<h2><a href=\"https:\/\/www.lavanguardia.com\/ciencia\/20180530\/443945166967\/espectacular-region-formacion-estrellas-nebulosa-tarantula.html\" target=\"_blank\">La mejor foto de la Tar\u00e1ntula, la regi\u00f3n donde nacen las &#8230;<\/a><\/h2>\n<div>\n<div><cite>https:\/\/www.lavanguardia.com\/ciencia\/20180530\/443945166967\/e&#8230;<\/cite><\/div>\n<p>La nebulosa de la\u00a0Tar\u00e1ntula,\u00a0que recibe su nombre por el aspecto que presenta en algunas fotograf\u00edas, se puede observar en la parte superior de la imagen. Esta nebulosa es \u2026<\/p>\n<\/div>\n<\/li>\n<li data-bm=\"12\">\n<div id=\"serpvidans\">\n<div>\n<h2><a href=\"https:\/\/www.bing.com\/videos\/search?q=nebulosa+tar%c3%a1ntula&amp;qpvt=nebulosa+tar%c3%a1ntula&amp;FORM=VDRE\" target=\"_blank\">V\u00eddeos de nebulosa tar\u00e1ntula<\/a><\/h2>\n<\/div>\n<div>\n<div><cite><cite>bing.com\/videos<\/cite><\/cite><\/div>\n<\/div>\n<div id=\"mmcar\">\n<div id=\"slideexp0_8A72FDc\" data-control-id=\"slideexp0_8A72FD\" data-appns=\"SERP\" data-k=\"5541.1\" data-stk=\"\">\n<div>\n<div id=\"slideexp0_8A72FD\">\n<div data-dataurl=\"\" data-rinterval=\"\" data-appns=\"SERP\" data-k=\"5536.1\" data-mini=\"\">\n<div id=\"mc_vhvc_26\">\n<div id=\"mc_vtvc__27\" data-priority=\"1\">\n<div>\n<div data-height=\"110\" data-width=\"197\" data-alt=\"Ve la Nebulosa Tar\u00e1ntula en 3 tonos de infrarrojo\" data-role=\"presentation\" data-dpr=\"1.75\" data-class=\"rms_img\" data-src=\"\/th?id=OVP.TXSOfDJA6fVHuHqzObLYhgHgFo&amp;w=197&amp;h=110&amp;c=7&amp;rs=1&amp;qlt=90&amp;o=6&amp;dpr=1.75&amp;pid=1.7\" data-bm=\"79\"><img decoding=\"async\" src=\"https:\/\/www.bing.com\/th?id=OVP.TXSOfDJA6fVHuHqzObLYhgHgFo:OVP._9faFzdVsrtbnCmlobmogwHgFo:OVP.YDtAqGwLqRFtk6WOXRFBcgHgFo:OVP.LTfiDVZTd2cg9rD2EyFHLwEsDh:OVP.yxEthcaV_Wz_xekt6D2YvgEsDh&amp;w=197&amp;h=110&amp;c=7&amp;rs=1&amp;qlt=90&amp;o=6&amp;dpr=1.75&amp;pid=1.7&amp;bw=3&amp;bc=ffffff\" alt=\"Ve la Nebulosa Tar\u00e1ntula en 3 tonos de infrarrojo\" data-bm=\"80\" \/><\/div>\n<\/div>\n<\/div>\n<\/div>\n<\/div>\n<div data-dataurl=\"\" data-rinterval=\"\" data-appns=\"SERP\" data-k=\"5537.1\" data-mini=\"\">\n<div id=\"mc_vhvc_29\"><\/div>\n<\/div>\n<div data-dataurl=\"\" data-rinterval=\"\" data-appns=\"SERP\" data-k=\"5538.1\" data-mini=\"\">\n<div id=\"mc_vhvc_32\"><\/div>\n<\/div>\n<div data-dataurl=\"\" data-rinterval=\"\" data-appns=\"SERP\" data-k=\"5539.1\" data-mini=\"\">\n<div id=\"mc_vhvc_35\"><\/div>\n<\/div>\n<div data-dataurl=\"\" data-rinterval=\"\" data-appns=\"SERP\" data-k=\"5540.1\" data-mini=\"\">\n<div id=\"mc_vhvc_38\"><\/div>\n<\/div>\n<\/div>\n<\/div>\n<\/div>\n<\/div>\n<p><a title=\"\" href=\"https:\/\/www.bing.com\/videos\/search?q=nebulosa+tar%c3%a1ntula&amp;FORM=VDRESM\" target=\"_blank\">Ver m\u00e1s v\u00eddeos de nebulosa tar\u00e1ntula<\/a><\/p>\n<\/div>\n<\/li>\n<\/ol>\n<ol>\n<li data-bm=\"12\">\n<div id=\"serpvidans\"><a style=\"font-size: 1.5em;\" href=\"https:\/\/aporcel.wordpress.com\/2020\/02\/28\/la-nebulosa-de-la-tarantula\/\" target=\"_blank\">La nebulosa de la Tar\u00e1ntula | Mundos Distante<\/a>S<\/div>\n<\/li>\n<li data-bm=\"13\">\n<div>\n<div id=\"tabcontrol_18_8A931D\" data-appns=\"SERP\" data-k=\"5552.2\">\n<div>\n<div id=\"tab_16\" data-appns=\"SERP\" data-k=\"5550.2\" data-priority=\"\">\n<ul>\n<li data-priority=\"\">La nebulosa de la Tar\u00e1ntula (NGC 2070), conocida tambi\u00e9n como 30 Doradus, es\u00a0un objeto celeste que se localiza en latitudes australes,\u00a0concretamente en la\u00a0Gran Nube de Magallanes (LMC),\u00a0que es la tercera galaxia m\u00e1s cercana a la V\u00eda L\u00e1ctea del Grupo Local. Se estima que est\u00e1 a unos 170.000 a\u00f1os luz de la Tierra, y es extremadamente brillante, de hecho, es la nebulosa de emisi\u00f3n m\u00e1s grande conocida, con una magnitud aparente de 8. En su interior se encuentran objetos como los c\u00famulos estelares R13\u2026<\/li>\n<\/ul>\n<\/div>\n<\/div>\n<\/div>\n<\/div>\n<\/li>\n<li data-bm=\"14\">\n<h2><a href=\"https:\/\/www.europapress.es\/ciencia\/astronomia\/noticia-nebulosa-tarantula-abarrotado-vecindario-nebulosas-cumulos-20180530124449.html\" target=\"_blank\">Nebulosa Tar\u00e1ntula: un abarrotado vecindario de nubes de &#8230;<\/a><\/h2>\n<div>\n<div><cite>https:\/\/www.europapress.es\/ciencia\/astronomia\/noticia-nebulosa&#8230;<\/cite><\/div>\n<p>&nbsp;<\/p>\n<\/div>\n<\/li>\n<li data-bm=\"15\">\n<h2><a href=\"https:\/\/www.youtube.com\/watch?v=IIMjvtgeeFw\" target=\"_blank\">La espectacular vista de &#8216;Tar\u00e1ntula&#8217;, el lugar en el &#8230;<\/a><\/h2>\n<div>\n<div>\n<div>\n<div>\n<div>\n<div>\n<div data-tag=\"\"><a href=\"https:\/\/www.bing.com\/videos\/search?q=nebulosa+tar%c3%a1ntula&amp;setlang=es-es&amp;mkt=es-es&amp;ru=%2fsearch%3fq%3dnebulosa%2btar%25C3%25A1ntula%26setlang%3des-es%26mkt%3des-es%26FORM%3dEMSDS0&amp;view=detail&amp;mmscn=vwrc&amp;mid=EC93A26323D3DD209835EC93A26323D3DD209835&amp;FORM=WRVORC\" target=\"_blank\"><img decoding=\"async\" loading=\"lazy\" id=\"emb43660C700\" src=\"https:\/\/www.bing.com\/th?id=OVP.jArxsqskqyZR58lF8D_4RwHgFo&amp;w=216&amp;h=120&amp;c=4&amp;rs=1&amp;o=6&amp;pid=6.1&amp;qlt=80\" alt=\"La espectacular vista de 'Tar\u00e1ntula', el lugar en el ...\" width=\"216\" height=\"120\" data-src-hq=\"\/th?id=OVP.jArxsqskqyZR58lF8D_4RwHgFo&amp;w=216&amp;h=120&amp;c=4&amp;rs=1&amp;o=6&amp;pid=6.1&amp;qlt=80\" data-priority=\"2\" data-bm=\"86\" \/><\/a><\/div>\n<\/div>\n<\/div>\n<\/div>\n<\/div>\n<\/div>\n<\/div>\n<\/li>\n<\/ol>\n<ol>\n<li data-bm=\"16\">\n<h2><a href=\"https:\/\/conmdemalicia.wordpress.com\/tag\/nebulosa-tarantula\/\" target=\"_blank\">nebulosa tar\u00e1ntula | ConmdeMalicia<\/a><\/h2>\n<div>\n<div><cite>https:\/\/conmdemalicia.wordpress.com\/tag\/nebulosa-tarantula<\/cite><\/div>\n<p>Es una de las nebulosas m\u00e1s brillantes que existen, y puede ser observada a simple vista en el cielo nocturno. Est\u00e1 situada a 1.270\u00b176 a\u00f1os luz de la Tierra, y posee un di\u00e1metro aproximado de 24 a\u00f1os luz. Algunos documentos latinos antiguos se refieren a ella como la espada de Ori\u00f3n.<\/p>\n<\/div>\n<\/li>\n<\/ol>\n<aside aria-label=\"Resultados adicionales\"><\/aside>\n<p>Encontrado por ah\u00ed<\/p>\n<\/div>\n<div class='bookmark'>\r\n\t\t<table align='left' border='0' cellpadding='0' width='100%'>\r\n\t\t<tr><td><span class='pushbutton'><a href='http:\/\/delicious.com\/post?url=https%3A%2F%2Fwww.emiliosilveravazquez.com%2Fblog%2F2021%2F07%2F28%2Fel-universo-es-una-maravilla-2%2F&amp;title=El+Universo+es+una+maravilla' title='Delicious' target='_blank' rel='nofollow'><img src='https:\/\/www.emiliosilveravazquez.com\/blog\/wp-content\/plugins\/knxdt-bookmarks-wordpress-plugin\/images\/delicious.png'  alt='' class='book_img' border='none' style='margin:1px; padding: 0;'  \/><\/a><\/span><span class='pushbutton'><a href='http:\/\/digg.com\/submit?url=https%3A%2F%2Fwww.emiliosilveravazquez.com%2Fblog%2F2021%2F07%2F28%2Fel-universo-es-una-maravilla-2%2F&amp;title=El+Universo+es+una+maravilla' title='Digg' target='_blank' rel='nofollow'><img src='https:\/\/www.emiliosilveravazquez.com\/blog\/wp-content\/plugins\/knxdt-bookmarks-wordpress-plugin\/images\/digg.png'  alt='' class='book_img' border='none' style='margin:1px; padding: 0;'  \/><\/a><\/span><span class='pushbutton'><a href='http:\/\/www.google.com\/bookmarks\/mark?op=edit&amp;bkmk=https%3A%2F%2Fwww.emiliosilveravazquez.com%2Fblog%2F2021%2F07%2F28%2Fel-universo-es-una-maravilla-2%2F&amp;title=El+Universo+es+una+maravilla' title='Google' target='_blank' rel='nofollow'><img src='https:\/\/www.emiliosilveravazquez.com\/blog\/wp-content\/plugins\/knxdt-bookmarks-wordpress-plugin\/images\/google.png'   alt='' class='book_img' border='none' style='margin:1px; padding: 0;'  \/><\/a><\/span><span class='pushbutton'><a href='http:\/\/myweb2.search.yahoo.com\/myresults\/bookmarklet?u=https%3A%2F%2Fwww.emiliosilveravazquez.com%2Fblog%2F2021%2F07%2F28%2Fel-universo-es-una-maravilla-2%2F&amp;t=El+Universo+es+una+maravilla' title='Yahoo' target='_blank' rel='nofollow'><img src='https:\/\/www.emiliosilveravazquez.com\/blog\/wp-content\/plugins\/knxdt-bookmarks-wordpress-plugin\/images\/yahoo.png'  alt='' class='book_img' border='none' style='margin:1px; padding: 0;'  \/><\/a><\/span><span class='pushbutton'><a href='http:\/\/www.technorati.com\/faves?add=https%3A%2F%2Fwww.emiliosilveravazquez.com%2Fblog%2F2021%2F07%2F28%2Fel-universo-es-una-maravilla-2%2F' title='Technorati' target='_blank' rel='nofollow'><img src='https:\/\/www.emiliosilveravazquez.com\/blog\/wp-content\/plugins\/knxdt-bookmarks-wordpress-plugin\/images\/technorati.png'  alt='' class='book_img' border='none' style='margin:1px; padding: 0;'  \/><\/a><\/span><span class='pushbutton'><a href='http:\/\/meneame.net\/submit.php?url=https%3A%2F%2Fwww.emiliosilveravazquez.com%2Fblog%2F2021%2F07%2F28%2Fel-universo-es-una-maravilla-2%2F' title='Meneame' target='_blank' rel='nofollow'><img src='https:\/\/www.emiliosilveravazquez.com\/blog\/wp-content\/plugins\/knxdt-bookmarks-wordpress-plugin\/images\/meneame.png'  alt='' class='book_img' border='none' style='margin:1px; padding: 0;'  \/><\/a><\/span><span class='pushbutton'><a href='http:\/\/enchilame.com\/submit.php?url=https:\/\/www.emiliosilveravazquez.com\/blog\/2021\/07\/28\/el-universo-es-una-maravilla-2\/' target='_blank' rel='nofollow'><img title='Enchilame' src='https:\/\/www.emiliosilveravazquez.com\/blog\/wp-content\/plugins\/knxdt-bookmarks-wordpress-plugin\/images\/enchilame.png'  alt='' class='book_img' border='none' style='margin:1px; padding: 0;'  \/><\/a><\/span><span class='pushbutton'><a href='http:\/\/www.blinklist.com\/index.php?Action=Blink\/addblink.php&amp;Description=&amp;Url=https%3A%2F%2Fwww.emiliosilveravazquez.com%2Fblog%2F2021%2F07%2F28%2Fel-universo-es-una-maravilla-2%2F&amp;title=El+Universo+es+una+maravilla' title='BlinkList' target='_blank' rel='nofollow'><img src='https:\/\/www.emiliosilveravazquez.com\/blog\/wp-content\/plugins\/knxdt-bookmarks-wordpress-plugin\/images\/blinklist.png'  alt='' class='book_img' border='none' style='margin:1px; padding: 0;'  \/><\/a><\/span><span class='pushbutton'><a href='http:\/\/reddit.com\/submit?url=https%3A%2F%2Fwww.emiliosilveravazquez.com%2Fblog%2F2021%2F07%2F28%2Fel-universo-es-una-maravilla-2%2F&amp;title=El+Universo+es+una+maravilla' title='Reddit' target='_blank' rel='nofollow'><img src='https:\/\/www.emiliosilveravazquez.com\/blog\/wp-content\/plugins\/knxdt-bookmarks-wordpress-plugin\/images\/reddit.png'  alt='' class='book_img' border='none' style='margin:1px; padding: 0;'  \/><\/a><\/span><span class='pushbutton'><a href='http:\/\/www.tecnologiadiaria.com\/2009\/07\/abrir-com-hotmail-correo.html' target='_blank' title='hotmail'><img src='https:\/\/www.emiliosilveravazquez.com\/blog\/wp-content\/plugins\/knxdt-bookmarks-wordpress-plugin\/images\/linklove.png' alt='hotmail correo' class='book_img' border='none' style='margin:1px; padding: 0;' \/><\/a><\/span><span class='pushbutton'><a href='http:\/\/bitacoras.com\/votar\/anotacion\/externo\/mini\/www.emiliosilveravazquez.com\/blog\/2021\/07\/28\/el-universo-es-una-maravilla-2\/' title='Bitacoras.com' target='_blank' rel='nofollow'><img src='https:\/\/www.emiliosilveravazquez.com\/blog\/wp-content\/plugins\/knxdt-bookmarks-wordpress-plugin\/images\/bitacoras.png'  alt='' class='book_img' border='none' style='margin:1px; padding: 0;'  \/><\/a><\/span><span class='pushbutton'><a href='http:\/\/www.wikio.es\/vote?url=https%3A%2F%2Fwww.emiliosilveravazquez.com%2Fblog%2F2021%2F07%2F28%2Fel-universo-es-una-maravilla-2%2F' title='Wikio' target='_blank' rel='nofollow'><img src='https:\/\/www.emiliosilveravazquez.com\/blog\/wp-content\/plugins\/knxdt-bookmarks-wordpress-plugin\/images\/wikio.png'   alt='' class='book_img' border='none' style='margin:1px; padding: 0;'   \/><\/a><\/span><span class='pushbutton'><a href='http:\/\/friendfeed.com\/?url=https%3A%2F%2Fwww.emiliosilveravazquez.com%2Fblog%2F2021%2F07%2F28%2Fel-universo-es-una-maravilla-2%2F&amp;title=El+Universo+es+una+maravilla' title='Friend Feed' target='_blank' rel='nofollow'><img src='https:\/\/www.emiliosilveravazquez.com\/blog\/wp-content\/plugins\/knxdt-bookmarks-wordpress-plugin\/images\/friendfeed.png'  alt='' class='book_img' border='none' style='margin:1px; padding: 0;'  \/><\/a><\/span><span class='pushbutton'><a href='http:\/\/www.facebook.com\/share.php?u=https%3A%2F%2Fwww.emiliosilveravazquez.com%2Fblog%2F2021%2F07%2F28%2Fel-universo-es-una-maravilla-2%2F&amp;t=El+Universo+es+una+maravilla' title='Facebook' target='_blank' rel='nofollow'><img src='https:\/\/www.emiliosilveravazquez.com\/blog\/wp-content\/plugins\/knxdt-bookmarks-wordpress-plugin\/images\/facebook.png'  alt='' class='book_img' border='none' style='margin:1px; padding: 0;'  \/><\/a><\/span><span class='pushbutton'><a href='http:\/\/twitter.com\/home?status=El+Universo+es+una+maravilla: https%3A%2F%2Fwww.emiliosilveravazquez.com%2Fblog%2F2021%2F07%2F28%2Fel-universo-es-una-maravilla-2%2F' title='Twitter' target='_blank' rel='nofollow'><img src='https:\/\/www.emiliosilveravazquez.com\/blog\/wp-content\/plugins\/knxdt-bookmarks-wordpress-plugin\/images\/twitter.png'  alt='' class='book_img' border='none' style='margin:1px; padding: 0;'  \/><\/a><\/span><span class='pushbutton'><a href='http:\/\/www.feedburner.com\/fb\/a\/emailFlare?itemTitle=El+Universo+es+una+maravilla&amp;uri=https%3A%2F%2Fwww.emiliosilveravazquez.com%2Fblog%2F2021%2F07%2F28%2Fel-universo-es-una-maravilla-2%2F' title='Enviar por Email' target='_blank' rel='nofollow'><img src='https:\/\/www.emiliosilveravazquez.com\/blog\/wp-content\/plugins\/knxdt-bookmarks-wordpress-plugin\/images\/email.png'  alt='' class='book_img' border='none' style='margin:1px; padding: 0;'  \/><\/a><\/span><span style='font-weight:bold; padding-left: 5px;'><a href='http:\/\/wordpress.org\/extend\/plugins\/knxdt-bookmarks-wordpress-plugin\/' title='Plugin' rel='nofollow' target='_blank'>[?]<\/a><\/span><\/td><\/tr><\/table><br\/><br\/><\/div>","protected":false},"excerpt":{"rendered":"<p>V\u00eddeos de nebulosa tar\u00e1ntula bing.com\/videos La Nebulosa de la Tar\u00e1ntula Un grupo de astr\u00f3nomos europeos capt\u00f3 la imagen m\u00e1s &#8230; Alas de \u00c1ngel: Nebulosa Tar\u00e1ntula La nebulosa de la tar\u00e1ntula Nebulosa Tar\u00e1ntula: Todo Lo Que Debes Saber Sobre Ella https:\/\/misistemasolar.com\/nebulosa-tarantula la nebulosa tar\u00e1ntula (NGC\u00a02070 o 30 Doradus)\u00a0se hace ver su importancia ya que se encuentra [&hellip;]<\/p>\n","protected":false},"author":2,"featured_media":0,"comment_status":"open","ping_status":"open","sticky":false,"template":"","format":"standard","meta":{"_s2mail":"yes","footnotes":""},"categories":[1],"tags":[],"_links":{"self":[{"href":"https:\/\/www.emiliosilveravazquez.com\/blog\/wp-json\/wp\/v2\/posts\/26905"}],"collection":[{"href":"https:\/\/www.emiliosilveravazquez.com\/blog\/wp-json\/wp\/v2\/posts"}],"about":[{"href":"https:\/\/www.emiliosilveravazquez.com\/blog\/wp-json\/wp\/v2\/types\/post"}],"author":[{"embeddable":true,"href":"https:\/\/www.emiliosilveravazquez.com\/blog\/wp-json\/wp\/v2\/users\/2"}],"replies":[{"embeddable":true,"href":"https:\/\/www.emiliosilveravazquez.com\/blog\/wp-json\/wp\/v2\/comments?post=26905"}],"version-history":[{"count":0,"href":"https:\/\/www.emiliosilveravazquez.com\/blog\/wp-json\/wp\/v2\/posts\/26905\/revisions"}],"wp:attachment":[{"href":"https:\/\/www.emiliosilveravazquez.com\/blog\/wp-json\/wp\/v2\/media?parent=26905"}],"wp:term":[{"taxonomy":"category","embeddable":true,"href":"https:\/\/www.emiliosilveravazquez.com\/blog\/wp-json\/wp\/v2\/categories?post=26905"},{"taxonomy":"post_tag","embeddable":true,"href":"https:\/\/www.emiliosilveravazquez.com\/blog\/wp-json\/wp\/v2\/tags?post=26905"}],"curies":[{"name":"wp","href":"https:\/\/api.w.org\/{rel}","templated":true}]}}