{"id":23918,"date":"2019-07-03T03:53:57","date_gmt":"2019-07-03T02:53:57","guid":{"rendered":"http:\/\/www.emiliosilveravazquez.com\/blog\/?p=23918"},"modified":"2019-07-03T03:53:57","modified_gmt":"2019-07-03T02:53:57","slug":"un-reportaje-de-prensa-%c2%bfal-menos-dudoso","status":"publish","type":"post","link":"https:\/\/www.emiliosilveravazquez.com\/blog\/2019\/07\/03\/un-reportaje-de-prensa-%c2%bfal-menos-dudoso\/","title":{"rendered":"Un reportaje de prensa&#8230; \u00bfAl menos dudoso?"},"content":{"rendered":"<h1 style=\"text-align: justify;\"><img decoding=\"async\" loading=\"lazy\" src=\"https:\/\/i.ytimg.com\/vi\/19iLHwikxuc\/maxresdefault.jpg\" alt=\"Resultado de imagen de Agujero negro supermasivo\" width=\"484\" height=\"272\" data-iml=\"1562058510442\" \/><\/h1>\n<p>&nbsp;<\/p>\n<p><strong>Resuelto el mistertio del origen de los <a href=\"#\" onclick=\"referencia('agujero negro',event); return false;\">agujeros negros<\/a> supermasivos<\/strong><\/p>\n<h1 style=\"text-align: justify;\"><\/h1>\n<p><img decoding=\"async\" loading=\"lazy\" src=\"http:\/\/img2.rtve.es\/i\/?w=1600&amp;i=1495820037993.jpg\" alt=\"Resultado de imagen de El colapso de una estrella masiva\" width=\"484\" height=\"272\" data-iml=\"1562058637358\" \/><\/p>\n<p>&nbsp;<\/p>\n<h2 style=\"text-align: justify;\">En contra de lo que se cre\u00eda, no se formaron a partir del colapso de estrellas, sino de forma directa poco tiempo despu\u00e9s del <a href=\"#\" onclick=\"referencia('big bang',event); return false;\">Big Bang<\/a><\/h2>\n<p style=\"text-align: justify;\">\n<footer>Reportaje de Prensa<\/footer>\n<footer><\/footer>\n<p>&nbsp;<\/p>\n<p>&nbsp;<\/p>\n<p style=\"text-align: justify;\">\n<aside>\n<h4><\/h4>\n<ul>\n<li><a title=\"Por primera vez en la Historia, tenemos una imagen de un agujero negro\" href=\"https:\/\/www.abc.es\/ciencia\/abci-primera-historia-tenemos-imagen-agujero-negro-201904101833_noticia.html#vca=mod-sugeridos-p1&amp;vmc=relacionados&amp;vso=por-primera-vez-en-la-historia-tenemos-una-imagen-de-un-agujero-negro&amp;vli=noticia.video.ciencia\" data-voc-vtm-id=\"contenidorelacionado\">Por primera vez en la Historia, tenemos una imagen de un <a href=\"#\" onclick=\"referencia('agujero negro',event); return false;\">agujero negro<\/a><\/a><\/li>\n<li><a title=\"Detectan pruebas de la Relatividad de Einstein en el monstruoso coraz\u00f3n de la V\u00eda L\u00e1ctea\" href=\"https:\/\/www.abc.es\/ciencia\/abci-detectan-pruebas-relatividad-einstein-monstruoso-corazon-lactea-201708091747_noticia.html#vca=mod-sugeridos-p2&amp;vmc=relacionados&amp;vso=detectan-pruebas-de-la-relatividad-de-einstein-en-el-monstruoso-corazon-de-la-via-lactea&amp;vli=noticia.video.ciencia\" data-voc-vtm-id=\"contenidorelacionado\">Detectan pruebas de la Relatividad de <a href=\"#\" onclick=\"referencia('einstein',event); return false;\">Einstein<\/a> en el monstruoso coraz\u00f3n de la V\u00eda L\u00e1ctea<\/a><\/li>\n<li><a title=\"El caso del agujero negro supermasivo que sufre un horrible \u00abcorte de digesti\u00f3n\u00bb\" href=\"https:\/\/www.abc.es\/ciencia\/abci-caso-agujero-negro-supermasivo-esta-sufriendo-horrible-corte-digestion-201707042229_noticia.html#vca=mod-sugeridos-p3&amp;vmc=relacionados&amp;vso=el-caso-del-agujero-negro-supermasivo-que-sufre-un-horrible-corte-de-digestion&amp;vli=noticia.video.ciencia\" data-voc-vtm-id=\"contenidorelacionado\">El caso del <a href=\"#\" onclick=\"referencia('agujero negro',event); return false;\">agujero negro<\/a> supermasivo que sufre un horrible \u00abcorte de digesti\u00f3n\u00bb<\/a><\/li>\n<\/ul>\n<\/aside>\n<p>&nbsp;<\/p>\n<p>&nbsp;<\/p>\n<p style=\"text-align: justify;\">Los <a href=\"https:\/\/www.abc.es\/ciencia\/abci-primera-historia-tenemos-imagen-agujero-negro-201904101833_noticia.html\"> <a href=\"#\" onclick=\"referencia('agujero negro',event); return false;\">agujeros negros<\/a> supermasivos<\/a>, esos que hoy podemos observar en los centros de la mayor\u00eda de las galaxias, son algo muy dif\u00edcil de explicar. Y es que hasta ahora los investigadores que lo han intentado, y que lo siguen intentando, se han encontrado con una serie de dificultades pr\u00e1cticamente insalvables a la hora de escribir sus historias.<\/p>\n<p style=\"text-align: justify;\"><img decoding=\"async\" loading=\"lazy\" src=\"https:\/\/universe2go.com\/wp-content\/uploads\/2016\/04\/Helligkeit-der-Sterne.jpg\" alt=\"Imagen relacionada\" width=\"394\" height=\"353\" data-iml=\"1562058710017\" \/><\/p>\n<p style=\"text-align: justify;\">Estrellas supermasivas que al final de sus vidas (se cre\u00eda) se convert\u00edan en <a href=\"#\" onclick=\"referencia('agujero negro',event); return false;\">agujeros negros<\/a><\/p>\n<p style=\"text-align: justify;\">\u00bf<strong>De d\u00f3nde vienen estos gigantescos y oscuros objetos<\/strong>, que pueden llegar a tener hasta miles de millones de veces la masa del Sol? \u00bfC\u00f3mo llegaron a formarse? \u00bfY c\u00f3mo, a pesar de su extra\u00f1eza, pueden haber llegado a ser tan numerosos? Ahora, un equipo de astrof\u00edsicos de la Western University, en Canad\u00e1, parece haber encontrado una respuesta a este misterio c\u00f3smico. Los resultados de su trabajo se acaban de publicar en la revista <a href=\"https:\/\/iopscience.iop.org\/article\/10.3847\/2041-8213\/ab2646\" target=\"_blank\">The Astrophysical Journal Letters<\/a>.<\/p>\n<p style=\"text-align: justify;\">Por lo que sabemos, un <a href=\"#\" onclick=\"referencia('agujero negro',event); return false;\">agujero negro<\/a> <strong>se forma tras el colapso gravitatorio de una estrella<\/strong> de por lo menos cinco masas solares que, al quedarse sin combustible, es aplastada por su propia gravedad. Cuando la estrella ha consumido todo su combustible nuclear (por ejemplo hidr\u00f3geno o helio), su horno se apaga. Y una estrella no es m\u00e1s que el delicado equilibrio entre dos fuerzas: la que se ejerce \u00abde dentro hacia fuera\u00bb gracias a la combusti\u00f3n nuclear; y la que ejerce \u00abde fuera hacia dentro\u00bb la implacable gravedad.<\/p>\n<h3 style=\"text-align: justify;\">El delicado equilibrio de las estrellas<\/h3>\n<p>&nbsp;<\/p>\n<p><img decoding=\"async\" loading=\"lazy\" src=\"http:\/\/k46.kn3.net\/taringa\/4\/D\/C\/D\/2\/5\/SIN_DIPLOMACIA\/494.jpg\" alt=\"Resultado de imagen de El equilibrio de una estrella entre fusi\u00f3n -expansi\u00f3n- y Gravedad -contracci\u00f3n-\" width=\"353\" height=\"353\" data-iml=\"1562058853606\" \/><\/p>\n<p>&nbsp;<\/p>\n<p style=\"text-align: justify;\">Al desaparecer ese equilibrio, nada se opone a la gravedad, que comprime a la estrella hasta <strong>convertirla en un amasijo de materia superdensa<\/strong> y en la que ni siquiera queda ya espacio entre los \u00e1tomos. Y a\u00fan m\u00e1s all\u00e1, la gravedad aplasta tambi\u00e9n ese n\u00facleo endurecido hasta convertirlo en algo ralmente peque\u00f1o, pero de una densidad inconcebible. Llega un momento en que la materia comprimida no resiste m\u00e1s y explota con una violencia inusitada: una <a href=\"https:\/\/www.abc.es\/ciencia\/abci-supernova-origen-sistema-solar-201708061940_noticia.html\">supernova<\/a>. Las capas externas de la estrella moribunda salen disparadas al espacio en una explosi\u00f3n de enorme energ\u00eda, y en el centro queda un punto de infinita densidad, de tama\u00f1o microsc\u00f3pico pero con la mayor parte de la masa de la estrella original en su interior. Se ha formado un <a href=\"#\" onclick=\"referencia('agujero negro',event); return false;\">agujero negro<\/a>.<\/p>\n<p style=\"text-align: justify;\">Ahora bien, eso vale para <a href=\"#\" onclick=\"referencia('agujero negro',event); return false;\">agujeros negros<\/a> de \u00abtama\u00f1o estelar\u00bb, y sabemos que nuestra propia galaxia, y el Universo entero, est\u00e1 lleno de ellos. <strong>Otra cosa muy diferente son los <a href=\"#\" onclick=\"referencia('agujero negro',event); return false;\">agujeros negros<\/a> supermasivos<\/strong>, much\u00edsimo m\u00e1s grandes y pesados. No resulta raro, por ejemplo, encontrarlos del tama\u00f1o de todo nuestro Sistema Solar, y con una masa equivalente a la de varios miles de millones de soles.<\/p>\n<h3 style=\"text-align: justify;\">\u00bfDe d\u00f3nde vienen los monstruos supermasivos?<\/h3>\n<p>&nbsp;<\/p>\n<p>&nbsp;<\/p>\n<p><img decoding=\"async\" loading=\"lazy\" src=\"https:\/\/encrypted-tbn0.gstatic.com\/images?q=tbn:ANd9GcQAMSXYHSSsGe4g4UQpEjU6Xx7QDL0qQmeJ1YsTmdCWLtEvTj33\" alt=\"Resultado de imagen de El equilibrio de una estrella entre fusi\u00f3n -expansi\u00f3n- y Gravedad -contracci\u00f3n-\" width=\"279\" height=\"181\" data-iml=\"1562058922874\" \/><\/p>\n<p>&nbsp;<\/p>\n<p style=\"text-align: justify;\">Seg\u00fan la teor\u00eda m\u00e1s aceptada, estos gigantes oscuros nacieron de la misma forma, tras el colapso de estrellas, y fueron creciendo a medida que iban devorando m\u00e1s y m\u00e1s materia, hasta convertirse en los aut\u00e9nticos \u00abmonstruos\u00bb que son en la actualidad. Lo malo es que para que un <a href=\"#\" onclick=\"referencia('agujero negro',event); return false;\">agujero negro<\/a> \u00abnormal\u00bb crezca hasta convertirse en uno supermasivo, se necesita una enorme cantidad de tiempo. Y resulta que los cient\u00edficos han encontrado <a href=\"#\" onclick=\"referencia('agujero negro',event); return false;\">agujeros negros<\/a> supermasivos ya perfectamente<strong> formados cuando el Universo apenas ten\u00eda unos pocos cientos de millones de a\u00f1os<\/strong>. Tiempo a todas luces insuficiente para permitir un crecimiento tan desproporcionado.<\/p>\n<p style=\"text-align: justify;\">En 2017, por ejemplo, los astr\u00f3nomos encontraron un <a href=\"#\" onclick=\"referencia('agujero negro',event); return false;\">agujero negro<\/a> de 800 millones de masas solares que se hab\u00eda formado \u00absolo\u00bb 690 millones de a\u00f1os tras el <a href=\"https:\/\/www.abc.es\/ciencia\/abci-ocho-cosas-insolitas-quizas-no-sepa-sobre-bang-201902272256_noticia.html\"><a href=\"#\" onclick=\"referencia('big bang',event); return false;\">Big Bang<\/a><\/a>. Es decir, que naci\u00f3, casi, en los primeros d\u00edas de existencia del propio Universo, mucho antes del tiempo que la teor\u00eda considera necesario para alcanzar ese tama\u00f1o.<\/p>\n<h3 style=\"text-align: justify;\">\u00bfC\u00f3mo crecieron tan r\u00e1pido?<\/h3>\n<p>&nbsp;<\/p>\n<p><img decoding=\"async\" loading=\"lazy\" src=\"https:\/\/p.calameoassets.com\/180921154254-073b706ae61d5e5615dd08c6da5fa669\/p1.jpg\" alt=\"Imagen relacionada\" width=\"457\" height=\"353\" data-iml=\"1562058949968\" \/><\/p>\n<p>&nbsp;<\/p>\n<p style=\"text-align: justify;\">Seg\u00fan Shantanu Basu y Arpan Das, del Departamento de F\u00edsica y Astronom\u00eda de la Western University, esos <a href=\"#\" onclick=\"referencia('agujero negro',event); return false;\">agujeros negros<\/a> se formaron de forma \u00abdirecta\u00bb, es decir, sin necesidad de surgir de entre las cenizas de una estrella muerta. Los dos investigadores, en efecto, han desarrollado una explicaci\u00f3n alternativa para la distribuci\u00f3n observada de masas y luminosidades de <a href=\"#\" onclick=\"referencia('agujero negro',event); return false;\">agujeros negros<\/a> supermasivos. Algo que no exist\u00eda hasta ahora.<\/p>\n<p style=\"text-align: justify;\">El nuevo modelo se basa en una suposici\u00f3n muy simple: los <a href=\"#\" onclick=\"referencia('agujero negro',event); return false;\">agujeros negros<\/a> supermasivos se forman muy r\u00e1pidamente, en periodos muy, muy cortos de tiempo y, de repente, se detienen.<\/p>\n<p style=\"text-align: justify;\">\u00abSe trata de una evidencia observacional de que los <a href=\"#\" onclick=\"referencia('agujero negro',event); return false;\">agujeros negros<\/a> se originan<strong> a partir de colapsos directos de materia<\/strong>, y no de restos estelares\u00bb, asegura Shantanu Basu.<\/p>\n<p style=\"text-align: justify;\">Basu y Das desarrollaron un nuevo modelo matem\u00e1tico calculando la funci\u00f3n de masa de los <a href=\"#\" onclick=\"referencia('agujero negro',event); return false;\">agujeros negros<\/a> supermasivos que se forman durante un periodo de tiempo concreto y experimentan un r\u00e1pido crecimiento exponencial en sus masas. Seg\u00fan los investigadores, dicho crecimiento puede ser regulado por el llamado \u00abl\u00edmite de Eddington\u00bb, que se establece por medio de un equilibrio entre las fuerzas de radiaci\u00f3n y de gravedad.<\/p>\n<p style=\"text-align: justify;\"><img decoding=\"async\" loading=\"lazy\" src=\"https:\/\/www.meteorologiaenred.com\/wp-content\/uploads\/2019\/03\/Din%C3%A1mica-del-agujero-negro.jpg\" alt=\"Resultado de imagen de El equilibrio de una estrella entre fusi\u00f3n -expansi\u00f3n- y Gravedad -contracci\u00f3n-\" width=\"484\" height=\"242\" data-iml=\"1562058993936\" \/><\/p>\n<p style=\"text-align: justify;\">\u00abLos <a href=\"#\" onclick=\"referencia('agujero negro',event); return false;\">agujeros negros<\/a> supermasivos -explica Basu- solo dispusieron de un periodo de tiempo muy corto para crecer r\u00e1pido y luego, en alg\u00fan momento, debido a toda la radiaci\u00f3n del Universo creada por otros <a href=\"#\" onclick=\"referencia('agujero negro',event); return false;\">agujeros negros<\/a> y estrellas,<strong> su producci\u00f3n se detuvo<\/strong>. Ese es el escenario del colapso directo\u00bb.<\/p>\n<p style=\"text-align: justify;\">Este nuevo modelo permite masas iniciales muy grandes, muy superiores a las que alcanza un <a href=\"#\" onclick=\"referencia('agujero negro',event); return false;\">agujero negro<\/a> surgido de la muerte de una estrella, y <strong>tiene un gran potencial para explicar las observaciones de los astr\u00f3nomos<\/strong>. El fen\u00f3meno, sin embargo, solo se produjo durante los primeros tiempos de existencia del Universo, antes de que \u00e9ste se llenara completamente de radiaci\u00f3n. La explicaci\u00f3n pone as\u00ed punto y final a un misterio que ha tardado d\u00e9cadas en resolverse.<\/p>\n<div class='bookmark'>\r\n\t\t<table align='left' border='0' cellpadding='0' width='100%'>\r\n\t\t<tr><td><span class='pushbutton'><a href='http:\/\/delicious.com\/post?url=https%3A%2F%2Fwww.emiliosilveravazquez.com%2Fblog%2F2019%2F07%2F03%2Fun-reportaje-de-prensa-%25c2%25bfal-menos-dudoso%2F&amp;title=Un+reportaje+de+prensa%26%238230%3B+%C2%BFAl+menos+dudoso%3F' title='Delicious' target='_blank' rel='nofollow'><img src='https:\/\/www.emiliosilveravazquez.com\/blog\/wp-content\/plugins\/knxdt-bookmarks-wordpress-plugin\/images\/delicious.png'  alt='' class='book_img' border='none' style='margin:1px; padding: 0;'  \/><\/a><\/span><span class='pushbutton'><a href='http:\/\/digg.com\/submit?url=https%3A%2F%2Fwww.emiliosilveravazquez.com%2Fblog%2F2019%2F07%2F03%2Fun-reportaje-de-prensa-%25c2%25bfal-menos-dudoso%2F&amp;title=Un+reportaje+de+prensa%26%238230%3B+%C2%BFAl+menos+dudoso%3F' title='Digg' target='_blank' rel='nofollow'><img src='https:\/\/www.emiliosilveravazquez.com\/blog\/wp-content\/plugins\/knxdt-bookmarks-wordpress-plugin\/images\/digg.png'  alt='' class='book_img' border='none' style='margin:1px; padding: 0;'  \/><\/a><\/span><span class='pushbutton'><a href='http:\/\/www.google.com\/bookmarks\/mark?op=edit&amp;bkmk=https%3A%2F%2Fwww.emiliosilveravazquez.com%2Fblog%2F2019%2F07%2F03%2Fun-reportaje-de-prensa-%25c2%25bfal-menos-dudoso%2F&amp;title=Un+reportaje+de+prensa%26%238230%3B+%C2%BFAl+menos+dudoso%3F' title='Google' target='_blank' rel='nofollow'><img src='https:\/\/www.emiliosilveravazquez.com\/blog\/wp-content\/plugins\/knxdt-bookmarks-wordpress-plugin\/images\/google.png'   alt='' class='book_img' border='none' style='margin:1px; padding: 0;'  \/><\/a><\/span><span class='pushbutton'><a href='http:\/\/myweb2.search.yahoo.com\/myresults\/bookmarklet?u=https%3A%2F%2Fwww.emiliosilveravazquez.com%2Fblog%2F2019%2F07%2F03%2Fun-reportaje-de-prensa-%25c2%25bfal-menos-dudoso%2F&amp;t=Un+reportaje+de+prensa%26%238230%3B+%C2%BFAl+menos+dudoso%3F' title='Yahoo' target='_blank' rel='nofollow'><img src='https:\/\/www.emiliosilveravazquez.com\/blog\/wp-content\/plugins\/knxdt-bookmarks-wordpress-plugin\/images\/yahoo.png'  alt='' class='book_img' border='none' style='margin:1px; padding: 0;'  \/><\/a><\/span><span class='pushbutton'><a href='http:\/\/www.technorati.com\/faves?add=https%3A%2F%2Fwww.emiliosilveravazquez.com%2Fblog%2F2019%2F07%2F03%2Fun-reportaje-de-prensa-%25c2%25bfal-menos-dudoso%2F' title='Technorati' target='_blank' rel='nofollow'><img src='https:\/\/www.emiliosilveravazquez.com\/blog\/wp-content\/plugins\/knxdt-bookmarks-wordpress-plugin\/images\/technorati.png'  alt='' class='book_img' border='none' style='margin:1px; padding: 0;'  \/><\/a><\/span><span class='pushbutton'><a href='http:\/\/meneame.net\/submit.php?url=https%3A%2F%2Fwww.emiliosilveravazquez.com%2Fblog%2F2019%2F07%2F03%2Fun-reportaje-de-prensa-%25c2%25bfal-menos-dudoso%2F' title='Meneame' target='_blank' rel='nofollow'><img src='https:\/\/www.emiliosilveravazquez.com\/blog\/wp-content\/plugins\/knxdt-bookmarks-wordpress-plugin\/images\/meneame.png'  alt='' class='book_img' border='none' style='margin:1px; padding: 0;'  \/><\/a><\/span><span class='pushbutton'><a href='http:\/\/enchilame.com\/submit.php?url=https:\/\/www.emiliosilveravazquez.com\/blog\/2019\/07\/03\/un-reportaje-de-prensa-%c2%bfal-menos-dudoso\/' target='_blank' rel='nofollow'><img title='Enchilame' src='https:\/\/www.emiliosilveravazquez.com\/blog\/wp-content\/plugins\/knxdt-bookmarks-wordpress-plugin\/images\/enchilame.png'  alt='' class='book_img' border='none' style='margin:1px; padding: 0;'  \/><\/a><\/span><span class='pushbutton'><a href='http:\/\/www.blinklist.com\/index.php?Action=Blink\/addblink.php&amp;Description=&amp;Url=https%3A%2F%2Fwww.emiliosilveravazquez.com%2Fblog%2F2019%2F07%2F03%2Fun-reportaje-de-prensa-%25c2%25bfal-menos-dudoso%2F&amp;title=Un+reportaje+de+prensa%26%238230%3B+%C2%BFAl+menos+dudoso%3F' title='BlinkList' target='_blank' rel='nofollow'><img src='https:\/\/www.emiliosilveravazquez.com\/blog\/wp-content\/plugins\/knxdt-bookmarks-wordpress-plugin\/images\/blinklist.png'  alt='' class='book_img' border='none' style='margin:1px; padding: 0;'  \/><\/a><\/span><span class='pushbutton'><a href='http:\/\/reddit.com\/submit?url=https%3A%2F%2Fwww.emiliosilveravazquez.com%2Fblog%2F2019%2F07%2F03%2Fun-reportaje-de-prensa-%25c2%25bfal-menos-dudoso%2F&amp;title=Un+reportaje+de+prensa%26%238230%3B+%C2%BFAl+menos+dudoso%3F' title='Reddit' target='_blank' rel='nofollow'><img src='https:\/\/www.emiliosilveravazquez.com\/blog\/wp-content\/plugins\/knxdt-bookmarks-wordpress-plugin\/images\/reddit.png'  alt='' class='book_img' border='none' style='margin:1px; padding: 0;'  \/><\/a><\/span><span class='pushbutton'><a href='http:\/\/www.tecnologiadiaria.com\/2009\/07\/abrir-com-hotmail-correo.html' target='_blank' title='hotmail'><img src='https:\/\/www.emiliosilveravazquez.com\/blog\/wp-content\/plugins\/knxdt-bookmarks-wordpress-plugin\/images\/linklove.png' alt='hotmail correo' class='book_img' border='none' style='margin:1px; padding: 0;' \/><\/a><\/span><span class='pushbutton'><a href='http:\/\/bitacoras.com\/votar\/anotacion\/externo\/mini\/www.emiliosilveravazquez.com\/blog\/2019\/07\/03\/un-reportaje-de-prensa-%c2%bfal-menos-dudoso\/' title='Bitacoras.com' target='_blank' rel='nofollow'><img src='https:\/\/www.emiliosilveravazquez.com\/blog\/wp-content\/plugins\/knxdt-bookmarks-wordpress-plugin\/images\/bitacoras.png'  alt='' class='book_img' border='none' style='margin:1px; padding: 0;'  \/><\/a><\/span><span class='pushbutton'><a href='http:\/\/www.wikio.es\/vote?url=https%3A%2F%2Fwww.emiliosilveravazquez.com%2Fblog%2F2019%2F07%2F03%2Fun-reportaje-de-prensa-%25c2%25bfal-menos-dudoso%2F' title='Wikio' target='_blank' rel='nofollow'><img src='https:\/\/www.emiliosilveravazquez.com\/blog\/wp-content\/plugins\/knxdt-bookmarks-wordpress-plugin\/images\/wikio.png'   alt='' class='book_img' border='none' style='margin:1px; padding: 0;'   \/><\/a><\/span><span class='pushbutton'><a href='http:\/\/friendfeed.com\/?url=https%3A%2F%2Fwww.emiliosilveravazquez.com%2Fblog%2F2019%2F07%2F03%2Fun-reportaje-de-prensa-%25c2%25bfal-menos-dudoso%2F&amp;title=Un+reportaje+de+prensa%26%238230%3B+%C2%BFAl+menos+dudoso%3F' title='Friend Feed' target='_blank' rel='nofollow'><img src='https:\/\/www.emiliosilveravazquez.com\/blog\/wp-content\/plugins\/knxdt-bookmarks-wordpress-plugin\/images\/friendfeed.png'  alt='' class='book_img' border='none' style='margin:1px; padding: 0;'  \/><\/a><\/span><span class='pushbutton'><a href='http:\/\/www.facebook.com\/share.php?u=https%3A%2F%2Fwww.emiliosilveravazquez.com%2Fblog%2F2019%2F07%2F03%2Fun-reportaje-de-prensa-%25c2%25bfal-menos-dudoso%2F&amp;t=Un+reportaje+de+prensa%26%238230%3B+%C2%BFAl+menos+dudoso%3F' title='Facebook' target='_blank' rel='nofollow'><img src='https:\/\/www.emiliosilveravazquez.com\/blog\/wp-content\/plugins\/knxdt-bookmarks-wordpress-plugin\/images\/facebook.png'  alt='' class='book_img' border='none' style='margin:1px; padding: 0;'  \/><\/a><\/span><span class='pushbutton'><a href='http:\/\/twitter.com\/home?status=Un+reportaje+de+prensa%26%238230%3B+%C2%BFAl+menos+dudoso%3F: https%3A%2F%2Fwww.emiliosilveravazquez.com%2Fblog%2F2019%2F07%2F03%2Fun-reportaje-de-prensa-%25c2%25bfal-menos-dudoso%2F' title='Twitter' target='_blank' rel='nofollow'><img src='https:\/\/www.emiliosilveravazquez.com\/blog\/wp-content\/plugins\/knxdt-bookmarks-wordpress-plugin\/images\/twitter.png'  alt='' class='book_img' border='none' style='margin:1px; padding: 0;'  \/><\/a><\/span><span class='pushbutton'><a href='http:\/\/www.feedburner.com\/fb\/a\/emailFlare?itemTitle=Un+reportaje+de+prensa%26%238230%3B+%C2%BFAl+menos+dudoso%3F&amp;uri=https%3A%2F%2Fwww.emiliosilveravazquez.com%2Fblog%2F2019%2F07%2F03%2Fun-reportaje-de-prensa-%25c2%25bfal-menos-dudoso%2F' title='Enviar por Email' target='_blank' rel='nofollow'><img src='https:\/\/www.emiliosilveravazquez.com\/blog\/wp-content\/plugins\/knxdt-bookmarks-wordpress-plugin\/images\/email.png'  alt='' class='book_img' border='none' style='margin:1px; padding: 0;'  \/><\/a><\/span><span style='font-weight:bold; padding-left: 5px;'><a href='http:\/\/wordpress.org\/extend\/plugins\/knxdt-bookmarks-wordpress-plugin\/' title='Plugin' rel='nofollow' target='_blank'>[?]<\/a><\/span><\/td><\/tr><\/table><br\/><br\/><\/div>","protected":false},"excerpt":{"rendered":"<p>&nbsp; Resuelto el mistertio del origen de los agujeros negros supermasivos &nbsp; En contra de lo que se cre\u00eda, no se formaron a partir del colapso de estrellas, sino de forma directa poco tiempo despu\u00e9s del Big Bang Reportaje de Prensa &nbsp; &nbsp; Por primera vez en la Historia, tenemos una imagen de un agujero [&hellip;]<\/p>\n","protected":false},"author":2,"featured_media":0,"comment_status":"open","ping_status":"open","sticky":false,"template":"","format":"standard","meta":{"_s2mail":"yes","footnotes":""},"categories":[111],"tags":[],"_links":{"self":[{"href":"https:\/\/www.emiliosilveravazquez.com\/blog\/wp-json\/wp\/v2\/posts\/23918"}],"collection":[{"href":"https:\/\/www.emiliosilveravazquez.com\/blog\/wp-json\/wp\/v2\/posts"}],"about":[{"href":"https:\/\/www.emiliosilveravazquez.com\/blog\/wp-json\/wp\/v2\/types\/post"}],"author":[{"embeddable":true,"href":"https:\/\/www.emiliosilveravazquez.com\/blog\/wp-json\/wp\/v2\/users\/2"}],"replies":[{"embeddable":true,"href":"https:\/\/www.emiliosilveravazquez.com\/blog\/wp-json\/wp\/v2\/comments?post=23918"}],"version-history":[{"count":0,"href":"https:\/\/www.emiliosilveravazquez.com\/blog\/wp-json\/wp\/v2\/posts\/23918\/revisions"}],"wp:attachment":[{"href":"https:\/\/www.emiliosilveravazquez.com\/blog\/wp-json\/wp\/v2\/media?parent=23918"}],"wp:term":[{"taxonomy":"category","embeddable":true,"href":"https:\/\/www.emiliosilveravazquez.com\/blog\/wp-json\/wp\/v2\/categories?post=23918"},{"taxonomy":"post_tag","embeddable":true,"href":"https:\/\/www.emiliosilveravazquez.com\/blog\/wp-json\/wp\/v2\/tags?post=23918"}],"curies":[{"name":"wp","href":"https:\/\/api.w.org\/{rel}","templated":true}]}}