{"id":23842,"date":"2024-11-11T19:19:25","date_gmt":"2024-11-11T18:19:25","guid":{"rendered":"http:\/\/www.emiliosilveravazquez.com\/blog\/?p=23842"},"modified":"2024-11-11T19:19:29","modified_gmt":"2024-11-11T18:19:29","slug":"%c2%bfde-donde-surgio-todo-7","status":"publish","type":"post","link":"https:\/\/www.emiliosilveravazquez.com\/blog\/2024\/11\/11\/%c2%bfde-donde-surgio-todo-7\/","title":{"rendered":"\u00bfDe d\u00f3nde surgi\u00f3 todo?"},"content":{"rendered":"<div>\n<div style=\"text-align: justify;\"><a href=\"http:\/\/www.emiliosilveravazquez.com\/blog\/2013\/07\/12\/en-el-centro-de-la-galaxia\/\" rel=\"next\">En el Centro de la Galaxia<\/a><\/div>\n<\/div>\n<h3 style=\"text-align: justify;\"><\/h3>\n<p style=\"text-align: justify;\"><img decoding=\"async\" loading=\"lazy\" class=\"\" src=\"http:\/\/4.bp.blogspot.com\/-w0T2HbLu6OM\/Vo-JG1aNHGI\/AAAAAAAAF78\/kke6XON9PNg\/s1600\/Interpretaci%25C3%25B3n%2Bconvencional%2Bactual%2Bsobre%2Bel%2Borigen%2Bdel%2Buniverso%2By%2Bla%2Binflaci%25C3%25B3n%2Bc%25C3%25B3smica%2Basociada.bmp\" alt=\"Imagen relacionada\" width=\"802\" height=\"497\" \/><\/p>\n<blockquote><p><strong>Peque\u00f1as variaciones en las condiciones iniciales se manifiestan como grandes desviaciones en las trayectorias resultantes.<\/strong><\/p>\n<p>&nbsp;<\/p><\/blockquote>\n<p><img decoding=\"async\" loading=\"lazy\" class=\"\" src=\"https:\/\/i.imgur.com\/MiYVh0z.png\" width=\"572\" height=\"379\" \/><\/p>\n<p>&nbsp;<\/p>\n<p><img decoding=\"async\" src=\"https:\/\/rey55.files.wordpress.com\/2016\/06\/piramides.jpg?w=450&amp;h=432\" alt=\"Resultado de imagen de El primer registro de este sistema de la estrella misteriosa se remonta a 1244 aC, escrito en un calendario (El Cairo Papiro 86637)\" \/><\/p>\n<p>El primer registro de este sistema de la estrella misteriosa se remonta a 1244 aC, escrito en un calendario (El Cairo Papiro 86637) realizado en el antiguo Egipto, en el que Algol tiene un papel protagonista en la medici\u00f3n del tiempo. Fue nombrado por los antiguos egipcios como la &#8220;estrella del demonio&#8221; y era un sistema muy importante en la antig\u00fcedad. Aunque en el pasado se cre\u00eda que era un sistema binario, estudios posteriores confirmaron que Algol se compone de tres estrellas que orbitan entre s\u00ed.<\/p>\n<p>&nbsp;<\/p>\n<p><img decoding=\"async\" loading=\"lazy\" class=\"\" src=\"https:\/\/encrypted-tbn0.gstatic.com\/images?q=tbn:ANd9GcSmTvz9yWKpkcSblJdZEvme8ec8exZqN_Tjiw&amp;s\" alt=\"\u00bfQui\u00e9nes inventaron el cero? Ancestros de la India vs. Mayas\" width=\"389\" height=\"695\" \/><\/p>\n<p><strong>\u00bfQui\u00e9n inventar\u00eda el n\u00famero Cero?<\/strong><\/p>\n<blockquote>\n<p style=\"text-align: justify;\">Para determinar el origen del n\u00famero cero hay que hacer referencia al &#8216;cero posicional&#8217;: 2019 no es lo mismo 219. Los primeros que idearon el cero &#8216;que cuenta&#8217; fueron\u00a0<b>los babilonios y los mayas<\/b>. A partir de ambas civilizaciones el sistema lleg\u00f3 a la India, donde tuvo una gran evoluci\u00f3n.<\/p>\n<\/blockquote>\n<p style=\"text-align: justify;\">Es verdaderamente encomiable la pertinaz insistencia del ser humano por saber, y, en el \u00e1mbito de la Astronom\u00eda, desde los m\u00e1s remotos \u201ctiempos\u201d que podamos recordar o de los que tenemos alguna raz\u00f3n, nuestra especie ha\u00a0<a id=\"_GPLITA_3\" title=\"Click to Continue &gt; by Savings Wave\" href=\"http:\/\/www.emiliosilveravazquez.com\/blog\/2013\/07\/12\/big-bang\/#\">estado<\/a>\u00a0interesada en saber, el origen de los objetos celestes, los mecanismos que rigen sus movimientos y las fuerzas que est\u00e1n presentes.<\/p>\n<p style=\"text-align: justify;\">Claro que, nosotros, los Humanos, llevamos aqu\u00ed el tiempo de un parpadeo del ojo si lo comparamos con el Tiempo del Universo. Sin embargo, nos hemos valido de todos los medios posibles para llegar al entendimiento de las cosas, incluso sabemos del pasado a trav\u00e9s del descubrimiento de la vida media de los elementos y mediante algo que denominamos dataci\u00f3n, como la del Carbono 14, podemos saber de la edad de muchos objetos que, de otra manera, ser\u00eda imposible averiguar. La vida de los elementos es muy \u00fatil y, al mismo tiempo, nos habla de que todo en el Universo tiene un Tiempo Marcado. Por ejemplo, la vida media del Uranio 238 sabemos que es de 4.000 millones de a\u00f1os, y, la del Rubidio tiene la matusal\u00e9nica vida media de 47.000 millones de a\u00f1os, varias veces la edad que\u00a0<a id=\"_GPLITA_4\" title=\"Click to Continue &gt; by Savings Wave\" href=\"http:\/\/www.emiliosilveravazquez.com\/blog\/2013\/07\/12\/big-bang\/#\">ahora<\/a>\u00a0tiene el Universo.<\/p>\n<p>&nbsp;<\/p>\n<p style=\"text-align: justify;\">\u00a0<img decoding=\"async\" loading=\"lazy\" src=\"http:\/\/www.profesorenlinea.cl\/imagenQuimica\/metalesalcalinos003.jpg\" alt=\"metalesalcalinos003\" width=\"283\" height=\"228\" \/><\/p>\n<p style=\"text-align: justify;\">Lepidolita, una de las mayores fuentes del raro rubidio y del cesio. El rubidio tambi\u00e9n fue descubierto,\u00a0<a id=\"_GPLITA_0\" title=\"Click to Continue &gt; by Savings Wave\" href=\"http:\/\/www.emiliosilveravazquez.com\/blog\/2013\/07\/12\/big-bang\/#\">como<\/a>\u00a0el cesio, por los f\u00edsicos alemanes Robert Wilhem Bunsen y Gustav Robert Kirchhoff en 1861; en este caso por el m\u00e9todo espectrosc\u00f3pico. Su nombre proviene del lat\u00edn \u201c<strong>rubidus<\/strong>\u201d (rubio), debido al color de sus l\u00edneas en el espectro.<\/p>\n<ul style=\"text-align: justify;\">\n<li><strong>Color blanco-plateado brillante<\/strong><\/li>\n<li><strong>Reacciona violentamente con el agua produciendo hidr\u00f3geno<\/strong><\/li>\n<li><strong>Arde espont\u00e1neamente en\u00a0<a id=\"_GPLITA_1\" title=\"Click to Continue &gt; by Savings Wave\" href=\"http:\/\/www.emiliosilveravazquez.com\/blog\/2013\/07\/12\/big-bang\/#\">contacto<\/a>\u00a0con el aire, formando \u00f3xido de rubidio<\/strong><\/li>\n<li><strong>Muy blando<\/strong><\/li>\n<\/ul>\n<p style=\"text-align: justify;\">\u00a0<img decoding=\"async\" loading=\"lazy\" src=\"http:\/\/www.profesorenlinea.cl\/imagenQuimica\/rubidio003.jpg\" alt=\"rubidio003\" width=\"283\" height=\"212\" \/><\/p>\n<p style=\"text-align: justify;\">El rubidio es un elemento bastante abundante en la corteza terrestre y est\u00e1 presente\u00a0<a id=\"_GPLITA_5\" title=\"Click to Continue &gt; by Savings Wave\" href=\"http:\/\/www.emiliosilveravazquez.com\/blog\/2013\/07\/12\/big-bang\/#\">hasta<\/a>\u00a0en 310 partes por mill\u00f3n (ppm). Por su abundancia ocupa un lugar justamente por debajo del carbono y el cloro y por encima del fl\u00faor y del estroncio. El agua de mar contiene 0,2 ppm de rubidio, concentraci\u00f3n que (aunque baja) es el doble de la concentraci\u00f3n de litio.<\/p>\n<p style=\"text-align: justify;\"><a id=\"_GPLITA_6\" title=\"Click to Continue &gt; by Savings Wave\" href=\"http:\/\/www.emiliosilveravazquez.com\/blog\/2013\/07\/12\/big-bang\/#\">Pero<\/a>, aunque abundante, el rubidio se encuentra distribuido en peque\u00f1as cantidades, generalmente asociado con el cesio, con el cual tiene una gran semejanza, en cenizas del tabaco, el te y el caf\u00e9; y en los minerales\u00a0<strong>lepidolita<\/strong>\u00a0y\u00a0<strong>carnalita<\/strong>.<\/p>\n<p>&nbsp;<\/p>\n<p><img decoding=\"async\" loading=\"lazy\" class=\"\" src=\"https:\/\/i.ytimg.com\/vi\/F8aC-B_CSxI\/hq720.jpg?sqp=-oaymwEhCK4FEIIDSFryq4qpAxMIARUAAAAAGAElAADIQj0AgKJD&amp;rs=AOn4CLAO2pL7EZMn48rthH3lTdd2O1Pw3w\" alt=\"Cesio - \u00a1El metal m\u00e1s REACTIVO de la TIERRA!\" width=\"538\" height=\"303\" \/><\/p>\n<p><strong>Cesio<\/strong><\/p>\n<p>&nbsp;<\/p>\n<p><img decoding=\"async\" loading=\"lazy\" class=\"\" src=\"https:\/\/portalsolar.com.ar\/wp-content\/uploads\/2023\/10\/Litio.jpg\" alt=\"Qu\u00e9 es el Litio?\" width=\"567\" height=\"319\" \/><\/p>\n<p><strong>Litio el oro blanco<\/strong><\/p>\n<p style=\"text-align: justify;\">\n<p style=\"text-align: justify;\"><strong>El Rubidio<\/strong> ha sido detectado en las estrellas y, siendo muy abundante en la corteza terrestre, es utilizado en en ciencia y tecnolog\u00edas puntas, por lo que est\u00e1 presente en muchos laboratorios. <strong>El rubidio<\/strong> es semejante al <strong>cesio<\/strong> y al <strong>litio<\/strong> en que est\u00e1 integrado en minerales complejos; no se encuentra en la naturaleza\u00a0<a id=\"_GPLITA_7\" title=\"Click to Continue &gt; by Savings Wave\" href=\"http:\/\/www.emiliosilveravazquez.com\/blog\/2013\/07\/12\/big-bang\/#\">como<\/a>\u00a0sales simples de halogenuros, como ocurre con el sodio y el potasio.<\/p>\n<p style=\"text-align: justify;\">Es tan reactivo con ox\u00edgeno que puede arder espont\u00e1neamente con este elemento puro. El metal pierde el brillo muy r\u00e1pidamente al aire,\u00a0<a id=\"_GPLITA_8\" title=\"Click to Continue &gt; by Savings Wave\" href=\"http:\/\/www.emiliosilveravazquez.com\/blog\/2013\/07\/12\/big-bang\/#\">forma<\/a>\u00a0un recubrimiento de \u00f3xido y puede arder. Los \u00f3xidos que se producen son una mezcla de Rb<sub>2<\/sub>O, Rb<sub>2<\/sub>O<sub>2<\/sub>\u00a0y RbO<sub>2<\/sub>. El metal fundido se inflama espont\u00e1neamente al aire.<\/p>\n<p>&nbsp;<\/p>\n<p style=\"text-align: justify;\"><img decoding=\"async\" src=\"https:\/\/www.caracteristicass.de\/wp-content\/uploads\/2020\/03\/caracteristicas-del-rubidio.jpg\" alt=\"Caracter\u00edsticas del Rubidio - Propiedades F\u00edsicas y Qu\u00edmicas\" \/><img decoding=\"async\" loading=\"lazy\" class=\"\" src=\"http:\/\/slideplayer.es\/1116440\/3\/images\/46\/Caracter%C3%ADsticas+Generales.jpg\" alt=\"Resultado de imagen de El rubidio reacciona violentamente con agua o hielo a temperaturas por debajo de \u2013100\u00ba C\" width=\"604\" height=\"453\" \/><\/p>\n<p style=\"text-align: justify;\">El rubidio reacciona violentamente con agua o hielo a temperaturas por debajo de \u2013100\u00ba C (-148\u00ba F). Reacciona con hidr\u00f3geno\u00a0<a id=\"_GPLITA_9\" title=\"Click to Continue &gt; by Savings Wave\" href=\"http:\/\/www.emiliosilveravazquez.com\/blog\/2013\/07\/12\/big-bang\/#\">para<\/a>\u00a0formar un hidruro, uno de los hidruros alcalinos menos estables.<\/p>\n<p style=\"text-align: justify;\">No reacciona con nitr\u00f3geno. Con bromo o cloro, el rubidio reacciona vigorosamente con formaci\u00f3n de flama. Se pueden preparar compuestos organorrub\u00eddicos con t\u00e9cnicas parecidas a las que se utilizan con el sodio y el potasio.<\/p>\n<p style=\"text-align: justify;\">La mayor\u00a0<a id=\"_GPLITA_10\" title=\"Click to Continue &gt; by Savings Wave\" href=\"http:\/\/www.emiliosilveravazquez.com\/blog\/2013\/07\/12\/big-bang\/#\">parte<\/a>\u00a0de los usos de rubidio met\u00e1lico y de sus compuestos son los mismos que los del cesio y sus compuestos.<\/p>\n<p>&nbsp;<\/p>\n<p style=\"text-align: justify;\">\u00a0<img decoding=\"async\" loading=\"lazy\" id=\"rg_hi\" src=\"http:\/\/t3.gstatic.com\/images?q=tbn:ANd9GcRF0V0S_T4WXXSuLG7RuQH1slTQc-NoLzC1eLEfbCRkFZNjfw_FCw\" alt=\"\" width=\"280\" height=\"180\" data-width=\"280\" data-height=\"180\" \/><img decoding=\"async\" loading=\"lazy\" class=\"\" src=\"https:\/\/st2.depositphotos.com\/1763191\/8340\/v\/950\/depositphotos_83404736-stock-illustration-periodic-symbol-and-diagram-of.jpg\" alt=\"S\u00edmbolo peri\u00f3dico y diagrama del Rubidio Vector de stock #83404736 de  \u00a9blueringmedia\" width=\"276\" height=\"180\" \/><\/p>\n<p style=\"text-align: justify;\">\u00a0\u00a0\u00a0\u00a0\u00a0\u00a0\u00a0\u00a0\u00a0\u00a0\u00a0\u00a0\u00a0\u00a0 <strong>\u00a0 \u00a0\u00c1tomo de Rubidio 85 diciendo \u2018hola\u2019 a la c\u00e1mara<\/strong><\/p>\n<p style=\"text-align: justify;\">Pero, \u00bfqu\u00e9 estoy haciendo? El\u00a0<a id=\"_GPLITA_11\" title=\"Click to Continue &gt; by Savings Wave\" href=\"http:\/\/www.emiliosilveravazquez.com\/blog\/2013\/07\/12\/big-bang\/#\">trabajo<\/a>\u00a0era sobre el primer momento de nuestro universo, y, me dej\u00e9 llevar por el rubidio, volvamos a lo nuestro y comencemos el comentario de hoy, ahora s\u00ed, sobre el\u2026<\/p>\n<p style=\"text-align: justify;\"><strong><a href=\"http:\/\/www.emiliosilveravazquez.com\/blog\/2013\/07\/12\/big-bang\/#\"><a href=\"#\" onclick=\"referencia('big bang',event); return false;\">Big Bang<\/a><\/a><\/strong><\/p>\n<p>&nbsp;<\/p>\n<p style=\"text-align: justify;\"><img decoding=\"async\" loading=\"lazy\" class=\"\" src=\"https:\/\/www.nmas.com.mx\/_next\/image\/?url=https%3A%2F%2Fstatic-live.nmas.com.mx%2Fnmas-news%2Fstyles%2Fcorte_16_9%2Fcloud-storage%2F2024-08%2Fpor-que-hay-una-foto-del-big-bang-ilustracion.jpg%3Fh%3D920929c4%26itok%3DC_n2Lb5R&amp;w=1920&amp;q=80\" alt=\"Por Qu\u00e9 Tenemos una Foto del Big Bang si este Ocurri\u00f3 hace 14 Mil Millones  de A\u00f1os? | N+\" width=\"557\" height=\"313\" \/><\/p>\n<p style=\"text-align: justify;\"><img decoding=\"async\" loading=\"lazy\" class=\"\" src=\"http:\/\/images.slideplayer.es\/11\/3072250\/slides\/slide_82.jpg\" alt=\"\" width=\"453\" height=\"340\" \/><\/p>\n<p style=\"text-align: justify;\">Hablaremos\u00a0<a id=\"_GPLITA_12\" title=\"Click to Continue &gt; by Savings Wave\" href=\"http:\/\/www.emiliosilveravazquez.com\/blog\/2013\/07\/12\/big-bang\/#\">ahora<\/a>\u00a0del\u00a0<a href=\"http:\/\/www.emiliosilveravazquez.com\/blog\/2013\/07\/12\/big-bang\/#\"><a href=\"#\" onclick=\"referencia('big bang',event); return false;\">Big Bang<\/a><\/a>, esa teor\u00eda aceptada por todos y que nos dice c\u00f3mo se form\u00f3 nuestro universo y comenz\u00f3 su evoluci\u00f3n hasta ser como ahora lo conocemos. De acuerdo a esta teor\u00eda, el universo se origin\u00f3 a partir de un estado inicial de alta temperatura y densidad, y desde entonces ha estado siempre expandi\u00e9ndose. La teor\u00eda de la\u00a0<a href=\"http:\/\/www.emiliosilveravazquez.com\/blog\/2013\/07\/12\/big-bang\/#\"><a href=\"#\" onclick=\"referencia('relatividad',event); return false;\">relatividad<\/a><\/a>\u00a0general predice la existencia de una\u00a0<a href=\"http:\/\/www.emiliosilveravazquez.com\/blog\/2013\/07\/12\/big-bang\/#\"><a href=\"#\" onclick=\"referencia('singularidad',event); return false;\">singularidad<\/a><\/a>\u00a0en el comienzo,\u00a0<a id=\"_GPLITA_13\" title=\"Click to Continue &gt; by Savings Wave\" href=\"http:\/\/www.emiliosilveravazquez.com\/blog\/2013\/07\/12\/big-bang\/#\">cuando<\/a>\u00a0la temperatura y la densidad eran infinitas.<\/p>\n<p>&nbsp;<\/p>\n<p style=\"text-align: justify;\">\u00a0<img decoding=\"async\" loading=\"lazy\" id=\"il_fi\" src=\"http:\/\/killuminati2012.files.wordpress.com\/2009\/11\/bigbang.jpg\" alt=\"\" width=\"563\" height=\"473\" \/><\/p>\n<p style=\"text-align: justify;\">La mayor\u00eda de los cosm\u00f3logos interpretan\u00a0<a id=\"_GPLITA_14\" title=\"Click to Continue &gt; by Savings Wave\" href=\"http:\/\/www.emiliosilveravazquez.com\/blog\/2013\/07\/12\/big-bang\/#\">esta<\/a>\u00a0<a href=\"http:\/\/www.emiliosilveravazquez.com\/blog\/2013\/07\/12\/big-bang\/#\"><a href=\"#\" onclick=\"referencia('singularidad',event); return false;\">singularidad<\/a><\/a>\u00a0como una indicaci\u00f3n de que la\u00a0<a href=\"http:\/\/www.emiliosilveravazquez.com\/blog\/2013\/07\/12\/big-bang\/#\"><a href=\"#\" onclick=\"referencia('relatividad',event); return false;\">relatividad<\/a><\/a>general de\u00a0<a href=\"http:\/\/www.emiliosilveravazquez.com\/blog\/2013\/07\/12\/big-bang\/#\"><a href=\"#\" onclick=\"referencia('einstein',event); return false;\">Einstein<\/a><\/a>\u00a0deja de ser v\u00e1lida en el universo muy primitivo (no exist\u00eda materia), y el comienzo mismo debe ser estudiado utilizando una teor\u00eda de cosmolog\u00eda cu\u00e1ntica.<\/p>\n<p style=\"text-align: justify;\">El\u00a0<strong><a href=\"http:\/\/www.emiliosilveravazquez.com\/blog\/2013\/07\/12\/big-bang\/#\"><a href=\"#\" onclick=\"referencia('planck tiempo de',event); return false;\">tiempo de Planck<\/a><\/a><\/strong>\u00a0es una unidad de tiempo considerada como el intervalo temporal m\u00e1s peque\u00f1o que\u00a0<a id=\"_GPLITA_15\" title=\"Click to Continue &gt; by Savings Wave\" href=\"http:\/\/www.emiliosilveravazquez.com\/blog\/2013\/07\/12\/big-bang\/#\">puede<\/a>\u00a0ser medido. Se denota mediante el s\u00edmbolo t<sub>P<\/sub>. En cosmolog\u00eda, el\u00a0<a href=\"http:\/\/www.emiliosilveravazquez.com\/blog\/2013\/07\/12\/big-bang\/#\"><a href=\"#\" onclick=\"referencia('planck tiempo de',event); return false;\">tiempo de Planck<\/a><\/a>\u00a0representa el instante de tiempo m\u00e1s antiguo en el que las leyes de la f\u00edsica pueden ser utilizadas para estudiar la naturaleza y evoluci\u00f3n del Universo. Se determina como combinaci\u00f3n de otras constantes f\u00edsicas en la\u00a0<a id=\"_GPLITA_16\" title=\"Click to Continue &gt; by Savings Wave\" href=\"http:\/\/www.emiliosilveravazquez.com\/blog\/2013\/07\/12\/big-bang\/#\">forma<\/a>\u00a0siguiente:<\/p>\n<p>&nbsp;<\/p>\n<p style=\"text-align: justify;\"><strong><img decoding=\"async\" loading=\"lazy\" src=\"http:\/\/upload.wikimedia.org\/math\/e\/c\/4\/ec44b6f315913d6d6eb9964852e6f07e.png\" alt=\"t_P = \\sqrt{\\frac{\\hbar G}{c^5}} \\approx\" width=\"113\" height=\"50\" \/>\u00a05.39124(27) \u00d7 10<sup>\u221243<\/sup>\u00a0segundos<\/strong><\/p>\n<p>&nbsp;<\/p>\n<p style=\"text-align: justify;\">Llegados a\u00a0<a id=\"_GPLITA_17\" title=\"Click to Continue &gt; by Savings Wave\" href=\"http:\/\/www.emiliosilveravazquez.com\/blog\/2013\/07\/12\/big-bang\/#\">este<\/a>\u00a0punto, me remito al p\u00e1rrafo primero del comentario de hoy, en \u00e9l se deja claro que, nada sabemos de ese instante primero anterior al <strong>T<sub>p<\/sub><\/strong>. \u00bfQu\u00e9 habr\u00eda all\u00ed entonces, qu\u00e9 sustancias dieron lugar a la materia y, de d\u00f3nde salieron las fuerzas fundamentales que rigen el universo?<\/p>\n<p>&nbsp;<\/p>\n<p style=\"text-align: justify;\"><img decoding=\"async\" loading=\"lazy\" id=\"irc_mi\" src=\"http:\/\/projetoadamkadmon.files.wordpress.com\/2013\/03\/f7a.jpg\" alt=\"\" width=\"699\" height=\"393\" \/><\/p>\n<p style=\"text-align: justify;\">\u00a0 \u00a0 \u00a0<strong> \u00a0Esto llego miles de millones de a\u00f1os m\u00e1s tarde pero, \u00bfQu\u00e9 hab\u00eda antes del comienzo del Tiempo?<\/strong><\/p>\n<p style=\"text-align: justify;\">Las respuestas est\u00e1n escondidas en ese primer intervalo infinitesimal que est\u00e1 antes del Comienzo del Tiempo que conocemos, es una fracci\u00f3n de tiempo que nos queda en la m\u00e1s absoluta oscuridad. Nadie ha podido ir m\u00e1s all\u00e1 del Tiempo de Planck y, siendo un intervalo de tiempo tan peque\u00f1o&#8230; \u00a1nos dir\u00eda tantas cosas!<\/p>\n<p>&nbsp;<\/p>\n<p><img decoding=\"async\" loading=\"lazy\" class=\"\" src=\"https:\/\/i.pinimg.com\/originals\/0a\/89\/3d\/0a893d4b9afb1f13903fc51acc9518f2.gif\" alt=\"120 ideas de VELAS GIF | velas, decoraci\u00f3n de unas, decoracion con velas\" width=\"518\" height=\"518\" \/><\/p>\n<p>&nbsp;<\/p>\n<p style=\"text-align: justify;\">\n<p style=\"text-align: justify;\"><strong>Una buena vela encendida no es suficiente\u00a0<a id=\"_GPLITA_18\" title=\"Click to Continue &gt; by Savings Wave\" href=\"http:\/\/www.emiliosilveravazquez.com\/blog\/2013\/07\/12\/big-bang\/#\">para<\/a>\u00a0alumbrar nuestra ignorancia<\/strong> de lo que pas\u00f3 en los primeros momentos del &#8220;<a href=\"http:\/\/www.emiliosilveravazquez.com\/blog\/2013\/07\/12\/big-bang\/#\"><a href=\"#\" onclick=\"referencia('big bang',event); return false;\">Big Bang<\/a>&#8221;<\/a>. Sin embargo\u2026La esperanza es lo \u00faltimo que se pierde, y, aunque los f\u00edsicos cuando tratan de exponer con sus matem\u00e1ticas aquellos hechos primeros, las primeras fracciones del primer segundo del\u00a0<a href=\"http:\/\/www.emiliosilveravazquez.com\/blog\/2013\/07\/12\/big-bang\/#\"><a href=\"#\" onclick=\"referencia('big bang',event); return false;\">Big Bang<\/a><\/a>, se ven imposibilitados\u2026Esperamos que, m\u00e1s adelante, en el futuro lejano, podamos entrar en ese Tiempo de Planck\u00a0<a id=\"_GPLITA_19\" title=\"Click to Continue &gt; by Savings Wave\" href=\"http:\/\/www.emiliosilveravazquez.com\/blog\/2013\/07\/12\/big-bang\/#\">ahora<\/a>\u00a0inalcanzable.<\/p>\n<p>&nbsp;<\/p>\n<p><img decoding=\"async\" loading=\"lazy\" class=\"\" src=\"https:\/\/s1.abcstatics.com\/media\/ciencia\/2015\/11\/27\/quark-gluon%20plasma--620x349.jpg\" alt=\"La imagen corresponde a una de las primeras colisiones entre iones de plomo a la m\u00e1xima energ\u00eda del LHC\" width=\"505\" height=\"284\" \/><\/p>\n<p><strong>La imagen corresponde a una de las primeras colisiones entre iones de plomo a la m\u00e1xima energ\u00eda del LHC\u00a0<\/strong><\/p>\n<blockquote>\n<p class=\"voc-p\" style=\"text-align: justify;\">&#8220;El LHC no deja de ser noticia. El acelerador m\u00e1s poderoso del mundo, con sus 27 kil\u00f3metros de circunferencia y sus cientos de poderosos imanes, <strong>hizo colisionar ayer n\u00facleos de plomo a la mayor energ\u00eda jam\u00e1s conseguida\u00a0<\/strong>hasta el momento. El pasado verano, el gran colisionador de part\u00edculas ya logr\u00f3 un <a title=\" record energ\u00e9tico en la colisi\u00f3n de protones \" href=\"https:\/\/www.abc.es\/ciencia\/20150521\/abci-cern-colisiones-velocidad-record-201505211737.html\" data-voc-vtm-id=\"in-text-traffic\" data-mrf-link=\"www.abc.es\">record energ\u00e9tico en la colisi\u00f3n de <a href=\"#\" onclick=\"referencia('proton',event); return false;\">protones<\/a>\u00a0<\/a>, pero esto es muy diferente. De hecho, no es lo mismo acelerar una part\u00edcula individual que un n\u00facleo at\u00f3mico complejo, como lo es el de plomo, que est\u00e1 formado por 208 <a href=\"#\" onclick=\"referencia('proton',event); return false;\">protones<\/a> y <a href=\"#\" onclick=\"referencia('neutron',event); return false;\">neutrones<\/a>.<\/p>\n<p class=\"voc-p\" style=\"text-align: justify;\">El objetivo de estos experimentos es comprender un poco mejor las propiedades de la materia apenas unos instantes despu\u00e9s del\u00a0<a title=\" Big Bang \" href=\"https:\/\/www.abc.es\/ciencia\/abci-logran-detectar-materia-perdida-bang-201511121722_noticia.html\" data-voc-vtm-id=\"in-text-traffic\" data-mrf-link=\"www.abc.es\"><a href=\"#\" onclick=\"referencia('big bang',event); return false;\">Big Bang<\/a>\u00a0<\/a>, cuando en el Universo naciente las interacciones entre part\u00edculas se produc\u00edan a unos enormes niveles de energ\u00eda que, hasta ahora, hab\u00edan sido imposibles de alcanzar en un laboratorio.<\/p>\n<p class=\"voc-p\" style=\"text-align: justify;\">Justo al principio, es decir, a pocas milmillon\u00e9simas de segundo del instante del <a href=\"#\" onclick=\"referencia('big bang',event); return false;\">Big Bang<\/a>,\u00a0<strong>el Universo estaba hecho de una \u00absopa primordial\u00bb\u00a0<\/strong>de part\u00edculas fundamentales (especialmente <a href=\"#\" onclick=\"referencia('quarks',event); return false;\">quarks<\/a> y <a href=\"#\" onclick=\"referencia('gluones',event); return false;\">gluones<\/a>) extraordinariamente densa y espesa.&#8221;<\/p>\n<\/blockquote>\n<p>&nbsp;<\/p>\n<p style=\"text-align: justify;\">Con nuestro conocimiento actual de f\u00edsica de part\u00edculas de altas energ\u00edas, podemos hacer avanzar el reloj\u00a0<a id=\"_GPLITA_20\" title=\"Click to Continue &gt; by Savings Wave\" href=\"http:\/\/www.emiliosilveravazquez.com\/blog\/2013\/07\/12\/big-bang\/#\">hacia<\/a>\u00a0atr\u00e1s a trav\u00e9s de la teor\u00eda lept\u00f3nica y la era hadr\u00f3nica hasta una millon\u00e9sima de segundo despu\u00e9s del\u00a0<a href=\"http:\/\/www.emiliosilveravazquez.com\/blog\/2013\/07\/12\/big-bang\/#\"><a href=\"#\" onclick=\"referencia('big bang',event); return false;\">Big Bang<\/a><\/a>, cuando la temperatura era de 10<sup>13<\/sup>\u00a0K. Utilizando una teor\u00eda m\u00e1s especulativa, los cosm\u00f3logos han intentado llevar el modelo\u00a0<a id=\"_GPLITA_21\" title=\"Click to Continue &gt; by Savings Wave\" href=\"http:\/\/www.emiliosilveravazquez.com\/blog\/2013\/07\/12\/big-bang\/#\">hasta<\/a>\u00a010<sup>35<\/sup>\u00a0s despu\u00e9s de la\u00a0<a href=\"http:\/\/www.emiliosilveravazquez.com\/blog\/2013\/07\/12\/big-bang\/#\"><a href=\"#\" onclick=\"referencia('singularidad',event); return false;\">singularidad<\/a><\/a>, cuando la temperatura era de 10<sup>28<\/sup>\u00a0K. Esa infinitesimal escala de longitud es conocida\u00a0<a id=\"_GPLITA_22\" title=\"Click to Continue &gt; by Savings Wave\" href=\"http:\/\/www.emiliosilveravazquez.com\/blog\/2013\/07\/12\/big-bang\/#\">como<\/a>\u00a0l\u00edmite de <strong>Planck, = 10<sup>-35<\/sup>\u00a0m<\/strong>, que en la Ley de radiaci\u00f3n de Planck, es distribuida la energ\u00eda radiada por un cuerpo negro mediante peque\u00f1os paquetes discretos llamados <em>cuantos<\/em>, en vez de una emisi\u00f3n continua. A estas distancias, la gravedad est\u00e1 ausente\u00a0<a id=\"_GPLITA_23\" title=\"Click to Continue &gt; by Savings Wave\" href=\"http:\/\/www.emiliosilveravazquez.com\/blog\/2013\/07\/12\/big-bang\/#\">para<\/a>\u00a0dejar actuar a la mec\u00e1nica cu\u00e1ntica.<\/p>\n<p>&nbsp;<\/p>\n<p style=\"text-align: justify;\"><img decoding=\"async\" loading=\"lazy\" id=\"irc_mi\" src=\"http:\/\/4.bp.blogspot.com\/-Gbf5yz3S8MY\/UTsXNCjZwpI\/AAAAAAAADrA\/rt_fYTgFwe8\/s640\/blackbodyspec.gif\" alt=\"\" width=\"446\" height=\"230\" \/><\/p>\n<p>&nbsp;<\/p>\n<p style=\"text-align: justify;\">La teor\u00eda del\u00a0<a href=\"http:\/\/www.emiliosilveravazquez.com\/blog\/2013\/07\/12\/big-bang\/#\"><a href=\"#\" onclick=\"referencia('big bang',event); return false;\">Big Bang<\/a><\/a>\u00a0es capaz de explicar la expansi\u00f3n del universo, la existencia de una radiaci\u00f3n de fondo c\u00f3smica y la abundancia de n\u00facleos ligeros como el helio, el helio-3, el\u00a0<a href=\"http:\/\/www.emiliosilveravazquez.com\/blog\/2013\/07\/12\/big-bang\/#\"><a href=\"#\" onclick=\"referencia('deuterio',event); return false;\">deuterio<\/a><\/a>\u00a0y el litio-7, cuya formaci\u00f3n se predice que ocurri\u00f3 alrededor de un segundo despu\u00e9s del\u00a0<a href=\"http:\/\/www.emiliosilveravazquez.com\/blog\/2013\/07\/12\/big-bang\/#\"><a href=\"#\" onclick=\"referencia('big bang',event); return false;\">Big Bang<\/a><\/a>, cuando la temperatura reinante era de 10<sup>10<\/sup>\u00a0K.<\/p>\n<p style=\"text-align: justify;\">La radiaci\u00f3n de fondo c\u00f3smica proporciona la evidencia m\u00e1s directa de que el universo atraves\u00f3 por una fase caliente y densa. En la teor\u00eda del\u00a0<a href=\"http:\/\/www.emiliosilveravazquez.com\/blog\/2013\/07\/12\/big-bang\/#\"><a href=\"#\" onclick=\"referencia('big bang',event); return false;\">Big Bang<\/a><\/a>, la radiaci\u00f3n de fondo es explicada por el hecho de que\u00a0<a id=\"_GPLITA_24\" title=\"Click to Continue &gt; by Savings Wave\" href=\"http:\/\/www.emiliosilveravazquez.com\/blog\/2013\/07\/12\/big-bang\/#\">durante<\/a>\u00a0el primer mill\u00f3n de a\u00f1os m\u00e1s o menos (es decir, antes del desacoplo de la materia y la radiaci\u00f3n), el universo estaba lleno de\u00a0<a href=\"http:\/\/www.emiliosilveravazquez.com\/blog\/2013\/07\/12\/big-bang\/#\"><a href=\"#\" onclick=\"referencia('plasma',event); return false;\">plasma<\/a><\/a>\u00a0que era opaco a la radiaci\u00f3n y, por tanto, en equilibrio t\u00e9rmico con ella.\u00a0<a id=\"_GPLITA_25\" title=\"Click to Continue &gt; by Savings Wave\" href=\"http:\/\/www.emiliosilveravazquez.com\/blog\/2013\/07\/12\/big-bang\/#\">Esta<\/a>\u00a0fase es habitualmente denominada \u201c<em>bola de fuego primordial<\/em>\u201c.<\/p>\n<p>&nbsp;<\/p>\n<p style=\"text-align: justify;\">\u00a0<img decoding=\"async\" src=\"https:\/\/universodoppler.files.wordpress.com\/2012\/09\/shells-medium.jpg\" alt=\"Imagen relacionada\" \/><\/p>\n<p style=\"text-align: justify;\">Como nadie estuvo all\u00ed para tomar una fotograf\u00eda de la gran explosi\u00f3n, ponemos una que quiere figurar aquel momento que,\u00a0<a id=\"_GPLITA_26\" title=\"Click to Continue &gt; by Savings Wave\" href=\"http:\/\/www.emiliosilveravazquez.com\/blog\/2013\/07\/12\/big-bang\/#\">desde<\/a>\u00a0luego, tuvo que ser mucho m\u00e1s grandioso.<\/p>\n<p style=\"text-align: justify;\">Cuando el universo se expandi\u00f3 y se enfri\u00f3 a unos 3000 \u00baK, se volvi\u00f3 transparente a la radiaci\u00f3n, que es la que observamos en la actualidad, mucho m\u00e1s fr\u00eda y diluida, como radiaci\u00f3n t\u00e9rmica de microondas. El descubrimiento del fondo de microondas en 1.956 puso fin a una larga batalla\u00a0<a id=\"_GPLITA_27\" title=\"Click to Continue &gt; by Savings Wave\" href=\"http:\/\/www.emiliosilveravazquez.com\/blog\/2013\/07\/12\/big-bang\/#\">entre<\/a>\u00a0el\u00a0<a href=\"http:\/\/www.emiliosilveravazquez.com\/blog\/2013\/07\/12\/big-bang\/#\"><a href=\"#\" onclick=\"referencia('big bang',event); return false;\">Big Bang<\/a><\/a>\u00a0y su rival, la teor\u00eda del universo estacionario de F. Hoyle y otros, que no pod\u00eda explicar la\u00a0<a id=\"_GPLITA_28\" title=\"Click to Continue &gt; by Savings Wave\" href=\"http:\/\/www.emiliosilveravazquez.com\/blog\/2013\/07\/12\/big-bang\/#\">forma<\/a>\u00a0de cuerpo negro del fondo de microondas. Es ir\u00f3nico que el t\u00e9rmino\u00a0<a href=\"http:\/\/www.emiliosilveravazquez.com\/blog\/2013\/07\/12\/big-bang\/#\"><a href=\"#\" onclick=\"referencia('big bang',event); return false;\">Big Bang<\/a><\/a>\u00a0tuvo inicialmente un sentido burlesco y fue acu\u00f1ado por Hoyle, contrario a la teor\u00eda del universo inflacionario y defensor del estacionario.<\/p>\n<p>&nbsp;<\/p>\n<table border=\"1\" cellspacing=\"0\" cellpadding=\"0\">\n<tbody>\n<tr>\n<td colspan=\"3\" width=\"492\">\n<p align=\"center\"><strong>Cronolog\u00eda del\u00a0<a href=\"http:\/\/www.emiliosilveravazquez.com\/blog\/2013\/07\/12\/big-bang\/#\"><a href=\"#\" onclick=\"referencia('big bang',event); return false;\">Big Bang<\/a><\/a><\/strong><\/p>\n<\/td>\n<\/tr>\n<tr>\n<td width=\"144\">\n<p align=\"center\"><strong>Era<\/strong><\/p>\n<\/td>\n<td width=\"183\">\n<p align=\"center\"><strong>Duraci\u00f3n<\/strong><\/p>\n<\/td>\n<td width=\"165\">\n<p align=\"center\"><strong>Temperatura<\/strong><\/p>\n<\/td>\n<\/tr>\n<tr>\n<td width=\"144\"><a href=\"http:\/\/www.emiliosilveravazquez.com\/blog\/2013\/07\/12\/big-bang\/#\"><a href=\"#\" onclick=\"referencia('planck era de',event); return false;\">Era de Planck<\/a><\/a><\/td>\n<td width=\"183\">\n<p align=\"right\">de 0 a 10<sup>-43<\/sup>\u00a0seg.<\/p>\n<\/td>\n<td width=\"165\">\n<p align=\"right\">a 10<sup>-34<\/sup>\u00a0K<\/p>\n<\/td>\n<\/tr>\n<tr>\n<td width=\"144\">Era de radiaci\u00f3n<\/td>\n<td width=\"183\">\n<p align=\"right\">de 10<sup>-43\u00a0<\/sup>a 30.000\u00a0<a id=\"_GPLITA_29\" title=\"Click to Continue &gt; by Savings Wave\" href=\"http:\/\/www.emiliosilveravazquez.com\/blog\/2013\/07\/12\/big-bang\/#\">a\u00f1os<\/a><\/p>\n<\/td>\n<td width=\"165\">\n<p align=\"right\">desde 10<sup>-34\u00a0<\/sup>a 10<sup>4<\/sup>\u00a0K<\/p>\n<\/td>\n<\/tr>\n<tr>\n<td width=\"144\">Era de la materia<\/td>\n<td width=\"183\">de 30.000 a\u00f1os al presente (13.500.000.000 a\u00f1os).<\/td>\n<td width=\"165\">\n<p align=\"right\">desde 10<sup>4<\/sup>\u00a0a 3 K actual<\/p>\n<\/td>\n<\/tr>\n<\/tbody>\n<\/table>\n<p style=\"text-align: justify;\">Para fijar m\u00e1s claramente los hechos se debe extender la explicaci\u00f3n evolutiva del universo en las fases principales que son:<\/p>\n<p>&nbsp;<\/p>\n<p style=\"text-align: justify;\">\u00a0<img decoding=\"async\" loading=\"lazy\" id=\"il_fi\" src=\"http:\/\/3.bp.blogspot.com\/__zmql8VB0ks\/TM4fLowbl0I\/AAAAAAAAADo\/iPAzUn2EFvA\/s1600\/materia+oscura.jpg\" alt=\"\" width=\"473\" height=\"473\" \/><\/p>\n<p style=\"text-align: justify;\">Las que salieron de ese clima de enormes temperaturas\u00a0<a id=\"_GPLITA_31\" title=\"Click to Continue &gt; by Savings Wave\" href=\"http:\/\/www.emiliosilveravazquez.com\/blog\/2013\/07\/12\/big-bang\/#\">ahora<\/a> inimaginables, de ah\u00ed surgi\u00f3 lo que conocemos como materia, y, durante varias etapas o eras (de la radiaci\u00f3n, <strong>de la materia, hadr\u00f3nica y bari\u00f3nica<\/strong>\u2026 llegamos al momento presente habiendo descubierto muchos de los secretos que, el Universo guardaba celosamente para que, nosotros, los pudi\u00e9ramos desvelar.<\/p>\n<p style=\"text-align: justify;\"><strong>La <a href=\"#\" onclick=\"referencia('planck era de',event); return false;\">Era de Planck<\/a>:<\/strong><\/p>\n<p>&nbsp;<\/p>\n<p style=\"text-align: justify;\"><img decoding=\"async\" loading=\"lazy\" src=\"http:\/\/images.slideplayer.es\/8\/2332829\/slides\/slide_6.jpg\" alt=\"\" width=\"365\" height=\"274\" \/><\/p>\n<p>&nbsp;<\/p>\n<p style=\"text-align: justify;\">En cosmolog\u00eda, la\u00a0<strong>\u00e9poca de Planck<\/strong>\u00a0es el m\u00e1s temprano per\u00edodo de Tiempo en la historia del universo, entre cero y 10<sup>\u221243<\/sup>\u00a0segundos (como antes dec\u00eda, un <a href=\"#\" onclick=\"referencia('planck tiempo de',event); return false;\">tiempo de Planck<\/a>), durante el cual las cuatro fuerzas (nucleares fuerte y d\u00e9bil, electromagn\u00e9tica y gravitatoria, estaban unificadas en una sola fuerza y a\u00fan, no exist\u00edan las part\u00edculas elementales que m\u00e1s tarde surgir\u00edan para formar la materia.<\/p>\n<p style=\"text-align: justify;\">Es la era que se inici\u00f3 con el surgir de la materia,\u00a0 cuando el efecto gravitacional de la materia primera comenz\u00f3 a dominar sobre el efecto de presi\u00f3n de radiaci\u00f3n. Aunque la radiaci\u00f3n es no masiva, tiene un efecto gravitacional que aumenta con la intensidad de la radiaci\u00f3n. Es m\u00e1s, a altas energ\u00edas, la propia materia se comporta como la radiaci\u00f3n electromagn\u00e9tica, ya que se mueve a velocidades pr\u00f3ximas a la de la luz. En las etapas muy antiguas del universo, el ritmo de expansi\u00f3n se encontraba dominado por el efecto gravitacional de la presi\u00f3n de radiaci\u00f3n, pero a medida que el universo se enfri\u00f3, <a id=\"_GPLITA_32\" title=\"Click to Continue &gt; by Savings Wave\" href=\"http:\/\/www.emiliosilveravazquez.com\/blog\/2013\/07\/12\/big-bang\/#\">este<\/a>\u00a0efecto se hizo menos importante que el efecto gravitacional de la materia. Se piensa que la materia se volvi\u00f3 predominante a una temperatura de unos 10<sup>4<\/sup>\u00a0K, aproximadamente 30.000\u00a0<a id=\"_GPLITA_33\" title=\"Click to Continue &gt; by Savings Wave\" href=\"http:\/\/www.emiliosilveravazquez.com\/blog\/2013\/07\/12\/big-bang\/#\">a\u00f1os<\/a>\u00a0a partir del\u00a0<a href=\"http:\/\/www.emiliosilveravazquez.com\/blog\/2013\/07\/12\/big-bang\/#\"><a href=\"#\" onclick=\"referencia('big bang',event); return false;\">Big Bang<\/a><\/a>. Este hecho marc\u00f3 el comienzo de la era de la materia.<\/p>\n<p style=\"text-align: justify;\"><strong>De la radiaci\u00f3n<\/strong><\/p>\n<p>&nbsp;<\/p>\n<p style=\"text-align: justify;\">\u00a0<img decoding=\"async\" loading=\"lazy\" id=\"il_fi\" src=\"http:\/\/3.bp.blogspot.com\/-opFz9FL15No\/TVgeuiz83JI\/AAAAAAAAAxI\/TCuY4aalZ6g\/s1600\/big-bang.jpg\" alt=\"\" width=\"473\" height=\"473\" \/><\/p>\n<p>&nbsp;<\/p>\n<p style=\"text-align: justify;\">Periodo\u00a0<a id=\"_GPLITA_34\" title=\"Click to Continue &gt; by Savings Wave\" href=\"http:\/\/www.emiliosilveravazquez.com\/blog\/2013\/07\/12\/big-bang\/#\">entre<\/a>\u00a010<sup>-43<\/sup>\u00a0s (la era de Planck) y 300.000\u00a0<a id=\"_GPLITA_35\" title=\"Click to Continue &gt; by Savings Wave\" href=\"http:\/\/www.emiliosilveravazquez.com\/blog\/2013\/07\/12\/big-bang\/#\">a\u00f1os<\/a>\u00a0despu\u00e9s del\u00a0<a href=\"http:\/\/www.emiliosilveravazquez.com\/blog\/2013\/07\/12\/big-bang\/#\"><a href=\"#\" onclick=\"referencia('big bang',event); return false;\">Big Bang<\/a><\/a>.\u00a0<a id=\"_GPLITA_36\" title=\"Click to Continue &gt; by Savings Wave\" href=\"http:\/\/www.emiliosilveravazquez.com\/blog\/2013\/07\/12\/big-bang\/#\">Durante<\/a>\u00a0este periodo, la expansi\u00f3n del universo estaba dominada por los efectos de la radiaci\u00f3n o de las part\u00edculas r\u00e1pidas (a altas energ\u00edas todas las part\u00edculas se comportan como la radiaci\u00f3n). De hecho, la era lept\u00f3nica y la era hadr\u00f3nica son ambas subdivisiones de la era de radiaci\u00f3n.<\/p>\n<p style=\"text-align: justify;\">La era de radiaci\u00f3n fue seguida por la era de la materia que antes se rese\u00f1a,\u00a0<a id=\"_GPLITA_37\" title=\"Click to Continue &gt; by Savings Wave\" href=\"http:\/\/www.emiliosilveravazquez.com\/blog\/2013\/07\/12\/big-bang\/#\">durante<\/a>\u00a0la cual los part\u00edculas lentas dominaron la expansi\u00f3n del universo.<\/p>\n<p style=\"text-align: justify;\"><strong>Era hadr\u00f3nica<\/strong><\/p>\n<p>&nbsp;<\/p>\n<p><img decoding=\"async\" loading=\"lazy\" class=\"\" src=\"https:\/\/i.imgur.com\/FK6CeFa.png\" width=\"671\" height=\"183\" \/><\/p>\n<p>&nbsp;<\/p>\n<p style=\"text-align: justify;\">\n<p style=\"text-align: justify;\">Corto periodo de tiempo\u00a0<a id=\"_GPLITA_38\" title=\"Click to Continue &gt; by Savings Wave\" href=\"http:\/\/www.emiliosilveravazquez.com\/blog\/2013\/07\/12\/big-bang\/#\">entre<\/a>\u00a010<sup>-6<\/sup>\u00a0s y 10<sup>-5<\/sup>\u00a0s despu\u00e9s del\u00a0<a href=\"http:\/\/www.emiliosilveravazquez.com\/blog\/2013\/07\/12\/big-bang\/#\"><a href=\"#\" onclick=\"referencia('big bang',event); return false;\">Big Bang<\/a><\/a>\u00a0en el que se formaron las part\u00edculas at\u00f3micas pesadas, como\u00a0<a href=\"http:\/\/www.emiliosilveravazquez.com\/blog\/2013\/07\/12\/big-bang\/#\">protones<\/a>,\u00a0<a href=\"http:\/\/www.emiliosilveravazquez.com\/blog\/2013\/07\/12\/big-bang\/#\">neutrones<\/a>,\u00a0<a href=\"http:\/\/www.emiliosilveravazquez.com\/blog\/2013\/07\/12\/big-bang\/#\"><a href=\"#\" onclick=\"referencia('pion',event); return false;\">piones<\/a><\/a>\u00a0y\u00a0<a href=\"http:\/\/www.emiliosilveravazquez.com\/blog\/2013\/07\/12\/big-bang\/#\"><a href=\"#\" onclick=\"referencia('kaon',event); return false;\">kaones<\/a><\/a>\u00a0entre otras. Antes del comienzo de la era hadr\u00f3nica, los\u00a0<a href=\"http:\/\/www.emiliosilveravazquez.com\/blog\/2013\/07\/12\/big-bang\/#\">quarks<\/a>\u00a0se comportaban como part\u00edculas libres. El proceso por el que se formaron los\u00a0<a href=\"http:\/\/www.emiliosilveravazquez.com\/blog\/2013\/07\/12\/big-bang\/#\">quarks<\/a>\u00a0se denomina transici\u00f3n de fase quark-<a href=\"http:\/\/www.emiliosilveravazquez.com\/blog\/2013\/07\/12\/big-bang\/#\">hadr\u00f3n<\/a>. Al final de la era hadr\u00f3nica, todas las dem\u00e1s especies hadr\u00f3nicas hab\u00edan deca\u00eddo o se hab\u00edan desintegrado, dejando s\u00f3lo\u00a0<a href=\"http:\/\/www.emiliosilveravazquez.com\/blog\/2013\/07\/12\/big-bang\/#\">protones<\/a>\u00a0o\u00a0<a href=\"http:\/\/www.emiliosilveravazquez.com\/blog\/2013\/07\/12\/big-bang\/#\">neutrones<\/a>. Inmediatamente despu\u00e9s de esto el universo entr\u00f3 en la era lept\u00f3nica.<\/p>\n<p style=\"text-align: justify;\"><strong>Era Lept\u00f3nica<\/strong><\/p>\n<p>&nbsp;<\/p>\n<p style=\"text-align: justify;\">\u00a0<img decoding=\"async\" loading=\"lazy\" class=\"\" src=\"https:\/\/image.slidesharecdn.com\/elbigbangelorigendeluniverso-111004124413-phpapp02\/95\/el-big-bangelorigendeluniverso-12-728.jpg?cb=1317732345\" alt=\"Resultado de imagen de La Era Lept\u00f3nica\" width=\"577\" height=\"433\" \/><\/p>\n<p>&nbsp;<\/p>\n<p style=\"text-align: justify;\">Intervalo que comenz\u00f3 unos 10<sup>-5<\/sup>\u00a0s despu\u00e9s del\u00a0<a href=\"http:\/\/www.emiliosilveravazquez.com\/blog\/2013\/07\/12\/big-bang\/#\"><a href=\"#\" onclick=\"referencia('big bang',event); return false;\">Big Bang<\/a><\/a>, en el que diversos tipos de\u00a0<a href=\"http:\/\/www.emiliosilveravazquez.com\/blog\/2013\/07\/12\/big-bang\/#\"><a href=\"#\" onclick=\"referencia('leptones',event); return false;\">leptones<\/a><\/a>\u00a0eran la principal contribuci\u00f3n a la densidad del universo. Se crearon pares de\u00a0<a href=\"http:\/\/www.emiliosilveravazquez.com\/blog\/2013\/07\/12\/big-bang\/#\"><a href=\"#\" onclick=\"referencia('leptones',event); return false;\">leptones<\/a><\/a>\u00a0y anti<a href=\"http:\/\/www.emiliosilveravazquez.com\/blog\/2013\/07\/12\/big-bang\/#\"><a href=\"#\" onclick=\"referencia('leptones',event); return false;\">leptones<\/a><\/a>\u00a0en gran\u00a0<a id=\"_GPLITA_39\" title=\"Click to Continue &gt; by Savings Wave\" href=\"http:\/\/www.emiliosilveravazquez.com\/blog\/2013\/07\/12\/big-bang\/#\">n\u00famero<\/a>\u00a0en el universo primitivo, pero a medida que el universo se enfri\u00f3, la mayor parte de las especies lept\u00f3nicas fueron aniquiladas. La era lept\u00f3nica se entremezcla con la hadr\u00f3nica y ambas, como ya dije antes, son subdivisiones de la era de la radiaci\u00f3n. El final de la era lept\u00f3nica se considera normalmente que ocurri\u00f3 cuando se aniquilaron la mayor parte de los pares electr\u00f3n-positr\u00f3n, a una temperatura de 5<strong>\u00d7<\/strong>10<sup>9<\/sup>\u00a0K, m\u00e1s o\u00a0<a id=\"_GPLITA_40\" title=\"Click to Continue &gt; by Savings Wave\" href=\"http:\/\/www.emiliosilveravazquez.com\/blog\/2013\/07\/12\/big-bang\/#\">menos<\/a>\u00a0un segundo despu\u00e9s del\u00a0<a href=\"http:\/\/www.emiliosilveravazquez.com\/blog\/2013\/07\/12\/big-bang\/#\"><a href=\"#\" onclick=\"referencia('big bang',event); return false;\">Big Bang<\/a><\/a>. Despu\u00e9s, los\u00a0<a href=\"http:\/\/www.emiliosilveravazquez.com\/blog\/2013\/07\/12\/big-bang\/#\"><a href=\"#\" onclick=\"referencia('leptones',event); return false;\">leptones<\/a><\/a>\u00a0se unieron a los hadr\u00f3nes\u00a0<a id=\"_GPLITA_41\" title=\"Click to Continue &gt; by Savings Wave\" href=\"http:\/\/www.emiliosilveravazquez.com\/blog\/2013\/07\/12\/big-bang\/#\">para<\/a>\u00a0formar \u00e1tomos.<\/p>\n<p style=\"text-align: justify;\">As\u00ed se form\u00f3 nuestro universo, a partir de una\u00a0<a href=\"http:\/\/www.emiliosilveravazquez.com\/blog\/2013\/07\/12\/big-bang\/#\"><a href=\"#\" onclick=\"referencia('singularidad',event); return false;\">singularidad<\/a><\/a>\u00a0que explot\u00f3 expandiendo toda la densidad y energ\u00eda a unas temperaturas terror\u00edficas, y a partir de ese mismo instante conocido como\u00a0<a href=\"http:\/\/www.emiliosilveravazquez.com\/blog\/2013\/07\/12\/big-bang\/#\"><a href=\"#\" onclick=\"referencia('big bang',event); return false;\">Big Bang<\/a><\/a>, nacieron, como hermanos gemelos, el tiempo y el espacio junto con la materia que finalmente desemboc\u00f3 en lo que\u00a0<a id=\"_GPLITA_42\" title=\"Click to Continue &gt; by Savings Wave\" href=\"http:\/\/www.emiliosilveravazquez.com\/blog\/2013\/07\/12\/big-bang\/#\">ahora<\/a>\u00a0conocemos como universo.<\/p>\n<p>&nbsp;<\/p>\n<p style=\"text-align: justify;\"><img decoding=\"async\" src=\"http:\/\/www.abc.es\/media\/ciencia\/2016\/06\/03\/hubblefindsu--620x349.jpg\" alt=\"El esquema muestra los tres pasos usados por Riess para calcular la tasa de expansi\u00f3n del Universo con una precisi\u00f3n sin precedentes\" \/><\/p>\n<p>&nbsp;<\/p>\n<p style=\"text-align: justify;\">El universo se est\u00e1 expandiendo, de manera que el espacio entre las galaxias est\u00e1 aumentando gradualmente, provocando un desplazamiento al rojo cosmol\u00f3gico en la luz procedente de los objetos distantes.<\/p>\n<p style=\"text-align: justify;\">El universo es el conjunto de todo lo que existe, incluyendo (como he dicho) el espacio, el tiempo y la materia.\u00a0 El estudio del universo se conoce como cosmolog\u00eda. Los cosm\u00f3logos distinguen al Universo con \u201cU\u201d may\u00fascula, significando el cosmos y su contenido, y el universo con \u201cu\u201d min\u00fascula, que es normalmente un modelo matem\u00e1tico deducido de alguna teor\u00eda f\u00edsica como por ejemplo, el universo de Friedmann o el universo de\u00a0<a href=\"http:\/\/www.emiliosilveravazquez.com\/blog\/2013\/07\/12\/big-bang\/#\"><a href=\"#\" onclick=\"referencia('einstein',event); return false;\">Einstein<\/a><\/a>-de Sitter. El universo real est\u00e1 constituido en su mayor\u00eda de espacios que aparentemente est\u00e1n vac\u00edos, existiendo materia concentrada en galaxias formadas por estrellas, planetas, gases y otros objetos cosmol\u00f3gicos.<\/p>\n<p>&nbsp;<\/p>\n<p style=\"text-align: justify;\"><img decoding=\"async\" loading=\"lazy\" id=\"il_fi\" src=\"http:\/\/1.bp.blogspot.com\/-gogrkDcGEK0\/TV7nohZLH-I\/AAAAAAAAEAM\/NWO8s4TG9iU\/s1600\/wp-universo-12.jpg\" alt=\"\" width=\"630\" height=\"473\" \/><\/p>\n<p>&nbsp;<\/p>\n<p style=\"text-align: justify;\">El universo se est\u00e1 expandiendo, de manera que el espacio\u00a0<a id=\"_GPLITA_43\" title=\"Click to Continue &gt; by Savings Wave\" href=\"http:\/\/www.emiliosilveravazquez.com\/blog\/2013\/07\/12\/big-bang\/#\">entre<\/a>\u00a0las galaxias est\u00e1 aumentando gradualmente, provocando un desplazamiento al rojo cosmol\u00f3gico en la luz procedente de los objetos distantes. Existe evidencia creciente de que el espacio puede estar lleno de una\u00a0<a href=\"http:\/\/www.emiliosilveravazquez.com\/blog\/2013\/07\/12\/big-bang\/#\"><a href=\"#\" onclick=\"referencia('materia oscura',event); return false;\">materia oscura<\/a><\/a>\u00a0invisible que\u00a0<a id=\"_GPLITA_44\" title=\"Click to Continue &gt; by Savings Wave\" href=\"http:\/\/www.emiliosilveravazquez.com\/blog\/2013\/07\/12\/big-bang\/#\">puede<\/a>\u00a0constituir muchas veces la masa total de las galaxias visibles.<\/p>\n<p style=\"text-align: justify;\"><a id=\"_GPLITA_45\" title=\"Click to Continue &gt; by Savings Wave\" href=\"http:\/\/www.emiliosilveravazquez.com\/blog\/2013\/07\/12\/big-bang\/#\">Como<\/a>\u00a0ya qued\u00f3 claro antes, el concepto m\u00e1s favorecido de origen del universo es la teor\u00eda del\u00a0<a href=\"http:\/\/www.emiliosilveravazquez.com\/blog\/2013\/07\/12\/big-bang\/#\"><a href=\"#\" onclick=\"referencia('big bang',event); return false;\">Big Bang<\/a><\/a>, de acuerdo con la cual el universo se cre\u00f3 a partir de una densa y caliente concentraci\u00f3n enorme de materia (una\u00a0<a href=\"http:\/\/www.emiliosilveravazquez.com\/blog\/2013\/07\/12\/big-bang\/#\"><a href=\"#\" onclick=\"referencia('singularidad',event); return false;\">singularidad<\/a><\/a>) en una bola de fuego que explot\u00f3 y se expandi\u00f3 para crear el espacio, el tiempo y toda la materia que lo conforme. Todo ello ocurri\u00f3, seg\u00fan los\u00a0<a id=\"_GPLITA_46\" title=\"Click to Continue &gt; by Savings Wave\" href=\"http:\/\/www.emiliosilveravazquez.com\/blog\/2013\/07\/12\/big-bang\/#\">datos<\/a>\u00a0de que se disponen, hace ahora aproximadamente 15.000 millones de a\u00f1os, o 15 eones (10<sup>9<\/sup>).<\/p>\n<p>&nbsp;<\/p>\n<p style=\"text-align: justify;\"><img decoding=\"async\" src=\"https:\/\/smd-app-dev.s3.amazonaws.com\/ciencia\/s3fs-public\/mnt\/medialibrary\/2011\/05\/16\/twist_strip.jpg\" alt=\"Resultado de imagen de La NASA midiendo la curvatura en el espacio-tiempo alrededor del planeta\" \/><\/p>\n<p style=\"text-align: justify;\">\u00a0 \u00a0<strong>\u00a0La NASA midiendo la curvatura en el espacio-tiempo alrededor del planeta<\/strong><\/p>\n<p style=\"text-align: justify;\">El universo se form\u00f3 y apareci\u00f3 el tiempo y el espacio y la materia. Es lo que dice la teor\u00eda que antes hemos descrito. Sin embargo, hay muchas cuestiones que, por lo\u00a0<a id=\"_GPLITA_47\" title=\"Click to Continue &gt; by Savings Wave\" href=\"http:\/\/www.emiliosilveravazquez.com\/blog\/2013\/07\/12\/big-bang\/#\">menos<\/a>\u00a0a m\u00ed, no han quedado claras y me llevan a preguntas tales como:<\/p>\n<p style=\"text-align: justify;\"><strong>\u00bfCu\u00e1ntas part\u00edculas hay en el universo?<\/strong><\/p>\n<p style=\"text-align: justify;\"><strong>\u00bfDe d\u00f3nde vino la sustancia del universo?<\/strong><\/p>\n<p style=\"text-align: justify;\"><strong>\u00bfQu\u00e9 hay m\u00e1s all\u00e1 del borde del universo?<\/strong><\/p>\n<p style=\"text-align: justify;\">En realidad, no existen respuestas concretas\u00a0<a id=\"_GPLITA_48\" title=\"Click to Continue &gt; by Savings Wave\" href=\"http:\/\/www.emiliosilveravazquez.com\/blog\/2013\/07\/12\/big-bang\/#\">para<\/a>\u00a0estas preguntas, porque para empezar no sabemos como es de grande el universo. Sin embargo, si podemos hacer algunas hip\u00f3tesis.<\/p>\n<p>&nbsp;<\/p>\n<p style=\"text-align: justify;\">\u00a0<img decoding=\"async\" loading=\"lazy\" id=\"il_fi\" src=\"http:\/\/2.bp.blogspot.com\/_mMBeZLZBXFQ\/TIlavw9rD0I\/AAAAAAAAACI\/1i9Bn3uT2SM\/s1600\/universo1.jpg\" alt=\"\" width=\"595\" height=\"473\" \/><\/p>\n<p style=\"text-align: justify;\">\u00a0\u00a0\u00a0\u00a0\u00a0\u00a0\u00a0\u00a0\u00a0\u00a0\u00a0\u00a0\u00a0\u00a0\u00a0\u00a0\u00a0\u00a0\u00a0\u00a0\u00a0\u00a0\u00a0\u00a0\u00a0\u00a0\u00a0\u00a0\u00a0\u00a0\u00a0\u00a0\u00a0\u00a0\u00a0\u00a0\u00a0 <strong>\u00a0 \u00a0El Universo est\u00e1 lleno de espacios \u201cvac\u00edos\u201d<\/strong><\/p>\n<p style=\"text-align: justify;\">Podemos calcular que hay unas 100.000.000.000 de galaxias en el universo. Cada una de estas galaxias\u00a0<a id=\"_GPLITA_49\" title=\"Click to Continue &gt; by Savings Wave\" href=\"http:\/\/www.emiliosilveravazquez.com\/blog\/2013\/07\/12\/big-bang\/#\">tiene<\/a>\u00a0una media de masa igual a 100.000.000.000 la masa del Sol. Quiere decir que la cantidad total de materia en el universo ser\u00eda igual a 10<sup>11<\/sup>\u00d710<sup>11<\/sup>\u00a0\u00f3 10<sup>22<\/sup>\u00a0veces la masa del Sol.<\/p>\n<p>&nbsp;<\/p>\n<p><img decoding=\"async\" loading=\"lazy\" class=\"\" src=\"https:\/\/i0.wp.com\/imgs.hipertextual.com\/wp-content\/uploads\/2022\/11\/Mapa-del-universo-observable-1.jpg?fit=2500%2C1667&amp;quality=50&amp;strip=all&amp;ssl=1\" alt=\"Un nuevo mapa del universo observable nos recuerda lo peque\u00f1os que somos\" width=\"752\" height=\"502\" \/><\/p>\n<p>&nbsp;<\/p>\n<p style=\"text-align: justify;\">Ilustraci\u00f3n del universo observable con el Sistema Solar en el centro, los planetas interiores, el cintur\u00f3n de Asteroides, los planetas exteriores, el cintur\u00f3n de Kuiper, la nube de <a href=\"#\" onclick=\"referencia('oort',event); return false;\">Oort<\/a>, Alfa Centauri, el brazo de Perseo, la Via L\u00e1ctea, Andr\u00f3meda y las galaxias cercanas, la telara\u00f1a c\u00f3smica de c\u00famulos gal\u00e1cticos, la radiaci\u00f3n de fondo de microondas y el <a href=\"#\" onclick=\"referencia('big bang',event); return false;\">Big Bang<\/a> en el borde. Sobre la masa total del universo, estos son los c\u00e1lculos actuales que, deben ser confirmados:\u00a0 en el universo hay materia suficiente para hacer 10.000.000.000.000.000.000.000 (diez mil trillones) de soles como el nuestro.<\/p>\n<p style=\"text-align: justify;\">La masa del Sol es de 2<strong>\u00d7<\/strong>10<sup>33<\/sup>\u00a0gramos. Esto significa que la cantidad total de materia en el universo tiene una masa de: 10<sup>22<\/sup><strong>\u00d7<\/strong>2<strong>\u00d7<\/strong>10<sup>33<\/sup>\u00a0\u00f3\u00a0 2<strong>\u00d7<\/strong>10<sup>55<\/sup>\u00a0gramos. Lo que podemos rese\u00f1ar:<\/p>\n<p style=\"text-align: justify;\">20.000.000.000.000.000.000.000.000.000.000.000.000.000.000.000.000.000.000, que es igual a veinte nonillones.<\/p>\n<p style=\"text-align: justify;\">\u00a0<img decoding=\"async\" loading=\"lazy\" src=\"http:\/\/upload.wikimedia.org\/wikipedia\/commons\/thumb\/d\/d5\/Tamanouniverso.PNG\/400px-Tamanouniverso.PNG\" alt=\"\" width=\"400\" height=\"136\" data-file-width=\"850\" data-file-height=\"288\" \/><\/p>\n<p style=\"text-align: justify;\">Imagen: (las magnitudes en la imagen deben desplazar el punto decimal una posici\u00f3n a la izquierda) que explica la diferencia sobre el dato de la edad del universo (1.37\u00d710<sup>10<\/sup>\u00a0a\u00f1os luz) en comparaci\u00f3n a la estimaci\u00f3n sobre el radio actual del universo observable (4.65\u00d710<sup>10<\/sup>\u00a0a\u00f1os luz). La explicaci\u00f3n de tal ser\u00eda que al mirar la radiaci\u00f3n de fondo y las galaxias m\u00e1s lejanas se observa el pasado con una mayor densidad de materia por cent\u00edmetro c\u00fabico del universo.<\/p>\n<p style=\"text-align: justify;\">\n<p><img decoding=\"async\" src=\"https:\/\/image.slidesharecdn.com\/particulassubatmicas-141017111844-conversion-gate02\/95\/particulas-subatmicas-4-638.jpg?cb=1413544805\" alt=\"La f\u00edsica de part\u00edculas y las interacciones fundamentales : Blog de Emilio  Silvera V.\" \/><\/p>\n<p style=\"text-align: justify;\">A pesar de su \u00ednfima dimensi\u00f3n, los <a href=\"#\" onclick=\"referencia('nucleones',event); return false;\">nucleones<\/a> conformados por tripletes de <a href=\"#\" onclick=\"referencia('quarks',event); return false;\">quarks<\/a> (<a href=\"#\" onclick=\"referencia('proton',event); return false;\">protones<\/a> y <a href=\"#\" onclick=\"referencia('neutron',event); return false;\">neutrones<\/a>),\u00a0 se unen a los\u00a0<a href=\"http:\/\/www.emiliosilveravazquez.com\/blog\/2013\/07\/12\/big-bang\/#\">electrones<\/a>\u00a0<a id=\"_GPLITA_52\" title=\"Click to Continue &gt; by Savings Wave\" href=\"http:\/\/www.emiliosilveravazquez.com\/blog\/2013\/07\/12\/big-bang\/#\">para<\/a>\u00a0formar los \u00e1tomos y, estos a su vez, son los que forman la materia que conforman las Galaxias del Universo y todos los demos objetos que podemos observar.<\/p>\n<p style=\"text-align: justify;\">Miremos\u00a0<a id=\"_GPLITA_53\" title=\"Click to Continue &gt; by Savings Wave\" href=\"http:\/\/www.emiliosilveravazquez.com\/blog\/2013\/07\/12\/big-bang\/#\">ahora<\/a>\u00a0al rev\u00e9s. La masa del universo est\u00e1 concentrada casi por entero en los\u00a0<a href=\"http:\/\/www.emiliosilveravazquez.com\/blog\/2013\/07\/12\/big-bang\/#\"><a href=\"#\" onclick=\"referencia('nucleones',event); return false;\">nucleones<\/a><\/a>\u00a0que contiene. Los\u00a0<a href=\"http:\/\/www.emiliosilveravazquez.com\/blog\/2013\/07\/12\/big-bang\/#\"><a href=\"#\" onclick=\"referencia('nucleones',event); return false;\">nucleones<\/a><\/a>\u00a0son part\u00edculas diminutas y hacen falta 6<strong>\u00d7<\/strong>10<sup>23\u00a0<\/sup>de ellas para formar una masa equivalente a un gramo.<\/p>\n<p style=\"text-align: justify;\">Pues\u00a0<a id=\"_GPLITA_54\" title=\"Click to Continue &gt; by Savings Wave\" href=\"http:\/\/www.emiliosilveravazquez.com\/blog\/2013\/07\/12\/big-bang\/#\">bien<\/a>, si 6\u00d720<sup>23<\/sup>\u00a0<a href=\"http:\/\/www.emiliosilveravazquez.com\/blog\/2013\/07\/12\/big-bang\/#\"><a href=\"#\" onclick=\"referencia('nucleones',event); return false;\">nucleones<\/a><\/a>\u00a0hacen 1 g, y si hay 2<strong>\u00d7<\/strong>10<sup>55<\/sup>\u00a0g en el universo, entonces el\u00a0<a id=\"_GPLITA_55\" title=\"Click to Continue &gt; by Savings Wave\" href=\"http:\/\/www.emiliosilveravazquez.com\/blog\/2013\/07\/12\/big-bang\/#\">n\u00famero<\/a>\u00a0total de\u00a0<a href=\"http:\/\/www.emiliosilveravazquez.com\/blog\/2013\/07\/12\/big-bang\/#\"><a href=\"#\" onclick=\"referencia('nucleones',event); return false;\">nucleones<\/a><\/a>\u00a0en el universo podr\u00eda ser de 6<strong>\u00d7<\/strong>10<sup>23<\/sup><strong>\u00d7<\/strong>2\u00d710<sup>55<\/sup>\u00a0\u00f3 12<strong>\u00d7<\/strong>10<sup>78<\/sup>, que de manera m\u00e1s convencional se escribir\u00eda 1,2<strong>\u00d7<\/strong>10<sup>79<\/sup>.<\/p>\n<p>&nbsp;<\/p>\n<p style=\"text-align: justify;\"><img decoding=\"async\" loading=\"lazy\" src=\"http:\/\/upload.wikimedia.org\/wikipedia\/commons\/thumb\/2\/24\/Arthur_Stanley_Eddington.jpg\/220px-Arthur_Stanley_Eddington.jpg\" alt=\"\" width=\"220\" height=\"281\" \/><\/p>\n<p style=\"text-align: justify;\">\u00a0 \u00a0 \u00a0 \u00a0 \u00a0 \u00a0 \u00a0 \u00a0<strong>\u00a0 Eddintong<\/strong><\/p>\n<p style=\"text-align: justify;\">En uno de mis trabajos que se titulaba los grandes n\u00fameros del Universo, se habl\u00f3 de como Arthur Stanley Eddington, un extraordinario cient\u00edfico que hab\u00eda sido el primero en descubrir c\u00f3mo se alimentaban las estrellas a partir de reacciones nucleares. Tambi\u00e9n\u00a0 hizo importantes contribuciones a nuestra comprensi\u00f3n de las galaxias, escribi\u00f3 la primera exposici\u00f3n sistem\u00e1tica de la teor\u00eda de la\u00a0<a href=\"http:\/\/www.emiliosilveravazquez.com\/blog\/2013\/06\/30\/%C2%A1los-grandes-numeros-del-universo\/#\"><a href=\"#\" onclick=\"referencia('relatividad',event); return false;\">relatividad<\/a><\/a>\u00a0general de\u00a0<a href=\"http:\/\/www.emiliosilveravazquez.com\/blog\/2013\/06\/30\/%C2%A1los-grandes-numeros-del-universo\/#\"><a href=\"#\" onclick=\"referencia('einstein',event); return false;\">Einstein<\/a><\/a>\u00a0y fue el responsable de la expedici\u00f3n que durante un eclipse de Sol, pudo confirmar con certeza la predicci\u00f3n de la\u00a0<a href=\"http:\/\/www.emiliosilveravazquez.com\/blog\/2013\/06\/30\/%C2%A1los-grandes-numeros-del-universo\/#\"><a href=\"#\" onclick=\"referencia('relatividad',event); return false;\">relatividad<\/a><\/a>\u00a0general que deber\u00eda desviar la luz estelar que ven\u00eda hacia la Tierra en aproximadamente 1\u201975 segundos de arco cuando pasaba cerca de la superficie solar, cuyo espacio estar\u00eda curvado debido a la gravedad generada por la masa del Sol. En aquella expedici\u00f3n, el equipo de Eddington hizo una exitosa medici\u00f3n del fen\u00f3meno desde la isla Pr\u00edncipe, que confirm\u00f3 que\u00a0<a href=\"http:\/\/www.emiliosilveravazquez.com\/blog\/2013\/06\/30\/%C2%A1los-grandes-numeros-del-universo\/#\"><a href=\"#\" onclick=\"referencia('einstein',event); return false;\">Einstein<\/a><\/a> ten\u00eda raz\u00f3n y que su teor\u00eda predec\u00eda de manera exacta la medida de curvatura del espacio en funci\u00f3n de la masa del objeto estelar que genera la gravitaci\u00f3n distorsionando el espacio-tiempo a su alrededor.<\/p>\n<p><strong>El gran n\u00famero de Eddintong:<\/strong><\/p>\n<p><img decoding=\"async\" loading=\"lazy\" class=\"\" src=\"https:\/\/i.imgur.com\/mreMPTl.png\" width=\"723\" height=\"207\" \/><\/p>\n<p style=\"text-align: justify;\"><img decoding=\"async\" loading=\"lazy\" class=\"\" src=\"https:\/\/i.imgur.com\/WTIDiCN.png\" width=\"716\" height=\"51\" \/><\/p>\n<p>&nbsp;<\/p>\n<p><img decoding=\"async\" src=\"https:\/\/culturacientifica.com\/app\/uploads\/2022\/11\/png.png\" alt=\"Einstein y Arthur Eddington \u2014 Cuaderno de Cultura Cient\u00edfica\" \/><\/p>\n<p style=\"text-align: justify;\">\u00a0 \u00a0 \u00a0 \u00a0 \u00a0 \u00a0 En la imagen, tomada en Leiden en 1923, podemos ver de arriba abajo y de izquierda a derecha a Albert <a href=\"#\" onclick=\"referencia('einstein',event); return false;\">Einstein<\/a>,\u00a0<a href=\"https:\/\/culturacientifica.com\/2022\/08\/02\/einstein-y-paul-ehrenfest\/\">Paul Ehrenfest<\/a>,\u00a0<a href=\"https:\/\/culturacientifica.com\/2022\/06\/14\/einstein-y-willem-de-sitter\/\">Willem de Sitter<\/a>, Arthur Eddington y\u00a0<a href=\"https:\/\/culturacientifica.com\/2022\/08\/23\/einstein-y-hendrik-lorentz\/\">Hendrik Lorentz<\/a>. Fuente:<\/p>\n<p style=\"text-align: justify;\"><strong>Wikimedia Commons<\/strong><\/p>\n<p style=\"text-align: justify;\">Entre los n\u00fameros que Eddington consideraba de importancia primordial estaba al que ahora conocemos como\u00a0<strong>n\u00famero de Eddington<\/strong>, que es igual al n\u00famero de <a href=\"#\" onclick=\"referencia('proton',event); return false;\">protones<\/a> en el universo visible. Eddington calcul\u00f3 (a mano) este n\u00famero con enorme precisi\u00f3n en un crucero trasatl\u00e1ntico, sentado en cubierta, con libreta y l\u00e1piz en la mano, tras calcular concienzudamente, m\u00e1s arriba queda rese\u00f1ado.<\/p>\n<p>&nbsp;<\/p>\n<p style=\"text-align: justify;\"><img decoding=\"async\" loading=\"lazy\" id=\"irc_mi\" src=\"http:\/\/nadamasquelaverdad.files.wordpress.com\/2011\/01\/universo-vivo.png\" alt=\"\" width=\"543\" height=\"393\" \/><\/p>\n<p>&nbsp;<\/p>\n<p style=\"text-align: justify;\">Los astr\u00f3nomos opinan que el 90 por 100 de los \u00e1tomos de universo son hidr\u00f3geno, el 9 por 100 helio y el 1 por 100 elementos m\u00e1s complejos.\u00a0 Una muestra de 100 gramos, o mejor 100 \u00e1tomos, consistir\u00eda entonces en 90 \u00e1tomos de hidr\u00f3geno, 9 de helio y 1 de ox\u00edgeno (por ejemplo). Los n\u00facleos de los \u00e1tomos de hidr\u00f3geno contendr\u00edan 1\u00a0<a href=\"http:\/\/www.emiliosilveravazquez.com\/blog\/2013\/07\/12\/big-bang\/#\"><a href=\"#\" onclick=\"referencia('nucleones',event); return false;\">nucle\u00f3n<\/a><\/a>\u00a0<a id=\"_GPLITA_56\" title=\"Click to Continue &gt; by Savings Wave\" href=\"http:\/\/www.emiliosilveravazquez.com\/blog\/2013\/07\/12\/big-bang\/#\">cada<\/a>\u00a0uno: 1\u00a0<a href=\"http:\/\/www.emiliosilveravazquez.com\/blog\/2013\/07\/12\/big-bang\/#\"><a href=\"#\" onclick=\"referencia('proton',event); return false;\">prot\u00f3n<\/a><\/a>. Los n\u00facleos de los \u00e1tomos de helio contendr\u00edan 4\u00a0<a href=\"http:\/\/www.emiliosilveravazquez.com\/blog\/2013\/07\/12\/big-bang\/#\"><a href=\"#\" onclick=\"referencia('nucleones',event); return false;\">nucleones<\/a><\/a>\u00a0cada uno: 2\u00a0<a href=\"http:\/\/www.emiliosilveravazquez.com\/blog\/2013\/07\/12\/big-bang\/#\">protones<\/a>\u00a0y 2\u00a0<a href=\"http:\/\/www.emiliosilveravazquez.com\/blog\/2013\/07\/12\/big-bang\/#\">neutrones<\/a>. El n\u00facleo del \u00e1tomo de ox\u00edgeno contendr\u00eda 16\u00a0<a href=\"http:\/\/www.emiliosilveravazquez.com\/blog\/2013\/07\/12\/big-bang\/#\"><a href=\"#\" onclick=\"referencia('nucleones',event); return false;\">nucleones<\/a><\/a>: 8\u00a0<a href=\"http:\/\/www.emiliosilveravazquez.com\/blog\/2013\/07\/12\/big-bang\/#\">protones<\/a>\u00a0y 8\u00a0<a href=\"http:\/\/www.emiliosilveravazquez.com\/blog\/2013\/07\/12\/big-bang\/#\">neutrones<\/a>. Los 100 \u00e1tomos juntos contendr\u00edan, por tanto, 145\u00a0<a href=\"http:\/\/www.emiliosilveravazquez.com\/blog\/2013\/07\/12\/big-bang\/#\"><a href=\"#\" onclick=\"referencia('nucleones',event); return false;\">nucleones<\/a><\/a>: 116\u00a0<a href=\"http:\/\/www.emiliosilveravazquez.com\/blog\/2013\/07\/12\/big-bang\/#\">protones<\/a>\u00a0y 26\u00a0<a href=\"http:\/\/www.emiliosilveravazquez.com\/blog\/2013\/07\/12\/big-bang\/#\">neutrones<\/a>.<\/p>\n<p style=\"text-align: justify;\">Existe una diferencia\u00a0<a id=\"_GPLITA_57\" title=\"Click to Continue &gt; by Savings Wave\" href=\"http:\/\/www.emiliosilveravazquez.com\/blog\/2013\/07\/12\/big-bang\/#\">entre<\/a>\u00a0estos dos tipos de\u00a0<a href=\"http:\/\/www.emiliosilveravazquez.com\/blog\/2013\/07\/12\/big-bang\/#\"><a href=\"#\" onclick=\"referencia('nucleones',event); return false;\">nucleones<\/a><\/a>. El\u00a0<a href=\"http:\/\/www.emiliosilveravazquez.com\/blog\/2013\/07\/12\/big-bang\/#\"><a href=\"#\" onclick=\"referencia('neutron',event); return false;\">neutr\u00f3n<\/a><\/a>\u00a0no tiene carga el\u00e9ctrica y no es preciso considerar ninguna part\u00edcula que lo acompa\u00f1e. Pero el\u00a0<a href=\"http:\/\/www.emiliosilveravazquez.com\/blog\/2013\/07\/12\/big-bang\/#\"><a href=\"#\" onclick=\"referencia('proton',event); return false;\">prot\u00f3n<\/a><\/a>\u00a0tiene una carga el\u00e9ctrica positiva, y como el universo es, seg\u00fan creemos, el\u00e9ctricamente neutro en su conjunto, tiene que existir un\u00a0<a href=\"http:\/\/www.emiliosilveravazquez.com\/blog\/2013\/07\/12\/big-bang\/#\">electr\u00f3n<\/a>(con carga el\u00e9ctrica negativa) por cada\u00a0<a href=\"http:\/\/www.emiliosilveravazquez.com\/blog\/2013\/07\/12\/big-bang\/#\"><a href=\"#\" onclick=\"referencia('proton',event); return false;\">prot\u00f3n<\/a><\/a>, creando as\u00ed el equilibrio existente.<\/p>\n<p style=\"text-align: justify;\">De\u00a0<a id=\"_GPLITA_58\" title=\"Click to Continue &gt; by Savings Wave\" href=\"http:\/\/www.emiliosilveravazquez.com\/blog\/2013\/07\/12\/big-bang\/#\">esta<\/a>\u00a0manera, por cada 142\u00a0<a href=\"http:\/\/www.emiliosilveravazquez.com\/blog\/2013\/07\/12\/big-bang\/#\"><a href=\"#\" onclick=\"referencia('nucleones',event); return false;\">nucleones<\/a><\/a>\u00a0hay 116\u00a0<a href=\"http:\/\/www.emiliosilveravazquez.com\/blog\/2013\/07\/12\/big-bang\/#\">electrones<\/a>\u00a0(<a id=\"_GPLITA_59\" title=\"Click to Continue &gt; by Savings Wave\" href=\"http:\/\/www.emiliosilveravazquez.com\/blog\/2013\/07\/12\/big-bang\/#\">para<\/a>\u00a0compensar los 116\u00a0<a href=\"http:\/\/www.emiliosilveravazquez.com\/blog\/2013\/07\/12\/big-bang\/#\">protones<\/a>). Para mantener la proporci\u00f3n, los 1\u20192\u00d710<sup>79<\/sup>\u00a0<a href=\"http:\/\/www.emiliosilveravazquez.com\/blog\/2013\/07\/12\/big-bang\/#\"><a href=\"#\" onclick=\"referencia('nucleones',event); return false;\">nucleones<\/a><\/a>\u00a0del universo tienen que ir acompa\u00f1ados de 1\u00d710<sup>78<\/sup><a href=\"http:\/\/www.emiliosilveravazquez.com\/blog\/2013\/07\/12\/big-bang\/#\">electrones<\/a>. Sumando los\u00a0<a href=\"http:\/\/www.emiliosilveravazquez.com\/blog\/2013\/07\/12\/big-bang\/#\"><a href=\"#\" onclick=\"referencia('nucleones',event); return false;\">nucleones<\/a><\/a>\u00a0y\u00a0<a href=\"http:\/\/www.emiliosilveravazquez.com\/blog\/2013\/07\/12\/big-bang\/#\">electrones<\/a>, tenemos un\u00a0<a id=\"_GPLITA_60\" title=\"Click to Continue &gt; by Savings Wave\" href=\"http:\/\/www.emiliosilveravazquez.com\/blog\/2013\/07\/12\/big-bang\/#\">n\u00famero<\/a>\u00a0total de 2\u20192\u00d710<sup>79<\/sup>\u00a0de part\u00edculas de materia en el universo visible y que podemos comprobar. Lo cual se\u00a0<a id=\"_GPLITA_61\" title=\"Click to Continue &gt; by Savings Wave\" href=\"http:\/\/www.emiliosilveravazquez.com\/blog\/2013\/07\/12\/big-bang\/#\">puede<\/a>\u00a0escribir como:<\/p>\n<blockquote>\n<p style=\"text-align: justify;\"><strong> 22.000.000.000.000.000.000.000.000.000.000.000.000.000.000.000.000.000.000.000.000.000.000.000.000.000.000 (\u00f3 22 tredecillones).<\/strong><\/p>\n<p>&nbsp;<\/p><\/blockquote>\n<p style=\"text-align: justify;\"><img decoding=\"async\" loading=\"lazy\" class=\"\" src=\"https:\/\/formuladefisica.com\/wp-content\/uploads\/2022\/08\/El-telescopio-espacial-James-Webb-captura-el-cumulo-de-galaxias-SMACS-0723.png\" alt=\"El telescopio espacial James Webb captura el c\u00famulo de galaxias SMACS 0723  - F\u00f3rmula de f\u00edsica\" width=\"713\" height=\"401\" \/><\/p>\n<h1 class=\"elementor-heading-title elementor-size-default\" style=\"text-align: justify;\">El telescopio espacial James Webb captura el c\u00famulo de galaxias SMACS 0723. Cada vez m\u00e1s n\u00edtido y m\u00e1s lejos<\/h1>\n<p>&nbsp;<\/p>\n<p>&nbsp;<\/p>\n<p style=\"text-align: justify;\">La grandeza de nuestro Universo\u00a0<a id=\"_GPLITA_62\" title=\"Click to Continue &gt; by Savings Wave\" href=\"http:\/\/www.emiliosilveravazquez.com\/blog\/2013\/07\/12\/big-bang\/#\">tiene<\/a>\u00a0su origen en las min\u00fasculas part\u00edculas que conforman la materia, en las interacciones fundamentales\u00a0que rigen las leyes y, en las constantes universales que indican c\u00f3mo deben ser las cosas: la velocidad de la luz, la masa del\u00a0<a href=\"http:\/\/www.emiliosilveravazquez.com\/blog\/2013\/07\/12\/big-bang\/#\">electr\u00f3n<\/a>, la constante de estructura fina\u2026<\/p>\n<p style=\"text-align: justify;\">De las dem\u00e1s part\u00edculas, las \u00fanicas que existen en cantidades importantes en el universo son los\u00a0<a href=\"http:\/\/www.emiliosilveravazquez.com\/blog\/2013\/07\/12\/big-bang\/#\"><a href=\"#\" onclick=\"referencia('foton',event); return false;\">fotones<\/a><\/a>, los\u00a0<a href=\"http:\/\/www.emiliosilveravazquez.com\/blog\/2013\/07\/12\/big-bang\/#\">neutrinos<\/a>\u00a0y posiblemente los\u00a0<a href=\"http:\/\/www.emiliosilveravazquez.com\/blog\/2013\/07\/12\/big-bang\/#\"><a href=\"#\" onclick=\"referencia('graviton',event); return false;\">gravitones<\/a><\/a>, pero son part\u00edculas sin masa. Veintid\u00f3s tredecillones es, despu\u00e9s de todo, un\u00a0<a id=\"_GPLITA_63\" title=\"Click to Continue &gt; by Savings Wave\" href=\"http:\/\/www.emiliosilveravazquez.com\/blog\/2013\/07\/12\/big-bang\/#\">n\u00famero<\/a>\u00a0apreciable para un universo de importancia.<\/p>\n<p style=\"text-align: justify;\">\n<div style=\"text-align: justify;\" data-item-id=\"10NXct6EWqwFGM:\" data-ved=\"2ahUKEwi5kMHu__7iAhUE8hQKHWP6BfEQxiAoAXoECAEQEg\"><\/div>\n<div style=\"text-align: justify;\" data-item-id=\"Ou4dh2ts8-m-7M:\" data-ved=\"2ahUKEwi5kMHu__7iAhUE8hQKHWP6BfEQxiAoAnoECAEQEw\"><\/div>\n<div style=\"text-align: justify;\" data-item-id=\"PZq27aa7xf7pMM:\" data-ved=\"2ahUKEwi5kMHu__7iAhUE8hQKHWP6BfEQxiAoA3oECAEQFA\"><\/div>\n<div style=\"text-align: justify;\" data-item-id=\"goCXclZOEHhSxM:\" data-ved=\"2ahUKEwi5kMHu__7iAhUE8hQKHWP6BfEQxiAoBHoECAEQFQ\"><\/div>\n<div style=\"text-align: justify;\" data-item-id=\"WcM-lRrDeTsFrM:\" data-ved=\"2ahUKEwi5kMHu__7iAhUE8hQKHWP6BfEQxiAoBXoECAEQFg\"><\/div>\n<div style=\"text-align: justify;\" data-item-id=\"G4uFJuT4NaJO9M:\" data-ved=\"2ahUKEwi5kMHu__7iAhUE8hQKHWP6BfEQxiAoBnoECAEQFw\"><\/div>\n<div style=\"text-align: justify;\" data-item-id=\"Uylzprq7NretgM:\"><a href=\"https:\/\/www.google.com\/search?q=La+expansi%C3%B3n+del+universo&amp;tbm=isch&amp;tbs=rimg:Cf0aJMQjhH1IIjjXQ1dy3oRarDruHYdrbPPpPZq27aa7xf6CgJdyVk4QeFnDPpUaw3k7G4uFJuT4NaJTKXOmurs2tyoSCddDV3LehFqsEXIcUPLYW-ZiKhIJOu4dh2ts8-kRQnVLWUmypSoqEgk9mrbtprvF_1hHHGpZ8gNkoZSoSCYKAl3JWThB4ET4VeqvTwNBfKhIJWcM-lRrDeTsR8b8VofjX5VwqEgkbi4Um5Pg1ohGo8dZdul6BdCoSCVMpc6a6uza3EYmdB7cx0PIu&amp;tbo=u&amp;sa=X&amp;ved=2ahUKEwi5kMHu__7iAhUE8hQKHWP6BfEQ9C96BAgBEBg\"><img decoding=\"async\" src=\"https:\/\/encrypted-tbn0.gstatic.com\/images?q=tbn:ANd9GcReoRJcmegvzbiOsEyJ0EeWh397w_-4TBLTaBZuYwHmkK0bvVux\" alt=\"Imagen relacionada\" data-iml=\"1561272113077\" \/><\/a><\/div>\n<div data-item-id=\"Uylzprq7NretgM:\"><img decoding=\"async\" loading=\"lazy\" class=\"\" src=\"https:\/\/i.ytimg.com\/vi\/J_26UTnzTQg\/hq720.jpg?sqp=-oaymwEhCK4FEIIDSFryq4qpAxMIARUAAAAAGAElAADIQj0AgKJD&amp;rs=AOn4CLDFUwRpy07ptlcPXiDEg0T3TzgCEg\" alt=\"Las GALAXIAS m\u00e1s EXTRA\u00d1AS jam\u00e1s descubiertas.\" width=\"398\" height=\"224\" \/><img decoding=\"async\" loading=\"lazy\" class=\"\" src=\"https:\/\/uvn-brightspot.s3.amazonaws.com\/assets\/vixes\/btg\/curiosidades.batanga.com\/files\/10-hermosas-y-extranas-galaxias-en-fotos-que-tienes-que-ver-ya-mismo-3.jpg\" alt=\"10 fotos de hermosas y extra\u00f1as galaxias que tienes que ver ya mismo |  Explora | Univision\" width=\"334\" height=\"221\" \/><img decoding=\"async\" loading=\"lazy\" class=\"\" src=\"https:\/\/s1.elespanol.com\/2019\/08\/02\/actualidad\/actualidad_418469879_131481155_854x640.jpg\" alt=\"C\u00f3mo se consiguen fotos a color del espacio\" width=\"414\" height=\"310\" \/><img decoding=\"async\" loading=\"lazy\" class=\"\" src=\"https:\/\/uvn-brightspot.s3.amazonaws.com\/assets\/vixes\/g\/gsfc_20171208_archive_e001885_large.jpg\" alt=\"Estas espectaculares im\u00e1genes de la NASA retratan lo m\u00e1s hermoso y  escalofriante del universo | Explora | Univision\" width=\"308\" height=\"312\" \/><\/div>\n<p style=\"text-align: justify;\">\u00a0\u00a0\u00a0\u00a0\u00a0\u00a0\u00a0\u00a0\u00a0\u00a0<strong>\u00a0\u00a0\u00a0 Si no se explican estas im\u00e1genes&#8230; \u00bfQui\u00e9n podr\u00eda decir lo que cada una de ellas es?<\/strong><\/p>\n<p style=\"text-align: justify;\">Una historia que circula por Internet desde hace muchos a\u00f1os\u00a0<a id=\"_GPLITA_64\" title=\"Click to Continue &gt; by Savings Wave\" href=\"http:\/\/www.emiliosilveravazquez.com\/blog\/2013\/07\/12\/big-bang\/#\">cuenta<\/a>\u00a0que nuestro Sol forma parte de las Pl\u00e9yades, que son un grupo de estrellas muy j\u00f3venes que se encuentran a 450 a\u00f1os luz de la Tierra y que pertenecen a la constelaci\u00f3n de Tauro. Este grupo de estrellas gira alrededor de Alcyon, la estrella m\u00e1s grande del grupo. El Sol tardar\u00eda 24.000 a\u00f1os en completar una \u00f3rbita completa alrededor de Alcyon. Alrededor de esta estrella existir\u00eda un anillo de\u00a0<a href=\"http:\/\/www.emiliosilveravazquez.com\/blog\/2013\/07\/12\/big-bang\/#\"><a href=\"#\" onclick=\"referencia('foton',event); return false;\">fotones<\/a><\/a>\u00a0que ser\u00eda atravesado dos veces por el Sol en cada \u00f3rbita, tardando cada vez 2000 a\u00f1os. Durante estos 2.000 a\u00f1os nuestro planeta estar\u00e1 continuamente bajo una iluminaci\u00f3n omnidireccional permanente, que no producir\u00e1 sombras. Los efectos de esta radiaci\u00f3n fot\u00f3nica ser\u00edan\u00a0<a id=\"_GPLITA_65\" title=\"Click to Continue &gt; by Savings Wave\" href=\"http:\/\/www.emiliosilveravazquez.com\/blog\/2013\/07\/12\/big-bang\/#\">entre<\/a>\u00a0otros el de la aparici\u00f3n de una nueva glaciaci\u00f3n, disminuci\u00f3n de la velocidad de rotaci\u00f3n de la Tierra y cambio del eje de rotaci\u00f3n.<\/p>\n<p style=\"text-align: justify;\">Nadie sabe de d\u00f3nde vino la sustancia del universo, no siempre la ciencia puede dar respuesta a todo, es la manera de regular los sistemas para obtener respuestas tras el duro\u00a0<a id=\"_GPLITA_66\" title=\"Click to Continue &gt; by Savings Wave\" href=\"http:\/\/www.emiliosilveravazquez.com\/blog\/2013\/07\/12\/big-bang\/#\">trabajo<\/a>\u00a0del estudio, la investigaci\u00f3n y el experimento. Hasta el momento nos falta informaci\u00f3n para contestar la pregunta.<\/p>\n<p>&nbsp;<\/p>\n<p style=\"text-align: justify;\">\u00a0<img decoding=\"async\" id=\"il_fi\" src=\"http:\/\/3.bp.blogspot.com\/_8xwT5QKJ_8w\/TPGrZp9IEyI\/AAAAAAAAmZw\/6dOQqUuBpg8\/s320\/condensado+bose+einstein+%3Ca%20href=\" alt=\"\" \/><\/p>\n<p style=\"text-align: justify;\">\u00a0\u00a0\u00a0\u00a0\u00a0\u00a0\u00a0<strong>\u00a0\u00a0\u00a0\u00a0\u00a0\u00a0 El d\u00eda que lleguemos a saber lo que encierran los forones\u2026nos podemos llevar una gran sorpresa<\/strong><\/p>\n<blockquote><p>\u201cLa respuesta pod\u00eda estar en la existencia de \u201cenerg\u00eda negativa\u201d que igualara la \u201cenerg\u00eda positiva\u201d ordinaria, pero con la particularidad de que cantidades iguales de ambos se unir\u00edan\u00a0<a id=\"_GPLITA_67\" title=\"Click to Continue &gt; by Savings Wave\" href=\"http:\/\/www.emiliosilveravazquez.com\/blog\/2013\/07\/12\/big-bang\/#\">para<\/a>\u00a0dar nada como resultado\u201d<\/p><\/blockquote>\n<p>&nbsp;<\/p>\n<p><img decoding=\"async\" loading=\"lazy\" class=\"\" src=\"https:\/\/encrypted-tbn0.gstatic.com\/images?q=tbn:ANd9GcT7pCuX-N21cTqYAGsLo2YRKU4Y5O3S_0n-AQ&amp;usqp=CAU\" alt=\"Ponerme en el vac\u00edo. Puntos de oraci\u00f3n. 19- 8-24\" width=\"380\" height=\"380\" \/><\/p>\n<p style=\"text-align: justify;\"><strong>\u00bfQu\u00e9 sabemos del vac\u00edo? El vac\u00edo no existe, ya que&#8230; \u00a1Siempre hay! No, no es el vac\u00edo de la imagen<\/strong><\/p>\n<p style=\"text-align: justify;\"><strong>En realidad todo podr\u00eda ser muy simple, tanto\u00a0<a id=\"_GPLITA_68\" title=\"Click to Continue &gt; by Savings Wave\" href=\"http:\/\/www.emiliosilveravazquez.com\/blog\/2013\/07\/12\/big-bang\/#\">como<\/a>\u00a0+ 1 \u2013 1 = 0<\/strong><\/p>\n<p style=\"text-align: justify;\"><strong><em>Diversas fuentes y pesquisas han podido lograr que el presente trabajo vea la luz y sea publicado aqu\u00ed.<\/em><\/strong><\/p>\n<p style=\"text-align: justify;\"><strong>Emilio Silvera V\u00e1zquez<\/strong><\/p>\n<div class='bookmark'>\r\n\t\t<table align='left' border='0' cellpadding='0' width='100%'>\r\n\t\t<tr><td><span class='pushbutton'><a href='http:\/\/delicious.com\/post?url=https%3A%2F%2Fwww.emiliosilveravazquez.com%2Fblog%2F2024%2F11%2F11%2F%25c2%25bfde-donde-surgio-todo-7%2F&amp;title=%C2%BFDe+d%C3%B3nde+surgi%C3%B3+todo%3F' title='Delicious' target='_blank' rel='nofollow'><img src='https:\/\/www.emiliosilveravazquez.com\/blog\/wp-content\/plugins\/knxdt-bookmarks-wordpress-plugin\/images\/delicious.png'  alt='' class='book_img' border='none' style='margin:1px; padding: 0;'  \/><\/a><\/span><span class='pushbutton'><a href='http:\/\/digg.com\/submit?url=https%3A%2F%2Fwww.emiliosilveravazquez.com%2Fblog%2F2024%2F11%2F11%2F%25c2%25bfde-donde-surgio-todo-7%2F&amp;title=%C2%BFDe+d%C3%B3nde+surgi%C3%B3+todo%3F' title='Digg' target='_blank' rel='nofollow'><img src='https:\/\/www.emiliosilveravazquez.com\/blog\/wp-content\/plugins\/knxdt-bookmarks-wordpress-plugin\/images\/digg.png'  alt='' class='book_img' border='none' style='margin:1px; padding: 0;'  \/><\/a><\/span><span class='pushbutton'><a href='http:\/\/www.google.com\/bookmarks\/mark?op=edit&amp;bkmk=https%3A%2F%2Fwww.emiliosilveravazquez.com%2Fblog%2F2024%2F11%2F11%2F%25c2%25bfde-donde-surgio-todo-7%2F&amp;title=%C2%BFDe+d%C3%B3nde+surgi%C3%B3+todo%3F' title='Google' target='_blank' rel='nofollow'><img src='https:\/\/www.emiliosilveravazquez.com\/blog\/wp-content\/plugins\/knxdt-bookmarks-wordpress-plugin\/images\/google.png'   alt='' class='book_img' border='none' style='margin:1px; padding: 0;'  \/><\/a><\/span><span class='pushbutton'><a href='http:\/\/myweb2.search.yahoo.com\/myresults\/bookmarklet?u=https%3A%2F%2Fwww.emiliosilveravazquez.com%2Fblog%2F2024%2F11%2F11%2F%25c2%25bfde-donde-surgio-todo-7%2F&amp;t=%C2%BFDe+d%C3%B3nde+surgi%C3%B3+todo%3F' title='Yahoo' target='_blank' rel='nofollow'><img src='https:\/\/www.emiliosilveravazquez.com\/blog\/wp-content\/plugins\/knxdt-bookmarks-wordpress-plugin\/images\/yahoo.png'  alt='' class='book_img' border='none' style='margin:1px; padding: 0;'  \/><\/a><\/span><span class='pushbutton'><a href='http:\/\/www.technorati.com\/faves?add=https%3A%2F%2Fwww.emiliosilveravazquez.com%2Fblog%2F2024%2F11%2F11%2F%25c2%25bfde-donde-surgio-todo-7%2F' title='Technorati' target='_blank' rel='nofollow'><img src='https:\/\/www.emiliosilveravazquez.com\/blog\/wp-content\/plugins\/knxdt-bookmarks-wordpress-plugin\/images\/technorati.png'  alt='' class='book_img' border='none' style='margin:1px; padding: 0;'  \/><\/a><\/span><span class='pushbutton'><a href='http:\/\/meneame.net\/submit.php?url=https%3A%2F%2Fwww.emiliosilveravazquez.com%2Fblog%2F2024%2F11%2F11%2F%25c2%25bfde-donde-surgio-todo-7%2F' title='Meneame' target='_blank' rel='nofollow'><img src='https:\/\/www.emiliosilveravazquez.com\/blog\/wp-content\/plugins\/knxdt-bookmarks-wordpress-plugin\/images\/meneame.png'  alt='' class='book_img' border='none' style='margin:1px; padding: 0;'  \/><\/a><\/span><span class='pushbutton'><a href='http:\/\/enchilame.com\/submit.php?url=https:\/\/www.emiliosilveravazquez.com\/blog\/2024\/11\/11\/%c2%bfde-donde-surgio-todo-7\/' target='_blank' rel='nofollow'><img title='Enchilame' src='https:\/\/www.emiliosilveravazquez.com\/blog\/wp-content\/plugins\/knxdt-bookmarks-wordpress-plugin\/images\/enchilame.png'  alt='' class='book_img' border='none' style='margin:1px; padding: 0;'  \/><\/a><\/span><span class='pushbutton'><a href='http:\/\/www.blinklist.com\/index.php?Action=Blink\/addblink.php&amp;Description=&amp;Url=https%3A%2F%2Fwww.emiliosilveravazquez.com%2Fblog%2F2024%2F11%2F11%2F%25c2%25bfde-donde-surgio-todo-7%2F&amp;title=%C2%BFDe+d%C3%B3nde+surgi%C3%B3+todo%3F' title='BlinkList' target='_blank' rel='nofollow'><img src='https:\/\/www.emiliosilveravazquez.com\/blog\/wp-content\/plugins\/knxdt-bookmarks-wordpress-plugin\/images\/blinklist.png'  alt='' class='book_img' border='none' style='margin:1px; padding: 0;'  \/><\/a><\/span><span class='pushbutton'><a href='http:\/\/reddit.com\/submit?url=https%3A%2F%2Fwww.emiliosilveravazquez.com%2Fblog%2F2024%2F11%2F11%2F%25c2%25bfde-donde-surgio-todo-7%2F&amp;title=%C2%BFDe+d%C3%B3nde+surgi%C3%B3+todo%3F' title='Reddit' target='_blank' rel='nofollow'><img src='https:\/\/www.emiliosilveravazquez.com\/blog\/wp-content\/plugins\/knxdt-bookmarks-wordpress-plugin\/images\/reddit.png'  alt='' class='book_img' border='none' style='margin:1px; padding: 0;'  \/><\/a><\/span><span class='pushbutton'><a href='http:\/\/www.tecnologiadiaria.com\/2009\/07\/abrir-com-hotmail-correo.html' target='_blank' title='hotmail'><img src='https:\/\/www.emiliosilveravazquez.com\/blog\/wp-content\/plugins\/knxdt-bookmarks-wordpress-plugin\/images\/linklove.png' alt='hotmail correo' class='book_img' border='none' style='margin:1px; padding: 0;' \/><\/a><\/span><span class='pushbutton'><a href='http:\/\/bitacoras.com\/votar\/anotacion\/externo\/mini\/www.emiliosilveravazquez.com\/blog\/2024\/11\/11\/%c2%bfde-donde-surgio-todo-7\/' title='Bitacoras.com' target='_blank' rel='nofollow'><img src='https:\/\/www.emiliosilveravazquez.com\/blog\/wp-content\/plugins\/knxdt-bookmarks-wordpress-plugin\/images\/bitacoras.png'  alt='' class='book_img' border='none' style='margin:1px; padding: 0;'  \/><\/a><\/span><span class='pushbutton'><a href='http:\/\/www.wikio.es\/vote?url=https%3A%2F%2Fwww.emiliosilveravazquez.com%2Fblog%2F2024%2F11%2F11%2F%25c2%25bfde-donde-surgio-todo-7%2F' title='Wikio' target='_blank' rel='nofollow'><img src='https:\/\/www.emiliosilveravazquez.com\/blog\/wp-content\/plugins\/knxdt-bookmarks-wordpress-plugin\/images\/wikio.png'   alt='' class='book_img' border='none' style='margin:1px; padding: 0;'   \/><\/a><\/span><span class='pushbutton'><a href='http:\/\/friendfeed.com\/?url=https%3A%2F%2Fwww.emiliosilveravazquez.com%2Fblog%2F2024%2F11%2F11%2F%25c2%25bfde-donde-surgio-todo-7%2F&amp;title=%C2%BFDe+d%C3%B3nde+surgi%C3%B3+todo%3F' title='Friend Feed' target='_blank' rel='nofollow'><img src='https:\/\/www.emiliosilveravazquez.com\/blog\/wp-content\/plugins\/knxdt-bookmarks-wordpress-plugin\/images\/friendfeed.png'  alt='' class='book_img' border='none' style='margin:1px; padding: 0;'  \/><\/a><\/span><span class='pushbutton'><a href='http:\/\/www.facebook.com\/share.php?u=https%3A%2F%2Fwww.emiliosilveravazquez.com%2Fblog%2F2024%2F11%2F11%2F%25c2%25bfde-donde-surgio-todo-7%2F&amp;t=%C2%BFDe+d%C3%B3nde+surgi%C3%B3+todo%3F' title='Facebook' target='_blank' rel='nofollow'><img src='https:\/\/www.emiliosilveravazquez.com\/blog\/wp-content\/plugins\/knxdt-bookmarks-wordpress-plugin\/images\/facebook.png'  alt='' class='book_img' border='none' style='margin:1px; padding: 0;'  \/><\/a><\/span><span class='pushbutton'><a href='http:\/\/twitter.com\/home?status=%C2%BFDe+d%C3%B3nde+surgi%C3%B3+todo%3F: https%3A%2F%2Fwww.emiliosilveravazquez.com%2Fblog%2F2024%2F11%2F11%2F%25c2%25bfde-donde-surgio-todo-7%2F' title='Twitter' target='_blank' rel='nofollow'><img src='https:\/\/www.emiliosilveravazquez.com\/blog\/wp-content\/plugins\/knxdt-bookmarks-wordpress-plugin\/images\/twitter.png'  alt='' class='book_img' border='none' style='margin:1px; padding: 0;'  \/><\/a><\/span><span class='pushbutton'><a href='http:\/\/www.feedburner.com\/fb\/a\/emailFlare?itemTitle=%C2%BFDe+d%C3%B3nde+surgi%C3%B3+todo%3F&amp;uri=https%3A%2F%2Fwww.emiliosilveravazquez.com%2Fblog%2F2024%2F11%2F11%2F%25c2%25bfde-donde-surgio-todo-7%2F' title='Enviar por Email' target='_blank' rel='nofollow'><img src='https:\/\/www.emiliosilveravazquez.com\/blog\/wp-content\/plugins\/knxdt-bookmarks-wordpress-plugin\/images\/email.png'  alt='' class='book_img' border='none' style='margin:1px; padding: 0;'  \/><\/a><\/span><span style='font-weight:bold; padding-left: 5px;'><a href='http:\/\/wordpress.org\/extend\/plugins\/knxdt-bookmarks-wordpress-plugin\/' title='Plugin' rel='nofollow' target='_blank'>[?]<\/a><\/span><\/td><\/tr><\/table><br\/><br\/><\/div>","protected":false},"excerpt":{"rendered":"<p>En el Centro de la Galaxia Peque\u00f1as variaciones en las condiciones iniciales se manifiestan como grandes desviaciones en las trayectorias resultantes. &nbsp; &nbsp; El primer registro de este sistema de la estrella misteriosa se remonta a 1244 aC, escrito en un calendario (El Cairo Papiro 86637) realizado en el antiguo Egipto, en el que Algol [&hellip;]<\/p>\n","protected":false},"author":2,"featured_media":0,"comment_status":"open","ping_status":"open","sticky":false,"template":"","format":"standard","meta":{"_s2mail":"yes","footnotes":""},"categories":[197],"tags":[],"_links":{"self":[{"href":"https:\/\/www.emiliosilveravazquez.com\/blog\/wp-json\/wp\/v2\/posts\/23842"}],"collection":[{"href":"https:\/\/www.emiliosilveravazquez.com\/blog\/wp-json\/wp\/v2\/posts"}],"about":[{"href":"https:\/\/www.emiliosilveravazquez.com\/blog\/wp-json\/wp\/v2\/types\/post"}],"author":[{"embeddable":true,"href":"https:\/\/www.emiliosilveravazquez.com\/blog\/wp-json\/wp\/v2\/users\/2"}],"replies":[{"embeddable":true,"href":"https:\/\/www.emiliosilveravazquez.com\/blog\/wp-json\/wp\/v2\/comments?post=23842"}],"version-history":[{"count":0,"href":"https:\/\/www.emiliosilveravazquez.com\/blog\/wp-json\/wp\/v2\/posts\/23842\/revisions"}],"wp:attachment":[{"href":"https:\/\/www.emiliosilveravazquez.com\/blog\/wp-json\/wp\/v2\/media?parent=23842"}],"wp:term":[{"taxonomy":"category","embeddable":true,"href":"https:\/\/www.emiliosilveravazquez.com\/blog\/wp-json\/wp\/v2\/categories?post=23842"},{"taxonomy":"post_tag","embeddable":true,"href":"https:\/\/www.emiliosilveravazquez.com\/blog\/wp-json\/wp\/v2\/tags?post=23842"}],"curies":[{"name":"wp","href":"https:\/\/api.w.org\/{rel}","templated":true}]}}