{"id":23677,"date":"2026-02-11T08:03:37","date_gmt":"2026-02-11T07:03:37","guid":{"rendered":"http:\/\/www.emiliosilveravazquez.com\/blog\/?p=23677"},"modified":"2026-02-11T08:03:24","modified_gmt":"2026-02-11T07:03:24","slug":"espiritu-%e2%80%93-conciencia-%e2%80%93-el-mas-alla","status":"publish","type":"post","link":"https:\/\/www.emiliosilveravazquez.com\/blog\/2026\/02\/11\/espiritu-%e2%80%93-conciencia-%e2%80%93-el-mas-alla\/","title":{"rendered":"ESP\u00cdRITU \u2013 CONCIENCIA \u2013 EL M\u00c1S ALL\u00c1"},"content":{"rendered":"<p style=\"text-align: justify;\">\u00a0\u00a0\u00a0\u00a0\u00a0\u00a0\u00a0\u00a0 \u00a0\u00a0\u00a0\u00a0\u00a0\u00a0\u00a0\u00a0\u00a0\u00a0\u00a0\u00a0\u00a0\u00a0<img decoding=\"async\" loading=\"lazy\" src=\"https:\/\/nuestrodios.com\/wp-content\/uploads\/2017\/06\/el-espiritu-del-hombre_opt.jpg.webp\" alt=\"Resultado de imagen de El Esp\u00edritu\" width=\"484\" height=\"277\" data-iml=\"1559204898847\" \/><\/p>\n<p style=\"text-align: justify;\">\u00a0\u00a0\u00a0\u00a0\u00a0\u00a0\u00a0\u00a0\u00a0 En muchas personas el Estado Espiritual se revela lenta y gradualmente, y aunque uno pueda sentir un constante aumento de conocimiento y Conciencia espiritual, puede no haber experimentado un marcado y repentino cambio. Otros han tenido momentos, de lo que es conocido como \u201cIluminaci\u00f3n\u201d, en los cuales se cre\u00edan elevados casi fuera de su estado normal y les parec\u00eda pasar a un plano de existencia o de conciencia m\u00e1s avanzados que antes, aunque no pudieran traer\u00a0 a su conciencia un claro recuerdo de lo que hab\u00edan experimentado mientras se encontraban en ese exaltado estado de la mente. Esas experiencias han ocurrido\u00a0 a muchas personas, en diferentes formas y grados de todas las creencias doctrinarias y religiosas, y han sido generalmente asociadas con alg\u00fan aspecto particular profesada por la persona que experimentaba la Iluminaci\u00f3n. Pero distintas Filosof\u00edas, reconocen todas esas experiencias como diferentes formas de una sola y misma cosa \u2013<strong><em>el amanecer de la Conciencia Espiritua<\/em><\/strong><em>l<\/em>, y pone a uno en contacto con la totalidad de la Vida. Otro sentimiento com\u00fanmente experimentado, es el de la certeza de la inmortalidad \u2013 la certidumbre de haber siempre <em>sido<\/em>, y la de estar destinado a <em>ser<\/em> siempre.<\/p>\n<p>&nbsp;<\/p>\n<p style=\"text-align: center;\"><img decoding=\"async\" loading=\"lazy\" class=\"\" src=\"https:\/\/img.asmedia.epimg.net\/resizer\/v2\/6S3MSCSVNNC6FDDLJFN4VCOHCI.jpg?auth=a6200d62aa7ccdbba93621101587725d3d3901e62932059438492f3835db1f93&amp;width=1472&amp;height=1104&amp;smart=true\" alt=\"Los 10 personajes m\u00e1s poderosos del Cosmere de Brandon Sanderson (Parte 2) - Meristation\" width=\"591\" height=\"443\" \/><\/p>\n<p>&nbsp;<\/p>\n<p style=\"text-align: center;\"><strong>\u00a0Algunos incluso, han cre\u00eddo en la inmortalidad<\/strong><\/p>\n<p style=\"text-align: justify;\">Entonces, llegado a esta comprensi\u00f3n, un sentimiento de amor le inunda -un amor que abarca a toda la Vida, desde lo m\u00e1s cercano hasta las m\u00e1s lejanas partes del Universo \u2013 desde aquello que uno considera como puro y santo, hasta aquello que el mundo concept\u00faa completamente indigno. Ese sentimiento de propia rectitud que induce a condenar a los dem\u00e1s, desaparece, y el amor como la luz del Sol, se derrama sobre todo lo que vive, sin tener en cuenta su grado de desenvolvimiento, o bondad.<\/p>\n<p>&nbsp;<\/p>\n<p style=\"text-align: justify;\">\u00a0 \u00a0 \u00a0 \u00a0 \u00a0 \u00a0 \u00a0 \u00a0 \u00a0 \u00a0 \u00a0 \u00a0 \u00a0 \u00a0 \u00a0 \u00a0 \u00a0 \u00a0 \u00a0 \u00a0 \u00a0 \u00a0 \u00a0 \u00a0 \u00a0 \u00a0 \u00a0 \u00a0 \u00a0 \u00a0 \u00a0 \u00a0 \u00a0 \u00a0 \u00a0<img decoding=\"async\" loading=\"lazy\" class=\"\" src=\"http:\/\/www.editoriallapaz.org\/images-default-folder\/espiritu-cuerpo-630.jpg\" alt=\"Resultado de imagen de El Esp\u00edritu\" width=\"360\" height=\"480\" data-iml=\"1559204985370\" \/><\/p>\n<p>&nbsp;<\/p>\n<p style=\"text-align: justify;\">La partida al<strong> \u201cM\u00e1s All\u00e1\u201d<\/strong>, es el momento que llamamos muerte, se deja tras s\u00ed los principios inferiores y sigue adelante a estados que consideramos naturales. Primero deja tras s\u00ed el cuerpo f\u00edsico, que est\u00e1 compuesto de millones de peque\u00f1as c\u00e9lulas \u2013 peque\u00f1as vidas que poseen un rudimento de mente o inteligencia, que est\u00e1n bajo el control de la mente central del hombre, la suma de cuyas peque\u00f1as vidas constituye el cuerpo humano. La fuerza que manten\u00eda unidas las c\u00e9lulas, cuando se produce el desprendimiento del esp\u00edritu del cuerpo y se retira, quedan libres de seguir su propio camino y formar nuevas combinaciones.<\/p>\n<p>&nbsp;<\/p>\n<blockquote><p><img decoding=\"async\" loading=\"lazy\" class=\"\" src=\"https:\/\/i.pinimg.com\/originals\/02\/08\/1d\/02081db871e1f6bff838911ff0a75654.jpg\" alt=\"Lista 102+ Foto Imagen Del Alma Saliendo Del Cuerpo Actualizar\" width=\"485\" height=\"507\" \/><\/p>\n<p>&nbsp;<\/p><\/blockquote>\n<p style=\"text-align: justify;\">Cuando el Esp\u00edritu deja el cuerpo en el momento de la muerte, lleva consigo\u00a0 el peri-esp\u00edritu, que es la exacta contraparte del cuerpo f\u00edsico, y tambi\u00e9n los principios m\u00e1s elevados. Los clarividentes describen el peri-esp\u00edritu, elev\u00e1ndose del cuerpo f\u00edsico como una nube de vapor tenue y luminosa, que se hace cada vez m\u00e1s tenue hasta llegar a ser invisible, para finalmente despu\u00e9s de este proceso, desprenderse completamente, liberando al Esp\u00edritu, que pasa entonces a transitar su vida en el Plano espiritual.<\/p>\n<p>&nbsp;<\/p>\n<blockquote><p><img decoding=\"async\" src=\"https:\/\/www.editoriallapaz.org\/images-default-folder\/alma-sale%20cuerpo-400-folleto-corto.jpg\" alt=\"Editorial La Paz\" \/><\/p><\/blockquote>\n<p style=\"text-align: justify;\"><strong>El Esp\u00edritu, la Conciencia, el Alma&#8230; \u00bfA donde ir\u00e1n cuando nos vamos de este mundo?<\/strong><\/p>\n<p style=\"text-align: justify;\">Hermanos, \u00bfalguna vez os preocupasteis por vuestra conciencia?\u00a0 \u00bfO es algo que no os preocupa, o que simplemente os parece una frusler\u00eda esta indagaci\u00f3n?\u00a0\u00a0 Asimismo, tener pleno conocimiento de una conciencia limpia ser\u00eda posesi\u00f3n exclusivamente de esp\u00edritus plenos de perfecci\u00f3n espiritual y evidentemente la humanidad terrestre dista a\u00fan mucho de ese estado de excelencia planetaria. Por lo tanto se podr\u00eda afirmar, sin lugar a dudas, que \u00fanicamente obrando en el Bien, el esp\u00edritu humano adquirir\u00e1 la armon\u00eda tan deseada, de una conciencia que lo sintonizar\u00e1 naturalmente con las grandes expresiones de los esp\u00edritus de Luz.<\/p>\n<p>&nbsp;<\/p>\n<p style=\"text-align: justify;\">\u00a0 \u00a0 \u00a0 \u00a0 \u00a0 \u00a0 \u00a0 \u00a0 \u00a0 \u00a0 \u00a0 <img decoding=\"async\" loading=\"lazy\" src=\"https:\/\/encrypted-tbn0.gstatic.com\/images?q=tbn:ANd9GcTGkNled72tyi5yQ3Pt-mPShig58SynTKu_Vgfx87wuLhfQTSc3\" alt=\"Imagen relacionada\" width=\"484\" height=\"270\" data-iml=\"1559205182189\" \/><\/p>\n<p style=\"text-align: justify;\">No lo olvidemos, que somos \u201cEsp\u00edritu\u201d, el que act\u00faa en una curva evolutiva, que del infinito viene y hacia el infinito va; de all\u00ed que podamos percibir la \u201cedad\u201d espiritual de cada ser. Sabemos que el cuerpo f\u00edsico es un \u201ctraje prestado\u201d por poco tiempo, y que con la mal llamada muerte desaparece junto con sus grandes atributos, de la mente, el cerebro y las infinitas variedades de c\u00e9lulas. Y todo est\u00e1 comprendido en la Divina Ley de la permanente Evoluci\u00f3n, con sus distintas etapas, que transcurren en \u201cplanos\u201d aparentemente separados (<strong>los que se ven con nuestros ojos corp\u00f3reos, y los que<\/strong> <strong>existen en los planos que resultan invisibles a \u00e9stos).<\/strong> El esp\u00edritu opera en el plano que le es propio, el Espiritual, pero cumple etapas de perfeccionamiento con un cuerpo material. La Individualidad es la misma, pero la Divina Ley hace que no recordemos existencias anteriores, provey\u00e9ndonos de cuerpo, mente, y cerebro nuevos. Hay infinidad de casos en que se recuerdan \u201cvidas\u201d anteriores. Se entiende que no ser\u00eda bueno recordar existencias pasadas, ya que significar\u00eda una \u201ccarga\u201d insoportable. Apreciamos que la Ley Suprema, es la perfecci\u00f3n en todos los \u00f3rdenes del Universo.<\/p>\n<p>&nbsp;<\/p>\n<blockquote><p><img decoding=\"async\" loading=\"lazy\" class=\"\" src=\"https:\/\/usagif.com\/wp-content\/uploads\/gifs\/water-16.gif\" alt=\"Agua en im\u00e1genes GIF animadas - 130 bonitos gifs gratis ...\" width=\"497\" height=\"377\" \/><\/p><\/blockquote>\n<p><strong>\u00a0 \u00a0 \u00a0 \u00a0 \u00a0 \u00a0 \u00a0 \u00a0 \u00a0 \u00a0 \u00a0 \u00a0 \u00a0El agua corre cantina camino del r\u00edo o del Mar<\/strong><\/p>\n<p style=\"text-align: justify;\">Todo, absolutamente todo, est\u00e1 provisto de vida en el Universo. El buen cristal \u201ccanta\u201d. El acero se pone rojo con alta temperatura. La piedra igualmente se derrite. Las plantas perciben sensaciones y emiten sus variados perfumes. etc.<\/p>\n<p>&nbsp;<\/p>\n<p><img decoding=\"async\" src=\"https:\/\/assets.puzzlefactory.com\/puzzle\/282\/439\/original.jpg\" alt=\"La Biblia palabra de Dios - rompecabezas en l\u00ednea\" \/><\/p>\n<p>&nbsp;<\/p>\n<p style=\"text-align: justify;\">Largo, infinito, es nuestro camino a recorrer, pero obrando en pensamiento, palabra y obra con el Evangelio del Cristo, se podr\u00e1 acceder a la eterna protecci\u00f3n del Bien Universal. Actuemos siempre con amor y misericordia.<\/p>\n<p style=\"text-align: justify;\"><em><strong>Compaginaci\u00f3n de distintas ideas filos\u00f3ficas y propias, por\u00a0\u00a0<\/strong>\u00a0\u00a0\u00a0\u00a0\u00a0\u00a0\u00a0\u00a0\u00a0\u00a0\u00a0 <\/em><\/p>\n<p style=\"text-align: justify;\"><strong>\u00a0Dante Pracilio (desde Argentina).<\/strong><\/p>\n<p>&nbsp;<\/p>\n<p>Cada cual es libre de crear los pensamientos que su mente les traiga, y, los dem\u00e1s, nos limitamos a respetarlos.<\/p>\n<div class='bookmark'>\r\n\t\t<table align='left' border='0' cellpadding='0' width='100%'>\r\n\t\t<tr><td><span class='pushbutton'><a href='http:\/\/delicious.com\/post?url=https%3A%2F%2Fwww.emiliosilveravazquez.com%2Fblog%2F2026%2F02%2F11%2Fespiritu-%25e2%2580%2593-conciencia-%25e2%2580%2593-el-mas-alla%2F&amp;title=ESP%C3%8DRITU+%E2%80%93+CONCIENCIA+%E2%80%93+EL+M%C3%81S+ALL%C3%81' title='Delicious' target='_blank' rel='nofollow'><img src='https:\/\/www.emiliosilveravazquez.com\/blog\/wp-content\/plugins\/knxdt-bookmarks-wordpress-plugin\/images\/delicious.png'  alt='' class='book_img' border='none' style='margin:1px; padding: 0;'  \/><\/a><\/span><span class='pushbutton'><a href='http:\/\/digg.com\/submit?url=https%3A%2F%2Fwww.emiliosilveravazquez.com%2Fblog%2F2026%2F02%2F11%2Fespiritu-%25e2%2580%2593-conciencia-%25e2%2580%2593-el-mas-alla%2F&amp;title=ESP%C3%8DRITU+%E2%80%93+CONCIENCIA+%E2%80%93+EL+M%C3%81S+ALL%C3%81' title='Digg' target='_blank' rel='nofollow'><img src='https:\/\/www.emiliosilveravazquez.com\/blog\/wp-content\/plugins\/knxdt-bookmarks-wordpress-plugin\/images\/digg.png'  alt='' class='book_img' border='none' style='margin:1px; padding: 0;'  \/><\/a><\/span><span class='pushbutton'><a href='http:\/\/www.google.com\/bookmarks\/mark?op=edit&amp;bkmk=https%3A%2F%2Fwww.emiliosilveravazquez.com%2Fblog%2F2026%2F02%2F11%2Fespiritu-%25e2%2580%2593-conciencia-%25e2%2580%2593-el-mas-alla%2F&amp;title=ESP%C3%8DRITU+%E2%80%93+CONCIENCIA+%E2%80%93+EL+M%C3%81S+ALL%C3%81' title='Google' target='_blank' rel='nofollow'><img src='https:\/\/www.emiliosilveravazquez.com\/blog\/wp-content\/plugins\/knxdt-bookmarks-wordpress-plugin\/images\/google.png'   alt='' class='book_img' border='none' style='margin:1px; padding: 0;'  \/><\/a><\/span><span class='pushbutton'><a href='http:\/\/myweb2.search.yahoo.com\/myresults\/bookmarklet?u=https%3A%2F%2Fwww.emiliosilveravazquez.com%2Fblog%2F2026%2F02%2F11%2Fespiritu-%25e2%2580%2593-conciencia-%25e2%2580%2593-el-mas-alla%2F&amp;t=ESP%C3%8DRITU+%E2%80%93+CONCIENCIA+%E2%80%93+EL+M%C3%81S+ALL%C3%81' title='Yahoo' target='_blank' rel='nofollow'><img src='https:\/\/www.emiliosilveravazquez.com\/blog\/wp-content\/plugins\/knxdt-bookmarks-wordpress-plugin\/images\/yahoo.png'  alt='' class='book_img' border='none' style='margin:1px; padding: 0;'  \/><\/a><\/span><span class='pushbutton'><a href='http:\/\/www.technorati.com\/faves?add=https%3A%2F%2Fwww.emiliosilveravazquez.com%2Fblog%2F2026%2F02%2F11%2Fespiritu-%25e2%2580%2593-conciencia-%25e2%2580%2593-el-mas-alla%2F' title='Technorati' target='_blank' rel='nofollow'><img src='https:\/\/www.emiliosilveravazquez.com\/blog\/wp-content\/plugins\/knxdt-bookmarks-wordpress-plugin\/images\/technorati.png'  alt='' class='book_img' border='none' style='margin:1px; padding: 0;'  \/><\/a><\/span><span class='pushbutton'><a href='http:\/\/meneame.net\/submit.php?url=https%3A%2F%2Fwww.emiliosilveravazquez.com%2Fblog%2F2026%2F02%2F11%2Fespiritu-%25e2%2580%2593-conciencia-%25e2%2580%2593-el-mas-alla%2F' title='Meneame' target='_blank' rel='nofollow'><img src='https:\/\/www.emiliosilveravazquez.com\/blog\/wp-content\/plugins\/knxdt-bookmarks-wordpress-plugin\/images\/meneame.png'  alt='' class='book_img' border='none' style='margin:1px; padding: 0;'  \/><\/a><\/span><span class='pushbutton'><a href='http:\/\/enchilame.com\/submit.php?url=https:\/\/www.emiliosilveravazquez.com\/blog\/2026\/02\/11\/espiritu-%e2%80%93-conciencia-%e2%80%93-el-mas-alla\/' target='_blank' rel='nofollow'><img title='Enchilame' src='https:\/\/www.emiliosilveravazquez.com\/blog\/wp-content\/plugins\/knxdt-bookmarks-wordpress-plugin\/images\/enchilame.png'  alt='' class='book_img' border='none' style='margin:1px; padding: 0;'  \/><\/a><\/span><span class='pushbutton'><a href='http:\/\/www.blinklist.com\/index.php?Action=Blink\/addblink.php&amp;Description=&amp;Url=https%3A%2F%2Fwww.emiliosilveravazquez.com%2Fblog%2F2026%2F02%2F11%2Fespiritu-%25e2%2580%2593-conciencia-%25e2%2580%2593-el-mas-alla%2F&amp;title=ESP%C3%8DRITU+%E2%80%93+CONCIENCIA+%E2%80%93+EL+M%C3%81S+ALL%C3%81' title='BlinkList' target='_blank' rel='nofollow'><img src='https:\/\/www.emiliosilveravazquez.com\/blog\/wp-content\/plugins\/knxdt-bookmarks-wordpress-plugin\/images\/blinklist.png'  alt='' class='book_img' border='none' style='margin:1px; padding: 0;'  \/><\/a><\/span><span class='pushbutton'><a href='http:\/\/reddit.com\/submit?url=https%3A%2F%2Fwww.emiliosilveravazquez.com%2Fblog%2F2026%2F02%2F11%2Fespiritu-%25e2%2580%2593-conciencia-%25e2%2580%2593-el-mas-alla%2F&amp;title=ESP%C3%8DRITU+%E2%80%93+CONCIENCIA+%E2%80%93+EL+M%C3%81S+ALL%C3%81' title='Reddit' target='_blank' rel='nofollow'><img src='https:\/\/www.emiliosilveravazquez.com\/blog\/wp-content\/plugins\/knxdt-bookmarks-wordpress-plugin\/images\/reddit.png'  alt='' class='book_img' border='none' style='margin:1px; padding: 0;'  \/><\/a><\/span><span class='pushbutton'><a href='http:\/\/www.tecnologiadiaria.com\/2009\/07\/abrir-com-hotmail-correo.html' target='_blank' title='hotmail'><img src='https:\/\/www.emiliosilveravazquez.com\/blog\/wp-content\/plugins\/knxdt-bookmarks-wordpress-plugin\/images\/linklove.png' alt='hotmail correo' class='book_img' border='none' style='margin:1px; padding: 0;' \/><\/a><\/span><span class='pushbutton'><a href='http:\/\/bitacoras.com\/votar\/anotacion\/externo\/mini\/www.emiliosilveravazquez.com\/blog\/2026\/02\/11\/espiritu-%e2%80%93-conciencia-%e2%80%93-el-mas-alla\/' title='Bitacoras.com' target='_blank' rel='nofollow'><img src='https:\/\/www.emiliosilveravazquez.com\/blog\/wp-content\/plugins\/knxdt-bookmarks-wordpress-plugin\/images\/bitacoras.png'  alt='' class='book_img' border='none' style='margin:1px; padding: 0;'  \/><\/a><\/span><span class='pushbutton'><a href='http:\/\/www.wikio.es\/vote?url=https%3A%2F%2Fwww.emiliosilveravazquez.com%2Fblog%2F2026%2F02%2F11%2Fespiritu-%25e2%2580%2593-conciencia-%25e2%2580%2593-el-mas-alla%2F' title='Wikio' target='_blank' rel='nofollow'><img src='https:\/\/www.emiliosilveravazquez.com\/blog\/wp-content\/plugins\/knxdt-bookmarks-wordpress-plugin\/images\/wikio.png'   alt='' class='book_img' border='none' style='margin:1px; padding: 0;'   \/><\/a><\/span><span class='pushbutton'><a href='http:\/\/friendfeed.com\/?url=https%3A%2F%2Fwww.emiliosilveravazquez.com%2Fblog%2F2026%2F02%2F11%2Fespiritu-%25e2%2580%2593-conciencia-%25e2%2580%2593-el-mas-alla%2F&amp;title=ESP%C3%8DRITU+%E2%80%93+CONCIENCIA+%E2%80%93+EL+M%C3%81S+ALL%C3%81' title='Friend Feed' target='_blank' rel='nofollow'><img src='https:\/\/www.emiliosilveravazquez.com\/blog\/wp-content\/plugins\/knxdt-bookmarks-wordpress-plugin\/images\/friendfeed.png'  alt='' class='book_img' border='none' style='margin:1px; padding: 0;'  \/><\/a><\/span><span class='pushbutton'><a href='http:\/\/www.facebook.com\/share.php?u=https%3A%2F%2Fwww.emiliosilveravazquez.com%2Fblog%2F2026%2F02%2F11%2Fespiritu-%25e2%2580%2593-conciencia-%25e2%2580%2593-el-mas-alla%2F&amp;t=ESP%C3%8DRITU+%E2%80%93+CONCIENCIA+%E2%80%93+EL+M%C3%81S+ALL%C3%81' title='Facebook' target='_blank' rel='nofollow'><img src='https:\/\/www.emiliosilveravazquez.com\/blog\/wp-content\/plugins\/knxdt-bookmarks-wordpress-plugin\/images\/facebook.png'  alt='' class='book_img' border='none' style='margin:1px; padding: 0;'  \/><\/a><\/span><span class='pushbutton'><a href='http:\/\/twitter.com\/home?status=ESP%C3%8DRITU+%E2%80%93+CONCIENCIA+%E2%80%93+EL+M%C3%81S+ALL%C3%81: https%3A%2F%2Fwww.emiliosilveravazquez.com%2Fblog%2F2026%2F02%2F11%2Fespiritu-%25e2%2580%2593-conciencia-%25e2%2580%2593-el-mas-alla%2F' title='Twitter' target='_blank' rel='nofollow'><img src='https:\/\/www.emiliosilveravazquez.com\/blog\/wp-content\/plugins\/knxdt-bookmarks-wordpress-plugin\/images\/twitter.png'  alt='' class='book_img' border='none' style='margin:1px; padding: 0;'  \/><\/a><\/span><span class='pushbutton'><a href='http:\/\/www.feedburner.com\/fb\/a\/emailFlare?itemTitle=ESP%C3%8DRITU+%E2%80%93+CONCIENCIA+%E2%80%93+EL+M%C3%81S+ALL%C3%81&amp;uri=https%3A%2F%2Fwww.emiliosilveravazquez.com%2Fblog%2F2026%2F02%2F11%2Fespiritu-%25e2%2580%2593-conciencia-%25e2%2580%2593-el-mas-alla%2F' title='Enviar por Email' target='_blank' rel='nofollow'><img src='https:\/\/www.emiliosilveravazquez.com\/blog\/wp-content\/plugins\/knxdt-bookmarks-wordpress-plugin\/images\/email.png'  alt='' class='book_img' border='none' style='margin:1px; padding: 0;'  \/><\/a><\/span><span style='font-weight:bold; padding-left: 5px;'><a href='http:\/\/wordpress.org\/extend\/plugins\/knxdt-bookmarks-wordpress-plugin\/' title='Plugin' rel='nofollow' target='_blank'>[?]<\/a><\/span><\/td><\/tr><\/table><br\/><br\/><\/div>","protected":false},"excerpt":{"rendered":"<p>\u00a0\u00a0\u00a0\u00a0\u00a0\u00a0\u00a0\u00a0 \u00a0\u00a0\u00a0\u00a0\u00a0\u00a0\u00a0\u00a0\u00a0\u00a0\u00a0\u00a0\u00a0\u00a0 \u00a0\u00a0\u00a0\u00a0\u00a0\u00a0\u00a0\u00a0\u00a0 En muchas personas el Estado Espiritual se revela lenta y gradualmente, y aunque uno pueda sentir un constante aumento de conocimiento y Conciencia espiritual, puede no haber experimentado un marcado y repentino cambio. Otros han tenido momentos, de lo que es conocido como \u201cIluminaci\u00f3n\u201d, en los cuales se cre\u00edan elevados casi fuera [&hellip;]<\/p>\n","protected":false},"author":2,"featured_media":0,"comment_status":"open","ping_status":"open","sticky":false,"template":"","format":"standard","meta":{"_s2mail":"yes","footnotes":""},"categories":[217],"tags":[],"_links":{"self":[{"href":"https:\/\/www.emiliosilveravazquez.com\/blog\/wp-json\/wp\/v2\/posts\/23677"}],"collection":[{"href":"https:\/\/www.emiliosilveravazquez.com\/blog\/wp-json\/wp\/v2\/posts"}],"about":[{"href":"https:\/\/www.emiliosilveravazquez.com\/blog\/wp-json\/wp\/v2\/types\/post"}],"author":[{"embeddable":true,"href":"https:\/\/www.emiliosilveravazquez.com\/blog\/wp-json\/wp\/v2\/users\/2"}],"replies":[{"embeddable":true,"href":"https:\/\/www.emiliosilveravazquez.com\/blog\/wp-json\/wp\/v2\/comments?post=23677"}],"version-history":[{"count":0,"href":"https:\/\/www.emiliosilveravazquez.com\/blog\/wp-json\/wp\/v2\/posts\/23677\/revisions"}],"wp:attachment":[{"href":"https:\/\/www.emiliosilveravazquez.com\/blog\/wp-json\/wp\/v2\/media?parent=23677"}],"wp:term":[{"taxonomy":"category","embeddable":true,"href":"https:\/\/www.emiliosilveravazquez.com\/blog\/wp-json\/wp\/v2\/categories?post=23677"},{"taxonomy":"post_tag","embeddable":true,"href":"https:\/\/www.emiliosilveravazquez.com\/blog\/wp-json\/wp\/v2\/tags?post=23677"}],"curies":[{"name":"wp","href":"https:\/\/api.w.org\/{rel}","templated":true}]}}