{"id":22507,"date":"2025-10-28T19:28:29","date_gmt":"2025-10-28T18:28:29","guid":{"rendered":"http:\/\/www.emiliosilveravazquez.com\/blog\/?p=22507"},"modified":"2025-10-28T19:28:29","modified_gmt":"2025-10-28T18:28:29","slug":"preguntamos-pero-%c2%bfsabemos-responder-2","status":"publish","type":"post","link":"https:\/\/www.emiliosilveravazquez.com\/blog\/2025\/10\/28\/preguntamos-pero-%c2%bfsabemos-responder-2\/","title":{"rendered":"Preguntamos pero, \u00bfsabemos responder?"},"content":{"rendered":"<p style=\"text-align: justify;\"><strong>\u00bfQu\u00e9 es la vida?<\/strong><\/p>\n<p>As\u00ed, con esa pregunta que no podemos contestar (solo emitir conjeturas), finaliza tambi\u00e9n la segunda parte de este trabajo<\/p>\n<p>&nbsp;<\/p>\n<blockquote>\n<p style=\"text-align: justify;\"><img decoding=\"async\" loading=\"lazy\" id=\"il_fi\" class=\"\" src=\"http:\/\/comunidad3h.files.wordpress.com\/2010\/01\/los-astrobiologos-creen-que-la-aparicion-de-organismos-vivos-no-es-algo-infrecuente-en-el-espacio-el-problema-es-econtrarlos-y-afinar-nuestra-busqueda.jpg\" alt=\"\" width=\"578\" height=\"578\" \/><\/p>\n<p><strong>Mol\u00e9culas esenciales para la vida en las Nebulosas<\/strong><\/p><\/blockquote>\n<p style=\"text-align: justify;\">\u00bfC\u00f3mo podr\u00edamos ensamblar una explicaci\u00f3n cient\u00edfica de la g\u00e9nesis de la vida? A simple vista nos puede parecer una tarea sin esperanzas. No creo que buscar f\u00f3siles en las rocas m\u00e1s antiguas sea suficiente y nos ofrezca todas las claves necesarias. La mayor\u00eda de las delicadas mol\u00e9culas prebi\u00f3ticas que dieron lugar a la vida habr\u00e1n sido erradicadas por el inexorable paso del tiempo y la destructora <a href=\"#\" onclick=\"referencia('entropia',event); return false;\">entrop\u00eda<\/a> que todo en polvo lo convierte. Es posible, que podamos esperar el hallazgo de alg\u00fan residuo qu\u00edmico ya degradado de aquellos organismos ancestrales a partir de los cuales evolucion\u00f3 la vida celular que conocemos.<\/p>\n<p style=\"text-align: justify;\">Claro que, aparte de los f\u00f3siles que podamos encontrar en las rocas, existe otra l\u00ednea de evidencia que, de la misma manera, se remonta al pasado lejano y oscuro, pero que existe aqu\u00ed y ahora, dentro de las formas de la vida presente. Los bi\u00f3logos est\u00e1n convencidos de que ciertas reliquias de organismos antiguos siguen viviendo en las estructuras y procesos bioqu\u00edmicos de sus descendientes, incluy\u00e9ndonos a nosotros, los seres humanos.<\/p>\n<p>&nbsp;<\/p>\n<p><img decoding=\"async\" loading=\"lazy\" class=\"\" src=\"https:\/\/basadoenhechosreales.com.ar\/wp-content\/uploads\/como-fue-posible-el-descubrimiento-y-el-estudio-de-las-celulas-2.webp\" alt=\"El Viaje Al Coraz\u00f3n De La Vida: Los Enigmas De La C\u00e9lula | Basado En Hechos Reales\" width=\"619\" height=\"348\" \/><img decoding=\"async\" loading=\"lazy\" class=\"\" src=\"https:\/\/static.nationalgeographic.es\/files\/styles\/image_3200\/public\/10_nikonsmallworld_10---jasonkirk_bpae_confocal_1.jpg?w=1900&amp;h=1900\" alt=\"C\u00f3mo eligen las c\u00e9lulas su destino en nuestro cuerpo? | National Geographic\" width=\"618\" height=\"618\" \/><\/p>\n<p>&nbsp;<\/p>\n<p style=\"text-align: justify;\">Estudiando c\u00f3mo funciona la c\u00e9lula moderna podemos tener una visi\u00f3n de los remanentes de la vida ancestral en acci\u00f3n \u2013una mol\u00e9cula peculiar aqu\u00ed, una reacci\u00f3n qu\u00edmica singular all\u00ed, de la misma forma que unas monedas fuera de lugar, unas herramientas r\u00fasticas del pasado lejano o, c\u00f3mo los mont\u00edculos sospechosos que alertan al experimentado arque\u00f3logo. As\u00ed, entre los intrincados procesos que tienen lugar dentro de los organismos modernos, sobreviven trazas de vida primordial que establecen un puente con nuestro pasado lejano. Analizando estas oscuras trazas, los cient\u00edficos han comenzado a reconstruir los caminos f\u00edsicos y biol\u00f3gicos que pueden haber llevado a la existencia de la primera c\u00e9lula viva.<\/p>\n<p style=\"text-align: justify;\">De todas las maneras, incluso con tales claves bioqu\u00edmicas, la tarea de reconstrucci\u00f3n seguir\u00eda siendo b\u00e1sicamente una conjetura si no fuera por el relativamente reciente descubrimiento de ciertos \u201cf\u00f3siles vivientes\u201d: microbios que habitan en ambientes extra\u00f1os y extremos.<\/p>\n<p>&nbsp;<\/p>\n<p style=\"text-align: justify;\"><img decoding=\"async\" loading=\"lazy\" class=\"\" src=\"https:\/\/content.nationalgeographic.com.es\/medio\/2019\/01\/18\/bacteria-escherichia-coli_1f21c83f_1200x630.jpg\" alt=\"Microbios, secretos inquilinos\" width=\"589\" height=\"309\" \/><\/p>\n<p>&nbsp;<\/p>\n<p style=\"text-align: justify;\">Estos denominados super-microbios, han sido y contin\u00faan \u00a0siendo intensamente investigados y seg\u00fan parece, van revolucionar la microbiolog\u00eda. Pudiera ser que estemos atisbando en estos microbios \u00a0poco convencionales algo pr\u00f3ximo a los primitivos organismos que generaron toda la vida en la Tierra. Claves adicionales pudieran venir de la b\u00fasqueda de la vida en Marte y otros planetas, y del estudio de cometas y meteoritos. Reconstruyendo todas estas l\u00edneas de evidencia, quiz\u00e1 seamos capaces de deducir, al menos en l\u00edneas generales, de qu\u00e9 manera emergi\u00f3 la primera vida en el universo.<\/p>\n<p>&nbsp;<\/p>\n<blockquote>\n<p style=\"text-align: justify;\"><img decoding=\"async\" loading=\"lazy\" id=\"il_fi\" src=\"http:\/\/2.bp.blogspot.com\/-1_nm3HYXAJY\/TVUtBGa2mMI\/AAAAAAAAAtw\/ncPqDY0xISw\/s1600\/107-153.jpg\" alt=\"\" width=\"336\" height=\"403\" \/><\/p>\n<\/blockquote>\n<p style=\"text-align: justify;\"><strong><em>Muestras de diversos tipos de microorganismos extrem\u00f3filos<\/em><\/strong><\/p>\n<p style=\"text-align: justify;\">Claro que, convendr\u00eda saber, antes de abordar el problema de su origen, lo que la vida es. Hace menos de un siglo que muchos cient\u00edficos estaban convencidos de que ese problema estaba a punto de ser resuelto. Los avances en la estructura de la materia a nivel at\u00f3mico, y los avances en el saber de los componentes moleculares de la c\u00e9lula, elev\u00f3 de manera excesiva la ilusi\u00f3n de los expertos que, con el paso del tiempo, no se plasm\u00f3 en realidad, y, la vida, sigue siendo un gran misterio sin resolver.<\/p>\n<p>&nbsp;<\/p>\n<p><img decoding=\"async\" loading=\"lazy\" class=\"\" src=\"https:\/\/comunicagenia.com\/wp-content\/uploads\/2024\/05\/misterios-vida-inteligencia-artificial-1024x675.jpg\" alt=\"8 posibles misterios de la vida que la Inteligencia Artificial ayudar\u00eda a resolver - ComunicaGenia\" width=\"654\" height=\"431\" \/><\/p>\n<p>Cuando vemos todos los par\u00e1metros que han tenido que concluir para que la vida est\u00e9 presente&#8230; Nos da la sensaci\u00f3n de que, el Universo<strong>, \u00a1Sab\u00eda que la vida ten\u00eda que venir! \u00bfSi no c\u00f3mo ser\u00eda contempladas tantas maravillas?<\/strong><\/p>\n<p style=\"text-align: justify;\">Los caminos recorridos por la Naturaleza para llegar hasta la Vida&#8230; No siempre han sido comprendido y, no pocos de esos pasos necesarios hasta llegar a nosotros, los seres inteligentes del planeta, quedan ocultos por las brumas del Tiempo<\/p>\n<p style=\"text-align: justify;\">Una cosa est\u00e1 clara para m\u00ed, es posible que la materia, en sus distintas fases y por separado, nos pueda parecer que es algo inerte, pasivo, y hasta \u201ctorpe\u201d que s\u00f3lo suele responder cuando es requerida por fuerzas externas y, sin embargo, en ciertas circunstancias especiales, la materia parece tener una especie de \u201cchispa interior\u201d un algo que, a veces, se nos asemeja a una especie de \u201cvida propia\u201d. Todos conocemos de las transformaciones que, en ciertas condiciones y lugares, pueden producirse en la materia \u201cinerte\u201d que se transmuta en otra cosa muy distinta de lo que en principio era y, dicho cambio, si no es una especie de \u201cextra\u00f1a vida\u201d \u00bfqu\u00e9 es lo que es?<\/p>\n<p style=\"text-align: justify;\">Claro que, de ah\u00ed hasta lo que conocemos por \u00a1Vida!, el trecho es grande y en eso andamos. Buscamos incansables una explicaci\u00f3n satisfactoria que nos diga lo que la vida es pero, el enigma contin\u00faa y los conocimientos se limitan a niveles locales de cuestiones muy concretas que, de ninguna manera, explican lo que queremos saber.<\/p>\n<p>&nbsp;<\/p>\n<blockquote>\n<p style=\"text-align: justify;\"><img decoding=\"async\" loading=\"lazy\" class=\"\" src=\"https:\/\/cloudfront-us-east-1.images.arcpublishing.com\/infobae\/S7LBYD5R3VAFTJGEHFFAIK3BLQ.jpg\" alt=\"Misterios sin resolver\u201d: la serie que ayud\u00f3 a encontrar a una ni\u00f1a desaparecida - Infobae\" width=\"510\" height=\"281\" \/><\/p>\n<p style=\"text-align: justify;\">S\u00ed, la vida es un gran misterio, y, me da la sensaci\u00f3n de que, como el Universo es igual en todas partes&#8230; \u00a1Existen muchos mundos que la contienen! Pensar que en tan inmenso universo solo estamos nosotros y las especies que nos acompa\u00f1an&#8230; \u00bfEs una barbaridad!<\/p>\n<\/blockquote>\n<p style=\"text-align: justify;\">La ciencia contin\u00faa en su intento de dar respuesta a los misterios de los or\u00edgenes de la vida sobre la Tierra. Esta vez, un grupo de qu\u00edmicos cree haber dado con nuevas pistas sobre la aparici\u00f3n de las primeras mol\u00e9culas como almacenes de informaci\u00f3n gen\u00e9tica. Sus hallazgos aparecen publicados en la revista brit\u00e1nica Nature.<\/p>\n<p style=\"text-align: justify;\">La sensaci\u00f3n que se percibe al profundizar en todo este complejo problema es el de que, todo ha surgido a partir del Caos, inmerso en una gran complejidad de factores que no siempre hemos podido comprender. Otra paradoja adicional de la vida concierne a la extra\u00f1a conjunci\u00f3n de\u00a0<strong>permanencia<\/strong>\u00a0y\u00a0<strong>cambio<\/strong>\u00a0(\u00bfo, es adaptaci\u00f3n?). A este antiguo rompecabezas se suelen referir los fil\u00f3sofos como el problema del\u00a0<strong>ser<\/strong>\u00a0frente al devenir. <strong>El trabajo de los genes consiste en replicarse<\/strong>, en conservar el mensaje gen\u00e9tico. Pero sin variaci\u00f3n, la adaptaci\u00f3n ser\u00eda imposible y los genes finalmente se agotar\u00e1n: adaptarse o morir es el imperativo que nos impone la Naturaleza.<\/p>\n<p>&nbsp;<\/p>\n<p><img decoding=\"async\" loading=\"lazy\" class=\"\" src=\"https:\/\/upload.wikimedia.org\/wikipedia\/commons\/b\/b3\/Chromosome-es.svg\" alt=\"\u00c1cido desoxirribonucleico - Wikipedia, la enciclopedia libre\" width=\"286\" height=\"327\" \/><img decoding=\"async\" loading=\"lazy\" class=\"\" src=\"https:\/\/image.slidesharecdn.com\/replicacionyexpresiondelmensajegenetico-130326023436-phpapp02\/85\/Replicacion-y-expresion-del-mensaje-genetico-17-320.jpg\" alt=\"Replicaci\u00f3n y expresi\u00f3n del mensaje gen\u00e9tico | PPT\" width=\"445\" height=\"334\" \/><\/p>\n<p style=\"text-align: justify;\">Pero, \u00bfC\u00f3mo coexisten conservaci\u00f3n y cambio en el sistema? Esta contradicci\u00f3n yace en el coraz\u00f3n de la biolog\u00eda. La vida florece en la Tierra debido a una serie de tensiones creativas que existen y son creadas por la propia Naturaleza y que, finalmente, se acoplan y compensan para que todo transcurra en armon\u00eda dentro de una rica variedad de cuyas reglas del juego, en realidad, no tenemos ni idea.<\/p>\n<p style=\"text-align: justify;\">Muchos son los puntos en los que nos podr\u00edamos fijar para tratar de indagar lo que realmente pas\u00f3 para que, en la Tierra, surgiera la vida.<\/p>\n<p>&nbsp;<\/p>\n<p style=\"text-align: justify;\"><img decoding=\"async\" loading=\"lazy\" class=\"\" src=\"http:\/\/upload.wikimedia.org\/wikipedia\/commons\/thumb\/e\/e3\/Acraman.jpg\/800px-Acraman.jpg\" alt=\"File:Acraman.jpg\" width=\"558\" height=\"335\" \/><\/p>\n<p style=\"text-align: justify;\">\u00a0<strong>Imagen de sat\u00e9lite del Lago Acraman; Captura de pantalla de NASA World Wind<\/strong><\/p>\n<p style=\"text-align: justify;\">Por ejemplo, el lago Acraman (un gran lago seco, de forma aproximadamente circular y de unos treinta kil\u00f3metros de di\u00e1metro) situado en Australia del Sur, a doscientos kil\u00f3metros de Port Augusta, en el l\u00edmite de la llanura de Nullarbaor, aunque nos pueda parecer como otro lago seco cualquiera, resulta que el <strong>Acraman<\/strong> no es un lecho lacustre ordinario.<\/p>\n<p style=\"text-align: justify;\">Hace aproximadamente unos seiscientos millones de a\u00f1os, un meteoro gigante cay\u00f3 del cielo y abri\u00f3 un enorme agujero en lo que ahora es la pen\u00ednsula de Eyre. El agujero original media al menos noventa kil\u00f3metros de di\u00e1metro y varios de profundidad. El lago Acraman de hoy es todo lo que queda de aquella enorme cicatriz, un testigo mudo de un antiguo cataclismo de proporciones impresionantes. El da\u00f1o f\u00edsico causado por el impacto supera todo lo imaginable. \u00a1La ca\u00edda de un pedrusco de cien mil millones de toneladas y varios kil\u00f3metros de di\u00e1metro!<\/p>\n<p style=\"text-align: justify;\">Claro que, tal suceso, no fue un hecho aislado. Cada pocos millones de a\u00f1os un cometa o un gran asteroide golpea la Tierra y, cada vez hay m\u00e1s evidencia de que los impactos c\u00f3smicos han tenido una influencia capital en la evoluci\u00f3n de la vida en el planeta al provocar extinciones en masa. Los impactos c\u00f3smicos no s\u00f3lo han alterado el rumbo de la evoluci\u00f3n, sino que tambi\u00e9n desempe\u00f1aron un papel crucial en el origen de la vida.<\/p>\n<p>&nbsp;<\/p>\n<p style=\"text-align: justify;\"><img decoding=\"async\" loading=\"lazy\" class=\"\" src=\"http:\/\/upload.wikimedia.org\/wikipedia\/commons\/thumb\/4\/49\/ISS007_Gosses_Bluff.jpg\/800px-ISS007_Gosses_Bluff.jpg\" alt=\"Resultado de imagen de Hace aproximadamente unos seiscientos millones de a\u00c3\u00b1os, un meteoro gigante cay\u00c3\u00b3 del cielo y abri\u00c3\u00b3 un enorme agujero en lo que ahora es la pen\u00c3\u00adnsula de Eyre. El agujero original media al menos noventa kil\u00c3\u00b3metros de di\u00c3\u00a1metro y varios de profundidad. El lago Acraman\" width=\"549\" height=\"364\" \/><\/p>\n<p>&nbsp;<\/p>\n<p style=\"text-align: justify;\">Este enorme crater irregular, de unos 3 kil\u00f3metros de di\u00e1metro es el <strong>Glosses Bluff,<\/strong> en Australia. Se calcula su edad en unos 140 millones de a\u00f1os. Ante acontecimientos como este, nos preguntamos: \u00bfEstamos seguros? \u00a1De ninguna manera\u00a1 Y, sin embargo, sucesos como este pudo traer la vida a nuestro planeta.<\/p>\n<p style=\"text-align: justify;\">Hasta hace poco tiempo, los cient\u00edficos apelaban fundamentalmente a la qu\u00edmica y a la geolog\u00eda en sus intentos de explicar la biog\u00e9nesis. Se trataba a la Tierra como un sistema aislado. Pero en las \u00faltimas d\u00e9cadas se ha asumido que, la realidad, es que la Tierra es simplemente una parte de un todo y, siendo as\u00ed (que lo es), hay que tener en cuenta la dimensi\u00f3n astron\u00f3mica de la Vida. Para entender c\u00f3mo empez\u00f3 la vida, parece que tenemos que buscar respuestas en las estrellas.<\/p>\n<p>&nbsp;<\/p>\n<p><img decoding=\"async\" src=\"https:\/\/www.entreletras.eu\/wp-content\/uploads\/2024\/06\/lucrecio.jpg\" alt=\"Tito Lucrecio: un pensador materialista, atomista, epic\u00fareo\u2026 y precursor de  la ciencia moderna (I) \u2013 Entreletras\" \/><\/p>\n<p>&nbsp;<\/p>\n<p style=\"text-align: justify;\">Hasta Lucrecio, el poeta-fil\u00f3sofo romano, con alg\u00fan poema, trat\u00f3 de convencernos de que no estamos solos en el Universo. \u00c9l argumentaba que si el Universo estaba hecho de \u00e1tomos id\u00e9nticos y sujeto a leyes universales de la Naturaleza, entonces los mismos procesos que dieron lugar a la vida en la Tierra deber\u00edan tambi\u00e9n dar lugar a la vida en otros mundos. El argumento se remonta al atomista griego Epicuro y es, muy convincente pero, de momento, no sabemos si es correcto.<\/p>\n<p>&nbsp;<\/p>\n<p><img decoding=\"async\" loading=\"lazy\" class=\"\" src=\"https:\/\/res.cloudinary.com\/djhqderty\/image\/upload\/v1723334688\/astroingeo\/x2it7vmdqtx7aqjzlp5d.webp\" alt=\"Astrobiolog\u00eda y la posibilidad de vida en otros planetas\" width=\"516\" height=\"516\" \/><\/p>\n<p style=\"text-align: justify;\"><strong>Yo, hace tiempo que apost\u00e9 por \u00e9l, la vida debe estar presente \u00a1en tantos lugares!<\/strong><\/p>\n<p style=\"text-align: justify;\"><strong>Claro que todo esto, no responde a la pregunta: <\/strong><\/p>\n<p style=\"text-align: justify;\"><strong>\u00bfQu\u00e9 es la vida?<\/strong><\/p>\n<p style=\"text-align: justify;\"><strong>Emilio Silvera V\u00e1zquez<\/strong><\/p>\n<div class='bookmark'>\r\n\t\t<table align='left' border='0' cellpadding='0' width='100%'>\r\n\t\t<tr><td><span class='pushbutton'><a href='http:\/\/delicious.com\/post?url=https%3A%2F%2Fwww.emiliosilveravazquez.com%2Fblog%2F2025%2F10%2F28%2Fpreguntamos-pero-%25c2%25bfsabemos-responder-2%2F&amp;title=Preguntamos+pero%2C+%C2%BFsabemos+responder%3F' title='Delicious' target='_blank' rel='nofollow'><img src='https:\/\/www.emiliosilveravazquez.com\/blog\/wp-content\/plugins\/knxdt-bookmarks-wordpress-plugin\/images\/delicious.png'  alt='' class='book_img' border='none' style='margin:1px; padding: 0;'  \/><\/a><\/span><span class='pushbutton'><a href='http:\/\/digg.com\/submit?url=https%3A%2F%2Fwww.emiliosilveravazquez.com%2Fblog%2F2025%2F10%2F28%2Fpreguntamos-pero-%25c2%25bfsabemos-responder-2%2F&amp;title=Preguntamos+pero%2C+%C2%BFsabemos+responder%3F' title='Digg' target='_blank' rel='nofollow'><img src='https:\/\/www.emiliosilveravazquez.com\/blog\/wp-content\/plugins\/knxdt-bookmarks-wordpress-plugin\/images\/digg.png'  alt='' class='book_img' border='none' style='margin:1px; padding: 0;'  \/><\/a><\/span><span class='pushbutton'><a href='http:\/\/www.google.com\/bookmarks\/mark?op=edit&amp;bkmk=https%3A%2F%2Fwww.emiliosilveravazquez.com%2Fblog%2F2025%2F10%2F28%2Fpreguntamos-pero-%25c2%25bfsabemos-responder-2%2F&amp;title=Preguntamos+pero%2C+%C2%BFsabemos+responder%3F' title='Google' target='_blank' rel='nofollow'><img src='https:\/\/www.emiliosilveravazquez.com\/blog\/wp-content\/plugins\/knxdt-bookmarks-wordpress-plugin\/images\/google.png'   alt='' class='book_img' border='none' style='margin:1px; padding: 0;'  \/><\/a><\/span><span class='pushbutton'><a href='http:\/\/myweb2.search.yahoo.com\/myresults\/bookmarklet?u=https%3A%2F%2Fwww.emiliosilveravazquez.com%2Fblog%2F2025%2F10%2F28%2Fpreguntamos-pero-%25c2%25bfsabemos-responder-2%2F&amp;t=Preguntamos+pero%2C+%C2%BFsabemos+responder%3F' title='Yahoo' target='_blank' rel='nofollow'><img src='https:\/\/www.emiliosilveravazquez.com\/blog\/wp-content\/plugins\/knxdt-bookmarks-wordpress-plugin\/images\/yahoo.png'  alt='' class='book_img' border='none' style='margin:1px; padding: 0;'  \/><\/a><\/span><span class='pushbutton'><a href='http:\/\/www.technorati.com\/faves?add=https%3A%2F%2Fwww.emiliosilveravazquez.com%2Fblog%2F2025%2F10%2F28%2Fpreguntamos-pero-%25c2%25bfsabemos-responder-2%2F' title='Technorati' target='_blank' rel='nofollow'><img src='https:\/\/www.emiliosilveravazquez.com\/blog\/wp-content\/plugins\/knxdt-bookmarks-wordpress-plugin\/images\/technorati.png'  alt='' class='book_img' border='none' style='margin:1px; padding: 0;'  \/><\/a><\/span><span class='pushbutton'><a href='http:\/\/meneame.net\/submit.php?url=https%3A%2F%2Fwww.emiliosilveravazquez.com%2Fblog%2F2025%2F10%2F28%2Fpreguntamos-pero-%25c2%25bfsabemos-responder-2%2F' title='Meneame' target='_blank' rel='nofollow'><img src='https:\/\/www.emiliosilveravazquez.com\/blog\/wp-content\/plugins\/knxdt-bookmarks-wordpress-plugin\/images\/meneame.png'  alt='' class='book_img' border='none' style='margin:1px; padding: 0;'  \/><\/a><\/span><span class='pushbutton'><a href='http:\/\/enchilame.com\/submit.php?url=https:\/\/www.emiliosilveravazquez.com\/blog\/2025\/10\/28\/preguntamos-pero-%c2%bfsabemos-responder-2\/' target='_blank' rel='nofollow'><img title='Enchilame' src='https:\/\/www.emiliosilveravazquez.com\/blog\/wp-content\/plugins\/knxdt-bookmarks-wordpress-plugin\/images\/enchilame.png'  alt='' class='book_img' border='none' style='margin:1px; padding: 0;'  \/><\/a><\/span><span class='pushbutton'><a href='http:\/\/www.blinklist.com\/index.php?Action=Blink\/addblink.php&amp;Description=&amp;Url=https%3A%2F%2Fwww.emiliosilveravazquez.com%2Fblog%2F2025%2F10%2F28%2Fpreguntamos-pero-%25c2%25bfsabemos-responder-2%2F&amp;title=Preguntamos+pero%2C+%C2%BFsabemos+responder%3F' title='BlinkList' target='_blank' rel='nofollow'><img src='https:\/\/www.emiliosilveravazquez.com\/blog\/wp-content\/plugins\/knxdt-bookmarks-wordpress-plugin\/images\/blinklist.png'  alt='' class='book_img' border='none' style='margin:1px; padding: 0;'  \/><\/a><\/span><span class='pushbutton'><a href='http:\/\/reddit.com\/submit?url=https%3A%2F%2Fwww.emiliosilveravazquez.com%2Fblog%2F2025%2F10%2F28%2Fpreguntamos-pero-%25c2%25bfsabemos-responder-2%2F&amp;title=Preguntamos+pero%2C+%C2%BFsabemos+responder%3F' title='Reddit' target='_blank' rel='nofollow'><img src='https:\/\/www.emiliosilveravazquez.com\/blog\/wp-content\/plugins\/knxdt-bookmarks-wordpress-plugin\/images\/reddit.png'  alt='' class='book_img' border='none' style='margin:1px; padding: 0;'  \/><\/a><\/span><span class='pushbutton'><a href='http:\/\/www.tecnologiadiaria.com\/2009\/07\/abrir-com-hotmail-correo.html' target='_blank' title='hotmail'><img src='https:\/\/www.emiliosilveravazquez.com\/blog\/wp-content\/plugins\/knxdt-bookmarks-wordpress-plugin\/images\/linklove.png' alt='hotmail correo' class='book_img' border='none' style='margin:1px; padding: 0;' \/><\/a><\/span><span class='pushbutton'><a href='http:\/\/bitacoras.com\/votar\/anotacion\/externo\/mini\/www.emiliosilveravazquez.com\/blog\/2025\/10\/28\/preguntamos-pero-%c2%bfsabemos-responder-2\/' title='Bitacoras.com' target='_blank' rel='nofollow'><img src='https:\/\/www.emiliosilveravazquez.com\/blog\/wp-content\/plugins\/knxdt-bookmarks-wordpress-plugin\/images\/bitacoras.png'  alt='' class='book_img' border='none' style='margin:1px; padding: 0;'  \/><\/a><\/span><span class='pushbutton'><a href='http:\/\/www.wikio.es\/vote?url=https%3A%2F%2Fwww.emiliosilveravazquez.com%2Fblog%2F2025%2F10%2F28%2Fpreguntamos-pero-%25c2%25bfsabemos-responder-2%2F' title='Wikio' target='_blank' rel='nofollow'><img src='https:\/\/www.emiliosilveravazquez.com\/blog\/wp-content\/plugins\/knxdt-bookmarks-wordpress-plugin\/images\/wikio.png'   alt='' class='book_img' border='none' style='margin:1px; padding: 0;'   \/><\/a><\/span><span class='pushbutton'><a href='http:\/\/friendfeed.com\/?url=https%3A%2F%2Fwww.emiliosilveravazquez.com%2Fblog%2F2025%2F10%2F28%2Fpreguntamos-pero-%25c2%25bfsabemos-responder-2%2F&amp;title=Preguntamos+pero%2C+%C2%BFsabemos+responder%3F' title='Friend Feed' target='_blank' rel='nofollow'><img src='https:\/\/www.emiliosilveravazquez.com\/blog\/wp-content\/plugins\/knxdt-bookmarks-wordpress-plugin\/images\/friendfeed.png'  alt='' class='book_img' border='none' style='margin:1px; padding: 0;'  \/><\/a><\/span><span class='pushbutton'><a href='http:\/\/www.facebook.com\/share.php?u=https%3A%2F%2Fwww.emiliosilveravazquez.com%2Fblog%2F2025%2F10%2F28%2Fpreguntamos-pero-%25c2%25bfsabemos-responder-2%2F&amp;t=Preguntamos+pero%2C+%C2%BFsabemos+responder%3F' title='Facebook' target='_blank' rel='nofollow'><img src='https:\/\/www.emiliosilveravazquez.com\/blog\/wp-content\/plugins\/knxdt-bookmarks-wordpress-plugin\/images\/facebook.png'  alt='' class='book_img' border='none' style='margin:1px; padding: 0;'  \/><\/a><\/span><span class='pushbutton'><a href='http:\/\/twitter.com\/home?status=Preguntamos+pero%2C+%C2%BFsabemos+responder%3F: https%3A%2F%2Fwww.emiliosilveravazquez.com%2Fblog%2F2025%2F10%2F28%2Fpreguntamos-pero-%25c2%25bfsabemos-responder-2%2F' title='Twitter' target='_blank' rel='nofollow'><img src='https:\/\/www.emiliosilveravazquez.com\/blog\/wp-content\/plugins\/knxdt-bookmarks-wordpress-plugin\/images\/twitter.png'  alt='' class='book_img' border='none' style='margin:1px; padding: 0;'  \/><\/a><\/span><span class='pushbutton'><a href='http:\/\/www.feedburner.com\/fb\/a\/emailFlare?itemTitle=Preguntamos+pero%2C+%C2%BFsabemos+responder%3F&amp;uri=https%3A%2F%2Fwww.emiliosilveravazquez.com%2Fblog%2F2025%2F10%2F28%2Fpreguntamos-pero-%25c2%25bfsabemos-responder-2%2F' title='Enviar por Email' target='_blank' rel='nofollow'><img src='https:\/\/www.emiliosilveravazquez.com\/blog\/wp-content\/plugins\/knxdt-bookmarks-wordpress-plugin\/images\/email.png'  alt='' class='book_img' border='none' style='margin:1px; padding: 0;'  \/><\/a><\/span><span style='font-weight:bold; padding-left: 5px;'><a href='http:\/\/wordpress.org\/extend\/plugins\/knxdt-bookmarks-wordpress-plugin\/' title='Plugin' rel='nofollow' target='_blank'>[?]<\/a><\/span><\/td><\/tr><\/table><br\/><br\/><\/div>","protected":false},"excerpt":{"rendered":"<p>\u00bfQu\u00e9 es la vida? As\u00ed, con esa pregunta que no podemos contestar (solo emitir conjeturas), finaliza tambi\u00e9n la segunda parte de este trabajo &nbsp; Mol\u00e9culas esenciales para la vida en las Nebulosas \u00bfC\u00f3mo podr\u00edamos ensamblar una explicaci\u00f3n cient\u00edfica de la g\u00e9nesis de la vida? A simple vista nos puede parecer una tarea sin esperanzas. No [&hellip;]<\/p>\n","protected":false},"author":2,"featured_media":0,"comment_status":"open","ping_status":"open","sticky":false,"template":"","format":"standard","meta":{"_s2mail":"yes","footnotes":""},"categories":[39],"tags":[],"_links":{"self":[{"href":"https:\/\/www.emiliosilveravazquez.com\/blog\/wp-json\/wp\/v2\/posts\/22507"}],"collection":[{"href":"https:\/\/www.emiliosilveravazquez.com\/blog\/wp-json\/wp\/v2\/posts"}],"about":[{"href":"https:\/\/www.emiliosilveravazquez.com\/blog\/wp-json\/wp\/v2\/types\/post"}],"author":[{"embeddable":true,"href":"https:\/\/www.emiliosilveravazquez.com\/blog\/wp-json\/wp\/v2\/users\/2"}],"replies":[{"embeddable":true,"href":"https:\/\/www.emiliosilveravazquez.com\/blog\/wp-json\/wp\/v2\/comments?post=22507"}],"version-history":[{"count":0,"href":"https:\/\/www.emiliosilveravazquez.com\/blog\/wp-json\/wp\/v2\/posts\/22507\/revisions"}],"wp:attachment":[{"href":"https:\/\/www.emiliosilveravazquez.com\/blog\/wp-json\/wp\/v2\/media?parent=22507"}],"wp:term":[{"taxonomy":"category","embeddable":true,"href":"https:\/\/www.emiliosilveravazquez.com\/blog\/wp-json\/wp\/v2\/categories?post=22507"},{"taxonomy":"post_tag","embeddable":true,"href":"https:\/\/www.emiliosilveravazquez.com\/blog\/wp-json\/wp\/v2\/tags?post=22507"}],"curies":[{"name":"wp","href":"https:\/\/api.w.org\/{rel}","templated":true}]}}