{"id":22378,"date":"2018-11-29T05:39:39","date_gmt":"2018-11-29T04:39:39","guid":{"rendered":"http:\/\/www.emiliosilveravazquez.com\/blog\/?p=22378"},"modified":"2018-11-29T05:39:39","modified_gmt":"2018-11-29T04:39:39","slug":"si-el-sol-desaparece-la-vida-se-iria-con-el","status":"publish","type":"post","link":"https:\/\/www.emiliosilveravazquez.com\/blog\/2018\/11\/29\/si-el-sol-desaparece-la-vida-se-iria-con-el\/","title":{"rendered":"Si el Sol desaparece&#8230; la Vida se ir\u00eda con \u00e9l"},"content":{"rendered":"<h1 style=\"text-align: justify;\">\u00bfY si el Sol desapareciera de repente?<\/h1>\n<p style=\"text-align: justify;\">Esta es la cascada de consecuencias para nuestro planeta y c\u00f3mo se suceder\u00edan en el tiempo<\/p>\n<p style=\"text-align: justify;\">\n<figure><img decoding=\"async\" src=\"http:\/\/www.abc.es\/media\/ciencia\/2016\/11\/22\/maxresdefault-kGB--620x349@abc.jpg\" alt=\"\u00bfY si el Sol desapareciera de repente?\" \/><\/figure>\n<p>&nbsp;<\/p>\n<p style=\"text-align: justify;\">\u00a0Reportaje de prensa<\/p>\n<div style=\"text-align: justify;\">\n<figure><img decoding=\"async\" src=\"http:\/\/www.abc.es\/media\/ciencia\/2016\/11\/22\/If-the-Sun-Disappeared-kGB-U201442809054GHB-250x600@abc.jpg\" alt=\"\" \/><\/figure>\n<\/div>\n<div>\n<p style=\"text-align: justify;\">No hace falta ser un astr\u00f3nomo experimentado para saber que dependemos completamente del Sol. Nuestra estrella particular, en efecto, ocupa el centro de nuestro sistema planetario, mantiene los mundos en su sitio e irradia la energ\u00eda necesaria para que aqu\u00ed, en la Tierra, sea posible la vida. Gracias al Sol tenemos luz, calor, atm\u00f3sfera, fotos\u00edntesis, oc\u00e9anos&#8230; Sabemos tambi\u00e9n, sin embargo, que nada, ni siquiera el Sol, dura eternamente. Durar\u00e1 mucho tiempo, s\u00ed, aunque no para siempre.\u00a0<strong>\u00bfPero qu\u00e9 suceder\u00eda si un buen d\u00eda el Sol desapareciera de repente? \u00bfCu\u00e1les ser\u00edan las consecuencias para nosotros y c\u00f3mo se suceder\u00edan en el tiempo?<\/strong><\/p>\n<p style=\"text-align: justify;\">Un gr\u00e1fico reci\u00e9n publicado por la web\u00a0<a href=\"http:\/\/www.thesolarcentre.co.uk\/blog\/2016\/11\/16\/if-the-sun-disappeared\/\" target=\"_blank\">SolarCentre<\/a>\u00a0ha recopilado mucha de la informaci\u00f3n disponible para resolver la cuesti\u00f3n. Y el panorama, como era de suponer, no resulta nada esperanzador&#8230;<\/p>\n<h2 style=\"text-align: justify;\">Se acab\u00f3 la gravedad<\/h2>\n<p style=\"text-align: justify;\"><img decoding=\"async\" loading=\"lazy\" src=\"http:\/\/2.bp.blogspot.com\/-v3sTNrmbzGA\/Ugq8xilXP_I\/AAAAAAAAems\/VU2UEnwZrwo\/s1600\/2-Noche-estrellada.jpg\" alt=\"\" width=\"728\" height=\"340\" \/><\/p>\n<p style=\"text-align: justify;\">El mundo ser\u00eda muy distinto si de pronto desapareciera la fuerza de Gravedad que genera el Sol<\/p>\n<p style=\"text-align: justify;\">En una secuencia cronol\u00f3gica, lo primero que desaparecer\u00eda con el Sol es su atracci\u00f3n gravitatoria. Todos los planetas est\u00e1n &#8220;ligados&#8221; gravitatoriamente al Sol, y su s\u00fabita desaparici\u00f3n los dejar\u00eda sin un centro alrededor del que orbitar. De modo que empezar\u00edan a viajar, m\u00e1s o menos, en l\u00ednea recta, hasta que se toparan con otro cuerpo lo suficientemente grande como para atraerlos. La estrella m\u00e1s cercana, Alpha Centauri, est\u00e1 a 4,2 a\u00f1os luz de distancia, as\u00ed que esta situaci\u00f3n de &#8220;vagabundeo espacial&#8221;, suponiendo que alg\u00fan mundo se dirigiera hacia all\u00ed, durar\u00eda muchos miles de a\u00f1os.<\/p>\n<p style=\"text-align: justify;\">Por supuesto, al perder su orden establecido es muy probable que algunos planetas chocaran entre s\u00ed, o que muchas lunas acabaran precipit\u00e1ndose sobre los mundos a los que orbitan. J\u00fapiter y Saturno, los dos gigantes del Sistema Solar, lograr\u00edan quiz\u00e1 atraer a algunos de los planetas que nos rodean, para devorarlos sin contemplaciones.<\/p>\n<h2 style=\"text-align: justify;\">Oscuridad eterna si el Sol desapareciera<\/h2>\n<p style=\"text-align: justify;\"><img decoding=\"async\" src=\"http:\/\/www.diariorepublica.com\/cms\/wp-content\/uploads\/2014\/10\/espacio.jpg\" alt=\"Resultado de imagen de Resultado de imagen de Un mundo a oscuras, sin Sol\" \/><\/p>\n<p style=\"text-align: justify;\">\u00a0Bueno, no s\u00f3lo oscuridad eterna&#8230;. \u00a1Ser\u00eda mucho m\u00e1s!<\/p>\n<p style=\"text-align: justify;\">Aqu\u00ed, en la Tierra, tardar\u00edamos 8 minutos en darnos cuenta de que el Sol ya no est\u00e1 en su sitio. Ese es, en efecto, el tiempo que un rayo de sol tarda en recorrer, a la velocidad de la luz, los 150 millones de km. que nos separan del astro rey. Pasado ese tiempo, nos ver\u00edamos sumidos de repente en una total oscuridad. Y ser\u00eda para siempre. Ni siquiera ser\u00edamos capaces de volver a contemplar la Luna, ya que su brillo no es m\u00e1s que un reflejo de la luz que recibe del Sol. S\u00ed que ver\u00edamos las estrellas, que disponen de sus propias fuentes de luz, pero nuestras vidas se convertir\u00edan en una larga e interminable noche. Sin luz, adem\u00e1s, las plantas ya no podr\u00edan seguir haciendo la fotos\u00edntesis, con lo que la aportaci\u00f3n de ox\u00edgeno a la atm\u00f3sfera se interrumpir\u00eda casi por completo. Las reservas planetarias del gas que nos permite respirar apenas si durar\u00edan un par de semanas.<\/p>\n<h2 style=\"text-align: justify;\">Se acab\u00f3 el calor<\/h2>\n<p style=\"text-align: justify;\"><img decoding=\"async\" loading=\"lazy\" src=\"https:\/\/k09.kn3.net\/59B6B9EA9.jpg\" alt=\"Resultado de imagen de Desaparece el Sol y la Tierra se congela\" width=\"304\" height=\"167\" \/><\/p>\n<p style=\"text-align: justify;\">Pero la oscuridad no ser\u00eda lo m\u00e1s grave. De hecho, la temperatura media de la Tierra, que actualmente es de 29,6 grados, descender\u00eda r\u00e1pidamente hasta los -123 grados en apenas dos meses. Cuatro meses despu\u00e9s de la desaparici\u00f3n del Sol, la temperatura media de nuestro planeta ser\u00eda de -198 grados, casi doscientas veces m\u00e1s fr\u00eda que el interior de una nevera dom\u00e9stica. En estas condiciones, la inmensa mayor\u00eda de la vida desaparecer\u00eda de nuestro mundo. Solo quedar\u00edan algunos microorgansmos extrem\u00f3filos que viven en medio de las rocas de la corteza terrestre, a varios km. de profundidad, y que no dependen de la luz solar. Los animales subterr\u00e1neos y los carro\u00f1eros lograr\u00edan sobrevivir, quiz\u00e1, durante un breve tiempo adicional, aliment\u00e1ndose de los cad\u00e1veres del resto. Pero terminar\u00edan desapareciendo en pocas semanas, junto a los dem\u00e1s. Sorprendentemente, los \u00e1rboles m\u00e1s grandes lograr\u00edan, quiz\u00e1, sobrevivir m\u00e1s tiempo, incluso durante algunas d\u00e9cadas, a pesar del fr\u00edo y sin fotos\u00edntesis.<\/p>\n<p style=\"text-align: justify;\"><img decoding=\"async\" src=\"https:\/\/2.bp.blogspot.com\/-wULV6HZDZ1E\/W7hMPX02Z5I\/AAAAAAAAAcA\/xvnr87cOUA8Lzc7JbZeZ9tebpcWm--rswCLcBGAs\/s1600\/IMG_20181006_002912.jpg\" alt=\"Resultado de imagen de Inmensos submarinos nucleares\" \/><\/p>\n<p style=\"text-align: justify;\">\u00a0 \u00a0 \u00a0 \u00a0 \u00a0 \u00a0 \u00a0 \u00a0 \u00a0 \u00a0 \u00a0 \u00a0 \u00a0No creo que la idea de los submarinos sea ning\u00fan remedio a la cat\u00e1strofe<\/p>\n<p style=\"text-align: justify;\">Para los humanos, la \u00fanica opci\u00f3n ser\u00eda embarcar en submarinos y sumergirse con ellos hasta lo m\u00e1s profundo de los oc\u00e9anos, para aprovechar el calor interno del planeta a medida que surge a trav\u00e9s de las fuentes hidrotermales. Con los oc\u00e9anos congelados, ese ser\u00eda, probablemente, uno de los \u00faltimos reductos para la vida terrestre. Otra soluci\u00f3n temporal ser\u00eda la de construir m\u00f3dulos habitables totalmente aislados de las condiciones externas, aunque habr\u00eda muy poco tiempo para hacerlo (menos de un mes desde el &#8220;apag\u00f3n&#8221;) y, de conseguirlo, solo se salvar\u00edan unos pocos y durante un tiempo limitado.<\/p>\n<p style=\"text-align: justify;\"><img decoding=\"async\" src=\"https:\/\/cde.peru.com\/\/ima\/0\/1\/0\/0\/8\/1008419\/924x530\/fotos-dia.jpg\" alt=\"Resultado de imagen de 9 Im\u00c3\u00a1genes asombrosas de lagos, oc\u00c3\u00a9anos y estanques congelados\" \/><\/p>\n<p style=\"text-align: justify;\"><img decoding=\"async\" src=\"https:\/\/k46.kn3.net\/taringa\/2\/4\/4\/7\/9\/B\/MagdaBits\/718.jpg\" alt=\"Imagen relacionada\" \/><\/p>\n<p style=\"text-align: justify;\">Al final, unos pocos cientos de a\u00f1os tras la desaparici\u00f3n del Sol, incluso las profundidades oce\u00e1nicas se congelar\u00edan. La atm\u00f3sfera se colapsar\u00e1 y la g\u00e9lida superficie de lo que fue un mundo lleno de vida quedar\u00eda indefensa del bombardeo radiactivo de los rayos c\u00f3smicos.<\/p>\n<p style=\"text-align: justify;\">Un panorama, pues totalmente desolador. Por fortuna, el Sol es una estrella de mediana edad, que lleva brillando unos 5.000 millones de a\u00f1os y todo parece indicar que lo seguir\u00e1 haciendo durante otros 5.000 millones de a\u00f1os m\u00e1s. Aunque ning\u00fan ser humano llegar\u00e1 a verlo. Dentro de &#8220;solo&#8221; unos 1.000 millones de a\u00f1os, en efecto, el Sol se habr\u00e1 vuelto tan caliente que har\u00e1 hervir los oc\u00e9anos, que se evaporar\u00e1n y har\u00e1n de la Tierra un mundo inhabitable. Ojal\u00e1 que para entonces ya estemos instalados en otros lugares, muy lejos de aqu\u00ed&#8230;<\/p>\n<\/div>\n<div class='bookmark'>\r\n\t\t<table align='left' border='0' cellpadding='0' width='100%'>\r\n\t\t<tr><td><span class='pushbutton'><a href='http:\/\/delicious.com\/post?url=https%3A%2F%2Fwww.emiliosilveravazquez.com%2Fblog%2F2018%2F11%2F29%2Fsi-el-sol-desaparece-la-vida-se-iria-con-el%2F&amp;title=Si+el+Sol+desaparece%26%238230%3B+la+Vida+se+ir%C3%ADa+con+%C3%A9l' title='Delicious' target='_blank' rel='nofollow'><img src='https:\/\/www.emiliosilveravazquez.com\/blog\/wp-content\/plugins\/knxdt-bookmarks-wordpress-plugin\/images\/delicious.png'  alt='' class='book_img' border='none' style='margin:1px; padding: 0;'  \/><\/a><\/span><span class='pushbutton'><a href='http:\/\/digg.com\/submit?url=https%3A%2F%2Fwww.emiliosilveravazquez.com%2Fblog%2F2018%2F11%2F29%2Fsi-el-sol-desaparece-la-vida-se-iria-con-el%2F&amp;title=Si+el+Sol+desaparece%26%238230%3B+la+Vida+se+ir%C3%ADa+con+%C3%A9l' title='Digg' target='_blank' rel='nofollow'><img src='https:\/\/www.emiliosilveravazquez.com\/blog\/wp-content\/plugins\/knxdt-bookmarks-wordpress-plugin\/images\/digg.png'  alt='' class='book_img' border='none' style='margin:1px; padding: 0;'  \/><\/a><\/span><span class='pushbutton'><a href='http:\/\/www.google.com\/bookmarks\/mark?op=edit&amp;bkmk=https%3A%2F%2Fwww.emiliosilveravazquez.com%2Fblog%2F2018%2F11%2F29%2Fsi-el-sol-desaparece-la-vida-se-iria-con-el%2F&amp;title=Si+el+Sol+desaparece%26%238230%3B+la+Vida+se+ir%C3%ADa+con+%C3%A9l' title='Google' target='_blank' rel='nofollow'><img src='https:\/\/www.emiliosilveravazquez.com\/blog\/wp-content\/plugins\/knxdt-bookmarks-wordpress-plugin\/images\/google.png'   alt='' class='book_img' border='none' style='margin:1px; padding: 0;'  \/><\/a><\/span><span class='pushbutton'><a href='http:\/\/myweb2.search.yahoo.com\/myresults\/bookmarklet?u=https%3A%2F%2Fwww.emiliosilveravazquez.com%2Fblog%2F2018%2F11%2F29%2Fsi-el-sol-desaparece-la-vida-se-iria-con-el%2F&amp;t=Si+el+Sol+desaparece%26%238230%3B+la+Vida+se+ir%C3%ADa+con+%C3%A9l' title='Yahoo' target='_blank' rel='nofollow'><img src='https:\/\/www.emiliosilveravazquez.com\/blog\/wp-content\/plugins\/knxdt-bookmarks-wordpress-plugin\/images\/yahoo.png'  alt='' class='book_img' border='none' style='margin:1px; padding: 0;'  \/><\/a><\/span><span class='pushbutton'><a href='http:\/\/www.technorati.com\/faves?add=https%3A%2F%2Fwww.emiliosilveravazquez.com%2Fblog%2F2018%2F11%2F29%2Fsi-el-sol-desaparece-la-vida-se-iria-con-el%2F' title='Technorati' target='_blank' rel='nofollow'><img src='https:\/\/www.emiliosilveravazquez.com\/blog\/wp-content\/plugins\/knxdt-bookmarks-wordpress-plugin\/images\/technorati.png'  alt='' class='book_img' border='none' style='margin:1px; padding: 0;'  \/><\/a><\/span><span class='pushbutton'><a href='http:\/\/meneame.net\/submit.php?url=https%3A%2F%2Fwww.emiliosilveravazquez.com%2Fblog%2F2018%2F11%2F29%2Fsi-el-sol-desaparece-la-vida-se-iria-con-el%2F' title='Meneame' target='_blank' rel='nofollow'><img src='https:\/\/www.emiliosilveravazquez.com\/blog\/wp-content\/plugins\/knxdt-bookmarks-wordpress-plugin\/images\/meneame.png'  alt='' class='book_img' border='none' style='margin:1px; padding: 0;'  \/><\/a><\/span><span class='pushbutton'><a href='http:\/\/enchilame.com\/submit.php?url=https:\/\/www.emiliosilveravazquez.com\/blog\/2018\/11\/29\/si-el-sol-desaparece-la-vida-se-iria-con-el\/' target='_blank' rel='nofollow'><img title='Enchilame' src='https:\/\/www.emiliosilveravazquez.com\/blog\/wp-content\/plugins\/knxdt-bookmarks-wordpress-plugin\/images\/enchilame.png'  alt='' class='book_img' border='none' style='margin:1px; padding: 0;'  \/><\/a><\/span><span class='pushbutton'><a href='http:\/\/www.blinklist.com\/index.php?Action=Blink\/addblink.php&amp;Description=&amp;Url=https%3A%2F%2Fwww.emiliosilveravazquez.com%2Fblog%2F2018%2F11%2F29%2Fsi-el-sol-desaparece-la-vida-se-iria-con-el%2F&amp;title=Si+el+Sol+desaparece%26%238230%3B+la+Vida+se+ir%C3%ADa+con+%C3%A9l' title='BlinkList' target='_blank' rel='nofollow'><img src='https:\/\/www.emiliosilveravazquez.com\/blog\/wp-content\/plugins\/knxdt-bookmarks-wordpress-plugin\/images\/blinklist.png'  alt='' class='book_img' border='none' style='margin:1px; padding: 0;'  \/><\/a><\/span><span class='pushbutton'><a href='http:\/\/reddit.com\/submit?url=https%3A%2F%2Fwww.emiliosilveravazquez.com%2Fblog%2F2018%2F11%2F29%2Fsi-el-sol-desaparece-la-vida-se-iria-con-el%2F&amp;title=Si+el+Sol+desaparece%26%238230%3B+la+Vida+se+ir%C3%ADa+con+%C3%A9l' title='Reddit' target='_blank' rel='nofollow'><img src='https:\/\/www.emiliosilveravazquez.com\/blog\/wp-content\/plugins\/knxdt-bookmarks-wordpress-plugin\/images\/reddit.png'  alt='' class='book_img' border='none' style='margin:1px; padding: 0;'  \/><\/a><\/span><span class='pushbutton'><a href='http:\/\/www.tecnologiadiaria.com\/2009\/07\/abrir-com-hotmail-correo.html' target='_blank' title='hotmail'><img src='https:\/\/www.emiliosilveravazquez.com\/blog\/wp-content\/plugins\/knxdt-bookmarks-wordpress-plugin\/images\/linklove.png' alt='hotmail correo' class='book_img' border='none' style='margin:1px; padding: 0;' \/><\/a><\/span><span class='pushbutton'><a href='http:\/\/bitacoras.com\/votar\/anotacion\/externo\/mini\/www.emiliosilveravazquez.com\/blog\/2018\/11\/29\/si-el-sol-desaparece-la-vida-se-iria-con-el\/' title='Bitacoras.com' target='_blank' rel='nofollow'><img src='https:\/\/www.emiliosilveravazquez.com\/blog\/wp-content\/plugins\/knxdt-bookmarks-wordpress-plugin\/images\/bitacoras.png'  alt='' class='book_img' border='none' style='margin:1px; padding: 0;'  \/><\/a><\/span><span class='pushbutton'><a href='http:\/\/www.wikio.es\/vote?url=https%3A%2F%2Fwww.emiliosilveravazquez.com%2Fblog%2F2018%2F11%2F29%2Fsi-el-sol-desaparece-la-vida-se-iria-con-el%2F' title='Wikio' target='_blank' rel='nofollow'><img src='https:\/\/www.emiliosilveravazquez.com\/blog\/wp-content\/plugins\/knxdt-bookmarks-wordpress-plugin\/images\/wikio.png'   alt='' class='book_img' border='none' style='margin:1px; padding: 0;'   \/><\/a><\/span><span class='pushbutton'><a href='http:\/\/friendfeed.com\/?url=https%3A%2F%2Fwww.emiliosilveravazquez.com%2Fblog%2F2018%2F11%2F29%2Fsi-el-sol-desaparece-la-vida-se-iria-con-el%2F&amp;title=Si+el+Sol+desaparece%26%238230%3B+la+Vida+se+ir%C3%ADa+con+%C3%A9l' title='Friend Feed' target='_blank' rel='nofollow'><img src='https:\/\/www.emiliosilveravazquez.com\/blog\/wp-content\/plugins\/knxdt-bookmarks-wordpress-plugin\/images\/friendfeed.png'  alt='' class='book_img' border='none' style='margin:1px; padding: 0;'  \/><\/a><\/span><span class='pushbutton'><a href='http:\/\/www.facebook.com\/share.php?u=https%3A%2F%2Fwww.emiliosilveravazquez.com%2Fblog%2F2018%2F11%2F29%2Fsi-el-sol-desaparece-la-vida-se-iria-con-el%2F&amp;t=Si+el+Sol+desaparece%26%238230%3B+la+Vida+se+ir%C3%ADa+con+%C3%A9l' title='Facebook' target='_blank' rel='nofollow'><img src='https:\/\/www.emiliosilveravazquez.com\/blog\/wp-content\/plugins\/knxdt-bookmarks-wordpress-plugin\/images\/facebook.png'  alt='' class='book_img' border='none' style='margin:1px; padding: 0;'  \/><\/a><\/span><span class='pushbutton'><a href='http:\/\/twitter.com\/home?status=Si+el+Sol+desaparece%26%238230%3B+la+Vida+se+ir%C3%ADa+con+%C3%A9l: https%3A%2F%2Fwww.emiliosilveravazquez.com%2Fblog%2F2018%2F11%2F29%2Fsi-el-sol-desaparece-la-vida-se-iria-con-el%2F' title='Twitter' target='_blank' rel='nofollow'><img src='https:\/\/www.emiliosilveravazquez.com\/blog\/wp-content\/plugins\/knxdt-bookmarks-wordpress-plugin\/images\/twitter.png'  alt='' class='book_img' border='none' style='margin:1px; padding: 0;'  \/><\/a><\/span><span class='pushbutton'><a href='http:\/\/www.feedburner.com\/fb\/a\/emailFlare?itemTitle=Si+el+Sol+desaparece%26%238230%3B+la+Vida+se+ir%C3%ADa+con+%C3%A9l&amp;uri=https%3A%2F%2Fwww.emiliosilveravazquez.com%2Fblog%2F2018%2F11%2F29%2Fsi-el-sol-desaparece-la-vida-se-iria-con-el%2F' title='Enviar por Email' target='_blank' rel='nofollow'><img src='https:\/\/www.emiliosilveravazquez.com\/blog\/wp-content\/plugins\/knxdt-bookmarks-wordpress-plugin\/images\/email.png'  alt='' class='book_img' border='none' style='margin:1px; padding: 0;'  \/><\/a><\/span><span style='font-weight:bold; padding-left: 5px;'><a href='http:\/\/wordpress.org\/extend\/plugins\/knxdt-bookmarks-wordpress-plugin\/' title='Plugin' rel='nofollow' target='_blank'>[?]<\/a><\/span><\/td><\/tr><\/table><br\/><br\/><\/div>","protected":false},"excerpt":{"rendered":"<p>\u00bfY si el Sol desapareciera de repente? Esta es la cascada de consecuencias para nuestro planeta y c\u00f3mo se suceder\u00edan en el tiempo &nbsp; \u00a0Reportaje de prensa No hace falta ser un astr\u00f3nomo experimentado para saber que dependemos completamente del Sol. Nuestra estrella particular, en efecto, ocupa el centro de nuestro sistema planetario, mantiene los [&hellip;]<\/p>\n","protected":false},"author":2,"featured_media":0,"comment_status":"open","ping_status":"open","sticky":false,"template":"","format":"standard","meta":{"_s2mail":"yes","footnotes":""},"categories":[33],"tags":[],"_links":{"self":[{"href":"https:\/\/www.emiliosilveravazquez.com\/blog\/wp-json\/wp\/v2\/posts\/22378"}],"collection":[{"href":"https:\/\/www.emiliosilveravazquez.com\/blog\/wp-json\/wp\/v2\/posts"}],"about":[{"href":"https:\/\/www.emiliosilveravazquez.com\/blog\/wp-json\/wp\/v2\/types\/post"}],"author":[{"embeddable":true,"href":"https:\/\/www.emiliosilveravazquez.com\/blog\/wp-json\/wp\/v2\/users\/2"}],"replies":[{"embeddable":true,"href":"https:\/\/www.emiliosilveravazquez.com\/blog\/wp-json\/wp\/v2\/comments?post=22378"}],"version-history":[{"count":0,"href":"https:\/\/www.emiliosilveravazquez.com\/blog\/wp-json\/wp\/v2\/posts\/22378\/revisions"}],"wp:attachment":[{"href":"https:\/\/www.emiliosilveravazquez.com\/blog\/wp-json\/wp\/v2\/media?parent=22378"}],"wp:term":[{"taxonomy":"category","embeddable":true,"href":"https:\/\/www.emiliosilveravazquez.com\/blog\/wp-json\/wp\/v2\/categories?post=22378"},{"taxonomy":"post_tag","embeddable":true,"href":"https:\/\/www.emiliosilveravazquez.com\/blog\/wp-json\/wp\/v2\/tags?post=22378"}],"curies":[{"name":"wp","href":"https:\/\/api.w.org\/{rel}","templated":true}]}}