{"id":22274,"date":"2018-11-15T06:25:32","date_gmt":"2018-11-15T05:25:32","guid":{"rendered":"http:\/\/www.emiliosilveravazquez.com\/blog\/?p=22274"},"modified":"2018-11-15T06:25:32","modified_gmt":"2018-11-15T05:25:32","slug":"la-importancia-del-carbono-para-la-vida-y-otros-4","status":"publish","type":"post","link":"https:\/\/www.emiliosilveravazquez.com\/blog\/2018\/11\/15\/la-importancia-del-carbono-para-la-vida-y-otros-4\/","title":{"rendered":"La importancia del Carbono para la Vida y otros"},"content":{"rendered":"<p style=\"text-align: justify;\"><img decoding=\"async\" loading=\"lazy\" src=\"https:\/\/3.bp.blogspot.com\/-vLbsFaMbZrc\/V2HOzWc1MbI\/AAAAAAAApnY\/nhvEf7-5QrIaVS6Pd5Jatd0bwNFbsDWNQCLcB\/s640\/explicacion_teoria_gaia.jpg\" alt=\"Resultado de imagen de Gaia\" width=\"304\" height=\"227\" \/><img decoding=\"async\" loading=\"lazy\" src=\"http:\/\/hermandadblanca.org\/wp-content\/uploads\/2011\/04\/GAIA-en-equilibrio.jpg\" alt=\"Resultado de imagen de Gaia\" width=\"304\" height=\"299\" \/><\/p>\n<p style=\"text-align: justify;\">\u00a0 \u00a0 \u00a0 \u00a0 \u00a0 \u00a0 \u00a0 \u00a0 \u00a0 El concepto de Gaia, considera a la Tierra como un Ente Vivo que evoluciona y se recicla<\/p>\n<p style=\"text-align: justify;\">Nuestro planeta, la Tierra, forma parte del Universo, y, es una prueba indiscutible de que\u00a0sus componentes biol\u00f3gicos y f\u00edsicos forman parte de una \u00fanica red que funciona de un modo autorregulado, y, de esa forma, mantiene las condiciones que son ampliamente adecuadas para la existencia de vida, pero que sufren fluctuaciones a todas las escalas (incluidos los ritmos de alternancia de glaciaciones y periodos interglaciales, as\u00ed como las extinciones masivas). En un sentido real, la Tierra es el lugar que alberga una red de vida como seguramente estar\u00e1 presente en muchos otros mundos en el que se den las circunstancias adecuadas, y la existencia de esta red (Gaia) ser\u00eda visible para cualquier forma de vida inteligente que hubiera en Marte o en cualquier otro planeta y que fuera capaz de aplicar la prueba conocida de Lovelock y buscar se\u00f1ales de reducci\u00f3n de la <a href=\"#\" onclick=\"referencia('entropia',event); return false;\">entrop\u00eda<\/a>.<\/p>\n<p style=\"text-align: justify;\"><img decoding=\"async\" loading=\"lazy\" src=\"http:\/\/www.absolum.org\/img\/lovelock.jpg\" alt=\"\" width=\"112\" height=\"178\" align=\"right\" hspace=\"7\" \/>Cuando\u00a0<em>Lovelock<\/em>\u00a0public\u00f3 la hip\u00f3tesis de\u00a0<em><strong>Gaia<\/strong><\/em>, provoco una sacudida en muchos cient\u00edficos, sobre todo en aquellos con una mente m\u00e1s l\u00f3gica que odiaban un concepto que sonaba tan m\u00edstico. Les produc\u00eda perplejidad, y lo m\u00e1s desconcertante de todo era que\u00a0<em>Lovelock<\/em>\u00a0era uno de ellos. Ten\u00eda fama de ser algo inconformista, pero sus credenciales cient\u00edficas eran muy s\u00f3lidas. Entre otros logros a\u00a0<em>Lovelock<\/em>\u00a0se le conoc\u00eda por ser el cient\u00edfico que hab\u00eda dise\u00f1ado los instrumentos de algunos de los experimentos para buscar vida que la nave estadounidense Viking hab\u00eda llevado a cabo en la superficie de Marte.<\/p>\n<p style=\"text-align: justify;\">Ni la NASA, tom\u00f3 nunca la prueba de Lovelock lo suficientemente en serio como para aplicarla a la b\u00fasqueda de vida en el Sistema Solar; pero si se lo tom\u00f3 en serio para buscar vida m\u00e1s all\u00e1 del Sistema Solar. Pero recapacitaron y comenzaron a enviar al planeta Marte, una serie de ingenios en forma de peque\u00f1as navez robotizadas como la Mars Phoenix que comenz\u00f3 encontrando hielo de agua diluyendo porciones de la tierra marciana en agua y debidamente tratada, hallaron la presencia de magnesio, sodio, potasio y cloruros.\u00a0 Uno de los cient\u00edficos responsables lleg\u00f3 a decir:<\/p>\n<p style=\"text-align: justify;\"><img decoding=\"async\" loading=\"lazy\" src=\"https:\/\/static.betazeta.com\/www.fayerwayer.com\/up\/2015\/09\/Captura-de-pantalla-2015-09-30-a-las-10.10.28-960x623.png\" alt=\"\" width=\"645\" height=\"420\" \/><\/p>\n<blockquote><p>&nbsp;<\/p>\n<p style=\"text-align: justify;\">&#8220;Hay m\u00e1s que evidencia de agua porque las sales est\u00e1n ah\u00ed. Adem\u00e1s hemos encontrado los compuestos qu\u00edmicos necesarios para la vida como la conocemos. y, lo sorprendente de Marte es que no es un mundo extra\u00f1o, sino que, en muchos aspectos es igual que la Tierra.&#8221;<\/p>\n<p>&nbsp;<\/p>\n<p>&nbsp;<\/p><\/blockquote>\n<p style=\"text-align: justify;\">Se est\u00e1n analizando los gases y los compuestos qu\u00edmicos del suelo y del hielo all\u00ed encontrados, y, todo ello, debidamente procesado nos dar\u00e1 una respuesta de lo que all\u00ed existe.<\/p>\n<p style=\"text-align: justify;\"><img decoding=\"async\" loading=\"lazy\" src=\"http:\/\/23.253.41.33\/wp-content\/uploads\/10.208.149.45\/uploads\/cache\/2015\/06\/ghelix\/2715311096.png\" alt=\"Resultado de imagen de El Carbono y la Vida en el Universo\" width=\"304\" height=\"214\" \/><\/p>\n<p style=\"text-align: justify;\">Lo que para m\u00ed est\u00e1 muy claro es que, los mecanismos del Universo son los mismos en cualquier regi\u00f3n del cielo, y, las estrellas y los planetas surgen en todas partes de la misma manera. Y, si eso es as\u00ed, ser\u00eda l\u00f3gico pensar que la vida podr\u00eda estar en cualquier parte, y, adem\u00e1s, con muchas probabilidades de que sea m\u00e1s o menos tal como la conocemos, ya que, la nuestra, basada en el Carbono y el Nitr\u00f3geno (siempre en presencia de agua), es la m\u00e1s natural dadas las caracter\u00edsticas de estos elementos para unirse.<\/p>\n<p style=\"text-align: justify;\">La historia de la vida en el Universo es otro ejemplo de complejidad superficial construida sobre cimientos de una profunda sencillez. Actualmente la prueba de que el universo tal como lo conocemos surgi\u00f3 a partir de un estado denso y caliente (<a href=\"#\" onclick=\"referencia('big bang',event); return false;\">Big Bang<\/a>) hace unos 14.000 millones de a\u00f1os, es poco discutida.<\/p>\n<p style=\"text-align: justify;\"><img decoding=\"async\" loading=\"lazy\" src=\"http:\/\/camposdeestrellas.files.wordpress.com\/2011\/11\/pahs-in-nebula.jpg\" alt=\"Resultado de imagen de El Universo joven y el Hidr\u00f3geno y el Helio como bloques primordiales\" width=\"304\" height=\"304\" \/><\/p>\n<p style=\"text-align: justify;\">Con los elementos primordiales creados en las estrellas, miles de a\u00f1os m\u00e1s tarde, en los mundos situados en las zonas habitables de sus estrellas, se habr\u00e1n podido conformar c\u00e9lulas replicantes que habr\u00edan dado comienzo a la aventura de la vida. En la Tierra, el \u00fanico planeta con vida que conocemos (por el momento), las formas de vida y especies que han estado aqu\u00ed y siguen estando ha sido de una rica variedad y de asombrosos metabolismos.<\/p>\n<p style=\"text-align: justify;\"><img decoding=\"async\" loading=\"lazy\" src=\"https:\/\/apod.nasa.gov\/apod\/image\/1104\/RhoOph_wise900c.jpg\" alt=\"Imagen relacionada\" width=\"304\" height=\"280\" \/><\/p>\n<p style=\"text-align: justify;\">Los bloques de construcci\u00f3n b\u00e1sicos que emergieron del big bang fueron el hidr\u00f3geno y el helio, casi exactamente en una proporci\u00f3n de 3:1. Todos los dem\u00e1s elementos qu\u00edmicos (excepto unos leves vestigios de unos pocos elementos muy ligeros, como el litio) han sido fabricados en el interior de las estrellas y dispersados por el espacio cuando estas se dilataron y expulsaron materiales, o, al final de sus vidas, agotado el combustible nuclear de fusi\u00f3n, explotaron como Supernovas regando grandes regiones con Nebulosas creadoras de nuevas estrellas y nuevos mundos.<\/p>\n<p style=\"text-align: justify;\"><img decoding=\"async\" loading=\"lazy\" src=\"http:\/\/3.bp.blogspot.com\/-8P4kyb0W_F0\/TrChoMgIbKI\/AAAAAAAAAaY\/_xswps27JcM\/s1600\/fusion-nuclear-hidrogeno-sol.gif\" alt=\"Resultado de imagen de La fusi\u00f3n nuclear en el Sol\" width=\"304\" height=\"228\" \/><\/p>\n<p style=\"text-align: justify;\">Una estrella como el Sol genera calor convirtiendo hidr\u00f3geno en helio dentro de su n\u00facleo; en otras estrellas los procesos cruciales incluyen fusiones sucesivas de n\u00facleos de helio. Dado que cada n\u00facleo de helio es una unidad que contiene cuatro &#8220;<a href=\"#\" onclick=\"referencia('nucleones',event); return false;\">nucleones<\/a>&#8221; (dos <a href=\"#\" onclick=\"referencia('proton',event); return false;\">protones<\/a> y dos <a href=\"#\" onclick=\"referencia('neutron',event); return false;\">neutrones<\/a>), y este elemento se denomina abreviadamente helio-4, esto significa que los elementos cuyos n\u00facleos contienen un n\u00famero de <a href=\"#\" onclick=\"referencia('nucleones',event); return false;\">nucleones<\/a> que es m\u00faltiplo de cuatro son relativamente comunes en el universo, excepto\u00a0el berilio-8, que es inestable.<\/p>\n<p style=\"text-align: justify;\"><img decoding=\"async\" loading=\"lazy\" src=\"http:\/\/2.bp.blogspot.com\/-AdgroiL0B1E\/TsoDfBLNaeI\/AAAAAAAAAZQ\/HyfKDkbWpkI\/s1600\/is%25C3%25B3topos%2Bde%2Bcarbono.jpg\" alt=\"Resultado de imagen de Carbono 12 y Ox\u00edgeno 16\" width=\"304\" height=\"200\" \/><\/p>\n<p style=\"text-align: justify;\">El\u00a0<strong>carbono-12<\/strong>\u00a0es el m\u00e1s abundante de los dos is\u00f3topos estables del elemento Carbono, representando el 98,89% de todo el carbono terrestre. Est\u00e1 conformado por 6 <a href=\"#\" onclick=\"referencia('proton',event); return false;\">protones<\/a>, 6 <a href=\"#\" onclick=\"referencia('neutron',event); return false;\">neutrones<\/a> y 6 <a href=\"#\" onclick=\"referencia('electron',event); return false;\">electrones<\/a>.<\/p>\n<p style=\"text-align: justify;\">Adquiere particular importancia al usarse como patr\u00f3n para el c\u00e1lculo de la masa at\u00f3mica de los distintos nucleidos existentes en la naturaleza; dado que la masa at\u00f3mica del\u00a0<sup>12<\/sup>C es, por definici\u00f3n, 12 umas.<\/p>\n<p style=\"text-align: justify;\">Concretamente, en las primeras etapas de este proceso se produce carbono-12 y ox\u00edgeno-16, y resulta que el nitr\u00f3geno-14, aunque no contiene un n\u00famero entero de n\u00facleos de helio-4, se obtiene como subproducto de una serie de interacciones en las que participan n\u00facleos de ox\u00edgeno y de carbono que operan en estrellas de masa un poco mayor que la de nuestro Sol.<\/p>\n<p style=\"text-align: justify;\"><img decoding=\"async\" loading=\"lazy\" src=\"http:\/\/rafaelpuente666.files.wordpress.com\/2010\/11\/88_5536666.jpg\" alt=\"Resultado de imagen de El Helio\" width=\"304\" height=\"308\" \/><\/p>\n<p style=\"text-align: justify;\">Como consecuencia, estos son, con gran diferencia, los elementos m\u00e1s comunes, aparte del hidr\u00f3geno y del helio. Dado que \u00e9ste \u00faltimo es un gas inerte (noble) que no reacciona qu\u00edmicamente, se deduce que los cuatro elemenbtos reactivos m\u00e1s comunes en el universo son el Carbono, el Hidr\u00f3geno, el Ox\u00edgeno y el Nitr\u00f3geno, conocidos en el conjunto por el acr\u00f3nimo CHON.<\/p>\n<p style=\"text-align: justify;\">No es casualidad que los cuatro elementos qu\u00edmicos que participan con una aplastante mayor\u00eda en la composici\u00f3n de los seres vivos de la Tierra sean el carbono, el hidr\u00f3geno, el ox\u00edgeno y el nitr\u00f3geno.<\/p>\n<p style=\"text-align: justify;\"><img decoding=\"async\" src=\"http:\/\/estaticos.muyinteresante.es\/media\/cache\/400x300_thumb\/uploads\/images\/article\/573c5c825cafe8750db29ce9\/carbono_0.JPG\" alt=\"carbono\" \/><\/p>\n<p style=\"text-align: justify;\">En estado puro y dependiendo de c\u00f3mo est\u00e9n dispuestos sus \u00e1tomos, este elemento puede formar tanto el mineral m\u00e1s duro que ocurre en la naturaleza, el diamante, como uno de los m\u00e1s blandos, el grafito.\u00a0<strong>Organizados en hex\u00e1gonos y formando l\u00e1minas, los \u00e1tomos de carbono dan lugar al grafeno,\u00a0<\/strong>un material del que habr\u00e9is o\u00eddo hablar estos \u00faltimos a\u00f1os por sus \u201cincre\u00edbles\u201d propiedades<\/p>\n<p style=\"text-align: justify;\"><img decoding=\"async\" loading=\"lazy\" src=\"http:\/\/www.agenciasinc.es\/var\/ezwebin_site\/storage\/images\/tribuna\/estructuras-basadas-en-el-carbono-de-base-de-la-vida-a-futuro-de-los-materiales\/403878-2-esl-MX\/Estructuras-basadas-en-el-carbono-de-base-de-la-vida-a-futuro-de-los-materiales_image_380.png\" alt=\"Resultado de imagen de El Carbono y la Vida\" width=\"304\" height=\"282\" \/><\/p>\n<p style=\"text-align: justify;\">\u00a0\u00a0\u00a0\u00a0\u00a0\u00a0\u00a0\u00a0\u00a0\u00a0\u00a0\u00a0\u00a0 Estructuras basadas en el Carbono<\/p>\n<p style=\"text-align: justify;\">El Carbono\u00a0desarrolla el papel clave en el desarrollo de la vida, porque un solo \u00e1tomo de este elemento es capaz de combinarse qu\u00edmicamente nada menos que con otros cuatro \u00e1tomos al mismo tiempo (inclu\u00eddos otros \u00e1tomos de carbono, que pueden estar unidos a su vez\u00a0 a m\u00e1s \u00e1tomos de carbono, formando anillos y cadenas), de tal modo que este elemento tiene una qu\u00edmica excepcionalmente rica. As\u00ed decimos con frecuencia que la vida en la Tierra est\u00e1 basada en el Carbono, el elemento m\u00e1s ductil y crucial en nuestra formaci\u00f3n.<\/p>\n<p style=\"text-align: justify;\"><img decoding=\"async\" src=\"http:\/\/image.slidesharecdn.com\/importanciadelcarbonoparalavida-121101214200-phpapp01\/95\/importancia-del-carbono-para-la-vida-5-638.jpg?cb=1351806156\" alt=\"Importancia del carbono\u2022 Existen varios millones de compuestos  org\u00e1nicos conocidos, m\u00e1s de diez veces  el n\u00famero de compu...\" data-small=\"http:\/\/image.slidesharecdn.com\/importanciadelcarbonoparalavida-121101214200-phpapp01\/85\/importancia-del-carbono-para-la-vida-5-320.jpg?cb=1351806156\" data-normal=\"http:\/\/image.slidesharecdn.com\/importanciadelcarbonoparalavida-121101214200-phpapp01\/95\/importancia-del-carbono-para-la-vida-5-638.jpg?cb=1351806156\" data-full=\"http:\/\/image.slidesharecdn.com\/importanciadelcarbonoparalavida-121101214200-phpapp01\/95\/importancia-del-carbono-para-la-vida-5-1024.jpg?cb=1351806156\" \/>Claro que, tal comentario, no implica la negaci\u00f3n de que pudieran existir otras clases de vida basadas en el Silicio o en cualquier otra combinaci\u00f3n qu\u00edmica, pero todas las pruebas que aporta la Astronom\u00eda sugieren que es mucho mayor la probabilidad de que la vida m\u00e1s all\u00e1 de nuestras fronteras est\u00e9 basada tambi\u00e9n en el CHON.<\/p>\n<p style=\"text-align: justify;\"><img decoding=\"async\" src=\"http:\/\/image.slidesharecdn.com\/importanciadelcarbonoparalavida-121101214200-phpapp01\/95\/importancia-del-carbono-para-la-vida-8-638.jpg?cb=1351806156\" alt=\"Trascendencia del carbono para la                 vida\u2022 Biolog\u00eda celular: Los organismos vivos (c\u00e9lulas)  est\u00e1n construido...\" data-small=\"http:\/\/image.slidesharecdn.com\/importanciadelcarbonoparalavida-121101214200-phpapp01\/85\/importancia-del-carbono-para-la-vida-8-320.jpg?cb=1351806156\" data-normal=\"http:\/\/image.slidesharecdn.com\/importanciadelcarbonoparalavida-121101214200-phpapp01\/95\/importancia-del-carbono-para-la-vida-8-638.jpg?cb=1351806156\" data-full=\"http:\/\/image.slidesharecdn.com\/importanciadelcarbonoparalavida-121101214200-phpapp01\/95\/importancia-del-carbono-para-la-vida-8-1024.jpg?cb=1351806156\" \/><\/p>\n<p style=\"text-align: justify;\">Es inadmisible lo poco que la gente com\u00fan sabe del Universo al que pertenecen y tambi\u00e9n lo poco que se valora el trabajo de Astr\u00f3nomos, Astrof\u00edsicos y Cosm\u00f3logos, ellos son los que realizan las pruebas y las comprobaciones que finalmente nos llevan al conocimiento que hoy tenemos del cielo y de los objetos que lo pueblan y de las fuerzas que all\u00ed act\u00faan.<\/p>\n<p style=\"text-align: justify;\"><img decoding=\"async\" title=\"luna\" src=\"https:\/\/k43.kn3.net\/taringa\/2\/2\/6\/5\/4\/3\/61\/elnavegologo\/1F2.jpg?2097\" alt=\"luna\" border=\"0\" \/><\/p>\n<p style=\"text-align: justify;\">La Nebulosa de la Quilla, una de las regiones de nacimiento de estrellas m\u00e1s grandes del universo: pilares de 3 a\u00f1os luz de altura que parecen abultados como las velas de un barco por la fuerza tirante de los astros que, literalmente, da a luz en su interior.<\/p>\n<p style=\"text-align: justify;\">Gran parte de estas pruebas proceden del an\u00e1lisis espectrosc\u00f3pico del material que est\u00e1 presente en las Nebulosas, esas inmensas nubes de gas y polvo que se encuentran en el espacio como resultado de explosiones de supernovas o de otros fen\u00f3menos que en el Universo son de lo m\u00e1s frecuente. A partir de esas nubes se forman los sistemas planetarios como nuestro sistema solar, all\u00ed, nacen nuevas estrellas que contienen los mismos materiales expulsados por estrellas de generaciones anteriores.<\/p>\n<p style=\"text-align: justify;\">En estas nubes hay muchos compuestos construidos en torno a \u00e1tomos de carbono, y este elemento es tan importante para la vida que sus compuestos reciben en general el nombre de compuestos &#8220;org\u00e1nicos&#8221;. Entre los compuestos detectados en nubes interestelares hay sustancias muy sencillas, como metano y di\u00f3xido de carbono, pero tambi\u00e9n materiales org\u00e1nicos mucho m\u00e1s complejos, entre los que cabe citar el formaldeh\u00eddo, el alcohol et\u00edlico, e incluso al menos un amino\u00e1cido, la glicina. Lo que constituye un descubrimiento muy esclarecedor, porque es muy probable que toso los materiales existentes en las nubes interestelares hayan estado presentes en la nube a partir de la cual se form\u00f3 nuestro Sistema Solar, hace unos cinco milo millones de a\u00f1os.<\/p>\n<p style=\"text-align: justify;\"><img decoding=\"async\" title=\"luna\" src=\"https:\/\/k36.kn3.net\/taringa\/2\/2\/6\/5\/4\/3\/61\/elnavegologo\/987.jpg?3373\" alt=\"luna\" border=\"0\" \/><\/p>\n<p style=\"text-align: justify;\">En este c\u00famulo estelar llamado NGC 602, cerca de la Peque\u00f1a Nube de Magallanes, millones de estrellas j\u00f3venes emiten radiaci\u00f3n y energ\u00eda en forma de ondas que erosionan el material que las rodea creando formaciones visualmente interesantes. El tama\u00f1o de lo que se ve en la foto abarca 200 a\u00f1os luz de lado a lado<\/p>\n<p style=\"text-align: justify;\">A partir de estos datos, equipos cient\u00edficos han llevado a cabo en la Tierra experimentos en los que unas materias primas, debidamente tratadas simulando las condiciones de densidad y energ\u00edas de aquellas nubes interestelares (ahora en laboratorio), dieron como resultado el surgir expont\u00e1neo de tres amino\u00e1cidos (glicina, serina y alanina). Todos conocemos el experimento de Miller.<\/p>\n<p style=\"text-align: justify;\">En otro experimento utilizando otra mezcla de ingredientes ligeramente distinta, se producian no menos de dieciseis amino\u00e1cidos y otros compuestos org\u00e1nicos diversos en unas condiciones que eran las existentes en el espacio interestelar.<\/p>\n<p style=\"text-align: justify;\">Para hacernos una idea, las prote\u00ednas de todos los seres vivos de la Tierra est\u00e1n compuestas por diversas combinaciones de tan s\u00f3lo veinte amino\u00e1cidos. Todas las evidencias sugieren que este tipo de materia habr\u00eda ca\u00eddo sobre los j\u00f3venes planetas durante las primeras etapas de formaci\u00f3n del sistema planetario, deposita por cometas que habr\u00eda sido barridos por la influencia gravitatoria de unos palnetas que estaban aumentando de tama\u00f1o.<\/p>\n<p style=\"text-align: justify;\"><img decoding=\"async\" id=\"img_ID115499462C3395371I351065180\" src=\"http:\/\/s1.eestatic.com\/2016\/04\/07\/ciencia\/Ciencia_115499462_3395371_1706x1280.jpg\" alt=\"Formaci\u00f3n de una estrella en la nebulosa Tar\u00e1ntula.\" \/><\/p>\n<h3 style=\"text-align: justify;\"><\/h3>\n<h3 style=\"text-align: justify;\">En id\u00e9nticas\u00a0condiciones de temperatura y presi\u00f3n que el universo de hace 4.600 millones de a\u00f1os, Experimentos llevados a cabo en el laboratorio, han logrado originar ribosa, la mol\u00e9cula que luego acab\u00f3 convirti\u00e9ndose en ADN.<\/h3>\n<p style=\"text-align: justify;\">Como hemos podido deducir,\u00a0una sopa de amino\u00e1cidos posee la capacidad de organizarse por s\u00ed s\u00f3la, formando una red con todas las propiedades que ha de tener la vida. De esto se deduce que los amino\u00e1cidos que estuvieron formando durante largos per\u00edodos de tiempo en las profundidades del espacio (utilizando energias proporciona por la luz de las estrellas), ser\u00edan transportados a la superficie de cualquier planeta joven, como la Tierra.<\/p>\n<p style=\"text-align: justify;\">Algunos planetas pueden resultar demasiado calientes para que se desarrolle la vida, y otros demasiado fr\u00edos. Pero ciertos planetas como la propia Tierra (existentes a miles de millones), estar\u00edan justo a la temperatura adecuada. All\u00ed, utilizando la expresi\u00f3n de Charles Darwin, en alguna &#8220;peque\u00f1a charca caliente&#8221; tendr\u00edan la oportunidad de organizarse en sistemas vivos.<\/p>\n<p style=\"text-align: justify;\"><img decoding=\"async\" title=\"Sopa primitiva: el origen de la vida\" src=\"http:\/\/knowi.es\/wp-content\/uploads\/2014\/12\/shutterstock_214968889-864x400_c.jpg\" alt=\"Sopa primitiva: el origen de la vida\" \/><\/p>\n<p style=\"text-align: justify;\">\u00a0 \u00a0 \u00a0 \u00a0 \u00a0 \u00a0 \u00a0 \u00a0 \u00a0 \u00a0 \u00a0 Sopa primigenia de la que surgi\u00f3 la primera c\u00e9lula replicante precursora de la Vida<\/p>\n<p style=\"text-align: justify;\">Claro que, por mi parte, como dijo aquel famoso Astrof\u00edsico ingl\u00e9s del que ahora no recuerdo el nombre: &#8221; milagro no es que aparezca vida fuera de la Tierra, el verdadero milafro ser\u00eda que no apareciera&#8221;.<\/p>\n<p style=\"text-align: justify;\">Y, en cuanto a las condiciones para que haga posible la existencia de vida, conviene ser reservados y no emitir un juicio precipitado, ya que, todos sabemos de la existencia de vida en condiciones que se podr\u00edan comparar o denominar de infernales. As\u00ed que, estaremos a la espera de que, el Universo nos de una respuesta.<\/p>\n<p style=\"text-align: justify;\"><strong>Veamos algunos conceptos:\u00a0<strong>Nova.<\/strong><\/strong><\/p>\n<p style=\"text-align: justify;\"><img decoding=\"async\" src=\"http:\/\/eltamiz.com\/images\/nova_luminosa_roja.jpg\" alt=\"http:\/\/eltamiz.com\/images\/nova_luminosa_roja.jpg\" \/><\/p>\n<p style=\"text-align: justify;\">Antiguamente, a una estrella que aparec\u00eda de golpe donde no hab\u00eda nada, se le llamaba <a href=\"#\" onclick=\"referencia('nova',event); return false;\">nova<\/a> o &#8221; estrella nueva &#8220;. Pero este nombre no es correcto, &#8230;<\/p>\n<p style=\"text-align: justify;\"><strong><br \/>\n<\/strong><\/p>\n<p style=\"text-align: justify;\">En realidad es una estrella que durante el periodo de s\u00f3lo unos pocos d\u00edas, se vuelve 10<sup>3<\/sup>-10<sup>4\u00a0<\/sup>veces m\u00e1s brillantes de lo que era.\u00a0 Ocurren 10 \u00f3 15 sucesos de ese tipo cada a\u00f1o en la V\u00eda L\u00e1ctea.\u00a0 Las <a href=\"#\" onclick=\"referencia('nova',event); return false;\">novas<\/a> se cree que son binarias pr\u00f3ximas en las que, uno de sus componentes es usualmente una <a href=\"#\" onclick=\"referencia('enana blanca',event); return false;\">enana blanca<\/a> y la otra una gigante roja.<\/p>\n<p style=\"text-align: justify;\">La materia se transfiere de la gigante roja a la <a href=\"#\" onclick=\"referencia('enana blanca',event); return false;\">enana blanca<\/a>, en cuya superficie se acumula, dando lugar a una explosi\u00f3n termonuclear, y, a veces se convierte en una estrella de <a href=\"#\" onclick=\"referencia('neutron',event); return false;\">neutrones<\/a> al ver incrementada su masa.<\/p>\n<p style=\"text-align: justify;\"><strong>Nucleones.<\/strong><\/p>\n<p style=\"text-align: justify;\"><img decoding=\"async\" loading=\"lazy\" src=\"https:\/\/encrypted-tbn1.gstatic.com\/images?q=tbn:ANd9GcR_vHAcM324jvUmbH7JZwOfj4vuroWTjZ2D7uFmCaufXB7FzVIU\" alt=\"Resultado de imagen de Nucleones\" width=\"304\" height=\"228\" \/><\/p>\n<p style=\"text-align: justify;\">Protones y <a href=\"#\" onclick=\"referencia('neutron',event); return false;\">neutrones<\/a>, los constituyentes de los n\u00facleos at\u00f3micos que, a su vez, est\u00e1n conformados por tripletes de Quarks. Un <a href=\"#\" onclick=\"referencia('proton',event); return false;\">prot\u00f3n<\/a> est\u00e1 hecho por 2 Quarks up y 1 Quark Down, mientras que un Neutr\u00f3n est\u00e1 conformado por 2 Quarks Down y 1 Quark up. Son retenidos en el n\u00facleo por los Bosones llamados Gluones que son transmisores de la <a href=\"#\" onclick=\"referencia('fuerza nuclear fuerte',event); return false;\">fuerza nuclear fuerte<\/a>.<\/p>\n<p style=\"text-align: justify;\"><strong>N\u00facleo.<\/strong><\/p>\n<p style=\"text-align: justify;\"><img decoding=\"async\" loading=\"lazy\" src=\"http:\/\/info.babylon.com\/cgi-bin\/bis.fcgi?rt=GetFile&amp;uri=%21%21QH57AB8QMA&amp;type=0&amp;index=24\" alt=\"Resultado de imagen de N\u00facleo del \u00e1tomo\" width=\"304\" height=\"220\" \/><\/p>\n<p style=\"text-align: justify;\">Coraz\u00f3n central de un \u00e1tomo que contiene la mayor parte de su masa.\u00a0 Est\u00e1 positivamente cargado y constituido por uno o m\u00e1s <a href=\"#\" onclick=\"referencia('nucleones',event); return false;\">nucleones<\/a> (<a href=\"#\" onclick=\"referencia('proton',event); return false;\">protones<\/a> y <a href=\"#\" onclick=\"referencia('neutron',event); return false;\">neutrones<\/a>).<\/p>\n<p style=\"text-align: justify;\">La carga positiva del n\u00facleo est\u00e1 determinada por el n\u00famero de <a href=\"#\" onclick=\"referencia('proton',event); return false;\">protones<\/a> que contiene (n\u00famero at\u00f3mico) y en el \u00e1tomo neutro est\u00e1 compensada por un n\u00famero igual de <a href=\"#\" onclick=\"referencia('electron',event); return false;\">electrones<\/a>, que se mueven alrededor del n\u00facleo y cuya carga el\u00e9ctrica negativa anula o compensa a la positiva de los (electro) <a href=\"#\" onclick=\"referencia('proton',event); return false;\">protones<\/a>.<\/p>\n<p style=\"text-align: justify;\">El n\u00facleo m\u00e1s simple es el n\u00facleo de hidr\u00f3geno, consistente en un \u00fanico <a href=\"#\" onclick=\"referencia('proton',event); return false;\">prot\u00f3n<\/a>.\u00a0 Todos los dem\u00e1s n\u00facleos contienen adem\u00e1s uno o m\u00e1s <a href=\"#\" onclick=\"referencia('neutron',event); return false;\">neutrones<\/a>.<\/p>\n<p style=\"text-align: justify;\">Los <a href=\"#\" onclick=\"referencia('neutron',event); return false;\">neutrones<\/a> contribuyen a la masa at\u00f3mica, pero no a la carga nuclear.<\/p>\n<p style=\"text-align: justify;\">El n\u00facleo m\u00e1s masivo que se encuentra en la Naturaleza es el Uranio-238, que contiene 92 <a href=\"#\" onclick=\"referencia('proton',event); return false;\">protones<\/a> y 146 <a href=\"#\" onclick=\"referencia('neutron',event); return false;\">neutrones<\/a>.<\/p>\n<p style=\"text-align: justify;\"><strong>Nucleos\u00edntesis,\u00a0 <a href=\"#\" onclick=\"referencia('nucleogenesis',event); return false;\">nucleog\u00e9nesis<\/a>.<\/strong><\/p>\n<p style=\"text-align: justify;\"><img decoding=\"async\" loading=\"lazy\" src=\"http:\/\/www.iac.es\/cosmoeduca\/universo\/imag-charla1\/image032.jpg\" alt=\"Imagen relacionada\" width=\"250\" height=\"188\" \/><\/p>\n<p style=\"text-align: justify;\">Fusi\u00f3n de <a href=\"#\" onclick=\"referencia('nucleones',event); return false;\">nucleones<\/a> para crear los n\u00facleos de nuevos \u00e1tomos m\u00e1s complejos.\u00a0 La <a href=\"#\" onclick=\"referencia('nucleosintesis',event); return false;\">nucleos\u00edntesis<\/a> tiene lugar en las estrellas y, a un ritmo m\u00e1s acelerado, en las supernovas.<\/p>\n<p style=\"text-align: justify;\">La <a href=\"#\" onclick=\"referencia('nucleosintesis',event); return false;\">nucleos\u00edntesis<\/a> primordial tuvo lugar muy poco despu\u00e9s del <a href=\"#\" onclick=\"referencia('big bang',event); return false;\">Big Bang<\/a>, cuando el Universo era extremadamente caliente y, ese proceso fue el responsable de la abundancia de elementos\u00a0 ligeros, por todo el cosmos, como el Helio y el Hidr\u00f3geno que, en realidad es la materia primordial de nuestro Universo, a partir de estos elementos se obtienen todos los dem\u00e1s en los procesos estelares de fusi\u00f3n.<\/p>\n<p style=\"text-align: justify;\"><strong>Omega negro<\/strong><\/p>\n<p style=\"text-align: justify;\"><img decoding=\"async\" src=\"http:\/\/3.bp.blogspot.com\/_Vea_3vg0ArY\/SfJiBj209pI\/AAAAAAAADQw\/Nto8Jca-et4\/s400\/43a.jpg\" alt=\"Resultado de imagen de Resultado de imagen de Omega negro como densidad de materia del Universo\" \/><\/p>\n<p style=\"text-align: justify;\">El Omega negro se refiere a la cantidad de materia que hay en el Universo<\/p>\n<p style=\"text-align: justify;\">\u00cdndice de densidad de materia del Universo, definida como la raz\u00f3n entre la actual densidad y la &#8220;Densidad cr\u00edtica&#8221; requerida para &#8220;cerrar&#8221; el Universo y, con el tiempo, detener su expansi\u00f3n.<\/p>\n<p style=\"text-align: justify;\">Para la <a href=\"#\" onclick=\"referencia('materia oscura',event); return false;\">materia oscura<\/a> se dir\u00e1: &#8220;Omega Negro&#8221;.<\/p>\n<p style=\"text-align: justify;\">Si Omega es mayor que 1, el Universo se detendr\u00e1 finalmente y las galaxias recorrer\u00e1n, a la inversa, el camino recorrido para colapsar en una gran Bola de fuego, el <a href=\"#\" onclick=\"referencia('big crunch',event); return false; return false;\">Big Crunch<\/a>, estar\u00edamos en un Universo cerrado.<\/p>\n<p style=\"text-align: justify;\">Se dice que, un Universo con exactamente 1, la Densidad cr\u00edtica ideal, estar\u00e1 alrededor de 10<sup>-29<\/sup>\u00a0g\/cm<sup>3<\/sup>\u00a0de materia, lo que esta descrito por el modelo e Universo descrito por <a href=\"#\" onclick=\"referencia('einstein',event); return false;\">Einstein<\/a>-de Setter.<\/p>\n<p style=\"text-align: justify;\">En cualquier caso, sea cual fuere Omega, no parece muy atractivo el futuro de nuestro Universo que seg\u00fan todos los datos que tenemos acabar\u00e1 en el hielo o en el fuego y, en cualquier de estos casos.<\/p>\n<p style=\"text-align: justify;\">\u00bfD\u00f3nde nos meteremos?<\/p>\n<p style=\"text-align: justify;\"><strong>Onda, funci\u00f3n.<\/strong><\/p>\n<p style=\"text-align: justify;\"><img decoding=\"async\" loading=\"lazy\" src=\"http:\/\/francis.naukas.com\/files\/2012\/05\/dibujo20120111-complex-valued-quantum-wavefunction.jpg\" alt=\"Resultado de imagen de Funci\u00f3n de Onda\" width=\"304\" height=\"107\" \/><\/p>\n<p style=\"text-align: justify;\">Funci\u00f3n, denotada por Y (w,y,z), que es soluci\u00f3n de la <a href=\"#\" onclick=\"referencia('schrodinger ecuacion de',event); return false;\">ecuaci\u00f3n de Schr\u00f6dinger<\/a> en la mec\u00e1nica cu\u00e1ntica.\u00a0 La funci\u00f3n de ondas es una expresi\u00f3n matem\u00e1tica que depende de las coordenadas de una part\u00edcula en el espacio.<\/p>\n<p style=\"text-align: justify;\"><img decoding=\"async\" src=\"http:\/\/2.bp.blogspot.com\/-njW_hfKrs_Y\/UJLpKiOk3XI\/AAAAAAAAAQ0\/gSFYpqUt4K0\/s400\/e-schrodinger.png\" alt=\"Resultado de imagen de Funci\u00c3\u00b3n de onda de Schr\u00c3\u00b6dinger\" \/><\/p>\n<p style=\"text-align: justify;\">Si la funci\u00f3n de ondas (<a href=\"#\" onclick=\"referencia('schrodinger ecuacion de',event); return false;\">ecuaci\u00f3n de Schr\u00f6dinger<\/a>) puede ser resuelta para una part\u00edcula en un sistema dado (por ejemplo, un <a href=\"#\" onclick=\"referencia('electron',event); return false;\">electr\u00f3n<\/a> en un \u00e1tomo), entonces, dependiendo de las colisiones en la frontera, la soluci\u00f3n es un conjunto de soluciones, mejor de funciones de onda permitidas de la part\u00edcula (autofunciones), cada una correspondiente a un nivel de energ\u00eda permitido.<\/p>\n<p style=\"text-align: justify;\">El significado f\u00edsico de la funci\u00f3n de ondas es que el cuadrado de su valor absoluto en un punto, [Y]<sup>2<\/sup>, es proporcional a la probabilidad de encontrar la part\u00edcula en un peque\u00f1o elemento\u00a0 de volumen, dxdydz, en torno a ese punto.\u00a0 Para un <a href=\"#\" onclick=\"referencia('electron',event); return false;\">electr\u00f3n<\/a> de un \u00e1tomo, esto da lugar a la idea de orbitales at\u00f3micos moleculares.<\/p>\n<p style=\"text-align: justify;\"><em>elimino ecuaci\u00f3n para no confundir al lector no versado.<\/em><\/p>\n<p style=\"text-align: justify;\">donde Y es la funci\u00f3n de ondas, \u00d1<sup>2<\/sup>\u00a0es el operador Laplace, h es la <a href=\"#\" onclick=\"referencia('planck constante de',event); return false;\">constante de Planck<\/a>, m es la masa de la part\u00edcula, E la energ\u00eda total= y \u00c8 la energ\u00eda potencial.<\/p>\n<p style=\"text-align: justify;\">Colaboraci\u00f3n de Emilio Silvera.<\/p>\n<p style=\"text-align: justify;\"><strong>Ondas.<\/strong><\/p>\n<p style=\"text-align: justify;\"><img decoding=\"async\" loading=\"lazy\" src=\"https:\/\/www.nasa.gov\/images\/content\/512000main_pia13455-43_946-710.jpg\" alt=\"Imagen relacionada\" width=\"304\" height=\"228\" \/><\/p>\n<p style=\"text-align: justify;\">La velocidad de una estrella puede generar enormes onda<\/p>\n<p style=\"text-align: justify;\">Propagaci\u00f3n de la energ\u00eda mediante una vibraci\u00f3n coherente.<\/p>\n<p style=\"text-align: justify;\">Est\u00e1 referido a la perturbaci\u00f3n peri\u00f3dica en un medio o en el espacio.\u00a0 En una onda viajera (u onda progresiva) la energ\u00eda es transferida de un lugar a otro por las vibraciones. En el Espacio puede estar causada por el movimiento de las estrellas.<\/p>\n<p style=\"text-align: justify;\"><img decoding=\"async\" loading=\"lazy\" src=\"http:\/\/www.hdfondos.eu\/pictures\/2013\/0215\/1\/whirlpool-ocean-sea-water-waves-swirl-pics-202235.jpg\" alt=\"Resultado de imagen de Ondas en el Oc\u00e9ano\" width=\"304\" height=\"190\" \/><\/p>\n<p style=\"text-align: justify;\">En una onda que atraviesa la superficie del agua, por ejemplo, el agua sube y baja al pasar la onda, pero las part\u00edculas del agua en promedio no se mueven.\u00a0 Este tipo de onda se denomina onda transversal, porque las perturbaciones est\u00e1n en \u00e1ngulo recto con respecto a la direcci\u00f3n de propagaci\u00f3n.\u00a0 La superficie del agua se mueve hacia arriba y abajo mientras que la onda viaja a lo largo de la superficie del agua.<\/p>\n<p style=\"text-align: justify;\"><img decoding=\"async\" loading=\"lazy\" src=\"http:\/\/sensibilidadelectromagnetica.com\/wp-content\/uploads\/onda.jpg\" alt=\"Resultado de imagen de Ondas electromagn\u00e9ticas\" width=\"304\" height=\"150\" \/><\/p>\n<p style=\"text-align: justify;\">Las ondas electromagn\u00e9ticas son de este tipo, con los campos el\u00e9ctricos y, magn\u00e9ticos variando de forma peri\u00f3dica en \u00e1ngulo recto entre s\u00ed y a la direcci\u00f3n de propagaci\u00f3n.<\/p>\n<p style=\"text-align: justify;\"><img decoding=\"async\" src=\"https:\/\/encrypted-tbn0.gstatic.com\/images?q=tbn:ANd9GcTU-3TUgJ1ty-iK0oR_0UF-S8pwtcz3t4kDYCf6aBf3TVmlA7Mm2ZlEZRry\" alt=\"\" \/><\/p>\n<p style=\"text-align: justify;\">En las ondas de sonido, el aire es alternativamente comprimido y rarificado por desplazamiento en la direcci\u00f3n de propagaci\u00f3n.\u00a0 Dichas ondas se llaman longitudinales.<\/p>\n<p style=\"text-align: justify;\">Las principales caracter\u00edsticas de una onda es su velocidad de propagaci\u00f3n, su frecuencia, su longitud de onda y su amplitud.\u00a0 La velocidad de propagaci\u00f3n y la distancia cubierta por la onda en la unidad de tiempo.\u00a0 La frecuencia es el n\u00famero de perturbaciones completas (ciclos) en la unidad de tiempo, usualmente expresada en hertzios.\u00a0 La longitud de onda es la distancia en metros entre puntos sucesivos de igual fase de onda es la distancia en metros entre puntos sucesivos de igual fase de onda.\u00a0 La amplitud es la diferencia\u00a0 m\u00e1xima de la cantidad perturbada medida con referencia a su valor medio.<\/p>\n<p style=\"text-align: justify;\"><img decoding=\"async\" loading=\"lazy\" src=\"http:\/\/img.rtve.es\/v\/3483550?w=1180&amp;preview=1455223534395.jpg\" alt=\"Resultado de imagen de Detectadas las ondas gravitacionales\" width=\"304\" height=\"171\" \/><\/p>\n<p style=\"text-align: justify;\">Recuerdo cuando all\u00e1 por el a\u00f1o 2009 publiqu\u00e9: &#8220;Pronto oiremos que Kip S. Thorne ha detectado y medido las ondas gravitacionales de los Agujeros Negros.&#8221; Y, en el presente es noticias pasada.<\/p>\n<p style=\"text-align: justify;\">Las ondas gravitacionales son aquellas que se propagan a trav\u00e9s de un campo gravitacional. Cuando eso suceda, tendremos nuevos conocimientos sobre el Universo, ya que, el que ahora conocemos s\u00f3lo est\u00e1 dado por las lecturas de las ondas electromagn\u00e9ticas, no de las gravitatorias.<\/p>\n<p style=\"text-align: justify;\">La predicci\u00f3n de que una masa acelerada radia ondas gravitacionales (y pierde energ\u00eda) proviene de la teor\u00eda general de la <a href=\"#\" onclick=\"referencia('relatividad',event); return false;\">relatividad<\/a>. Por ejemplo cuando dos <a href=\"#\" onclick=\"referencia('agujero negro',event); return false;\">agujeros negros<\/a> chocan y se fusionan.<\/p>\n<p style=\"text-align: justify;\"><img decoding=\"async\" src=\"http:\/\/www.dw.com\/image\/19042173_303.jpg\" alt=\"Deutschland Max-Planck-Institut Gravitationswellen\" \/><\/p>\n<p style=\"text-align: justify;\">El Experimento LIGO se afan\u00f3 en localizar y medir estas ondas y, a la cabeza del proyecto, como he dicho, est\u00e1 el experto en <a href=\"#\" onclick=\"referencia('agujero negro',event); return false;\">agujeros negros<\/a>, el f\u00edsico y cosm\u00f3logo norteamericano, amigo de Stephen Hawking, kip S.Thorne, que est\u00e1 buscando las pulsaciones de estos monstruos del espacio, cuya energ\u00eda infinita (seg\u00fan \u00e9l), alg\u00fan d\u00eda podr\u00e1 ser aprovechada por la humanidad cuando la tecnolog\u00eda lo permita.<\/p>\n<p style=\"text-align: justify;\">Aunque podr\u00edamos continuar hablando sobre onda continua, onda c\u00f3smica, onda cuadrada, onda de choque, onda de <a href=\"#\" onclick=\"referencia('espin',event); return false;\">esp\u00edn<\/a> (magn\u00f3n), onda de tierra, onda estacionaria, onda ionosf\u00e9rica, onda portadora, onda sinuosidad, onda viajera, onda s\u00edsmica, onda submilim\u00e9trica, onda de ecuaci\u00f3n, etc., ser\u00eda salirse del objeto perseguido aqu\u00ed.<\/p>\n<p style=\"text-align: justify;\"><strong><a href=\"#\" onclick=\"referencia('oort',event); return false;\">Oort<\/a>, nube de ; Constante de.<\/strong><\/p>\n<p style=\"text-align: justify;\"><img decoding=\"async\" loading=\"lazy\" src=\"https:\/\/i.ytimg.com\/vi\/et1zHhqyQqs\/0.jpg\" alt=\"Imagen relacionada\" width=\"304\" height=\"228\" \/><\/p>\n<p style=\"text-align: justify;\">La nube de <a href=\"#\" onclick=\"referencia('oort',event); return false;\">Oort<\/a> est\u00e1 referida a un halo aproximadamente esf\u00e9rico de n\u00facleos cometarios\u00a0 que rodea al Sol hasta quiz\u00e1s unas 100.000 UA\u00a0(m\u00e1s de un tercio de la distancia a la estrella m\u00e1s pr\u00f3xima).\u00a0 Su existencia fue propuesta en 1950 por J.H.<a href=\"#\" onclick=\"referencia('oort',event); return false;\">Oort<\/a> (1900-1992) astr\u00f3nomo holand\u00e9s, para explicar el hecho de que est\u00e9n continuamente acerc\u00e1ndose al Sol nuevos cometas con \u00f3rbitas altamente el\u00edpticas y con todas las inclinaciones.<\/p>\n<p style=\"text-align: justify;\">La nube <a href=\"#\" onclick=\"referencia('oort',event); return false;\">Oort<\/a> sigue siendo una propuesta te\u00f3rica, ya que no podemos en la actualidad detectar cometas inertes a tan grandes distancias.\u00a0 Se estima que la nube contiene unos 10<sup>12<\/sup>\u00a0cometas restantes de la formaci\u00f3n del Sistema Solar.\u00a0 Los miembros m\u00e1s distantes se hallan bastante poco ligados por la gravedad solar.<\/p>\n<p style=\"text-align: justify;\"><img decoding=\"async\" loading=\"lazy\" src=\"http:\/\/i61.tinypic.com\/1z70lkp.jpg\" alt=\"Imagen relacionada\" width=\"304\" height=\"242\" \/><\/p>\n<p style=\"text-align: justify;\">Puede exitir una mayor concentraci\u00f3n de cometas relativamente cerca de la ecl\u00edptica, a\u00a0 10.000-20.000 \u00c8A del Sol, extendi\u00e9ndose hacia adentro para unirse al Cintur\u00f3n de kuiper.\u00a0 Los comentas de la Nube de <a href=\"#\" onclick=\"referencia('oort',event); return false;\">Oort<\/a> se ven afectados por la fuerza gravitatoria de los estrellas cercanas, siendo perturbadas ocasionalmente poni\u00e9ndoles en \u00f3rbitas que los llevan hacia el Sistema Solar interior.<\/p>\n<p style=\"text-align: justify;\">La constante de <a href=\"#\" onclick=\"referencia('oort',event); return false;\">Oort<\/a> est\u00e1 referida a dos par\u00e1metros definidos por J.H.<a href=\"#\" onclick=\"referencia('oort',event); return false;\">Oort<\/a> para describir las caracter\u00edsticas m\u00e1s importantes de la rotaci\u00f3n diferencial de nuestra Galaxia en la vecindad del Sol.\u00a0 Son usualmente expresadas en unidades de kil\u00f3metros por segundo por kiloparsec.\u00a0 Los dos par\u00e1metros est\u00e1n dados por los s\u00edmbolos A y B.\u00a0 Restando B de A se obtiene la velocidad angular del est\u00e1ndar local de repaso alrededor del centro de la Galaxia, que corresponde al periodo de unos 200 millones de a\u00f1os.<\/p>\n<p style=\"text-align: justify;\"><strong>\u00d3rbita.<\/strong><\/p>\n<p style=\"text-align: justify;\"><img decoding=\"async\" loading=\"lazy\" src=\"http:\/\/www.cca.org.mx\/cca\/cursos\/AIDA\/Analisis_y_consecuencias_de_la_definicion_formal_de_planeta_version_1.5\/common\/image\/la_rbita_excntrica_de_Plutn-g0oKyN.jpg\" alt=\"Resultado de imagen de Orbita\" width=\"304\" height=\"245\" \/><\/p>\n<p style=\"text-align: justify;\">En astronom\u00eda es el camino a trav\u00e9s del espacio de un cuerpo celeste alrededor de otro.\u00a0 Para un cuerpo peque\u00f1o que se mueve en el campo gravitacional de otro, la \u00f3rbita es una c\u00f3nica.\u00a0 La mayor\u00eda de esas \u00f3rbitas son el\u00edpticas y la mayor\u00eda de las \u00f3rbitas planetarias en el sistema solar son casi circulares.\u00a0 La forma y tama\u00f1o de una \u00f3rbita el\u00edptica se determina por su excentricidad, e, y la longitud de su semieje mayor, a.<\/p>\n<p style=\"text-align: justify;\">En f\u00edsica, la \u00f3rbita esta referida al camino de un <a href=\"#\" onclick=\"referencia('electron',event); return false;\">electr\u00f3n<\/a> al viajar alrededor del n\u00facleo del \u00e1tomo (ver orbitales).<\/p>\n<p style=\"text-align: justify;\">emilio silvera<\/p>\n<div class='bookmark'>\r\n\t\t<table align='left' border='0' cellpadding='0' width='100%'>\r\n\t\t<tr><td><span class='pushbutton'><a href='http:\/\/delicious.com\/post?url=https%3A%2F%2Fwww.emiliosilveravazquez.com%2Fblog%2F2018%2F11%2F15%2Fla-importancia-del-carbono-para-la-vida-y-otros-4%2F&amp;title=La+importancia+del+Carbono+para+la+Vida+y+otros' title='Delicious' target='_blank' rel='nofollow'><img src='https:\/\/www.emiliosilveravazquez.com\/blog\/wp-content\/plugins\/knxdt-bookmarks-wordpress-plugin\/images\/delicious.png'  alt='' class='book_img' border='none' style='margin:1px; padding: 0;'  \/><\/a><\/span><span class='pushbutton'><a href='http:\/\/digg.com\/submit?url=https%3A%2F%2Fwww.emiliosilveravazquez.com%2Fblog%2F2018%2F11%2F15%2Fla-importancia-del-carbono-para-la-vida-y-otros-4%2F&amp;title=La+importancia+del+Carbono+para+la+Vida+y+otros' title='Digg' target='_blank' rel='nofollow'><img src='https:\/\/www.emiliosilveravazquez.com\/blog\/wp-content\/plugins\/knxdt-bookmarks-wordpress-plugin\/images\/digg.png'  alt='' class='book_img' border='none' style='margin:1px; padding: 0;'  \/><\/a><\/span><span class='pushbutton'><a href='http:\/\/www.google.com\/bookmarks\/mark?op=edit&amp;bkmk=https%3A%2F%2Fwww.emiliosilveravazquez.com%2Fblog%2F2018%2F11%2F15%2Fla-importancia-del-carbono-para-la-vida-y-otros-4%2F&amp;title=La+importancia+del+Carbono+para+la+Vida+y+otros' title='Google' target='_blank' rel='nofollow'><img src='https:\/\/www.emiliosilveravazquez.com\/blog\/wp-content\/plugins\/knxdt-bookmarks-wordpress-plugin\/images\/google.png'   alt='' class='book_img' border='none' style='margin:1px; padding: 0;'  \/><\/a><\/span><span class='pushbutton'><a href='http:\/\/myweb2.search.yahoo.com\/myresults\/bookmarklet?u=https%3A%2F%2Fwww.emiliosilveravazquez.com%2Fblog%2F2018%2F11%2F15%2Fla-importancia-del-carbono-para-la-vida-y-otros-4%2F&amp;t=La+importancia+del+Carbono+para+la+Vida+y+otros' title='Yahoo' target='_blank' rel='nofollow'><img src='https:\/\/www.emiliosilveravazquez.com\/blog\/wp-content\/plugins\/knxdt-bookmarks-wordpress-plugin\/images\/yahoo.png'  alt='' class='book_img' border='none' style='margin:1px; padding: 0;'  \/><\/a><\/span><span class='pushbutton'><a href='http:\/\/www.technorati.com\/faves?add=https%3A%2F%2Fwww.emiliosilveravazquez.com%2Fblog%2F2018%2F11%2F15%2Fla-importancia-del-carbono-para-la-vida-y-otros-4%2F' title='Technorati' target='_blank' rel='nofollow'><img src='https:\/\/www.emiliosilveravazquez.com\/blog\/wp-content\/plugins\/knxdt-bookmarks-wordpress-plugin\/images\/technorati.png'  alt='' class='book_img' border='none' style='margin:1px; padding: 0;'  \/><\/a><\/span><span class='pushbutton'><a href='http:\/\/meneame.net\/submit.php?url=https%3A%2F%2Fwww.emiliosilveravazquez.com%2Fblog%2F2018%2F11%2F15%2Fla-importancia-del-carbono-para-la-vida-y-otros-4%2F' title='Meneame' target='_blank' rel='nofollow'><img src='https:\/\/www.emiliosilveravazquez.com\/blog\/wp-content\/plugins\/knxdt-bookmarks-wordpress-plugin\/images\/meneame.png'  alt='' class='book_img' border='none' style='margin:1px; padding: 0;'  \/><\/a><\/span><span class='pushbutton'><a href='http:\/\/enchilame.com\/submit.php?url=https:\/\/www.emiliosilveravazquez.com\/blog\/2018\/11\/15\/la-importancia-del-carbono-para-la-vida-y-otros-4\/' target='_blank' rel='nofollow'><img title='Enchilame' src='https:\/\/www.emiliosilveravazquez.com\/blog\/wp-content\/plugins\/knxdt-bookmarks-wordpress-plugin\/images\/enchilame.png'  alt='' class='book_img' border='none' style='margin:1px; padding: 0;'  \/><\/a><\/span><span class='pushbutton'><a href='http:\/\/www.blinklist.com\/index.php?Action=Blink\/addblink.php&amp;Description=&amp;Url=https%3A%2F%2Fwww.emiliosilveravazquez.com%2Fblog%2F2018%2F11%2F15%2Fla-importancia-del-carbono-para-la-vida-y-otros-4%2F&amp;title=La+importancia+del+Carbono+para+la+Vida+y+otros' title='BlinkList' target='_blank' rel='nofollow'><img src='https:\/\/www.emiliosilveravazquez.com\/blog\/wp-content\/plugins\/knxdt-bookmarks-wordpress-plugin\/images\/blinklist.png'  alt='' class='book_img' border='none' style='margin:1px; padding: 0;'  \/><\/a><\/span><span class='pushbutton'><a href='http:\/\/reddit.com\/submit?url=https%3A%2F%2Fwww.emiliosilveravazquez.com%2Fblog%2F2018%2F11%2F15%2Fla-importancia-del-carbono-para-la-vida-y-otros-4%2F&amp;title=La+importancia+del+Carbono+para+la+Vida+y+otros' title='Reddit' target='_blank' rel='nofollow'><img src='https:\/\/www.emiliosilveravazquez.com\/blog\/wp-content\/plugins\/knxdt-bookmarks-wordpress-plugin\/images\/reddit.png'  alt='' class='book_img' border='none' style='margin:1px; padding: 0;'  \/><\/a><\/span><span class='pushbutton'><a href='http:\/\/www.tecnologiadiaria.com\/2009\/07\/abrir-com-hotmail-correo.html' target='_blank' title='hotmail'><img src='https:\/\/www.emiliosilveravazquez.com\/blog\/wp-content\/plugins\/knxdt-bookmarks-wordpress-plugin\/images\/linklove.png' alt='hotmail correo' class='book_img' border='none' style='margin:1px; padding: 0;' \/><\/a><\/span><span class='pushbutton'><a href='http:\/\/bitacoras.com\/votar\/anotacion\/externo\/mini\/www.emiliosilveravazquez.com\/blog\/2018\/11\/15\/la-importancia-del-carbono-para-la-vida-y-otros-4\/' title='Bitacoras.com' target='_blank' rel='nofollow'><img src='https:\/\/www.emiliosilveravazquez.com\/blog\/wp-content\/plugins\/knxdt-bookmarks-wordpress-plugin\/images\/bitacoras.png'  alt='' class='book_img' border='none' style='margin:1px; padding: 0;'  \/><\/a><\/span><span class='pushbutton'><a href='http:\/\/www.wikio.es\/vote?url=https%3A%2F%2Fwww.emiliosilveravazquez.com%2Fblog%2F2018%2F11%2F15%2Fla-importancia-del-carbono-para-la-vida-y-otros-4%2F' title='Wikio' target='_blank' rel='nofollow'><img src='https:\/\/www.emiliosilveravazquez.com\/blog\/wp-content\/plugins\/knxdt-bookmarks-wordpress-plugin\/images\/wikio.png'   alt='' class='book_img' border='none' style='margin:1px; padding: 0;'   \/><\/a><\/span><span class='pushbutton'><a href='http:\/\/friendfeed.com\/?url=https%3A%2F%2Fwww.emiliosilveravazquez.com%2Fblog%2F2018%2F11%2F15%2Fla-importancia-del-carbono-para-la-vida-y-otros-4%2F&amp;title=La+importancia+del+Carbono+para+la+Vida+y+otros' title='Friend Feed' target='_blank' rel='nofollow'><img src='https:\/\/www.emiliosilveravazquez.com\/blog\/wp-content\/plugins\/knxdt-bookmarks-wordpress-plugin\/images\/friendfeed.png'  alt='' class='book_img' border='none' style='margin:1px; padding: 0;'  \/><\/a><\/span><span class='pushbutton'><a href='http:\/\/www.facebook.com\/share.php?u=https%3A%2F%2Fwww.emiliosilveravazquez.com%2Fblog%2F2018%2F11%2F15%2Fla-importancia-del-carbono-para-la-vida-y-otros-4%2F&amp;t=La+importancia+del+Carbono+para+la+Vida+y+otros' title='Facebook' target='_blank' rel='nofollow'><img src='https:\/\/www.emiliosilveravazquez.com\/blog\/wp-content\/plugins\/knxdt-bookmarks-wordpress-plugin\/images\/facebook.png'  alt='' class='book_img' border='none' style='margin:1px; padding: 0;'  \/><\/a><\/span><span class='pushbutton'><a href='http:\/\/twitter.com\/home?status=La+importancia+del+Carbono+para+la+Vida+y+otros: https%3A%2F%2Fwww.emiliosilveravazquez.com%2Fblog%2F2018%2F11%2F15%2Fla-importancia-del-carbono-para-la-vida-y-otros-4%2F' title='Twitter' target='_blank' rel='nofollow'><img src='https:\/\/www.emiliosilveravazquez.com\/blog\/wp-content\/plugins\/knxdt-bookmarks-wordpress-plugin\/images\/twitter.png'  alt='' class='book_img' border='none' style='margin:1px; padding: 0;'  \/><\/a><\/span><span class='pushbutton'><a href='http:\/\/www.feedburner.com\/fb\/a\/emailFlare?itemTitle=La+importancia+del+Carbono+para+la+Vida+y+otros&amp;uri=https%3A%2F%2Fwww.emiliosilveravazquez.com%2Fblog%2F2018%2F11%2F15%2Fla-importancia-del-carbono-para-la-vida-y-otros-4%2F' title='Enviar por Email' target='_blank' rel='nofollow'><img src='https:\/\/www.emiliosilveravazquez.com\/blog\/wp-content\/plugins\/knxdt-bookmarks-wordpress-plugin\/images\/email.png'  alt='' class='book_img' border='none' style='margin:1px; padding: 0;'  \/><\/a><\/span><span style='font-weight:bold; padding-left: 5px;'><a href='http:\/\/wordpress.org\/extend\/plugins\/knxdt-bookmarks-wordpress-plugin\/' title='Plugin' rel='nofollow' target='_blank'>[?]<\/a><\/span><\/td><\/tr><\/table><br\/><br\/><\/div>","protected":false},"excerpt":{"rendered":"<p>\u00a0 \u00a0 \u00a0 \u00a0 \u00a0 \u00a0 \u00a0 \u00a0 \u00a0 El concepto de Gaia, considera a la Tierra como un Ente Vivo que evoluciona y se recicla Nuestro planeta, la Tierra, forma parte del Universo, y, es una prueba indiscutible de que\u00a0sus componentes biol\u00f3gicos y f\u00edsicos forman parte de una \u00fanica red que funciona de un [&hellip;]<\/p>\n","protected":false},"author":2,"featured_media":0,"comment_status":"open","ping_status":"open","sticky":false,"template":"","format":"standard","meta":{"_s2mail":"yes","footnotes":""},"categories":[39],"tags":[],"_links":{"self":[{"href":"https:\/\/www.emiliosilveravazquez.com\/blog\/wp-json\/wp\/v2\/posts\/22274"}],"collection":[{"href":"https:\/\/www.emiliosilveravazquez.com\/blog\/wp-json\/wp\/v2\/posts"}],"about":[{"href":"https:\/\/www.emiliosilveravazquez.com\/blog\/wp-json\/wp\/v2\/types\/post"}],"author":[{"embeddable":true,"href":"https:\/\/www.emiliosilveravazquez.com\/blog\/wp-json\/wp\/v2\/users\/2"}],"replies":[{"embeddable":true,"href":"https:\/\/www.emiliosilveravazquez.com\/blog\/wp-json\/wp\/v2\/comments?post=22274"}],"version-history":[{"count":0,"href":"https:\/\/www.emiliosilveravazquez.com\/blog\/wp-json\/wp\/v2\/posts\/22274\/revisions"}],"wp:attachment":[{"href":"https:\/\/www.emiliosilveravazquez.com\/blog\/wp-json\/wp\/v2\/media?parent=22274"}],"wp:term":[{"taxonomy":"category","embeddable":true,"href":"https:\/\/www.emiliosilveravazquez.com\/blog\/wp-json\/wp\/v2\/categories?post=22274"},{"taxonomy":"post_tag","embeddable":true,"href":"https:\/\/www.emiliosilveravazquez.com\/blog\/wp-json\/wp\/v2\/tags?post=22274"}],"curies":[{"name":"wp","href":"https:\/\/api.w.org\/{rel}","templated":true}]}}