{"id":21890,"date":"2018-09-22T04:49:10","date_gmt":"2018-09-22T03:49:10","guid":{"rendered":"http:\/\/www.emiliosilveravazquez.com\/blog\/?p=21890"},"modified":"2018-09-22T04:49:10","modified_gmt":"2018-09-22T03:49:10","slug":"%c2%bfla-luz-%c2%a1una-maravilla-de-la-naturaleza","status":"publish","type":"post","link":"https:\/\/www.emiliosilveravazquez.com\/blog\/2018\/09\/22\/%c2%bfla-luz-%c2%a1una-maravilla-de-la-naturaleza\/","title":{"rendered":"\u00bfLa luz? \u00a1Una maravilla de la Naturaleza!"},"content":{"rendered":"<h2 style=\"text-align: justify;\">Espectros at\u00f3micos<\/h2>\n<p>&nbsp;<\/p>\n<p style=\"text-align: justify;\">En el siglo XVII, Isaac <a href=\"#\" onclick=\"referencia('newton',event); return false;\">Newton<\/a> demostr\u00f3 que la luz blanca visible procedente del sol puede descomponerse en sus diferentes colores mediante un prisma. Es un proceso denominado dispersi\u00f3n, tal y como puedes observar en la siguiente animaci\u00f3n en la que se simula la descomposici\u00f3n de la luz blanca:<\/p>\n<p>&nbsp;<\/p>\n<table border=\"0\" cellspacing=\"2\" cellpadding=\"2\">\n<tbody>\n<tr>\n<td><img decoding=\"async\" title=\"Dispersi\u00f3n de la luz\" src=\"http:\/\/iesbinef.educa.aragon.es\/fiqui\/Matomicos\/espectros\/img\/dispersion1.gif\" alt=\"\" \/><\/td>\n<td><img decoding=\"async\" title=\"Dispersi\u00f3n de la luz\" src=\"http:\/\/iesbinef.educa.aragon.es\/fiqui\/Matomicos\/espectros\/img\/dispersion2.gif\" alt=\"\" \/><\/td>\n<\/tr>\n<\/tbody>\n<\/table>\n<p>&nbsp;<\/p>\n<p style=\"text-align: justify;\">El espectro que se obtiene es continuo; contiene todas las longitudes de onda desde el rojo al violeta, es decir, entre unos 400 y 700 nm (1 nm -nan\u00f3metro- = 10<sup>-9<\/sup>\u00a0m).<\/p>\n<h3 style=\"text-align: justify;\">Espectros continuos y discontinuos, de emisi\u00f3n y de absorci\u00f3n<\/h3>\n<p>&nbsp;<\/p>\n<p style=\"text-align: justify;\">Cuando se irradia la materia con radiaci\u00f3n electromagn\u00e9tica, la materia puede absorber, y posteriormente emitir, ciertas longitudes de onda, o frecuencias, en relaci\u00f3n con su estructura interna. Cuando los cuerpos s\u00f3lidos, l\u00edquidos o gases a alta presi\u00f3n son excitados convenientemente por medio de calor o electricidad, se observan sus colores caracter\u00edsticos. Estos colores constituyen un todo continuo, lo que se traduce en el color rojo de la resistencia de un calentador o en el blanco caracter\u00edstico de una bombilla. Esto sucede porque existen muchos \u00e1tomos excitados que emiten ondas de luz cuyas coloraciones parciales se solapan produciendo un espejismo luminoso de continuidad.<\/p>\n<p style=\"text-align: justify;\"><img decoding=\"async\" title=\"Espectros de emisi\u00f3n y de absorci\u00f3n\" src=\"http:\/\/iesbinef.educa.aragon.es\/fiqui\/Matomicos\/espectros\/img\/espectrosae.jpg\" alt=\"Espectros de emisi\u00f3n y de absorci\u00f3n\" align=\"left\" hspace=\"10\" vspace=\"2\" \/><\/p>\n<p style=\"text-align: justify;\">Si realizamos la misma experiencia con gases a bajas presiones, es decir con pocos \u00e1tomos, es posible observar c\u00f3mo la luz emitida por ellos y dispersada luego por un prisma consta de una serie de l\u00edneas, sin que exista una banda continua de colores; se observa que la luminosidad emitida as\u00ed es discontinua.<\/p>\n<p style=\"text-align: justify;\">Por tanto trabajaremos con\u00a0<strong>elementos qu\u00edmicos en estado gaseoso<\/strong>.<\/p>\n<p style=\"text-align: justify;\">A este tipo de espectros se los conoce como espectros de emisi\u00f3n, y tienen la caracter\u00edstica fundamental que cada elemento qu\u00edmico presenta un espectro caracter\u00edstico propio, espec\u00edfico y diferente de los del resto de elementos, que sirve como &#8220;huella digital&#8221; permitiendo identificarlo f\u00e1cilmente. En la imagen se muestra el espectro de emisi\u00f3n del hidr\u00f3geno.<\/p>\n<p style=\"text-align: justify;\">Es posible tambi\u00e9n obtener el espectro de un gas de una forma complementaria, iluminando con luz blanca (que presenta todas las frecuencias posibles) una muestra del gas en cuesti\u00f3n, de forma que se observan unas l\u00edneas oscuras sobre el fondo iluminado, correspondientes a las longitudes de onda en las que el elemento absorbe la energ\u00eda.<\/p>\n<p>&nbsp;<\/p>\n<table border=\"0\" cellspacing=\"2\" cellpadding=\"2\">\n<tbody>\n<tr>\n<td><img decoding=\"async\" title=\"Espectro continuo de la luz blanca\" src=\"http:\/\/iesbinef.educa.aragon.es\/fiqui\/Matomicos\/espectros\/img\/solar.jpg\" alt=\"\" \/><\/td>\n<td>Espectro continuo de la luz blanca<\/td>\n<\/tr>\n<tr>\n<td><img decoding=\"async\" title=\"Espectro de emisi\u00f3n del H\" src=\"http:\/\/iesbinef.educa.aragon.es\/fiqui\/Matomicos\/espectros\/img\/e1.jpg\" alt=\"\" \/><\/td>\n<td>Espectro de emisi\u00f3n del H<\/td>\n<\/tr>\n<tr>\n<td><img decoding=\"async\" title=\"Espectro de absorci\u00f3n del H\" src=\"http:\/\/iesbinef.educa.aragon.es\/fiqui\/Matomicos\/espectros\/img\/a1.jpg\" alt=\"\" \/><\/td>\n<td>Espectro de absorci\u00f3n del H<\/td>\n<\/tr>\n<\/tbody>\n<\/table>\n<p>&nbsp;<\/p>\n<p style=\"text-align: justify;\">A este espectro se le conoce como espectro de absorci\u00f3n y es complementario al de emisi\u00f3n, puesto que las l\u00edneas de ambos coinciden para un mismo elemento, tal y como puedes observar en el espectro de absorci\u00f3n del hidr\u00f3geno y compararlo con el de emisi\u00f3n.<\/p>\n<p style=\"text-align: justify;\">El espectro de emisi\u00f3n de un elemento es el negativo del espectro de absorci\u00f3n: a la frecuencia a la que en el espectro de absorci\u00f3n hay una l\u00ednea negra, en el de emisi\u00f3n hay una l\u00ednea emitida ,de un color, y viceversa<\/p>\n<p style=\"text-align: justify;\">Cada elemento tiene un espectro caracter\u00edstico; por tanto,\u00a0<strong>un modelo at\u00f3mico deber\u00eda ser capaz de justificar el espectro de cada elemento<\/strong>.<\/p>\n<h3 style=\"text-align: justify;\">\u00bfPor qu\u00e9 aparecen los espectros?<\/h3>\n<p>&nbsp;<\/p>\n<p style=\"text-align: justify;\">Cuando irradia una sustancia con luz blanca (radiaci\u00f3n electromagn\u00e9tica continua) los <a href=\"#\" onclick=\"referencia('electron',event); return false;\">electrones<\/a> escogen las radiaciones de este espectro continuo para producir saltos a niveles superiores (estado excitado).<\/p>\n<p style=\"text-align: justify;\"><img decoding=\"async\" title=\"Espectro de emisi\u00f3n\" src=\"http:\/\/iesbinef.educa.aragon.es\/fiqui\/Matomicos\/espectros\/img\/emision.gif\" alt=\"Espectro de emisi\u00f3n\" align=\"left\" hspace=\"10\" vspace=\"10\" \/><img decoding=\"async\" title=\"Espectro de absorci\u00f3n\" src=\"http:\/\/iesbinef.educa.aragon.es\/fiqui\/Matomicos\/espectros\/img\/absorcion.gif\" alt=\"Espectro de absorci\u00f3n\" align=\"left\" hspace=\"10\" vspace=\"10\" \/>Cuando un <a href=\"#\" onclick=\"referencia('electron',event); return false;\">electr\u00f3n<\/a> salta desde su estado fundamental a niveles de mayor energ\u00eda (estado excitado) y cae de nuevo a niveles de menor energ\u00eda se produce la emisi\u00f3n de un <a href=\"#\" onclick=\"referencia('foton',event); return false;\">fot\u00f3n<\/a> de una longitud de onda definida que aparece como una raya o l\u00ednea concreta en el espectro de emisi\u00f3n. La radiaci\u00f3n electromagn\u00e9tica proveniente de la luz blanca despu\u00e9s de pasar por la sustancia vemos que le faltan una serie de l\u00edneas que corresponden con saltos electr\u00f3nicos desde el estado fundamental al estado excitado. Es lo que se denomina un espectro de absorci\u00f3n. L\u00f3gicamente las l\u00edneas del espectro de emisi\u00f3n son las que faltan en el de absorci\u00f3n pues la energ\u00eda para pasar de un nivel a otro es la misma suba o baje el <a href=\"#\" onclick=\"referencia('electron',event); return false;\">electr\u00f3n<\/a>.<\/p>\n<p style=\"text-align: justify;\"><a href=\"https:\/\/commons.wikimedia.org\/wiki\/File:Fraunhofer_lines.svg\"><img decoding=\"async\" loading=\"lazy\" src=\"https:\/\/upload.wikimedia.org\/wikipedia\/commons\/thumb\/2\/2f\/Fraunhofer_lines.svg\/400px-Fraunhofer_lines.svg.png\" alt=\"\" width=\"400\" height=\"117\" data-file-width=\"768\" data-file-height=\"225\" \/><\/a><\/p>\n<div style=\"text-align: justify;\">Espectro solar con las <a href=\"#\" onclick=\"referencia('lineas de Fraunhofer',event); return false;\">l\u00edneas de Fraunhofer<\/a> como aparecen visualmente.<\/div>\n<blockquote>\n<div style=\"text-align: justify;\">&#8220;En\u00a0<a title=\"F\u00edsica\" href=\"https:\/\/es.wikipedia.org\/wiki\/F%C3%ADsica\">f\u00edsica<\/a>\u00a0y\u00a0<a title=\"\u00d3ptica\" href=\"https:\/\/es.wikipedia.org\/wiki\/%C3%93ptica\">\u00f3ptica<\/a>, las\u00a0<strong><a href=\"#\" onclick=\"referencia('lineas de Fraunhofer',event); return false;\">l\u00edneas de Fraunhofer<\/a><\/strong>\u00a0son un conjunto de\u00a0<a title=\"L\u00ednea espectral\" href=\"https:\/\/es.wikipedia.org\/wiki\/L%C3%ADnea_espectral\">l\u00edneas espectrales<\/a>nombradas en honor al f\u00edsico alem\u00e1n\u00a0<a title=\"Joseph von Fraunhofer\" href=\"https:\/\/es.wikipedia.org\/wiki\/Joseph_von_Fraunhofer\">Joseph von Fraunhofer<\/a>\u00a0(<a title=\"1787\" href=\"https:\/\/es.wikipedia.org\/wiki\/1787\">1787<\/a>&#8211;<a title=\"1826\" href=\"https:\/\/es.wikipedia.org\/wiki\/1826\">1826<\/a>) que fue el primero que las estudi\u00f3. Las l\u00edneas se observaron originalmente como bandas oscuras en el\u00a0<a title=\"Espectro visible\" href=\"https:\/\/es.wikipedia.org\/wiki\/Espectro_visible\">espectro solar<\/a>.&#8221;<\/div>\n<\/blockquote>\n<div class='bookmark'>\r\n\t\t<table align='left' border='0' cellpadding='0' width='100%'>\r\n\t\t<tr><td><span class='pushbutton'><a href='http:\/\/delicious.com\/post?url=https%3A%2F%2Fwww.emiliosilveravazquez.com%2Fblog%2F2018%2F09%2F22%2F%25c2%25bfla-luz-%25c2%25a1una-maravilla-de-la-naturaleza%2F&amp;title=%C2%BFLa+luz%3F+%C2%A1Una+maravilla+de+la+Naturaleza%21' title='Delicious' target='_blank' rel='nofollow'><img src='https:\/\/www.emiliosilveravazquez.com\/blog\/wp-content\/plugins\/knxdt-bookmarks-wordpress-plugin\/images\/delicious.png'  alt='' class='book_img' border='none' style='margin:1px; padding: 0;'  \/><\/a><\/span><span class='pushbutton'><a href='http:\/\/digg.com\/submit?url=https%3A%2F%2Fwww.emiliosilveravazquez.com%2Fblog%2F2018%2F09%2F22%2F%25c2%25bfla-luz-%25c2%25a1una-maravilla-de-la-naturaleza%2F&amp;title=%C2%BFLa+luz%3F+%C2%A1Una+maravilla+de+la+Naturaleza%21' title='Digg' target='_blank' rel='nofollow'><img src='https:\/\/www.emiliosilveravazquez.com\/blog\/wp-content\/plugins\/knxdt-bookmarks-wordpress-plugin\/images\/digg.png'  alt='' class='book_img' border='none' style='margin:1px; padding: 0;'  \/><\/a><\/span><span class='pushbutton'><a href='http:\/\/www.google.com\/bookmarks\/mark?op=edit&amp;bkmk=https%3A%2F%2Fwww.emiliosilveravazquez.com%2Fblog%2F2018%2F09%2F22%2F%25c2%25bfla-luz-%25c2%25a1una-maravilla-de-la-naturaleza%2F&amp;title=%C2%BFLa+luz%3F+%C2%A1Una+maravilla+de+la+Naturaleza%21' title='Google' target='_blank' rel='nofollow'><img src='https:\/\/www.emiliosilveravazquez.com\/blog\/wp-content\/plugins\/knxdt-bookmarks-wordpress-plugin\/images\/google.png'   alt='' class='book_img' border='none' style='margin:1px; padding: 0;'  \/><\/a><\/span><span class='pushbutton'><a href='http:\/\/myweb2.search.yahoo.com\/myresults\/bookmarklet?u=https%3A%2F%2Fwww.emiliosilveravazquez.com%2Fblog%2F2018%2F09%2F22%2F%25c2%25bfla-luz-%25c2%25a1una-maravilla-de-la-naturaleza%2F&amp;t=%C2%BFLa+luz%3F+%C2%A1Una+maravilla+de+la+Naturaleza%21' title='Yahoo' target='_blank' rel='nofollow'><img src='https:\/\/www.emiliosilveravazquez.com\/blog\/wp-content\/plugins\/knxdt-bookmarks-wordpress-plugin\/images\/yahoo.png'  alt='' class='book_img' border='none' style='margin:1px; padding: 0;'  \/><\/a><\/span><span class='pushbutton'><a href='http:\/\/www.technorati.com\/faves?add=https%3A%2F%2Fwww.emiliosilveravazquez.com%2Fblog%2F2018%2F09%2F22%2F%25c2%25bfla-luz-%25c2%25a1una-maravilla-de-la-naturaleza%2F' title='Technorati' target='_blank' rel='nofollow'><img src='https:\/\/www.emiliosilveravazquez.com\/blog\/wp-content\/plugins\/knxdt-bookmarks-wordpress-plugin\/images\/technorati.png'  alt='' class='book_img' border='none' style='margin:1px; padding: 0;'  \/><\/a><\/span><span class='pushbutton'><a href='http:\/\/meneame.net\/submit.php?url=https%3A%2F%2Fwww.emiliosilveravazquez.com%2Fblog%2F2018%2F09%2F22%2F%25c2%25bfla-luz-%25c2%25a1una-maravilla-de-la-naturaleza%2F' title='Meneame' target='_blank' rel='nofollow'><img src='https:\/\/www.emiliosilveravazquez.com\/blog\/wp-content\/plugins\/knxdt-bookmarks-wordpress-plugin\/images\/meneame.png'  alt='' class='book_img' border='none' style='margin:1px; padding: 0;'  \/><\/a><\/span><span class='pushbutton'><a href='http:\/\/enchilame.com\/submit.php?url=https:\/\/www.emiliosilveravazquez.com\/blog\/2018\/09\/22\/%c2%bfla-luz-%c2%a1una-maravilla-de-la-naturaleza\/' target='_blank' rel='nofollow'><img title='Enchilame' src='https:\/\/www.emiliosilveravazquez.com\/blog\/wp-content\/plugins\/knxdt-bookmarks-wordpress-plugin\/images\/enchilame.png'  alt='' class='book_img' border='none' style='margin:1px; padding: 0;'  \/><\/a><\/span><span class='pushbutton'><a href='http:\/\/www.blinklist.com\/index.php?Action=Blink\/addblink.php&amp;Description=&amp;Url=https%3A%2F%2Fwww.emiliosilveravazquez.com%2Fblog%2F2018%2F09%2F22%2F%25c2%25bfla-luz-%25c2%25a1una-maravilla-de-la-naturaleza%2F&amp;title=%C2%BFLa+luz%3F+%C2%A1Una+maravilla+de+la+Naturaleza%21' title='BlinkList' target='_blank' rel='nofollow'><img src='https:\/\/www.emiliosilveravazquez.com\/blog\/wp-content\/plugins\/knxdt-bookmarks-wordpress-plugin\/images\/blinklist.png'  alt='' class='book_img' border='none' style='margin:1px; padding: 0;'  \/><\/a><\/span><span class='pushbutton'><a href='http:\/\/reddit.com\/submit?url=https%3A%2F%2Fwww.emiliosilveravazquez.com%2Fblog%2F2018%2F09%2F22%2F%25c2%25bfla-luz-%25c2%25a1una-maravilla-de-la-naturaleza%2F&amp;title=%C2%BFLa+luz%3F+%C2%A1Una+maravilla+de+la+Naturaleza%21' title='Reddit' target='_blank' rel='nofollow'><img src='https:\/\/www.emiliosilveravazquez.com\/blog\/wp-content\/plugins\/knxdt-bookmarks-wordpress-plugin\/images\/reddit.png'  alt='' class='book_img' border='none' style='margin:1px; padding: 0;'  \/><\/a><\/span><span class='pushbutton'><a href='http:\/\/www.tecnologiadiaria.com\/2009\/07\/abrir-com-hotmail-correo.html' target='_blank' title='hotmail'><img src='https:\/\/www.emiliosilveravazquez.com\/blog\/wp-content\/plugins\/knxdt-bookmarks-wordpress-plugin\/images\/linklove.png' alt='hotmail correo' class='book_img' border='none' style='margin:1px; padding: 0;' \/><\/a><\/span><span class='pushbutton'><a href='http:\/\/bitacoras.com\/votar\/anotacion\/externo\/mini\/www.emiliosilveravazquez.com\/blog\/2018\/09\/22\/%c2%bfla-luz-%c2%a1una-maravilla-de-la-naturaleza\/' title='Bitacoras.com' target='_blank' rel='nofollow'><img src='https:\/\/www.emiliosilveravazquez.com\/blog\/wp-content\/plugins\/knxdt-bookmarks-wordpress-plugin\/images\/bitacoras.png'  alt='' class='book_img' border='none' style='margin:1px; padding: 0;'  \/><\/a><\/span><span class='pushbutton'><a href='http:\/\/www.wikio.es\/vote?url=https%3A%2F%2Fwww.emiliosilveravazquez.com%2Fblog%2F2018%2F09%2F22%2F%25c2%25bfla-luz-%25c2%25a1una-maravilla-de-la-naturaleza%2F' title='Wikio' target='_blank' rel='nofollow'><img src='https:\/\/www.emiliosilveravazquez.com\/blog\/wp-content\/plugins\/knxdt-bookmarks-wordpress-plugin\/images\/wikio.png'   alt='' class='book_img' border='none' style='margin:1px; padding: 0;'   \/><\/a><\/span><span class='pushbutton'><a href='http:\/\/friendfeed.com\/?url=https%3A%2F%2Fwww.emiliosilveravazquez.com%2Fblog%2F2018%2F09%2F22%2F%25c2%25bfla-luz-%25c2%25a1una-maravilla-de-la-naturaleza%2F&amp;title=%C2%BFLa+luz%3F+%C2%A1Una+maravilla+de+la+Naturaleza%21' title='Friend Feed' target='_blank' rel='nofollow'><img src='https:\/\/www.emiliosilveravazquez.com\/blog\/wp-content\/plugins\/knxdt-bookmarks-wordpress-plugin\/images\/friendfeed.png'  alt='' class='book_img' border='none' style='margin:1px; padding: 0;'  \/><\/a><\/span><span class='pushbutton'><a href='http:\/\/www.facebook.com\/share.php?u=https%3A%2F%2Fwww.emiliosilveravazquez.com%2Fblog%2F2018%2F09%2F22%2F%25c2%25bfla-luz-%25c2%25a1una-maravilla-de-la-naturaleza%2F&amp;t=%C2%BFLa+luz%3F+%C2%A1Una+maravilla+de+la+Naturaleza%21' title='Facebook' target='_blank' rel='nofollow'><img src='https:\/\/www.emiliosilveravazquez.com\/blog\/wp-content\/plugins\/knxdt-bookmarks-wordpress-plugin\/images\/facebook.png'  alt='' class='book_img' border='none' style='margin:1px; padding: 0;'  \/><\/a><\/span><span class='pushbutton'><a href='http:\/\/twitter.com\/home?status=%C2%BFLa+luz%3F+%C2%A1Una+maravilla+de+la+Naturaleza%21: https%3A%2F%2Fwww.emiliosilveravazquez.com%2Fblog%2F2018%2F09%2F22%2F%25c2%25bfla-luz-%25c2%25a1una-maravilla-de-la-naturaleza%2F' title='Twitter' target='_blank' rel='nofollow'><img src='https:\/\/www.emiliosilveravazquez.com\/blog\/wp-content\/plugins\/knxdt-bookmarks-wordpress-plugin\/images\/twitter.png'  alt='' class='book_img' border='none' style='margin:1px; padding: 0;'  \/><\/a><\/span><span class='pushbutton'><a href='http:\/\/www.feedburner.com\/fb\/a\/emailFlare?itemTitle=%C2%BFLa+luz%3F+%C2%A1Una+maravilla+de+la+Naturaleza%21&amp;uri=https%3A%2F%2Fwww.emiliosilveravazquez.com%2Fblog%2F2018%2F09%2F22%2F%25c2%25bfla-luz-%25c2%25a1una-maravilla-de-la-naturaleza%2F' title='Enviar por Email' target='_blank' rel='nofollow'><img src='https:\/\/www.emiliosilveravazquez.com\/blog\/wp-content\/plugins\/knxdt-bookmarks-wordpress-plugin\/images\/email.png'  alt='' class='book_img' border='none' style='margin:1px; padding: 0;'  \/><\/a><\/span><span style='font-weight:bold; padding-left: 5px;'><a href='http:\/\/wordpress.org\/extend\/plugins\/knxdt-bookmarks-wordpress-plugin\/' title='Plugin' rel='nofollow' target='_blank'>[?]<\/a><\/span><\/td><\/tr><\/table><br\/><br\/><\/div>","protected":false},"excerpt":{"rendered":"<p>Espectros at\u00f3micos &nbsp; En el siglo XVII, Isaac Newton demostr\u00f3 que la luz blanca visible procedente del sol puede descomponerse en sus diferentes colores mediante un prisma. Es un proceso denominado dispersi\u00f3n, tal y como puedes observar en la siguiente animaci\u00f3n en la que se simula la descomposici\u00f3n de la luz blanca: &nbsp; &nbsp; El [&hellip;]<\/p>\n","protected":false},"author":2,"featured_media":0,"comment_status":"open","ping_status":"open","sticky":false,"template":"","format":"standard","meta":{"_s2mail":"yes","footnotes":""},"categories":[1],"tags":[],"_links":{"self":[{"href":"https:\/\/www.emiliosilveravazquez.com\/blog\/wp-json\/wp\/v2\/posts\/21890"}],"collection":[{"href":"https:\/\/www.emiliosilveravazquez.com\/blog\/wp-json\/wp\/v2\/posts"}],"about":[{"href":"https:\/\/www.emiliosilveravazquez.com\/blog\/wp-json\/wp\/v2\/types\/post"}],"author":[{"embeddable":true,"href":"https:\/\/www.emiliosilveravazquez.com\/blog\/wp-json\/wp\/v2\/users\/2"}],"replies":[{"embeddable":true,"href":"https:\/\/www.emiliosilveravazquez.com\/blog\/wp-json\/wp\/v2\/comments?post=21890"}],"version-history":[{"count":0,"href":"https:\/\/www.emiliosilveravazquez.com\/blog\/wp-json\/wp\/v2\/posts\/21890\/revisions"}],"wp:attachment":[{"href":"https:\/\/www.emiliosilveravazquez.com\/blog\/wp-json\/wp\/v2\/media?parent=21890"}],"wp:term":[{"taxonomy":"category","embeddable":true,"href":"https:\/\/www.emiliosilveravazquez.com\/blog\/wp-json\/wp\/v2\/categories?post=21890"},{"taxonomy":"post_tag","embeddable":true,"href":"https:\/\/www.emiliosilveravazquez.com\/blog\/wp-json\/wp\/v2\/tags?post=21890"}],"curies":[{"name":"wp","href":"https:\/\/api.w.org\/{rel}","templated":true}]}}