{"id":21828,"date":"2018-09-13T05:08:22","date_gmt":"2018-09-13T04:08:22","guid":{"rendered":"http:\/\/www.emiliosilveravazquez.com\/blog\/?p=21828"},"modified":"2018-09-13T05:08:23","modified_gmt":"2018-09-13T04:08:23","slug":"mira-que-si-venimos-del-futuro-2","status":"publish","type":"post","link":"https:\/\/www.emiliosilveravazquez.com\/blog\/2018\/09\/13\/mira-que-si-venimos-del-futuro-2\/","title":{"rendered":"Mira que si venimos del futuro"},"content":{"rendered":"<p style=\"text-align: justify;\"><img decoding=\"async\" loading=\"lazy\" id=\"il_fi\" src=\"http:\/\/comunidad3h.files.wordpress.com\/2010\/01\/los-astrobiologos-creen-que-la-aparicion-de-organismos-vivos-no-es-algo-infrecuente-en-el-espacio-el-problema-es-econtrarlos-y-afinar-nuestra-busqueda.jpg\" alt=\"\" width=\"400\" height=\"400\" \/><\/p>\n<p style=\"text-align: justify;\">Esporas bien resguardadas en c\u00e1psulas que las preservaban de la radiaci\u00f3n y que, al llegar al planeta y contactar con el agua, se abrieron para florecer y evolucionar hacia las formas de vida m\u00faltiples que hoy pordemos contemplar en el planeta como fruto de la evoluci\u00f2n de miles de millones de a\u00f1os, tras la desaparici\u00f3n de casi todas las especies anteriores, prevaleciendo las que mejor se sup\u00eceron adaptar.<\/p>\n<p style=\"text-align: justify;\"><img decoding=\"async\" src=\"http:\/\/1.bp.blogspot.com\/-pC1WNElBST4\/T-1B0YLKNjI\/AAAAAAAARjQ\/Xrpczc9D6xU\/s1600\/tierra-primitiva.jpg\" alt=\"\" \/><\/p>\n<p style=\"text-align: justify;\">En una Tierra primigenia e ignea que comenzaba a enfriarse, aquellas esporas de vida pudieron evolucionar hata las primeras c\u00e9lulas replicantes que comenzaron esa fascinante aventura, El mundo &#8220;elegido&#8221; era el ideal y conten\u00eda todos los ingredientes necesarios para su desaqrrollo: Distancia al Sol, agua corriente, atm\u00f3sfera y dem\u00e1s ingredientes necesarios.<\/p>\n<p style=\"text-align: justify;\">En este ambiente de la Tierra joven, de los oc\u00e9anos primigenios de la atm\u00f3sfera nueva y espesa, de las calientes aguas calentadas los innumerables chimeneas marinas que posibilitaron el surgir y el evolucionar de peque\u00f1as bacterias y esporas venidas qui\u00e9n sabe de qu\u00e9 lugares, o, como podr\u00edan haber surgido a partir de la\u00a0 \u201cmateria inerte\u201d con la ayuda de ese C\u00e1os qu\u00edmico de materiales en una Tierra nueva en evoluci\u00f3n.<\/p>\n<p style=\"text-align: justify;\"><img decoding=\"async\" loading=\"lazy\" src=\"https:\/\/virgiliotovar.files.wordpress.com\/2013\/06\/66fac-nuestra-galaxia-sistema-solar-espacio-space-view.jpg?w=629&amp;h=393\" alt=\"Resultado de imagen de No podemos descartar que esas esporas de vida las enviaran de otros mundos ocupados por seres inteligentes\" width=\"478\" height=\"299\" \/><\/p>\n<p style=\"text-align: justify;\">Podr\u00edamos pensar que, esas esporas de vida, pudieron llegar a la Tierra enviadas por seres inteligentes de otros mundos habitados que, viendo las posibilidades de &#8220;nuestro mundo&#8221;, quisieron adelantar el proceso irreversible del surgir de la vida cuando las condiciones precisas est\u00e1n presentes.<\/p>\n<p style=\"text-align: justify;\"><img decoding=\"async\" loading=\"lazy\" src=\"https:\/\/oldcivilizations.files.wordpress.com\/2016\/01\/imagen-121.jpg\" alt=\"Resultado de imagen de Hemos pensado en llevar microbios a Marte\" width=\"478\" height=\"325\" \/><\/p>\n<p style=\"text-align: justify;\">En Marte, la vida es posible que est\u00e9 presente en el subsuelo del planeta, donde las temperaturas son m\u00e1s altas y, el agua l\u00edquida puede estar presente con lo cual, l\u00edquenes y hongos y no digamos bacterias, habr\u00e1n creado ecosistemas de vida en las profundidades de aquel planeta.<\/p>\n<p style=\"text-align: justify;\"><img decoding=\"async\" src=\"http:\/\/meteoaguilas.com\/wp-content\/uploads\/2018\/04\/bacterias.jpg\" alt=\"Resultado de imagen de Bacterias en Marte\" \/><\/p>\n<p style=\"text-align: justify;\">\u00a0 \u00a0 \u00a0 \u00a0 \u00a0 \u00a0 \u00a0 \u00a0 \u00a0 \u00a0 \u00a0Esta imagen es de un meteorito de Marte. \u00bfQu\u00e9 son esas cosas alargadas?<\/p>\n<p style=\"text-align: justify;\">Precisamente por eso, es dif\u00edcil que en las excursiones que hemos realizado en la superficie de Marte, encontremos alguna clase de vida, la radiaci\u00f3n y las temperaturas lo impiden. Por otra parte, si alguna vez la hubo en la superficie, podr\u00edan existir f\u00f3siles pero&#8230; \u00bfc\u00f3mo hallarlos sin hacer profundas excavaciones?<\/p>\n<p style=\"text-align: justify;\"><img decoding=\"async\" loading=\"lazy\" src=\"https:\/\/static-lacuarta-qa.s3.amazonaws.com\/wp-content\/uploads\/sites\/5\/2014\/10\/22\/2022780.jpg\" alt=\"Te presentamos a los 10 animales m\u00e1s inteligentes del mundo\" width=\"720\" height=\"440\" data-original=\"https:\/\/static-lacuarta-qa.s3.amazonaws.com\/wp-content\/uploads\/sites\/5\/2014\/10\/22\/2022780.jpg\" \/><\/p>\n<p style=\"text-align: justify;\">La diversidad de vida en nuestro planeta es inmensa, y, actualmente, s\u00f3lo viven el 1% de las Especies que han sido extinguidas por uno u otro motivo. \u00bfC\u00f3mo podemos negar una rica diversidad de vida en otros mundos que, como la Tierra tenga las condiciones adecuadas para ello? Adem\u00e1s, sin negar otras posibilidades, lo m\u00e1s normal ser\u00eda que esas formas de vida extraterrestres, como en nuestro planeta, est\u00e9n basadas en el Carbono, el elemento m\u00e1s id\u00f3neo para la Vida.<\/p>\n<p style=\"text-align: justify;\"><img decoding=\"async\" loading=\"lazy\" src=\"http:\/\/2.bp.blogspot.com\/_4LBdWpB85F0\/TBEkzh3U_mI\/AAAAAAAALcc\/seDdBTxLIRQ\/s1600\/EL-futuro-de-la-civilizacion.jpg\" alt=\"Resultado de imagen de Extraterrestres de otros mundos\" width=\"478\" height=\"359\" \/><\/p>\n<p style=\"text-align: justify;\">Hacernos una idea cabal de c\u00f3mo podr\u00edan ser esas Sociedadses extraterrestres no podemos, y, sus mundos, aptosd para la vida, podr\u00edan ser muy distintos al nuestro con algunas similitudes y otras muchas diferencias, y, de la misma manera, los seres que los habitaran tambi\u00e9n, podr\u00edan ser muy diferentes a nosotros en funci\u00f3n de factores distintos ausentes en nuestro mundo.<\/p>\n<p style=\"text-align: justify;\"><img decoding=\"async\" loading=\"lazy\" src=\"https:\/\/encrypted-tbn0.gstatic.com\/images?q=tbn:ANd9GcT-O78x4hsMv6X_NtVUOGPrKVQtQzzvF7x3xDDehGNg1HmNqhh6\" alt=\"Imagen relacionada\" width=\"478\" height=\"359\" \/><\/p>\n<p style=\"text-align: justify;\">No ser\u00eda nada extra\u00f1a que mundos inhabilitados para la vida en la superficie, tengan desarrollado un sistema de Vida en el subsuelo del planeta que les facilite todo lo necesario para crear sociedades ocultas en las profundidades del planeta. Para ellos, ser\u00eda una forma de vida normal, y, para nosotros, ser\u00eda vivir confinados.<\/p>\n<p style=\"text-align: justify;\"><img decoding=\"async\" loading=\"lazy\" src=\"https:\/\/lastinieblasdelamente.files.wordpress.com\/2014\/11\/20972-mundos-fragiles.jpg\" alt=\"Imagen relacionada\" width=\"478\" height=\"359\" \/><\/p>\n<p style=\"text-align: justify;\">Claro que, la diversidad de mundos es tan inmensamente grande que, planetas como la Tierra existen, s\u00f3lo en nuestra Galaxia, la V\u00eda L\u00e1ctea, a miles de millones. Otra cosa es que se encuentren la zona habitable. Recientemente han dado con Trappist-1 con 7 planetas rocosos donde 3 de ellos est\u00e1n situados adecuadamente para la Vida. Sin embargo, la distancia que de ellos nos separa nos obliga a realizar un viaje de cientos de miles de a\u00f1os para poder visitarlos, con lo cual, \u00bfde qu\u00e9 sirve saber que est\u00e1n all\u00ed? Bueno, quiz\u00e1s en un futuro muy lejano&#8230; \u00a1Nos pueda servir para salvar a nuestra especie!<\/p>\n<p style=\"text-align: justify;\"><img decoding=\"async\" loading=\"lazy\" src=\"http:\/\/2.bp.blogspot.com\/-BBGgTsKDonU\/ThehAMIUcgI\/AAAAAAAABQA\/eAdLiEh-s2U\/s1600\/razas%2Bextraterrestres.jpg\" alt=\"Resultado de imagen de Extraterrestres de otros mundos\" width=\"230\" height=\"299\" \/><\/p>\n<p style=\"text-align: justify;\">Los de las pel\u00edculas han especulado de todas las maneras posibles con los extraterrestres y lo que har\u00edan de venir a la Tierra. Est\u00e1 claro que ninguna posibilidad hay que despreciar, no sabemos como ser\u00edan &#8220;ellos&#8221; y lo que podr\u00edan tener en sus &#8220;mentes&#8221;.<\/p>\n<p style=\"text-align: justify;\"><img decoding=\"async\" loading=\"lazy\" src=\"https:\/\/i.ytimg.com\/vi\/FaxpD8z73rQ\/hqdefault.jpg\" alt=\"Imagen relacionada\" width=\"478\" height=\"359\" \/><\/p>\n<p style=\"text-align: justify;\">Una cosa s\u00ed debemos tener clara: Vida en el Universo la hay por todas partes, es una condici\u00f3n exigida por sus condiciones f\u00edsicas y qu\u00edmicas que, a partir de la &#8220;materia inerte&#8221;, la evoluci\u00b4`on nos lleve hasta los pensamientos y, en ocasiones, tambi\u00e9n a los sentimientos.<\/p>\n<p style=\"text-align: justify;\">\u00bfPor qu\u00e9, si las leyes del Universo son las mismas en todas partes, ser\u00edamos nosotros los \u00fanicos seres inteligentess? Pensar de esa manera ser\u00eda demasiado &#8220;tonto&#8221; o poco racional. Habr\u00e1 mundos con seres cuya inteligencia nos sobrepase al ser m\u00e1s antiguos que nosotros y haber tenido m\u00e1s tiempo para esrtudiar el Universo.<\/p>\n<p style=\"text-align: justify;\"><img decoding=\"async\" loading=\"lazy\" src=\"http:\/\/3.bp.blogspot.com\/-4wsQSB0MPAU\/UxdV5kRe26I\/AAAAAAAAAI8\/yTd0LILB-n4\/s1600\/Importancia+de+las+Relaciones+Humanas.jpg\" alt=\"Resultado de imagen de Las familias humanas\" width=\"478\" height=\"349\" \/><\/p>\n<p style=\"text-align: justify;\">Aunque la idea de contactar con otros seres nos pueda fascinar, lo cierto es que, si alg\u00fan llegaran, creo que nos distorsionaran en la forma de vida que tenemos y que, a pesar de todas las cosas &#8220;malas&#8221; que tenemos que eliminar, es la nuestra. Ninguna interferencia extraterr3estre nos puede ayudar a nada. Si son superiores a nosotros&#8230; \u00a1Nos pueden enga\u00f1ar! Si por el contrario son inferiores intelectualmente hablando&#8230; \u00a1No podr\u00e1n venir! Si somos nosotros los que vamos a sus mundos&#8230; \u00a1Mejor que se tapen los relojes de pulsera, ya que, lo m\u00e1s seguro, es que se los quitemos. Me acuerdo de Col\u00f3n y Pizarro en el Nuevo Mundo.<\/p>\n<p style=\"text-align: justify;\">En fin, seguiremos especulando.<\/p>\n<p style=\"text-align: justify;\">emilio silvera<\/p>\n<div class='bookmark'>\r\n\t\t<table align='left' border='0' cellpadding='0' width='100%'>\r\n\t\t<tr><td><span class='pushbutton'><a href='http:\/\/delicious.com\/post?url=https%3A%2F%2Fwww.emiliosilveravazquez.com%2Fblog%2F2018%2F09%2F13%2Fmira-que-si-venimos-del-futuro-2%2F&amp;title=Mira+que+si+venimos+del+futuro' title='Delicious' target='_blank' rel='nofollow'><img src='https:\/\/www.emiliosilveravazquez.com\/blog\/wp-content\/plugins\/knxdt-bookmarks-wordpress-plugin\/images\/delicious.png'  alt='' class='book_img' border='none' style='margin:1px; padding: 0;'  \/><\/a><\/span><span class='pushbutton'><a href='http:\/\/digg.com\/submit?url=https%3A%2F%2Fwww.emiliosilveravazquez.com%2Fblog%2F2018%2F09%2F13%2Fmira-que-si-venimos-del-futuro-2%2F&amp;title=Mira+que+si+venimos+del+futuro' title='Digg' target='_blank' rel='nofollow'><img src='https:\/\/www.emiliosilveravazquez.com\/blog\/wp-content\/plugins\/knxdt-bookmarks-wordpress-plugin\/images\/digg.png'  alt='' class='book_img' border='none' style='margin:1px; padding: 0;'  \/><\/a><\/span><span class='pushbutton'><a href='http:\/\/www.google.com\/bookmarks\/mark?op=edit&amp;bkmk=https%3A%2F%2Fwww.emiliosilveravazquez.com%2Fblog%2F2018%2F09%2F13%2Fmira-que-si-venimos-del-futuro-2%2F&amp;title=Mira+que+si+venimos+del+futuro' title='Google' target='_blank' rel='nofollow'><img src='https:\/\/www.emiliosilveravazquez.com\/blog\/wp-content\/plugins\/knxdt-bookmarks-wordpress-plugin\/images\/google.png'   alt='' class='book_img' border='none' style='margin:1px; padding: 0;'  \/><\/a><\/span><span class='pushbutton'><a href='http:\/\/myweb2.search.yahoo.com\/myresults\/bookmarklet?u=https%3A%2F%2Fwww.emiliosilveravazquez.com%2Fblog%2F2018%2F09%2F13%2Fmira-que-si-venimos-del-futuro-2%2F&amp;t=Mira+que+si+venimos+del+futuro' title='Yahoo' target='_blank' rel='nofollow'><img src='https:\/\/www.emiliosilveravazquez.com\/blog\/wp-content\/plugins\/knxdt-bookmarks-wordpress-plugin\/images\/yahoo.png'  alt='' class='book_img' border='none' style='margin:1px; padding: 0;'  \/><\/a><\/span><span class='pushbutton'><a href='http:\/\/www.technorati.com\/faves?add=https%3A%2F%2Fwww.emiliosilveravazquez.com%2Fblog%2F2018%2F09%2F13%2Fmira-que-si-venimos-del-futuro-2%2F' title='Technorati' target='_blank' rel='nofollow'><img src='https:\/\/www.emiliosilveravazquez.com\/blog\/wp-content\/plugins\/knxdt-bookmarks-wordpress-plugin\/images\/technorati.png'  alt='' class='book_img' border='none' style='margin:1px; padding: 0;'  \/><\/a><\/span><span class='pushbutton'><a href='http:\/\/meneame.net\/submit.php?url=https%3A%2F%2Fwww.emiliosilveravazquez.com%2Fblog%2F2018%2F09%2F13%2Fmira-que-si-venimos-del-futuro-2%2F' title='Meneame' target='_blank' rel='nofollow'><img src='https:\/\/www.emiliosilveravazquez.com\/blog\/wp-content\/plugins\/knxdt-bookmarks-wordpress-plugin\/images\/meneame.png'  alt='' class='book_img' border='none' style='margin:1px; padding: 0;'  \/><\/a><\/span><span class='pushbutton'><a href='http:\/\/enchilame.com\/submit.php?url=https:\/\/www.emiliosilveravazquez.com\/blog\/2018\/09\/13\/mira-que-si-venimos-del-futuro-2\/' target='_blank' rel='nofollow'><img title='Enchilame' src='https:\/\/www.emiliosilveravazquez.com\/blog\/wp-content\/plugins\/knxdt-bookmarks-wordpress-plugin\/images\/enchilame.png'  alt='' class='book_img' border='none' style='margin:1px; padding: 0;'  \/><\/a><\/span><span class='pushbutton'><a href='http:\/\/www.blinklist.com\/index.php?Action=Blink\/addblink.php&amp;Description=&amp;Url=https%3A%2F%2Fwww.emiliosilveravazquez.com%2Fblog%2F2018%2F09%2F13%2Fmira-que-si-venimos-del-futuro-2%2F&amp;title=Mira+que+si+venimos+del+futuro' title='BlinkList' target='_blank' rel='nofollow'><img src='https:\/\/www.emiliosilveravazquez.com\/blog\/wp-content\/plugins\/knxdt-bookmarks-wordpress-plugin\/images\/blinklist.png'  alt='' class='book_img' border='none' style='margin:1px; padding: 0;'  \/><\/a><\/span><span class='pushbutton'><a href='http:\/\/reddit.com\/submit?url=https%3A%2F%2Fwww.emiliosilveravazquez.com%2Fblog%2F2018%2F09%2F13%2Fmira-que-si-venimos-del-futuro-2%2F&amp;title=Mira+que+si+venimos+del+futuro' title='Reddit' target='_blank' rel='nofollow'><img src='https:\/\/www.emiliosilveravazquez.com\/blog\/wp-content\/plugins\/knxdt-bookmarks-wordpress-plugin\/images\/reddit.png'  alt='' class='book_img' border='none' style='margin:1px; padding: 0;'  \/><\/a><\/span><span class='pushbutton'><a href='http:\/\/www.tecnologiadiaria.com\/2009\/07\/abrir-com-hotmail-correo.html' target='_blank' title='hotmail'><img src='https:\/\/www.emiliosilveravazquez.com\/blog\/wp-content\/plugins\/knxdt-bookmarks-wordpress-plugin\/images\/linklove.png' alt='hotmail correo' class='book_img' border='none' style='margin:1px; padding: 0;' \/><\/a><\/span><span class='pushbutton'><a href='http:\/\/bitacoras.com\/votar\/anotacion\/externo\/mini\/www.emiliosilveravazquez.com\/blog\/2018\/09\/13\/mira-que-si-venimos-del-futuro-2\/' title='Bitacoras.com' target='_blank' rel='nofollow'><img src='https:\/\/www.emiliosilveravazquez.com\/blog\/wp-content\/plugins\/knxdt-bookmarks-wordpress-plugin\/images\/bitacoras.png'  alt='' class='book_img' border='none' style='margin:1px; padding: 0;'  \/><\/a><\/span><span class='pushbutton'><a href='http:\/\/www.wikio.es\/vote?url=https%3A%2F%2Fwww.emiliosilveravazquez.com%2Fblog%2F2018%2F09%2F13%2Fmira-que-si-venimos-del-futuro-2%2F' title='Wikio' target='_blank' rel='nofollow'><img src='https:\/\/www.emiliosilveravazquez.com\/blog\/wp-content\/plugins\/knxdt-bookmarks-wordpress-plugin\/images\/wikio.png'   alt='' class='book_img' border='none' style='margin:1px; padding: 0;'   \/><\/a><\/span><span class='pushbutton'><a href='http:\/\/friendfeed.com\/?url=https%3A%2F%2Fwww.emiliosilveravazquez.com%2Fblog%2F2018%2F09%2F13%2Fmira-que-si-venimos-del-futuro-2%2F&amp;title=Mira+que+si+venimos+del+futuro' title='Friend Feed' target='_blank' rel='nofollow'><img src='https:\/\/www.emiliosilveravazquez.com\/blog\/wp-content\/plugins\/knxdt-bookmarks-wordpress-plugin\/images\/friendfeed.png'  alt='' class='book_img' border='none' style='margin:1px; padding: 0;'  \/><\/a><\/span><span class='pushbutton'><a href='http:\/\/www.facebook.com\/share.php?u=https%3A%2F%2Fwww.emiliosilveravazquez.com%2Fblog%2F2018%2F09%2F13%2Fmira-que-si-venimos-del-futuro-2%2F&amp;t=Mira+que+si+venimos+del+futuro' title='Facebook' target='_blank' rel='nofollow'><img src='https:\/\/www.emiliosilveravazquez.com\/blog\/wp-content\/plugins\/knxdt-bookmarks-wordpress-plugin\/images\/facebook.png'  alt='' class='book_img' border='none' style='margin:1px; padding: 0;'  \/><\/a><\/span><span class='pushbutton'><a href='http:\/\/twitter.com\/home?status=Mira+que+si+venimos+del+futuro: https%3A%2F%2Fwww.emiliosilveravazquez.com%2Fblog%2F2018%2F09%2F13%2Fmira-que-si-venimos-del-futuro-2%2F' title='Twitter' target='_blank' rel='nofollow'><img src='https:\/\/www.emiliosilveravazquez.com\/blog\/wp-content\/plugins\/knxdt-bookmarks-wordpress-plugin\/images\/twitter.png'  alt='' class='book_img' border='none' style='margin:1px; padding: 0;'  \/><\/a><\/span><span class='pushbutton'><a href='http:\/\/www.feedburner.com\/fb\/a\/emailFlare?itemTitle=Mira+que+si+venimos+del+futuro&amp;uri=https%3A%2F%2Fwww.emiliosilveravazquez.com%2Fblog%2F2018%2F09%2F13%2Fmira-que-si-venimos-del-futuro-2%2F' title='Enviar por Email' target='_blank' rel='nofollow'><img src='https:\/\/www.emiliosilveravazquez.com\/blog\/wp-content\/plugins\/knxdt-bookmarks-wordpress-plugin\/images\/email.png'  alt='' class='book_img' border='none' style='margin:1px; padding: 0;'  \/><\/a><\/span><span style='font-weight:bold; padding-left: 5px;'><a href='http:\/\/wordpress.org\/extend\/plugins\/knxdt-bookmarks-wordpress-plugin\/' title='Plugin' rel='nofollow' target='_blank'>[?]<\/a><\/span><\/td><\/tr><\/table><br\/><br\/><\/div>","protected":false},"excerpt":{"rendered":"<p>Esporas bien resguardadas en c\u00e1psulas que las preservaban de la radiaci\u00f3n y que, al llegar al planeta y contactar con el agua, se abrieron para florecer y evolucionar hacia las formas de vida m\u00faltiples que hoy pordemos contemplar en el planeta como fruto de la evoluci\u00f2n de miles de millones de a\u00f1os, tras la desaparici\u00f3n [&hellip;]<\/p>\n","protected":false},"author":2,"featured_media":0,"comment_status":"open","ping_status":"open","sticky":false,"template":"","format":"standard","meta":{"_s2mail":"yes","footnotes":""},"categories":[265],"tags":[],"_links":{"self":[{"href":"https:\/\/www.emiliosilveravazquez.com\/blog\/wp-json\/wp\/v2\/posts\/21828"}],"collection":[{"href":"https:\/\/www.emiliosilveravazquez.com\/blog\/wp-json\/wp\/v2\/posts"}],"about":[{"href":"https:\/\/www.emiliosilveravazquez.com\/blog\/wp-json\/wp\/v2\/types\/post"}],"author":[{"embeddable":true,"href":"https:\/\/www.emiliosilveravazquez.com\/blog\/wp-json\/wp\/v2\/users\/2"}],"replies":[{"embeddable":true,"href":"https:\/\/www.emiliosilveravazquez.com\/blog\/wp-json\/wp\/v2\/comments?post=21828"}],"version-history":[{"count":0,"href":"https:\/\/www.emiliosilveravazquez.com\/blog\/wp-json\/wp\/v2\/posts\/21828\/revisions"}],"wp:attachment":[{"href":"https:\/\/www.emiliosilveravazquez.com\/blog\/wp-json\/wp\/v2\/media?parent=21828"}],"wp:term":[{"taxonomy":"category","embeddable":true,"href":"https:\/\/www.emiliosilveravazquez.com\/blog\/wp-json\/wp\/v2\/categories?post=21828"},{"taxonomy":"post_tag","embeddable":true,"href":"https:\/\/www.emiliosilveravazquez.com\/blog\/wp-json\/wp\/v2\/tags?post=21828"}],"curies":[{"name":"wp","href":"https:\/\/api.w.org\/{rel}","templated":true}]}}