{"id":21241,"date":"2018-06-09T07:55:51","date_gmt":"2018-06-09T06:55:51","guid":{"rendered":"http:\/\/www.emiliosilveravazquez.com\/blog\/?p=21241"},"modified":"2018-06-09T07:55:51","modified_gmt":"2018-06-09T06:55:51","slug":"el-metano-de-marte-%c2%a1lo-produce-alguna-clase-de-vida","status":"publish","type":"post","link":"https:\/\/www.emiliosilveravazquez.com\/blog\/2018\/06\/09\/el-metano-de-marte-%c2%a1lo-produce-alguna-clase-de-vida\/","title":{"rendered":"El Metano de Marte&#8230; \u00a1Lo produce alguna clase de Vida?"},"content":{"rendered":"<p style=\"text-align: justify;\"><img decoding=\"async\" loading=\"lazy\" src=\"http:\/\/media201.zgt.de\/00622D94_10132FC29295464D786D0DF91BB3D41B\" alt=\"Resultado de imagen de REMS (Rover Environmental Monitoring Station)\" width=\"484\" height=\"186\" \/><\/p>\n<p style=\"text-align: justify;\"><a href=\"https:\/\/www.agenciasinc.es\/Reportajes\/REMS-el-primer-instrumento-espanol-en-Marte\" target=\"_blank\">REMS<\/a>\u00a0(<em>Rover Environmental Monitoring Station<\/em>) es una estaci\u00f3n medioambiental desarrollada en el CAB, que lleva midiendo desde el 2012 diferentes variables atmosf\u00e9ricas en el cr\u00e1ter Gale: la velocidad y direcci\u00f3n del viento, la presi\u00f3n atmosf\u00e9rica, la temperatura del aire, la temperatura del suelo, la humedad relativa y el nivel de radiaci\u00f3n ultravioleta en la superficie.<\/p>\n<p style=\"text-align: justify;\"><img decoding=\"async\" src=\"http:\/\/www.lavanguardia.com\/r\/GODO\/LV\/p5\/WebSite\/2018\/06\/07\/Recortada\/LAVANGUARDIA_G_10122469519-k1BH-U444199997920DKB-992x558@LaVanguardia-Web.jpg\" alt=\"Halladas mol\u00c3\u00a9culas org\u00c3\u00a1nicas en Marte que avivan la b\u00c3\u00basqueda de vida\" \/><\/p>\n<p style=\"text-align: justify;\">\n<header>\n<div>\n<div>\u00a0 \u00a0\u00a0 El Rover Curiosity encuentra mol\u00e9culas org\u00e1nicas en el cr\u00e1ter Gale de Marte. Su origen es un misterio<\/div>\n<\/div>\n<\/header>\n<p>&nbsp;<\/p>\n<p>&nbsp;<\/p>\n<p>&nbsp;<\/p>\n<p style=\"text-align: justify;\">Otro coautor e investigador del CAB, Jorge Pla-Garc\u00eda, ha contrastado los modelos atmosf\u00e9ricos con los datos. Seg\u00fan indica, \u201cla buena concordancia simulaciones-observaciones nos da la confianza para utilizar el modelo a la hora de investigar, tanto el entorno meteorol\u00f3gico de toda la regi\u00f3n del cr\u00e1ter Gale, como la evoluci\u00f3n del metano detectado por TLS-SAM\u201d.<\/p>\n<p style=\"text-align: justify;\">Estas correlaciones han permitido acotar la ubicaci\u00f3n de la fuente de emisi\u00f3n del metano, pero se necesitar\u00e1 una mayor cantidad de datos para poder entender el origen y la qu\u00edmica del metano marciano.<\/p>\n<p style=\"text-align: justify;\"><img decoding=\"async\" loading=\"lazy\" src=\"http:\/\/www.cosmonoticias.org\/wp-content\/uploads\/2018\/06\/metano-estacional.jpg\" alt=\"Resultado de imagen de Material org\u00e1nico antiguo en Marte - metano\" width=\"484\" height=\"273\" \/><\/p>\n<p style=\"text-align: justify;\">\u00a0\u00a0\u00a0\u00a0\u00a0\u00a0\u00a0\u00a0\u00a0\u00a0\u00a0\u00a0\u00a0\u00a0\u00a0\u00a0\u00a0\u00a0\u00a0\u00a0\u00a0\u00a0\u00a0\u00a0\u00a0\u00a0\u00a0\u00a0\u00a0\u00a0\u00a0\u00a0\u00a0\u00a0\u00a0\u00a0\u00a0\u00a0\u00a0\u00a0\u00a0\u00a0\u00a0\u00a0\u00a0\u00a0\u00a0 Concentraci\u00f3n metano Marte<\/p>\n<p style=\"text-align: justify;\"><strong>Material org\u00e1nico antiguo<\/strong><\/p>\n<p style=\"text-align: justify;\">En el mismo n\u00famero de la revista\u00a0<em>Science<\/em>\u00a0aparece otro art\u00edculo, coordinado desde el Centro de vuelo espacial Goddard de la NASA, donde sus autores informan que han encontrado materiales org\u00e1nicos (como tiofeno, metanotiol y dimetilsulfuro) en arcillas marcianas de hace 3.000 millones de a\u00f1os que recuerdan a las rocas sedimentarias ricas en compuestos org\u00e1nicos que se encuentra en la Tierra.<\/p>\n<div><a id=\"eztoc6290670_1\" name=\"eztoc6290670_1\"><\/a><\/div>\n<h2 style=\"text-align: justify;\"><strong>El ciclo estacional del metano en Marte<\/strong><\/h2>\n<p>&nbsp;<\/p>\n<p>&nbsp;<\/p>\n<div style=\"text-align: justify;\">\n<div>\n<div>\n<div><img decoding=\"async\" loading=\"lazy\" title=\"180607_metanoMarte_NASA-JPL-Caltech\" src=\"https:\/\/www.agenciasinc.es\/var\/ezwebin_site\/storage\/images\/media\/images\/180607_metanomarte_nasa-jpl-caltech\/6290750-1-esl-MX\/180607_metanoMarte_NASA-JPL-Caltech.jpg\" alt=\"180607_metanoMarte_NASA-JPL-Caltech\" width=\"660\" height=\"512\" \/><\/div>\n<div>\n<p>Cr\u00e9dito: NASA \/ JPL-Caltech<\/p>\n<p>&nbsp;<\/p>\n<\/div>\n<\/div>\n<\/div>\n<\/div>\n<p style=\"text-align: justify;\">Formas en las que el metano del subsuelo marciano podr\u00eda llegar a la superficie, donde su absorci\u00f3n y liberaci\u00f3n podr\u00eda producir una gran variaci\u00f3n estacional en la atm\u00f3sfera como la observada por Curiosity.\u00a0Las posibles fuentes podr\u00edan ser la metanog\u00e9nesis, la degradaci\u00f3n de los compuestos org\u00e1nicos por luz ultravioleta o interacciones qu\u00edmicas entre el agua y las rocas; y sus p\u00e9rdidas incluyen la fotoqu\u00edmica atmosf\u00e9rica y reacciones superficiales. Gr\u00e1fico referido a estaciones del hemisferio norte con datos procedentes del instrumento TLSSAM de Curiosity durante tres a\u00f1os marcianos (casi 5 a\u00f1os terrestres).<\/p>\n<p style=\"text-align: justify;\"><img decoding=\"async\" loading=\"lazy\" src=\"https:\/\/criptogramas.files.wordpress.com\/2014\/08\/metano-en-la-atmc3b3sfera.jpg\" alt=\"Resultado de imagen de Metano producido por la presencia de bacterias\" width=\"459\" height=\"353\" \/><\/p>\n<blockquote>\n<p style=\"text-align: justify;\">&#8220;La <strong>metanog\u00e9nesis<\/strong> es la formaci\u00f3n de <a title=\"Metano\" href=\"https:\/\/es.wikipedia.org\/wiki\/Metano\">metano<\/a> por parte de los <a title=\"Seres vivos\" href=\"https:\/\/es.wikipedia.org\/wiki\/Seres_vivos\">seres vivos<\/a>. Es una forma de <a title=\"Metabolismo\" href=\"https:\/\/es.wikipedia.org\/wiki\/Metabolismo\">metabolismo<\/a> <a title=\"Microbio\" href=\"https:\/\/es.wikipedia.org\/wiki\/Microbio\">microbiano<\/a> muy importante y extendida. En la mayor\u00eda de los entornos, es el paso final de la descomposici\u00f3n de la <a title=\"Biomasa\" href=\"https:\/\/es.wikipedia.org\/wiki\/Biomasa\">biomasa<\/a>. Recientemente se ha demostrado que el tejido de las <a title=\"Hoja\" href=\"https:\/\/es.wikipedia.org\/wiki\/Hoja\">hojas<\/a> de las plantas vivas emite metano.<sup id=\"cite_ref-1\"><a href=\"https:\/\/es.wikipedia.org\/wiki\/Metanog%C3%A9nesis#cite_note-1\">1<\/a><\/sup>\u200b Aunque el mecanismo por el que ocurre esta producci\u00f3n de metano es, hasta ahora, desconocido, las implicaciones son grandes; es un ejemplo de metanog\u00e9nesis en organismos no microbianos, supuestamente en condiciones aer\u00f3bicas. Como no se sabe mucho acerca de los caminos que emplean las plantas para producir metano, el resto de este art\u00edculo se centra en la producci\u00f3n de metano por los <a title=\"Microbio\" href=\"https:\/\/es.wikipedia.org\/wiki\/Microbio\">microbios<\/a>, que es bien conocido.&#8221;<\/p>\n<p style=\"text-align: justify;\">Habr\u00eda que esperar para finar la certeza deel metqano de Marte que, no podemos descartar que tenga un origen biol\u00f3gico.<\/p>\n<\/blockquote>\n<div class='bookmark'>\r\n\t\t<table align='left' border='0' cellpadding='0' width='100%'>\r\n\t\t<tr><td><span class='pushbutton'><a href='http:\/\/delicious.com\/post?url=https%3A%2F%2Fwww.emiliosilveravazquez.com%2Fblog%2F2018%2F06%2F09%2Fel-metano-de-marte-%25c2%25a1lo-produce-alguna-clase-de-vida%2F&amp;title=El+Metano+de+Marte%26%238230%3B+%C2%A1Lo+produce+alguna+clase+de+Vida%3F' title='Delicious' target='_blank' rel='nofollow'><img src='https:\/\/www.emiliosilveravazquez.com\/blog\/wp-content\/plugins\/knxdt-bookmarks-wordpress-plugin\/images\/delicious.png'  alt='' class='book_img' border='none' style='margin:1px; padding: 0;'  \/><\/a><\/span><span class='pushbutton'><a href='http:\/\/digg.com\/submit?url=https%3A%2F%2Fwww.emiliosilveravazquez.com%2Fblog%2F2018%2F06%2F09%2Fel-metano-de-marte-%25c2%25a1lo-produce-alguna-clase-de-vida%2F&amp;title=El+Metano+de+Marte%26%238230%3B+%C2%A1Lo+produce+alguna+clase+de+Vida%3F' title='Digg' target='_blank' rel='nofollow'><img src='https:\/\/www.emiliosilveravazquez.com\/blog\/wp-content\/plugins\/knxdt-bookmarks-wordpress-plugin\/images\/digg.png'  alt='' class='book_img' border='none' style='margin:1px; padding: 0;'  \/><\/a><\/span><span class='pushbutton'><a href='http:\/\/www.google.com\/bookmarks\/mark?op=edit&amp;bkmk=https%3A%2F%2Fwww.emiliosilveravazquez.com%2Fblog%2F2018%2F06%2F09%2Fel-metano-de-marte-%25c2%25a1lo-produce-alguna-clase-de-vida%2F&amp;title=El+Metano+de+Marte%26%238230%3B+%C2%A1Lo+produce+alguna+clase+de+Vida%3F' title='Google' target='_blank' rel='nofollow'><img src='https:\/\/www.emiliosilveravazquez.com\/blog\/wp-content\/plugins\/knxdt-bookmarks-wordpress-plugin\/images\/google.png'   alt='' class='book_img' border='none' style='margin:1px; padding: 0;'  \/><\/a><\/span><span class='pushbutton'><a href='http:\/\/myweb2.search.yahoo.com\/myresults\/bookmarklet?u=https%3A%2F%2Fwww.emiliosilveravazquez.com%2Fblog%2F2018%2F06%2F09%2Fel-metano-de-marte-%25c2%25a1lo-produce-alguna-clase-de-vida%2F&amp;t=El+Metano+de+Marte%26%238230%3B+%C2%A1Lo+produce+alguna+clase+de+Vida%3F' title='Yahoo' target='_blank' rel='nofollow'><img src='https:\/\/www.emiliosilveravazquez.com\/blog\/wp-content\/plugins\/knxdt-bookmarks-wordpress-plugin\/images\/yahoo.png'  alt='' class='book_img' border='none' style='margin:1px; padding: 0;'  \/><\/a><\/span><span class='pushbutton'><a href='http:\/\/www.technorati.com\/faves?add=https%3A%2F%2Fwww.emiliosilveravazquez.com%2Fblog%2F2018%2F06%2F09%2Fel-metano-de-marte-%25c2%25a1lo-produce-alguna-clase-de-vida%2F' title='Technorati' target='_blank' rel='nofollow'><img src='https:\/\/www.emiliosilveravazquez.com\/blog\/wp-content\/plugins\/knxdt-bookmarks-wordpress-plugin\/images\/technorati.png'  alt='' class='book_img' border='none' style='margin:1px; padding: 0;'  \/><\/a><\/span><span class='pushbutton'><a href='http:\/\/meneame.net\/submit.php?url=https%3A%2F%2Fwww.emiliosilveravazquez.com%2Fblog%2F2018%2F06%2F09%2Fel-metano-de-marte-%25c2%25a1lo-produce-alguna-clase-de-vida%2F' title='Meneame' target='_blank' rel='nofollow'><img src='https:\/\/www.emiliosilveravazquez.com\/blog\/wp-content\/plugins\/knxdt-bookmarks-wordpress-plugin\/images\/meneame.png'  alt='' class='book_img' border='none' style='margin:1px; padding: 0;'  \/><\/a><\/span><span class='pushbutton'><a href='http:\/\/enchilame.com\/submit.php?url=https:\/\/www.emiliosilveravazquez.com\/blog\/2018\/06\/09\/el-metano-de-marte-%c2%a1lo-produce-alguna-clase-de-vida\/' target='_blank' rel='nofollow'><img title='Enchilame' src='https:\/\/www.emiliosilveravazquez.com\/blog\/wp-content\/plugins\/knxdt-bookmarks-wordpress-plugin\/images\/enchilame.png'  alt='' class='book_img' border='none' style='margin:1px; padding: 0;'  \/><\/a><\/span><span class='pushbutton'><a href='http:\/\/www.blinklist.com\/index.php?Action=Blink\/addblink.php&amp;Description=&amp;Url=https%3A%2F%2Fwww.emiliosilveravazquez.com%2Fblog%2F2018%2F06%2F09%2Fel-metano-de-marte-%25c2%25a1lo-produce-alguna-clase-de-vida%2F&amp;title=El+Metano+de+Marte%26%238230%3B+%C2%A1Lo+produce+alguna+clase+de+Vida%3F' title='BlinkList' target='_blank' rel='nofollow'><img src='https:\/\/www.emiliosilveravazquez.com\/blog\/wp-content\/plugins\/knxdt-bookmarks-wordpress-plugin\/images\/blinklist.png'  alt='' class='book_img' border='none' style='margin:1px; padding: 0;'  \/><\/a><\/span><span class='pushbutton'><a href='http:\/\/reddit.com\/submit?url=https%3A%2F%2Fwww.emiliosilveravazquez.com%2Fblog%2F2018%2F06%2F09%2Fel-metano-de-marte-%25c2%25a1lo-produce-alguna-clase-de-vida%2F&amp;title=El+Metano+de+Marte%26%238230%3B+%C2%A1Lo+produce+alguna+clase+de+Vida%3F' title='Reddit' target='_blank' rel='nofollow'><img src='https:\/\/www.emiliosilveravazquez.com\/blog\/wp-content\/plugins\/knxdt-bookmarks-wordpress-plugin\/images\/reddit.png'  alt='' class='book_img' border='none' style='margin:1px; padding: 0;'  \/><\/a><\/span><span class='pushbutton'><a href='http:\/\/www.tecnologiadiaria.com\/2009\/07\/abrir-com-hotmail-correo.html' target='_blank' title='hotmail'><img src='https:\/\/www.emiliosilveravazquez.com\/blog\/wp-content\/plugins\/knxdt-bookmarks-wordpress-plugin\/images\/linklove.png' alt='hotmail correo' class='book_img' border='none' style='margin:1px; padding: 0;' \/><\/a><\/span><span class='pushbutton'><a href='http:\/\/bitacoras.com\/votar\/anotacion\/externo\/mini\/www.emiliosilveravazquez.com\/blog\/2018\/06\/09\/el-metano-de-marte-%c2%a1lo-produce-alguna-clase-de-vida\/' title='Bitacoras.com' target='_blank' rel='nofollow'><img src='https:\/\/www.emiliosilveravazquez.com\/blog\/wp-content\/plugins\/knxdt-bookmarks-wordpress-plugin\/images\/bitacoras.png'  alt='' class='book_img' border='none' style='margin:1px; padding: 0;'  \/><\/a><\/span><span class='pushbutton'><a href='http:\/\/www.wikio.es\/vote?url=https%3A%2F%2Fwww.emiliosilveravazquez.com%2Fblog%2F2018%2F06%2F09%2Fel-metano-de-marte-%25c2%25a1lo-produce-alguna-clase-de-vida%2F' title='Wikio' target='_blank' rel='nofollow'><img src='https:\/\/www.emiliosilveravazquez.com\/blog\/wp-content\/plugins\/knxdt-bookmarks-wordpress-plugin\/images\/wikio.png'   alt='' class='book_img' border='none' style='margin:1px; padding: 0;'   \/><\/a><\/span><span class='pushbutton'><a href='http:\/\/friendfeed.com\/?url=https%3A%2F%2Fwww.emiliosilveravazquez.com%2Fblog%2F2018%2F06%2F09%2Fel-metano-de-marte-%25c2%25a1lo-produce-alguna-clase-de-vida%2F&amp;title=El+Metano+de+Marte%26%238230%3B+%C2%A1Lo+produce+alguna+clase+de+Vida%3F' title='Friend Feed' target='_blank' rel='nofollow'><img src='https:\/\/www.emiliosilveravazquez.com\/blog\/wp-content\/plugins\/knxdt-bookmarks-wordpress-plugin\/images\/friendfeed.png'  alt='' class='book_img' border='none' style='margin:1px; padding: 0;'  \/><\/a><\/span><span class='pushbutton'><a href='http:\/\/www.facebook.com\/share.php?u=https%3A%2F%2Fwww.emiliosilveravazquez.com%2Fblog%2F2018%2F06%2F09%2Fel-metano-de-marte-%25c2%25a1lo-produce-alguna-clase-de-vida%2F&amp;t=El+Metano+de+Marte%26%238230%3B+%C2%A1Lo+produce+alguna+clase+de+Vida%3F' title='Facebook' target='_blank' rel='nofollow'><img src='https:\/\/www.emiliosilveravazquez.com\/blog\/wp-content\/plugins\/knxdt-bookmarks-wordpress-plugin\/images\/facebook.png'  alt='' class='book_img' border='none' style='margin:1px; padding: 0;'  \/><\/a><\/span><span class='pushbutton'><a href='http:\/\/twitter.com\/home?status=El+Metano+de+Marte%26%238230%3B+%C2%A1Lo+produce+alguna+clase+de+Vida%3F: https%3A%2F%2Fwww.emiliosilveravazquez.com%2Fblog%2F2018%2F06%2F09%2Fel-metano-de-marte-%25c2%25a1lo-produce-alguna-clase-de-vida%2F' title='Twitter' target='_blank' rel='nofollow'><img src='https:\/\/www.emiliosilveravazquez.com\/blog\/wp-content\/plugins\/knxdt-bookmarks-wordpress-plugin\/images\/twitter.png'  alt='' class='book_img' border='none' style='margin:1px; padding: 0;'  \/><\/a><\/span><span class='pushbutton'><a href='http:\/\/www.feedburner.com\/fb\/a\/emailFlare?itemTitle=El+Metano+de+Marte%26%238230%3B+%C2%A1Lo+produce+alguna+clase+de+Vida%3F&amp;uri=https%3A%2F%2Fwww.emiliosilveravazquez.com%2Fblog%2F2018%2F06%2F09%2Fel-metano-de-marte-%25c2%25a1lo-produce-alguna-clase-de-vida%2F' title='Enviar por Email' target='_blank' rel='nofollow'><img src='https:\/\/www.emiliosilveravazquez.com\/blog\/wp-content\/plugins\/knxdt-bookmarks-wordpress-plugin\/images\/email.png'  alt='' class='book_img' border='none' style='margin:1px; padding: 0;'  \/><\/a><\/span><span style='font-weight:bold; padding-left: 5px;'><a href='http:\/\/wordpress.org\/extend\/plugins\/knxdt-bookmarks-wordpress-plugin\/' title='Plugin' rel='nofollow' target='_blank'>[?]<\/a><\/span><\/td><\/tr><\/table><br\/><br\/><\/div>","protected":false},"excerpt":{"rendered":"<p>REMS\u00a0(Rover Environmental Monitoring Station) es una estaci\u00f3n medioambiental desarrollada en el CAB, que lleva midiendo desde el 2012 diferentes variables atmosf\u00e9ricas en el cr\u00e1ter Gale: la velocidad y direcci\u00f3n del viento, la presi\u00f3n atmosf\u00e9rica, la temperatura del aire, la temperatura del suelo, la humedad relativa y el nivel de radiaci\u00f3n ultravioleta en la superficie. \u00a0 [&hellip;]<\/p>\n","protected":false},"author":2,"featured_media":0,"comment_status":"open","ping_status":"open","sticky":false,"template":"","format":"standard","meta":{"_s2mail":"yes","footnotes":""},"categories":[71],"tags":[],"_links":{"self":[{"href":"https:\/\/www.emiliosilveravazquez.com\/blog\/wp-json\/wp\/v2\/posts\/21241"}],"collection":[{"href":"https:\/\/www.emiliosilveravazquez.com\/blog\/wp-json\/wp\/v2\/posts"}],"about":[{"href":"https:\/\/www.emiliosilveravazquez.com\/blog\/wp-json\/wp\/v2\/types\/post"}],"author":[{"embeddable":true,"href":"https:\/\/www.emiliosilveravazquez.com\/blog\/wp-json\/wp\/v2\/users\/2"}],"replies":[{"embeddable":true,"href":"https:\/\/www.emiliosilveravazquez.com\/blog\/wp-json\/wp\/v2\/comments?post=21241"}],"version-history":[{"count":0,"href":"https:\/\/www.emiliosilveravazquez.com\/blog\/wp-json\/wp\/v2\/posts\/21241\/revisions"}],"wp:attachment":[{"href":"https:\/\/www.emiliosilveravazquez.com\/blog\/wp-json\/wp\/v2\/media?parent=21241"}],"wp:term":[{"taxonomy":"category","embeddable":true,"href":"https:\/\/www.emiliosilveravazquez.com\/blog\/wp-json\/wp\/v2\/categories?post=21241"},{"taxonomy":"post_tag","embeddable":true,"href":"https:\/\/www.emiliosilveravazquez.com\/blog\/wp-json\/wp\/v2\/tags?post=21241"}],"curies":[{"name":"wp","href":"https:\/\/api.w.org\/{rel}","templated":true}]}}