{"id":20003,"date":"2018-01-15T07:08:49","date_gmt":"2018-01-15T06:08:49","guid":{"rendered":"http:\/\/www.emiliosilveravazquez.com\/blog\/?p=20003"},"modified":"2018-01-15T07:08:49","modified_gmt":"2018-01-15T06:08:49","slug":"%c2%bfque-nos-dira-la-naturaleza-y-que-el-universo-en-2-018","status":"publish","type":"post","link":"https:\/\/www.emiliosilveravazquez.com\/blog\/2018\/01\/15\/%c2%bfque-nos-dira-la-naturaleza-y-que-el-universo-en-2-018\/","title":{"rendered":"\u00bfQu\u00e9 nos dir\u00e1 la Naturaleza y que el Universo en 2.018?"},"content":{"rendered":"<div style=\"text-align: justify;\"><img decoding=\"async\" loading=\"lazy\" id=\"irc_mi\" src=\"http:\/\/eltamiz.com\/wp-content\/uploads\/2008\/05\/planeta-tierra-pequeno1.jpg\" alt=\"\" width=\"524\" height=\"393\" \/><\/div>\n<div>\n<div style=\"text-align: justify;\">\n<h2>\u00a0\u00ab\u00a0<a href=\"http:\/\/www.emiliosilveravazquez.com\/blog\/2012\/12\/31\/conocer-mejor-el-planeta-tierra\/\" rel=\"prev\">Conocer mejor el planeta Tierra<\/a><\/h2>\n<\/div>\n<div style=\"text-align: justify;\"><a href=\"http:\/\/www.emiliosilveravazquez.com\/blog\/2013\/01\/02\/siempre-buscando-la-realidad-de-las-cosas\/\" rel=\"next\">Siempre buscando la realidad de las cosas<\/a>\u00a0\u00bb<\/div>\n<div style=\"text-align: justify;\">\n<p><img decoding=\"async\" title=\"El LHC se adentra en la materia del universo primigenio\" src=\"http:\/\/m1.paperblog.com\/i\/143\/1436787\/el-lhc-adentra-materia-del-universo-primigeni-L-VMPXwD.jpeg\" alt=\"El LHC se adentra en la materia del universo primigenio\" \/><\/p>\n<p>&nbsp;<\/p>\n<p>&nbsp;<\/p>\n<p><strong>En los comienzos del\u00a0<strong>universo<\/strong>, justo despu\u00e9s del\u00a0<a href=\"http:\/\/www.emiliosilveravazquez.com\/blog\/2014\/05\/03\/#\"><a href=\"#\" onclick=\"referencia('big bang',event); return false;\">Big Bang<\/a><\/a>, existi\u00f3 un \u2018<a href=\"http:\/\/www.emiliosilveravazquez.com\/blog\/2014\/05\/03\/#\"><a href=\"#\" onclick=\"referencia('plasma',event); return false;\">plasma<\/a><\/a>\u00a0de\u00a0<a href=\"http:\/\/www.emiliosilveravazquez.com\/blog\/2013\/01\/01\/2-013-%C2%BFque-nos-dira-la-fisica-y-%C2%BFque-el-universo\/#\">quarks<\/a>\u00a0y\u00a0<a href=\"http:\/\/www.emiliosilveravazquez.com\/blog\/2014\/05\/03\/#\"><a href=\"#\" onclick=\"referencia('gluones',event); return false;\">gluones<\/a><\/a>, dos part\u00edculas confinadas hoy en la materia que entonces vagaban libremente\u2026 Ahora hemos constru\u00eddo aceleradores de part\u00edculas que tratan de recrear aquellos momentos para poder \u201cver\u201d lo que all\u00ed pas\u00f3 y, buscamos el origen de la masa y part\u00edculas ex\u00f3ticas que nos digan algo sobre esa supuesta masa \u201cperdida\u201d, o, que no alcanzamos a ver.<\/strong><\/p>\n<p>&nbsp;<\/p>\n<p>&nbsp;<\/p>\n<p>&nbsp;<\/p>\n<p><img decoding=\"async\" loading=\"lazy\" id=\"il_fi\" src=\"http:\/\/i2.esmas.com\/galerias\/fotos\/2012\/4\/_1-891f62f0-db08-102f-8edb-0019b9d5c8df.jpg\" alt=\"\" width=\"672\" height=\"456\" \/><\/p>\n<div><strong>La imagen muestra el anillo de polvo de la estrella Fomalhaut, situada a 25 a\u00f1os luz de distancia de la Tierra.\u00a0<\/strong>Fomalhaut est\u00e1 rodeada por un disco de polvo en forma de toroide con un borde interior muy agudo a una distancia radial de 133 <a href=\"#\" onclick=\"referencia('unidad astronomica',event); return false;\">UA<\/a> (<a href=\"#\" onclick=\"referencia('unidad astronomica',event); return false;\">unidades astron\u00f3micas<\/a>),\u00a0 el disco est\u00e1 inclinado 24 grados con relaci\u00f3n al plano del cielo.\u00a0 El polvo est\u00e1 distribuido en un cintur\u00f3n de 25 <a href=\"#\" onclick=\"referencia('unidad astronomica',event); return false;\">UA<\/a> de ancho, y el centro geom\u00e9trico del disco est\u00e1 desplazado a unas 15 <a href=\"#\" onclick=\"referencia('unidad astronomica',event); return false;\">UA<\/a> de Fomalhaut.<\/div>\n<p>Se cree que el disco que rodea a Fomalhaut es un disco protoplanetario que emite una considerable cantidad de radiaci\u00f3n infrarroja. Discos similares se han descubierto en Vega,\u00a0\u03b2 Pictoris y Den\u00e9bola (\u03b2\u00a0Leonis).<\/p>\n<p>&nbsp;<\/p>\n<p>&nbsp;<\/p>\n<\/div>\n<p style=\"text-align: justify;\"><img decoding=\"async\" loading=\"lazy\" src=\"http:\/\/i2.esmas.com\/galerias\/fotos\/2012\/4\/_2-8a35cb0c-db08-102f-8edb-0019b9d5c8df.jpg\" alt=\"\" width=\"608\" height=\"314\" \/><\/p>\n<p style=\"text-align: justify;\"><strong>La galaxia NGC 2683 es una galaxia espiral que emula la cl\u00e1sica de las naves especiales en la ciencia ficci\u00f3n.\u00a0<strong>NGC 2683<\/strong>\u00a0es una galaxia espiral que se encuentra a unos 25 millones de a\u00f1os luz de distancia en direcci\u00f3n a la constlaci\u00f3n del Lince, en el l\u00edmite con C\u00e1ncer. Se la ha llamado\u00a0<strong>Galaxia UFO<\/strong>\u00a0<em><\/em>debido a su parecido con un platillo volante.<\/strong><\/p>\n<p style=\"text-align: justify;\"><strong><\/strong><img decoding=\"async\" loading=\"lazy\" src=\"http:\/\/i2.esmas.com\/galerias\/fotos\/2012\/4\/_3-8b2874ec-db08-102f-8edb-0019b9d5c8df.jpg\" alt=\"\" width=\"427\" height=\"427\" \/><\/p>\n<p style=\"text-align: justify;\"><strong>Es la imagen m\u00e1s detallada que existe de Messier 9, una conjunci\u00f3n de estrellas en el centro de la V\u00eda L\u00e1ctea.\u00a0El\u00a0<strong>c\u00famulo globular M9<\/strong>\u00a0(tambi\u00e9n conocido como\u00a0<strong>Objeto Messier 9<\/strong>,\u00a0<strong>Messier 9<\/strong>,\u00a0<strong>M9<\/strong>\u00a0o\u00a0<strong>NGC 6333<\/strong>) es un c\u00famulo globular de la constelaci\u00f3n de Ofiuco.\u00a0Pero para los astr\u00f3nomos modernos, Messier 0 (M9) s\u00ed contiene estrellas, conocidas como un c\u00famulo globular con m\u00e1s de 300.000 estrellas dentro de un di\u00e1metro de unos 90 a\u00f1os luz. Se encuentra a unos 25.000 a\u00f1os luz de distancia, cerca del n\u00facleo central de nuestra galaxia, la V\u00eda L\u00e1ctea. Este primer plano del Telescopio Espacial <a href=\"#\" onclick=\"referencia('hubble',event); return false;\">Hubble<\/a> muestra el denso enjambre de estrellas que hay en los 25 a\u00f1os luz centrales del c\u00famulo. Con al menos el doble de la edad del Sol y carentes de elementos pesados, estas estrellas muestran colores de acuerdo con sus temperaturas: m\u00e1s rojas significa m\u00e1s fr\u00edas, m\u00e1s azules quiere decir m\u00e1s calientes. En esta n\u00edtida visi\u00f3n del <a href=\"#\" onclick=\"referencia('hubble',event); return false;\">Hubble<\/a>, muchas de las estrellas gigantes rojas y\u00a0 fr\u00edas del c\u00famulo presentan un matiz amarillento.<\/strong><\/p>\n<p style=\"text-align: justify;\"><img decoding=\"async\" loading=\"lazy\" src=\"http:\/\/i2.esmas.com\/galerias\/fotos\/2012\/4\/_4-8c7eb8c4-db08-102f-8edb-0019b9d5c8df.jpg\" alt=\"\" width=\"608\" height=\"370\" \/><\/p>\n<p style=\"text-align: justify;\"><strong>El <a href=\"#\" onclick=\"referencia('hubble',event); return false;\">Hubble<\/a> produjo esta bella imagen de la galaxia espiral NGC 1483, Localizada en el sur de la constelaci\u00f3n Mahi-mahi. La galaxia NGC 1483 es\u00a0<strong>una galaxia con forma de espiral<\/strong>situada en la constelaci\u00f3n austral del Dorado (en la que se encuentra la mayor parte de la Gran Nube de Magallanes)\u00a0 y que est\u00e1 situada a unos 40 millones de a\u00f1os luz de la Tierra. Tal y como se muestra en la imagen. la galaxia cuenta con una protuberancia central muy brillante de la que salen unos brazos con una luz algo m\u00e1s difusa y, en el fondo, se pueden distinguir algunas galaxias algo m\u00e1s lejanas (ya que el Dorado est\u00e1 compuesto por unas 70 galaxias y, de hecho, es algo m\u00e1s grande del Grupo Local en el que se encuentra la V\u00eda L\u00e1ctea y otras 30 galaxias m\u00e1s).<\/strong><\/p>\n<p style=\"text-align: justify;\"><strong><br \/>\n<\/strong><\/p>\n<p style=\"text-align: justify;\"><strong><\/strong><br \/>\n<img decoding=\"async\" loading=\"lazy\" src=\"http:\/\/i2.esmas.com\/galerias\/fotos\/2012\/4\/_5-8dee3df6-db08-102f-8edb-0019b9d5c8df.jpg\" alt=\"\" width=\"472\" height=\"427\" \/><\/p>\n<p style=\"text-align: justify;\"><strong>Las nubes asechan en un d\u00eda de lluvia, el hubble nos regala esta imagen de la galaxia Centauro. La ingente cantidad de polvo que se puede observar en esta galaxia nos induce a pensar que est\u00e1 plagada de nebulosas en las que germinar\u00e1n mir\u00edadas de estrellas azules nuevas que radiaran furiosas en el ultravioleta para ionizar todas esas regiones.<\/strong><\/p>\n<p style=\"text-align: justify;\"><strong><br \/>\n<\/strong><\/p>\n<p style=\"text-align: justify;\"><img decoding=\"async\" loading=\"lazy\" src=\"http:\/\/i2.esmas.com\/galerias\/fotos\/2012\/4\/_6-8f0bba06-db08-102f-8edb-0019b9d5c8df.jpg\" alt=\"\" width=\"420\" height=\"427\" \/><\/p>\n<p style=\"text-align: justify;\"><strong>Gigantesco grupo de j\u00f3venes estrellas, llamado R136 est\u00e1 a s\u00f3lo unos cuantos millones de a\u00f1os luz y reside en la galaxia Doradus Nebula, dentro de la gran Nube de Magallanes.En el centro de la regi\u00f3n de formaci\u00f3n estelar 30 Doradus hay un enorme c\u00famulo con las estrellas m\u00e1s grandes, calientes y masivas que se conocen. Est\u00e1 dentro de la galaxia vecina la Gran Nube de Magallanes a 170.000 a\u00f1os luz de distancia.<\/strong><\/p>\n<p style=\"text-align: justify;\"><strong><br \/>\n<\/strong><\/p>\n<p style=\"text-align: justify;\"><img decoding=\"async\" loading=\"lazy\" src=\"http:\/\/i2.esmas.com\/galerias\/fotos\/2012\/4\/_7-90bfb7ee-db08-102f-8edb-0019b9d5c8df.jpg\" alt=\"\" width=\"463\" height=\"427\" \/><\/p>\n<p style=\"text-align: justify;\"><strong>\u00a0\u00a0\u00a0\u00a0\u00a0\u00a0\u00a0\u00a0\u00a0\u00a0<\/strong><\/p>\n<p style=\"text-align: justify;\"><strong>\u00a0\u00a0 El <a href=\"#\" onclick=\"referencia('hubble',event); return false;\">Hubble<\/a> capt\u00f3 imagen del sistema Eta Carinae. Tiene entre 120 y 150 masas solares. Eta Carinae es una estrella muy joven, con una edad entre los 2 y los 3 millones de a\u00f1os, y se encuentra situada en NGC 3372, tambi\u00e9n llamada la Gran Nebulosa de Carina o simplemente Nebulosa de Carina. Dicha nebulosa contiene varias estrellas supermasivas, incluyendo, adem\u00e1s de Eta Carinae, la estrella HD 93129A.<\/strong><\/p>\n<p style=\"text-align: justify;\"><strong><br \/>\n<\/strong><\/p>\n<p style=\"text-align: justify;\"><img decoding=\"async\" loading=\"lazy\" src=\"http:\/\/i2.esmas.com\/galerias\/fotos\/2012\/4\/_9-932f53d6-db08-102f-8edb-0019b9d5c8df.jpg\" alt=\"\" width=\"608\" height=\"226\" \/><\/p>\n<p style=\"text-align: justify;\"><strong>Un equipo de cient\u00edficos ha recolectado suficientes fotos de alta resoluci\u00f3n del <a href=\"#\" onclick=\"referencia('hubble',event); return false;\">Hubble<\/a> durante 14 a\u00f1os. Esta es una de ellas y, como hemos podido comprobar en muchas ocasiones, algunas de las im\u00e1genes obtenidas por este magnifico Telescopio Espacial nos han maravillado y tambi\u00e9n, nos llevaron al asombro.<\/strong><\/p>\n<p style=\"text-align: justify;\"><strong><br \/>\n<\/strong><\/p>\n<p style=\"text-align: justify;\"><img decoding=\"async\" loading=\"lazy\" src=\"http:\/\/i2.esmas.com\/galerias\/fotos\/2012\/4\/_10-9429b286-db08-102f-8edb-0019b9d5c8df.jpg\" alt=\"\" width=\"421\" height=\"427\" \/><\/p>\n<p style=\"text-align: justify;\"><strong>En la celebraci\u00f3n del 21 Aniversario del <a href=\"#\" onclick=\"referencia('hubble',event); return false;\">Hubble<\/a>, en abril de 2011, apuntaron hacia el grupo de galaxias llamado Arp 273 y rescataron bella imagen.\u00a0<\/strong><\/p>\n<p style=\"text-align: justify;\"><img decoding=\"async\" loading=\"lazy\" src=\"http:\/\/i2.esmas.com\/galerias\/fotos\/2012\/4\/_12-9735b376-db08-102f-8edb-0019b9d5c8df.jpg\" alt=\"\" width=\"581\" height=\"427\" \/><\/p>\n<p style=\"text-align: justify;\"><strong>El telescopio espacial <a href=\"#\" onclick=\"referencia('hubble',event); return false;\">Hubble<\/a> ha logrado captar la extrema violencia del proceso de formaci\u00f3n de una estrella es su etapa final, en el que el objeto astron\u00f3mico se rebela contra su nebulosa.<\/strong><\/p>\n<p style=\"text-align: justify;\"><strong><\/strong><img decoding=\"async\" loading=\"lazy\" src=\"http:\/\/i2.esmas.com\/galerias\/fotos\/2012\/4\/_13-9866be8e-db08-102f-8edb-0019b9d5c8df.jpg\" alt=\"\" width=\"552\" height=\"427\" \/><\/p>\n<p style=\"text-align: justify;\"><strong>\u00a0\u00a0\u00a0<\/strong><\/p>\n<p style=\"text-align: justify;\"><strong>\u00a0\u00a0\u00a0\u00a0\u00a0\u00a0\u00a0\u00a0 \u00bfQu\u00e9 nos querr\u00e1 decir estas im\u00e1gen de anillos, c\u00f3mo se pudieron formar?<\/strong><\/p>\n<p style=\"text-align: justify;\"><strong><a href=\"http:\/\/www.emiliosilveravazquez.com\/blog\/2014\/05\/03\/#\"><br \/>\n<\/a><\/strong><\/p>\n<p style=\"text-align: justify;\"><img decoding=\"async\" loading=\"lazy\" src=\"http:\/\/i2.esmas.com\/galerias\/fotos\/2012\/4\/_14-998a58c0-db08-102f-8edb-0019b9d5c8df.jpg\" alt=\"\" width=\"608\" height=\"310\" \/><\/p>\n<p style=\"text-align: justify;\">\u00a0 \u00a0 \u00a0 \u00a0 \u00a0 \u00a0 \u00a0 \u00a0 \u00a0 \u00a0 \u00a0 \u00a0 \u00a0 \u00a0 \u00a0 \u00a0 \u00a0 \u00a0 \u00a0 \u00a0 \u00a0 \u00a0 \u00a0 \u00a0 \u00a0 \u00a0En el coraz\u00f3n de la Nebulosa Laguna<\/p>\n<p style=\"text-align: justify;\"><img decoding=\"async\" loading=\"lazy\" src=\"http:\/\/i2.esmas.com\/galerias\/fotos\/2012\/4\/_15-9a739544-db08-102f-8edb-0019b9d5c8df.jpg\" alt=\"\" width=\"516\" height=\"427\" \/><\/p>\n<p style=\"text-align: justify;\"><strong>La nebulosa IRAS 05437+2502, una peque\u00f1uela cercana a la constelaci\u00f3n de Tauro.<\/strong><\/p>\n<p style=\"text-align: justify;\"><img decoding=\"async\" loading=\"lazy\" id=\"il_fi\" src=\"http:\/\/1.bp.blogspot.com\/_iYDJ_a6UMJY\/S9TyLEt-M-I\/AAAAAAAACwE\/w-7cU4HK8gA\/s1600\/hubble2.jpg\" alt=\"\" width=\"544\" height=\"503\" \/><\/p>\n<p style=\"text-align: justify;\">\u00a0\u00a0\u00a0\u00a0\u00a0\u00a0\u00a0\u00a0\u00a0\u00a0\u00a0\u00a0\u00a0\u00a0\u00a0\u00a0\u00a0\u00a0\u00a0\u00a0\u00a0\u00a0\u00a0\u00a0\u00a0 \u00bfQu\u00e9 pintor podr\u00eda <a href=\"#\" onclick=\"referencia('plasma',event); return false;\">plasma<\/a>r la belleza creadora de las estrrellas?<\/p>\n<p style=\"text-align: justify;\"><img decoding=\"async\" id=\"il_fi\" src=\"http:\/\/1.bp.blogspot.com\/-6PDiurxhl3g\/UIv31ztqnyI\/AAAAAAAAzTQ\/lEPiWMZ0H9U\/s1600\/Herschel_%3Ca%20href=\" alt=\"\" \/><\/p>\n<p style=\"text-align: justify;\">Los ingenios creados por nuestra civilizaci\u00f3n ha podido arrancar secretos de la Naturaleza que, ni so\u00f1ar podr\u00edan nuestros abuelos<\/p>\n<p style=\"text-align: justify;\">El Tiempo sigue su camino imparable, siempre hacia adelante, ese lugar que llamamos futuro en el que pensamos estar\u00e1 todo lo que buscamos , siempre tendremos preguntas que hacer y que nadie sabr\u00e1 contestar pero, nuestro destino es seguir adelante y tratar de desvelar los secretos que la Naturaleza esconde\u2026, ella, tiene todas las respuestas.<\/p>\n<p style=\"text-align: justify;\"><img decoding=\"async\" src=\"http:\/\/danielmarin.naukas.com\/files\/2013\/01\/IM20130111alas20-580x332.png\" alt=\"\" \/><\/p>\n<p style=\"text-align: justify;\">La NASA ha hecho una gran inversi\u00f3n en el James Webb, ser\u00e1 el telescopio espacial m\u00e1s grande y potente jam\u00e1s construido y ser\u00e1 utilizado por miles de astr\u00f3nomos en todo el mundo. Cuando sea lanzado ser\u00e1 capaz de ver profundamente en el espacio y observar las galaxias formadas justo despu\u00e9s del <a href=\"#\" onclick=\"referencia('big bang',event); return false;\">Big Bang<\/a> a trav\u00e9s del infrarrojo, por esta raz\u00f3n se\u00a0desean proceder muy sistem\u00e1ticamente a trav\u00e9s de las pruebas para estar listos para un lanzamiento en la primavera de 2019. Con sus nuevos y sofisticados sistemas el nuevo Telescopio Espacial podr\u00e1 llegar m\u00e1s lejos que el <a href=\"#\" onclick=\"referencia('hubble',event); return false;\">Hubble<\/a>, y, teniendo en cuenta el servicio prestado por \u00e9ste&#8230; \u00bfQu\u00e9 ser\u00e1 capaz de traernos el nuevo ingenio?<\/p>\n<p style=\"text-align: justify;\">emilio silvera<\/p>\n<\/div>\n<div class='bookmark'>\r\n\t\t<table align='left' border='0' cellpadding='0' width='100%'>\r\n\t\t<tr><td><span class='pushbutton'><a href='http:\/\/delicious.com\/post?url=https%3A%2F%2Fwww.emiliosilveravazquez.com%2Fblog%2F2018%2F01%2F15%2F%25c2%25bfque-nos-dira-la-naturaleza-y-que-el-universo-en-2-018%2F&amp;title=%C2%BFQu%C3%A9+nos+dir%C3%A1+la+Naturaleza+y+que+el+Universo+en+2.018%3F' title='Delicious' target='_blank' rel='nofollow'><img src='https:\/\/www.emiliosilveravazquez.com\/blog\/wp-content\/plugins\/knxdt-bookmarks-wordpress-plugin\/images\/delicious.png'  alt='' class='book_img' border='none' style='margin:1px; padding: 0;'  \/><\/a><\/span><span class='pushbutton'><a href='http:\/\/digg.com\/submit?url=https%3A%2F%2Fwww.emiliosilveravazquez.com%2Fblog%2F2018%2F01%2F15%2F%25c2%25bfque-nos-dira-la-naturaleza-y-que-el-universo-en-2-018%2F&amp;title=%C2%BFQu%C3%A9+nos+dir%C3%A1+la+Naturaleza+y+que+el+Universo+en+2.018%3F' title='Digg' target='_blank' rel='nofollow'><img src='https:\/\/www.emiliosilveravazquez.com\/blog\/wp-content\/plugins\/knxdt-bookmarks-wordpress-plugin\/images\/digg.png'  alt='' class='book_img' border='none' style='margin:1px; padding: 0;'  \/><\/a><\/span><span class='pushbutton'><a href='http:\/\/www.google.com\/bookmarks\/mark?op=edit&amp;bkmk=https%3A%2F%2Fwww.emiliosilveravazquez.com%2Fblog%2F2018%2F01%2F15%2F%25c2%25bfque-nos-dira-la-naturaleza-y-que-el-universo-en-2-018%2F&amp;title=%C2%BFQu%C3%A9+nos+dir%C3%A1+la+Naturaleza+y+que+el+Universo+en+2.018%3F' title='Google' target='_blank' rel='nofollow'><img src='https:\/\/www.emiliosilveravazquez.com\/blog\/wp-content\/plugins\/knxdt-bookmarks-wordpress-plugin\/images\/google.png'   alt='' class='book_img' border='none' style='margin:1px; padding: 0;'  \/><\/a><\/span><span class='pushbutton'><a href='http:\/\/myweb2.search.yahoo.com\/myresults\/bookmarklet?u=https%3A%2F%2Fwww.emiliosilveravazquez.com%2Fblog%2F2018%2F01%2F15%2F%25c2%25bfque-nos-dira-la-naturaleza-y-que-el-universo-en-2-018%2F&amp;t=%C2%BFQu%C3%A9+nos+dir%C3%A1+la+Naturaleza+y+que+el+Universo+en+2.018%3F' title='Yahoo' target='_blank' rel='nofollow'><img src='https:\/\/www.emiliosilveravazquez.com\/blog\/wp-content\/plugins\/knxdt-bookmarks-wordpress-plugin\/images\/yahoo.png'  alt='' class='book_img' border='none' style='margin:1px; padding: 0;'  \/><\/a><\/span><span class='pushbutton'><a href='http:\/\/www.technorati.com\/faves?add=https%3A%2F%2Fwww.emiliosilveravazquez.com%2Fblog%2F2018%2F01%2F15%2F%25c2%25bfque-nos-dira-la-naturaleza-y-que-el-universo-en-2-018%2F' title='Technorati' target='_blank' rel='nofollow'><img src='https:\/\/www.emiliosilveravazquez.com\/blog\/wp-content\/plugins\/knxdt-bookmarks-wordpress-plugin\/images\/technorati.png'  alt='' class='book_img' border='none' style='margin:1px; padding: 0;'  \/><\/a><\/span><span class='pushbutton'><a href='http:\/\/meneame.net\/submit.php?url=https%3A%2F%2Fwww.emiliosilveravazquez.com%2Fblog%2F2018%2F01%2F15%2F%25c2%25bfque-nos-dira-la-naturaleza-y-que-el-universo-en-2-018%2F' title='Meneame' target='_blank' rel='nofollow'><img src='https:\/\/www.emiliosilveravazquez.com\/blog\/wp-content\/plugins\/knxdt-bookmarks-wordpress-plugin\/images\/meneame.png'  alt='' class='book_img' border='none' style='margin:1px; padding: 0;'  \/><\/a><\/span><span class='pushbutton'><a href='http:\/\/enchilame.com\/submit.php?url=https:\/\/www.emiliosilveravazquez.com\/blog\/2018\/01\/15\/%c2%bfque-nos-dira-la-naturaleza-y-que-el-universo-en-2-018\/' target='_blank' rel='nofollow'><img title='Enchilame' src='https:\/\/www.emiliosilveravazquez.com\/blog\/wp-content\/plugins\/knxdt-bookmarks-wordpress-plugin\/images\/enchilame.png'  alt='' class='book_img' border='none' style='margin:1px; padding: 0;'  \/><\/a><\/span><span class='pushbutton'><a href='http:\/\/www.blinklist.com\/index.php?Action=Blink\/addblink.php&amp;Description=&amp;Url=https%3A%2F%2Fwww.emiliosilveravazquez.com%2Fblog%2F2018%2F01%2F15%2F%25c2%25bfque-nos-dira-la-naturaleza-y-que-el-universo-en-2-018%2F&amp;title=%C2%BFQu%C3%A9+nos+dir%C3%A1+la+Naturaleza+y+que+el+Universo+en+2.018%3F' title='BlinkList' target='_blank' rel='nofollow'><img src='https:\/\/www.emiliosilveravazquez.com\/blog\/wp-content\/plugins\/knxdt-bookmarks-wordpress-plugin\/images\/blinklist.png'  alt='' class='book_img' border='none' style='margin:1px; padding: 0;'  \/><\/a><\/span><span class='pushbutton'><a href='http:\/\/reddit.com\/submit?url=https%3A%2F%2Fwww.emiliosilveravazquez.com%2Fblog%2F2018%2F01%2F15%2F%25c2%25bfque-nos-dira-la-naturaleza-y-que-el-universo-en-2-018%2F&amp;title=%C2%BFQu%C3%A9+nos+dir%C3%A1+la+Naturaleza+y+que+el+Universo+en+2.018%3F' title='Reddit' target='_blank' rel='nofollow'><img src='https:\/\/www.emiliosilveravazquez.com\/blog\/wp-content\/plugins\/knxdt-bookmarks-wordpress-plugin\/images\/reddit.png'  alt='' class='book_img' border='none' style='margin:1px; padding: 0;'  \/><\/a><\/span><span class='pushbutton'><a href='http:\/\/www.tecnologiadiaria.com\/2009\/07\/abrir-com-hotmail-correo.html' target='_blank' title='hotmail'><img src='https:\/\/www.emiliosilveravazquez.com\/blog\/wp-content\/plugins\/knxdt-bookmarks-wordpress-plugin\/images\/linklove.png' alt='hotmail correo' class='book_img' border='none' style='margin:1px; padding: 0;' \/><\/a><\/span><span class='pushbutton'><a href='http:\/\/bitacoras.com\/votar\/anotacion\/externo\/mini\/www.emiliosilveravazquez.com\/blog\/2018\/01\/15\/%c2%bfque-nos-dira-la-naturaleza-y-que-el-universo-en-2-018\/' title='Bitacoras.com' target='_blank' rel='nofollow'><img src='https:\/\/www.emiliosilveravazquez.com\/blog\/wp-content\/plugins\/knxdt-bookmarks-wordpress-plugin\/images\/bitacoras.png'  alt='' class='book_img' border='none' style='margin:1px; padding: 0;'  \/><\/a><\/span><span class='pushbutton'><a href='http:\/\/www.wikio.es\/vote?url=https%3A%2F%2Fwww.emiliosilveravazquez.com%2Fblog%2F2018%2F01%2F15%2F%25c2%25bfque-nos-dira-la-naturaleza-y-que-el-universo-en-2-018%2F' title='Wikio' target='_blank' rel='nofollow'><img src='https:\/\/www.emiliosilveravazquez.com\/blog\/wp-content\/plugins\/knxdt-bookmarks-wordpress-plugin\/images\/wikio.png'   alt='' class='book_img' border='none' style='margin:1px; padding: 0;'   \/><\/a><\/span><span class='pushbutton'><a href='http:\/\/friendfeed.com\/?url=https%3A%2F%2Fwww.emiliosilveravazquez.com%2Fblog%2F2018%2F01%2F15%2F%25c2%25bfque-nos-dira-la-naturaleza-y-que-el-universo-en-2-018%2F&amp;title=%C2%BFQu%C3%A9+nos+dir%C3%A1+la+Naturaleza+y+que+el+Universo+en+2.018%3F' title='Friend Feed' target='_blank' rel='nofollow'><img src='https:\/\/www.emiliosilveravazquez.com\/blog\/wp-content\/plugins\/knxdt-bookmarks-wordpress-plugin\/images\/friendfeed.png'  alt='' class='book_img' border='none' style='margin:1px; padding: 0;'  \/><\/a><\/span><span class='pushbutton'><a href='http:\/\/www.facebook.com\/share.php?u=https%3A%2F%2Fwww.emiliosilveravazquez.com%2Fblog%2F2018%2F01%2F15%2F%25c2%25bfque-nos-dira-la-naturaleza-y-que-el-universo-en-2-018%2F&amp;t=%C2%BFQu%C3%A9+nos+dir%C3%A1+la+Naturaleza+y+que+el+Universo+en+2.018%3F' title='Facebook' target='_blank' rel='nofollow'><img src='https:\/\/www.emiliosilveravazquez.com\/blog\/wp-content\/plugins\/knxdt-bookmarks-wordpress-plugin\/images\/facebook.png'  alt='' class='book_img' border='none' style='margin:1px; padding: 0;'  \/><\/a><\/span><span class='pushbutton'><a href='http:\/\/twitter.com\/home?status=%C2%BFQu%C3%A9+nos+dir%C3%A1+la+Naturaleza+y+que+el+Universo+en+2.018%3F: https%3A%2F%2Fwww.emiliosilveravazquez.com%2Fblog%2F2018%2F01%2F15%2F%25c2%25bfque-nos-dira-la-naturaleza-y-que-el-universo-en-2-018%2F' title='Twitter' target='_blank' rel='nofollow'><img src='https:\/\/www.emiliosilveravazquez.com\/blog\/wp-content\/plugins\/knxdt-bookmarks-wordpress-plugin\/images\/twitter.png'  alt='' class='book_img' border='none' style='margin:1px; padding: 0;'  \/><\/a><\/span><span class='pushbutton'><a href='http:\/\/www.feedburner.com\/fb\/a\/emailFlare?itemTitle=%C2%BFQu%C3%A9+nos+dir%C3%A1+la+Naturaleza+y+que+el+Universo+en+2.018%3F&amp;uri=https%3A%2F%2Fwww.emiliosilveravazquez.com%2Fblog%2F2018%2F01%2F15%2F%25c2%25bfque-nos-dira-la-naturaleza-y-que-el-universo-en-2-018%2F' title='Enviar por Email' target='_blank' rel='nofollow'><img src='https:\/\/www.emiliosilveravazquez.com\/blog\/wp-content\/plugins\/knxdt-bookmarks-wordpress-plugin\/images\/email.png'  alt='' class='book_img' border='none' style='margin:1px; padding: 0;'  \/><\/a><\/span><span style='font-weight:bold; padding-left: 5px;'><a href='http:\/\/wordpress.org\/extend\/plugins\/knxdt-bookmarks-wordpress-plugin\/' title='Plugin' rel='nofollow' target='_blank'>[?]<\/a><\/span><\/td><\/tr><\/table><br\/><br\/><\/div>","protected":false},"excerpt":{"rendered":"<p>\u00a0\u00ab\u00a0Conocer mejor el planeta Tierra Siempre buscando la realidad de las cosas\u00a0\u00bb &nbsp; &nbsp; En los comienzos del\u00a0universo, justo despu\u00e9s del\u00a0Big Bang, existi\u00f3 un \u2018plasma\u00a0de\u00a0quarks\u00a0y\u00a0gluones, dos part\u00edculas confinadas hoy en la materia que entonces vagaban libremente\u2026 Ahora hemos constru\u00eddo aceleradores de part\u00edculas que tratan de recrear aquellos momentos para poder \u201cver\u201d lo que all\u00ed pas\u00f3 [&hellip;]<\/p>\n","protected":false},"author":2,"featured_media":0,"comment_status":"open","ping_status":"open","sticky":false,"template":"","format":"standard","meta":{"_s2mail":"yes","footnotes":""},"categories":[197],"tags":[],"_links":{"self":[{"href":"https:\/\/www.emiliosilveravazquez.com\/blog\/wp-json\/wp\/v2\/posts\/20003"}],"collection":[{"href":"https:\/\/www.emiliosilveravazquez.com\/blog\/wp-json\/wp\/v2\/posts"}],"about":[{"href":"https:\/\/www.emiliosilveravazquez.com\/blog\/wp-json\/wp\/v2\/types\/post"}],"author":[{"embeddable":true,"href":"https:\/\/www.emiliosilveravazquez.com\/blog\/wp-json\/wp\/v2\/users\/2"}],"replies":[{"embeddable":true,"href":"https:\/\/www.emiliosilveravazquez.com\/blog\/wp-json\/wp\/v2\/comments?post=20003"}],"version-history":[{"count":0,"href":"https:\/\/www.emiliosilveravazquez.com\/blog\/wp-json\/wp\/v2\/posts\/20003\/revisions"}],"wp:attachment":[{"href":"https:\/\/www.emiliosilveravazquez.com\/blog\/wp-json\/wp\/v2\/media?parent=20003"}],"wp:term":[{"taxonomy":"category","embeddable":true,"href":"https:\/\/www.emiliosilveravazquez.com\/blog\/wp-json\/wp\/v2\/categories?post=20003"},{"taxonomy":"post_tag","embeddable":true,"href":"https:\/\/www.emiliosilveravazquez.com\/blog\/wp-json\/wp\/v2\/tags?post=20003"}],"curies":[{"name":"wp","href":"https:\/\/api.w.org\/{rel}","templated":true}]}}