{"id":19150,"date":"2017-10-01T08:10:53","date_gmt":"2017-10-01T07:10:53","guid":{"rendered":"http:\/\/www.emiliosilveravazquez.com\/blog\/?p=19150"},"modified":"2017-10-01T08:10:53","modified_gmt":"2017-10-01T07:10:53","slug":"todo-lo-que-existe-esta-en-el-universo-los-pensamientos-tambien-8","status":"publish","type":"post","link":"https:\/\/www.emiliosilveravazquez.com\/blog\/2017\/10\/01\/todo-lo-que-existe-esta-en-el-universo-los-pensamientos-tambien-8\/","title":{"rendered":"Todo lo que existe est\u00e1 en el Universo: Los pensamientos tambi\u00e9n"},"content":{"rendered":"<div style=\"text-align: justify;\">\u00a0<img decoding=\"async\" src=\"http:\/\/fotos01.levante-emv.com\/2017\/05\/17\/690x278\/foto-1.jpg\" alt=\"Resultado de imagen de Si el Universo no estuviera en expansi\u00f3n... \u00a1Siempre ser\u00eda de d\u00eda!\" \/><\/div>\n<div style=\"text-align: justify;\">Todos pensamos que el d\u00eda y la noche est\u00e1 relacionado con el hecho de que la Tierra tiene un movimiento de rotaci\u00f3n y le va dando una cara distinta al Sol que la alumbra seg\u00fan el lado que le toca en cada momento, es decir, la cara oculta al Sol es la noche y la que se expone a \u00e9l, es el d\u00eda. Sin embargo, las cosas no son tan f\u00e1ciles.<\/div>\n<div style=\"text-align: justify;\">Si el Universo no estuviera en expansi\u00f3n cuando mir\u00e1ramos al cielo, siempre ver\u00edamos el resplandor cegador de una estrella, es decir, siempre ser\u00eda de d\u00eda a pesar de la rotaci\u00f3n de la Tierra. Es precisamente la expansi\u00f3n la que hace posible que tengamos el d\u00eda y la noche, ya que, al expandirse el espacio hace que la luz no sea permanente y se difumine, cre\u00e1ndose esa negrura del espacio interestelar.<\/div>\n<div style=\"text-align: justify;\"><img decoding=\"async\" loading=\"lazy\" id=\"irc_mi\" src=\"http:\/\/3.bp.blogspot.com\/-3X6S70afMTg\/UWXnG7d8BVI\/AAAAAAAAAN0\/yx8e16h1Tiw\/s1600\/lentilleGravitationnelle_hst+copia.jpg\" alt=\"\" width=\"826\" height=\"298\" \/><\/div>\n<p style=\"text-align: justify;\">Constituido por innumerables galaxias de estrellas que se erigen en el centro de sistemas planetarios, multitud de Nebulosas de las que \u201cnacen\u201d nuevas y brillantes estrellas y mundos, multitud de objetos ex\u00f3ticos\u00a0<a id=\"_GPLITA_0\" title=\"Click to Continue > by Savings Wave&#8221; href=&#8221;http:\/\/www.emiliosilveravazquez.com\/blog\/2013\/10\/31\/#&#8221;>como<img decoding=\"async\" src=\"http:\/\/savingswave-a.akamaihd.net\/items\/it\/img\/arrow-10x10.png\" alt=\"\" \/><\/a>\u00a0la variedad que encierran las estrellas de\u00a0<a href=\"http:\/\/www.emiliosilveravazquez.com\/blog\/2013\/10\/31\/#\">neutrones<\/a>\u00a0<a id=\"_GPLITA_1\" title=\"Click to Continue > by Savings Wave&#8221; href=&#8221;http:\/\/www.emiliosilveravazquez.com\/blog\/2013\/10\/31\/#&#8221;>como<img decoding=\"async\" src=\"http:\/\/savingswave-a.akamaihd.net\/items\/it\/img\/arrow-10x10.png\" alt=\"\" \/><\/a>\u00a0<a href=\"http:\/\/www.emiliosilveravazquez.com\/blog\/2013\/10\/31\/#\"><a href=\"#\" onclick=\"referencia('pulsar',event); return false;\">p\u00falsares<\/a><\/a>\u00a0y magn\u00e9tares, o, los\u00a0<a href=\"http:\/\/www.emiliosilveravazquez.com\/blog\/2013\/10\/31\/#\"><a href=\"#\" onclick=\"referencia('agujero negro',event); return false;\">agujeros negros<\/a><\/a>\u00a0misteriosos y, todo ello, en un espacio de una magnitud inimaginable\u00a0<a id=\"_GPLITA_2\" title=\"Click to Continue > by Savings Wave&#8221; href=&#8221;http:\/\/www.emiliosilveravazquez.com\/blog\/2013\/10\/31\/#&#8221;>para<img decoding=\"async\" src=\"http:\/\/savingswave-a.akamaihd.net\/items\/it\/img\/arrow-10x10.png\" alt=\"\" \/><\/a>\u00a0nuestras mentes que, rodeados de los objetos y las cosas cotidianas, no se paran a pensar en esas inmensas verdades que est\u00e1n ah\u00ed, en la lejan\u00eda del espacio-tiempo inconmensurable. La presencia de materia hace que la fuerza de gravedad realice un trabajo impagable al mantener juntos esos conjuntos formados por sistemas de estrellas o planetas o galaxias que tanto nos asombran.<\/p>\n<p style=\"text-align: justify;\"><img decoding=\"async\" loading=\"lazy\" id=\"irc_mi\" src=\"http:\/\/antwrp.gsfc.nasa.gov\/apod\/image\/1111\/s106_canarias_900.jpg\" alt=\"\" width=\"514\" height=\"393\" \/><\/p>\n<p style=\"text-align: justify;\">La Humanidad, nuestra especie, siempre mir\u00f3 hacia los confines del cielo estrellado y se hac\u00eda preguntas que no pod\u00eda contestar. En muchos de los trabajos que aqu\u00ed se han expuesto quedaron reflejadas aquellas Civilizaciones antiguas que nos hablaban, con sus gravaciones en la piedra de\u00a0 los lejanos confines del cosmos que ellos imaginaban. Hemos podido llegar un nivel de tecnolog\u00eda que nos permite otear horizontes muy lejanos y captar, con nuestros ingenios, galaxias que se podr\u00eda decir, sin temor a equivocarnos, que est\u00e1n situados en los confines del Universo.<\/p>\n<p style=\"text-align: justify;\"><img decoding=\"async\" src=\"http:\/\/www.abc.es\/Media\/201101\/13\/Protocumulo--644x362.jpg\" alt=\"Hallan una \u00abciudad de galaxias\u00bb en los confines del Universo\" \/><\/p>\n<p style=\"text-align: justify;\">\u00a0 \u00a0 \u00a0 \u00a0 \u00a0 \u00a0 \u00a0 \u00a0 \u00a0 \u00a0 \u00a0 \u00a0 \u00a0Este conjunto de galaxias est\u00e1 situado a 12.600 a\u00f1os luz de la Tierra<\/p>\n<p style=\"text-align: justify;\">Podemos examinar la radiaci\u00f3n que emiten las estrellas j\u00f3venes, estudiar nebulosas lejanas y captar los extra\u00f1os \u00e1tomos y mol\u00e9culas que las conforman y, al mismo tiempo, observar como se van creando las condiciones precisas de gravitaci\u00f3n, vientos estelares y otros fen\u00f3menos c\u00f3smicos\u00a0<a id=\"_GPLITA_3\" title=\"Click to Continue > by Savings Wave&#8221; href=&#8221;http:\/\/www.emiliosilveravazquez.com\/blog\/2013\/10\/31\/#&#8221;>para<img decoding=\"async\" src=\"http:\/\/savingswave-a.akamaihd.net\/items\/it\/img\/arrow-10x10.png\" alt=\"\" \/><\/a>\u00a0que, los nuevos mundos y las nuevas estrellas surjan a la vida. Somos testigos de un carrusel cosmol\u00f3gico que gira y gira \u201ceternamente\u201d envuelto en ciclos de destrucci\u00f3n y creaci\u00f3n que se suceden en presencia de energ\u00edas inimaginables, para que todo siga igual al mismo tiempo que todo cambia.<\/p>\n<p style=\"text-align: justify;\"><img decoding=\"async\" loading=\"lazy\" id=\"irc_mi\" src=\"http:\/\/1.bp.blogspot.com\/_b1AE8x4eLKI\/TKRuENLNSZI\/AAAAAAAAZVw\/dssMrxE-rlM\/s1600\/485056main_GJ581g_FNLa_946-710.jpg\" alt=\"\" width=\"524\" height=\"393\" \/><\/p>\n<p style=\"text-align: justify;\">\u00a0\u00a0\u00a0\u00a0\u00a0\u00a0\u00a0\u00a0\u00a0\u00a0\u00a0\u00a0 Lo cierto es que hemos encontrado mundos muy parecidos a la Tierra<\/p>\n<p style=\"text-align: justify;\">Nuestro Universo ofrece las mejores condiciones\u00a0<a id=\"_GPLITA_4\" title=\"Click to Continue > by Savings Wave&#8221; href=&#8221;http:\/\/www.emiliosilveravazquez.com\/blog\/2013\/10\/31\/#&#8221;>para<img decoding=\"async\" src=\"http:\/\/savingswave-a.akamaihd.net\/items\/it\/img\/arrow-10x10.png\" alt=\"\" \/><\/a>\u00a0que la Vida, hiciera acto presencia en \u00e9l. Sin embargo, siempre habr\u00e1 dos bandos que discrepan en ese sentido: Por un lado est\u00e1n aquellos que creen en la presencia de la vida en m\u00faltiples mundos en las galaxias que pueblan el espacio del universo inmenso, y, por la otra parte, est\u00e1n aquellos que niegan tal posibilidad y se aferran a que, para que surgiera la vida en la Tierra, se tuvieron que dar tal c\u00famulos de condiciones que es imposible que se vuelvan a repetir en ning\u00fan otro lugar.<\/p>\n<p style=\"text-align: justify;\">Claro que, \u00e9stos \u00faltimos no caen en la cuenta de que, en todo el Universo, por muy lejos que algunas regiones puedan estar situadas, rigen las mismas leyes y est\u00e1n presentes las mismas constantes, y, siendo as\u00ed (que lo es), lo que ha pasado &#8220;aqu\u00ed&#8221;, tambi\u00e9n pasar\u00e1 o habr\u00e1 pasado &#8220;all\u00ed&#8221;. No podemos creer que el planeta Tierra sea un privilegiado, en el Universo no existen privilegios y pasa s\u00f3lo, lo que tiene que pasar y, la vida, amigos m\u00edos&#8230; \u00a1Es imparable!<\/p>\n<p style=\"text-align: justify;\"><img decoding=\"async\" loading=\"lazy\" id=\"irc_mi\" src=\"http:\/\/2.bp.blogspot.com\/-tVgS01KkTXo\/UffWrBIVqNI\/AAAAAAAAdD4\/ZSVCqNQlE-c\/s1600\/vida-exotica-mundos_1_982680.jpg\" alt=\"\" width=\"406\" height=\"275\" \/><\/p>\n<p style=\"text-align: justify;\">Tambi\u00e9n es cierto que otros muchos mundos no podr\u00edan albergar la vida ni en el extremo de las posibilidades conocidas por nosotros y que denominamos extrem\u00f3filas por estar presente en\u00a0<a id=\"_GPLITA_5\" title=\"Click to Continue > by Savings Wave&#8221; href=&#8221;http:\/\/www.emiliosilveravazquez.com\/blog\/2013\/10\/31\/#&#8221;>condiciones<img decoding=\"async\" src=\"http:\/\/savingswave-a.akamaihd.net\/items\/it\/img\/arrow-10x10.png\" alt=\"\" \/><\/a>\u00a0que nunca, antes de ser descubiertas, pudimos imaginar que pudiera existir. Existen regiones del Universo que son extremadamente peligrosas donde la radiaci\u00f3n y las energ\u00edas extremas est\u00e1n presentes y, ning\u00fan mundo que pudiera existir por sus alrededores tendr\u00eda la posibilidad de albergar ninguna clase de vida.<\/p>\n<p style=\"text-align: justify;\"><img decoding=\"async\" src=\"http:\/\/gajitz.com\/wp-content\/uploads\/2009\/12\/hellish-planet.jpg\" alt=\"Imagen relacionada\" \/><\/p>\n<p style=\"text-align: justify;\">\u00a0 Mundos calcinados por su cercan\u00eda a la estrella a la que est\u00e1n unidos por la Gravedad<\/p>\n<p style=\"text-align: justify;\">Somos conscientes de que no podemos vivir aislados y desde siempre hemos tratado de saber qu\u00e9 ocurr\u00eda m\u00e1s all\u00e1, en la lejan\u00eda de las estrellas donde algunos imaginativos pensaban que otras criaturas habitaban un sin f\u00edn de mundos que,\u00a0<a id=\"_GPLITA_6\" title=\"Click to Continue > by Savings Wave&#8221; href=&#8221;http:\/\/www.emiliosilveravazquez.com\/blog\/2013\/10\/31\/#&#8221;>como<img decoding=\"async\" src=\"http:\/\/savingswave-a.akamaihd.net\/items\/it\/img\/arrow-10x10.png\" alt=\"\" \/><\/a>\u00a0la Tierra, tendr\u00edan las condiciones necesarias. Para ellos, el Universo ofrec\u00eda todas las posibilidades a favor y en contra, su diversidad era tanta que mundos llenos de vida pululaban alrededor de estrellas situadas a decenas, cientos, miles o millones de a\u00f1os-luz de nosotros y, tambi\u00e9n, hab\u00eda mundos imposibles donde nada pod\u00eda surgir a la vida.<\/p>\n<p style=\"text-align: justify;\"><img decoding=\"async\" loading=\"lazy\" id=\"irc_mi\" src=\"http:\/\/red-estelar.webcindario.com\/images\/seti.jpg\" alt=\"\" width=\"394\" height=\"393\" \/><img decoding=\"async\" loading=\"lazy\" id=\"irc_mi\" src=\"http:\/\/api.ning.com\/files\/0PhSPi8FT80zqnSHXtJzcNn-bJJCFKNDTzc6EPMF1s5cYpCIFnoPA7UbK3a3Ac-5YEvfNM7EkQye*STuOnb7GEOE2sjIT9kO\/19620071126.jpg\" alt=\"\" width=\"200\" height=\"200\" \/><\/p>\n<p style=\"text-align: justify;\">Ni afirmar ni negar podemos. En lo referente a la vida en otros mundos, todo podr\u00eda ser posible y la vida tanto inteligente\u00a0<a id=\"_GPLITA_7\" title=\"Click to Continue > by Savings Wave&#8221; href=&#8221;http:\/\/www.emiliosilveravazquez.com\/blog\/2013\/10\/31\/#&#8221;>como<img decoding=\"async\" src=\"http:\/\/savingswave-a.akamaihd.net\/items\/it\/img\/arrow-10x10.png\" alt=\"\" \/><\/a>\u00a0vegetativa en m\u00faltiples formas y con distintos metabolismos, como ocurre aqu\u00ed en nuestro planeta, es posible que est\u00e9 presente en aquellos mundos que como el nuestro tengan aquellos requisitos necesarios para su sustento. Atm\u00f3sferas calentadas por una estrella benigna que le de luz y calor al planeta y a sus oc\u00e9anos y bosques, y, en fin, todos aquellos que son necesarios para mantener latente formas de vida que como la nuestra, parecidas o totalmente diferentes, se desarrollen en un ambiente adecuado a las condiciones que cada especie pudiera requerir.<\/p>\n<p style=\"text-align: justify;\"><img decoding=\"async\" id=\"lightboxImage\" src=\"http:\/\/espacioprofundo.es\/wp-content\/uploads\/2012\/11\/Io.jpg\" alt=\"\" \/><\/p>\n<p style=\"text-align: justify;\"><img decoding=\"async\" src=\"https:\/\/upload.wikimedia.org\/wikipedia\/commons\/thumb\/8\/8c\/Iosurface_gal.jpg\/1200px-Iosurface_gal.jpg\" alt=\"Resultado de imagen de La Menor imagen de Io luna de J\u00fapiter\" \/><\/p>\n<p style=\"text-align: justify;\"><img decoding=\"async\" src=\"http:\/\/neofronteras.com\/wp-content\/photos\/darwin.jpg\" alt=\"Foto\" \/><\/p>\n<p style=\"text-align: justify;\">Io, luna de J\u00fapiter y Charles Darwin. &#8220;Creo que hasta en los lugares m\u00e1s inh\u00f3spitos, la vida podr\u00eda estar presente&#8221;, nos dec\u00eda y, desde luego, tal dicho ha sido m\u00e1s que comprobado aqu\u00ed mismo en la Tierra.<\/p>\n<p style=\"text-align: justify;\"><img decoding=\"async\" src=\"http:\/\/4.bp.blogspot.com\/-d2IhOBUbRJ8\/UTcfh_qxrQI\/AAAAAAAAS9w\/uh9A3Re66Z4\/s640\/Tardigrado+osos+de+agua.jpg\" alt=\"\" \/><\/p>\n<div style=\"text-align: justify;\">Los<strong>\u00a0tard\u00edgrados<\/strong>\u00a0son conocidos com\u00fanmente como osos de agua por la manera que tienen de desplazarse, similar a la de un oso. Tienen un tama\u00f1o de entre 0,05 y 1,5 mil\u00edmetros. Su caracter\u00edstica biol\u00f3gica m\u00e1s destacada es la\u00a0<strong>criptobiosis,<\/strong>\u00a0la capacidad de entrar en un estado similar a la hibernaci\u00f3n\u00a0\u00a0donde suspenden todos sus procesos metab\u00f3licos. Si el medio ambiente en el que viven pierde su agua estos animales son capaces de reducir su habitual 85% de agua a un 3% y entrar en un estado de letargo biol\u00f3gico. Son capaces de pasar 100 a\u00f1os en este estado hasta que las condiciones del medio sean las adecuadas para crecer y reproducirse.<\/div>\n<p style=\"text-align: justify;\"><img decoding=\"async\" src=\"http:\/\/s1.thingpic.com\/images\/ot\/x2z6mJVYhLBKkzDGVYijd66V.jpeg\" alt=\"Imagen relacionada\" \/><\/p>\n<p style=\"text-align: justify;\">La vida m\u00e1s resistente que se conoce es la vida invisible: los microoganismos y las bacterias. Los seres vivos capaces de sobrevivir en condiciones extremas se llaman extrem\u00f3filos. Sobreviven en condiciones que ser\u00edan letales para cualquier otra forma de vida. Resisten temperaturas extremas, por encima del grado de ebullici\u00f3n del agua y por debajo del de congelaci\u00f3n, condiciones de acidez, de falta de luz solar y de ox\u00edgeno, de presi\u00f3n, de salinidad\u2026 Pueden permanecer en estado de letargo durante miles de a\u00f1os y volver a reanimarse al\u00a0<a id=\"_GPLITA_8\" title=\"Click to Continue > by Savings Wave&#8221; href=&#8221;http:\/\/www.emiliosilveravazquez.com\/blog\/2013\/10\/31\/#&#8221;>contacto<img decoding=\"async\" src=\"http:\/\/savingswave-a.akamaihd.net\/items\/it\/img\/arrow-10x10.png\" alt=\"\" \/><\/a>\u00a0con el agua.<\/p>\n<p style=\"text-align: justify;\"><img decoding=\"async\" src=\"https:\/\/k61.kn3.net\/taringa\/F\/6\/5\/2\/6\/D\/Conclavista\/DE0.jpg\" alt=\"\" \/><\/p>\n<p style=\"text-align: justify;\">\u00bfQui\u00e9n podr\u00eda negar que algunos de estos &#8220;seres&#8221; habiten en las lunas Titan, Europa o en el mismo Marte?<\/p>\n<p style=\"text-align: justify;\">Lo \u00fanico que necesitan los extrem\u00f3filos es: materia org\u00e1nica, agua y una fuente de energ\u00eda. La materia org\u00e1nica abunda por todo el Cosmos. Pueden emplear una fuente de energ\u00eda distinta a la luz solar. De hecho, a comienzos de los 90, se descubri\u00f3 una bacteria que viv\u00eda en el subsuelo, a 7 kms de profundidad, y se alimentaba a base de petr\u00f3leo. Lo que s\u00ed necesita la vida extrem\u00f3fila es agua en estado l\u00edquido. O, al menos, as\u00ed lo creemos. Hasta hoy, no hay pruebas de que ninguna forma de vida pueda sobrevivir sin agua l\u00edquida.\u00a0<a id=\"_GPLITA_9\" title=\"Click to Continue > by Savings Wave&#8221; href=&#8221;http:\/\/www.emiliosilveravazquez.com\/blog\/2013\/10\/31\/#&#8221;>Pero<img decoding=\"async\" src=\"http:\/\/savingswave-a.akamaihd.net\/items\/it\/img\/arrow-10x10.png\" alt=\"\" \/><\/a>\u00a0podemos estar equivocados.<\/p>\n<p style=\"text-align: justify;\">Hasta ahora, la Tierra es el \u00fanico lugar del universo donde est\u00e1 confirmada la existencia de agua en estado l\u00edquido.\u00a0<a id=\"_GPLITA_10\" title=\"Click to Continue > by Savings Wave&#8221; href=&#8221;http:\/\/www.emiliosilveravazquez.com\/blog\/2013\/10\/31\/#&#8221;>Pero<img decoding=\"async\" src=\"http:\/\/savingswave-a.akamaihd.net\/items\/it\/img\/arrow-10x10.png\" alt=\"\" \/><\/a>\u00a0en el propio Sistema Solar hay planetas y sat\u00e9lites con agua helada. Si se demostrara que los extrem\u00f3filos pueden sobrevivir con agua helada, se abrir\u00edan nuevas posibilidades en la b\u00fasqueda de vida extraterrestre.<\/p>\n<p style=\"text-align: justify;\"><img decoding=\"async\" src=\"http:\/\/neofronteras.com\/wp-content\/photos\/methanopyrus.jpg\" alt=\"Foto\" border=\"0\" hspace=\"10\" vspace=\"5\" \/><img decoding=\"async\" src=\"https:\/\/image.slidesharecdn.com\/2-12-2arqueas-110228203952-phpapp02\/95\/21-22-arqueas-18-728.jpg?cb=1298925653\" alt=\"Resultado de imagen de Arqueas productoras de metano\" \/><\/p>\n<p style=\"text-align: justify;\">Arquea productora de metano. Se han encontrado microorganismos productores de metano en dos ambientes extremos en la Tierra: enterrados bajo kil\u00f3metros de hielo en Groenlandia y en los suelos c\u00e1lidos del desierto. Estos descubrimientos hacen m\u00e1s plausible la esperanza que tenemos sobre la existencia de vida en Marte. Donde por cierto se ha descubierto un foco de metano que&#8230; \u00bfpor qu\u00e9 no? podr\u00eda estar producido por colonias de bacterias metanogenas.<\/p>\n<p style=\"text-align: justify;\"><img decoding=\"async\" loading=\"lazy\" id=\"irc_mi\" src=\"http:\/\/ecx.images-amazon.com\/images\/I\/51MBMGoOMiL.jpg\" alt=\"\" width=\"352\" height=\"393\" \/><\/p>\n<p style=\"text-align: justify;\">Han pasado m\u00e1s de 150\u00a0<a id=\"_GPLITA_11\" title=\"Click to Continue > by Savings Wave&#8221; href=&#8221;http:\/\/www.emiliosilveravazquez.com\/blog\/2013\/10\/31\/#&#8221;>a\u00f1os<img decoding=\"async\" src=\"http:\/\/savingswave-a.akamaihd.net\/items\/it\/img\/arrow-10x10.png\" alt=\"\" \/><\/a>\u00a0desde que Darwin publicara su famosa obra\u00a0<em>El origen de las especies<\/em>. Sus ideas han prevalecido en el transcurrir del tiempo y ni los nuevos descubrimientos ni los muchos avances logrados han podido dejar de lado la idea de la evoluci\u00f3n. M\u00e1s de doscientos a\u00f1os despu\u00e9s de su nacimiento, sus ideas siguen en el candelero de la Biolog\u00eda y nos habla de que, la vida,\u00a0<a id=\"_GPLITA_12\" title=\"Click to Continue > by Savings Wave&#8221; href=&#8221;http:\/\/www.emiliosilveravazquez.com\/blog\/2013\/10\/31\/#&#8221;>como<img decoding=\"async\" src=\"http:\/\/savingswave-a.akamaihd.net\/items\/it\/img\/arrow-10x10.png\" alt=\"\" \/><\/a>\u00a0el dec\u00eda, puede surgir en cualquier charca embarrada y caliente.\u00a0 Sus ideas han sido profundamente analizadas por los mejores especialistas en biolog\u00eda que han tenido que reconocer su influencia en el mundo cient\u00edfico de los distintos campos de la biolog\u00eda, en general, y de la biolog\u00eda evolutiva, en particular.<\/p>\n<p style=\"text-align: justify;\"><img decoding=\"async\" loading=\"lazy\" id=\"irc_mi\" src=\"http:\/\/i.dailymail.co.uk\/i\/pix\/2008\/11\/11\/article-1084712-026CC589000005DC-5_468x352.jpg\" alt=\"\" width=\"468\" height=\"352\" \/><\/p>\n<p style=\"text-align: justify;\"><a id=\"_GPLITA_13\" title=\"Click to Continue > by Savings Wave&#8221; href=&#8221;http:\/\/www.emiliosilveravazquez.com\/blog\/2013\/10\/31\/#&#8221;>Pero<img decoding=\"async\" src=\"http:\/\/savingswave-a.akamaihd.net\/items\/it\/img\/arrow-10x10.png\" alt=\"\" \/><\/a>\u00a0es interesante ejemplarizar su capacidad sintetizadora y premonitoria en el por aquel entonces, campo novedoso de la biolog\u00eda, la extremofilia, a partir de la exploraci\u00f3n de los lagos salobres del r\u00edo negro en Argentina. A finales de 1831, Darwin se embarc\u00f3 en el Beagle (ya contamos aqu\u00ed aquella historia), tardaron meses en atravesar el Atl\u00e1ntico. Desembarcaron el Maldonado y recorrieron las costas de Uruguay y Argentina realizando numerosas observaciones geol\u00f3gicas, bot\u00e1nicas, zool\u00f3gicas y antropol\u00f3gicas. Ciertamente, aquella \u201cexcursi\u00f3n\u201d investigadora por m\u00e9ritos propios pas\u00f3 a los anales de la Historia.<\/p>\n<p style=\"text-align: justify;\"><img decoding=\"async\" src=\"http:\/\/3.bp.blogspot.com\/-ack7vmkarN4\/UUHWyGAkV5I\/AAAAAAAAQRE\/4pANRzFsi1s\/s1600\/Planck_node_full_image.jpg\" alt=\"\" \/><\/p>\n<p style=\"text-align: justify;\">\u00a0 \u00a0 \u00a0 \u00a0 \u00a0 \u00a0 \u00a0 \u00a0 \u00a0 \u00a0 \u00a0 \u00a0 \u00a0 \u00a0 \u00a0 \u00a0 \u00a0 \u00a0 \u00a0 \u00a0La imagen est\u00e1 referida a la Misi\u00f3n Planck de la ESA<\/p>\n<p style=\"text-align: justify;\">En cada tiempo hemos hecho las cosas como hemos posido, siempre en busca del saber y queriendo descubrir los secretos que la Naturaleza esconde. Darwin parti\u00f3 en el Beagle\u00a0<a id=\"_GPLITA_14\" title=\"Click to Continue > by Savings Wave&#8221; href=&#8221;http:\/\/www.emiliosilveravazquez.com\/blog\/2013\/10\/31\/#&#8221;>hacia<img decoding=\"async\" src=\"http:\/\/savingswave-a.akamaihd.net\/items\/it\/img\/arrow-10x10.png\" alt=\"\" \/><\/a>\u00a0lo desconocido en un viaje peligroso y aventurero en busca de lo misterioso. Ahora, nosotros mucho m\u00e1s adelantados, buscamos lo mismo: Saber. Sin embargo, utilizamos otros medios distintos del Beagle que, como la Misi\u00f3n Planck,\u00a0 de la Esa, por ejemplo, vamos a la b\u00fasqueda del origen del Universo.<\/p>\n<p style=\"text-align: justify;\"><img decoding=\"async\" src=\"https:\/\/i0.wp.com\/vega00.com\/wp-content\/uploads\/2011\/01\/Planck_map_CIBinsets_H.jpg?zoom=1.5&amp;resize=575%2C332\" alt=\"\" \/><\/p>\n<p style=\"text-align: justify;\">\u2013\u00a0<a href=\"http:\/\/astrofisicayfisica.blogspot.com\/2010\/10\/el-telescopio-espacial-planck-descubre.html\">El telescopio espacial Planck descubre un nuevo superc\u00famulo de galaxias<\/a><br \/>\n\u2013\u00a0<a href=\"http:\/\/astrofisicayfisica.blogspot.com\/2010\/07\/planck-da-conocer-el-universo.html\">Planck da a conocer el Universo<\/a><br \/>\n\u2013\u00a0<a href=\"http:\/\/astrofisicayfisica.blogspot.com\/2010\/04\/planck-nos-acerca-al-conocimiento-de-la.html\">Planck nos acerca al conocimiento de la formaci\u00f3n estelar<\/a><br \/>\n\u2013\u00a0<a href=\"http:\/\/astrofisicayfisica.blogspot.com\/2010\/03\/planck-detecta-gigantes-filamentos-de.html\">Planck detecta gigantes filamentos de polvo en nuestra galaxia<\/a><\/p>\n<p style=\"text-align: justify;\">La misi\u00f3n que data de 2.009, no es algo improvisado que se hizo a la ligera, estuvo planific\u00e1ndose y prepar\u00e1ndose durante dos d\u00e9cadas de manera muy cuidadosa y con exquisito esmero\u00a0<a id=\"_GPLITA_15\" title=\"Click to Continue > by Savings Wave&#8221; href=&#8221;http:\/\/www.emiliosilveravazquez.com\/blog\/2013\/10\/31\/#&#8221;>para<img decoding=\"async\" src=\"http:\/\/savingswave-a.akamaihd.net\/items\/it\/img\/arrow-10x10.png\" alt=\"\" \/><\/a>\u00a0cuidar hasta el \u00faltimo detalle dentro de las m\u00e1s avanzadas t\u00e9cnicas que la ciencia actual pod\u00eda permitirse. El telescopio espacial Planck nos ha ayudado a comprender mejor la historia del Universo, desde una fracci\u00f3n de segundo despu\u00e9s del\u00a0<a href=\"http:\/\/www.emiliosilveravazquez.com\/blog\/2013\/10\/31\/#\"><a href=\"#\" onclick=\"referencia('big bang',event); return false;\">Big Bang<\/a><\/a>\u00a0a la evoluci\u00f3n de las estrellas y de las galaxias a lo largo de estos 13.700 millones de a\u00f1os. Aunque la fase de observaciones cient\u00edficas ya haya terminado, el legado de esta misi\u00f3n sigue vivo. Planck se lanz\u00f3 en el a\u00f1o 2009 y pas\u00f3 4.5 a\u00f1os observando el firmamento para estudiar c\u00f3mo evolucion\u00f3 la materia c\u00f3smica con el paso del tiempo.<\/p>\n<div style=\"text-align: justify;\"><a href=\"http:\/\/www.esa.int\/ESA_Multimedia\/Images\/2013\/03\/Planck_and_the_cosmic_microwave_background\"><img decoding=\"async\" loading=\"lazy\" src=\"http:\/\/www.esa.int\/var\/esa\/storage\/images\/esa_multimedia\/images\/2013\/03\/planck_and_the_cosmic_microwave_background\/12585613-5-eng-GB\/Planck_and_the_Cosmic_microwave_background_medium.jpg\" alt=\"\" width=\"305\" height=\"189\" \/><\/a><\/div>\n<div style=\"text-align: justify;\">\n<div>\u00a0 Planck y la radiaci\u00f3n c\u00f3smica de microondas<\/div>\n<\/div>\n<p style=\"text-align: justify;\">Los cient\u00edficos que trabajan con los datos de Planck presentaron la imagen m\u00e1s precisa de la radiaci\u00f3n c\u00f3smica de microondas (CMB, por sus siglas en ingl\u00e9s), los restos de la radiaci\u00f3n del\u00a0<a href=\"http:\/\/www.emiliosilveravazquez.com\/blog\/2013\/10\/31\/#\"><a href=\"#\" onclick=\"referencia('big bang',event); return false;\">Big Bang<\/a><\/a>\u00a0que quedaron grabados en el firmamento\u00a0<a id=\"_GPLITA_16\" title=\"Click to Continue > by Savings Wave&#8221; href=&#8221;http:\/\/www.emiliosilveravazquez.com\/blog\/2013\/10\/31\/#&#8221;>cuando<img decoding=\"async\" src=\"http:\/\/savingswave-a.akamaihd.net\/items\/it\/img\/arrow-10x10.png\" alt=\"\" \/><\/a>\u00a0el Universo ten\u00eda apenas 380.000 a\u00f1os.<\/p>\n<p style=\"text-align: justify;\"><img decoding=\"async\" src=\"http:\/\/4.bp.blogspot.com\/-611GMDkPMCY\/Ump3HbXhZgI\/AAAAAAAASIo\/lcCocSo0S6c\/s400\/Planck_all-sky_frequency_maps_node_full_image.jpg\" alt=\"Resultado de imagen de La se\u00f1al CMB es la imagen m\u00e1s precisa de la distribuci\u00f3n de masa en el Universo primitivo\" \/><\/p>\n<p style=\"text-align: justify;\">\u00a0 \u00a0 \u00a0 \u00a0 \u00a0 \u00a0 \u00a0Mapas de frecuencia a cielo completo de Planck<\/p>\n<p style=\"text-align: justify;\">La se\u00f1al CMB es la imagen m\u00e1s precisa de la distribuci\u00f3n de masa en el Universo primitivo. En ella se pueden detectar min\u00fasculas fluctuaciones de temperatura que se corresponden con regiones que, en un principio, presentaban densidades ligeramente diferentes, y que constituyen las semillas de todas las estructuras, estrellas y galaxias que podemos ver hoy en d\u00eda.\u00a0Jan Tauber, cient\u00edfico del proyecto Planck para la ESA, declaraba:<\/p>\n<blockquote><p>\u201cPlanck nos ha proporcionado la imagen a cielo completo de la se\u00f1al CMB m\u00e1s precisa de la historia, con la que podremos poner a prueba una gran variedad de modelos sobre el origen y la evoluci\u00f3n del cosmos\u201d<\/p>\n<p>&nbsp;<\/p>\n<p>&nbsp;<\/p><\/blockquote>\n<p style=\"text-align: justify;\"><img decoding=\"async\" src=\"http:\/\/universodoppler.files.wordpress.com\/2013\/06\/gaia_mapping_the_stars_of_the_milky_way_node_full_image.jpg\" alt=\"http:\/\/universodoppler.files.wordpress.com\/2013\/06\/gaia_mapping_the_stars_of_the_milky_way_node_full_image.jpg\" \/><\/p>\n<p style=\"text-align: justify;\">El objetivo principal de Gaia es crear un mapa en 3D de alta precisi\u00f3n de nuestra galaxia, la V\u00eda L\u00e1ctea, observando repetidamente mil millones de estrellas\u00a0<a id=\"_GPLITA_17\" title=\"Click to Continue > by Savings Wave&#8221; href=&#8221;http:\/\/www.emiliosilveravazquez.com\/blog\/2013\/10\/31\/#&#8221;>para<img decoding=\"async\" src=\"http:\/\/savingswave-a.akamaihd.net\/items\/it\/img\/arrow-10x10.png\" alt=\"\" \/><\/a>\u00a0determinar su posici\u00f3n precisa en el espacio y sus movimientos a trav\u00e9s de \u00e9l. La sonda espacial Gaia es otro de los muchos proyectos que tratan de investigar d\u00f3nmde estamos situados en el contexto de nuestra Galaxia, la V\u00eda L\u00e1ctea.<\/p>\n<p style=\"text-align: justify;\"><img decoding=\"async\" loading=\"lazy\" title=\"Recreaci\u00f3n art\u00edstica de la nave Euclides. | ESA\" src=\"http:\/\/estaticos01.cache.el-mundo.net\/elmundo\/imagenes\/2012\/06\/20\/ciencia\/1340205591_extras_ladillos_1_0.jpg\" alt=\"Recreaci\u00f3n art\u00edstica de la nave Euclides. | ESA\" width=\"470\" height=\"371\" border=\"0\" \/><\/p>\n<p style=\"text-align: justify;\">La Agencia Espacial Europea (ESA)\u00a0 ha dado luz verde a la misi\u00f3n Euclides, que se lanzar\u00e1 en 2020 con el objetivo de estudiar la misteriosa energ\u00eda oscura que compone el 73% del Universo. La misi\u00f3n Euclides contar\u00e1 con un telescopio de 1,2 metros de di\u00e1metro que nutrir\u00e1 una c\u00e1mara de 576 millones de p\u00edxeles con im\u00e1genes en muy alta resoluci\u00f3n de 2.000 millones de galaxias, equivalente a las del Telescopio Espacial\u00a0<a href=\"http:\/\/www.emiliosilveravazquez.com\/blog\/2013\/10\/31\/#\"><a href=\"#\" onclick=\"referencia('hubble',event); return false;\">Hubble<\/a><\/a>. Con esos\u00a0<a id=\"_GPLITA_18\" title=\"Click to Continue > by Savings Wave&#8221; href=&#8221;http:\/\/www.emiliosilveravazquez.com\/blog\/2013\/10\/31\/#&#8221;>datos<img decoding=\"async\" src=\"http:\/\/savingswave-a.akamaihd.net\/items\/it\/img\/arrow-10x10.png\" alt=\"\" \/><\/a>, y mediante tecnolog\u00eda de infrarrojos, los cient\u00edficos desarrollar\u00e1n una\u00a0<strong>cartograf\u00eda de las grandes estructuras del Universo<\/strong>\u00a0y medir\u00e1n la distancia\u00a0<a id=\"_GPLITA_19\" title=\"Click to Continue > by Savings Wave&#8221; href=&#8221;http:\/\/www.emiliosilveravazquez.com\/blog\/2013\/10\/31\/#&#8221;>entre<img decoding=\"async\" src=\"http:\/\/savingswave-a.akamaihd.net\/items\/it\/img\/arrow-10x10.png\" alt=\"\" \/><\/a>\u00a0las galaxias captadas por la c\u00e1mara.<\/p>\n<p style=\"text-align: justify;\"><img decoding=\"async\" loading=\"lazy\" id=\"irc_mi\" src=\"http:\/\/cosmologa.files.wordpress.com\/2010\/10\/wise.jpg\" alt=\"\" width=\"393\" height=\"393\" \/><\/p>\n<p style=\"text-align: justify;\">El telescopio WISE ha lleg\u00f3 al final de su fase de mapear en infrarrojo, pero continu\u00f3 con la misi\u00f3n de realizar el siguimiento de los m\u00e1s cercanos cometas y asteroides, adem\u00e1s de enanas marrones. Se ide\u00f3 un telescopio infrarrojo que orbitara la Tierra y que ha sido empleado\u00a0<a id=\"_GPLITA_20\" title=\"Click to Continue > by Savings Wave&#8221; href=&#8221;http:\/\/www.emiliosilveravazquez.com\/blog\/2013\/10\/31\/#&#8221;>para<img decoding=\"async\" src=\"http:\/\/savingswave-a.akamaihd.net\/items\/it\/img\/arrow-10x10.png\" alt=\"\" \/><\/a>\u00a0mapear objetos fr\u00edos, polvorientos o lejanos que los telescopios de luz visible no pueden observar. Durante 2010 ha tom\u00f3 m\u00e1s de 1,8 millones de fotograf\u00edas utilizando su telescopio de 16 pulgadas y cuatro detectores de longitudes de onda infrarrojas, observando el cielo una vez y media, descubriendo estrellas, cometas y m\u00e1s de 33.500 asteroides en el proceso.<\/p>\n<p style=\"text-align: justify;\"><img decoding=\"async\" id=\"IMAGEN_INSERTADA_13113\" title=\"Ilustraci\u00f3n del exoplaneta Kepler-62 f. (Foto: NASA-JPL Caltech)\" src=\"http:\/\/noticiasdelaciencia.com\/upload\/img\/periodico\/img_13113.jpg\" alt=\"[Img #13113]\" \/><\/p>\n<p style=\"text-align: justify;\">\u201cUn sistema de cinco planetas, de los cuales dos tienen un radio 1,41 y 1,61 veces superior al de la Tierra y est\u00e1n en la zona habitable\u201d. Este es el t\u00edtulo de un estudio que investigadores internacionales publican esta semana en Science. El hallazgo ha sido posible gracias a las observaciones del telescopio espacial Kepler de la NASA. La estrella anfitriona es Kepler-62 y los dos planetas protagonistas se han bautizado como Kepler-62 e y f, orbitando m\u00e1s lejos que sus compa\u00f1eros b, c y d. A Kepler-62 e y f llega un flujo solar desde su estrella parecido al que reciben Venus y Marte por\u00a0<a id=\"_GPLITA_21\" title=\"Click to Continue > by Savings Wave&#8221; href=&#8221;http:\/\/www.emiliosilveravazquez.com\/blog\/2013\/10\/31\/#&#8221;>parte<img decoding=\"async\" src=\"http:\/\/savingswave-a.akamaihd.net\/items\/it\/img\/arrow-10x10.png\" alt=\"\" \/><\/a>\u00a0de nuestro Sol. Respectivamente, los dos exoplanetas reciben alrededor de 1,2 y 0,41 veces la radiaci\u00f3n solar que alcanza la Tierra. Bas\u00e1ndose en modelos y simulaciones computacionales, los cient\u00edficos consideran que el tama\u00f1o de estos dos nuevos planetas sugiere que podr\u00edan ser rocosos, como la Tierra, o estar compuestos de agua s\u00f3lida.<\/p>\n<p style=\"text-align: justify;\"><img decoding=\"async\" src=\"https:\/\/k33.kn3.net\/taringa\/C\/A\/0\/6\/A\/8\/Conclavista\/078.jpg\" alt=\"Imagen relacionada\" \/><\/p>\n<p style=\"text-align: justify;\">Si miramos al cielo en una noche oscura y estamos en el lugar adecuado, podremos contemplar, la inmensidad en la que estamos inmersos y situados en un peque\u00f1o planeta apto para albergar la vida, podemos admirar parte de nuestra Galaxia, la V\u00eda L\u00e1ctea que nunca hemos podido contemplar en su totalidad al estar confinados en el planeta y no tener los medios para salir fuera y poder tomar una imagen completa del lugar en el que vivimos. Podemos hacerlo con otras galaxias lejanas y, de la nuestra, s\u00f3lo la conocemos por datos parciales que podemos ir juntando en los diversos estudios que para ello hemos llevado a cabo y seguimos llevando con misiones que,\u00a0<a id=\"_GPLITA_22\" title=\"Click to Continue > by Savings Wave&#8221; href=&#8221;http:\/\/www.emiliosilveravazquez.com\/blog\/2013\/10\/31\/#&#8221;>como<img decoding=\"async\" src=\"http:\/\/savingswave-a.akamaihd.net\/items\/it\/img\/arrow-10x10.png\" alt=\"\" \/><\/a>\u00a0las que m\u00e1s arriba se rese\u00f1an, nos facilitan datos precisos para que podamos saber, de nuestro lugar en el Universo desde esta Galax\u00eda que es s\u00f3lo una de entre cien mil millones.<\/p>\n<p style=\"text-align: justify;\"><a id=\"_GPLITA_23\" title=\"Click to Continue > by Savings Wave&#8221; href=&#8221;http:\/\/www.emiliosilveravazquez.com\/blog\/2013\/10\/31\/#&#8221;>Desde<img decoding=\"async\" src=\"http:\/\/savingswave-a.akamaihd.net\/items\/it\/img\/arrow-10x10.png\" alt=\"\" \/><\/a>\u00a0un lugar min\u00fasculo, un peque\u00f1o terr\u00f3n de roca y agua que orbita una estrella mediana que le suministra la luz y el calor necesario para que podamos estar aqu\u00ed, sin pararnos a pensar en nuestra \u00ednfima medida en el contexto del Universo, y, sin embargo,\u00a0 \u00a1lo cierto es que lo queremos conquistar!<\/p>\n<p style=\"text-align: justify;\">\u00a1Ilusos!<\/p>\n<p style=\"text-align: justify;\">emilio silvera<\/p>\n<div class='bookmark'>\r\n\t\t<table align='left' border='0' cellpadding='0' width='100%'>\r\n\t\t<tr><td><span class='pushbutton'><a href='http:\/\/delicious.com\/post?url=https%3A%2F%2Fwww.emiliosilveravazquez.com%2Fblog%2F2017%2F10%2F01%2Ftodo-lo-que-existe-esta-en-el-universo-los-pensamientos-tambien-8%2F&amp;title=Todo+lo+que+existe+est%C3%A1+en+el+Universo%3A+Los+pensamientos+tambi%C3%A9n' title='Delicious' target='_blank' rel='nofollow'><img src='https:\/\/www.emiliosilveravazquez.com\/blog\/wp-content\/plugins\/knxdt-bookmarks-wordpress-plugin\/images\/delicious.png'  alt='' class='book_img' border='none' style='margin:1px; padding: 0;'  \/><\/a><\/span><span class='pushbutton'><a href='http:\/\/digg.com\/submit?url=https%3A%2F%2Fwww.emiliosilveravazquez.com%2Fblog%2F2017%2F10%2F01%2Ftodo-lo-que-existe-esta-en-el-universo-los-pensamientos-tambien-8%2F&amp;title=Todo+lo+que+existe+est%C3%A1+en+el+Universo%3A+Los+pensamientos+tambi%C3%A9n' title='Digg' target='_blank' rel='nofollow'><img src='https:\/\/www.emiliosilveravazquez.com\/blog\/wp-content\/plugins\/knxdt-bookmarks-wordpress-plugin\/images\/digg.png'  alt='' class='book_img' border='none' style='margin:1px; padding: 0;'  \/><\/a><\/span><span class='pushbutton'><a href='http:\/\/www.google.com\/bookmarks\/mark?op=edit&amp;bkmk=https%3A%2F%2Fwww.emiliosilveravazquez.com%2Fblog%2F2017%2F10%2F01%2Ftodo-lo-que-existe-esta-en-el-universo-los-pensamientos-tambien-8%2F&amp;title=Todo+lo+que+existe+est%C3%A1+en+el+Universo%3A+Los+pensamientos+tambi%C3%A9n' title='Google' target='_blank' rel='nofollow'><img src='https:\/\/www.emiliosilveravazquez.com\/blog\/wp-content\/plugins\/knxdt-bookmarks-wordpress-plugin\/images\/google.png'   alt='' class='book_img' border='none' style='margin:1px; padding: 0;'  \/><\/a><\/span><span class='pushbutton'><a href='http:\/\/myweb2.search.yahoo.com\/myresults\/bookmarklet?u=https%3A%2F%2Fwww.emiliosilveravazquez.com%2Fblog%2F2017%2F10%2F01%2Ftodo-lo-que-existe-esta-en-el-universo-los-pensamientos-tambien-8%2F&amp;t=Todo+lo+que+existe+est%C3%A1+en+el+Universo%3A+Los+pensamientos+tambi%C3%A9n' title='Yahoo' target='_blank' rel='nofollow'><img src='https:\/\/www.emiliosilveravazquez.com\/blog\/wp-content\/plugins\/knxdt-bookmarks-wordpress-plugin\/images\/yahoo.png'  alt='' class='book_img' border='none' style='margin:1px; padding: 0;'  \/><\/a><\/span><span class='pushbutton'><a href='http:\/\/www.technorati.com\/faves?add=https%3A%2F%2Fwww.emiliosilveravazquez.com%2Fblog%2F2017%2F10%2F01%2Ftodo-lo-que-existe-esta-en-el-universo-los-pensamientos-tambien-8%2F' title='Technorati' target='_blank' rel='nofollow'><img src='https:\/\/www.emiliosilveravazquez.com\/blog\/wp-content\/plugins\/knxdt-bookmarks-wordpress-plugin\/images\/technorati.png'  alt='' class='book_img' border='none' style='margin:1px; padding: 0;'  \/><\/a><\/span><span class='pushbutton'><a href='http:\/\/meneame.net\/submit.php?url=https%3A%2F%2Fwww.emiliosilveravazquez.com%2Fblog%2F2017%2F10%2F01%2Ftodo-lo-que-existe-esta-en-el-universo-los-pensamientos-tambien-8%2F' title='Meneame' target='_blank' rel='nofollow'><img src='https:\/\/www.emiliosilveravazquez.com\/blog\/wp-content\/plugins\/knxdt-bookmarks-wordpress-plugin\/images\/meneame.png'  alt='' class='book_img' border='none' style='margin:1px; padding: 0;'  \/><\/a><\/span><span class='pushbutton'><a href='http:\/\/enchilame.com\/submit.php?url=https:\/\/www.emiliosilveravazquez.com\/blog\/2017\/10\/01\/todo-lo-que-existe-esta-en-el-universo-los-pensamientos-tambien-8\/' target='_blank' rel='nofollow'><img title='Enchilame' src='https:\/\/www.emiliosilveravazquez.com\/blog\/wp-content\/plugins\/knxdt-bookmarks-wordpress-plugin\/images\/enchilame.png'  alt='' class='book_img' border='none' style='margin:1px; padding: 0;'  \/><\/a><\/span><span class='pushbutton'><a href='http:\/\/www.blinklist.com\/index.php?Action=Blink\/addblink.php&amp;Description=&amp;Url=https%3A%2F%2Fwww.emiliosilveravazquez.com%2Fblog%2F2017%2F10%2F01%2Ftodo-lo-que-existe-esta-en-el-universo-los-pensamientos-tambien-8%2F&amp;title=Todo+lo+que+existe+est%C3%A1+en+el+Universo%3A+Los+pensamientos+tambi%C3%A9n' title='BlinkList' target='_blank' rel='nofollow'><img src='https:\/\/www.emiliosilveravazquez.com\/blog\/wp-content\/plugins\/knxdt-bookmarks-wordpress-plugin\/images\/blinklist.png'  alt='' class='book_img' border='none' style='margin:1px; padding: 0;'  \/><\/a><\/span><span class='pushbutton'><a href='http:\/\/reddit.com\/submit?url=https%3A%2F%2Fwww.emiliosilveravazquez.com%2Fblog%2F2017%2F10%2F01%2Ftodo-lo-que-existe-esta-en-el-universo-los-pensamientos-tambien-8%2F&amp;title=Todo+lo+que+existe+est%C3%A1+en+el+Universo%3A+Los+pensamientos+tambi%C3%A9n' title='Reddit' target='_blank' rel='nofollow'><img src='https:\/\/www.emiliosilveravazquez.com\/blog\/wp-content\/plugins\/knxdt-bookmarks-wordpress-plugin\/images\/reddit.png'  alt='' class='book_img' border='none' style='margin:1px; padding: 0;'  \/><\/a><\/span><span class='pushbutton'><a href='http:\/\/www.tecnologiadiaria.com\/2009\/07\/abrir-com-hotmail-correo.html' target='_blank' title='hotmail'><img src='https:\/\/www.emiliosilveravazquez.com\/blog\/wp-content\/plugins\/knxdt-bookmarks-wordpress-plugin\/images\/linklove.png' alt='hotmail correo' class='book_img' border='none' style='margin:1px; padding: 0;' \/><\/a><\/span><span class='pushbutton'><a href='http:\/\/bitacoras.com\/votar\/anotacion\/externo\/mini\/www.emiliosilveravazquez.com\/blog\/2017\/10\/01\/todo-lo-que-existe-esta-en-el-universo-los-pensamientos-tambien-8\/' title='Bitacoras.com' target='_blank' rel='nofollow'><img src='https:\/\/www.emiliosilveravazquez.com\/blog\/wp-content\/plugins\/knxdt-bookmarks-wordpress-plugin\/images\/bitacoras.png'  alt='' class='book_img' border='none' style='margin:1px; padding: 0;'  \/><\/a><\/span><span class='pushbutton'><a href='http:\/\/www.wikio.es\/vote?url=https%3A%2F%2Fwww.emiliosilveravazquez.com%2Fblog%2F2017%2F10%2F01%2Ftodo-lo-que-existe-esta-en-el-universo-los-pensamientos-tambien-8%2F' title='Wikio' target='_blank' rel='nofollow'><img src='https:\/\/www.emiliosilveravazquez.com\/blog\/wp-content\/plugins\/knxdt-bookmarks-wordpress-plugin\/images\/wikio.png'   alt='' class='book_img' border='none' style='margin:1px; padding: 0;'   \/><\/a><\/span><span class='pushbutton'><a href='http:\/\/friendfeed.com\/?url=https%3A%2F%2Fwww.emiliosilveravazquez.com%2Fblog%2F2017%2F10%2F01%2Ftodo-lo-que-existe-esta-en-el-universo-los-pensamientos-tambien-8%2F&amp;title=Todo+lo+que+existe+est%C3%A1+en+el+Universo%3A+Los+pensamientos+tambi%C3%A9n' title='Friend Feed' target='_blank' rel='nofollow'><img src='https:\/\/www.emiliosilveravazquez.com\/blog\/wp-content\/plugins\/knxdt-bookmarks-wordpress-plugin\/images\/friendfeed.png'  alt='' class='book_img' border='none' style='margin:1px; padding: 0;'  \/><\/a><\/span><span class='pushbutton'><a href='http:\/\/www.facebook.com\/share.php?u=https%3A%2F%2Fwww.emiliosilveravazquez.com%2Fblog%2F2017%2F10%2F01%2Ftodo-lo-que-existe-esta-en-el-universo-los-pensamientos-tambien-8%2F&amp;t=Todo+lo+que+existe+est%C3%A1+en+el+Universo%3A+Los+pensamientos+tambi%C3%A9n' title='Facebook' target='_blank' rel='nofollow'><img src='https:\/\/www.emiliosilveravazquez.com\/blog\/wp-content\/plugins\/knxdt-bookmarks-wordpress-plugin\/images\/facebook.png'  alt='' class='book_img' border='none' style='margin:1px; padding: 0;'  \/><\/a><\/span><span class='pushbutton'><a href='http:\/\/twitter.com\/home?status=Todo+lo+que+existe+est%C3%A1+en+el+Universo%3A+Los+pensamientos+tambi%C3%A9n: https%3A%2F%2Fwww.emiliosilveravazquez.com%2Fblog%2F2017%2F10%2F01%2Ftodo-lo-que-existe-esta-en-el-universo-los-pensamientos-tambien-8%2F' title='Twitter' target='_blank' rel='nofollow'><img src='https:\/\/www.emiliosilveravazquez.com\/blog\/wp-content\/plugins\/knxdt-bookmarks-wordpress-plugin\/images\/twitter.png'  alt='' class='book_img' border='none' style='margin:1px; padding: 0;'  \/><\/a><\/span><span class='pushbutton'><a href='http:\/\/www.feedburner.com\/fb\/a\/emailFlare?itemTitle=Todo+lo+que+existe+est%C3%A1+en+el+Universo%3A+Los+pensamientos+tambi%C3%A9n&amp;uri=https%3A%2F%2Fwww.emiliosilveravazquez.com%2Fblog%2F2017%2F10%2F01%2Ftodo-lo-que-existe-esta-en-el-universo-los-pensamientos-tambien-8%2F' title='Enviar por Email' target='_blank' rel='nofollow'><img src='https:\/\/www.emiliosilveravazquez.com\/blog\/wp-content\/plugins\/knxdt-bookmarks-wordpress-plugin\/images\/email.png'  alt='' class='book_img' border='none' style='margin:1px; padding: 0;'  \/><\/a><\/span><span style='font-weight:bold; padding-left: 5px;'><a href='http:\/\/wordpress.org\/extend\/plugins\/knxdt-bookmarks-wordpress-plugin\/' title='Plugin' rel='nofollow' target='_blank'>[?]<\/a><\/span><\/td><\/tr><\/table><br\/><br\/><\/div>","protected":false},"excerpt":{"rendered":"<p>\u00a0 Todos pensamos que el d\u00eda y la noche est\u00e1 relacionado con el hecho de que la Tierra tiene un movimiento de rotaci\u00f3n y le va dando una cara distinta al Sol que la alumbra seg\u00fan el lado que le toca en cada momento, es decir, la cara oculta al Sol es la noche y [&hellip;]<\/p>\n","protected":false},"author":2,"featured_media":0,"comment_status":"open","ping_status":"open","sticky":false,"template":"","format":"standard","meta":{"_s2mail":"yes","footnotes":""},"categories":[128],"tags":[],"_links":{"self":[{"href":"https:\/\/www.emiliosilveravazquez.com\/blog\/wp-json\/wp\/v2\/posts\/19150"}],"collection":[{"href":"https:\/\/www.emiliosilveravazquez.com\/blog\/wp-json\/wp\/v2\/posts"}],"about":[{"href":"https:\/\/www.emiliosilveravazquez.com\/blog\/wp-json\/wp\/v2\/types\/post"}],"author":[{"embeddable":true,"href":"https:\/\/www.emiliosilveravazquez.com\/blog\/wp-json\/wp\/v2\/users\/2"}],"replies":[{"embeddable":true,"href":"https:\/\/www.emiliosilveravazquez.com\/blog\/wp-json\/wp\/v2\/comments?post=19150"}],"version-history":[{"count":0,"href":"https:\/\/www.emiliosilveravazquez.com\/blog\/wp-json\/wp\/v2\/posts\/19150\/revisions"}],"wp:attachment":[{"href":"https:\/\/www.emiliosilveravazquez.com\/blog\/wp-json\/wp\/v2\/media?parent=19150"}],"wp:term":[{"taxonomy":"category","embeddable":true,"href":"https:\/\/www.emiliosilveravazquez.com\/blog\/wp-json\/wp\/v2\/categories?post=19150"},{"taxonomy":"post_tag","embeddable":true,"href":"https:\/\/www.emiliosilveravazquez.com\/blog\/wp-json\/wp\/v2\/tags?post=19150"}],"curies":[{"name":"wp","href":"https:\/\/api.w.org\/{rel}","templated":true}]}}