{"id":18812,"date":"2017-08-17T07:18:19","date_gmt":"2017-08-17T06:18:19","guid":{"rendered":"http:\/\/www.emiliosilveravazquez.com\/blog\/?p=18812"},"modified":"2023-08-31T19:22:57","modified_gmt":"2023-08-31T18:22:57","slug":"sin-las-estrellas%e2%80%a6-%c2%a1no-estariamos-aqui-2","status":"publish","type":"post","link":"https:\/\/www.emiliosilveravazquez.com\/blog\/2017\/08\/17\/sin-las-estrellas%e2%80%a6-%c2%a1no-estariamos-aqui-2\/","title":{"rendered":"Sin las estrellas\u2026 \u00a1No estar\u00edamos aqu\u00ed!"},"content":{"rendered":"<div>\n<p style=\"text-align: justify;\">\u00a0 \u00a0 \u00a0 \u00a0 \u00a0 \u00a0 \u00a0 \u00a0 \u00a0 \u00a0 \u00a0 \u00a0 \u00a0 \u00a0 \u00a0 \u00a0 \u00a0 \u00a0 \u00a0 \u00a0 \u00a0 \u00a0 \u00a0 \u00a0 \u00a0 \u00a0 \u00a0 \u00a0 \u00a0 \u00a0 <img decoding=\"async\" loading=\"lazy\" id=\"il_fi\" src=\"http:\/\/1.bp.blogspot.com\/_KW_lRbjOKIU\/S-X54wXuCeI\/AAAAAAAABFk\/nFixK0fhvg4\/s1600\/razas.jpg\" alt=\"\" width=\"400\" height=\"332\" \/><\/p>\n<p style=\"text-align: justify;\">Hemos logrado determinar con precisi\u00f3n nuestros or\u00edgenes como especie mediante precisos an\u00e1lisis gen\u00e9ticos; por ejemplo, los estudios llevados a cabo sobre los genes de las mitocondrias pertenecientes a individuos de todas las poblaciones del mundo y de todas las razas.<\/p>\n<p style=\"text-align: justify;\">Estudiando el A D N mitocondrial de miles de personas se ha llegado a formular la llamada \u201cTeor\u00eda de la Eva Negra\u201d, seg\u00fan la cual todos nosotros, los Homo sapiens sapiens, procedemos de una hembra que vivi\u00f3 en alg\u00fan lugar de \u00c1frica hace ahora unos tres cientos mil a\u00f1os.\u00a0 Otros estudios se han realizado mediante el an\u00e1lisis del polimorfismo del cromosoma Y.<\/p>\n<\/div>\n<div style=\"text-align: justify;\">\n<div>\n<h2>\u00a0\u00a0<a href=\"http:\/\/www.emiliosilveravazquez.com\/blog\/2013\/06\/15\/%c2%a1la-humanidad\/\" rel=\"prev\">\u00a1La Humanidad! (Un fragmento del trabajo)<\/a><\/h2>\n<p>&nbsp;<\/p>\n<p><strong><img decoding=\"async\" loading=\"lazy\" class=\"\" src=\"http:\/\/sobrerelatos.com\/wp-content\/uploads\/2008\/06\/estrellas.jpg\" alt=\"\" width=\"483\" height=\"598\" \/><\/strong><\/p>\n<p>&nbsp;<\/p>\n<p>Igual que la ni\u00f1a mira ensimismada hacia las estrellas lejanas del cielo, tratando de escoger la m\u00e1s hermosa, ponerle un nombre y hacerla suya. Tambi\u00e9n muchas personas han tratado de hace los mismo cuando, en soledad, en espacios abiertos y en plena Naturaleza, ha podido estar en simbiosis plena con aquellos cuerpos celestes que, mediante invisibles hilos de plata, tienen atada la Tierra para que, nunca, podamos dejar de verlas.<\/p>\n<p>Para los amantes de la belleza, el Universo supo muy bien crear sus obras y, mediante su din\u00e1mica y su ritmo de movimiento y energ\u00eda, ha sabido traernos las estrellas y los mundos que, inundados de luz, pudieron hacer posible que surgiera la vida. Los antiguos fil\u00f3sofos, los artistas y los poetas otorgaban a la luz una posici\u00f3n especial entre los fen\u00f3menos del mundo natural.<\/p>\n<div>\n<div>\u00a0<a href=\"http:\/\/www.emiliosilveravazquez.com\/blog\/2013\/06\/15\/ano-internacional-de-la-astronomia-en-espana-aia-iya2009-9\/\" rel=\"prev\">\u00a1Las estrellas! Algo m\u00e1s que puntitos brillantes en el cielo<\/a><\/div>\n<div><\/div>\n<div>\n<p><img decoding=\"async\" src=\"https:\/\/i.gifer.com\/Elku.gif\" alt=\"Amanecer GIF - Conseguir el mejor gif en GIFER\" \/><img decoding=\"async\" loading=\"lazy\" class=\"\" src=\"https:\/\/media.tenor.com\/heXoJY5B-WcAAAAM\/sunrise-new-day.gif\" alt=\"Amanecer Sol GIF - Amanecer Sol Planeta - Discover &amp; Share GIFs\" width=\"396\" height=\"223\" \/><img decoding=\"async\" src=\"https:\/\/usagif.com\/wp-content\/uploads\/gifs\/sun-49.gif\" alt=\"GIFs de sol - Amaneceres, atardeceres, disparos desde el espacio |  USAGIF.com\" \/><img decoding=\"async\" loading=\"lazy\" class=\"\" src=\"https:\/\/usagif.com\/wp-content\/uploads\/gifs\/sun-13.gif\" alt=\"GIFs de sol - Amaneceres, atardeceres, disparos desde el espacio |  USAGIF.com\" width=\"502\" height=\"282\" \/><\/p>\n<p>&nbsp;<\/p>\n<p>Todo gana con la luz, sea cual pudiera ser su estado en relaci\u00f3n al movimiento planetario, todos los escenarios que su inmensa mir\u00edada de\u00a0<a href=\"http:\/\/www.emiliosilveravazquez.com\/blog\/2016\/07\/06\/%C2%BFdestruye-la-ciencia-la-belleza-%C2%BFo-por-el-contrario-nos-la-ensena-3\/#\"><a href=\"#\" onclick=\"referencia('foton',event); return false;\">fotones<\/a><\/a>\u00a0hacen incidir sobre las cosas, las hace m\u00e1s mucho m\u00e1s atractivas y son expuestas con luz cegadora o mortecina, cenicienta o medio en brumas pero, siempre, dejar\u00e1 ver la Naruraleza en su presencia.<\/p>\n<\/div>\n<div><a href=\"http:\/\/www.emiliosilveravazquez.com\/blog\/2013\/06\/15\/%c2%bfdestruye-la-ciencia-la-belleza-%c2%bfo-por-el-contrario-nos-la-ensena\/\" rel=\"next\">\u00bfDestruye la Ciencia la Belleza? \u00bfO, por el contrario nos la ense\u00f1a?<\/a><\/div>\n<\/div>\n<div>\n<h3><\/h3>\n<p><img decoding=\"async\" src=\"https:\/\/imagenes.serpadres.es\/files\/vertical_composte_image\/uploads\/2022\/09\/20\/6329f470c5e32.jpeg\" alt=\"C\u00f3mo ense\u00f1ar a tu hijo a apreciar la belleza\" \/><\/p>\n<blockquote><p>Ese ingrediente llevamos dentro de nosotros, llamado curiosidad, nos lleva a perseguir el saber del Universo<\/p><\/blockquote>\n<p>La F\u00edsica es la Ciencia que estudia las leyes que determinan las estructura del Universo con referencia a la materia y la energ\u00eda de la que est\u00e1 constitu\u00eddo. Se ocupa no de los cambios qu\u00edmicos que ocurren, sino de las fuerzas que existen entre los objetos y las interrelaciones entre la materia y la energ\u00eda. Tradicionalmente, el estudio se divid\u00eda en campos separados: calor, luz, sonido, electricidad, magnetismo y mec\u00e1nica (F\u00edsica cl\u00e1sica).<\/p>\n<p>&nbsp;<\/p>\n<h4>\u00a0 \u00a0 \u00a0 \u00a0 \u00a0 \u00a0 \u00a0 \u00a0 \u00a0 \u00a0 \u00a0 \u00a0 \u00a0 \u00a0 \u00a0 \u00a0 \u00a0 \u00a0<img decoding=\"async\" loading=\"lazy\" class=\"\" src=\"https:\/\/c.files.bbci.co.uk\/11722\/production\/_114785417_explota.png\" alt=\"Los cient\u00edficos de Cambridge que estudian qu\u00e9 va a terminar con la  humanidad (y c\u00f3mo salvarnos) - BBC News Mundo\" width=\"509\" height=\"286\" \/><\/h4>\n<p><strong>\u00a0 \u00a0 \u00a0 \u00a0 \u00a0 \u00a0 \u00a0 \u00a0 \u00a0 \u00a0 \u00a0 \u00a0 \u00a0 \u00a0 \u00a0 \u00a0 \u00a0 \u00a0 \u00a0 \u00a0 \u00a0 \u00a0 \u00a0 \u00a0 \u00a0 \u00a0 \u00a0 \u00a0 Queremos saber el por qu\u00e9 de las cosas<\/strong><\/p>\n<\/div>\n<div>\n<h1><a title=\"Enlace Permanente a \u00a1La Ciencia! Ese es, el \u00fanico camino\" href=\"http:\/\/www.emiliosilveravazquez.com\/blog\/2013\/06\/15\/%c2%a1la-ciencia-ese-es-el-unico-camino\/\" rel=\"bookmark\">\u00a1La Ciencia! Ese es, el \u00fanico camino<\/a><\/h1>\n<\/div>\n<p>&nbsp;<\/p>\n<p><img decoding=\"async\" src=\"https:\/\/imagenes.muyinteresante.es\/files\/composte_image\/uploads\/2023\/06\/02\/647a145e2610a.jpeg\" alt=\"Cu\u00e1l es el origen de la frase 'somos polvo de estrellas' de Carl Sagan?\" \/><\/p>\n<\/div>\n<p><strong>S\u00ed, estamos hechos de Polvo de Estrellas. En ellas se &#8220;fabricaron&#8221; los materiales de los que estamos hechos. <span tabindex=\"0\" role=\"tooltip\"><span class=\"c5aZPb\" tabindex=\"0\" role=\"button\" data-enable-toggle-animation=\"true\" data-extra-container-classes=\"ZLo7Eb\" data-hover-hide-delay=\"1000\" data-hover-open-delay=\"500\" data-send-open-event=\"true\" data-theme=\"0\" data-width=\"250\" data-ved=\"2ahUKEwjyyqmfuIeBAxXV8bsIHW2gD7AQmpgGegQIERAD\"><span class=\"JPfdse\" data-bubble-link=\"\" data-segment-text=\"De\">De<\/span><\/span><\/span>\u00a0hecho, cerca del 99% de nuestro cuerpo est\u00e1 hecho de cuatro elementos qu\u00edmicos:\u00a0<b>carbono, hidr\u00f3geno, ox\u00edgeno y nitr\u00f3geno<\/b>. Siendo el ox\u00edgeno el que m\u00e1s abunda con un aproximado de 65% y seguido por el carbono que ocupa un poco m\u00e1s del 19%<\/strong><\/p>\n<\/div>\n<p>&nbsp;<\/p>\n<p><img decoding=\"async\" loading=\"lazy\" class=\"\" src=\"https:\/\/cienciaes.com\/images\/2398.jpg\" alt=\"Vida \u00bfDe qu\u00e9 estamos hechos?  - Podcast Ciencia EXtrema - CienciaEs.com\" width=\"229\" height=\"428\" \/><img decoding=\"async\" loading=\"lazy\" class=\"\" src=\"https:\/\/revistaideele.com\/ideele\/sites\/default\/files\/12656358_822707157839606_1913805746_o.jpg\" alt=\"El universo en el hombre | ArchivoRevista Ideele\" width=\"492\" height=\"269\" \/><\/p>\n<div style=\"text-align: justify;\">\n<div><\/div>\n<div>Todos los elementos que nos conforman, de los que est\u00e1n constituidos todos los seres vivos de la Tierra (posiblemente de otros muchos mundos tambi\u00e9n), han sido elaborados en \u201clas entra\u00f1as\u201d de las estrellas, que mediante la fusi\u00f3n nuclear han transformado el elemento m\u00e1s sencillo (Hidr\u00f3gen0), en otros que, como el Carbono, son esenciales para la vida.<\/div>\n<\/div>\n<div><\/div>\n<div><\/div>\n<div style=\"text-align: justify;\">\n<p>\u00a0 \u00a0 \u00a0 \u00a0 \u00a0 \u00a0 \u00a0 \u00a0 \u00a0 \u00a0 \u00a0 \u00a0 \u00a0 \u00a0 \u00a0<img decoding=\"async\" loading=\"lazy\" id=\"imagenprincipal\" title=\"WISE: Nebulosas Coraz\u00f3n y Alma en Infrarrojo\" src=\"http:\/\/antwrp.gsfc.nasa.gov\/apod\/image\/1006\/heartsoul_wise.jpg\" alt=\"WISE: Nebulosas Coraz\u00f3n y Alma en Infrarrojo\" width=\"630\" height=\"447\" \/><\/p>\n<p>&nbsp;<\/p>\n<p><strong>\u201c\u00bfEst\u00e1 el Coraz\u00f3n y el Alma de nuestra Galaxia localizadas en Casiopea?<\/strong> Posiblemente no, pero ah\u00ed es donde dos brillantes nebulosa de emisi\u00f3n apodadas Coraz\u00f3n y Alma descansan. La Nebulosa del Coraz\u00f3n, oficialmente catalogada como IC 1805 y visible en la parte superior derecha, tiene una forma en luz visible que nos recuerda a un cl\u00e1sico s\u00edmbolo de un coraz\u00f3n. La imagen de arriba, sin embargo , fue realizada en luz infrarroja por el recientemente lanzado telescopio WISE. La luz infrarroja penetra bien dentro de las enormes y complejas burbujas creadas por la formaci\u00f3n estelar en el interior de estas dos regiones de formaci\u00f3n de estrellas.<\/p>\n<p>Los estudios de estrellas y polvo como \u00e9stos encontrados en las Nebulosas Coraz\u00f3n y Alma se han focalizado en c\u00f3mo se forman las estrellas masivas y c\u00f3mo les afecta su entorno. La luz tarda unos 6.000 a\u00f1os en llegarnos desde estas nebulosas, que juntas abarcan unos 300 a\u00f1os luz.\u201d (APOD)<\/p>\n<p>&nbsp;<\/p>\n<p><img decoding=\"async\" src=\"https:\/\/i.pinimg.com\/originals\/4d\/c0\/42\/4dc0428d440ada9e83cf3f13dd30f4d4.jpg\" alt=\"Nombre de los brazos m\u00e1s importantes de la V\u00eda L\u00e1ctea | Nebulosas, V\u00eda  lactea, Galaxia\" \/><\/p>\n<p>&nbsp;<\/p>\n<p>Ubicadas en el brazo de Perseo de nuestra galaxia, la nebulosa <strong>Coraz\u00f3n<\/strong> (derecha) y la nebulosa <strong>Alma<\/strong> (izquierda) son muy brillantes (a pesar de eso es necesario un telescopio para verlas) en una regi\u00f3n de la galaxia donde muchas estrellas se est\u00e1n formando.<strong> IC 1805 (la nebulosa Coraz\u00f3n)<\/strong> es a menudo llamada tambi\u00e9n como la nebulosa del<strong><em>Perro Corriendo<\/em><\/strong>, debido obviamente a la apariencia de la nebulosa vista desde un telescopio.<\/p>\n<p>&nbsp;<\/p>\n<p><img decoding=\"async\" loading=\"lazy\" class=\"\" src=\"https:\/\/concepto.de\/wp-content\/uploads\/2023\/01\/cinturon-de-orion-constelacion-estrellas.jpg\" alt=\"Cintur\u00f3n de Ori\u00f3n - Concepto, caracter\u00edsticas y estrellas\" width=\"660\" height=\"330\" \/><\/p>\n<p><strong>\u00a0 \u00a0 \u00a0 \u00a0 \u00a0 \u00a0 \u00a0 \u00a0 \u00a0 \u00a0 El Cintur\u00f3n de Ori\u00f3n, formado por las tres estrellas Alnitak, Alnilam y Mintaka<\/strong><\/p>\n<p>&nbsp;<\/p>\n<p>Es curioso que, mirando en la oscura noche como brillan las estrellas del cielo, nos atrae su titilar enga\u00f1oso (es la atm\u00f3sfera terrestre la que hace que lo parezca) y su brillo, Sin embargo, pocos llegan a pensar en lo que verdaderamente est\u00e1 all\u00ed ocurriendo. Las transformaciones de fase por fusi\u00f3n no cesan. Esta transformaci\u00f3n de materia en energ\u00eda es consecuencia de la equivalencia materia-energ\u00eda, enunciada por Albert\u00a0<a href=\"http:\/\/www.emiliosilveravazquez.com\/blog\/2014\/08\/02\/#\"><a href=\"#\" onclick=\"referencia('einstein',event); return false;\">Einstein<\/a><\/a>\u00a0en su famosa f\u00f3rmula\u00a0<strong>E=mc<sup>2<\/sup><\/strong>; donde E es la energ\u00eda resultante, m es la masa transformada en energ\u00eda, y c es la velocidad de la luz (300 000 kil\u00f3metros por segundo). La cantidad de energ\u00eda que se libera en los procesos de fusi\u00f3n termonuclear es fabulosa. Un gramo de materia transformado \u00edntegramente en energ\u00eda bastar\u00eda para satisfacer los requerimientos energ\u00e9ticos de una familia mediana durante miles de a\u00f1os.<\/p>\n<p>&nbsp;<\/p>\n<p><img decoding=\"async\" loading=\"lazy\" id=\"irc_mi\" src=\"http:\/\/evangelismomundial.com\/wp-content\/uploads\/2012\/06\/familia-permaneciendo-en-Cristo.jpg\" alt=\"\" width=\"580\" height=\"387\" \/><\/p>\n<p><strong>Aqu\u00ed est\u00e1 la \u00fanica fuerza que une a la Humanidad, es el aliciente y la energ\u00eda para seguir adelante<\/strong><\/p>\n<\/div>\n<p>&nbsp;<\/p>\n<p><img decoding=\"async\" src=\"https:\/\/upload.wikimedia.org\/wikipedia\/commons\/thumb\/c\/c9\/Sirius_A_and_B_artwork.jpg\/300px-Sirius_A_and_B_artwork.jpg\" alt=\"CONSTELACION_ORION_Egipto_Sothis_ana_vazquez_hoys_\" \/><\/p>\n<div style=\"text-align: justify;\">\n<blockquote><p><strong>Imagen de Sirio A (estrella grande) y Sirio B (estrella peque\u00f1a abajo a la izquierda) tomadas por el Telescopio\u00a0<a href=\"http:\/\/www.emiliosilveravazquez.com\/blog\/2014\/08\/02\/#\"><a href=\"#\" onclick=\"referencia('hubble',event); return false;\">Hubble<\/a><\/a>\u00a0(Cr\u00e9d. NASA). <\/strong><\/p><\/blockquote>\n<p>Sirio es la quinta estrella m\u00e1s cercana y tiene una edad de 300, millones de a\u00f1os. Es una estrella blanca de la secuencia principal de tipo espectral A1V con temperatura superficial de 10 000 K y situada a 8,6 a\u00f1os luz de la Tierra. Es una estrella binaria y, de ella, podr\u00edamos contar muchas historias. La estrella fue importante en las vidas de Civilizaciones pasadas como, por ejemplo, la egipcia.<\/p>\n<p>&nbsp;<\/p>\n<p><img decoding=\"async\" loading=\"lazy\" class=\"\" src=\"https:\/\/quinto-poder.mx\/u\/fotografias\/m\/2023\/6\/5\/f768x1-45555_45682_70.jpg\" alt=\"Telescopio James Webb encuentra estrellas masivas del Universo primitivo |  Quinto Poder\" width=\"520\" height=\"496\" \/><\/p>\n<p>&nbsp;<\/p>\n<p>Lo que conocemos como estrella es una bola de gas luminosa que, durante una etapa de su vida, produce energ\u00eda por la fusi\u00f3n nuclear del hidr\u00f3geno en helio. El t\u00e9rmino estrella, por tanto, no s\u00f3lo incluye estrellas como el Sol, que est\u00e1n en la actualidad quemando hidr\u00f3geno, sino tambi\u00e9n\u00a0<a href=\"http:\/\/www.emiliosilveravazquez.com\/blog\/2014\/08\/02\/#\"><a href=\"#\" onclick=\"referencia('protoestrella',event); return false;\">protoestrella<\/a><\/a>s, a\u00fan en formaci\u00f3n y no lo suficientemente calientes como para que dicha combusti\u00f3n nuclear haya comenzado, y tambi\u00e9n varios tipos de objetos m\u00e1s evolucionados como estrellas gigantes y supergigantes, que est\u00e1n quemando otros combustibles nucleares, o las enanas blancas y las estrellas nucleares, que est\u00e1n formadas por combustible nuclear gastado.<\/p>\n<p>&nbsp;<\/p>\n<p><img decoding=\"async\" loading=\"lazy\" title=\"En el centro de la Nebulosa del Coraz\u00f3n \u00bfQu\u00e9 poderes\" src=\"http:\/\/antwrp.gsfc.nasa.gov\/apod\/image\/0412\/ic1805_cfht.jpg\" alt=\"En el centro de la Nebulosa del Coraz\u00f3n \u00bfQu\u00e9 poderes\" width=\"640\" height=\"480\" \/><\/p>\n<p><strong>Seguimos en la Nebulosa del Coraz\u00f3n (otra regi\u00f3n) donde se aglomeran las estrellas masivas<\/strong><\/p>\n<p>Las estrellas se forman a partir de enormes nubes de gas y polvo que a veces tienen hasta a\u00f1os-luz de di\u00e1metro. Las mol\u00e9culas de polvo, unidas a las de los gases, se rozan y se ionizan, se calientan y la nube comienza a girar lentamente. El enorme conglomerado, poco a poco se va juntando y la temperatura aumenta. Tal enormidad de materia crea una fuerza gravitatoria que hace contraerse la nube sobre s\u00ed misma; su di\u00e1metro y su temperatura en el n\u00facleo es tal que se produce la fusi\u00f3n de los\u00a0<a href=\"http:\/\/www.emiliosilveravazquez.com\/blog\/2013\/06\/15\/ano-internacional-de-la-astronomia-en-espana-aia-iya2009-9\/#\">protones<\/a>\u00a0de hidr\u00f3geno que se transforman en un material m\u00e1s complejo, el helio, y ese es el momento en que nace la estrella que, a partir de ah\u00ed, puede estar miles de millones de a\u00f1os brillando y produciendo energ\u00eda termonuclear.<\/p>\n<\/div>\n<p>&nbsp;<\/p>\n<p><img decoding=\"async\" loading=\"lazy\" class=\"\" src=\"https:\/\/pbs.twimg.com\/media\/EJMq9OdUEAElEFW.jpg\" alt=\"Mars Society Argentina on X: &quot;Que pasa si comparamos al Sol con otras otras  estrellas conocidas? Sirius la estrella mas cercana al Sol queda a 8.7 a\u00f1os  luz de distancia, tiene un\" width=\"655\" height=\"589\" \/><\/p>\n<p>&nbsp;<\/p>\n<div style=\"text-align: justify;\">\n<p>La masa m\u00e1xima de las estrellas puede rondar las 200\/250 masas solares, es decir, ser 200 veces mayor que nuestro Sol, y por encima de este l\u00edmite ser\u00eda destruida por la enorme potencia de su propia radiaci\u00f3n. La masa m\u00ednima para poder ser una estrella se fija en 0\u201908 masas solares; por debajo de ella, los objetos no ser\u00edan lo suficientemente calientes en sus n\u00facleos como para que comience la combusti\u00f3n del hidr\u00f3geno y se convertir\u00edan en enanas marrones. Las luminosidades de las estrellas var\u00edan desde alrededor de medio mill\u00f3n de veces la luminosidad del Sol para las m\u00e1s calientes hasta menos de la mil\u00e9sima de la del Sol para las enanas m\u00e1s d\u00e9biles. Aunque las estrellas m\u00e1s prominentes visibles a simple vista son m\u00e1s luminosas que el Sol, la mayor\u00eda de las estrellas son en realidad m\u00e1s d\u00e9biles que \u00e9ste y, por tanto, imperceptibles a simple vista.<\/p>\n<p>&nbsp;<\/p>\n<p><img decoding=\"async\" loading=\"lazy\" id=\"irc_mi\" src=\"http:\/\/1.bp.blogspot.com\/-o0oG7ADEpsQ\/UYEyg7pu-YI\/AAAAAAAAKb0\/0cfDE-qZHpQ\/s1600\/sirius-z.jpg\" alt=\"\" width=\"400\" height=\"257\" \/><\/p>\n<p><strong>\u00a0 \u00a0 \u00a0 \u00a0 \u00a0 \u00a0La estrella Sirio es la m\u00e1s brillante y tiene el doble de tama\u00f1o que nuestro Sol<\/strong><\/p>\n<p>&nbsp;<\/p>\n<p><img decoding=\"async\" loading=\"lazy\" id=\"irc_mi\" class=\"\" src=\"http:\/\/bitacoradegalileo.files.wordpress.com\/2011\/02\/keyhole_noao_big.jpg\" alt=\"\" width=\"719\" height=\"479\" \/><\/p>\n<p>&nbsp;<\/p>\n<blockquote><p><strong>Eta Carinae\u00a0 (NGC 3372) tiene 400 veces el di\u00e1metro del Sol inmersa en esa Nebulosa que la esconde dentro del gas y el polvo que la misma estrella eyecta al Espacio para aliviar su tensi\u00f3n y evitar su destrucci\u00f3n.<\/strong><\/p><\/blockquote>\n<p>&nbsp;<\/p>\n<p><img decoding=\"async\" loading=\"lazy\" id=\"irc_mi\" src=\"http:\/\/images.astronet.ru\/pubd\/2003\/09\/08\/0001192817\/betelgeuse_hst_big.jpg\" alt=\"\" width=\"536\" height=\"393\" \/><\/p>\n<p><strong>Betelgeuse tiene 1.000 veces el d\u00edametro de nuestro Sol. Pero la estrella m\u00e1s grande conocida es:<\/strong><\/p>\n<p>&nbsp;<\/p>\n<p><img decoding=\"async\" loading=\"lazy\" id=\"irc_mi\" class=\"\" src=\"http:\/\/1.bp.blogspot.com\/-JR9nXKf8lCc\/UAomISfMZwI\/AAAAAAAAAW8\/Ap-ETOOkRUY\/s1600\/vy-canis-majoris+-+ilustracion+1.jpg\" alt=\"\" width=\"609\" height=\"380\" \/><\/p>\n<p><strong>VY Canis Majoris<\/strong>, supergigante roja que es aproximadamente\u00a0<strong><em>2.100<\/em><\/strong> veces m\u00e1s grande que nuestro Sol<\/p>\n<p>El brillo de las estrellas (la luz y el calor) es el resultado de la conversi\u00f3n de masa en energ\u00eda (E = mc<sup>2<\/sup>), por medio de reacciones nucleares, las enormes temperaturas de millones de grados de su n\u00facleo, hace posible que los\u00a0<a href=\"http:\/\/www.emiliosilveravazquez.com\/blog\/2013\/06\/15\/ano-internacional-de-la-astronomia-en-espana-aia-iya2009-9\/#\">protones<\/a>\u00a0de los \u00e1tomos del hidr\u00f3geno se fusionen y se conviertan en \u00e1tomos de helio. Por cada kilogramo de hidr\u00f3geno quemado de esta manera, se convierten en energ\u00eda aproximadamente siete gramos de masa. De acuerdo con la famosa ecuaci\u00f3n de\u00a0<a href=\"http:\/\/www.emiliosilveravazquez.com\/blog\/2014\/08\/02\/#\"><a href=\"#\" onclick=\"referencia('einstein',event); return false;\">Einstein<\/a><\/a>\u00a0(arriba rese\u00f1ada), los siete gramos equivalen a una energ\u00eda de 6\u20193\u00a0<strong>\u00d7\u00a0<\/strong>10<sup>14<\/sup> julios. Las reacciones nucleares no s\u00f3lo aportan la luz y el calor de las estrellas, sino que tambi\u00e9n producen elementos pesados, m\u00e1s complejos que el hidr\u00f3geno y el helio que, posteriormente, son distribuidos por el universo, cuando al final de la estrella, esta explota en supernova, lanzando sus capas exteriores al espacio que de esta forma, deja \u201csembrado\u201d de estos materiales el \u201cvac\u00edo\u201d estelar.<\/p>\n<p>&nbsp;<\/p>\n<p><img decoding=\"async\" loading=\"lazy\" id=\"irc_mi\" src=\"http:\/\/spanish.people.com.cn\/mediafile\/200712\/19\/F200712191428031362437982.jpg\" alt=\"\" width=\"400\" height=\"309\" \/><\/p>\n<p>Las estrellas pueden clasificarse de muchas maneras. Una manera es mediante su etapa evolutiva: en pre-secuencia principal, secuencia principal, gigante, supergigante, <a href=\"http:\/\/www.emiliosilveravazquez.com\/blog\/2014\/08\/02\/#\"><a href=\"#\" onclick=\"referencia('enana blanca',event); return false;\">enana blanca<\/a><\/a>, estrella de\u00a0<a href=\"http:\/\/www.emiliosilveravazquez.com\/blog\/2013\/06\/15\/ano-internacional-de-la-astronomia-en-espana-aia-iya2009-9\/#\">neutrones<\/a>\u00a0y\u00a0<a href=\"http:\/\/www.emiliosilveravazquez.com\/blog\/2014\/08\/02\/#\"><a href=\"#\" onclick=\"referencia('agujero negro',event); return false;\">agujeros negros<\/a><\/a>. Estas \u00faltimas son la consecuencia del final de sus vidas como tales estrellas, convirti\u00e9ndose en objetos estelares de una u otra clase en funci\u00f3n de sus masas originales. Estrellas como nuestro Sol, al agotar el combustible nuclear se transforman en gigantes rojas, explotan en\u00a0<a href=\"http:\/\/www.emiliosilveravazquez.com\/blog\/2013\/06\/15\/ano-internacional-de-la-astronomia-en-espana-aia-iya2009-9\/#\">novas<\/a>\u00a0y finalmente quedan como enanas blancas. Si la masa es mayor ser\u00e1n estrellas de\u00a0<a href=\"http:\/\/www.emiliosilveravazquez.com\/blog\/2013\/06\/15\/ano-internacional-de-la-astronomia-en-espana-aia-iya2009-9\/#\">neutrones<\/a>, y si a\u00fan son mayores, su final est\u00e1 en\u00a0<a href=\"http:\/\/www.emiliosilveravazquez.com\/blog\/2014\/08\/02\/#\"><a href=\"#\" onclick=\"referencia('agujero negro',event); return false;\">agujeros negros<\/a><\/a>.<\/p>\n<p>&nbsp;<\/p>\n<p><img decoding=\"async\" loading=\"lazy\" id=\"irc_mi\" src=\"http:\/\/imgur.com\/2NnJzA0.jpg\" alt=\"\" width=\"577\" height=\"393\" \/><\/p>\n<p>&nbsp;<\/p>\n<p>Nuestro Sol, nos parece un objeto enorme, grandioso que, es capaz, con su actividad de enviar a la Tierra luz y calor (radiaci\u00f3n) para que podamos vivir los seres que la pueblan. Sin embargo, a pesar de su \u201cgrandeza\u201d, la comparamos con otros objetos celestes y, desde luego, nos podemos quedar asombrados de que puedan existir cosas tan grandes como<strong>\u00a0VY Canis Majoris<\/strong>. Pod\u00e9is observar en ellas su tama\u00f1o en comparaci\u00f3n con nuestro Sol.<\/p>\n<p>El Color de las estrellas indican de qu\u00e9 materiales est\u00e1n conformadas y, as\u00ed se comprueba mediante el estudio de sus espectros.<\/p>\n<p>&nbsp;<\/p>\n<p><img decoding=\"async\" src=\"https:\/\/astro.org.sv\/wp-content\/uploads\/2020\/08\/Temperaturas-estelares.jpg\" alt=\"Temperatura de las estrellas \u2013 ASTRO\" \/><\/p>\n<p>&nbsp;<\/p>\n<p>&nbsp;<\/p>\n<ul>\n<li><strong>Color azul, como la estrella I Cephei<\/strong><\/li>\n<li><strong>Color blanco-azul, como la estrella Spica<\/strong><\/li>\n<li><strong>Color blanco, como la estrella Vega<\/strong><\/li>\n<li><strong>Color blanco-amarillo, como la estrella Proci\u00f3n<\/strong><\/li>\n<li><strong>Color amarillo, como el Sol<\/strong><\/li>\n<li><strong>Color naranja, como Arcturus<\/strong><\/li>\n<li><strong>Color rojo, como la estrella Betelgeuse.<\/strong><\/li>\n<\/ul>\n<p>&nbsp;<\/p>\n<p>Otra clasificaci\u00f3n es a partir de sus espectros, que indican su temperatura superficial. Tambi\u00e9n por el color. Otra manera es en poblaciones I, II y III, que engloban estrellas con abundancias progresivamente menores de elementos pesados, indicando paulatinamente una mayor edad. Tambi\u00e9n evoluci\u00f3n estelar y magnitudes aparentes y absolutas y el tipo espectral con la distancia en a. L., es otra de las clasificaciones.<\/p>\n<p>&nbsp;<\/p>\n<p><img decoding=\"async\" src=\"https:\/\/docs.kde.org\/trunk5\/es\/kstars\/kstars\/star_colors.png\" alt=\"Colores y temperaturas de las estrellas\" \/><\/p>\n<p>&nbsp;<\/p>\n<p>Despu\u00e9s de estas clasificaciones gen\u00e9ricas tenemos otras mas particulares y definidas referidas a estrellas binarias, estrellas capullo, con baja velocidad, con envoltura, con exceso de ultravioleta, de alta velocidad, de baja luminosidad, de baja masa, de bario, de\u00a0<a href=\"http:\/\/www.emiliosilveravazquez.com\/blog\/2013\/06\/15\/ano-internacional-de-la-astronomia-en-espana-aia-iya2009-9\/#\">bariones<\/a>, de campo, de carbono, de circonio, de estroncio, de helio, estrella de la poblaci\u00f3n I extrema, de la poblaci\u00f3n intermedia, de la rama gigante asint\u00f3tica, estrella de litio, de manganeso, de manganeso-mercurio y, viceversa, estrella de metales pesados, de\u00a0<a href=\"http:\/\/www.emiliosilveravazquez.com\/blog\/2013\/06\/15\/ano-internacional-de-la-astronomia-en-espana-aia-iya2009-9\/#\">neutrones<\/a>, estrellas de\u00a0<a href=\"http:\/\/www.emiliosilveravazquez.com\/blog\/2013\/06\/15\/ano-internacional-de-la-astronomia-en-espana-aia-iya2009-9\/#\">quarks<\/a>\u00a0(hipot\u00e9tica con densidad intermedia entre la estrella de\u00a0<a href=\"http:\/\/www.emiliosilveravazquez.com\/blog\/2013\/06\/15\/ano-internacional-de-la-astronomia-en-espana-aia-iya2009-9\/#\">neutrones<\/a>\u00a0y el\u00a0<a href=\"http:\/\/www.emiliosilveravazquez.com\/blog\/2014\/08\/02\/#\"><a href=\"#\" onclick=\"referencia('agujero negro',event); return false;\">agujero negro<\/a><\/a>), estrella de referencia, de silicio, de tecnecio, de tiempo intermedio, de tipo tard\u00edo, de tipo temprano, estrella del polo, estrella doble, estrella enana, est\u00e1ndar, evolucionada, etc.<\/p>\n<p>La luz proveniente de la superficie caliente del Sol pasa a trav\u00e9s de la atm\u00f3sfera solar m\u00e1s fr\u00eda, es absorbida en parte, por eso llega a nosotros presentando las caracter\u00edsticas l\u00edneas oscuras en su espectro. Las l\u00edneas oscuras del espectro del sol coinciden con l\u00edneas de los espectros de algunos elementos y revelan la presencia de estos elementos en la superficie solar. Las longitudes de onda de las radiaciones se indican en nan\u00f3metros (nm).<\/p>\n<p>&nbsp;<\/p>\n<h1>El Sol<\/h1>\n<p>&nbsp;<\/p>\n<p><img decoding=\"async\" loading=\"lazy\" src=\"https:\/\/encrypted-tbn1.gstatic.com\/images?q=tbn:ANd9GcRT4IrXhwvMkSGl9G7Jwo8ZRfB86qCtrh4kRtmaN9uFc1M9BwYumw\" alt=\"\" width=\"595\" height=\"390\" \/><\/p>\n<p><strong>\u00a0 \u00a0 \u00a0 \u00a0 \u00a0 Aunque es una estrella peque\u00f1a, el Sol contiene el 99% de la masa del sistema solar<\/strong><\/p>\n<p>Imponentes protuberancias que surgen de las reacciones solares y que llegan hasta la Tierra en forma de part\u00edculas muy energ\u00e9ticas produciendo las Auroras Boreales y da\u00f1ando los ingenios tecnol\u00f3gicos que, en el espacio, vigilan el clima, las comunicaciones, ect.<\/p>\n<h5>De qu\u00e9 est\u00e1 hecho el Sol<\/h5>\n<p>&nbsp;<\/p>\n<p><img decoding=\"async\" src=\"https:\/\/www.quimitube.com\/wp-content\/uploads\/2012\/09\/espectro-solar-discontinuo.png\" alt=\"El espectro solar y el elemento extraterrestre: el helio | Quimitube\" \/><\/p>\n<p>&nbsp;<\/p>\n<blockquote><p><strong>L\u00edneas de Fraunhofer en el espectro solar y sus longitudes de onda en nan\u00f3metros (milmillon\u00e9simas de metro)<\/strong><\/p><\/blockquote>\n<p>La posici\u00f3n e intensidad de las l\u00edneas oscuras del espectro solar han permitido establecer que casi las tres cuartas partes de la masa del Sol son hidr\u00f3geno, el elemento m\u00e1s simple. Casi todo el resto es helio, el segundo elemento m\u00e1s simple. En suma, entre hidr\u00f3geno y helio suman alrededor del 98 por ciento de la masa solar. El 2% restante est\u00e1 compuesto, aproximadamente, por la siguiente proporci\u00f3n de elementos: 0,8% de ox\u00edgeno, 0,6% de carbono, 0,2% de ne\u00f3n, 0,15% de nitr\u00f3geno, 0,05% de magnesio, y, en menor porcentaje a\u00fan, hierro, sodio y silicio.<\/p>\n<p>La composici\u00f3n qu\u00edmica de una estrella var\u00eda seg\u00fan la generaci\u00f3n a la que pertenezca. Cu\u00e1nto m\u00e1s antigua sea, m\u00e1s baja ser\u00e1 su metalicidad. Al inicio de su vida una estrella similar al Sol contiene aproximadamente 75% de hidr\u00f3geno y 23% de helio. El 2% restante lo forman elementos m\u00e1s pesados, aportados por estrellas que finalizaron su ciclo antes que ella. Estos porcentajes son en masa; en volumen, la relaci\u00f3n es 90% de hidr\u00f3geno y 10% de helio.<\/p>\n<p>En la V\u00eda L\u00e1ctea las estrellas se clasifican seg\u00fan su riqueza en metales en dos grandes grupos. Las que tienen una cierta abundancia se denominan de la poblaci\u00f3n I, mientras que las estrellas pobres en metales forman parte de la poblaci\u00f3n II. Normalmente la metalicidad est\u00e1 directamente relacionada con la edad de la estrella. A m\u00e1s elementos pesados, m\u00e1s vieja es la estrella.<\/p>\n<p>&nbsp;<\/p>\n<p><img decoding=\"async\" loading=\"lazy\" src=\"http:\/\/animalderuta.files.wordpress.com\/2010\/10\/188091main_d-protoplanetary-082907-5161.jpg\" alt=\"http:\/\/animalderuta.files.wordpress.com\/2010\/10\/188091main_d-protoplanetary-082907-5161.jpg\" width=\"516\" height=\"387\" \/><\/p>\n<p>Un equipo japones de astr\u00f3nomos han descubierto una fuerte correlaci\u00f3n entre la metalicidad del disco de polvo\u00a0<strong>protoplanetario<\/strong>\u00a0y su longevidad. A partir de \u00e9ste hallazgo proponen que las estrellas de baja metalicidad son menos propensas a tener planetas, incluyendo gigantes gaseosos, debido a la corta vida de los discos\u00a0<strong>protoplanetarios<\/strong>.<\/p>\n<p>La composici\u00f3n de una estrella evoluciona a lo largo de su ciclo, aumentando su contenido en elementos pesados en detrimento del hidr\u00f3geno, sobre todo. Sin embargo, las estrellas s\u00f3lo queman un 10% de su masa inicial, por lo que globalmente su metalicidad no aumenta mucho. Adem\u00e1s, las reacciones nucleares s\u00f3lo se dan en las regiones centrales de la estrella. Este es el motivo por el que cuando se analiza el espectro de una estrella lo que se observa es, en la mayor\u00eda de los casos, la composici\u00f3n que ten\u00eda cuando se form\u00f3. En algunas estrellas poco masivas los movimientos de convecci\u00f3n penetran mucho en el interior, llegando a mezclar material procesado con el original. Entonces se puede observar incluso en la superficie parte de ese material procesado. La estrella presenta, en esos casos, una composici\u00f3n superficial con m\u00e1s metales.<\/p>\n<p>&nbsp;<\/p>\n<p><img decoding=\"async\" src=\"https:\/\/lh4.googleusercontent.com\/-eqxKi8xfbqw\/UAlUSh6sliI\/AAAAAAAABOE\/_m0uou5p50o\/s550\/Diagrama%2520Hertzsprung-Russell_blogodisea.jpg\" alt=\"\" \/><\/p>\n<p>&nbsp;<\/p>\n<p>La variedad de estrellas es grande y para los estudiosos fascinantes. Tal diversidad es debida a la evoluci\u00f3n que desde su formaci\u00f3n tiene cada tipo de estrella en funci\u00f3n de su masa y de los gases y polvo c\u00f3smico que la forman y los que se crean en su n\u00facleo (horno solar) a miles de millones de grados de temperatura capaces de transformar materiales simples como el hidr\u00f3geno hacia una gama m\u00e1s compleja y pesada que, finalmente, mediante la explosi\u00f3n de supernova (m\u00e1s temperatura), arroja al espacio materiales que, a su vez, forman nuevas estrellas de 2\u00aa y 3\u00aa generaci\u00f3n con materiales complejos. La vida en nuestro planeta pudo surgir gracias a que en la Tierra hab\u00eda abundancia de estos materiales creados en las estrellas. Podemos decir, sin temor a equivocarnos que nosotros mismos estamos hechos del material creado en las estrellas lejanas que posiblemente, hace miles de millones de a\u00f1os explot\u00f3 en supernova a millones de a\u00f1os luz de nuestro Sistema Solar.<\/p>\n<p>&nbsp;<\/p>\n<p>&nbsp;<\/p>\n<p align=\"center\"><a href=\"https:\/\/www.sciencenews.org\/article\/units-measure-are-getting-fundamental-upgrade\"><img decoding=\"async\" title=\"111216 constants units diagram 730\" src=\"http:\/\/img.microsiervos.com\/images2016\/111216_constants_units-diagram_730.png\" alt=\"111216 constants units diagram 730\" width=\"80%\" \/><\/a><\/p>\n<p>&nbsp;<\/p>\n<p>&nbsp;<\/p>\n<p>Las siete constantes que en el\u00a0<a href=\"https:\/\/es.wikipedia.org\/wiki\/Sistema_Internacional_de_Unidades\">Sistema Internacional de Unidades<\/a>\u00a0definen las magnitudes f\u00edsicas b\u00e1sicas (longitud, masa, tiempo\u2026)\u00a0<strong>se \u00abactualizar\u00e1n\u00bb a partir de 2018<\/strong>\u00a0para fijar a\u00fan m\u00e1s sus valores y de paso redefinir cu\u00e1l es su relaci\u00f3n de cara a obtener otras unidades derivadas.<\/p>\n<p>Pero el Universo se rige por lo que llamamos las Fuerzas y Constantes Fundamentales de la Naturaleza, tenemos que decir que, precisamente, estas constantes son las que tienen el m\u00e9rito de que las estrellas brillen en las galaxias y de que nosotros estemos aqu\u00ed para mirar a los cielos y contemplar su belleza.<\/p>\n<p>Las constantes fundamentales (constantes universales) est\u00e1n referidas a los par\u00e1metros que no cambian a lo largo del universo. La carga de un\u00a0<a href=\"http:\/\/www.emiliosilveravazquez.com\/blog\/2013\/06\/15\/ano-internacional-de-la-astronomia-en-espana-aia-iya2009-9\/#\">electr\u00f3n<\/a>, la velocidad de la luz en el espacio vac\u00edo, la\u00a0<a href=\"http:\/\/www.emiliosilveravazquez.com\/blog\/2014\/08\/02\/#\"><a href=\"#\" onclick=\"referencia('planck constante de',event); return false;\">constante de Planck<\/a><\/a>, la constante gravitacional, la constante el\u00e9ctrica y magn\u00e9tica se piensa que son todos ejemplos de constantes fundamentales.<\/p>\n<p>&nbsp;<\/p>\n<p><img decoding=\"async\" title=\"mundobrana\" src=\"http:\/\/www.emiliosilveravazquez.com\/blog\/wp-content\/uploads\/2008\/07\/mundobrana.jpg\" alt=\"\" border=\"0\" \/><\/p>\n<p>&nbsp;<\/p>\n<p>Las fuerzas de la naturaleza que gobiernan la electricidad, el magnetismo, la\u00a0<a href=\"http:\/\/www.emiliosilveravazquez.com\/blog\/2014\/08\/02\/#\"><a href=\"#\" onclick=\"referencia('radiactividad',event); return false;\">radiactividad<\/a><\/a> y las reacciones nucleares est\u00e1n confinadas a un <strong>\u201cmundo-brana<\/strong>\u201d tridimensional, mientras que la gravedad act\u00faa en todas las dimensiones y es consecuentemente m\u00e1s d\u00e9bil.<\/p>\n<p>&nbsp;<\/p>\n<p><strong>Las fuerzas fundamentales<\/strong><\/p>\n<p>&nbsp;<\/p>\n<table border=\"1\" cellspacing=\"0\" cellpadding=\"0\">\n<tbody>\n<tr>\n<td width=\"132\">\n<p align=\"center\"><strong>Tipo de Fuerza<\/strong><\/p>\n<\/td>\n<td width=\"84\">\n<p align=\"center\"><strong>Alcance en m<\/strong><\/p>\n<\/td>\n<td width=\"62\">\n<p align=\"center\"><strong>Fuerza relativa<\/strong><\/p>\n<\/td>\n<td width=\"190\">\n<p align=\"center\"><strong>Funci\u00f3n<\/strong><\/p>\n<\/td>\n<\/tr>\n<tr>\n<td width=\"132\">Nuclear fuerte<\/td>\n<td width=\"84\">\n<p align=\"center\">&lt;3\u00d710<sup>-15<\/sup><\/p>\n<\/td>\n<td width=\"62\">\n<p align=\"center\">10<sup>41<\/sup><\/p>\n<\/td>\n<td width=\"190\"><em>Une Protones y Neutrones en el n\u00facleo at\u00f3mico por medio de Gluones.<\/em><\/td>\n<\/tr>\n<tr>\n<td width=\"132\">Nuclear d\u00e9bil<\/td>\n<td width=\"84\">\n<p align=\"center\">&lt; 10<sup>-15<\/sup><\/p>\n<\/td>\n<td width=\"62\">\n<p align=\"center\">10<sup>28<\/sup><\/p>\n<\/td>\n<td width=\"190\"><em>Es responsable de la energ\u00eda radiactiva producida de manera natural. Portadoras W y Z<sup>&#8211;<\/sup><\/em><\/td>\n<\/tr>\n<tr>\n<td width=\"132\">Electromagnetismo<\/td>\n<td width=\"84\">\n<p align=\"center\">Infinito<\/p>\n<\/td>\n<td width=\"62\">\n<p align=\"center\">10<sup>39<\/sup><\/p>\n<\/td>\n<td width=\"190\"><em>Une los \u00e1tomos para formar mol\u00e9culas; propaga la luz y las ondas de radio y otras formas de energ\u00edas el\u00e9ctricas y magn\u00e9ticas por medio de los\u00a0<a href=\"http:\/\/www.emiliosilveravazquez.com\/blog\/2014\/08\/02\/#\"><a href=\"#\" onclick=\"referencia('foton',event); return false;\">fotones<\/a><\/a>.<\/em><\/td>\n<\/tr>\n<tr>\n<td width=\"132\">Gravitaci\u00f3n<\/td>\n<td width=\"84\">\n<p align=\"center\">Infinito<\/p>\n<\/td>\n<td width=\"62\">\n<p align=\"center\">1<\/p>\n<\/td>\n<td width=\"190\"><em>Mantiene unidos los planetas del Sistema Solar, las estrellas en las galaxias y, nuestros pies pegados a la superficie de la Tierra. La\u00a0<em>transporta el\u00a0<a href=\"http:\/\/www.emiliosilveravazquez.com\/blog\/2014\/08\/02\/#\"><a href=\"#\" onclick=\"referencia('graviton',event); return false;\">gravit\u00f3n<\/a><\/a>.<\/em><\/em><\/td>\n<\/tr>\n<\/tbody>\n<\/table>\n<p><strong>Bueno, el hipot\u00e9tico Gravit\u00f3n no encontrado hasta el momento<\/strong><\/p>\n<p><i>Y<\/i><\/p>\n<p><strong>Las constantes fundamentales<\/strong><\/p>\n<p><strong>\u00a0<\/strong><\/p>\n<table border=\"1\" cellspacing=\"0\" cellpadding=\"0\">\n<tbody>\n<tr>\n<td width=\"192\">\n<p align=\"center\"><strong>Constante<\/strong><\/p>\n<\/td>\n<td width=\"81\">\n<p align=\"center\"><strong>S\u00edmbolo<\/strong><\/p>\n<\/td>\n<td width=\"183\">\n<p align=\"center\"><strong>Valor en unidades del\u00a0<a href=\"http:\/\/www.emiliosilveravazquez.com\/blog\/2014\/08\/02\/#\"><a href=\"#\" onclick=\"referencia('unidades del si',event); return false;\">SI<\/a><\/a><\/strong><\/p>\n<\/td>\n<\/tr>\n<tr>\n<td width=\"192\"><em>Aceleraci\u00f3n en ca\u00edda libre<\/em><\/td>\n<td width=\"81\">\n<p align=\"center\"><em>g<\/em><\/p>\n<\/td>\n<td width=\"183\">\n<p align=\"right\"><em>9,80665 m<\/em><em>\u00a0s<sup>-2<\/sup><\/em><\/p>\n<\/td>\n<\/tr>\n<tr>\n<td width=\"192\"><em>Carga del electr\u00f3n<\/em><\/td>\n<td width=\"81\">\n<p align=\"center\"><em>e<\/em><\/p>\n<\/td>\n<td width=\"183\">\n<p align=\"right\"><em>1,60217733(49)\u00a0<strong>\u00d7\u00a0<\/strong>10<sup>-19 C<\/sup><\/em><\/p>\n<\/td>\n<\/tr>\n<tr>\n<td width=\"192\"><em>Constante de Avogadro<\/em><\/td>\n<td width=\"81\">\n<p align=\"center\"><em>N<sub>A<\/sub><\/em><\/p>\n<\/td>\n<td width=\"183\">\n<p align=\"right\"><em>6,0221367 (36)\u00a0<strong>\u00d7\u00a0<\/strong>10<sup>23\u00a0<\/sup>mol<sup>-1<\/sup><\/em><\/p>\n<\/td>\n<\/tr>\n<tr>\n<td width=\"192\"><em>Constante de Boltzmann<\/em><\/td>\n<td width=\"81\">\n<p align=\"center\"><em>K=R\/N<sub>A<\/sub><\/em><\/p>\n<\/td>\n<td width=\"183\">\n<p align=\"right\"><em>1,380658 (12)\u00a0<strong>\u00d7\u00a0<\/strong>10<sup>-23\u00a0<\/sup>J K<sup>-1<\/sup><\/em><\/p>\n<\/td>\n<\/tr>\n<tr>\n<td width=\"192\"><em>Constante de Faraday<\/em><\/td>\n<td width=\"81\">\n<p align=\"center\"><em>F<\/em><\/p>\n<\/td>\n<td width=\"183\">\n<p align=\"right\"><em>9,6485309 (29)<strong>\u00a0\u00d7\u00a0<\/strong>10<sup>4\u00a0<\/sup>C mol<sup>-1<\/sup><\/em><\/p>\n<\/td>\n<\/tr>\n<tr>\n<td width=\"192\"><em>Constante de los gases<\/em><\/td>\n<td width=\"81\">\n<p align=\"center\"><em>R<\/em><\/p>\n<\/td>\n<td width=\"183\">\n<p align=\"right\"><em>8,314510 (70)<strong>\u00a0\u00d7\u00a0<\/strong>J K<sup>-1<\/sup>\u00a0mol<sup>-1<\/sup><\/em><\/p>\n<\/td>\n<\/tr>\n<tr>\n<td width=\"192\"><em>Constante de Loschmidt<\/em><\/td>\n<td width=\"81\">\n<p align=\"center\"><em>N<sub>L<\/sub><\/em><\/p>\n<\/td>\n<td width=\"183\">\n<p align=\"right\"><em>2,686763 (23)\u00a0<strong>\u00d7\u00a0<\/strong>10<sup>25\u00a0<\/sup>mol<sup>-3<\/sup><\/em><\/p>\n<\/td>\n<\/tr>\n<tr>\n<td width=\"192\"><em><a href=\"http:\/\/www.emiliosilveravazquez.com\/blog\/2014\/08\/02\/#\"><a href=\"#\" onclick=\"referencia('planck constante de',event); return false;\">Constante de Planck<\/a><\/a><\/em><\/td>\n<td width=\"81\">\n<p align=\"center\"><em>h<\/em><\/p>\n<\/td>\n<td width=\"183\">\n<p align=\"right\"><em>6,6260755 (40)<strong>\u00a0\u00d7\u00a0<\/strong>10<sup>-34\u00a0<\/sup>J s<\/em><\/p>\n<\/td>\n<\/tr>\n<tr>\n<td width=\"192\"><em>Constante de Stefan-Boltzmann<\/em><\/td>\n<td width=\"81\">\n<p align=\"center\"><em>\u03c3<\/em><\/p>\n<\/td>\n<td width=\"183\">\n<p align=\"right\"><em>5,67051 (19)<strong>\u00a0\u00d7\u00a0<\/strong>10<sup>-8\u00a0<\/sup>Wm<sup>-2\u00a0<\/sup>K<sup>-4<\/sup><\/em><\/p>\n<\/td>\n<\/tr>\n<tr>\n<td width=\"192\"><em>Constante el\u00e9ctrica<\/em><\/td>\n<td width=\"81\">\n<p align=\"center\"><em>\u03b5<sub>0<\/sub><\/em><\/p>\n<\/td>\n<td width=\"183\">\n<p align=\"right\"><em>8,854187817\u00a0<strong>\u00d7\u00a0<\/strong>10<sup>-12 F m-1<\/sup><\/em><\/p>\n<\/td>\n<\/tr>\n<tr>\n<td width=\"192\"><em>Constante gravitacional<\/em><\/td>\n<td width=\"81\">\n<p align=\"center\"><em>G<\/em><\/p>\n<\/td>\n<td width=\"183\">\n<p align=\"right\"><em>6,67259 (85)<strong>\u00a0\u00d7\u00a0<\/strong>10<sup>-11 m3\u00a0<\/sup>Kg<sup>-1\u00a0<\/sup>s<sup>-2<\/sup><\/em><\/p>\n<\/td>\n<\/tr>\n<tr>\n<td width=\"192\"><em>Constante magn\u00e9tica<\/em><\/td>\n<td width=\"81\">\n<p align=\"center\"><em>\u03bc<sub>0<\/sub><\/em><\/p>\n<\/td>\n<td width=\"183\">\n<p align=\"right\"><em>4\u03c0\u00a0<strong>\u00d7\u00a0<\/strong>10<sup>-7\u00a0<\/sup>Hm<sup>-1<\/sup><\/em><\/p>\n<\/td>\n<\/tr>\n<tr>\n<td width=\"192\"><em>Masa en reposo del\u00a0<a href=\"http:\/\/www.emiliosilveravazquez.com\/blog\/2013\/06\/15\/ano-internacional-de-la-astronomia-en-espana-aia-iya2009-9\/#\">electr\u00f3n<\/a><\/em><\/td>\n<td width=\"81\">\n<p align=\"center\"><em>m<sub>e<\/sub><\/em><\/p>\n<\/td>\n<td width=\"183\">\n<p align=\"right\"><em>9,1093897 (54)<strong>\u00a0\u00d7\u00a0<\/strong>10<sup>-31 Kg<\/sup><\/em><\/p>\n<\/td>\n<\/tr>\n<tr>\n<td width=\"192\"><em>Masa en reposo del\u00a0<a href=\"http:\/\/www.emiliosilveravazquez.com\/blog\/2014\/08\/02\/#\"><a href=\"#\" onclick=\"referencia('neutron',event); return false;\">neutr\u00f3n<\/a><\/a><\/em><\/td>\n<td width=\"81\">\n<p align=\"center\"><em>m<sub>n<\/sub><\/em><\/p>\n<\/td>\n<td width=\"183\">\n<p align=\"right\"><em>1,6749286 (10)<strong>\u00a0\u00d7\u00a0<\/strong>10<sup>-27 Kg<\/sup><\/em><\/p>\n<\/td>\n<\/tr>\n<tr>\n<td width=\"192\"><em>Masa en reposo del\u00a0<a href=\"http:\/\/www.emiliosilveravazquez.com\/blog\/2014\/08\/02\/#\"><a href=\"#\" onclick=\"referencia('proton',event); return false;\">prot\u00f3n<\/a><\/a><\/em><\/td>\n<td width=\"81\">\n<p align=\"center\"><em>m<sub>p<\/sub><\/em><\/p>\n<\/td>\n<td width=\"183\">\n<p align=\"right\"><em>1,6726231 (10)<strong>\u00a0\u00d7\u00a0<\/strong>10<sup>-27 Kg<\/sup><\/em><\/p>\n<\/td>\n<\/tr>\n<tr>\n<td width=\"192\"><em>Velocidad de la luz<\/em><\/td>\n<td width=\"81\">\n<p align=\"center\"><em>c<\/em><\/p>\n<\/td>\n<td width=\"183\">\n<p align=\"right\"><em>2,99792458<strong>\u00d7\u00a0<\/strong>10<sup>8\u00a0<\/sup>m s<sup>-1<\/sup><\/em><\/p>\n<p align=\"right\">\n<\/td>\n<\/tr>\n<tr>\n<td width=\"192\"><em>Constante de estructura fina<\/em><\/td>\n<td width=\"81\">\n<p align=\"center\"><em>\u03b1<\/em><\/p>\n<\/td>\n<td width=\"183\">\n<p align=\"right\"><em>2 \u03c0 e<sup>2<\/sup>\/h c<\/em><\/p>\n<\/td>\n<\/tr>\n<\/tbody>\n<\/table>\n<p>&nbsp;<\/p>\n<\/div>\n<div>\n<p style=\"text-align: justify;\">Unas pueden ser m\u00e1s constantes naturales que otras, pero lo cierto es que, de momento, han servido como herramientas eficaces.<\/p>\n<p>&nbsp;<\/p>\n<p style=\"text-align: justify;\">\u00a0 \u00a0 \u00a0 \u00a0 \u00a0 \u00a0 \u00a0 \u00a0 \u00a0 \u00a0 \u00a0 \u00a0 \u00a0 \u00a0 \u00a0 \u00a0 \u00a0 \u00a0 \u00a0 \u00a0 \u00a0 \u00a0 \u00a0 \u00a0 \u00a0 \u00a0 \u00a0 \u00a0 \u00a0 \u00a0 \u00a0 \u00a0 \u00a0 \u00a0 \u00a0 \u00a0 \u00a0<img decoding=\"async\" loading=\"lazy\" id=\"irc_mi\" src=\"http:\/\/opfocus.org\/content\/v15\/s8\/opfocus_v15_s8_p1_250.jpg\" alt=\"\" width=\"250\" height=\"250\" \/><\/p>\n<p>&nbsp;<\/p>\n<p style=\"text-align: justify;\">La \u00faltima lecci\u00f3n importante que aprendemos de la manera en que n\u00fameros puros como \u03b1 (alfa) definen el mundo, es el verdadero significado de que los mundos sean diferentes. El n\u00famero puro que llamamos constante de estructura fina, e indicamos con \u03b1, es como hemos dicho antes, una combinaci\u00f3n de\u00a0<em>e<\/em>,\u00a0<em>c<\/em>\u00a0y\u00a0<em>h<\/em>(el\u00a0<a href=\"http:\/\/www.emiliosilveravazquez.com\/blog\/2013\/06\/15\/ano-internacional-de-la-astronomia-en-espana-aia-iya2009-9\/#\">electr\u00f3n<\/a>, la velocidad de la luz y la\u00a0<a href=\"http:\/\/www.emiliosilveravazquez.com\/blog\/2014\/08\/02\/#\"><a href=\"#\" onclick=\"referencia('planck constante de',event); return false;\">constante de Planck<\/a><\/a>). Inicialmente, podr\u00edamos estar tentados a pensar que un mundo en el que la velocidad de la luz fuera m\u00e1s lenta ser\u00eda un mundo diferente. Pero ser\u00eda un error. Si\u00a0<em>e<\/em>,\u00a0<em>h<\/em>\u00a0y\u00a0<em>c<\/em>\u00a0cambian de modo que los valores que tienen en unidades m\u00e9tricas (o cualesquiera otras) fueran diferentes cuando las buscamos en nuestras tablas de constantes f\u00edsicas, pero el valor de \u03b1 permaneciera igual; este nuevo mundo ser\u00eda observacionalmente indistinguible de nuestro mundo. Lo \u00fanico que cuenta en la definici\u00f3n del mundo son los valores de las\u00a0<strong>constantes adimensionales de la naturaleza<\/strong>.<\/p>\n<p style=\"text-align: justify;\">\u00a0<img decoding=\"async\" src=\"http:\/\/www.tecnologiahechapalabra.com\/img_noticias\/@old\/%7B771129DD-BF1E-479D-9FED-1CA8234CFDFD%7D_astrobiology-400.jpg\" alt=\"\" align=\"middle\" border=\"1\" hspace=\"2\" vspace=\"1\" \/><\/p>\n<p style=\"text-align: justify;\">Si pudi\u00e9ramos coger una Gran Nave super-lum\u00ednica y recorri\u00e9ramos el espacio interestelar paseando por las distintas regiones del Universo, ver\u00edamos que, todo es igual en todas partes: C\u00famulos y superc\u00famulos de Galaxias, Galaxias cuajadas de estrellas en c\u00famulos y sueltas con sus sistemas planetarios, <a href=\"http:\/\/www.emiliosilveravazquez.com\/blog\/2014\/08\/02\/#\"><a href=\"#\" onclick=\"referencia('pulsar',event); return false;\">p\u00falsares<\/a><\/a> de giros alucinantes, magn\u00e9tars creando inmensos capos electromagn\u00e9ticos, <a href=\"http:\/\/www.emiliosilveravazquez.com\/blog\/2014\/08\/02\/#\"><a href=\"#\" onclick=\"referencia('agujero negro',event); return false;\">agujeros negros<\/a><\/a> que se tragan todo lo que traspasa el Horizonte de sucesos, Hermosas y brillantes Nebulosas de las que surgen las nuevas estrellas.<\/p>\n<p>&nbsp;<\/p>\n<p style=\"text-align: justify;\"><img decoding=\"async\" loading=\"lazy\" src=\"http:\/\/www.islamreligion.com\/articles_es\/images\/spa.Fine-Tuning_of_the_Universe_%28part_2_of_8%29_DONE._001.jpg\" alt=\"Resultado de imagen de Las fuerzas y constantes son las mismas por todo el Universo\" width=\"304\" height=\"208\" \/><\/p>\n<p>&nbsp;<\/p>\n<p style=\"text-align: justify;\">El Universo tiene un equilibrio arm\u00f3nico debido a que las fuerzas y constantes son las mismas en todas sus regiones por muy alejadas que \u00e9stas se puedan encontrar.<\/p>\n<p style=\"text-align: justify;\">Est\u00e1 claro que pensar siquiera en que en nuestro universo, dependiendo de la regi\u00f3n en la que nos encontremos, habr\u00e1 distintos leyes f\u00edsicas, ser\u00eda pensar en un universo chapuza. Lo sensato es pensar como\u00a0<a href=\"http:\/\/www.emiliosilveravazquez.com\/blog\/2014\/08\/02\/#\"><a href=\"#\" onclick=\"referencia('einstein',event); return false;\">Einstein<\/a><\/a>\u00a0y creer que en cualquier parte del universo rigen las mismas leyes f\u00edsicas, hasta que no se encuentre pruebas reales a favor de lo contrario, los cient\u00edficos suponen con prudencia que, sea cual fueren las causas responsables de las pautas que llamamos \u201cLeyes de la Naturaleza\u201d, es mucho m\u00e1s inteligente adoptar la creencia de la igualdad f\u00edsica en cualquier parte de nuestro universo por muy remota que se encuentre; los elementos primordiales que lo formaron fueron siempre los mismos,<\/p>\n<p style=\"text-align: justify;\">Cuando los f\u00edsicos empezaron a apreciar el papel de las constantes en el dominio cu\u00e1ntico y explotar la nueva teor\u00eda de la gravedad de\u00a0<a href=\"http:\/\/www.emiliosilveravazquez.com\/blog\/2014\/08\/02\/#\"><a href=\"#\" onclick=\"referencia('einstein',event); return false;\">Einstein<\/a><\/a>\u00a0para describir el universo en conjunto, las circunstancias eran las adecuadas para que alguien tratara de casarlas.<\/p>\n<p>&nbsp;<\/p>\n<p style=\"text-align: justify;\">\u00a0<img decoding=\"async\" loading=\"lazy\" src=\"http:\/\/lh3.ggpht.com\/_wV2euar7NzE\/TKUipFEd7XI\/AAAAAAAACyo\/pPWAf0SPnD0\/s800\/universo5.jpg\" alt=\"\" width=\"480\" height=\"300\" \/><\/p>\n<p>&nbsp;<\/p>\n<p style=\"text-align: justify;\">S\u00ed, el Universo podr\u00eda ser considerado como la mayor Obra de Arte que, a su vez, es capaz de generar otras Obras de Artes que, en alguna ocasi\u00f3n, dan mucho que pensar, ya que, el surgir de la vida partiendo del simple hidr\u00f3geno que evoluciona en las estrellas del cielo\u2026es \u00a1Incre\u00edble! pero, sin embargo, nada m\u00e1s cierto hay.<\/p>\n<p style=\"text-align: justify;\">As\u00ed entr\u00f3 en escena Arthur Stanley Eddington: un extraordinario cient\u00edfico que hab\u00eda sido el primero en descubrir c\u00f3mo se alimentaban las estrellas a partir de reacciones nucleares. Tambi\u00e9n hizo importantes contribuciones a nuestra comprensi\u00f3n de las galaxias, escribi\u00f3 la primera exposici\u00f3n sistem\u00e1tica de la teor\u00eda de la\u00a0<a href=\"http:\/\/www.emiliosilveravazquez.com\/blog\/2014\/08\/02\/#\"><a href=\"#\" onclick=\"referencia('relatividad',event); return false;\">relatividad<\/a><\/a>\u00a0general de\u00a0<a href=\"http:\/\/www.emiliosilveravazquez.com\/blog\/2014\/08\/02\/#\"><a href=\"#\" onclick=\"referencia('einstein',event); return false;\">Einstein<\/a><\/a>\u00a0y fue el responsable de la expedici\u00f3n que durante un eclipse de Sol, pudo confirmar con certeza la predicci\u00f3n de la\u00a0<a href=\"http:\/\/www.emiliosilveravazquez.com\/blog\/2014\/08\/02\/#\"><a href=\"#\" onclick=\"referencia('relatividad',event); return false;\">relatividad<\/a><\/a>\u00a0general que deber\u00eda desviar la luz estelar que ven\u00eda hacia la Tierra en aproximadamente 1\u201975 segundos de arco cuando pasaba cerca de la superficie solar, cuyo espacio estar\u00eda curvado debido a la gravedad generada por la masa del Sol. En aquella expedici\u00f3n, el equipo de Eddington hizo una exitosa medici\u00f3n del fen\u00f3meno desde la isla Pr\u00edncipe, que confirm\u00f3 que\u00a0<a href=\"http:\/\/www.emiliosilveravazquez.com\/blog\/2014\/08\/02\/#\"><a href=\"#\" onclick=\"referencia('einstein',event); return false;\">Einstein<\/a><\/a> ten\u00eda raz\u00f3n y que su teor\u00eda predec\u00eda de manera exacta la medida de curvatura del espacio en funci\u00f3n de la masa del objeto estelar que genera la gravitaci\u00f3n distorsionando el espacio-tiempo a su alrededor.<\/p>\n<p style=\"text-align: justify;\"><em>emilio silvera<\/em><\/p>\n<\/div>\n<div class='bookmark'>\r\n\t\t<table align='left' border='0' cellpadding='0' width='100%'>\r\n\t\t<tr><td><span class='pushbutton'><a href='http:\/\/delicious.com\/post?url=https%3A%2F%2Fwww.emiliosilveravazquez.com%2Fblog%2F2017%2F08%2F17%2Fsin-las-estrellas%25e2%2580%25a6-%25c2%25a1no-estariamos-aqui-2%2F&amp;title=Sin+las+estrellas%E2%80%A6+%C2%A1No+estar%C3%ADamos+aqu%C3%AD%21' title='Delicious' target='_blank' rel='nofollow'><img src='https:\/\/www.emiliosilveravazquez.com\/blog\/wp-content\/plugins\/knxdt-bookmarks-wordpress-plugin\/images\/delicious.png'  alt='' class='book_img' border='none' style='margin:1px; padding: 0;'  \/><\/a><\/span><span class='pushbutton'><a href='http:\/\/digg.com\/submit?url=https%3A%2F%2Fwww.emiliosilveravazquez.com%2Fblog%2F2017%2F08%2F17%2Fsin-las-estrellas%25e2%2580%25a6-%25c2%25a1no-estariamos-aqui-2%2F&amp;title=Sin+las+estrellas%E2%80%A6+%C2%A1No+estar%C3%ADamos+aqu%C3%AD%21' title='Digg' target='_blank' rel='nofollow'><img src='https:\/\/www.emiliosilveravazquez.com\/blog\/wp-content\/plugins\/knxdt-bookmarks-wordpress-plugin\/images\/digg.png'  alt='' class='book_img' border='none' style='margin:1px; padding: 0;'  \/><\/a><\/span><span class='pushbutton'><a href='http:\/\/www.google.com\/bookmarks\/mark?op=edit&amp;bkmk=https%3A%2F%2Fwww.emiliosilveravazquez.com%2Fblog%2F2017%2F08%2F17%2Fsin-las-estrellas%25e2%2580%25a6-%25c2%25a1no-estariamos-aqui-2%2F&amp;title=Sin+las+estrellas%E2%80%A6+%C2%A1No+estar%C3%ADamos+aqu%C3%AD%21' title='Google' target='_blank' rel='nofollow'><img src='https:\/\/www.emiliosilveravazquez.com\/blog\/wp-content\/plugins\/knxdt-bookmarks-wordpress-plugin\/images\/google.png'   alt='' class='book_img' border='none' style='margin:1px; padding: 0;'  \/><\/a><\/span><span class='pushbutton'><a href='http:\/\/myweb2.search.yahoo.com\/myresults\/bookmarklet?u=https%3A%2F%2Fwww.emiliosilveravazquez.com%2Fblog%2F2017%2F08%2F17%2Fsin-las-estrellas%25e2%2580%25a6-%25c2%25a1no-estariamos-aqui-2%2F&amp;t=Sin+las+estrellas%E2%80%A6+%C2%A1No+estar%C3%ADamos+aqu%C3%AD%21' title='Yahoo' target='_blank' rel='nofollow'><img src='https:\/\/www.emiliosilveravazquez.com\/blog\/wp-content\/plugins\/knxdt-bookmarks-wordpress-plugin\/images\/yahoo.png'  alt='' class='book_img' border='none' style='margin:1px; padding: 0;'  \/><\/a><\/span><span class='pushbutton'><a href='http:\/\/www.technorati.com\/faves?add=https%3A%2F%2Fwww.emiliosilveravazquez.com%2Fblog%2F2017%2F08%2F17%2Fsin-las-estrellas%25e2%2580%25a6-%25c2%25a1no-estariamos-aqui-2%2F' title='Technorati' target='_blank' rel='nofollow'><img src='https:\/\/www.emiliosilveravazquez.com\/blog\/wp-content\/plugins\/knxdt-bookmarks-wordpress-plugin\/images\/technorati.png'  alt='' class='book_img' border='none' style='margin:1px; padding: 0;'  \/><\/a><\/span><span class='pushbutton'><a href='http:\/\/meneame.net\/submit.php?url=https%3A%2F%2Fwww.emiliosilveravazquez.com%2Fblog%2F2017%2F08%2F17%2Fsin-las-estrellas%25e2%2580%25a6-%25c2%25a1no-estariamos-aqui-2%2F' title='Meneame' target='_blank' rel='nofollow'><img src='https:\/\/www.emiliosilveravazquez.com\/blog\/wp-content\/plugins\/knxdt-bookmarks-wordpress-plugin\/images\/meneame.png'  alt='' class='book_img' border='none' style='margin:1px; padding: 0;'  \/><\/a><\/span><span class='pushbutton'><a href='http:\/\/enchilame.com\/submit.php?url=https:\/\/www.emiliosilveravazquez.com\/blog\/2017\/08\/17\/sin-las-estrellas%e2%80%a6-%c2%a1no-estariamos-aqui-2\/' target='_blank' rel='nofollow'><img title='Enchilame' src='https:\/\/www.emiliosilveravazquez.com\/blog\/wp-content\/plugins\/knxdt-bookmarks-wordpress-plugin\/images\/enchilame.png'  alt='' class='book_img' border='none' style='margin:1px; padding: 0;'  \/><\/a><\/span><span class='pushbutton'><a href='http:\/\/www.blinklist.com\/index.php?Action=Blink\/addblink.php&amp;Description=&amp;Url=https%3A%2F%2Fwww.emiliosilveravazquez.com%2Fblog%2F2017%2F08%2F17%2Fsin-las-estrellas%25e2%2580%25a6-%25c2%25a1no-estariamos-aqui-2%2F&amp;title=Sin+las+estrellas%E2%80%A6+%C2%A1No+estar%C3%ADamos+aqu%C3%AD%21' title='BlinkList' target='_blank' rel='nofollow'><img src='https:\/\/www.emiliosilveravazquez.com\/blog\/wp-content\/plugins\/knxdt-bookmarks-wordpress-plugin\/images\/blinklist.png'  alt='' class='book_img' border='none' style='margin:1px; padding: 0;'  \/><\/a><\/span><span class='pushbutton'><a href='http:\/\/reddit.com\/submit?url=https%3A%2F%2Fwww.emiliosilveravazquez.com%2Fblog%2F2017%2F08%2F17%2Fsin-las-estrellas%25e2%2580%25a6-%25c2%25a1no-estariamos-aqui-2%2F&amp;title=Sin+las+estrellas%E2%80%A6+%C2%A1No+estar%C3%ADamos+aqu%C3%AD%21' title='Reddit' target='_blank' rel='nofollow'><img src='https:\/\/www.emiliosilveravazquez.com\/blog\/wp-content\/plugins\/knxdt-bookmarks-wordpress-plugin\/images\/reddit.png'  alt='' class='book_img' border='none' style='margin:1px; padding: 0;'  \/><\/a><\/span><span class='pushbutton'><a href='http:\/\/www.tecnologiadiaria.com\/2009\/07\/abrir-com-hotmail-correo.html' target='_blank' title='hotmail'><img src='https:\/\/www.emiliosilveravazquez.com\/blog\/wp-content\/plugins\/knxdt-bookmarks-wordpress-plugin\/images\/linklove.png' alt='hotmail correo' class='book_img' border='none' style='margin:1px; padding: 0;' \/><\/a><\/span><span class='pushbutton'><a href='http:\/\/bitacoras.com\/votar\/anotacion\/externo\/mini\/www.emiliosilveravazquez.com\/blog\/2017\/08\/17\/sin-las-estrellas%e2%80%a6-%c2%a1no-estariamos-aqui-2\/' title='Bitacoras.com' target='_blank' rel='nofollow'><img src='https:\/\/www.emiliosilveravazquez.com\/blog\/wp-content\/plugins\/knxdt-bookmarks-wordpress-plugin\/images\/bitacoras.png'  alt='' class='book_img' border='none' style='margin:1px; padding: 0;'  \/><\/a><\/span><span class='pushbutton'><a href='http:\/\/www.wikio.es\/vote?url=https%3A%2F%2Fwww.emiliosilveravazquez.com%2Fblog%2F2017%2F08%2F17%2Fsin-las-estrellas%25e2%2580%25a6-%25c2%25a1no-estariamos-aqui-2%2F' title='Wikio' target='_blank' rel='nofollow'><img src='https:\/\/www.emiliosilveravazquez.com\/blog\/wp-content\/plugins\/knxdt-bookmarks-wordpress-plugin\/images\/wikio.png'   alt='' class='book_img' border='none' style='margin:1px; padding: 0;'   \/><\/a><\/span><span class='pushbutton'><a href='http:\/\/friendfeed.com\/?url=https%3A%2F%2Fwww.emiliosilveravazquez.com%2Fblog%2F2017%2F08%2F17%2Fsin-las-estrellas%25e2%2580%25a6-%25c2%25a1no-estariamos-aqui-2%2F&amp;title=Sin+las+estrellas%E2%80%A6+%C2%A1No+estar%C3%ADamos+aqu%C3%AD%21' title='Friend Feed' target='_blank' rel='nofollow'><img src='https:\/\/www.emiliosilveravazquez.com\/blog\/wp-content\/plugins\/knxdt-bookmarks-wordpress-plugin\/images\/friendfeed.png'  alt='' class='book_img' border='none' style='margin:1px; padding: 0;'  \/><\/a><\/span><span class='pushbutton'><a href='http:\/\/www.facebook.com\/share.php?u=https%3A%2F%2Fwww.emiliosilveravazquez.com%2Fblog%2F2017%2F08%2F17%2Fsin-las-estrellas%25e2%2580%25a6-%25c2%25a1no-estariamos-aqui-2%2F&amp;t=Sin+las+estrellas%E2%80%A6+%C2%A1No+estar%C3%ADamos+aqu%C3%AD%21' title='Facebook' target='_blank' rel='nofollow'><img src='https:\/\/www.emiliosilveravazquez.com\/blog\/wp-content\/plugins\/knxdt-bookmarks-wordpress-plugin\/images\/facebook.png'  alt='' class='book_img' border='none' style='margin:1px; padding: 0;'  \/><\/a><\/span><span class='pushbutton'><a href='http:\/\/twitter.com\/home?status=Sin+las+estrellas%E2%80%A6+%C2%A1No+estar%C3%ADamos+aqu%C3%AD%21: https%3A%2F%2Fwww.emiliosilveravazquez.com%2Fblog%2F2017%2F08%2F17%2Fsin-las-estrellas%25e2%2580%25a6-%25c2%25a1no-estariamos-aqui-2%2F' title='Twitter' target='_blank' rel='nofollow'><img src='https:\/\/www.emiliosilveravazquez.com\/blog\/wp-content\/plugins\/knxdt-bookmarks-wordpress-plugin\/images\/twitter.png'  alt='' class='book_img' border='none' style='margin:1px; padding: 0;'  \/><\/a><\/span><span class='pushbutton'><a href='http:\/\/www.feedburner.com\/fb\/a\/emailFlare?itemTitle=Sin+las+estrellas%E2%80%A6+%C2%A1No+estar%C3%ADamos+aqu%C3%AD%21&amp;uri=https%3A%2F%2Fwww.emiliosilveravazquez.com%2Fblog%2F2017%2F08%2F17%2Fsin-las-estrellas%25e2%2580%25a6-%25c2%25a1no-estariamos-aqui-2%2F' title='Enviar por Email' target='_blank' rel='nofollow'><img src='https:\/\/www.emiliosilveravazquez.com\/blog\/wp-content\/plugins\/knxdt-bookmarks-wordpress-plugin\/images\/email.png'  alt='' class='book_img' border='none' style='margin:1px; padding: 0;'  \/><\/a><\/span><span style='font-weight:bold; padding-left: 5px;'><a href='http:\/\/wordpress.org\/extend\/plugins\/knxdt-bookmarks-wordpress-plugin\/' title='Plugin' rel='nofollow' target='_blank'>[?]<\/a><\/span><\/td><\/tr><\/table><br\/><br\/><\/div>","protected":false},"excerpt":{"rendered":"<p>\u00a0 \u00a0 \u00a0 \u00a0 \u00a0 \u00a0 \u00a0 \u00a0 \u00a0 \u00a0 \u00a0 \u00a0 \u00a0 \u00a0 \u00a0 \u00a0 \u00a0 \u00a0 \u00a0 \u00a0 \u00a0 \u00a0 \u00a0 \u00a0 \u00a0 \u00a0 \u00a0 \u00a0 \u00a0 \u00a0 Hemos logrado determinar con precisi\u00f3n nuestros or\u00edgenes como especie mediante precisos an\u00e1lisis gen\u00e9ticos; por ejemplo, los estudios llevados a cabo sobre los genes de las [&hellip;]<\/p>\n","protected":false},"author":2,"featured_media":0,"comment_status":"open","ping_status":"open","sticky":false,"template":"","format":"standard","meta":{"_s2mail":"yes","footnotes":""},"categories":[197],"tags":[],"_links":{"self":[{"href":"https:\/\/www.emiliosilveravazquez.com\/blog\/wp-json\/wp\/v2\/posts\/18812"}],"collection":[{"href":"https:\/\/www.emiliosilveravazquez.com\/blog\/wp-json\/wp\/v2\/posts"}],"about":[{"href":"https:\/\/www.emiliosilveravazquez.com\/blog\/wp-json\/wp\/v2\/types\/post"}],"author":[{"embeddable":true,"href":"https:\/\/www.emiliosilveravazquez.com\/blog\/wp-json\/wp\/v2\/users\/2"}],"replies":[{"embeddable":true,"href":"https:\/\/www.emiliosilveravazquez.com\/blog\/wp-json\/wp\/v2\/comments?post=18812"}],"version-history":[{"count":0,"href":"https:\/\/www.emiliosilveravazquez.com\/blog\/wp-json\/wp\/v2\/posts\/18812\/revisions"}],"wp:attachment":[{"href":"https:\/\/www.emiliosilveravazquez.com\/blog\/wp-json\/wp\/v2\/media?parent=18812"}],"wp:term":[{"taxonomy":"category","embeddable":true,"href":"https:\/\/www.emiliosilveravazquez.com\/blog\/wp-json\/wp\/v2\/categories?post=18812"},{"taxonomy":"post_tag","embeddable":true,"href":"https:\/\/www.emiliosilveravazquez.com\/blog\/wp-json\/wp\/v2\/tags?post=18812"}],"curies":[{"name":"wp","href":"https:\/\/api.w.org\/{rel}","templated":true}]}}