{"id":18804,"date":"2017-08-16T06:39:00","date_gmt":"2017-08-16T05:39:00","guid":{"rendered":"http:\/\/www.emiliosilveravazquez.com\/blog\/?p=18804"},"modified":"2017-08-16T06:39:00","modified_gmt":"2017-08-16T05:39:00","slug":"seguimos-sin-saber-lo-que-la-materia-oscura-es","status":"publish","type":"post","link":"https:\/\/www.emiliosilveravazquez.com\/blog\/2017\/08\/16\/seguimos-sin-saber-lo-que-la-materia-oscura-es\/","title":{"rendered":"Seguimos sin saber, lo que la materia oscura es"},"content":{"rendered":"<p style=\"text-align: justify;\"><img decoding=\"async\" src=\"http:\/\/one.elpais.com\/wp-content\/uploads\/2017\/08\/600x600-01-2-150x150.jpg\" alt=\"Lisa Randall\" \/><\/p>\n<div style=\"text-align: justify;\">\n<h3>Lisa Randall<\/h3>\n<p>F\u00edsica te\u00f3rica. Universidad de Harvard<\/p>\n<\/div>\n<div>\n<p style=\"text-align: justify;\">Pongamos una estructura cl\u00e1sica de chiste\u2026 Van un f\u00edsico te\u00f3rico, un poeta y un cu\u00f1ado y se encuentran al doblar una esquina con un inmenso mont\u00f3n de <a href=\"#\" onclick=\"referencia('materia oscura',event); return false;\">materia oscura<\/a>. El f\u00edsico, feliz, saca l\u00e1piz y papel y comienza a formular como loco. El poeta se inspira y dice: \u201cpuedo escribir los versos m\u00e1s oscuros esta noche\u201d. Mientras el cu\u00f1ado, echa mano de su m\u00f3vil, se hace un selfie, lo sube a Instagram y publica un post \u201caqu\u00ed, con todo lo negro\u2026 #materiaoscura #misteriosdelespacio\u201d. Por una vez (y sin que sirva de precedente), el cu\u00f1ado y el f\u00edsico te\u00f3rico est\u00e1n igual de acertados porque nadie ha podido hasta ahora describir con precisi\u00f3n de qu\u00e9 est\u00e1 compuesta la <a href=\"#\" onclick=\"referencia('materia oscura',event); return false;\">materia oscura<\/a>, a pesar de que seg\u00fan un reciente estudio presentado en la reuni\u00f3n anual de la American Physical Society Division of Particles and Fields, sabemos que el 26% del universo est\u00e1 compuesto por <a href=\"#\" onclick=\"referencia('materia oscura',event); return false;\">materia oscura<\/a> y que el 70% es energ\u00eda oscura. Solo el 4% restante ser\u00eda materia ordinaria, es decir, la que podemos observar y medir. En realidad, para ser m\u00e1s precisos, como aclara Lisa Randall, se trata de \u201cla estructura del universo\u201d la que \u201cest\u00e1 hecha de <a href=\"#\" onclick=\"referencia('materia oscura',event); return false;\">materia oscura<\/a>\u201d. Randall es catedr\u00e1tica de f\u00edsica te\u00f3rica de la universidad de Harvard y una de las personas que m\u00e1s aportes ha hecho sobre este tema. Se trata, adem\u00e1s de una cient\u00edfica arriesgada y original, acostumbrada a transitar caminos que muchos ni siquiera imaginan.<\/p>\n<p style=\"text-align: justify;\"><img decoding=\"async\" src=\"http:\/\/www.cronicadigital.cl\/imagenes\/noticias\/2014\/09\/materia-oscura.jpg\" alt=\"Resultado de imagen de La materia oscura\" \/><\/p>\n<p style=\"text-align: justify;\">\u00a0 \u00a0 \u00a0 \u00a0 \u00a0 \u00a0 \u00a0 \u00a0 \u00a0 \u00a0 \u00a0Todo el Universo (seg\u00fan dicen), est\u00e1 impregnado de &#8220;<a href=\"#\" onclick=\"referencia('materia oscura',event); return false;\">materia oscura<\/a>&#8221;<\/p>\n<p style=\"text-align: justify;\">Aunque no podamos verla, la existencia de la <a href=\"#\" onclick=\"referencia('materia oscura',event); return false;\">materia oscura<\/a> no es una cuesti\u00f3n de fe. Sabemos que est\u00e1 ah\u00ed (aunque sus part\u00edculas, al no absorber, reflejar o emitir luz no pueden ser observadas directamente) por los efectos que produce sobre otros objetos que s\u00ed podemos ver (como su influencia en las gravitaciones de estrellas o galaxias). El primero en formular la presencia de una materia invisible fue el astr\u00f3nomo Fritz Zwicky en 1933 y desde entonces algunas de las mentes m\u00e1s brillantes de nuestro planeta est\u00e1n empecinadas en tratar de describir con mayor precisi\u00f3n qu\u00e9 esconde esta escurridiza materia.<\/p>\n<p style=\"text-align: justify;\">Randall se ha convertido, seg\u00fan el peri\u00f3dico brit\u00e1nico The Guardian, en una \u201csuperestrella\u201d de la ciencia gracias a sus teor\u00edas. Una de ellas, formulada en su \u00faltimo libro, relaciona la extinci\u00f3n de los dinosaurios hace 66 millones de a\u00f1os con un disco de <a href=\"#\" onclick=\"referencia('materia oscura',event); return false;\">materia oscura<\/a> presente en la V\u00eda L\u00e1ctea. No se trata, por supuesto, de que a este gran enigma se le puede echar la culpa de todo (hablamos de F\u00edsica, no de pol\u00edtica). La hip\u00f3tesis de Randall est\u00e1 sustentada en observaciones realizadas por el telescopio <a href=\"#\" onclick=\"referencia('fermi',event); return false;\">Fermi<\/a> de la NASA y espera poder demostrarla gracias a los datos que est\u00e1 recogiendo el sat\u00e9lite Gaia de la Agencia Espacial Europea.<\/p>\n<p style=\"text-align: justify;\"><img decoding=\"async\" src=\"http:\/\/universitam.com\/academicos\/wp-content\/uploads\/2012\/03\/materia-oscura.jpg\" alt=\"Resultado de imagen de La materia oscura\" \/><\/p>\n<p style=\"text-align: justify;\">\u201cPodemos aprender mucho de la <a href=\"#\" onclick=\"referencia('materia oscura',event); return false;\">materia oscura<\/a>. Hay un mont\u00f3n de analog\u00edas sorprendentes acerca de la forma en que pensamos en la <a href=\"#\" onclick=\"referencia('materia oscura',event); return false;\">materia oscura<\/a> y la forma en que tratamos temas sociales o pol\u00edticos\u201d, asegura Randall; por ejemplo, \u201ctodav\u00eda tendemos a confiar m\u00e1s en lo que podemos ver directamente\u201d. Algo que es un error, puesto que lo que no vemos es mucho mayor de lo que somos capaces de observar. Una reflexi\u00f3n m\u00e1s que pertinente en estos tiempos confusos, sobre todo viniendo de alguien con la capacidad de abstracci\u00f3n de la cient\u00edfica norteamericana, quien se atreve a plantear con autoridad la posibilidad de que existan otras dimensiones en nuestro universo. Recurramos pues a una de sus analog\u00edas tomando prestadas sus palabras en el art\u00edculo que le dedic\u00f3 The Guardian: \u201c\u00bfEn qu\u00e9 deber\u00edamos gastar el dinero. \u00bfQu\u00e9 recordaremos dentro de cien a\u00f1os? \u00bfVamos a recordar que descubrimos el <a href=\"#\" onclick=\"referencia('bosones',event); return false;\">bos\u00f3n<\/a> de <a href=\"#\" onclick=\"referencia('higgs',event); return false;\">Higgs<\/a> o vamos a recordar alg\u00fan bombardeo en concreto sobre Siria?. Los gastos no son tan distintos\u201d. Y es que hay cosas que no vemos y otras que no queremos ver\u2026<\/p>\n<\/div>\n<div class='bookmark'>\r\n\t\t<table align='left' border='0' cellpadding='0' width='100%'>\r\n\t\t<tr><td><span class='pushbutton'><a href='http:\/\/delicious.com\/post?url=https%3A%2F%2Fwww.emiliosilveravazquez.com%2Fblog%2F2017%2F08%2F16%2Fseguimos-sin-saber-lo-que-la-materia-oscura-es%2F&amp;title=Seguimos+sin+saber%2C+lo+que+la+materia+oscura+es' title='Delicious' target='_blank' rel='nofollow'><img src='https:\/\/www.emiliosilveravazquez.com\/blog\/wp-content\/plugins\/knxdt-bookmarks-wordpress-plugin\/images\/delicious.png'  alt='' class='book_img' border='none' style='margin:1px; padding: 0;'  \/><\/a><\/span><span class='pushbutton'><a href='http:\/\/digg.com\/submit?url=https%3A%2F%2Fwww.emiliosilveravazquez.com%2Fblog%2F2017%2F08%2F16%2Fseguimos-sin-saber-lo-que-la-materia-oscura-es%2F&amp;title=Seguimos+sin+saber%2C+lo+que+la+materia+oscura+es' title='Digg' target='_blank' rel='nofollow'><img src='https:\/\/www.emiliosilveravazquez.com\/blog\/wp-content\/plugins\/knxdt-bookmarks-wordpress-plugin\/images\/digg.png'  alt='' class='book_img' border='none' style='margin:1px; padding: 0;'  \/><\/a><\/span><span class='pushbutton'><a href='http:\/\/www.google.com\/bookmarks\/mark?op=edit&amp;bkmk=https%3A%2F%2Fwww.emiliosilveravazquez.com%2Fblog%2F2017%2F08%2F16%2Fseguimos-sin-saber-lo-que-la-materia-oscura-es%2F&amp;title=Seguimos+sin+saber%2C+lo+que+la+materia+oscura+es' title='Google' target='_blank' rel='nofollow'><img src='https:\/\/www.emiliosilveravazquez.com\/blog\/wp-content\/plugins\/knxdt-bookmarks-wordpress-plugin\/images\/google.png'   alt='' class='book_img' border='none' style='margin:1px; padding: 0;'  \/><\/a><\/span><span class='pushbutton'><a href='http:\/\/myweb2.search.yahoo.com\/myresults\/bookmarklet?u=https%3A%2F%2Fwww.emiliosilveravazquez.com%2Fblog%2F2017%2F08%2F16%2Fseguimos-sin-saber-lo-que-la-materia-oscura-es%2F&amp;t=Seguimos+sin+saber%2C+lo+que+la+materia+oscura+es' title='Yahoo' target='_blank' rel='nofollow'><img src='https:\/\/www.emiliosilveravazquez.com\/blog\/wp-content\/plugins\/knxdt-bookmarks-wordpress-plugin\/images\/yahoo.png'  alt='' class='book_img' border='none' style='margin:1px; padding: 0;'  \/><\/a><\/span><span class='pushbutton'><a href='http:\/\/www.technorati.com\/faves?add=https%3A%2F%2Fwww.emiliosilveravazquez.com%2Fblog%2F2017%2F08%2F16%2Fseguimos-sin-saber-lo-que-la-materia-oscura-es%2F' title='Technorati' target='_blank' rel='nofollow'><img src='https:\/\/www.emiliosilveravazquez.com\/blog\/wp-content\/plugins\/knxdt-bookmarks-wordpress-plugin\/images\/technorati.png'  alt='' class='book_img' border='none' style='margin:1px; padding: 0;'  \/><\/a><\/span><span class='pushbutton'><a href='http:\/\/meneame.net\/submit.php?url=https%3A%2F%2Fwww.emiliosilveravazquez.com%2Fblog%2F2017%2F08%2F16%2Fseguimos-sin-saber-lo-que-la-materia-oscura-es%2F' title='Meneame' target='_blank' rel='nofollow'><img src='https:\/\/www.emiliosilveravazquez.com\/blog\/wp-content\/plugins\/knxdt-bookmarks-wordpress-plugin\/images\/meneame.png'  alt='' class='book_img' border='none' style='margin:1px; padding: 0;'  \/><\/a><\/span><span class='pushbutton'><a href='http:\/\/enchilame.com\/submit.php?url=https:\/\/www.emiliosilveravazquez.com\/blog\/2017\/08\/16\/seguimos-sin-saber-lo-que-la-materia-oscura-es\/' target='_blank' rel='nofollow'><img title='Enchilame' src='https:\/\/www.emiliosilveravazquez.com\/blog\/wp-content\/plugins\/knxdt-bookmarks-wordpress-plugin\/images\/enchilame.png'  alt='' class='book_img' border='none' style='margin:1px; padding: 0;'  \/><\/a><\/span><span class='pushbutton'><a href='http:\/\/www.blinklist.com\/index.php?Action=Blink\/addblink.php&amp;Description=&amp;Url=https%3A%2F%2Fwww.emiliosilveravazquez.com%2Fblog%2F2017%2F08%2F16%2Fseguimos-sin-saber-lo-que-la-materia-oscura-es%2F&amp;title=Seguimos+sin+saber%2C+lo+que+la+materia+oscura+es' title='BlinkList' target='_blank' rel='nofollow'><img src='https:\/\/www.emiliosilveravazquez.com\/blog\/wp-content\/plugins\/knxdt-bookmarks-wordpress-plugin\/images\/blinklist.png'  alt='' class='book_img' border='none' style='margin:1px; padding: 0;'  \/><\/a><\/span><span class='pushbutton'><a href='http:\/\/reddit.com\/submit?url=https%3A%2F%2Fwww.emiliosilveravazquez.com%2Fblog%2F2017%2F08%2F16%2Fseguimos-sin-saber-lo-que-la-materia-oscura-es%2F&amp;title=Seguimos+sin+saber%2C+lo+que+la+materia+oscura+es' title='Reddit' target='_blank' rel='nofollow'><img src='https:\/\/www.emiliosilveravazquez.com\/blog\/wp-content\/plugins\/knxdt-bookmarks-wordpress-plugin\/images\/reddit.png'  alt='' class='book_img' border='none' style='margin:1px; padding: 0;'  \/><\/a><\/span><span class='pushbutton'><a href='http:\/\/www.tecnologiadiaria.com\/2009\/07\/abrir-com-hotmail-correo.html' target='_blank' title='hotmail'><img src='https:\/\/www.emiliosilveravazquez.com\/blog\/wp-content\/plugins\/knxdt-bookmarks-wordpress-plugin\/images\/linklove.png' alt='hotmail correo' class='book_img' border='none' style='margin:1px; padding: 0;' \/><\/a><\/span><span class='pushbutton'><a href='http:\/\/bitacoras.com\/votar\/anotacion\/externo\/mini\/www.emiliosilveravazquez.com\/blog\/2017\/08\/16\/seguimos-sin-saber-lo-que-la-materia-oscura-es\/' title='Bitacoras.com' target='_blank' rel='nofollow'><img src='https:\/\/www.emiliosilveravazquez.com\/blog\/wp-content\/plugins\/knxdt-bookmarks-wordpress-plugin\/images\/bitacoras.png'  alt='' class='book_img' border='none' style='margin:1px; padding: 0;'  \/><\/a><\/span><span class='pushbutton'><a href='http:\/\/www.wikio.es\/vote?url=https%3A%2F%2Fwww.emiliosilveravazquez.com%2Fblog%2F2017%2F08%2F16%2Fseguimos-sin-saber-lo-que-la-materia-oscura-es%2F' title='Wikio' target='_blank' rel='nofollow'><img src='https:\/\/www.emiliosilveravazquez.com\/blog\/wp-content\/plugins\/knxdt-bookmarks-wordpress-plugin\/images\/wikio.png'   alt='' class='book_img' border='none' style='margin:1px; padding: 0;'   \/><\/a><\/span><span class='pushbutton'><a href='http:\/\/friendfeed.com\/?url=https%3A%2F%2Fwww.emiliosilveravazquez.com%2Fblog%2F2017%2F08%2F16%2Fseguimos-sin-saber-lo-que-la-materia-oscura-es%2F&amp;title=Seguimos+sin+saber%2C+lo+que+la+materia+oscura+es' title='Friend Feed' target='_blank' rel='nofollow'><img src='https:\/\/www.emiliosilveravazquez.com\/blog\/wp-content\/plugins\/knxdt-bookmarks-wordpress-plugin\/images\/friendfeed.png'  alt='' class='book_img' border='none' style='margin:1px; padding: 0;'  \/><\/a><\/span><span class='pushbutton'><a href='http:\/\/www.facebook.com\/share.php?u=https%3A%2F%2Fwww.emiliosilveravazquez.com%2Fblog%2F2017%2F08%2F16%2Fseguimos-sin-saber-lo-que-la-materia-oscura-es%2F&amp;t=Seguimos+sin+saber%2C+lo+que+la+materia+oscura+es' title='Facebook' target='_blank' rel='nofollow'><img src='https:\/\/www.emiliosilveravazquez.com\/blog\/wp-content\/plugins\/knxdt-bookmarks-wordpress-plugin\/images\/facebook.png'  alt='' class='book_img' border='none' style='margin:1px; padding: 0;'  \/><\/a><\/span><span class='pushbutton'><a href='http:\/\/twitter.com\/home?status=Seguimos+sin+saber%2C+lo+que+la+materia+oscura+es: https%3A%2F%2Fwww.emiliosilveravazquez.com%2Fblog%2F2017%2F08%2F16%2Fseguimos-sin-saber-lo-que-la-materia-oscura-es%2F' title='Twitter' target='_blank' rel='nofollow'><img src='https:\/\/www.emiliosilveravazquez.com\/blog\/wp-content\/plugins\/knxdt-bookmarks-wordpress-plugin\/images\/twitter.png'  alt='' class='book_img' border='none' style='margin:1px; padding: 0;'  \/><\/a><\/span><span class='pushbutton'><a href='http:\/\/www.feedburner.com\/fb\/a\/emailFlare?itemTitle=Seguimos+sin+saber%2C+lo+que+la+materia+oscura+es&amp;uri=https%3A%2F%2Fwww.emiliosilveravazquez.com%2Fblog%2F2017%2F08%2F16%2Fseguimos-sin-saber-lo-que-la-materia-oscura-es%2F' title='Enviar por Email' target='_blank' rel='nofollow'><img src='https:\/\/www.emiliosilveravazquez.com\/blog\/wp-content\/plugins\/knxdt-bookmarks-wordpress-plugin\/images\/email.png'  alt='' class='book_img' border='none' style='margin:1px; padding: 0;'  \/><\/a><\/span><span style='font-weight:bold; padding-left: 5px;'><a href='http:\/\/wordpress.org\/extend\/plugins\/knxdt-bookmarks-wordpress-plugin\/' title='Plugin' rel='nofollow' target='_blank'>[?]<\/a><\/span><\/td><\/tr><\/table><br\/><br\/><\/div>","protected":false},"excerpt":{"rendered":"<p>Lisa Randall F\u00edsica te\u00f3rica. Universidad de Harvard Pongamos una estructura cl\u00e1sica de chiste\u2026 Van un f\u00edsico te\u00f3rico, un poeta y un cu\u00f1ado y se encuentran al doblar una esquina con un inmenso mont\u00f3n de materia oscura. El f\u00edsico, feliz, saca l\u00e1piz y papel y comienza a formular como loco. El poeta se inspira y dice: [&hellip;]<\/p>\n","protected":false},"author":2,"featured_media":0,"comment_status":"open","ping_status":"open","sticky":false,"template":"","format":"standard","meta":{"_s2mail":"yes","footnotes":""},"categories":[427],"tags":[],"_links":{"self":[{"href":"https:\/\/www.emiliosilveravazquez.com\/blog\/wp-json\/wp\/v2\/posts\/18804"}],"collection":[{"href":"https:\/\/www.emiliosilveravazquez.com\/blog\/wp-json\/wp\/v2\/posts"}],"about":[{"href":"https:\/\/www.emiliosilveravazquez.com\/blog\/wp-json\/wp\/v2\/types\/post"}],"author":[{"embeddable":true,"href":"https:\/\/www.emiliosilveravazquez.com\/blog\/wp-json\/wp\/v2\/users\/2"}],"replies":[{"embeddable":true,"href":"https:\/\/www.emiliosilveravazquez.com\/blog\/wp-json\/wp\/v2\/comments?post=18804"}],"version-history":[{"count":0,"href":"https:\/\/www.emiliosilveravazquez.com\/blog\/wp-json\/wp\/v2\/posts\/18804\/revisions"}],"wp:attachment":[{"href":"https:\/\/www.emiliosilveravazquez.com\/blog\/wp-json\/wp\/v2\/media?parent=18804"}],"wp:term":[{"taxonomy":"category","embeddable":true,"href":"https:\/\/www.emiliosilveravazquez.com\/blog\/wp-json\/wp\/v2\/categories?post=18804"},{"taxonomy":"post_tag","embeddable":true,"href":"https:\/\/www.emiliosilveravazquez.com\/blog\/wp-json\/wp\/v2\/tags?post=18804"}],"curies":[{"name":"wp","href":"https:\/\/api.w.org\/{rel}","templated":true}]}}