{"id":17937,"date":"2017-05-05T05:23:11","date_gmt":"2017-05-05T04:23:11","guid":{"rendered":"http:\/\/www.emiliosilveravazquez.com\/blog\/?p=17937"},"modified":"2017-05-05T05:23:11","modified_gmt":"2017-05-05T04:23:11","slug":"si-todo-cambia-pero%e2%80%a6-algunos-recuerdos-perduran-5","status":"publish","type":"post","link":"https:\/\/www.emiliosilveravazquez.com\/blog\/2017\/05\/05\/si-todo-cambia-pero%e2%80%a6-algunos-recuerdos-perduran-5\/","title":{"rendered":"S\u00ed, todo cambia pero\u2026, algunos recuerdos perduran"},"content":{"rendered":"<div>\n<p style=\"text-align: justify;\"><img decoding=\"async\" loading=\"lazy\" id=\"irc_mi\" src=\"http:\/\/4.bp.blogspot.com\/-61-PLNUNKqY\/UidryLOax6I\/AAAAAAAAEWQ\/IiWOXERJqew\/s1600\/C%C3%BAmulo+de+la+nebulosa+de+Orion..jpg\" alt=\"\" width=\"470\" height=\"372\" \/><\/p>\n<p style=\"text-align: justify;\">La gran Nebulosa de Ori\u00f3n el laboratorio estelar m\u00e1s observado<\/p>\n<\/div>\n<div>\n<div style=\"text-align: justify;\">\n<h2>\u00a0 <a href=\"http:\/\/www.emiliosilveravazquez.com\/blog\/2013\/10\/03\/el-universo-asombroso-2\/\" rel=\"prev\">El Universo Asombroso<\/a><\/h2>\n<p>&nbsp;<\/p>\n<p>&nbsp;<\/p>\n<p><img decoding=\"async\" loading=\"lazy\" id=\"irc_mi\" src=\"http:\/\/www.nodo50.org\/ciencia_popular\/fotos\/vacio.jpg\" alt=\"\" width=\"557\" height=\"204\" \/><\/p>\n<p>&nbsp;<\/p>\n<p>Hasta las creencias cambian. La verdad de hoy ser\u00e1 distinta ma\u00f1ana<\/p>\n<p>&nbsp;<\/p>\n<\/div>\n<div style=\"text-align: justify;\">\n<div><a href=\"http:\/\/www.emiliosilveravazquez.com\/blog\/2013\/10\/03\/si-nuevas-teorias-nos-hablaran-de-como-es-la-naturaleza\/\" rel=\"next\">S\u00ed, nuevas Teor\u00edas nos hablar\u00e1n de c\u00f3mo es la Naturaleza<\/a> \u00bb<\/div>\n<\/div>\n<div style=\"text-align: justify;\">\n<p>&nbsp;<\/p>\n<p>&nbsp;<\/p>\n<\/div>\n<div style=\"text-align: justify;\"><img decoding=\"async\" loading=\"lazy\" id=\"irc_mi\" src=\"http:\/\/agilidadmental1.files.wordpress.com\/2010\/11\/recordar-nombres-y-rostros.jpg\" alt=\"\" width=\"306\" height=\"320\" \/><img decoding=\"async\" loading=\"lazy\" id=\"irc_mi\" src=\"http:\/\/3.bp.blogspot.com\/_jHnjzLf9Gl0\/Sqnj0h7JZPI\/AAAAAAAAAUY\/EWvDuDdFKuo\/s400\/imagenes-suenos21%5B1%5D.jpg\" alt=\"\" width=\"300\" height=\"300\" \/><\/div>\n<div>\n<div>\n<p style=\"text-align: justify;\"><strong>No es porder recordar,<\/strong><\/p>\n<p style=\"text-align: justify;\"><strong>sino todo lo contrario,<\/strong><\/p>\n<p style=\"text-align: justify;\"><strong>la condici\u00f3n necesaria para<br \/>\n<\/strong><\/p>\n<p style=\"text-align: justify;\"><strong> nuestra existencia en paz.<\/strong><\/p>\n<p style=\"text-align: justify;\"><strong>Si el recuerdo es de la amada que se fue,<\/strong><\/p>\n<p style=\"text-align: justify;\"><strong>tendremos el dolor, y, si podemos olvidar,<\/strong><\/p>\n<p style=\"text-align: justify;\"><strong>retomaremos una vida en paz.<br \/>\n<\/strong><\/p>\n<p style=\"text-align: justify;\"><strong>Sin embargo, y, a pesar de todo, yo prefiero el dolor que me trae<\/strong><\/p>\n<p style=\"text-align: justify;\"><strong>ese recuerdo feliz que no volver\u00e1,\u00a0 de otra manera, \u00bfqu\u00e9 vida ser\u00eda la m\u00eda? No ser\u00eda mi vida.<br \/>\n<\/strong><\/p>\n<p style=\"text-align: justify;\"><strong>\u00a1La Vida! amigos m\u00edos, no se nos ha regalado,<\/strong><\/p>\n<p style=\"text-align: justify;\"><strong>la vida la tenemos que pagar \u2026\u00a1De t\u00e1ntas maneras!<\/strong><\/p>\n<p style=\"text-align: justify;\">\u00a0<img decoding=\"async\" loading=\"lazy\" id=\"irc_mi\" src=\"http:\/\/3.bp.blogspot.com\/-kGOGjLogEzw\/TzUP4mjtI7I\/AAAAAAAAABo\/cw-THEk0A3U\/s760\/interculturalidad.jpg\" alt=\"\" width=\"357\" height=\"207\" \/><img decoding=\"async\" loading=\"lazy\" id=\"irc_mi\" src=\"http:\/\/www.fondos10.net\/wp-content\/uploads\/2008\/09\/planetas-1280-x-1024.jpg\" alt=\"\" width=\"491\" height=\"393\" \/><\/p>\n<p style=\"text-align: justify;\">Siempre ser\u00e1 de la misma manera. Apesar de nuestras similitudes, ninguno de nosotros seremos nunca exactamente igual a otro. Con los mundos pasa otro tanto de lo mismo, ser\u00e1n cas\u00ed iguales, coincidiran en muchos de sus par\u00e1metros, siempre tendr\u00e1n detalles grandes o peque\u00f1os que los diferenciaran a los unos de los otros. Creo que, lo \u00fanico que podemos decir que son iguales, est\u00e1 situado en el mundo microsc\u00f3pico de las part\u00edculas: dos <a href=\"http:\/\/www.emiliosilveravazquez.com\/blog\/2013\/09\/27\/las-cosas-son-como-son-y-no-de-otra-manera\/#\">protones<\/a> son exactos al igual que dos <a href=\"http:\/\/www.emiliosilveravazquez.com\/blog\/2013\/09\/27\/las-cosas-son-como-son-y-no-de-otra-manera\/#\">electrones<\/a> o dos Quarks dowm. Ni las Nebulosas ni las Galaxias son nunca de la misma manera aunque ambas, puedan contener los mismos elementos.<\/p>\n<p style=\"text-align: justify;\">El cambio es un desaf\u00edo. Vivimos en el per\u00edodo de mayor velocidad del movimiento de la historia humana. El mundo que nos rodea est\u00e1 impulsado por fuerzas que hace nuestras vidas cada vez m\u00e1s sensibles a cambios peque\u00f1os y respuestas repentinas. El desarrollo de Internet y los tent\u00e1culos de la Red Mundial nos ponen inmediatamente en contacto con ordenadores y con sus propietarios en cualquier parte del mundo. Los riesgos del progreso industrial desenfrenado han provocado da\u00f1os ecol\u00f3gicos y cambios medioambientales de los que no tenemos idea de qu\u00e9 repercuci\u00f3n futura tendr\u00e1 en el devenir del planeta y, de nosotros mismos. Todo est\u00e1 sucediendo a una velocidad que, a veces, parece que se nos puede escapar de entre los dedos de la mano, sin que nada podamos hacer por frenar&#8230;\u00a0 \u00a1tal desvar\u00edo!<\/p>\n<p style=\"text-align: justify;\"><img decoding=\"async\" loading=\"lazy\" id=\"irc_mi\" src=\"http:\/\/www.blogtelopia.com\/wp-content\/uploads\/2009\/06\/cenoteazul.jpg\" alt=\"\" width=\"500\" height=\"386\" \/><\/p>\n<p style=\"text-align: justify;\">\u00a0\u00a0\u00a0\u00a0\u00a0\u00a0\u00a0\u00a0\u00a0\u00a0\u00a0\u00a0\u00a0\u00a0\u00a0\u00a0\u00a0\u00a0\u00a0\u00a0\u00a0\u00a0\u00a0\u00a0\u00a0 Los ecosistemas no permanecen si no se cuidan<\/p>\n<p style=\"text-align: justify;\">Todo parece diferente. Hasta los ni\u00f1os parecen crecer antes y, son m\u00e1s listos a edades m\u00e1s tempranas, \u00bfd\u00f3nde qued\u00f3 aquella candidez de los ni\u00f1os? Ellos ahora, no te hacen preguntas, te corrigen. Los pol\u00edticos, para ir a la velocidad de los tiempos, cambian de signo y de alineaciones pol\u00edticas que hoy es una y ma\u00f1ana otra dependiente de sus intereses particulares (nunca de los generales que, en realidad, les importa un bledo). Incluso los seres humanos y la informaci\u00f3n que llevan incorporada se enfrentan a la intervenci\u00f3n editorial que supone la ambiciosa cirug\u00eda de sustituci\u00f3n o la reprogramaci\u00f3n de parte de nuestro c\u00f3digo gen\u00e9tico. Muchas formas de progreso se est\u00e1n acelerando y cada vez m\u00e1s fragmentos de nuestra experiencia se han entrelazado con el afan de explorar todo lo que sea posible.<\/p>\n<p style=\"text-align: justify;\"><img decoding=\"async\" loading=\"lazy\" title=\"(c) Jose B. Ruiz\" src=\"http:\/\/lh3.ggpht.com\/_gQBgxMboy5A\/TXk0N332b0I\/AAAAAAAABMM\/4S0snebKz4g\/JoseBRuiz4%5B5%5D.jpg?imgmax=800\" alt=\"(c) Jose B. Ruiz\" width=\"645\" height=\"413\" border=\"0\" \/><\/p>\n<p style=\"text-align: justify;\">En el mundo de la exploraci\u00f3n cient\u00edfica, reconocer el impacto de cambio no es tan nuevo. Hacia finales del s. XIX se habia llegado a saber que hubo un tiempo en que la Tierra y nuestro Sistema Solar no exist\u00edan; que la especie humana deb\u00eda haber cambiado en apariencia y en el promedio de su capacidad mental a lo largo de enormes per\u00edodos de tiempo; y que, en cierto sentido, amplio y general, el Universo deber\u00eda estar degrad\u00e1ndose, haci\u00e9ndose un lugar menos hospitalario y ordenado. Durante el s. XX hemos revestido de carne la imagen esquel\u00e9tica de un Universo cambiante.<\/p>\n<p style=\"text-align: justify;\">El clima y la topograf\u00eda de nuestro planeta var\u00edan continuamente, como las especies que viven en \u00e9l. Y lo m\u00e1s espectacular, hemos descubierto que todo el Universo de estrellas y galaxias est\u00e1 en un de cambio din\u00e1mico, en el que grandes c\u00famulos de galaxias se alejan unos de otros hacia un futuro que ser\u00e1 diferente del presente.<\/p>\n<p style=\"text-align: justify;\">\u00a0<img decoding=\"async\" loading=\"lazy\" id=\"irc_mi\" src=\"http:\/\/blg.mypicturetown.com\/cache\/nltQRv1WwYyQRZJI%26mqNKmxCoC-9XRGtR1Ler3lJ.0Lz8rhBBe-GWFMzAc%256%252m\/item.JPG?rot=0\" alt=\"\" width=\"582\" height=\"393\" \/><\/p>\n<p style=\"text-align: justify;\">Las galaxias se alejan unas de otras con una tasa constante, tambi\u00e9n tienen peque\u00f1as velocidades adicionales llamadas \u201cvelocidades peculiares\u201d que les permite a las galaxias direccionarse lateralmente a la expansi\u00f3n principal. En los llamados grupos locales, en los que las galaxias est\u00e1n m\u00e1s juntas, la Gravedad les impide expandirse y, al contrario de lo que ocurre en lo general, aqu\u00ed se produce en contrario, ya que cada vez est\u00e1n m\u00e1s cerca por la fuerza de atracci\u00f3n que tiende a juntarlas. Muchas im\u00e1genes hemos visto de galaxias que se juntan y ese, amigos m\u00edos, es el destino lejano de Andr\u00f3meda y la V\u00eda L\u00e1ctea.<\/p>\n<p style=\"text-align: justify;\">Hemos empezado a darnos cuenta de que vivimos en un tiempo prestado. Los sucesos astron\u00f3micos catastr\u00f3ficos son comunes; los mundos colisionan, legiones de asteroides cercan las inmediaciones de nuestro planeta, as\u00ed han sido descubiertos por la NASA. Tenemos las huellas del pasado en la superficie de la Tierra, que en el pasado, recibi\u00f3 muchas visitas exteriores en las que no siempre salieron bien paradas las especies que en aquel momento estaban presente. Un d\u00eda de estos, nuestra suerte cambiar\u00e1, el escudo que tan fortuitamente nos proporciona el enorme planeta J\u00fapiter, que guarda los confines exteriores del Sistema Solar, no ser\u00e1 suficiente para salvarnos.<\/p>\n<p style=\"text-align: justify;\">\u00a0<img decoding=\"async\" loading=\"lazy\" id=\"irc_mi\" src=\"http:\/\/xochipilli.files.wordpress.com\/2011\/04\/centro-galaxia-sagitario-a-sgra-1024x1024.jpg?w=632\" alt=\"\" width=\"393\" height=\"393\" \/><img decoding=\"async\" loading=\"lazy\" id=\"irc_mi\" src=\"http:\/\/www.esa.int\/images\/222689main_sagittariusA_20080415_H.jpg\" alt=\"\" width=\"394\" height=\"393\" \/><\/p>\n<p style=\"text-align: justify;\">Al final, incluso nuestro Sol morir\u00e1. Nuestra V\u00eda L\u00e1ctea, primero se unir\u00e1 a nuestra vecina mayor, se unir\u00e1n los dos agujeros gigantes centrales y, finalmente, toda la nueva e inmensa galaxia ser\u00e1 engullida por un enorme <a href=\"http:\/\/www.emiliosilveravazquez.com\/blog\/category\/siempre-misteriosa\/#\"><a href=\"#\" onclick=\"referencia('agujero negro',event); return false;\">agujero negro<\/a><\/a> central que, cada d\u00eda estar\u00e1 creciendo. La vida, tal como la conocemos terminar\u00e1. Los supervivientes tendr\u00e1n que haber cambiado, llegar\u00e1n mutaciones, en tal medida que, nos costar\u00eda mucho llamar humanidad a las formas de vida futuras, seg\u00fan nuestros criterios actuales. Todo cambia, nada permanece y, nosotros, si queremos seguir viviendo, debemos adaptarnos a lo que vendr\u00e1 y, como todo, debemos cambias.<\/p>\n<p style=\"text-align: justify;\">\u00bfY, nuestros recuerdos?<\/p>\n<p style=\"text-align: justify;\">Hemos reconocido los secretos simples del Caos y de la Impredecibilidad que asedian tantas partes del mundo que nos rodea. Entendemos que nuestro clima es cambiante pero no podemos predecir los cambios. Hemos apreciado las similitudes complejidades como \u00e9sta y las que emergen de los sistmas de interacci\u00f3n humana -Sociedades, econom\u00edas, ecosistemas- y, tambi\u00e9n algo hemos podido aprender del interior de la propia mente humana. Sin embargo, ninguno de esos conocimientos ser\u00e1n v\u00e1lidos para frenar el destino de una Naturaleza que convierte el Caos en creaci\u00f3n y a la creaci\u00f3n en Caos. Todo muere para que todo siga viviendo pero&#8230; \u00a1El final es inevitable!<\/p>\n<p style=\"text-align: justify;\"><img decoding=\"async\" loading=\"lazy\" src=\"https:\/\/encrypted-tbn2.gstatic.com\/images?q=tbn:ANd9GcQQczw0A3xuuiR8KYzVWiPpfTqf0YKv04k4vrYXK6nnydyZrvYQ\" alt=\"Resultado de imagen de Lo cierto es que todo cambia y nada permanece y algunos recuerdos se esfuman en nuestras mentes pero, hay algunos\u2026 \u00a1Imperecederos!\" width=\"350\" height=\"199\" \/><\/p>\n<p style=\"text-align: justify;\">\u00a0 \u00a0 \u00a0 Lo cierto es que todo cambia y nada permanece y algunos recuerdos se esfuman en nuestras mentes pero, hay algunos\u2026 \u00a1Imperecederos!<\/p>\n<p style=\"text-align: justify;\">Todas estas sorprendes complejidades tratan de convencernos de que el mundo, es como una monta\u00f1a rusa desbocada, rodando y dando bandazos; que todo lo que una vez se ha tenido por cierto podr\u00eda ser derrotado alg\u00fan d\u00eda. Algunos incluso ven semejante perspectiva como una raz\u00f3n para sospechar de la Ciencia, como si produjera unos efectos corrosivos sobre los fundamentos de la Naturaleza humana y de la certeza, como si la construcci\u00f3n del Universo f\u00edsico y el vasto esquema de las leyes\u00a0 debiera haberse establecido pensando en nuestra fragilidad <a href=\"http:\/\/www.emiliosilveravazquez.com\/blog\/category\/siempre-misteriosa\/#\"><a href=\"#\" onclick=\"referencia('psi',event); return false;\">psi<\/a><\/a>col\u00f3gica.<\/p>\n<p style=\"text-align: justify;\">Pero hay un sentido en el que todo cambio e impredecibilidad es una ilusi\u00f3n. No constituye toda la historia sobre la Naturaleza del Universo. Hay tanto un lado conservador como un lado progresista en la estructura profunda de la realidad. A pesar del cambio incesante y la din\u00e1mica del mundo visible, existen aspectos de la f\u00e1brica del Universo misteriosos en su inquebrantable constancia, Son esas misteriosas cosas invariables que hacen de nuestro universo el que es y se distingue de los otros que pudi\u00e9ramos imaginar.<\/p>\n<p style=\"text-align: justify;\"><img decoding=\"async\" loading=\"lazy\" id=\"il_fi\" src=\"http:\/\/3.bp.blogspot.com\/-tZxaYy9jkuE\/TuZi34eXzgI\/AAAAAAAABe4\/QUBm6VlJn0Y\/s1600\/Estrellas%2B0000-iatc-0000-0001-00.jpg\" alt=\"\" width=\"645\" height=\"475\" \/><\/p>\n<p style=\"text-align: justify;\">Hay un hilo dorado que teje una continuidad a trav\u00e9s del tiempo que siempre acompa\u00f1a a la Naturaleza en su devenir. Todo eso, nos lleva a esperar que ciertas cosas sean iguales en otros lugares del espacio adem\u00e1s de la Tierra, necesitamos tener, al menos, alguna esperanza y, esa igualdad, nos trae la tranquilidad de que, tambi\u00e9n all\u00ed, en auqellos remotos lugares de los confines del Cosmos, tenemos hermanos con los que, alg\u00fan d\u00eda podremos estar.<\/p>\n<p style=\"text-align: justify;\"><img decoding=\"async\" loading=\"lazy\" src=\"http:\/\/2.bp.blogspot.com\/-p9husX-kjEI\/UC2pwZIyEBI\/AAAAAAAAHWc\/_GU7h1CPE7Q\/s320\/oohs-2012-35-c-web_print+%281%29.jpg\" alt=\"Resultado de imagen de Lo cierto es que todo cambia y nada permanece y algunos recuerdos se esfuman en nuestras mentes pero, hay algunos\u2026 \u00a1Imperecederos!\" width=\"320\" height=\"320\" \/><\/p>\n<p style=\"text-align: justify;\">En todas las regiones del Universo se forman nuevas estrellas<\/p>\n<p style=\"text-align: justify;\">As\u00ed, las cosas ser\u00e1n las mismas en todas partes y, en todas partes y en otros tiempos, tambi\u00e9n pudieron pasar las cosas que aqu\u00ed pasaron; que en algunos casos, ni la historia ni la geograf\u00eda importan. De hecho, quiz\u00e1 sin un substrato semenjante de realidades invariables no podr\u00edan haber corrientes superficiales de cambio ni ninguna complejidad de mente y materia. Parece que todo lo que ha pasado ten\u00eda un fin, uno sospecha que la Nada no existe y, todo lo que surg\u00edo, lo hizo porque hab\u00eda. Pero&#8230; \u00bfDe d\u00f3nde vino?<\/p>\n<p style=\"text-align: justify;\">A veces, hacemos preguntas que sabemos de antemano que nadie podr\u00e1 nunca contestar y, sin embargo, las seguiremos haciendo. Tenemos la tendencia de inventar las respuestas para tranquilizarnos, as\u00ed surgi\u00f3 el <a href=\"#\" onclick=\"referencia('big bang',event); return false;\">Big Bang<\/a> que, de momento, es la mejor explicaci\u00f3n que pudimos encontrar para que coincidiera con la observaci\u00f3n. Claro que saber, lo que se dice saber&#8230; \u00a1No sabemos!<\/p>\n<p style=\"text-align: justify;\"><img decoding=\"async\" loading=\"lazy\" id=\"il_fi\" src=\"http:\/\/3.bp.blogspot.com\/-b21S9vWWkfE\/T157K-QzwQI\/AAAAAAAAAjU\/mTPLLU28hj4\/s1600\/Extended-Mind.jpg\" alt=\"\" width=\"540\" height=\"366\" \/><\/p>\n<p style=\"text-align: justify;\">Nuestras mentes, lo mismo que toda la materia del Universo, est\u00e1n estrechamente conectadas con la memoria del \u201cmundo\u201d en el que est\u00e1n inmersas y del que irremediablemente forman parte. El que cada una de &#8220;ellas&#8221;, <strong>Mente<\/strong> y <strong>Materia<\/strong>, est\u00e9n en determinados momentos ocupando un diferente nivel, no desvirt\u00faa que, de cualquier manera, siguen siendo la misma cosa: Quarks y Leptones que conforman un todo que deriva, por la evoluci\u00f3n natural, en pensamientos.<\/p>\n<div>\n<p style=\"text-align: justify;\">\u00bfY, nuestros recuerdos? Bueno, a pesar de que me puedan causar dolor\u2026\u00a1Yo los quiero! Son parte de mi historia, a la que no quiero renunciar.<\/p>\n<p style=\"text-align: justify;\"><em>emilio silvera<\/em><\/p>\n<\/div>\n<\/div>\n<\/div>\n<\/div>\n<div class='bookmark'>\r\n\t\t<table align='left' border='0' cellpadding='0' width='100%'>\r\n\t\t<tr><td><span class='pushbutton'><a href='http:\/\/delicious.com\/post?url=https%3A%2F%2Fwww.emiliosilveravazquez.com%2Fblog%2F2017%2F05%2F05%2Fsi-todo-cambia-pero%25e2%2580%25a6-algunos-recuerdos-perduran-5%2F&amp;title=S%C3%AD%2C+todo+cambia+pero%E2%80%A6%2C+algunos+recuerdos+perduran' title='Delicious' target='_blank' rel='nofollow'><img src='https:\/\/www.emiliosilveravazquez.com\/blog\/wp-content\/plugins\/knxdt-bookmarks-wordpress-plugin\/images\/delicious.png'  alt='' class='book_img' border='none' style='margin:1px; padding: 0;'  \/><\/a><\/span><span class='pushbutton'><a href='http:\/\/digg.com\/submit?url=https%3A%2F%2Fwww.emiliosilveravazquez.com%2Fblog%2F2017%2F05%2F05%2Fsi-todo-cambia-pero%25e2%2580%25a6-algunos-recuerdos-perduran-5%2F&amp;title=S%C3%AD%2C+todo+cambia+pero%E2%80%A6%2C+algunos+recuerdos+perduran' title='Digg' target='_blank' rel='nofollow'><img src='https:\/\/www.emiliosilveravazquez.com\/blog\/wp-content\/plugins\/knxdt-bookmarks-wordpress-plugin\/images\/digg.png'  alt='' class='book_img' border='none' style='margin:1px; padding: 0;'  \/><\/a><\/span><span class='pushbutton'><a href='http:\/\/www.google.com\/bookmarks\/mark?op=edit&amp;bkmk=https%3A%2F%2Fwww.emiliosilveravazquez.com%2Fblog%2F2017%2F05%2F05%2Fsi-todo-cambia-pero%25e2%2580%25a6-algunos-recuerdos-perduran-5%2F&amp;title=S%C3%AD%2C+todo+cambia+pero%E2%80%A6%2C+algunos+recuerdos+perduran' title='Google' target='_blank' rel='nofollow'><img src='https:\/\/www.emiliosilveravazquez.com\/blog\/wp-content\/plugins\/knxdt-bookmarks-wordpress-plugin\/images\/google.png'   alt='' class='book_img' border='none' style='margin:1px; padding: 0;'  \/><\/a><\/span><span class='pushbutton'><a href='http:\/\/myweb2.search.yahoo.com\/myresults\/bookmarklet?u=https%3A%2F%2Fwww.emiliosilveravazquez.com%2Fblog%2F2017%2F05%2F05%2Fsi-todo-cambia-pero%25e2%2580%25a6-algunos-recuerdos-perduran-5%2F&amp;t=S%C3%AD%2C+todo+cambia+pero%E2%80%A6%2C+algunos+recuerdos+perduran' title='Yahoo' target='_blank' rel='nofollow'><img src='https:\/\/www.emiliosilveravazquez.com\/blog\/wp-content\/plugins\/knxdt-bookmarks-wordpress-plugin\/images\/yahoo.png'  alt='' class='book_img' border='none' style='margin:1px; padding: 0;'  \/><\/a><\/span><span class='pushbutton'><a href='http:\/\/www.technorati.com\/faves?add=https%3A%2F%2Fwww.emiliosilveravazquez.com%2Fblog%2F2017%2F05%2F05%2Fsi-todo-cambia-pero%25e2%2580%25a6-algunos-recuerdos-perduran-5%2F' title='Technorati' target='_blank' rel='nofollow'><img src='https:\/\/www.emiliosilveravazquez.com\/blog\/wp-content\/plugins\/knxdt-bookmarks-wordpress-plugin\/images\/technorati.png'  alt='' class='book_img' border='none' style='margin:1px; padding: 0;'  \/><\/a><\/span><span class='pushbutton'><a href='http:\/\/meneame.net\/submit.php?url=https%3A%2F%2Fwww.emiliosilveravazquez.com%2Fblog%2F2017%2F05%2F05%2Fsi-todo-cambia-pero%25e2%2580%25a6-algunos-recuerdos-perduran-5%2F' title='Meneame' target='_blank' rel='nofollow'><img src='https:\/\/www.emiliosilveravazquez.com\/blog\/wp-content\/plugins\/knxdt-bookmarks-wordpress-plugin\/images\/meneame.png'  alt='' class='book_img' border='none' style='margin:1px; padding: 0;'  \/><\/a><\/span><span class='pushbutton'><a href='http:\/\/enchilame.com\/submit.php?url=https:\/\/www.emiliosilveravazquez.com\/blog\/2017\/05\/05\/si-todo-cambia-pero%e2%80%a6-algunos-recuerdos-perduran-5\/' target='_blank' rel='nofollow'><img title='Enchilame' src='https:\/\/www.emiliosilveravazquez.com\/blog\/wp-content\/plugins\/knxdt-bookmarks-wordpress-plugin\/images\/enchilame.png'  alt='' class='book_img' border='none' style='margin:1px; padding: 0;'  \/><\/a><\/span><span class='pushbutton'><a href='http:\/\/www.blinklist.com\/index.php?Action=Blink\/addblink.php&amp;Description=&amp;Url=https%3A%2F%2Fwww.emiliosilveravazquez.com%2Fblog%2F2017%2F05%2F05%2Fsi-todo-cambia-pero%25e2%2580%25a6-algunos-recuerdos-perduran-5%2F&amp;title=S%C3%AD%2C+todo+cambia+pero%E2%80%A6%2C+algunos+recuerdos+perduran' title='BlinkList' target='_blank' rel='nofollow'><img src='https:\/\/www.emiliosilveravazquez.com\/blog\/wp-content\/plugins\/knxdt-bookmarks-wordpress-plugin\/images\/blinklist.png'  alt='' class='book_img' border='none' style='margin:1px; padding: 0;'  \/><\/a><\/span><span class='pushbutton'><a href='http:\/\/reddit.com\/submit?url=https%3A%2F%2Fwww.emiliosilveravazquez.com%2Fblog%2F2017%2F05%2F05%2Fsi-todo-cambia-pero%25e2%2580%25a6-algunos-recuerdos-perduran-5%2F&amp;title=S%C3%AD%2C+todo+cambia+pero%E2%80%A6%2C+algunos+recuerdos+perduran' title='Reddit' target='_blank' rel='nofollow'><img src='https:\/\/www.emiliosilveravazquez.com\/blog\/wp-content\/plugins\/knxdt-bookmarks-wordpress-plugin\/images\/reddit.png'  alt='' class='book_img' border='none' style='margin:1px; padding: 0;'  \/><\/a><\/span><span class='pushbutton'><a href='http:\/\/www.tecnologiadiaria.com\/2009\/07\/abrir-com-hotmail-correo.html' target='_blank' title='hotmail'><img src='https:\/\/www.emiliosilveravazquez.com\/blog\/wp-content\/plugins\/knxdt-bookmarks-wordpress-plugin\/images\/linklove.png' alt='hotmail correo' class='book_img' border='none' style='margin:1px; padding: 0;' \/><\/a><\/span><span class='pushbutton'><a href='http:\/\/bitacoras.com\/votar\/anotacion\/externo\/mini\/www.emiliosilveravazquez.com\/blog\/2017\/05\/05\/si-todo-cambia-pero%e2%80%a6-algunos-recuerdos-perduran-5\/' title='Bitacoras.com' target='_blank' rel='nofollow'><img src='https:\/\/www.emiliosilveravazquez.com\/blog\/wp-content\/plugins\/knxdt-bookmarks-wordpress-plugin\/images\/bitacoras.png'  alt='' class='book_img' border='none' style='margin:1px; padding: 0;'  \/><\/a><\/span><span class='pushbutton'><a href='http:\/\/www.wikio.es\/vote?url=https%3A%2F%2Fwww.emiliosilveravazquez.com%2Fblog%2F2017%2F05%2F05%2Fsi-todo-cambia-pero%25e2%2580%25a6-algunos-recuerdos-perduran-5%2F' title='Wikio' target='_blank' rel='nofollow'><img src='https:\/\/www.emiliosilveravazquez.com\/blog\/wp-content\/plugins\/knxdt-bookmarks-wordpress-plugin\/images\/wikio.png'   alt='' class='book_img' border='none' style='margin:1px; padding: 0;'   \/><\/a><\/span><span class='pushbutton'><a href='http:\/\/friendfeed.com\/?url=https%3A%2F%2Fwww.emiliosilveravazquez.com%2Fblog%2F2017%2F05%2F05%2Fsi-todo-cambia-pero%25e2%2580%25a6-algunos-recuerdos-perduran-5%2F&amp;title=S%C3%AD%2C+todo+cambia+pero%E2%80%A6%2C+algunos+recuerdos+perduran' title='Friend Feed' target='_blank' rel='nofollow'><img src='https:\/\/www.emiliosilveravazquez.com\/blog\/wp-content\/plugins\/knxdt-bookmarks-wordpress-plugin\/images\/friendfeed.png'  alt='' class='book_img' border='none' style='margin:1px; padding: 0;'  \/><\/a><\/span><span class='pushbutton'><a href='http:\/\/www.facebook.com\/share.php?u=https%3A%2F%2Fwww.emiliosilveravazquez.com%2Fblog%2F2017%2F05%2F05%2Fsi-todo-cambia-pero%25e2%2580%25a6-algunos-recuerdos-perduran-5%2F&amp;t=S%C3%AD%2C+todo+cambia+pero%E2%80%A6%2C+algunos+recuerdos+perduran' title='Facebook' target='_blank' rel='nofollow'><img src='https:\/\/www.emiliosilveravazquez.com\/blog\/wp-content\/plugins\/knxdt-bookmarks-wordpress-plugin\/images\/facebook.png'  alt='' class='book_img' border='none' style='margin:1px; padding: 0;'  \/><\/a><\/span><span class='pushbutton'><a href='http:\/\/twitter.com\/home?status=S%C3%AD%2C+todo+cambia+pero%E2%80%A6%2C+algunos+recuerdos+perduran: https%3A%2F%2Fwww.emiliosilveravazquez.com%2Fblog%2F2017%2F05%2F05%2Fsi-todo-cambia-pero%25e2%2580%25a6-algunos-recuerdos-perduran-5%2F' title='Twitter' target='_blank' rel='nofollow'><img src='https:\/\/www.emiliosilveravazquez.com\/blog\/wp-content\/plugins\/knxdt-bookmarks-wordpress-plugin\/images\/twitter.png'  alt='' class='book_img' border='none' style='margin:1px; padding: 0;'  \/><\/a><\/span><span class='pushbutton'><a href='http:\/\/www.feedburner.com\/fb\/a\/emailFlare?itemTitle=S%C3%AD%2C+todo+cambia+pero%E2%80%A6%2C+algunos+recuerdos+perduran&amp;uri=https%3A%2F%2Fwww.emiliosilveravazquez.com%2Fblog%2F2017%2F05%2F05%2Fsi-todo-cambia-pero%25e2%2580%25a6-algunos-recuerdos-perduran-5%2F' title='Enviar por Email' target='_blank' rel='nofollow'><img src='https:\/\/www.emiliosilveravazquez.com\/blog\/wp-content\/plugins\/knxdt-bookmarks-wordpress-plugin\/images\/email.png'  alt='' class='book_img' border='none' style='margin:1px; padding: 0;'  \/><\/a><\/span><span style='font-weight:bold; padding-left: 5px;'><a href='http:\/\/wordpress.org\/extend\/plugins\/knxdt-bookmarks-wordpress-plugin\/' title='Plugin' rel='nofollow' target='_blank'>[?]<\/a><\/span><\/td><\/tr><\/table><br\/><br\/><\/div>","protected":false},"excerpt":{"rendered":"<p>La gran Nebulosa de Ori\u00f3n el laboratorio estelar m\u00e1s observado \u00a0 El Universo Asombroso &nbsp; &nbsp; &nbsp; Hasta las creencias cambian. La verdad de hoy ser\u00e1 distinta ma\u00f1ana &nbsp; S\u00ed, nuevas Teor\u00edas nos hablar\u00e1n de c\u00f3mo es la Naturaleza \u00bb &nbsp; &nbsp; No es porder recordar, sino todo lo contrario, la condici\u00f3n necesaria para nuestra [&hellip;]<\/p>\n","protected":false},"author":2,"featured_media":0,"comment_status":"open","ping_status":"open","sticky":false,"template":"","format":"standard","meta":{"_s2mail":"yes","footnotes":""},"categories":[243],"tags":[],"_links":{"self":[{"href":"https:\/\/www.emiliosilveravazquez.com\/blog\/wp-json\/wp\/v2\/posts\/17937"}],"collection":[{"href":"https:\/\/www.emiliosilveravazquez.com\/blog\/wp-json\/wp\/v2\/posts"}],"about":[{"href":"https:\/\/www.emiliosilveravazquez.com\/blog\/wp-json\/wp\/v2\/types\/post"}],"author":[{"embeddable":true,"href":"https:\/\/www.emiliosilveravazquez.com\/blog\/wp-json\/wp\/v2\/users\/2"}],"replies":[{"embeddable":true,"href":"https:\/\/www.emiliosilveravazquez.com\/blog\/wp-json\/wp\/v2\/comments?post=17937"}],"version-history":[{"count":0,"href":"https:\/\/www.emiliosilveravazquez.com\/blog\/wp-json\/wp\/v2\/posts\/17937\/revisions"}],"wp:attachment":[{"href":"https:\/\/www.emiliosilveravazquez.com\/blog\/wp-json\/wp\/v2\/media?parent=17937"}],"wp:term":[{"taxonomy":"category","embeddable":true,"href":"https:\/\/www.emiliosilveravazquez.com\/blog\/wp-json\/wp\/v2\/categories?post=17937"},{"taxonomy":"post_tag","embeddable":true,"href":"https:\/\/www.emiliosilveravazquez.com\/blog\/wp-json\/wp\/v2\/tags?post=17937"}],"curies":[{"name":"wp","href":"https:\/\/api.w.org\/{rel}","templated":true}]}}