{"id":17369,"date":"2017-03-13T05:55:07","date_gmt":"2017-03-13T04:55:07","guid":{"rendered":"http:\/\/www.emiliosilveravazquez.com\/blog\/?p=17369"},"modified":"2017-03-13T05:55:07","modified_gmt":"2017-03-13T04:55:07","slug":"vamos-hacia-el-futuro-2","status":"publish","type":"post","link":"https:\/\/www.emiliosilveravazquez.com\/blog\/2017\/03\/13\/vamos-hacia-el-futuro-2\/","title":{"rendered":"Vamos hacia el futuro"},"content":{"rendered":"<article id=\"article_1\">\n<h1>Los incre\u00edbles cristales del tiempo<\/h1>\n<p>&nbsp;<\/p>\n<article id=\"article_1\">\n<figure><img decoding=\"async\" src=\"http:\/\/www.abc.es\/media\/ciencia\/2017\/03\/11\/cristalestiempo-kW1G--620x349@abc-knPC--510x287@abc.jpg\" alt=\"Podr\u00edan ser \u00fatiles para almacenar y transferir informaci\u00f3n\" \/><\/figure>\n<\/article>\n<article><\/article>\n<article>\n<figure><figcaption>\n<article id=\"article_1\"><\/article>\n<article>\u00a0\u00a0\u00a0\u00a0\u00a0\u00a0\u00a0\u00a0\u00a0\u00a0\u00a0\u00a0 Podr\u00edan ser \u00fatiles para almacenar y transferir informaci\u00f3n<\/article>\n<article><\/article>\n<\/figcaption><\/figure>\n<\/article>\n<footer><strong>ABC.ES <\/strong><strong><\/strong><\/footer>\n<footer><\/footer>\n<div>\n<p style=\"text-align: justify;\">Un equipo de cient\u00edficos anunci\u00f3 la <a href=\"http:\/\/www.abc.es\/ciencia\/abci-comienza-oficialmente-cristales-tiempo-201703090922_noticia.html?ns_campaign=rrss&amp;ns_mchannel=abc-es&amp;ns_source=fb&amp;ns_linkname=cm-general&amp;ns_fee=0#vtm_loMas=si\">creaci\u00f3n de los priemeros cristales del tiempo <\/a>en un art\u00edculo publicado en Nature. Sus trabajos <strong>no tienen nada que ver con los viajes al futuro o al pasado<\/strong>, sino con una nueva fase de materia en la que los \u00e1tomos se mueven en un patr\u00f3n que se repite, no en el espacio, como ocurre con los cristales normales, sino en el tiempo. Esta investigaci\u00f3n podr\u00eda inaugurar una nueva rama de la f\u00edsica y que poco a poco cada vez m\u00e1s estudios nos adentrar\u00e1n en este mundo hasta ahora desconocido. A\u00fan es pronto para pensar en posibles aplicaciones, pero parece que estos cristales del tiempo podr\u00edan ser \u00fatiles para almacenar o transferir informaci\u00f3n en los futuros ordenadores cu\u00e1nticos.<\/p>\n<p style=\"text-align: justify;\">\n<article id=\"article_2\">\n<h1 style=\"text-align: justify;\">El plan para hacer Marte habitable<\/h1>\n<p>&nbsp;<\/p>\n<p>&nbsp;<\/p>\n<figure><img decoding=\"async\" src=\"http:\/\/www.abc.es\/media\/ciencia\/2017\/03\/11\/marte-habitable-k0ND--620x349@abc-knPC--510x287@abc.jpg\" alt=\"La ilustraci\u00f3n muestra c\u00f3mo ser\u00eda Marte con mares sobre su superficie\" \/><\/figure>\n<\/article>\n<p>&nbsp;<\/p>\n<p style=\"text-align: justify;\"><figcaption>\n<article id=\"article_2\"><\/article>\n<article><\/article>\n<article><\/article>\n<article><\/article>\n<article>La ilustraci\u00f3n muestra c\u00f3mo ser\u00eda Marte con mares sobre su superficie- NASA Goddard Space Flight Centre<\/article>\n<article><\/article>\n<\/figcaption><footer><\/footer>\n<footer><\/footer>\n<p>&nbsp;<\/p>\n<div>\n<p style=\"text-align: justify;\">La idea parece sacada de una novela de ciencia ficci\u00f3n. La NASA present\u00f3 en un encuentro de la Divisi\u00f3n de Ciencias Planetarias de la agencia espacial una <a href=\"http:\/\/www.abc.es\/ciencia\/abci-nasa-propone-colocar-escudo-magnetico-gigante-marte-para-hacerlo-habitable-201703061134_noticia.html\">propuesta para para hacer que Marte sea un planeta habitable<\/a> y parecido al nuestro. El plan ser\u00eda desplegar un escudo magn\u00e9tico en el planeta rojo para restaurar su atm\u00f3sfera \u00abde forma natural\u00bb. Si esto funcionase, en el futuro Marte ser\u00eda mucho m\u00e1s parecido a la Tierra y <strong>tendr\u00eda agua fluyendo por su superficie<\/strong>. La soluci\u00f3n pasa por colocar un escudo de dipolo magn\u00e9tico en el punto de Lagrange L1 de Marte (un punto en el espacio entre el planeta y el Sol en el que un objeto podr\u00eda quedar estacionario). De momento, la idea resulta \u00abfant\u00e1stica\u00bb, pero en un futuro es posible que varias estructuras inflables puedan generar un potente escudo magn\u00e9tico capaz de contrarrestar el viento solar.<\/p>\n<p style=\"text-align: justify;\">\n<article id=\"article_3\">\n<h1>El sue\u00f1o de la vida artificial<\/h1>\n<p>&nbsp;<\/p>\n<figure><img decoding=\"async\" src=\"http:\/\/www.abc.es\/media\/ciencia\/2017\/03\/11\/cromosoma--644x362-kh5G--620x349@abc-knPC--510x287@abc.jpg\" alt=\"Lograron producir de forma artificial 5 de los 16 cromosomas de la levadura\" \/><\/figure>\n<\/article>\n<p>&nbsp;<\/p>\n<p style=\"text-align: justify;\"><figcaption>\n<article id=\"article_3\"><\/article>\n<article><\/article>\n<article><\/article>\n<article><\/article>\n<article>Lograron producir de forma artificial 5 de los 16 cromosomas de la levadura- ABC<\/article>\n<article><\/article>\n<\/figcaption><footer><\/footer>\n<footer><\/footer>\n<p>&nbsp;<\/p>\n<div>\n<p style=\"text-align: justify;\">Un importante consorcio internacional de cient\u00edficos public\u00f3 siete art\u00edculos en la prestigiosa revista \u00abScience\u00bb que marcar\u00e1n un antes y un despu\u00e9s en la carrera por <a href=\"http:\/\/www.abc.es\/ciencia\/abci-ciencia-acerca-sueno-vida-disenada-hombre-201703092240_noticia.html\">dise\u00f1ar seres vivos a la carta<\/a>. Los investigadores han logrado producir <strong>variantes artificiales del 30 por ciento del material gen\u00e9tico<\/strong> de la levadura del pan, lo que supone un paso de gigante en la tarea de sintetizar la primera c\u00e9lula compleja cuyos genes hayan sido totalmente dise\u00f1ados por el hombre. A\u00fan falta un largo camino, pero lograrlo en el futuro tendr\u00e1 muchas aplicaciones, como fabricar medicamentos o degradar contaminantes, adem\u00e1s ampliar\u00e1 mucho el conocimiento sobre la gen\u00e9tica de los seres vivos y, por \u00faltimo, inaugurar\u00e1 una nueva era en la ciencia, tal como defendieron los cient\u00edficos implicados.<\/p>\n<\/div>\n<\/div>\n<\/div>\n<\/article>\n<p>&nbsp;<\/p>\n<p>&nbsp;<\/p>\n<article id=\"article_4\">\n<h1>Los neandertales tomaban \u00abaspirinas\u00bb<\/h1>\n<p>&nbsp;<\/p>\n<p>&nbsp;<\/p>\n<figure><img decoding=\"async\" src=\"http:\/\/www.abc.es\/media\/ciencia\/2017\/03\/11\/Ilustracion-grupo-neandertales-Alimentacion2-k43H--620x349@abc-knPC--510x287@abc.jpg\" alt=\"Los neandertales de El Sidr\u00f3n se alimentaban de restos de pi\u00f1ones, musgo y setas\" \/><figcaption>\n<article id=\"article_4\"><\/article>\n<article><\/article>\n<article><\/article>\n<article><\/article>\n<article>Los neandertales de El Sidr\u00f3n se alimentaban de restos de pi\u00f1ones, musgo y setas- C<a href=\"#\" onclick=\"referencia('unidades del si',event); return false;\">SI<\/a>C<\/article>\n<article><\/article>\n<\/figcaption><\/figure>\n<footer><\/footer>\n<footer><\/footer>\n<div>\n<p style=\"text-align: justify;\">Los investigadores revelaron en la revista Nature <a href=\"http:\/\/www.abc.es\/ciencia\/abci-neandertales-usaban-aspirinas-201703081900_noticia.html\">aspectos hasta ahora in\u00e9ditos de la vida de los neandertales<\/a>, la \u00abotra especie\u00bb humana inteligente, que desapareci\u00f3 de Europa poco despu\u00e9s de la llegada de los primeros humanos modernos, nuestros antepasados directos. El trabajo demostr\u00f3 que los neandertales eran capaces de adaptarse a su medio mucho mejor de lo que se cre\u00eda y que<strong> dominaban un buen n\u00famero de plantas medicinales<\/strong>, que utilizaban sin problema para curar enfermedades y dolencias. Entre ellas, el hongo Penicillium y la corteza del \u00e1lamo, que contiene el principio activo de las modernas aspirinas. Estas novedades se descubrieron porque se pudo analizar, por primera vez, el ADN contenido en los dep\u00f3sitos de sarro dental de estos neandertales.<\/p>\n<\/div>\n<\/article>\n<p>&nbsp;<\/p>\n<p>&nbsp;<\/p>\n<p style=\"text-align: justify;\">\n<article id=\"article_5\">\n<h1>Tener una supermemoria en 40 d\u00edas<\/h1>\n<p>&nbsp;<\/p>\n<p>&nbsp;<\/p>\n<figure><img decoding=\"async\" src=\"http:\/\/www.abc.es\/media\/ciencia\/2017\/03\/11\/cerebro-8-kdBI--620x349@abc.jpg\" alt=\"La memoria se puede entrenar\" \/><\/figure>\n<\/article>\n<p>&nbsp;<figcaption>\n<article id=\"article_5\"><\/article>\n<article><\/article>\n<article><\/article>\n<article>\u00a0\u00a0\u00a0\u00a0\u00a0\u00a0\u00a0\u00a0\u00a0\u00a0\u00a0\u00a0\u00a0\u00a0\u00a0\u00a0\u00a0\u00a0\u00a0\u00a0\u00a0\u00a0\u00a0\u00a0\u00a0\u00a0\u00a0\u00a0\u00a0\u00a0\u00a0\u00a0\u00a0\u00a0\u00a0\u00a0\u00a0\u00a0\u00a0\u00a0\u00a0 La memoria se puede entrenar- Fotolia<\/article>\n<article><\/article>\n<article><\/article>\n<\/figcaption><footer><\/footer>\n<div style=\"text-align: justify;\">\n<p style=\"text-align: justify;\">Parece el anuncio de una pastilla milagrosa, pero no lo es. Seg\u00fan publicaron en la revista Neuron investigadores del Centro M\u00e9dico de la Universidad Radboud en Nijmegen, Pa\u00edses Bajos, recordar listas de decenas de palabras, <strong>no es una facultad extraordinaria de unos pocos \u00abcerebritos\u00bb<\/strong>. Despu\u00e9s de 40 d\u00edas de un <a href=\"http:\/\/www.abc.es\/ciencia\/abci-metodo-para-tener-supermemoria-solo-40-dias-201703081801_noticia.html\">entrenamiento diario durante media hora utilizando una t\u00e9cnica espec\u00edfica llamada loci<\/a>, que consiste en relacionar palabras con lugares familiares, individuos con una memoria que se puede considerar normal duplican su capacidad de retener datos en su cabeza. Por ejemplo, de recordar 26 palabras de una lista de 72, pasan a recordar 62. Y los beneficios se prolongan en el tiempo, porque cuatro meses m\u00e1s tarde, sin m\u00e1s entrenamiento, su capacidad sigue siendo alta.<\/p>\n<p style=\"text-align: justify;\">\n<article id=\"article_6\">\n<h1>El lugar m\u00e1s fr\u00edo del Universo<\/h1>\n<p>&nbsp;<\/p>\n<p>&nbsp;<\/p>\n<figure><img decoding=\"async\" src=\"http:\/\/www.abc.es\/media\/ciencia\/2017\/03\/11\/tech20140926-16-kfWG--620x349@abc-knPC--510x287@abc.jpg\" alt=\"Ilustraci\u00f3n del chip at\u00f3mico donde ocurrir\u00e1 el fen\u00f3meno\" \/><\/figure>\n<\/article>\n<p>&nbsp;<\/p>\n<p style=\"text-align: justify;\"><figcaption>\n<article id=\"article_6\"><\/article>\n<article><\/article>\n<article><\/article>\n<article><\/article>\n<article>Ilustraci\u00f3n del chip at\u00f3mico donde ocurrir\u00e1 el fen\u00f3meno- NASA<\/article>\n<article><\/article>\n<\/figcaption><footer><\/footer>\n<footer><\/footer>\n<p>&nbsp;<\/p>\n<div>\n<p>Dicen que estar\u00e1 m\u00e1s fr\u00edo que el espacio exterior. La NASA anunci\u00f3 que tratar\u00e1 de <a href=\"http:\/\/www.abc.es\/ciencia\/abci-nasa-quiere-crear-lugar-mas-frio-universo-201703071037_noticia.html\">crear el lugar m\u00e1s fr\u00edo del Universo<\/a> justo a bordo de la Estaci\u00f3n Espacial Internacional (ISS). En agosto enviar\u00e1 una caja del tama\u00f1o de una nevera llamada Cold Atom Laboratory (CAL). All\u00ed, un <a href=\"#\" onclick=\"referencia('laser',event); return false;\">l\u00e1ser<\/a> congelar\u00e1 \u00e1tomos de gas a una mil millon\u00e9sima de grado por encima del cero absoluto, m\u00e1s de 100 millones de veces m\u00e1s fr\u00edo que las profundidades del espacio. Estos experimentos, en los que participar\u00e1 el premio Nobel Eric Cornell, uno de los \u00abpadres\u00bb de los condensados Bose-<a href=\"#\" onclick=\"referencia('einstein',event); return false;\">Einstein<\/a> (un raro estado de la materia), ayudar\u00e1n a <strong>desarrollar tecnolog\u00edas como sensores, ordenadores cu\u00e1nticos y relojes at\u00f3micos<\/strong>, y podr\u00e1n arrojar luz sobre la misteriosa y esquiva energ\u00eda oscura.<\/p>\n<p>Esas ser\u00e1n algunas de las cuestiones futuras que podremos contemplar publicadas por ABC en su apartado de Ciencia pero&#8230; \u00a1Ser\u00e1n much\u00edsimas m\u00e1s!<\/p>\n<p>&nbsp;<\/p>\n<p>&nbsp;<\/p>\n<p><img decoding=\"async\" loading=\"lazy\" src=\"http:\/\/23.253.41.33\/wp-content\/uploads\/10.208.149.45\/uploads\/2011\/11\/14.png\" alt=\"Resultado de imagen de Lo que ser\u00e1 el futuro en la Ciencia\" width=\"304\" height=\"286\" \/><img decoding=\"async\" loading=\"lazy\" title=\"CIFI70p402\" src=\"http:\/\/elpajaroburlon.com\/wp-content\/uploads\/2013\/11\/6a017d4117b2c6970c019103836e67970c-800wi.jpg\" alt=\"\" width=\"800\" height=\"362\" \/><img decoding=\"async\" loading=\"lazy\" title=\"De m\u00e1quinas inteligentes a col\u00f3nias espaciais: 5 vis\u00f5es cient\u00edficas do futuro\" src=\"http:\/\/2.bp.blogspot.com\/-7xMJy_LZ3nw\/UjY_tWCXh2I\/AAAAAAAAOLc\/p3Yy5EnLMps\/s640\/futuro+tecnologico.jpg\" alt=\"De m\u00e1quinas inteligentes a col\u00f3nias espaciais: 5 vis\u00f5es cient\u00edficas do futuro\" width=\"640\" height=\"336\" border=\"0\" \/><img decoding=\"async\" loading=\"lazy\" src=\"http:\/\/www.ufopolis.com\/wp-content\/uploads\/2015\/09\/Morenos-cabezones-y-de-ojos-muy-grandes-asi-sera-el-ser-humano-del-futuro-segun-los-cientificos-1_Fotor.jpg\" alt=\"Resultado de imagen de Lo que ser\u00e1 el futuro en la Ciencia\" width=\"304\" height=\"207\" \/><img decoding=\"async\" src=\"http:\/\/1.bp.blogspot.com\/-IROLc_c6NJo\/TdqsIxCDPOI\/AAAAAAAAA10\/fkA4kCH6H04\/s1600\/Screenshot_9.jpg\" alt=\"\" border=\"0\" \/><img decoding=\"async\" loading=\"lazy\" src=\"https:\/\/encrypted-tbn3.gstatic.com\/images?q=tbn:ANd9GcQnn6uJHPZ3n5aJaEYyD3a9IkTqx79szBk0uHrJq4vNLpJeSRzV\" alt=\"Imagen relacionada\" width=\"304\" height=\"171\" \/><img decoding=\"async\" loading=\"lazy\" src=\"https:\/\/img.blogs.es\/bloglenovo\/wp-content\/uploads\/2015\/01\/Star_Trek_USS_Eenterprise_D_starship_in_orbit_freecomputerdesktopwallpaper_1600-730x547.jpg\" alt=\"Resultado de imagen de Lo que ser\u00e1 el futuro en la Ciencia\" width=\"304\" height=\"228\" \/><img decoding=\"async\" loading=\"lazy\" src=\"http:\/\/3.bp.blogspot.com\/-wo4kk2xF4aY\/TsFK60mD2dI\/AAAAAAAAAA0\/blm3E5IY9EI\/s1600\/cine_4d-300x213.jpg\" alt=\"Imagen relacionada\" width=\"300\" height=\"213\" \/><img decoding=\"async\" loading=\"lazy\" src=\"http:\/\/futur3tech.com\/wp-content\/uploads\/2016\/08\/tecnologias-del-futuro-futur3tech-1024x576.jpg\" alt=\"Imagen relacionada\" width=\"304\" height=\"171\" \/><\/p>\n<\/div>\n<p>&nbsp;<\/p>\n<p>&nbsp;<\/p>\n<\/div>\n<p>&nbsp;<\/p>\n<p>S\u00ed, las sorpresas que nos esperan en eso que llamamos futuro y que, para nosotros, ser\u00e1 presente&#8230;. \u00a1Son incalculables! Claro que, el futuro del que hablamos, en realidad, ser\u00e1 el presente de nuestros hijos, ellos s\u00ed podr\u00e1n ser testigos de verdaderas maravillas que nos har\u00edan abrir ojos como platos y caer en el mayor de los asombros y de las maravillas.<\/p>\n<p>&nbsp;<\/p>\n<div class='bookmark'>\r\n\t\t<table align='left' border='0' cellpadding='0' width='100%'>\r\n\t\t<tr><td><span class='pushbutton'><a href='http:\/\/delicious.com\/post?url=https%3A%2F%2Fwww.emiliosilveravazquez.com%2Fblog%2F2017%2F03%2F13%2Fvamos-hacia-el-futuro-2%2F&amp;title=Vamos+hacia+el+futuro' title='Delicious' target='_blank' rel='nofollow'><img src='https:\/\/www.emiliosilveravazquez.com\/blog\/wp-content\/plugins\/knxdt-bookmarks-wordpress-plugin\/images\/delicious.png'  alt='' class='book_img' border='none' style='margin:1px; padding: 0;'  \/><\/a><\/span><span class='pushbutton'><a href='http:\/\/digg.com\/submit?url=https%3A%2F%2Fwww.emiliosilveravazquez.com%2Fblog%2F2017%2F03%2F13%2Fvamos-hacia-el-futuro-2%2F&amp;title=Vamos+hacia+el+futuro' title='Digg' target='_blank' rel='nofollow'><img src='https:\/\/www.emiliosilveravazquez.com\/blog\/wp-content\/plugins\/knxdt-bookmarks-wordpress-plugin\/images\/digg.png'  alt='' class='book_img' border='none' style='margin:1px; padding: 0;'  \/><\/a><\/span><span class='pushbutton'><a href='http:\/\/www.google.com\/bookmarks\/mark?op=edit&amp;bkmk=https%3A%2F%2Fwww.emiliosilveravazquez.com%2Fblog%2F2017%2F03%2F13%2Fvamos-hacia-el-futuro-2%2F&amp;title=Vamos+hacia+el+futuro' title='Google' target='_blank' rel='nofollow'><img src='https:\/\/www.emiliosilveravazquez.com\/blog\/wp-content\/plugins\/knxdt-bookmarks-wordpress-plugin\/images\/google.png'   alt='' class='book_img' border='none' style='margin:1px; padding: 0;'  \/><\/a><\/span><span class='pushbutton'><a href='http:\/\/myweb2.search.yahoo.com\/myresults\/bookmarklet?u=https%3A%2F%2Fwww.emiliosilveravazquez.com%2Fblog%2F2017%2F03%2F13%2Fvamos-hacia-el-futuro-2%2F&amp;t=Vamos+hacia+el+futuro' title='Yahoo' target='_blank' rel='nofollow'><img src='https:\/\/www.emiliosilveravazquez.com\/blog\/wp-content\/plugins\/knxdt-bookmarks-wordpress-plugin\/images\/yahoo.png'  alt='' class='book_img' border='none' style='margin:1px; padding: 0;'  \/><\/a><\/span><span class='pushbutton'><a href='http:\/\/www.technorati.com\/faves?add=https%3A%2F%2Fwww.emiliosilveravazquez.com%2Fblog%2F2017%2F03%2F13%2Fvamos-hacia-el-futuro-2%2F' title='Technorati' target='_blank' rel='nofollow'><img src='https:\/\/www.emiliosilveravazquez.com\/blog\/wp-content\/plugins\/knxdt-bookmarks-wordpress-plugin\/images\/technorati.png'  alt='' class='book_img' border='none' style='margin:1px; padding: 0;'  \/><\/a><\/span><span class='pushbutton'><a href='http:\/\/meneame.net\/submit.php?url=https%3A%2F%2Fwww.emiliosilveravazquez.com%2Fblog%2F2017%2F03%2F13%2Fvamos-hacia-el-futuro-2%2F' title='Meneame' target='_blank' rel='nofollow'><img src='https:\/\/www.emiliosilveravazquez.com\/blog\/wp-content\/plugins\/knxdt-bookmarks-wordpress-plugin\/images\/meneame.png'  alt='' class='book_img' border='none' style='margin:1px; padding: 0;'  \/><\/a><\/span><span class='pushbutton'><a href='http:\/\/enchilame.com\/submit.php?url=https:\/\/www.emiliosilveravazquez.com\/blog\/2017\/03\/13\/vamos-hacia-el-futuro-2\/' target='_blank' rel='nofollow'><img title='Enchilame' src='https:\/\/www.emiliosilveravazquez.com\/blog\/wp-content\/plugins\/knxdt-bookmarks-wordpress-plugin\/images\/enchilame.png'  alt='' class='book_img' border='none' style='margin:1px; padding: 0;'  \/><\/a><\/span><span class='pushbutton'><a href='http:\/\/www.blinklist.com\/index.php?Action=Blink\/addblink.php&amp;Description=&amp;Url=https%3A%2F%2Fwww.emiliosilveravazquez.com%2Fblog%2F2017%2F03%2F13%2Fvamos-hacia-el-futuro-2%2F&amp;title=Vamos+hacia+el+futuro' title='BlinkList' target='_blank' rel='nofollow'><img src='https:\/\/www.emiliosilveravazquez.com\/blog\/wp-content\/plugins\/knxdt-bookmarks-wordpress-plugin\/images\/blinklist.png'  alt='' class='book_img' border='none' style='margin:1px; padding: 0;'  \/><\/a><\/span><span class='pushbutton'><a href='http:\/\/reddit.com\/submit?url=https%3A%2F%2Fwww.emiliosilveravazquez.com%2Fblog%2F2017%2F03%2F13%2Fvamos-hacia-el-futuro-2%2F&amp;title=Vamos+hacia+el+futuro' title='Reddit' target='_blank' rel='nofollow'><img src='https:\/\/www.emiliosilveravazquez.com\/blog\/wp-content\/plugins\/knxdt-bookmarks-wordpress-plugin\/images\/reddit.png'  alt='' class='book_img' border='none' style='margin:1px; padding: 0;'  \/><\/a><\/span><span class='pushbutton'><a href='http:\/\/www.tecnologiadiaria.com\/2009\/07\/abrir-com-hotmail-correo.html' target='_blank' title='hotmail'><img src='https:\/\/www.emiliosilveravazquez.com\/blog\/wp-content\/plugins\/knxdt-bookmarks-wordpress-plugin\/images\/linklove.png' alt='hotmail correo' class='book_img' border='none' style='margin:1px; padding: 0;' \/><\/a><\/span><span class='pushbutton'><a href='http:\/\/bitacoras.com\/votar\/anotacion\/externo\/mini\/www.emiliosilveravazquez.com\/blog\/2017\/03\/13\/vamos-hacia-el-futuro-2\/' title='Bitacoras.com' target='_blank' rel='nofollow'><img src='https:\/\/www.emiliosilveravazquez.com\/blog\/wp-content\/plugins\/knxdt-bookmarks-wordpress-plugin\/images\/bitacoras.png'  alt='' class='book_img' border='none' style='margin:1px; padding: 0;'  \/><\/a><\/span><span class='pushbutton'><a href='http:\/\/www.wikio.es\/vote?url=https%3A%2F%2Fwww.emiliosilveravazquez.com%2Fblog%2F2017%2F03%2F13%2Fvamos-hacia-el-futuro-2%2F' title='Wikio' target='_blank' rel='nofollow'><img src='https:\/\/www.emiliosilveravazquez.com\/blog\/wp-content\/plugins\/knxdt-bookmarks-wordpress-plugin\/images\/wikio.png'   alt='' class='book_img' border='none' style='margin:1px; padding: 0;'   \/><\/a><\/span><span class='pushbutton'><a href='http:\/\/friendfeed.com\/?url=https%3A%2F%2Fwww.emiliosilveravazquez.com%2Fblog%2F2017%2F03%2F13%2Fvamos-hacia-el-futuro-2%2F&amp;title=Vamos+hacia+el+futuro' title='Friend Feed' target='_blank' rel='nofollow'><img src='https:\/\/www.emiliosilveravazquez.com\/blog\/wp-content\/plugins\/knxdt-bookmarks-wordpress-plugin\/images\/friendfeed.png'  alt='' class='book_img' border='none' style='margin:1px; padding: 0;'  \/><\/a><\/span><span class='pushbutton'><a href='http:\/\/www.facebook.com\/share.php?u=https%3A%2F%2Fwww.emiliosilveravazquez.com%2Fblog%2F2017%2F03%2F13%2Fvamos-hacia-el-futuro-2%2F&amp;t=Vamos+hacia+el+futuro' title='Facebook' target='_blank' rel='nofollow'><img src='https:\/\/www.emiliosilveravazquez.com\/blog\/wp-content\/plugins\/knxdt-bookmarks-wordpress-plugin\/images\/facebook.png'  alt='' class='book_img' border='none' style='margin:1px; padding: 0;'  \/><\/a><\/span><span class='pushbutton'><a href='http:\/\/twitter.com\/home?status=Vamos+hacia+el+futuro: https%3A%2F%2Fwww.emiliosilveravazquez.com%2Fblog%2F2017%2F03%2F13%2Fvamos-hacia-el-futuro-2%2F' title='Twitter' target='_blank' rel='nofollow'><img src='https:\/\/www.emiliosilveravazquez.com\/blog\/wp-content\/plugins\/knxdt-bookmarks-wordpress-plugin\/images\/twitter.png'  alt='' class='book_img' border='none' style='margin:1px; padding: 0;'  \/><\/a><\/span><span class='pushbutton'><a href='http:\/\/www.feedburner.com\/fb\/a\/emailFlare?itemTitle=Vamos+hacia+el+futuro&amp;uri=https%3A%2F%2Fwww.emiliosilveravazquez.com%2Fblog%2F2017%2F03%2F13%2Fvamos-hacia-el-futuro-2%2F' title='Enviar por Email' target='_blank' rel='nofollow'><img src='https:\/\/www.emiliosilveravazquez.com\/blog\/wp-content\/plugins\/knxdt-bookmarks-wordpress-plugin\/images\/email.png'  alt='' class='book_img' border='none' style='margin:1px; padding: 0;'  \/><\/a><\/span><span style='font-weight:bold; padding-left: 5px;'><a href='http:\/\/wordpress.org\/extend\/plugins\/knxdt-bookmarks-wordpress-plugin\/' title='Plugin' rel='nofollow' target='_blank'>[?]<\/a><\/span><\/td><\/tr><\/table><br\/><br\/><\/div>","protected":false},"excerpt":{"rendered":"<p>Los incre\u00edbles cristales del tiempo &nbsp; \u00a0\u00a0\u00a0\u00a0\u00a0\u00a0\u00a0\u00a0\u00a0\u00a0\u00a0\u00a0 Podr\u00edan ser \u00fatiles para almacenar y transferir informaci\u00f3n ABC.ES Un equipo de cient\u00edficos anunci\u00f3 la creaci\u00f3n de los priemeros cristales del tiempo en un art\u00edculo publicado en Nature. Sus trabajos no tienen nada que ver con los viajes al futuro o al pasado, sino con una nueva fase [&hellip;]<\/p>\n","protected":false},"author":2,"featured_media":0,"comment_status":"open","ping_status":"open","sticky":false,"template":"","format":"standard","meta":{"_s2mail":"yes","footnotes":""},"categories":[450],"tags":[],"_links":{"self":[{"href":"https:\/\/www.emiliosilveravazquez.com\/blog\/wp-json\/wp\/v2\/posts\/17369"}],"collection":[{"href":"https:\/\/www.emiliosilveravazquez.com\/blog\/wp-json\/wp\/v2\/posts"}],"about":[{"href":"https:\/\/www.emiliosilveravazquez.com\/blog\/wp-json\/wp\/v2\/types\/post"}],"author":[{"embeddable":true,"href":"https:\/\/www.emiliosilveravazquez.com\/blog\/wp-json\/wp\/v2\/users\/2"}],"replies":[{"embeddable":true,"href":"https:\/\/www.emiliosilveravazquez.com\/blog\/wp-json\/wp\/v2\/comments?post=17369"}],"version-history":[{"count":0,"href":"https:\/\/www.emiliosilveravazquez.com\/blog\/wp-json\/wp\/v2\/posts\/17369\/revisions"}],"wp:attachment":[{"href":"https:\/\/www.emiliosilveravazquez.com\/blog\/wp-json\/wp\/v2\/media?parent=17369"}],"wp:term":[{"taxonomy":"category","embeddable":true,"href":"https:\/\/www.emiliosilveravazquez.com\/blog\/wp-json\/wp\/v2\/categories?post=17369"},{"taxonomy":"post_tag","embeddable":true,"href":"https:\/\/www.emiliosilveravazquez.com\/blog\/wp-json\/wp\/v2\/tags?post=17369"}],"curies":[{"name":"wp","href":"https:\/\/api.w.org\/{rel}","templated":true}]}}