{"id":16954,"date":"2016-12-23T10:40:38","date_gmt":"2016-12-23T09:40:38","guid":{"rendered":"http:\/\/www.emiliosilveravazquez.com\/blog\/?p=16954"},"modified":"2016-12-23T10:40:38","modified_gmt":"2016-12-23T09:40:38","slug":"el-descubrimiento-del-siglo","status":"publish","type":"post","link":"https:\/\/www.emiliosilveravazquez.com\/blog\/2016\/12\/23\/el-descubrimiento-del-siglo\/","title":{"rendered":"El descubrimiento del siglo"},"content":{"rendered":"<div id=\"articulo-titulares\">\n<h1 id=\"articulo-titulo\" style=\"text-align: justify;\"><img decoding=\"async\" loading=\"lazy\" src=\"http:\/\/v.uecdn.es\/index.php\/extwidget\/thumbnailUE\/asset_id\/0_ixci5nn2\" alt=\"Resultado de imagen de kiP tHORNE\" width=\"478\" height=\"280\" \/><\/h1>\n<p>KIP THORNE, el f\u00edsico experto en Agujeros Negros que vaticin\u00f3 el hallazco de las Ondas Gravitacionales y fue tambi\u00e9n, el impulsor del Programa LIGO para localizarlas.<\/p>\n<p>Reportaje de Prensa<\/p>\n<div style=\"text-align: justify;\">\n<h2>La revista &#8216;Science&#8217; elige las ondas gravitacionales como el hallazgo m\u00e1s relevante de 2016. La autora de este texto es la jefa del \u00fanico grupo espa\u00f1ol en el experimento LIGO<\/h2>\n<\/div>\n<\/div>\n<div id=\"articulo_contenedor\">\n<div id=\"videonoticia\" style=\"text-align: justify;\">\n<figure itemprop=\"image\" itemscope=\"\" itemtype=\"http:\/\/schema.org\/ImageObject\">\n<div id=\"multimediaPlayer_602603964\">\n<div id=\"divimg_1462a6ee5844144ad883f38c020ba762-1\"><a id=\"posicionador_1462a6ee5844144ad883f38c020ba762-1\" title=\"El descubrimiento del siglo\"><img decoding=\"async\" loading=\"lazy\" id=\"caratula_1462a6ee5844144ad883f38c020ba762-1\" src=\"http:\/\/ep02.epimg.net\/elpais\/imagenes\/2016\/12\/21\/ciencia\/1482325843_074143_1482434200_noticia_fotograma.jpg\" alt=\"\" width=\"831\" height=\"465\" border=\"0\" \/><\/a><\/div>\n<\/div><figcaption>\n<div style=\"text-align: justify;\">Un cient\u00edfico observa una representaci\u00f3n de las ondas gravitacionales durante la presentaci\u00f3n del descubrimiento, el 11 de febrero pasado\u00a0EFE\/Julian Stratenschulte \/ V\u00cdDEO: QUALITY<\/div>\n<\/figcaption><\/figure>\n<\/div>\n<div id=\"cuerpo_noticia\" style=\"text-align: justify;\">\n<p style=\"text-align: justify;\">No me cabe la menor duda que 2016 ser\u00e1 un a\u00f1o que dif\u00edcilmente olvidar\u00e9. Este ha sido un a\u00f1o de grandes avances cient\u00edficos en muchos campos y de importantes descubrimientos, pero, entre todos ellos, uno ha sido muy especial para m\u00ed y mis colaboradores: las primeras observaciones de <a href=\"http:\/\/elpais.com\/elpais\/2016\/02\/10\/ciencia\/1455124978_980574.html\">ondas gravitacionales con LIGO<\/a>.<\/p>\n<p style=\"text-align: justify;\"><img decoding=\"async\" loading=\"lazy\" src=\"http:\/\/www.trbimg.com\/img-546f9b82\/turbine\/la-et-c1-kip-thorne-interstellar-20141122\" alt=\"Imagen relacionada\" width=\"478\" height=\"319\" \/><\/p>\n<p style=\"text-align: justify;\">Desde que el pasado 11 de febrero, despu\u00e9s de minuciosos an\u00e1lisis, las colaboraciones cient\u00edficas LIGO y Virgo <a href=\"http:\/\/elpais.com\/elpais\/2016\/02\/11\/ciencia\/1455201194_750459.html\">anunciaran la primera detecci\u00f3n directa de ondas gravitacionales<\/a> y la primera observaci\u00f3n de la fusi\u00f3n de un sistema binario de <a href=\"#\" onclick=\"referencia('agujero negro',event); return false;\">agujeros negros<\/a>, las desconocidas ondas gravitacionales han acaparado la atenci\u00f3n de los medios y de la mayor\u00eda de los m\u00e1s prestigiosos premios internacionales. Esto no es de extra\u00f1ar, ya que estas primeras detecciones directas de ondas gravitacionales han sido sin duda uno de los logros cient\u00edficos m\u00e1s importantes del siglo, no solo porque han servido para validar uno de los pilares de la f\u00edsica moderna, <a href=\"http:\/\/elpais.com\/elpais\/2015\/11\/18\/ciencia\/1447849964_821102.html\">la teor\u00eda de la <a href=\"#\" onclick=\"referencia('relatividad',event); return false;\">relatividad<\/a> general, precisamente en su centenario<\/a>, sino tambi\u00e9n porque se abre una nueva ventana desde la que observar al Universo, con el potencial de descubrir sistemas astron\u00f3micos ahora inimaginables.<\/p>\n<p style=\"text-align: justify;\"><img decoding=\"async\" loading=\"lazy\" src=\"https:\/\/cuentoscuanticos.files.wordpress.com\/2016\/02\/aerial5.jpg\" alt=\"Resultado de imagen de Programa LIGO de Ondas Gravitacionales\" width=\"478\" height=\"279\" \/><\/p>\n<p style=\"text-align: justify;\">\u00a0\u00a0\u00a0\u00a0\u00a0\u00a0\u00a0\u00a0\u00a0\u00a0\u00a0\u00a0\u00a0\u00a0\u00a0\u00a0\u00a0\u00a0\u00a0\u00a0\u00a0\u00a0\u00a0\u00a0\u00a0\u00a0\u00a0\u00a0\u00a0\u00a0\u00a0\u00a0\u00a0\u00a0\u00a0\u00a0\u00a0\u00a0\u00a0\u00a0\u00a0\u00a0\u00a0\u00a0\u00a0\u00a0\u00a0\u00a0\u00a0\u00a0\u00a0\u00a0\u00a0\u00a0\u00a0\u00a0\u00a0\u00a0\u00a0\u00a0\u00a0\u00a0\u00a0\u00a0\u00a0\u00a0\u00a0 Programa LIGO<\/p>\n<p style=\"text-align: justify;\"><img decoding=\"async\" loading=\"lazy\" src=\"http:\/\/globedia.com\/imagenes\/noticias\/2016\/2\/11\/dia-ondas-gravitacionales_2_2333252.jpg\" alt=\"Resultado de imagen de Programa VIRGO de ondas gravitacionales\" width=\"478\" height=\"390\" \/><\/p>\n<p style=\"text-align: justify;\">\u00bfQu\u00e9 duda nos puede caber? Ha sido un gran paso para conocer de manera diferente el Universo<\/p>\n<p style=\"text-align: justify;\"><a name=\"sumario_1\"><\/a><\/p>\n<p style=\"text-align: justify;\">\n<section id=\"sumario_1|html\">\n<div>\n<div>\n<p style=\"text-align: justify;\">Estas primeras detecciones directas de ondas gravitacionales han servido para validar uno de los pilares de la f\u00edsica moderna, la teor\u00eda de la <a href=\"#\" onclick=\"referencia('relatividad',event); return false;\">relatividad<\/a> general, y tambi\u00e9n se abre una nueva ventana desde la que observar al Universo<\/p>\n<\/div>\n<\/div>\n<\/section>\n<p>&nbsp;<\/p>\n<p>&nbsp;<\/p>\n<div id=\"cuerpo_noticia\" style=\"text-align: justify;\">Personalmente, despu\u00e9s de haber dedicado 20 a\u00f1os de mi carrera a la caracterizaci\u00f3n de los instrumentos, al desarrollo de algoritmos espec\u00edficos para poder extraer min\u00fasculas se\u00f1ales del ruido y al estudio del potencial cient\u00edfico de distintos detectores, este descubrimiento me ha llenado de una gran satisfacci\u00f3n.<\/div>\n<p>La historia de los detectores de ondas gravitacionales se remonta a los a\u00f1os 60. A\u00fan as\u00ed la b\u00fasqueda de ondas gravitacionales no ha hecho m\u00e1s que empezar. En los pr\u00f3ximos a\u00f1os, a medida que los detectores avanzados LIGO y Virgo se acerquen a su sensibilidad de dise\u00f1o, observaremos de forma regular algunos de los fen\u00f3menos m\u00e1s energ\u00e9ticos y violentos del universo. Lo que ser\u00e1 decisivo en el avance de la f\u00edsica fundamental, astrof\u00edsica y cosmolog\u00eda, permiti\u00e9ndonos explorar importantes cuestiones, como por ejemplo c\u00f3mo se forman los <a href=\"#\" onclick=\"referencia('agujero negro',event); return false;\">agujeros negros<\/a>, si la <a href=\"#\" onclick=\"referencia('relatividad',event); return false;\">relatividad<\/a> general es la descripci\u00f3n correcta de la gravedad, o c\u00f3mo se comporta la materia bajo condiciones extremas. En un futuro, nuevas generaciones de detectores permitir\u00e1n hacer astronom\u00eda de alta precisi\u00f3n, como por ejemplo el detector europeo \u201c<a href=\"#\" onclick=\"referencia('einstein',event); return false;\">Einstein<\/a> Telescope\u201d o el observatorio de la Agencia Espacial Europea \u201cLISA\u201d, que podr\u00edan empezar a operar en la d\u00e9cada de los 30.<\/p>\n<\/div>\n<div style=\"text-align: justify;\"><img decoding=\"async\" loading=\"lazy\" src=\"https:\/\/2.bp.blogspot.com\/-r0eh99eMsUk\/Vrza85nUbdI\/AAAAAAAAAaQ\/VSG3wmWCDqg\/s1600\/Interfero%25CC%2581metro%2Bde%2Bondas%2Bgravitacionales%2BLIGO.jpg\" alt=\"Resultado de imagen de Programa del Interfer\u00f3metro  LIGO\" width=\"478\" height=\"376\" \/><\/div>\n<div style=\"text-align: justify;\">Gracias a los desarrollos tecnol\u00f3gicos, los interfer\u00f3metros LIGO son capaces de operar al borde de los limites fundamentales de la f\u00edsica, siendo los instrumentos \u00f3pticos m\u00e1s sensibles jam\u00e1s construidos. Utilizando luz <a href=\"#\" onclick=\"referencia('laser',event); return false;\">l\u00e1ser<\/a>, son capaces de comparar la longitud de sus brazos con una precisi\u00f3n superior a 1\/10.000 partes del di\u00e1metro de un <a href=\"#\" onclick=\"referencia('proton',event); return false;\">prot\u00f3n<\/a>. Nuestro grupo de Relatividad y Gravitaci\u00f3n de la Universidad de les Illes Balears est\u00e1 totalmente volcado en el an\u00e1lisis de los datos de estos detectores. Tambi\u00e9n estamos involucrados en el desarrollo y optimizaci\u00f3n de algoritmos espec\u00edficos de b\u00fasquedas junto con la construcci\u00f3n de cat\u00e1logos de patrones de ondas gravitacionales, que son imprescindible para estudiar las fusiones de sistemas binarios, como los descubiertos este a\u00f1o.<\/div>\n<\/div>\n<p>En estos momentos, los detectores LIGO vuelven a estar operando en modo de observaci\u00f3n, aunque su funcionamiento se interrumpir\u00e1 durante las vacaciones. Todos nosotros estamos ansiosos y preparados para que la naturaleza nos sorprenda de nuevo y poderlo contar. Pero parece claro que este a\u00f1o no habr\u00e1 ninguna alerta el d\u00eda de Navidad.<\/p>\n<p style=\"text-align: justify;\"><strong>Alicia Sintes<\/strong> es investigadora principal del grupo de la colaboraci\u00f3n cient\u00edfica LIGO en la Universitat de les Illes Balears<\/p>\n<div class='bookmark'>\r\n\t\t<table align='left' border='0' cellpadding='0' width='100%'>\r\n\t\t<tr><td><span class='pushbutton'><a href='http:\/\/delicious.com\/post?url=https%3A%2F%2Fwww.emiliosilveravazquez.com%2Fblog%2F2016%2F12%2F23%2Fel-descubrimiento-del-siglo%2F&amp;title=El+descubrimiento+del+siglo' title='Delicious' target='_blank' rel='nofollow'><img src='https:\/\/www.emiliosilveravazquez.com\/blog\/wp-content\/plugins\/knxdt-bookmarks-wordpress-plugin\/images\/delicious.png'  alt='' class='book_img' border='none' style='margin:1px; padding: 0;'  \/><\/a><\/span><span class='pushbutton'><a href='http:\/\/digg.com\/submit?url=https%3A%2F%2Fwww.emiliosilveravazquez.com%2Fblog%2F2016%2F12%2F23%2Fel-descubrimiento-del-siglo%2F&amp;title=El+descubrimiento+del+siglo' title='Digg' target='_blank' rel='nofollow'><img src='https:\/\/www.emiliosilveravazquez.com\/blog\/wp-content\/plugins\/knxdt-bookmarks-wordpress-plugin\/images\/digg.png'  alt='' class='book_img' border='none' style='margin:1px; padding: 0;'  \/><\/a><\/span><span class='pushbutton'><a href='http:\/\/www.google.com\/bookmarks\/mark?op=edit&amp;bkmk=https%3A%2F%2Fwww.emiliosilveravazquez.com%2Fblog%2F2016%2F12%2F23%2Fel-descubrimiento-del-siglo%2F&amp;title=El+descubrimiento+del+siglo' title='Google' target='_blank' rel='nofollow'><img src='https:\/\/www.emiliosilveravazquez.com\/blog\/wp-content\/plugins\/knxdt-bookmarks-wordpress-plugin\/images\/google.png'   alt='' class='book_img' border='none' style='margin:1px; padding: 0;'  \/><\/a><\/span><span class='pushbutton'><a href='http:\/\/myweb2.search.yahoo.com\/myresults\/bookmarklet?u=https%3A%2F%2Fwww.emiliosilveravazquez.com%2Fblog%2F2016%2F12%2F23%2Fel-descubrimiento-del-siglo%2F&amp;t=El+descubrimiento+del+siglo' title='Yahoo' target='_blank' rel='nofollow'><img src='https:\/\/www.emiliosilveravazquez.com\/blog\/wp-content\/plugins\/knxdt-bookmarks-wordpress-plugin\/images\/yahoo.png'  alt='' class='book_img' border='none' style='margin:1px; padding: 0;'  \/><\/a><\/span><span class='pushbutton'><a href='http:\/\/www.technorati.com\/faves?add=https%3A%2F%2Fwww.emiliosilveravazquez.com%2Fblog%2F2016%2F12%2F23%2Fel-descubrimiento-del-siglo%2F' title='Technorati' target='_blank' rel='nofollow'><img src='https:\/\/www.emiliosilveravazquez.com\/blog\/wp-content\/plugins\/knxdt-bookmarks-wordpress-plugin\/images\/technorati.png'  alt='' class='book_img' border='none' style='margin:1px; padding: 0;'  \/><\/a><\/span><span class='pushbutton'><a href='http:\/\/meneame.net\/submit.php?url=https%3A%2F%2Fwww.emiliosilveravazquez.com%2Fblog%2F2016%2F12%2F23%2Fel-descubrimiento-del-siglo%2F' title='Meneame' target='_blank' rel='nofollow'><img src='https:\/\/www.emiliosilveravazquez.com\/blog\/wp-content\/plugins\/knxdt-bookmarks-wordpress-plugin\/images\/meneame.png'  alt='' class='book_img' border='none' style='margin:1px; padding: 0;'  \/><\/a><\/span><span class='pushbutton'><a href='http:\/\/enchilame.com\/submit.php?url=https:\/\/www.emiliosilveravazquez.com\/blog\/2016\/12\/23\/el-descubrimiento-del-siglo\/' target='_blank' rel='nofollow'><img title='Enchilame' src='https:\/\/www.emiliosilveravazquez.com\/blog\/wp-content\/plugins\/knxdt-bookmarks-wordpress-plugin\/images\/enchilame.png'  alt='' class='book_img' border='none' style='margin:1px; padding: 0;'  \/><\/a><\/span><span class='pushbutton'><a href='http:\/\/www.blinklist.com\/index.php?Action=Blink\/addblink.php&amp;Description=&amp;Url=https%3A%2F%2Fwww.emiliosilveravazquez.com%2Fblog%2F2016%2F12%2F23%2Fel-descubrimiento-del-siglo%2F&amp;title=El+descubrimiento+del+siglo' title='BlinkList' target='_blank' rel='nofollow'><img src='https:\/\/www.emiliosilveravazquez.com\/blog\/wp-content\/plugins\/knxdt-bookmarks-wordpress-plugin\/images\/blinklist.png'  alt='' class='book_img' border='none' style='margin:1px; padding: 0;'  \/><\/a><\/span><span class='pushbutton'><a href='http:\/\/reddit.com\/submit?url=https%3A%2F%2Fwww.emiliosilveravazquez.com%2Fblog%2F2016%2F12%2F23%2Fel-descubrimiento-del-siglo%2F&amp;title=El+descubrimiento+del+siglo' title='Reddit' target='_blank' rel='nofollow'><img src='https:\/\/www.emiliosilveravazquez.com\/blog\/wp-content\/plugins\/knxdt-bookmarks-wordpress-plugin\/images\/reddit.png'  alt='' class='book_img' border='none' style='margin:1px; padding: 0;'  \/><\/a><\/span><span class='pushbutton'><a href='http:\/\/www.tecnologiadiaria.com\/2009\/07\/abrir-com-hotmail-correo.html' target='_blank' title='hotmail'><img src='https:\/\/www.emiliosilveravazquez.com\/blog\/wp-content\/plugins\/knxdt-bookmarks-wordpress-plugin\/images\/linklove.png' alt='hotmail correo' class='book_img' border='none' style='margin:1px; padding: 0;' \/><\/a><\/span><span class='pushbutton'><a href='http:\/\/bitacoras.com\/votar\/anotacion\/externo\/mini\/www.emiliosilveravazquez.com\/blog\/2016\/12\/23\/el-descubrimiento-del-siglo\/' title='Bitacoras.com' target='_blank' rel='nofollow'><img src='https:\/\/www.emiliosilveravazquez.com\/blog\/wp-content\/plugins\/knxdt-bookmarks-wordpress-plugin\/images\/bitacoras.png'  alt='' class='book_img' border='none' style='margin:1px; padding: 0;'  \/><\/a><\/span><span class='pushbutton'><a href='http:\/\/www.wikio.es\/vote?url=https%3A%2F%2Fwww.emiliosilveravazquez.com%2Fblog%2F2016%2F12%2F23%2Fel-descubrimiento-del-siglo%2F' title='Wikio' target='_blank' rel='nofollow'><img src='https:\/\/www.emiliosilveravazquez.com\/blog\/wp-content\/plugins\/knxdt-bookmarks-wordpress-plugin\/images\/wikio.png'   alt='' class='book_img' border='none' style='margin:1px; padding: 0;'   \/><\/a><\/span><span class='pushbutton'><a href='http:\/\/friendfeed.com\/?url=https%3A%2F%2Fwww.emiliosilveravazquez.com%2Fblog%2F2016%2F12%2F23%2Fel-descubrimiento-del-siglo%2F&amp;title=El+descubrimiento+del+siglo' title='Friend Feed' target='_blank' rel='nofollow'><img src='https:\/\/www.emiliosilveravazquez.com\/blog\/wp-content\/plugins\/knxdt-bookmarks-wordpress-plugin\/images\/friendfeed.png'  alt='' class='book_img' border='none' style='margin:1px; padding: 0;'  \/><\/a><\/span><span class='pushbutton'><a href='http:\/\/www.facebook.com\/share.php?u=https%3A%2F%2Fwww.emiliosilveravazquez.com%2Fblog%2F2016%2F12%2F23%2Fel-descubrimiento-del-siglo%2F&amp;t=El+descubrimiento+del+siglo' title='Facebook' target='_blank' rel='nofollow'><img src='https:\/\/www.emiliosilveravazquez.com\/blog\/wp-content\/plugins\/knxdt-bookmarks-wordpress-plugin\/images\/facebook.png'  alt='' class='book_img' border='none' style='margin:1px; padding: 0;'  \/><\/a><\/span><span class='pushbutton'><a href='http:\/\/twitter.com\/home?status=El+descubrimiento+del+siglo: https%3A%2F%2Fwww.emiliosilveravazquez.com%2Fblog%2F2016%2F12%2F23%2Fel-descubrimiento-del-siglo%2F' title='Twitter' target='_blank' rel='nofollow'><img src='https:\/\/www.emiliosilveravazquez.com\/blog\/wp-content\/plugins\/knxdt-bookmarks-wordpress-plugin\/images\/twitter.png'  alt='' class='book_img' border='none' style='margin:1px; padding: 0;'  \/><\/a><\/span><span class='pushbutton'><a href='http:\/\/www.feedburner.com\/fb\/a\/emailFlare?itemTitle=El+descubrimiento+del+siglo&amp;uri=https%3A%2F%2Fwww.emiliosilveravazquez.com%2Fblog%2F2016%2F12%2F23%2Fel-descubrimiento-del-siglo%2F' title='Enviar por Email' target='_blank' rel='nofollow'><img src='https:\/\/www.emiliosilveravazquez.com\/blog\/wp-content\/plugins\/knxdt-bookmarks-wordpress-plugin\/images\/email.png'  alt='' class='book_img' border='none' style='margin:1px; padding: 0;'  \/><\/a><\/span><span style='font-weight:bold; padding-left: 5px;'><a href='http:\/\/wordpress.org\/extend\/plugins\/knxdt-bookmarks-wordpress-plugin\/' title='Plugin' rel='nofollow' target='_blank'>[?]<\/a><\/span><\/td><\/tr><\/table><br\/><br\/><\/div>","protected":false},"excerpt":{"rendered":"<p>KIP THORNE, el f\u00edsico experto en Agujeros Negros que vaticin\u00f3 el hallazco de las Ondas Gravitacionales y fue tambi\u00e9n, el impulsor del Programa LIGO para localizarlas. Reportaje de Prensa La revista &#8216;Science&#8217; elige las ondas gravitacionales como el hallazgo m\u00e1s relevante de 2016. La autora de este texto es la jefa del \u00fanico grupo espa\u00f1ol [&hellip;]<\/p>\n","protected":false},"author":2,"featured_media":0,"comment_status":"open","ping_status":"open","sticky":false,"template":"","format":"standard","meta":{"_s2mail":"yes","footnotes":""},"categories":[93],"tags":[],"_links":{"self":[{"href":"https:\/\/www.emiliosilveravazquez.com\/blog\/wp-json\/wp\/v2\/posts\/16954"}],"collection":[{"href":"https:\/\/www.emiliosilveravazquez.com\/blog\/wp-json\/wp\/v2\/posts"}],"about":[{"href":"https:\/\/www.emiliosilveravazquez.com\/blog\/wp-json\/wp\/v2\/types\/post"}],"author":[{"embeddable":true,"href":"https:\/\/www.emiliosilveravazquez.com\/blog\/wp-json\/wp\/v2\/users\/2"}],"replies":[{"embeddable":true,"href":"https:\/\/www.emiliosilveravazquez.com\/blog\/wp-json\/wp\/v2\/comments?post=16954"}],"version-history":[{"count":0,"href":"https:\/\/www.emiliosilveravazquez.com\/blog\/wp-json\/wp\/v2\/posts\/16954\/revisions"}],"wp:attachment":[{"href":"https:\/\/www.emiliosilveravazquez.com\/blog\/wp-json\/wp\/v2\/media?parent=16954"}],"wp:term":[{"taxonomy":"category","embeddable":true,"href":"https:\/\/www.emiliosilveravazquez.com\/blog\/wp-json\/wp\/v2\/categories?post=16954"},{"taxonomy":"post_tag","embeddable":true,"href":"https:\/\/www.emiliosilveravazquez.com\/blog\/wp-json\/wp\/v2\/tags?post=16954"}],"curies":[{"name":"wp","href":"https:\/\/api.w.org\/{rel}","templated":true}]}}