{"id":16947,"date":"2016-12-27T07:20:24","date_gmt":"2016-12-27T06:20:24","guid":{"rendered":"http:\/\/www.emiliosilveravazquez.com\/blog\/?p=16947"},"modified":"2016-12-27T07:20:24","modified_gmt":"2016-12-27T06:20:24","slug":"buscando-nuevas-teorias","status":"publish","type":"post","link":"https:\/\/www.emiliosilveravazquez.com\/blog\/2016\/12\/27\/buscando-nuevas-teorias\/","title":{"rendered":"Buscando nuevas teor\u00edas"},"content":{"rendered":"<div>\n<article itemscope=\"\" itemtype=\"http:\/\/schema.org\/NewsArticle\">\n<div id=\"articulo_interior\">\n<div style=\"text-align: justify;\">\u00a0<strong>Una teor\u00eda de la gravedad que cuestiona a <a href=\"#\" onclick=\"referencia('einstein',event); return false;\">Einstein<\/a> pasa su primera prueba experimental<\/strong><\/div>\n<header id=\"articulo-encabezado\">\n<div id=\"articulo-titulares\">\n<h1 id=\"articulo-titulo\" style=\"text-align: justify;\"><img decoding=\"async\" loading=\"lazy\" src=\"http:\/\/www.blogodisea.com\/wp-content\/uploads\/2010\/10\/galaxias-universo.jpg\" alt=\"Resultado de imagen de Dos objetos distantes en el Espacio se atraen\" width=\"304\" height=\"205\" \/><\/h1>\n<p>&nbsp;<\/p>\n<div>\n<h2>Varios expertos plantean dudas sobre la propuesta del f\u00edsico holand\u00e9s Erik Verlinde<\/h2>\n<\/div>\n<\/div>\n<aside id=\"compartir_superior\"><strong>Noticias de Prensa: El Pa\u00eds<\/strong><br \/>\n<\/aside>\n<\/header>\n<\/div>\n<\/article>\n<\/div>\n<div id=\"articulo_contenedor\">\n<figure itemprop=\"image\" itemscope=\"\" itemtype=\"http:\/\/schema.org\/ImageObject\"> <img decoding=\"async\" loading=\"lazy\" title=\"Dos personas observan la V\u00eda L\u00e1ctea en el cerro Paranal (Chile)\" src=\"http:\/\/ep01.epimg.net\/elpais\/imagenes\/2016\/12\/21\/ciencia\/1482345722_637965_1482348063_noticia_normal.jpg\" alt=\"Dos personas observan la V\u00eda L\u00e1ctea en el cerro Paranal (Chile)\" width=\"980\" height=\"653\" \/><figcaption itemprop=\"caption\">\n<div>Dos personas observan la V\u00eda L\u00e1ctea en el cerro Paranal (Chile) ESO<\/div>\n<\/figcaption><\/figure>\n<div id=\"cuerpo_noticia\">\n<p style=\"text-align: justify;\" dir=\"ltr\">El holand\u00e9s Erik Verlinde acaba de provocar un peque\u00f1o terremoto al decir que la <a href=\"#\" onclick=\"referencia('materia oscura',event); return false;\">materia oscura<\/a> no existe y cuestionar a <a href=\"#\" onclick=\"referencia('einstein',event); return false;\">Einstein<\/a> y su <a href=\"http:\/\/elpais.com\/elpais\/2015\/11\/19\/ciencia\/1447926957_854635.html\">teor\u00eda de la <a href=\"#\" onclick=\"referencia('relatividad',event); return false;\">relatividad<\/a><\/a>. La propuesta de este f\u00edsico te\u00f3rico de la Universidad de \u00c1msterdam ha despertado las suspicacias entre algunos de sus colegas, mientras otros reconocen que su idea es interesante.<\/p>\n<div style=\"text-align: justify;\" data-google-query-id=\"CO64o4vCh9ECFdXhGwodaNYC1A\"><img decoding=\"async\" loading=\"lazy\" src=\"https:\/\/cdnmundo2.img.sputniknews.com\/images\/106145\/76\/1061457605.jpg\" alt=\"Resultado de imagen de La teor\u00eda del holandes Erik Verlinde de la Gravedad\" width=\"304\" height=\"162\" \/><\/div>\n<p style=\"text-align: justify;\" dir=\"ltr\">La inmensa mayor\u00eda de expertos piensa que las leyes formuladas por Isaac <a href=\"#\" onclick=\"referencia('newton',event); return false;\">Newton<\/a> hace m\u00e1s de tres siglos y la <a href=\"#\" onclick=\"referencia('relatividad',event); return false;\">relatividad<\/a> aportan la mejor explicaci\u00f3n del universo, y la inmensa mayor\u00eda de observaciones y experimentos hasta la fecha, incluidas las ondas gravitacionales <a href=\"http:\/\/elpais.com\/elpais\/2016\/02\/11\/ciencia\/1455201194_750459.html\">descubiertas este mismo a\u00f1o,<\/a> les da la raz\u00f3n. Sin embargo estas teor\u00edas no sirven en el mundo de lo muy peque\u00f1o, donde las interacciones entre las part\u00edculas elementales est\u00e1n gobernadas por la teor\u00eda cu\u00e1ntica de campos, incompatible con la <a href=\"#\" onclick=\"referencia('relatividad',event); return false;\">relatividad<\/a>. Tambi\u00e9n en el universo a grandes escalas, en galaxias, grupos de galaxias y los c\u00famulos con decenas o cientos de galaxias, la gravedad es mucho m\u00e1s fuerte de la que ejerce la materia visible. Para que las ecuaciones de <a href=\"#\" onclick=\"referencia('einstein',event); return false;\">Einstein<\/a> funcionen en estos entornos es necesario a\u00f1adir el empuje gravitatorio de la invisible <a href=\"#\" onclick=\"referencia('materia oscura',event); return false;\">materia oscura<\/a> y la fuerza de la energ\u00eda oscura, que acelera la expansi\u00f3n del universo. Juntos, estos dos ingredientes desconocidos suponen el 95% del universo.<\/p>\n<div style=\"text-align: justify;\"><img decoding=\"async\" loading=\"lazy\" id=\"fotoPrincipalNoticia\" src=\"http:\/\/img.europapress.net\/fotoweb\/fotonoticia_20161108124230_644.jpg\" alt=\"Descripci\u00f3n de la nueva teor\u00eda\" width=\"644\" height=\"387\" \/><\/div>\n<div style=\"text-align: justify;\">\n<div>\n<p>\u00a0\u00a0\u00a0\u00a0\u00a0\u00a0\u00a0\u00a0\u00a0\u00a0\u00a0\u00a0\u00a0\u00a0\u00a0\u00a0\u00a0\u00a0\u00a0\u00a0\u00a0\u00a0\u00a0\u00a0\u00a0\u00a0\u00a0\u00a0\u00a0\u00a0\u00a0\u00a0\u00a0\u00a0\u00a0\u00a0\u00a0\u00a0\u00a0\u00a0 Una nueva teor\u00eda de la gravedad podr\u00eda explicar la <a href=\"#\" onclick=\"referencia('materia oscura',event); return false;\">materia oscura<\/a><\/p>\n<p>La nueva teor\u00eda de la gravedad emergente podr\u00eda explicar el curioso movimiento de las estrellas en las galaxias, seg\u00fan el experto en teor\u00eda de cuerdas Erik Verlinde, de la Universidad de Amsterdam. Esta &#8216;segunda ley de <a href=\"#\" onclick=\"referencia('newton',event); return false;\">Newton<\/a>&#8217; predice exactamente la misma desviaci\u00f3n de los movimientos que se suele explicar cuando se inserta la <a href=\"#\" onclick=\"referencia('materia oscura',event); return false;\">materia oscura<\/a> en la teor\u00eda.<\/p>\n<p>Leer mas: <a href=\"http:\/\/www.europapress.es\/ciencia\/astronomia\/noticia-nueva-teoria-gravedad-podria-explicar-materia-oscura-20161108124230.html\">http:\/\/www.europapress.es\/ciencia\/astronomia\/noticia-nueva-teoria-gravedad-podria-explicar-materia-oscura-20161108124230.html<\/a><\/p>\n<p><img decoding=\"async\" loading=\"lazy\" src=\"https:\/\/encrypted-tbn0.gstatic.com\/images?q=tbn:ANd9GcQnmUojbDYkWcg07RCemEGlNyYfv7CTpEjdWkCT2mguEpM6ZgcixQ\" alt=\"Resultado de imagen de Dos objetos distantes en el Espacio se atraen\" width=\"304\" height=\"322\" \/><\/p>\n<\/div>\n<\/div>\n<p style=\"text-align: justify;\" dir=\"ltr\">La propuesta de Verlinde afirma que la fuerza de la gravedad entre dos objetos muy distantes decae menos de lo que predijeron <a href=\"#\" onclick=\"referencia('newton',event); return false;\">Newton<\/a> y <a href=\"#\" onclick=\"referencia('einstein',event); return false;\">Einstein<\/a>. De esta forma, solo el empuje de la materia visible y la interacci\u00f3n con la energ\u00eda oscura bastan para explicar el comportamiento de las galaxias.<\/p>\n<p style=\"text-align: justify;\" dir=\"ltr\">Un equipo de astr\u00f3nomos de Holanda, Alemania, Reino Unido y Australia ha puesto a prueba esta teor\u00eda en observaciones de m\u00e1s de 33.000 galaxias. Sus conclusiones son que tanto la teor\u00eda de Verlinde como la de <a href=\"#\" onclick=\"referencia('einstein',event); return false;\">Einstein<\/a> sirven para explicar la curvatura de la luz por la gravedad. Pero las ecuaciones de Verlinde, resaltan los autores, explican esa distorsi\u00f3n sin necesidad de <a href=\"#\" onclick=\"referencia('materia oscura',event); return false;\">materia oscura<\/a>.<\/p>\n<p style=\"text-align: justify;\" dir=\"ltr\">\u201cEl resultado de esta primera prueba parece definitivamente interesante\u201d, ha dicho Margot Brower, astr\u00f3noma del Observatorio de Leiden y coautora del estudio, <a href=\"http:\/\/mnras.oxfordjournals.org\/content\/early\/2016\/12\/09\/mnras.stw3192\">publicado online<\/a> en <em>Monthly Notices of the Royal Astronomical Society<\/em>. \u201cAhora la pregunta es si esta nueva teor\u00eda sigue adelante y si se puede probar\u201d a mayor escala.<\/p>\n<p style=\"text-align: justify;\" dir=\"ltr\">\n<section id=\"sumario_1|foto\"><a name=\"sumario_1\"><\/a><\/section>\n<section><a name=\"sumario_1\"><\/a><\/section>\n<section id=\"sumario_1|foto\">\n<div>\n<figure itemprop=\"image\" itemscope=\"\" itemtype=\"http:\/\/schema.org\/ImageObject\"> <img decoding=\"async\" loading=\"lazy\" title=\"Erik Verlinde, f\u00edsico te\u00f3rico de la Universidad de \u00c1msterdam\" src=\"http:\/\/ep01.epimg.net\/elpais\/imagenes\/2016\/12\/21\/ciencia\/1482345722_637965_1482348391_sumario_normal.jpg\" alt=\"Erik Verlinde, f\u00edsico te\u00f3rico de la Universidad de \u00c1msterdam\" width=\"360\" height=\"541\" \/><\/figure>\n<\/div>\n<\/section>\n<p>&nbsp;<\/p>\n<p>&nbsp;<\/p>\n<p>&nbsp;<\/p>\n<p style=\"text-align: justify;\" dir=\"ltr\"><figcaption itemprop=\"caption\">\n<div>Erik Verlinde, f\u00edsico te\u00f3rico de la Universidad de \u00c1msterdam<\/div>\n<\/figcaption>&nbsp;<\/p>\n<p>&nbsp;<\/p>\n<p>&nbsp;<\/p>\n<\/div>\n<h3 style=\"text-align: justify;\" dir=\"ltr\">\u00c1rboles en medio del mar<\/h3>\n<p>&nbsp;<\/p>\n<p style=\"text-align: justify;\" dir=\"ltr\">Como te\u00f3rico de cuerdas,el trabajo del holand\u00e9s intenta conjugar la naturaleza cu\u00e1ntica de la realidad con los conceptos de espacio y tiempo de <a href=\"#\" onclick=\"referencia('einstein',event); return false;\">Einstein<\/a>, usando una sola teor\u00eda, un logro que ser\u00eda m\u00e1s importante que la <a href=\"#\" onclick=\"referencia('relatividad',event); return false;\">relatividad<\/a>. \u201cLo que propone Verlinde es que la energ\u00eda oscura revela que hay un entrelazamiento cu\u00e1ntico de larga distancia cuyo efecto ser\u00eda modificar las ecuaciones de la gravitaci\u00f3n cl\u00e1sicas a grandes distancias\u201d, explica Jos\u00e9 Luis Barb\u00f3n, investigador del Instituto de F\u00edsica Te\u00f3rica, en Madrid. \u201cLos f\u00edsicos vemos la gravitaci\u00f3n desde <a href=\"#\" onclick=\"referencia('einstein',event); return false;\">Einstein<\/a> como una deformaci\u00f3n del espacio-tiempo, pero aqu\u00ed la idea es que la elasticidad intr\u00ednseca del espacio es diferente de la habitual cuando te vas a distancias muy grandes, debido a ese entrelazamiento de larga distancia\u201d, a\u00f1ade.<\/p>\n<p style=\"text-align: justify;\" dir=\"ltr\"><img decoding=\"async\" loading=\"lazy\" src=\"https:\/\/i.ytimg.com\/vi\/13yZ8kxKxM8\/maxresdefault.jpg\" alt=\"Resultado de imagen de Juan Maldacena\" width=\"304\" height=\"171\" \/><\/p>\n<p style=\"text-align: justify;\" dir=\"ltr\">El argentino Juan Maldacena, uno de los f\u00edsicos te\u00f3ricos en cuyas ideas se ha inspirado Verlinde, destruye a su colega con una analog\u00eda. \u201cLos astrof\u00edsicos son como un navegante [&#8230;] que va en el medio del oc\u00e9ano\u201d y de repente se encuentran ramas de \u00e1rboles, se\u00f1ala. \u201cLa teor\u00eda de la <a href=\"#\" onclick=\"referencia('materia oscura',event); return false;\">materia oscura<\/a> es an\u00e1loga a concluir que debe haber una isla cerca, mientras que la teor\u00eda de Verlinde es an\u00e1loga a decir: \u2018Oh, hay algas con forma de ramas de \u00e1rboles que crecen en el mar&#8221; . \u201cCreo que es tan probable que su teor\u00eda sea cierta como que haya \u00e1rboles que crecen en el medio del mar\u201d, remacha este f\u00edsico te\u00f3rico del Instituto de Estudio Avanzado de Princeton, EE UU.<\/p>\n<p style=\"text-align: justify;\" dir=\"ltr\"><img decoding=\"async\" loading=\"lazy\" src=\"http:\/\/image.slidesharecdn.com\/darkmatterdarkenergy-121125164122-phpapp02\/95\/dark-matter-and-dark-energy-44-638.jpg?cb=1353861902\" alt=\"Resultado de imagen de Mordehai Milgrom\" width=\"304\" height=\"228\" \/><\/p>\n<p style=\"text-align: justify;\" dir=\"ltr\">\u00a0\u00a0 \u00a0 \u00a0 \u00a0 \u00a0 \u00a0 \u00a0 \u00a0\u00a0 \u00a0\u00a0\u00a0\u00a0\u00a0\u00a0\u00a0\u00a0\u00a0\u00a0\u00a0\u00a0 Mordehai Milgrom<\/p>\n<p style=\"text-align: justify;\" dir=\"ltr\">Mordehai Milgrom, del Instituto Weizmann, en Israel, dice que el trabajo es \u201cmuy bienvenido\u201d, porque ayuda a atraer a cient\u00edficos de disciplinas como la teor\u00eda de cuerdas al desarrollo de alternativas a la <a href=\"#\" onclick=\"referencia('relatividad',event); return false;\">relatividad<\/a>. Pero considera que la idea de Verlinde es a\u00fan \u201cmuy preliminar\u201d y \u201cest\u00e1 muy lejos de haber resuelto el problema de la <a href=\"#\" onclick=\"referencia('materia oscura',event); return false;\">materia oscura<\/a> con una teor\u00eda fundamental elegante\u201d. Milgrom desarroll\u00f3 en los 80 la din\u00e1mica newtoniana modificada (MOND, en sus siglas en ingl\u00e9s), que tambi\u00e9n niega que exista la <a href=\"#\" onclick=\"referencia('materia oscura',event); return false;\">materia oscura<\/a>. En su opini\u00f3n, la teor\u00eda de Verlinde es una derivada parcial de su propio trabajo, al que adem\u00e1s el f\u00edsico holand\u00e9s no habr\u00eda reconocido como debe.<\/p>\n<p style=\"text-align: justify;\" dir=\"ltr\"><img decoding=\"async\" loading=\"lazy\" src=\"http:\/\/new-universe.org\/zenphoto\/cache\/Chapter3\/Illustrations\/Abrams33_w580_h494.jpg\" alt=\"The distribution of matter also agrees with the Double Dark theory\" width=\"580\" height=\"494\" \/><\/p>\n<p style=\"text-align: justify;\" dir=\"ltr\">Todas estas teor\u00edas alternativas \u201cnaufragan bastante\u201d cuando intentan describir el universo a escalas mayores, como los c\u00famulos de galaxias, as\u00ed como la estructura detallada de la radiaci\u00f3n de fondo radiaci\u00f3n de fondo de microondas tras el <a href=\"#\" onclick=\"referencia('big bang',event); return false;\">Big Bang<\/a>, advierte Barb\u00f3n. \u201cLas ideas de Verlinde son interesantes, pero muy vagas\u201d, explica. \u201cEs enteramente posible que sean totalmente err\u00f3neas, aunque tambi\u00e9n es posible que encierren algo de verdad, en este momento son demasiado nebulosas como para emitir un veredicto\u201d, se\u00f1ala.<\/p>\n<p style=\"text-align: justify;\" dir=\"ltr\">Verlinde no ha respondido a las preguntas de Materia. <a href=\"https:\/\/www.youtube.com\/watch?v=ynRVnIh6wq4\">En un video facilitado por la Universidad de \u00c1msterdam<\/a>, dice que la manera de falsar su propuesta es \u201cdescubrir una part\u00edcula que describa\u201d el comportamiento de la gravedad \u201cen galaxias y grupos de galaxias\u201d, algo que, por ahora, nadie ha logrado<\/p>\n<\/div>\n<div class='bookmark'>\r\n\t\t<table align='left' border='0' cellpadding='0' width='100%'>\r\n\t\t<tr><td><span class='pushbutton'><a href='http:\/\/delicious.com\/post?url=https%3A%2F%2Fwww.emiliosilveravazquez.com%2Fblog%2F2016%2F12%2F27%2Fbuscando-nuevas-teorias%2F&amp;title=Buscando+nuevas+teor%C3%ADas' title='Delicious' target='_blank' rel='nofollow'><img src='https:\/\/www.emiliosilveravazquez.com\/blog\/wp-content\/plugins\/knxdt-bookmarks-wordpress-plugin\/images\/delicious.png'  alt='' class='book_img' border='none' style='margin:1px; padding: 0;'  \/><\/a><\/span><span class='pushbutton'><a href='http:\/\/digg.com\/submit?url=https%3A%2F%2Fwww.emiliosilveravazquez.com%2Fblog%2F2016%2F12%2F27%2Fbuscando-nuevas-teorias%2F&amp;title=Buscando+nuevas+teor%C3%ADas' title='Digg' target='_blank' rel='nofollow'><img src='https:\/\/www.emiliosilveravazquez.com\/blog\/wp-content\/plugins\/knxdt-bookmarks-wordpress-plugin\/images\/digg.png'  alt='' class='book_img' border='none' style='margin:1px; padding: 0;'  \/><\/a><\/span><span class='pushbutton'><a href='http:\/\/www.google.com\/bookmarks\/mark?op=edit&amp;bkmk=https%3A%2F%2Fwww.emiliosilveravazquez.com%2Fblog%2F2016%2F12%2F27%2Fbuscando-nuevas-teorias%2F&amp;title=Buscando+nuevas+teor%C3%ADas' title='Google' target='_blank' rel='nofollow'><img src='https:\/\/www.emiliosilveravazquez.com\/blog\/wp-content\/plugins\/knxdt-bookmarks-wordpress-plugin\/images\/google.png'   alt='' class='book_img' border='none' style='margin:1px; padding: 0;'  \/><\/a><\/span><span class='pushbutton'><a href='http:\/\/myweb2.search.yahoo.com\/myresults\/bookmarklet?u=https%3A%2F%2Fwww.emiliosilveravazquez.com%2Fblog%2F2016%2F12%2F27%2Fbuscando-nuevas-teorias%2F&amp;t=Buscando+nuevas+teor%C3%ADas' title='Yahoo' target='_blank' rel='nofollow'><img src='https:\/\/www.emiliosilveravazquez.com\/blog\/wp-content\/plugins\/knxdt-bookmarks-wordpress-plugin\/images\/yahoo.png'  alt='' class='book_img' border='none' style='margin:1px; padding: 0;'  \/><\/a><\/span><span class='pushbutton'><a href='http:\/\/www.technorati.com\/faves?add=https%3A%2F%2Fwww.emiliosilveravazquez.com%2Fblog%2F2016%2F12%2F27%2Fbuscando-nuevas-teorias%2F' title='Technorati' target='_blank' rel='nofollow'><img src='https:\/\/www.emiliosilveravazquez.com\/blog\/wp-content\/plugins\/knxdt-bookmarks-wordpress-plugin\/images\/technorati.png'  alt='' class='book_img' border='none' style='margin:1px; padding: 0;'  \/><\/a><\/span><span class='pushbutton'><a href='http:\/\/meneame.net\/submit.php?url=https%3A%2F%2Fwww.emiliosilveravazquez.com%2Fblog%2F2016%2F12%2F27%2Fbuscando-nuevas-teorias%2F' title='Meneame' target='_blank' rel='nofollow'><img src='https:\/\/www.emiliosilveravazquez.com\/blog\/wp-content\/plugins\/knxdt-bookmarks-wordpress-plugin\/images\/meneame.png'  alt='' class='book_img' border='none' style='margin:1px; padding: 0;'  \/><\/a><\/span><span class='pushbutton'><a href='http:\/\/enchilame.com\/submit.php?url=https:\/\/www.emiliosilveravazquez.com\/blog\/2016\/12\/27\/buscando-nuevas-teorias\/' target='_blank' rel='nofollow'><img title='Enchilame' src='https:\/\/www.emiliosilveravazquez.com\/blog\/wp-content\/plugins\/knxdt-bookmarks-wordpress-plugin\/images\/enchilame.png'  alt='' class='book_img' border='none' style='margin:1px; padding: 0;'  \/><\/a><\/span><span class='pushbutton'><a href='http:\/\/www.blinklist.com\/index.php?Action=Blink\/addblink.php&amp;Description=&amp;Url=https%3A%2F%2Fwww.emiliosilveravazquez.com%2Fblog%2F2016%2F12%2F27%2Fbuscando-nuevas-teorias%2F&amp;title=Buscando+nuevas+teor%C3%ADas' title='BlinkList' target='_blank' rel='nofollow'><img src='https:\/\/www.emiliosilveravazquez.com\/blog\/wp-content\/plugins\/knxdt-bookmarks-wordpress-plugin\/images\/blinklist.png'  alt='' class='book_img' border='none' style='margin:1px; padding: 0;'  \/><\/a><\/span><span class='pushbutton'><a href='http:\/\/reddit.com\/submit?url=https%3A%2F%2Fwww.emiliosilveravazquez.com%2Fblog%2F2016%2F12%2F27%2Fbuscando-nuevas-teorias%2F&amp;title=Buscando+nuevas+teor%C3%ADas' title='Reddit' target='_blank' rel='nofollow'><img src='https:\/\/www.emiliosilveravazquez.com\/blog\/wp-content\/plugins\/knxdt-bookmarks-wordpress-plugin\/images\/reddit.png'  alt='' class='book_img' border='none' style='margin:1px; padding: 0;'  \/><\/a><\/span><span class='pushbutton'><a href='http:\/\/www.tecnologiadiaria.com\/2009\/07\/abrir-com-hotmail-correo.html' target='_blank' title='hotmail'><img src='https:\/\/www.emiliosilveravazquez.com\/blog\/wp-content\/plugins\/knxdt-bookmarks-wordpress-plugin\/images\/linklove.png' alt='hotmail correo' class='book_img' border='none' style='margin:1px; padding: 0;' \/><\/a><\/span><span class='pushbutton'><a href='http:\/\/bitacoras.com\/votar\/anotacion\/externo\/mini\/www.emiliosilveravazquez.com\/blog\/2016\/12\/27\/buscando-nuevas-teorias\/' title='Bitacoras.com' target='_blank' rel='nofollow'><img src='https:\/\/www.emiliosilveravazquez.com\/blog\/wp-content\/plugins\/knxdt-bookmarks-wordpress-plugin\/images\/bitacoras.png'  alt='' class='book_img' border='none' style='margin:1px; padding: 0;'  \/><\/a><\/span><span class='pushbutton'><a href='http:\/\/www.wikio.es\/vote?url=https%3A%2F%2Fwww.emiliosilveravazquez.com%2Fblog%2F2016%2F12%2F27%2Fbuscando-nuevas-teorias%2F' title='Wikio' target='_blank' rel='nofollow'><img src='https:\/\/www.emiliosilveravazquez.com\/blog\/wp-content\/plugins\/knxdt-bookmarks-wordpress-plugin\/images\/wikio.png'   alt='' class='book_img' border='none' style='margin:1px; padding: 0;'   \/><\/a><\/span><span class='pushbutton'><a href='http:\/\/friendfeed.com\/?url=https%3A%2F%2Fwww.emiliosilveravazquez.com%2Fblog%2F2016%2F12%2F27%2Fbuscando-nuevas-teorias%2F&amp;title=Buscando+nuevas+teor%C3%ADas' title='Friend Feed' target='_blank' rel='nofollow'><img src='https:\/\/www.emiliosilveravazquez.com\/blog\/wp-content\/plugins\/knxdt-bookmarks-wordpress-plugin\/images\/friendfeed.png'  alt='' class='book_img' border='none' style='margin:1px; padding: 0;'  \/><\/a><\/span><span class='pushbutton'><a href='http:\/\/www.facebook.com\/share.php?u=https%3A%2F%2Fwww.emiliosilveravazquez.com%2Fblog%2F2016%2F12%2F27%2Fbuscando-nuevas-teorias%2F&amp;t=Buscando+nuevas+teor%C3%ADas' title='Facebook' target='_blank' rel='nofollow'><img src='https:\/\/www.emiliosilveravazquez.com\/blog\/wp-content\/plugins\/knxdt-bookmarks-wordpress-plugin\/images\/facebook.png'  alt='' class='book_img' border='none' style='margin:1px; padding: 0;'  \/><\/a><\/span><span class='pushbutton'><a href='http:\/\/twitter.com\/home?status=Buscando+nuevas+teor%C3%ADas: https%3A%2F%2Fwww.emiliosilveravazquez.com%2Fblog%2F2016%2F12%2F27%2Fbuscando-nuevas-teorias%2F' title='Twitter' target='_blank' rel='nofollow'><img src='https:\/\/www.emiliosilveravazquez.com\/blog\/wp-content\/plugins\/knxdt-bookmarks-wordpress-plugin\/images\/twitter.png'  alt='' class='book_img' border='none' style='margin:1px; padding: 0;'  \/><\/a><\/span><span class='pushbutton'><a href='http:\/\/www.feedburner.com\/fb\/a\/emailFlare?itemTitle=Buscando+nuevas+teor%C3%ADas&amp;uri=https%3A%2F%2Fwww.emiliosilveravazquez.com%2Fblog%2F2016%2F12%2F27%2Fbuscando-nuevas-teorias%2F' title='Enviar por Email' target='_blank' rel='nofollow'><img src='https:\/\/www.emiliosilveravazquez.com\/blog\/wp-content\/plugins\/knxdt-bookmarks-wordpress-plugin\/images\/email.png'  alt='' class='book_img' border='none' style='margin:1px; padding: 0;'  \/><\/a><\/span><span style='font-weight:bold; padding-left: 5px;'><a href='http:\/\/wordpress.org\/extend\/plugins\/knxdt-bookmarks-wordpress-plugin\/' title='Plugin' rel='nofollow' target='_blank'>[?]<\/a><\/span><\/td><\/tr><\/table><br\/><br\/><\/div>","protected":false},"excerpt":{"rendered":"<p>\u00a0Una teor\u00eda de la gravedad que cuestiona a Einstein pasa su primera prueba experimental &nbsp; Varios expertos plantean dudas sobre la propuesta del f\u00edsico holand\u00e9s Erik Verlinde Noticias de Prensa: El Pa\u00eds Dos personas observan la V\u00eda L\u00e1ctea en el cerro Paranal (Chile) ESO El holand\u00e9s Erik Verlinde acaba de provocar un peque\u00f1o terremoto al [&hellip;]<\/p>\n","protected":false},"author":2,"featured_media":0,"comment_status":"open","ping_status":"open","sticky":false,"template":"","format":"standard","meta":{"_s2mail":"yes","footnotes":""},"categories":[438],"tags":[],"_links":{"self":[{"href":"https:\/\/www.emiliosilveravazquez.com\/blog\/wp-json\/wp\/v2\/posts\/16947"}],"collection":[{"href":"https:\/\/www.emiliosilveravazquez.com\/blog\/wp-json\/wp\/v2\/posts"}],"about":[{"href":"https:\/\/www.emiliosilveravazquez.com\/blog\/wp-json\/wp\/v2\/types\/post"}],"author":[{"embeddable":true,"href":"https:\/\/www.emiliosilveravazquez.com\/blog\/wp-json\/wp\/v2\/users\/2"}],"replies":[{"embeddable":true,"href":"https:\/\/www.emiliosilveravazquez.com\/blog\/wp-json\/wp\/v2\/comments?post=16947"}],"version-history":[{"count":0,"href":"https:\/\/www.emiliosilveravazquez.com\/blog\/wp-json\/wp\/v2\/posts\/16947\/revisions"}],"wp:attachment":[{"href":"https:\/\/www.emiliosilveravazquez.com\/blog\/wp-json\/wp\/v2\/media?parent=16947"}],"wp:term":[{"taxonomy":"category","embeddable":true,"href":"https:\/\/www.emiliosilveravazquez.com\/blog\/wp-json\/wp\/v2\/categories?post=16947"},{"taxonomy":"post_tag","embeddable":true,"href":"https:\/\/www.emiliosilveravazquez.com\/blog\/wp-json\/wp\/v2\/tags?post=16947"}],"curies":[{"name":"wp","href":"https:\/\/api.w.org\/{rel}","templated":true}]}}