{"id":15769,"date":"2016-07-09T07:02:11","date_gmt":"2016-07-09T06:02:11","guid":{"rendered":"http:\/\/www.emiliosilveravazquez.com\/blog\/?p=15769"},"modified":"2016-07-09T07:02:11","modified_gmt":"2016-07-09T06:02:11","slug":"la-nebulosa-de-orion-y-sus-alrededores","status":"publish","type":"post","link":"https:\/\/www.emiliosilveravazquez.com\/blog\/2016\/07\/09\/la-nebulosa-de-orion-y-sus-alrededores\/","title":{"rendered":"La Nebulosa de Ori\u00f3n (y sus alrededores)"},"content":{"rendered":"<div><a href=\"http:\/\/apod.nasa.gov\/apod\/image\/1403\/dustyorion_fields_1900.jpg\"><img decoding=\"async\" id=\"imagenprincipal\" title=\"La nebulosa de Orion rodeada de polvo\" src=\"http:\/\/apod.nasa.gov\/apod\/image\/1403\/dustyorion_fields_960.jpg\" alt=\"La nebulosa de Orion rodeada de polvo\" \/><\/a><\/div>\n<div style=\"text-align: justify;\">Situada en la Constelaci\u00f3n de Ori\u00f3n, \u00e9sta Nebulosa del mismo nombre es nuestra vecina, dado que nosotros, es decir, el Sistema solar, se encuentra situado en el interior del Brazo de Ori\u00f3n de la V\u00eda L\u00e1ctea. Todas las estrellas principales visibles a simple vista forman parte del Brazo de Ori\u00f3n que se extiende hacia Cygnus en una direcci\u00f3n y hacia Puppis\u00a0 y Vela en la opuesta, algunos objetos situados en el Brazo de Ori\u00f3n\u00a0 son la Nebulosa Gun, la Nebulosa de Ori\u00f3n (arriba), la Nebulosa de Norteam\u00e9rica, el Bucle de Cygnus y la Gran Grieta.<\/div>\n<div style=\"text-align: justify;\"><img decoding=\"async\" src=\"http:\/\/www.monografias.com\/trabajos81\/origen-del-universo\/image019.jpg\" alt=\"Monografias.com\" \/><\/div>\n<div style=\"text-align: justify;\">Toda la\u00a0 regi\u00f3n de Ori\u00f3n, situada a unos 1.600 a\u00f1os-luz de distancia, est\u00e1 inundada de intrincados y\u00a0 arabescos filamentos de polvo. Opaca a la luz visible, el\u00a0pulso\u00a0se crea en la atm\u00f3sfera exterior de las\u00a0 estrellas masivas y fr\u00edas\u00a0y es expulsada por un intenso viento de part\u00edculas.\u00a0El Trapecio y otros c\u00famulos de formaci\u00f3n estelar est\u00e1n incrustados en la nebulosa.\u00a0En la imagen, los filamentos de polvo que rodean M 42 y M 43 aparecen en color gris, mientras que el gas brillante del centro est\u00e1 resaltado en marr\u00f3n y azul.\u00a0En los pr\u00f3ximos millones de a\u00f1os, la mayor parte del polvo de Ori\u00f3n ser\u00e1 lentamente diluido por las mismas estrellas que ahora se est\u00e1n formando, o bien se dispersar\u00e1 por la galaxia.<\/div>\n<div style=\"text-align: justify;\"><img decoding=\"async\" id=\"imagenprincipal\" title=\"El cintur\u00f3n de Ori\u00f3n\" src=\"http:\/\/antwrp.gsfc.nasa.gov\/apod\/image\/0902\/orion_mutti.jpg\" alt=\"El cintur\u00f3n de Ori\u00f3n\" \/><\/div>\n<div style=\"text-align: justify;\" data-href=\"http:\/\/observatorio.info\/2014\/03\/la-nebulosa-de-orion-rodeada-de-polvo\/\" data-send=\"false\" data-width=\"650\" data-show-faces=\"true\">El Cinturon de Ori\u00f3n est\u00e1 constituido por una linea de tres estrellas: Alnilam, Alnitak y Mintaka. La occura Cabeza de Caballo se introduce en una d\u00e9bil banda de luminosidad , IC 434, que llega hasta el sur de Alnitak.<\/div>\n<div style=\"text-align: justify;\" data-href=\"http:\/\/observatorio.info\/2014\/03\/la-nebulosa-de-orion-rodeada-de-polvo\/\" data-send=\"false\" data-width=\"650\" data-show-faces=\"true\"><img decoding=\"async\" id=\"imagenprincipal\" title=\"Ori\u00f3n entre gas, polvo y estrellas\" src=\"http:\/\/apod.nasa.gov\/apod\/image\/1411\/orion_colombari_1080c.jpg\" alt=\"Ori\u00f3n entre gas, polvo y estrellas\" \/><\/div>\n<div style=\"text-align: justify;\" data-href=\"http:\/\/observatorio.info\/2014\/03\/la-nebulosa-de-orion-rodeada-de-polvo\/\" data-send=\"false\" data-width=\"650\" data-show-faces=\"true\">La Gran Ori\u00f3n es una impresionante Constelaci\u00f3n en el ecuador celeste que representa al Gran Cazador de la mitolog\u00eda griega. Ori\u00f3n est\u00e1 delineada por las impresionantes estrellas Betelgeuse, Rigel, Bellatrix y Saiph. En esta constelaci\u00f3n confluyen objetos de cuya observaci\u00f3n se han podido obtener valiosas consecuencias y, hemos podido comprobar como se forman las nuevas estrellas y nuevos mundos en la formaci\u00f3n de nuevos Sistemas planetarios.<\/div>\n<div style=\"text-align: justify;\" data-href=\"http:\/\/observatorio.info\/2014\/03\/la-nebulosa-de-orion-rodeada-de-polvo\/\" data-send=\"false\" data-width=\"650\" data-show-faces=\"true\">emilio silvera<\/div>\n<div class='bookmark'>\r\n\t\t<table align='left' border='0' cellpadding='0' width='100%'>\r\n\t\t<tr><td><span class='pushbutton'><a href='http:\/\/delicious.com\/post?url=https%3A%2F%2Fwww.emiliosilveravazquez.com%2Fblog%2F2016%2F07%2F09%2Fla-nebulosa-de-orion-y-sus-alrededores%2F&amp;title=La+Nebulosa+de+Ori%C3%B3n+%28y+sus+alrededores%29' title='Delicious' target='_blank' rel='nofollow'><img src='https:\/\/www.emiliosilveravazquez.com\/blog\/wp-content\/plugins\/knxdt-bookmarks-wordpress-plugin\/images\/delicious.png'  alt='' class='book_img' border='none' style='margin:1px; padding: 0;'  \/><\/a><\/span><span class='pushbutton'><a href='http:\/\/digg.com\/submit?url=https%3A%2F%2Fwww.emiliosilveravazquez.com%2Fblog%2F2016%2F07%2F09%2Fla-nebulosa-de-orion-y-sus-alrededores%2F&amp;title=La+Nebulosa+de+Ori%C3%B3n+%28y+sus+alrededores%29' title='Digg' target='_blank' rel='nofollow'><img src='https:\/\/www.emiliosilveravazquez.com\/blog\/wp-content\/plugins\/knxdt-bookmarks-wordpress-plugin\/images\/digg.png'  alt='' class='book_img' border='none' style='margin:1px; padding: 0;'  \/><\/a><\/span><span class='pushbutton'><a href='http:\/\/www.google.com\/bookmarks\/mark?op=edit&amp;bkmk=https%3A%2F%2Fwww.emiliosilveravazquez.com%2Fblog%2F2016%2F07%2F09%2Fla-nebulosa-de-orion-y-sus-alrededores%2F&amp;title=La+Nebulosa+de+Ori%C3%B3n+%28y+sus+alrededores%29' title='Google' target='_blank' rel='nofollow'><img src='https:\/\/www.emiliosilveravazquez.com\/blog\/wp-content\/plugins\/knxdt-bookmarks-wordpress-plugin\/images\/google.png'   alt='' class='book_img' border='none' style='margin:1px; padding: 0;'  \/><\/a><\/span><span class='pushbutton'><a href='http:\/\/myweb2.search.yahoo.com\/myresults\/bookmarklet?u=https%3A%2F%2Fwww.emiliosilveravazquez.com%2Fblog%2F2016%2F07%2F09%2Fla-nebulosa-de-orion-y-sus-alrededores%2F&amp;t=La+Nebulosa+de+Ori%C3%B3n+%28y+sus+alrededores%29' title='Yahoo' target='_blank' rel='nofollow'><img src='https:\/\/www.emiliosilveravazquez.com\/blog\/wp-content\/plugins\/knxdt-bookmarks-wordpress-plugin\/images\/yahoo.png'  alt='' class='book_img' border='none' style='margin:1px; padding: 0;'  \/><\/a><\/span><span class='pushbutton'><a href='http:\/\/www.technorati.com\/faves?add=https%3A%2F%2Fwww.emiliosilveravazquez.com%2Fblog%2F2016%2F07%2F09%2Fla-nebulosa-de-orion-y-sus-alrededores%2F' title='Technorati' target='_blank' rel='nofollow'><img src='https:\/\/www.emiliosilveravazquez.com\/blog\/wp-content\/plugins\/knxdt-bookmarks-wordpress-plugin\/images\/technorati.png'  alt='' class='book_img' border='none' style='margin:1px; padding: 0;'  \/><\/a><\/span><span class='pushbutton'><a href='http:\/\/meneame.net\/submit.php?url=https%3A%2F%2Fwww.emiliosilveravazquez.com%2Fblog%2F2016%2F07%2F09%2Fla-nebulosa-de-orion-y-sus-alrededores%2F' title='Meneame' target='_blank' rel='nofollow'><img src='https:\/\/www.emiliosilveravazquez.com\/blog\/wp-content\/plugins\/knxdt-bookmarks-wordpress-plugin\/images\/meneame.png'  alt='' class='book_img' border='none' style='margin:1px; padding: 0;'  \/><\/a><\/span><span class='pushbutton'><a href='http:\/\/enchilame.com\/submit.php?url=https:\/\/www.emiliosilveravazquez.com\/blog\/2016\/07\/09\/la-nebulosa-de-orion-y-sus-alrededores\/' target='_blank' rel='nofollow'><img title='Enchilame' src='https:\/\/www.emiliosilveravazquez.com\/blog\/wp-content\/plugins\/knxdt-bookmarks-wordpress-plugin\/images\/enchilame.png'  alt='' class='book_img' border='none' style='margin:1px; padding: 0;'  \/><\/a><\/span><span class='pushbutton'><a href='http:\/\/www.blinklist.com\/index.php?Action=Blink\/addblink.php&amp;Description=&amp;Url=https%3A%2F%2Fwww.emiliosilveravazquez.com%2Fblog%2F2016%2F07%2F09%2Fla-nebulosa-de-orion-y-sus-alrededores%2F&amp;title=La+Nebulosa+de+Ori%C3%B3n+%28y+sus+alrededores%29' title='BlinkList' target='_blank' rel='nofollow'><img src='https:\/\/www.emiliosilveravazquez.com\/blog\/wp-content\/plugins\/knxdt-bookmarks-wordpress-plugin\/images\/blinklist.png'  alt='' class='book_img' border='none' style='margin:1px; padding: 0;'  \/><\/a><\/span><span class='pushbutton'><a href='http:\/\/reddit.com\/submit?url=https%3A%2F%2Fwww.emiliosilveravazquez.com%2Fblog%2F2016%2F07%2F09%2Fla-nebulosa-de-orion-y-sus-alrededores%2F&amp;title=La+Nebulosa+de+Ori%C3%B3n+%28y+sus+alrededores%29' title='Reddit' target='_blank' rel='nofollow'><img src='https:\/\/www.emiliosilveravazquez.com\/blog\/wp-content\/plugins\/knxdt-bookmarks-wordpress-plugin\/images\/reddit.png'  alt='' class='book_img' border='none' style='margin:1px; padding: 0;'  \/><\/a><\/span><span class='pushbutton'><a href='http:\/\/www.tecnologiadiaria.com\/2009\/07\/abrir-com-hotmail-correo.html' target='_blank' title='hotmail'><img src='https:\/\/www.emiliosilveravazquez.com\/blog\/wp-content\/plugins\/knxdt-bookmarks-wordpress-plugin\/images\/linklove.png' alt='hotmail correo' class='book_img' border='none' style='margin:1px; padding: 0;' \/><\/a><\/span><span class='pushbutton'><a href='http:\/\/bitacoras.com\/votar\/anotacion\/externo\/mini\/www.emiliosilveravazquez.com\/blog\/2016\/07\/09\/la-nebulosa-de-orion-y-sus-alrededores\/' title='Bitacoras.com' target='_blank' rel='nofollow'><img src='https:\/\/www.emiliosilveravazquez.com\/blog\/wp-content\/plugins\/knxdt-bookmarks-wordpress-plugin\/images\/bitacoras.png'  alt='' class='book_img' border='none' style='margin:1px; padding: 0;'  \/><\/a><\/span><span class='pushbutton'><a href='http:\/\/www.wikio.es\/vote?url=https%3A%2F%2Fwww.emiliosilveravazquez.com%2Fblog%2F2016%2F07%2F09%2Fla-nebulosa-de-orion-y-sus-alrededores%2F' title='Wikio' target='_blank' rel='nofollow'><img src='https:\/\/www.emiliosilveravazquez.com\/blog\/wp-content\/plugins\/knxdt-bookmarks-wordpress-plugin\/images\/wikio.png'   alt='' class='book_img' border='none' style='margin:1px; padding: 0;'   \/><\/a><\/span><span class='pushbutton'><a href='http:\/\/friendfeed.com\/?url=https%3A%2F%2Fwww.emiliosilveravazquez.com%2Fblog%2F2016%2F07%2F09%2Fla-nebulosa-de-orion-y-sus-alrededores%2F&amp;title=La+Nebulosa+de+Ori%C3%B3n+%28y+sus+alrededores%29' title='Friend Feed' target='_blank' rel='nofollow'><img src='https:\/\/www.emiliosilveravazquez.com\/blog\/wp-content\/plugins\/knxdt-bookmarks-wordpress-plugin\/images\/friendfeed.png'  alt='' class='book_img' border='none' style='margin:1px; padding: 0;'  \/><\/a><\/span><span class='pushbutton'><a href='http:\/\/www.facebook.com\/share.php?u=https%3A%2F%2Fwww.emiliosilveravazquez.com%2Fblog%2F2016%2F07%2F09%2Fla-nebulosa-de-orion-y-sus-alrededores%2F&amp;t=La+Nebulosa+de+Ori%C3%B3n+%28y+sus+alrededores%29' title='Facebook' target='_blank' rel='nofollow'><img src='https:\/\/www.emiliosilveravazquez.com\/blog\/wp-content\/plugins\/knxdt-bookmarks-wordpress-plugin\/images\/facebook.png'  alt='' class='book_img' border='none' style='margin:1px; padding: 0;'  \/><\/a><\/span><span class='pushbutton'><a href='http:\/\/twitter.com\/home?status=La+Nebulosa+de+Ori%C3%B3n+%28y+sus+alrededores%29: https%3A%2F%2Fwww.emiliosilveravazquez.com%2Fblog%2F2016%2F07%2F09%2Fla-nebulosa-de-orion-y-sus-alrededores%2F' title='Twitter' target='_blank' rel='nofollow'><img src='https:\/\/www.emiliosilveravazquez.com\/blog\/wp-content\/plugins\/knxdt-bookmarks-wordpress-plugin\/images\/twitter.png'  alt='' class='book_img' border='none' style='margin:1px; padding: 0;'  \/><\/a><\/span><span class='pushbutton'><a href='http:\/\/www.feedburner.com\/fb\/a\/emailFlare?itemTitle=La+Nebulosa+de+Ori%C3%B3n+%28y+sus+alrededores%29&amp;uri=https%3A%2F%2Fwww.emiliosilveravazquez.com%2Fblog%2F2016%2F07%2F09%2Fla-nebulosa-de-orion-y-sus-alrededores%2F' title='Enviar por Email' target='_blank' rel='nofollow'><img src='https:\/\/www.emiliosilveravazquez.com\/blog\/wp-content\/plugins\/knxdt-bookmarks-wordpress-plugin\/images\/email.png'  alt='' class='book_img' border='none' style='margin:1px; padding: 0;'  \/><\/a><\/span><span style='font-weight:bold; padding-left: 5px;'><a href='http:\/\/wordpress.org\/extend\/plugins\/knxdt-bookmarks-wordpress-plugin\/' title='Plugin' rel='nofollow' target='_blank'>[?]<\/a><\/span><\/td><\/tr><\/table><br\/><br\/><\/div>","protected":false},"excerpt":{"rendered":"<p>Situada en la Constelaci\u00f3n de Ori\u00f3n, \u00e9sta Nebulosa del mismo nombre es nuestra vecina, dado que nosotros, es decir, el Sistema solar, se encuentra situado en el interior del Brazo de Ori\u00f3n de la V\u00eda L\u00e1ctea. Todas las estrellas principales visibles a simple vista forman parte del Brazo de Ori\u00f3n que se extiende hacia Cygnus [&hellip;]<\/p>\n","protected":false},"author":2,"featured_media":0,"comment_status":"open","ping_status":"open","sticky":false,"template":"","format":"standard","meta":{"_s2mail":"yes","footnotes":""},"categories":[459],"tags":[],"_links":{"self":[{"href":"https:\/\/www.emiliosilveravazquez.com\/blog\/wp-json\/wp\/v2\/posts\/15769"}],"collection":[{"href":"https:\/\/www.emiliosilveravazquez.com\/blog\/wp-json\/wp\/v2\/posts"}],"about":[{"href":"https:\/\/www.emiliosilveravazquez.com\/blog\/wp-json\/wp\/v2\/types\/post"}],"author":[{"embeddable":true,"href":"https:\/\/www.emiliosilveravazquez.com\/blog\/wp-json\/wp\/v2\/users\/2"}],"replies":[{"embeddable":true,"href":"https:\/\/www.emiliosilveravazquez.com\/blog\/wp-json\/wp\/v2\/comments?post=15769"}],"version-history":[{"count":0,"href":"https:\/\/www.emiliosilveravazquez.com\/blog\/wp-json\/wp\/v2\/posts\/15769\/revisions"}],"wp:attachment":[{"href":"https:\/\/www.emiliosilveravazquez.com\/blog\/wp-json\/wp\/v2\/media?parent=15769"}],"wp:term":[{"taxonomy":"category","embeddable":true,"href":"https:\/\/www.emiliosilveravazquez.com\/blog\/wp-json\/wp\/v2\/categories?post=15769"},{"taxonomy":"post_tag","embeddable":true,"href":"https:\/\/www.emiliosilveravazquez.com\/blog\/wp-json\/wp\/v2\/tags?post=15769"}],"curies":[{"name":"wp","href":"https:\/\/api.w.org\/{rel}","templated":true}]}}