{"id":15697,"date":"2016-07-03T05:19:04","date_gmt":"2016-07-03T04:19:04","guid":{"rendered":"http:\/\/www.emiliosilveravazquez.com\/blog\/?p=15697"},"modified":"2016-07-03T05:19:04","modified_gmt":"2016-07-03T04:19:04","slug":"%c2%bfestamos-en-peligro","status":"publish","type":"post","link":"https:\/\/www.emiliosilveravazquez.com\/blog\/2016\/07\/03\/%c2%bfestamos-en-peligro\/","title":{"rendered":"\u00bfEstamos en peligro?"},"content":{"rendered":"<p>&nbsp;<\/p>\n<article itemscope=\"\" itemtype=\"http:\/\/schema.org\/NewsArticle\">\n<div id=\"articulo_interior\">\n<header id=\"articulo-encabezado\">\n<div id=\"articulo-titulares\">\n<h1 id=\"articulo-titulo\">El mapa del ars\u00e9nico en Espa\u00f1a se asocia a un mayor riesgo de c\u00e1ncer<\/h1>\n<div>\n<h2>El elemento aparece de manera natural en el suelo, pero tambi\u00e9n por emisiones industriales<\/h2>\n<\/div>\n<aside id=\"compartir_superior\"><\/aside>\n<\/div>\n<\/header>\n<\/div>\n<\/article>\n<div>Publicado en El Pais.<\/div>\n<div style=\"text-align: justify;\"><img decoding=\"async\" loading=\"lazy\" src=\"http:\/\/images.slideplayer.es\/12\/3449753\/slides\/slide_3.jpg\" alt=\"\" width=\"304\" height=\"228\" \/><\/div>\n<div id=\"articulo_contenedor\">\n<figure itemprop=\"image\" itemscope=\"\" itemtype=\"http:\/\/schema.org\/ImageObject\"> <img decoding=\"async\" loading=\"lazy\" title=\"El mapa del ars\u00e9nico en Espa\u00f1a se asocia a un mayor riesgo de c\u00e1ncer\" src=\"http:\/\/ep01.epimg.net\/elpais\/imagenes\/2016\/06\/28\/ciencia\/1467135035_604531_1467213563_noticia_normal.png\" alt=\"El mapa del ars\u00e9nico en Espa\u00f1a se asocia a un mayor riesgo de c\u00e1ncer\" width=\"980\" height=\"1060\" \/> <\/figure>\n<div id=\"cuerpo_noticia\">\n<p style=\"text-align: justify;\">Cient\u00edficos del Centro Nacional de Epidemiolog\u00eda han detectado una \u201casociaci\u00f3n estad\u00edstica\u201d entre la concentraci\u00f3n de ars\u00e9nico en el suelo y una mayor mortalidad por diferentes tipos de c\u00e1ncer en Espa\u00f1a. El elemento qu\u00edmico aparece en mayor cantidad de manera natural en suelos de Galicia, Almer\u00eda, Castell\u00f3n, Asturias, Madrid y Lleida, entre otras regiones, aunque la proximidad de industrias que emiten ars\u00e9nico \u2014como las centrales t\u00e9rmicas de carb\u00f3n, las incineradoras y los hornos de fundici\u00f3n\u2014 eleva ligeramente su concentraci\u00f3n.<\/p>\n<p style=\"text-align: justify;\">El estudio, liderado por los epidemi\u00f3logos <a href=\"http:\/\/www.isciii.es\/ISCIII\/es\/contenidos\/fd-el-instituto\/fd-organizacion\/fd-estructura-directiva\/fd-subdireccion-general-servicios-aplicados-formacion-investigacion\/fd-centros-unidades\/fd-centro-nacional-de-epidemiologia\/areas-y-unidades-cne.shtml\" target=\"_blank\">Gonzalo L\u00f3pez Abente<\/a> y Olivier N\u00fa\u00f1ez, ha analizado m\u00e1s de 860.000 muertes por c\u00e1ncer en casi 8.000 municipios espa\u00f1oles, ocurridas entre 1999 y 2008. La mortalidad por c\u00e1ncer de est\u00f3mago, p\u00e1ncreas, pulm\u00f3n, cerebro y linfoma no Hodgkin se eleva en los lugares con niveles m\u00e1s altos de ars\u00e9nico. Las concentraciones de este metaloide se han obtenido del <a href=\"http:\/\/www.igme.es\/actividadesIGME\/lineas\/CartoGeo\/geoquimica\/geoquimicaEsp.htm\" target=\"_blank\">Atlas Geoqu\u00edmico<\/a>, una obra elaborada por el Instituto Geol\u00f3gico y Minero de Espa\u00f1a a partir de la toma de muestras en 13.000 localizaciones diferentes del pa\u00eds.<\/p>\n<div><img decoding=\"async\" loading=\"lazy\" src=\"http:\/\/image.slidesharecdn.com\/quimicaamb2-150526214824-lva1-app6891\/95\/arsenico-causa-efectos-contaminacin-ambiental-vas-de-ingreso-al-organismo-medidas-de-mitigacion-1-638.jpg?cb=1432677075\" alt=\"\" width=\"304\" height=\"228\" \/><\/div>\n<div><a name=\"sumario_1\"><\/a><\/div>\n<p style=\"text-align: justify;\">\n<section id=\"sumario_1|html\">\n<div>\n<div>\n<p>La mortalidad por c\u00e1ncer de est\u00f3mago, p\u00e1ncreas, pulm\u00f3n y cerebro se eleva en los lugares con niveles m\u00e1s altos de ars\u00e9nico<\/p>\n<\/div>\n<\/div>\n<\/section>\n<p>&nbsp;<\/p>\n<p style=\"text-align: justify;\">\u201cEs muy dif\u00edcil trasladar nuestros resultados a una cifra de riesgo en la poblaci\u00f3n\u201d, explica L\u00f3pez Abente. Su estudio, publicado en la revista especializada <a href=\"http:\/\/link.springer.com\/article\/10.1007%2Fs11356-016-6806-y\" target=\"_blank\"><em>Environmental Science and Pollution Research<\/em><\/a>, eval\u00faa el efecto de la exposici\u00f3n al ars\u00e9nico sobre la mortalidad a nivel del municipio, no de un individuo. \u201cS\u00ed se ve un aumento paulatino del riesgo relativo con el nivel de concentraci\u00f3n en suelo\u201d, se\u00f1ala.<\/p>\n<p style=\"text-align: justify;\">L\u00f3pez Abente habla de riesgos relativos, no absolutos. El riesgo de morir por un tipo concreto de c\u00e1ncer puede ser el doble en una regi\u00f3n respecto a otra, aunque el riesgo absoluto siga siendo peque\u00f1o. Factores como el consumo de tabaco, alcohol y comida basura son habitualmente mucho m\u00e1s decisivos. El hecho de residir en un municipio con niveles de ars\u00e9nico por encima de la media \u201cno implica que su localizaci\u00f3n espacial por s\u00ed misma origine un c\u00e1ncer\u201d, recalca el investigador.<\/p>\n<p style=\"text-align: justify;\">\n<section id=\"sumario_3|foto\"><a name=\"sumario_3\"><\/a><\/section>\n<p>&nbsp;<\/p>\n<div>\n<figure itemprop=\"image\" itemscope=\"\" itemtype=\"http:\/\/schema.org\/ImageObject\"> <a title=\"ampliar foto\"> <img decoding=\"async\" loading=\"lazy\" title=\"Arrozales en Do\u00f1ana, en el suroeste de Andaluc\u00eda.\" src=\"http:\/\/ep01.epimg.net\/elpais\/imagenes\/2016\/06\/28\/ciencia\/1467135035_604531_1467220304_sumario_normal.jpg\" alt=\"Arrozales en Do\u00f1ana, en el suroeste de Andaluc\u00eda.\" width=\"980\" height=\"652\" \/> <\/a><\/figure>\n<\/div>\n<div>\n<figure itemprop=\"image\" itemscope=\"\" itemtype=\"http:\/\/schema.org\/ImageObject\"><figcaption itemprop=\"caption\">\u00a0\u00a0\u00a0\u00a0\u00a0\u00a0\u00a0\u00a0\u00a0\u00a0\u00a0\u00a0\u00a0\u00a0\u00a0\u00a0\u00a0\u00a0\u00a0\u00a0\u00a0\u00a0\u00a0\u00a0\u00a0\u00a0\u00a0\u00a0\u00a0\u00a0\u00a0\u00a0\u00a0\u00a0\u00a0\u00a0\u00a0\u00a0\u00a0\u00a0\u00a0\u00a0\u00a0\u00a0\u00a0 Arrozales en Do\u00f1ana, en el suroeste de Andaluc\u00eda. Juli\u00e1n Rojas <\/figcaption><\/figure>\n<\/div>\n<p style=\"text-align: justify;\">El epidemi\u00f3logo es una referencia en el estudio de la distribuci\u00f3n espacial de la mortalidad por c\u00e1ncer. Sus trabajos anteriores hab\u00edan desvelado <a href=\"http:\/\/elpais.com\/elpais\/2014\/09\/30\/ciencia\/1412091987_955227.html\" target=\"_blank\">patrones geogr\u00e1ficos<\/a> que persist\u00edan en el tiempo para algunos tumores, tanto en hombres como en mujeres. \u201cEstas caracter\u00edsticas, en teor\u00eda, ser\u00edan comunes a tumores que comparten factores de riesgo. Entre estos factores, bien podr\u00eda estar la composici\u00f3n qu\u00edmica del suelo\u201d, a\u00f1ade. \u201cEl ars\u00e9nico es un conocido carcin\u00f3geno en tejidos como piel, pulm\u00f3n, vejiga, h\u00edgado y ri\u00f1\u00f3n\u201d.<\/p>\n<p style=\"text-align: justify;\">El ars\u00e9nico se libera por procesos naturales, como la erosi\u00f3n de las rocas o los incendios forestales, pero tambi\u00e9n a trav\u00e9s de las emisiones industriales y de su uso como conservante de la madera, herbicida o insecticida, <a href=\"http:\/\/www.aecosan.msssi.gob.es\/AECOSAN\/web\/seguridad_alimentaria\/ampliacion\/arsenico.shtml\" target=\"_blank\">seg\u00fan la Agencia Espa\u00f1ola de Consumo, Seguridad Alimentaria y Nutrici\u00f3n<\/a>. La principal fuente de exposici\u00f3n humana al ars\u00e9nico es la ingesta de alimentos, sobre todo arroz, y de agua. Tambi\u00e9n tiene un papel el aire que se respira, con polvo en suspensi\u00f3n.<\/p>\n<p style=\"text-align: justify;\">Los autores reconocen \u201cmuchos\u201d talones de Aquiles en su investigaci\u00f3n. \u201cEl estudio supone impl\u00edcitamente que es la concentraci\u00f3n de ars\u00e9nico en suelo lo que condiciona la exposici\u00f3n a este elemento. Sin embargo, se carece de informaci\u00f3n sobre posibles variables de confusi\u00f3n importantes, como es el consumo de tabaco\u201d, reconoce L\u00f3pez Abente. Su equipo ha hecho un esfuerzo para controlar el efecto de estas potenciales variables de confusi\u00f3n, ajustando su an\u00e1lisis a varias componentes sociodemogr\u00e1ficas.<\/p>\n<p style=\"text-align: justify;\"><img decoding=\"async\" loading=\"lazy\" src=\"http:\/\/imagenes.lainformacion.com\/2011\/12\/07\/salud\/investigacion-medica\/arsenico-arroz-representa-riesgo-embarazo_430767793_28237356_667x375.jpg\" alt=\"\" width=\"304\" height=\"171\" \/><img decoding=\"async\" loading=\"lazy\" src=\"http:\/\/www.proyecto-salud.com.ar\/imagenes\/arsenico_agua_contaminada_tmb.jpg\" alt=\"\" width=\"149\" height=\"96\" \/><\/p>\n<p style=\"text-align: justify;\">\u00a0\u00a0\u00a0\u00a0\u00a0\u00a0\u00a0\u00a0\u00a0\u00a0\u00a0\u00a0\u00a0\u00a0\u00a0\u00a0\u00a0\u00a0\u00a0\u00a0\u00a0\u00a0\u00a0\u00a0\u00a0\u00a0\u00a0\u00a0\u00a0 Ars\u00e9nico en el arroz y en aguas contaminadas<\/p>\n<p style=\"text-align: justify;\">\n<section id=\"sumario_2|html\"><a name=\"sumario_2\"><\/a><\/section>\n<p>&nbsp;<\/p>\n<div>\n<div>\n<p>La principal fuente de exposici\u00f3n humana al ars\u00e9nico es la ingesta de alimentos, sobre todo arroz, y de agua<\/p>\n<\/div>\n<\/div>\n<p style=\"text-align: justify;\">El epidemi\u00f3logo <a href=\"http:\/\/bioinfo.iconcologia.net\/es\/content\/esteve-fernandez\" target=\"_blank\">Esteve Fern\u00e1ndez<\/a>, ajeno al equipo de L\u00f3pez Abente, reconoce la \u201cplausibilidad biol\u00f3gica de la asociaci\u00f3n\u201d entre el ars\u00e9nico en el suelo y el c\u00e1ncer. Fern\u00e1ndez, presidente de la Sociedad Espa\u00f1ola de Epidemiolog\u00eda, considera \u201crelevante\u201d el estudio, \u201cbien dise\u00f1ado y ejecutado\u201d. Advierte, no obstante, del riesgo de \u201cfalacia ecol\u00f3gica\u201d: inferir caracter\u00edsticas de un individuo a partir de los datos estad\u00edsticos del grupo. Que dos eventos aparezcan juntos, correlacionados, no implica que est\u00e9n ligados causalmente.<\/p>\n<p style=\"text-align: justify;\">L\u00f3pez Abente cree que, \u201csi se confirmasen estos resultados\u201d, habr\u00eda que \u201ccontrolar y limitar los niveles de ars\u00e9nico en el suelo y en los alimentos\u201d, como sugiere el consenso cient\u00edfico. Su trabajo, opina Fern\u00e1ndez, \u201cdeber\u00eda propiciar otros estudios\u201d.<\/p>\n<\/div>\n<\/div>\n<div class='bookmark'>\r\n\t\t<table align='left' border='0' cellpadding='0' width='100%'>\r\n\t\t<tr><td><span class='pushbutton'><a href='http:\/\/delicious.com\/post?url=https%3A%2F%2Fwww.emiliosilveravazquez.com%2Fblog%2F2016%2F07%2F03%2F%25c2%25bfestamos-en-peligro%2F&amp;title=%C2%BFEstamos+en+peligro%3F' title='Delicious' target='_blank' rel='nofollow'><img src='https:\/\/www.emiliosilveravazquez.com\/blog\/wp-content\/plugins\/knxdt-bookmarks-wordpress-plugin\/images\/delicious.png'  alt='' class='book_img' border='none' style='margin:1px; padding: 0;'  \/><\/a><\/span><span class='pushbutton'><a href='http:\/\/digg.com\/submit?url=https%3A%2F%2Fwww.emiliosilveravazquez.com%2Fblog%2F2016%2F07%2F03%2F%25c2%25bfestamos-en-peligro%2F&amp;title=%C2%BFEstamos+en+peligro%3F' title='Digg' target='_blank' rel='nofollow'><img src='https:\/\/www.emiliosilveravazquez.com\/blog\/wp-content\/plugins\/knxdt-bookmarks-wordpress-plugin\/images\/digg.png'  alt='' class='book_img' border='none' style='margin:1px; padding: 0;'  \/><\/a><\/span><span class='pushbutton'><a href='http:\/\/www.google.com\/bookmarks\/mark?op=edit&amp;bkmk=https%3A%2F%2Fwww.emiliosilveravazquez.com%2Fblog%2F2016%2F07%2F03%2F%25c2%25bfestamos-en-peligro%2F&amp;title=%C2%BFEstamos+en+peligro%3F' title='Google' target='_blank' rel='nofollow'><img src='https:\/\/www.emiliosilveravazquez.com\/blog\/wp-content\/plugins\/knxdt-bookmarks-wordpress-plugin\/images\/google.png'   alt='' class='book_img' border='none' style='margin:1px; padding: 0;'  \/><\/a><\/span><span class='pushbutton'><a href='http:\/\/myweb2.search.yahoo.com\/myresults\/bookmarklet?u=https%3A%2F%2Fwww.emiliosilveravazquez.com%2Fblog%2F2016%2F07%2F03%2F%25c2%25bfestamos-en-peligro%2F&amp;t=%C2%BFEstamos+en+peligro%3F' title='Yahoo' target='_blank' rel='nofollow'><img src='https:\/\/www.emiliosilveravazquez.com\/blog\/wp-content\/plugins\/knxdt-bookmarks-wordpress-plugin\/images\/yahoo.png'  alt='' class='book_img' border='none' style='margin:1px; padding: 0;'  \/><\/a><\/span><span class='pushbutton'><a href='http:\/\/www.technorati.com\/faves?add=https%3A%2F%2Fwww.emiliosilveravazquez.com%2Fblog%2F2016%2F07%2F03%2F%25c2%25bfestamos-en-peligro%2F' title='Technorati' target='_blank' rel='nofollow'><img src='https:\/\/www.emiliosilveravazquez.com\/blog\/wp-content\/plugins\/knxdt-bookmarks-wordpress-plugin\/images\/technorati.png'  alt='' class='book_img' border='none' style='margin:1px; padding: 0;'  \/><\/a><\/span><span class='pushbutton'><a href='http:\/\/meneame.net\/submit.php?url=https%3A%2F%2Fwww.emiliosilveravazquez.com%2Fblog%2F2016%2F07%2F03%2F%25c2%25bfestamos-en-peligro%2F' title='Meneame' target='_blank' rel='nofollow'><img src='https:\/\/www.emiliosilveravazquez.com\/blog\/wp-content\/plugins\/knxdt-bookmarks-wordpress-plugin\/images\/meneame.png'  alt='' class='book_img' border='none' style='margin:1px; padding: 0;'  \/><\/a><\/span><span class='pushbutton'><a href='http:\/\/enchilame.com\/submit.php?url=https:\/\/www.emiliosilveravazquez.com\/blog\/2016\/07\/03\/%c2%bfestamos-en-peligro\/' target='_blank' rel='nofollow'><img title='Enchilame' src='https:\/\/www.emiliosilveravazquez.com\/blog\/wp-content\/plugins\/knxdt-bookmarks-wordpress-plugin\/images\/enchilame.png'  alt='' class='book_img' border='none' style='margin:1px; padding: 0;'  \/><\/a><\/span><span class='pushbutton'><a href='http:\/\/www.blinklist.com\/index.php?Action=Blink\/addblink.php&amp;Description=&amp;Url=https%3A%2F%2Fwww.emiliosilveravazquez.com%2Fblog%2F2016%2F07%2F03%2F%25c2%25bfestamos-en-peligro%2F&amp;title=%C2%BFEstamos+en+peligro%3F' title='BlinkList' target='_blank' rel='nofollow'><img src='https:\/\/www.emiliosilveravazquez.com\/blog\/wp-content\/plugins\/knxdt-bookmarks-wordpress-plugin\/images\/blinklist.png'  alt='' class='book_img' border='none' style='margin:1px; padding: 0;'  \/><\/a><\/span><span class='pushbutton'><a href='http:\/\/reddit.com\/submit?url=https%3A%2F%2Fwww.emiliosilveravazquez.com%2Fblog%2F2016%2F07%2F03%2F%25c2%25bfestamos-en-peligro%2F&amp;title=%C2%BFEstamos+en+peligro%3F' title='Reddit' target='_blank' rel='nofollow'><img src='https:\/\/www.emiliosilveravazquez.com\/blog\/wp-content\/plugins\/knxdt-bookmarks-wordpress-plugin\/images\/reddit.png'  alt='' class='book_img' border='none' style='margin:1px; padding: 0;'  \/><\/a><\/span><span class='pushbutton'><a href='http:\/\/www.tecnologiadiaria.com\/2009\/07\/abrir-com-hotmail-correo.html' target='_blank' title='hotmail'><img src='https:\/\/www.emiliosilveravazquez.com\/blog\/wp-content\/plugins\/knxdt-bookmarks-wordpress-plugin\/images\/linklove.png' alt='hotmail correo' class='book_img' border='none' style='margin:1px; padding: 0;' \/><\/a><\/span><span class='pushbutton'><a href='http:\/\/bitacoras.com\/votar\/anotacion\/externo\/mini\/www.emiliosilveravazquez.com\/blog\/2016\/07\/03\/%c2%bfestamos-en-peligro\/' title='Bitacoras.com' target='_blank' rel='nofollow'><img src='https:\/\/www.emiliosilveravazquez.com\/blog\/wp-content\/plugins\/knxdt-bookmarks-wordpress-plugin\/images\/bitacoras.png'  alt='' class='book_img' border='none' style='margin:1px; padding: 0;'  \/><\/a><\/span><span class='pushbutton'><a href='http:\/\/www.wikio.es\/vote?url=https%3A%2F%2Fwww.emiliosilveravazquez.com%2Fblog%2F2016%2F07%2F03%2F%25c2%25bfestamos-en-peligro%2F' title='Wikio' target='_blank' rel='nofollow'><img src='https:\/\/www.emiliosilveravazquez.com\/blog\/wp-content\/plugins\/knxdt-bookmarks-wordpress-plugin\/images\/wikio.png'   alt='' class='book_img' border='none' style='margin:1px; padding: 0;'   \/><\/a><\/span><span class='pushbutton'><a href='http:\/\/friendfeed.com\/?url=https%3A%2F%2Fwww.emiliosilveravazquez.com%2Fblog%2F2016%2F07%2F03%2F%25c2%25bfestamos-en-peligro%2F&amp;title=%C2%BFEstamos+en+peligro%3F' title='Friend Feed' target='_blank' rel='nofollow'><img src='https:\/\/www.emiliosilveravazquez.com\/blog\/wp-content\/plugins\/knxdt-bookmarks-wordpress-plugin\/images\/friendfeed.png'  alt='' class='book_img' border='none' style='margin:1px; padding: 0;'  \/><\/a><\/span><span class='pushbutton'><a href='http:\/\/www.facebook.com\/share.php?u=https%3A%2F%2Fwww.emiliosilveravazquez.com%2Fblog%2F2016%2F07%2F03%2F%25c2%25bfestamos-en-peligro%2F&amp;t=%C2%BFEstamos+en+peligro%3F' title='Facebook' target='_blank' rel='nofollow'><img src='https:\/\/www.emiliosilveravazquez.com\/blog\/wp-content\/plugins\/knxdt-bookmarks-wordpress-plugin\/images\/facebook.png'  alt='' class='book_img' border='none' style='margin:1px; padding: 0;'  \/><\/a><\/span><span class='pushbutton'><a href='http:\/\/twitter.com\/home?status=%C2%BFEstamos+en+peligro%3F: https%3A%2F%2Fwww.emiliosilveravazquez.com%2Fblog%2F2016%2F07%2F03%2F%25c2%25bfestamos-en-peligro%2F' title='Twitter' target='_blank' rel='nofollow'><img src='https:\/\/www.emiliosilveravazquez.com\/blog\/wp-content\/plugins\/knxdt-bookmarks-wordpress-plugin\/images\/twitter.png'  alt='' class='book_img' border='none' style='margin:1px; padding: 0;'  \/><\/a><\/span><span class='pushbutton'><a href='http:\/\/www.feedburner.com\/fb\/a\/emailFlare?itemTitle=%C2%BFEstamos+en+peligro%3F&amp;uri=https%3A%2F%2Fwww.emiliosilveravazquez.com%2Fblog%2F2016%2F07%2F03%2F%25c2%25bfestamos-en-peligro%2F' title='Enviar por Email' target='_blank' rel='nofollow'><img src='https:\/\/www.emiliosilveravazquez.com\/blog\/wp-content\/plugins\/knxdt-bookmarks-wordpress-plugin\/images\/email.png'  alt='' class='book_img' border='none' style='margin:1px; padding: 0;'  \/><\/a><\/span><span style='font-weight:bold; padding-left: 5px;'><a href='http:\/\/wordpress.org\/extend\/plugins\/knxdt-bookmarks-wordpress-plugin\/' title='Plugin' rel='nofollow' target='_blank'>[?]<\/a><\/span><\/td><\/tr><\/table><br\/><br\/><\/div>","protected":false},"excerpt":{"rendered":"<p>&nbsp; El mapa del ars\u00e9nico en Espa\u00f1a se asocia a un mayor riesgo de c\u00e1ncer El elemento aparece de manera natural en el suelo, pero tambi\u00e9n por emisiones industriales Publicado en El Pais. Cient\u00edficos del Centro Nacional de Epidemiolog\u00eda han detectado una \u201casociaci\u00f3n estad\u00edstica\u201d entre la concentraci\u00f3n de ars\u00e9nico en el suelo y una mayor [&hellip;]<\/p>\n","protected":false},"author":2,"featured_media":0,"comment_status":"open","ping_status":"open","sticky":false,"template":"","format":"standard","meta":{"_s2mail":"yes","footnotes":""},"categories":[142],"tags":[],"_links":{"self":[{"href":"https:\/\/www.emiliosilveravazquez.com\/blog\/wp-json\/wp\/v2\/posts\/15697"}],"collection":[{"href":"https:\/\/www.emiliosilveravazquez.com\/blog\/wp-json\/wp\/v2\/posts"}],"about":[{"href":"https:\/\/www.emiliosilveravazquez.com\/blog\/wp-json\/wp\/v2\/types\/post"}],"author":[{"embeddable":true,"href":"https:\/\/www.emiliosilveravazquez.com\/blog\/wp-json\/wp\/v2\/users\/2"}],"replies":[{"embeddable":true,"href":"https:\/\/www.emiliosilveravazquez.com\/blog\/wp-json\/wp\/v2\/comments?post=15697"}],"version-history":[{"count":0,"href":"https:\/\/www.emiliosilveravazquez.com\/blog\/wp-json\/wp\/v2\/posts\/15697\/revisions"}],"wp:attachment":[{"href":"https:\/\/www.emiliosilveravazquez.com\/blog\/wp-json\/wp\/v2\/media?parent=15697"}],"wp:term":[{"taxonomy":"category","embeddable":true,"href":"https:\/\/www.emiliosilveravazquez.com\/blog\/wp-json\/wp\/v2\/categories?post=15697"},{"taxonomy":"post_tag","embeddable":true,"href":"https:\/\/www.emiliosilveravazquez.com\/blog\/wp-json\/wp\/v2\/tags?post=15697"}],"curies":[{"name":"wp","href":"https:\/\/api.w.org\/{rel}","templated":true}]}}