{"id":14324,"date":"2016-01-21T05:45:38","date_gmt":"2016-01-21T04:45:38","guid":{"rendered":"http:\/\/www.emiliosilveravazquez.com\/blog\/?p=14324"},"modified":"2016-01-21T05:45:38","modified_gmt":"2016-01-21T04:45:38","slug":"%c2%bfa-marte-en-20-anos-no-lo-veo-muy-probable","status":"publish","type":"post","link":"https:\/\/www.emiliosilveravazquez.com\/blog\/2016\/01\/21\/%c2%bfa-marte-en-20-anos-no-lo-veo-muy-probable\/","title":{"rendered":"\u00bfA Marte en 20 A\u00f1os? No lo veo muy probable"},"content":{"rendered":"<h1 style=\"text-align: justify;\">Ellen Stofan, jefa cient\u00edfica de la NASA: \u201cEl hombre llegar\u00e1 a Marte en 20 a\u00f1os\u201d<\/h1>\n<p style=\"text-align: justify;\">Por Zuberoa Marcos | 20-01-2016<\/p>\n<div>\n<div>\n<div>\n<div style=\"text-align: justify;\"><img decoding=\"async\" src=\"http:\/\/one.elpais.com\/wp-content\/uploads\/2016\/01\/600x6003-150x150.jpg\" alt=\"Ellen Stofan\" \/><\/p>\n<div>\n<h3>Ellen Stofan<\/h3>\n<p>Jefa cient\u00edfica de la NASA<\/p>\n<\/div>\n<\/div>\n<div>\n<p style=\"text-align: justify;\">Con cuatro a\u00f1os Ellen Stofan vio en directo por primera vez el lanzamiento de un cohete al espacio. Y siendo alumna de primaria ya animaba debates entre sus compa\u00f1eros de colegio acerca de la posibilidad de colonizar la Luna. No es extra\u00f1o teniendo en cuenta que se cri\u00f3 corriendo (es un decir) por los pasillos del Centro de Investigaci\u00f3n Lewis de la NASA en Cleveland, del que su padre, el ingeniero aeroespacial Andrew Stofan, era director.<\/p>\n<p style=\"text-align: justify;\">As\u00ed que podr\u00eda decirse que la pasi\u00f3n de Ellen por el espacio exterior, los astronautas y la investigaci\u00f3n ya ven\u00eda de serie. Cincuenta a\u00f1os m\u00e1s tarde de aquella primera cuenta atr\u00e1s, y tras doctorarse en Geolog\u00eda Espacial y desarrollar una brillante carrera, es Cient\u00edfica Jefa de la NASA y una de las personas que con m\u00e1s autoridad puede hablar en el mundo acerca de la posibilidad de que nuestra especie termine llegando a otros planetas. Y tambi\u00e9n, claro, descubrir si existe vida m\u00e1s all\u00e1 de la Tierra. En este terreno tan pantanoso, en el que se mezclan con demasiada facilidad ciencia y supercher\u00edas, Stofan se muestra vehemente. Tanto que en una conferencia se atrevi\u00f3 a afirmar que \u201cen diez a\u00f1os tendremos indicadores suficientes para afirmar la existencia de vida extraterrestre. Y en 20 o 30 a\u00f1os podremos encontrar las evidencias suficientes para demostrarlo\u201d.<\/p>\n<p style=\"text-align: justify;\">Mientras llega ese momento, Stofan contin\u00faa impulsando la carrera espacial. Una apuesta cuyo pr\u00f3ximo reto es conseguir que el ser humano aterrice en la superficie de Marte. La tarea no es sencilla porque implica avances necesarios en todas las ramas de la ciencia que uno pueda imaginar: desde la ingenier\u00eda aeroespacial hasta la bot\u00e1nica, la biolog\u00eda o los interfaces inform\u00e1ticos. Para conseguirlo Ellen echa mano de su memoria y recupera su pasi\u00f3n infantil para transmitirla a los m\u00e1s peque\u00f1os: \u201cNecesitamos que los ni\u00f1os de todo el mundo se emocionen con las ciencias, la tecnolog\u00eda, la ingenier\u00eda y las matem\u00e1ticas, porque van a ser necesarias las mejores mentes de este planeta para conseguir los objetivos que nos hemos marcado\u201d.<\/p>\n<p style=\"text-align: justify;\"><em>Texto: J. L \u00c1lvarez Cedena<\/em><\/p>\n<\/div>\n<\/div>\n<\/div>\n<\/div>\n<div class='bookmark'>\r\n\t\t<table align='left' border='0' cellpadding='0' width='100%'>\r\n\t\t<tr><td><span class='pushbutton'><a href='http:\/\/delicious.com\/post?url=https%3A%2F%2Fwww.emiliosilveravazquez.com%2Fblog%2F2016%2F01%2F21%2F%25c2%25bfa-marte-en-20-anos-no-lo-veo-muy-probable%2F&amp;title=%C2%BFA+Marte+en+20+A%C3%B1os%3F+No+lo+veo+muy+probable' title='Delicious' target='_blank' rel='nofollow'><img src='https:\/\/www.emiliosilveravazquez.com\/blog\/wp-content\/plugins\/knxdt-bookmarks-wordpress-plugin\/images\/delicious.png'  alt='' class='book_img' border='none' style='margin:1px; padding: 0;'  \/><\/a><\/span><span class='pushbutton'><a href='http:\/\/digg.com\/submit?url=https%3A%2F%2Fwww.emiliosilveravazquez.com%2Fblog%2F2016%2F01%2F21%2F%25c2%25bfa-marte-en-20-anos-no-lo-veo-muy-probable%2F&amp;title=%C2%BFA+Marte+en+20+A%C3%B1os%3F+No+lo+veo+muy+probable' title='Digg' target='_blank' rel='nofollow'><img src='https:\/\/www.emiliosilveravazquez.com\/blog\/wp-content\/plugins\/knxdt-bookmarks-wordpress-plugin\/images\/digg.png'  alt='' class='book_img' border='none' style='margin:1px; padding: 0;'  \/><\/a><\/span><span class='pushbutton'><a href='http:\/\/www.google.com\/bookmarks\/mark?op=edit&amp;bkmk=https%3A%2F%2Fwww.emiliosilveravazquez.com%2Fblog%2F2016%2F01%2F21%2F%25c2%25bfa-marte-en-20-anos-no-lo-veo-muy-probable%2F&amp;title=%C2%BFA+Marte+en+20+A%C3%B1os%3F+No+lo+veo+muy+probable' title='Google' target='_blank' rel='nofollow'><img src='https:\/\/www.emiliosilveravazquez.com\/blog\/wp-content\/plugins\/knxdt-bookmarks-wordpress-plugin\/images\/google.png'   alt='' class='book_img' border='none' style='margin:1px; padding: 0;'  \/><\/a><\/span><span class='pushbutton'><a href='http:\/\/myweb2.search.yahoo.com\/myresults\/bookmarklet?u=https%3A%2F%2Fwww.emiliosilveravazquez.com%2Fblog%2F2016%2F01%2F21%2F%25c2%25bfa-marte-en-20-anos-no-lo-veo-muy-probable%2F&amp;t=%C2%BFA+Marte+en+20+A%C3%B1os%3F+No+lo+veo+muy+probable' title='Yahoo' target='_blank' rel='nofollow'><img src='https:\/\/www.emiliosilveravazquez.com\/blog\/wp-content\/plugins\/knxdt-bookmarks-wordpress-plugin\/images\/yahoo.png'  alt='' class='book_img' border='none' style='margin:1px; padding: 0;'  \/><\/a><\/span><span class='pushbutton'><a href='http:\/\/www.technorati.com\/faves?add=https%3A%2F%2Fwww.emiliosilveravazquez.com%2Fblog%2F2016%2F01%2F21%2F%25c2%25bfa-marte-en-20-anos-no-lo-veo-muy-probable%2F' title='Technorati' target='_blank' rel='nofollow'><img src='https:\/\/www.emiliosilveravazquez.com\/blog\/wp-content\/plugins\/knxdt-bookmarks-wordpress-plugin\/images\/technorati.png'  alt='' class='book_img' border='none' style='margin:1px; padding: 0;'  \/><\/a><\/span><span class='pushbutton'><a href='http:\/\/meneame.net\/submit.php?url=https%3A%2F%2Fwww.emiliosilveravazquez.com%2Fblog%2F2016%2F01%2F21%2F%25c2%25bfa-marte-en-20-anos-no-lo-veo-muy-probable%2F' title='Meneame' target='_blank' rel='nofollow'><img src='https:\/\/www.emiliosilveravazquez.com\/blog\/wp-content\/plugins\/knxdt-bookmarks-wordpress-plugin\/images\/meneame.png'  alt='' class='book_img' border='none' style='margin:1px; padding: 0;'  \/><\/a><\/span><span class='pushbutton'><a href='http:\/\/enchilame.com\/submit.php?url=https:\/\/www.emiliosilveravazquez.com\/blog\/2016\/01\/21\/%c2%bfa-marte-en-20-anos-no-lo-veo-muy-probable\/' target='_blank' rel='nofollow'><img title='Enchilame' src='https:\/\/www.emiliosilveravazquez.com\/blog\/wp-content\/plugins\/knxdt-bookmarks-wordpress-plugin\/images\/enchilame.png'  alt='' class='book_img' border='none' style='margin:1px; padding: 0;'  \/><\/a><\/span><span class='pushbutton'><a href='http:\/\/www.blinklist.com\/index.php?Action=Blink\/addblink.php&amp;Description=&amp;Url=https%3A%2F%2Fwww.emiliosilveravazquez.com%2Fblog%2F2016%2F01%2F21%2F%25c2%25bfa-marte-en-20-anos-no-lo-veo-muy-probable%2F&amp;title=%C2%BFA+Marte+en+20+A%C3%B1os%3F+No+lo+veo+muy+probable' title='BlinkList' target='_blank' rel='nofollow'><img src='https:\/\/www.emiliosilveravazquez.com\/blog\/wp-content\/plugins\/knxdt-bookmarks-wordpress-plugin\/images\/blinklist.png'  alt='' class='book_img' border='none' style='margin:1px; padding: 0;'  \/><\/a><\/span><span class='pushbutton'><a href='http:\/\/reddit.com\/submit?url=https%3A%2F%2Fwww.emiliosilveravazquez.com%2Fblog%2F2016%2F01%2F21%2F%25c2%25bfa-marte-en-20-anos-no-lo-veo-muy-probable%2F&amp;title=%C2%BFA+Marte+en+20+A%C3%B1os%3F+No+lo+veo+muy+probable' title='Reddit' target='_blank' rel='nofollow'><img src='https:\/\/www.emiliosilveravazquez.com\/blog\/wp-content\/plugins\/knxdt-bookmarks-wordpress-plugin\/images\/reddit.png'  alt='' class='book_img' border='none' style='margin:1px; padding: 0;'  \/><\/a><\/span><span class='pushbutton'><a href='http:\/\/www.tecnologiadiaria.com\/2009\/07\/abrir-com-hotmail-correo.html' target='_blank' title='hotmail'><img src='https:\/\/www.emiliosilveravazquez.com\/blog\/wp-content\/plugins\/knxdt-bookmarks-wordpress-plugin\/images\/linklove.png' alt='hotmail correo' class='book_img' border='none' style='margin:1px; padding: 0;' \/><\/a><\/span><span class='pushbutton'><a href='http:\/\/bitacoras.com\/votar\/anotacion\/externo\/mini\/www.emiliosilveravazquez.com\/blog\/2016\/01\/21\/%c2%bfa-marte-en-20-anos-no-lo-veo-muy-probable\/' title='Bitacoras.com' target='_blank' rel='nofollow'><img src='https:\/\/www.emiliosilveravazquez.com\/blog\/wp-content\/plugins\/knxdt-bookmarks-wordpress-plugin\/images\/bitacoras.png'  alt='' class='book_img' border='none' style='margin:1px; padding: 0;'  \/><\/a><\/span><span class='pushbutton'><a href='http:\/\/www.wikio.es\/vote?url=https%3A%2F%2Fwww.emiliosilveravazquez.com%2Fblog%2F2016%2F01%2F21%2F%25c2%25bfa-marte-en-20-anos-no-lo-veo-muy-probable%2F' title='Wikio' target='_blank' rel='nofollow'><img src='https:\/\/www.emiliosilveravazquez.com\/blog\/wp-content\/plugins\/knxdt-bookmarks-wordpress-plugin\/images\/wikio.png'   alt='' class='book_img' border='none' style='margin:1px; padding: 0;'   \/><\/a><\/span><span class='pushbutton'><a href='http:\/\/friendfeed.com\/?url=https%3A%2F%2Fwww.emiliosilveravazquez.com%2Fblog%2F2016%2F01%2F21%2F%25c2%25bfa-marte-en-20-anos-no-lo-veo-muy-probable%2F&amp;title=%C2%BFA+Marte+en+20+A%C3%B1os%3F+No+lo+veo+muy+probable' title='Friend Feed' target='_blank' rel='nofollow'><img src='https:\/\/www.emiliosilveravazquez.com\/blog\/wp-content\/plugins\/knxdt-bookmarks-wordpress-plugin\/images\/friendfeed.png'  alt='' class='book_img' border='none' style='margin:1px; padding: 0;'  \/><\/a><\/span><span class='pushbutton'><a href='http:\/\/www.facebook.com\/share.php?u=https%3A%2F%2Fwww.emiliosilveravazquez.com%2Fblog%2F2016%2F01%2F21%2F%25c2%25bfa-marte-en-20-anos-no-lo-veo-muy-probable%2F&amp;t=%C2%BFA+Marte+en+20+A%C3%B1os%3F+No+lo+veo+muy+probable' title='Facebook' target='_blank' rel='nofollow'><img src='https:\/\/www.emiliosilveravazquez.com\/blog\/wp-content\/plugins\/knxdt-bookmarks-wordpress-plugin\/images\/facebook.png'  alt='' class='book_img' border='none' style='margin:1px; padding: 0;'  \/><\/a><\/span><span class='pushbutton'><a href='http:\/\/twitter.com\/home?status=%C2%BFA+Marte+en+20+A%C3%B1os%3F+No+lo+veo+muy+probable: https%3A%2F%2Fwww.emiliosilveravazquez.com%2Fblog%2F2016%2F01%2F21%2F%25c2%25bfa-marte-en-20-anos-no-lo-veo-muy-probable%2F' title='Twitter' target='_blank' rel='nofollow'><img src='https:\/\/www.emiliosilveravazquez.com\/blog\/wp-content\/plugins\/knxdt-bookmarks-wordpress-plugin\/images\/twitter.png'  alt='' class='book_img' border='none' style='margin:1px; padding: 0;'  \/><\/a><\/span><span class='pushbutton'><a href='http:\/\/www.feedburner.com\/fb\/a\/emailFlare?itemTitle=%C2%BFA+Marte+en+20+A%C3%B1os%3F+No+lo+veo+muy+probable&amp;uri=https%3A%2F%2Fwww.emiliosilveravazquez.com%2Fblog%2F2016%2F01%2F21%2F%25c2%25bfa-marte-en-20-anos-no-lo-veo-muy-probable%2F' title='Enviar por Email' target='_blank' rel='nofollow'><img src='https:\/\/www.emiliosilveravazquez.com\/blog\/wp-content\/plugins\/knxdt-bookmarks-wordpress-plugin\/images\/email.png'  alt='' class='book_img' border='none' style='margin:1px; padding: 0;'  \/><\/a><\/span><span style='font-weight:bold; padding-left: 5px;'><a href='http:\/\/wordpress.org\/extend\/plugins\/knxdt-bookmarks-wordpress-plugin\/' title='Plugin' rel='nofollow' target='_blank'>[?]<\/a><\/span><\/td><\/tr><\/table><br\/><br\/><\/div>","protected":false},"excerpt":{"rendered":"<p>Ellen Stofan, jefa cient\u00edfica de la NASA: \u201cEl hombre llegar\u00e1 a Marte en 20 a\u00f1os\u201d Por Zuberoa Marcos | 20-01-2016 Ellen Stofan Jefa cient\u00edfica de la NASA Con cuatro a\u00f1os Ellen Stofan vio en directo por primera vez el lanzamiento de un cohete al espacio. Y siendo alumna de primaria ya animaba debates entre sus [&hellip;]<\/p>\n","protected":false},"author":2,"featured_media":0,"comment_status":"open","ping_status":"open","sticky":false,"template":"","format":"standard","meta":{"_s2mail":"yes","footnotes":""},"categories":[142],"tags":[],"_links":{"self":[{"href":"https:\/\/www.emiliosilveravazquez.com\/blog\/wp-json\/wp\/v2\/posts\/14324"}],"collection":[{"href":"https:\/\/www.emiliosilveravazquez.com\/blog\/wp-json\/wp\/v2\/posts"}],"about":[{"href":"https:\/\/www.emiliosilveravazquez.com\/blog\/wp-json\/wp\/v2\/types\/post"}],"author":[{"embeddable":true,"href":"https:\/\/www.emiliosilveravazquez.com\/blog\/wp-json\/wp\/v2\/users\/2"}],"replies":[{"embeddable":true,"href":"https:\/\/www.emiliosilveravazquez.com\/blog\/wp-json\/wp\/v2\/comments?post=14324"}],"version-history":[{"count":0,"href":"https:\/\/www.emiliosilveravazquez.com\/blog\/wp-json\/wp\/v2\/posts\/14324\/revisions"}],"wp:attachment":[{"href":"https:\/\/www.emiliosilveravazquez.com\/blog\/wp-json\/wp\/v2\/media?parent=14324"}],"wp:term":[{"taxonomy":"category","embeddable":true,"href":"https:\/\/www.emiliosilveravazquez.com\/blog\/wp-json\/wp\/v2\/categories?post=14324"},{"taxonomy":"post_tag","embeddable":true,"href":"https:\/\/www.emiliosilveravazquez.com\/blog\/wp-json\/wp\/v2\/tags?post=14324"}],"curies":[{"name":"wp","href":"https:\/\/api.w.org\/{rel}","templated":true}]}}