{"id":14024,"date":"2015-12-22T05:31:26","date_gmt":"2015-12-22T04:31:26","guid":{"rendered":"http:\/\/www.emiliosilveravazquez.com\/blog\/?p=14024"},"modified":"2015-12-22T05:31:26","modified_gmt":"2015-12-22T04:31:26","slug":"solsticio-de-invierno","status":"publish","type":"post","link":"https:\/\/www.emiliosilveravazquez.com\/blog\/2015\/12\/22\/solsticio-de-invierno\/","title":{"rendered":"Solsticio de Invierno"},"content":{"rendered":"<p><a href=\"https:\/\/commons.wikimedia.org\/wiki\/File:North_season.jpg\"><img decoding=\"async\" loading=\"lazy\" src=\"https:\/\/upload.wikimedia.org\/wikipedia\/commons\/thumb\/8\/8b\/North_season.jpg\/400px-North_season.jpg\" alt=\"\" width=\"400\" height=\"220\" data-file-width=\"2000\" data-file-height=\"1100\" \/><\/a><\/p>\n<p>Diagrama de las estaciones de la Tierra, bajo una perspectiva n\u00f3rdica. Extremo derecho: solsticio de invierno.<\/p>\n<p style=\"text-align: justify;\">El <strong><a title=\"Solsticio\" href=\"https:\/\/es.wikipedia.org\/wiki\/Solsticio\">solsticio<\/a> de invierno<\/strong> corresponde al instante en que la posici\u00f3n del <a title=\"Sol\" href=\"https:\/\/es.wikipedia.org\/wiki\/Sol\">Sol<\/a> en el cielo se encuentra a la mayor distancia angular negativa del <a title=\"Ecuador celeste\" href=\"https:\/\/es.wikipedia.org\/wiki\/Ecuador_celeste\">ecuador celeste<\/a>. Dependiendo de la correspondencia con el calendario, el evento del <a title=\"Solsticio\" href=\"https:\/\/es.wikipedia.org\/wiki\/Solsticio\">solsticio<\/a> de invierno tiene lugar entre el 20 y el 23 de diciembre todos los a\u00f1os en el <a title=\"Hemisferio norte\" href=\"https:\/\/es.wikipedia.org\/wiki\/Hemisferio_norte\">hemisferio norte<\/a>, y entre el 20 y el 23 de junio en el <a title=\"Hemisferio sur\" href=\"https:\/\/es.wikipedia.org\/wiki\/Hemisferio_sur\">hemisferio sur<\/a>.<\/p>\n<p style=\"text-align: justify;\">El significado estacional del solsticio de invierno se manifiesta en la reversi\u00f3n de la tendencia al alargamiento de la duraci\u00f3n de las noches y al acortamiento de las horas diurnas. Distintas culturas definen esto de diversas maneras, puesto que en algunas ocasiones se considera que, astron\u00f3micamente, puede se\u00f1alar, ya sea el comienzo o la mitad del invierno del hemisferio. El invierno es una palabra de significado subjetivo, puesto que no tiene un principio o mitad que est\u00e9 cient\u00edficamente establecido, sin embargo en el caso del solsticio de invierno podemos calcular con exactitud el segundo en el que ocurre. Aunque en teor\u00eda el solsticio de invierno solo dura un instante, este t\u00e9rmino tambi\u00e9n se usa normalmente para referirse a las 24\u00a0horas del d\u00eda en que tiene lugar.<\/p>\n<p style=\"text-align: justify;\"><img decoding=\"async\" loading=\"lazy\" src=\"https:\/\/upload.wikimedia.org\/wikipedia\/commons\/thumb\/7\/74\/Analemma_pattern_in_the_sky.jpg\/350px-Analemma_pattern_in_the_sky.jpg\" alt=\"\" width=\"350\" height=\"372\" data-file-width=\"765\" data-file-height=\"813\" \/><\/p>\n<h3>\u00a0\u00a0\u00a0\u00a0\u00a0\u00a0\u00a0\u00a0\u00a0\u00a0\u00a0\u00a0\u00a0 Salida y puesta del Sol<\/h3>\n<div>\n<div>\n<div>Ejemplo del analema solar, mostrando la curva en forma de ocho tumbado.<\/div>\n<\/div>\n<\/div>\n<p style=\"text-align: justify;\">Debido a la \u00f3rbita el\u00edptica y axial de la Tierra, ni la inclinaci\u00f3n, la primera ni la \u00faltima puesta de sol o salida del sol caen exactamente en el solsticio de invierno. La primera puesta de sol se produce antes de que el solsticio (por unos pocos d\u00edas), y la \u00faltima salida del sol m\u00e1s tarde. Para una o dos semanas en torno a los dos solsticios, tanto el amanecer y el atardecer son un poco antes o m\u00e1s tarde en cada d\u00eda. Incluso en el ecuador, el amanecer y el atardecer cambia varios minutos hacia adelante y hacia atr\u00e1s a lo largo del a\u00f1o, junto con el mediod\u00eda solar. Este efecto se representa por un analema.<\/p>\n<p style=\"text-align: justify;\">Fuente: Wikipedia.<\/p>\n<div class='bookmark'>\r\n\t\t<table align='left' border='0' cellpadding='0' width='100%'>\r\n\t\t<tr><td><span class='pushbutton'><a href='http:\/\/delicious.com\/post?url=https%3A%2F%2Fwww.emiliosilveravazquez.com%2Fblog%2F2015%2F12%2F22%2Fsolsticio-de-invierno%2F&amp;title=Solsticio+de+Invierno' title='Delicious' target='_blank' rel='nofollow'><img src='https:\/\/www.emiliosilveravazquez.com\/blog\/wp-content\/plugins\/knxdt-bookmarks-wordpress-plugin\/images\/delicious.png'  alt='' class='book_img' border='none' style='margin:1px; padding: 0;'  \/><\/a><\/span><span class='pushbutton'><a href='http:\/\/digg.com\/submit?url=https%3A%2F%2Fwww.emiliosilveravazquez.com%2Fblog%2F2015%2F12%2F22%2Fsolsticio-de-invierno%2F&amp;title=Solsticio+de+Invierno' title='Digg' target='_blank' rel='nofollow'><img src='https:\/\/www.emiliosilveravazquez.com\/blog\/wp-content\/plugins\/knxdt-bookmarks-wordpress-plugin\/images\/digg.png'  alt='' class='book_img' border='none' style='margin:1px; padding: 0;'  \/><\/a><\/span><span class='pushbutton'><a href='http:\/\/www.google.com\/bookmarks\/mark?op=edit&amp;bkmk=https%3A%2F%2Fwww.emiliosilveravazquez.com%2Fblog%2F2015%2F12%2F22%2Fsolsticio-de-invierno%2F&amp;title=Solsticio+de+Invierno' title='Google' target='_blank' rel='nofollow'><img src='https:\/\/www.emiliosilveravazquez.com\/blog\/wp-content\/plugins\/knxdt-bookmarks-wordpress-plugin\/images\/google.png'   alt='' class='book_img' border='none' style='margin:1px; padding: 0;'  \/><\/a><\/span><span class='pushbutton'><a href='http:\/\/myweb2.search.yahoo.com\/myresults\/bookmarklet?u=https%3A%2F%2Fwww.emiliosilveravazquez.com%2Fblog%2F2015%2F12%2F22%2Fsolsticio-de-invierno%2F&amp;t=Solsticio+de+Invierno' title='Yahoo' target='_blank' rel='nofollow'><img src='https:\/\/www.emiliosilveravazquez.com\/blog\/wp-content\/plugins\/knxdt-bookmarks-wordpress-plugin\/images\/yahoo.png'  alt='' class='book_img' border='none' style='margin:1px; padding: 0;'  \/><\/a><\/span><span class='pushbutton'><a href='http:\/\/www.technorati.com\/faves?add=https%3A%2F%2Fwww.emiliosilveravazquez.com%2Fblog%2F2015%2F12%2F22%2Fsolsticio-de-invierno%2F' title='Technorati' target='_blank' rel='nofollow'><img src='https:\/\/www.emiliosilveravazquez.com\/blog\/wp-content\/plugins\/knxdt-bookmarks-wordpress-plugin\/images\/technorati.png'  alt='' class='book_img' border='none' style='margin:1px; padding: 0;'  \/><\/a><\/span><span class='pushbutton'><a href='http:\/\/meneame.net\/submit.php?url=https%3A%2F%2Fwww.emiliosilveravazquez.com%2Fblog%2F2015%2F12%2F22%2Fsolsticio-de-invierno%2F' title='Meneame' target='_blank' rel='nofollow'><img src='https:\/\/www.emiliosilveravazquez.com\/blog\/wp-content\/plugins\/knxdt-bookmarks-wordpress-plugin\/images\/meneame.png'  alt='' class='book_img' border='none' style='margin:1px; padding: 0;'  \/><\/a><\/span><span class='pushbutton'><a href='http:\/\/enchilame.com\/submit.php?url=https:\/\/www.emiliosilveravazquez.com\/blog\/2015\/12\/22\/solsticio-de-invierno\/' target='_blank' rel='nofollow'><img title='Enchilame' src='https:\/\/www.emiliosilveravazquez.com\/blog\/wp-content\/plugins\/knxdt-bookmarks-wordpress-plugin\/images\/enchilame.png'  alt='' class='book_img' border='none' style='margin:1px; padding: 0;'  \/><\/a><\/span><span class='pushbutton'><a href='http:\/\/www.blinklist.com\/index.php?Action=Blink\/addblink.php&amp;Description=&amp;Url=https%3A%2F%2Fwww.emiliosilveravazquez.com%2Fblog%2F2015%2F12%2F22%2Fsolsticio-de-invierno%2F&amp;title=Solsticio+de+Invierno' title='BlinkList' target='_blank' rel='nofollow'><img src='https:\/\/www.emiliosilveravazquez.com\/blog\/wp-content\/plugins\/knxdt-bookmarks-wordpress-plugin\/images\/blinklist.png'  alt='' class='book_img' border='none' style='margin:1px; padding: 0;'  \/><\/a><\/span><span class='pushbutton'><a href='http:\/\/reddit.com\/submit?url=https%3A%2F%2Fwww.emiliosilveravazquez.com%2Fblog%2F2015%2F12%2F22%2Fsolsticio-de-invierno%2F&amp;title=Solsticio+de+Invierno' title='Reddit' target='_blank' rel='nofollow'><img src='https:\/\/www.emiliosilveravazquez.com\/blog\/wp-content\/plugins\/knxdt-bookmarks-wordpress-plugin\/images\/reddit.png'  alt='' class='book_img' border='none' style='margin:1px; padding: 0;'  \/><\/a><\/span><span class='pushbutton'><a href='http:\/\/www.tecnologiadiaria.com\/2009\/07\/abrir-com-hotmail-correo.html' target='_blank' title='hotmail'><img src='https:\/\/www.emiliosilveravazquez.com\/blog\/wp-content\/plugins\/knxdt-bookmarks-wordpress-plugin\/images\/linklove.png' alt='hotmail correo' class='book_img' border='none' style='margin:1px; padding: 0;' \/><\/a><\/span><span class='pushbutton'><a href='http:\/\/bitacoras.com\/votar\/anotacion\/externo\/mini\/www.emiliosilveravazquez.com\/blog\/2015\/12\/22\/solsticio-de-invierno\/' title='Bitacoras.com' target='_blank' rel='nofollow'><img src='https:\/\/www.emiliosilveravazquez.com\/blog\/wp-content\/plugins\/knxdt-bookmarks-wordpress-plugin\/images\/bitacoras.png'  alt='' class='book_img' border='none' style='margin:1px; padding: 0;'  \/><\/a><\/span><span class='pushbutton'><a href='http:\/\/www.wikio.es\/vote?url=https%3A%2F%2Fwww.emiliosilveravazquez.com%2Fblog%2F2015%2F12%2F22%2Fsolsticio-de-invierno%2F' title='Wikio' target='_blank' rel='nofollow'><img src='https:\/\/www.emiliosilveravazquez.com\/blog\/wp-content\/plugins\/knxdt-bookmarks-wordpress-plugin\/images\/wikio.png'   alt='' class='book_img' border='none' style='margin:1px; padding: 0;'   \/><\/a><\/span><span class='pushbutton'><a href='http:\/\/friendfeed.com\/?url=https%3A%2F%2Fwww.emiliosilveravazquez.com%2Fblog%2F2015%2F12%2F22%2Fsolsticio-de-invierno%2F&amp;title=Solsticio+de+Invierno' title='Friend Feed' target='_blank' rel='nofollow'><img src='https:\/\/www.emiliosilveravazquez.com\/blog\/wp-content\/plugins\/knxdt-bookmarks-wordpress-plugin\/images\/friendfeed.png'  alt='' class='book_img' border='none' style='margin:1px; padding: 0;'  \/><\/a><\/span><span class='pushbutton'><a href='http:\/\/www.facebook.com\/share.php?u=https%3A%2F%2Fwww.emiliosilveravazquez.com%2Fblog%2F2015%2F12%2F22%2Fsolsticio-de-invierno%2F&amp;t=Solsticio+de+Invierno' title='Facebook' target='_blank' rel='nofollow'><img src='https:\/\/www.emiliosilveravazquez.com\/blog\/wp-content\/plugins\/knxdt-bookmarks-wordpress-plugin\/images\/facebook.png'  alt='' class='book_img' border='none' style='margin:1px; padding: 0;'  \/><\/a><\/span><span class='pushbutton'><a href='http:\/\/twitter.com\/home?status=Solsticio+de+Invierno: https%3A%2F%2Fwww.emiliosilveravazquez.com%2Fblog%2F2015%2F12%2F22%2Fsolsticio-de-invierno%2F' title='Twitter' target='_blank' rel='nofollow'><img src='https:\/\/www.emiliosilveravazquez.com\/blog\/wp-content\/plugins\/knxdt-bookmarks-wordpress-plugin\/images\/twitter.png'  alt='' class='book_img' border='none' style='margin:1px; padding: 0;'  \/><\/a><\/span><span class='pushbutton'><a href='http:\/\/www.feedburner.com\/fb\/a\/emailFlare?itemTitle=Solsticio+de+Invierno&amp;uri=https%3A%2F%2Fwww.emiliosilveravazquez.com%2Fblog%2F2015%2F12%2F22%2Fsolsticio-de-invierno%2F' title='Enviar por Email' target='_blank' rel='nofollow'><img src='https:\/\/www.emiliosilveravazquez.com\/blog\/wp-content\/plugins\/knxdt-bookmarks-wordpress-plugin\/images\/email.png'  alt='' class='book_img' border='none' style='margin:1px; padding: 0;'  \/><\/a><\/span><span style='font-weight:bold; padding-left: 5px;'><a href='http:\/\/wordpress.org\/extend\/plugins\/knxdt-bookmarks-wordpress-plugin\/' title='Plugin' rel='nofollow' target='_blank'>[?]<\/a><\/span><\/td><\/tr><\/table><br\/><br\/><\/div>","protected":false},"excerpt":{"rendered":"<p>Diagrama de las estaciones de la Tierra, bajo una perspectiva n\u00f3rdica. Extremo derecho: solsticio de invierno. El solsticio de invierno corresponde al instante en que la posici\u00f3n del Sol en el cielo se encuentra a la mayor distancia angular negativa del ecuador celeste. Dependiendo de la correspondencia con el calendario, el evento del solsticio de [&hellip;]<\/p>\n","protected":false},"author":2,"featured_media":0,"comment_status":"open","ping_status":"open","sticky":false,"template":"","format":"standard","meta":{"_s2mail":"yes","footnotes":""},"categories":[178],"tags":[],"_links":{"self":[{"href":"https:\/\/www.emiliosilveravazquez.com\/blog\/wp-json\/wp\/v2\/posts\/14024"}],"collection":[{"href":"https:\/\/www.emiliosilveravazquez.com\/blog\/wp-json\/wp\/v2\/posts"}],"about":[{"href":"https:\/\/www.emiliosilveravazquez.com\/blog\/wp-json\/wp\/v2\/types\/post"}],"author":[{"embeddable":true,"href":"https:\/\/www.emiliosilveravazquez.com\/blog\/wp-json\/wp\/v2\/users\/2"}],"replies":[{"embeddable":true,"href":"https:\/\/www.emiliosilveravazquez.com\/blog\/wp-json\/wp\/v2\/comments?post=14024"}],"version-history":[{"count":0,"href":"https:\/\/www.emiliosilveravazquez.com\/blog\/wp-json\/wp\/v2\/posts\/14024\/revisions"}],"wp:attachment":[{"href":"https:\/\/www.emiliosilveravazquez.com\/blog\/wp-json\/wp\/v2\/media?parent=14024"}],"wp:term":[{"taxonomy":"category","embeddable":true,"href":"https:\/\/www.emiliosilveravazquez.com\/blog\/wp-json\/wp\/v2\/categories?post=14024"},{"taxonomy":"post_tag","embeddable":true,"href":"https:\/\/www.emiliosilveravazquez.com\/blog\/wp-json\/wp\/v2\/tags?post=14024"}],"curies":[{"name":"wp","href":"https:\/\/api.w.org\/{rel}","templated":true}]}}