{"id":12766,"date":"2015-08-16T04:17:54","date_gmt":"2015-08-16T03:17:54","guid":{"rendered":"http:\/\/www.emiliosilveravazquez.com\/blog\/?p=12766"},"modified":"2015-08-16T04:17:54","modified_gmt":"2015-08-16T03:17:54","slug":"%c2%bfla-astronomia-%c2%a1es-la-ciencia-mas-antigua","status":"publish","type":"post","link":"https:\/\/www.emiliosilveravazquez.com\/blog\/2015\/08\/16\/%c2%bfla-astronomia-%c2%a1es-la-ciencia-mas-antigua\/","title":{"rendered":"\u00bfLa Astronom\u00eda? \u00a1Es la Ciencia m\u00e1s antigua!"},"content":{"rendered":"<p style=\"text-align: justify;\"><img decoding=\"async\" loading=\"lazy\" src=\"https:\/\/upload.wikimedia.org\/wikipedia\/commons\/6\/6c\/Brahe_kepler.jpg\" alt=\"\" width=\"365\" height=\"301\" \/><\/p>\n<p style=\"text-align: justify;\">\u00a0\u00a0\u00a0\u00a0\u00a0\u00a0\u00a0\u00a0\u00a0\u00a0\u00a0\u00a0\u00a0\u00a0\u00a0\u00a0\u00a0\u00a0\u00a0\u00a0\u00a0\u00a0\u00a0\u00a0\u00a0\u00a0\u00a0\u00a0\u00a0\u00a0\u00a0\u00a0\u00a0\u00a0\u00a0 Tycho Brahe (1546 &#8211; 1601) y Johannes Kepler (1571 &#8211; 1630).<\/p>\n<p style=\"text-align: justify;\">Tycho era noble, rico y poderoso, y no segu\u00eda las ideas cop\u00e9rnicas. Kepler era de origen humilde, ferviente cop\u00e9rnico, siempre buscando (no con demasiado \u00e9xito) el amparo de reyes y arist\u00f3cratas, no ya para poder trabajar en la ciencia que amaba, sino para simplemente vivir, alimentarse \u00e9l y su familia, y sin embargo, a los ojos de la historia ambos constituyen un d\u00fao inamovible. No fue porque compartiesen logros cient\u00edficos, sino porque Brahe hubiera sido, acaso, mucho menos conocido para la posteridad de no haber sido por la relaci\u00f3n, breve pero intensa, que mantuvo con Kepler, y porque \u00e9ste seguramente no habr\u00eda podido producir lo que fueron sus joyas cient\u00edficas m\u00e1s preciosas sin acceder a los datos de las observaciones (en especial las de la trayectoria de Marte) de Brahe, el observador astron\u00f3mico m\u00e1s importante en la era anterior a la invenci\u00f3n del telescopio.<\/p>\n<p style=\"text-align: justify;\"><img decoding=\"async\" src=\"http:\/\/upload.wikimedia.org\/wikipedia\/commons\/thumb\/d\/d5\/Uraniborg_main_building.jpg\/640px-Uraniborg_main_building.jpg\" alt=\"\" width=\"618\" \/><\/p>\n<p style=\"text-align: justify;\">Brahe, con la ayuda del rey Federico II, construy\u00f3 un centro astron\u00f3mico: Uraninburgo, en la isla Hveen de Dinamarca. Le sucedi\u00f3 al frente del mismo su ayudante en Praga J. Kepler que pronto, haciendo uso del material acumulado y sus propias investigaciones, public\u00f3 <em>Astronomia Nova<\/em> en el a\u00f1o 1609, donde presentaba sus dos primeras leyes del movimiento planetario. En 1619 public\u00f3 <em>Harmonices Mundi<\/em> y su tercera ley.<\/p>\n<p style=\"text-align: justify;\"><img decoding=\"async\" loading=\"lazy\" id=\"irc_mi\" src=\"https:\/\/upload.wikimedia.org\/wikipedia\/commons\/thumb\/c\/cc\/Galileo.arp.300pix.jpg\/270px-Galileo.arp.300pix.jpg\" alt=\"\" width=\"270\" height=\"331\" \/><\/p>\n<p style=\"text-align: justify;\">Y as\u00ed llegamos a Galileo Galilei (1564 &#8211; 1642); la ant\u00edtesis, en cuanto a estilo literario y m\u00e9todo cient\u00edfico, de Kepler. Si este es, cuando se lee, la oscuridad, Galileo es la luz. Con \u00e9l la fuerza de las ideas cop\u00e9rnicas se hizo tan patente que terminar\u00eda desencadenando acontecimientos sociales que arrastrar\u00edan con ellos al propio f\u00edsico de Pisa.<\/p>\n<p style=\"text-align: justify;\"><img decoding=\"async\" title=\"M\u00e1s...\" src=\"http:\/\/www.emiliosilveravazquez.com\/blog\/wp-includes\/js\/tinymce\/plugins\/wordpress\/img\/trans.gif\" alt=\"\" \/><\/p>\n<p style=\"text-align: justify;\">Sus observaciones sacaron a la luz las deficiencias del universo aristot\u00e9lico-ptolemaico. El que Galileo realizara tales observaciones resulta, en principio, sorprendente, ya que era un f\u00edsico y su preocupaci\u00f3n estaba centrada en el estudio del movimiento, por encontrar las leyes que reg\u00edan fen\u00f3menos como la ca\u00edda de un cuerpo esf\u00e9rico por un plano inclinado o el tiempo que tarda un p\u00e9ndulo en batir, y no un astr\u00f3nomo. Sin embargo, todo cambi\u00f3, su vida y a la postre, en m\u00e1s de un sentido, el mundo, cuando conoci\u00f3 la existencia de lentes (telescopios) que agrandaban las im\u00e1genes de objetos lejanos.<\/p>\n<p style=\"text-align: justify;\">Construy\u00f3 su propio telescopio que enfoc\u00f3 hacia la Luna y descubri\u00f3 todas sus irregularidades con sus monta\u00f1as y abismos, lo que describi\u00f3 en su libro <em>Siderus Nuncius<\/em> (1610). Ese mismo a\u00f1o estudi\u00f3 J\u00fapiter y detect\u00f3 4 sat\u00e9lites y otras muchas cosas. Galilio adquiri\u00f3 una importante notoriedad.<\/p>\n<p style=\"text-align: justify;\">En 1632 se convirti\u00f3 en una leyenda con la publicaci\u00f3n de su obra inmortal, <em>Di\u00e1logo sobre los dos m\u00e1ximos sistemas del mundo, ptolemaico y coperniano<\/em>, una obra maestra de la literatura cient\u00edfica. Escribi\u00f3 otros grandes libros y, en controversia con la Iglesia, finaliz\u00f3 sus d\u00edas en arresto domiciliario, ya que la Iglesia negaba el movimiento del mundo alrededor del Sol.<\/p>\n<p style=\"text-align: justify;\"><img decoding=\"async\" loading=\"lazy\" id=\"irc_mi\" src=\"http:\/\/www.biografiasyvidas.com\/biografia\/d\/fotos\/descartes_rene_5.jpg\" alt=\"\" width=\"340\" height=\"287\" \/><\/p>\n<p style=\"text-align: justify;\">Cuando antes me refer\u00eda de pasada a mis lecturas, nombr\u00e9 a Ren\u00e9 Descartes (1596 &#8211; 1650), una de las grandes figuras del pensamiento de todos los tiempos. Casi todos le conocen por su condici\u00f3n de fil\u00f3sofo, pero se olvidan de que tambi\u00e9n contribuy\u00f3 con su talento en el campo de las matem\u00e1ticas, fisiolog\u00eda y f\u00edsica (especialmente en la din\u00e1mica, \u00f3ptica, meteorolog\u00eda y astronom\u00eda), formando parte de la historia de esas disciplinas.<\/p>\n<p style=\"text-align: justify;\">Seg\u00fan sus propias palabras, purific\u00f3 el alberga, &#8220;desembaraz\u00e1ndola&#8221; de &#8220;los m\u00faltiples n\u00fameros e inexplicables figuras que la abruman&#8221;. Sin duda, la aplicaci\u00f3n m\u00e1s conocida de este enfoque fue en la geometr\u00eda, con las coordenadas cartesianas, o geometr\u00eda anal\u00edtica, que present\u00f3 en <em>La G\u00e9om\u00e9trie<\/em>, que apareci\u00f3 &#8211; junto a <em>La Dioptrique<\/em> y <em>Les M\u00e9t\u00e9ores<\/em> &#8211; como uno de los ap\u00e9ndices de su obra m\u00e1s conocida, <em>Discours de la M\u00e9thode<\/em> (1637).<\/p>\n<p style=\"text-align: justify;\">Descartes, podemos decir sin ning\u00fan temor a equivocarnos que es merecedor de toda nuestra admiraci\u00f3n, y con \u00e9l (como con otros muchos) siempre estaremos en deuda.<\/p>\n<p style=\"text-align: justify;\">Me he podido adaptar (mentalmente) en todas mis lecturas a la \u00e9poca del autor, en el tiempo en el que escribi\u00f3 el texto que ahora, muchos a\u00f1os despu\u00e9s, podemos leer. As\u00ed, se puede comprender mejor lo que estamos leyendo, y sobre todo, resulta m\u00e1s f\u00e1cil la simbiosis con el autor; lo que nos dice fluye dentro de nuestra mente con di\u00e1fana sencillez.<\/p>\n<p style=\"text-align: justify;\"><img decoding=\"async\" loading=\"lazy\" src=\"https:\/\/juandomingofarnos.files.wordpress.com\/2014\/07\/bsvfsqliuaaouoj.jpg\" alt=\"\" width=\"301\" height=\"393\" \/><\/p>\n<p style=\"text-align: justify;\">Es curioso observar la evoluci\u00f3n de nuestros pensamientos, que a medida que adquirimos conocimientos, se van asentando en niveles superiores capaces de procesar en cada momento aquello que necesitamos, y para ello, obtiene m\u00faltiples y diversos datos que re\u00fane en un todo para que exprese aquello que deseamos decir.<\/p>\n<p style=\"text-align: justify;\">Llegar\u00e1 un d\u00eda (si antes no lo estropeamos), en que la evoluci\u00f3n nos llevar\u00e1 a convertirnos en pura energ\u00eda pensante, seremos todo luz que, confundidos con el universo del que formamos parte, habremos completado el ciclo. Sabemos que nuestro origen est\u00e1 en las estrellas; all\u00ed nacieron los componentes de nuestros cuerpos, elementos complejos creados a partir de explosiones de supernovas. Desde all\u00ed hemos realizado un recorrido largo hasta llegar a ese punto del camino en el que fuimos conscientes de nuestro SER. Ahora continuamos (en un per\u00edodo joven a\u00fan) evolucionando para que, en algunos eones, podamos alcanzar la meta que nos aguarda.<\/p>\n<p><img decoding=\"async\" loading=\"lazy\" title=\"Screenshot 2014-01-23 18.29.46.JPG\" src=\"http:\/\/i1.wp.com\/www.arturogoga.com\/wp-content\/uploads\/2014\/01\/Screenshot-2014-01-23-18.29.46.jpg?resize=701%2C501\" alt=\"Screenshot 2014 01 23 18 29 46\" width=\"701\" height=\"501\" border=\"0\" \/><\/p>\n<p style=\"text-align: justify;\">Esta excelente infograf\u00eda, elaborada por la BBC,\u00a0 nos da un emocionante vistazo de <strong>c\u00f3mo la humanidad, la Tierra, y el Espacio, se comportar\u00e1 durante los pr\u00f3ximos 1,000, 10,000 un mill\u00f3n o 10 cuadrillones de a\u00f1os. Como siempre decimos aqu\u00ed, con el paso del tiempo todo cambia y nada permanece, nuestra civilizaci\u00f3n no es una excepci\u00f3n a esa regla, y, nuestra especie\u2026 \u00a1Tampoco!<\/strong><\/p>\n<p style=\"text-align: justify;\"><img decoding=\"async\" loading=\"lazy\" src=\"http:\/\/4.bp.blogspot.com\/-gNnONfseGhE\/UvLPnbCZEQI\/AAAAAAAABFA\/eptfPy13hyU\/s1600\/ocho-vinetas-humor-grafico-empezar-semana-ale-L-bFUsl4.jpeg\" alt=\"\" width=\"365\" height=\"339\" \/><\/p>\n<p style=\"text-align: justify;\">Parece mentira que para algunos de nosotros, el tiempo que estamos aqu\u00ed (lo que duran nuestras vidas) resulte largo o corto en funci\u00f3n de la forma de pensar y de ver la vida. Incluso, para otros individuos, la vida pasa sin sentir, en ellos se van cumpliendo los ciclos, pasa por todas las fases y llega a su final sin haber sido consciente de d\u00f3nde est\u00e1 ni a qu\u00e9 lugar pertenece, son de personalidad simple y no saben llegar o comprender lo profundo de las cosas.<\/p>\n<p style=\"text-align: justify;\">Algunos, con 50 a\u00f1os ya est\u00e1n pensando en jubilarse (son viejos prematuros); se mira el recorrido de lo que han hecho durante toda su existencia y, desde luego, hay poco que contar. Sin embargo, otros de distinto car\u00e1cter y forma de enfocar su tiempo, ni piensan en ese final o retirada del trabajo; son gente muy activa y creadora. Su recorrido est\u00e1 plagado de actividad y proyectos. Son incansables y, por supuesto, le sacan un buen provecho a sus vidas.<\/p>\n<p style=\"text-align: justify;\">Tengo conocidos que est\u00e1n en los dos niveles, y al observar sus comportamientos me doy cuenta de la diversidad existente entre nosotros mismos que, de morfolog\u00eda y conformaci\u00f3n f\u00edsica com\u00fan y general, estamos divididos en entes muy distintos o dispares a niveles superiores a los de nuestro cuerpo.<\/p>\n<p style=\"text-align: justify;\"><img decoding=\"async\" loading=\"lazy\" src=\"http:\/\/1.bp.blogspot.com\/-rXlJpQNU58w\/UbYjS2lGATI\/AAAAAAAACGE\/igliuAKIm6g\/s1600\/secretos_4.jpg\" alt=\"\" width=\"365\" height=\"340\" \/><\/p>\n<blockquote>\n<p style=\"text-align: justify;\">&#8220;El mundo es un tel\u00f3n de teatro donde se esconden los secretos m\u00e1s profundos&#8221;<\/p>\n<\/blockquote>\n<p style=\"text-align: justify;\">Hay pensamientos \u00edntimos que guardamos para nosotros y que, en contadas ocasiones, podemos expresar. En mi caso particular, me ocurre en esos momentos en los que, inmerso en el estudio de las maravillas de la f\u00edsica y del universo en general, siento, literalmente, c\u00f3mo mi alma est\u00e1 fundida con aquello que, a distintos niveles, llamamos materia y fuerzas fundamentales; paso a formar parte integrante de todo ello y, confundido as\u00ed con el universo mismo, lo puedo comprender mejor, siento su energ\u00eda en m\u00ed, ya que, de alguna forma, de ella todo est\u00e1 conformado.<\/p>\n<p style=\"text-align: justify;\"><img decoding=\"async\" loading=\"lazy\" src=\"https:\/\/grupoespiritaisladelapalma.files.wordpress.com\/2015\/03\/upanishad.jpg\" alt=\"\" width=\"365\" height=\"289\" \/><\/p>\n<blockquote>\n<h2>&#8220;LOS UPANISHADS: EL PROFUNDO MENSAJE ESPIRITUAL DE LA INDIA\u00a0MILENARIA,&#8221;<\/h2>\n<\/blockquote>\n<h4 style=\"text-align: justify;\"><\/h4>\n<blockquote>\n<h4 style=\"text-align: justify;\">Ver con ojos nuevos para redescubrir fuera lo que vamos descubriendo dentro, lleva a concienciarnos de que \u201cnada nuevo hay bajo el sol\u201d. Los mismos pasos que hoy damos, otros los dieron antes. Por eso resulta alentador encontrar las huellas de nuestros predecesores en las sendas del esp\u00edritu por doquier.<\/h4>\n<h4 style=\"text-align: justify;\">S\u00f3lo amando se comprende el amor y no mediante explicaciones o definiciones: amar y saber son, al principio, divergentes, como los lados de un \u00e1ngulo, pero a medida que se va subiendo por los dos lados, el saber comprende m\u00e1s al amor hasta que al fin son uno. El amor puro transforma el estar en un ser, y en tal sublime transformaci\u00f3n, algo finito y temporal se ha convertido en algo infinito y eterno, lo mortal se ha convertido en algo inmortal.<\/h4>\n<p>&nbsp;<\/p>\n<p><img decoding=\"async\" loading=\"lazy\" title=\"Los \u00e1rboles m\u00e1s magn\u00edficos del mundo: Ahuehuete\" src=\"http:\/\/elblogverde.com\/wp-content\/uploads\/2013\/03\/los-arboles-mas-magnificos-del-mundo-ahuehuete-600x401.jpg\" alt=\"SONY DSC\" width=\"600\" height=\"401\" \/><\/p>\n<p>&nbsp;<\/p>\n<h4 style=\"text-align: justify;\">En el saber estudiamos la variedad de las cosas, las definimos y comprendemos, y as\u00ed las dominamos: es la ciencia. Pero en el amor puro contemplamos las cosas sin deseo de posesi\u00f3n, s\u00f3lo por el gozo de la contemplaci\u00f3n: es la poes\u00eda. En el saber nos separamos de las cosas, hay un yo nuestro que estudia y la cosa estudiada; pero en el amor nos unimos con las cosas y en la alegr\u00eda de la contemplaci\u00f3n desaparece el sentido de posesi\u00f3n, de ego\u00edsmo y de destrucci\u00f3n. Un grandioso \u00e1rbol milenario puede ser objeto de contemplaci\u00f3n en silencio para el poeta, de estudio y gran actividad cerebral para el cient\u00edfico, un objeto de mero lucro para un comerciante que, sin consideraci\u00f3n a la grandeza sublime del \u00e1rbol milenario, est\u00e1 dispuesto a comprarlo, venderlo y hasta quemarlo.<\/h4>\n<h4 style=\"text-align: justify;\">En dos versos s\u00e1nscritos muy posteriores a los tiempos primeros de los Upanishads, escuchamos la Plegaria que dice: \u201cQue el hombre malo sea bueno y que el hombre bueno tenga paz. Que en la paz se libere sin lazos y que el hombre libre d\u00e9 libertad a otros\u201d. Uno de los problemas educativos m\u00e1s importantes es el inducir a los que poseen m\u00e1s inteligencia, energ\u00eda, constancia y otras virtudes, a que las empleen en buena voluntad para ayudar a los otros que no las poseen en tan alto grado y no para fines ego\u00edstas, para dominar m\u00e1s o menos a los otros: el camino del hombre sobre la tierra va de lo finito a un Infinito donde no hay m\u00e1s ni menos, pues hay un Todo en el todo.<\/h4>\n<\/blockquote>\n<p style=\"text-align: justify;\"><img decoding=\"async\" loading=\"lazy\" src=\"https:\/\/marcarmi.files.wordpress.com\/2009\/05\/12108082350591.jpg?w=590\" alt=\"\" width=\"365\" height=\"274\" \/><\/p>\n<p style=\"text-align: justify;\">A solas y confundido y fundido con la Naturaleza&#8230; Somos mejores<\/p>\n<p style=\"text-align: justify;\">Podemos alcanzar estadios de inspiraci\u00f3n o de espiritualidad que ya nos anuncia lo que ser\u00e1 el futuro, cuando evoluciones. Con incre\u00edble claridad he podido ver en otros la bondad del SER bueno y puro. Con mucha m\u00e1s frecuencia veo cada d\u00eda la fealdad maligna de muchos que disfrazan su verdadera condici\u00f3n con falsas sonrisas y actitudes enga\u00f1osas que s\u00f3lo buscan confundirnos, ah\u00ed agazapados, esperando nuestra distracci\u00f3n y falta de desconfianza para lanzar el zarpazo. As\u00ed es, de momento, la condici\u00f3n humana, desgraciadamente en un 90 por ciento.<\/p>\n<p style=\"text-align: justify;\">Es tan grande el poder de nuestra mente que nada hay tan distante que no pueda traerse ante nosotros. Somos capaces ya de escrutar el espacio y vislumbrar los confines del universo en edades muy cercanas a su nacimiento y, merced a los microscopios, nos acercamos al universo at\u00f3mico para explorar los componentes de la materia. Parece que nada podr\u00e1 (con el tiempo) escapar a nuestro control, con lo que todo nuevo &#8220;mundo&#8221; se revelar\u00e1 a nuestro entendimiento.<\/p>\n<p style=\"text-align: justify;\">Nunca estamos satisfechos de los logros alcanzados y siempre surgir\u00e1n seres especiales (Cop\u00e9rnico, Kepler, Galileo, Hooke, <a href=\"#\" onclick=\"referencia('newton',event); return false;\">Newton<\/a>&#8230;) que nos guiar\u00e1n por el camino iluminado de su genio para mostrarnos la aut\u00e9ntica sabidur\u00eda mediante un pensamiento evolutivo que siempre dar\u00e1 un paso adelante, superando as\u00ed el pensamiento nuevo al anterior.<\/p>\n<p style=\"text-align: justify;\"><img decoding=\"async\" loading=\"lazy\" src=\"https:\/\/encrypted-tbn1.gstatic.com\/images?q=tbn:ANd9GcQXdw6K6NgsE9Onj72xntThOm5_7KkRkn9Ivy9PE0QH_nrZwRFI5w\" alt=\"\" width=\"365\" height=\"244\" \/><\/p>\n<p style=\"text-align: justify;\">La prueba de ello la podemos encontrar en <a href=\"#\" onclick=\"referencia('newton',event); return false;\">Newton<\/a> y <a href=\"#\" onclick=\"referencia('einstein',event); return false;\">Einstein<\/a>. \u00bfQui\u00e9n puede dudar de la grandeza de <a href=\"#\" onclick=\"referencia('newton',event); return false;\">Newton<\/a>? La pregunta est\u00e1 contestada de antemano. Sin embargo, los ejemplos de la historia son muy elocuentes: <a href=\"#\" onclick=\"referencia('newton',event); return false;\">Newton<\/a> con su f\u00edsica, Leibniz con su metaf\u00edsica, con sus principios filos\u00f3ficos como el de la raz\u00f3n suficiente. Y la f\u00edsica gan\u00f3 a la metaf\u00edsica; <a href=\"#\" onclick=\"referencia('newton',event); return false;\">Newton<\/a> a Leibniz.<\/p>\n<p style=\"text-align: justify;\">Durante mucho tiempo, espacio y tiempo se entendieron como entes absolutos, hasta que lleg\u00f3 <a href=\"#\" onclick=\"referencia('einstein',event); return false;\">Einstein<\/a> con sus dos teor\u00edas de la <a href=\"#\" onclick=\"referencia('relatividad',event); return false;\">relatividad<\/a>, la especial y la general, y aunque los caminos que sigui\u00f3 para conseguirlos no fueron metaf\u00edsicos, no podemos negar la intervenci\u00f3n de un genio de inspiraci\u00f3n superior que, a veces, nos puede llevar a pensar que, en alg\u00fan sentido, finalmente Leibniz hab\u00eda sido en m\u00e1s acertado, ya que las teor\u00edas einstenianas pueden ser clasificadas dentro de un orden del pensamiento superior.<\/p>\n<p style=\"text-align: justify;\">As\u00ed, la evoluci\u00f3n continu\u00f3 su camino imparable y el espacio y el tiempo absolutos de <a href=\"#\" onclick=\"referencia('newton',event); return false;\">Newton<\/a>, resultaron ser menos absolutos de lo que se pensaba; eran relativos y, adem\u00e1s, eran una misma cosa, que a partir de ah\u00ed pas\u00f3 a llamarse espacio-tiempo unidos y no separados. As\u00ed fue deducido por Minkouski al leer la teor\u00eda de <a href=\"#\" onclick=\"referencia('einstein',event); return false;\">Einstein<\/a>.<\/p>\n<p style=\"text-align: justify;\"><img decoding=\"async\" loading=\"lazy\" src=\"https:\/\/upload.wikimedia.org\/wikipedia\/commons\/1\/19\/Lagrange_portrait.jpg\" alt=\"15\" width=\"235\" height=\"264\" data-file-width=\"235\" data-file-height=\"264\" \/><img decoding=\"async\" loading=\"lazy\" src=\"https:\/\/upload.wikimedia.org\/wikipedia\/commons\/thumb\/b\/bf\/Pierre-Simon%2C_marquis_de_Laplace_%281745-1827%29_-_Gu%C3%A9rin.jpg\/250px-Pierre-Simon%2C_marquis_de_Laplace_%281745-1827%29_-_Gu%C3%A9rin.jpg\" alt=\"Pierre-Simon, marquis de Laplace (1745-1827) - Gu\u00e9rin.jpg\" width=\"250\" height=\"321\" data-file-width=\"446\" data-file-height=\"573\" \/><\/p>\n<p style=\"text-align: justify;\">\u00a0\u00a0\u00a0\u00a0\u00a0\u00a0\u00a0\u00a0\u00a0\u00a0 Joseph-Louis de Lagrange\u00a0\u00a0\u00a0\u00a0\u00a0\u00a0\u00a0\u00a0\u00a0\u00a0\u00a0\u00a0\u00a0\u00a0\u00a0\u00a0\u00a0\u00a0\u00a0\u00a0\u00a0 Pierr Sim\u00f3n Marqu\u00e9s de Laplace<\/p>\n<p style=\"text-align: justify;\">Quiero mencionar en este punto a dos grandes newtonianos: Lagrange y Laplace.<\/p>\n<p style=\"text-align: justify;\">La obra de <a href=\"#\" onclick=\"referencia('newton',event); return false;\">Newton<\/a>, como todas las grandes obras, fue discutida y sometida a estudios rigurosos, analizada y removida. La ciencia del genio, claro, permaneci\u00f3 al margen de todas las cr\u00edticas para dejar de ser discutida y pasar a ser desarrollada.<\/p>\n<p style=\"text-align: justify;\">Recordemos en este sentido la cumbre de la f\u00edsica y de las matem\u00e1ticas del siglo XVIII que es la <em>M\u00e9chanique<\/em><em> analytique<\/em> (Chez la Veuve Desaint, Par\u00eds 1788), de Joseph-Louis Lagrange (1736 &#8211; 1813), un \u00edntimo amigo de d&#8217;Alembert, en la que la mec\u00e1nica de <a href=\"#\" onclick=\"referencia('newton',event); return false;\">Newton<\/a> alcanz\u00f3 un nuevo nivel de pureza al reducir el sistema a un conjunto de f\u00f3rmulas generales de las que se pod\u00edan deducir todas las expresiones necesarias para resolver un problema. O los cinco tomos del <em>Trait\u00e9 de m\u00e9canique c\u00e9leste<\/em> (Crapelet para J. B. M. Duprat, Par\u00eds 1799 &#8211; 1827) de Pierre-Sim\u00f3n Laplace (1749 &#8211; 1827), en los que se erradican numerosas anomal\u00edas de las explicaciones originales de <a href=\"#\" onclick=\"referencia('newton',event); return false;\">Newton<\/a> sobre los movimientos de los cuerpos celestes.<\/p>\n<p style=\"text-align: justify;\">El testo de Laplace, al igual que el de Lagrange, era de dif\u00edcil lectura para legos en las ciencias matem\u00e1ticas, y tal complejidad dio lugar a versiones posteriores m\u00e1s sencillas para el entendimiento general, que finalmente hizo posible divulgar los enormes conocimientos alcanzados a partir de <a href=\"#\" onclick=\"referencia('newton',event); return false;\">Newton<\/a>, gracias a estos dos genios.<\/p>\n<p style=\"text-align: justify;\">Un respiro en el camino:<\/p>\n<p style=\"text-align: justify;\"><img decoding=\"async\" loading=\"lazy\" src=\"http:\/\/i.ytimg.com\/vi\/8iCzM4IHWbI\/maxresdefault.jpg\" alt=\"\" width=\"365\" height=\"205\" \/><\/p>\n<ul style=\"text-align: justify;\">\n<li>El ignorante, teme o adora lo que no comprende.<\/li>\n<li>Los ingratos acaban por disuadir a los virtuosos de poner en pr\u00e1cticas sus bondades.<\/li>\n<li>Amigo leal y franco, mirlo blanco.<\/li>\n<\/ul>\n<p style=\"text-align: justify;\">Esto me recuerda aquella aseveraci\u00f3n atribuida indistintamente a S\u00e9neca y Arist\u00f3teles:<\/p>\n<blockquote><p>&#8220;\u00a1Oh, amigos m\u00edos, no hay ning\u00fan amigo!&#8221;<\/p><\/blockquote>\n<p style=\"text-align: justify;\">Hay otra que nos da a entender que los amigos ego\u00edstas y poco dispuestos a prestarnos su ayuda, en momentos necesarios son in\u00fatiles y no importa, pues, prescindir de ellos:<\/p>\n<blockquote><p>&#8220;Amigo que no presta y cuchillo que no corta,<\/p>\n<p>que se pierdan poco importa.&#8221;<\/p><\/blockquote>\n<p style=\"text-align: justify;\">\u00a1Esto de los amigos! Hay otra que dice:<\/p>\n<blockquote><p>&#8220;El que tiene un amigo, tiene un tesoro.<\/p>\n<p>El que tiene un tesoro, tiene muchos \u2018amigos&#8217;.&#8221;<\/p>\n<p>&#8220;Si un amigo se comporta como la sombra que,<\/p>\n<p>cuando luce el Sol nos abandona, no era un amigo.&#8221;<\/p>\n<p>&nbsp;<\/p><\/blockquote>\n<p style=\"text-align: justify;\">Pero volvamos al trabajo y continuemos repasando cosas interesantes y viajemos hasta el siglo XIX, que fue vital para la ciencia. Aunque la ciencia ya hab\u00eda mostrado para entonces su capacidad \u00fanica para estudiar qu\u00e9 sucede en la Naturaleza y qu\u00e9 principio (o leyes) la gobiernan, y contaba por entonces con una larga lista de teor\u00edas, datos y h\u00e9roes cient\u00edficos, no se hab\u00eda convertido todav\u00eda en una gran empresa, en la &#8220;profesi\u00f3n&#8221; que terminar\u00eda siendo.<\/p>\n<p style=\"text-align: justify;\">Pero, esa ser\u00e1 otra historia que finalizar\u00e1 \u00e9sta de hoy.<\/p>\n<p style=\"text-align: justify;\">emilio silvera<\/p>\n<div class='bookmark'>\r\n\t\t<table align='left' border='0' cellpadding='0' width='100%'>\r\n\t\t<tr><td><span class='pushbutton'><a href='http:\/\/delicious.com\/post?url=https%3A%2F%2Fwww.emiliosilveravazquez.com%2Fblog%2F2015%2F08%2F16%2F%25c2%25bfla-astronomia-%25c2%25a1es-la-ciencia-mas-antigua%2F&amp;title=%C2%BFLa+Astronom%C3%ADa%3F+%C2%A1Es+la+Ciencia+m%C3%A1s+antigua%21' title='Delicious' target='_blank' rel='nofollow'><img src='https:\/\/www.emiliosilveravazquez.com\/blog\/wp-content\/plugins\/knxdt-bookmarks-wordpress-plugin\/images\/delicious.png'  alt='' class='book_img' border='none' style='margin:1px; padding: 0;'  \/><\/a><\/span><span class='pushbutton'><a href='http:\/\/digg.com\/submit?url=https%3A%2F%2Fwww.emiliosilveravazquez.com%2Fblog%2F2015%2F08%2F16%2F%25c2%25bfla-astronomia-%25c2%25a1es-la-ciencia-mas-antigua%2F&amp;title=%C2%BFLa+Astronom%C3%ADa%3F+%C2%A1Es+la+Ciencia+m%C3%A1s+antigua%21' title='Digg' target='_blank' rel='nofollow'><img src='https:\/\/www.emiliosilveravazquez.com\/blog\/wp-content\/plugins\/knxdt-bookmarks-wordpress-plugin\/images\/digg.png'  alt='' class='book_img' border='none' style='margin:1px; padding: 0;'  \/><\/a><\/span><span class='pushbutton'><a href='http:\/\/www.google.com\/bookmarks\/mark?op=edit&amp;bkmk=https%3A%2F%2Fwww.emiliosilveravazquez.com%2Fblog%2F2015%2F08%2F16%2F%25c2%25bfla-astronomia-%25c2%25a1es-la-ciencia-mas-antigua%2F&amp;title=%C2%BFLa+Astronom%C3%ADa%3F+%C2%A1Es+la+Ciencia+m%C3%A1s+antigua%21' title='Google' target='_blank' rel='nofollow'><img src='https:\/\/www.emiliosilveravazquez.com\/blog\/wp-content\/plugins\/knxdt-bookmarks-wordpress-plugin\/images\/google.png'   alt='' class='book_img' border='none' style='margin:1px; padding: 0;'  \/><\/a><\/span><span class='pushbutton'><a href='http:\/\/myweb2.search.yahoo.com\/myresults\/bookmarklet?u=https%3A%2F%2Fwww.emiliosilveravazquez.com%2Fblog%2F2015%2F08%2F16%2F%25c2%25bfla-astronomia-%25c2%25a1es-la-ciencia-mas-antigua%2F&amp;t=%C2%BFLa+Astronom%C3%ADa%3F+%C2%A1Es+la+Ciencia+m%C3%A1s+antigua%21' title='Yahoo' target='_blank' rel='nofollow'><img src='https:\/\/www.emiliosilveravazquez.com\/blog\/wp-content\/plugins\/knxdt-bookmarks-wordpress-plugin\/images\/yahoo.png'  alt='' class='book_img' border='none' style='margin:1px; padding: 0;'  \/><\/a><\/span><span class='pushbutton'><a href='http:\/\/www.technorati.com\/faves?add=https%3A%2F%2Fwww.emiliosilveravazquez.com%2Fblog%2F2015%2F08%2F16%2F%25c2%25bfla-astronomia-%25c2%25a1es-la-ciencia-mas-antigua%2F' title='Technorati' target='_blank' rel='nofollow'><img src='https:\/\/www.emiliosilveravazquez.com\/blog\/wp-content\/plugins\/knxdt-bookmarks-wordpress-plugin\/images\/technorati.png'  alt='' class='book_img' border='none' style='margin:1px; padding: 0;'  \/><\/a><\/span><span class='pushbutton'><a href='http:\/\/meneame.net\/submit.php?url=https%3A%2F%2Fwww.emiliosilveravazquez.com%2Fblog%2F2015%2F08%2F16%2F%25c2%25bfla-astronomia-%25c2%25a1es-la-ciencia-mas-antigua%2F' title='Meneame' target='_blank' rel='nofollow'><img src='https:\/\/www.emiliosilveravazquez.com\/blog\/wp-content\/plugins\/knxdt-bookmarks-wordpress-plugin\/images\/meneame.png'  alt='' class='book_img' border='none' style='margin:1px; padding: 0;'  \/><\/a><\/span><span class='pushbutton'><a href='http:\/\/enchilame.com\/submit.php?url=https:\/\/www.emiliosilveravazquez.com\/blog\/2015\/08\/16\/%c2%bfla-astronomia-%c2%a1es-la-ciencia-mas-antigua\/' target='_blank' rel='nofollow'><img title='Enchilame' src='https:\/\/www.emiliosilveravazquez.com\/blog\/wp-content\/plugins\/knxdt-bookmarks-wordpress-plugin\/images\/enchilame.png'  alt='' class='book_img' border='none' style='margin:1px; padding: 0;'  \/><\/a><\/span><span class='pushbutton'><a href='http:\/\/www.blinklist.com\/index.php?Action=Blink\/addblink.php&amp;Description=&amp;Url=https%3A%2F%2Fwww.emiliosilveravazquez.com%2Fblog%2F2015%2F08%2F16%2F%25c2%25bfla-astronomia-%25c2%25a1es-la-ciencia-mas-antigua%2F&amp;title=%C2%BFLa+Astronom%C3%ADa%3F+%C2%A1Es+la+Ciencia+m%C3%A1s+antigua%21' title='BlinkList' target='_blank' rel='nofollow'><img src='https:\/\/www.emiliosilveravazquez.com\/blog\/wp-content\/plugins\/knxdt-bookmarks-wordpress-plugin\/images\/blinklist.png'  alt='' class='book_img' border='none' style='margin:1px; padding: 0;'  \/><\/a><\/span><span class='pushbutton'><a href='http:\/\/reddit.com\/submit?url=https%3A%2F%2Fwww.emiliosilveravazquez.com%2Fblog%2F2015%2F08%2F16%2F%25c2%25bfla-astronomia-%25c2%25a1es-la-ciencia-mas-antigua%2F&amp;title=%C2%BFLa+Astronom%C3%ADa%3F+%C2%A1Es+la+Ciencia+m%C3%A1s+antigua%21' title='Reddit' target='_blank' rel='nofollow'><img src='https:\/\/www.emiliosilveravazquez.com\/blog\/wp-content\/plugins\/knxdt-bookmarks-wordpress-plugin\/images\/reddit.png'  alt='' class='book_img' border='none' style='margin:1px; padding: 0;'  \/><\/a><\/span><span class='pushbutton'><a href='http:\/\/www.tecnologiadiaria.com\/2009\/07\/abrir-com-hotmail-correo.html' target='_blank' title='hotmail'><img src='https:\/\/www.emiliosilveravazquez.com\/blog\/wp-content\/plugins\/knxdt-bookmarks-wordpress-plugin\/images\/linklove.png' alt='hotmail correo' class='book_img' border='none' style='margin:1px; padding: 0;' \/><\/a><\/span><span class='pushbutton'><a href='http:\/\/bitacoras.com\/votar\/anotacion\/externo\/mini\/www.emiliosilveravazquez.com\/blog\/2015\/08\/16\/%c2%bfla-astronomia-%c2%a1es-la-ciencia-mas-antigua\/' title='Bitacoras.com' target='_blank' rel='nofollow'><img src='https:\/\/www.emiliosilveravazquez.com\/blog\/wp-content\/plugins\/knxdt-bookmarks-wordpress-plugin\/images\/bitacoras.png'  alt='' class='book_img' border='none' style='margin:1px; padding: 0;'  \/><\/a><\/span><span class='pushbutton'><a href='http:\/\/www.wikio.es\/vote?url=https%3A%2F%2Fwww.emiliosilveravazquez.com%2Fblog%2F2015%2F08%2F16%2F%25c2%25bfla-astronomia-%25c2%25a1es-la-ciencia-mas-antigua%2F' title='Wikio' target='_blank' rel='nofollow'><img src='https:\/\/www.emiliosilveravazquez.com\/blog\/wp-content\/plugins\/knxdt-bookmarks-wordpress-plugin\/images\/wikio.png'   alt='' class='book_img' border='none' style='margin:1px; padding: 0;'   \/><\/a><\/span><span class='pushbutton'><a href='http:\/\/friendfeed.com\/?url=https%3A%2F%2Fwww.emiliosilveravazquez.com%2Fblog%2F2015%2F08%2F16%2F%25c2%25bfla-astronomia-%25c2%25a1es-la-ciencia-mas-antigua%2F&amp;title=%C2%BFLa+Astronom%C3%ADa%3F+%C2%A1Es+la+Ciencia+m%C3%A1s+antigua%21' title='Friend Feed' target='_blank' rel='nofollow'><img src='https:\/\/www.emiliosilveravazquez.com\/blog\/wp-content\/plugins\/knxdt-bookmarks-wordpress-plugin\/images\/friendfeed.png'  alt='' class='book_img' border='none' style='margin:1px; padding: 0;'  \/><\/a><\/span><span class='pushbutton'><a href='http:\/\/www.facebook.com\/share.php?u=https%3A%2F%2Fwww.emiliosilveravazquez.com%2Fblog%2F2015%2F08%2F16%2F%25c2%25bfla-astronomia-%25c2%25a1es-la-ciencia-mas-antigua%2F&amp;t=%C2%BFLa+Astronom%C3%ADa%3F+%C2%A1Es+la+Ciencia+m%C3%A1s+antigua%21' title='Facebook' target='_blank' rel='nofollow'><img src='https:\/\/www.emiliosilveravazquez.com\/blog\/wp-content\/plugins\/knxdt-bookmarks-wordpress-plugin\/images\/facebook.png'  alt='' class='book_img' border='none' style='margin:1px; padding: 0;'  \/><\/a><\/span><span class='pushbutton'><a href='http:\/\/twitter.com\/home?status=%C2%BFLa+Astronom%C3%ADa%3F+%C2%A1Es+la+Ciencia+m%C3%A1s+antigua%21: https%3A%2F%2Fwww.emiliosilveravazquez.com%2Fblog%2F2015%2F08%2F16%2F%25c2%25bfla-astronomia-%25c2%25a1es-la-ciencia-mas-antigua%2F' title='Twitter' target='_blank' rel='nofollow'><img src='https:\/\/www.emiliosilveravazquez.com\/blog\/wp-content\/plugins\/knxdt-bookmarks-wordpress-plugin\/images\/twitter.png'  alt='' class='book_img' border='none' style='margin:1px; padding: 0;'  \/><\/a><\/span><span class='pushbutton'><a href='http:\/\/www.feedburner.com\/fb\/a\/emailFlare?itemTitle=%C2%BFLa+Astronom%C3%ADa%3F+%C2%A1Es+la+Ciencia+m%C3%A1s+antigua%21&amp;uri=https%3A%2F%2Fwww.emiliosilveravazquez.com%2Fblog%2F2015%2F08%2F16%2F%25c2%25bfla-astronomia-%25c2%25a1es-la-ciencia-mas-antigua%2F' title='Enviar por Email' target='_blank' rel='nofollow'><img src='https:\/\/www.emiliosilveravazquez.com\/blog\/wp-content\/plugins\/knxdt-bookmarks-wordpress-plugin\/images\/email.png'  alt='' class='book_img' border='none' style='margin:1px; padding: 0;'  \/><\/a><\/span><span style='font-weight:bold; padding-left: 5px;'><a href='http:\/\/wordpress.org\/extend\/plugins\/knxdt-bookmarks-wordpress-plugin\/' title='Plugin' rel='nofollow' target='_blank'>[?]<\/a><\/span><\/td><\/tr><\/table><br\/><br\/><\/div>","protected":false},"excerpt":{"rendered":"<p>\u00a0\u00a0\u00a0\u00a0\u00a0\u00a0\u00a0\u00a0\u00a0\u00a0\u00a0\u00a0\u00a0\u00a0\u00a0\u00a0\u00a0\u00a0\u00a0\u00a0\u00a0\u00a0\u00a0\u00a0\u00a0\u00a0\u00a0\u00a0\u00a0\u00a0\u00a0\u00a0\u00a0\u00a0\u00a0 Tycho Brahe (1546 &#8211; 1601) y Johannes Kepler (1571 &#8211; 1630). Tycho era noble, rico y poderoso, y no segu\u00eda las ideas cop\u00e9rnicas. Kepler era de origen humilde, ferviente cop\u00e9rnico, siempre buscando (no con demasiado \u00e9xito) el amparo de reyes y arist\u00f3cratas, no ya para poder trabajar en la ciencia que amaba, sino para [&hellip;]<\/p>\n","protected":false},"author":2,"featured_media":0,"comment_status":"open","ping_status":"open","sticky":false,"template":"","format":"standard","meta":{"_s2mail":"yes","footnotes":""},"categories":[336],"tags":[],"_links":{"self":[{"href":"https:\/\/www.emiliosilveravazquez.com\/blog\/wp-json\/wp\/v2\/posts\/12766"}],"collection":[{"href":"https:\/\/www.emiliosilveravazquez.com\/blog\/wp-json\/wp\/v2\/posts"}],"about":[{"href":"https:\/\/www.emiliosilveravazquez.com\/blog\/wp-json\/wp\/v2\/types\/post"}],"author":[{"embeddable":true,"href":"https:\/\/www.emiliosilveravazquez.com\/blog\/wp-json\/wp\/v2\/users\/2"}],"replies":[{"embeddable":true,"href":"https:\/\/www.emiliosilveravazquez.com\/blog\/wp-json\/wp\/v2\/comments?post=12766"}],"version-history":[{"count":0,"href":"https:\/\/www.emiliosilveravazquez.com\/blog\/wp-json\/wp\/v2\/posts\/12766\/revisions"}],"wp:attachment":[{"href":"https:\/\/www.emiliosilveravazquez.com\/blog\/wp-json\/wp\/v2\/media?parent=12766"}],"wp:term":[{"taxonomy":"category","embeddable":true,"href":"https:\/\/www.emiliosilveravazquez.com\/blog\/wp-json\/wp\/v2\/categories?post=12766"},{"taxonomy":"post_tag","embeddable":true,"href":"https:\/\/www.emiliosilveravazquez.com\/blog\/wp-json\/wp\/v2\/tags?post=12766"}],"curies":[{"name":"wp","href":"https:\/\/api.w.org\/{rel}","templated":true}]}}