{"id":12727,"date":"2015-08-07T05:59:34","date_gmt":"2015-08-07T04:59:34","guid":{"rendered":"http:\/\/www.emiliosilveravazquez.com\/blog\/?p=12727"},"modified":"2015-08-07T05:59:34","modified_gmt":"2015-08-07T04:59:34","slug":"siempre-tratando-de-saber-quienes-somos","status":"publish","type":"post","link":"https:\/\/www.emiliosilveravazquez.com\/blog\/2015\/08\/07\/siempre-tratando-de-saber-quienes-somos\/","title":{"rendered":"Siempre tratando de saber qui\u00e9nes somos"},"content":{"rendered":"<h6 style=\"text-align: justify;\">\u00a0<strong>As\u00ed surgi\u00f3 el rostro humano<br \/>\n<\/strong><\/h6>\n<h6 style=\"text-align: justify;\"><\/h6>\n<div>\n<div>\n<div>\n<div id=\"subtitulo_noticia\">\n<h2 style=\"text-align: justify;\">Un estudio reconstruye el \u201ccambio radical\u201d en la evoluci\u00f3n humana que dio lugar a los inconfundibles rasgos del &#8216;Homo sapiens&#8217;<\/h2>\n<p>&nbsp;<\/p>\n<\/div>\n<\/div>\n<div>\n<ul>\n<li><a href=\"http:\/\/elpais.com\/elpais\/2015\/05\/29\/ciencia\/1432926510_096443.html\" target=\"_blank\"><strong>El \u2018Homo antecessor\u2019 se hace mayor de edad<\/strong> <\/a><\/li>\n<\/ul>\n<\/div>\n<\/div>\n<div><img decoding=\"async\" loading=\"lazy\" title=\"\" src=\"http:\/\/ep01.epimg.net\/elpais\/imagenes\/2015\/08\/05\/ciencia\/1438795734_944425_1438796183_noticia_normal.jpg\" alt=\"\" width=\"560\" height=\"373\" \/><\/p>\n<div>\n<div style=\"text-align: justify;\">\n<div>\n<div>\n<p>&nbsp;<\/p>\n<p>De izquierda a derecha, reconstrucci\u00f3n de la cara de australopiteco, &#8216;Homo habilis&#8217;, &#8216;Homo erectus&#8217; y &#8216;Homo sapiens&#8217; \/ Getty<\/p>\n<\/div>\n<\/div>\n<\/div>\n<div id=\"cuerpo_noticia\">\n<p style=\"text-align: justify;\" dir=\"ltr\">No hace falta ser Scarlett Johansson o Brad Pitt para mirarse al espejo y contemplar algo \u00fanico cada ma\u00f1ana. Cualquier rostro humano, de cualquier persona, en cualquier \u00e9poca, es inigualable dentro del gran universo mam\u00edfero o el m\u00e1s reducido club de los hom\u00ednidos \u00bfPor qu\u00e9? Una extensa revisi\u00f3n de cientos de cr\u00e1neos de primates, humanos actuales y hom\u00ednidos extintos ha intentado responder a esa pregunta. Sus resultados se leen como un apasionante relato de c\u00f3mo y cu\u00e1ndo surgi\u00f3 esa <a href=\"http:\/\/elpais.com\/tag\/evolucion_humana\/a\/\">rareza evolutiva<\/a> que llamamos cara.<\/p>\n<p style=\"text-align: justify;\" dir=\"ltr\">El trabajo estudia dos partes del cr\u00e1neo: la posterior que contiene el cerebro y los huesos que componen el rostro. En el encaje de estas dos piezas est\u00e1 la clave para comprender por qu\u00e9 los humanos no tenemos cara de mono, aunque muchas veces nos veamos muy parecidos a ellos. La muestra incluye a chimpanc\u00e9s, gorilas, bonobos y orangutanes. En todos ellos se ha observado la misma regla inmutable en el desarrollo de sus cabezas: cuanto m\u00e1s grande es el cr\u00e1neo, m\u00e1s grande se hace tambi\u00e9n la cara. El tama\u00f1o es importante pues esos rostros anchos y salientes sirven de soporte para una dentici\u00f3n poderosa necesaria para una vida en la jungla comiendo brotes, hojas, frutos y, ocasionalmente, carne. \u201cUn chimpanc\u00e9 y un gorila tienen el cerebro del mismo tama\u00f1o, pero el gorila tiene un cr\u00e1neo mucho m\u00e1s grande y por tanto tambi\u00e9n lo es su cara\u201d, explica Paul Palmqvist, paleont\u00f3logo de la Universidad de M\u00e1laga y coautor <a href=\"http:\/\/journals.plos.org\/plosone\/article?id=10.1371\/journal.pone.0131055\">del estudio, publicado en <em>PLoS One<\/em>.<\/a><\/p>\n<p style=\"text-align: justify;\" dir=\"ltr\"><img decoding=\"async\" loading=\"lazy\" src=\"http:\/\/www.portalplanetasedna.com.ar\/images\/evolucioncraneo.gif\" alt=\"\" width=\"478\" height=\"170\" \/><\/p>\n<div id=\"sumario_1|apoyos\" style=\"text-align: justify;\"><a name=\"sumario_1\"><\/a><\/div>\n<div>\n<p>\u00a0\u00a0\u00a0\u00a0\u00a0\u00a0\u00a0\u00a0\u00a0\u00a0\u00a0\u00a0\u00a0\u00a0\u00a0\u00a0\u00a0\u00a0\u00a0\u00a0\u00a0\u00a0\u00a0\u00a0\u00a0\u00a0\u00a0\u00a0\u00a0\u00a0 Im\u00e1genes de cr\u00e1neos de varias especies de australopithecus<\/p>\n<p>&nbsp;<\/p>\n<\/div>\n<\/div>\n<p style=\"text-align: justify;\" dir=\"ltr\">La investigaci\u00f3n tambi\u00e9n analiza cr\u00e1neos de <a href=\"http:\/\/elpais.com\/elpais\/2015\/05\/27\/ciencia\/1432739554_940956.html\">varias especies de australopitecos<\/a>, hom\u00ednidos que ya caminaban erguidos y que vivieron en \u00c1frica desde hace unos 3,5 millones de a\u00f1os. Sus caras parecen, as\u00ed mismo, sometidas a la misma ley de desarrollo observada en los grandes primates. Despu\u00e9s se produjo un \u201ccambio radical\u201d con la aparici\u00f3n de las primeras especies del g\u00e9nero Homo, el nuestro. Estas especies desarrollaron un cerebro cada vez mayor y, a medida que su cr\u00e1neo crec\u00eda, la cara comenz\u00f3 a menguar como si uno necesitase de los recursos biol\u00f3gicos de la otra. Este proceso es continuo en el tiempo. Se inicia en \u00c1frica con el <em>Homo habilis<\/em> hace unos 2,5 millones de a\u00f1os y contin\u00faa, a media que se conquista territorio, con <a href=\"http:\/\/elpais.com\/elpais\/2014\/12\/03\/ciencia\/1417622202_331338.html\"><em>Homo erectus<\/em>, en Asia<\/a>; <a href=\"http:\/\/esmateria.com\/2013\/10\/17\/un-craneo-para-unirnos-a-todos\/\"><em>Homo georgicus<\/em>,<\/a> en Georgia; <a href=\"http:\/\/elpais.com\/elpais\/2015\/05\/29\/ciencia\/1432926510_096443.html\"><em>Homo antecessor<\/em>,<\/a> en Atapuerca (Burgos), y el hombre <a href=\"http:\/\/elpais.com\/tag\/homo_neanderthalensis\/a\/\">neandertal<\/a> , nuestro pariente humano m\u00e1s cercano y que se extingui\u00f3 hace unos 30.000 a\u00f1os. El punto m\u00e1s avanzado llega con <em>Homo sapiens<\/em>, la cara m\u00e1s peque\u00f1a y estrecha de todos los hom\u00ednidos.<\/p>\n<p style=\"text-align: justify;\" dir=\"ltr\"><img decoding=\"async\" loading=\"lazy\" src=\"http:\/\/2.bp.blogspot.com\/-M3SvP4_3vYo\/UL0NSgqJ_xI\/AAAAAAAAABc\/guI3dnneJgA\/s1600\/Cr%C3%A1neo_erectus.jpg\" alt=\"\" width=\"380\" height=\"418\" \/><\/p>\n<p style=\"text-align: justify;\" dir=\"ltr\">\u00a0\u00a0\u00a0\u00a0\u00a0\u00a0\u00a0\u00a0\u00a0\u00a0\u00a0\u00a0\u00a0\u00a0\u00a0\u00a0\u00a0\u00a0\u00a0\u00a0\u00a0\u00a0\u00a0\u00a0\u00a0\u00a0\u00a0\u00a0\u00a0\u00a0\u00a0\u00a0\u00a0\u00a0\u00a0\u00a0 Cr\u00e1neo del Sapiens Africano<\/p>\n<p style=\"text-align: justify;\" dir=\"ltr\">El estudio ha incluido an\u00e1lisis de cr\u00e1neos de sapiens que vivieron en \u00c1frica hace 160.000 a\u00f1os as\u00ed como poblaciones posteriores de croma\u00f1ones, pueblos neol\u00edticos y humanos actuales de varias nacionalidades. \u201cNunca se hab\u00eda hecho un estudio as\u00ed\u201d, resalta Palmqvist, y lo m\u00e1s interesante, dice, es que tanto los humanos como el resto de especies analizadas mantienen siempre \u201cla misma velocidad de variaci\u00f3n\u201d en la morfolog\u00eda, aunque los patrones sean diferentes, con lo que toda esta historia encaja evolutivamente. Otro punto interesante: el rostro humano ha perdido variabilidad con los a\u00f1os. En tiempos de los primeros miembros del g\u00e9nero Homo, las caras eran mucho m\u00e1s diferentes entre s\u00ed. \u201cEn comparaci\u00f3n, un se\u00f1or del desierto del Kalahari y un noruego son mucho m\u00e1s parecidos\u201d, concluye Palmqvist.<\/p>\n<div id=\"sumario_2|html\" style=\"text-align: justify;\"><a name=\"sumario_2\"><\/a><\/div>\n<div style=\"text-align: justify;\"><img decoding=\"async\" loading=\"lazy\" src=\"http:\/\/www.realhistoryww.com\/world_history\/ancient\/images_eman\/erectus.jpg\" alt=\"\" width=\"434\" height=\"302\" \/><\/div>\n<div style=\"text-align: justify;\"><a name=\"sumario_2\"><\/a><\/div>\n<div id=\"sumario_2|html\" style=\"text-align: justify;\">\n<p>\u00a0\u00a0\u00a0\u00a0\u00a0\u00a0\u00a0\u00a0\u00a0\u00a0\u00a0\u00a0\u00a0\u00a0\u00a0\u00a0\u00a0\u00a0\u00a0\u00a0\u00a0\u00a0\u00a0\u00a0\u00a0\u00a0\u00a0\u00a0\u00a0\u00a0\u00a0\u00a0\u00a0\u00a0\u00a0 El rostro humano tambi\u00e9n es \u00fanico por su manera de evolucionar<\/p>\n<p>&nbsp;<\/p>\n<\/div>\n<p style=\"text-align: justify;\" dir=\"ltr\">La pregunta del mill\u00f3n es por qu\u00e9, de repente, los patrones f\u00edsicos comenzaron a cambiar para dar lugar a un cerebro mayor y una cara m\u00e1s peque\u00f1a. Se debe en parte a que los Homo \u201cse estaban adaptando a un entorno y a una situaci\u00f3n totalmente nueva\u201d, apunta Juan Antonio P\u00e9rez, autor principal del trabajo. Entre esos cambios estuvo el giro hacia una dieta carn\u00edvora, esencial para sustentar un cerebro que necesitaba el 22% de toda la energ\u00eda del cuerpo (el de un chimpanc\u00e9 requiere el 8%). \u201cSacrificar el coraz\u00f3n, el h\u00edgado u otros \u00f3rganos fundamentales hubiera sido un atentado fisiol\u00f3gico\u201d, explica Palmqvist. Al final fue el sistema digestivo y posiblemente la cara y los dientes los que se hicieron de menor tama\u00f1o para ajustar, apunta el paleont\u00f3logo.<\/p>\n<p style=\"text-align: justify;\" dir=\"ltr\"><img decoding=\"async\" loading=\"lazy\" src=\"http:\/\/incognitassociales.files.wordpress.com\/2011\/01\/crecimiento3.jpg\" alt=\"\" width=\"478\" height=\"274\" \/><\/p>\n<p style=\"text-align: justify;\" dir=\"ltr\">El rostro humano tambi\u00e9n es \u00fanico por su inmadurez. Comparados con otros primates, los sapiens tienen un periodo de desarrollo durante la ni\u00f1ez y adolescencia muy largo y, sin embargo, llegan a la edad adulta manteniendo rasgos juveniles. \u201cPor eso, un cr\u00e1neo de un hombre y un chimpanc\u00e9 son visiblemente diferentes, pero el de un ni\u00f1o y un chimpanc\u00e9 beb\u00e9 son mucho m\u00e1s similares, e incluso el de un hombre adulto se parece m\u00e1s al del chimpanc\u00e9 beb\u00e9\u201d, apunta Palmqvist.<\/p>\n<p style=\"text-align: justify;\" dir=\"ltr\">\u00bfY c\u00f3mo ser\u00eda nuestra cara si no se hubiera producido ese \u201ccambio radical&#8221;? \u201cNos hubi\u00e9ramos quedado en la zona de adaptaci\u00f3n de los australopitecos y nunca hubi\u00e9ramos despegado, tendr\u00edamos caras m\u00e1s grandes y probablemente nunca se hubiera desarrollado un cerebro tan grande como el nuestro\u201d, explica P\u00e9rez.<\/p>\n<div id=\"sumario_3|html\" style=\"text-align: justify;\"><a name=\"sumario_3\"><\/a><\/div>\n<div style=\"text-align: justify;\"><img decoding=\"async\" loading=\"lazy\" src=\"http:\/\/1.bp.blogspot.com\/-flWDVE7a8B8\/VB3a50e9plI\/AAAAAAAAJTg\/712OiaVPLek\/s1600\/image.jpg\" alt=\"\" width=\"478\" height=\"311\" \/><\/div>\n<div style=\"text-align: justify;\"><a name=\"sumario_3\"><\/a><\/div>\n<div id=\"sumario_3|html\" style=\"text-align: justify;\">\n<p>El rostro humano ha perdido variabilidad con los a\u00f1os<\/p>\n<p>&nbsp;<\/p>\n<\/div>\n<p style=\"text-align: justify;\" dir=\"ltr\">Mar\u00eda Martin\u00f3n-Torres, una investigadora del equipo de Atapuerca que no ha participado en este estudio, resalta su val\u00eda. \u201cMe parece un estudio interesante porque cubre una muestra muy completa de primates, poblaciones humanas actuales y hom\u00ednidos extintos\u201d. \u201cComo los autores apuntan, en el caso particular del g\u00e9nero Homo existe una variabilidad mayor dentro de cada especie y entre ellas que no siempre sigue el mismo patr\u00f3n que los dem\u00e1s grupos\u201d. Gran parte de esa variabilidad se debe a los cuatro cr\u00e1neos de Dmanisi, todos en teor\u00eda de la misma poblaci\u00f3n , pero tan diferentes en sus rasgos que su variaci\u00f3n se sale de los par\u00e1metros habituales de los <em>Homo sapiens<\/em>, <a href=\"http:\/\/esmateria.com\/2013\/10\/17\/un-craneo-para-unirnos-a-todos\/\">lo que reabre el debate sobre si son o no la misma especie.<\/a><\/p>\n<p style=\"text-align: justify;\" dir=\"ltr\"><img decoding=\"async\" loading=\"lazy\" title=\"Marcos Martin\u00f3n-Torres\" src=\"http:\/\/www.ucl.ac.uk\/archaeology\/people\/staff\/martinon_torres\/Marcos_Martino_Torres.jpg\" alt=\"Marcos Martin\u00f3n-Torres\" width=\"214\" height=\"267\" \/><\/p>\n<p style=\"text-align: justify;\" dir=\"ltr\">En un trabajo anterior, el equipo de Martin\u00f3n-Torres ya apunt\u00f3 que, hace m\u00e1s de un mill\u00f3n de a\u00f1os, <a href=\"http:\/\/esmateria.com\/2013\/06\/11\/la-cara-humana-aparecio-hace-un-millon-de-anos\/\" target=\"_blank\">el hombre de Atapuerca ya ten\u00eda ese rostro afilado<\/a> que anunciaba la cara sapiens, pero no tanto la neandertal.<\/p>\n<blockquote>\n<p style=\"text-align: justify;\" dir=\"ltr\">\u201cEste estudio ser\u00eda coincidente con nuestra valoraci\u00f3n del antecessor donde estimamos un aumento importante de la capacidad craneal respecto a hom\u00ednidos anteriores junto con el desarrollo de una cara gr\u00e1cil y moderna\u201d, resalta. \u201cPero hay algo m\u00e1s que simplemente el tama\u00f1o, pues en el caso del antecessor no solo se parece a la cara moderna en cuanto al tama\u00f1o sino tambi\u00e9n en la forma\u201d. \u201cDe hecho, la cara de antecessor se parece a la de sapiens, pero no a la de los neandertales\u201d, concluye.<\/p>\n<\/blockquote>\n<p style=\"text-align: justify;\" dir=\"ltr\">Salvo algunos adornos para hacerlo algo m\u00e1s ameno, la Fuente: El Pa\u00eds.<\/p>\n<\/div>\n<\/div>\n<\/div>\n<div class='bookmark'>\r\n\t\t<table align='left' border='0' cellpadding='0' width='100%'>\r\n\t\t<tr><td><span class='pushbutton'><a href='http:\/\/delicious.com\/post?url=https%3A%2F%2Fwww.emiliosilveravazquez.com%2Fblog%2F2015%2F08%2F07%2Fsiempre-tratando-de-saber-quienes-somos%2F&amp;title=Siempre+tratando+de+saber+qui%C3%A9nes+somos' title='Delicious' target='_blank' rel='nofollow'><img src='https:\/\/www.emiliosilveravazquez.com\/blog\/wp-content\/plugins\/knxdt-bookmarks-wordpress-plugin\/images\/delicious.png'  alt='' class='book_img' border='none' style='margin:1px; padding: 0;'  \/><\/a><\/span><span class='pushbutton'><a href='http:\/\/digg.com\/submit?url=https%3A%2F%2Fwww.emiliosilveravazquez.com%2Fblog%2F2015%2F08%2F07%2Fsiempre-tratando-de-saber-quienes-somos%2F&amp;title=Siempre+tratando+de+saber+qui%C3%A9nes+somos' title='Digg' target='_blank' rel='nofollow'><img src='https:\/\/www.emiliosilveravazquez.com\/blog\/wp-content\/plugins\/knxdt-bookmarks-wordpress-plugin\/images\/digg.png'  alt='' class='book_img' border='none' style='margin:1px; padding: 0;'  \/><\/a><\/span><span class='pushbutton'><a href='http:\/\/www.google.com\/bookmarks\/mark?op=edit&amp;bkmk=https%3A%2F%2Fwww.emiliosilveravazquez.com%2Fblog%2F2015%2F08%2F07%2Fsiempre-tratando-de-saber-quienes-somos%2F&amp;title=Siempre+tratando+de+saber+qui%C3%A9nes+somos' title='Google' target='_blank' rel='nofollow'><img src='https:\/\/www.emiliosilveravazquez.com\/blog\/wp-content\/plugins\/knxdt-bookmarks-wordpress-plugin\/images\/google.png'   alt='' class='book_img' border='none' style='margin:1px; padding: 0;'  \/><\/a><\/span><span class='pushbutton'><a href='http:\/\/myweb2.search.yahoo.com\/myresults\/bookmarklet?u=https%3A%2F%2Fwww.emiliosilveravazquez.com%2Fblog%2F2015%2F08%2F07%2Fsiempre-tratando-de-saber-quienes-somos%2F&amp;t=Siempre+tratando+de+saber+qui%C3%A9nes+somos' title='Yahoo' target='_blank' rel='nofollow'><img src='https:\/\/www.emiliosilveravazquez.com\/blog\/wp-content\/plugins\/knxdt-bookmarks-wordpress-plugin\/images\/yahoo.png'  alt='' class='book_img' border='none' style='margin:1px; padding: 0;'  \/><\/a><\/span><span class='pushbutton'><a href='http:\/\/www.technorati.com\/faves?add=https%3A%2F%2Fwww.emiliosilveravazquez.com%2Fblog%2F2015%2F08%2F07%2Fsiempre-tratando-de-saber-quienes-somos%2F' title='Technorati' target='_blank' rel='nofollow'><img src='https:\/\/www.emiliosilveravazquez.com\/blog\/wp-content\/plugins\/knxdt-bookmarks-wordpress-plugin\/images\/technorati.png'  alt='' class='book_img' border='none' style='margin:1px; padding: 0;'  \/><\/a><\/span><span class='pushbutton'><a href='http:\/\/meneame.net\/submit.php?url=https%3A%2F%2Fwww.emiliosilveravazquez.com%2Fblog%2F2015%2F08%2F07%2Fsiempre-tratando-de-saber-quienes-somos%2F' title='Meneame' target='_blank' rel='nofollow'><img src='https:\/\/www.emiliosilveravazquez.com\/blog\/wp-content\/plugins\/knxdt-bookmarks-wordpress-plugin\/images\/meneame.png'  alt='' class='book_img' border='none' style='margin:1px; padding: 0;'  \/><\/a><\/span><span class='pushbutton'><a href='http:\/\/enchilame.com\/submit.php?url=https:\/\/www.emiliosilveravazquez.com\/blog\/2015\/08\/07\/siempre-tratando-de-saber-quienes-somos\/' target='_blank' rel='nofollow'><img title='Enchilame' src='https:\/\/www.emiliosilveravazquez.com\/blog\/wp-content\/plugins\/knxdt-bookmarks-wordpress-plugin\/images\/enchilame.png'  alt='' class='book_img' border='none' style='margin:1px; padding: 0;'  \/><\/a><\/span><span class='pushbutton'><a href='http:\/\/www.blinklist.com\/index.php?Action=Blink\/addblink.php&amp;Description=&amp;Url=https%3A%2F%2Fwww.emiliosilveravazquez.com%2Fblog%2F2015%2F08%2F07%2Fsiempre-tratando-de-saber-quienes-somos%2F&amp;title=Siempre+tratando+de+saber+qui%C3%A9nes+somos' title='BlinkList' target='_blank' rel='nofollow'><img src='https:\/\/www.emiliosilveravazquez.com\/blog\/wp-content\/plugins\/knxdt-bookmarks-wordpress-plugin\/images\/blinklist.png'  alt='' class='book_img' border='none' style='margin:1px; padding: 0;'  \/><\/a><\/span><span class='pushbutton'><a href='http:\/\/reddit.com\/submit?url=https%3A%2F%2Fwww.emiliosilveravazquez.com%2Fblog%2F2015%2F08%2F07%2Fsiempre-tratando-de-saber-quienes-somos%2F&amp;title=Siempre+tratando+de+saber+qui%C3%A9nes+somos' title='Reddit' target='_blank' rel='nofollow'><img src='https:\/\/www.emiliosilveravazquez.com\/blog\/wp-content\/plugins\/knxdt-bookmarks-wordpress-plugin\/images\/reddit.png'  alt='' class='book_img' border='none' style='margin:1px; padding: 0;'  \/><\/a><\/span><span class='pushbutton'><a href='http:\/\/www.tecnologiadiaria.com\/2009\/07\/abrir-com-hotmail-correo.html' target='_blank' title='hotmail'><img src='https:\/\/www.emiliosilveravazquez.com\/blog\/wp-content\/plugins\/knxdt-bookmarks-wordpress-plugin\/images\/linklove.png' alt='hotmail correo' class='book_img' border='none' style='margin:1px; padding: 0;' \/><\/a><\/span><span class='pushbutton'><a href='http:\/\/bitacoras.com\/votar\/anotacion\/externo\/mini\/www.emiliosilveravazquez.com\/blog\/2015\/08\/07\/siempre-tratando-de-saber-quienes-somos\/' title='Bitacoras.com' target='_blank' rel='nofollow'><img src='https:\/\/www.emiliosilveravazquez.com\/blog\/wp-content\/plugins\/knxdt-bookmarks-wordpress-plugin\/images\/bitacoras.png'  alt='' class='book_img' border='none' style='margin:1px; padding: 0;'  \/><\/a><\/span><span class='pushbutton'><a href='http:\/\/www.wikio.es\/vote?url=https%3A%2F%2Fwww.emiliosilveravazquez.com%2Fblog%2F2015%2F08%2F07%2Fsiempre-tratando-de-saber-quienes-somos%2F' title='Wikio' target='_blank' rel='nofollow'><img src='https:\/\/www.emiliosilveravazquez.com\/blog\/wp-content\/plugins\/knxdt-bookmarks-wordpress-plugin\/images\/wikio.png'   alt='' class='book_img' border='none' style='margin:1px; padding: 0;'   \/><\/a><\/span><span class='pushbutton'><a href='http:\/\/friendfeed.com\/?url=https%3A%2F%2Fwww.emiliosilveravazquez.com%2Fblog%2F2015%2F08%2F07%2Fsiempre-tratando-de-saber-quienes-somos%2F&amp;title=Siempre+tratando+de+saber+qui%C3%A9nes+somos' title='Friend Feed' target='_blank' rel='nofollow'><img src='https:\/\/www.emiliosilveravazquez.com\/blog\/wp-content\/plugins\/knxdt-bookmarks-wordpress-plugin\/images\/friendfeed.png'  alt='' class='book_img' border='none' style='margin:1px; padding: 0;'  \/><\/a><\/span><span class='pushbutton'><a href='http:\/\/www.facebook.com\/share.php?u=https%3A%2F%2Fwww.emiliosilveravazquez.com%2Fblog%2F2015%2F08%2F07%2Fsiempre-tratando-de-saber-quienes-somos%2F&amp;t=Siempre+tratando+de+saber+qui%C3%A9nes+somos' title='Facebook' target='_blank' rel='nofollow'><img src='https:\/\/www.emiliosilveravazquez.com\/blog\/wp-content\/plugins\/knxdt-bookmarks-wordpress-plugin\/images\/facebook.png'  alt='' class='book_img' border='none' style='margin:1px; padding: 0;'  \/><\/a><\/span><span class='pushbutton'><a href='http:\/\/twitter.com\/home?status=Siempre+tratando+de+saber+qui%C3%A9nes+somos: https%3A%2F%2Fwww.emiliosilveravazquez.com%2Fblog%2F2015%2F08%2F07%2Fsiempre-tratando-de-saber-quienes-somos%2F' title='Twitter' target='_blank' rel='nofollow'><img src='https:\/\/www.emiliosilveravazquez.com\/blog\/wp-content\/plugins\/knxdt-bookmarks-wordpress-plugin\/images\/twitter.png'  alt='' class='book_img' border='none' style='margin:1px; padding: 0;'  \/><\/a><\/span><span class='pushbutton'><a href='http:\/\/www.feedburner.com\/fb\/a\/emailFlare?itemTitle=Siempre+tratando+de+saber+qui%C3%A9nes+somos&amp;uri=https%3A%2F%2Fwww.emiliosilveravazquez.com%2Fblog%2F2015%2F08%2F07%2Fsiempre-tratando-de-saber-quienes-somos%2F' title='Enviar por Email' target='_blank' rel='nofollow'><img src='https:\/\/www.emiliosilveravazquez.com\/blog\/wp-content\/plugins\/knxdt-bookmarks-wordpress-plugin\/images\/email.png'  alt='' class='book_img' border='none' style='margin:1px; padding: 0;'  \/><\/a><\/span><span style='font-weight:bold; padding-left: 5px;'><a href='http:\/\/wordpress.org\/extend\/plugins\/knxdt-bookmarks-wordpress-plugin\/' title='Plugin' rel='nofollow' target='_blank'>[?]<\/a><\/span><\/td><\/tr><\/table><br\/><br\/><\/div>","protected":false},"excerpt":{"rendered":"<p>\u00a0As\u00ed surgi\u00f3 el rostro humano Un estudio reconstruye el \u201ccambio radical\u201d en la evoluci\u00f3n humana que dio lugar a los inconfundibles rasgos del &#8216;Homo sapiens&#8217; &nbsp; El \u2018Homo antecessor\u2019 se hace mayor de edad &nbsp; De izquierda a derecha, reconstrucci\u00f3n de la cara de australopiteco, &#8216;Homo habilis&#8217;, &#8216;Homo erectus&#8217; y &#8216;Homo sapiens&#8217; \/ Getty No [&hellip;]<\/p>\n","protected":false},"author":2,"featured_media":0,"comment_status":"open","ping_status":"open","sticky":false,"template":"","format":"standard","meta":{"_s2mail":"yes","footnotes":""},"categories":[161],"tags":[],"_links":{"self":[{"href":"https:\/\/www.emiliosilveravazquez.com\/blog\/wp-json\/wp\/v2\/posts\/12727"}],"collection":[{"href":"https:\/\/www.emiliosilveravazquez.com\/blog\/wp-json\/wp\/v2\/posts"}],"about":[{"href":"https:\/\/www.emiliosilveravazquez.com\/blog\/wp-json\/wp\/v2\/types\/post"}],"author":[{"embeddable":true,"href":"https:\/\/www.emiliosilveravazquez.com\/blog\/wp-json\/wp\/v2\/users\/2"}],"replies":[{"embeddable":true,"href":"https:\/\/www.emiliosilveravazquez.com\/blog\/wp-json\/wp\/v2\/comments?post=12727"}],"version-history":[{"count":0,"href":"https:\/\/www.emiliosilveravazquez.com\/blog\/wp-json\/wp\/v2\/posts\/12727\/revisions"}],"wp:attachment":[{"href":"https:\/\/www.emiliosilveravazquez.com\/blog\/wp-json\/wp\/v2\/media?parent=12727"}],"wp:term":[{"taxonomy":"category","embeddable":true,"href":"https:\/\/www.emiliosilveravazquez.com\/blog\/wp-json\/wp\/v2\/categories?post=12727"},{"taxonomy":"post_tag","embeddable":true,"href":"https:\/\/www.emiliosilveravazquez.com\/blog\/wp-json\/wp\/v2\/tags?post=12727"}],"curies":[{"name":"wp","href":"https:\/\/api.w.org\/{rel}","templated":true}]}}