{"id":12725,"date":"2015-08-06T08:07:56","date_gmt":"2015-08-06T07:07:56","guid":{"rendered":"http:\/\/www.emiliosilveravazquez.com\/blog\/?p=12725"},"modified":"2015-08-06T08:07:56","modified_gmt":"2015-08-06T07:07:56","slug":"%c2%bfel-universo-%c2%a1siempre-estara-presente","status":"publish","type":"post","link":"https:\/\/www.emiliosilveravazquez.com\/blog\/2015\/08\/06\/%c2%bfel-universo-%c2%a1siempre-estara-presente\/","title":{"rendered":"\u00bfEl Universo? \u00a1Siempre estar\u00e1 presente!"},"content":{"rendered":"<div>\n<div style=\"text-align: justify;\">\u00a0<a href=\"http:\/\/www.emiliosilveravazquez.com\/blog\/2013\/02\/26\/hay-que-ir-mas-alla-del-modelo-estandar\/\" rel=\"prev\">Hay que ir m\u00e1s all\u00e1 del Modelo Est\u00e1ndar<\/a><\/div>\n<div style=\"text-align: justify;\"><a href=\"http:\/\/www.emiliosilveravazquez.com\/blog\/2013\/02\/26\/los-pensamientos-que-nunca-dejaran-de-asombrarnos\/\" rel=\"next\">Los pensamientos\u2026 Que nunca dejar\u00e1n de asombrarnos<\/a><\/div>\n<\/div>\n<h3><\/h3>\n<p>&nbsp;<\/p>\n<p><img decoding=\"async\" loading=\"lazy\" src=\"http:\/\/www.oan.es\/eclipse2015\/anular.jpg\" alt=\"\" width=\"365\" height=\"328\" \/><\/p>\n<div>\n<p style=\"text-align: justify;\">Hace mucho tiempo ya desde que mir\u00e1bamos el cielo asombrados ante un eclipse de Sol. Cada civilizaci\u00f3n a lo largo de la Historia entendi\u00f3 el fen\u00f3meno natural de una manera distinta, seg\u00fan los conocimientos que poseian, 0, tambi\u00e9n, seg\u00fan interesaba a los mandatarios de turno.<\/p>\n<p style=\"text-align: justify;\">El primer eclipse solar de la d\u00e9cada cre\u00f3 el \u201canillo de fuego\u201d en la provincia de Jiangsu, China. Este evento es conocido como un eclipse anular, ya que el anillo brillante o anillo de luz del sol sigue siendo visible incluso cuando la Luna est\u00e1 directamente entre la Tierra y el sol.La \u00f3rbita de la Luna no es un c\u00edrculo perfecto, lo que significa la distancia exacta de la Tierra cambia. Durante un eclipse anular, la Luna est\u00e1 m\u00e1s lejos de la Tierra, por lo que su tama\u00f1o aparente es menor que el disco visible del sol.<\/p>\n<p style=\"text-align: justify;\">Ahora, pasado el tiempo, nuestra innata curiosidad nos ha llevado a descubrir que vivimos en un planeta que pertenece a una estrella de una galaxia que forma parte de un grupo de treinta galaxias (el \u201cGrupo Local\u201d) y que a su vez, est\u00e1n inmersas en un Universo que cuenta con decenas de miles de millones de Galaxias como la nuestra.<\/p>\n<p style=\"text-align: justify;\"><img decoding=\"async\" loading=\"lazy\" src=\"http:\/\/3.bp.blogspot.com\/_zj5ibbOrnaI\/Sq002tBB3qI\/AAAAAAAAFBU\/t_yhEbCEVbk\/s1600\/si%2Bel%2Buniverso%2Bse%2Bexpande,%2Blas%2Bgalaxias%2Bchocan%2B1.jpg\" alt=\"[si+el+universo+se+expande,+las+galaxias+chocan+1.jpg]\" width=\"630\" height=\"420\" border=\"0\" \/><\/p>\n<p style=\"text-align: justify;\">Hemos podido saber que ese Universo est\u00e1 en expansi\u00f3n y que las Galaxias se alejan las unas de las otras. Se ha podido deducir que el Universo surgi\u00f3 de una explosi\u00f3n a la que llamamos el <a href=\"http:\/\/www.emiliosilveravazquez.com\/blog\/2013\/02\/26\/ano-internacional-de-la-astronomia-2009-en-espana-aia-iya2009-33\/#\"><a href=\"#\" onclick=\"referencia('big bang',event); return false;\">Big Bang<\/a><\/a> hace ahora 13.700 millones de a\u00f1os. A partir de una <a href=\"http:\/\/www.emiliosilveravazquez.com\/blog\/2013\/02\/26\/ano-internacional-de-la-astronomia-2009-en-espana-aia-iya2009-33\/#\"><a href=\"#\" onclick=\"referencia('singularidad',event); return false;\">singularidad<\/a><\/a>, \u201cun punto de energ\u00eda y densidad infinitas\u201d, surgi\u00f3 el Universo que, desde entonces, junto con el espacio y el tiempo continua expandi\u00e9ndose.<\/p>\n<p style=\"text-align: justify;\">Aunque las galaxias se alejen las unas de las otras, esto no ocurre a nivel Local. Nuestro Grupo Local de Galaxias, por ejmplo, no es que no se expande y se separen las galaxias, sino que, al contrario, algunas tienden a fundirse con otras, tal es el caso de las Nubes de Magallanes que terminar\u00e1n por Unirse a la V\u00eda L\u00e1ctea y, \u00e9sta, a su vez, con el tiempo lo har\u00e1 con Andr\u00f3meda que ya viene de camino.<\/p>\n<p style=\"text-align: justify;\">Surgieron los primeros <a href=\"http:\/\/www.emiliosilveravazquez.com\/blog\/2013\/02\/26\/ano-internacional-de-la-astronomia-2009-en-espana-aia-iya2009-33\/#\">quarks<\/a> libres que se juntaron para formar <a href=\"http:\/\/www.emiliosilveravazquez.com\/blog\/2013\/02\/26\/ano-internacional-de-la-astronomia-2009-en-espana-aia-iya2009-33\/#\">protones<\/a> y <a href=\"http:\/\/www.emiliosilveravazquez.com\/blog\/2013\/02\/26\/ano-internacional-de-la-astronomia-2009-en-espana-aia-iya2009-33\/#\">neutrones<\/a> que, a su vez, se unieron y formaron n\u00facleos que, al tener energ\u00eda positiva, atrajeron a los <a href=\"http:\/\/www.emiliosilveravazquez.com\/blog\/2013\/02\/26\/ano-internacional-de-la-astronomia-2009-en-espana-aia-iya2009-33\/#\">electrones<\/a>, de energ\u00eda negativa, form\u00e1ndose asi lo \u00e1tomos estables.<\/p>\n<p style=\"text-align: justify;\">Los \u00e1tomos se juntaron para formar c\u00e9lulas y \u00e9stas, a su vez, juntas formaron materia. Al principio era todo simetr\u00eda y exist\u00eda una sola fuerza que lo reg\u00eda todo, el Universo era totalmente opaco, la temperatura reinante muy alta y todo estaba invadido por una especie de <a href=\"http:\/\/www.emiliosilveravazquez.com\/blog\/2013\/02\/26\/ano-internacional-de-la-astronomia-2009-en-espana-aia-iya2009-33\/#\"><a href=\"#\" onclick=\"referencia('plasma',event); return false;\">plasma<\/a><\/a>.<\/p>\n<p style=\"text-align: justify;\">Pero la expansi\u00f3n del joven Universo continu\u00f3 imparable, la temperatura fue descendiendo y la simetr\u00eda se rompi\u00f3 lo que dio lugar a que d\u00f3nde s\u00f3lo hab\u00eda una sola fuerza aparecieran cuatro que ayer mismo quedaron explicadas aqu\u00ed. Las fuerzas nucleares, fuerte y d\u00e9bil, el electromagnetismo y la Gravedad surgieron de aquella simetr\u00eda rota y como hemos dicho antes, surgieron los primeros <a href=\"http:\/\/www.emiliosilveravazquez.com\/blog\/2013\/02\/26\/ano-internacional-de-la-astronomia-2009-en-espana-aia-iya2009-33\/#\">quarks<\/a> para, con los <a href=\"http:\/\/www.emiliosilveravazquez.com\/blog\/2013\/02\/26\/ano-internacional-de-la-astronomia-2009-en-espana-aia-iya2009-33\/#\">electrones<\/a>, fabricar la materia que, que est\u00e1 hecha de Quarks y Leptones. M\u00e1s tarde, la luz apareci\u00f3 al quedar libres los <a href=\"http:\/\/www.emiliosilveravazquez.com\/blog\/2013\/02\/26\/ano-internacional-de-la-astronomia-2009-en-espana-aia-iya2009-33\/#\"><a href=\"#\" onclick=\"referencia('foton',event); return false;\">fotones<\/a><\/a>, y, donde antes todo era opacidad, surgi\u00f3 la transparencia. Pasaron unos doscientos mil a\u00f1os antes de que nacieran las primeras estrellas y se formaran las Galaxias.<\/p>\n<p style=\"text-align: justify;\">\u00a0<img decoding=\"async\" loading=\"lazy\" src=\"http:\/\/www.astrocedia.org\/wp-content\/uploads\/2010\/07\/firststars.jpg\" alt=\"http:\/\/www.astrocedia.org\/wp-content\/uploads\/2010\/07\/firststars.jpg\" width=\"672\" height=\"503\" \/><\/p>\n<p style=\"text-align: justify;\">Mediante el uso de un complejo aparato (en el recuadro), los investigadores han medido una reacci\u00f3n qu\u00edmica fundamental para la formaci\u00f3n de las primeras estrellas, como se observa en esta imagen simulada.<\/p>\n<p style=\"text-align: justify;\">Las estrellas evolucionaron y en sus hornos nucleares se fabricaron elementos m\u00e1s complejos que el primario hidr\u00f3geno; con la fusi\u00f3n nuclear en las estrellas se fabric\u00f3 helio, Litio, magnesio, ne\u00f3n, carbono, oxigeno, etc. etc.<\/p>\n<p style=\"text-align: justify;\">Estas primeras estrellas brillaron durante algunos miles de millones de a\u00f1os y, finalmente, acabado su combustible nuclear, finalizaron su ciclo vital explotando como supernovas lanzando al espacio exterior sus capas m\u00e1s superficiales y cargadas de materiales complejos que, se dispers\u00f3 por el inmenso cosmos para hacer posible el nacimiento de nuevas estrellas y planetas y\u2026 a nosotros que, sin esas primeras estrellas que fabricaron los materiales complejos de los que estamos hecho, no estar\u00edamos aqu\u00ed.<\/p>\n<p style=\"text-align: justify;\">\u00a0<img decoding=\"async\" loading=\"lazy\" src=\"http:\/\/eltamiz.com\/wp-content\/uploads\/2007\/12\/sn-1987a.jpg\" alt=\"SN 1987a\" width=\"655\" height=\"512\" \/><\/p>\n<p style=\"text-align: justify;\">Explosiones Supernovas que forman grandes Nebulosas de la que surgen nuevas estrellas y mundos y, ah\u00ed, comienzan a formarse los materiales para vida. No estamos aqu\u00ed porque surgimos de manera expont\u00e1nea, sino que, las estrellas, necesitaran diez mil millones de a\u00f1os para poder fusionar materiales sencillos en otros m\u00e1s compkejos que ahora, evolucionados, est\u00e1n en los seres vivos que, en ocasiones, hasta pueden crear pensamientos.<\/p>\n<p style=\"text-align: justify;\">Ese inmenso tiempo que hemos tenido desde que asombrados, mir\u00e1bamos brillar las estrellas sobre nuestras cabezas sin saber lo que eran, o bien, asustados, nos encog\u00edamos ante los rayos amenazadores de una tormenta o hu\u00edamos despavoridos ante el rugido aterrador de la Tierra con sus temblores de terremotos pavorosos o explosiones inmensas de enormes monta\u00f1as que vomitaban fuego.<\/p>\n<p style=\"text-align: justify;\">Desde entonces, hemos aprendido a observar con atenci\u00f3n, hemos desechado la superstici\u00f3n, la mitolog\u00eda y la brujer\u00eda para atender a la l\u00f3gica y a la realidad de los hechos. Aprendimos de nuestros propios errores y de la naturaleza.<\/p>\n<p style=\"text-align: justify;\">Como ya se dijo antes, ahora sabemos de donde vinimos, qu\u00e9 debemos hacer para continuar aqu\u00ed sin estropearlo todo, y, seguramente, con poco margen de error, podr\u00edamos decir tambi\u00e9n hacia donde nos dirigimos.<\/p>\n<p style=\"text-align: justify;\">Una de las propiedades del \u201ctiempo\u201d es que, en su transcurrir pasan cosas. Estas cosas que pasan, estos sucesos, los reunimos y los guardamos, le llamamos historia y nos sirven para recordar y aprender. De lo bueno que pas\u00f3 para repetirlo y mejorarlo, de lo malo para procurar que no vuelva a ocurrir.<\/p>\n<p style=\"text-align: justify;\">Eso, lo que ocurri\u00f3, es lo que llamamos pasado. Lo que ocurre ahora mismo, en este preciso instante, es lo que llamamos el presente y, lo que no ha ocurrido a\u00fan es lo que llamamos el futuro.<\/p>\n<p style=\"text-align: justify;\"><img decoding=\"async\" loading=\"lazy\" src=\"http:\/\/www.gailedum.com.ar\/images\/index_clip_image002.jpg\" alt=\"\" width=\"432\" height=\"327\" \/><\/p>\n<p style=\"text-align: justify;\">En realidad, como el tiempo nunca se para, el presente no existe, es algo tan ef\u00edmero que ocurre y al instante es pasado, y entramos en el futuro que, a su vez, pasa vertiginoso por el instante \u201cpresente\u201d que se convierte en \u201cpasado\u201d y r\u00e1pidamente estamos en el \u201cfuturo\u201d, otra vez.As\u00ed que, en realidad \u00bfD\u00f3nde estamos?<\/p>\n<p style=\"text-align: justify;\">El concepto de tiempo est\u00e1 enclavado en las profundidades y conceptos m\u00e1s avanzados de la f\u00edsica y la astronom\u00eda. Sin embargo, su verdadera naturaleza permanece en el misterio. Todo acontece con el transcurso del tiempo que es implacable y fluye continuamente y todo lo que existi\u00f3, lo que existe y, lo que existir\u00e1, est\u00e1 sometido a los efectos del tiempo que, desgraciadamente, si podemos ver. La destrucci\u00f3n provocada por el paso del tiempo es muy real y, tanto en las cosas como en nosotros mismos, el resultado es el mismo; \u00a1la aniquilaci\u00f3n y la muerte!<\/p>\n<p style=\"text-align: justify;\">(En este punto, no puedo dejar de anotar la aclaraci\u00f3n de que en las Galaxias espirales, se produce <a href=\"http:\/\/www.emiliosilveravazquez.com\/blog\/2013\/02\/26\/ano-internacional-de-la-astronomia-2009-en-espana-aia-iya2009-33\/#\"><a href=\"#\" onclick=\"referencia('entropia',event); return false;\">entrop\u00eda<\/a><\/a> negativa que contrarresta el Caos de la irreversible destrucci\u00f3n que, m\u00e1s bien, es una transformaci\u00f3n).<\/p>\n<p style=\"text-align: justify;\">Hace mil quinientos a\u00f1os que, San Agust\u00edn, filosofo y sabio Obispo de Hipona, pregunt\u00f3: \u00bfqu\u00e9 es el tiempo? Y se respondi\u00f3 a si mismo: \u201cSi alguien me lo pregunta, s\u00e9 lo que es. Peso si deseo explicarlo, no puedo hacerlo\u201d.<\/p>\n<p style=\"text-align: justify;\">\u00a0<img decoding=\"async\" loading=\"lazy\" src=\"http:\/\/juancarrion.files.wordpress.com\/2010\/03\/reloj_dali11.jpg\" alt=\"http:\/\/juancarrion.files.wordpress.com\/2010\/03\/reloj_dali11.jpg\" width=\"249\" height=\"320\" \/><\/p>\n<p style=\"text-align: justify;\">\u00a1El tiempo! Se nos va de la mano<\/p>\n<p style=\"text-align: justify;\">Su transcurrir, desde \u201c<strong>tiempos remotos<\/strong>\u201d, ha sido una abstracci\u00f3n que ha cautivado e intrigado a las mentes humanas que han intentado entenderlo en todas las vertientes y en todos los sentidos. Del tiempo, las mentes m\u00e1s preclaras, han intentado definir, en esencia, lo que es. La verdad es que, unos con m\u00e1s fortunas que otros, con m\u00e1s inter\u00e9s o con mejor l\u00f3gica cient\u00edfica dejaron sus definiciones que, de todas formas, nunca llegaron a llenar ese vac\u00edo de una explicaci\u00f3n convincente, sencilla, que todo el mundo comprenda y que est\u00e9 basada en principios naturales que nos digan su origen, su transcurrir y, si es que lo hay, su final. Porque \u00bfEs el tiempo infinito?<\/p>\n<p style=\"text-align: justify;\">Infinito, seg\u00fan las leyes de la f\u00edsica, no puede haber nada. Todo ha tenido un principio y tendr\u00e1 un final, valdr\u00e1 tal aseveraci\u00f3n tambi\u00e9n para el tiempo, o, por el contrario \u00e9ste seguir\u00e1 cuando todo acabe. \u00a1Es tan extra\u00f1o el Tiempo!<\/p>\n<p style=\"text-align: justify;\">Ni siquiera el Universo, es infinito y, conforme determine la Densidad cr\u00edtica de la materia que contiene, un d\u00eda, dejar\u00e1 tambi\u00e9n de existir.<\/p>\n<div id=\"attachment_1165\"><a href=\"http:\/\/infonoti.com\/wp-content\/uploads\/2015\/01\/reloj-at%C3%B3mico.jpg\" rel=\"lightbox[1162]\"><img decoding=\"async\" loading=\"lazy\" src=\"http:\/\/infonoti.com\/wp-content\/uploads\/2015\/01\/reloj-at%C3%B3mico.jpg\" alt=\"Los relojes at\u00f3micos quedar\u00e1n en suspenso por un segundo para ajustarse a la rotaci\u00f3n terrestre.\" width=\"459\" height=\"309\" \/><\/a><\/div>\n<div style=\"text-align: justify;\">Los relojes at\u00f3micos quedar\u00e1n en suspenso por un segundo para ajustarse a la rotaci\u00f3n terrestre. El motivo por el cual se relentiza la rotaci\u00f3n de la tierra es desconocido, aunque los grandes terremotos o el tiempo atmosf\u00e9rico podr\u00eda estar jugando un papel preponderante en este curios hecho. La relentizaci\u00f3n de la rotaci\u00f3n terrestre acarrear\u00eda consigo fallos inform\u00e1ticos, debido a que muchos de los sistemas se encuentran sincronizados de manera autom\u00e1tica con los relojes at\u00f3micos.<\/div>\n<p style=\"text-align: justify;\">Luego si el tiempo naci\u00f3 con el <a href=\"http:\/\/www.emiliosilveravazquez.com\/blog\/2013\/02\/26\/ano-internacional-de-la-astronomia-2009-en-espana-aia-iya2009-33\/#\"><a href=\"#\" onclick=\"referencia('big bang',event); return false;\">Big Bang<\/a><\/a>, es probable que finalice con el <a href=\"http:\/\/www.emiliosilveravazquez.com\/blog\/2013\/02\/26\/ano-internacional-de-la-astronomia-2009-en-espana-aia-iya2009-33\/#\"><a href=\"#\" onclick=\"referencia('big crunch',event); return false; return false;\">Big Crunch<\/a><\/a>, o, en su caso, cuando el Universo quede congelado, yermo y fr\u00edo, sin vida. Es una posibilidad.<\/p>\n<p style=\"text-align: justify;\">Hemos tenido que \u201cinventar el tiempo\u201d para controlar y reglar nuestros movimientos Sociales, anuestras vidas.<\/p>\n<p style=\"text-align: justify;\">Como antes explicaba, el pasar del tiempo es muy subjetivo dependiendo de la situaci\u00f3n de quien lo percibe. Un minuto puede parecer eterno o un suspiro, dependiendo del estado de dolor o de felicidad de quien lo mide. Tambi\u00e9n ser\u00e1 relativo, no pasa a la misma velocidad para todos, depende de la velocidad a que est\u00e9 viajando y de qu\u00e9 observador lo est\u00e9 midiendo, como qued\u00f3 demostrado con la Teor\u00eda Especial de la Relatividad de <a href=\"http:\/\/www.emiliosilveravazquez.com\/blog\/2013\/02\/26\/ano-internacional-de-la-astronomia-2009-en-espana-aia-iya2009-33\/#\"><a href=\"#\" onclick=\"referencia('einstein',event); return false;\">Einstein<\/a><\/a>.<\/p>\n<p style=\"text-align: justify;\">Desde tiempos inmemoriales hemos querido medir el tiempo, el d\u00eda y la noche, las estaciones, el sol, relojes de arena, etc. etc., hasta llegar a sofisticados aparatos electr\u00f3nicos o at\u00f3micos que miden el tiempo cotidiano de los Humanos con una exactitud de solo un retrazo de una millon\u00e9sima de un segundo cada 100 a\u00f1os.<\/p>\n<p style=\"text-align: justify;\">Hemos inventado \u00e9stas medidas de tiempo para controlar nuestras actividades cotidianas y nuestras vidas.<\/p>\n<p style=\"text-align: justify;\">La medida de tiempo elegida es el segundo que, en las unidades del <a href=\"http:\/\/www.emiliosilveravazquez.com\/blog\/2013\/02\/26\/ano-internacional-de-la-astronomia-2009-en-espana-aia-iya2009-33\/#\"><a href=\"#\" onclick=\"referencia('unidades del si',event); return false;\">SI<\/a><\/a> tiene el s\u00edmbolo s y su duraci\u00f3n es igual a la duraci\u00f3n de: hertzios= 9 192 631 770 per\u00edodos de la radiaci\u00f3n correspondiente a la transici\u00f3n entre dos niveles hiperfinos del estado fundamental del \u00e1tomo de cesio 133.<\/p>\n<h1 style=\"text-align: justify;\">reloj, tiempo, f\u00edsica<\/h1>\n<p style=\"text-align: justify;\">\u00a0<img decoding=\"async\" loading=\"lazy\" src=\"http:\/\/web.educastur.princast.es\/proyectos\/grupotecne\/archivos\/investiga\/118relooooj.jpg\" alt=\"\" width=\"365\" height=\"274\" \/><\/p>\n<p style=\"text-align: justify;\"><strong>\u00a0\u00a0\u00a0\u00a0\u00a0\u00a0\u00a0\u00a0\u00a0\u00a0\u00a0\u00a0\u00a0\u00a0\u00a0\u00a0\u00a0\u00a0\u00a0\u00a0\u00a0\u00a0\u00a0\u00a0\u00a0\u00a0\u00a0\u00a0\u00a0\u00a0\u00a0\u00a0\u00a0\u00a0\u00a0\u00a0\u00a0\u00a0\u00a0\u00a0 Reloj de Cesio<\/strong><\/p>\n<p style=\"text-align: justify;\">Reloj at\u00f3mico cuyo funcionamiento se basa en la diferencia de energ\u00eda entre dos estados del n\u00facleo de cesio-133 cuando se sit\u00faa en un campo magn\u00e9tico. En un tipo, los \u00e1tomos de cesio-133 son irradiados con radiaci\u00f3n de radiofrecuencia, cuya frecuencia es elegida para corresponder a la diferencia de energ\u00eda entre dos estados. Algunos n\u00facleos de cesio absorben esta radiaci\u00f3n y son excitados al nivel superior. Estos \u00e1tomos son desviados por otro campo magn\u00e9tico, que hace que choquen contra un detector. Una se\u00f1al de ese detector es llevada al oscilador de radio frecuencia para evitar que se desplace de la frecuencia de resonancia de la que indicamos antes del orden de 9 192 631 770 hertzios. De este modo, el instrumento est\u00e1 fijado a esta frecuencia con una precisi\u00f3n mejor que una parte en 10<sup>13<\/sup> (algo mayor que Tera \u2013T-). As\u00ed, el reloj de cesio es utilizado en la definici\u00f3n del segundo en el <a href=\"http:\/\/www.emiliosilveravazquez.com\/blog\/2013\/02\/26\/ano-internacional-de-la-astronomia-2009-en-espana-aia-iya2009-33\/#\"><a href=\"#\" onclick=\"referencia('unidades del si',event); return false;\">SI<\/a><\/a>.<\/p>\n<p style=\"text-align: justify;\">\u00a0<img decoding=\"async\" loading=\"lazy\" src=\"http:\/\/libertaliadehatali.files.wordpress.com\/2010\/12\/extended-mind.jpg\" alt=\"http:\/\/libertaliadehatali.files.wordpress.com\/2010\/12\/extended-mind.jpg\" width=\"540\" height=\"366\" \/><\/p>\n<p style=\"text-align: justify;\">\u00a0\u00a0\u00a0\u00a0\u00a0\u00a0\u00a0\u00a0\u00a0\u00a0\u00a0\u00a0\u00a0\u00a0\u00a0\u00a0\u00a0\u00a0\u00a0\u00a0\u00a0\u00a0\u00a0\u00a0\u00a0\u00a0\u00a0\u00a0\u00a0\u00a0\u00a0\u00a0\u00a0\u00a0\u00a0\u00a0\u00a0\u00a0\u00a0\u00a0 \u00bf<em><strong>Hasta que punto se extiende la mente? <\/strong><\/em><\/p>\n<p style=\"text-align: justify;\">Como podemos ver, la imaginaci\u00f3n humana no tiene l\u00edmites, y, si nos dan el \u201ctiempo\u201d suficiente, quien sabe hasta donde podremos llegar.<\/p>\n<p style=\"text-align: justify;\">Como estamos comentando sobre cuestiones que est\u00e1n conectadas con lo que llamamos tiempo, es dif\u00edcil que, al estar el tiempo siempre presente, ocurra algo que no tenga nada que ver con \u00e9l, de alguna manera, el tiempo est\u00e1 presente. Sin embargo, puede existir alg\u00fan fen\u00f3meno que, de alguna manera, esquive al tiempo.<\/p>\n<p style=\"text-align: justify;\">Velocidad de escape para <a href=\"http:\/\/www.emiliosilveravazquez.com\/blog\/2013\/02\/26\/ano-internacional-de-la-astronomia-2009-en-espana-aia-iya2009-33\/#\"><a href=\"#\" onclick=\"referencia('foton',event); return false;\">fotones<\/a><\/a> Rsv2 = 2 GMC<sup>2<\/sup><\/p>\n<p style=\"text-align: justify;\">Los n\u00facleos para formar \u00e1tomos est\u00e1n rodeados por varios niveles de <a href=\"http:\/\/www.emiliosilveravazquez.com\/blog\/2013\/02\/26\/ano-internacional-de-la-astronomia-2009-en-espana-aia-iya2009-33\/#\">electrones<\/a> y todos sabemos que un \u00e1tomo es la parte m\u00e1s peque\u00f1a de un elemento que puede existir, es la fracci\u00f3n m\u00ednima de ese elemento. Consta de un denso n\u00facleo de <a href=\"http:\/\/www.emiliosilveravazquez.com\/blog\/2013\/02\/26\/ano-internacional-de-la-astronomia-2009-en-espana-aia-iya2009-33\/#\">protones<\/a> y <a href=\"http:\/\/www.emiliosilveravazquez.com\/blog\/2013\/02\/26\/ano-internacional-de-la-astronomia-2009-en-espana-aia-iya2009-33\/#\">neutrones<\/a> (los <a href=\"http:\/\/www.emiliosilveravazquez.com\/blog\/2013\/02\/26\/ano-internacional-de-la-astronomia-2009-en-espana-aia-iya2009-33\/#\"><a href=\"#\" onclick=\"referencia('nucleones',event); return false;\">nucleones<\/a><\/a>) rodeados de <a href=\"http:\/\/www.emiliosilveravazquez.com\/blog\/2013\/02\/26\/ano-internacional-de-la-astronomia-2009-en-espana-aia-iya2009-33\/#\">electrones<\/a> movi\u00e9ndose a velocidades cercanas a las de la luz. Es lo que se conoce como estructura electr\u00f3nica del n\u00facleo y que tiene que ver con los niveles de energ\u00eda que los <a href=\"http:\/\/www.emiliosilveravazquez.com\/blog\/2013\/02\/26\/ano-internacional-de-la-astronomia-2009-en-espana-aia-iya2009-33\/#\">electrones<\/a> ocupan.<\/p>\n<p style=\"text-align: justify;\">Una vez dejada la rese\u00f1a b\u00e1sica de lo que es el \u00e1tomo y donde est\u00e1n situados los <a href=\"http:\/\/www.emiliosilveravazquez.com\/blog\/2013\/02\/26\/ano-internacional-de-la-astronomia-2009-en-espana-aia-iya2009-33\/#\">electrones<\/a> por capas o niveles alrededor de su n\u00facleo, veamos el fen\u00f3meno principal de este comentario referido a \u201cesquivar el tiempo\u201d.<\/p>\n<p style=\"text-align: justify;\">\u00a0<img decoding=\"async\" loading=\"lazy\" src=\"http:\/\/www.elpais.com\/recorte\/20091029elpepusoc_2\/LCO340\/Ies\/viaje_\" alt=\"\" width=\"340\" height=\"250\" \/><\/p>\n<p style=\"text-align: justify;\">Si un <a href=\"http:\/\/www.emiliosilveravazquez.com\/blog\/2013\/02\/26\/ano-internacional-de-la-astronomia-2009-en-espana-aia-iya2009-33\/#\">fot\u00f3n<\/a> viajero va por el espacio vac\u00edo a 299.792\u2019458 km\/s., velocidad de c, golpea a un <a href=\"http:\/\/www.emiliosilveravazquez.com\/blog\/2013\/02\/26\/ano-internacional-de-la-astronomia-2009-en-espana-aia-iya2009-33\/#\">electr\u00f3n<\/a> situado alrededor de un n\u00facleo, lo que ocurre, trae de cabeza a los cient\u00edficos que no saben explicar de manera convincente la realidad de los hechos. El <a href=\"http:\/\/www.emiliosilveravazquez.com\/blog\/2013\/02\/26\/ano-internacional-de-la-astronomia-2009-en-espana-aia-iya2009-33\/#\">electr\u00f3n<\/a> golpeado, absorbe el <a href=\"http:\/\/www.emiliosilveravazquez.com\/blog\/2013\/02\/26\/ano-internacional-de-la-astronomia-2009-en-espana-aia-iya2009-33\/#\">fot\u00f3n<\/a>, y, de manera inmediata, desaparece del nivel que ocupa y, sin recorrer la distancia que los separa, simult\u00e1neamente, aparece en el nivel superior.<\/p>\n<p style=\"text-align: justify;\">\u00bfPor donde hizo el viaje? \u00bfEn que lugar se escondi\u00f3 mientras desapareci\u00f3? \u00bfC\u00f3mo pudo aparecer simult\u00e1neamente en otro lugar, sin recorrer la distancia existente entre el nivel de partida y el de llegada? y, \u00bfc\u00f3mo esquiv\u00f3 el tiempo para que todo ocurriera simult\u00e1neamente?<\/p>\n<p style=\"text-align: justify;\">Estas son preguntas que a\u00fan no podemos contestar, aunque s\u00ed es verdad que nos gusta especular con viajar en el tiempo y, lo del <a href=\"http:\/\/www.emiliosilveravazquez.com\/blog\/2013\/02\/26\/ano-internacional-de-la-astronomia-2009-en-espana-aia-iya2009-33\/#\">electr\u00f3n<\/a>, conocido como \u201c<strong>efecto t\u00fanel<\/strong>\u201d o <strong><a href=\"http:\/\/www.emiliosilveravazquez.com\/blog\/2013\/02\/26\/ano-internacional-de-la-astronomia-2009-en-espana-aia-iya2009-33\/#\"><a href=\"#\" onclick=\"referencia('salto cuantico',event); return false;\">salto cu\u00e1ntico<\/a><\/a><\/strong>; es una idea.<\/p>\n<p style=\"text-align: justify;\">\u00a0<img decoding=\"async\" loading=\"lazy\" src=\"http:\/\/francis.naukas.com\/files\/2015\/02\/Dibujo20150225-quantum-tunneling-anderson-institute.jpg\" alt=\"\" width=\"365\" height=\"234\" \/><\/p>\n<p style=\"text-align: justify;\">\u00a0l efecto t\u00fanel se usa para ilustrar la diferencia entre la mec\u00e1nica cl\u00e1sica y la mec\u00e1nica cu\u00e1ntica. Una part\u00edcula cu\u00e1ntica puede atravesar una barrera de potencial imposible de atravesar para una part\u00edcula cl\u00e1sica. Un fen\u00f3meno paraj\u00f3dico, en apariencia, cuando queremos localizar la part\u00edcula <em>dentro<\/em> de la barrera, o cuando queremos determinar la energ\u00eda de la part\u00edcula <em>mientras est\u00e1 dentro<\/em> de la barrera. El <a href=\"#\" onclick=\"referencia('indeterminacion principio de',event); return false;\">principio de indeterminaci\u00f3n<\/a> de Heisenberg garantiza que la paradoja no existe. Al observar la part\u00edcula en la regi\u00f3n donde se encuentra la barrera se obtendr\u00e1 un valor de la energ\u00eda superior a la de la barrera de potencial.<\/p>\n<p style=\"text-align: justify;\"><img decoding=\"async\" loading=\"lazy\" src=\"http:\/\/www.lawebdepedro.com.ar\/wp-content\/uploads\/2013\/09\/nuevo_ser_humano.jpg\" alt=\"\" width=\"249\" height=\"320\" \/><\/p>\n<p style=\"text-align: justify;\">\u00bfQuien nos puede asegurar que, nosotros mismos, no estamos llamamdos tambi\u00e9n, alg\u00fan d\u00eda, a poder dar ese <a href=\"http:\/\/www.emiliosilveravazquez.com\/blog\/2013\/02\/26\/ano-internacional-de-la-astronomia-2009-en-espana-aia-iya2009-33\/#\"><a href=\"#\" onclick=\"referencia('salto cuantico',event); return false;\">salto cu\u00e1ntico<\/a><\/a> que ahora t\u00e1nto nos maravilla y para el que no encontramos explicaci\u00f3n? El futuro que nos espera es tan misterioso que, teniendo en cuenta ese libre albedrio que \u201cparece\u201d tenemos los humanos, hace que, ni conociendo las condiciones iniciales, podemos decir que ser\u00e1 del ma\u00f1ana.<\/p>\n<p style=\"text-align: justify;\">Necesitamos tiempo para cambiar las cosas. Principalmente y en primer lugar, la educaci\u00f3n de los ni\u00f1os a los que debemos dar otras perspectivas distintas a las actuales (ya se ve el resultado de c\u00f3mo marcha nuestra Sociedad). Despu\u00e9s, y, sobre todo, la cultura cient\u00edfica de los pueblos.Y, desde luego la Astronom\u00eda y la Astrof\u00edsica nos llevar\u00e1n un d\u00eda al verdadero conocimiento del Universo que nos acoge y al cual pertenecemos.<\/p>\n<p style=\"text-align: justify;\">Si preguntamos \u00bfQu\u00e9 es el tiempo?, tendr\u00edamos que ser precisos y especificar si estamos preguntando por esa dimensi\u00f3n temporal que no deja de fluir desde el <a href=\"http:\/\/www.emiliosilveravazquez.com\/blog\/2013\/02\/26\/ano-internacional-de-la-astronomia-2009-en-espana-aia-iya2009-33\/#\"><a href=\"#\" onclick=\"referencia('big bang',event); return false;\">Big Bang<\/a><\/a> y que nos acompa\u00f1a a lo largo de nuestras vidas, o nos referimos al tiempo at\u00f3mico, ese adoptado por el <a href=\"http:\/\/www.emiliosilveravazquez.com\/blog\/2013\/02\/26\/ano-internacional-de-la-astronomia-2009-en-espana-aia-iya2009-33\/#\"><a href=\"#\" onclick=\"referencia('unidades del si',event); return false;\">SI<\/a><\/a>, cuya unidad es el segundo y se basa en las frecuencias at\u00f3micas, definida a partir de una l\u00ednea espectral particular de \u00e1tomo de cesio 133, o nos referimos a lo que se conoce como tiempo civil, tiempo coordinado, tiempo de crecimiento, tiempo de cruce, tiempo de integraci\u00f3n, tiempo de relajaci\u00f3n, tiempo din\u00e1mico o din\u00e1mico de Baric\u00e9ntrico, din\u00e1mico terrestre, tiempo terrestre, tiempo de Efem\u00e9rides, de huso horario, tiempo est\u00e1ndar, tiempo local, tiempo luz, tiempo medio, etc. etc. Cada una de estas versiones del tiempo, tiene una respuesta diferente, ya que, no es lo mismo el tiempo propio que el tiempo sidereo o el tiempo solar, o solar aparente, o solar medio, o tiempo terrestre, o tiempo Universal. Como se puede ver, la respuesta depender\u00e1 de c\u00f3mo hagamos la pregunta.<\/p>\n<p style=\"text-align: justify;\"><img decoding=\"async\" loading=\"lazy\" src=\"https:\/\/upload.wikimedia.org\/wikipedia\/commons\/thumb\/a\/a7\/Titian_-_Allegorie_der_Zeit.jpg\/800px-Titian_-_Allegorie_der_Zeit.jpg\" alt=\"\" width=\"372\" height=\"415\" \/><\/p>\n<p style=\"text-align: justify;\">\u00a0 \u00a0 \u00a0 \u00a0 \u00a0 \u00a0 \u00a0 \u00a0 \u00a0 \u00a0 \u00a0 \u00a0\u00a0 Alegor\u00eda del Tiempo de Tiziano<\/p>\n<p style=\"text-align: justify;\">Es importante saber aprovechar el poco tiempo que se nos concede, administrarlo bien, no regalar tan preciado tesoro. Muchos lo dejan pasar sin hacer aquello que realmente deben y, cuando quieren rectificar, es tarde, su tiempo pas\u00f3 y, dejaron t\u00e1ntas cosas sin haccer, t\u00e1ntas palabras sin decir, t\u00e1ntos gestos\u2026<\/p>\n<p style=\"text-align: justify;\"><img decoding=\"async\" loading=\"lazy\" src=\"http:\/\/ptobal.files.wordpress.com\/2008\/01\/marcapaginas.jpg\" alt=\"http:\/\/ptobal.files.wordpress.com\/2008\/01\/marcapaginas.jpg\" width=\"671\" height=\"504\" \/><\/p>\n<p style=\"text-align: justify;\">En realidad, para todos nosotros el \u00fanico tiempo que rige es el que tenemos desde que nacemos hasta que morimos, los otros tiempos son inventos del hombre para facilitar sus tareas de medida, de convivencia o de otras cuestiones tecnicas o astron\u00f3micas pero, sin embargo, el tiempo es solo uno; ese que comenz\u00f3 en el <a href=\"http:\/\/www.emiliosilveravazquez.com\/blog\/2013\/02\/26\/ano-internacional-de-la-astronomia-2009-en-espana-aia-iya2009-33\/#\"><a href=\"#\" onclick=\"referencia('big bang',event); return false;\">Big Bang<\/a><\/a> y que, seguramente, finalizar\u00e1 con el Universo mismo cuando \u00e9ste deje de ser din\u00e1mico y su energ\u00eda quede paralizada, no apta para desarrollar trabajo.<\/p>\n<p style=\"text-align: justify;\">Lo cierto es que, para las estrellas supermasivas, cuando llegan al final de su ciclo y deja de brillar por agotamiento de su combustible nuclear, en ese preciso instante, el tiempo se agota para ella. Cuando una estrella pierde el equilibrio existente entre la energ\u00eda termonuclear (que tiende a expandir la estrella), y, la fuerza de gravedad (que tiende a comprimirla), al quedar sin oposici\u00f3n esta \u00faltima, la estrella supermasiva se contrae aplastada bajo su propia masa. Queda comprimida hasta tal nivel que, llega un momento que desaparece para convertirse en un Agujero Negro, una <a href=\"http:\/\/www.emiliosilveravazquez.com\/blog\/2013\/02\/26\/ano-internacional-de-la-astronomia-2009-en-espana-aia-iya2009-33\/#\"><a href=\"#\" onclick=\"referencia('singularidad',event); return false;\">singularidad<\/a><\/a>, donde dejan de existir el \u201ctiempo\u201d y el espacio. A su alrededor nace un <strong>horizonte de sucesos<\/strong> que, si se traspasa, se es engullido por la enorme gravedad del Agujero Negro.<\/p>\n<p style=\"text-align: justify;\">\u00a0<img decoding=\"async\" loading=\"lazy\" src=\"http:\/\/lh6.ggpht.com\/_o9BLyKHDLd8\/TFu5B9bTSDI\/AAAAAAAACFU\/dUCzkh6AAmM\/focusitaly_singularityouttake1_thumb.jpg?imgmax=800\" alt=\"\" width=\"299\" height=\"393\" \/><\/p>\n<p style=\"text-align: justify;\">El tiempo, de \u00e9sta manera, deja de existir en estas regiones del Universo que conocemos como <strong><a href=\"http:\/\/www.emiliosilveravazquez.com\/blog\/2013\/02\/26\/ano-internacional-de-la-astronomia-2009-en-espana-aia-iya2009-33\/#\"><a href=\"#\" onclick=\"referencia('singularidad',event); return false;\">singularidad<\/a><\/a><\/strong>. El mismo <a href=\"http:\/\/www.emiliosilveravazquez.com\/blog\/2013\/02\/26\/ano-internacional-de-la-astronomia-2009-en-espana-aia-iya2009-33\/#\"><a href=\"#\" onclick=\"referencia('big bang',event); return false;\">Big Bang<\/a><\/a> surgi\u00f3 de una <a href=\"http:\/\/www.emiliosilveravazquez.com\/blog\/2013\/02\/26\/ano-internacional-de-la-astronomia-2009-en-espana-aia-iya2009-33\/#\"><a href=\"#\" onclick=\"referencia('singularidad',event); return false;\">singularidad<\/a><\/a> de energ\u00eda y densidad infinitas que, al explotar, se expandi\u00f3 y cre\u00f3 el tiempo, el espacio y la materia.<\/p>\n<p style=\"text-align: justify;\">Como contraposici\u00f3n a estas enormes densidades de las enanas blancas, estrellas de <a href=\"http:\/\/www.emiliosilveravazquez.com\/blog\/2013\/02\/26\/ano-internacional-de-la-astronomia-2009-en-espana-aia-iya2009-33\/#\">neutrones<\/a> y Agujeros Negros, existen regiones del espacio que contienen menos galaxias que el promedio o incluso ninguna galaxia; a estas regiones las conocemos como vac\u00edo c\u00f3smico. Han sido detectados vac\u00edos con menos de una d\u00e9cima de la densidad promedio del Universo en escalas de hasta 200 millones de a\u00f1os luz en exploraciones a gran escala. Estas regiones son a menudo esf\u00e9ricas. El primer gran vac\u00edo en ser detectado fue el de Bo\u00f6ten en 1.981; tiene un radio de unos 180 millones de a\u00f1os luz y su centro se encuentra aproximadamente 500 millones de a\u00f1os luz de la V\u00eda L\u00e1ctea. La existencia de grandes vacios no es sorprendente, dada la existencia de c\u00famulos de galaxias y superc\u00famulos a escalas muy grandes.<\/p>\n<p style=\"text-align: justify;\">\u00a0<img decoding=\"async\" loading=\"lazy\" src=\"http:\/\/1.bp.blogspot.com\/_gmKay0RwMKQ\/SpwTWniof9I\/AAAAAAAAAZA\/PJeEsKA4bFI\/s1600\/Boovoid.gif\" alt=\"\" width=\"480\" height=\"420\" \/><\/p>\n<p style=\"text-align: justify;\">Mientras que en estas regiones la materia es muy escasa, en una sola estrella de <a href=\"http:\/\/www.emiliosilveravazquez.com\/blog\/2013\/02\/26\/ano-internacional-de-la-astronomia-2009-en-espana-aia-iya2009-33\/#\">neutrones<\/a>, si pudi\u00e9ramos retirar 1 cm<sup>3<\/sup> de su masa, obtendr\u00edamos una cantidad de materia incre\u00edble. Su densidad es de 10<sup>17<\/sup> kg\/m<sup>3<\/sup>, los <a href=\"http:\/\/www.emiliosilveravazquez.com\/blog\/2013\/02\/26\/ano-internacional-de-la-astronomia-2009-en-espana-aia-iya2009-33\/#\">electrones<\/a> y los <a href=\"http:\/\/www.emiliosilveravazquez.com\/blog\/2013\/02\/26\/ano-internacional-de-la-astronomia-2009-en-espana-aia-iya2009-33\/#\">protones<\/a> estan tan juntos que se combinan y forman <a href=\"http:\/\/www.emiliosilveravazquez.com\/blog\/2013\/02\/26\/ano-internacional-de-la-astronomia-2009-en-espana-aia-iya2009-33\/#\">neutrones<\/a> que se degeneran haciendo estable la estrella de ese nombre que, despu\u00e9s del <a href=\"http:\/\/www.emiliosilveravazquez.com\/blog\/2013\/02\/26\/ano-internacional-de-la-astronomia-2009-en-espana-aia-iya2009-33\/#\"><a href=\"#\" onclick=\"referencia('agujero negro',event); return false;\">agujero negro<\/a><\/a>, es el objeto estelar m\u00e1s denso del Universo.<\/p>\n<p style=\"text-align: justify;\">Es interesante ver c\u00f3mo a trav\u00e9s de las matem\u00e1ticas y la geometr\u00eda, han sabido los humanos encontrar la forma de medir el mundo y encontrar las formas del Universo. Pasando por Arqu\u00edmedes, Pit\u00e1goras, <a href=\"http:\/\/www.emiliosilveravazquez.com\/blog\/2013\/02\/26\/ano-internacional-de-la-astronomia-2009-en-espana-aia-iya2009-33\/#\"><a href=\"#\" onclick=\"referencia('newton',event); return false;\">Newton<\/a><\/a> o Gauss (entre otros), siempre hemos tratado de buscar las respuestas de las cosas por medio de las matem\u00e1ticas.<\/p>\n<blockquote>\n<p align=\"right\">Magia es cualquier tecnolog\u00eda suficientemente avanzada<\/p>\n<p align=\"right\">Arthur C. Clarke<\/p>\n<p align=\"right\">\n<\/blockquote>\n<p style=\"text-align: justify;\">Pero tambi\u00e9n es mag\u00eda el hecho de que, en cualquier tiempo y lugar, de manera inesperada, aparezca una persona dotada de condiciones especiales que le permiten ver, estructuras complejas matem\u00e1ticas que hacen posible que la Humanidad avance considerablemente a trav\u00e9s de esos nuevos conceptos que nos permiten entrar en espacios antes cerrados, ampliando el horizonte de nuestro saber.<\/p>\n<p style=\"text-align: justify;\">En matem\u00e1tica pura, la <strong>hip\u00f3tesis de Riemann<\/strong>, formulada por primera vez por <a title=\"Bernhard Riemann\" href=\"https:\/\/es.wikipedia.org\/wiki\/Bernhard_Riemann\">Bernhard Riemann<\/a> en <a title=\"1859\" href=\"https:\/\/es.wikipedia.org\/wiki\/1859\">1859<\/a>, es una <a title=\"Conjetura\" href=\"https:\/\/es.wikipedia.org\/wiki\/Conjetura\">conjetura<\/a> sobre la distribuci\u00f3n de los <a title=\"Cero\" href=\"https:\/\/es.wikipedia.org\/wiki\/Cero\">ceros<\/a> de la <a title=\"Funci\u00f3n zeta de Riemann\" href=\"https:\/\/es.wikipedia.org\/wiki\/Funci%C3%B3n_zeta_de_Riemann\">funci\u00f3n zeta de Riemann<\/a> \u03b6(<em>s<\/em>).<\/p>\n<p style=\"text-align: justify;\">La hip\u00f3tesis de Riemann, por su relaci\u00f3n con la distribuci\u00f3n de n\u00fameros primos en el conjunto de los naturales, es uno de los problemas abiertos m\u00e1s importantes en la matem\u00e1tica contempor\u00e1nea.<\/p>\n<p style=\"text-align: justify;\">\u00a0<a href=\"https:\/\/commons.wikimedia.org\/wiki\/File:Criticalline.png\"><img decoding=\"async\" loading=\"lazy\" src=\"https:\/\/upload.wikimedia.org\/wikipedia\/commons\/thumb\/1\/14\/Criticalline.png\/220px-Criticalline.png\" alt=\"\" width=\"220\" height=\"135\" data-file-width=\"1276\" data-file-height=\"784\" \/><\/a><\/p>\n<p style=\"text-align: justify;\">Parte real (rojo) y parte imaginaria (azul) de la l\u00ednea cr\u00edtica Re(<em>s<\/em>) = 1\/2 de la funci\u00f3n zeta de Riemann. Pueden verse los primeros ceros no triviales en Im(<em>s<\/em>) = \u00b114,135, \u00b121,022 y \u00b125,011.<\/p>\n<p style=\"text-align: justify;\"><a href=\"https:\/\/commons.wikimedia.org\/wiki\/File:Zeta_polar.svg\"><img decoding=\"async\" loading=\"lazy\" src=\"https:\/\/upload.wikimedia.org\/wikipedia\/commons\/thumb\/7\/7f\/Zeta_polar.svg\/220px-Zeta_polar.svg.png\" alt=\"\" width=\"220\" height=\"189\" data-file-width=\"560\" data-file-height=\"480\" \/><\/a><\/p>\n<p style=\"text-align: justify;\">Un gr\u00e1fico polar de zeta, esto es, Re(zeta) vs. Im(zeta), a lo largo de la l\u00ednea cr\u00edtica <em>s<\/em>=<em>it<\/em>+1\/2, con <em>t<\/em> con valores desde 0 a 34.<\/p>\n<p style=\"text-align: justify;\">Riemann mencion\u00f3 la conjetura en 1859, que ser\u00eda llamada la hip\u00f3tesis de Riemann, en su tesis de doctorado Sobre los n\u00fameros primos menores que una magnitiud dada,\u00a0<em><\/em> al desarrollar una f\u00f3rmula expl\u00edcits, para calcular la cantidad de primos menores que <em>x<\/em>. Puesto que no era esencial para el prop\u00f3sito central de su art\u00edculo, no intent\u00f3 dar una demostraci\u00f3n de la misma. Riemann sab\u00eda que los ceros no triviales de la funci\u00f3n zeta est\u00e1n distribuidos en torno a la recta <em>s<\/em> = 1\/2 + <em>i t<\/em>, y sab\u00eda tambi\u00e9n que todos los ceros no triviales deb\u00edan estar en el rango 0 \u2264 Re(<em>s<\/em>) \u2264 1.<\/p>\n<p style=\"text-align: justify;\">Pero para que el lector entienda algo mejor todo esto&#8230;<\/p>\n<p style=\"text-align: justify;\"><img decoding=\"async\" loading=\"lazy\" src=\"http:\/\/4.bp.blogspot.com\/-8awRVVOYyzM\/Tjo57hL5yhI\/AAAAAAAAOyU\/FnmrC9Vaaqk\/s1600\/riemann11toppsagmtmtf.jpg\" alt=\"\" width=\"285\" height=\"393\" \/><\/p>\n<p style=\"text-align: justify;\">Recordemos aqu\u00ed uno de esos extra\u00f1os casos que surgi\u00f3 el d\u00eda 10 de Junio de 1.854 con el nacimiento de una nueva geometr\u00eda: La teor\u00eda de dimensiones m\u00e1s altas que fue introducida cuando <strong>Georg Bernhard Riemann<\/strong> dio su c\u00e9lebre conferencia en la facultad de la Universidad de Gotinga en Alemania. Aquello fue como abrir de golpe, todas las ventanas cerradas durante 2.000 a\u00f1os, de una l\u00f3brega habitaci\u00f3n que, de pronto, se v\u00e9 inundada por la luz cegadora de un Sol radiante. Riemann regal\u00f3 al mundo las sorprendentes propiedades del espacio multidimensional.<\/p>\n<p style=\"text-align: justify;\">Su ensayo de profunda importancia y elegancia excepcional, \u201csobre las hip\u00f3tesis que subyacen en los fundamentos de la geometr\u00eda\u201d derrib\u00f3 pilares de la geometr\u00eda cl\u00e1sica griega, que hab\u00edan resistido con \u00e9xito todos los asaltos de los esc\u00e9pticos durante dos milenios. La vieja geometr\u00eda de Euclides, en la cual todas las figuras geom\u00e9tricas son de dos o tres dimensiones, se ven\u00eda abajo, mientras una nueva geometr\u00eda riemanniana surg\u00eda de sus ruinas. La revoluci\u00f3n riemanniana iba a tener grandes consecuencias para el futuro de las artes y las ciencias. En menos de tres decenios, la \u201cmisteriosa cuarta dimensi\u00f3n\u201d influir\u00eda en la evoluci\u00f3n del arte, la filosof\u00eda y la Literatura en toda Europa. Antes de que hubieran pasado seis decenios a partir de la conferencia de Riemann, <a href=\"http:\/\/www.emiliosilveravazquez.com\/blog\/2013\/02\/26\/ano-internacional-de-la-astronomia-2009-en-espana-aia-iya2009-33\/#\"><a href=\"#\" onclick=\"referencia('einstein',event); return false;\">Einstein<\/a><\/a> utilizar\u00eda la geometr\u00eda riemanniana tetradimensional para explicar la creaci\u00f3n del Universo y su evoluci\u00f3n mediante su asombrosa teor\u00eda de la <a href=\"http:\/\/www.emiliosilveravazquez.com\/blog\/2013\/02\/26\/ano-internacional-de-la-astronomia-2009-en-espana-aia-iya2009-33\/#\"><a href=\"#\" onclick=\"referencia('relatividad',event); return false;\">relatividad<\/a><\/a> general Ciento treinta a\u00f1os despu\u00e9s de su conferencia, los f\u00edsicos utilizar\u00edan la geometr\u00eda decadimensional para intentar unir todas las leyes del Universo. El n\u00facleo de la obra de Riemann era la comprensi\u00f3n de las leyes f\u00edsicas mediante su simplificaci\u00f3n al contemplarlas en espacios de m\u00e1s dimensiones.<\/p>\n<p style=\"text-align: justify;\"><img decoding=\"async\" src=\"https:\/\/encrypted-tbn3.gstatic.com\/images?q=tbn:ANd9GcS9-Kf7Qb0xOiyYcS_9Cnpx4Qk6IHrLBPmHxXvFW7xxvrs5qWwEoQ\" alt=\"Resultado de imagen de El joven  Riemann\" name=\"dVmT16ebUNgQzM:\" data-src=\"https:\/\/encrypted-tbn3.gstatic.com\/images?q=tbn:ANd9GcS9-Kf7Qb0xOiyYcS_9Cnpx4Qk6IHrLBPmHxXvFW7xxvrs5qWwEoQ\" data-sz=\"f\" \/><\/p>\n<p style=\"text-align: justify;\">Contradictoriamente, Riemann era la persona menos indicada para anunciar tan profunda y completa evoluci\u00f3n en el pensamiento matem\u00e1tico y f\u00edsico. Era hura\u00f1o, solitario y sufr\u00eda crisis nerviosas. De salud muy precaria que arruin\u00f3 su vida en la miseria abjecta y la tuberculosis. de ni\u00f1o siempre estaba aislado de los otros compa\u00f1eros e inmerso en sus propios pensamientos.<\/p>\n<p style=\"text-align: justify;\">Riemann naci\u00f3 en 1.826 en Hannover, Alemania, segundo de los seis hijos de un pobre pastor luterano que trabaj\u00f3 y se esforz\u00f3 como humilde pastor para alimentar a su numerosa familia que, mal alimentada, tendr\u00edan una delicada salud que les llevar\u00eda a una temprana muerte. La madre de Riemann tambi\u00e9n muri\u00f3 antes de que sus hijos hubieran crecido.<\/p>\n<p style=\"text-align: justify;\">A edad muy temprana, Riemann mostraba ya los rasgos que le hicieron famoso: incre\u00edble capacidad de c\u00e1lculo que era el contrapunto a su gran timidez y temor a expresarse en p\u00fablico. Terriblemente apocado era objeto de bromas de otros ni\u00f1os, lo que le hizo recogerse a\u00fan m\u00e1s en un mundo matem\u00e1tico intensamente privado que le salvaba del mundo hostil exterior.<\/p>\n<p style=\"text-align: justify;\"><img decoding=\"async\" loading=\"lazy\" src=\"http:\/\/lh3.ggpht.com\/_4SAReLW4ZHE\/TULOiSbPF2I\/AAAAAAAABgQ\/o-d_FL5GbVw\/s800\/foto_panoramica.jpg\" alt=\"\" width=\"365\" height=\"273\" \/><\/p>\n<p style=\"text-align: justify;\">\u00a0\u00a0\u00a0\u00a0\u00a0\u00a0\u00a0\u00a0\u00a0\u00a0\u00a0\u00a0\u00a0\u00a0\u00a0\u00a0\u00a0\u00a0\u00a0\u00a0\u00a0\u00a0\u00a0\u00a0\u00a0\u00a0\u00a0\u00a0\u00a0\u00a0\u00a0\u00a0 Ciudad natal de Riemann<\/p>\n<p style=\"text-align: justify;\">Para complacer a su padre, Riemann se propuso hacerse estudiante de teolog\u00eda, obtener un puesto remunerado como pastor y ayudar a su familia. En la escuela secundaria estudi\u00f3 la Biblia con intensidad, pero sus pensamientos volv\u00edan siempre a las matem\u00e1ticas. Aprend\u00eda tan r\u00e1pidamente que siempre estaba por delante de los conocimientos de sus instructores, que encontraron imposible mantenerse a su altura. Finalmente, el director de la escuela dio a Riemann un pesado libro para mantenerle ocupado. El libro era la Teor\u00eda de n\u00fameros de Adrien-Marie Legendre, una voluminosa obra maestra de 859 p\u00e1ginas, el tratado m\u00e1s avanzado del mundo sobre el dif\u00edcil tema de la teor\u00eda de n\u00fameros. Riemann devor\u00f3 el libro en seis d\u00edas.<\/p>\n<p style=\"text-align: justify;\">Cuando el director le pregunt\u00f3: \u201c\u00bfHasta d\u00f3nde has le\u00eddo ?\u201d, el joven Riemann respondi\u00f3: \u201cEste es un libro maravilloso. Ya me lo s\u00e9 todo\u201d.<\/p>\n<p style=\"text-align: justify;\">Sin creerse realmente la afirmaci\u00f3n de su pupilo, el director le plante\u00f3 varios meses despu\u00e9s cuestiones complejas sobre el contenido del libro, que Riemann respondi\u00f3 correctamente.<\/p>\n<p style=\"text-align: justify;\">\u00a0<img decoding=\"async\" loading=\"lazy\" src=\"http:\/\/www.dw.de\/image\/0,,4335553_4,00.jpg\" alt=\"\" width=\"365\" height=\"205\" \/><\/p>\n<p style=\"text-align: justify;\">\u00a0\u00a0\u00a0\u00a0\u00a0\u00a0 Universidad de Gotinga\u00a0 en la que estudi\u00f3 Riemann<\/p>\n<p style=\"text-align: justify;\">Con mil sacrificios, el padre de Riemann consigui\u00f3 reunir los fondos necesarios para que, a los 19 a\u00f1os pudiera acudir a la Universidad de Gotinga, donde encontr\u00f3 a Carl Friedrich Gauss, el aclamado por todos \u201cPr\u00edncipe de las Matem\u00e1ticas\u201d, uno de los mayores matem\u00e1ticos de todos los tiempos.Incluso hoy, si hacemos una selecci\u00f3n por expertos para distinguir a los matem\u00e1ticos m\u00e1s grandes de la Historia, aparecer\u00e1 indudablemente Euclides, Arqu\u00edmedes, <a href=\"http:\/\/www.emiliosilveravazquez.com\/blog\/2013\/02\/26\/ano-internacional-de-la-astronomia-2009-en-espana-aia-iya2009-33\/#\"><a href=\"#\" onclick=\"referencia('newton',event); return false;\">Newton<\/a><\/a> y Gauss.<\/p>\n<p style=\"text-align: justify;\">Los estudios de Riemann no fueron un camino de rosas precisamente. Alemania sacudida por disturbios, manifestaciones y levantamientos, fue reclutado en el cuerpo de estudiantes para proteger al rey en el palacio real de Berl\u00edn y sus estudios quedaron interrumpidos.<\/p>\n<p style=\"text-align: justify;\">En aquel ambiente el problema que capt\u00f3 el inter\u00e9s de Riemann, fue el colapso que, seg\u00fan el pensaba, supon\u00eda la geometr\u00eda euclidiana, que mantiene que el espacio es tridimensional y \u201cplano\u201d (en el espacio plano, la distancia m\u00e1s corta entre dos puntos es la l\u00ednea recta; lo que descarta la posibilidad de que el espacio pueda estar curvado, como en una esfera).<\/p>\n<p style=\"text-align: justify;\">\u00a0<img decoding=\"async\" loading=\"lazy\" src=\"http:\/\/www.gogeometry.com\/geometria\/euclides-elementos-libro-1-23-definiciones.jpg\" alt=\"\" width=\"365\" height=\"188\" \/><img decoding=\"async\" loading=\"lazy\" src=\"https:\/\/encrypted-tbn2.gstatic.com\/images?q=tbn:ANd9GcSg6G9Zl3P7UmQWqO0Ez5ZAY_zrH9ReH39Si2u3rccwBsPEuOILFw\" alt=\"\" width=\"245\" height=\"346\" \/><\/p>\n<p style=\"text-align: justify;\">Para Riemann, la geometr\u00eda de Euclides era particularmente est\u00e9ril cuando se la comparaba con la rica diversidad del mundo. En ninguna parte ver\u00eda Riemann las figuras geom\u00e9tricas planas idealizadas por Euclides. Las monta\u00f1as, las olas del mar, las nubes y los torbellinos no son c\u00edrculos, tri\u00e1ngulos o cuadrados perfectos, sino objetos curvos que se doblan y retuercen en una diversidad infinita. Riemann, ante aquella realidad se rebel\u00f3 contra la aparente precisi\u00f3n matem\u00e1tica de la geometr\u00eda griega, cuyos fundamentos., descubri\u00f3 el, estaban basados en definitiva sobre las arenas movedizas del sentido com\u00fan y la intuici\u00f3n, no sobre el terreno firme de la l\u00f3gica y la realidad del mundo.<\/p>\n<p style=\"text-align: justify;\"><img decoding=\"async\" loading=\"lazy\" src=\"https:\/\/upload.wikimedia.org\/wikipedia\/commons\/thumb\/e\/e4\/Riemann_surface_sqrt.jpg\/220px-Riemann_surface_sqrt.jpg\" alt=\"\" width=\"220\" height=\"231\" \/><img decoding=\"async\" loading=\"lazy\" src=\"http:\/\/upload.wikimedia.org\/wikipedia\/commons\/thumb\/b\/b5\/Riemann_sqrt.jpg\/200px-Riemann_sqrt.jpg\" alt=\"\" width=\"200\" height=\"150\" \/><img decoding=\"async\" loading=\"lazy\" src=\"https:\/\/encrypted-tbn1.gstatic.com\/images?q=tbn:ANd9GcS6IJB9j7DGNy0cKSHm6wIB0Cce0s61SjkjLx-3KXG_7VzDQGhu\" alt=\"\" width=\"365\" height=\"213\" \/><\/p>\n<p style=\"text-align: justify;\">Riemann realiz\u00f3 sus matem\u00e1ticas m\u00e1s acorde con el mundo real, con el espacio y su comportamiento, y, las hiperboles y espacios curvos representativos del Universo apareci\u00e1n fjluidos y bellos en sus teor\u00edas y conceptos del mundo real. De hecho, <a href=\"#\" onclick=\"referencia('einstein',event); return false;\">Einstein<\/a> se pas\u00f3 diez a\u00f1os tratanto de encontrar el camino para exponer su Teor\u00eda de la Relatividad Genenral y, hasta que no se to\u00f3 con el Tensor m\u00e9triuco de Riemann, no pudo <a href=\"#\" onclick=\"referencia('plasma',event); return false;\">plasma<\/a>r su famosa ecuaci\u00f3n de campo de la <a href=\"#\" onclick=\"referencia('relatividad',event); return false;\">relatividad<\/a> genmeral que nos dice como es el Cosmos.<\/p>\n<p style=\"text-align: justify;\">Aunque os pueda parecer que algunos de los temas aqu\u00ed tratamos se apartan del motivo de la p\u00e1gina, os puedo asegurar que todo, absolutamente todo de lo que aqu\u00ed se habla, est\u00e1 directamente relacionado con el Universo que, al fin y al cabo, es lo que tratamos de llevar a todos.<\/p>\n<p style=\"text-align: justify;\"><em>emilio silvera<\/em><\/p>\n<\/div>\n<div class='bookmark'>\r\n\t\t<table align='left' border='0' cellpadding='0' width='100%'>\r\n\t\t<tr><td><span class='pushbutton'><a href='http:\/\/delicious.com\/post?url=https%3A%2F%2Fwww.emiliosilveravazquez.com%2Fblog%2F2015%2F08%2F06%2F%25c2%25bfel-universo-%25c2%25a1siempre-estara-presente%2F&amp;title=%C2%BFEl+Universo%3F+%C2%A1Siempre+estar%C3%A1+presente%21' title='Delicious' target='_blank' rel='nofollow'><img src='https:\/\/www.emiliosilveravazquez.com\/blog\/wp-content\/plugins\/knxdt-bookmarks-wordpress-plugin\/images\/delicious.png'  alt='' class='book_img' border='none' style='margin:1px; padding: 0;'  \/><\/a><\/span><span class='pushbutton'><a href='http:\/\/digg.com\/submit?url=https%3A%2F%2Fwww.emiliosilveravazquez.com%2Fblog%2F2015%2F08%2F06%2F%25c2%25bfel-universo-%25c2%25a1siempre-estara-presente%2F&amp;title=%C2%BFEl+Universo%3F+%C2%A1Siempre+estar%C3%A1+presente%21' title='Digg' target='_blank' rel='nofollow'><img src='https:\/\/www.emiliosilveravazquez.com\/blog\/wp-content\/plugins\/knxdt-bookmarks-wordpress-plugin\/images\/digg.png'  alt='' class='book_img' border='none' style='margin:1px; padding: 0;'  \/><\/a><\/span><span class='pushbutton'><a href='http:\/\/www.google.com\/bookmarks\/mark?op=edit&amp;bkmk=https%3A%2F%2Fwww.emiliosilveravazquez.com%2Fblog%2F2015%2F08%2F06%2F%25c2%25bfel-universo-%25c2%25a1siempre-estara-presente%2F&amp;title=%C2%BFEl+Universo%3F+%C2%A1Siempre+estar%C3%A1+presente%21' title='Google' target='_blank' rel='nofollow'><img src='https:\/\/www.emiliosilveravazquez.com\/blog\/wp-content\/plugins\/knxdt-bookmarks-wordpress-plugin\/images\/google.png'   alt='' class='book_img' border='none' style='margin:1px; padding: 0;'  \/><\/a><\/span><span class='pushbutton'><a href='http:\/\/myweb2.search.yahoo.com\/myresults\/bookmarklet?u=https%3A%2F%2Fwww.emiliosilveravazquez.com%2Fblog%2F2015%2F08%2F06%2F%25c2%25bfel-universo-%25c2%25a1siempre-estara-presente%2F&amp;t=%C2%BFEl+Universo%3F+%C2%A1Siempre+estar%C3%A1+presente%21' title='Yahoo' target='_blank' rel='nofollow'><img src='https:\/\/www.emiliosilveravazquez.com\/blog\/wp-content\/plugins\/knxdt-bookmarks-wordpress-plugin\/images\/yahoo.png'  alt='' class='book_img' border='none' style='margin:1px; padding: 0;'  \/><\/a><\/span><span class='pushbutton'><a href='http:\/\/www.technorati.com\/faves?add=https%3A%2F%2Fwww.emiliosilveravazquez.com%2Fblog%2F2015%2F08%2F06%2F%25c2%25bfel-universo-%25c2%25a1siempre-estara-presente%2F' title='Technorati' target='_blank' rel='nofollow'><img src='https:\/\/www.emiliosilveravazquez.com\/blog\/wp-content\/plugins\/knxdt-bookmarks-wordpress-plugin\/images\/technorati.png'  alt='' class='book_img' border='none' style='margin:1px; padding: 0;'  \/><\/a><\/span><span class='pushbutton'><a href='http:\/\/meneame.net\/submit.php?url=https%3A%2F%2Fwww.emiliosilveravazquez.com%2Fblog%2F2015%2F08%2F06%2F%25c2%25bfel-universo-%25c2%25a1siempre-estara-presente%2F' title='Meneame' target='_blank' rel='nofollow'><img src='https:\/\/www.emiliosilveravazquez.com\/blog\/wp-content\/plugins\/knxdt-bookmarks-wordpress-plugin\/images\/meneame.png'  alt='' class='book_img' border='none' style='margin:1px; padding: 0;'  \/><\/a><\/span><span class='pushbutton'><a href='http:\/\/enchilame.com\/submit.php?url=https:\/\/www.emiliosilveravazquez.com\/blog\/2015\/08\/06\/%c2%bfel-universo-%c2%a1siempre-estara-presente\/' target='_blank' rel='nofollow'><img title='Enchilame' src='https:\/\/www.emiliosilveravazquez.com\/blog\/wp-content\/plugins\/knxdt-bookmarks-wordpress-plugin\/images\/enchilame.png'  alt='' class='book_img' border='none' style='margin:1px; padding: 0;'  \/><\/a><\/span><span class='pushbutton'><a href='http:\/\/www.blinklist.com\/index.php?Action=Blink\/addblink.php&amp;Description=&amp;Url=https%3A%2F%2Fwww.emiliosilveravazquez.com%2Fblog%2F2015%2F08%2F06%2F%25c2%25bfel-universo-%25c2%25a1siempre-estara-presente%2F&amp;title=%C2%BFEl+Universo%3F+%C2%A1Siempre+estar%C3%A1+presente%21' title='BlinkList' target='_blank' rel='nofollow'><img src='https:\/\/www.emiliosilveravazquez.com\/blog\/wp-content\/plugins\/knxdt-bookmarks-wordpress-plugin\/images\/blinklist.png'  alt='' class='book_img' border='none' style='margin:1px; padding: 0;'  \/><\/a><\/span><span class='pushbutton'><a href='http:\/\/reddit.com\/submit?url=https%3A%2F%2Fwww.emiliosilveravazquez.com%2Fblog%2F2015%2F08%2F06%2F%25c2%25bfel-universo-%25c2%25a1siempre-estara-presente%2F&amp;title=%C2%BFEl+Universo%3F+%C2%A1Siempre+estar%C3%A1+presente%21' title='Reddit' target='_blank' rel='nofollow'><img src='https:\/\/www.emiliosilveravazquez.com\/blog\/wp-content\/plugins\/knxdt-bookmarks-wordpress-plugin\/images\/reddit.png'  alt='' class='book_img' border='none' style='margin:1px; padding: 0;'  \/><\/a><\/span><span class='pushbutton'><a href='http:\/\/www.tecnologiadiaria.com\/2009\/07\/abrir-com-hotmail-correo.html' target='_blank' title='hotmail'><img src='https:\/\/www.emiliosilveravazquez.com\/blog\/wp-content\/plugins\/knxdt-bookmarks-wordpress-plugin\/images\/linklove.png' alt='hotmail correo' class='book_img' border='none' style='margin:1px; padding: 0;' \/><\/a><\/span><span class='pushbutton'><a href='http:\/\/bitacoras.com\/votar\/anotacion\/externo\/mini\/www.emiliosilveravazquez.com\/blog\/2015\/08\/06\/%c2%bfel-universo-%c2%a1siempre-estara-presente\/' title='Bitacoras.com' target='_blank' rel='nofollow'><img src='https:\/\/www.emiliosilveravazquez.com\/blog\/wp-content\/plugins\/knxdt-bookmarks-wordpress-plugin\/images\/bitacoras.png'  alt='' class='book_img' border='none' style='margin:1px; padding: 0;'  \/><\/a><\/span><span class='pushbutton'><a href='http:\/\/www.wikio.es\/vote?url=https%3A%2F%2Fwww.emiliosilveravazquez.com%2Fblog%2F2015%2F08%2F06%2F%25c2%25bfel-universo-%25c2%25a1siempre-estara-presente%2F' title='Wikio' target='_blank' rel='nofollow'><img src='https:\/\/www.emiliosilveravazquez.com\/blog\/wp-content\/plugins\/knxdt-bookmarks-wordpress-plugin\/images\/wikio.png'   alt='' class='book_img' border='none' style='margin:1px; padding: 0;'   \/><\/a><\/span><span class='pushbutton'><a href='http:\/\/friendfeed.com\/?url=https%3A%2F%2Fwww.emiliosilveravazquez.com%2Fblog%2F2015%2F08%2F06%2F%25c2%25bfel-universo-%25c2%25a1siempre-estara-presente%2F&amp;title=%C2%BFEl+Universo%3F+%C2%A1Siempre+estar%C3%A1+presente%21' title='Friend Feed' target='_blank' rel='nofollow'><img src='https:\/\/www.emiliosilveravazquez.com\/blog\/wp-content\/plugins\/knxdt-bookmarks-wordpress-plugin\/images\/friendfeed.png'  alt='' class='book_img' border='none' style='margin:1px; padding: 0;'  \/><\/a><\/span><span class='pushbutton'><a href='http:\/\/www.facebook.com\/share.php?u=https%3A%2F%2Fwww.emiliosilveravazquez.com%2Fblog%2F2015%2F08%2F06%2F%25c2%25bfel-universo-%25c2%25a1siempre-estara-presente%2F&amp;t=%C2%BFEl+Universo%3F+%C2%A1Siempre+estar%C3%A1+presente%21' title='Facebook' target='_blank' rel='nofollow'><img src='https:\/\/www.emiliosilveravazquez.com\/blog\/wp-content\/plugins\/knxdt-bookmarks-wordpress-plugin\/images\/facebook.png'  alt='' class='book_img' border='none' style='margin:1px; padding: 0;'  \/><\/a><\/span><span class='pushbutton'><a href='http:\/\/twitter.com\/home?status=%C2%BFEl+Universo%3F+%C2%A1Siempre+estar%C3%A1+presente%21: https%3A%2F%2Fwww.emiliosilveravazquez.com%2Fblog%2F2015%2F08%2F06%2F%25c2%25bfel-universo-%25c2%25a1siempre-estara-presente%2F' title='Twitter' target='_blank' rel='nofollow'><img src='https:\/\/www.emiliosilveravazquez.com\/blog\/wp-content\/plugins\/knxdt-bookmarks-wordpress-plugin\/images\/twitter.png'  alt='' class='book_img' border='none' style='margin:1px; padding: 0;'  \/><\/a><\/span><span class='pushbutton'><a href='http:\/\/www.feedburner.com\/fb\/a\/emailFlare?itemTitle=%C2%BFEl+Universo%3F+%C2%A1Siempre+estar%C3%A1+presente%21&amp;uri=https%3A%2F%2Fwww.emiliosilveravazquez.com%2Fblog%2F2015%2F08%2F06%2F%25c2%25bfel-universo-%25c2%25a1siempre-estara-presente%2F' title='Enviar por Email' target='_blank' rel='nofollow'><img src='https:\/\/www.emiliosilveravazquez.com\/blog\/wp-content\/plugins\/knxdt-bookmarks-wordpress-plugin\/images\/email.png'  alt='' class='book_img' border='none' style='margin:1px; padding: 0;'  \/><\/a><\/span><span style='font-weight:bold; padding-left: 5px;'><a href='http:\/\/wordpress.org\/extend\/plugins\/knxdt-bookmarks-wordpress-plugin\/' title='Plugin' rel='nofollow' target='_blank'>[?]<\/a><\/span><\/td><\/tr><\/table><br\/><br\/><\/div>","protected":false},"excerpt":{"rendered":"<p>\u00a0Hay que ir m\u00e1s all\u00e1 del Modelo Est\u00e1ndar Los pensamientos\u2026 Que nunca dejar\u00e1n de asombrarnos &nbsp; Hace mucho tiempo ya desde que mir\u00e1bamos el cielo asombrados ante un eclipse de Sol. Cada civilizaci\u00f3n a lo largo de la Historia entendi\u00f3 el fen\u00f3meno natural de una manera distinta, seg\u00fan los conocimientos que poseian, 0, tambi\u00e9n, seg\u00fan [&hellip;]<\/p>\n","protected":false},"author":2,"featured_media":0,"comment_status":"open","ping_status":"open","sticky":false,"template":"","format":"standard","meta":{"_s2mail":"yes","footnotes":""},"categories":[243],"tags":[],"_links":{"self":[{"href":"https:\/\/www.emiliosilveravazquez.com\/blog\/wp-json\/wp\/v2\/posts\/12725"}],"collection":[{"href":"https:\/\/www.emiliosilveravazquez.com\/blog\/wp-json\/wp\/v2\/posts"}],"about":[{"href":"https:\/\/www.emiliosilveravazquez.com\/blog\/wp-json\/wp\/v2\/types\/post"}],"author":[{"embeddable":true,"href":"https:\/\/www.emiliosilveravazquez.com\/blog\/wp-json\/wp\/v2\/users\/2"}],"replies":[{"embeddable":true,"href":"https:\/\/www.emiliosilveravazquez.com\/blog\/wp-json\/wp\/v2\/comments?post=12725"}],"version-history":[{"count":0,"href":"https:\/\/www.emiliosilveravazquez.com\/blog\/wp-json\/wp\/v2\/posts\/12725\/revisions"}],"wp:attachment":[{"href":"https:\/\/www.emiliosilveravazquez.com\/blog\/wp-json\/wp\/v2\/media?parent=12725"}],"wp:term":[{"taxonomy":"category","embeddable":true,"href":"https:\/\/www.emiliosilveravazquez.com\/blog\/wp-json\/wp\/v2\/categories?post=12725"},{"taxonomy":"post_tag","embeddable":true,"href":"https:\/\/www.emiliosilveravazquez.com\/blog\/wp-json\/wp\/v2\/tags?post=12725"}],"curies":[{"name":"wp","href":"https:\/\/api.w.org\/{rel}","templated":true}]}}