{"id":12661,"date":"2015-07-21T04:43:25","date_gmt":"2015-07-21T03:43:25","guid":{"rendered":"http:\/\/www.emiliosilveravazquez.com\/blog\/?p=12661"},"modified":"2015-07-21T04:43:25","modified_gmt":"2015-07-21T03:43:25","slug":"2015-%c2%a1el-ano-de-la-luz","status":"publish","type":"post","link":"https:\/\/www.emiliosilveravazquez.com\/blog\/2015\/07\/21\/2015-%c2%a1el-ano-de-la-luz\/","title":{"rendered":"2015 \u00a1El A\u00f1o de la Luz!"},"content":{"rendered":"<div style=\"text-align: justify;\">\n<figure><a><img decoding=\"async\" title=\"\" src=\"http:\/\/www.ecestaticos.com\/imagestatic\/clipping\/9d1\/7a4\/2e4\/9d17a42e41b9f6ed7bf66cf384bd4996.jpg?mtime=1410716037\" alt=\"\" \/><\/a><\/figure>\n<\/div>\n<div style=\"text-align: justify;\">\u00a0\u00a0\u00a0\u00a0\u00a0\u00a0\u00a0\u00a0\u00a0\u00a0\u00a0\u00a0\u00a0\u00a0\u00a0\u00a0\u00a0\u00a0\u00a0\u00a0\u00a0\u00a0 Cient\u00edficos consiguen congelar la luz y hacerla s\u00f3lida. Al menos as\u00ed ha sido publicado en distintos medios<\/div>\n<p style=\"text-align: justify;\">Los <a href=\"http:\/\/www.emiliosilveravazquez.com\/blog\/category\/la-luz-esconde-muchos-secretos\/#\"><a href=\"#\" onclick=\"referencia('foton',event); return false;\">fotones<\/a><\/a>, las part\u00edculas de las que est\u00e1 hecha la luz, no se comportan como muchas otras part\u00edculas porque no tienen masa. Esto hace que no interaccionen entre ellas y por tanto no se unan unas a otras para formar elementos mayores y m\u00e1s complejos, como s\u00ed hacen otras part\u00edculas fundamentales. El <a href=\"#\" onclick=\"referencia('foton',event); return false;\">fot\u00f3n<\/a> es el cuanto de radiaci\u00f3n electromagn\u00e9tica, es la part\u00edcula transmisora de cualquier clase de radiaci\u00f3n en la <a href=\"#\" onclick=\"referencia('fuerza nuclear debil',event); return false;\">fuerza electrod\u00e9bil<\/a>, pertenece a la familia de los Bosones y, tiene masa en reposo nula. Es considerado como la unidad de energ\u00eda igual a hf (h es la <a href=\"#\" onclick=\"referencia('planck constante de',event); return false;\">constante de Planck<\/a> y f es la frecuencia expresada en hertzios. Los <a href=\"#\" onclick=\"referencia('foton',event); return false;\">fotones<\/a>, como sab\u00e9is, viajan a la velocidad de la luz, c, en el vac\u00edo. Son necesarios para poder explicar el Efecto Fotoel\u00e9ctrico y otros fen\u00f3menos que requieren que el <a href=\"#\" onclick=\"referencia('foton',event); return false;\">fot\u00f3n<\/a> tenga car\u00e1cter de part\u00edcula.<\/p>\n<p style=\"text-align: justify;\"><img decoding=\"async\" loading=\"lazy\" src=\"http:\/\/2.bp.blogspot.com\/_FIs6Y2XOFN8\/TO_4HjKL8aI\/AAAAAAAAN8Q\/GiVle89kRGE\/s1600\/super-foton-bose-einstein.jpg\" alt=\"\" width=\"365\" height=\"337\" \/><\/p>\n<p style=\"text-align: justify;\">Sin embargo, en los \u00faltimos a\u00f1os varios equipos cient\u00edficos de todo el mundo han logrado jugar con esta caracter\u00edstica y, de alguna forma, burlarla, deteniendo la luz y congel\u00e1ndola, convirti\u00e9ndola en un s\u00f3lido. Se trata de un fen\u00f3meno que nos recuerda a las pel\u00edculas de ciencia ficci\u00f3n (piensen en los sables <a href=\"http:\/\/www.emiliosilveravazquez.com\/blog\/2014\/10\/15\/#\">l\u00e1ser<\/a> de <em>La guerra de las galaxias<\/em>), pero en cuyo conocimiento los investigadores avanzan cada d\u00eda m\u00e1s. Los \u00faltimos, un <a href=\"http:\/\/journals.aps.org\/prx\/abstract\/10.1103\/PhysRevX.4.031043\" target=\"_blank\">equipo de la Universidad de Princeton<\/a> que ha logrado convertir la luz en cristal, seg\u00fan sus conclusiones.<\/p>\n<p style=\"text-align: justify;\"><img decoding=\"async\" loading=\"lazy\" id=\"irc_mi\" src=\"http:\/\/5www.ecestaticos.com\/image\/clipping\/992\/558\/5ec3295d549a0faac8e5926c0471e550\/imagen-sin-titulo.jpg\" alt=\"\" width=\"699\" height=\"393\" \/><\/p>\n<p style=\"text-align: justify;\">Nos interesa explorar, y eventualmente controlar y dirigir, los flujos de energ\u00eda a niver at\u00f3micoLo han conseguido interconectando <a href=\"http:\/\/www.emiliosilveravazquez.com\/blog\/category\/la-luz-esconde-muchos-secretos\/#\"><a href=\"#\" onclick=\"referencia('foton',event); return false;\">fotones<\/a><\/a>, las part\u00edculas elementales de la luz, de forma que se quedasen fijos en un lugar\u00a0como si estuviesen congelados.\u00a0Los resultados de sus experimentos podr\u00edan servir para desarrollar nuevos y ex\u00f3ticos metamateriales, adem\u00e1s de ayudar a avanzar en el conocimiento sobre el estudio fundamental de la materia.<\/p>\n<p style=\"text-align: justify;\">\u201cEs algo que nadie hab\u00eda visto antes, un nuevo comportamiento de la luz\u201d, explica Andrew Houck, profesor asociado de ingenier\u00eda el\u00e9ctrica y uno de los investigadores. \u201cNos interesa explorar, y eventualmente controlar y dirigir, los flujos de energ\u00eda a niver at\u00f3mico\u201d, dice Hakan T\u00fcreci, uno de los miembros del equipo.<\/p>\n<p style=\"text-align: justify;\">Para lograrlo, construyeron una estructura hecha de materiales superconductores con m\u00e1s de cien mil millones de \u00e1tomos ensamblados para funcionar como uno solo y la situaron junto a un cable superconductor por el que transitaban <a href=\"http:\/\/www.emiliosilveravazquez.com\/blog\/category\/la-luz-esconde-muchos-secretos\/#\"><a href=\"#\" onclick=\"referencia('foton',event); return false;\">fotones<\/a><\/a>. Esos <a href=\"http:\/\/www.emiliosilveravazquez.com\/blog\/category\/la-luz-esconde-muchos-secretos\/#\"><a href=\"#\" onclick=\"referencia('foton',event); return false;\">fotones<\/a><\/a>, debido a mecanismos propios de la f\u00edsica cu\u00e1ntica, adoptaron algunas de las propiedades del \u00e1tomo, como por ejemplo las interacciones entre ellos, algo que normalmente no ocurre con los <a href=\"http:\/\/www.emiliosilveravazquez.com\/blog\/category\/la-luz-esconde-muchos-secretos\/#\"><a href=\"#\" onclick=\"referencia('foton',event); return false;\">fotones<\/a><\/a>. As\u00ed, el equipo logr\u00f3 que fluyesen como si fuesen parte de un l\u00edquido o que se congelasen como si fuesen un cristal s\u00f3lido.<\/p>\n<p style=\"text-align: justify;\"><img decoding=\"async\" title=\"\" src=\"http:\/\/www.ecestaticos.com\/image\/clipping\/7f8dd1bb7ff2bad5e47f8b1861eecb99\/imagen-sin-titulo.jpg\" alt=\"\" \/><\/p>\n<p style=\"text-align: justify;\">Los cient\u00edficos han estudiado el comportamiento de la luz durante a\u00f1os, que a veces corresponde al de una onda y otras al de una part\u00edcula. Con este experimento, han podido inventarle uno nuevo. \u201cHemos provocado una situaci\u00f3n en la que la luz se comporta efectivamente como una part\u00edcula, en el sentido de que dos <a href=\"http:\/\/www.emiliosilveravazquez.com\/blog\/category\/la-luz-esconde-muchos-secretos\/#\"><a href=\"#\" onclick=\"referencia('foton',event); return false;\">fotones<\/a><\/a> pueden interaccionar con fuerza. En un momento oscila de delante hacia atr\u00e1s como si fuera un l\u00edquido, y en otro directamente se congela\u201d, explica T\u00fcreci.<\/p>\n<p style=\"text-align: justify;\"><img decoding=\"async\" src=\"http:\/\/i0.wp.com\/www.avanteservices.com\/es\/blog\/wp-content\/uploads\/2012\/10\/05.jpg\" alt=\"http:\/\/i0.wp.com\/www.avanteservices.com\/es\/blog\/wp-content\/uploads\/2012\/10\/05.jpg\" \/><img decoding=\"async\" src=\"http:\/\/i2.wp.com\/www.avanteservices.com\/es\/blog\/wp-content\/uploads\/2012\/10\/008.jpg\" alt=\"http:\/\/i2.wp.com\/www.avanteservices.com\/es\/blog\/wp-content\/uploads\/2012\/10\/008.jpg\" \/><\/p>\n<p style=\"text-align: justify;\"><strong>Los ordenadores actuales no \u2018entienden\u2019 la f\u00edsica cu\u00e1ntica, hay que llegar m\u00e1s all\u00e1.<\/strong><\/p>\n<p style=\"text-align: justify;\"><strong><br \/>\n<\/strong><\/p>\n<p style=\"text-align: justify;\">Esta investigaci\u00f3n es parte del esfuerzo que cient\u00edficos de todo el mundo est\u00e1n poniendo para intentar responder algunas preguntas fundamentales del comportamiento de las part\u00edculas subat\u00f3micas, cuestiones que no es posible contestar ni siquiera utilizando los ordenadores m\u00e1s potentes de los que disponemos hoy en d\u00eda.<\/p>\n<p style=\"text-align: justify;\">Es como resolver preguntas sobre aerodin\u00e1mica observando un modelo de aeroplano en un t\u00fanel de viento, es decir, a trav\u00e9s de una simulaci\u00f3n f\u00edsica en vez de con c\u00e1lculos digitalesLos equipos de computaci\u00f3n con los que trabajan los cient\u00edficos no sirven porque funcionan siguiendo la mec\u00e1nica tradicional, que describe c\u00f3mo es el mundo de los objetos cotidianos en una escala muy amplia, desde los planetas hasta los \u00e1tomos y mol\u00e9culas. Pero el mundo de los <a href=\"http:\/\/www.emiliosilveravazquez.com\/blog\/category\/la-luz-esconde-muchos-secretos\/#\"><a href=\"#\" onclick=\"referencia('foton',event); return false;\">fotones<\/a><\/a> y otras part\u00edculas de tama\u00f1o inferior al \u00e1tomo funciona siguiendo las reglas de la mec\u00e1nica cu\u00e1ntica, que incluye propiedades en apariencia imposibles e incomprensibles, como por ejemplo que varias part\u00edculas est\u00e9n relacionadas en cuanto a su comportamiento a pesar de estar distanciadas por cientos de kil\u00f3metros.<\/p>\n<p style=\"text-align: justify;\"><img decoding=\"async\" src=\"http:\/\/i2.wp.com\/www.avanteservices.com\/es\/blog\/wp-content\/uploads\/2012\/10\/023.jpg\" alt=\"http:\/\/i2.wp.com\/www.avanteservices.com\/es\/blog\/wp-content\/uploads\/2012\/10\/023.jpg\" \/><\/p>\n<p style=\"text-align: justify;\">Esa diferencia en cuanto a sus caracter\u00edsticas limita la capacidad de los ordenadores de trabajar con estos componentes subat\u00f3micos. Simplemente, no puede calcular qu\u00e9 har\u00e1n ante unos u otros est\u00edmulos. De forma que la comunidad cient\u00edfica lleva tiempo intentando crear un nuevo tipo de ordenador basado en las normas de la f\u00edsica cu\u00e1ntica, con el convencimiento de que as\u00ed podr\u00e1n responder a muchas de las preguntas que les intrigan de esta rama del conocimiento. Para crear esa nueva computadora, sin embargo, hace falta tiempo y profundizar en la investigaci\u00f3n de estos fen\u00f3menos, cre\u00e1ndose as\u00ed un c\u00edrculo que retrasa las respuestas.<\/p>\n<p style=\"text-align: justify;\">Otra corriente dentro del estudio de la f\u00edsica cu\u00e1ntica, dentro de la que se enmarca el trabajo de los cient\u00edficos de Princeton,\u00a0apuesta por dejar de lado los ordenadores y desarrollar nuevas herramientas que imiten el comportamiento de las subpart\u00edculas. El inconveniente es que estas herramientas tendr\u00e1n una utilidad m\u00e1s limitada que la de un ordenador cu\u00e1ntico, pero la ventaja est\u00e1 en que en teor\u00eda podr\u00e1n crearse sin necesidad de responder previamente a cuestiones m\u00e1s complejas y avanzadas.<\/p>\n<p style=\"text-align: justify;\"><img decoding=\"async\" loading=\"lazy\" src=\"http:\/\/2www.ecestaticos.com\/image\/clipping\/992\/558\/27d13c5e02edefb3a28fffff3cec7158\/imagen-sin-titulo.jpg\" alt=\"\" width=\"365\" height=\"205\" \/><\/p>\n<p style=\"text-align: justify;\">\u00a0\u00a0\u00a0\u00a0\u00a0\u00a0\u00a0\u00a0\u00a0\u00a0\u00a0\u00a0\u00a0\u00a0\u00a0\u00a0\u00a0\u00a0\u00a0\u00a0\u00a0\u00a0\u00a0\u00a0\u00a0\u00a0\u00a0 Se consigue congelar la luz<\/p>\n<p style=\"text-align: justify;\">\u201cEs como resolver preguntas sobre aerodin\u00e1mica observando un modelo de aeroplano en un t\u00fanel de viento, es decir, a trav\u00e9s de una simulaci\u00f3n f\u00edsica en vez de con c\u00e1lculos digitales\u201d, explica una entrada <a href=\"http:\/\/scienceblog.com\/74321\/solid-light-compute-previously-unsolvable-problems\/#QqsGQRrvBW34J3sd.97\" target=\"_top\">en el blog Scienceblog<\/a>.<\/p>\n<p style=\"text-align: justify;\">En este caso, la herramienta desarrollada es muy peque\u00f1a y sus posibilidades son limitadas, pero los investigadores conf\u00edan en poder ampliarla, as\u00ed como aumentar el n\u00famero de interacciones entre <a href=\"http:\/\/www.emiliosilveravazquez.com\/blog\/category\/la-luz-esconde-muchos-secretos\/#\"><a href=\"#\" onclick=\"referencia('foton',event); return false;\">fotones<\/a><\/a>, aumentando su capacidad de simular situaciones complejas. En el futuro esperan poder observar la luz en estados a\u00fan m\u00e1s extra\u00f1os,\u00a0como por ejemplo un superfluido o un aislante.\u201d<\/p>\n<p style=\"text-align: justify;\"><strong>Cuando sepamos lo que es la luz\u2026 \u00a1Sabremos lo que es el Universo\u2026 y, tambi\u00e9n nosotros! Porque, al fin y al cabo, \u00bfNo somos seres de luz?<\/strong><\/p>\n<div class='bookmark'>\r\n\t\t<table align='left' border='0' cellpadding='0' width='100%'>\r\n\t\t<tr><td><span class='pushbutton'><a href='http:\/\/delicious.com\/post?url=https%3A%2F%2Fwww.emiliosilveravazquez.com%2Fblog%2F2015%2F07%2F21%2F2015-%25c2%25a1el-ano-de-la-luz%2F&amp;title=2015+%C2%A1El+A%C3%B1o+de+la+Luz%21' title='Delicious' target='_blank' rel='nofollow'><img src='https:\/\/www.emiliosilveravazquez.com\/blog\/wp-content\/plugins\/knxdt-bookmarks-wordpress-plugin\/images\/delicious.png'  alt='' class='book_img' border='none' style='margin:1px; padding: 0;'  \/><\/a><\/span><span class='pushbutton'><a href='http:\/\/digg.com\/submit?url=https%3A%2F%2Fwww.emiliosilveravazquez.com%2Fblog%2F2015%2F07%2F21%2F2015-%25c2%25a1el-ano-de-la-luz%2F&amp;title=2015+%C2%A1El+A%C3%B1o+de+la+Luz%21' title='Digg' target='_blank' rel='nofollow'><img src='https:\/\/www.emiliosilveravazquez.com\/blog\/wp-content\/plugins\/knxdt-bookmarks-wordpress-plugin\/images\/digg.png'  alt='' class='book_img' border='none' style='margin:1px; padding: 0;'  \/><\/a><\/span><span class='pushbutton'><a href='http:\/\/www.google.com\/bookmarks\/mark?op=edit&amp;bkmk=https%3A%2F%2Fwww.emiliosilveravazquez.com%2Fblog%2F2015%2F07%2F21%2F2015-%25c2%25a1el-ano-de-la-luz%2F&amp;title=2015+%C2%A1El+A%C3%B1o+de+la+Luz%21' title='Google' target='_blank' rel='nofollow'><img src='https:\/\/www.emiliosilveravazquez.com\/blog\/wp-content\/plugins\/knxdt-bookmarks-wordpress-plugin\/images\/google.png'   alt='' class='book_img' border='none' style='margin:1px; padding: 0;'  \/><\/a><\/span><span class='pushbutton'><a href='http:\/\/myweb2.search.yahoo.com\/myresults\/bookmarklet?u=https%3A%2F%2Fwww.emiliosilveravazquez.com%2Fblog%2F2015%2F07%2F21%2F2015-%25c2%25a1el-ano-de-la-luz%2F&amp;t=2015+%C2%A1El+A%C3%B1o+de+la+Luz%21' title='Yahoo' target='_blank' rel='nofollow'><img src='https:\/\/www.emiliosilveravazquez.com\/blog\/wp-content\/plugins\/knxdt-bookmarks-wordpress-plugin\/images\/yahoo.png'  alt='' class='book_img' border='none' style='margin:1px; padding: 0;'  \/><\/a><\/span><span class='pushbutton'><a href='http:\/\/www.technorati.com\/faves?add=https%3A%2F%2Fwww.emiliosilveravazquez.com%2Fblog%2F2015%2F07%2F21%2F2015-%25c2%25a1el-ano-de-la-luz%2F' title='Technorati' target='_blank' rel='nofollow'><img src='https:\/\/www.emiliosilveravazquez.com\/blog\/wp-content\/plugins\/knxdt-bookmarks-wordpress-plugin\/images\/technorati.png'  alt='' class='book_img' border='none' style='margin:1px; padding: 0;'  \/><\/a><\/span><span class='pushbutton'><a href='http:\/\/meneame.net\/submit.php?url=https%3A%2F%2Fwww.emiliosilveravazquez.com%2Fblog%2F2015%2F07%2F21%2F2015-%25c2%25a1el-ano-de-la-luz%2F' title='Meneame' target='_blank' rel='nofollow'><img src='https:\/\/www.emiliosilveravazquez.com\/blog\/wp-content\/plugins\/knxdt-bookmarks-wordpress-plugin\/images\/meneame.png'  alt='' class='book_img' border='none' style='margin:1px; padding: 0;'  \/><\/a><\/span><span class='pushbutton'><a href='http:\/\/enchilame.com\/submit.php?url=https:\/\/www.emiliosilveravazquez.com\/blog\/2015\/07\/21\/2015-%c2%a1el-ano-de-la-luz\/' target='_blank' rel='nofollow'><img title='Enchilame' src='https:\/\/www.emiliosilveravazquez.com\/blog\/wp-content\/plugins\/knxdt-bookmarks-wordpress-plugin\/images\/enchilame.png'  alt='' class='book_img' border='none' style='margin:1px; padding: 0;'  \/><\/a><\/span><span class='pushbutton'><a href='http:\/\/www.blinklist.com\/index.php?Action=Blink\/addblink.php&amp;Description=&amp;Url=https%3A%2F%2Fwww.emiliosilveravazquez.com%2Fblog%2F2015%2F07%2F21%2F2015-%25c2%25a1el-ano-de-la-luz%2F&amp;title=2015+%C2%A1El+A%C3%B1o+de+la+Luz%21' title='BlinkList' target='_blank' rel='nofollow'><img src='https:\/\/www.emiliosilveravazquez.com\/blog\/wp-content\/plugins\/knxdt-bookmarks-wordpress-plugin\/images\/blinklist.png'  alt='' class='book_img' border='none' style='margin:1px; padding: 0;'  \/><\/a><\/span><span class='pushbutton'><a href='http:\/\/reddit.com\/submit?url=https%3A%2F%2Fwww.emiliosilveravazquez.com%2Fblog%2F2015%2F07%2F21%2F2015-%25c2%25a1el-ano-de-la-luz%2F&amp;title=2015+%C2%A1El+A%C3%B1o+de+la+Luz%21' title='Reddit' target='_blank' rel='nofollow'><img src='https:\/\/www.emiliosilveravazquez.com\/blog\/wp-content\/plugins\/knxdt-bookmarks-wordpress-plugin\/images\/reddit.png'  alt='' class='book_img' border='none' style='margin:1px; padding: 0;'  \/><\/a><\/span><span class='pushbutton'><a href='http:\/\/www.tecnologiadiaria.com\/2009\/07\/abrir-com-hotmail-correo.html' target='_blank' title='hotmail'><img src='https:\/\/www.emiliosilveravazquez.com\/blog\/wp-content\/plugins\/knxdt-bookmarks-wordpress-plugin\/images\/linklove.png' alt='hotmail correo' class='book_img' border='none' style='margin:1px; padding: 0;' \/><\/a><\/span><span class='pushbutton'><a href='http:\/\/bitacoras.com\/votar\/anotacion\/externo\/mini\/www.emiliosilveravazquez.com\/blog\/2015\/07\/21\/2015-%c2%a1el-ano-de-la-luz\/' title='Bitacoras.com' target='_blank' rel='nofollow'><img src='https:\/\/www.emiliosilveravazquez.com\/blog\/wp-content\/plugins\/knxdt-bookmarks-wordpress-plugin\/images\/bitacoras.png'  alt='' class='book_img' border='none' style='margin:1px; padding: 0;'  \/><\/a><\/span><span class='pushbutton'><a href='http:\/\/www.wikio.es\/vote?url=https%3A%2F%2Fwww.emiliosilveravazquez.com%2Fblog%2F2015%2F07%2F21%2F2015-%25c2%25a1el-ano-de-la-luz%2F' title='Wikio' target='_blank' rel='nofollow'><img src='https:\/\/www.emiliosilveravazquez.com\/blog\/wp-content\/plugins\/knxdt-bookmarks-wordpress-plugin\/images\/wikio.png'   alt='' class='book_img' border='none' style='margin:1px; padding: 0;'   \/><\/a><\/span><span class='pushbutton'><a href='http:\/\/friendfeed.com\/?url=https%3A%2F%2Fwww.emiliosilveravazquez.com%2Fblog%2F2015%2F07%2F21%2F2015-%25c2%25a1el-ano-de-la-luz%2F&amp;title=2015+%C2%A1El+A%C3%B1o+de+la+Luz%21' title='Friend Feed' target='_blank' rel='nofollow'><img src='https:\/\/www.emiliosilveravazquez.com\/blog\/wp-content\/plugins\/knxdt-bookmarks-wordpress-plugin\/images\/friendfeed.png'  alt='' class='book_img' border='none' style='margin:1px; padding: 0;'  \/><\/a><\/span><span class='pushbutton'><a href='http:\/\/www.facebook.com\/share.php?u=https%3A%2F%2Fwww.emiliosilveravazquez.com%2Fblog%2F2015%2F07%2F21%2F2015-%25c2%25a1el-ano-de-la-luz%2F&amp;t=2015+%C2%A1El+A%C3%B1o+de+la+Luz%21' title='Facebook' target='_blank' rel='nofollow'><img src='https:\/\/www.emiliosilveravazquez.com\/blog\/wp-content\/plugins\/knxdt-bookmarks-wordpress-plugin\/images\/facebook.png'  alt='' class='book_img' border='none' style='margin:1px; padding: 0;'  \/><\/a><\/span><span class='pushbutton'><a href='http:\/\/twitter.com\/home?status=2015+%C2%A1El+A%C3%B1o+de+la+Luz%21: https%3A%2F%2Fwww.emiliosilveravazquez.com%2Fblog%2F2015%2F07%2F21%2F2015-%25c2%25a1el-ano-de-la-luz%2F' title='Twitter' target='_blank' rel='nofollow'><img src='https:\/\/www.emiliosilveravazquez.com\/blog\/wp-content\/plugins\/knxdt-bookmarks-wordpress-plugin\/images\/twitter.png'  alt='' class='book_img' border='none' style='margin:1px; padding: 0;'  \/><\/a><\/span><span class='pushbutton'><a href='http:\/\/www.feedburner.com\/fb\/a\/emailFlare?itemTitle=2015+%C2%A1El+A%C3%B1o+de+la+Luz%21&amp;uri=https%3A%2F%2Fwww.emiliosilveravazquez.com%2Fblog%2F2015%2F07%2F21%2F2015-%25c2%25a1el-ano-de-la-luz%2F' title='Enviar por Email' target='_blank' rel='nofollow'><img src='https:\/\/www.emiliosilveravazquez.com\/blog\/wp-content\/plugins\/knxdt-bookmarks-wordpress-plugin\/images\/email.png'  alt='' class='book_img' border='none' style='margin:1px; padding: 0;'  \/><\/a><\/span><span style='font-weight:bold; padding-left: 5px;'><a href='http:\/\/wordpress.org\/extend\/plugins\/knxdt-bookmarks-wordpress-plugin\/' title='Plugin' rel='nofollow' target='_blank'>[?]<\/a><\/span><\/td><\/tr><\/table><br\/><br\/><\/div>","protected":false},"excerpt":{"rendered":"<p>\u00a0\u00a0\u00a0\u00a0\u00a0\u00a0\u00a0\u00a0\u00a0\u00a0\u00a0\u00a0\u00a0\u00a0\u00a0\u00a0\u00a0\u00a0\u00a0\u00a0\u00a0\u00a0 Cient\u00edficos consiguen congelar la luz y hacerla s\u00f3lida. Al menos as\u00ed ha sido publicado en distintos medios Los fotones, las part\u00edculas de las que est\u00e1 hecha la luz, no se comportan como muchas otras part\u00edculas porque no tienen masa. Esto hace que no interaccionen entre ellas y por tanto no se unan unas a [&hellip;]<\/p>\n","protected":false},"author":2,"featured_media":0,"comment_status":"open","ping_status":"open","sticky":false,"template":"","format":"standard","meta":{"_s2mail":"yes","footnotes":""},"categories":[370],"tags":[],"_links":{"self":[{"href":"https:\/\/www.emiliosilveravazquez.com\/blog\/wp-json\/wp\/v2\/posts\/12661"}],"collection":[{"href":"https:\/\/www.emiliosilveravazquez.com\/blog\/wp-json\/wp\/v2\/posts"}],"about":[{"href":"https:\/\/www.emiliosilveravazquez.com\/blog\/wp-json\/wp\/v2\/types\/post"}],"author":[{"embeddable":true,"href":"https:\/\/www.emiliosilveravazquez.com\/blog\/wp-json\/wp\/v2\/users\/2"}],"replies":[{"embeddable":true,"href":"https:\/\/www.emiliosilveravazquez.com\/blog\/wp-json\/wp\/v2\/comments?post=12661"}],"version-history":[{"count":0,"href":"https:\/\/www.emiliosilveravazquez.com\/blog\/wp-json\/wp\/v2\/posts\/12661\/revisions"}],"wp:attachment":[{"href":"https:\/\/www.emiliosilveravazquez.com\/blog\/wp-json\/wp\/v2\/media?parent=12661"}],"wp:term":[{"taxonomy":"category","embeddable":true,"href":"https:\/\/www.emiliosilveravazquez.com\/blog\/wp-json\/wp\/v2\/categories?post=12661"},{"taxonomy":"post_tag","embeddable":true,"href":"https:\/\/www.emiliosilveravazquez.com\/blog\/wp-json\/wp\/v2\/tags?post=12661"}],"curies":[{"name":"wp","href":"https:\/\/api.w.org\/{rel}","templated":true}]}}