{"id":12657,"date":"2015-07-20T06:22:43","date_gmt":"2015-07-20T05:22:43","guid":{"rendered":"http:\/\/www.emiliosilveravazquez.com\/blog\/?p=12657"},"modified":"2015-07-20T06:22:43","modified_gmt":"2015-07-20T05:22:43","slug":"%c2%a1naturaleza-la-sierra-de-huelva-3","status":"publish","type":"post","link":"https:\/\/www.emiliosilveravazquez.com\/blog\/2015\/07\/20\/%c2%a1naturaleza-la-sierra-de-huelva-3\/","title":{"rendered":"\u00a1Naturaleza! La Sierra de Huelva"},"content":{"rendered":"<div>\n<h2 style=\"text-align: justify;\">\u00a0 <a href=\"http:\/\/www.emiliosilveravazquez.com\/blog\/2014\/05\/03\/%c2%bfque-nos-dira-la-fisica-y%e2%80%a6-%c2%bfque-el-universo-en-2-014\/\" rel=\"prev\">\u00bfQu\u00e9 nos dir\u00e1 la F\u00edsica, y\u2026 Qu\u00e9 el Universo, En 2.016?<\/a><\/h2>\n<\/div>\n<div style=\"text-align: justify;\">\n<div><a href=\"http:\/\/www.emiliosilveravazquez.com\/blog\/2014\/05\/04\/10911\/\" rel=\"next\">Entrada siguiente<\/a><\/div>\n<\/div>\n<h3><\/h3>\n<p>&nbsp;<\/p>\n<div>\n<p style=\"text-align: justify;\"><em><\/em>El inter\u00e9s ecol\u00f3gico y de Naturaleza virgen de la Sierra de Huelva, me aconsejan que de nuevo, exhiba aqu\u00ed el trabajo que pusimos hace alg\u00fan tiempo para que, a partir de \u00e9l, todos los visitantes gocen de un bienestar interior al transportarse a estos lugares con la imaginaci\u00f3n infinita que poseemos.<\/p>\n<div>\n<p id=\"attachment_1317\" style=\"text-align: justify;\"><img decoding=\"async\" loading=\"lazy\" id=\"irc_mi\" src=\"http:\/\/www.andalucia.org\/media\/fotos\/image_179598_jpeg_800x600_q85.jpg\" alt=\"\" width=\"524\" height=\"393\" \/><\/p>\n<p style=\"text-align: justify;\">Esta peque\u00f1a Plaza en honor\u00a0 del Marqu\u00e9s de Aracena, est\u00e1 situada en el centro de la Villa, por aqu\u00ed deambula la mayor parte de la poblaci\u00f3n en busca de sus deberes, para hacer compras en los bazares del lugar, o, simplemente para tomar un caf\u00e9 con unos dulces de la Confiter\u00eda de Rufino.<\/p>\n<p style=\"text-align: justify;\"><strong><img decoding=\"async\" loading=\"lazy\" title=\"La Sierra de Aracena centra la atenci\u00f3n estos d\u00edas por el Congreso del Jam\u00f3n\" src=\"http:\/\/canales.opinionmalaga.com\/turismo\/wp-content\/uploads\/2009\/05\/aracena-huelva-espana.jpg\" alt=\"La Sierra de Aracena centra la atenci\u00f3n estos d\u00edas por el Congreso del Jam\u00f3n\" width=\"540\" height=\"405\" \/><\/strong><\/p>\n<p style=\"text-align: justify;\"><strong>En el monte m\u00e1s alto, se yergue, majestuoso el Castillo de Aracena y su Iglesia del siglo XIV<br \/>\n<\/strong><\/p>\n<p style=\"text-align: justify;\"><img decoding=\"async\" title=\"M\u00e1s...\" src=\"http:\/\/www.emiliosilveravazquez.com\/blog\/wp-includes\/js\/tinymce\/plugins\/wordpress\/img\/trans.gif\" alt=\"\" \/><\/p>\n<p style=\"text-align: justify;\">No pocas veces, cogiendo el coche me he\u00a0 dirijido hacia la Sierra de Huelva, casi siempre termino en la Sierra de Aracena que se encuentra en el extremo suroccidental de Sierra Morena. Es una zona de media monta\u00f1a, con un relieve relativamente accidentado y con pendientes variables aunque en general solo moderadamente abruptas. Est\u00e1 formada por numerosas sierras y valles, algunos de estos bastante encajados. Su altitud no es mucha, oscila entre los 400 y los 962 metros en la cumbre de la Sierra del Casta\u00f1o que los lugare\u00f1os llaman \u201cLos Riscos Altos\u201d. Por estos parajes, sobre todo cuando los chicos eran peque\u00f1os, sol\u00eda ir a pasearlos y que respiraran aire puro en la regi\u00f3n denominada Parque Natural Sierra de Aracenay Picos de Aroche.<\/p>\n<p style=\"text-align: justify;\"><img decoding=\"async\" loading=\"lazy\" title=\"Aracena\" src=\"http:\/\/farm2.static.flickr.com\/1363\/1291527954_48cfec3290.jpg\" alt=\"Aracena\" width=\"400\" height=\"274\" \/><\/p>\n<p style=\"text-align: justify;\"><em>Muchos son los pueblecitos peque\u00f1os como el que arriba vemos, cuyas peque\u00f1as casas, encaladas y blancas, repelen los rayos del Sol que, en Andaluc\u00eda est\u00e1n presentes durante muchas horas al a\u00f1o. En cualquiera de estos lugares, podemos disfrutar de manera sencilla de naturaleza y buena acogida de los lugare\u00f1os, gente sencilla y amable.<\/em><\/p>\n<p style=\"text-align: justify;\"><em><br \/>\n<\/em><\/p>\n<p style=\"text-align: justify;\"><strong>Ubicaci\u00f3n:<\/strong><\/p>\n<p style=\"text-align: justify;\">En la provincia de Huelva, al noroeste de Sevilla y cerca de la frontera de Espa\u00f1a con Portugal, se encuentra la Sierra de Aracena, sin duda, una de las regiones de monta\u00f1a m\u00e1s bellas y v\u00edrgenes de Espa\u00f1a. Pueblos blancos y peque\u00f1as Aldeas donde poder pasar los fines de semana en contacto directo con la naturaleza recorriendo senderos por bosques de robles y pinos con matorrales como la jara y el romero ofreci\u00e9ndote sus aromas.<\/p>\n<p style=\"text-align: justify;\">\u00a0<img decoding=\"async\" loading=\"lazy\" src=\"http:\/\/www.sixtblog.es\/wp-content\/uploads\/2012\/11\/gruta-de-las-maravillas-en-huelva1.jpg\" alt=\"\" width=\"365\" height=\"244\" \/><img decoding=\"async\" loading=\"lazy\" src=\"http:\/\/www.stephenokin.com\/wp-content\/uploads\/2013\/05\/La-Gruta-1.jpg\" alt=\"\" width=\"365\" height=\"243\" \/><img decoding=\"async\" loading=\"lazy\" src=\"http:\/\/cloud2.todocoleccion.net\/postales-huelva\/tc\/2012\/06\/25\/32292192.jpg\" alt=\"\" width=\"365\" height=\"251\" \/><img decoding=\"async\" loading=\"lazy\" src=\"http:\/\/www.turisbox.com\/wp-content\/uploads\/2014\/02\/Gruta-de-las-Maravillas-Aracena-Gran-Salon.jpg\" alt=\"\" width=\"365\" height=\"243\" \/><img decoding=\"async\" loading=\"lazy\" src=\"http:\/\/www.patxiuriz.com\/d\/2645-1\/04_Gruta_de_las_Maravillas__Aracena.jpg\" alt=\"\" width=\"365\" height=\"244\" \/><img decoding=\"async\" loading=\"lazy\" src=\"http:\/\/blogs.elpais.com\/.a\/6a00d8341bfb1653ef017ee9fd2d0a970d-450wi\" alt=\"\" width=\"365\" height=\"245\" \/><\/p>\n<p style=\"text-align: justify;\">Uno de los encantos del lugar, en Aracena y debajio del Castillo, se encuentran las famosas Grutas de las Maravillas, lugar visitado por miles de visitantes durante todo el a\u00f1o. Recuerdo que all\u00ed se rod\u00f3 una pel\u00edcula en la que se narraban los trabajos de H\u00f1ercules, La he visitado con los chicos y, desde luego, la Naturaleza tiene una arquitectura impresionante.<\/p>\n<p style=\"text-align: justify;\">Las Grutas de Las Maravillas es un tesoro de la naturaleza. Merece la pena que la visiteis si venis por aqu\u00ed. Aqu\u00ed se rodaron algunas pel\u00edculas como Viaje al Centro de la Tierra, o, los trabajos de H\u00e9rcules. El recorrido por la Gruta, es inovidable por los rincones encantados que admirar al contemplar la obra de la Naturaleza.<\/p>\n<p style=\"text-align: justify;\"><img decoding=\"async\" src=\"http:\/\/fotos.panageos.com\/las-chinas_3169\/g\/a\/l\/galaroza-en-sierra-de-aracena_187507.jpg\" alt=\"http:\/\/fotos.panageos.com\/las-chinas_3169\/g\/a\/l\/galaroza-en-sierra-de-aracena_187507.jpg\" \/><\/p>\n<p style=\"text-align: justify;\">Espl\u00e9ndida vista de Galaroza en\u00a0 la Sierra de Huelva el Monte de San Crist\u00f3bal, el punto m\u00e1s alto de la provincia. Ah\u00ed pod\u00e9is visitar su antigua Iglesia y, si es la hora, degustar ricos manjares de la Sierra en Los Arcos, un restaurante familiar de buena comida casera y un ambiente distentido y c\u00f3modo.<\/p>\n<p style=\"text-align: justify;\"><img decoding=\"async\" loading=\"lazy\" src=\"http:\/\/www.aracenaysierra.es\/album\/fotos2\/vistaaracena1.JPG\" alt=\"Panor\u00e1mica de Aracena, en la sierra de Huelva\" width=\"550\" height=\"243\" \/><\/p>\n<p style=\"text-align: justify;\">En las cumbres de los muchos montes del lugar, se pueden vislumbrar los pueblicitos blancos de la zona<\/p>\n<p style=\"text-align: justify;\">\u00a0Todo conglomerado tiene como principales sierras, de este a oeste, las siguientes:<\/p>\n<ul style=\"text-align: justify;\">\n<li>La Sierra de Santa B\u00e1rbara, pr\u00f3xima a Higuera de la Sierra, con altitud m\u00e1xima en Santa B\u00e1rbara de 842 m.<\/li>\n<li>La Sierra de San Gin\u00e9s, al oeste de Aracena (869 m).<\/li>\n<li>La Sierra de la Virgen, pr\u00f3xima a Alajar y Linares de la Sierra, y en la que se encuentra la impresionante Pe\u00f1a de Arias Montano, un saliente calizo que se yergue casi vertical sobre el pueblo de Alajar, y que en su m\u00e1s alta alcanza los 901 metros.<\/li>\n<li>Tambi\u00e9n destaca la Sierra de Linares, con la Era (902 m) y un destacado espol\u00f3n o contrafuerte, al que la carretera rodea en parte, situado sobre Linares de la Sierra.<\/li>\n<li>La Sierra del Casta\u00f1o, pr\u00f3xima a Casta\u00f1o de Robledo, en la que se encuentra la m\u00e1xima altitud de la Sierra de Aracena (962 m).<\/li>\n<\/ul>\n<p>&nbsp;<\/p>\n<p>&nbsp;<\/p>\n<p style=\"text-align: justify;\" align=\"center\"><img decoding=\"async\" loading=\"lazy\" id=\"irc_mi\" src=\"https:\/\/pascualparicio.files.wordpress.com\/2009\/05\/p5300077.jpg\" alt=\"\" width=\"524\" height=\"393\" \/><\/p>\n<p style=\"text-align: justify;\">\u00a0\u00a0\u00a0\u00a0\u00a0\u00a0\u00a0\u00a0\u00a0\u00a0\u00a0\u00a0\u00a0 Pasando el regajo camino de la Aldea en busca de un merecido descanso<\/p>\n<p style=\"text-align: justify;\">En cada cumbre hay un Bosque de Roble melojo, peque\u00f1o posiblemente el mayor de la Sierra de Aracena, de esta especie arb\u00f3rea que anta\u00f1o debi\u00f3 ser mucho m\u00e1s abundante en la zona.<\/p>\n<p style=\"text-align: justify;\"><img decoding=\"async\" loading=\"lazy\" id=\"irc_mi\" src=\"http:\/\/gallery.photo.net\/photo\/4044825-md.jpg\" alt=\"\" width=\"597\" height=\"393\" \/><\/p>\n<p style=\"text-align: justify;\">Arroyos abundantes que corren rumorosos<\/p>\n<ul style=\"text-align: justify;\">\n<li>La Sierra de los Palos Altos (aproximadamente 840 m de altitud), pr\u00f3xima a la Aldea de Agua Fr\u00eda.<\/li>\n<li>El Cerro de San Crist\u00f3bal, pr\u00f3ximo a Almonaster la Real. Destaca m\u00e1s en el paisaje por estar aislado y rodeado de zonas m\u00e1s bajas (el Valle del R\u00edo Caliente.<\/li>\n<\/ul>\n<p style=\"text-align: justify;\"><img decoding=\"async\" loading=\"lazy\" id=\"irc_mi\" src=\"http:\/\/i1.trekearth.com\/photos\/88188\/vista_sobre_almonaster.jpg\" alt=\"\" width=\"524\" height=\"393\" \/><\/p>\n<p style=\"text-align: justify;\"><strong>\u00a0\u00a0\u00a0\u00a0\u00a0\u00a0\u00a0\u00a0\u00a0\u00a0\u00a0\u00a0\u00a0\u00a0 Almonaster la Real con su vieja Mezquita<br \/>\n<\/strong><\/p>\n<p style=\"text-align: justify;\"><strong><br \/>\n<\/strong><\/p>\n<p style=\"text-align: justify;\"><img decoding=\"async\" loading=\"lazy\" src=\"http:\/\/fotos.panageos.com\/almonaster-la-real_3169\/s\/i\/e\/sierra-de-aracena-almonaster-la-real-mezquita_188997.jpg\" alt=\"Foto de Sierra de Aracena - Almonaster La Real - Mezquita (Almonaster la Real, Provincia de Huelva - Andaluc\u00eda)\" width=\"567\" height=\"426\" \/><\/p>\n<p style=\"text-align: justify;\">\u00a0\u00a0\u00a0\u00a0\u00a0\u00a0\u00a0\u00a0\u00a0\u00a0\u00a0\u00a0\u00a0\u00a0\u00a0\u00a0\u00a0\u00a0\u00a0\u00a0\u00a0\u00a0\u00a0\u00a0\u00a0\u00a0\u00a0\u00a0\u00a0\u00a0\u00a0\u00a0\u00a0\u00a0\u00a0\u00a0\u00a0\u00a0\u00a0\u00a0\u00a0\u00a0\u00a0\u00a0\u00a0\u00a0\u00a0\u00a0\u00a0\u00a0 La Mezquita en Almonaster la Real<\/p>\n<p style=\"text-align: justify;\">Toda esta sierra es una zona ideal el descanso, los paseos por el campo y por supuesto la buena mesa. Hay muchas con mucho encanto a precios bastante razonables.<strong> En casas rurales de muy alta gastronom\u00eda natural<\/strong> que en la sierra est\u00e1 basada en productos del cerdo ib\u00e9rico, jam\u00f3n, lomo, chorizo, morcillas, salchich\u00f3n, pat\u00e9 de h\u00edgado, la sabros\u00edsima presa y el secreto, cocinado a la plancha o guisado con recetas que se pierden en la memoria de los tiempos.<\/p>\n<p style=\"text-align: justify;\">\u00a0<img decoding=\"async\" loading=\"lazy\" src=\"http:\/\/www.andalucia.org\/media\/fotos\/image_179623_jpeg_800x600_q85.jpg\" alt=\"\" width=\"365\" height=\"365\" \/><img decoding=\"async\" loading=\"lazy\" src=\"http:\/\/1.bp.blogspot.com\/-zOqljMmEfwk\/VQfrIKbDRgI\/AAAAAAAADnc\/bGsvjBnpPR0\/s1600\/DSC_0161-001.JPG\" alt=\"\" width=\"365\" height=\"242\" \/><\/p>\n<p style=\"text-align: justify;\">Las Callejuelas t\u00edpicas del lugar<\/p>\n<p style=\"text-align: justify;\">El Cerro de Santa B\u00e1rbara (814 m) pr\u00f3ximo a Cortegana. A partir de aqu\u00ed, el espinazo de la Sierra de Aracena se divide en dos ramales (que en quedan fuera de la zona que he llamado \u201cSierra de Aracena\u201d)<\/p>\n<p style=\"text-align: justify;\">\u00a0<img decoding=\"async\" loading=\"lazy\" src=\"http:\/\/2.bp.blogspot.com\/_cYeuTPHPJ20\/TA-JEUiviXI\/AAAAAAAABVc\/Fhchx_DlBvs\/s320\/0036.jpg\" alt=\"\" width=\"320\" height=\"240\" \/><\/p>\n<p style=\"text-align: justify;\">Galaroza, otro lindo pueblecito donde comprar casta\u00f1as, peros y bellotas. De la gastronom\u00eda que puedo decir\u2026de lo mejor y muy barato toda la regi\u00f3n \u2026 Paseando por la Huerta de San Lorenzo se pasa una ma\u00f1ana estupenda conviviendo con la Naturaleza lejos de los humos de la ciudad.<\/p>\n<p style=\"text-align: justify;\"><img decoding=\"async\" loading=\"lazy\" id=\"irc_mi\" src=\"http:\/\/3.bp.blogspot.com\/-7K9esBc_o8U\/UXxGxoDnwQI\/AAAAAAAAAco\/EeWSDJ85EXg\/s1600\/27042013+Galaroza+4.jpg\" alt=\"\" width=\"699\" height=\"393\" \/><\/p>\n<p style=\"text-align: justify;\">Los visitantes aprovechan para recorrer lugares como este y estar m\u00e1s cerca de la naturaleza entre olores salvajes y trinos que est\u00e1n\u00a0 acompa\u00f1ados (casi siempre) por el discurrir del agua cantarina de los rehajos).<\/p>\n<p style=\"text-align: justify;\">Senderos como que te llevan de una poblacio\u00f3n a otra y te da la posibilidad de disfrutar por el camino de una Naturaleza virgen, de arroyos cantarines, floresta mediterr\u00e1nea y un sin fin de setas y animalillos t\u00edpicos de la zona. El microclima de la Sierra de Huelva hace que, sus habitantes, alcancen edades que rondan los 100 a\u00f1os de vida.<\/p>\n<p style=\"text-align: justify;\"><img decoding=\"async\" loading=\"lazy\" src=\"http:\/\/1.bp.blogspot.com\/_7PYpPgTrtAs\/SW4pePJYZuI\/AAAAAAAAA9o\/GQY6ms86y60\/s1600\/primavera+red.jpg\" alt=\"[primavera+red.jpg]\" width=\"638\" height=\"478\" border=\"0\" \/><\/p>\n<p style=\"text-align: justify;\"><img decoding=\"async\" loading=\"lazy\" src=\"http:\/\/1.bp.blogspot.com\/_7PYpPgTrtAs\/SW4sFQUXkeI\/AAAAAAAAA-I\/acbFjmaMim8\/s1600\/Erizos+%283%29+red.jpg\" alt=\"[Erizos+(3)+red.jpg]\" width=\"638\" height=\"478\" border=\"0\" \/><\/p>\n<p style=\"text-align: justify;\">\u00a0\u00a0\u00a0\u00a0\u00a0\u00a0\u00a0\u00a0\u00a0\u00a0\u00a0\u00a0\u00a0\u00a0\u00a0\u00a0\u00a0\u00a0 Las casta\u00f1as de Fuenteherido que se llevan a Francia para fabricar el marr\u00f3n glas\u00e9<\/p>\n<p style=\"text-align: justify;\"><img decoding=\"async\" loading=\"lazy\" id=\"irc_mi\" src=\"http:\/\/www.eljamondebellota.com\/images\/Cerdos%20en%20la%20montanera.jpg\" alt=\"\" width=\"600\" height=\"393\" \/><\/p>\n<p style=\"text-align: justify;\" align=\"center\">El ganado porcino constituye la principal fuente de riqueza de los 31 municipios que componen la sierra de Aracena y, su conocido Jam\u00f3n 5 J, es la delicia que en todo el mundo ha tenido una acogida sin igual, es una delicia el paladar, una fuente de alimento de alto valor nutritivo. \u00a1El Jam\u00f3n de Huelva! Las Setas y la Cocina serrana\u2026para los privilegiados que pasen por el lugar.<\/p>\n<p style=\"text-align: justify;\" align=\"center\"><img decoding=\"async\" loading=\"lazy\" id=\"irc_mi\" src=\"http:\/\/sevilla.abc.es\/Media\/201310\/04\/castanos-sierra-aracena%20%281%29--644x362.jpg\" alt=\"\" width=\"644\" height=\"362\" \/><\/p>\n<p style=\"text-align: justify;\" align=\"center\">\u00a0\u00a0\u00a0\u00a0\u00a0\u00a0\u00a0\u00a0\u00a0\u00a0\u00a0\u00a0\u00a0\u00a0\u00a0\u00a0\u00a0\u00a0\u00a0\u00a0\u00a0\u00a0\u00a0\u00a0\u00a0\u00a0\u00a0\u00a0\u00a0\u00a0\u00a0\u00a0\u00a0\u00a0\u00a0\u00a0\u00a0\u00a0\u00a0\u00a0\u00a0\u00a0\u00a0\u00a0\u00a0\u00a0\u00a0\u00a0\u00a0\u00a0\u00a0\u00a0\u00a0\u00a0\u00a0\u00a0\u00a0\u00a0\u00a0\u00a0\u00a0\u00a0\u00a0\u00a0\u00a0\u00a0\u00a0\u00a0\u00a0\u00a0\u00a0\u00a0\u00a0\u00a0 Los Marines \u2013 Fuenteheridos<\/p>\n<p style=\"text-align: justify;\">Las umbr\u00edas y las solanas se disputan ferozmente la gran riqueza arb\u00f3rea del parque. Los alcornoques reinan en las primeras, las encinas en las segundas. Aline\u00e1ndose en bando se encuentran casta\u00f1os, olivos centenarios, robles, quejigas y alisos. Buitres negros o leonados, \u00e1guilas reales, garzas y cig\u00fce\u00f1as negras y blancas surcan sus cielos. El lince, el gato mont\u00e9s, el tej\u00f3n, la comadreja y la nutria habitan las dehesas. De inter\u00e9s cineg\u00e9tico son el jabal\u00ed, el ciervo, la liebre, la perdiz o la t\u00f3rtola.<\/p>\n<p style=\"text-align: justify;\" align=\"center\"><img decoding=\"async\" loading=\"lazy\" id=\"irc_mi\" src=\"http:\/\/p1.pkcdn.com\/montonera-de-cerdos-ibericos_185308.jpg\" alt=\"\" width=\"563\" height=\"393\" \/><\/p>\n<p style=\"text-align: justify;\">La presencia del cerdo ib\u00e9rico asegur\u00f3 la conservaci\u00f3n del antiguo bosque de querineas, que constituye uno de los h\u00e1bitats naturales m\u00e1s importantes del continente. Por eso, este animal ha tenido, y tiene, una gran importancia ecol\u00f3gica. La zona constituy\u00f3 un importante asentamiento humano la Edad del Cobre. En la \u00e9poca medieval fue frontera, primero con los reinos moros de Andaluc\u00eda y, posteriormente, con el reino de Portugal. Esto dio origen a una amplia estructura militar, con una extendida red de fortalezas. A lo que hay que unir una prolija arquitectura religiosa.<\/p>\n<p style=\"text-align: justify;\" align=\"center\"><img decoding=\"async\" loading=\"lazy\" id=\"irc_mi\" src=\"http:\/\/www.molinorioalajar.com\/newphoto\/vacacionessenderismo\/vacacionesysenderismo_007.jpg\" alt=\"\" width=\"600\" height=\"250\" \/><\/p>\n<p style=\"text-align: justify;\" align=\"center\">Esta \u00e9poca del a\u00f1o es ideal recorrer la sierra. El bosque presenta sus colores m\u00e1s rec\u00f3nditos: amarillos, ocres, verdes y rojos. El suelo regala multitud de setas. Al aire limpio se unen colores vivos y olores. Los alcornoques y encinas aparecen &#8220;despekkejados&#8221; le han quitado el corcho para utilizarlo de mil maneras.<\/p>\n<p style=\"text-align: justify;\" align=\"center\"><img decoding=\"async\" loading=\"lazy\" id=\"irc_mi\" src=\"http:\/\/turismosierradearacena.com\/wp-content\/uploads\/\/2012\/10\/7fa34cac9abb32b03559c460a0102f03.jpg\" alt=\"\" width=\"590\" height=\"393\" \/><\/p>\n<p style=\"text-align: justify;\" align=\"center\">\u00a0 \u00a0 \u00a0 \u00a0 \u00a0 \u00a0 \u00a0 \u00a0 \u00a0 \u00a0 \u00a0 \u00a0 \u00a0 \u00a0 \u00a0 \u00a0 \u00a0 \u00a0 \u00a0 \u00a0 \u00a0 \u00a0 \u00a0 \u00a0 \u00a0\u00a0 Se acerca la noche el cuerpo nos pide el descanso<\/p>\n<p style=\"text-align: justify;\">El coraz\u00f3n del Parque es Aracena, poblaci\u00f3n muy bien urbanizada y en la que sobresale el empedrado de sus calles, que no es uniforme. El Pueblo est\u00e1 presidido por el cerro del castillo, sobre el que se alza la iglesia Prioral.<\/p>\n<p style=\"text-align: justify;\">En las entra\u00f1as del cerro, un milagro de la naturaleza. M\u00e1s de 1.000 metros de simas, pasadizos, lagos, estalactitas y estalagmitas conforman una de las grutas m\u00e1s excitantes que existen. Es la bien llamada Gruta de las Maravillas (las im\u00e1genes est\u00e1n m\u00e1s arriba). Su visita dura unos 45 . A la entrada se encuentra un interesante museo geol\u00f3gico-minero.<\/p>\n<p style=\"text-align: justify;\"><img decoding=\"async\" loading=\"lazy\" id=\"irc_mi\" src=\"http:\/\/farodelsur.com\/testnw\/wp-content\/uploads\/2014\/03\/IMG_27782_Small.jpg\" alt=\"\" width=\"509\" height=\"393\" \/><\/p>\n<p style=\"text-align: justify;\">Las rutas y senderos unen las poblaciones de Linares de la Sierra y Galaroza, famosa por sus ricas manzanas. Es curioso como, m\u00e1s de dos mil a\u00f1os despu\u00e9s, por la regi\u00f3n nos podemos encontrar, de vez en cuando, calzadas romanas y puentes de aquellos tiempos.<\/p>\n<p style=\"text-align: justify;\">\u00a0<img decoding=\"async\" loading=\"lazy\" src=\"http:\/\/www.fedamon.com\/senderos\/grs\/fotos\/gr48\/huelva2.jpg\" alt=\"\" width=\"350\" height=\"262\" \/><img decoding=\"async\" loading=\"lazy\" src=\"http:\/\/www.portaldetuciudad.com\/imagenes\/14\/infoTipo\/imgcontenido144023.jpg\" alt=\"\" width=\"365\" height=\"265\" \/><\/p>\n<p style=\"text-align: justify;\"><img decoding=\"async\" loading=\"lazy\" src=\"http:\/\/www.trapicheando.com\/php\/uploads\/38781Puente_Sillo.1.jpg\" alt=\"\" width=\"365\" height=\"274\" \/><\/p>\n<p style=\"text-align: justify;\">En cualquier lugar podr\u00e1s extasiarte con las vistas que la Naturaleza te ofrece<\/p>\n<p style=\"text-align: justify;\">Emocionado por los paisajes, olvid\u00e9 determe un en la Geolog\u00eda del lugar: Rocas muy antiguas, de la Era Primaria e incluso del Prec\u00e1mbrico. Fundamentalmente rocas sedimentarias o metam\u00f3rficas, como calizas, esquistos, grauvacas, cuarcitas y pizarras, pero tambi\u00e9n afloramientos de rocas plut\u00f3nicas \u00e1cidas (granitos\u2026) y rocas volc\u00e1nicas.<\/p>\n<p style=\"text-align: justify;\">El espinazo de la Sierra est\u00e1 formado fundamentalmente por rocas calizas, a las que debe su mayor altitud y pendientes, ya que las calizas originan paisajes escarpados y abruptos, que en la Sierra de Aracena tienen sus mejores exponentes en La Pe\u00f1a de Arias Montano. En la Zona caliza existen as\u00edmimso varias cuevas y grutas, las que destaca la bell\u00edsima \u201cGruta de las Maravillas\u201d. Los suelos son pardos y rojos mediterr\u00e1neos (sobre materiales calizos).<\/p>\n<p style=\"text-align: justify;\"><img decoding=\"async\" loading=\"lazy\" title=\"aracena_alajar_puertas\" src=\"http:\/\/www.viajesconmitia.com\/wp-content\/uploads\/2009\/12\/aracena_alajar_puertas.jpg\" alt=\"aracena_alajar_puertas\" width=\"500\" height=\"380\" \/><\/p>\n<p style=\"text-align: justify;\">\u00a0\u00a0\u00a0\u00a0\u00a0\u00a0\u00a0\u00a0\u00a0\u00a0\u00a0\u00a0\u00a0\u00a0\u00a0\u00a0\u00a0\u00a0\u00a0\u00a0\u00a0\u00a0\u00a0\u00a0\u00a0\u00a0\u00a0\u00a0\u00a0\u00a0\u00a0\u00a0\u00a0\u00a0 Foto: Alfonso D\u00edaz de la Pe\u00f1a Arias Montano<\/p>\n<p style=\"text-align: justify;\">\u201cLos antiguos cre\u00edan que el cielo tenia muchas \u201cpuertas\u201d, pero sobre todo dos principales: una al norte, y la otra al sur. Ambas \u201cpuertas\u201d serv\u00edan como limite al sol durante su curso al llegar a los Tr\u00f3picos de Capricornio o de C\u00e1ncer. La celebraci\u00f3n del solsticio de invierno tiene su origen en oriente, cuyos habitantes la llegada del astro rey a la \u201cpuerta del cielo\u201d era se\u00f1al de tocar a su t\u00e9rmino la mala estaci\u00f3n, las largas noches y las tinieblas.\u201d<\/p>\n<p style=\"text-align: justify;\">\u201cLos antiguos romanos consagraban las fechas de los solsticios al dios Janus, el de las dos caras que simbolizaban el pasado y el porvenir. Se dice que la palabra Janus deriva del lat\u00edn \u201cJauna\u201d, que significa \u201cPuerta de entrada\u201d.<\/p>\n<p style=\"text-align: justify;\">A especial\u00edsimo enclave cercano al pueblo de Al\u00e1jar, cuya visita recomendamos vivamente, acudi\u00f3 el erudito renacentista Benito Arias Montano que lo eligi\u00f3 como retiro.<\/p>\n<p style=\"text-align: justify;\"><a href=\"http:\/\/esphoto980x880.mnstatic.com\/alajardesde-la-pena-arias-montano_411909.jpg\"><img decoding=\"async\" loading=\"lazy\" id=\"bigPhotoImg\" src=\"http:\/\/esphoto980x880.mnstatic.com\/alajardesde-la-pena-arias-montano_411909.jpg\" alt=\"Alajar desde la Pe\u00f1a Arias Montano Huelva 411909\" width=\"686\" height=\"442\" \/><\/a><\/p>\n<p style=\"text-align: justify;\">\u00a0 \u00a0 \u00a0 \u00a0 \u00a0 \u00a0 \u00a0 \u00a0 \u00a0 \u00a0 \u00a0 \u00a0 \u00a0 \u00a0 \u00a0 \u00a0 \u00a0\u00a0\u00a0\u00a0\u00a0\u00a0\u00a0\u00a0\u00a0\u00a0\u00a0\u00a0\u00a0\u00a0\u00a0\u00a0\u00a0 El pueblecito de Alajar visto lo alto de la Pe\u00f1a Arias Montano<\/p>\n<p style=\"text-align: justify;\">El Clima de toda esta regi\u00f3n es mediterr\u00e1neo continental templado. Con precipitaciones abundantes (1.100 mm anuales de media) y una temperatura media algo fresca (14-15\u00ba C). Hay una estaci\u00f3n seca de Julio a Septiembre y las m\u00e1ximas precipitaciones se producen de Octubre a marzo, sobre todo, en Diciembre y enero. Hay un per\u00edodo de heladas de tres y seis meses. Las nevadas son poco frecuentes.<\/p>\n<p style=\"text-align: justify;\"><img decoding=\"async\" loading=\"lazy\" id=\"irc_mi\" src=\"http:\/\/www.turismoresponsable.es\/uploads\/Iglesia%20parroquial%20de%20Almonaster.JPG\" alt=\"\" width=\"591\" height=\"393\" \/><\/p>\n<h3 style=\"text-align: justify;\">\u00a0\u00a0\u00a0\u00a0\u00a0\u00a0\u00a0\u00a0\u00a0\u00a0\u00a0\u00a0\u00a0\u00a0\u00a0\u00a0\u00a0\u00a0\u00a0 Pueblecitos como este jalonan toda la Sierra de Huelva<\/h3>\n<p style=\"text-align: justify;\">Nada os he contado de la Hidrograf\u00eda de la Sierra de Aracena que es divisoria de Aguas entre las Cuencas del Guadiana, Guadalquivir y Odiel. El accidentado relieve de la Zona, al recibir numerosas lluvias durante buena del a\u00f1o, origina el nacimiento de una considerable red de barrancos, arroyos y riveras, en general de poca entidad pero que, hermosean el paisaje aunque algunos, se secan durante el verano.<\/p>\n<p style=\"text-align: justify;\">S\u00f3lo dos r\u00edos de una cierta entidad (el r\u00edo M\u00fartigas y su afluente el r\u00edo Caliente) discurren por el interior de la Sierra de Aracena, aunque otros tres r\u00edos importantes de la Provincia tienen su nacimiento en ella, discurriendo por la misma en sus comienzos, comom arroyos, son el R\u00edo Odiel, la Rivera del Chanza y la Rivera de Huelva (Rivera de las Huebras). Sin olvidar el r\u00edo Tinto que anda por all\u00ed.<\/p>\n<h3 style=\"text-align: justify;\"><img decoding=\"async\" loading=\"lazy\" id=\"BLOGGER_PHOTO_ID_5209786918330801026\" src=\"http:\/\/1.bp.blogspot.com\/_JgpIfK0-eB8\/SEzhmX6Vm4I\/AAAAAAAAAGI\/XGfy7MVYf90\/s400\/rio-tinto-IV.jpg\" alt=\"\" width=\"400\" height=\"262\" border=\"0\" \/><\/h3>\n<p style=\"text-align: justify;\">El R\u00edo Tinto en sus comienzos y perteneciente a la cuenca atl\u00e1ntica, nace en la Sierra Padre Caro y desemboca en la R\u00eda de Huelva donde confluye con el R\u00edo Odiel<\/p>\n<p style=\"text-align: justify;\">Mucho tiempo y espacio tendr\u00eda que ocupar para dejar aqu\u00ed una rese\u00f1a fiel de todos estos r\u00edos y afluentes de la Sierra de Huelva que desembocan de una u optra manera en el Atrl\u00e1ntico. Sin embargo, no hay tiempo para ello, el est\u00e1 llegando a su final y, ha sido escogido con motivo de haber estado ayaer tarde por casi todos estos lugares para sentirme cerca de la Naturaleza. De vez en cuando, me escapo y aqu\u00ed, encuentro la paz.<\/p>\n<p style=\"text-align: justify;\">No puedo finalizar el trabajo sin dejar una leve menci\u00f3n al lugar donde me atienden de maravilla y donde, s\u00f3lo o con mi familia, me han dado siempre lo mejor de lo mejor. Estoy hablando del <strong>Restaurante Casas<\/strong> del que, por cierto, poco se dec\u00eda esto:<\/p>\n<p style=\"text-align: justify;\"><img decoding=\"async\" loading=\"lazy\" id=\"irc_mi\" src=\"http:\/\/esphoto980x880.mnstatic.com\/restaurante-casas_4406131.jpg\" alt=\"\" width=\"438\" height=\"393\" \/><\/p>\n<blockquote>\n<p style=\"text-align: justify;\">\u201cLa revista brit\u00e1nica Times Guardian ha elegido al jam\u00f3n ib\u00e9rico que se sirve en el restaurante Casas de Aracena (Huelva) \u201cel mejor del mundo\u201d. Resulta cuando menos curioso que haya sido un jurado de paladares brit\u00e1nicos, y no espa\u00f1oles, el encargado de catar jamones por todo el mundo dar con el que, a su juicio, es el summum de los ib\u00e9ricos del planeta.Los cr\u00edticos de Times Guardian comieron \u201cde inc\u00f3gnito\u201d en el restaurante onubense tres veces antes de dar su veredicto. No sabemos qu\u00e9 marcas de jamones ib\u00e9ricos se \u2026 Bueno, yo si lo puedo decir, en el Restaurante Casas solo se sirve el Jam\u00f3n de Bellota, es decir, el mejor del mundo.\u201d<\/p>\n<\/blockquote>\n<p id=\"rg_hn\" style=\"text-align: justify;\"><strong>El RESTAURANTE CASAS<\/strong> DE <strong>ARACENA<\/strong> ha sido elegido <strong>el<\/strong> primer <strong>restaurante<\/strong> <strong>\u2026 Claro que, el secreto est\u00e1 en que\u2026 Como nos aconseja aquel dicho antioguo: \u201d el ojo del Amo engorda el Caballo\u2026\u201d Todo el personal del Restaurante est\u00e1 formado por una familia que viven de \u00e9l, y, como es su vida, as\u00ed lo miman. Sobre todo, por la direcci\u00f3n del padre de familia, profesional hostelero que sabe como cuidar al visitante al que ofrece el mejor Jam\u00f3n del mundo. A \u00e9l le envi\u00f3 desde aqu\u00ed un fuerte abrazo y le agradezco con la deferencia que siempre me suele tratar cuando con mi familia me paso por su caso a degustar sus manjares y, me deja el corral trasero, del que abre la cancela de hierro, para que pueda aparcar.<\/strong><\/p>\n<p style=\"text-align: justify;\"><strong><br \/>\n<\/strong><\/p>\n<p style=\"text-align: justify;\"><img decoding=\"async\" loading=\"lazy\" title=\"UNA PSOTAL DE ARACENA HUELVA RESTAURANTE CASAS N\u00ba 2006\" src=\"http:\/\/pictures.todocoleccion.net\/tc\/2010\/02\/02\/17318983.jpg\" alt=\"UNA PSOTAL DE ARACENA HUELVA RESTAURANTE CASAS N\u00ba 2006 (Postales - Espa\u00f1a - Andaluc\u00eda Moderna (desde 1940) - Huelva)\" width=\"430\" height=\"303\" border=\"0\" \/><\/p>\n<p style=\"text-align: justify;\">\u00a0\u00a0\u00a0\u00a0\u00a0\u00a0\u00a0\u00a0\u00a0\u00a0\u00a0 El lugar es r\u00fastico y sencillo. Ah\u00ed radica su encanto<\/p>\n<p style=\"text-align: justify;\">Bueno, terminar el recorrido sin mencionar uno de los manjares de la Sierra, no ser\u00eda justo ni el reportaje ser\u00eda completo, as\u00ed que dejaremos una peque\u00f1a rese\u00f1a sobre las Setas que, en toda la Regi\u00f3n, son muy abundantes y variadas. Aqu\u00ed destaca una especie que llaman Gurumelo y, revueltas con huevo o puestas con jam\u00f3n y aceite en la planca est\u00e1n&#8230; \u00a1Para com\u00e9rselas!<\/p>\n<p style=\"text-align: justify;\"><img decoding=\"async\" loading=\"lazy\" title=\"Setas en Alajar, en la Sierra de Huelva\" src=\"http:\/\/www.resultados-futbol.com\/setas-alajar-sierra-huelva-rf_293183.jpg\" alt=\"Setas en Alajar, en la Sierra de Huelva\" width=\"627\" height=\"461\" \/><\/p>\n<p style=\"text-align: justify;\">Los hongos son muy variados y abundantes, sus setas abundan, sobre todo en oto\u00f1o, en los bosques y matorrales. En un estudio realizado recientemente en el Cabezo del Pozuelo en Jabugo, se encontraron en un reducido espacio, m\u00e1s de 50, especies diferentes de setas. La especie reina de la Sierra de Aracena, es sin duda la Amanita Caesarea, especie de gran belleza, de color naranja y amarillo, que est\u00e1 considerada la seta comestible m\u00e1s exquisita (su cient\u00edfico significa \u201camanita de los c\u00e9sares\u201d, ya que era uno de los bocados predilectos de los emperadores romanos). Seguir enumerando todas las especies y sus virtudes, necesitar\u00eda todo un libro, as\u00ed que aqu\u00ed lo dejamos.<\/p>\n<p style=\"text-align: justify;\"><img decoding=\"async\" loading=\"lazy\" src=\"http:\/\/mw2.google.com\/mw-panoramio\/photos\/medium\/35441221.jpg\" alt=\"Amaneciendo \" width=\"500\" height=\"377\" border=\"0\" \/><\/p>\n<p style=\"text-align: justify;\">\u00a0\u00a0\u00a0\u00a0\u00a0\u00a0\u00a0\u00a0\u00a0\u00a0\u00a0\u00a0\u00a0\u00a0\u00a0\u00a0\u00a0\u00a0\u00a0\u00a0\u00a0\u00a0\u00a0\u00a0\u00a0\u00a0\u00a0\u00a0\u00a0\u00a0\u00a0\u00a0\u00a0\u00a0\u00a0\u00a0\u00a0\u00a0\u00a0\u00a0\u00a0\u00a0\u00a0\u00a0\u00a0\u00a0\u00a0\u00a0\u00a0\u00a0\u00a0\u00a0\u00a0\u00a0\u00a0\u00a0\u00a0 Amanecer en la Sierra<\/p>\n<p style=\"text-align: justify;\">Habr\u00e1 que mencionar, aunque sea de pasada, algo sobre la Fauna del lugar. Es de una riqueza muy elevada, debido a la cubierta vegetal existente y a la variedad de ecosistemas que alberga la Sierra de Aracena que, por eso, est\u00e1 catalogada como Parque Nacional. Seguro que fue mucho mucho m\u00e1s diverso en el pasado a juzgar por los top\u00f3nimos alusivos a osos, corzos, lobos\u2026que aparecen en los mapas de la zona. El Lobo (Canis Lupus) desapareci\u00f3 hace unos 15 a\u00f1os (yo los pude ver y admirar su belleza deambulando por el entorno natural que, el hombre, poco a poco le quit\u00f3 erradic\u00e1ndolo lejos). De vez en cuando, se les ver por las cercan\u00edas de la Sierra de Aroche. Sin embargo, en la actualidad, los mam\u00edferos de gran porte, est\u00e1n ausentes de la regi\u00f3n, exceptuendo al Ciervo que abunda en la zona de Higuera de la Sierra, Valverde del Camino y alg\u00fan otro lugar.<\/p>\n<p style=\"text-align: justify;\"><img decoding=\"async\" loading=\"lazy\" src=\"http:\/\/es.globedia.com\/imagenes\/noticias\/2011\/6\/20\/lobo-sierra-huelva_2_1_765391.jpg\" alt=\"\" width=\"323\" height=\"215\" \/><\/p>\n<p id=\"rg_ht\" style=\"text-align: justify;\">Los Lobos que el hombre arroj\u00f3 del lugar con su presencia.<\/p>\n<p style=\"text-align: justify;\">Los mam\u00edferos m\u00e1s caracter\u00edsticos son la Gardu\u00f1a, el Tej\u00f3n, el Tur\u00f3n, el Gato Mont\u00e9s, la Comadreja, el \u2026<\/p>\n<p style=\"text-align: justify;\"><img decoding=\"async\" loading=\"lazy\" src=\"http:\/\/m1.11870.com\/multimedia\/imagenes\/monumento-natural-sierra-pela-laguna-somolinos_pxl_3c620d71dc58f7b1ceb75edd46ad086c.jpeg\" alt=\"Imagen ofrecida por Turismo Castilla-La Mancha y 11870.com\" width=\"490\" height=\"328\" \/><\/p>\n<p style=\"text-align: justify;\">Parajes como son los que sobrevuelan las \u00c1guilas Imperiales de la Sierra en busca del sustento. Paraje Natural de Sierra Pelada en la Sierra de Huelva.<\/p>\n<p style=\"text-align: justify;\">El \u00c1guila calzada, el \u00c1gulila culebrera, el Azor, el Buho real, el Pito real, el c\u00e1rabo, el Halc\u00f3n peregrino y el picogordo. hay alguna poblaci\u00f3n del Buitre Negro y la Cig\u00fce\u00f1a Negra que crian en tierras pr\u00f3ximas a la Sierra y cerca de Huelva en las marismas, junto a colonias de zancudas y otras \u00e1nades.<\/p>\n<p style=\"text-align: justify;\">Bueno amigos, creo que el recorrido por la Sierra de Aracena y los picos de Aroche, ha sido, al menos entretenida y, ahora, los que estais lejos de aqu\u00ed, habeis tenido la oportunidad de dar una vuelta conmigo por estos lugares que nos acercan a la Naturaleza. Me despedir\u00e9 con im\u00e1genes de las Minas de Rio Tinto.<\/p>\n<p style=\"text-align: justify;\"><strong><a href=\"http:\/\/jmmlimia.files.wordpress.com\/2009\/06\/minas-de-riotinto.jpg\"><img decoding=\"async\" loading=\"lazy\" src=\"http:\/\/jmmlimia.files.wordpress.com\/2009\/06\/minas-de-riotinto.jpg\" alt=\"http:\/\/jmmlimia.files.wordpress.com\/2009\/06\/minas-de-riotinto.jpg\" width=\"643\" height=\"395\" \/><\/a><\/strong><\/p>\n<p style=\"text-align: justify;\">La famosa Corta Atalaya<\/p>\n<p style=\"text-align: justify;\"><img decoding=\"async\" loading=\"lazy\" src=\"http:\/\/viajardespacio.com\/wp-content\/uploads\/2010\/06\/minas-de-riotinto.jpg\" alt=\"http:\/\/viajardespacio.com\/wp-content\/uploads\/2010\/06\/minas-de-riotinto.jpg\" width=\"618\" height=\"439\" \/><\/p>\n<p style=\"text-align: justify;\">De estos lugares, los esclavos, extrayeron el Oro del Templo de Salom\u00f3n (eso cuentan los antiguos escritos)<\/p>\n<p style=\"text-align: justify;\"><img decoding=\"async\" loading=\"lazy\" title=\"minas-de-rio-tinto\" src=\"http:\/\/www.portaldecasasrurales.com\/wp-content\/uploads\/2011\/04\/minas-de-rio-tinto.jpg\" alt=\"\" width=\"684\" height=\"513\" \/><\/p>\n<p style=\"text-align: justify;\">El Cobre est\u00e1 presente en sus rojos montes<\/p>\n<p style=\"text-align: justify;\"><img decoding=\"async\" loading=\"lazy\" src=\"http:\/\/4.bp.blogspot.com\/_PpFUsC9RGKQ\/S_QMWkffapI\/AAAAAAAAHP0\/OxkpAEgscTU\/s1600\/ta13.jpg\" alt=\"http:\/\/4.bp.blogspot.com\/_PpFUsC9RGKQ\/S_QMWkffapI\/AAAAAAAAHP0\/OxkpAEgscTU\/s1600\/ta13.jpg\" width=\"585\" height=\"439\" \/><\/p>\n<p style=\"text-align: justify;\">\u00a0\u00a0\u00a0\u00a0\u00a0\u00a0\u00a0\u00a0\u00a0\u00a0 Aunque algunas im\u00e1genes parecen de Marte, en realidad son la la Sierra de Huelva<\/p>\n<p style=\"text-align: justify;\">\u00a0<img decoding=\"async\" loading=\"lazy\" src=\"https:\/\/encrypted-tbn2.gstatic.com\/images?q=tbn:ANd9GcQUAcR3jjedBYrFVBPrUKsXv91MpbD0eSgnh4wMOIT-4ztudG0c\" alt=\"\" width=\"365\" height=\"234\" \/><\/p>\n<p style=\"text-align: justify;\">S\u00ed, en esas aguas de PH imposible, y con abundancia en metales pesados, la vida est\u00e1 presente.<\/p>\n<p style=\"text-align: justify;\"><img decoding=\"async\" loading=\"lazy\" src=\"http:\/\/rociodiazcano.files.wordpress.com\/2010\/05\/3119375-md.jpg\" alt=\"http:\/\/rociodiazcano.files.wordpress.com\/2010\/05\/3119375-md.jpg\" width=\"675\" height=\"439\" \/><\/p>\n<p style=\"text-align: justify;\">\u00a1La Vida! Est\u00e1 por todas partes\u2026\u00bfQui\u00e9n la parar? Los mecanismos del Universo la hacen surgir en cualquier lugar, por ins\u00f3lito que este nos pueda parecer. Olvidaba mencionar que Puentes Romanos son abundantes por la zona. En cuaklquiera de estos pueblecitos blancos se respira Naturaleza y, pasar en ellos unos d\u00edas, adem\u00e1s de saludable es como tomar fuerzas, cargar las pilas, salir del mundanal ruido y vivir, fuera de este mundo sin tener que salir de \u00e9l.<\/p>\n<p style=\"text-align: justify;\"><img decoding=\"async\" loading=\"lazy\" title=\"rio tinto\" src=\"http:\/\/www.huelvaholidays.es\/archives\/175.jpg\" alt=\"\" width=\"271\" height=\"191\" \/><\/p>\n<p style=\"text-align: justify;\">La regi\u00f3n de \u201cLas Minas\u201d ocupa la mitad oriental del And\u00e9valo de Huelva. Se encuentra a medio camino la Sierra de Aracena y El Condado, por lo que re\u00fane las caracter\u00edsticas de ambas zonas.<strong> Nerva, Minas de Riotinto, El Campillo, Zalamea la Real, Berrocal, La Granada de Riotinto y Campofr\u00edo<\/strong>, son las localidades de entorno sin igual.<\/p>\n<p style=\"text-align: justify;\">En medio de un paisaje de naturaleza verde, nos sorprende la gigantesca mina a cielo abierto de R\u00edo Tinto, que nos recrea un paisaje casi marciano. La excavaci\u00f3n capa sobre capa de tierra y roca, en la b\u00fasqueda del mineral de hierro, cobre, plata y una multitud de otros minerales, ha te\u00f1ido esta parte del mundo en un verdadero \u201ccolage\u201d de colores. Tal es la dimensi\u00f3n del cr\u00e1ter, que en su parte superior alcanza varios kil\u00f3metros de ancho. Desde el borde del cr\u00e1ter, un gigantesco espacio se abre ante el visitante, que comprobar\u00e1 como los camiones de parecen aut\u00e9nticos juguetes a pesar de tener el tama\u00f1o de una casa. Las paredes de roca con estr\u00edas de colores inusuales, crean la impresi\u00f3n de un anfiteatro natural de enormes proporciones, que podr\u00eda ser f\u00e1cilmente confundido con un escenario de la pel\u00edcula Star Wars.<\/p>\n<p style=\"text-align: justify;\"><img decoding=\"async\" loading=\"lazy\" title=\"Red river\" src=\"http:\/\/www.huelvaholidays.es\/archives\/251.jpg\" alt=\"\" width=\"308\" height=\"207\" \/><\/p>\n<p style=\"text-align: justify;\">Por lo tanto, el principal atractivo de la zona, es su exclusivo y espectacular paisaje. Superficies de colores ocres, morados, rojos, naranjas a gran escala, que ofrecen un escenario lleno de hermosos contrastes. Las minas de R\u00edo Tinto han sido explotadas cerca de 5 000 a\u00f1os. Los primeros restos arqueol\u00f3gicos se remontan a la edad del hierro. Cualquier visitante que contemple las minas por primera vez, se ver\u00e1 sorprendido por el espectacular paisaje donde el hombre ha ido modelando la tierra durante siglos de trabajo. Situada en la localidad de Minas de R\u00edotinto, esta es la mina m\u00e1s grande a cielo abierto de Europa. El tama\u00f1o de su elipse asombra a todos aquellos que la visitan: 1200m de largo, 900m de ancho y 350m de profundidad.<\/p>\n<p style=\"text-align: justify;\"><img decoding=\"async\" loading=\"lazy\" id=\"lu_map\" title=\"Map of Sierra de Huelva, Huelva\" src=\"https:\/\/www.google.es\/maps\/vt\/data=RfCSdfNZ0LFPrHSm0ublXdzhdrDFhtmHhN1u-gM,fcQBgBU7QAbh-ZjBcxZN9UPesue32mp9plz9bLRTqytG2-tUHhutM5rhJZNGUtoSDuirfu2jMSZKbAve9ScPZg0zZKQZt2h23dabKki0xFeHb-poIaHRK1de9-EBi_bkiskkECoKHED37wQ8dUXILOODrh8h05jX7LoTd6vrt-Fy2dNt99Hfy8lJAhuvfzBg5Kg-AbDbbDOhUQ\" alt=\"Map of Sierra de Huelva, Huelva\" width=\"512\" height=\"266\" \/><\/p>\n<p style=\"text-align: justify;\">Mapa de la Zona<\/p>\n<p style=\"text-align: justify;\"><img decoding=\"async\" loading=\"lazy\" id=\"lhid_canonicalscaledimage_image\" src=\"http:\/\/lh6.ggpht.com\/-AlAOM5BLFuM\/SkZPI_8MLlI\/AAAAAAAAFBE\/_GgNQew_YbI\/s512\/Minas%252520de%252520Riotinto%252520%2525282%252529.JPG\" alt=\"\" width=\"512\" height=\"384\" \/><\/p>\n<p style=\"text-align: justify;\"><img decoding=\"async\" src=\"http:\/\/lh6.ggpht.com\/-AlAOM5BLFuM\/SkZPI_8MLlI\/AAAAAAAAFBE\/_GgNQew_YbI\/Minas%252520de%252520Riotinto%252520%2525282%252529.JPG\" alt=\"\" \/><\/p>\n<p style=\"text-align: justify;\">\u00a0\u00a0\u00a0\u00a0\u00a0\u00a0\u00a0\u00a0\u00a0\u00a0\u00a0\u00a0\u00a0\u00a0\u00a0\u00a0\u00a0\u00a0\u00a0\u00a0\u00a0\u00a0\u00a0\u00a0\u00a0\u00a0\u00a0\u00a0\u00a0\u00a0\u00a0\u00a0\u00a0\u00a0\u00a0\u00a0\u00a0 Una de las muchas panor\u00e1micas del lugar<\/p>\n<p style=\"text-align: justify;\"><img decoding=\"async\" loading=\"lazy\" src=\"http:\/\/www.google-earth.es\/uploads\/forums\/rio_tinto_4.jpg\" alt=\"\" width=\"610\" height=\"391\" border=\"0\" \/><\/p>\n<p style=\"text-align: justify;\">La NASA estuvo por aqu\u00ed investigando la vida que en estas aguas estaba presente<\/p>\n<p style=\"text-align: justify;\"><img decoding=\"async\" loading=\"lazy\" src=\"http:\/\/www.google-earth.es\/uploads\/forums\/rio_tinto_3.jpg\" alt=\"\" width=\"575\" height=\"386\" border=\"0\" \/><\/p>\n<p style=\"text-align: justify;\">\u00a0\u00a0\u00a0\u00a0\u00a0\u00a0\u00a0\u00a0\u00a0\u00a0\u00a0\u00a0\u00a0\u00a0\u00a0\u00a0\u00a0\u00a0\u00a0\u00a0\u00a0\u00a0\u00a0\u00a0\u00a0\u00a0\u00a0\u00a0\u00a0\u00a0\u00a0\u00a0\u00a0\u00a0\u00a0\u00a0\u00a0\u00a0\u00a0\u00a0\u00a0\u00a0\u00a0\u00a0\u00a0\u00a0\u00a0\u00a0\u00a0 \u00bfVida aqu\u00ed? S\u00ed, aunque parezca imposible<\/p>\n<p style=\"text-align: justify;\">Bueno amigos, os he hablado de la zona m\u00e1s al norte de la Provincia de Huelva (mi tierra) que est\u00e1 ocupado por la Comarca denominada Sierra Alta, la Sierra de Aracena un Parque Natural con los Picos de Aroche, o, simplemente, La Sierra (que es como la solemos llamar los de por aqu\u00ed). Simplemente he querido compartir con todos ustedes una de mi entorno, otro d\u00eda, lo dedicar\u00e9 a ense\u00f1aros el bonito litoral, la Costa del Atl\u00e1ntico con Punta Umbria, El Portil, El Puerto del Terr\u00f3n, Isla Antilla, Isla Cristina, Ayamonte\u2026Tenemos m\u00e1s de 100 Km de Playa con una blanca y fina arena\u2026<\/p>\n<p style=\"text-align: justify;\"><img decoding=\"async\" loading=\"lazy\" src=\"http:\/\/playascalas.com\/wp-content\/2011\/07\/mejores-playas-de-huelva3.jpg\" alt=\"\" width=\"365\" height=\"206\" \/><img decoding=\"async\" loading=\"lazy\" src=\"http:\/\/www.vayaplaya.com\/wp-content\/uploads\/2014\/06\/Huelva-Playa-del-Espig%C3%B3n.jpg\" alt=\"\" width=\"365\" height=\"286\" \/><img decoding=\"async\" loading=\"lazy\" src=\"http:\/\/www.playasconencanto.net\/wp-content\/uploads\/13-06-somo-lengua.jpg\" alt=\"\" width=\"365\" height=\"286\" \/><img decoding=\"async\" loading=\"lazy\" src=\"http:\/\/st-listas.20minutos.es\/images\/2009-09\/144202\/1626236_640px.jpg?1252595089\" alt=\"\" width=\"365\" height=\"274\" \/><img decoding=\"async\" loading=\"lazy\" src=\"http:\/\/www.inforural.com\/ficheros\/image\/playas\/Huelva\/Lepe\/Playa%20Nueva%20Umbria\/foto6.jpg\" alt=\"\" width=\"350\" height=\"250\" \/><\/p>\n<p style=\"text-align: justify;\"><img decoding=\"async\" loading=\"lazy\" src=\"http:\/\/www.jetlaging.com\/resize.php?maxsize=590&amp;im=fotos\/322\/2462-4-huelva-177.jpg\" alt=\"\" width=\"365\" height=\"273\" \/><img decoding=\"async\" loading=\"lazy\" src=\"http:\/\/st-listas.20minutos.es\/images\/2013-07\/364177\/4099237_640px.jpg?1376863248\" alt=\"\" width=\"365\" height=\"273\" \/><img decoding=\"async\" loading=\"lazy\" src=\"http:\/\/viajaryconocer.com\/huelva.jpg\" alt=\"\" width=\"258\" height=\"258\" \/><\/p>\n<p style=\"text-align: justify;\">Claro que, en este tiempo en el que estamos, cuando la calor arremete sin piedad contra nosotros, mejor ser\u00e1 dejar de lado la Sierra y desplazarnos a los pueblecitos de pescadores del litoral Onubense. Inmensas y bell\u00edsimas playas os est\u00e1n esperando para que, pod\u00e1is, en simbiosis con la Naturaleza, disfrutar del mundo en el que nos ha tocado vivir.<\/p>\n<p style=\"text-align: justify;\">Por suerte, todo esto, lo tengo a pocos kil\u00f3metros de mi casa.<\/p>\n<p style=\"text-align: justify;\">\u00a1Os invito a visitar el lugar!<\/p>\n<p style=\"text-align: justify;\">Emilio silvera<\/p>\n<\/div>\n<\/div>\n<div class='bookmark'>\r\n\t\t<table align='left' border='0' cellpadding='0' width='100%'>\r\n\t\t<tr><td><span class='pushbutton'><a href='http:\/\/delicious.com\/post?url=https%3A%2F%2Fwww.emiliosilveravazquez.com%2Fblog%2F2015%2F07%2F20%2F%25c2%25a1naturaleza-la-sierra-de-huelva-3%2F&amp;title=%C2%A1Naturaleza%21+La+Sierra+de+Huelva' title='Delicious' target='_blank' rel='nofollow'><img src='https:\/\/www.emiliosilveravazquez.com\/blog\/wp-content\/plugins\/knxdt-bookmarks-wordpress-plugin\/images\/delicious.png'  alt='' class='book_img' border='none' style='margin:1px; padding: 0;'  \/><\/a><\/span><span class='pushbutton'><a href='http:\/\/digg.com\/submit?url=https%3A%2F%2Fwww.emiliosilveravazquez.com%2Fblog%2F2015%2F07%2F20%2F%25c2%25a1naturaleza-la-sierra-de-huelva-3%2F&amp;title=%C2%A1Naturaleza%21+La+Sierra+de+Huelva' title='Digg' target='_blank' rel='nofollow'><img src='https:\/\/www.emiliosilveravazquez.com\/blog\/wp-content\/plugins\/knxdt-bookmarks-wordpress-plugin\/images\/digg.png'  alt='' class='book_img' border='none' style='margin:1px; padding: 0;'  \/><\/a><\/span><span class='pushbutton'><a href='http:\/\/www.google.com\/bookmarks\/mark?op=edit&amp;bkmk=https%3A%2F%2Fwww.emiliosilveravazquez.com%2Fblog%2F2015%2F07%2F20%2F%25c2%25a1naturaleza-la-sierra-de-huelva-3%2F&amp;title=%C2%A1Naturaleza%21+La+Sierra+de+Huelva' title='Google' target='_blank' rel='nofollow'><img src='https:\/\/www.emiliosilveravazquez.com\/blog\/wp-content\/plugins\/knxdt-bookmarks-wordpress-plugin\/images\/google.png'   alt='' class='book_img' border='none' style='margin:1px; padding: 0;'  \/><\/a><\/span><span class='pushbutton'><a href='http:\/\/myweb2.search.yahoo.com\/myresults\/bookmarklet?u=https%3A%2F%2Fwww.emiliosilveravazquez.com%2Fblog%2F2015%2F07%2F20%2F%25c2%25a1naturaleza-la-sierra-de-huelva-3%2F&amp;t=%C2%A1Naturaleza%21+La+Sierra+de+Huelva' title='Yahoo' target='_blank' rel='nofollow'><img src='https:\/\/www.emiliosilveravazquez.com\/blog\/wp-content\/plugins\/knxdt-bookmarks-wordpress-plugin\/images\/yahoo.png'  alt='' class='book_img' border='none' style='margin:1px; padding: 0;'  \/><\/a><\/span><span class='pushbutton'><a href='http:\/\/www.technorati.com\/faves?add=https%3A%2F%2Fwww.emiliosilveravazquez.com%2Fblog%2F2015%2F07%2F20%2F%25c2%25a1naturaleza-la-sierra-de-huelva-3%2F' title='Technorati' target='_blank' rel='nofollow'><img src='https:\/\/www.emiliosilveravazquez.com\/blog\/wp-content\/plugins\/knxdt-bookmarks-wordpress-plugin\/images\/technorati.png'  alt='' class='book_img' border='none' style='margin:1px; padding: 0;'  \/><\/a><\/span><span class='pushbutton'><a href='http:\/\/meneame.net\/submit.php?url=https%3A%2F%2Fwww.emiliosilveravazquez.com%2Fblog%2F2015%2F07%2F20%2F%25c2%25a1naturaleza-la-sierra-de-huelva-3%2F' title='Meneame' target='_blank' rel='nofollow'><img src='https:\/\/www.emiliosilveravazquez.com\/blog\/wp-content\/plugins\/knxdt-bookmarks-wordpress-plugin\/images\/meneame.png'  alt='' class='book_img' border='none' style='margin:1px; padding: 0;'  \/><\/a><\/span><span class='pushbutton'><a href='http:\/\/enchilame.com\/submit.php?url=https:\/\/www.emiliosilveravazquez.com\/blog\/2015\/07\/20\/%c2%a1naturaleza-la-sierra-de-huelva-3\/' target='_blank' rel='nofollow'><img title='Enchilame' src='https:\/\/www.emiliosilveravazquez.com\/blog\/wp-content\/plugins\/knxdt-bookmarks-wordpress-plugin\/images\/enchilame.png'  alt='' class='book_img' border='none' style='margin:1px; padding: 0;'  \/><\/a><\/span><span class='pushbutton'><a href='http:\/\/www.blinklist.com\/index.php?Action=Blink\/addblink.php&amp;Description=&amp;Url=https%3A%2F%2Fwww.emiliosilveravazquez.com%2Fblog%2F2015%2F07%2F20%2F%25c2%25a1naturaleza-la-sierra-de-huelva-3%2F&amp;title=%C2%A1Naturaleza%21+La+Sierra+de+Huelva' title='BlinkList' target='_blank' rel='nofollow'><img src='https:\/\/www.emiliosilveravazquez.com\/blog\/wp-content\/plugins\/knxdt-bookmarks-wordpress-plugin\/images\/blinklist.png'  alt='' class='book_img' border='none' style='margin:1px; padding: 0;'  \/><\/a><\/span><span class='pushbutton'><a href='http:\/\/reddit.com\/submit?url=https%3A%2F%2Fwww.emiliosilveravazquez.com%2Fblog%2F2015%2F07%2F20%2F%25c2%25a1naturaleza-la-sierra-de-huelva-3%2F&amp;title=%C2%A1Naturaleza%21+La+Sierra+de+Huelva' title='Reddit' target='_blank' rel='nofollow'><img src='https:\/\/www.emiliosilveravazquez.com\/blog\/wp-content\/plugins\/knxdt-bookmarks-wordpress-plugin\/images\/reddit.png'  alt='' class='book_img' border='none' style='margin:1px; padding: 0;'  \/><\/a><\/span><span class='pushbutton'><a href='http:\/\/www.tecnologiadiaria.com\/2009\/07\/abrir-com-hotmail-correo.html' target='_blank' title='hotmail'><img src='https:\/\/www.emiliosilveravazquez.com\/blog\/wp-content\/plugins\/knxdt-bookmarks-wordpress-plugin\/images\/linklove.png' alt='hotmail correo' class='book_img' border='none' style='margin:1px; padding: 0;' \/><\/a><\/span><span class='pushbutton'><a href='http:\/\/bitacoras.com\/votar\/anotacion\/externo\/mini\/www.emiliosilveravazquez.com\/blog\/2015\/07\/20\/%c2%a1naturaleza-la-sierra-de-huelva-3\/' title='Bitacoras.com' target='_blank' rel='nofollow'><img src='https:\/\/www.emiliosilveravazquez.com\/blog\/wp-content\/plugins\/knxdt-bookmarks-wordpress-plugin\/images\/bitacoras.png'  alt='' class='book_img' border='none' style='margin:1px; padding: 0;'  \/><\/a><\/span><span class='pushbutton'><a href='http:\/\/www.wikio.es\/vote?url=https%3A%2F%2Fwww.emiliosilveravazquez.com%2Fblog%2F2015%2F07%2F20%2F%25c2%25a1naturaleza-la-sierra-de-huelva-3%2F' title='Wikio' target='_blank' rel='nofollow'><img src='https:\/\/www.emiliosilveravazquez.com\/blog\/wp-content\/plugins\/knxdt-bookmarks-wordpress-plugin\/images\/wikio.png'   alt='' class='book_img' border='none' style='margin:1px; padding: 0;'   \/><\/a><\/span><span class='pushbutton'><a href='http:\/\/friendfeed.com\/?url=https%3A%2F%2Fwww.emiliosilveravazquez.com%2Fblog%2F2015%2F07%2F20%2F%25c2%25a1naturaleza-la-sierra-de-huelva-3%2F&amp;title=%C2%A1Naturaleza%21+La+Sierra+de+Huelva' title='Friend Feed' target='_blank' rel='nofollow'><img src='https:\/\/www.emiliosilveravazquez.com\/blog\/wp-content\/plugins\/knxdt-bookmarks-wordpress-plugin\/images\/friendfeed.png'  alt='' class='book_img' border='none' style='margin:1px; padding: 0;'  \/><\/a><\/span><span class='pushbutton'><a href='http:\/\/www.facebook.com\/share.php?u=https%3A%2F%2Fwww.emiliosilveravazquez.com%2Fblog%2F2015%2F07%2F20%2F%25c2%25a1naturaleza-la-sierra-de-huelva-3%2F&amp;t=%C2%A1Naturaleza%21+La+Sierra+de+Huelva' title='Facebook' target='_blank' rel='nofollow'><img src='https:\/\/www.emiliosilveravazquez.com\/blog\/wp-content\/plugins\/knxdt-bookmarks-wordpress-plugin\/images\/facebook.png'  alt='' class='book_img' border='none' style='margin:1px; padding: 0;'  \/><\/a><\/span><span class='pushbutton'><a href='http:\/\/twitter.com\/home?status=%C2%A1Naturaleza%21+La+Sierra+de+Huelva: https%3A%2F%2Fwww.emiliosilveravazquez.com%2Fblog%2F2015%2F07%2F20%2F%25c2%25a1naturaleza-la-sierra-de-huelva-3%2F' title='Twitter' target='_blank' rel='nofollow'><img src='https:\/\/www.emiliosilveravazquez.com\/blog\/wp-content\/plugins\/knxdt-bookmarks-wordpress-plugin\/images\/twitter.png'  alt='' class='book_img' border='none' style='margin:1px; padding: 0;'  \/><\/a><\/span><span class='pushbutton'><a href='http:\/\/www.feedburner.com\/fb\/a\/emailFlare?itemTitle=%C2%A1Naturaleza%21+La+Sierra+de+Huelva&amp;uri=https%3A%2F%2Fwww.emiliosilveravazquez.com%2Fblog%2F2015%2F07%2F20%2F%25c2%25a1naturaleza-la-sierra-de-huelva-3%2F' title='Enviar por Email' target='_blank' rel='nofollow'><img src='https:\/\/www.emiliosilveravazquez.com\/blog\/wp-content\/plugins\/knxdt-bookmarks-wordpress-plugin\/images\/email.png'  alt='' class='book_img' border='none' style='margin:1px; padding: 0;'  \/><\/a><\/span><span style='font-weight:bold; padding-left: 5px;'><a href='http:\/\/wordpress.org\/extend\/plugins\/knxdt-bookmarks-wordpress-plugin\/' title='Plugin' rel='nofollow' target='_blank'>[?]<\/a><\/span><\/td><\/tr><\/table><br\/><br\/><\/div>","protected":false},"excerpt":{"rendered":"<p>\u00a0 \u00bfQu\u00e9 nos dir\u00e1 la F\u00edsica, y\u2026 Qu\u00e9 el Universo, En 2.016? Entrada siguiente &nbsp; El inter\u00e9s ecol\u00f3gico y de Naturaleza virgen de la Sierra de Huelva, me aconsejan que de nuevo, exhiba aqu\u00ed el trabajo que pusimos hace alg\u00fan tiempo para que, a partir de \u00e9l, todos los visitantes gocen de un bienestar interior [&hellip;]<\/p>\n","protected":false},"author":2,"featured_media":0,"comment_status":"open","ping_status":"open","sticky":false,"template":"","format":"standard","meta":{"_s2mail":"yes","footnotes":""},"categories":[1],"tags":[],"_links":{"self":[{"href":"https:\/\/www.emiliosilveravazquez.com\/blog\/wp-json\/wp\/v2\/posts\/12657"}],"collection":[{"href":"https:\/\/www.emiliosilveravazquez.com\/blog\/wp-json\/wp\/v2\/posts"}],"about":[{"href":"https:\/\/www.emiliosilveravazquez.com\/blog\/wp-json\/wp\/v2\/types\/post"}],"author":[{"embeddable":true,"href":"https:\/\/www.emiliosilveravazquez.com\/blog\/wp-json\/wp\/v2\/users\/2"}],"replies":[{"embeddable":true,"href":"https:\/\/www.emiliosilveravazquez.com\/blog\/wp-json\/wp\/v2\/comments?post=12657"}],"version-history":[{"count":0,"href":"https:\/\/www.emiliosilveravazquez.com\/blog\/wp-json\/wp\/v2\/posts\/12657\/revisions"}],"wp:attachment":[{"href":"https:\/\/www.emiliosilveravazquez.com\/blog\/wp-json\/wp\/v2\/media?parent=12657"}],"wp:term":[{"taxonomy":"category","embeddable":true,"href":"https:\/\/www.emiliosilveravazquez.com\/blog\/wp-json\/wp\/v2\/categories?post=12657"},{"taxonomy":"post_tag","embeddable":true,"href":"https:\/\/www.emiliosilveravazquez.com\/blog\/wp-json\/wp\/v2\/tags?post=12657"}],"curies":[{"name":"wp","href":"https:\/\/api.w.org\/{rel}","templated":true}]}}