{"id":12462,"date":"2015-06-07T06:39:51","date_gmt":"2015-06-07T05:39:51","guid":{"rendered":"http:\/\/www.emiliosilveravazquez.com\/blog\/?p=12462"},"modified":"2015-06-07T06:39:51","modified_gmt":"2015-06-07T05:39:51","slug":"de-nuevo-el-ciclo-se-cumple-y-el-verano-esta-llegando","status":"publish","type":"post","link":"https:\/\/www.emiliosilveravazquez.com\/blog\/2015\/06\/07\/de-nuevo-el-ciclo-se-cumple-y-el-verano-esta-llegando\/","title":{"rendered":"De nuevo el ciclo se cumple y, el Verano est\u00e1 llegando"},"content":{"rendered":"<div>\n<h2 style=\"text-align: justify;\">\u00a0<a>Quedan muchos misterios por desvelar<\/a><\/h2>\n<\/div>\n<div><a href=\"http:\/\/www.emiliosilveravazquez.com\/blog\/2013\/07\/14\/%c2%a1el-futuro-sera-nuestro-o-se-nos-ira-de-las-manos\/\" rel=\"next\">\u00a1El Futuro! Ser\u00e1 nuestro, o, se nos ir\u00e1 de las manos.<\/a><\/div>\n<h3><img decoding=\"async\" loading=\"lazy\" id=\"irc_mi\" src=\"http:\/\/entrenandoaikido.com\/wp-content\/uploads\/2013\/12\/214869-gualda-nido-de-golondrina.jpg\" alt=\"\" width=\"370\" height=\"247\" \/><img decoding=\"async\" loading=\"lazy\" id=\"irc_mi\" src=\"http:\/\/www.pueblos-espana.org\/fotos_originales\/6\/9\/7\/00816697.jpg\" alt=\"\" width=\"370\" height=\"296\" \/><\/h3>\n<p>&nbsp;<\/p>\n<p style=\"text-align: justify;\">Cuando el Verano se acerca, todo cambia. En los salientes de las fachadas se pueden ver los nidos de golondrinas\u00a0 y, en cuanto el d\u00eda despunta, es una at\u00e9ntica algarab\u00eda de sonidos que no precisamente trinos. A Espa\u00f1a las primeras golondrinas llegan desde \u00c1frica a mediados de febrero, atravesando el Estrecho de Gibraltar. En marzo ya pueden verse muchas golondrinas y en los primeros quince d\u00edas de abril es cuando pasan el mayor n\u00famero de golondrinas.\u00a0 Durante todo el verano est\u00e1n por otdas partes y son el despertador de muchos pueblos y ciudades. En oto\u00f1o la migraci\u00f3n la hacen en sentido inverso, volviendo a \u00c1frica en los meses de septiembre y octubre.<\/p>\n<p style=\"text-align: justify;\">Hace ahora un a\u00f1o, para contaros algo de por aqu\u00ed, de mi tierra, os dejaba esta entrada en la que os ense\u00f1aba algunas de las playas de Huelva. Para recordarlo, aqu\u00ed os lo dejo de nuevo, aunque alg\u00fan comentario se quedara viejo.<\/p>\n<div>\n<p style=\"text-align: justify;\">&#8220;Ayer por la tarde, como suelo hacer casi todos los d\u00edas menos los sabados y domingos que las playas est\u00e1n saturadas, con mi esposa, nos sentamos en la Terraza de un Chiringuito a orillas de la Playa, las olas finalizan su recorrido en la orilla dejando oir su rumor al romperse contra la afina arena blanca de Punta Umbria, a orillas del Atl\u00e1ntico.<\/p>\n<p style=\"text-align: justify;\"><img decoding=\"async\" loading=\"lazy\" title=\"valdevaqueros 01\" src=\"http:\/\/www.playasconencanto.net\/wp-content\/uploads\/valdevaqueros-01.jpg\" alt=\"\" width=\"500\" height=\"278\" \/><\/p>\n<p style=\"text-align: justify;\">Si decides dar un paseo por el litoral, andando sobre la fina arena, \u00e9stos son los paisajes que vas dejando atr\u00e1s a medida que avanzas. En la parte terrestre abundantes retamas en las que, con cierta facilidad puedes ver (si prestar antenci\u00f3n, a los camaleones protegidos) y, en la parte del mar, las olas, si vas cerca de la playa, mojar\u00e1n tus pies con sus idas y venidas. Es una sensaci\u00f3n inigualable, el aire l\u00edmpio y puro, exento de contaminaciones qu\u00edmicas, la Naturaleza en estado puro.<\/p>\n<p style=\"text-align: justify;\"><img decoding=\"async\" loading=\"lazy\" title=\"Misericordia_Malaga\" src=\"http:\/\/www.playasconencanto.net\/wp-content\/uploads\/Misericordia_Malaga.jpg\" alt=\"\" width=\"500\" height=\"333\" \/><\/p>\n<p style=\"text-align: justify;\">Nunca podr\u00eda estar en ese lugar que arriba podemos contemplar, el gent\u00edo me agobia y, aunque me encuentro bien conmigo mismo, una buena compa\u00f1\u00eda nunca est\u00e1 nada mal. Alguien con quien poder conversar, intercambiar ideas y pareceres, poder expresar tus pensamientos y escuchar los ajenos de los que siempre, podremos aprender alguna cosa.<\/p>\n<p style=\"text-align: justify;\"><img decoding=\"async\" src=\"http:\/\/www.playasconencanto.net\/wp-content\/uploads\/misericordia-atardecer.jpg\" alt=\"http:\/\/www.playasconencanto.net\/wp-content\/uploads\/misericordia-atardecer.jpg\" \/><\/p>\n<p style=\"text-align: justify;\">Aqu\u00ed, seguramente, si me podr\u00e9is encontrar en cualquier momento, tranquilamente sentado mirando al horizonte y pensando en la grandiosidad de la que formamos parte y en las muchas implicaciones que todo eso conlleva, nuestra complejidad que junto con la que nos rodea es ese conjunto de cosas que no hemos podido llegar a comprender y que, en conjunto, conforma la estructura de un vasto Universo lleno de secretos que tendremos que desvelar, m\u00e1s tarde o m\u00e1s temprano, de ello, depender\u00e1 lo que pueda ser de nuestra especie.<\/p>\n<p style=\"text-align: justify;\"><img decoding=\"async\" src=\"http:\/\/www.playasconencanto.net\/wp-content\/uploads\/Punta-Umbria-vista.jpg\" alt=\"http:\/\/www.playasconencanto.net\/wp-content\/uploads\/Punta-Umbria-vista.jpg\" \/><\/p>\n<p style=\"text-align: justify;\">Esta vista de Punta Umbr\u00eda, la Playa de Huelva, nos muestra desde el aire, un pueblecito de pescadores que se ha llenado de Hoteles y apartamentos, aquello parece una invasi\u00f3n de las masas que acuden en tropell y, sus veh\u00edculos, no dejan un hueco libre en plazas y calles. Parte del encanto que all\u00ed se pod\u00eda disfrutar se fue, y, ahora, en contadas horas, puedes disfrutar de lugares tranquilos y de la belleza natural que la zona ofrece.<\/p>\n<p style=\"text-align: justify;\"><img decoding=\"async\" src=\"http:\/\/www.playasconencanto.net\/wp-content\/uploads\/Punta-Umbria-vista-cerca.jpg\" alt=\"http:\/\/www.playasconencanto.net\/wp-content\/uploads\/Punta-Umbria-vista-cerca.jpg\" \/><\/p>\n<p style=\"text-align: justify;\">Aunque tenemos un Apartamento con garaje y trastero, al estar los dos chicos mayores en sus obligaciones: Uno en Madrid en una multinacional como Abogado Administrador de Empresas, encargado de la Tesorer\u00eda de la central y filiales en Per\u00fa y M\u00e9xico, y, la chica, en Sevilla de Sub-directora en una Escuela de M\u00fasica, a la vez que da alg\u00fan que otro concierto y participa en el Coro de la Ciudad, y, por \u00faltimo, los dos peque\u00f1os estudian en casa y no son muy playeros. Por nuestra parte, mi mujer prefiere un ratito de playa y volver a casa. Mientras tanto ella toma su ba\u00f1o mixto de agua y Sol, yo me sit\u00fao c\u00f3modamente sentado en una silla con una mesa sobre la que coloco la libreta de turno o el libro (si ha tocado leer). All\u00ed, en la tranquilidad y con el fondo del murmullo de las olas, escribo cada d\u00eda durante algo m\u00e1s de una hora.<\/p>\n<p style=\"text-align: justify;\"><img decoding=\"async\" loading=\"lazy\" id=\"irc_mi\" src=\"http:\/\/4.bp.blogspot.com\/_lfNv-rl6y_Y\/TLlhTpxW0XI\/AAAAAAAAANc\/2aPyIcDsfNU\/s1600\/VERANO+2009+081.jpg\" alt=\"\" width=\"524\" height=\"393\" \/><\/p>\n<p style=\"text-align: justify;\">As\u00ed, desde mi privilegiada atalaya cercana al oc\u00e9ano, puedo ver como mi esposa toma el Sol y se da un ba\u00f1o, mientras escribo mis pensamientos de cada d\u00eda en estas libretas que llevo siempre a cuestas en el coche, en cuqluqier rinc\u00f3n de la casa, en la oficina, en cualquier lugar en el que, de pronto, se me puedan ocurrir ideas que merezcan la pena llevar al papel en blanco de sus hojas.<\/p>\n<p style=\"text-align: justify;\"><img decoding=\"async\" loading=\"lazy\" id=\"irc_mi\" src=\"http:\/\/www.teleprensa.es\/imgnews\/HUMontorofirmasAVE030411.jpg\" alt=\"\" width=\"450\" height=\"301\" \/><\/p>\n<p style=\"text-align: justify;\">Los pol\u00b4\u00e7iticos embusteros, prometen para recoger y, nunca dan lo prometido<\/p>\n<p style=\"text-align: justify;\">Aunque los pol\u00edticos lo prometieron, el Ave a\u00fan no lleg\u00f3 a Huelva, y, como siempre ha pasado, tenemos que desplazarnos hasta Sevilla para poder cogerlo hasta Madrid. Lugar al que, de vez en cuando, tengo que desplazarme por razones de reuniones y seminarios relacionados con la Fisica o la Astronom\u00eda. Ser miembro de los Grupos Especializados de Astrof\u00edsica y F\u00edsica Te\u00f3rica de la RSEF, conlleva algunas obligaciones. Por estas fechas, se celebra la Bienal de F\u00edsica en Valencia y se dar\u00e1 cuenta de las \u00faltimas elecciones a la Presidencia. Espero poder estar all\u00ed y que salga elegido mi amigo y compa\u00f1ero el Catedr\u00e1tico de F\u00edsica de la Universidad de Valencia, Se\u00f1or Azc\u00e1rraga.<\/p>\n<p style=\"text-align: justify;\"><img decoding=\"async\" loading=\"lazy\" id=\"irc_mi\" src=\"http:\/\/www.absoluthuelva.com\/wp-content\/uploads\/2010\/07\/ave.jpg\" alt=\"\" width=\"500\" height=\"333\" \/><\/p>\n<p style=\"text-align: justify;\">As\u00ed que, dejando a un lado el Avi\u00f3n que, a la larga es m\u00e1s engorroso que el Tren, los viajes y desplazamientos largos los hago mediante este medio m\u00e1s seguro y, aunque pueda tardar algo m\u00e1s, su comodidad compensa. En los viajes m\u00e1s cortos de menos de 300 kil\u00f3metros, prefiero mi propio coche que me da (nos da) la oportunidad de parar en cualquier sitio que nos guste para tomar alguna cosa o decansar.<\/p>\n<p style=\"text-align: justify;\">Es cierto, no s\u00f3lo de Pan vive el Hombre y, necesita tener otras cosas, disfrutar de otras cuestiones para poder llegar a ser feliz, sentir que su Alma est\u00e1 llena de gozo a trav\u00e9s de admirar la Naturaleza, una conversaci\u00f3n, una mirada o una caricia, un paisaje o una buena lectura. Tambi\u00e9n los pensamientos pueden, en ocasiones, transportarnos hacia esos lugares so\u00f1ados, a esos mundos id\u00edlicos que nos puedan proporcional la felicidad que aqu\u00ed no encontramos, toda vez que, cuando miramos a nuestro alrededor, no todo es bello ni admisible para nuestros sentidos.<\/p>\n<p style=\"text-align: justify;\"><img decoding=\"async\" loading=\"lazy\" id=\"irc_mi\" src=\"http:\/\/spd.fotolog.com\/photo\/61\/42\/122\/fernandiu_69\/1232658864825_f.jpg\" alt=\"\" width=\"500\" height=\"375\" \/><\/p>\n<p style=\"text-align: justify;\">Mientras tanto, yo continuar\u00e9 escribiendo en mis libretas y en ellas, volcar\u00e9 todos aquellos pensamientos que a mi mente acudan. Unas veces ser\u00e1n de F\u00edsica y otras de Astronom\u00eda. No pocas veces me visita la filos\u00f3f\u00eda y, cuando \u00e9sta no puede dilucidar mis preguntas, sigo adelante y llego hasta la metaf\u00edsica en la que siempre me pierdo pero, en ella, puedo imaginar mundos que podr\u00edan ser, seres que posiblemente ser\u00e1n, y cuestiones que, sin ser de este mundo, en este mundo pueden ser pensadas.<\/p>\n<p style=\"text-align: justify;\">\u00a1La Imaginaci\u00f3n! \u00bfHabr\u00e1 algo m\u00e1s grande que eso en nuestro Universo?<\/p>\n<p style=\"text-align: justify;\">emilio silvera<\/p>\n<\/div>\n<div class='bookmark'>\r\n\t\t<table align='left' border='0' cellpadding='0' width='100%'>\r\n\t\t<tr><td><span class='pushbutton'><a href='http:\/\/delicious.com\/post?url=https%3A%2F%2Fwww.emiliosilveravazquez.com%2Fblog%2F2015%2F06%2F07%2Fde-nuevo-el-ciclo-se-cumple-y-el-verano-esta-llegando%2F&amp;title=De+nuevo+el+ciclo+se+cumple+y%2C+el+Verano+est%C3%A1+llegando' title='Delicious' target='_blank' rel='nofollow'><img src='https:\/\/www.emiliosilveravazquez.com\/blog\/wp-content\/plugins\/knxdt-bookmarks-wordpress-plugin\/images\/delicious.png'  alt='' class='book_img' border='none' style='margin:1px; padding: 0;'  \/><\/a><\/span><span class='pushbutton'><a href='http:\/\/digg.com\/submit?url=https%3A%2F%2Fwww.emiliosilveravazquez.com%2Fblog%2F2015%2F06%2F07%2Fde-nuevo-el-ciclo-se-cumple-y-el-verano-esta-llegando%2F&amp;title=De+nuevo+el+ciclo+se+cumple+y%2C+el+Verano+est%C3%A1+llegando' title='Digg' target='_blank' rel='nofollow'><img src='https:\/\/www.emiliosilveravazquez.com\/blog\/wp-content\/plugins\/knxdt-bookmarks-wordpress-plugin\/images\/digg.png'  alt='' class='book_img' border='none' style='margin:1px; padding: 0;'  \/><\/a><\/span><span class='pushbutton'><a href='http:\/\/www.google.com\/bookmarks\/mark?op=edit&amp;bkmk=https%3A%2F%2Fwww.emiliosilveravazquez.com%2Fblog%2F2015%2F06%2F07%2Fde-nuevo-el-ciclo-se-cumple-y-el-verano-esta-llegando%2F&amp;title=De+nuevo+el+ciclo+se+cumple+y%2C+el+Verano+est%C3%A1+llegando' title='Google' target='_blank' rel='nofollow'><img src='https:\/\/www.emiliosilveravazquez.com\/blog\/wp-content\/plugins\/knxdt-bookmarks-wordpress-plugin\/images\/google.png'   alt='' class='book_img' border='none' style='margin:1px; padding: 0;'  \/><\/a><\/span><span class='pushbutton'><a href='http:\/\/myweb2.search.yahoo.com\/myresults\/bookmarklet?u=https%3A%2F%2Fwww.emiliosilveravazquez.com%2Fblog%2F2015%2F06%2F07%2Fde-nuevo-el-ciclo-se-cumple-y-el-verano-esta-llegando%2F&amp;t=De+nuevo+el+ciclo+se+cumple+y%2C+el+Verano+est%C3%A1+llegando' title='Yahoo' target='_blank' rel='nofollow'><img src='https:\/\/www.emiliosilveravazquez.com\/blog\/wp-content\/plugins\/knxdt-bookmarks-wordpress-plugin\/images\/yahoo.png'  alt='' class='book_img' border='none' style='margin:1px; padding: 0;'  \/><\/a><\/span><span class='pushbutton'><a href='http:\/\/www.technorati.com\/faves?add=https%3A%2F%2Fwww.emiliosilveravazquez.com%2Fblog%2F2015%2F06%2F07%2Fde-nuevo-el-ciclo-se-cumple-y-el-verano-esta-llegando%2F' title='Technorati' target='_blank' rel='nofollow'><img src='https:\/\/www.emiliosilveravazquez.com\/blog\/wp-content\/plugins\/knxdt-bookmarks-wordpress-plugin\/images\/technorati.png'  alt='' class='book_img' border='none' style='margin:1px; padding: 0;'  \/><\/a><\/span><span class='pushbutton'><a href='http:\/\/meneame.net\/submit.php?url=https%3A%2F%2Fwww.emiliosilveravazquez.com%2Fblog%2F2015%2F06%2F07%2Fde-nuevo-el-ciclo-se-cumple-y-el-verano-esta-llegando%2F' title='Meneame' target='_blank' rel='nofollow'><img src='https:\/\/www.emiliosilveravazquez.com\/blog\/wp-content\/plugins\/knxdt-bookmarks-wordpress-plugin\/images\/meneame.png'  alt='' class='book_img' border='none' style='margin:1px; padding: 0;'  \/><\/a><\/span><span class='pushbutton'><a href='http:\/\/enchilame.com\/submit.php?url=https:\/\/www.emiliosilveravazquez.com\/blog\/2015\/06\/07\/de-nuevo-el-ciclo-se-cumple-y-el-verano-esta-llegando\/' target='_blank' rel='nofollow'><img title='Enchilame' src='https:\/\/www.emiliosilveravazquez.com\/blog\/wp-content\/plugins\/knxdt-bookmarks-wordpress-plugin\/images\/enchilame.png'  alt='' class='book_img' border='none' style='margin:1px; padding: 0;'  \/><\/a><\/span><span class='pushbutton'><a href='http:\/\/www.blinklist.com\/index.php?Action=Blink\/addblink.php&amp;Description=&amp;Url=https%3A%2F%2Fwww.emiliosilveravazquez.com%2Fblog%2F2015%2F06%2F07%2Fde-nuevo-el-ciclo-se-cumple-y-el-verano-esta-llegando%2F&amp;title=De+nuevo+el+ciclo+se+cumple+y%2C+el+Verano+est%C3%A1+llegando' title='BlinkList' target='_blank' rel='nofollow'><img src='https:\/\/www.emiliosilveravazquez.com\/blog\/wp-content\/plugins\/knxdt-bookmarks-wordpress-plugin\/images\/blinklist.png'  alt='' class='book_img' border='none' style='margin:1px; padding: 0;'  \/><\/a><\/span><span class='pushbutton'><a href='http:\/\/reddit.com\/submit?url=https%3A%2F%2Fwww.emiliosilveravazquez.com%2Fblog%2F2015%2F06%2F07%2Fde-nuevo-el-ciclo-se-cumple-y-el-verano-esta-llegando%2F&amp;title=De+nuevo+el+ciclo+se+cumple+y%2C+el+Verano+est%C3%A1+llegando' title='Reddit' target='_blank' rel='nofollow'><img src='https:\/\/www.emiliosilveravazquez.com\/blog\/wp-content\/plugins\/knxdt-bookmarks-wordpress-plugin\/images\/reddit.png'  alt='' class='book_img' border='none' style='margin:1px; padding: 0;'  \/><\/a><\/span><span class='pushbutton'><a href='http:\/\/www.tecnologiadiaria.com\/2009\/07\/abrir-com-hotmail-correo.html' target='_blank' title='hotmail'><img src='https:\/\/www.emiliosilveravazquez.com\/blog\/wp-content\/plugins\/knxdt-bookmarks-wordpress-plugin\/images\/linklove.png' alt='hotmail correo' class='book_img' border='none' style='margin:1px; padding: 0;' \/><\/a><\/span><span class='pushbutton'><a href='http:\/\/bitacoras.com\/votar\/anotacion\/externo\/mini\/www.emiliosilveravazquez.com\/blog\/2015\/06\/07\/de-nuevo-el-ciclo-se-cumple-y-el-verano-esta-llegando\/' title='Bitacoras.com' target='_blank' rel='nofollow'><img src='https:\/\/www.emiliosilveravazquez.com\/blog\/wp-content\/plugins\/knxdt-bookmarks-wordpress-plugin\/images\/bitacoras.png'  alt='' class='book_img' border='none' style='margin:1px; padding: 0;'  \/><\/a><\/span><span class='pushbutton'><a href='http:\/\/www.wikio.es\/vote?url=https%3A%2F%2Fwww.emiliosilveravazquez.com%2Fblog%2F2015%2F06%2F07%2Fde-nuevo-el-ciclo-se-cumple-y-el-verano-esta-llegando%2F' title='Wikio' target='_blank' rel='nofollow'><img src='https:\/\/www.emiliosilveravazquez.com\/blog\/wp-content\/plugins\/knxdt-bookmarks-wordpress-plugin\/images\/wikio.png'   alt='' class='book_img' border='none' style='margin:1px; padding: 0;'   \/><\/a><\/span><span class='pushbutton'><a href='http:\/\/friendfeed.com\/?url=https%3A%2F%2Fwww.emiliosilveravazquez.com%2Fblog%2F2015%2F06%2F07%2Fde-nuevo-el-ciclo-se-cumple-y-el-verano-esta-llegando%2F&amp;title=De+nuevo+el+ciclo+se+cumple+y%2C+el+Verano+est%C3%A1+llegando' title='Friend Feed' target='_blank' rel='nofollow'><img src='https:\/\/www.emiliosilveravazquez.com\/blog\/wp-content\/plugins\/knxdt-bookmarks-wordpress-plugin\/images\/friendfeed.png'  alt='' class='book_img' border='none' style='margin:1px; padding: 0;'  \/><\/a><\/span><span class='pushbutton'><a href='http:\/\/www.facebook.com\/share.php?u=https%3A%2F%2Fwww.emiliosilveravazquez.com%2Fblog%2F2015%2F06%2F07%2Fde-nuevo-el-ciclo-se-cumple-y-el-verano-esta-llegando%2F&amp;t=De+nuevo+el+ciclo+se+cumple+y%2C+el+Verano+est%C3%A1+llegando' title='Facebook' target='_blank' rel='nofollow'><img src='https:\/\/www.emiliosilveravazquez.com\/blog\/wp-content\/plugins\/knxdt-bookmarks-wordpress-plugin\/images\/facebook.png'  alt='' class='book_img' border='none' style='margin:1px; padding: 0;'  \/><\/a><\/span><span class='pushbutton'><a href='http:\/\/twitter.com\/home?status=De+nuevo+el+ciclo+se+cumple+y%2C+el+Verano+est%C3%A1+llegando: https%3A%2F%2Fwww.emiliosilveravazquez.com%2Fblog%2F2015%2F06%2F07%2Fde-nuevo-el-ciclo-se-cumple-y-el-verano-esta-llegando%2F' title='Twitter' target='_blank' rel='nofollow'><img src='https:\/\/www.emiliosilveravazquez.com\/blog\/wp-content\/plugins\/knxdt-bookmarks-wordpress-plugin\/images\/twitter.png'  alt='' class='book_img' border='none' style='margin:1px; padding: 0;'  \/><\/a><\/span><span class='pushbutton'><a href='http:\/\/www.feedburner.com\/fb\/a\/emailFlare?itemTitle=De+nuevo+el+ciclo+se+cumple+y%2C+el+Verano+est%C3%A1+llegando&amp;uri=https%3A%2F%2Fwww.emiliosilveravazquez.com%2Fblog%2F2015%2F06%2F07%2Fde-nuevo-el-ciclo-se-cumple-y-el-verano-esta-llegando%2F' title='Enviar por Email' target='_blank' rel='nofollow'><img src='https:\/\/www.emiliosilveravazquez.com\/blog\/wp-content\/plugins\/knxdt-bookmarks-wordpress-plugin\/images\/email.png'  alt='' class='book_img' border='none' style='margin:1px; padding: 0;'  \/><\/a><\/span><span style='font-weight:bold; padding-left: 5px;'><a href='http:\/\/wordpress.org\/extend\/plugins\/knxdt-bookmarks-wordpress-plugin\/' title='Plugin' rel='nofollow' target='_blank'>[?]<\/a><\/span><\/td><\/tr><\/table><br\/><br\/><\/div>","protected":false},"excerpt":{"rendered":"<p>\u00a0Quedan muchos misterios por desvelar \u00a1El Futuro! Ser\u00e1 nuestro, o, se nos ir\u00e1 de las manos. &nbsp; Cuando el Verano se acerca, todo cambia. En los salientes de las fachadas se pueden ver los nidos de golondrinas\u00a0 y, en cuanto el d\u00eda despunta, es una at\u00e9ntica algarab\u00eda de sonidos que no precisamente trinos. A Espa\u00f1a [&hellip;]<\/p>\n","protected":false},"author":2,"featured_media":0,"comment_status":"open","ping_status":"open","sticky":false,"template":"","format":"standard","meta":{"_s2mail":"yes","footnotes":""},"categories":[75],"tags":[],"_links":{"self":[{"href":"https:\/\/www.emiliosilveravazquez.com\/blog\/wp-json\/wp\/v2\/posts\/12462"}],"collection":[{"href":"https:\/\/www.emiliosilveravazquez.com\/blog\/wp-json\/wp\/v2\/posts"}],"about":[{"href":"https:\/\/www.emiliosilveravazquez.com\/blog\/wp-json\/wp\/v2\/types\/post"}],"author":[{"embeddable":true,"href":"https:\/\/www.emiliosilveravazquez.com\/blog\/wp-json\/wp\/v2\/users\/2"}],"replies":[{"embeddable":true,"href":"https:\/\/www.emiliosilveravazquez.com\/blog\/wp-json\/wp\/v2\/comments?post=12462"}],"version-history":[{"count":0,"href":"https:\/\/www.emiliosilveravazquez.com\/blog\/wp-json\/wp\/v2\/posts\/12462\/revisions"}],"wp:attachment":[{"href":"https:\/\/www.emiliosilveravazquez.com\/blog\/wp-json\/wp\/v2\/media?parent=12462"}],"wp:term":[{"taxonomy":"category","embeddable":true,"href":"https:\/\/www.emiliosilveravazquez.com\/blog\/wp-json\/wp\/v2\/categories?post=12462"},{"taxonomy":"post_tag","embeddable":true,"href":"https:\/\/www.emiliosilveravazquez.com\/blog\/wp-json\/wp\/v2\/tags?post=12462"}],"curies":[{"name":"wp","href":"https:\/\/api.w.org\/{rel}","templated":true}]}}