{"id":12453,"date":"2015-06-07T06:16:57","date_gmt":"2015-06-07T05:16:57","guid":{"rendered":"http:\/\/www.emiliosilveravazquez.com\/blog\/?p=12453"},"modified":"2015-06-07T06:16:57","modified_gmt":"2015-06-07T05:16:57","slug":"el-planeta-enano-y-sus-lunas-en-noticias","status":"publish","type":"post","link":"https:\/\/www.emiliosilveravazquez.com\/blog\/2015\/06\/07\/el-planeta-enano-y-sus-lunas-en-noticias\/","title":{"rendered":"El Planeta enano y sus lunas en Noticias"},"content":{"rendered":"<h1 style=\"text-align: justify;\"><\/h1>\n<h1 style=\"text-align: justify;\"><strong>El Ca\u00f3tico Baile de las Lunas de Plut\u00f3n<\/strong><\/h1>\n<div>\n<div>\n<div style=\"text-align: justify;\">\n<div>\n<div>\n<div>jos\u00e9 manuel nieves \/ madrid en ABC.es<\/div>\n<\/div>\n<\/div>\n<\/div>\n<div style=\"text-align: justify;\">\n<h3>Dos de los sat\u00e9lites del planeta enano rotan de manera ca\u00f3tica, seg\u00fan un estudio elaborado por los datos obtenidos del telescopio <a href=\"#\" onclick=\"referencia('hubble',event); return false;\">Hubble<\/a><\/h3>\n<p>&nbsp;<\/p>\n<p>&nbsp;<\/p>\n<\/div>\n<div style=\"text-align: justify;\">\u00a0<img decoding=\"async\" loading=\"lazy\" id=\"irc_mi\" src=\"http:\/\/red-estelar.webcindario.com\/images\/0045.jpg\" alt=\"\" width=\"478\" height=\"292\" \/><\/div>\n<div>\n<p style=\"text-align: justify;\">Dentro de cuarenta d\u00edas, la nave <a title=\"New Horizons\" href=\"http:\/\/www.abc.es\/ciencia\/20150506\/abci-horizons-caronte-201505061521.html\">New Horizons<\/a>, de la NASA, efectuar\u00e1 su m\u00e1xima aproximaci\u00f3n a Plut\u00f3n, el mundo que en 2006 perdi\u00f3 su categor\u00eda planetaria tras el descubrimiento, un a\u00f1o antes, de Eris, un 27% m\u00e1s grande y que oblig\u00f3 a la Uni\u00f3n Astron\u00f3mica Internacional a cambiar la definici\u00f3n oficial de \u00abplaneta\u00bb.<\/p>\n<p style=\"text-align: justify;\">Mientras llega ese momento, un nuevo estudio elaborado con todos los datos disponibles del telescopio espacial <a href=\"#\" onclick=\"referencia('hubble',event); return false;\">Hubble<\/a> ha permitido llevar a cabo la investigaci\u00f3n m\u00e1s completa jam\u00e1s hecha hasta ahora del misterioso sistema formado por <a title=\"el planeta enano\" href=\"http:\/\/www.abc.es\/ciencia\/20140923\/abci-pluton-planeta-201409231117.html\">el planeta enano<\/a> y sus cuatro lunas principales. Y las observaciones muestran que por lo menos dos de esas lunas no est\u00e1n rotando sobre sus ejes, sino que lo hacen de una forma ca\u00f3tica al mismo tiempo que orbitan alrededor de Plut\u00f3n y de su sat\u00e9lite principal, Caronte. El estudio, que se publica esta semana en Nature, revela tambi\u00e9n que una de las lunas tiene un sorprendente color negro azabache.<\/p>\n<p style=\"text-align: justify;\"><img decoding=\"async\" loading=\"lazy\" src=\"https:\/\/cnho.files.wordpress.com\/2013\/04\/esfericos.jpg\" alt=\"https:\/\/cnho.files.wordpress.com\/2013\/04\/esfericos.jpg\" width=\"1024\" height=\"493\" \/><\/p>\n<p style=\"text-align: justify;\">Todas las lunas del Sistema Solar, incluida la nuestra, rotan sobre su eje a la misma velocidad a la que orbitan a sus respectivos planetas. Y esa es la raz\u00f3n por la que, desde la Tierra, siempre vemos la misma cara de nuestro sat\u00e9lite. Pero los astr\u00f3nomos acaban de descubrir que las lunas de Plut\u00f3n, o por lo menos dos de ellas, no tienen una cara oculta.<\/p>\n<p style=\"text-align: justify;\"><img decoding=\"async\" loading=\"lazy\" id=\"irc_mi\" src=\"http:\/\/www.abc.es\/Media\/201506\/03\/luna-pluton--229x229.jpg\" alt=\"\" width=\"229\" height=\"229\" \/><\/p>\n<p style=\"text-align: justify;\">El nuevo y sorprendente estudio, en efecto, ha revelado queNix e Hidra tienen una rotaci\u00f3n ca\u00f3tica. Y eso significa que un observador que estuviera sobre la superficie de Plut\u00f3n no ver\u00eda la misma cara de estas lunas todas las noches. Pero para un observador que se situara en una de estas lunas, las cosas ser\u00edan a\u00fan m\u00e1s extra\u00f1as, ya que para \u00e9l, cada d\u00eda tendr\u00eda una duraci\u00f3n diferente a la del d\u00eda anterior.<\/p>\n<p style=\"text-align: justify;\">A las otras dos lunas estudiadas, Cerbero y Estigia, probablemente les sucede lo mismo, aunque ser\u00e1n necesarios nuevos datos para confirmarlo. \u00abAntes de las observaciones del <a href=\"#\" onclick=\"referencia('hubble',event); return false;\">Hubble<\/a> -explica Mark Showalte, investigador del Instituto SETI en California y autor principal del estudio- nadie se hab\u00eda dado cuenta de la intrincada din\u00e1mica del sistema plutoniano\u00bb.<\/p>\n<p style=\"text-align: justify;\"><img decoding=\"async\" loading=\"lazy\" id=\"irc_mi\" src=\"http:\/\/upload.wikimedia.org\/wikipedia\/commons\/thumb\/7\/70\/Pluto_system_2006_es.jpg\/225px-Pluto_system_2006_es.jpg\" alt=\"\" width=\"225\" height=\"212\" \/><\/p>\n<p style=\"text-align: justify;\">Esta ca\u00f3tica \u00abdanza\u00bb de las lunas de Plut\u00f3n se debe a la influencia de los dos cuerpos centrales del sistema, Plut\u00f3n y Caronte (que tiene un tama\u00f1o superior a la mitad que el del planeta enano). \u00abEstos dos cuerpos -explica el astr\u00f3nomo Doug Hamilton, coautor del estudio- giran muy r\u00e1pidamente uno alrededor del otro, haciendo que las fuerzas gravitacionales que ejercen sobre las peque\u00f1as lunas cercanas cambien constantemente. Y el estar sujetas a estas fuerzas gravitatorias tan variables es lo que hace que la rotaci\u00f3n de las lunas de Plut\u00f3n sea tan impredecible. El caos gravitatorio, adem\u00e1s, se acent\u00faa por el hecho de que estas lunas no son redondas, sino que tienen la forma de un bal\u00f3n de rugby\u00bb.<\/p>\n<p style=\"text-align: justify;\">El movimiento de las lunas en el sistema Plut\u00f3n-Caronte ofrece pistas muy valiosas sobre c\u00f3mo los planetas se comportan al orbitar una estrella doble. \u00abEstamos aprendiendo que el caos puede ser una caracter\u00edstica com\u00fan a todos los sistemas binarios -a\u00f1ade Hamilton-. Y eso podr\u00eda tener consecuencias para la vida en los planetas que giran alrededor de estrellas dobles\u00bb.<\/p>\n<p style=\"text-align: justify;\"><img decoding=\"async\" loading=\"lazy\" id=\"irc_mi\" src=\"http:\/\/coctel-de-ciencias.blogs.quo.es\/files\/2013\/02\/pluto-rocks-pr-header-copia1.jpg\" alt=\"\" width=\"478\" height=\"335\" \/><\/p>\n<p style=\"text-align: justify;\">Las im\u00e1genes del <a href=\"#\" onclick=\"referencia('hubble',event); return false;\">Hubble<\/a> revelan tambi\u00e9n que Cerbero tiene un color negro azabache que contrasta con el blanco brillante de las otras lunas. Y por ahora esa negrura absoluta constituye un misterio para los investigadores.<\/p>\n<p style=\"text-align: justify;\">Adem\u00e1s, los cient\u00edficos se han dado cuenta de otro hecho extraordinario: existe una conexi\u00f3n entre las \u00f3rbitas de tres de las lunas, Nix, Estigia e Hidra. \u00abSus movimientos -explica Hamilton- est\u00e1n ligados de una forma similar a como lo est\u00e1n los de las tres lunas mayores de J\u00fapiter. Si te sentaras en Nix, podr\u00edas ver c\u00f3mo Estigia gira alrededor de Plut\u00f3n dos veces mientras que Hidra lo hace tres\u00bb.<\/p>\n<p style=\"text-align: justify;\">Para el investigador, \u00abPlut\u00f3n seguir\u00e1 sorprendi\u00e9ndonos cuando la New Horizons llegue en Julio. Nuestro trabajo con el <a href=\"#\" onclick=\"referencia('hubble',event); return false;\">Hubble<\/a> no es m\u00e1s que un aperitivo de lo que nos espera\u00bb.<\/p>\n<\/div>\n<\/div>\n<\/div>\n<div class='bookmark'>\r\n\t\t<table align='left' border='0' cellpadding='0' width='100%'>\r\n\t\t<tr><td><span class='pushbutton'><a href='http:\/\/delicious.com\/post?url=https%3A%2F%2Fwww.emiliosilveravazquez.com%2Fblog%2F2015%2F06%2F07%2Fel-planeta-enano-y-sus-lunas-en-noticias%2F&amp;title=El+Planeta+enano+y+sus+lunas+en+Noticias' title='Delicious' target='_blank' rel='nofollow'><img src='https:\/\/www.emiliosilveravazquez.com\/blog\/wp-content\/plugins\/knxdt-bookmarks-wordpress-plugin\/images\/delicious.png'  alt='' class='book_img' border='none' style='margin:1px; padding: 0;'  \/><\/a><\/span><span class='pushbutton'><a href='http:\/\/digg.com\/submit?url=https%3A%2F%2Fwww.emiliosilveravazquez.com%2Fblog%2F2015%2F06%2F07%2Fel-planeta-enano-y-sus-lunas-en-noticias%2F&amp;title=El+Planeta+enano+y+sus+lunas+en+Noticias' title='Digg' target='_blank' rel='nofollow'><img src='https:\/\/www.emiliosilveravazquez.com\/blog\/wp-content\/plugins\/knxdt-bookmarks-wordpress-plugin\/images\/digg.png'  alt='' class='book_img' border='none' style='margin:1px; padding: 0;'  \/><\/a><\/span><span class='pushbutton'><a href='http:\/\/www.google.com\/bookmarks\/mark?op=edit&amp;bkmk=https%3A%2F%2Fwww.emiliosilveravazquez.com%2Fblog%2F2015%2F06%2F07%2Fel-planeta-enano-y-sus-lunas-en-noticias%2F&amp;title=El+Planeta+enano+y+sus+lunas+en+Noticias' title='Google' target='_blank' rel='nofollow'><img src='https:\/\/www.emiliosilveravazquez.com\/blog\/wp-content\/plugins\/knxdt-bookmarks-wordpress-plugin\/images\/google.png'   alt='' class='book_img' border='none' style='margin:1px; padding: 0;'  \/><\/a><\/span><span class='pushbutton'><a href='http:\/\/myweb2.search.yahoo.com\/myresults\/bookmarklet?u=https%3A%2F%2Fwww.emiliosilveravazquez.com%2Fblog%2F2015%2F06%2F07%2Fel-planeta-enano-y-sus-lunas-en-noticias%2F&amp;t=El+Planeta+enano+y+sus+lunas+en+Noticias' title='Yahoo' target='_blank' rel='nofollow'><img src='https:\/\/www.emiliosilveravazquez.com\/blog\/wp-content\/plugins\/knxdt-bookmarks-wordpress-plugin\/images\/yahoo.png'  alt='' class='book_img' border='none' style='margin:1px; padding: 0;'  \/><\/a><\/span><span class='pushbutton'><a href='http:\/\/www.technorati.com\/faves?add=https%3A%2F%2Fwww.emiliosilveravazquez.com%2Fblog%2F2015%2F06%2F07%2Fel-planeta-enano-y-sus-lunas-en-noticias%2F' title='Technorati' target='_blank' rel='nofollow'><img src='https:\/\/www.emiliosilveravazquez.com\/blog\/wp-content\/plugins\/knxdt-bookmarks-wordpress-plugin\/images\/technorati.png'  alt='' class='book_img' border='none' style='margin:1px; padding: 0;'  \/><\/a><\/span><span class='pushbutton'><a href='http:\/\/meneame.net\/submit.php?url=https%3A%2F%2Fwww.emiliosilveravazquez.com%2Fblog%2F2015%2F06%2F07%2Fel-planeta-enano-y-sus-lunas-en-noticias%2F' title='Meneame' target='_blank' rel='nofollow'><img src='https:\/\/www.emiliosilveravazquez.com\/blog\/wp-content\/plugins\/knxdt-bookmarks-wordpress-plugin\/images\/meneame.png'  alt='' class='book_img' border='none' style='margin:1px; padding: 0;'  \/><\/a><\/span><span class='pushbutton'><a href='http:\/\/enchilame.com\/submit.php?url=https:\/\/www.emiliosilveravazquez.com\/blog\/2015\/06\/07\/el-planeta-enano-y-sus-lunas-en-noticias\/' target='_blank' rel='nofollow'><img title='Enchilame' src='https:\/\/www.emiliosilveravazquez.com\/blog\/wp-content\/plugins\/knxdt-bookmarks-wordpress-plugin\/images\/enchilame.png'  alt='' class='book_img' border='none' style='margin:1px; padding: 0;'  \/><\/a><\/span><span class='pushbutton'><a href='http:\/\/www.blinklist.com\/index.php?Action=Blink\/addblink.php&amp;Description=&amp;Url=https%3A%2F%2Fwww.emiliosilveravazquez.com%2Fblog%2F2015%2F06%2F07%2Fel-planeta-enano-y-sus-lunas-en-noticias%2F&amp;title=El+Planeta+enano+y+sus+lunas+en+Noticias' title='BlinkList' target='_blank' rel='nofollow'><img src='https:\/\/www.emiliosilveravazquez.com\/blog\/wp-content\/plugins\/knxdt-bookmarks-wordpress-plugin\/images\/blinklist.png'  alt='' class='book_img' border='none' style='margin:1px; padding: 0;'  \/><\/a><\/span><span class='pushbutton'><a href='http:\/\/reddit.com\/submit?url=https%3A%2F%2Fwww.emiliosilveravazquez.com%2Fblog%2F2015%2F06%2F07%2Fel-planeta-enano-y-sus-lunas-en-noticias%2F&amp;title=El+Planeta+enano+y+sus+lunas+en+Noticias' title='Reddit' target='_blank' rel='nofollow'><img src='https:\/\/www.emiliosilveravazquez.com\/blog\/wp-content\/plugins\/knxdt-bookmarks-wordpress-plugin\/images\/reddit.png'  alt='' class='book_img' border='none' style='margin:1px; padding: 0;'  \/><\/a><\/span><span class='pushbutton'><a href='http:\/\/www.tecnologiadiaria.com\/2009\/07\/abrir-com-hotmail-correo.html' target='_blank' title='hotmail'><img src='https:\/\/www.emiliosilveravazquez.com\/blog\/wp-content\/plugins\/knxdt-bookmarks-wordpress-plugin\/images\/linklove.png' alt='hotmail correo' class='book_img' border='none' style='margin:1px; padding: 0;' \/><\/a><\/span><span class='pushbutton'><a href='http:\/\/bitacoras.com\/votar\/anotacion\/externo\/mini\/www.emiliosilveravazquez.com\/blog\/2015\/06\/07\/el-planeta-enano-y-sus-lunas-en-noticias\/' title='Bitacoras.com' target='_blank' rel='nofollow'><img src='https:\/\/www.emiliosilveravazquez.com\/blog\/wp-content\/plugins\/knxdt-bookmarks-wordpress-plugin\/images\/bitacoras.png'  alt='' class='book_img' border='none' style='margin:1px; padding: 0;'  \/><\/a><\/span><span class='pushbutton'><a href='http:\/\/www.wikio.es\/vote?url=https%3A%2F%2Fwww.emiliosilveravazquez.com%2Fblog%2F2015%2F06%2F07%2Fel-planeta-enano-y-sus-lunas-en-noticias%2F' title='Wikio' target='_blank' rel='nofollow'><img src='https:\/\/www.emiliosilveravazquez.com\/blog\/wp-content\/plugins\/knxdt-bookmarks-wordpress-plugin\/images\/wikio.png'   alt='' class='book_img' border='none' style='margin:1px; padding: 0;'   \/><\/a><\/span><span class='pushbutton'><a href='http:\/\/friendfeed.com\/?url=https%3A%2F%2Fwww.emiliosilveravazquez.com%2Fblog%2F2015%2F06%2F07%2Fel-planeta-enano-y-sus-lunas-en-noticias%2F&amp;title=El+Planeta+enano+y+sus+lunas+en+Noticias' title='Friend Feed' target='_blank' rel='nofollow'><img src='https:\/\/www.emiliosilveravazquez.com\/blog\/wp-content\/plugins\/knxdt-bookmarks-wordpress-plugin\/images\/friendfeed.png'  alt='' class='book_img' border='none' style='margin:1px; padding: 0;'  \/><\/a><\/span><span class='pushbutton'><a href='http:\/\/www.facebook.com\/share.php?u=https%3A%2F%2Fwww.emiliosilveravazquez.com%2Fblog%2F2015%2F06%2F07%2Fel-planeta-enano-y-sus-lunas-en-noticias%2F&amp;t=El+Planeta+enano+y+sus+lunas+en+Noticias' title='Facebook' target='_blank' rel='nofollow'><img src='https:\/\/www.emiliosilveravazquez.com\/blog\/wp-content\/plugins\/knxdt-bookmarks-wordpress-plugin\/images\/facebook.png'  alt='' class='book_img' border='none' style='margin:1px; padding: 0;'  \/><\/a><\/span><span class='pushbutton'><a href='http:\/\/twitter.com\/home?status=El+Planeta+enano+y+sus+lunas+en+Noticias: https%3A%2F%2Fwww.emiliosilveravazquez.com%2Fblog%2F2015%2F06%2F07%2Fel-planeta-enano-y-sus-lunas-en-noticias%2F' title='Twitter' target='_blank' rel='nofollow'><img src='https:\/\/www.emiliosilveravazquez.com\/blog\/wp-content\/plugins\/knxdt-bookmarks-wordpress-plugin\/images\/twitter.png'  alt='' class='book_img' border='none' style='margin:1px; padding: 0;'  \/><\/a><\/span><span class='pushbutton'><a href='http:\/\/www.feedburner.com\/fb\/a\/emailFlare?itemTitle=El+Planeta+enano+y+sus+lunas+en+Noticias&amp;uri=https%3A%2F%2Fwww.emiliosilveravazquez.com%2Fblog%2F2015%2F06%2F07%2Fel-planeta-enano-y-sus-lunas-en-noticias%2F' title='Enviar por Email' target='_blank' rel='nofollow'><img src='https:\/\/www.emiliosilveravazquez.com\/blog\/wp-content\/plugins\/knxdt-bookmarks-wordpress-plugin\/images\/email.png'  alt='' class='book_img' border='none' style='margin:1px; padding: 0;'  \/><\/a><\/span><span style='font-weight:bold; padding-left: 5px;'><a href='http:\/\/wordpress.org\/extend\/plugins\/knxdt-bookmarks-wordpress-plugin\/' title='Plugin' rel='nofollow' target='_blank'>[?]<\/a><\/span><\/td><\/tr><\/table><br\/><br\/><\/div>","protected":false},"excerpt":{"rendered":"<p>El Ca\u00f3tico Baile de las Lunas de Plut\u00f3n jos\u00e9 manuel nieves \/ madrid en ABC.es Dos de los sat\u00e9lites del planeta enano rotan de manera ca\u00f3tica, seg\u00fan un estudio elaborado por los datos obtenidos del telescopio Hubble &nbsp; &nbsp; \u00a0 Dentro de cuarenta d\u00edas, la nave New Horizons, de la NASA, efectuar\u00e1 su m\u00e1xima aproximaci\u00f3n [&hellip;]<\/p>\n","protected":false},"author":2,"featured_media":0,"comment_status":"open","ping_status":"open","sticky":false,"template":"","format":"standard","meta":{"_s2mail":"yes","footnotes":""},"categories":[142],"tags":[],"_links":{"self":[{"href":"https:\/\/www.emiliosilveravazquez.com\/blog\/wp-json\/wp\/v2\/posts\/12453"}],"collection":[{"href":"https:\/\/www.emiliosilveravazquez.com\/blog\/wp-json\/wp\/v2\/posts"}],"about":[{"href":"https:\/\/www.emiliosilveravazquez.com\/blog\/wp-json\/wp\/v2\/types\/post"}],"author":[{"embeddable":true,"href":"https:\/\/www.emiliosilveravazquez.com\/blog\/wp-json\/wp\/v2\/users\/2"}],"replies":[{"embeddable":true,"href":"https:\/\/www.emiliosilveravazquez.com\/blog\/wp-json\/wp\/v2\/comments?post=12453"}],"version-history":[{"count":0,"href":"https:\/\/www.emiliosilveravazquez.com\/blog\/wp-json\/wp\/v2\/posts\/12453\/revisions"}],"wp:attachment":[{"href":"https:\/\/www.emiliosilveravazquez.com\/blog\/wp-json\/wp\/v2\/media?parent=12453"}],"wp:term":[{"taxonomy":"category","embeddable":true,"href":"https:\/\/www.emiliosilveravazquez.com\/blog\/wp-json\/wp\/v2\/categories?post=12453"},{"taxonomy":"post_tag","embeddable":true,"href":"https:\/\/www.emiliosilveravazquez.com\/blog\/wp-json\/wp\/v2\/tags?post=12453"}],"curies":[{"name":"wp","href":"https:\/\/api.w.org\/{rel}","templated":true}]}}