{"id":11515,"date":"2024-09-23T06:06:50","date_gmt":"2024-09-23T05:06:50","guid":{"rendered":"http:\/\/www.emiliosilveravazquez.com\/blog\/?p=11515"},"modified":"2024-09-23T08:58:02","modified_gmt":"2024-09-23T07:58:02","slug":"%c2%bfque-somos-en-realidad-algun-dia-lo-sabremos","status":"publish","type":"post","link":"https:\/\/www.emiliosilveravazquez.com\/blog\/2024\/09\/23\/%c2%bfque-somos-en-realidad-algun-dia-lo-sabremos\/","title":{"rendered":"\u00bfQu\u00e9 somos en realidad? \u00bfLo sabremos alg\u00fan d\u00eda?"},"content":{"rendered":"<p style=\"text-align: justify;\"><img decoding=\"async\" loading=\"lazy\" id=\"irc_mi\" src=\"http:\/\/3.bp.blogspot.com\/-p1oPjK9FK-s\/T8STlhsScPI\/AAAAAAAAAUI\/-Af3qgaY0sE\/s1600\/conciencia+03.jpg\" alt=\"\" width=\"403\" height=\"393\" \/><img decoding=\"async\" loading=\"lazy\" id=\"irc_mi\" src=\"http:\/\/www.emiliosilveravazquez.com\/images\/portada.jpg\" alt=\"\" width=\"278\" height=\"393\" \/><\/p>\n<p style=\"text-align: justify;\">\u00a0\u00a0\u00a0\u00a0\u00a0\u00a0\u00a0\u00a0\u00a0\u00a0\u00a0 <strong>\u00a0No es que estemos conectados con el Universo, lo cierto es, \u00a1que somos parte de \u00e9l!<\/strong><\/p>\n<p style=\"text-align: justify;\">Estoy totalmente convencido de que, de alguna manera, nuestras mentes, est\u00e1n conectadas con el cosmos del que formamos parte.\u00a0 Estamos aqu\u00ed y nos parece de lo m\u00e1s natural, nunca nos paramos a pensar en c\u00f3mo fue eso posible, en c\u00f3mo surgi\u00f3 el &#8220;milagro&#8221;.\u00a0 A partir de la materia \u201cinerte\u201d evolucionada surgen entes pensantes y vivos, \u00bfC\u00f3mo es posible tal maravilla?<\/p>\n<p>&nbsp;<\/p>\n<p>&nbsp;<\/p>\n<p><img decoding=\"async\" loading=\"lazy\" class=\"\" src=\"https:\/\/upload.wikimedia.org\/wikipedia\/commons\/thumb\/8\/85\/Fusion_in_the_Sun.svg\/250px-Fusion_in_the_Sun.svg.png\" alt=\"Cadena prot\u00f3n-prot\u00f3n\" width=\"596\" height=\"853\" \/><\/p>\n<p><b>Cadena <a href=\"#\" onclick=\"referencia('proton',event); return false;\">prot\u00f3n<\/a>-<a href=\"#\" onclick=\"referencia('proton',event); return false;\">prot\u00f3n<\/a><\/b><\/p>\n<blockquote>\n<p style=\"text-align: justify;\">La\u00a0<b>cadena <a href=\"#\" onclick=\"referencia('proton',event); return false;\">prot\u00f3n<\/a>-<a href=\"#\" onclick=\"referencia('proton',event); return false;\">prot\u00f3n<\/a><\/b> es una de las dos reacciones de fusi\u00f3n que se producen en las estrellas para convertir el hidr\u00f3geno en helio, el otro proceso conocido es el ciclo CNO. Las cadenas <a href=\"#\" onclick=\"referencia('proton',event); return false;\">prot\u00f3n<\/a>-<a href=\"#\" onclick=\"referencia('proton',event); return false;\">prot\u00f3n<\/a> son m\u00e1s importantes en estrellas del tama\u00f1o del <a title=\"Sol\" href=\"https:\/\/es.wikipedia.org\/wiki\/Sol\">Sol<\/a>\u00a0o menores. El balance global del proceso es el equivalente de unir cuatro <a href=\"#\" onclick=\"referencia('nucleones',event); return false;\">nucleones<\/a> y dos <a href=\"#\" onclick=\"referencia('electron',event); return false;\">electrones<\/a> para formar un n\u00facleo de helio-4 (2 <a href=\"#\" onclick=\"referencia('proton',event); return false;\">protones<\/a> + 2 <a href=\"#\" onclick=\"referencia('neutron',event); return false;\">neutrones<\/a>).<\/p>\n<p>&nbsp;<\/p><\/blockquote>\n<p><b>cadena <a href=\"#\" onclick=\"referencia('proton',event); return false;\">prot\u00f3n<\/a>-<a href=\"#\" onclick=\"referencia('proton',event); return false;\">prot\u00f3n<\/a><\/b><img decoding=\"async\" loading=\"lazy\" class=\"\" src=\"https:\/\/upload.wikimedia.org\/wikipedia\/commons\/thumb\/2\/21\/CNO_Cycle.svg\/800px-CNO_Cycle.svg.png\" alt=\"Ciclo CNO - Wikipedia, la enciclopedia libre\" width=\"593\" height=\"593\" \/><\/p>\n<p><b>Ciclo de carb\u00f3n-nitr\u00f3geno-ox\u00edgeno<\/b><\/p>\n<blockquote>\n<p style=\"text-align: justify;\"><b>Ciclo<\/b>\u00a0<b>CNO (Carbono-Nitr\u00f3geno-Ox\u00edgeno),<\/b>\u00a0tambi\u00e9n llamado <b>ciclo Bethe-Weizs\u00e4cker<\/b> a nombre de sus descubridores, es una de las dos reacciones nucleares de fusi\u00f3n por las que las <a title=\"Estrella\" href=\"https:\/\/es.wikipedia.org\/wiki\/Estrella\">estrellas<\/a> convierten hidr\u00f3geno en helio, siendo la otra la <a title=\"Cadena prot\u00f3n-prot\u00f3n\" href=\"https:\/\/es.wikipedia.org\/wiki\/Cadena_prot%C3%B3n-prot%C3%B3n\">cadena <a href=\"#\" onclick=\"referencia('proton',event); return false;\">prot\u00f3n<\/a>-<a href=\"#\" onclick=\"referencia('proton',event); return false;\">prot\u00f3n<\/a><\/a>. Aunque la cadena <a href=\"#\" onclick=\"referencia('proton',event); return false;\">prot\u00f3n<\/a>-<a href=\"#\" onclick=\"referencia('proton',event); return false;\">prot\u00f3n<\/a> es m\u00e1s importante en las estrellas de la masa del Sol o menor, los modelos te\u00f3ricos muestran que el ciclo CNO es la fuente de energ\u00eda dominante en las estrellas m\u00e1s masivas. El proceso CNO fue propuesto en 1938 por Hans Bethe,<\/p>\n<p style=\"text-align: justify;\">As\u00ed que existen principalmente estos\u00a0 dos procesos por los que se lleva a cabo la fusi\u00f3n del hidr\u00f3geno: <b>cadena <a href=\"#\" onclick=\"referencia('proton',event); return false;\">prot\u00f3n<\/a>-<a href=\"#\" onclick=\"referencia('proton',event); return false;\">prot\u00f3n<\/a> y el ciclo de carb\u00f3n-nitr\u00f3geno-ox\u00edgeno (ciclo CNO)<\/b>. El 90 % de las estrellas, a excepci\u00f3n de las enanas blancas, experimentan estos dos procesos para la fusi\u00f3n del hidr\u00f3geno.<\/p>\n<\/blockquote>\n<p>&nbsp;<\/p>\n<p><img decoding=\"async\" loading=\"lazy\" class=\"\" src=\"https:\/\/outreach.iac.es\/cosmoeduca\/universo\/anexos\/275\/estrellayelementos.jpg\" alt=\"Origen y evoluci\u00f3n del Universo\" width=\"327\" height=\"245\" \/><img decoding=\"async\" src=\"https:\/\/www.sabermas.umich.mx\/images\/stories\/17\/estres_4.JPG\" alt=\"ESTAMOS HECHOS DE POLVO DE ESTRELLAS?\" \/><\/p>\n<p>&nbsp;<\/p>\n<blockquote>\n<p style=\"text-align: justify;\"><b>As\u00ed las cosas sabemos que, las estrellas han estado 10.000.000.000 de a\u00f1os &#8220;fabricando&#8221; los metales y otros elementos pesados se forman en el interior de las estrellas al final de sus vidas de varios miles de millones de a\u00f1os<\/b>\u00a0y, dependiendo de su masa, se liberan al espacio en forma de viento estelar o en una explosi\u00f3n de supernova. Son el material de construcci\u00f3n para la pr\u00f3xima generaci\u00f3n de estrellas.<\/p>\n<\/blockquote>\n<p style=\"text-align: justify;\">Hay que pensar (lo he referido en muchas ocasiones) que, el material del que estamos hecho (Nitr\u00f3geno, Carbono, etc.), se fabric\u00f3 en las estrellas a partir del elemento m\u00e1s simple, el Hidr\u00f3geno que, evolucionado a materiales m\u00e1s complejos que llegaron hasta nuestro Sistema Solar primitivo en formaci\u00f3n para constituirse en parte del Planeta Tierra en el que, bajo ciertas condiciones atmosf\u00e9ricas, presencia de agua y de radiaci\u00f3n c\u00f3smica, dio lugar al nacimiento de aquella primera c\u00e9lula capaz de reproducirse que evolucion\u00f3 hasta nosotros.<\/p>\n<p>&nbsp;<\/p>\n<p style=\"text-align: justify;\"><img decoding=\"async\" loading=\"lazy\" id=\"irc_mi\" src=\"http:\/\/arkangyl.files.wordpress.com\/2013\/08\/neural-network-rotator.jpg\" alt=\"\" width=\"320\" height=\"240\" \/><img decoding=\"async\" loading=\"lazy\" class=\"\" src=\"https:\/\/i.pinimg.com\/originals\/9f\/47\/31\/9f47315be660467642072da64edd5dcc.gif\" alt=\"BOT\u00d3N PARA ELIMINAR RECUERDOS\" width=\"447\" height=\"242\" \/><\/p>\n<p>&nbsp;<\/p>\n<p style=\"text-align: justify;\">Estamos hecho de energ\u00eda pura fabricada en las estrellas y nuestras mentes evolucionan formando parte de un Universo en constante expansi\u00f3n del que, sin que nos demos cuenta, recibimos continuos mensajes que nos mantiene conectados a esa fuerza invisible que nos hace pensar para descubrir su fuente.<\/p>\n<p style=\"text-align: justify;\">En alg\u00fan momento breve, he tenido la sensaci\u00f3n de tener en mi mente la soluci\u00f3n a un pensamiento continuado sobre un problema cient\u00edfico que me preocupa y quisiera conocer.\u00a0 La sensaci\u00f3n de ese saber, de tener esa respuesta deseada, es fugaz, pasa con la misma rapidez que lleg\u00f3.\u00a0 Me deja inquieto y decepcionado, estaba a mi alcance y no se dej\u00f3 atrapar.\u00a0 Me ocurre con cierta frecuencia con distintos temas que me rondan por la cabeza.\u00a0 Sin embargo, esa luz fugaz del saber aparece y se va sin dejar rastro en mi mente que me permita, a partir de una simple huella, llegar al fondo de la cuesti\u00f3n origen del fen\u00f3meno.<\/p>\n<p>&nbsp;<\/p>\n<p style=\"text-align: justify;\"><img decoding=\"async\" loading=\"lazy\" id=\"irc_mi\" class=\"\" src=\"http:\/\/reikicris.files.wordpress.com\/2013\/07\/hombre-universo.jpg?w=545&amp;h=550\" alt=\"\" width=\"331\" height=\"334\" \/><img decoding=\"async\" loading=\"lazy\" class=\"\" src=\"https:\/\/upload.wikimedia.org\/wikipedia\/commons\/thumb\/1\/16\/El_pensador%2C_Auguste_Rodin.JPG\/135px-El_pensador%2C_Auguste_Rodin.JPG\" alt=\"El pensador - Wikipedia, la enciclopedia libre\" width=\"250\" height=\"334\" \/><\/p>\n<p style=\"text-align: justify;\"><strong>\u00a0\u00a0\u00a0 A partir de lo material surge ese Ente que generan los pensamientos<\/strong><\/p>\n<p style=\"text-align: justify;\">La mente humana es una maravilla.\u00a0 Esas sensaciones que antes he mencionado, y, que en m\u00ed, llegan y se van sin dejar huellas, son las mismas que sintieron Galileo, Kepler, <a href=\"#\" onclick=\"referencia('newton',event); return false;\">Newton<\/a>, Planck o <a href=\"#\" onclick=\"referencia('einstein',event); return false;\">Einstein<\/a>, lo \u00fanico diferente es que en ellos, la sensaci\u00f3n no fue tan fugaz, se qued\u00f3 el tiempo suficiente en sus mentes como para que pudieran digerir el mensaje y comunicar al mundo lo que les hab\u00eda transmitido.\u00a0 As\u00ed, a fogonazos de luz del saber, avanza la Humanidad.<\/p>\n<p style=\"text-align: justify;\">Nadie ha podido explicar nunca como llegan esos fogonazos de luz del conocimiento a unas pocas mentes elegidas.<\/p>\n<p style=\"text-align: justify;\">El cerebro se cuenta entre los objetos m\u00e1s complicados del Universo y es sin duda una de las estructuras m\u00e1s notables que haya producido la evoluci\u00f3n. Hace mucho tiempo, cuando a\u00fan no se conoc\u00eda la neurociencia, se sab\u00eda ya que el cerebro es necesario para la percepci\u00f3n, los sentimientos y los pensamientos.<\/p>\n<p>&nbsp;<\/p>\n<p style=\"text-align: justify;\"><img decoding=\"async\" title=\"M\u00e1s...\" src=\"http:\/\/www.emiliosilveravazquez.com\/blog\/wp-includes\/js\/tinymce\/plugins\/wordpress\/img\/trans.gif\" alt=\"\" \/><img decoding=\"async\" src=\"https:\/\/img.freepik.com\/foto-gratis\/comunicacion-neuronal-multicolor-sinapsis-brillante-diseno-abstracto-generado-ia_188544-16550.jpg\" alt=\"Fotos de Neurosis, +13.000 Fotos de stock gratuitas de gran calidad\" \/><\/p>\n<blockquote>\n<p style=\"text-align: justify;\">En esta endiablada mara\u00f1a \u00a0las neuronas se conectan al responder a experiencias o est\u00edmulos, se crea una sina<a href=\"#\" onclick=\"referencia('psi',event); return false;\">psi<\/a>s. En los primeros a\u00f1os de vida, los m\u00e1s fecundos del desarrollo, hay una explosi\u00f3n de estas conexiones neuronales. Seg\u00fan los estudios, se forman\u00a0<b>alrededor de 700 conexiones neuronales por segundo<\/b><\/p>\n<\/blockquote>\n<p style=\"text-align: justify;\">En tanto que objeto y sistema, el cerebro humano es muy especial: su conectividad, su din\u00e1mica, su forma de funcionamiento, su relaci\u00f3n con el cuerpo y con el mundo, no se parece a nada que la conciencia conozca.\u00a0 Su car\u00e1cter \u00fanico hace que el ofrecer una imagen del cerebro se convierta en un reto extraordinario.\u00a0 Aunque todav\u00eda estamos lejos de ofrecer una imagen completa del cerebro, si podemos ofrecer retazos y datos parciales de algunos de sus complicados mecanismos.\u00a0 Sin embargo, carecemos de informaci\u00f3n para generar una teor\u00eda satisfactoria de la conciencia.<\/p>\n<p>&nbsp;<\/p>\n<p><img decoding=\"async\" src=\"https:\/\/images.theconversation.com\/files\/553855\/original\/file-20231015-27-ty3830.jpg?ixlib=rb-4.1.0&amp;rect=29%2C0%2C2964%2C1878&amp;q=20&amp;auto=format&amp;w=320&amp;fit=clip&amp;dpr=2&amp;usm=12&amp;cs=strip\" alt=\"Un avance monumental: el primer atlas de las c\u00e9lulas del cerebro humano\" \/><\/p>\n<p><strong>\u00a0 \u00a0 \u00a0 \u00a0 \u00a0 \u00a0 \u00a0 \u00a0 \u00a0 \u00a0 \u00a0 \u00a0 En nosotros est\u00e1 &#8220;la m\u00e1quina&#8221; m\u00e1s compleja del Universo<\/strong><\/p>\n<blockquote>\n<p style=\"text-align: justify;\">\u201c<b>El cerebro humano tiene 100 mil millones de neuronas<\/b>, y todav\u00eda no sabemos del todo c\u00f3mo coordinan su trabajo\u201d En el marco de una jornada destinada a periodistas cient\u00edficos, neurocient\u00edficos aseguraron que lo que queda por averiguar en su campo es m\u00e1s de lo que se ha descubierto hasta el presente.<\/p>\n<\/blockquote>\n<p style=\"text-align: justify;\">Estamos tratando de algo que pesa poco m\u00e1s de 1 kg \u2013aproximadamente- y que contiene unos cien mil millones de c\u00e9lulas nerviosas o neuronas, generando continuamente emociones, etc.<\/p>\n<p style=\"text-align: justify;\"><strong>\u00a1Incre\u00edble, grandioso!<\/strong>\u00a0 \u00bfPero sabemos encausarlo? De momento: NO.<\/p>\n<p>&nbsp;<\/p>\n<p style=\"text-align: justify;\"><img decoding=\"async\" loading=\"lazy\" id=\"irc_mi\" src=\"http:\/\/radiocontempo.files.wordpress.com\/2008\/09\/adn-guay.jpg\" alt=\"\" width=\"400\" height=\"319\" \/><\/p>\n<p>&nbsp;<\/p>\n<p style=\"text-align: justify;\">El ADN de nuestros cuerpos contienen un registro del pasado, porque\u00a0 nuestros genes han sido moldeados por circunstancias ambientales. Aunque el registro gen\u00e9tico, como el registro geol\u00f3gico, ha quedado envuelto y oscurecido por los estragos del tiempo, no est\u00e1 completamente borrado.<\/p>\n<p style=\"text-align: justify;\">Sonsacando informaci\u00f3n de los genes, los microbi\u00f3logos pueden decir\u00a0 mucho sobre el ancestro universal que pudo haber vivido hace unos 4.000\u00a0 millones de a\u00f1os, y con esta informaci\u00f3n podemos conjeturar algo sobre\u00a0 las condiciones que imperaban en aquella \u00e9poca. El mensaje que se extrae es una aut\u00e9ntica sorpresa. Pero debemos confiar en nosotros mismos, en ese cerebro que a\u00fan no conocemos y que, en abril de 2.003, por ejemplo, nos llev\u00f3 a completar con \u00e9xito la secuenciaci\u00f3n de 3.000 millones de letras de A D N presentes en el genoma humano.<\/p>\n<p>&nbsp;<\/p>\n<p><img decoding=\"async\" src=\"https:\/\/b3395464.smushcdn.com\/3395464\/wp-content\/uploads\/2023\/12\/OIG.MENihKsB4q-600x600.webp?lossy=2&amp;strip=1&amp;webp=1\" alt=\"Cu\u00e1nta informaci\u00f3n cabe en el cerebro humano? | mizitacuaro.com - Mi Zit\u00e1cuaro Noticias\" \/><\/p>\n<p>&nbsp;<\/p>\n<blockquote>\n<p style=\"text-align: justify;\"><b>El ser humano es capaz de almacenar alrededor de 100 terabytes de memoria<\/b>, o lo que es lo mismo 100.000 gigabytes de recuerdos, experiencias, conocimientos, etc. Todos ellos embutidos en nuestra cabeza gracias a las antes citadas neuronas<\/p>\n<\/blockquote>\n<p style=\"text-align: justify;\">Precisamente,\u00a0 ese conocimiento, se puede ver como un manual de instrucciones reconvertible en el libro de medicina m\u00e1s potente imaginable.\u00a0 Parece que ah\u00ed est\u00e1 el futuro de la salud humana: La Gen\u00e9tica.\u00a0 El reto que tenemos por delante consiste en adoptar la forma correcta en que se deben leer los contenidos de todas esas p\u00e1ginas que contienen la secuenciaci\u00f3n de los 3.000 letras de A D N, y comprender el modo de c\u00f3mo funcionan juntas las distintas partes para encausar la salud y la enfermedad humanas.<\/p>\n<p style=\"text-align: justify;\">La consecuencia m\u00e1s importante de todo esto es que se ha abierto la puerta a un alentador y enorme (aunque complejo) paisaje biol\u00f3gico nuevo.\u00a0 Su exploraci\u00f3n necesitar\u00e1 de pensamientos creativos y nuevas ideas.<\/p>\n<p>&nbsp;<\/p>\n<p style=\"text-align: justify;\"><img decoding=\"async\" loading=\"lazy\" id=\"irc_mi\" class=\"\" src=\"http:\/\/2.bp.blogspot.com\/-4e40SSSds2Q\/TVhcVhdYF6I\/AAAAAAAADXE\/t6ZsFUChKG4\/s1600\/bleeeep.jpg\" alt=\"\" width=\"455\" height=\"256\" \/><img decoding=\"async\" loading=\"lazy\" id=\"irc_mi\" class=\"\" src=\"http:\/\/zonamayadotorg.files.wordpress.com\/2012\/10\/adn-mujer-univedrso.jpg\" alt=\"\" width=\"260\" height=\"260\" \/><\/p>\n<p>&nbsp;<\/p>\n<p style=\"text-align: justify;\">En el Universo todo es energ\u00eda y de ellas surgimos nosotros y surgi\u00f3 la Conciencia que tratamos de conocer. Vinimos de las estrellas y hacia las estrellas regresaremos alg\u00fan d\u00eda lejano en el futuro, cuando esa conciencia se expanda hasta el punto de que podamos comprender. Nadie puede negar que: \u00a1La energ\u00eda del Universo est\u00e1 en nosotros! Se nos da un tiempo (si no surgen problemas) para que podamos desplegar la parte alicuota de intelecto que nos toco en \u201csuerte\u201d, por \u201cazar\u201d, \u201cgen\u00e9tica\u201d o vaya usted a saber el motivo de que, algunos tengan dotes superiores a las que otros tenemos y puedan \u201cver\u201d con m\u00e1s facilidad la naturaleza de la Naturaleza. Creo que, todos los misterios del Universo, residen en nuestras mentes en las que, se encuentran todas las respuestas que podremos encontrar con el Tiempo. Precisamente por eso, se nos ha otorgado el don de poder luchar contra la <a href=\"http:\/\/www.emiliosilveravazquez.com\/blog\/2013\/10\/20\/%C2%A1el-cerebro-%C2%A1la-conciencia\/\"><a href=\"#\" onclick=\"referencia('entropia',event); return false;\">entrop\u00eda<\/a><\/a> y, junto con las galaxias espirales, podemos generar <a href=\"http:\/\/www.emiliosilveravazquez.com\/blog\/2013\/10\/20\/%C2%A1el-cerebro-%C2%A1la-conciencia\/\"><a href=\"#\" onclick=\"referencia('entropia',event); return false;\">entrop\u00eda<\/a><\/a> negativa que impide el deterioro ininterrumpido del mundo.<\/p>\n<p>&nbsp;<\/p>\n<p style=\"text-align: justify;\"><img decoding=\"async\" loading=\"lazy\" id=\"irc_mi\" src=\"http:\/\/starviewer.files.wordpress.com\/2010\/06\/cuerdastheory.jpg\" alt=\"\" width=\"620\" height=\"393\" \/><\/p>\n<p style=\"text-align: justify;\">Lo incomprensible de todo esto es que lo podamos comprender. \u00a1Ideas que surgen tratando de decirnos como es el &#8220;mundo&#8221;<\/p>\n<p style=\"text-align: justify;\">Hace 30 a\u00f1os, todo esto era un sue\u00f1o, nadie se atrev\u00eda a pensar siquiera con que este logro ser\u00eda posible alg\u00fan d\u00eda \u00a1secuenciar 3000 millones de grafos de A D N! Sin embargo, aqu\u00ed viene la contradicci\u00f3n o paradoja, el cerebro que a\u00fan no conocemos, lo ha hecho posible. La gen\u00f3mica es una aut\u00e9ntica promesa para nuestra salud, pero necesitaremos algunos saltos cu\u00e1nticos en la velocidad y la eficacia de la secuenciaci\u00f3n del A D N.<\/p>\n<p>&nbsp;<\/p>\n<p style=\"text-align: justify;\"><img decoding=\"async\" src=\"http:\/\/3.bp.blogspot.com\/-RZ3aBa06Af0\/TgYFtcv2sYI\/AAAAAAAAOdI\/Jr8PvKQghdw\/s1600\/neuronas.jpg\" alt=\"\" \/><\/p>\n<p>\u00a0 \u00a0 <strong>\u00a0 \u00a0 No ser\u00e1 f\u00e1cil llegar a comprender lo que aqu\u00ed vemos<\/strong><\/p>\n<p>&nbsp;<\/p>\n<p style=\"text-align: justify;\">Los circuitos y conexiones cerebrales generan n\u00fameros que sobrepasan el de estrellas en las galaxias. Estamos tratando de algo que pesa poco m\u00e1s de 1 Kg \u2013aproximadamente\u2013,\u00a0 que contiene unos cien mil millones de c\u00e9lulas nerviosas o neuronas, generando continuamente emociones y pensamientos.<\/p>\n<p style=\"text-align: justify;\">La consecuencia m\u00e1s importante de todo esto es que se ha abierto la puerta a un alentador y enorme (aunque complejo) paisaje biol\u00f3gico .Su exploraci\u00f3n necesitar\u00e1 de pensamientos creativos y nuevas ideas. Hace 40 a\u00f1os, todo esto era un sue\u00f1o, nadie se atrev\u00eda a pensar siquiera con que este logro ser\u00eda posible alg\u00fan d\u00eda \u00a1secuenciar 3000 millones de grafos de A D N! Sin embargo, aqu\u00ed viene la contradicci\u00f3n o paradoja, <strong>el cerebro \u00a1que a\u00fan no conocemos!, <\/strong>lo ha hecho posible. La gen\u00f3mica es una aut\u00e9ntica promesa para nuestra salud, pero necesitaremos algunos saltos cu\u00e1nticos en la velocidad y la eficacia de la secuenciaci\u00f3n del A D N.<\/p>\n<p>&nbsp;<\/p>\n<p style=\"text-align: justify;\"><img decoding=\"async\" loading=\"lazy\" id=\"irc_mi\" src=\"http:\/\/4.bp.blogspot.com\/_4n93uQ3pLIc\/S_ygFiJ__LI\/AAAAAAAAAAU\/Nx_rNd9QJoA\/s1600\/interpretacion-de-los-suenos.jpg\" alt=\"\" width=\"500\" height=\"336\" \/><\/p>\n<p style=\"text-align: justify;\"><strong>\u00a0\u00a0\u00a0\u00a0 Nuestra consciencia trata de &#8220;volar&#8221; hacia el universo al que pertenece<\/strong><\/p>\n<p style=\"text-align: justify;\">Est\u00e1 claro sin embargo que, dadas todas las dimensiones del ser humano, que incluyen aspectos tanto materiales como espirituales, ser\u00e1 necesario mucho, mucho, mucho tiempo, para llegar a conocer por completo todos los aspectos complejos encerrados en nuestro interior.<\/p>\n<p style=\"text-align: justify;\">El adelanto que se producir\u00e1 en las pr\u00f3ximas d\u00e9cadas estar\u00e1 y ser\u00e1 m\u00e1s visible en el aspecto biol\u00f3gico y la curaci\u00f3n de enfermedades como el c\u00e1ncer y otras nefastas como el Sida que asolan nuestro mundo.\u00a0 El conocimento de la Psique, de nuestra propia conciencia, ser\u00e1 mucho m\u00e1s lento.<\/p>\n<p style=\"text-align: justify;\">Hay que tener en cuenta que primero debemos tener un conocimiento completo de los primates, tal conocimiento nos proporcionar\u00eda luz sobre lo que convierte en \u00fanicos a los seres humanos.\u00a0 Al decir \u00fanicos me refiero al hecho diferenciador de la conciencia y, desde luego, lo circunscribo al planeta Tierra, ya que, referido a todo el Universo,\u00a0 seguro que no somos \u201ctan \u00fanicos\u201d.<\/p>\n<p>\u00a1La ten\u00eda ah\u00ed, al alcance de la mano, la quer\u00eda coger pero&#8230; no llegaba. Y, pasado un tiempo&#8230; Se fue!<\/p>\n<p>Esas ideas tras la que andamos toda la vida y nunca la podemos alcanzar.<\/p>\n<p>Recuerdo aquel amigo (compa\u00f1ero de Colegio), al que el padre le dec\u00eda cuando nos daban las notas:<\/p>\n<ul>\n<li>&#8220;Felipe, la inteligencia te persigue pero&#8230; \u00a1Eres mucho m\u00e1s r\u00e1pido que ella!&#8221;<\/li>\n<\/ul>\n<p style=\"text-align: justify;\"><strong><em>Emilio Silvera V\u00e1zquez<\/em><\/strong><\/p>\n<div class='bookmark'>\r\n\t\t<table align='left' border='0' cellpadding='0' width='100%'>\r\n\t\t<tr><td><span class='pushbutton'><a href='http:\/\/delicious.com\/post?url=https%3A%2F%2Fwww.emiliosilveravazquez.com%2Fblog%2F2024%2F09%2F23%2F%25c2%25bfque-somos-en-realidad-algun-dia-lo-sabremos%2F&amp;title=%C2%BFQu%C3%A9+somos+en+realidad%3F+%C2%BFLo+sabremos+alg%C3%BAn+d%C3%ADa%3F' title='Delicious' target='_blank' rel='nofollow'><img src='https:\/\/www.emiliosilveravazquez.com\/blog\/wp-content\/plugins\/knxdt-bookmarks-wordpress-plugin\/images\/delicious.png'  alt='' class='book_img' border='none' style='margin:1px; padding: 0;'  \/><\/a><\/span><span class='pushbutton'><a href='http:\/\/digg.com\/submit?url=https%3A%2F%2Fwww.emiliosilveravazquez.com%2Fblog%2F2024%2F09%2F23%2F%25c2%25bfque-somos-en-realidad-algun-dia-lo-sabremos%2F&amp;title=%C2%BFQu%C3%A9+somos+en+realidad%3F+%C2%BFLo+sabremos+alg%C3%BAn+d%C3%ADa%3F' title='Digg' target='_blank' rel='nofollow'><img src='https:\/\/www.emiliosilveravazquez.com\/blog\/wp-content\/plugins\/knxdt-bookmarks-wordpress-plugin\/images\/digg.png'  alt='' class='book_img' border='none' style='margin:1px; padding: 0;'  \/><\/a><\/span><span class='pushbutton'><a href='http:\/\/www.google.com\/bookmarks\/mark?op=edit&amp;bkmk=https%3A%2F%2Fwww.emiliosilveravazquez.com%2Fblog%2F2024%2F09%2F23%2F%25c2%25bfque-somos-en-realidad-algun-dia-lo-sabremos%2F&amp;title=%C2%BFQu%C3%A9+somos+en+realidad%3F+%C2%BFLo+sabremos+alg%C3%BAn+d%C3%ADa%3F' title='Google' target='_blank' rel='nofollow'><img src='https:\/\/www.emiliosilveravazquez.com\/blog\/wp-content\/plugins\/knxdt-bookmarks-wordpress-plugin\/images\/google.png'   alt='' class='book_img' border='none' style='margin:1px; padding: 0;'  \/><\/a><\/span><span class='pushbutton'><a href='http:\/\/myweb2.search.yahoo.com\/myresults\/bookmarklet?u=https%3A%2F%2Fwww.emiliosilveravazquez.com%2Fblog%2F2024%2F09%2F23%2F%25c2%25bfque-somos-en-realidad-algun-dia-lo-sabremos%2F&amp;t=%C2%BFQu%C3%A9+somos+en+realidad%3F+%C2%BFLo+sabremos+alg%C3%BAn+d%C3%ADa%3F' title='Yahoo' target='_blank' rel='nofollow'><img src='https:\/\/www.emiliosilveravazquez.com\/blog\/wp-content\/plugins\/knxdt-bookmarks-wordpress-plugin\/images\/yahoo.png'  alt='' class='book_img' border='none' style='margin:1px; padding: 0;'  \/><\/a><\/span><span class='pushbutton'><a href='http:\/\/www.technorati.com\/faves?add=https%3A%2F%2Fwww.emiliosilveravazquez.com%2Fblog%2F2024%2F09%2F23%2F%25c2%25bfque-somos-en-realidad-algun-dia-lo-sabremos%2F' title='Technorati' target='_blank' rel='nofollow'><img src='https:\/\/www.emiliosilveravazquez.com\/blog\/wp-content\/plugins\/knxdt-bookmarks-wordpress-plugin\/images\/technorati.png'  alt='' class='book_img' border='none' style='margin:1px; padding: 0;'  \/><\/a><\/span><span class='pushbutton'><a href='http:\/\/meneame.net\/submit.php?url=https%3A%2F%2Fwww.emiliosilveravazquez.com%2Fblog%2F2024%2F09%2F23%2F%25c2%25bfque-somos-en-realidad-algun-dia-lo-sabremos%2F' title='Meneame' target='_blank' rel='nofollow'><img src='https:\/\/www.emiliosilveravazquez.com\/blog\/wp-content\/plugins\/knxdt-bookmarks-wordpress-plugin\/images\/meneame.png'  alt='' class='book_img' border='none' style='margin:1px; padding: 0;'  \/><\/a><\/span><span class='pushbutton'><a href='http:\/\/enchilame.com\/submit.php?url=https:\/\/www.emiliosilveravazquez.com\/blog\/2024\/09\/23\/%c2%bfque-somos-en-realidad-algun-dia-lo-sabremos\/' target='_blank' rel='nofollow'><img title='Enchilame' src='https:\/\/www.emiliosilveravazquez.com\/blog\/wp-content\/plugins\/knxdt-bookmarks-wordpress-plugin\/images\/enchilame.png'  alt='' class='book_img' border='none' style='margin:1px; padding: 0;'  \/><\/a><\/span><span class='pushbutton'><a href='http:\/\/www.blinklist.com\/index.php?Action=Blink\/addblink.php&amp;Description=&amp;Url=https%3A%2F%2Fwww.emiliosilveravazquez.com%2Fblog%2F2024%2F09%2F23%2F%25c2%25bfque-somos-en-realidad-algun-dia-lo-sabremos%2F&amp;title=%C2%BFQu%C3%A9+somos+en+realidad%3F+%C2%BFLo+sabremos+alg%C3%BAn+d%C3%ADa%3F' title='BlinkList' target='_blank' rel='nofollow'><img src='https:\/\/www.emiliosilveravazquez.com\/blog\/wp-content\/plugins\/knxdt-bookmarks-wordpress-plugin\/images\/blinklist.png'  alt='' class='book_img' border='none' style='margin:1px; padding: 0;'  \/><\/a><\/span><span class='pushbutton'><a href='http:\/\/reddit.com\/submit?url=https%3A%2F%2Fwww.emiliosilveravazquez.com%2Fblog%2F2024%2F09%2F23%2F%25c2%25bfque-somos-en-realidad-algun-dia-lo-sabremos%2F&amp;title=%C2%BFQu%C3%A9+somos+en+realidad%3F+%C2%BFLo+sabremos+alg%C3%BAn+d%C3%ADa%3F' title='Reddit' target='_blank' rel='nofollow'><img src='https:\/\/www.emiliosilveravazquez.com\/blog\/wp-content\/plugins\/knxdt-bookmarks-wordpress-plugin\/images\/reddit.png'  alt='' class='book_img' border='none' style='margin:1px; padding: 0;'  \/><\/a><\/span><span class='pushbutton'><a href='http:\/\/www.tecnologiadiaria.com\/2009\/07\/abrir-com-hotmail-correo.html' target='_blank' title='hotmail'><img src='https:\/\/www.emiliosilveravazquez.com\/blog\/wp-content\/plugins\/knxdt-bookmarks-wordpress-plugin\/images\/linklove.png' alt='hotmail correo' class='book_img' border='none' style='margin:1px; padding: 0;' \/><\/a><\/span><span class='pushbutton'><a href='http:\/\/bitacoras.com\/votar\/anotacion\/externo\/mini\/www.emiliosilveravazquez.com\/blog\/2024\/09\/23\/%c2%bfque-somos-en-realidad-algun-dia-lo-sabremos\/' title='Bitacoras.com' target='_blank' rel='nofollow'><img src='https:\/\/www.emiliosilveravazquez.com\/blog\/wp-content\/plugins\/knxdt-bookmarks-wordpress-plugin\/images\/bitacoras.png'  alt='' class='book_img' border='none' style='margin:1px; padding: 0;'  \/><\/a><\/span><span class='pushbutton'><a href='http:\/\/www.wikio.es\/vote?url=https%3A%2F%2Fwww.emiliosilveravazquez.com%2Fblog%2F2024%2F09%2F23%2F%25c2%25bfque-somos-en-realidad-algun-dia-lo-sabremos%2F' title='Wikio' target='_blank' rel='nofollow'><img src='https:\/\/www.emiliosilveravazquez.com\/blog\/wp-content\/plugins\/knxdt-bookmarks-wordpress-plugin\/images\/wikio.png'   alt='' class='book_img' border='none' style='margin:1px; padding: 0;'   \/><\/a><\/span><span class='pushbutton'><a href='http:\/\/friendfeed.com\/?url=https%3A%2F%2Fwww.emiliosilveravazquez.com%2Fblog%2F2024%2F09%2F23%2F%25c2%25bfque-somos-en-realidad-algun-dia-lo-sabremos%2F&amp;title=%C2%BFQu%C3%A9+somos+en+realidad%3F+%C2%BFLo+sabremos+alg%C3%BAn+d%C3%ADa%3F' title='Friend Feed' target='_blank' rel='nofollow'><img src='https:\/\/www.emiliosilveravazquez.com\/blog\/wp-content\/plugins\/knxdt-bookmarks-wordpress-plugin\/images\/friendfeed.png'  alt='' class='book_img' border='none' style='margin:1px; padding: 0;'  \/><\/a><\/span><span class='pushbutton'><a href='http:\/\/www.facebook.com\/share.php?u=https%3A%2F%2Fwww.emiliosilveravazquez.com%2Fblog%2F2024%2F09%2F23%2F%25c2%25bfque-somos-en-realidad-algun-dia-lo-sabremos%2F&amp;t=%C2%BFQu%C3%A9+somos+en+realidad%3F+%C2%BFLo+sabremos+alg%C3%BAn+d%C3%ADa%3F' title='Facebook' target='_blank' rel='nofollow'><img src='https:\/\/www.emiliosilveravazquez.com\/blog\/wp-content\/plugins\/knxdt-bookmarks-wordpress-plugin\/images\/facebook.png'  alt='' class='book_img' border='none' style='margin:1px; padding: 0;'  \/><\/a><\/span><span class='pushbutton'><a href='http:\/\/twitter.com\/home?status=%C2%BFQu%C3%A9+somos+en+realidad%3F+%C2%BFLo+sabremos+alg%C3%BAn+d%C3%ADa%3F: https%3A%2F%2Fwww.emiliosilveravazquez.com%2Fblog%2F2024%2F09%2F23%2F%25c2%25bfque-somos-en-realidad-algun-dia-lo-sabremos%2F' title='Twitter' target='_blank' rel='nofollow'><img src='https:\/\/www.emiliosilveravazquez.com\/blog\/wp-content\/plugins\/knxdt-bookmarks-wordpress-plugin\/images\/twitter.png'  alt='' class='book_img' border='none' style='margin:1px; padding: 0;'  \/><\/a><\/span><span class='pushbutton'><a href='http:\/\/www.feedburner.com\/fb\/a\/emailFlare?itemTitle=%C2%BFQu%C3%A9+somos+en+realidad%3F+%C2%BFLo+sabremos+alg%C3%BAn+d%C3%ADa%3F&amp;uri=https%3A%2F%2Fwww.emiliosilveravazquez.com%2Fblog%2F2024%2F09%2F23%2F%25c2%25bfque-somos-en-realidad-algun-dia-lo-sabremos%2F' title='Enviar por Email' target='_blank' rel='nofollow'><img src='https:\/\/www.emiliosilveravazquez.com\/blog\/wp-content\/plugins\/knxdt-bookmarks-wordpress-plugin\/images\/email.png'  alt='' class='book_img' border='none' style='margin:1px; padding: 0;'  \/><\/a><\/span><span style='font-weight:bold; padding-left: 5px;'><a href='http:\/\/wordpress.org\/extend\/plugins\/knxdt-bookmarks-wordpress-plugin\/' title='Plugin' rel='nofollow' target='_blank'>[?]<\/a><\/span><\/td><\/tr><\/table><br\/><br\/><\/div>","protected":false},"excerpt":{"rendered":"<p>\u00a0\u00a0\u00a0\u00a0\u00a0\u00a0\u00a0\u00a0\u00a0\u00a0\u00a0 \u00a0No es que estemos conectados con el Universo, lo cierto es, \u00a1que somos parte de \u00e9l! Estoy totalmente convencido de que, de alguna manera, nuestras mentes, est\u00e1n conectadas con el cosmos del que formamos parte.\u00a0 Estamos aqu\u00ed y nos parece de lo m\u00e1s natural, nunca nos paramos a pensar en c\u00f3mo fue eso posible, [&hellip;]<\/p>\n","protected":false},"author":2,"featured_media":0,"comment_status":"open","ping_status":"open","sticky":false,"template":"","format":"standard","meta":{"_s2mail":"yes","footnotes":""},"categories":[243],"tags":[],"_links":{"self":[{"href":"https:\/\/www.emiliosilveravazquez.com\/blog\/wp-json\/wp\/v2\/posts\/11515"}],"collection":[{"href":"https:\/\/www.emiliosilveravazquez.com\/blog\/wp-json\/wp\/v2\/posts"}],"about":[{"href":"https:\/\/www.emiliosilveravazquez.com\/blog\/wp-json\/wp\/v2\/types\/post"}],"author":[{"embeddable":true,"href":"https:\/\/www.emiliosilveravazquez.com\/blog\/wp-json\/wp\/v2\/users\/2"}],"replies":[{"embeddable":true,"href":"https:\/\/www.emiliosilveravazquez.com\/blog\/wp-json\/wp\/v2\/comments?post=11515"}],"version-history":[{"count":0,"href":"https:\/\/www.emiliosilveravazquez.com\/blog\/wp-json\/wp\/v2\/posts\/11515\/revisions"}],"wp:attachment":[{"href":"https:\/\/www.emiliosilveravazquez.com\/blog\/wp-json\/wp\/v2\/media?parent=11515"}],"wp:term":[{"taxonomy":"category","embeddable":true,"href":"https:\/\/www.emiliosilveravazquez.com\/blog\/wp-json\/wp\/v2\/categories?post=11515"},{"taxonomy":"post_tag","embeddable":true,"href":"https:\/\/www.emiliosilveravazquez.com\/blog\/wp-json\/wp\/v2\/tags?post=11515"}],"curies":[{"name":"wp","href":"https:\/\/api.w.org\/{rel}","templated":true}]}}