{"id":11095,"date":"2025-06-05T06:44:02","date_gmt":"2025-06-05T05:44:02","guid":{"rendered":"http:\/\/www.emiliosilveravazquez.com\/blog\/?p=11095"},"modified":"2025-06-05T06:45:05","modified_gmt":"2025-06-05T05:45:05","slug":"los-nucleos-la-masa-la-energia%e2%80%a6%c2%a1la-luz","status":"publish","type":"post","link":"https:\/\/www.emiliosilveravazquez.com\/blog\/2025\/06\/05\/los-nucleos-la-masa-la-energia%e2%80%a6%c2%a1la-luz\/","title":{"rendered":"Los n\u00facleos, la masa, la energ\u00eda\u2026\u00a1La Luz!"},"content":{"rendered":"<div>\n<h2 style=\"text-align: justify;\">\u00a0<img decoding=\"async\" loading=\"lazy\" id=\"irc_mi\" class=\"\" style=\"font-size: 16px;\" src=\"http:\/\/1.bp.blogspot.com\/-7-fZI4nWAxw\/Ti5gmp0WAhI\/AAAAAAAAAJs\/YIR0EuTk2W0\/s1600\/Radiactividad.jpg\" alt=\"\" width=\"566\" height=\"509\" \/><\/h2>\n<\/div>\n<div>\n<p style=\"text-align: justify;\">La part\u00edcula emitida por un n\u00facleo radiactivo, por lo general lleva una considerable cantidad de energ\u00eda. Y, \u00bfde d\u00f3nde procede esa energ\u00eda? Es el resultado de la conversi\u00f3n en energ\u00eda de una peque\u00f1a <a id=\"_GPLITA_0\" title=\"Click to Continue &gt; by Savings Wave\" href=\"http:\/\/www.emiliosilveravazquez.com\/blog\/2013\/06\/27\/los-nucleos-la-masa-la-energiala-materia\/#\">parte<\/a> del n\u00facleo (E = mc<sup>2<\/sup>); en otras palabras, el n\u00facleo siempre pierde un poco de masa en el acto de expeler la part\u00edcula.<\/p>\n<p style=\"text-align: justify;\">Los f\u00edsicos se vieron <a id=\"_GPLITA_1\" title=\"Click to Continue &gt; by Savings Wave\" href=\"http:\/\/www.emiliosilveravazquez.com\/blog\/2013\/06\/27\/los-nucleos-la-masa-la-energiala-materia\/#\">durante<\/a> mucho tiempo turbados por el hecho de que, a menudo, la <a href=\"http:\/\/www.emiliosilveravazquez.com\/blog\/2013\/06\/27\/los-nucleos-la-masa-la-energiala-materia\/#\"><a href=\"#\" onclick=\"referencia('particula beta',event); return false;\">part\u00edcula beta<\/a><\/a> emitida en una desintegraci\u00f3n del n\u00facleo no alberga energ\u00eda suficiente <a id=\"_GPLITA_2\" title=\"Click to Continue &gt; by Savings Wave\" href=\"http:\/\/www.emiliosilveravazquez.com\/blog\/2013\/06\/27\/los-nucleos-la-masa-la-energiala-materia\/#\">para<\/a> compensar la masa perdida por el n\u00facleo. En realidad, los <a href=\"http:\/\/www.emiliosilveravazquez.com\/blog\/2013\/06\/27\/los-nucleos-la-masa-la-energiala-materia\/#\">electrones<\/a> no eran igualmente deficitarios. Emerg\u00edan con un amplio espectro de energ\u00edas, y el m\u00e1ximo (corregido por muy pocos <a href=\"http:\/\/www.emiliosilveravazquez.com\/blog\/2013\/06\/27\/los-nucleos-la-masa-la-energiala-materia\/#\">electrones<\/a>) era casi correcto, pero todos los dem\u00e1s no llegaban a alcanzarlo en mayor o <a id=\"_GPLITA_3\" title=\"Click to Continue &gt; by Savings Wave\" href=\"http:\/\/www.emiliosilveravazquez.com\/blog\/2013\/06\/27\/los-nucleos-la-masa-la-energiala-materia\/#\">menos<\/a> grado. Las <a href=\"http:\/\/www.emiliosilveravazquez.com\/blog\/2013\/06\/27\/los-nucleos-la-masa-la-energiala-materia\/#\"><a href=\"#\" onclick=\"referencia('particula alfa',event); return false;\">part\u00edculas alfa<\/a><\/a> emitidas por un nucleido particular pose\u00edan iguales energ\u00edas en cantidades inesperadas. En ese caso, \u00bfQu\u00e9 era err\u00f3neo en la emisi\u00f3n de <a href=\"http:\/\/www.emiliosilveravazquez.com\/blog\/2013\/06\/27\/los-nucleos-la-masa-la-energiala-materia\/#\"><a href=\"#\" onclick=\"referencia('particula beta',event); return false;\">part\u00edculas beta<\/a><\/a>?, \u00bfqu\u00e9 hab\u00eda sucedido con la energ\u00eda perdida?<\/p>\n<\/div>\n<p>&nbsp;<\/p>\n<p><img decoding=\"async\" loading=\"lazy\" class=\"\" src=\"https:\/\/encrypted-tbn0.gstatic.com\/images?q=tbn:ANd9GcSVJXhOybbRfXReS6xuyN4Xl9E2nQdxmA8XtWWXeLKUtKT-WlMPjsSBxQ6C-B4TaJMJlJYCt_5hkl32hjbHLSvmZQ\" alt=\"Lise Meitner: a cientista judia que descobriu a fiss\u00e3o nuclear\" width=\"564\" height=\"317\" \/><\/p>\n<p>&nbsp;<\/p>\n<div>\n<p style=\"text-align: justify;\">En 1.922, <strong>Lise Maitner<\/strong> se hizo por primera vez <a id=\"_GPLITA_4\" title=\"Click to Continue &gt; by Savings Wave\" href=\"http:\/\/www.emiliosilveravazquez.com\/blog\/2013\/06\/27\/los-nucleos-la-masa-la-energiala-materia\/#\">esta<\/a> pregunta, y hacia 1.936 Niels Bohr estaba dispuesto a abandonar el gran principio de conservaci\u00f3n de la energ\u00eda, al menos en lo concerniente a part\u00edculas subat\u00f3micas. En 1.931 Wolfgang Pauli sugiri\u00f3 una soluci\u00f3n para el enigma de la energ\u00eda desaparecida. Tal soluci\u00f3n era muy simple: junto con la <a href=\"http:\/\/www.emiliosilveravazquez.com\/blog\/2013\/06\/27\/los-nucleos-la-masa-la-energiala-materia\/#\"><a href=\"#\" onclick=\"referencia('particula beta',event); return false;\">part\u00edcula beta<\/a><\/a> del n\u00facleo se desprend\u00eda otra, que se llevaba la energ\u00eda desaparecida. Esa misteriosa segunda part\u00edcula ten\u00eda propiedades bastante extra\u00f1as; no pose\u00eda carga ni masa. Lo \u00fanico que llevaba mientras se mov\u00eda a la velocidad de la luz era cierta cantidad de energ\u00eda. A decir verdad, aquello parec\u00eda un cuerpo ficticio creado exclusivamente para equilibrar el contraste de energ\u00edas.<\/p>\n<p style=\"text-align: justify;\">\u00a0<img decoding=\"async\" loading=\"lazy\" src=\"http:\/\/chapping.files.wordpress.com\/2007\/12\/fisica.png\" alt=\"\" width=\"601\" height=\"473\" \/><\/p>\n<p style=\"text-align: justify;\">Habitualmente aceptamos que la f\u00edsica es la ciencia que estudia la estructura y propiedades de la materia y la energ\u00eda, las formas de existencia de las mismas en el espacio y el tiempo, as\u00ed como las leyes de rigen sus interacciones. En este definici\u00f3n no hay limitaciones precisas <a id=\"_GPLITA_5\" title=\"Click to Continue &gt; by Savings Wave\" href=\"http:\/\/www.emiliosilveravazquez.com\/blog\/2013\/06\/27\/los-nucleos-la-masa-la-energiala-materia\/#\">entre<\/a> la naturaleza viviente e inanimada, y aunque ello no implica la reducci\u00f3n de todas las ciencias a la f\u00edsica, se deduce que las bases te\u00f3ricas finales de cualquier dominio de las ciencias naturales tienen una naturaleza f\u00edsica.<\/p>\n<p style=\"text-align: justify;\"><a id=\"_GPLITA_6\" title=\"Click to Continue &gt; by Savings Wave\" href=\"http:\/\/www.emiliosilveravazquez.com\/blog\/2013\/06\/27\/los-nucleos-la-masa-la-energiala-materia\/#\">Pero<\/a>, sigamos\u2026<\/p>\n<p style=\"text-align: justify;\">Sin embargo, tan pronto como se propuso la posibilidad de su existencia, los f\u00edsicos creyeron en ella ciegamente. Y <a id=\"_GPLITA_7\" title=\"Click to Continue &gt; by Savings Wave\" href=\"http:\/\/www.emiliosilveravazquez.com\/blog\/2013\/06\/27\/los-nucleos-la-masa-la-energiala-materia\/#\">esta<\/a> certeza se increment\u00f3 al descubrirse el <a href=\"http:\/\/www.emiliosilveravazquez.com\/blog\/2013\/06\/27\/los-nucleos-la-masa-la-energiala-materia\/#\"><a href=\"#\" onclick=\"referencia('neutron',event); return false;\">neutr\u00f3n<\/a><\/a> y al saberse que se desintegraba en un <a href=\"http:\/\/www.emiliosilveravazquez.com\/blog\/2013\/06\/27\/los-nucleos-la-masa-la-energiala-materia\/#\"><a href=\"#\" onclick=\"referencia('proton',event); return false;\">prot\u00f3n<\/a><\/a> y liberaba un <a href=\"http:\/\/www.emiliosilveravazquez.com\/blog\/2013\/06\/27\/los-nucleos-la-masa-la-energiala-materia\/#\">electr\u00f3n<\/a> que, <a id=\"_GPLITA_8\" title=\"Click to Continue &gt; by Savings Wave\" href=\"http:\/\/www.emiliosilveravazquez.com\/blog\/2013\/06\/27\/los-nucleos-la-masa-la-energiala-materia\/#\">como<\/a> en la decadencia beta, portaba insuficientes cantidades de energ\u00eda. Enrico <a href=\"http:\/\/www.emiliosilveravazquez.com\/blog\/2013\/06\/27\/los-nucleos-la-masa-la-energiala-materia\/#\">Fermi<\/a> dio a esta part\u00edcula putativa el <a id=\"_GPLITA_9\" title=\"Click to Continue &gt; by Savings Wave\" href=\"http:\/\/www.emiliosilveravazquez.com\/blog\/2013\/06\/27\/los-nucleos-la-masa-la-energiala-materia\/#\">nombre<\/a> de <em>neutrino<\/em>, palabra italiana que significa \u201cpeque\u00f1o neutro\u201d.<\/p>\n<p style=\"text-align: justify;\">El <a href=\"http:\/\/www.emiliosilveravazquez.com\/blog\/2013\/06\/27\/los-nucleos-la-masa-la-energiala-materia\/#\"><a href=\"#\" onclick=\"referencia('neutron',event); return false;\">neutr\u00f3n<\/a><\/a> dio a los f\u00edsicos otra prueba palpable de la existencia del <a href=\"http:\/\/www.emiliosilveravazquez.com\/blog\/2013\/06\/27\/los-nucleos-la-masa-la-energiala-materia\/#\">neutrino<\/a>. Como ya he comentado en otra p\u00e1gina de este trabajo, casi todas las part\u00edculas describen un movimiento rotatorio. Esta rotaci\u00f3n se expresa, m\u00e1s o menos, en m\u00faltiplos de una mitad, seg\u00fan la direcci\u00f3n del giro. <a id=\"_GPLITA_10\" title=\"Click to Continue &gt; by Savings Wave\" href=\"http:\/\/www.emiliosilveravazquez.com\/blog\/2013\/06\/27\/los-nucleos-la-masa-la-energiala-materia\/#\">Ahora<\/a> bien, el <a href=\"http:\/\/www.emiliosilveravazquez.com\/blog\/2013\/06\/27\/los-nucleos-la-masa-la-energiala-materia\/#\"><a href=\"#\" onclick=\"referencia('proton',event); return false;\">prot\u00f3n<\/a><\/a>, el <a href=\"http:\/\/www.emiliosilveravazquez.com\/blog\/2013\/06\/27\/los-nucleos-la-masa-la-energiala-materia\/#\"><a href=\"#\" onclick=\"referencia('neutron',event); return false;\">neutr\u00f3n<\/a><\/a> y el <a href=\"http:\/\/www.emiliosilveravazquez.com\/blog\/2013\/06\/27\/los-nucleos-la-masa-la-energiala-materia\/#\">electr\u00f3n<\/a> tienen rotaci\u00f3n de una mitad. Por tanto, si el <a href=\"http:\/\/www.emiliosilveravazquez.com\/blog\/2013\/06\/27\/los-nucleos-la-masa-la-energiala-materia\/#\"><a href=\"#\" onclick=\"referencia('neutron',event); return false;\">neutr\u00f3n<\/a><\/a> con rotaci\u00f3n de una mitad origina un <a href=\"http:\/\/www.emiliosilveravazquez.com\/blog\/2013\/06\/27\/los-nucleos-la-masa-la-energiala-materia\/#\"><a href=\"#\" onclick=\"referencia('proton',event); return false;\">prot\u00f3n<\/a><\/a> y un <a href=\"http:\/\/www.emiliosilveravazquez.com\/blog\/2013\/06\/27\/los-nucleos-la-masa-la-energiala-materia\/#\">electr\u00f3n<\/a>, cada uno con rotaci\u00f3n de una mitad, \u00bfqu\u00e9 sucede con la ley sobre conservaci\u00f3n del <a id=\"_GPLITA_11\" title=\"Click to Continue &gt; by Savings Wave\" href=\"http:\/\/www.emiliosilveravazquez.com\/blog\/2013\/06\/27\/los-nucleos-la-masa-la-energiala-materia\/#\">momento<\/a> angular? Aqu\u00ed hay alg\u00fan error. El <a href=\"http:\/\/www.emiliosilveravazquez.com\/blog\/2013\/06\/27\/los-nucleos-la-masa-la-energiala-materia\/#\"><a href=\"#\" onclick=\"referencia('proton',event); return false;\">prot\u00f3n<\/a><\/a> y el <a href=\"http:\/\/www.emiliosilveravazquez.com\/blog\/2013\/06\/27\/los-nucleos-la-masa-la-energiala-materia\/#\">electr\u00f3n<\/a> totalizan una mitad con sus rotaciones (si ambas rotaciones siguen la misma direcci\u00f3n) o cero (si sus rotaciones son opuestas); pero sus rotaciones no pueden sumar jam\u00e1s una mitad. Sin embargo, por otra <a id=\"_GPLITA_12\" title=\"Click to Continue &gt; by Savings Wave\" href=\"http:\/\/www.emiliosilveravazquez.com\/blog\/2013\/06\/27\/los-nucleos-la-masa-la-energiala-materia\/#\">parte<\/a>, el <a href=\"http:\/\/www.emiliosilveravazquez.com\/blog\/2013\/06\/27\/los-nucleos-la-masa-la-energiala-materia\/#\">neutrino<\/a> viene a solventar la cuesti\u00f3n. Supongamos que la rotaci\u00f3n del <a href=\"http:\/\/www.emiliosilveravazquez.com\/blog\/2013\/06\/27\/los-nucleos-la-masa-la-energiala-materia\/#\"><a href=\"#\" onclick=\"referencia('neutron',event); return false;\">neutr\u00f3n<\/a><\/a> sea +\u00bd, y admitamos <a id=\"_GPLITA_13\" title=\"Click to Continue &gt; by Savings Wave\" href=\"http:\/\/www.emiliosilveravazquez.com\/blog\/2013\/06\/27\/los-nucleos-la-masa-la-energiala-materia\/#\">tambi\u00e9n<\/a> que la rotaci\u00f3n del <a href=\"http:\/\/www.emiliosilveravazquez.com\/blog\/2013\/06\/27\/los-nucleos-la-masa-la-energiala-materia\/#\"><a href=\"#\" onclick=\"referencia('proton',event); return false;\">prot\u00f3n<\/a><\/a> sea +\u00bd y la del <a href=\"http:\/\/www.emiliosilveravazquez.com\/blog\/2013\/06\/27\/los-nucleos-la-masa-la-energiala-materia\/#\">electr\u00f3n<\/a> -\u00bd, <a id=\"_GPLITA_14\" title=\"Click to Continue &gt; by Savings Wave\" href=\"http:\/\/www.emiliosilveravazquez.com\/blog\/2013\/06\/27\/los-nucleos-la-masa-la-energiala-materia\/#\">para<\/a> dar un resultado neto de cero. Demos ahora al <a href=\"http:\/\/www.emiliosilveravazquez.com\/blog\/2013\/06\/27\/los-nucleos-la-masa-la-energiala-materia\/#\">neutrino<\/a> una rotaci\u00f3n de +\u00bd y la balanza quedar\u00e1 desequilibrada.<\/p>\n<p style=\"text-align: justify;\"><strong>+\u00bd (n) = +\u00bd (p) \u2013 \u00bd (e) + \u00bd (neutrino).<\/strong><\/p>\n<\/div>\n<p>&nbsp;<\/p>\n<div>\n<p style=\"text-align: justify;\"><img decoding=\"async\" src=\"http:\/\/4.bp.blogspot.com\/_IP-xhn2P2rQ\/TFCjomVvx2I\/AAAAAAAAFKY\/kRnnTV5fVxs\/s1600\/4.jpg\" alt=\"\" \/><\/p>\n<div style=\"text-align: justify;\">\u00a0\u00a0\u00a0\u00a0\u00a0\u00a0\u00a0\u00a0\u00a0\u00a0\u00a0\u00a0\u00a0\u00a0\u00a0\u00a0\u00a0\u00a0\u00a0\u00a0\u00a0\u00a0\u00a0\u00a0\u00a0\u00a0\u00a0\u00a0\u00a0\u00a0\u00a0\u00a0\u00a0\u00a0\u00a0\u00a0\u00a0\u00a0\u00a0\u00a0\u00a0\u00a0\u00a0\u00a0\u00a0\u00a0\u00a0\u00a0 <strong>\u00a0 \u00a0 \u00a0 Detectando Neutrinos<\/strong><\/div>\n<p style=\"text-align: justify;\">En otras palabras, la existencia de <a href=\"http:\/\/www.emiliosilveravazquez.com\/blog\/2013\/06\/27\/los-nucleos-la-masa-la-energiala-materia\/#\">neutrinos<\/a> y antineutrinos deber\u00eda salvar no una, sino tres, importantes leyes de conservaci\u00f3n: la conservaci\u00f3n de la energ\u00eda, la de conservaci\u00f3n del <a href=\"http:\/\/www.emiliosilveravazquez.com\/blog\/2013\/06\/27\/los-nucleos-la-masa-la-energiala-materia\/#\"><a href=\"#\" onclick=\"referencia('espin',event); return false;\">esp\u00edn<\/a><\/a> y la de conservaci\u00f3n de part\u00edcula\/antipart\u00edcula.<\/p>\n<p style=\"text-align: justify;\"><a id=\"_GPLITA_15\" title=\"Click to Continue &gt; by Savings Wave\" href=\"http:\/\/www.emiliosilveravazquez.com\/blog\/2013\/06\/27\/los-nucleos-la-masa-la-energiala-materia\/#\">Pero<\/a> a\u00fan queda algo por desequilibrar. Una sola part\u00edcula (el <a href=\"http:\/\/www.emiliosilveravazquez.com\/blog\/2013\/06\/27\/los-nucleos-la-masa-la-energiala-materia\/#\"><a href=\"#\" onclick=\"referencia('neutron',event); return false;\">neutr\u00f3n<\/a><\/a>) ha formado dos part\u00edculas (el <a href=\"http:\/\/www.emiliosilveravazquez.com\/blog\/2013\/06\/27\/los-nucleos-la-masa-la-energiala-materia\/#\"><a href=\"#\" onclick=\"referencia('proton',event); return false;\">prot\u00f3n<\/a><\/a> y el <a href=\"http:\/\/www.emiliosilveravazquez.com\/blog\/2013\/06\/27\/los-nucleos-la-masa-la-energiala-materia\/#\">electr\u00f3n<\/a>), y si incluimos el <a href=\"http:\/\/www.emiliosilveravazquez.com\/blog\/2013\/06\/27\/los-nucleos-la-masa-la-energiala-materia\/#\">neutrino<\/a>, tres part\u00edculas. Parece m\u00e1s razonable suponer que el <a href=\"http:\/\/www.emiliosilveravazquez.com\/blog\/2013\/06\/27\/los-nucleos-la-masa-la-energiala-materia\/#\"><a href=\"#\" onclick=\"referencia('neutron',event); return false;\">neutr\u00f3n<\/a><\/a> se convierte en dos part\u00edculas y una antipart\u00edcula. En otras palabras: lo que realmente necesitamos equilibrar no es un <a href=\"http:\/\/www.emiliosilveravazquez.com\/blog\/2013\/06\/27\/los-nucleos-la-masa-la-energiala-materia\/#\">neutrino<\/a>, sino un antineutrino.<\/p>\n<p style=\"text-align: justify;\">El propio <a href=\"http:\/\/www.emiliosilveravazquez.com\/blog\/2013\/06\/27\/los-nucleos-la-masa-la-energiala-materia\/#\">neutrino<\/a> surgir\u00eda de la conversi\u00f3n de un <a href=\"http:\/\/www.emiliosilveravazquez.com\/blog\/2013\/06\/27\/los-nucleos-la-masa-la-energiala-materia\/#\"><a href=\"#\" onclick=\"referencia('proton',event); return false;\">prot\u00f3n<\/a><\/a> en un <a href=\"http:\/\/www.emiliosilveravazquez.com\/blog\/2013\/06\/27\/los-nucleos-la-masa-la-energiala-materia\/#\"><a href=\"#\" onclick=\"referencia('neutron',event); return false;\">neutr\u00f3n<\/a><\/a>. As\u00ed pues, los productos ser\u00edan un <a href=\"http:\/\/www.emiliosilveravazquez.com\/blog\/2013\/06\/27\/los-nucleos-la-masa-la-energiala-materia\/#\"><a href=\"#\" onclick=\"referencia('neutron',event); return false;\">neutr\u00f3n<\/a><\/a> (part\u00edcula), un positr\u00f3n (antipart\u00edcula) y un <a href=\"http:\/\/www.emiliosilveravazquez.com\/blog\/2013\/06\/27\/los-nucleos-la-masa-la-energiala-materia\/#\">neutrino<\/a> (part\u00edcula). Esto <a id=\"_GPLITA_16\" title=\"Click to Continue &gt; by Savings Wave\" href=\"http:\/\/www.emiliosilveravazquez.com\/blog\/2013\/06\/27\/los-nucleos-la-masa-la-energiala-materia\/#\">tambi\u00e9n<\/a> equilibra la balanza.<\/p>\n<p>&nbsp;<\/p>\n<p style=\"text-align: justify;\">\u00a0<img decoding=\"async\" loading=\"lazy\" id=\"imagenprincipal\" title=\"La V\u00eda L\u00e1ctea sobre Mauna Kea\" src=\"http:\/\/antwrp.gsfc.nasa.gov\/apod\/image\/0901\/maunakea_pacholka.jpg\" alt=\"La V\u00eda L\u00e1ctea sobre Mauna Kea\" width=\"630\" height=\"420\" \/><\/p>\n<p style=\"text-align: justify;\">Impresionante vista de la V\u00eda L\u00e1ctea <a id=\"_GPLITA_17\" title=\"Click to Continue &gt; by Savings Wave\" href=\"http:\/\/www.emiliosilveravazquez.com\/blog\/2013\/06\/27\/los-nucleos-la-masa-la-energiala-materia\/#\">desde<\/a> el Manua Kea. La Galaxia, el Universo\u2026Todo es energ\u00eda.<\/p>\n<p style=\"text-align: justify;\">Es importante conservar esas leyes puesto que parece estar presentes en toda clase de relaciones nucleares que no impliques <a href=\"http:\/\/www.emiliosilveravazquez.com\/blog\/2013\/06\/27\/los-nucleos-la-masa-la-energiala-materia\/#\">electrones<\/a> o positrones, y ser\u00eda muy \u00fatil si <a id=\"_GPLITA_18\" title=\"Click to Continue &gt; by Savings Wave\" href=\"http:\/\/www.emiliosilveravazquez.com\/blog\/2013\/06\/27\/los-nucleos-la-masa-la-energiala-materia\/#\">tambi\u00e9n<\/a> se hallasen presentes en reacciones que incluyesen esas part\u00edculas. Las m\u00e1s importantes conversiones <a href=\"http:\/\/www.emiliosilveravazquez.com\/blog\/2013\/06\/27\/los-nucleos-la-masa-la-energiala-materia\/#\"><a href=\"#\" onclick=\"referencia('proton',event); return false;\">prot\u00f3n<\/a><\/a>&#8211;<a href=\"http:\/\/www.emiliosilveravazquez.com\/blog\/2013\/06\/27\/los-nucleos-la-masa-la-energiala-materia\/#\"><a href=\"#\" onclick=\"referencia('neutron',event); return false;\">neutr\u00f3n<\/a><\/a> son las relacionadas con las reacciones nucleares que se desarrollan en el Sol y en los astros. Por consiguiente, las estrellas emiten radiaciones r\u00e1pidas de <a href=\"http:\/\/www.emiliosilveravazquez.com\/blog\/2013\/06\/27\/los-nucleos-la-masa-la-energiala-materia\/#\">neutrinos<\/a>, y se calcula que tal vez pierdan a causa de esto el 6 u 8% de su energ\u00eda. Pero eso ser\u00eda meternos en otra historia y, por mi <a id=\"_GPLITA_19\" title=\"Click to Continue &gt; by Savings Wave\" href=\"http:\/\/www.emiliosilveravazquez.com\/blog\/2013\/06\/27\/los-nucleos-la-masa-la-energiala-materia\/#\">parte<\/a>, con la anterior explicaci\u00f3n s\u00f3lo trataba de dar una muestra del ingenio del hombre que, como habr\u00e9is visto, no es poco.<\/p>\n<p style=\"text-align: justify;\">Desde que puedo recordar, he sido un amante de la f\u00edsica. Me asombran cuestiones <a id=\"_GPLITA_20\" title=\"Click to Continue &gt; by Savings Wave\" href=\"http:\/\/www.emiliosilveravazquez.com\/blog\/2013\/06\/27\/los-nucleos-la-masa-la-energiala-materia\/#\">como<\/a> la luz, su naturaleza de un conglomerado de colores, ondas y part\u00edculas, su velocidad que nos marca el l\u00edmite del m\u00e1ximo que podemos correr en nuestro universo, y en fin, muchos otros misterios que encierra esa cosa tan cotidiana que nos rodea y lo inunda todo haciendo posible que podamos ver por donde vamos, que las plantas vivan y emitan ox\u00edgeno o que nos calentemos. Realmente, sin luz, nuestra vida no ser\u00eda posible. Entonces,<strong> \u00bfQu\u00e9 es realmente la luz?<\/strong><\/p>\n<\/div>\n<p><img decoding=\"async\" src=\"https:\/\/www.tuscasasrurales.com\/blog\/wp-content\/uploads\/2013\/09\/cala-conta-600-x-400.jpg\" alt=\"Algunas de las m\u00e1s bellas puestas de sol de Espa\u00f1a - TusCasasRurales.com\" \/><img decoding=\"async\" loading=\"lazy\" class=\"\" src=\"https:\/\/s3.ppllstatics.com\/ideal\/www\/multimedia\/201709\/29\/media\/cortadas\/puesta-de-sol-kBhC-U40901035161kSF-624x385@Ideal.jpg\" alt=\"La puesta de sol sobre la Alhambra gana el premio a la m\u00e1s bella de Espa\u00f1a  | Ideal\" width=\"592\" height=\"366\" \/><\/p>\n<blockquote><p><strong>La luz hace posible la Vida y muchas cosas m\u00e1s<\/strong><\/p><\/blockquote>\n<div>\n<p style=\"text-align: justify;\">Muchos (casi todos) opinan que es algo inmaterial. Los objetos materiales grandes o muy peque\u00f1os como las galaxias o los <a href=\"http:\/\/www.emiliosilveravazquez.com\/blog\/2013\/06\/27\/los-nucleos-la-masa-la-energiala-materia\/#\">electrones<\/a>, son materia. La luz, sin embargo, se cree que es inmaterial; dos rayos de luz se cruzan sin afectarse el uno al otro. Sin embargo, yo creo que la luz es simplemente una <a id=\"_GPLITA_21\" title=\"Click to Continue &gt; by Savings Wave\" href=\"http:\/\/www.emiliosilveravazquez.com\/blog\/2013\/06\/27\/los-nucleos-la-masa-la-energiala-materia\/#\">forma<\/a> de energ\u00eda lum\u00ednica, una m\u00e1s de las diverdsas formas en las que\u00a0 puede presentarse la materia. Nosotros mismos, en \u00faltima instancia, somos luz.<\/p>\n<p style=\"text-align: justify;\">Est\u00e1 claro que los estudiosos de la \u00e9poca antigua y medieval estaban por completo a oscuras acerca de la naturaleza de la luz. Especulaban sobre que consist\u00eda en part\u00edculas emitidas por objetos relucientes o tal vez por el mismo ojo. Establecieron el hecho de que la luz viajaba en l\u00ednea recta, que se reflejaba en un espejo con un \u00e1ngulo igual a aquel con el que el rayo choca con el espejo, y que un rayo de luz se inclina (se refracta) <a id=\"_GPLITA_22\" title=\"Click to Continue &gt; by Savings Wave\" href=\"http:\/\/www.emiliosilveravazquez.com\/blog\/2013\/06\/27\/los-nucleos-la-masa-la-energiala-materia\/#\">cuando<\/a> pasa del aire al cristal, al agua o a cualquier otra sustancia transparente.<\/p>\n<p style=\"text-align: justify;\">Cuando la luz entra en un cristal o en alguna sustancia transparente, de una <a id=\"_GPLITA_23\" title=\"Click to Continue &gt; by Savings Wave\" href=\"http:\/\/www.emiliosilveravazquez.com\/blog\/2013\/06\/27\/los-nucleos-la-masa-la-energiala-materia\/#\">forma<\/a> oblicua (es decir, en un \u00e1ngulo respecto de la vertical), siempre se refracta en una direcci\u00f3n que forma un \u00e1ngulo menor respecto de la vertical. La exacta relaci\u00f3n entre el \u00e1ngulo original y el \u00e1ngulo reflejado fue elaborada por primera vez en 1.621 por el f\u00edsico neerland\u00e9s <strong>Willerbrord Snell<\/strong>. No public\u00f3 sus hallazgos y el fil\u00f3sofo franc\u00e9s <strong>Ren\u00e9 Descartes<\/strong> descubri\u00f3 la ley, independientemente, en 1.637.<\/p>\n<p>&nbsp;<\/p>\n<p style=\"text-align: justify;\">\u00a0<img decoding=\"async\" loading=\"lazy\" src=\"http:\/\/1.bp.blogspot.com\/-yxTay1g7hkE\/TcFITJPXelI\/AAAAAAAAAAo\/cGZnrtooPQY\/s1600\/ClickHandler.jpeg\" alt=\"\" width=\"614\" height=\"461\" \/><\/p>\n<p style=\"text-align: justify;\">\u00bfNos suplir\u00e1n un d\u00eda? Seguro que en el futuro, ser\u00e1n otros los que hagan experimentos con la luz y busquen su verdadera naturaleza<\/p>\n<p style=\"text-align: justify;\">Los primeros experimentos importantes acerca de la naturaleza de la luz fueron llevados a cabo por Isaac <a href=\"http:\/\/www.emiliosilveravazquez.com\/blog\/2013\/06\/27\/los-nucleos-la-masa-la-energiala-materia\/#\"><a href=\"#\" onclick=\"referencia('newton',event); return false;\">Newton<\/a><\/a> en 1.666, al permitir que un rayo de luz entrase en una habitaci\u00f3n oscura a trav\u00e9s de una grieta de las <a id=\"_GPLITA_24\" title=\"Click to Continue &gt; by Savings Wave\" href=\"http:\/\/www.emiliosilveravazquez.com\/blog\/2013\/06\/27\/los-nucleos-la-masa-la-energiala-materia\/#\">persianas<\/a>, cayendo oblicuamente sobre una cara de un prisma de cristal triangular. El rayo se refracta cuando entra en el cristal y se refracta a\u00fan m\u00e1s en la misma direcci\u00f3n cuando sale por una segunda cara del prisma (las dos refracciones en la misma direcci\u00f3n se originan porque los lados del prisma se encuentran en \u00e1ngulo en vez de en forma paralela, como ser\u00eda el caso de una l\u00e1mina ordinaria de cristal).<\/p>\n<p>&nbsp;<\/p>\n<div style=\"text-align: justify;\">\u00a0<img decoding=\"async\" src=\"http:\/\/2.bp.blogspot.com\/_ZUNFycUufDo\/TMr8cWXYAwI\/AAAAAAAAAIU\/TpygCwq_03U\/s1600\/20070717klphisuni_185_Ies_SCO.jpg\" alt=\"\" \/><\/div>\n<p style=\"text-align: justify;\"><a href=\"http:\/\/www.emiliosilveravazquez.com\/blog\/2013\/06\/27\/los-nucleos-la-masa-la-energiala-materia\/#\"><a href=\"#\" onclick=\"referencia('newton',event); return false;\">Newton<\/a><\/a> dedujo\u00a0 que la luz blanca corriente era una mezcla de varias luces que excitaban por separado nuestros ojos <a id=\"_GPLITA_25\" title=\"Click to Continue &gt; by Savings Wave\" href=\"http:\/\/www.emiliosilveravazquez.com\/blog\/2013\/06\/27\/los-nucleos-la-masa-la-energiala-materia\/#\">para<\/a> producir las diversas sensaciones de colores.\u00a0 La amplia banda de sus componentes se denomin\u00f3 <strong>spectrum<\/strong> (palabra latina que significa \u201cespectro\u201d fantasma).<\/p>\n<p style=\"text-align: justify;\"><a href=\"http:\/\/www.emiliosilveravazquez.com\/blog\/2013\/06\/27\/los-nucleos-la-masa-la-energiala-materia\/#\"><a href=\"#\" onclick=\"referencia('newton',event); return false;\">Newton<\/a><\/a> atrap\u00f3 el rayo emergente sobre una pantalla blanca para ver el efecto de la refracci\u00f3n reforzada. Descubri\u00f3 que, en vez de formar una mancha de luz blanca, el rayo se extend\u00eda en una gama de colores: rojo, anaranjado, amarillo verde, azul y violeta, en este orden. <a href=\"http:\/\/www.emiliosilveravazquez.com\/blog\/2013\/06\/27\/los-nucleos-la-masa-la-energiala-materia\/#\"><a href=\"#\" onclick=\"referencia('newton',event); return false;\">Newton<\/a><\/a> dedujo de ello que la luz blanca corriente era una mezcla de varias luces que excitaban por separado nuestros ojos para producir las diversas sensaciones de colores. La amplia banda de sus componentes se denomin\u00f3 <em>spectrum<\/em> (palabra latina que significa espectro o fantasma). <a href=\"http:\/\/www.emiliosilveravazquez.com\/blog\/2013\/06\/27\/los-nucleos-la-masa-la-energiala-materia\/#\"><a href=\"#\" onclick=\"referencia('newton',event); return false;\">Newton<\/a><\/a> lleg\u00f3 a la conclusi\u00f3n de que la luz se compon\u00eda de diminutas part\u00edculas (\u201ccorp\u00fasculos\u201d), que viajaban a enormes velocidades. Le surgieron y se plante\u00f3 algunas inquietantes cuestiones: \u00bfpor qu\u00e9 se refractaban las part\u00edculas de luz verde m\u00e1s que las de luz amarilla? \u00bfC\u00f3mo se explicaba que dos rayos de luz se cruzaran sin perturbarse mutuamente, es decir, sin que se produjeran colisiones <a id=\"_GPLITA_26\" title=\"Click to Continue &gt; by Savings Wave\" href=\"http:\/\/www.emiliosilveravazquez.com\/blog\/2013\/06\/27\/los-nucleos-la-masa-la-energiala-materia\/#\">entre<\/a> part\u00edculas?<\/p>\n<\/div>\n<p>&nbsp;<\/p>\n<blockquote><p><img decoding=\"async\" loading=\"lazy\" class=\"\" src=\"https:\/\/encrypted-tbn0.gstatic.com\/images?q=tbn:ANd9GcQI54M0_6vZZPb4MxtfnY5Yj996qfJIDeAegw&amp;s\" alt=\"Astronom\u00eda - Odisea por el Universo y el Cosmos - EL RENACIMIENTO DE LA  ASTRONOM\u00cdA  Christian Huygens y la teor\u00eda ondulatoria de la luz Christian  Huygens fue un f\u00edsico y astr\u00f3nomo\" width=\"490\" height=\"490\" \/><\/p><\/blockquote>\n<p>&nbsp;<\/p>\n<div>\n<p style=\"text-align: justify;\">En 1.678, el f\u00edsico neerland\u00e9s <strong>Christian Huyghens<\/strong> (un cient\u00edfico polifac\u00e9tico que hab\u00eda construido el primer reloj de p\u00e9ndulo y realizado importantes trabajos astron\u00f3micos) propuso una teor\u00eda opuesta: la de que la luz se compon\u00eda de min\u00fasculas ondas. Y si sus componentes fueran ondas, no ser\u00eda dif\u00edcil explicar las diversas difracciones de los diferentes tipos de luz a trav\u00e9s de un medio refractante, siempre y cuando se aceptara que la luz se mov\u00eda m\u00e1s despacio en ese medio refractante que en el aire. La cantidad de refracci\u00f3n variar\u00eda con la longitud de las ondas: cuanto m\u00e1s corta fuese tal longitud, tanto mayor ser\u00eda la refracci\u00f3n. Ello significaba que la luz violeta (la m\u00e1s sensible a <a id=\"_GPLITA_27\" title=\"Click to Continue &gt; by Savings Wave\" href=\"http:\/\/www.emiliosilveravazquez.com\/blog\/2013\/06\/27\/los-nucleos-la-masa-la-energiala-materia\/#\">este<\/a> fen\u00f3meno) deb\u00eda de tener una longitud de onda m\u00e1s corta que la luz azul; \u00e9sta, m\u00e1s corta que la verde, y as\u00ed sucesivamente.<\/p>\n<p>&nbsp;<\/p>\n<p style=\"text-align: justify;\"><img decoding=\"async\" loading=\"lazy\" id=\"irc_mi\" src=\"http:\/\/upload.wikimedia.org\/wikipedia\/commons\/thumb\/b\/b3\/EM_Spectrum_Properties_es.svg\/700px-EM_Spectrum_Properties_es.svg.png\" alt=\"\" width=\"688\" height=\"393\" \/><\/p>\n<p style=\"text-align: justify;\">Lo que permit\u00eda al ojo distinguir los colores eran esas diferencias <a id=\"_GPLITA_28\" title=\"Click to Continue &gt; by Savings Wave\" href=\"http:\/\/www.emiliosilveravazquez.com\/blog\/2013\/06\/27\/los-nucleos-la-masa-la-energiala-materia\/#\">entre<\/a> longitudes de onda. Y como es natural, si la luz estaba integrada por ondas, dos rayos podr\u00edan cruzarse sin dificultad alguna (las ondas sonoras y las del agua se cruzan continuamente sin perder sus respectivas identidades).<\/p>\n<p style=\"text-align: justify;\">Pero la teor\u00eda de Huyghens sobre las ondas tampoco fue muy satisfactoria. No explicaba por qu\u00e9 se mov\u00edan en l\u00ednea recta los rayos luminosos, ni por qu\u00e9 proyectaban sombras recortadas, ni aclaraba por qu\u00e9 las ondas luminosas no pod\u00edan rodear los obst\u00e1culos, del mismo modo que pueden hacerlo las ondas sonoras y de agua. Por a\u00f1adidura, se objetaba que si la luz consist\u00eda en ondas, \u00bfc\u00f3mo pod\u00eda <a id=\"_GPLITA_29\" title=\"Click to Continue &gt; by Savings Wave\" href=\"http:\/\/www.emiliosilveravazquez.com\/blog\/2013\/06\/27\/los-nucleos-la-masa-la-energiala-materia\/#\">viajar<\/a> por el vac\u00edo, ya que cruzaba el espacio desde el Sol y las estrellas? \u00bfCu\u00e1l era esa mec\u00e1nica ondulatoria?<\/p>\n<\/div>\n<p>&nbsp;<\/p>\n<p>&nbsp;<\/p>\n<p><img decoding=\"async\" src=\"https:\/\/keepcoding.io\/wp-content\/uploads\/2023\/01\/image-129.png\" alt=\"Ejemplo de la ley de gravitaci\u00f3n universal de Newton\" \/><\/p>\n<div>\n<blockquote>\n<p style=\"text-align: justify;\">Con el \u00e9xito de <a href=\"http:\/\/www.emiliosilveravazquez.com\/blog\/2013\/06\/27\/los-nucleos-la-masa-la-energiala-materia\/#\"><a href=\"#\" onclick=\"referencia('newton',event); return false;\">Newton<\/a><\/a> de su ley de la Gravitaci\u00f3n Universal, no es extra\u00f1o que afirmara de <a id=\"_GPLITA_30\" title=\"Click to Continue &gt; by Savings Wave\" href=\"http:\/\/www.emiliosilveravazquez.com\/blog\/2013\/06\/27\/los-nucleos-la-masa-la-energiala-materia\/#\">forma<\/a> tajante que la luz es corpuscular. <a href=\"http:\/\/www.emiliosilveravazquez.com\/blog\/2013\/06\/27\/los-nucleos-la-masa-la-energiala-materia\/#\"><a href=\"#\" onclick=\"referencia('newton',event); return false;\">Newton<\/a><\/a> se opuso violentamente a la naturaleza ondulatoria de la luz, ya que no ve\u00eda c\u00f3mo se pod\u00eda explicar con ella la propagaci\u00f3n rectil\u00ednea de la misma. Por otro lado estaba Christian Huygens, 13 <a id=\"_GPLITA_31\" title=\"Click to Continue &gt; by Savings Wave\" href=\"http:\/\/www.emiliosilveravazquez.com\/blog\/2013\/06\/27\/los-nucleos-la-masa-la-energiala-materia\/#\">a\u00f1os<\/a> mayor que <a href=\"http:\/\/www.emiliosilveravazquez.com\/blog\/2013\/06\/27\/los-nucleos-la-masa-la-energiala-materia\/#\"><a href=\"#\" onclick=\"referencia('newton',event); return false;\">Newton<\/a><\/a> que defend\u00eda la naturaleza ondulatoria con algunas ventajas.<\/p>\n<p>&nbsp;<\/p><\/blockquote>\n<p style=\"text-align: justify;\">\u00a0<img decoding=\"async\" loading=\"lazy\" class=\"\" src=\"https:\/\/encrypted-tbn1.gstatic.com\/images?q=tbn:ANd9GcQ8c9pNFRJ1ggcBg2LJ1F6njkkqhN_khSj3aJqKXt8UBwbGs3Y-fw\" alt=\"\" width=\"335\" height=\"279\" name=\"bz_RUB61bqbPfM:\" data-src=\"https:\/\/encrypted-tbn1.gstatic.com\/images?q=tbn:ANd9GcQ8c9pNFRJ1ggcBg2LJ1F6njkkqhN_khSj3aJqKXt8UBwbGs3Y-fw\" data-sz=\"f\" \/><img decoding=\"async\" loading=\"lazy\" id=\"irc_mi\" class=\"\" src=\"http:\/\/1.bp.blogspot.com\/-NwCSSMgHbAs\/T5fz7CfMhII\/AAAAAAAAAA0\/8dUhDzlnK90\/s1600\/IMG-20120425-WA0003.jpg\" alt=\"\" width=\"296\" height=\"292\" \/><\/p>\n<p>&nbsp;<\/p>\n<blockquote>\n<p style=\"text-align: justify;\">Ambas teor\u00edas explicaban perfectamente la reflexi\u00f3n y refracci\u00f3n de la luz. <a id=\"_GPLITA_32\" title=\"Click to Continue &gt; by Savings Wave\" href=\"http:\/\/www.emiliosilveravazquez.com\/blog\/2013\/06\/27\/los-nucleos-la-masa-la-energiala-materia\/#\">Pero<\/a> difer\u00edan en una cosa. La teor\u00eda corpuscular afirmaba que las part\u00edculas de luz se acelerar\u00edan al pasar por un material de mayor densidad \u00f3ptica y las ondas a menor. Esto no era comprobable por aquella \u00e9poca. Debido a la influencia de <a href=\"http:\/\/www.emiliosilveravazquez.com\/blog\/2013\/06\/27\/los-nucleos-la-masa-la-energiala-materia\/#\"><a href=\"#\" onclick=\"referencia('newton',event); return false;\">Newton<\/a><\/a> y a la poca habilidad de Huygens <a id=\"_GPLITA_33\" title=\"Click to Continue &gt; by Savings Wave\" href=\"http:\/\/www.emiliosilveravazquez.com\/blog\/2013\/06\/27\/los-nucleos-la-masa-la-energiala-materia\/#\">para<\/a> desarrollarla matem\u00e1ticamente, la teor\u00eda ondulatoria qued\u00f3 descartada durante un siglo.<\/p>\n<\/blockquote>\n<\/div>\n<p style=\"text-align: justify;\">\n<p>&nbsp;<\/p>\n<p><iframe loading=\"lazy\" title=\"La TEOR\u00cdA CORPUSCULAR de la LUZ\" width=\"500\" height=\"281\" src=\"https:\/\/www.youtube.com\/embed\/RGWbyGCbcmY?feature=oembed\" frameborder=\"0\" allow=\"accelerometer; autoplay; clipboard-write; encrypted-media; gyroscope; picture-in-picture; web-share\" referrerpolicy=\"strict-origin-when-cross-origin\" allowfullscreen><\/iframe><\/p>\n<p>&nbsp;<\/p>\n<div>\n<p style=\"text-align: justify;\">Aproximadamente durante un siglo, contendieron <a id=\"_GPLITA_34\" title=\"Click to Continue &gt; by Savings Wave\" href=\"http:\/\/www.emiliosilveravazquez.com\/blog\/2013\/06\/27\/los-nucleos-la-masa-la-energiala-materia\/#\">entre<\/a> s\u00ed estas teor\u00edas. La <em>teor\u00eda corpuscular<\/em> de <a href=\"http:\/\/www.emiliosilveravazquez.com\/blog\/2013\/06\/27\/los-nucleos-la-masa-la-energiala-materia\/#\"><a href=\"#\" onclick=\"referencia('newton',event); return false;\">Newton<\/a><\/a> fue, con mucho, la m\u00e1s popular, en parte porque la respald\u00f3 el famoso <a id=\"_GPLITA_35\" title=\"Click to Continue &gt; by Savings Wave\" href=\"http:\/\/www.emiliosilveravazquez.com\/blog\/2013\/06\/27\/los-nucleos-la-masa-la-energiala-materia\/#\">nombre<\/a> de su autor. Pero hacia 1.801, un f\u00edsico y m\u00e9dico ingl\u00e9s, de nombre Thomas Young, llev\u00f3 a cabo un experimento que arrastr\u00f3 la opini\u00f3n p\u00fablica al campo opuesto. Proyect\u00f3 un fino rayo luminoso sobre una pantalla, haci\u00e9ndolo pasar antes por dos orificios casi juntos; si la luz estuviera compuesta por part\u00edculas, cuando los dos rayos emergieran de ambos orificios, formar\u00edan presuntamente en la pantalla una regi\u00f3n m\u00e1s luminosa donde se superpusieran, y regiones menos brillantes, donde no se diera tal superposici\u00f3n. La pantalla mostr\u00f3 una serie de bandas luminosas, separadas entre s\u00ed por bandas oscuras; pareci\u00f3 incluso que en esos intervalos de sombra, la luz de ambos rayos contribu\u00eda a intensificar la oscuridad.<\/p>\n<p style=\"text-align: justify;\">Ser\u00eda f\u00e1cil explicarlo mediante la teor\u00eda ondulatoria; la banda luminosa representaba el refuerzo prestado por las ondas de un rayo a las ondas del otro, dicho de otra manera, entraban \u201cen fase\u201d dos trenes de ondas, es decir, ambos nodos, al unirse, se fortalec\u00edan el uno al otro. Por otra <a id=\"_GPLITA_36\" title=\"Click to Continue &gt; by Savings Wave\" href=\"http:\/\/www.emiliosilveravazquez.com\/blog\/2013\/06\/27\/los-nucleos-la-masa-la-energiala-materia\/#\">parte<\/a>, las bandas oscuras representaban puntos en los que las ondas estaban \u201cdesfasadas\u201d porque el vientre de una neutralizaba el nodo de la otra. En vez de aunar sus fuerzas, las ondas se interfer\u00edan mutuamente, reduciendo la energ\u00eda luminosa neta a las proximidades del punto cero.<\/p>\n<p style=\"text-align: justify;\"><img decoding=\"async\" loading=\"lazy\" id=\"irc_mi\" src=\"http:\/\/1.bp.blogspot.com\/-YAwrd2NaM7I\/T7YHSO4QnWI\/AAAAAAAABjA\/jBvV36AHTQA\/s1600\/longitud+onda+led.jpg\" alt=\"\" width=\"826\" height=\"156\" \/><\/p>\n<p style=\"text-align: justify;\">Considerando la anchura de las bandas y la distancia entre los dos orificios por lo que surgen ambos rayos, se pudo calcular la longitud de las ondas luminosas, por ejemplo, de la luz roja a la violeta o de los colores intermedios. Las longitudes de onda resultaron ser muy peque\u00f1as. As\u00ed, la de la luz roja era de unos 0\u2019000075 cm. Hoy se\u00a0 expresan las longitudes de las ondas luminosas mediante una unidad muy pr\u00e1ctica ideada por \u00c1ngstrom; esta unidad, denominada igualmente \u00c1ngstrom (\u00c5) en honor a su autor, es la cienmillon\u00e9sima parte de un cent\u00edmetro. As\u00ed pues, la longitud de onda de la luz roja equivale m\u00e1s o menos a 7.500 \u00c5, y la de la luz violeta a 3.900 \u00c5, mientras que las de colores visibles en el espectro oscilan entre ambas cifras.<\/p>\n<p style=\"text-align: justify;\">La cortedad de estas ondas es muy importante. La raz\u00f3n de que las ondas luminosas se desplacen en l\u00ednea recta y proyecten sombras recortadas se debe a que todas son incomparablemente m\u00e1s peque\u00f1as que cualquier objeto; pueden contornear un obst\u00e1culo s\u00f3lo si este no es mucho mayor que la longitud de onda. Hasta las bacterias, por ejemplo, tienen un volumen muy superior al de una onda luminosa, y por tanto, la luz <a id=\"_GPLITA_37\" title=\"Click to Continue &gt; by Savings Wave\" href=\"http:\/\/www.emiliosilveravazquez.com\/blog\/2013\/06\/27\/los-nucleos-la-masa-la-energiala-materia\/#\">puede<\/a> definir claramente sus contornos bajo el microscopio. S\u00f3lo los objetos cuyas dimensiones se asemejan a la longitud de onda luminosa (por ejemplo, los virus y otras part\u00edculas subat\u00f3micas) son lo suficientemente peque\u00f1os como para que puedan ser contorneados por las ondas luminosas.<\/p>\n<p style=\"text-align: justify;\">Un f\u00edsico franc\u00e9s, Agustin-Jean Fresnel, fue quien demostr\u00f3 por vez primera en 1.818 que si un objeto es lo suficientemente peque\u00f1o, la onda luminosa lo contornear\u00e1 sin dificultad. En tal caso, la luz determina el llamado fen\u00f3meno de \u201cdifracci\u00f3n\u201d. Por ejemplo, las fin\u00edsimas l\u00edneas paralelas de una \u201creja de difracci\u00f3n\u201d act\u00faan como una serie de min\u00fasculos obst\u00e1culos, que se refuerzan <a id=\"_GPLITA_38\" title=\"Click to Continue &gt; by Savings Wave\" href=\"http:\/\/www.emiliosilveravazquez.com\/blog\/2013\/06\/27\/los-nucleos-la-masa-la-energiala-materia\/#\">entre<\/a> s\u00ed. Puesto que la magnitud de la difracci\u00f3n va asociada a la longitud de onda, se produce el espectro. A la inversa, se puede calcular la longitud de onda midiendo la difracci\u00f3n de cualquier color o porci\u00f3n del espectro, as\u00ed como la separaci\u00f3n de las marcas sobre el cristal.<\/p>\n<p>&nbsp;<\/p>\n<div style=\"text-align: justify;\">\u00a0<img decoding=\"async\" loading=\"lazy\" src=\"http:\/\/2.bp.blogspot.com\/_huXPkGruk3Y\/TH1jvFKyJGI\/AAAAAAAAAgg\/6FMDGN-OxTo\/s400\/MANO+DEL+UNIVERSO.jpg\" alt=\"\" width=\"400\" height=\"299\" border=\"0\" \/><\/div>\n<div><\/div>\n<p style=\"text-align: justify;\">La mano del Universo juguetea con unos puntos luminosos que quieren llegar a ser cegadores\u2026Son nuestras Mentes, productos de la evoluci\u00f3n del Universo que, a partir de la materia inerte, ha podido alcanzar el estadio bio-qu\u00edmico de la consciencia y, al ser conscientes, hemos podido <a id=\"_GPLITA_39\" title=\"Click to Continue &gt; by Savings Wave\" href=\"http:\/\/www.emiliosilveravazquez.com\/blog\/2013\/06\/27\/los-nucleos-la-masa-la-energiala-materia\/#\">descubrir<\/a> que existen \u201cn\u00fameros misteriosos\u201d dentro de los cuales subyacen mensajes que tenemos que desvelar.<\/p>\n<p style=\"text-align: justify;\">Fraunhofer explor\u00f3 dicha reja de difracci\u00f3n con objeto de averiguar sus finalidades pr\u00e1cticas, progreso que suele olvidarse, pues queda eclipsado por su descubrimiento m\u00e1s famoso, los rayos espectrales. El f\u00edsico americano Henry Augustus Rowland ide\u00f3 la reja c\u00f3ncava y desarroll\u00f3 t\u00e9cnicas <a id=\"_GPLITA_40\" title=\"Click to Continue &gt; by Savings Wave\" href=\"http:\/\/www.emiliosilveravazquez.com\/blog\/2013\/06\/27\/los-nucleos-la-masa-la-energiala-materia\/#\">para<\/a> regularlas de acuerdo con 20.000 l\u00edneas por pulgada. Ello hizo posible la sustituci\u00f3n del prisma por el espectroscopio.<\/p>\n<p style=\"text-align: justify;\">Ante tales hallazgos experimentales, m\u00e1s el desarrollo met\u00f3dico y matem\u00e1tico del movimiento ondulatorio, debido a Fresnel, pareci\u00f3 que la teor\u00eda ondulatoria de la luz hab\u00eda arraigado definitivamente, desplazando y relegando <a id=\"_GPLITA_41\" title=\"Click to Continue &gt; by Savings Wave\" href=\"http:\/\/www.emiliosilveravazquez.com\/blog\/2013\/06\/27\/los-nucleos-la-masa-la-energiala-materia\/#\">para<\/a> siempre a la teor\u00eda corpuscular.<\/p>\n<p style=\"text-align: justify;\">No s\u00f3lo se acept\u00f3 la existencia de ondas luminosas, sino que tambi\u00e9n se midi\u00f3 su longitud con una precisi\u00f3n cada vez mayor. <a id=\"_GPLITA_42\" title=\"Click to Continue &gt; by Savings Wave\" href=\"http:\/\/www.emiliosilveravazquez.com\/blog\/2013\/06\/27\/los-nucleos-la-masa-la-energiala-materia\/#\">Hacia<\/a> 1.827, el f\u00edsico franc\u00e9s Jacques Babinet sugiri\u00f3 que se empleara la longitud de onda luminosa (una cantidad f\u00edsica inalcanzable) como unidad para medir tales longitudes, en vez de las muy diversas unidades ideadas y empleadas por el hombre. Sin embargo, tal sugerencia no se llev\u00f3 a la pr\u00e1ctica hasta 1.880 cuando el f\u00edsico germano-americano Albert Abraham Michelson invent\u00f3 un instrumento denominado \u201cinterfer\u00f3metro\u201d, que pod\u00eda medir las longitudes de ondas luminosas con una exactitud sin precedentes. En 1.893, Michelson midi\u00f3 la onda de la raya roja en el espectro del cadmio y determin\u00f3 que su longitud era de 1\/1.553.164 m.<\/p>\n<p>&nbsp;<\/p>\n<div style=\"text-align: justify;\"><img decoding=\"async\" loading=\"lazy\" src=\"http:\/\/upload.wikimedia.org\/wikipedia\/commons\/thumb\/5\/50\/Krypton_discharge_tube.jpg\/800px-Krypton_discharge_tube.jpg\" alt=\"Archivo:Krypton discharge tube.jpg\" width=\"800\" height=\"534\" \/><\/div>\n<div><\/div>\n<div style=\"text-align: justify;\">\u00a0 \u00a0 \u00a0 \u00a0 \u00a0 \u00a0 \u00a0 \u00a0 \u00a0 \u00a0 \u00a0 \u00a0 \u00a0 \u00a0 \u00a0 \u00a0 \u00a0 \u00a0 \u00a0 \u00a0 \u00a0 \u00a0 \u00a0 \u00a0 \u00a0 \u00a0 \u00a0 \u00a0 \u00a0 \u00a0Tubo de <a id=\"_GPLITA_43\" title=\"Click to Continue &gt; by Savings Wave\" href=\"http:\/\/www.emiliosilveravazquez.com\/blog\/2013\/06\/27\/los-nucleos-la-masa-la-energiala-materia\/#\">descarga<\/a> lleno de kript\u00f3n puro<\/div>\n<div style=\"text-align: justify;\"><small><a href=\"http:\/\/upload.wikimedia.org\/wikipedia\/commons\/thumb\/5\/50\/Krypton_discharge_tube.jpg\/1280px-Krypton_discharge_tube.jpg\">\u00a0<\/a><\/small><\/div>\n<p style=\"text-align: justify;\">Pero la incertidumbre reapareci\u00f3 al descubrirse que los elementos estaban compuestos por is\u00f3topos diferentes, cada uno de los cuales aportaba una raya cuya longitud de inda difer\u00eda ligeramente de las restantes. En la d\u00e9cada de 1.930 se midieron las rayas del cript\u00f3n 86. Como quiera que este is\u00f3topo fuera gaseoso, se pod\u00eda abordar con bajas temperaturas, <a id=\"_GPLITA_44\" title=\"Click to Continue &gt; by Savings Wave\" href=\"http:\/\/www.emiliosilveravazquez.com\/blog\/2013\/06\/27\/los-nucleos-la-masa-la-energiala-materia\/#\">para<\/a> frenar el movimiento at\u00f3mico y reducir el consecutivo engrosamiento de la raya.<\/p>\n<p style=\"text-align: justify;\">En 1.960, el Comit\u00e9 Internacional de Pesos y Medidas adopt\u00f3 la raya del cript\u00f3n 86 como unidad fundamental de la longitud. Entonces se reestableci\u00f3 la longitud del metro como 1.650.763\u201973 veces la longitud de onda de dicha raya espectral. Ello aument\u00f3 mil veces la precisi\u00f3n de las medidas de longitud. Hasta entonces se hab\u00eda medido el antiguo metro patr\u00f3n con un margen de error equivalente a una millon\u00e9sima, mientras que en lo sucesivo se pudo medir la longitud de onda con un margen de error equivalente a una milmillon\u00e9sima.<\/p>\n<p style=\"text-align: justify;\"><strong><em>Emilio Silvera V\u00e1zquez<\/em><\/strong><\/p>\n<\/div>\n<div class='bookmark'>\r\n\t\t<table align='left' border='0' cellpadding='0' width='100%'>\r\n\t\t<tr><td><span class='pushbutton'><a href='http:\/\/delicious.com\/post?url=https%3A%2F%2Fwww.emiliosilveravazquez.com%2Fblog%2F2025%2F06%2F05%2Flos-nucleos-la-masa-la-energia%25e2%2580%25a6%25c2%25a1la-luz%2F&amp;title=Los+n%C3%BAcleos%2C+la+masa%2C+la+energ%C3%ADa%E2%80%A6%C2%A1La+Luz%21' title='Delicious' target='_blank' rel='nofollow'><img src='https:\/\/www.emiliosilveravazquez.com\/blog\/wp-content\/plugins\/knxdt-bookmarks-wordpress-plugin\/images\/delicious.png'  alt='' class='book_img' border='none' style='margin:1px; padding: 0;'  \/><\/a><\/span><span class='pushbutton'><a href='http:\/\/digg.com\/submit?url=https%3A%2F%2Fwww.emiliosilveravazquez.com%2Fblog%2F2025%2F06%2F05%2Flos-nucleos-la-masa-la-energia%25e2%2580%25a6%25c2%25a1la-luz%2F&amp;title=Los+n%C3%BAcleos%2C+la+masa%2C+la+energ%C3%ADa%E2%80%A6%C2%A1La+Luz%21' title='Digg' target='_blank' rel='nofollow'><img src='https:\/\/www.emiliosilveravazquez.com\/blog\/wp-content\/plugins\/knxdt-bookmarks-wordpress-plugin\/images\/digg.png'  alt='' class='book_img' border='none' style='margin:1px; padding: 0;'  \/><\/a><\/span><span class='pushbutton'><a href='http:\/\/www.google.com\/bookmarks\/mark?op=edit&amp;bkmk=https%3A%2F%2Fwww.emiliosilveravazquez.com%2Fblog%2F2025%2F06%2F05%2Flos-nucleos-la-masa-la-energia%25e2%2580%25a6%25c2%25a1la-luz%2F&amp;title=Los+n%C3%BAcleos%2C+la+masa%2C+la+energ%C3%ADa%E2%80%A6%C2%A1La+Luz%21' title='Google' target='_blank' rel='nofollow'><img src='https:\/\/www.emiliosilveravazquez.com\/blog\/wp-content\/plugins\/knxdt-bookmarks-wordpress-plugin\/images\/google.png'   alt='' class='book_img' border='none' style='margin:1px; padding: 0;'  \/><\/a><\/span><span class='pushbutton'><a href='http:\/\/myweb2.search.yahoo.com\/myresults\/bookmarklet?u=https%3A%2F%2Fwww.emiliosilveravazquez.com%2Fblog%2F2025%2F06%2F05%2Flos-nucleos-la-masa-la-energia%25e2%2580%25a6%25c2%25a1la-luz%2F&amp;t=Los+n%C3%BAcleos%2C+la+masa%2C+la+energ%C3%ADa%E2%80%A6%C2%A1La+Luz%21' title='Yahoo' target='_blank' rel='nofollow'><img src='https:\/\/www.emiliosilveravazquez.com\/blog\/wp-content\/plugins\/knxdt-bookmarks-wordpress-plugin\/images\/yahoo.png'  alt='' class='book_img' border='none' style='margin:1px; padding: 0;'  \/><\/a><\/span><span class='pushbutton'><a href='http:\/\/www.technorati.com\/faves?add=https%3A%2F%2Fwww.emiliosilveravazquez.com%2Fblog%2F2025%2F06%2F05%2Flos-nucleos-la-masa-la-energia%25e2%2580%25a6%25c2%25a1la-luz%2F' title='Technorati' target='_blank' rel='nofollow'><img src='https:\/\/www.emiliosilveravazquez.com\/blog\/wp-content\/plugins\/knxdt-bookmarks-wordpress-plugin\/images\/technorati.png'  alt='' class='book_img' border='none' style='margin:1px; padding: 0;'  \/><\/a><\/span><span class='pushbutton'><a href='http:\/\/meneame.net\/submit.php?url=https%3A%2F%2Fwww.emiliosilveravazquez.com%2Fblog%2F2025%2F06%2F05%2Flos-nucleos-la-masa-la-energia%25e2%2580%25a6%25c2%25a1la-luz%2F' title='Meneame' target='_blank' rel='nofollow'><img src='https:\/\/www.emiliosilveravazquez.com\/blog\/wp-content\/plugins\/knxdt-bookmarks-wordpress-plugin\/images\/meneame.png'  alt='' class='book_img' border='none' style='margin:1px; padding: 0;'  \/><\/a><\/span><span class='pushbutton'><a href='http:\/\/enchilame.com\/submit.php?url=https:\/\/www.emiliosilveravazquez.com\/blog\/2025\/06\/05\/los-nucleos-la-masa-la-energia%e2%80%a6%c2%a1la-luz\/' target='_blank' rel='nofollow'><img title='Enchilame' src='https:\/\/www.emiliosilveravazquez.com\/blog\/wp-content\/plugins\/knxdt-bookmarks-wordpress-plugin\/images\/enchilame.png'  alt='' class='book_img' border='none' style='margin:1px; padding: 0;'  \/><\/a><\/span><span class='pushbutton'><a href='http:\/\/www.blinklist.com\/index.php?Action=Blink\/addblink.php&amp;Description=&amp;Url=https%3A%2F%2Fwww.emiliosilveravazquez.com%2Fblog%2F2025%2F06%2F05%2Flos-nucleos-la-masa-la-energia%25e2%2580%25a6%25c2%25a1la-luz%2F&amp;title=Los+n%C3%BAcleos%2C+la+masa%2C+la+energ%C3%ADa%E2%80%A6%C2%A1La+Luz%21' title='BlinkList' target='_blank' rel='nofollow'><img src='https:\/\/www.emiliosilveravazquez.com\/blog\/wp-content\/plugins\/knxdt-bookmarks-wordpress-plugin\/images\/blinklist.png'  alt='' class='book_img' border='none' style='margin:1px; padding: 0;'  \/><\/a><\/span><span class='pushbutton'><a href='http:\/\/reddit.com\/submit?url=https%3A%2F%2Fwww.emiliosilveravazquez.com%2Fblog%2F2025%2F06%2F05%2Flos-nucleos-la-masa-la-energia%25e2%2580%25a6%25c2%25a1la-luz%2F&amp;title=Los+n%C3%BAcleos%2C+la+masa%2C+la+energ%C3%ADa%E2%80%A6%C2%A1La+Luz%21' title='Reddit' target='_blank' rel='nofollow'><img src='https:\/\/www.emiliosilveravazquez.com\/blog\/wp-content\/plugins\/knxdt-bookmarks-wordpress-plugin\/images\/reddit.png'  alt='' class='book_img' border='none' style='margin:1px; padding: 0;'  \/><\/a><\/span><span class='pushbutton'><a href='http:\/\/www.tecnologiadiaria.com\/2009\/07\/abrir-com-hotmail-correo.html' target='_blank' title='hotmail'><img src='https:\/\/www.emiliosilveravazquez.com\/blog\/wp-content\/plugins\/knxdt-bookmarks-wordpress-plugin\/images\/linklove.png' alt='hotmail correo' class='book_img' border='none' style='margin:1px; padding: 0;' \/><\/a><\/span><span class='pushbutton'><a href='http:\/\/bitacoras.com\/votar\/anotacion\/externo\/mini\/www.emiliosilveravazquez.com\/blog\/2025\/06\/05\/los-nucleos-la-masa-la-energia%e2%80%a6%c2%a1la-luz\/' title='Bitacoras.com' target='_blank' rel='nofollow'><img src='https:\/\/www.emiliosilveravazquez.com\/blog\/wp-content\/plugins\/knxdt-bookmarks-wordpress-plugin\/images\/bitacoras.png'  alt='' class='book_img' border='none' style='margin:1px; padding: 0;'  \/><\/a><\/span><span class='pushbutton'><a href='http:\/\/www.wikio.es\/vote?url=https%3A%2F%2Fwww.emiliosilveravazquez.com%2Fblog%2F2025%2F06%2F05%2Flos-nucleos-la-masa-la-energia%25e2%2580%25a6%25c2%25a1la-luz%2F' title='Wikio' target='_blank' rel='nofollow'><img src='https:\/\/www.emiliosilveravazquez.com\/blog\/wp-content\/plugins\/knxdt-bookmarks-wordpress-plugin\/images\/wikio.png'   alt='' class='book_img' border='none' style='margin:1px; padding: 0;'   \/><\/a><\/span><span class='pushbutton'><a href='http:\/\/friendfeed.com\/?url=https%3A%2F%2Fwww.emiliosilveravazquez.com%2Fblog%2F2025%2F06%2F05%2Flos-nucleos-la-masa-la-energia%25e2%2580%25a6%25c2%25a1la-luz%2F&amp;title=Los+n%C3%BAcleos%2C+la+masa%2C+la+energ%C3%ADa%E2%80%A6%C2%A1La+Luz%21' title='Friend Feed' target='_blank' rel='nofollow'><img src='https:\/\/www.emiliosilveravazquez.com\/blog\/wp-content\/plugins\/knxdt-bookmarks-wordpress-plugin\/images\/friendfeed.png'  alt='' class='book_img' border='none' style='margin:1px; padding: 0;'  \/><\/a><\/span><span class='pushbutton'><a href='http:\/\/www.facebook.com\/share.php?u=https%3A%2F%2Fwww.emiliosilveravazquez.com%2Fblog%2F2025%2F06%2F05%2Flos-nucleos-la-masa-la-energia%25e2%2580%25a6%25c2%25a1la-luz%2F&amp;t=Los+n%C3%BAcleos%2C+la+masa%2C+la+energ%C3%ADa%E2%80%A6%C2%A1La+Luz%21' title='Facebook' target='_blank' rel='nofollow'><img src='https:\/\/www.emiliosilveravazquez.com\/blog\/wp-content\/plugins\/knxdt-bookmarks-wordpress-plugin\/images\/facebook.png'  alt='' class='book_img' border='none' style='margin:1px; padding: 0;'  \/><\/a><\/span><span class='pushbutton'><a href='http:\/\/twitter.com\/home?status=Los+n%C3%BAcleos%2C+la+masa%2C+la+energ%C3%ADa%E2%80%A6%C2%A1La+Luz%21: https%3A%2F%2Fwww.emiliosilveravazquez.com%2Fblog%2F2025%2F06%2F05%2Flos-nucleos-la-masa-la-energia%25e2%2580%25a6%25c2%25a1la-luz%2F' title='Twitter' target='_blank' rel='nofollow'><img src='https:\/\/www.emiliosilveravazquez.com\/blog\/wp-content\/plugins\/knxdt-bookmarks-wordpress-plugin\/images\/twitter.png'  alt='' class='book_img' border='none' style='margin:1px; padding: 0;'  \/><\/a><\/span><span class='pushbutton'><a href='http:\/\/www.feedburner.com\/fb\/a\/emailFlare?itemTitle=Los+n%C3%BAcleos%2C+la+masa%2C+la+energ%C3%ADa%E2%80%A6%C2%A1La+Luz%21&amp;uri=https%3A%2F%2Fwww.emiliosilveravazquez.com%2Fblog%2F2025%2F06%2F05%2Flos-nucleos-la-masa-la-energia%25e2%2580%25a6%25c2%25a1la-luz%2F' title='Enviar por Email' target='_blank' rel='nofollow'><img src='https:\/\/www.emiliosilveravazquez.com\/blog\/wp-content\/plugins\/knxdt-bookmarks-wordpress-plugin\/images\/email.png'  alt='' class='book_img' border='none' style='margin:1px; padding: 0;'  \/><\/a><\/span><span style='font-weight:bold; padding-left: 5px;'><a href='http:\/\/wordpress.org\/extend\/plugins\/knxdt-bookmarks-wordpress-plugin\/' title='Plugin' rel='nofollow' target='_blank'>[?]<\/a><\/span><\/td><\/tr><\/table><br\/><br\/><\/div>","protected":false},"excerpt":{"rendered":"<p>\u00a0 La part\u00edcula emitida por un n\u00facleo radiactivo, por lo general lleva una considerable cantidad de energ\u00eda. Y, \u00bfde d\u00f3nde procede esa energ\u00eda? Es el resultado de la conversi\u00f3n en energ\u00eda de una peque\u00f1a parte del n\u00facleo (E = mc2); en otras palabras, el n\u00facleo siempre pierde un poco de masa en el acto de [&hellip;]<\/p>\n","protected":false},"author":2,"featured_media":0,"comment_status":"open","ping_status":"open","sticky":false,"template":"","format":"standard","meta":{"_s2mail":"yes","footnotes":""},"categories":[305],"tags":[],"_links":{"self":[{"href":"https:\/\/www.emiliosilveravazquez.com\/blog\/wp-json\/wp\/v2\/posts\/11095"}],"collection":[{"href":"https:\/\/www.emiliosilveravazquez.com\/blog\/wp-json\/wp\/v2\/posts"}],"about":[{"href":"https:\/\/www.emiliosilveravazquez.com\/blog\/wp-json\/wp\/v2\/types\/post"}],"author":[{"embeddable":true,"href":"https:\/\/www.emiliosilveravazquez.com\/blog\/wp-json\/wp\/v2\/users\/2"}],"replies":[{"embeddable":true,"href":"https:\/\/www.emiliosilveravazquez.com\/blog\/wp-json\/wp\/v2\/comments?post=11095"}],"version-history":[{"count":0,"href":"https:\/\/www.emiliosilveravazquez.com\/blog\/wp-json\/wp\/v2\/posts\/11095\/revisions"}],"wp:attachment":[{"href":"https:\/\/www.emiliosilveravazquez.com\/blog\/wp-json\/wp\/v2\/media?parent=11095"}],"wp:term":[{"taxonomy":"category","embeddable":true,"href":"https:\/\/www.emiliosilveravazquez.com\/blog\/wp-json\/wp\/v2\/categories?post=11095"},{"taxonomy":"post_tag","embeddable":true,"href":"https:\/\/www.emiliosilveravazquez.com\/blog\/wp-json\/wp\/v2\/tags?post=11095"}],"curies":[{"name":"wp","href":"https:\/\/api.w.org\/{rel}","templated":true}]}}