{"id":9914,"date":"2025-03-10T08:33:46","date_gmt":"2025-03-10T07:33:46","guid":{"rendered":"http:\/\/www.emiliosilveravazquez.com\/blog\/?p=9914"},"modified":"2025-03-10T08:33:55","modified_gmt":"2025-03-10T07:33:55","slug":"%c2%bflibre-albedrio-%c2%bfque-es-eso","status":"publish","type":"post","link":"http:\/\/www.emiliosilveravazquez.com\/blog\/2025\/03\/10\/%c2%bflibre-albedrio-%c2%bfque-es-eso\/","title":{"rendered":"\u00bfLibre Albedr\u00edo? \u00bfQu\u00e9 es eso?"},"content":{"rendered":"<div>\n<p style=\"text-align: justify;\"><img decoding=\"async\" loading=\"lazy\" src=\"http:\/\/3.bp.blogspot.com\/-zu5vAt3_8Wc\/Tke7g7iPa9I\/AAAAAAAAEhs\/YuR3-FYTa5Q\/s640\/display_1313947.jpg\" alt=\"\" width=\"640\" height=\"537\" border=\"0\" \/><\/p>\n<h3 style=\"text-align: justify;\">\u00a0\u00a0\u00a0\u00a0\u00a0\u00a0\u00a0\u00a0 El cerebro es capaz de inventar recuerdos de hechos que nunca ocurrieron<\/h3>\n<blockquote>\n<p style=\"text-align: justify;\">En realidad lo del <strong>Libre\u00a0 Albedrio<\/strong> es cosa de los fil\u00f3sofos que\u00a0 lo relacionan con la conducta humana, del reflejo y la consecuencia,\u00a0 relacionada con la voluntad\u00a0 y no de fuerzas externas. Es decir, que podemos hacer lo que queramos sin tener que doblegarnos a otros par\u00e1metros exteriores que nos obliguen a tener que hacer lo contrario de lo que realmente querr\u00edamos hacer.<\/p>\n<\/blockquote>\n<\/div>\n<p>&nbsp;<\/p>\n<blockquote><p><img decoding=\"async\" src=\"https:\/\/upload.wikimedia.org\/wikipedia\/commons\/thumb\/4\/44\/Augustine_Lateran.jpg\/200px-Augustine_Lateran.jpg\" \/><\/p>\n<p><b>Aurelius Augustinus Hipponensis<\/b><\/p>\n<p><a title=\"Escritor\" href=\"https:\/\/es.wikipedia.org\/wiki\/Escritor\">\u00a0 \u00a0 escritor<\/a>,\u00a0<a class=\"mw-redirect\" title=\"Te\u00f3logo\" href=\"https:\/\/es.wikipedia.org\/wiki\/Te%C3%B3logo\">te\u00f3logo<\/a>\u00a0y\u00a0<a class=\"mw-redirect\" title=\"Fil\u00f3sofo\" href=\"https:\/\/es.wikipedia.org\/wiki\/Fil%C3%B3sofo\">fil\u00f3sofo<\/a>\u00a0<a title=\"Cristianismo\" href=\"https:\/\/es.wikipedia.org\/wiki\/Cristianismo\">cristiano<\/a><\/p>\n<p style=\"text-align: justify;\">Es importante subrayar que el origen de la idea de un libre albedr\u00edo es claramente teol\u00f3gico, es decir, proviene de la revelaci\u00f3n judeocristiana y es por consiguiente objeto de fe, y no es la conclusi\u00f3n de una experiencia o de un argumento racional. Su formulaci\u00f3n puede remontarse al menos hasta\u00a0<b>Agust\u00edn de Hipona<\/b> .<\/p>\n<p>&nbsp;<\/p>\n<p><img decoding=\"async\" loading=\"lazy\" class=\"\" src=\"https:\/\/www.familiasnumerosas.org\/wp-content\/uploads\/2022\/11\/familias_de_4_hijos__categoria_especial.png\" alt=\"Las familias de 4 hijos ser\u00e1n de categor\u00eda especial, seg\u00fan ...\" width=\"445\" height=\"445\" \/><\/p>\n<p>Me habr\u00eda gustado viajar por el mundo pero&#8230; \u00a1Llegaron los ni\u00f1os! \u00bfD\u00f3nde queda el Libre Albedrio?<\/p>\n<p>Bueno, para ser justos, habr\u00eda que preguntar:<\/p>\n<p>\u00bfQui\u00e9n te oblig\u00f3 al placentero viaje de traerlos?<\/p>\n<p>\u00bfNo fue un acto de Libre Albedrio?<\/p>\n<p>Tendr\u00edamos que pararnos a recapacitar el por qu\u00e9 suceden las coas, lo que motivaron nuestras decisiones.<\/p>\n<p style=\"text-align: justify;\">Algunos conciben el libre albedr\u00edo como\u00a0<b>la capacidad de actuar m\u00e1s all\u00e1 de los l\u00edmites de las influencias o deseos externos<\/b>\u00a0. Otros conciben el libre albedr\u00edo como la capacidad de tomar decisiones no determinadas por los acontecimientos pasados. El determinismo sugiere que s\u00f3lo es posible un curso de acontecimientos, lo cual es incompatible con un modelo libertario del libre albedr\u00edo.<\/p>\n<p style=\"text-align: justify;\">Lo cierto es, que para poder gozar de un cierto &#8220;Libre Albedrio&#8221;, lo primero que debemos conseguir es tener el conocimiento y la preparaci\u00f3n que nos permita elegir y llegar a ser auto-suficientes en el plano econ\u00f3mico, eso nos dar\u00eda cierta libertad de escoger el camino a seguir y lo que deseamos hacer.<\/p>\n<p>&nbsp;<\/p><\/blockquote>\n<p><img decoding=\"async\" loading=\"lazy\" class=\"\" src=\"https:\/\/thumbs.dreamstime.com\/z\/hombre-primitivo-de-caverna-y-armas-conjunto-art%C3%ADculos-para-la-caza-un-hacha-piedra-palo-una-trampa-el-cr%C3%A1neo-antorcha-mamut-del-223407869.jpg\" alt=\"Hombre Primitivo De Caverna Y Armas. Conjunto De Art\u00edculos Para La Caza.  Ilustraci\u00f3n del Vector - Ilustraci\u00f3n de cueva, primitivo: 223407869\" width=\"316\" height=\"334\" \/><img decoding=\"async\" loading=\"lazy\" class=\"\" src=\"https:\/\/dtcauayj04l84.cloudfront.net\/users\/nicolas.boullosa\/photos\/800px-Apache_Wickiup,_Edward_Curtis,_1903.jpg\" alt=\"10 viviendas m\u00ednimas tradicionales: esencia arquitect\u00f3nica \u2013 *faircompanies\" width=\"427\" height=\"317\" \/><img decoding=\"async\" loading=\"lazy\" class=\"\" src=\"https:\/\/talayots.es\/wp-content\/uploads\/invento-de-la-rueda-en-el-paleolitico-para-ninos.jpg\" alt=\"Invento de la rueda en el Paleol\u00edtico: \u00a1para ni\u00f1os! | Talayots\" width=\"355\" height=\"266\" \/><img decoding=\"async\" loading=\"lazy\" class=\"\" src=\"https:\/\/abonoorganico.org\/wp-content\/uploads\/2022\/04\/historia-del-arado-1-1197234-400x267.jpg\" alt=\"Una breve historia del arado - Abono Org\u00e1nico. org\" width=\"388\" height=\"259\" \/><img decoding=\"async\" src=\"https:\/\/talayots.es\/wp-content\/uploads\/invencion-de-la-rueda-la-vela-y-larada-en-la-prehistoria.jpg\" alt=\"Invenci\u00f3n de la rueda, la vela y l'arada en la prehistoria. | Talayots\" \/><\/p>\n<p>Repentizamos soluciones a problemas planteamos en el d\u00eda a d\u00eda para sobrevivir<\/p>\n<div>\n<p style=\"text-align: justify;\">La capacidad humana para aprender, inventar, buscar recursos, y sobre todo, adaptarse a las circunstancias es bastante grande. A lo largo de los \u00faltimos milenios Civilizaciones del pasado han demostrado que puedes desarrollarse y constituir sociedades que apuntan maneras de querer hacer bien las cosas. Bueno, al menos esas son las sensaciones que yo he podido percibir.<\/p>\n<p style=\"text-align: justify;\">Aunque examinando la realidad de los hechos y la Historia del pasado, las perspectivas no se cumplieron\u2026, del todo.\u00a0 No se cumplen dichas expectativas sin\u00a0 Sociedades Democr\u00e1ticas y de Derecho \u2013aquellas polis griegas del pasado-, El sue\u00f1o de un reparto equitativo de la riqueza es una quimera.<\/p>\n<p>&nbsp;<\/p>\n<\/div>\n<p><img decoding=\"async\" loading=\"lazy\" class=\"\" src=\"https:\/\/img2.rtve.es\/i\/?w=1600&amp;i=1579340549183.jpg\" alt=\"Esclavitud, episodio silenciado de la historia de Espa\u00f1a | RTVE\" width=\"511\" height=\"287\" \/><\/p>\n<div>\n<p style=\"text-align: justify;\">Hay cosas de las que, sin ser los responsables directos, nos hacen sentir verg\u00fcenza<\/p>\n<p style=\"text-align: justify;\">Medio mundo se muere desnutrido y, el otro medio, se muere por la obesidad. Los pueblos, por motivos religiosos, de ocupaci\u00f3n de zonas ricas en recursos energ\u00e9ticos y por otras causas que nunca justificaron el resultado, se est\u00e1n matando en pleno comienzo del siglo XXI.<\/p>\n<p>&nbsp;<\/p>\n<blockquote>\n<p style=\"text-align: justify;\"><img decoding=\"async\" loading=\"lazy\" class=\"\" src=\"http:\/\/2.bp.blogspot.com\/_wNQ9g4v4vIs\/TDdW-dWHVJI\/AAAAAAAAAqE\/F1fSVyS-oWc\/s1600\/anexo_2__portaaviones_de_la_iv_flota.jpg\" alt=\"\" width=\"563\" height=\"422\" \/><\/p>\n<\/blockquote>\n<p style=\"text-align: justify;\">\u00a0\u00a0\u00a0\u00a0\u00a0\u00a0\u00a0\u00a0\u00a0\u00a0\u00a0\u00a0\u00a0\u00a0\u00a0 <strong>\u00a0Mientras estos monstruos sean necesarios\u2026 \u00a1Mal van las cosas!<\/strong><\/p>\n<p style=\"text-align: justify;\">Con tal panorama, nadie podr\u00e1 negar que la Humanidad, no se ha ganado el derecho a tal nombre, estamos deshumanizados y en pleno proceso de \u201chumanizaci\u00f3n\u201d. Tenemos ingenios espaciales que nos env\u00edan datos de las estrellas, robots que hacen fotos de planetas lejanos y hacen an\u00e1lisis de la composici\u00f3n del terreno de las lunas de J\u00fapiter o Saturno, sat\u00e9lites orbitando la Tierra que nos facilitan las comunicaciones y nos env\u00edan los par\u00e1metros del tiempo en los rincones m\u00e1s alejados del globo, ordenadores que se programan para que un <a href=\"http:\/\/www.emiliosilveravazquez.com\/blog\/category\/el-saber-del-mundo\/#\">l\u00e1ser<\/a> opere un ojo humano o mil maravillas m\u00e1s. Sin embargo, a pesar de todo eso, dentro de nosotros prevalece el instinto animal salvaje que de manera inconciente, nos hace desconfiar de los dem\u00e1s y nos empuja incluso a matar, de forma inhumana, por defender aquello que consideramos nuestro o que simplemente queremos. Y mientras que sea as\u00ed, la \u201cHumanidad\u201d no ser\u00e1 \u201chumana\u201d\u2026, todav\u00eda.\u00a0 Parece que nos falta evoluci\u00f3n y que el proceso contin\u00faa, a\u00fan falta bastante tiempo para alcanzar el nivel que, de manera definitiva, nos distinga de los animales irracionales. De momento, no hemos podido conquistar esa racionalidad que tanta falta nos hace. En algunos aspectos, nos comportamos como aut\u00e9nticos idiotas.<\/p>\n<\/div>\n<p><img decoding=\"async\" loading=\"lazy\" class=\"\" src=\"https:\/\/microbioblog.es\/wp-content\/uploads\/2023\/02\/IMG_0534.jpeg\" alt=\"A Investigaci\u00f3n y Ciencia: \u00a1gracias! \u2013 microBIOblog\" width=\"673\" height=\"443\" \/><\/p>\n<div>\n<p style=\"text-align: justify;\">\u00bfCu\u00e1ntos problemas podr\u00edamos solucionar y cu\u00e1ntos programas de investigaci\u00f3n podr\u00edamos llevar a buen fin, si se destinaran los presupuestos de todos los pa\u00edses del mundo gastados en armas y ej\u00e9rcitos a causas m\u00e1s nobles? Estamos inmersos en una sociedad del miedo, en la que los poderosos, tienen dominado al mundo que se rige por sus intereses, y, la mayor\u00eda de las personas, aunque no tienen cadenas ni grilletes como los esclavos del pasado, s\u00ed tienen otros amarres que los tienen confinados en un mundo de Hipotecas y de trabajos precarios que, de alguna manera, viene a ser lo mismo.<\/p>\n<p>&nbsp;<\/p>\n<\/div>\n<blockquote><p><img decoding=\"async\" loading=\"lazy\" class=\"\" src=\"https:\/\/fernandocuevasblog.wordpress.com\/wp-content\/uploads\/2015\/02\/vic3b1eta-mafalda.png?w=584\" alt=\"El Enfoque basado en los Derechos Humanos en proyectos de Cooperaci\u00f3n | El  blog de Fernando Cuevas\" width=\"355\" height=\"375\" \/><\/p>\n<p>&nbsp;<\/p><\/blockquote>\n<div>\n<p style=\"text-align: justify;\">Hoy parece que me he salido del guion cient\u00edfico para explicar el motivo por el cual (guiado por el ego\u00edsmo de unos pocos), la Humanidad est\u00e1 dejando de lado su verdadera obligaci\u00f3n de avanzar en el sentido del conocimiento para que, llegado el momento, podamos hacer frente a los terribles problemas que tendremos que resolver. De momento, el m\u00e1s prioritario y terrible de todos es el de conseguir una digna capacidad de vida para nuestros hermanos, tenemos que procurar una digna forma de vida para todos los seres del planeta y que, de manera pr\u00e1ctica y efectiva las regiones ricas acudan en ayuda de las regiones pobres del mundo evitando la miseria, el hambre, la enfermedad y la muerte que sin inmutarnos, estamos presenciando, cada d\u00eda, c\u00f3modamente sentados en nuestro confortable sof\u00e1 viendo y oyendo las horribles noticias que nos llegan desde esas desgraciadas regiones. Lo m\u00e1s lamentable es que tales sucesos, por su cotidianidad, han pasado a ser parte de nuestras vidas, se toma como algo inevitable que, al estar lejos de nosotros, no nos afecta.<\/p>\n<p>&nbsp;<\/p>\n<blockquote>\n<p style=\"text-align: justify;\"><img decoding=\"async\" src=\"http:\/\/4.bp.blogspot.com\/-7jfdoZ1Peho\/T_HkIMnP5zI\/AAAAAAAABgo\/OVAme_AbI9E\/s1600\/paisaje_1.jpg\" alt=\"\" \/><\/p>\n<p>&nbsp;<\/p><\/blockquote>\n<p style=\"text-align: justify;\">Habr\u00e1 que despejar las brumas de la mente que nos impiden ver el paisaje. Tenemos que despertar de este terrible sue\u00f1o, para poder ver la horrible realidad. Tenemos la obligaci\u00f3n moral, \u00e9tica y social de cambiar el estado actual de las cosas. El mundo no puede seguir as\u00ed por mucho tiempo.<\/p>\n<p style=\"text-align: justify;\"><strong>Un futuro mejor<\/strong><\/p>\n<\/div>\n<blockquote><p><img decoding=\"async\" src=\"https:\/\/rainbowwritee.wordpress.com\/wp-content\/uploads\/2011\/12\/derechos-humanos.jpg\" alt=\"diciembre 10, 2011 \u2013 Temas Sociales\" \/><\/p>\n<p>&nbsp;<\/p><\/blockquote>\n<div>\n<p style=\"text-align: justify;\">Sin importar la procedencia familiar, ni el lugar de nacimiento, y teniendo en cuenta las capacidades personales de cada uno, todos, sin excepci\u00f3n, recibir\u00e1n las ense\u00f1anzas m\u00e1s adecuadas a sus capacidades. No podemos dejar escapar mentes de inmensa imaginaci\u00f3n y poderosas ideas por el simple hecho de no tener los medios para poder desarrolarlas. Recuerdo, en este punto que, el padre de <a href=\"http:\/\/www.emiliosilveravazquez.com\/blog\/category\/el-saber-del-mundo\/#\"><a href=\"#\" onclick=\"referencia('newton',event); return false;\">Newton<\/a><\/a>, era un humilde y peque\u00f1o agricultor que ni sabia escribir. Sin embargo, ello no impidi\u00f3 que su hijo destacara como uno de los cient\u00edficos m\u00e1s grandes de nuestro mundo.<\/p>\n<\/div>\n<p><img decoding=\"async\" loading=\"lazy\" class=\"\" src=\"https:\/\/fontaneroenhuelva.com\/wp-content\/uploads\/2024\/06\/fontanero-desatascando-tuberia-bano.webp\" alt=\"Fontanero En Huelva | Solicita Presupuesto 959683029\" width=\"231\" height=\"166\" \/><img decoding=\"async\" loading=\"lazy\" class=\"\" src=\"https:\/\/images.ecestaticos.com\/eOQqdjQO5qY0pa8IaWKYzTY72rI=\/283x0:1986x1276\/1200x900\/filters:fill(white):format(jpg)\/f.elconfidencial.com%2Foriginal%2F9cb%2Fb12%2F75a%2F9cbb1275a23cac877d524b64443b73ba.jpg\" alt=\"No, no eres malo en matem\u00e1ticas: por qu\u00e9 esa idea es en realidad un mito\" width=\"196\" height=\"147\" \/><img decoding=\"async\" loading=\"lazy\" class=\"\" src=\"https:\/\/www.avanzaentucarrera.com\/orientacion\/comp\/uploads\/2020\/06\/AETC-que-hay-que-estudiar-para-ser-astronomo.jpg\" alt=\"Ser astr\u00f3nomo: qu\u00e9 estudiar y d\u00f3nde trabajar - Avanzaentucarrera.com\" width=\"300\" height=\"150\" \/><\/p>\n<p>\u00bfQu\u00e9 m\u00e1s da lo que cada cual pueda ser, la verdadera medida es que es que son humanos con sentimientos<\/p>\n<div>\n<p style=\"text-align: justify;\">Matem\u00e1ticos, f\u00edsicos, qu\u00edmicos, bi\u00f3logos, astr\u00f3nomos, o simples peones de factor\u00edas, cada uno ser\u00e1 lo que quiera ser, lo que su mente le permita y sus deseos les exijan, hagamos que sea una realidad el tan aireado -pero inexistente- libre albedrio. Dejemos que cada cual pueda elegir su destino y que surjan escritores, m\u00fasicos pintores o actores. Tambi\u00e9n el esp\u00edritu tiene que ser alimentado.<\/p>\n<p>&nbsp;<\/p>\n<\/div>\n<blockquote><p><img decoding=\"async\" src=\"https:\/\/encrypted-tbn0.gstatic.com\/images?q=tbn:ANd9GcTq90wYsRQvfXynjr46YG7P-L_i_nCRu8PljQ&amp;s\" alt=\"Casa del Lector - &quot;Para fugarnos de la tierra un libro es el mejor bajel; y  se viaja mejor en el poema que en el m\u00e1s brioso y r\u00e1pido corcel. Aun el\" \/><\/p>\n<p>Para fugarnos de la tierra<\/p>\n<p>un libro es el mejor bajel;<\/p>\n<p>y se viaja mejor en el poema<\/p>\n<p>que en el m\u00e1s brioso y r\u00e1pido corcel<\/p>\n<p>\u00bfC\u00f3mo podr\u00eda Yo haber estado en tantos lugares y haber conocido a tantos personajes sin los libros?<\/p><\/blockquote>\n<div>\n<p style=\"text-align: justify;\">El mejor amigo\u2026 \u00a1Un libro! All\u00ed, lo mismo encontramos bellas\u00a0 historias que hacen volar nuestra imaginaci\u00f3n, como las respuestas a preguntas que nadie nos supo contestar. Desde una fant\u00e1stica aventura, pasando por un poema de amor, hasta el m\u00e1s intrincado secreto de la Naturaleza<\/p>\n<p style=\"text-align: justify;\">Ahora, cada uno de nosotros -por lo general-, tiene lo que ha podido conseguir, no lo que verdaderamente quer\u00eda. \u00bfCu\u00e1ntos magn\u00edficos m\u00e9dicos, profesores, ingenieros o f\u00edsicos no se habr\u00e1n perdido por falta de apoyo? Tenemos que poner los medios que sean necesarios para que todos podamos ser lo que realmente queremos, una de las bases de la felicidad est\u00e1 en el principio de realizar aquello que m\u00e1s nos atrae. \u00bfCu\u00e1ntas veces hemos o\u00eddo decir\u2026 \u00a1me gusta tanto lo que hago que, m\u00e1s que un trabajo, es un gozo!?<\/p>\n<\/div>\n<p>&nbsp;<\/p>\n<blockquote><p><img decoding=\"async\" src=\"https:\/\/encrypted-tbn0.gstatic.com\/images?q=tbn:ANd9GcTjWUwz9Mg1JPLF5X65r4WONJtUPLrKqdt4XO7IBNDgdw&amp;s\" alt=\"La Vida! No todos sabemos aprovechar el Tiempo que nos regalan : Blog de Emilio  Silvera V.\" \/><\/p>\n<p>Si haces lo que te gusta&#8230; \u00a1Es un privilegio! No todos lo pueden alcanzar<\/p><\/blockquote>\n<div>\n<p style=\"text-align: justify;\">Es totalmente cierto, el que hace lo que le gusta no siente el paso del tiempo, se podr\u00eda pasar horas y horas inmerso en su trabajo, fascinado con lo que llena sus sentidos, mentalmente situado en su mundo particular, sin que nada le pueda distraer, se a\u00edsla del entorno y consigue la felicidad personal a trav\u00e9s de lo que hace.<\/p>\n<\/div>\n<p>&nbsp;<\/p>\n<p><iframe loading=\"lazy\" title=\"TOP 10 MEJORES Surfistas del Mundo\" width=\"500\" height=\"281\" src=\"https:\/\/www.youtube.com\/embed\/X0n4CEtU8po?feature=oembed\" frameborder=\"0\" allow=\"accelerometer; autoplay; clipboard-write; encrypted-media; gyroscope; picture-in-picture; web-share\" referrerpolicy=\"strict-origin-when-cross-origin\" allowfullscreen><\/iframe><\/p>\n<div>\n<p style=\"text-align: justify;\">Son felices desafiando a la Naturaleza<\/p>\n<p style=\"text-align: justify;\">Est\u00e1 claro que la calidad de vida, en todos los aspectos, estar\u00e1 presente all\u00ed donde se est\u00e9 desarrollando una actividad acorde con los deseos de las personas que la llevan a cabo. Quien desarrolla un trabajo no deseado se limita a cumplir de cualquier manera, est\u00e1 todo el rato mirando el reloj deseando que la jornada finalice, su rostro refleja el fastidio que la tarea le produce. Por el contrario, quien hace aquello que de verdad le gusta, lo har\u00e1 a conciencia, buscar\u00e1 la perfecci\u00f3n y la belleza en aquello que realiza, y, mientras lo hace, estar\u00e1 tan centrado y concentrado en su trabajo que, para un atento observador, pareciera que est\u00e1 fuera de este mundo, fuera del entorno, sumergido en su propia realidad.<\/p>\n<p>&nbsp;<\/p>\n<\/div>\n<blockquote><p><img decoding=\"async\" src=\"https:\/\/www.medicosypacientes.com\/wp-content\/uploads\/2023\/09\/42889858_s.jpg\" alt=\"Dr. Fern\u00e1ndez Chavero: \u201cSer m\u00e9dico: La alegr\u00eda de servir. El privilegio de  curar\u201d - CGCOM\" \/><\/p>\n<p>Hace bien su trabajo y el enfermo lo agradece<\/p><\/blockquote>\n<div>\n<p style=\"text-align: justify;\">Dicho todo lo anterior, si no conseguimos alg\u00fan d\u00eda que todo eso sea una realidad para todos, dif\u00edcilmente lograremos un mundo plenamente desarrollado y habitado por gente felices que, habiendo desarrollado sus intelectos, tambi\u00e9n, como consecuencia de ello, habr\u00e1n logrado construir una Sociedad en la que, todos tendr\u00e1n su lugar y nadie estar\u00e1 ni se sentir\u00e1 postergado.<\/p>\n<p style=\"text-align: justify;\">\u00bfCu\u00e1ntos problemas desaparecer\u00e1n si pudi\u00e9ramos conseguir eso? Qui\u00b4zas alg\u00fan d\u00eda lejos, muy lejos a\u00fan en el futuro, podremos gozar de un panorama as\u00ed, en el que todos, tengan la oportunidad de desarrollar sus cualidades y las mentes, plenamente evolucionadas, dar\u00e1n sus ideas para que todas las puedan compartir.<\/p>\n<\/div>\n<div>\n<p style=\"text-align: justify;\">\u00bfQue a\u00fan falta mucho para que eso llegue -si es que llega alg\u00fan d\u00eda-? No tanto como a simple vista nos pueda parecer, el transcurrir del tiempo es inexorable y, lo mismo que todo tuvo un principio, tambi\u00e9n tendr\u00e1 un final y, mientras ese final llega, si por el camino podemos alcanzar cosas buenas\u2026, mucho mejor. Cuando me pongo a escribir y a dejar mis ideas por ah\u00ed, escritas en las hojas de papel de una libreta, o, en \u00e9stas mismas p\u00e1ginas del Blog\u2026<\/p>\n<p style=\"text-align: justify;\">De todo esto del Libre Albedrio, por mi parte, de ninguna manera he podido hacer todo lo que me hubiera gustado, la vida te lleva por caminos que no siempre hab\u00edas pensado que podr\u00edas recorrer, y, mi conformidad se refugia en que, en gran parte, s\u00ed lo pude hacer, en este Blog queda una peque\u00f1a muestra. Y aunque es cierto que el auto-enga\u00f1o es poderoso&#8230; En mi caso, simplemente supe plegarme a los imponderables, me adapte a lo que la vida me pod\u00eda dar sin pretender nada m\u00e1s all\u00e1 de lo que mi finito intelecto me pod\u00eda permitir. Ya sab\u00e9is, la ignorancia gana al conocimiento por goleada (como dir\u00eda un futbolero).<\/p>\n<p><strong>Pero hablemos un poco de f\u00edsica.<\/strong><\/p>\n<blockquote>\n<p style=\"text-align: justify;\"><img decoding=\"async\" loading=\"lazy\" title=\"d-brana\" src=\"http:\/\/www.emiliosilveravazquez.com\/blog\/wp-content\/uploads\/2009\/01\/d-brana.jpg\" alt=\"d-brana\" width=\"400\" height=\"267\" \/><\/p>\n<\/blockquote>\n<p style=\"text-align: justify;\">\u201cEl gr\u00e1fico representa un modelo de manguera de un espacio-tiempo de dimensiones m\u00e1s altas de tipo <a href=\"http:\/\/www.emiliosilveravazquez.com\/blog\/category\/el-saber-del-mundo\/#\"><a href=\"#\" onclick=\"referencia('kaluza klein',event); return false;\">Kaluza-Klein<\/a><\/a>, donde la longitud, o mejor, la dimensi\u00f3n a lo largo de la longitud de la manguera representa el 4-espacio-tiempo normal, y la dimensi\u00f3n alrededor de la manguera representa la dimensi\u00f3n extra \u201cpeque\u00f1as\u201d (quiz\u00e1 escala de Planck). Imaginemos un \u201cser\u201d que habite en este mundo, que rebasa estas dimensiones extra \u201cpeque\u00f1as\u201d, y por ello no es realmente consciente de ellas.<\/p>\n<p style=\"text-align: justify;\">Es posible que, de la misma manera, tambi\u00e9n nosotros estemos imposibilitados para ver esas dimensiones extra que, sin embargo,\u00a0 nos permita ver m\u00e1s all\u00e1 de las matem\u00e1ticas topol\u00f3gicas, m\u00e1s all\u00e1 de las fluctuaciones de vac\u00edo, m\u00e1s all\u00e1 de los <a href=\"http:\/\/www.emiliosilveravazquez.com\/blog\/2013\/05\/12\/fluctuaciones-de-vacio-d-branas-dimensiones-extra-%c2%bfsera-nuestro-universo-asi\/comment-page-1\/#\">quarks<\/a>, m\u00e1s all\u00e1 de las <a href=\"http:\/\/www.emiliosilveravazquez.com\/blog\/category\/el-saber-del-mundo\/#\"><a href=\"#\" onclick=\"referencia('singularidad',event); return false;\">singularidad<\/a><\/a>es y\u2026 \u00bfPor qu\u00e9 no decirlo? \u00a1M\u00e1s all\u00e1 de nuestro propio Universo! No podemos olvidarnos de que dentro de varios eones, nuestro Universo podr\u00eda morir.\u00a0 Estamos obligados a buscar la manera (si existe), de escapar de ese destino fatal.\u201d<\/p>\n<p style=\"text-align: justify;\"><strong>\u201cAlgo tuyo queda en esas hojas de papel o en las p\u00e1ginas escritas en un blog virtual que, de alguna manera, grita los mensajes que surgen de tu mente\u201d.<\/strong><\/p>\n<p>&nbsp;<\/p>\n<p style=\"text-align: justify;\">\u00a0\u00a0\u00a0\u00a0\u00a0 <img decoding=\"async\" loading=\"lazy\" id=\"irc_mi\" src=\"http:\/\/www.emiliosilveravazquez.com\/images\/cuadro.jpg\" alt=\"\" width=\"276\" height=\"393\" \/><\/p>\n<p>El conocer el Universo desde siempre me llam\u00f3 a mi puerta, en la imagen de arriba se\u00f1alo la galaxia Andr\u00f3meda que me enviaron desde el Observatorio de Calar Alto en el que estuve invitado.<\/p>\n<p style=\"text-align: justify;\">Cuando escribo, mis pensamientos recorren los caminos m\u00e1s inesperados, y relaciono cosas que a simple vista nadan tienen que ver con el tema que estoy tratando, pero no es as\u00ed, todo, de alguna manera, est\u00e1 conectado. Nuestros cerebros son tan complejos que se podr\u00edan definir como los entes pensante del Universo -en otra ocasi\u00f3n trataremos sobre \u201c<em>La expansi\u00f3n del Universo\u2013La expansi\u00f3n de la mente<\/em>\u201c, un tema que nos habla de c\u00f3mo todo evoluciona, cambia y se transforma y, nosotros, no somos ninguna excepci\u00f3n.<\/p>\n<p style=\"text-align: justify;\"><strong>\u00a1Ah! Si no podemos hacer aquello que queremos hacer\u2026 \u00bfD\u00f3nde queda el libre Albedr\u00edo?<\/strong><\/p>\n<p style=\"text-align: justify;\"><strong>Emilio Silvera V\u00e1zquez<\/strong><\/p>\n<\/div>\n<div class='bookmark'>\r\n\t\t<table align='left' border='0' cellpadding='0' width='100%'>\r\n\t\t<tr><td><span class='pushbutton'><a href='http:\/\/delicious.com\/post?url=http%3A%2F%2Fwww.emiliosilveravazquez.com%2Fblog%2F2025%2F03%2F10%2F%25c2%25bflibre-albedrio-%25c2%25bfque-es-eso%2F&amp;title=%C2%BFLibre+Albedr%C3%ADo%3F+%C2%BFQu%C3%A9+es+eso%3F' title='Delicious' target='_blank' rel='nofollow'><img src='http:\/\/www.emiliosilveravazquez.com\/blog\/wp-content\/plugins\/knxdt-bookmarks-wordpress-plugin\/images\/delicious.png'  alt='' class='book_img' border='none' style='margin:1px; padding: 0;'  \/><\/a><\/span><span class='pushbutton'><a href='http:\/\/digg.com\/submit?url=http%3A%2F%2Fwww.emiliosilveravazquez.com%2Fblog%2F2025%2F03%2F10%2F%25c2%25bflibre-albedrio-%25c2%25bfque-es-eso%2F&amp;title=%C2%BFLibre+Albedr%C3%ADo%3F+%C2%BFQu%C3%A9+es+eso%3F' title='Digg' target='_blank' rel='nofollow'><img src='http:\/\/www.emiliosilveravazquez.com\/blog\/wp-content\/plugins\/knxdt-bookmarks-wordpress-plugin\/images\/digg.png'  alt='' class='book_img' border='none' style='margin:1px; padding: 0;'  \/><\/a><\/span><span class='pushbutton'><a href='http:\/\/www.google.com\/bookmarks\/mark?op=edit&amp;bkmk=http%3A%2F%2Fwww.emiliosilveravazquez.com%2Fblog%2F2025%2F03%2F10%2F%25c2%25bflibre-albedrio-%25c2%25bfque-es-eso%2F&amp;title=%C2%BFLibre+Albedr%C3%ADo%3F+%C2%BFQu%C3%A9+es+eso%3F' title='Google' target='_blank' rel='nofollow'><img src='http:\/\/www.emiliosilveravazquez.com\/blog\/wp-content\/plugins\/knxdt-bookmarks-wordpress-plugin\/images\/google.png'   alt='' class='book_img' border='none' style='margin:1px; padding: 0;'  \/><\/a><\/span><span class='pushbutton'><a href='http:\/\/myweb2.search.yahoo.com\/myresults\/bookmarklet?u=http%3A%2F%2Fwww.emiliosilveravazquez.com%2Fblog%2F2025%2F03%2F10%2F%25c2%25bflibre-albedrio-%25c2%25bfque-es-eso%2F&amp;t=%C2%BFLibre+Albedr%C3%ADo%3F+%C2%BFQu%C3%A9+es+eso%3F' title='Yahoo' target='_blank' rel='nofollow'><img src='http:\/\/www.emiliosilveravazquez.com\/blog\/wp-content\/plugins\/knxdt-bookmarks-wordpress-plugin\/images\/yahoo.png'  alt='' class='book_img' border='none' style='margin:1px; padding: 0;'  \/><\/a><\/span><span class='pushbutton'><a href='http:\/\/www.technorati.com\/faves?add=http%3A%2F%2Fwww.emiliosilveravazquez.com%2Fblog%2F2025%2F03%2F10%2F%25c2%25bflibre-albedrio-%25c2%25bfque-es-eso%2F' title='Technorati' target='_blank' rel='nofollow'><img src='http:\/\/www.emiliosilveravazquez.com\/blog\/wp-content\/plugins\/knxdt-bookmarks-wordpress-plugin\/images\/technorati.png'  alt='' class='book_img' border='none' style='margin:1px; padding: 0;'  \/><\/a><\/span><span class='pushbutton'><a href='http:\/\/meneame.net\/submit.php?url=http%3A%2F%2Fwww.emiliosilveravazquez.com%2Fblog%2F2025%2F03%2F10%2F%25c2%25bflibre-albedrio-%25c2%25bfque-es-eso%2F' title='Meneame' target='_blank' rel='nofollow'><img src='http:\/\/www.emiliosilveravazquez.com\/blog\/wp-content\/plugins\/knxdt-bookmarks-wordpress-plugin\/images\/meneame.png'  alt='' class='book_img' border='none' style='margin:1px; padding: 0;'  \/><\/a><\/span><span class='pushbutton'><a href='http:\/\/enchilame.com\/submit.php?url=http:\/\/www.emiliosilveravazquez.com\/blog\/2025\/03\/10\/%c2%bflibre-albedrio-%c2%bfque-es-eso\/' target='_blank' rel='nofollow'><img title='Enchilame' src='http:\/\/www.emiliosilveravazquez.com\/blog\/wp-content\/plugins\/knxdt-bookmarks-wordpress-plugin\/images\/enchilame.png'  alt='' class='book_img' border='none' style='margin:1px; padding: 0;'  \/><\/a><\/span><span class='pushbutton'><a href='http:\/\/www.blinklist.com\/index.php?Action=Blink\/addblink.php&amp;Description=&amp;Url=http%3A%2F%2Fwww.emiliosilveravazquez.com%2Fblog%2F2025%2F03%2F10%2F%25c2%25bflibre-albedrio-%25c2%25bfque-es-eso%2F&amp;title=%C2%BFLibre+Albedr%C3%ADo%3F+%C2%BFQu%C3%A9+es+eso%3F' title='BlinkList' target='_blank' rel='nofollow'><img src='http:\/\/www.emiliosilveravazquez.com\/blog\/wp-content\/plugins\/knxdt-bookmarks-wordpress-plugin\/images\/blinklist.png'  alt='' class='book_img' border='none' style='margin:1px; padding: 0;'  \/><\/a><\/span><span class='pushbutton'><a href='http:\/\/reddit.com\/submit?url=http%3A%2F%2Fwww.emiliosilveravazquez.com%2Fblog%2F2025%2F03%2F10%2F%25c2%25bflibre-albedrio-%25c2%25bfque-es-eso%2F&amp;title=%C2%BFLibre+Albedr%C3%ADo%3F+%C2%BFQu%C3%A9+es+eso%3F' title='Reddit' target='_blank' rel='nofollow'><img src='http:\/\/www.emiliosilveravazquez.com\/blog\/wp-content\/plugins\/knxdt-bookmarks-wordpress-plugin\/images\/reddit.png'  alt='' class='book_img' border='none' style='margin:1px; padding: 0;'  \/><\/a><\/span><span class='pushbutton'><a href='http:\/\/www.tecnologiadiaria.com\/2009\/07\/abrir-com-hotmail-correo.html' target='_blank' title='hotmail'><img src='http:\/\/www.emiliosilveravazquez.com\/blog\/wp-content\/plugins\/knxdt-bookmarks-wordpress-plugin\/images\/linklove.png' alt='hotmail correo' class='book_img' border='none' style='margin:1px; padding: 0;' \/><\/a><\/span><span class='pushbutton'><a href='http:\/\/bitacoras.com\/votar\/anotacion\/externo\/mini\/www.emiliosilveravazquez.com\/blog\/2025\/03\/10\/%c2%bflibre-albedrio-%c2%bfque-es-eso\/' title='Bitacoras.com' target='_blank' rel='nofollow'><img src='http:\/\/www.emiliosilveravazquez.com\/blog\/wp-content\/plugins\/knxdt-bookmarks-wordpress-plugin\/images\/bitacoras.png'  alt='' class='book_img' border='none' style='margin:1px; padding: 0;'  \/><\/a><\/span><span class='pushbutton'><a href='http:\/\/www.wikio.es\/vote?url=http%3A%2F%2Fwww.emiliosilveravazquez.com%2Fblog%2F2025%2F03%2F10%2F%25c2%25bflibre-albedrio-%25c2%25bfque-es-eso%2F' title='Wikio' target='_blank' rel='nofollow'><img src='http:\/\/www.emiliosilveravazquez.com\/blog\/wp-content\/plugins\/knxdt-bookmarks-wordpress-plugin\/images\/wikio.png'   alt='' class='book_img' border='none' style='margin:1px; padding: 0;'   \/><\/a><\/span><span class='pushbutton'><a href='http:\/\/friendfeed.com\/?url=http%3A%2F%2Fwww.emiliosilveravazquez.com%2Fblog%2F2025%2F03%2F10%2F%25c2%25bflibre-albedrio-%25c2%25bfque-es-eso%2F&amp;title=%C2%BFLibre+Albedr%C3%ADo%3F+%C2%BFQu%C3%A9+es+eso%3F' title='Friend Feed' target='_blank' rel='nofollow'><img src='http:\/\/www.emiliosilveravazquez.com\/blog\/wp-content\/plugins\/knxdt-bookmarks-wordpress-plugin\/images\/friendfeed.png'  alt='' class='book_img' border='none' style='margin:1px; padding: 0;'  \/><\/a><\/span><span class='pushbutton'><a href='http:\/\/www.facebook.com\/share.php?u=http%3A%2F%2Fwww.emiliosilveravazquez.com%2Fblog%2F2025%2F03%2F10%2F%25c2%25bflibre-albedrio-%25c2%25bfque-es-eso%2F&amp;t=%C2%BFLibre+Albedr%C3%ADo%3F+%C2%BFQu%C3%A9+es+eso%3F' title='Facebook' target='_blank' rel='nofollow'><img src='http:\/\/www.emiliosilveravazquez.com\/blog\/wp-content\/plugins\/knxdt-bookmarks-wordpress-plugin\/images\/facebook.png'  alt='' class='book_img' border='none' style='margin:1px; padding: 0;'  \/><\/a><\/span><span class='pushbutton'><a href='http:\/\/twitter.com\/home?status=%C2%BFLibre+Albedr%C3%ADo%3F+%C2%BFQu%C3%A9+es+eso%3F: http%3A%2F%2Fwww.emiliosilveravazquez.com%2Fblog%2F2025%2F03%2F10%2F%25c2%25bflibre-albedrio-%25c2%25bfque-es-eso%2F' title='Twitter' target='_blank' rel='nofollow'><img src='http:\/\/www.emiliosilveravazquez.com\/blog\/wp-content\/plugins\/knxdt-bookmarks-wordpress-plugin\/images\/twitter.png'  alt='' class='book_img' border='none' style='margin:1px; padding: 0;'  \/><\/a><\/span><span class='pushbutton'><a href='http:\/\/www.feedburner.com\/fb\/a\/emailFlare?itemTitle=%C2%BFLibre+Albedr%C3%ADo%3F+%C2%BFQu%C3%A9+es+eso%3F&amp;uri=http%3A%2F%2Fwww.emiliosilveravazquez.com%2Fblog%2F2025%2F03%2F10%2F%25c2%25bflibre-albedrio-%25c2%25bfque-es-eso%2F' title='Enviar por Email' target='_blank' rel='nofollow'><img src='http:\/\/www.emiliosilveravazquez.com\/blog\/wp-content\/plugins\/knxdt-bookmarks-wordpress-plugin\/images\/email.png'  alt='' class='book_img' border='none' style='margin:1px; padding: 0;'  \/><\/a><\/span><span style='font-weight:bold; padding-left: 5px;'><a href='http:\/\/wordpress.org\/extend\/plugins\/knxdt-bookmarks-wordpress-plugin\/' title='Plugin' rel='nofollow' target='_blank'>[?]<\/a><\/span><\/td><\/tr><\/table><br\/><br\/><\/div>","protected":false},"excerpt":{"rendered":"<p>\u00a0\u00a0\u00a0\u00a0\u00a0\u00a0\u00a0\u00a0 El cerebro es capaz de inventar recuerdos de hechos que nunca ocurrieron En realidad lo del Libre\u00a0 Albedrio es cosa de los fil\u00f3sofos que\u00a0 lo relacionan con la conducta humana, del reflejo y la consecuencia,\u00a0 relacionada con la voluntad\u00a0 y no de fuerzas externas. Es decir, que podemos hacer lo que queramos sin tener [&hellip;]<\/p>\n","protected":false},"author":2,"featured_media":0,"comment_status":"open","ping_status":"open","sticky":false,"template":"","format":"standard","meta":{"_s2mail":"yes","footnotes":""},"categories":[56],"tags":[],"_links":{"self":[{"href":"http:\/\/www.emiliosilveravazquez.com\/blog\/wp-json\/wp\/v2\/posts\/9914"}],"collection":[{"href":"http:\/\/www.emiliosilveravazquez.com\/blog\/wp-json\/wp\/v2\/posts"}],"about":[{"href":"http:\/\/www.emiliosilveravazquez.com\/blog\/wp-json\/wp\/v2\/types\/post"}],"author":[{"embeddable":true,"href":"http:\/\/www.emiliosilveravazquez.com\/blog\/wp-json\/wp\/v2\/users\/2"}],"replies":[{"embeddable":true,"href":"http:\/\/www.emiliosilveravazquez.com\/blog\/wp-json\/wp\/v2\/comments?post=9914"}],"version-history":[{"count":0,"href":"http:\/\/www.emiliosilveravazquez.com\/blog\/wp-json\/wp\/v2\/posts\/9914\/revisions"}],"wp:attachment":[{"href":"http:\/\/www.emiliosilveravazquez.com\/blog\/wp-json\/wp\/v2\/media?parent=9914"}],"wp:term":[{"taxonomy":"category","embeddable":true,"href":"http:\/\/www.emiliosilveravazquez.com\/blog\/wp-json\/wp\/v2\/categories?post=9914"},{"taxonomy":"post_tag","embeddable":true,"href":"http:\/\/www.emiliosilveravazquez.com\/blog\/wp-json\/wp\/v2\/tags?post=9914"}],"curies":[{"name":"wp","href":"https:\/\/api.w.org\/{rel}","templated":true}]}}