{"id":9862,"date":"2013-10-02T04:56:44","date_gmt":"2013-10-02T03:56:44","guid":{"rendered":"http:\/\/www.emiliosilveravazquez.com\/blog\/?p=9862"},"modified":"2013-10-02T04:56:44","modified_gmt":"2013-10-02T03:56:44","slug":"el-pensador-y-la-rosa","status":"publish","type":"post","link":"http:\/\/www.emiliosilveravazquez.com\/blog\/2013\/10\/02\/el-pensador-y-la-rosa\/","title":{"rendered":"El Pensador y la Rosa"},"content":{"rendered":"<p><img decoding=\"async\" loading=\"lazy\" id=\"irc_mi\" style=\"margin-top: 0px;\" src=\"http:\/\/www.galeriapuertadealcala.com\/200803\/15.jpg\" alt=\"\" width=\"288\" height=\"393\" \/><img decoding=\"async\" loading=\"lazy\" id=\"irc_mi\" style=\"margin-top: 0px;\" src=\"http:\/\/2.bp.blogspot.com\/-_s_1rPhLVzk\/UJe_tvSPsOI\/AAAAAAAACUM\/UVBtILtAFj8\/s1600\/rosa.jpg\" alt=\"\" width=\"524\" height=\"393\" \/><\/p>\n<p>&nbsp;<\/p>\n<p>&nbsp;<\/p>\n<p style=\"text-align: justify;\">El rico y poderoso hombre Sabio, ante la extra\u00f1eza de sus empleados, orden\u00f3 que cada d\u00eda, le pusieran una rosa fresca cortada de los rosales de su jard\u00edn, en un recipiente con agua en la mesa de su escritorio. Y todas las ma\u00f1anas despu\u00e9s de las tareas cotidianas de aseo y frugal desayuno, se sentaba ante aquella hermosa flor y, en silencio, la contemplaba durante horas.<\/p>\n<p style=\"text-align: justify;\">Su viejo ayudante de muchos a\u00f1os, no pudiendo soportar por m\u00e1s Tiempo la curiosidad que aquella actitud le produc\u00eda, al ver como su Jefe y amigo miraba, sin pesta\u00f1ear y disfrutando de sus formas, olores y colores la bella flor que cada d\u00eda contemplaba, le pregunt\u00f3:<\/p>\n<p style=\"text-align: justify;\">_ \u00bfQue es lo que busca cada d\u00eda en la rosa?<\/p>\n<p style=\"text-align: justify;\">Levantando por un momento su mirada, \u00c9l le mir\u00f3 fijamente, y, le contest\u00f3:<\/p>\n<p style=\"text-align: justify;\">_ Amigo m\u00edo, trato de buscar las respuestas de c\u00f3mo la Naturaleza ha podido construir algo tan bello que, sin ser tan grande como una Galaxia, al igual que ella, est\u00e9 hecha de sencillos \u00c1tomos que se han puesto de acuerdo para conformar una estructura compleja que nos deleita durante su ef\u00edmera vida.\u00a0 Todo eso me lleva a pensar que nosotros, situados en el mismo Tiempo y lugar que la Rosa, podemos admirar la belleza de su estructura sin que ella se perciba de tal observaci\u00f3n y del efecto que en nosotros causa, y, al mismo Tiempo me pregunto: \u00bfQui\u00e9n nos abservar\u00e1 a nosotros?<\/p>\n<p><img decoding=\"async\" loading=\"lazy\" class=\"attachment-cover-image wp-post-image\" src=\"http:\/\/cinergetica.com.mx\/wp-content\/uploads\/2011\/09\/el-nombre-de-la-rosa-william-de-baskerville.jpg\" alt=\"el nombre de la rosa william de baskerville\" width=\"480\" height=\"320\" \/><\/p>\n<p>&nbsp;<\/p>\n<p>El hombre Sabio calla, \u00e9l &#8220;sabe&#8221; que tiene poco que decir<\/p>\n<p>&nbsp;<\/p>\n<p>&nbsp;<\/p>\n<p><img decoding=\"async\" loading=\"lazy\" id=\"irc_mi\" style=\"margin-top: 0px;\" src=\"http:\/\/unmundodeluz.files.wordpress.com\/2012\/03\/buda.jpg\" alt=\"\" width=\"593\" height=\"393\" \/><\/p>\n<p>&nbsp;<\/p>\n<p>&nbsp;<\/p>\n<p style=\"text-align: justify;\">Buda ped\u00eda al hombre m\u00e1s de lo que \u00e9ste le pod\u00eda dar. La condici\u00f3n Humana est\u00e1 imbuida del &#8220;Yo&#8221; y del &#8220;Quiero&#8221;. En raras ocasiones nos encontramos con alguien que pudiendo prescindir del <strong>Yo,\u00a0<\/strong> esa\u00a0 parte consciente mediante la cual identifica a su propia persona en relaci\u00f3n con el medio, tambi\u00e9n puede alejar de s\u00ed el <strong>Quiero<\/strong>. Sin embargo, si eso ocurre, los mortales desconf\u00edan de alguien que no quiere Amar ni que le Amen, tampoco quiere tener la voluntad de alcanzar alg\u00fan objetivo, o, &#8220;quiere&#8221; pretender alguna cosa, intentar lograr alg\u00fan deseo&#8230; \u00a1No parecer\u00eda Humano!<\/p>\n<p style=\"text-align: justify;\">No pocas veces pensamos que podemos alcanzar lo que est\u00e1 fuera de nuestro alcance. Lo cierto es que, si queremos saber del pasado, s\u00f3lo tenemos que ver nuestro presente y en \u00e9l, encontraremos muchas de las respuestas, dado que el hoy est\u00e1 forjado por el ayer, y, de la misma manera, el presente est\u00e1 construyendo el futuro. Somos lo que somos a pesar de que muchos piensen que somos mucho m\u00e1s.<\/p>\n<p style=\"text-align: justify;\"><img decoding=\"async\" loading=\"lazy\" id=\"irc_mi\" style=\"margin-top: 0px;\" src=\"http:\/\/nadamasquelaverdad.files.wordpress.com\/2011\/01\/universo-vivo.png\" alt=\"\" width=\"543\" height=\"393\" \/><\/p>\n<p style=\"text-align: justify;\">\u00a0\u00a0\u00a0\u00a0\u00a0\u00a0\u00a0\u00a0\u00a0\u00a0\u00a0\u00a0\u00a0 Grande o peque\u00f1o&#8230; \u00a1Todo es la misma cosa! Quarks y Leptones<\/p>\n<p style=\"text-align: justify;\"><img decoding=\"async\" loading=\"lazy\" id=\"irc_mi\" style=\"margin-top: 63px;\" src=\"https:\/\/encrypted-tbn0.gstatic.com\/images?q=tbn:ANd9GcR4YZk_aZwzCo6BzauoM0lxNw9JUrD5CqqE1LgUdoaQXlj4vvNx\" alt=\"\" width=\"460\" height=\"268\" \/><\/p>\n<p style=\"text-align: justify;\">Sin embargo, de todo ese largo camino que va desde un \u00e1tomo a una galaxia, surgieron las rosas y los pensamientos que, de alguna manera, es el m\u00e1s alto grado evolutivo de la materia que ha podido llegar a inmaterializarse. Los pensamientos est\u00e1n mucho m\u00e1s all\u00e1 de los \u00e1tomos y, sin embargo, de ellos traen consecuencia.<\/p>\n<p style=\"text-align: justify;\">\u00a1La Naturaleza! \u00bfC\u00f3mo la podr\u00edamos comprender?<\/p>\n<p style=\"text-align: justify;\">emilio silvera<\/p>\n<p>&nbsp;<\/p>\n<p>&nbsp;<\/p>\n<p>&nbsp;<\/p>\n<p>&nbsp;<\/p>\n<p><a name=\"1_9\"><\/a><\/p>\n<p>&nbsp;<\/p>\n<p><strong><br \/>\n<\/strong><\/p>\n<p>&nbsp;<\/p>\n<p>&nbsp;<\/p>\n<div class='bookmark'>\r\n\t\t<table align='left' border='0' cellpadding='0' width='100%'>\r\n\t\t<tr><td><span class='pushbutton'><a href='http:\/\/delicious.com\/post?url=http%3A%2F%2Fwww.emiliosilveravazquez.com%2Fblog%2F2013%2F10%2F02%2Fel-pensador-y-la-rosa%2F&amp;title=El+Pensador+y+la+Rosa' title='Delicious' target='_blank' rel='nofollow'><img src='http:\/\/www.emiliosilveravazquez.com\/blog\/wp-content\/plugins\/knxdt-bookmarks-wordpress-plugin\/images\/delicious.png'  alt='' class='book_img' border='none' style='margin:1px; padding: 0;'  \/><\/a><\/span><span class='pushbutton'><a href='http:\/\/digg.com\/submit?url=http%3A%2F%2Fwww.emiliosilveravazquez.com%2Fblog%2F2013%2F10%2F02%2Fel-pensador-y-la-rosa%2F&amp;title=El+Pensador+y+la+Rosa' title='Digg' target='_blank' rel='nofollow'><img src='http:\/\/www.emiliosilveravazquez.com\/blog\/wp-content\/plugins\/knxdt-bookmarks-wordpress-plugin\/images\/digg.png'  alt='' class='book_img' border='none' style='margin:1px; padding: 0;'  \/><\/a><\/span><span class='pushbutton'><a href='http:\/\/www.google.com\/bookmarks\/mark?op=edit&amp;bkmk=http%3A%2F%2Fwww.emiliosilveravazquez.com%2Fblog%2F2013%2F10%2F02%2Fel-pensador-y-la-rosa%2F&amp;title=El+Pensador+y+la+Rosa' title='Google' target='_blank' rel='nofollow'><img src='http:\/\/www.emiliosilveravazquez.com\/blog\/wp-content\/plugins\/knxdt-bookmarks-wordpress-plugin\/images\/google.png'   alt='' class='book_img' border='none' style='margin:1px; padding: 0;'  \/><\/a><\/span><span class='pushbutton'><a href='http:\/\/myweb2.search.yahoo.com\/myresults\/bookmarklet?u=http%3A%2F%2Fwww.emiliosilveravazquez.com%2Fblog%2F2013%2F10%2F02%2Fel-pensador-y-la-rosa%2F&amp;t=El+Pensador+y+la+Rosa' title='Yahoo' target='_blank' rel='nofollow'><img src='http:\/\/www.emiliosilveravazquez.com\/blog\/wp-content\/plugins\/knxdt-bookmarks-wordpress-plugin\/images\/yahoo.png'  alt='' class='book_img' border='none' style='margin:1px; padding: 0;'  \/><\/a><\/span><span class='pushbutton'><a href='http:\/\/www.technorati.com\/faves?add=http%3A%2F%2Fwww.emiliosilveravazquez.com%2Fblog%2F2013%2F10%2F02%2Fel-pensador-y-la-rosa%2F' title='Technorati' target='_blank' rel='nofollow'><img src='http:\/\/www.emiliosilveravazquez.com\/blog\/wp-content\/plugins\/knxdt-bookmarks-wordpress-plugin\/images\/technorati.png'  alt='' class='book_img' border='none' style='margin:1px; padding: 0;'  \/><\/a><\/span><span class='pushbutton'><a href='http:\/\/meneame.net\/submit.php?url=http%3A%2F%2Fwww.emiliosilveravazquez.com%2Fblog%2F2013%2F10%2F02%2Fel-pensador-y-la-rosa%2F' title='Meneame' target='_blank' rel='nofollow'><img src='http:\/\/www.emiliosilveravazquez.com\/blog\/wp-content\/plugins\/knxdt-bookmarks-wordpress-plugin\/images\/meneame.png'  alt='' class='book_img' border='none' style='margin:1px; padding: 0;'  \/><\/a><\/span><span class='pushbutton'><a href='http:\/\/enchilame.com\/submit.php?url=http:\/\/www.emiliosilveravazquez.com\/blog\/2013\/10\/02\/el-pensador-y-la-rosa\/' target='_blank' rel='nofollow'><img title='Enchilame' src='http:\/\/www.emiliosilveravazquez.com\/blog\/wp-content\/plugins\/knxdt-bookmarks-wordpress-plugin\/images\/enchilame.png'  alt='' class='book_img' border='none' style='margin:1px; padding: 0;'  \/><\/a><\/span><span class='pushbutton'><a href='http:\/\/www.blinklist.com\/index.php?Action=Blink\/addblink.php&amp;Description=&amp;Url=http%3A%2F%2Fwww.emiliosilveravazquez.com%2Fblog%2F2013%2F10%2F02%2Fel-pensador-y-la-rosa%2F&amp;title=El+Pensador+y+la+Rosa' title='BlinkList' target='_blank' rel='nofollow'><img src='http:\/\/www.emiliosilveravazquez.com\/blog\/wp-content\/plugins\/knxdt-bookmarks-wordpress-plugin\/images\/blinklist.png'  alt='' class='book_img' border='none' style='margin:1px; padding: 0;'  \/><\/a><\/span><span class='pushbutton'><a href='http:\/\/reddit.com\/submit?url=http%3A%2F%2Fwww.emiliosilveravazquez.com%2Fblog%2F2013%2F10%2F02%2Fel-pensador-y-la-rosa%2F&amp;title=El+Pensador+y+la+Rosa' title='Reddit' target='_blank' rel='nofollow'><img src='http:\/\/www.emiliosilveravazquez.com\/blog\/wp-content\/plugins\/knxdt-bookmarks-wordpress-plugin\/images\/reddit.png'  alt='' class='book_img' border='none' style='margin:1px; padding: 0;'  \/><\/a><\/span><span class='pushbutton'><a href='http:\/\/www.tecnologiadiaria.com\/2009\/07\/abrir-com-hotmail-correo.html' target='_blank' title='hotmail'><img src='http:\/\/www.emiliosilveravazquez.com\/blog\/wp-content\/plugins\/knxdt-bookmarks-wordpress-plugin\/images\/linklove.png' alt='hotmail correo' class='book_img' border='none' style='margin:1px; padding: 0;' \/><\/a><\/span><span class='pushbutton'><a href='http:\/\/bitacoras.com\/votar\/anotacion\/externo\/mini\/www.emiliosilveravazquez.com\/blog\/2013\/10\/02\/el-pensador-y-la-rosa\/' title='Bitacoras.com' target='_blank' rel='nofollow'><img src='http:\/\/www.emiliosilveravazquez.com\/blog\/wp-content\/plugins\/knxdt-bookmarks-wordpress-plugin\/images\/bitacoras.png'  alt='' class='book_img' border='none' style='margin:1px; padding: 0;'  \/><\/a><\/span><span class='pushbutton'><a href='http:\/\/www.wikio.es\/vote?url=http%3A%2F%2Fwww.emiliosilveravazquez.com%2Fblog%2F2013%2F10%2F02%2Fel-pensador-y-la-rosa%2F' title='Wikio' target='_blank' rel='nofollow'><img src='http:\/\/www.emiliosilveravazquez.com\/blog\/wp-content\/plugins\/knxdt-bookmarks-wordpress-plugin\/images\/wikio.png'   alt='' class='book_img' border='none' style='margin:1px; padding: 0;'   \/><\/a><\/span><span class='pushbutton'><a href='http:\/\/friendfeed.com\/?url=http%3A%2F%2Fwww.emiliosilveravazquez.com%2Fblog%2F2013%2F10%2F02%2Fel-pensador-y-la-rosa%2F&amp;title=El+Pensador+y+la+Rosa' title='Friend Feed' target='_blank' rel='nofollow'><img src='http:\/\/www.emiliosilveravazquez.com\/blog\/wp-content\/plugins\/knxdt-bookmarks-wordpress-plugin\/images\/friendfeed.png'  alt='' class='book_img' border='none' style='margin:1px; padding: 0;'  \/><\/a><\/span><span class='pushbutton'><a href='http:\/\/www.facebook.com\/share.php?u=http%3A%2F%2Fwww.emiliosilveravazquez.com%2Fblog%2F2013%2F10%2F02%2Fel-pensador-y-la-rosa%2F&amp;t=El+Pensador+y+la+Rosa' title='Facebook' target='_blank' rel='nofollow'><img src='http:\/\/www.emiliosilveravazquez.com\/blog\/wp-content\/plugins\/knxdt-bookmarks-wordpress-plugin\/images\/facebook.png'  alt='' class='book_img' border='none' style='margin:1px; padding: 0;'  \/><\/a><\/span><span class='pushbutton'><a href='http:\/\/twitter.com\/home?status=El+Pensador+y+la+Rosa: http%3A%2F%2Fwww.emiliosilveravazquez.com%2Fblog%2F2013%2F10%2F02%2Fel-pensador-y-la-rosa%2F' title='Twitter' target='_blank' rel='nofollow'><img src='http:\/\/www.emiliosilveravazquez.com\/blog\/wp-content\/plugins\/knxdt-bookmarks-wordpress-plugin\/images\/twitter.png'  alt='' class='book_img' border='none' style='margin:1px; padding: 0;'  \/><\/a><\/span><span class='pushbutton'><a href='http:\/\/www.feedburner.com\/fb\/a\/emailFlare?itemTitle=El+Pensador+y+la+Rosa&amp;uri=http%3A%2F%2Fwww.emiliosilveravazquez.com%2Fblog%2F2013%2F10%2F02%2Fel-pensador-y-la-rosa%2F' title='Enviar por Email' target='_blank' rel='nofollow'><img src='http:\/\/www.emiliosilveravazquez.com\/blog\/wp-content\/plugins\/knxdt-bookmarks-wordpress-plugin\/images\/email.png'  alt='' class='book_img' border='none' style='margin:1px; padding: 0;'  \/><\/a><\/span><span style='font-weight:bold; padding-left: 5px;'><a href='http:\/\/wordpress.org\/extend\/plugins\/knxdt-bookmarks-wordpress-plugin\/' title='Plugin' rel='nofollow' target='_blank'>[?]<\/a><\/span><\/td><\/tr><\/table><br\/><br\/><\/div>","protected":false},"excerpt":{"rendered":"<p>&nbsp; &nbsp; El rico y poderoso hombre Sabio, ante la extra\u00f1eza de sus empleados, orden\u00f3 que cada d\u00eda, le pusieran una rosa fresca cortada de los rosales de su jard\u00edn, en un recipiente con agua en la mesa de su escritorio. Y todas las ma\u00f1anas despu\u00e9s de las tareas cotidianas de aseo y frugal desayuno, [&hellip;]<\/p>\n","protected":false},"author":2,"featured_media":0,"comment_status":"open","ping_status":"open","sticky":false,"template":"","format":"standard","meta":{"_s2mail":"yes","footnotes":""},"categories":[10],"tags":[],"_links":{"self":[{"href":"http:\/\/www.emiliosilveravazquez.com\/blog\/wp-json\/wp\/v2\/posts\/9862"}],"collection":[{"href":"http:\/\/www.emiliosilveravazquez.com\/blog\/wp-json\/wp\/v2\/posts"}],"about":[{"href":"http:\/\/www.emiliosilveravazquez.com\/blog\/wp-json\/wp\/v2\/types\/post"}],"author":[{"embeddable":true,"href":"http:\/\/www.emiliosilveravazquez.com\/blog\/wp-json\/wp\/v2\/users\/2"}],"replies":[{"embeddable":true,"href":"http:\/\/www.emiliosilveravazquez.com\/blog\/wp-json\/wp\/v2\/comments?post=9862"}],"version-history":[{"count":0,"href":"http:\/\/www.emiliosilveravazquez.com\/blog\/wp-json\/wp\/v2\/posts\/9862\/revisions"}],"wp:attachment":[{"href":"http:\/\/www.emiliosilveravazquez.com\/blog\/wp-json\/wp\/v2\/media?parent=9862"}],"wp:term":[{"taxonomy":"category","embeddable":true,"href":"http:\/\/www.emiliosilveravazquez.com\/blog\/wp-json\/wp\/v2\/categories?post=9862"},{"taxonomy":"post_tag","embeddable":true,"href":"http:\/\/www.emiliosilveravazquez.com\/blog\/wp-json\/wp\/v2\/tags?post=9862"}],"curies":[{"name":"wp","href":"https:\/\/api.w.org\/{rel}","templated":true}]}}