{"id":9707,"date":"2013-09-13T04:06:04","date_gmt":"2013-09-13T03:06:04","guid":{"rendered":"http:\/\/www.emiliosilveravazquez.com\/blog\/?p=9707"},"modified":"2013-09-13T04:06:04","modified_gmt":"2013-09-13T03:06:04","slug":"en-el-comienzo-de-todo-%c2%bfcomo-seria-en-realidad","status":"publish","type":"post","link":"http:\/\/www.emiliosilveravazquez.com\/blog\/2013\/09\/13\/en-el-comienzo-de-todo-%c2%bfcomo-seria-en-realidad\/","title":{"rendered":"En el comienzo de todo \u00bfC\u00f3mo ser\u00eda en realidad?"},"content":{"rendered":"<p style=\"text-align: justify;\">\u00a1El Universo primitivo!<\/p>\n<p style=\"text-align: justify;\"><img decoding=\"async\" loading=\"lazy\" id=\"irc_mi\" style=\"margin-top: 16px;\" src=\"http:\/\/www.abc.es\/Media\/201105\/03\/sloan-big-map--644x362.jpg\" alt=\"\" width=\"644\" height=\"362\" \/><\/p>\n<p style=\"text-align: justify;\">Es ah\u00ed, en lo que creemos que fue el Universo primitivo, donde reside el estudio de una cosmolog\u00eda en un tiempo muy poco despu\u00e9s del supuesto <a href=\"#\" onclick=\"referencia('big bang',event); return false;\">Big Bang<\/a>. Las teor\u00edas del universo primitivo han dado lugar a interacciones muy beneficiosas entre la cosmolog\u00eda y la teor\u00eda de part\u00edculas elementales. Especialmente, la Teor\u00eda de Grab Unificaci\u00f3n. Debido a que en el Universo primitivo hab\u00eda unas temperaturas muy altas, muchas de las simetr\u00edas rotas en las teor\u00edas <a href=\"#\" onclick=\"referencia('gauge',event); return false;\">gauge<\/a> se vuelven simetr\u00edas no rotas a esas temperaturas. A medida que el universo se enfr\u00edo despu\u00e9s de la gran explosi\u00f3n se piensa que hubo una secuencia de transiciones de estados de simetr\u00eda rota.<\/p>\n<p style=\"text-align: justify;\"><img decoding=\"async\" loading=\"lazy\" id=\"irc_mi\" style=\"margin-top: 84px;\" src=\"http:\/\/www.muyinteresante.es\/rcs\/pyr\/4\/imagenes\/big-bang-frio.jpg\" alt=\"\" width=\"300\" height=\"225\" \/><\/p>\n<p style=\"text-align: justify;\">Antes de alrededor de un minuto y cuarenta segundos desde el comienzo del tiempo, \u00a0no hay n\u00facleos at\u00f3micos estables.\u00a0 El nivel de energ\u00eda en el ambiente es mayor que la energ\u00eda de uni\u00f3n nuclear. Por consiguiente, todos los n\u00facleos que se forman, se destruyen de nuevo r\u00e1pidamente.<\/p>\n<p style=\"text-align: justify;\">Alrededor de un segundo desde el comienzo del tiempo, llegamos a la \u00e9poca de desacoplamiento de los <a href=\"#\" onclick=\"referencia('neutrinos',event); return false;\">neutrinos<\/a>.\u00a0 Aunque en esa \u00e9poca el Universo es m\u00e1s denso que las orcas (y tan caliente como la explosi\u00f3n de una bomba de hidr\u00f3geno), ya ha empezado a parecer vac\u00edo a los <a href=\"#\" onclick=\"referencia('neutrinos',event); return false;\">neutrinos<\/a>.\u00a0 Puesto que los <a href=\"#\" onclick=\"referencia('neutrinos',event); return false;\">neutrinos<\/a> s\u00f3lo reaccionan a la fuerza d\u00e9bil, que tiene un alcance extremadamente corto, ahora pueden escapar de sus garras y volar indefinidamente sin experimentar ninguna otra interacci\u00f3n.<\/p>\n<p style=\"text-align: justify;\">As\u00ed, emancipados, en lo sucesivo son libres de vagar por el Universo a su manera indiferente, volando a trav\u00e9s de la mayor parte\u00a0 de la materia como sino existiese. (Diez trillones de <a href=\"#\" onclick=\"referencia('neutrinos',event); return false;\">neutrinos<\/a> atravesar\u00e1n sin causar da\u00f1os el cerebro y el cuerpo del lector en el tiempo que le lleve leer esta frase.\u00a0 Y en el tiempo en que usted haya le\u00eddo esta frase estar\u00e1n m\u00e1s lejos que la Luna).<\/p>\n<div class=\"uhora_img_description\"><img decoding=\"async\" loading=\"lazy\" id=\"irc_mi\" style=\"margin-top: 83px;\" src=\"http:\/\/conexioncausal.files.wordpress.com\/2010\/07\/betadecay1.jpg?w=300&amp;h=227\" alt=\"\" width=\"300\" height=\"227\" \/><\/div>\n<p style=\"text-align: justify;\"><img decoding=\"async\" title=\"M\u00e1s...\" src=\"http:\/\/www.emiliosilveravazquez.com\/blog\/wp-includes\/js\/tinymce\/plugins\/wordpress\/img\/trans.gif\" alt=\"\" \/><\/p>\n<p style=\"text-align: justify;\">En menos de un siglo, el <a href=\"#\" onclick=\"referencia('neutrinos',event); return false;\">neutrino<\/a> pas\u00f3 de una part\u00edcula fantasma \u2013 propuesta en 1930 por el f\u00edsico austr\u00edaco Wolfgang Pauli (1900-1958) a explicar el balance de energ\u00eda en una forma de radioactividad,\u00a0 el llamado\u00a0<strong><em>decaimiento beta<\/em><\/strong>, en una sonda capaz de escrutar el interior de estrellas y de la propia Tierra.<\/p>\n<p>&nbsp;<\/p>\n<p>&nbsp;<\/p>\n<p><img decoding=\"async\" loading=\"lazy\" id=\"irc_mi\" style=\"margin-top: 14px;\" src=\"http:\/\/latabernaglobal.com\/wp-content\/uploads\/2012\/02\/NEUTRIN1.jpg\" alt=\"\" width=\"300\" height=\"365\" \/><\/p>\n<p>&nbsp;<\/p>\n<p>&nbsp;<\/p>\n<p style=\"text-align: justify;\">De esa manera, oleadas de <a href=\"#\" onclick=\"referencia('neutrinos',event); return false;\">neutrinos<\/a> liberados en un segundo despu\u00e9s del big bang persiste a\u00fan despu\u00e9s, formando una radiaci\u00f3n c\u00f3smica de fondo de <a href=\"#\" onclick=\"referencia('neutrinos',event); return false;\">neutrinos<\/a> semejante a la radiaci\u00f3n de fondo de microondas producida por el desacoplamiento de los <a href=\"#\" onclick=\"referencia('foton',event); return false;\">fotones<\/a>.<\/p>\n<p style=\"text-align: justify;\">Si estos <a href=\"#\" onclick=\"referencia('neutrinos',event); return false;\">neutrinos<\/a> \u201cc\u00f3smicos\u201d (como se los llama para diferenciarlos de los <a href=\"#\" onclick=\"referencia('neutrinos',event); return false;\">neutrinos<\/a> liberados m\u00e1s tarde por las supernovas) pudiesen ser observador por un telescopio de <a href=\"#\" onclick=\"referencia('neutrinos',event); return false;\">neutrinos<\/a> de alguna clase, proporcionar\u00edan una visi\u00f3n directa del Universo cuando s\u00f3lo ten\u00eda un segundo.<\/p>\n<p style=\"text-align: justify;\">A medida que retrocedemos en el tiempo, el Universo se vuelve m\u00e1s denso y m\u00e1s caliente, y el nivel de\u00a0 estructura que puede existir se hace cada vez m\u00e1s rudimentario.<\/p>\n<p style=\"text-align: justify;\"><img decoding=\"async\" loading=\"lazy\" id=\"irc_mi\" style=\"margin-top: 30px;\" src=\"http:\/\/tallcute.files.wordpress.com\/2008\/08\/organizacion-vida.jpg\" alt=\"\" width=\"500\" height=\"333\" \/><\/p>\n<p style=\"text-align: justify;\">\u00a0\u00a0\u00a0\u00a0\u00a0 Todo esto llegar\u00eda m\u00e1s tarde con la evoluci\u00f3n de aquellas estrellas primeras<\/p>\n<p style=\"text-align: justify;\">Por supuesto, en ese tiempo, no hay mol\u00e9culas, ni \u00e1tomos, ni n\u00facleos at\u00f3micos, y, a 10-<sup>6<\/sup> (0.000001) de segundo despu\u00e9s del comienzo del tiempo, tampoco hay <a href=\"#\" onclick=\"referencia('neutron',event); return false;\">neutrones<\/a> ni <a href=\"#\" onclick=\"referencia('proton',event); return false;\">protones<\/a>.\u00a0 El Universo es un oc\u00e9ano de <a href=\"#\" onclick=\"referencia('quarks',event); return false;\">quarks<\/a> libres y otras part\u00edculas elementales.<\/p>\n<p style=\"text-align: justify;\">Si nos tomamos el trabajo de contarlos, hallaremos que por cada mil millones de antiquarks existen mil millones y un <a href=\"#\" onclick=\"referencia('quark',event); return false;\">quark<\/a>.\u00a0 Esta asimetr\u00eda es importante.\u00a0 Los pocos <a href=\"#\" onclick=\"referencia('quarks',event); return false;\">quarks<\/a> en exceso destinados a sobrevivir a la aniquilaci\u00f3n general quark-antiquark formaran todos los \u00e1tomos de materia del Universo del \u00faltimo d\u00eda.\u00a0 Se desconoce el origen de la desigualdad; presumiblemente obedezca a la ruptura de una simetr\u00eda materia antimateria en alguna etapa anterior.<\/p>\n<p style=\"text-align: justify;\"><img decoding=\"async\" loading=\"lazy\" id=\"irc_mi\" style=\"margin-top: 0px;\" src=\"http:\/\/lh6.ggpht.com\/_o9BLyKHDLd8\/TFu5B9bTSDI\/AAAAAAAACFU\/dUCzkh6AAmM\/focusitaly_singularityouttake1_thumb.jpg\" alt=\"\" width=\"299\" height=\"393\" \/><\/p>\n<p style=\"text-align: justify;\">Nos aproximamos a un tiempo en que las estructuras b\u00e1sicas de las leyes naturales, y no s\u00f3lo las de las part\u00edculas y campos cuya conducta dictaban, cambiaron a medida que evolucion\u00f3 el Universo.<\/p>\n<p style=\"text-align: justify;\">La primera transici\u00f3n semejante se produjo en los 10<sup>-11 <\/sup>de segundo despu\u00e9s del comienzo del tiempo, cuando las funciones de las fuerzas d\u00e9biles y electromagn\u00e9ticas se reg\u00edan por una sola fuerza, la electrod\u00e9bil.\u00a0 Ahora hay bastante energ\u00eda ambiente para permitir la creaci\u00f3n y el mantenimiento de gran n\u00famero de <a href=\"#\" onclick=\"referencia('bosones',event); return false;\">bosones<\/a> W y Z.<\/p>\n<p style=\"text-align: justify;\"><img decoding=\"async\" loading=\"lazy\" src=\"http:\/\/www.solucionesespeciales.net\/Index\/Contactar\/TengoUnaIdea.jpg\" alt=\"Escribe, comparte, publica la idea que tienes\" width=\"510\" height=\"430\" \/><img decoding=\"async\" loading=\"lazy\" id=\"irc_mi\" style=\"margin-top: 116px;\" src=\"http:\/\/hyperphysics.phy-astr.gsu.edu\/hbasees\/particles\/imgpar\/wz.gif\" alt=\"\" width=\"512\" height=\"162\" \/><\/p>\n<p style=\"text-align: justify;\">Nuestras mentes supo llegar a poder discurrir cuestiones profundamente escondidas por la Naturaleza y, desentra\u00f1amos sus secretos para saber c\u00f3mo era el mundo en el que estamos inmersos y que, como nosotros mismos, forma parte de ese universo f\u00edsico que tratamos de desvelar para conocer el por qu\u00e9 de las cosas, de la materia, las estrellas y galax\u00edas y, \u00bfpor qu\u00e9 no? Tambi\u00e9n de nosotros mismos.<\/p>\n<p style=\"text-align: justify;\">Pues bien, estas part\u00edculas W y Z \u2013 las mismas cuya aparici\u00f3n en el acelerador del CERN verific\u00f3 la teor\u00eda electrod\u00e9bil \u2013 son las mediadoras intercambiables en las interacciones de fuerzas electromagn\u00e9ticas y d\u00e9biles, lo que las hace indistinguibles.\u00a0 En ese tiempo, el Universo est\u00e1 gobernando s\u00f3lo por tres fuerzas: la gravedad, la interacci\u00f3n nuclear fuerte y la electrod\u00e9bil.<\/p>\n<p style=\"text-align: justify;\">M\u00e1s atr\u00e1s de ese tiempo nos quedamos en el misterio y envueltos en una gran nebulosa de ignorancia.\u00a0 Cada uno se despacha a su gusto para lanzar conjeturas y teorizar sobre lo que pudo haber sido.\u00a0\u00a0 Seguramente, en el futuro, ser\u00e1 la <a href=\"#\" onclick=\"referencia('supercuerdas teoria',event); return false;\">teor\u00eda M<\/a> (de supercuerdas) la que contestar\u00e1 esas preguntas sin respuestas ahora.<\/p>\n<p style=\"text-align: justify;\"><img decoding=\"async\" loading=\"lazy\" id=\"irc_mi\" style=\"margin-top: 40px;\" src=\"http:\/\/farm4.staticflickr.com\/3769\/8893742272_c31c21601d.jpg\" alt=\"\" width=\"500\" height=\"313\" \/><\/p>\n<p style=\"text-align: justify;\">\u00a0\u00a0\u00a0\u00a0\u00a0\u00a0\u00a0\u00a0\u00a0\u00a0\u00a0\u00a0\u00a0\u00a0\u00a0\u00a0\u00a0\u00a0\u00a0\u00a0\u00a0\u00a0\u00a0\u00a0\u00a0\u00a0\u00a0\u00a0\u00a0\u00a0 S\u00ed, se formaron las primeras estrellas y galaxias<\/p>\n<p style=\"text-align: justify;\">En los 10<sup>-35<\/sup> de segundo desde el comienzo del tiempo, entramos en un \u00e1mbito en el que las condiciones c\u00f3smicas son a\u00fan menos conocidas.\u00a0 Si las grandes teor\u00edas unificadas son correctas, se produjo una ruptura de la simetr\u00eda por la que la <a href=\"#\" onclick=\"referencia('fuerza electronuclear',event); return false;\">fuerza electronuclear<\/a> unificada se escindi\u00f3 en las fuerzas electrod\u00e9bil y las fuertes.\u00a0 Si es correcta la teor\u00eda de la <a href=\"#\" onclick=\"referencia('supersimetria',event); return false;\">supersimetr\u00eda<\/a>, la transici\u00f3n puede haberse producido antes, hab\u00eda involucrado a la gravitaci\u00f3n.<\/p>\n<p style=\"text-align: justify;\">En el universo temprano la primera materia (hidr\u00f3geno y Helio) era llevada por la fuerza de gravedad a conformarse en grandes conglomerados de gas y polvo que interacioban, produc\u00edan calor y formaron las primeras estrellas.<\/p>\n<p style=\"text-align: justify;\">Elaborar una teor\u00eda totalmente unificada es tratar de comprender lo que ocurri\u00f3 en ese tiempo remoto que, seg\u00fan los \u00faltimos estudios est\u00e1 situado entre 15.000 y 18.000 millones de a\u00f1os, cunado la perfecta simetr\u00eda que, se pensaba, caracteriz\u00f3 el Universo, se hizo a\u00f1icos para dar lugar a los simetr\u00edas rotas que hallamos a nuestro alrededor y que, nos trajo las fuerzas y constantes Universales que, parad\u00f3jicamente, hicieron posible nuestra aparici\u00f3n para que ahora, sea posible que, alguien como yo est\u00e9 contando lo que pas\u00f3.<\/p>\n<p style=\"text-align: justify;\"><img decoding=\"async\" loading=\"lazy\" id=\"irc_mi\" style=\"margin-top: 0px;\" src=\"https:\/\/encrypted-tbn2.gstatic.com\/images?q=tbn:ANd9GcSaWvh6KoVJ6iPKTm8RIMzML2EAFMMofSAlmVmfGrIYFGuh5hE8\" alt=\"\" width=\"555\" height=\"393\" \/><\/p>\n<p style=\"text-align: justify;\">\u00a0\u00a0\u00a0\u00a0\u00a0\u00a0\u00a0\u00a0\u00a0\u00a0\u00a0\u00a0\u00a0\u00a0 Lo cierto es que no sabemos que pudo pasar antes del Tiempo de Planck<\/p>\n<p style=\"text-align: justify;\">Pero hasta que no tengamos tal teor\u00eda no podemos esperar comprender lo que realmente ocurri\u00f3 en ese Universo beb\u00e9.\u00a0 Los l\u00edmites de nuestras conjeturas actuales cuando la edad del Universo s\u00f3lo es de 10<sup>-43<\/sup> de segundo, nos da la \u00fanica respuesta de encontrarnos ante una puerta cerrada.<\/p>\n<p style=\"text-align: justify;\">Del otro lado de esa puerta est\u00e1 la \u00e9poca de Plank, un tiempo en que la atracci\u00f3n gravitatoria ejercida por cada part\u00edcula era comparable en intensidad a la <a href=\"#\" onclick=\"referencia('fuerza nuclear fuerte',event); return false;\">fuerza nuclear fuerte<\/a>.<\/p>\n<p style=\"text-align: justify;\">As\u00ed que, llegados a este punto podemos decir que la clave te\u00f3rica que podr\u00eda abrir esa puerta ser\u00eda una teor\u00eda unificada que incluyese la gravitaci\u00f3n, es decir, una teor\u00eda cu\u00e1ntica-gravitatoria que uniese, de una vez por todas, a Planck y <a href=\"#\" onclick=\"referencia('einstein',event); return false;\">Einstein<\/a>s que, aunque eran muy amigos, no parecen que sus teor\u00edas (la Mec\u00e1nica Cu\u00e1ntica) y (la Relatividad General) se lleven de maravilla.<\/p>\n<p style=\"text-align: justify;\"><img decoding=\"async\" loading=\"lazy\" id=\"irc_mi\" style=\"margin-top: 53px;\" src=\"http:\/\/notireiki.org.ar\/img\/celula-universo.jpg\" alt=\"\" width=\"600\" height=\"288\" \/><\/p>\n<p style=\"text-align: justify;\">Si miramos las im\u00e1genes de arriba, podemos ver una c\u00e9lula de nuestro cerebro que se compara con una imagen del universo y ambas, nos parecen la misma cosa o, al menos, cosas muy aproximadas en su estructura y ramificaciones. No parece m\u00e1s que llev\u00e1semos un universo en nuestras mentes y, en realidad, aunque sea en peque\u00f1ito, as\u00ed parece ser. Todo cuanto existe, como en el Universo ocurre, est\u00e1 tambi\u00e9n en nuestras mentes aunque&#8230; \u00a1de otra manera!<\/p>\n<p style=\"text-align: justify;\"><img decoding=\"async\" loading=\"lazy\" id=\"irc_mi\" style=\"margin-top: 0px;\" src=\"http:\/\/3.bp.blogspot.com\/-1FY7RYgTo9g\/TpoLVTgZ-QI\/AAAAAAAAADA\/PmBiI9j0TB4\/s1600\/close-encounters-of-the-third-kind-original%2B%25282%2529.jpg\" alt=\"\" width=\"699\" height=\"393\" \/><\/p>\n<p style=\"text-align: justify;\">Finalmente podr\u00edamos decir que estamos formando parte de algo grande y que nos encontramos en una encrucijada de caminos a tomar: El del conocimiento y el de la destrucci\u00f3n. No hemos llegado a comprender de manera cierta nuestra presencia aqu\u00ed, en tan imenso panorama formado por un Universo lleno de estrellas y galaxias y de mundos y de fuerzas y energ\u00edas y de espacio-tiempo &#8220;infinito&#8221; y, dentro de toda esa vor\u00e1gine, estamos nosotros, unos seres apenas llegados que, en nuestra ilimitada egolotria, nos creemos los se\u00f1ores del Universo cuando no somos m\u00e1s que unos seres desvalidos a merced de las circunstancias naturales y del azar.<\/p>\n<p style=\"text-align: justify;\">Bueno, puede que as\u00ed sea pero, mientras tomamos conciencia de todo ello, sigamos aprendiendo cosas del Universo, de la Naturaleza, de la Materia y, de nosotros mismos que, al f\u00edn y al cabo, Universo somos.<\/p>\n<p style=\"text-align: justify;\">emilio silvera<\/p>\n<div class='bookmark'>\r\n\t\t<table align='left' border='0' cellpadding='0' width='100%'>\r\n\t\t<tr><td><span class='pushbutton'><a href='http:\/\/delicious.com\/post?url=http%3A%2F%2Fwww.emiliosilveravazquez.com%2Fblog%2F2013%2F09%2F13%2Fen-el-comienzo-de-todo-%25c2%25bfcomo-seria-en-realidad%2F&amp;title=En+el+comienzo+de+todo+%C2%BFC%C3%B3mo+ser%C3%ADa+en+realidad%3F' title='Delicious' target='_blank' rel='nofollow'><img src='http:\/\/www.emiliosilveravazquez.com\/blog\/wp-content\/plugins\/knxdt-bookmarks-wordpress-plugin\/images\/delicious.png'  alt='' class='book_img' border='none' style='margin:1px; padding: 0;'  \/><\/a><\/span><span class='pushbutton'><a href='http:\/\/digg.com\/submit?url=http%3A%2F%2Fwww.emiliosilveravazquez.com%2Fblog%2F2013%2F09%2F13%2Fen-el-comienzo-de-todo-%25c2%25bfcomo-seria-en-realidad%2F&amp;title=En+el+comienzo+de+todo+%C2%BFC%C3%B3mo+ser%C3%ADa+en+realidad%3F' title='Digg' target='_blank' rel='nofollow'><img src='http:\/\/www.emiliosilveravazquez.com\/blog\/wp-content\/plugins\/knxdt-bookmarks-wordpress-plugin\/images\/digg.png'  alt='' class='book_img' border='none' style='margin:1px; padding: 0;'  \/><\/a><\/span><span class='pushbutton'><a href='http:\/\/www.google.com\/bookmarks\/mark?op=edit&amp;bkmk=http%3A%2F%2Fwww.emiliosilveravazquez.com%2Fblog%2F2013%2F09%2F13%2Fen-el-comienzo-de-todo-%25c2%25bfcomo-seria-en-realidad%2F&amp;title=En+el+comienzo+de+todo+%C2%BFC%C3%B3mo+ser%C3%ADa+en+realidad%3F' title='Google' target='_blank' rel='nofollow'><img src='http:\/\/www.emiliosilveravazquez.com\/blog\/wp-content\/plugins\/knxdt-bookmarks-wordpress-plugin\/images\/google.png'   alt='' class='book_img' border='none' style='margin:1px; padding: 0;'  \/><\/a><\/span><span class='pushbutton'><a href='http:\/\/myweb2.search.yahoo.com\/myresults\/bookmarklet?u=http%3A%2F%2Fwww.emiliosilveravazquez.com%2Fblog%2F2013%2F09%2F13%2Fen-el-comienzo-de-todo-%25c2%25bfcomo-seria-en-realidad%2F&amp;t=En+el+comienzo+de+todo+%C2%BFC%C3%B3mo+ser%C3%ADa+en+realidad%3F' title='Yahoo' target='_blank' rel='nofollow'><img src='http:\/\/www.emiliosilveravazquez.com\/blog\/wp-content\/plugins\/knxdt-bookmarks-wordpress-plugin\/images\/yahoo.png'  alt='' class='book_img' border='none' style='margin:1px; padding: 0;'  \/><\/a><\/span><span class='pushbutton'><a href='http:\/\/www.technorati.com\/faves?add=http%3A%2F%2Fwww.emiliosilveravazquez.com%2Fblog%2F2013%2F09%2F13%2Fen-el-comienzo-de-todo-%25c2%25bfcomo-seria-en-realidad%2F' title='Technorati' target='_blank' rel='nofollow'><img src='http:\/\/www.emiliosilveravazquez.com\/blog\/wp-content\/plugins\/knxdt-bookmarks-wordpress-plugin\/images\/technorati.png'  alt='' class='book_img' border='none' style='margin:1px; padding: 0;'  \/><\/a><\/span><span class='pushbutton'><a href='http:\/\/meneame.net\/submit.php?url=http%3A%2F%2Fwww.emiliosilveravazquez.com%2Fblog%2F2013%2F09%2F13%2Fen-el-comienzo-de-todo-%25c2%25bfcomo-seria-en-realidad%2F' title='Meneame' target='_blank' rel='nofollow'><img src='http:\/\/www.emiliosilveravazquez.com\/blog\/wp-content\/plugins\/knxdt-bookmarks-wordpress-plugin\/images\/meneame.png'  alt='' class='book_img' border='none' style='margin:1px; padding: 0;'  \/><\/a><\/span><span class='pushbutton'><a href='http:\/\/enchilame.com\/submit.php?url=http:\/\/www.emiliosilveravazquez.com\/blog\/2013\/09\/13\/en-el-comienzo-de-todo-%c2%bfcomo-seria-en-realidad\/' target='_blank' rel='nofollow'><img title='Enchilame' src='http:\/\/www.emiliosilveravazquez.com\/blog\/wp-content\/plugins\/knxdt-bookmarks-wordpress-plugin\/images\/enchilame.png'  alt='' class='book_img' border='none' style='margin:1px; padding: 0;'  \/><\/a><\/span><span class='pushbutton'><a href='http:\/\/www.blinklist.com\/index.php?Action=Blink\/addblink.php&amp;Description=&amp;Url=http%3A%2F%2Fwww.emiliosilveravazquez.com%2Fblog%2F2013%2F09%2F13%2Fen-el-comienzo-de-todo-%25c2%25bfcomo-seria-en-realidad%2F&amp;title=En+el+comienzo+de+todo+%C2%BFC%C3%B3mo+ser%C3%ADa+en+realidad%3F' title='BlinkList' target='_blank' rel='nofollow'><img src='http:\/\/www.emiliosilveravazquez.com\/blog\/wp-content\/plugins\/knxdt-bookmarks-wordpress-plugin\/images\/blinklist.png'  alt='' class='book_img' border='none' style='margin:1px; padding: 0;'  \/><\/a><\/span><span class='pushbutton'><a href='http:\/\/reddit.com\/submit?url=http%3A%2F%2Fwww.emiliosilveravazquez.com%2Fblog%2F2013%2F09%2F13%2Fen-el-comienzo-de-todo-%25c2%25bfcomo-seria-en-realidad%2F&amp;title=En+el+comienzo+de+todo+%C2%BFC%C3%B3mo+ser%C3%ADa+en+realidad%3F' title='Reddit' target='_blank' rel='nofollow'><img src='http:\/\/www.emiliosilveravazquez.com\/blog\/wp-content\/plugins\/knxdt-bookmarks-wordpress-plugin\/images\/reddit.png'  alt='' class='book_img' border='none' style='margin:1px; padding: 0;'  \/><\/a><\/span><span class='pushbutton'><a href='http:\/\/www.tecnologiadiaria.com\/2009\/07\/abrir-com-hotmail-correo.html' target='_blank' title='hotmail'><img src='http:\/\/www.emiliosilveravazquez.com\/blog\/wp-content\/plugins\/knxdt-bookmarks-wordpress-plugin\/images\/linklove.png' alt='hotmail correo' class='book_img' border='none' style='margin:1px; padding: 0;' \/><\/a><\/span><span class='pushbutton'><a href='http:\/\/bitacoras.com\/votar\/anotacion\/externo\/mini\/www.emiliosilveravazquez.com\/blog\/2013\/09\/13\/en-el-comienzo-de-todo-%c2%bfcomo-seria-en-realidad\/' title='Bitacoras.com' target='_blank' rel='nofollow'><img src='http:\/\/www.emiliosilveravazquez.com\/blog\/wp-content\/plugins\/knxdt-bookmarks-wordpress-plugin\/images\/bitacoras.png'  alt='' class='book_img' border='none' style='margin:1px; padding: 0;'  \/><\/a><\/span><span class='pushbutton'><a href='http:\/\/www.wikio.es\/vote?url=http%3A%2F%2Fwww.emiliosilveravazquez.com%2Fblog%2F2013%2F09%2F13%2Fen-el-comienzo-de-todo-%25c2%25bfcomo-seria-en-realidad%2F' title='Wikio' target='_blank' rel='nofollow'><img src='http:\/\/www.emiliosilveravazquez.com\/blog\/wp-content\/plugins\/knxdt-bookmarks-wordpress-plugin\/images\/wikio.png'   alt='' class='book_img' border='none' style='margin:1px; padding: 0;'   \/><\/a><\/span><span class='pushbutton'><a href='http:\/\/friendfeed.com\/?url=http%3A%2F%2Fwww.emiliosilveravazquez.com%2Fblog%2F2013%2F09%2F13%2Fen-el-comienzo-de-todo-%25c2%25bfcomo-seria-en-realidad%2F&amp;title=En+el+comienzo+de+todo+%C2%BFC%C3%B3mo+ser%C3%ADa+en+realidad%3F' title='Friend Feed' target='_blank' rel='nofollow'><img src='http:\/\/www.emiliosilveravazquez.com\/blog\/wp-content\/plugins\/knxdt-bookmarks-wordpress-plugin\/images\/friendfeed.png'  alt='' class='book_img' border='none' style='margin:1px; padding: 0;'  \/><\/a><\/span><span class='pushbutton'><a href='http:\/\/www.facebook.com\/share.php?u=http%3A%2F%2Fwww.emiliosilveravazquez.com%2Fblog%2F2013%2F09%2F13%2Fen-el-comienzo-de-todo-%25c2%25bfcomo-seria-en-realidad%2F&amp;t=En+el+comienzo+de+todo+%C2%BFC%C3%B3mo+ser%C3%ADa+en+realidad%3F' title='Facebook' target='_blank' rel='nofollow'><img src='http:\/\/www.emiliosilveravazquez.com\/blog\/wp-content\/plugins\/knxdt-bookmarks-wordpress-plugin\/images\/facebook.png'  alt='' class='book_img' border='none' style='margin:1px; padding: 0;'  \/><\/a><\/span><span class='pushbutton'><a href='http:\/\/twitter.com\/home?status=En+el+comienzo+de+todo+%C2%BFC%C3%B3mo+ser%C3%ADa+en+realidad%3F: http%3A%2F%2Fwww.emiliosilveravazquez.com%2Fblog%2F2013%2F09%2F13%2Fen-el-comienzo-de-todo-%25c2%25bfcomo-seria-en-realidad%2F' title='Twitter' target='_blank' rel='nofollow'><img src='http:\/\/www.emiliosilveravazquez.com\/blog\/wp-content\/plugins\/knxdt-bookmarks-wordpress-plugin\/images\/twitter.png'  alt='' class='book_img' border='none' style='margin:1px; padding: 0;'  \/><\/a><\/span><span class='pushbutton'><a href='http:\/\/www.feedburner.com\/fb\/a\/emailFlare?itemTitle=En+el+comienzo+de+todo+%C2%BFC%C3%B3mo+ser%C3%ADa+en+realidad%3F&amp;uri=http%3A%2F%2Fwww.emiliosilveravazquez.com%2Fblog%2F2013%2F09%2F13%2Fen-el-comienzo-de-todo-%25c2%25bfcomo-seria-en-realidad%2F' title='Enviar por Email' target='_blank' rel='nofollow'><img src='http:\/\/www.emiliosilveravazquez.com\/blog\/wp-content\/plugins\/knxdt-bookmarks-wordpress-plugin\/images\/email.png'  alt='' class='book_img' border='none' style='margin:1px; padding: 0;'  \/><\/a><\/span><span style='font-weight:bold; padding-left: 5px;'><a href='http:\/\/wordpress.org\/extend\/plugins\/knxdt-bookmarks-wordpress-plugin\/' title='Plugin' rel='nofollow' target='_blank'>[?]<\/a><\/span><\/td><\/tr><\/table><br\/><br\/><\/div>","protected":false},"excerpt":{"rendered":"<p>\u00a1El Universo primitivo! Es ah\u00ed, en lo que creemos que fue el Universo primitivo, donde reside el estudio de una cosmolog\u00eda en un tiempo muy poco despu\u00e9s del supuesto Big Bang. Las teor\u00edas del universo primitivo han dado lugar a interacciones muy beneficiosas entre la cosmolog\u00eda y la teor\u00eda de part\u00edculas elementales. Especialmente, la Teor\u00eda [&hellip;]<\/p>\n","protected":false},"author":2,"featured_media":0,"comment_status":"open","ping_status":"open","sticky":false,"template":"","format":"standard","meta":{"_s2mail":"yes","footnotes":""},"categories":[51],"tags":[],"_links":{"self":[{"href":"http:\/\/www.emiliosilveravazquez.com\/blog\/wp-json\/wp\/v2\/posts\/9707"}],"collection":[{"href":"http:\/\/www.emiliosilveravazquez.com\/blog\/wp-json\/wp\/v2\/posts"}],"about":[{"href":"http:\/\/www.emiliosilveravazquez.com\/blog\/wp-json\/wp\/v2\/types\/post"}],"author":[{"embeddable":true,"href":"http:\/\/www.emiliosilveravazquez.com\/blog\/wp-json\/wp\/v2\/users\/2"}],"replies":[{"embeddable":true,"href":"http:\/\/www.emiliosilveravazquez.com\/blog\/wp-json\/wp\/v2\/comments?post=9707"}],"version-history":[{"count":0,"href":"http:\/\/www.emiliosilveravazquez.com\/blog\/wp-json\/wp\/v2\/posts\/9707\/revisions"}],"wp:attachment":[{"href":"http:\/\/www.emiliosilveravazquez.com\/blog\/wp-json\/wp\/v2\/media?parent=9707"}],"wp:term":[{"taxonomy":"category","embeddable":true,"href":"http:\/\/www.emiliosilveravazquez.com\/blog\/wp-json\/wp\/v2\/categories?post=9707"},{"taxonomy":"post_tag","embeddable":true,"href":"http:\/\/www.emiliosilveravazquez.com\/blog\/wp-json\/wp\/v2\/tags?post=9707"}],"curies":[{"name":"wp","href":"https:\/\/api.w.org\/{rel}","templated":true}]}}