{"id":9695,"date":"2013-09-11T11:55:58","date_gmt":"2013-09-11T10:55:58","guid":{"rendered":"http:\/\/www.emiliosilveravazquez.com\/blog\/?p=9695"},"modified":"2013-09-11T11:55:58","modified_gmt":"2013-09-11T10:55:58","slug":"astronomia-y-astrofisica","status":"publish","type":"post","link":"http:\/\/www.emiliosilveravazquez.com\/blog\/2013\/09\/11\/astronomia-y-astrofisica\/","title":{"rendered":"Astronom\u00eda y Astrof\u00edsica"},"content":{"rendered":"<ul>\n<li>\n<div>\n<h2 style=\"text-align: justify;\"><a title=\"Nebulosas \u2018mariposa\u2019 se alinean de forma extra\u00f1a\" href=\"http:\/\/www.agenciasinc.es\/Noticias\/Nebulosas-mariposa-se-alinean-de-forma-extrana\">Nebulosas \u2018mariposa\u2019 se alinean de forma extra\u00f1a<\/a><\/h2>\n<p><img decoding=\"async\" src=\"http:\/\/www.agenciasinc.es\/var\/ezwebin_site\/storage\/images\/noticias\/nebulosas-mariposa-se-alinean-de-forma-extrana\/2595913-2-esl-MX\/Nebulosas-mariposa-se-alinean-de-forma-extrana_image140_.jpg\" alt=\"\" \/><\/p>\n<p style=\"text-align: justify;\">ESO| 04 septiembre 2013 15:20<\/p>\n<p style=\"text-align: justify;\">Un equipo de astr\u00f3nomos ha utilizado los telescopios <a href=\"#\" onclick=\"referencia('hubble',event); return false;\">Hubble<\/a> (NASA-ESA) y NTT del Observatorio Europeo Austral (ESO) para estudiar m\u00e1s de 100 nebulosas planetarias de la protuberancia central de nuestra galaxia. Misteriosamente los miembros de esta familia c\u00f3smica que tienen forma de mariposa est\u00e1n alineados de una forma extra\u00f1a, un resultado sorprendente para los cient\u00edficos.<\/p>\n<\/div>\n<\/li>\n<li style=\"text-align: justify;\">\n<div>\n<h2><a title=\"La c\u00e1mara de energ\u00eda oscura DECam comienza a cartografiar el universo\" href=\"http:\/\/www.agenciasinc.es\/Noticias\/La-camara-de-energia-oscura-DECam-comienza-a-cartografiar-el-universo\">La c\u00e1mara de energ\u00eda oscura DECam comienza a cartografiar el universo<\/a><\/h2>\n<p><img decoding=\"async\" src=\"http:\/\/www.agenciasinc.es\/var\/ezwebin_site\/storage\/images\/noticias\/la-camara-de-energia-oscura-decam-comienza-a-cartografiar-el-universo\/2594588-1-esl-MX\/La-camara-de-energia-oscura-DECam-comienza-a-cartografiar-el-universo_image140_.jpg\" alt=\"\" \/>IEEC\/CIEMAT| 03 septiembre 2013 16:00<\/p>\n<p>Desde el pasado fin de semana ha empezado oficialmente a operar desde Chile la c\u00e1mara DECam<em>, <\/em>la m\u00e1s potente del mundo con sus 570 megap\u00edxeles y la estrella de la corona del proyecto internacional Dark Energy Survey (DES). Sus im\u00e1genes permitir\u00e1n ver la luz de m\u00e1s de 100.000 galaxias a millones de a\u00f1os luz de la Tierra, adem\u00e1s de indagar en los secretos de la energ\u00eda oscura y la expansi\u00f3n del universo.<\/p>\n<\/div>\n<\/li>\n<li style=\"text-align: justify;\">\n<div>\n<h2><a title=\"Localizan el primer asteroide troyano de Urano\" href=\"http:\/\/www.agenciasinc.es\/Noticias\/Localizan-el-primer-asteroide-troyano-de-Urano\">Localizan el primer asteroide troyano de Urano<\/a><\/h2>\n<div><img decoding=\"async\" src=\"http:\/\/www.agenciasinc.es\/var\/ezwebin_site\/storage\/images\/multimedia\/videos\/un-equipo-de-astronomos-canadienses-ha-descubierto-el-primer-troyano-de-urano\/2591856-1-esl-MX\/Un-equipo-de-astronomos-canadienses-ha-descubierto-el-primer-troyano-de-Urano_image140_.jpg\" alt=\"Localizan el primer asteroide troyano de Urano\" \/><\/div>\n<p><a href=\"#\" onclick=\"referencia('unidades del si',event); return false;\">SI<\/a>NC| 29 agosto 2013 20:00<\/p>\n<p>Un equipo de astr\u00f3nomos canadienses ha descubierto el primer troyano de Urano, un tipo de asteroide que comparte la \u00f3rbita del planeta en determinadas posiciones. El estudio, que publica esta semana <em>Science<\/em>, desvela que esta clase de objetos son m\u00e1s frecuentes en los confines del sistema solar de lo que se pensaba.<\/p>\n<\/div>\n<\/li>\n<li style=\"text-align: justify;\">\n<div>\n<h2><a title=\"As\u00ed ser\u00e1 el Sol dentro de 4.000 millones de a\u00f1os\" href=\"http:\/\/www.agenciasinc.es\/Noticias\/Asi-sera-el-Sol-dentro-de-4.000-millones-de-anos\">As\u00ed ser\u00e1 el Sol dentro de 4.000 millones de a\u00f1os<\/a><\/h2>\n<p><img decoding=\"async\" src=\"http:\/\/www.agenciasinc.es\/var\/ezwebin_site\/storage\/images\/noticias\/asi-sera-el-sol-dentro-de-4.000-millones-de-anos\/2590785-2-esl-MX\/Asi-sera-el-Sol-dentro-de-4.000-millones-de-anos_image140_.jpg\" alt=\"\" \/>ESO\/<a href=\"#\" onclick=\"referencia('unidades del si',event); return false;\">SI<\/a>NC| 29 agosto 2013 10:55<\/p>\n<p>Astr\u00f3nomos brasile\u00f1os han localizado un gemelo de nuestro Sol con casi cuatro mil millones de a\u00f1os m\u00e1s, lo que lo convierte en el m\u00e1s antiguo detectado hasta ahora. Se trata de la estrella HIP 102152, situada a 250 a\u00f1os luz de la Tierra.<\/p>\n<\/div>\n<\/li>\n<li style=\"text-align: justify;\">\n<div>\n<h2><a title=\"\u201cLos turistas nos hacen fotos, como en el circo, pero los f\u00edsicos seguimos a lo nuestro\u201d\" href=\"http:\/\/www.agenciasinc.es\/Opinion\/Los-turistas-nos-hacen-fotos-como-en-el-circo-pero-los-fisicos-seguimos-a-lo-nuestro\">\u201cLos turistas nos hacen fotos, como en el circo, pero los f\u00edsicos seguimos a lo nuestro\u201d<\/a><\/h2>\n<p><img decoding=\"async\" src=\"http:\/\/www.agenciasinc.es\/var\/ezwebin_site\/storage\/images\/multimedia\/fotografias\/tres-semanas-de-fisica-intensiva-en-los-pirineos\/2585210-1-esl-MX\/Tres-semanas-de-fisica-intensiva-en-los-Pirineos_image140_.jpg\" alt=\"\" \/><a href=\"#\" onclick=\"referencia('unidades del si',event); return false;\">SI<\/a>NC| 23 agosto 2013 11:24<\/p>\n<p>Las complejas teor\u00edas cu\u00e1nticas no solo surgen en los laboratorios, tambi\u00e9n en los viajes, en un chiringuito a la orilla del mar o dibujando en pizarras al aire libre en los Pirineos ante at\u00f3nitos turistas. El f\u00edsico <strong>Juan Ignacio Cirac<\/strong> (Manresa, 1965), cuenta a <a href=\"#\" onclick=\"referencia('unidades del si',event); return false;\">SI<\/a>NC su experiencia en el Instituto de F\u00edsica Te\u00f3rica de Santa B\u00e1rbara, en California, y el Centro de Ciencias de Benasque (Huesca).<\/p>\n<\/div>\n<\/li>\n<li style=\"text-align: justify;\">\n<div>\n<h2><a title=\"Una nueva y sencilla forma de medir la gravedad de las estrellas a partir de su titileo\" href=\"http:\/\/www.agenciasinc.es\/Noticias\/Una-nueva-y-sencilla-forma-de-medir-la-gravedad-de-las-estrellas-a-partir-de-su-titileo\">Una nueva y sencilla forma de medir la gravedad de las estrellas a partir de su titileo<\/a><\/h2>\n<p><a href=\"#\" onclick=\"referencia('unidades del si',event); return false;\">SI<\/a>NC| 21 agosto 2013 19:23<\/p>\n<p>Las variaciones en el brillo de las estrellas sirven para conocer con un 25% de incertidumbre la gravedad de su superficie, seg\u00fan el an\u00e1lisis de los datos recogidos por el telescopio espacial Kepler que han llevado a cabo varias universidades estadounidenses.<\/p>\n<\/div>\n<\/li>\n<li style=\"text-align: justify;\">\n<div>\n<h2><a title=\"ALMA capta en detalle el dram\u00e1tico nacimiento de una estrella\" href=\"http:\/\/www.agenciasinc.es\/Noticias\/ALMA-capta-en-detalle-el-dramatico-nacimiento-de-una-estrella\">ALMA capta en detalle el dram\u00e1tico nacimiento de una estrella<\/a><\/h2>\n<p><img decoding=\"async\" src=\"http:\/\/www.agenciasinc.es\/var\/ezwebin_site\/storage\/images\/noticias\/alma-capta-en-detalle-el-dramatico-nacimiento-de-una-estrella\/2582744-1-esl-MX\/ALMA-capta-en-detalle-el-dramatico-nacimiento-de-una-estrella_image140_.jpg\" alt=\"estrella\" \/>ESO| 20 agosto 2013 16:00<\/p>\n<p>A pesar de que la\u00a0instalaci\u00f3n astron\u00f3mica internacional ALMA, en Atacama, todav\u00eda estaba en construcci\u00f3n cuando tom\u00f3 las im\u00e1genes, en cinco horas logr\u00f3 un primer plano de\u00a0enormes emanaciones de material provenientes de una estrella de reci\u00e9n formada.<\/p>\n<\/div>\n<\/li>\n<li>\n<div>\n<h2 style=\"text-align: justify;\"><a title=\"Una estrella muerta posee uno de los campos magn\u00e9ticos m\u00e1s poderosos del universo\" href=\"http:\/\/www.agenciasinc.es\/Noticias\/Una-estrella-muerta-posee-uno-de-los-campos-magneticos-mas-poderosos-del-universo\">Una estrella muerta posee uno de los campos magn\u00e9ticos m\u00e1s poderosos del universo<\/a><\/h2>\n<\/div>\n<\/li>\n<li><img decoding=\"async\" src=\"http:\/\/www.agenciasinc.es\/var\/ezwebin_site\/storage\/images\/noticias\/una-estrella-muerta-posee-uno-de-los-campos-magneticos-mas-poderosos-del-universo\/2581215-1-esl-MX\/Una-estrella-muerta-posee-uno-de-los-campos-magneticos-mas-poderosos-del-universo_image140_.jpg\" alt=\"Bucle magn\u00e9tico en el magnetar SGR 041 \" \/><\/li>\n<li>\n<div>\n<p style=\"text-align: justify;\">ESA| 15 agosto 2013 12:44<\/p>\n<p style=\"text-align: justify;\">Gracias al telescopio espacial XMM-<a href=\"#\" onclick=\"referencia('newton',event); return false;\">Newton<\/a>, de la ESA, un equipo de cient\u00edficos ha descubierto que un magnetar, que es un tipo de\u00a0estrella de <a href=\"#\" onclick=\"referencia('neutron',event); return false;\">neutrones<\/a>,\u00a0presenta un magnetismo inusualmente intenso. Se encuentra en nuestra galaxia, a unos 6.500 a\u00f1os luz de la Tierra.<\/p>\n<\/div>\n<\/li>\n<\/ul>\n<p>&nbsp;<\/p>\n<p>Fuente: <img decoding=\"async\" id=\"logo\" src=\"http:\/\/www.agenciasinc.es\/design\/redesign\/images\/logo-sinc.png\" alt=\"SINC - Servicio de informaci\u00f3n y noticias cient\u00edficas\" \/><\/p>\n<div class='bookmark'>\r\n\t\t<table align='left' border='0' cellpadding='0' width='100%'>\r\n\t\t<tr><td><span class='pushbutton'><a href='http:\/\/delicious.com\/post?url=http%3A%2F%2Fwww.emiliosilveravazquez.com%2Fblog%2F2013%2F09%2F11%2Fastronomia-y-astrofisica%2F&amp;title=Astronom%C3%ADa+y+Astrof%C3%ADsica' title='Delicious' target='_blank' rel='nofollow'><img src='http:\/\/www.emiliosilveravazquez.com\/blog\/wp-content\/plugins\/knxdt-bookmarks-wordpress-plugin\/images\/delicious.png'  alt='' class='book_img' border='none' style='margin:1px; padding: 0;'  \/><\/a><\/span><span class='pushbutton'><a href='http:\/\/digg.com\/submit?url=http%3A%2F%2Fwww.emiliosilveravazquez.com%2Fblog%2F2013%2F09%2F11%2Fastronomia-y-astrofisica%2F&amp;title=Astronom%C3%ADa+y+Astrof%C3%ADsica' title='Digg' target='_blank' rel='nofollow'><img src='http:\/\/www.emiliosilveravazquez.com\/blog\/wp-content\/plugins\/knxdt-bookmarks-wordpress-plugin\/images\/digg.png'  alt='' class='book_img' border='none' style='margin:1px; padding: 0;'  \/><\/a><\/span><span class='pushbutton'><a href='http:\/\/www.google.com\/bookmarks\/mark?op=edit&amp;bkmk=http%3A%2F%2Fwww.emiliosilveravazquez.com%2Fblog%2F2013%2F09%2F11%2Fastronomia-y-astrofisica%2F&amp;title=Astronom%C3%ADa+y+Astrof%C3%ADsica' title='Google' target='_blank' rel='nofollow'><img src='http:\/\/www.emiliosilveravazquez.com\/blog\/wp-content\/plugins\/knxdt-bookmarks-wordpress-plugin\/images\/google.png'   alt='' class='book_img' border='none' style='margin:1px; padding: 0;'  \/><\/a><\/span><span class='pushbutton'><a href='http:\/\/myweb2.search.yahoo.com\/myresults\/bookmarklet?u=http%3A%2F%2Fwww.emiliosilveravazquez.com%2Fblog%2F2013%2F09%2F11%2Fastronomia-y-astrofisica%2F&amp;t=Astronom%C3%ADa+y+Astrof%C3%ADsica' title='Yahoo' target='_blank' rel='nofollow'><img src='http:\/\/www.emiliosilveravazquez.com\/blog\/wp-content\/plugins\/knxdt-bookmarks-wordpress-plugin\/images\/yahoo.png'  alt='' class='book_img' border='none' style='margin:1px; padding: 0;'  \/><\/a><\/span><span class='pushbutton'><a href='http:\/\/www.technorati.com\/faves?add=http%3A%2F%2Fwww.emiliosilveravazquez.com%2Fblog%2F2013%2F09%2F11%2Fastronomia-y-astrofisica%2F' title='Technorati' target='_blank' rel='nofollow'><img src='http:\/\/www.emiliosilveravazquez.com\/blog\/wp-content\/plugins\/knxdt-bookmarks-wordpress-plugin\/images\/technorati.png'  alt='' class='book_img' border='none' style='margin:1px; padding: 0;'  \/><\/a><\/span><span class='pushbutton'><a href='http:\/\/meneame.net\/submit.php?url=http%3A%2F%2Fwww.emiliosilveravazquez.com%2Fblog%2F2013%2F09%2F11%2Fastronomia-y-astrofisica%2F' title='Meneame' target='_blank' rel='nofollow'><img src='http:\/\/www.emiliosilveravazquez.com\/blog\/wp-content\/plugins\/knxdt-bookmarks-wordpress-plugin\/images\/meneame.png'  alt='' class='book_img' border='none' style='margin:1px; padding: 0;'  \/><\/a><\/span><span class='pushbutton'><a href='http:\/\/enchilame.com\/submit.php?url=http:\/\/www.emiliosilveravazquez.com\/blog\/2013\/09\/11\/astronomia-y-astrofisica\/' target='_blank' rel='nofollow'><img title='Enchilame' src='http:\/\/www.emiliosilveravazquez.com\/blog\/wp-content\/plugins\/knxdt-bookmarks-wordpress-plugin\/images\/enchilame.png'  alt='' class='book_img' border='none' style='margin:1px; padding: 0;'  \/><\/a><\/span><span class='pushbutton'><a href='http:\/\/www.blinklist.com\/index.php?Action=Blink\/addblink.php&amp;Description=&amp;Url=http%3A%2F%2Fwww.emiliosilveravazquez.com%2Fblog%2F2013%2F09%2F11%2Fastronomia-y-astrofisica%2F&amp;title=Astronom%C3%ADa+y+Astrof%C3%ADsica' title='BlinkList' target='_blank' rel='nofollow'><img src='http:\/\/www.emiliosilveravazquez.com\/blog\/wp-content\/plugins\/knxdt-bookmarks-wordpress-plugin\/images\/blinklist.png'  alt='' class='book_img' border='none' style='margin:1px; padding: 0;'  \/><\/a><\/span><span class='pushbutton'><a href='http:\/\/reddit.com\/submit?url=http%3A%2F%2Fwww.emiliosilveravazquez.com%2Fblog%2F2013%2F09%2F11%2Fastronomia-y-astrofisica%2F&amp;title=Astronom%C3%ADa+y+Astrof%C3%ADsica' title='Reddit' target='_blank' rel='nofollow'><img src='http:\/\/www.emiliosilveravazquez.com\/blog\/wp-content\/plugins\/knxdt-bookmarks-wordpress-plugin\/images\/reddit.png'  alt='' class='book_img' border='none' style='margin:1px; padding: 0;'  \/><\/a><\/span><span class='pushbutton'><a href='http:\/\/www.tecnologiadiaria.com\/2009\/07\/abrir-com-hotmail-correo.html' target='_blank' title='hotmail'><img src='http:\/\/www.emiliosilveravazquez.com\/blog\/wp-content\/plugins\/knxdt-bookmarks-wordpress-plugin\/images\/linklove.png' alt='hotmail correo' class='book_img' border='none' style='margin:1px; padding: 0;' \/><\/a><\/span><span class='pushbutton'><a href='http:\/\/bitacoras.com\/votar\/anotacion\/externo\/mini\/www.emiliosilveravazquez.com\/blog\/2013\/09\/11\/astronomia-y-astrofisica\/' title='Bitacoras.com' target='_blank' rel='nofollow'><img src='http:\/\/www.emiliosilveravazquez.com\/blog\/wp-content\/plugins\/knxdt-bookmarks-wordpress-plugin\/images\/bitacoras.png'  alt='' class='book_img' border='none' style='margin:1px; padding: 0;'  \/><\/a><\/span><span class='pushbutton'><a href='http:\/\/www.wikio.es\/vote?url=http%3A%2F%2Fwww.emiliosilveravazquez.com%2Fblog%2F2013%2F09%2F11%2Fastronomia-y-astrofisica%2F' title='Wikio' target='_blank' rel='nofollow'><img src='http:\/\/www.emiliosilveravazquez.com\/blog\/wp-content\/plugins\/knxdt-bookmarks-wordpress-plugin\/images\/wikio.png'   alt='' class='book_img' border='none' style='margin:1px; padding: 0;'   \/><\/a><\/span><span class='pushbutton'><a href='http:\/\/friendfeed.com\/?url=http%3A%2F%2Fwww.emiliosilveravazquez.com%2Fblog%2F2013%2F09%2F11%2Fastronomia-y-astrofisica%2F&amp;title=Astronom%C3%ADa+y+Astrof%C3%ADsica' title='Friend Feed' target='_blank' rel='nofollow'><img src='http:\/\/www.emiliosilveravazquez.com\/blog\/wp-content\/plugins\/knxdt-bookmarks-wordpress-plugin\/images\/friendfeed.png'  alt='' class='book_img' border='none' style='margin:1px; padding: 0;'  \/><\/a><\/span><span class='pushbutton'><a href='http:\/\/www.facebook.com\/share.php?u=http%3A%2F%2Fwww.emiliosilveravazquez.com%2Fblog%2F2013%2F09%2F11%2Fastronomia-y-astrofisica%2F&amp;t=Astronom%C3%ADa+y+Astrof%C3%ADsica' title='Facebook' target='_blank' rel='nofollow'><img src='http:\/\/www.emiliosilveravazquez.com\/blog\/wp-content\/plugins\/knxdt-bookmarks-wordpress-plugin\/images\/facebook.png'  alt='' class='book_img' border='none' style='margin:1px; padding: 0;'  \/><\/a><\/span><span class='pushbutton'><a href='http:\/\/twitter.com\/home?status=Astronom%C3%ADa+y+Astrof%C3%ADsica: http%3A%2F%2Fwww.emiliosilveravazquez.com%2Fblog%2F2013%2F09%2F11%2Fastronomia-y-astrofisica%2F' title='Twitter' target='_blank' rel='nofollow'><img src='http:\/\/www.emiliosilveravazquez.com\/blog\/wp-content\/plugins\/knxdt-bookmarks-wordpress-plugin\/images\/twitter.png'  alt='' class='book_img' border='none' style='margin:1px; padding: 0;'  \/><\/a><\/span><span class='pushbutton'><a href='http:\/\/www.feedburner.com\/fb\/a\/emailFlare?itemTitle=Astronom%C3%ADa+y+Astrof%C3%ADsica&amp;uri=http%3A%2F%2Fwww.emiliosilveravazquez.com%2Fblog%2F2013%2F09%2F11%2Fastronomia-y-astrofisica%2F' title='Enviar por Email' target='_blank' rel='nofollow'><img src='http:\/\/www.emiliosilveravazquez.com\/blog\/wp-content\/plugins\/knxdt-bookmarks-wordpress-plugin\/images\/email.png'  alt='' class='book_img' border='none' style='margin:1px; padding: 0;'  \/><\/a><\/span><span style='font-weight:bold; padding-left: 5px;'><a href='http:\/\/wordpress.org\/extend\/plugins\/knxdt-bookmarks-wordpress-plugin\/' title='Plugin' rel='nofollow' target='_blank'>[?]<\/a><\/span><\/td><\/tr><\/table><br\/><br\/><\/div>","protected":false},"excerpt":{"rendered":"<p>Nebulosas \u2018mariposa\u2019 se alinean de forma extra\u00f1a ESO| 04 septiembre 2013 15:20 Un equipo de astr\u00f3nomos ha utilizado los telescopios Hubble (NASA-ESA) y NTT del Observatorio Europeo Austral (ESO) para estudiar m\u00e1s de 100 nebulosas planetarias de la protuberancia central de nuestra galaxia. Misteriosamente los miembros de esta familia c\u00f3smica que tienen forma de mariposa [&hellip;]<\/p>\n","protected":false},"author":2,"featured_media":0,"comment_status":"open","ping_status":"open","sticky":false,"template":"","format":"standard","meta":{"_s2mail":"yes","footnotes":""},"categories":[9],"tags":[],"_links":{"self":[{"href":"http:\/\/www.emiliosilveravazquez.com\/blog\/wp-json\/wp\/v2\/posts\/9695"}],"collection":[{"href":"http:\/\/www.emiliosilveravazquez.com\/blog\/wp-json\/wp\/v2\/posts"}],"about":[{"href":"http:\/\/www.emiliosilveravazquez.com\/blog\/wp-json\/wp\/v2\/types\/post"}],"author":[{"embeddable":true,"href":"http:\/\/www.emiliosilveravazquez.com\/blog\/wp-json\/wp\/v2\/users\/2"}],"replies":[{"embeddable":true,"href":"http:\/\/www.emiliosilveravazquez.com\/blog\/wp-json\/wp\/v2\/comments?post=9695"}],"version-history":[{"count":0,"href":"http:\/\/www.emiliosilveravazquez.com\/blog\/wp-json\/wp\/v2\/posts\/9695\/revisions"}],"wp:attachment":[{"href":"http:\/\/www.emiliosilveravazquez.com\/blog\/wp-json\/wp\/v2\/media?parent=9695"}],"wp:term":[{"taxonomy":"category","embeddable":true,"href":"http:\/\/www.emiliosilveravazquez.com\/blog\/wp-json\/wp\/v2\/categories?post=9695"},{"taxonomy":"post_tag","embeddable":true,"href":"http:\/\/www.emiliosilveravazquez.com\/blog\/wp-json\/wp\/v2\/tags?post=9695"}],"curies":[{"name":"wp","href":"https:\/\/api.w.org\/{rel}","templated":true}]}}